{"id":14204,"date":"2024-10-01T10:43:13","date_gmt":"2024-10-01T16:43:13","guid":{"rendered":"https:\/\/soclose.mx\/blog\/?p=14204"},"modified":"2024-10-01T10:43:13","modified_gmt":"2024-10-01T16:43:13","slug":"palabras-y-frases-inolvidables-de-amlo-andres-manuel-lopez-obrador","status":"publish","type":"post","link":"https:\/\/soclose.mx\/blog\/ay-goeeee\/palabras-y-frases-inolvidables-de-amlo-andres-manuel-lopez-obrador\/","title":{"rendered":"Palabras y frases inolvidables de AMLO, Andr\u00e9s Manuel L\u00f3pez Obrador"},"content":{"rendered":"<p><a href=\"https:\/\/soclose.mx\/blog\/ay-goeeee\/datos-curiosos-de-amlo-andres-manuel-lopez-obrador-que-debes-conocer\/\" target=\"_blank\" rel=\"noopener\">Andr\u00e9s Manuel L\u00f3pez Obrador (AMLO),<\/a> expresidente de M\u00e9xico, es conocido por su estilo coloquial y su uso de expresiones que resuenan con la cultura popular. A continuaci\u00f3n, exploramos algunas de las palabras y frases inolvidables de AMLO que ha utilizado a lo largo de su carrera pol\u00edtica, las cuales han dejado huella en el l\u00e9xico mexicano.<\/p>\n<h2>Palabras y frases inolvidables de AMLO<\/h2>\n<p>1. Me canso ganso: Esta frase se ha convertido en un sello <a href=\"https:\/\/x.com\/lopezobrador_\" target=\"_blank\" rel=\"noopener\">distintivo de AMLO.<\/a> Se utiliza para expresar determinaci\u00f3n y la idea de que se lograr\u00e1 un objetivo sin importar las dificultades. Su origen se remonta a una canci\u00f3n popularizada por el actor Germ\u00e1n Valdez, &#8220;Tin Tan&#8221;.<\/p>\n<p>2. Fif\u00ed: Se refiere a personas de clase alta o que viven en lujos. AMLO utiliza este t\u00e9rmino para criticar a la \u00e9lite econ\u00f3mica y pol\u00edtica del pa\u00eds, se\u00f1alando su desconexi\u00f3n con las realidades del pueblo.<\/p>\n<p>3. Machuch\u00f3n: Este t\u00e9rmino describe a personas poderosas o influyentes, como empresarios o pol\u00edticos. AMLO lo emplea para se\u00f1alar a aquellos que considera parte de la \u00e9lite que tiene intereses opuestos a los del pueblo.<\/p>\n<p>4. Gazapos: Se refiere a errores o equivocaciones, especialmente en contextos donde estos pueden tener consecuencias importantes, como en la pol\u00edtica o los medios de comunicaci\u00f3n.<\/p>\n<p>5. Zaperoco: Este t\u00e9rmino evoca desorden o caos y es utilizado por AMLO para describir situaciones complicadas o problem\u00e1ticas.<\/p>\n<p>6. Anquilosados: Utilizado para describir a personas o ideas que est\u00e1n estancadas y se resisten al cambio, reflejando su cr\u00edtica hacia estructuras pol\u00edticas obsoletas.<\/p>\n<p>7. Abrazos, no balazos: Una frase emblem\u00e1tica que refleja su enfoque hacia la seguridad, promoviendo el di\u00e1logo en lugar de la violencia.<\/p>\n<p>8. Yo tengo otros datos: Usada cuando se le cuestiona sobre estad\u00edsticas o informaci\u00f3n, enfatizando que tiene una perspectiva diferente sobre un tema.<\/p>\n<p>9. El basurero de la historia: Una met\u00e1fora para referirse a aquellos que han sido deshonestos o corruptos en el pasado.<\/p>\n<p>10. Fuchi, gu\u00e1cala: Expresi\u00f3n utilizada para mostrar repulsi\u00f3n hacia algo considerado indeseable o corrupto.<\/p>\n<p>11. R\u00edndanse, los tenemos rodeados: Una expresi\u00f3n humor\u00edstica utilizada para indicar control sobre una situaci\u00f3n.<\/p>\n<p>12. Por el bien de todos, primero los pobres: Frase central de su administraci\u00f3n que refleja su enfoque en la justicia social.<\/p>\n<p>Impacto Cultural<\/p>\n<p>El uso de estas expresiones coloquiales ha sido una estrategia clave en la comunicaci\u00f3n de AMLO, logrando un acercamiento m\u00e1s familiar y menos t\u00e9cnico con la gente. Su estilo distintivo lo diferencia de otros pol\u00edticos y refuerza su imagen como un l\u00edder cercano al pueblo mexicano. A trav\u00e9s de estas palabras y frases, AMLO ha logrado conectar emocionalmente con sus seguidores y ha contribuido a crear un lenguaje pol\u00edtico m\u00e1s accesible y comprensible para todos.<\/p>\n<p>En resumen, las palabras coloquiales de AMLO no solo enriquecen su discurso pol\u00edtico, sino que tambi\u00e9n reflejan una forma \u00fanica de comunicarse con la ciudadan\u00eda, haciendo eco de las preocupaciones y esperanzas del pueblo mexicano.<\/p>\n","protected":false},"excerpt":{"rendered":"<p>Andr\u00e9s Manuel L\u00f3pez Obrador (AMLO), expresidente de M\u00e9xico, es conocido por su estilo coloquial y su uso de expresiones que resuenan con la cultura popular. A continuaci\u00f3n, exploramos algunas de las palabras y frases inolvidables de AMLO que ha utilizado a lo largo de su carrera pol\u00edtica, las cuales han dejado huella en el l\u00e9xico mexicano. Palabras y frases inolvidables de AMLO 1. Me canso ganso: Esta frase se ha convertido en un sello distintivo de AMLO. Se utiliza para expresar determinaci\u00f3n y la idea de que se lograr\u00e1 un objetivo sin importar las dificultades. Su origen se remonta a<\/p>\n","protected":false},"author":1,"featured_media":14213,"comment_status":"open","ping_status":"open","sticky":false,"template":"","format":"standard","meta":{"_jetpack_memberships_contains_paid_content":false,"footnotes":""},"categories":[1],"tags":[3539,3546,3544,3536,3538,3543,3534,3540,3548,3545,3542,3541,3537,3535,3547],"class_list":["post-14204","post","type-post","status-publish","format-standard","has-post-thumbnail","hentry","category-ay-goeeee","tag-abrazos-no-balazos-amlo","tag-analisis-del-lenguaje-de-amlo","tag-estilo-comunicativo-de-andres-manuel-lopez-obrador","tag-expresiones-populares-de-amlo","tag-fifi-y-su-uso-en-el-discurso-de-amlo","tag-frases-celebres-de-amlo-en-su-gobierno","tag-frases-iconicas-de-amlo","tag-frases-memorables-de-lopez-obrador","tag-frases-que-conectan-a-amlo-con-el-pueblo","tag-frases-que-marcaron-el-sexenio-de-amlo","tag-impacto-cultural-de-las-frases-de-amlo","tag-lenguaje-coloquial-en-la-politica-mexicana","tag-me-canso-ganso-significado","tag-palabras-coloquiales-de-andres-manuel-lopez-obrador","tag-palabras-y-expresiones-que-definen-a-amlo"],"yoast_head":"<!-- This site is optimized with the Yoast SEO plugin v26.7 - https:\/\/yoast.com\/wordpress\/plugins\/seo\/ -->\n<title>Palabras y frases inolvidables de AMLO, Andr\u00e9s Manuel L\u00f3pez Obrador - So Close<\/title>\n<meta name=\"description\" content=\"Exploramos algunas de las palabras y frases inolvidables de AMLO que ha utilizado a lo largo de su carrera pol\u00edtica.\" \/>\n<meta name=\"robots\" content=\"index, follow, max-snippet:-1, max-image-preview:large, max-video-preview:-1\" \/>\n<link rel=\"canonical\" href=\"https:\/\/soclose.mx\/blog\/tag\/juan-rulfo-frases-mujeres\/\" \/>\n<meta property=\"og:locale\" content=\"es_MX\" \/>\n<meta property=\"og:type\" content=\"article\" \/>\n<meta property=\"og:title\" content=\"Palabras y frases inolvidables de AMLO, Andr\u00e9s Manuel L\u00f3pez Obrador - So Close\" \/>\n<meta property=\"og:description\" content=\"Exploramos algunas de las palabras y frases inolvidables de AMLO que ha utilizado a lo largo de su carrera pol\u00edtica.\" \/>\n<meta property=\"og:url\" content=\"https:\/\/soclose.mx\/blog\/tag\/juan-rulfo-frases-mujeres\/\" \/>\n<meta property=\"og:site_name\" content=\"So Close\" \/>\n<meta property=\"article:published_time\" content=\"2024-10-01T16:43:13+00:00\" \/>\n<meta property=\"og:image\" content=\"https:\/\/i0.wp.com\/soclose.mx\/blog\/wp-content\/uploads\/2024\/10\/Fotos-notas-So-Close-home-5.jpg?fit=1920%2C1080&ssl=1\" \/>\n\t<meta property=\"og:image:width\" content=\"1920\" \/>\n\t<meta property=\"og:image:height\" content=\"1080\" \/>\n\t<meta property=\"og:image:type\" content=\"image\/jpeg\" \/>\n<meta name=\"author\" content=\"So Close\" \/>\n<meta name=\"twitter:card\" content=\"summary_large_image\" \/>\n<meta name=\"twitter:label1\" content=\"Escrito por\" \/>\n\t<meta name=\"twitter:data1\" content=\"So Close\" \/>\n\t<meta name=\"twitter:label2\" content=\"Tiempo de lectura\" \/>\n\t<meta name=\"twitter:data2\" content=\"3 minutos\" \/>\n<script type=\"application\/ld+json\" class=\"yoast-schema-graph\">{\"@context\":\"https:\/\/schema.org\",\"@graph\":[{\"@type\":\"Article\",\"@id\":\"https:\/\/soclose.mx\/blog\/tag\/juan-rulfo-frases-mujeres\/#article\",\"isPartOf\":{\"@id\":\"https:\/\/soclose.mx\/blog\/tag\/juan-rulfo-frases-mujeres\/\"},\"author\":{\"name\":\"So Close\",\"@id\":\"https:\/\/soclose.mx\/blog\/#\/schema\/person\/723eb117ab965b55c3e56b5d29751667\"},\"headline\":\"Palabras y frases inolvidables de AMLO, Andr\u00e9s Manuel L\u00f3pez Obrador\",\"datePublished\":\"2024-10-01T16:43:13+00:00\",\"mainEntityOfPage\":{\"@id\":\"https:\/\/soclose.mx\/blog\/tag\/juan-rulfo-frases-mujeres\/\"},\"wordCount\":529,\"commentCount\":0,\"publisher\":{\"@id\":\"https:\/\/soclose.mx\/blog\/#organization\"},\"image\":{\"@id\":\"https:\/\/soclose.mx\/blog\/tag\/juan-rulfo-frases-mujeres\/#primaryimage\"},\"thumbnailUrl\":\"https:\/\/i0.wp.com\/soclose.mx\/blog\/wp-content\/uploads\/2024\/10\/Fotos-notas-So-Close-home-5.jpg?fit=1920%2C1080&ssl=1\",\"keywords\":[\"Abrazos no balazos AMLO\",\"An\u00e1lisis del lenguaje de AMLO\",\"Estilo comunicativo de Andr\u00e9s Manuel L\u00f3pez Obrador\",\"Expresiones populares de AMLO\",\"Fif\u00ed y su uso en el discurso de AMLO\",\"Frases c\u00e9lebres de AMLO en su gobierno\",\"Frases ic\u00f3nicas de AMLO\",\"Frases memorables de L\u00f3pez Obrador\",\"Frases que conectan a AMLO con el pueblo\",\"Frases que marcaron el sexenio de AMLO\",\"Impacto cultural de las frases de AMLO\",\"Lenguaje coloquial en la pol\u00edtica mexicana\",\"Me canso ganso significado\",\"Palabras coloquiales de Andr\u00e9s Manuel L\u00f3pez Obrador\",\"Palabras y expresiones que definen a AMLO\"],\"articleSection\":[\"\u00a1Ay goeeee!\"],\"inLanguage\":\"es\",\"potentialAction\":[{\"@type\":\"CommentAction\",\"name\":\"Comment\",\"target\":[\"https:\/\/soclose.mx\/blog\/tag\/juan-rulfo-frases-mujeres\/#respond\"]}]},{\"@type\":\"WebPage\",\"@id\":\"https:\/\/soclose.mx\/blog\/tag\/juan-rulfo-frases-mujeres\/\",\"url\":\"https:\/\/soclose.mx\/blog\/tag\/juan-rulfo-frases-mujeres\/\",\"name\":\"Palabras y frases inolvidables de AMLO, Andr\u00e9s Manuel L\u00f3pez Obrador - So Close\",\"isPartOf\":{\"@id\":\"https:\/\/soclose.mx\/blog\/#website\"},\"primaryImageOfPage\":{\"@id\":\"https:\/\/soclose.mx\/blog\/tag\/juan-rulfo-frases-mujeres\/#primaryimage\"},\"image\":{\"@id\":\"https:\/\/soclose.mx\/blog\/tag\/juan-rulfo-frases-mujeres\/#primaryimage\"},\"thumbnailUrl\":\"https:\/\/i0.wp.com\/soclose.mx\/blog\/wp-content\/uploads\/2024\/10\/Fotos-notas-So-Close-home-5.jpg?fit=1920%2C1080&ssl=1\",\"datePublished\":\"2024-10-01T16:43:13+00:00\",\"description\":\"Exploramos algunas de las palabras y frases inolvidables de AMLO que ha utilizado a lo largo de su carrera pol\u00edtica.\",\"breadcrumb\":{\"@id\":\"https:\/\/soclose.mx\/blog\/tag\/juan-rulfo-frases-mujeres\/#breadcrumb\"},\"inLanguage\":\"es\",\"potentialAction\":[{\"@type\":\"ReadAction\",\"target\":[\"https:\/\/soclose.mx\/blog\/tag\/juan-rulfo-frases-mujeres\/\"]}]},{\"@type\":\"ImageObject\",\"inLanguage\":\"es\",\"@id\":\"https:\/\/soclose.mx\/blog\/tag\/juan-rulfo-frases-mujeres\/#primaryimage\",\"url\":\"https:\/\/i0.wp.com\/soclose.mx\/blog\/wp-content\/uploads\/2024\/10\/Fotos-notas-So-Close-home-5.jpg?fit=1920%2C1080&ssl=1\",\"contentUrl\":\"https:\/\/i0.wp.com\/soclose.mx\/blog\/wp-content\/uploads\/2024\/10\/Fotos-notas-So-Close-home-5.jpg?fit=1920%2C1080&ssl=1\",\"width\":1920,\"height\":1080,\"caption\":\"AMLO, Andr\u00e9s Manuel L\u00f3pez Obrador\"},{\"@type\":\"BreadcrumbList\",\"@id\":\"https:\/\/soclose.mx\/blog\/tag\/juan-rulfo-frases-mujeres\/#breadcrumb\",\"itemListElement\":[{\"@type\":\"ListItem\",\"position\":1,\"name\":\"Inicio\",\"item\":\"https:\/\/soclose.mx\/blog\/\"},{\"@type\":\"ListItem\",\"position\":2,\"name\":\"Palabras y frases inolvidables de AMLO, Andr\u00e9s Manuel L\u00f3pez Obrador\"}]},{\"@type\":\"WebSite\",\"@id\":\"https:\/\/soclose.mx\/blog\/#website\",\"url\":\"https:\/\/soclose.mx\/blog\/\",\"name\":\"So Close\",\"description\":\"Hacemos contenidos de M\u00e9xico\",\"publisher\":{\"@id\":\"https:\/\/soclose.mx\/blog\/#organization\"},\"potentialAction\":[{\"@type\":\"SearchAction\",\"target\":{\"@type\":\"EntryPoint\",\"urlTemplate\":\"https:\/\/soclose.mx\/blog\/?s={search_term_string}\"},\"query-input\":{\"@type\":\"PropertyValueSpecification\",\"valueRequired\":true,\"valueName\":\"search_term_string\"}}],\"inLanguage\":\"es\"},{\"@type\":\"Organization\",\"@id\":\"https:\/\/soclose.mx\/blog\/#organization\",\"name\":\"So Close\",\"url\":\"https:\/\/soclose.mx\/blog\/\",\"logo\":{\"@type\":\"ImageObject\",\"inLanguage\":\"es\",\"@id\":\"https:\/\/soclose.mx\/blog\/#\/schema\/logo\/image\/\",\"url\":\"https:\/\/i0.wp.com\/soclose.mx\/blog\/wp-content\/uploads\/2020\/12\/LOGO_SOCLOSE_COLOR-e1608310133507.png?fit=2858%2C1264&ssl=1\",\"contentUrl\":\"https:\/\/i0.wp.com\/soclose.mx\/blog\/wp-content\/uploads\/2020\/12\/LOGO_SOCLOSE_COLOR-e1608310133507.png?fit=2858%2C1264&ssl=1\",\"width\":2858,\"height\":1264,\"caption\":\"So Close\"},\"image\":{\"@id\":\"https:\/\/soclose.mx\/blog\/#\/schema\/logo\/image\/\"}},{\"@type\":\"Person\",\"@id\":\"https:\/\/soclose.mx\/blog\/#\/schema\/person\/723eb117ab965b55c3e56b5d29751667\",\"name\":\"So Close\",\"image\":{\"@type\":\"ImageObject\",\"inLanguage\":\"es\",\"@id\":\"https:\/\/soclose.mx\/blog\/#\/schema\/person\/image\/\",\"url\":\"https:\/\/secure.gravatar.com\/avatar\/5a1d1d694eaf6d2c28f450f0984cbb34821b92dc49c1d088c0250fbc6a48efec?s=96&d=mm&r=g\",\"contentUrl\":\"https:\/\/secure.gravatar.com\/avatar\/5a1d1d694eaf6d2c28f450f0984cbb34821b92dc49c1d088c0250fbc6a48efec?s=96&d=mm&r=g\",\"caption\":\"So Close\"},\"sameAs\":[\"http:\/\/www.soclose.mx\",\"https:\/\/www.youtube.com\/@soclosemx\"],\"url\":\"https:\/\/soclose.mx\/blog\/author\/admin\/\"}]}<\/script>\n<!-- \/ Yoast SEO plugin. -->","yoast_head_json":{"title":"Palabras y frases inolvidables de AMLO, Andr\u00e9s Manuel L\u00f3pez Obrador - So Close","description":"Exploramos algunas de las palabras y frases inolvidables de AMLO que ha utilizado a lo largo de su carrera pol\u00edtica.","robots":{"index":"index","follow":"follow","max-snippet":"max-snippet:-1","max-image-preview":"max-image-preview:large","max-video-preview":"max-video-preview:-1"},"canonical":"https:\/\/soclose.mx\/blog\/tag\/juan-rulfo-frases-mujeres\/","og_locale":"es_MX","og_type":"article","og_title":"Palabras y frases inolvidables de AMLO, Andr\u00e9s Manuel L\u00f3pez Obrador - So Close","og_description":"Exploramos algunas de las palabras y frases inolvidables de AMLO que ha utilizado a lo largo de su carrera pol\u00edtica.","og_url":"https:\/\/soclose.mx\/blog\/tag\/juan-rulfo-frases-mujeres\/","og_site_name":"So Close","article_published_time":"2024-10-01T16:43:13+00:00","og_image":[{"width":1920,"height":1080,"url":"https:\/\/i0.wp.com\/soclose.mx\/blog\/wp-content\/uploads\/2024\/10\/Fotos-notas-So-Close-home-5.jpg?fit=1920%2C1080&ssl=1","type":"image\/jpeg"}],"author":"So Close","twitter_card":"summary_large_image","twitter_misc":{"Escrito por":"So Close","Tiempo de lectura":"3 minutos"},"schema":{"@context":"https:\/\/schema.org","@graph":[{"@type":"Article","@id":"https:\/\/soclose.mx\/blog\/tag\/juan-rulfo-frases-mujeres\/#article","isPartOf":{"@id":"https:\/\/soclose.mx\/blog\/tag\/juan-rulfo-frases-mujeres\/"},"author":{"name":"So Close","@id":"https:\/\/soclose.mx\/blog\/#\/schema\/person\/723eb117ab965b55c3e56b5d29751667"},"headline":"Palabras y frases inolvidables de AMLO, Andr\u00e9s Manuel L\u00f3pez Obrador","datePublished":"2024-10-01T16:43:13+00:00","mainEntityOfPage":{"@id":"https:\/\/soclose.mx\/blog\/tag\/juan-rulfo-frases-mujeres\/"},"wordCount":529,"commentCount":0,"publisher":{"@id":"https:\/\/soclose.mx\/blog\/#organization"},"image":{"@id":"https:\/\/soclose.mx\/blog\/tag\/juan-rulfo-frases-mujeres\/#primaryimage"},"thumbnailUrl":"https:\/\/i0.wp.com\/soclose.mx\/blog\/wp-content\/uploads\/2024\/10\/Fotos-notas-So-Close-home-5.jpg?fit=1920%2C1080&ssl=1","keywords":["Abrazos no balazos AMLO","An\u00e1lisis del lenguaje de AMLO","Estilo comunicativo de Andr\u00e9s Manuel L\u00f3pez Obrador","Expresiones populares de AMLO","Fif\u00ed y su uso en el discurso de AMLO","Frases c\u00e9lebres de AMLO en su gobierno","Frases ic\u00f3nicas de AMLO","Frases memorables de L\u00f3pez Obrador","Frases que conectan a AMLO con el pueblo","Frases que marcaron el sexenio de AMLO","Impacto cultural de las frases de AMLO","Lenguaje coloquial en la pol\u00edtica mexicana","Me canso ganso significado","Palabras coloquiales de Andr\u00e9s Manuel L\u00f3pez Obrador","Palabras y expresiones que definen a AMLO"],"articleSection":["\u00a1Ay goeeee!"],"inLanguage":"es","potentialAction":[{"@type":"CommentAction","name":"Comment","target":["https:\/\/soclose.mx\/blog\/tag\/juan-rulfo-frases-mujeres\/#respond"]}]},{"@type":"WebPage","@id":"https:\/\/soclose.mx\/blog\/tag\/juan-rulfo-frases-mujeres\/","url":"https:\/\/soclose.mx\/blog\/tag\/juan-rulfo-frases-mujeres\/","name":"Palabras y frases inolvidables de AMLO, Andr\u00e9s Manuel L\u00f3pez Obrador - So Close","isPartOf":{"@id":"https:\/\/soclose.mx\/blog\/#website"},"primaryImageOfPage":{"@id":"https:\/\/soclose.mx\/blog\/tag\/juan-rulfo-frases-mujeres\/#primaryimage"},"image":{"@id":"https:\/\/soclose.mx\/blog\/tag\/juan-rulfo-frases-mujeres\/#primaryimage"},"thumbnailUrl":"https:\/\/i0.wp.com\/soclose.mx\/blog\/wp-content\/uploads\/2024\/10\/Fotos-notas-So-Close-home-5.jpg?fit=1920%2C1080&ssl=1","datePublished":"2024-10-01T16:43:13+00:00","description":"Exploramos algunas de las palabras y frases inolvidables de AMLO que ha utilizado a lo largo de su carrera pol\u00edtica.","breadcrumb":{"@id":"https:\/\/soclose.mx\/blog\/tag\/juan-rulfo-frases-mujeres\/#breadcrumb"},"inLanguage":"es","potentialAction":[{"@type":"ReadAction","target":["https:\/\/soclose.mx\/blog\/tag\/juan-rulfo-frases-mujeres\/"]}]},{"@type":"ImageObject","inLanguage":"es","@id":"https:\/\/soclose.mx\/blog\/tag\/juan-rulfo-frases-mujeres\/#primaryimage","url":"https:\/\/i0.wp.com\/soclose.mx\/blog\/wp-content\/uploads\/2024\/10\/Fotos-notas-So-Close-home-5.jpg?fit=1920%2C1080&ssl=1","contentUrl":"https:\/\/i0.wp.com\/soclose.mx\/blog\/wp-content\/uploads\/2024\/10\/Fotos-notas-So-Close-home-5.jpg?fit=1920%2C1080&ssl=1","width":1920,"height":1080,"caption":"AMLO, Andr\u00e9s Manuel L\u00f3pez Obrador"},{"@type":"BreadcrumbList","@id":"https:\/\/soclose.mx\/blog\/tag\/juan-rulfo-frases-mujeres\/#breadcrumb","itemListElement":[{"@type":"ListItem","position":1,"name":"Inicio","item":"https:\/\/soclose.mx\/blog\/"},{"@type":"ListItem","position":2,"name":"Palabras y frases inolvidables de AMLO, Andr\u00e9s Manuel L\u00f3pez Obrador"}]},{"@type":"WebSite","@id":"https:\/\/soclose.mx\/blog\/#website","url":"https:\/\/soclose.mx\/blog\/","name":"So Close","description":"Hacemos contenidos de M\u00e9xico","publisher":{"@id":"https:\/\/soclose.mx\/blog\/#organization"},"potentialAction":[{"@type":"SearchAction","target":{"@type":"EntryPoint","urlTemplate":"https:\/\/soclose.mx\/blog\/?s={search_term_string}"},"query-input":{"@type":"PropertyValueSpecification","valueRequired":true,"valueName":"search_term_string"}}],"inLanguage":"es"},{"@type":"Organization","@id":"https:\/\/soclose.mx\/blog\/#organization","name":"So Close","url":"https:\/\/soclose.mx\/blog\/","logo":{"@type":"ImageObject","inLanguage":"es","@id":"https:\/\/soclose.mx\/blog\/#\/schema\/logo\/image\/","url":"https:\/\/i0.wp.com\/soclose.mx\/blog\/wp-content\/uploads\/2020\/12\/LOGO_SOCLOSE_COLOR-e1608310133507.png?fit=2858%2C1264&ssl=1","contentUrl":"https:\/\/i0.wp.com\/soclose.mx\/blog\/wp-content\/uploads\/2020\/12\/LOGO_SOCLOSE_COLOR-e1608310133507.png?fit=2858%2C1264&ssl=1","width":2858,"height":1264,"caption":"So Close"},"image":{"@id":"https:\/\/soclose.mx\/blog\/#\/schema\/logo\/image\/"}},{"@type":"Person","@id":"https:\/\/soclose.mx\/blog\/#\/schema\/person\/723eb117ab965b55c3e56b5d29751667","name":"So Close","image":{"@type":"ImageObject","inLanguage":"es","@id":"https:\/\/soclose.mx\/blog\/#\/schema\/person\/image\/","url":"https:\/\/secure.gravatar.com\/avatar\/5a1d1d694eaf6d2c28f450f0984cbb34821b92dc49c1d088c0250fbc6a48efec?s=96&d=mm&r=g","contentUrl":"https:\/\/secure.gravatar.com\/avatar\/5a1d1d694eaf6d2c28f450f0984cbb34821b92dc49c1d088c0250fbc6a48efec?s=96&d=mm&r=g","caption":"So Close"},"sameAs":["http:\/\/www.soclose.mx","https:\/\/www.youtube.com\/@soclosemx"],"url":"https:\/\/soclose.mx\/blog\/author\/admin\/"}]}},"jetpack_featured_media_url":"https:\/\/i0.wp.com\/soclose.mx\/blog\/wp-content\/uploads\/2024\/10\/Fotos-notas-So-Close-home-5.jpg?fit=1920%2C1080&ssl=1","jetpack-related-posts":[{"id":13968,"url":"https:\/\/soclose.mx\/blog\/a-la-mexicana\/las-frases-mas-populares-de-amlo-andres-manuel-lopez-obrador\/","url_meta":{"origin":14204,"position":0},"title":"Las Frases M\u00e1s Populares de AMLO, Andr\u00e9s Manuel L\u00f3pez Obrador","author":"So Close","date":"30 agosto, 2024","format":false,"excerpt":"Andr\u00e9s Manuel L\u00f3pez Obrador (AMLO), presidente de M\u00e9xico de 2018 a 2024, es un personaje polarizante y carism\u00e1tico en la pol\u00edtica mexicana. Su estilo directo y coloquial ha resonado en la poblaci\u00f3n, convirtiendo muchas de sus frases en parte del discurso cotidiano. A continuaci\u00f3n, exploramos algunas de las frases m\u00e1s\u2026","rel":"","context":"En &quot;A la mexicana&quot;","block_context":{"text":"A la mexicana","link":"https:\/\/soclose.mx\/blog\/category\/a-la-mexicana\/"},"img":{"alt_text":"Presidente AMLO, Andr\u00e9s Manuel L\u00f3pez Obrador","src":"https:\/\/i0.wp.com\/soclose.mx\/blog\/wp-content\/uploads\/2024\/08\/amlo.jpg?fit=1200%2C800&ssl=1&resize=350%2C200","width":350,"height":200,"srcset":"https:\/\/i0.wp.com\/soclose.mx\/blog\/wp-content\/uploads\/2024\/08\/amlo.jpg?fit=1200%2C800&ssl=1&resize=350%2C200 1x, https:\/\/i0.wp.com\/soclose.mx\/blog\/wp-content\/uploads\/2024\/08\/amlo.jpg?fit=1200%2C800&ssl=1&resize=525%2C300 1.5x, https:\/\/i0.wp.com\/soclose.mx\/blog\/wp-content\/uploads\/2024\/08\/amlo.jpg?fit=1200%2C800&ssl=1&resize=700%2C400 2x, https:\/\/i0.wp.com\/soclose.mx\/blog\/wp-content\/uploads\/2024\/08\/amlo.jpg?fit=1200%2C800&ssl=1&resize=1050%2C600 3x"},"classes":[]},{"id":14141,"url":"https:\/\/soclose.mx\/blog\/ay-goeeee\/datos-curiosos-de-amlo-andres-manuel-lopez-obrador-que-debes-conocer\/","url_meta":{"origin":14204,"position":1},"title":"Datos curiosos de AMLO, Andr\u00e9s Manuel L\u00f3pez Obrador, que Debes Conocer","author":"So Close","date":"27 septiembre, 2024","format":false,"excerpt":"Andr\u00e9s Manuel L\u00f3pez Obrador, expresidente de M\u00e9xico, es una figura pol\u00edtica fascinante con una vida llena de datos interesantes. En este art\u00edculo, te presentamos\u00a0 datos curiosos de AMLO que tal vez no conoc\u00edas: Datos curiosos de AMLO, Andr\u00e9s Manuel L\u00f3pez Obrador 1. Naci\u00f3 en Macuspana, Tabasco en 1953 y es\u2026","rel":"","context":"En &quot;\u00a1Ay goeeee!&quot;","block_context":{"text":"\u00a1Ay goeeee!","link":"https:\/\/soclose.mx\/blog\/category\/ay-goeeee\/"},"img":{"alt_text":"amlo-andres-manuel-lopez-obrador","src":"https:\/\/i0.wp.com\/soclose.mx\/blog\/wp-content\/uploads\/2024\/09\/amlo-andres-manuel-lopez-obrador.jpg?fit=1200%2C675&ssl=1&resize=350%2C200","width":350,"height":200,"srcset":"https:\/\/i0.wp.com\/soclose.mx\/blog\/wp-content\/uploads\/2024\/09\/amlo-andres-manuel-lopez-obrador.jpg?fit=1200%2C675&ssl=1&resize=350%2C200 1x, https:\/\/i0.wp.com\/soclose.mx\/blog\/wp-content\/uploads\/2024\/09\/amlo-andres-manuel-lopez-obrador.jpg?fit=1200%2C675&ssl=1&resize=525%2C300 1.5x, https:\/\/i0.wp.com\/soclose.mx\/blog\/wp-content\/uploads\/2024\/09\/amlo-andres-manuel-lopez-obrador.jpg?fit=1200%2C675&ssl=1&resize=700%2C400 2x, https:\/\/i0.wp.com\/soclose.mx\/blog\/wp-content\/uploads\/2024\/09\/amlo-andres-manuel-lopez-obrador.jpg?fit=1200%2C675&ssl=1&resize=1050%2C600 3x"},"classes":[]},{"id":11029,"url":"https:\/\/soclose.mx\/blog\/ay-goeeee\/video-eres-tu-amlo-conoce-al-doble-holandes-del-presidente-de-mexico\/","url_meta":{"origin":14204,"position":2},"title":"Video: \u00bfEres t\u00fa, AMLO? Conoce al doble holand\u00e9s del presidente de M\u00e9xico","author":"Daniel Ram\u00edrez","date":"24 agosto, 2022","format":false,"excerpt":"El presidente Andr\u00e9s Manuel L\u00f3pez Obrador es un personaje amado y odiado a la vez, pero no podemos negar que nos deja muchos memes y material para pasar un buen rato. Si con un AMLO nos divertimos, \u00bfqu\u00e9 tal con dos? Les presentamos la versi\u00f3n holandesa del presidente de M\u00e9xico\u2026","rel":"","context":"En &quot;\u00a1Ay goeeee!&quot;","block_context":{"text":"\u00a1Ay goeeee!","link":"https:\/\/soclose.mx\/blog\/category\/ay-goeeee\/"},"img":{"alt_text":"","src":"https:\/\/i0.wp.com\/soclose.mx\/blog\/wp-content\/uploads\/2022\/08\/WhatsApp-Image-2022-08-23-at-10.07.22-AM.jpeg?fit=1024%2C711&ssl=1&resize=350%2C200","width":350,"height":200,"srcset":"https:\/\/i0.wp.com\/soclose.mx\/blog\/wp-content\/uploads\/2022\/08\/WhatsApp-Image-2022-08-23-at-10.07.22-AM.jpeg?fit=1024%2C711&ssl=1&resize=350%2C200 1x, https:\/\/i0.wp.com\/soclose.mx\/blog\/wp-content\/uploads\/2022\/08\/WhatsApp-Image-2022-08-23-at-10.07.22-AM.jpeg?fit=1024%2C711&ssl=1&resize=525%2C300 1.5x, https:\/\/i0.wp.com\/soclose.mx\/blog\/wp-content\/uploads\/2022\/08\/WhatsApp-Image-2022-08-23-at-10.07.22-AM.jpeg?fit=1024%2C711&ssl=1&resize=700%2C400 2x"},"classes":[]},{"id":12047,"url":"https:\/\/soclose.mx\/blog\/ay-goeeee\/magia-negra-presidentes-brujeria-politica\/","url_meta":{"origin":14204,"position":3},"title":"\u00bfMagia negra y pol\u00edtica? Presidentes que usaron brujer\u00eda","author":"Emmanuel Oviedo","date":"14 julio, 2023","format":false,"excerpt":"Nadie sabe de lo que ser\u00eda capaz de hacer por una buena posici\u00f3n laboral, por ejemplo en el Gobierno, y por recibir un sueldo con ceros considerables. En el caso de los pol\u00edticos, sobre todo los que quieren llegar a las altas esferas del poder, hay secretos y artima\u00f1as de\u2026","rel":"","context":"En &quot;\u00a1Ay goeeee!&quot;","block_context":{"text":"\u00a1Ay goeeee!","link":"https:\/\/soclose.mx\/blog\/category\/ay-goeeee\/"},"img":{"alt_text":"Magia Negra Presidentes mexicanos","src":"https:\/\/i0.wp.com\/soclose.mx\/blog\/wp-content\/uploads\/2023\/07\/images-4.jpeg?fit=480%2C271&ssl=1&resize=350%2C200","width":350,"height":200},"classes":[]},{"id":12924,"url":"https:\/\/soclose.mx\/blog\/a-la-mexicana\/los-casos-mas-extranos-de-las-elecciones-en-mexico\/","url_meta":{"origin":14204,"position":4},"title":"Los casos m\u00e1s extra\u00f1os de las elecciones en M\u00e9xico","author":"Emmanuel Oviedo","date":"5 febrero, 2024","format":false,"excerpt":"En la historia de nuestra naci\u00f3n se ha luchado por la democracia. Eso s\u00ed,\u00a0 con manifestaciones y con discurso espectaculares. Por otro lado, las fuerzas contrarios de la corrupci\u00f3n y los fraudes son inevitables. Por ellos, las elecciones se vuelve un campo de batalla entre la justicia y la violencia.\u2026","rel":"","context":"En &quot;A la mexicana&quot;","block_context":{"text":"A la mexicana","link":"https:\/\/soclose.mx\/blog\/category\/a-la-mexicana\/"},"img":{"alt_text":"","src":"https:\/\/i0.wp.com\/soclose.mx\/blog\/wp-content\/uploads\/2024\/01\/Elecciones.jpg?fit=800%2C533&ssl=1&resize=350%2C200","width":350,"height":200,"srcset":"https:\/\/i0.wp.com\/soclose.mx\/blog\/wp-content\/uploads\/2024\/01\/Elecciones.jpg?fit=800%2C533&ssl=1&resize=350%2C200 1x, https:\/\/i0.wp.com\/soclose.mx\/blog\/wp-content\/uploads\/2024\/01\/Elecciones.jpg?fit=800%2C533&ssl=1&resize=525%2C300 1.5x, https:\/\/i0.wp.com\/soclose.mx\/blog\/wp-content\/uploads\/2024\/01\/Elecciones.jpg?fit=800%2C533&ssl=1&resize=700%2C400 2x"},"classes":[]},{"id":13508,"url":"https:\/\/soclose.mx\/blog\/news-feed\/lo-que-debes-saber-de-las-elecciones-2024-en-mexico\/","url_meta":{"origin":14204,"position":5},"title":"Lo que debes saber de las elecciones 2024 en M\u00e9xico","author":"Emmanuel Oviedo","date":"13 abril, 2024","format":false,"excerpt":"En el a\u00f1o 2024 termina un sexenio y empieza otro periodo importante en la vida pol\u00edtica de nuestro pa\u00eds. En las calles sobreabunda la propaganda, normal en el panorama citadino, y los comerciales televisivos tambi\u00e9n alimentan la imagen de los candidatos. Normal en M\u00e9xico. Sin embargo, las elecciones son una\u2026","rel":"","context":"En &quot;News feed&quot;","block_context":{"text":"News feed","link":"https:\/\/soclose.mx\/blog\/category\/news-feed\/"},"img":{"alt_text":"","src":"https:\/\/i0.wp.com\/soclose.mx\/blog\/wp-content\/uploads\/2024\/04\/Elecciones-2023.jpg?fit=799%2C533&ssl=1&resize=350%2C200","width":350,"height":200,"srcset":"https:\/\/i0.wp.com\/soclose.mx\/blog\/wp-content\/uploads\/2024\/04\/Elecciones-2023.jpg?fit=799%2C533&ssl=1&resize=350%2C200 1x, https:\/\/i0.wp.com\/soclose.mx\/blog\/wp-content\/uploads\/2024\/04\/Elecciones-2023.jpg?fit=799%2C533&ssl=1&resize=525%2C300 1.5x, https:\/\/i0.wp.com\/soclose.mx\/blog\/wp-content\/uploads\/2024\/04\/Elecciones-2023.jpg?fit=799%2C533&ssl=1&resize=700%2C400 2x"},"classes":[]}],"jetpack_sharing_enabled":true,"_links":{"self":[{"href":"https:\/\/soclose.mx\/blog\/wp-json\/wp\/v2\/posts\/14204","targetHints":{"allow":["GET"]}}],"collection":[{"href":"https:\/\/soclose.mx\/blog\/wp-json\/wp\/v2\/posts"}],"about":[{"href":"https:\/\/soclose.mx\/blog\/wp-json\/wp\/v2\/types\/post"}],"author":[{"embeddable":true,"href":"https:\/\/soclose.mx\/blog\/wp-json\/wp\/v2\/users\/1"}],"replies":[{"embeddable":true,"href":"https:\/\/soclose.mx\/blog\/wp-json\/wp\/v2\/comments?post=14204"}],"version-history":[{"count":3,"href":"https:\/\/soclose.mx\/blog\/wp-json\/wp\/v2\/posts\/14204\/revisions"}],"predecessor-version":[{"id":14212,"href":"https:\/\/soclose.mx\/blog\/wp-json\/wp\/v2\/posts\/14204\/revisions\/14212"}],"wp:featuredmedia":[{"embeddable":true,"href":"https:\/\/soclose.mx\/blog\/wp-json\/wp\/v2\/media\/14213"}],"wp:attachment":[{"href":"https:\/\/soclose.mx\/blog\/wp-json\/wp\/v2\/media?parent=14204"}],"wp:term":[{"taxonomy":"category","embeddable":true,"href":"https:\/\/soclose.mx\/blog\/wp-json\/wp\/v2\/categories?post=14204"},{"taxonomy":"post_tag","embeddable":true,"href":"https:\/\/soclose.mx\/blog\/wp-json\/wp\/v2\/tags?post=14204"}],"curies":[{"name":"wp","href":"https:\/\/api.w.org\/{rel}","templated":true}]}}