{"id":14283,"date":"2024-10-15T20:32:55","date_gmt":"2024-10-16T02:32:55","guid":{"rendered":"https:\/\/soclose.mx\/blog\/?p=14283"},"modified":"2024-10-15T20:36:12","modified_gmt":"2024-10-16T02:36:12","slug":"las-frases-mas-polemicas-de-javier-el-vasco-aguirre-videos","status":"publish","type":"post","link":"https:\/\/soclose.mx\/blog\/seleccion-mexicana\/las-frases-mas-polemicas-de-javier-el-vasco-aguirre-videos\/","title":{"rendered":"Las frases m\u00e1s pol\u00e9micas de Javier &#8220;El Vasco&#8221; Aguirre | videos"},"content":{"rendered":"<p class=\"p2\"><b>\u00bfQui\u00e9n no recuerda las frases m\u00e1s pol\u00e9micas de Javier &#8220;El Vasco&#8221; Aguirre; lapidarias y directas?<\/b> El carism\u00e1tico entrenador mexicano, conocido como el &#8220;Vasco&#8221;, ha dejado huella en el mundo del f\u00fatbol no solo por sus t\u00e1cticas, sino tambi\u00e9n por sus declaraciones llenas de pasi\u00f3n y, a veces, de pol\u00e9mica. En este art\u00edculo, te presentamos un compendio de sus frases m\u00e1s recordadas, acompa\u00f1adas de los videos que las inmortalizaron.<\/p>\n<h2><b>Las frases m\u00e1s pol\u00e9micas de Javier &#8220;El Vasco&#8221; Aguirre<\/b><\/h2>\n<p>Javier Aguirre, conocido como &#8220;El Vasco&#8221;, es uno de <a href=\"https:\/\/soclose.mx\/blog\/seleccion-mexicana\/entrenadores-de-la-seleccion-mexicana-quien-ha-sido-el-mejor\/\" target=\"_blank\" rel=\"noopener\">los entrenadores<\/a> m\u00e1s reconocidos del f\u00fatbol mexicano, pero tambi\u00e9n ha sido protagonista de varias pol\u00e9micas a lo largo de su carrera. Sus declaraciones y acciones han generado controversia y han sido objeto de discusi\u00f3n entre aficionados y medios. A continuaci\u00f3n, exploramos algunas de las frases m\u00e1s pol\u00e9micas de Aguirre, acompa\u00f1adas de sus contextos y videos.<\/p>\n<blockquote>\n<p style=\"text-align: left;\"><b>&#8220;Chingas a tu madre&#8221;:<\/b> Una expresi\u00f3n coloquial que utiliz\u00f3 en un momento de tensi\u00f3n durante un partido, y que gener\u00f3 gran revuelo en los medios.<\/p>\n<\/blockquote>\n<p><iframe loading=\"lazy\" title=\"YouTube video player\" src=\"https:\/\/www.youtube.com\/embed\/kmwrNK2D4G4?si=RokRIlWZ-Ft_bcnx\" width=\"560\" height=\"315\" frameborder=\"0\" allowfullscreen=\"allowfullscreen\"><\/iframe><\/p>\n<p class=\"p1\">Aqu\u00ed puedes ver al &#8220;Vasco&#8221; en una de sus cl\u00e1sicas discusiones con un periodista, demostrando su agudeza verbal y, tal cual, lo alburea. \u00a1Ups!<\/p>\n<p><iframe loading=\"lazy\" title=\"YouTube video player\" src=\"https:\/\/www.youtube.com\/embed\/kh8QsGwGzNo?si=iRBN7NX8iX3W6Te_\" width=\"560\" height=\"315\" frameborder=\"0\" allowfullscreen=\"allowfullscreen\"><\/iframe><\/p>\n<blockquote>\n<p class=\"style-scope ytd-watch-metadata\" style=\"text-align: left;\">&#8220;Es momento de VOLVER a MI PA\u00cdS y hacer algo por \u00e9l&#8217;<\/p>\n<\/blockquote>\n<p><iframe loading=\"lazy\" title=\"YouTube video player\" src=\"https:\/\/www.youtube.com\/embed\/7GvsCmJSEQU?si=9dNLwWmvYx4Wgm5t\" width=\"560\" height=\"315\" frameborder=\"0\" allowfullscreen=\"allowfullscreen\"><\/iframe><\/p>\n<blockquote>\n<p style=\"text-align: left;\">No seas chismoso cabr\u00f3n<\/p>\n<p><iframe loading=\"lazy\" title=\"Javier Aguirre siendo Javier Aguirre #mexico #futbol #javieraguirre #usa que siempre si dirige\" width=\"563\" height=\"1000\" src=\"https:\/\/www.youtube.com\/embed\/Pv2eo4JLHNA?feature=oembed\" frameborder=\"0\" allow=\"accelerometer; autoplay; clipboard-write; encrypted-media; gyroscope; picture-in-picture; web-share\" referrerpolicy=\"strict-origin-when-cross-origin\" allowfullscreen><\/iframe><\/p>\n<p>&nbsp;<\/p><\/blockquote>\n<p class=\"p1\"><b>\u00bfPor qu\u00e9 nos gustan tanto las frases de Javier Aguirre?<\/b><\/p>\n<p class=\"p1\">La popularidad de las frases de Javier Aguirre se debe a varios factores:<\/p>\n<ul class=\"ul1\">\n<li class=\"li1\"><b>Autenticidad:<\/b> El &#8220;Vasco&#8221; siempre se muestra tal como es, sin pretensiones ni dobleces.<\/li>\n<li class=\"li1\"><b>Humor:<\/b> Muchas de sus frases son ingeniosas y provocan la risa.<\/li>\n<li class=\"li1\"><b>Pasi\u00f3n:<\/b> Su amor por el f\u00fatbol se siente en cada una de sus palabras.<\/li>\n<\/ul>\n<p class=\"p1\">En conclusi\u00f3n, Javier Aguirre es un personaje \u00fanico en el mundo del f\u00fatbol y de la <a href=\"https:\/\/x.com\/miseleccionmx\" target=\"_blank\" rel=\"noopener\">selecci\u00f3n mexicana de futbol<\/a>, y sus frases han quedado grabadas en la memoria de los aficionados. Su estilo directo y sin pelos en la lengua lo convierten en un personaje entra\u00f1able y pol\u00e9mico a la vez.<\/p>\n","protected":false},"excerpt":{"rendered":"<p>\u00bfQui\u00e9n no recuerda las frases m\u00e1s pol\u00e9micas de Javier &#8220;El Vasco&#8221; Aguirre; lapidarias y directas? El carism\u00e1tico entrenador mexicano, conocido como el &#8220;Vasco&#8221;, ha dejado huella en el mundo del f\u00fatbol no solo por sus t\u00e1cticas, sino tambi\u00e9n por sus declaraciones llenas de pasi\u00f3n y, a veces, de pol\u00e9mica. En este art\u00edculo, te presentamos un compendio de sus frases m\u00e1s recordadas, acompa\u00f1adas de los videos que las inmortalizaron. Las frases m\u00e1s pol\u00e9micas de Javier &#8220;El Vasco&#8221; Aguirre Javier Aguirre, conocido como &#8220;El Vasco&#8221;, es uno de los entrenadores m\u00e1s reconocidos del f\u00fatbol mexicano, pero tambi\u00e9n ha sido protagonista de varias<\/p>\n","protected":false},"author":1,"featured_media":14285,"comment_status":"open","ping_status":"open","sticky":false,"template":"","format":"standard","meta":{"_jetpack_memberships_contains_paid_content":false,"footnotes":""},"categories":[1778,3104],"tags":[3592,3299,3108,3593,3590,2536,3111,3591,2017],"class_list":["post-14283","post","type-post","status-publish","format-standard","has-post-thumbnail","hentry","category-a-la-mexicana","category-seleccion-mexicana","tag-conferencias-de-prensa","tag-deporte","tag-entrenador","tag-entrevistas","tag-frases-polemicas","tag-futbol-mexicano","tag-javier-aguirre","tag-vasco","tag-videos"],"yoast_head":"<!-- This site is optimized with the Yoast SEO plugin v26.7 - https:\/\/yoast.com\/wordpress\/plugins\/seo\/ -->\n<title>Las frases m\u00e1s pol\u00e9micas de Javier &quot;El Vasco&quot; Aguirre | videos - So Close<\/title>\n<meta name=\"description\" content=\"\u00bfQui\u00e9n no recuerda las frases m\u00e1s pol\u00e9micas de Javier &quot;El Vasco&quot; Aguirre; lapidarias y directas? El carism\u00e1tico entrenador mexicano.\" \/>\n<meta name=\"robots\" content=\"index, follow, max-snippet:-1, max-image-preview:large, max-video-preview:-1\" \/>\n<link rel=\"canonical\" href=\"https:\/\/soclose.mx\/blog\/tag\/juan-rulfo-frases-mujeres\/\" \/>\n<meta property=\"og:locale\" content=\"es_MX\" \/>\n<meta property=\"og:type\" content=\"article\" \/>\n<meta property=\"og:title\" content=\"Las frases m\u00e1s pol\u00e9micas de Javier &quot;El Vasco&quot; Aguirre | videos - So Close\" \/>\n<meta property=\"og:description\" content=\"\u00bfQui\u00e9n no recuerda las frases m\u00e1s pol\u00e9micas de Javier &quot;El Vasco&quot; Aguirre; lapidarias y directas? El carism\u00e1tico entrenador mexicano.\" \/>\n<meta property=\"og:url\" content=\"https:\/\/soclose.mx\/blog\/tag\/juan-rulfo-frases-mujeres\/\" \/>\n<meta property=\"og:site_name\" content=\"So Close\" \/>\n<meta property=\"article:published_time\" content=\"2024-10-16T02:32:55+00:00\" \/>\n<meta property=\"article:modified_time\" content=\"2024-10-16T02:36:12+00:00\" \/>\n<meta property=\"og:image\" content=\"https:\/\/i0.wp.com\/soclose.mx\/blog\/wp-content\/uploads\/2024\/10\/Fotos-notas-So-Close-home-7-1.jpg?fit=1920%2C1080&ssl=1\" \/>\n\t<meta property=\"og:image:width\" content=\"1920\" \/>\n\t<meta property=\"og:image:height\" content=\"1080\" \/>\n\t<meta property=\"og:image:type\" content=\"image\/jpeg\" \/>\n<meta name=\"author\" content=\"So Close\" \/>\n<meta name=\"twitter:card\" content=\"summary_large_image\" \/>\n<meta name=\"twitter:label1\" content=\"Escrito por\" \/>\n\t<meta name=\"twitter:data1\" content=\"So Close\" \/>\n\t<meta name=\"twitter:label2\" content=\"Tiempo de lectura\" \/>\n\t<meta name=\"twitter:data2\" content=\"2 minutos\" \/>\n<script type=\"application\/ld+json\" class=\"yoast-schema-graph\">{\"@context\":\"https:\/\/schema.org\",\"@graph\":[{\"@type\":\"Article\",\"@id\":\"https:\/\/soclose.mx\/blog\/tag\/juan-rulfo-frases-mujeres\/#article\",\"isPartOf\":{\"@id\":\"https:\/\/soclose.mx\/blog\/tag\/juan-rulfo-frases-mujeres\/\"},\"author\":{\"name\":\"So Close\",\"@id\":\"https:\/\/soclose.mx\/blog\/#\/schema\/person\/723eb117ab965b55c3e56b5d29751667\"},\"headline\":\"Las frases m\u00e1s pol\u00e9micas de Javier &#8220;El Vasco&#8221; Aguirre | videos\",\"datePublished\":\"2024-10-16T02:32:55+00:00\",\"dateModified\":\"2024-10-16T02:36:12+00:00\",\"mainEntityOfPage\":{\"@id\":\"https:\/\/soclose.mx\/blog\/tag\/juan-rulfo-frases-mujeres\/\"},\"wordCount\":379,\"commentCount\":0,\"publisher\":{\"@id\":\"https:\/\/soclose.mx\/blog\/#organization\"},\"image\":{\"@id\":\"https:\/\/soclose.mx\/blog\/tag\/juan-rulfo-frases-mujeres\/#primaryimage\"},\"thumbnailUrl\":\"https:\/\/i0.wp.com\/soclose.mx\/blog\/wp-content\/uploads\/2024\/10\/Fotos-notas-So-Close-home-7-1.jpg?fit=1920%2C1080&ssl=1\",\"keywords\":[\"conferencias de prensa\",\"deporte\",\"entrenador\",\"entrevistas\",\"frases pol\u00e9micas\",\"futbol mexicano\",\"javier aguirre\",\"Vasco\",\"videos\"],\"articleSection\":[\"A la mexicana\",\"Selecci\u00f3n mexicana\"],\"inLanguage\":\"es\",\"potentialAction\":[{\"@type\":\"CommentAction\",\"name\":\"Comment\",\"target\":[\"https:\/\/soclose.mx\/blog\/tag\/juan-rulfo-frases-mujeres\/#respond\"]}]},{\"@type\":\"WebPage\",\"@id\":\"https:\/\/soclose.mx\/blog\/tag\/juan-rulfo-frases-mujeres\/\",\"url\":\"https:\/\/soclose.mx\/blog\/tag\/juan-rulfo-frases-mujeres\/\",\"name\":\"Las frases m\u00e1s pol\u00e9micas de Javier \\\"El Vasco\\\" Aguirre | videos - So Close\",\"isPartOf\":{\"@id\":\"https:\/\/soclose.mx\/blog\/#website\"},\"primaryImageOfPage\":{\"@id\":\"https:\/\/soclose.mx\/blog\/tag\/juan-rulfo-frases-mujeres\/#primaryimage\"},\"image\":{\"@id\":\"https:\/\/soclose.mx\/blog\/tag\/juan-rulfo-frases-mujeres\/#primaryimage\"},\"thumbnailUrl\":\"https:\/\/i0.wp.com\/soclose.mx\/blog\/wp-content\/uploads\/2024\/10\/Fotos-notas-So-Close-home-7-1.jpg?fit=1920%2C1080&ssl=1\",\"datePublished\":\"2024-10-16T02:32:55+00:00\",\"dateModified\":\"2024-10-16T02:36:12+00:00\",\"description\":\"\u00bfQui\u00e9n no recuerda las frases m\u00e1s pol\u00e9micas de Javier \\\"El Vasco\\\" Aguirre; lapidarias y directas? El carism\u00e1tico entrenador mexicano.\",\"breadcrumb\":{\"@id\":\"https:\/\/soclose.mx\/blog\/tag\/juan-rulfo-frases-mujeres\/#breadcrumb\"},\"inLanguage\":\"es\",\"potentialAction\":[{\"@type\":\"ReadAction\",\"target\":[\"https:\/\/soclose.mx\/blog\/tag\/juan-rulfo-frases-mujeres\/\"]}]},{\"@type\":\"ImageObject\",\"inLanguage\":\"es\",\"@id\":\"https:\/\/soclose.mx\/blog\/tag\/juan-rulfo-frases-mujeres\/#primaryimage\",\"url\":\"https:\/\/i0.wp.com\/soclose.mx\/blog\/wp-content\/uploads\/2024\/10\/Fotos-notas-So-Close-home-7-1.jpg?fit=1920%2C1080&ssl=1\",\"contentUrl\":\"https:\/\/i0.wp.com\/soclose.mx\/blog\/wp-content\/uploads\/2024\/10\/Fotos-notas-So-Close-home-7-1.jpg?fit=1920%2C1080&ssl=1\",\"width\":1920,\"height\":1080,\"caption\":\"Javier Aguirre, entrenador de la selecci\u00f3n mexicana\"},{\"@type\":\"BreadcrumbList\",\"@id\":\"https:\/\/soclose.mx\/blog\/tag\/juan-rulfo-frases-mujeres\/#breadcrumb\",\"itemListElement\":[{\"@type\":\"ListItem\",\"position\":1,\"name\":\"Inicio\",\"item\":\"https:\/\/soclose.mx\/blog\/\"},{\"@type\":\"ListItem\",\"position\":2,\"name\":\"Las frases m\u00e1s pol\u00e9micas de Javier &#8220;El Vasco&#8221; Aguirre | videos\"}]},{\"@type\":\"WebSite\",\"@id\":\"https:\/\/soclose.mx\/blog\/#website\",\"url\":\"https:\/\/soclose.mx\/blog\/\",\"name\":\"So Close\",\"description\":\"Hacemos contenidos de M\u00e9xico\",\"publisher\":{\"@id\":\"https:\/\/soclose.mx\/blog\/#organization\"},\"potentialAction\":[{\"@type\":\"SearchAction\",\"target\":{\"@type\":\"EntryPoint\",\"urlTemplate\":\"https:\/\/soclose.mx\/blog\/?s={search_term_string}\"},\"query-input\":{\"@type\":\"PropertyValueSpecification\",\"valueRequired\":true,\"valueName\":\"search_term_string\"}}],\"inLanguage\":\"es\"},{\"@type\":\"Organization\",\"@id\":\"https:\/\/soclose.mx\/blog\/#organization\",\"name\":\"So Close\",\"url\":\"https:\/\/soclose.mx\/blog\/\",\"logo\":{\"@type\":\"ImageObject\",\"inLanguage\":\"es\",\"@id\":\"https:\/\/soclose.mx\/blog\/#\/schema\/logo\/image\/\",\"url\":\"https:\/\/i0.wp.com\/soclose.mx\/blog\/wp-content\/uploads\/2020\/12\/LOGO_SOCLOSE_COLOR-e1608310133507.png?fit=2858%2C1264&ssl=1\",\"contentUrl\":\"https:\/\/i0.wp.com\/soclose.mx\/blog\/wp-content\/uploads\/2020\/12\/LOGO_SOCLOSE_COLOR-e1608310133507.png?fit=2858%2C1264&ssl=1\",\"width\":2858,\"height\":1264,\"caption\":\"So Close\"},\"image\":{\"@id\":\"https:\/\/soclose.mx\/blog\/#\/schema\/logo\/image\/\"}},{\"@type\":\"Person\",\"@id\":\"https:\/\/soclose.mx\/blog\/#\/schema\/person\/723eb117ab965b55c3e56b5d29751667\",\"name\":\"So Close\",\"image\":{\"@type\":\"ImageObject\",\"inLanguage\":\"es\",\"@id\":\"https:\/\/soclose.mx\/blog\/#\/schema\/person\/image\/\",\"url\":\"https:\/\/secure.gravatar.com\/avatar\/5a1d1d694eaf6d2c28f450f0984cbb34821b92dc49c1d088c0250fbc6a48efec?s=96&d=mm&r=g\",\"contentUrl\":\"https:\/\/secure.gravatar.com\/avatar\/5a1d1d694eaf6d2c28f450f0984cbb34821b92dc49c1d088c0250fbc6a48efec?s=96&d=mm&r=g\",\"caption\":\"So Close\"},\"sameAs\":[\"http:\/\/www.soclose.mx\",\"https:\/\/www.youtube.com\/@soclosemx\"],\"url\":\"https:\/\/soclose.mx\/blog\/author\/admin\/\"}]}<\/script>\n<!-- \/ Yoast SEO plugin. -->","yoast_head_json":{"title":"Las frases m\u00e1s pol\u00e9micas de Javier \"El Vasco\" Aguirre | videos - So Close","description":"\u00bfQui\u00e9n no recuerda las frases m\u00e1s pol\u00e9micas de Javier \"El Vasco\" Aguirre; lapidarias y directas? El carism\u00e1tico entrenador mexicano.","robots":{"index":"index","follow":"follow","max-snippet":"max-snippet:-1","max-image-preview":"max-image-preview:large","max-video-preview":"max-video-preview:-1"},"canonical":"https:\/\/soclose.mx\/blog\/tag\/juan-rulfo-frases-mujeres\/","og_locale":"es_MX","og_type":"article","og_title":"Las frases m\u00e1s pol\u00e9micas de Javier \"El Vasco\" Aguirre | videos - So Close","og_description":"\u00bfQui\u00e9n no recuerda las frases m\u00e1s pol\u00e9micas de Javier \"El Vasco\" Aguirre; lapidarias y directas? El carism\u00e1tico entrenador mexicano.","og_url":"https:\/\/soclose.mx\/blog\/tag\/juan-rulfo-frases-mujeres\/","og_site_name":"So Close","article_published_time":"2024-10-16T02:32:55+00:00","article_modified_time":"2024-10-16T02:36:12+00:00","og_image":[{"width":1920,"height":1080,"url":"https:\/\/i0.wp.com\/soclose.mx\/blog\/wp-content\/uploads\/2024\/10\/Fotos-notas-So-Close-home-7-1.jpg?fit=1920%2C1080&ssl=1","type":"image\/jpeg"}],"author":"So Close","twitter_card":"summary_large_image","twitter_misc":{"Escrito por":"So Close","Tiempo de lectura":"2 minutos"},"schema":{"@context":"https:\/\/schema.org","@graph":[{"@type":"Article","@id":"https:\/\/soclose.mx\/blog\/tag\/juan-rulfo-frases-mujeres\/#article","isPartOf":{"@id":"https:\/\/soclose.mx\/blog\/tag\/juan-rulfo-frases-mujeres\/"},"author":{"name":"So Close","@id":"https:\/\/soclose.mx\/blog\/#\/schema\/person\/723eb117ab965b55c3e56b5d29751667"},"headline":"Las frases m\u00e1s pol\u00e9micas de Javier &#8220;El Vasco&#8221; Aguirre | videos","datePublished":"2024-10-16T02:32:55+00:00","dateModified":"2024-10-16T02:36:12+00:00","mainEntityOfPage":{"@id":"https:\/\/soclose.mx\/blog\/tag\/juan-rulfo-frases-mujeres\/"},"wordCount":379,"commentCount":0,"publisher":{"@id":"https:\/\/soclose.mx\/blog\/#organization"},"image":{"@id":"https:\/\/soclose.mx\/blog\/tag\/juan-rulfo-frases-mujeres\/#primaryimage"},"thumbnailUrl":"https:\/\/i0.wp.com\/soclose.mx\/blog\/wp-content\/uploads\/2024\/10\/Fotos-notas-So-Close-home-7-1.jpg?fit=1920%2C1080&ssl=1","keywords":["conferencias de prensa","deporte","entrenador","entrevistas","frases pol\u00e9micas","futbol mexicano","javier aguirre","Vasco","videos"],"articleSection":["A la mexicana","Selecci\u00f3n mexicana"],"inLanguage":"es","potentialAction":[{"@type":"CommentAction","name":"Comment","target":["https:\/\/soclose.mx\/blog\/tag\/juan-rulfo-frases-mujeres\/#respond"]}]},{"@type":"WebPage","@id":"https:\/\/soclose.mx\/blog\/tag\/juan-rulfo-frases-mujeres\/","url":"https:\/\/soclose.mx\/blog\/tag\/juan-rulfo-frases-mujeres\/","name":"Las frases m\u00e1s pol\u00e9micas de Javier \"El Vasco\" Aguirre | videos - So Close","isPartOf":{"@id":"https:\/\/soclose.mx\/blog\/#website"},"primaryImageOfPage":{"@id":"https:\/\/soclose.mx\/blog\/tag\/juan-rulfo-frases-mujeres\/#primaryimage"},"image":{"@id":"https:\/\/soclose.mx\/blog\/tag\/juan-rulfo-frases-mujeres\/#primaryimage"},"thumbnailUrl":"https:\/\/i0.wp.com\/soclose.mx\/blog\/wp-content\/uploads\/2024\/10\/Fotos-notas-So-Close-home-7-1.jpg?fit=1920%2C1080&ssl=1","datePublished":"2024-10-16T02:32:55+00:00","dateModified":"2024-10-16T02:36:12+00:00","description":"\u00bfQui\u00e9n no recuerda las frases m\u00e1s pol\u00e9micas de Javier \"El Vasco\" Aguirre; lapidarias y directas? El carism\u00e1tico entrenador mexicano.","breadcrumb":{"@id":"https:\/\/soclose.mx\/blog\/tag\/juan-rulfo-frases-mujeres\/#breadcrumb"},"inLanguage":"es","potentialAction":[{"@type":"ReadAction","target":["https:\/\/soclose.mx\/blog\/tag\/juan-rulfo-frases-mujeres\/"]}]},{"@type":"ImageObject","inLanguage":"es","@id":"https:\/\/soclose.mx\/blog\/tag\/juan-rulfo-frases-mujeres\/#primaryimage","url":"https:\/\/i0.wp.com\/soclose.mx\/blog\/wp-content\/uploads\/2024\/10\/Fotos-notas-So-Close-home-7-1.jpg?fit=1920%2C1080&ssl=1","contentUrl":"https:\/\/i0.wp.com\/soclose.mx\/blog\/wp-content\/uploads\/2024\/10\/Fotos-notas-So-Close-home-7-1.jpg?fit=1920%2C1080&ssl=1","width":1920,"height":1080,"caption":"Javier Aguirre, entrenador de la selecci\u00f3n mexicana"},{"@type":"BreadcrumbList","@id":"https:\/\/soclose.mx\/blog\/tag\/juan-rulfo-frases-mujeres\/#breadcrumb","itemListElement":[{"@type":"ListItem","position":1,"name":"Inicio","item":"https:\/\/soclose.mx\/blog\/"},{"@type":"ListItem","position":2,"name":"Las frases m\u00e1s pol\u00e9micas de Javier &#8220;El Vasco&#8221; Aguirre | videos"}]},{"@type":"WebSite","@id":"https:\/\/soclose.mx\/blog\/#website","url":"https:\/\/soclose.mx\/blog\/","name":"So Close","description":"Hacemos contenidos de M\u00e9xico","publisher":{"@id":"https:\/\/soclose.mx\/blog\/#organization"},"potentialAction":[{"@type":"SearchAction","target":{"@type":"EntryPoint","urlTemplate":"https:\/\/soclose.mx\/blog\/?s={search_term_string}"},"query-input":{"@type":"PropertyValueSpecification","valueRequired":true,"valueName":"search_term_string"}}],"inLanguage":"es"},{"@type":"Organization","@id":"https:\/\/soclose.mx\/blog\/#organization","name":"So Close","url":"https:\/\/soclose.mx\/blog\/","logo":{"@type":"ImageObject","inLanguage":"es","@id":"https:\/\/soclose.mx\/blog\/#\/schema\/logo\/image\/","url":"https:\/\/i0.wp.com\/soclose.mx\/blog\/wp-content\/uploads\/2020\/12\/LOGO_SOCLOSE_COLOR-e1608310133507.png?fit=2858%2C1264&ssl=1","contentUrl":"https:\/\/i0.wp.com\/soclose.mx\/blog\/wp-content\/uploads\/2020\/12\/LOGO_SOCLOSE_COLOR-e1608310133507.png?fit=2858%2C1264&ssl=1","width":2858,"height":1264,"caption":"So Close"},"image":{"@id":"https:\/\/soclose.mx\/blog\/#\/schema\/logo\/image\/"}},{"@type":"Person","@id":"https:\/\/soclose.mx\/blog\/#\/schema\/person\/723eb117ab965b55c3e56b5d29751667","name":"So Close","image":{"@type":"ImageObject","inLanguage":"es","@id":"https:\/\/soclose.mx\/blog\/#\/schema\/person\/image\/","url":"https:\/\/secure.gravatar.com\/avatar\/5a1d1d694eaf6d2c28f450f0984cbb34821b92dc49c1d088c0250fbc6a48efec?s=96&d=mm&r=g","contentUrl":"https:\/\/secure.gravatar.com\/avatar\/5a1d1d694eaf6d2c28f450f0984cbb34821b92dc49c1d088c0250fbc6a48efec?s=96&d=mm&r=g","caption":"So Close"},"sameAs":["http:\/\/www.soclose.mx","https:\/\/www.youtube.com\/@soclosemx"],"url":"https:\/\/soclose.mx\/blog\/author\/admin\/"}]}},"jetpack_featured_media_url":"https:\/\/i0.wp.com\/soclose.mx\/blog\/wp-content\/uploads\/2024\/10\/Fotos-notas-So-Close-home-7-1.jpg?fit=1920%2C1080&ssl=1","jetpack-related-posts":[{"id":12907,"url":"https:\/\/soclose.mx\/blog\/seleccion-mexicana\/entrenadores-de-la-seleccion-mexicana-quien-ha-sido-el-mejor\/","url_meta":{"origin":14283,"position":0},"title":"Entrenadores de la Selecci\u00f3n Mexicana: \u00bfqui\u00e9n ha sido el mejor?","author":"Emmanuel Oviedo","date":"16 enero, 2024","format":false,"excerpt":"La selecci\u00f3n tricolor nos despierta emociones que unen a todos a los mexicanos con cada partido.\u00a0 A pesar de las desilusiones, la Selecci\u00f3n Mexicana siempre ha dado la cara y no le tiemblan las piernas. Ya sea en el Estadio Azteca o en el Mundial, los mexicanos nos ilusionamos con\u2026","rel":"","context":"En &quot;Selecci\u00f3n mexicana&quot;","block_context":{"text":"Selecci\u00f3n mexicana","link":"https:\/\/soclose.mx\/blog\/category\/seleccion-mexicana\/"},"img":{"alt_text":"","src":"https:\/\/i0.wp.com\/soclose.mx\/blog\/wp-content\/uploads\/2024\/01\/Seleccion-mexicana-director.jpg?fit=800%2C537&ssl=1&resize=350%2C200","width":350,"height":200,"srcset":"https:\/\/i0.wp.com\/soclose.mx\/blog\/wp-content\/uploads\/2024\/01\/Seleccion-mexicana-director.jpg?fit=800%2C537&ssl=1&resize=350%2C200 1x, https:\/\/i0.wp.com\/soclose.mx\/blog\/wp-content\/uploads\/2024\/01\/Seleccion-mexicana-director.jpg?fit=800%2C537&ssl=1&resize=525%2C300 1.5x, https:\/\/i0.wp.com\/soclose.mx\/blog\/wp-content\/uploads\/2024\/01\/Seleccion-mexicana-director.jpg?fit=800%2C537&ssl=1&resize=700%2C400 2x"},"classes":[]},{"id":14735,"url":"https:\/\/soclose.mx\/blog\/seleccion-mexicana\/convocados-a-la-seleccion-mexicana-para-la-nations-league\/","url_meta":{"origin":14283,"position":1},"title":"Revelan convocados a la selecci\u00f3n mexicana para la Nations League","author":"So Close","date":"10 marzo, 2025","format":false,"excerpt":"La Selecci\u00f3n Mexicana, dirigida por Javier Aguirre, se prepara para disputar el Final Four de la Concacaf y los convocados a la selecci\u00f3n mexicana para la Nations League ya los dieron a conocer. El objetivo es claro: conquistar el t\u00edtulo que se le ha negado al Tri y reafirmar su\u2026","rel":"","context":"En &quot;News feed&quot;","block_context":{"text":"News feed","link":"https:\/\/soclose.mx\/blog\/category\/news-feed\/"},"img":{"alt_text":"Copa Nations League","src":"https:\/\/i0.wp.com\/soclose.mx\/blog\/wp-content\/uploads\/2025\/03\/Copa-Nations-League.jpg?fit=1200%2C675&ssl=1&resize=350%2C200","width":350,"height":200,"srcset":"https:\/\/i0.wp.com\/soclose.mx\/blog\/wp-content\/uploads\/2025\/03\/Copa-Nations-League.jpg?fit=1200%2C675&ssl=1&resize=350%2C200 1x, https:\/\/i0.wp.com\/soclose.mx\/blog\/wp-content\/uploads\/2025\/03\/Copa-Nations-League.jpg?fit=1200%2C675&ssl=1&resize=525%2C300 1.5x, https:\/\/i0.wp.com\/soclose.mx\/blog\/wp-content\/uploads\/2025\/03\/Copa-Nations-League.jpg?fit=1200%2C675&ssl=1&resize=700%2C400 2x, https:\/\/i0.wp.com\/soclose.mx\/blog\/wp-content\/uploads\/2025\/03\/Copa-Nations-League.jpg?fit=1200%2C675&ssl=1&resize=1050%2C600 3x"},"classes":[]},{"id":14740,"url":"https:\/\/soclose.mx\/blog\/news-feed\/donde-ver-mexico-vs-canada-de-la-nations-league-desde-mexico-y-estados-unidos\/","url_meta":{"origin":14283,"position":2},"title":"\u00bfD\u00f3nde ver M\u00e9xico vs Canad\u00e1 de la Nations League desde M\u00e9xico y Estados Unidos?","author":"So Close","date":"11 marzo, 2025","format":false,"excerpt":"La Selecci\u00f3n Mexicana est\u00e1 lista para enfrentarse a Canad\u00e1 en las semifinales del Final Four de la Concacaf Nations League 2025. Este emocionante encuentro se jugar\u00e1 en el SoFi Stadium, ubicado en Inglewood, California, y promete ser un duelo clave para el Tri bajo la direcci\u00f3n de Javier Aguirre. Aqu\u00ed\u2026","rel":"","context":"En &quot;News feed&quot;","block_context":{"text":"News feed","link":"https:\/\/soclose.mx\/blog\/category\/news-feed\/"},"img":{"alt_text":"Javier Aguirre en la Copa Nations League","src":"https:\/\/i0.wp.com\/soclose.mx\/blog\/wp-content\/uploads\/2025\/03\/Copa-Nations-League-1.jpg?fit=1200%2C675&ssl=1&resize=350%2C200","width":350,"height":200,"srcset":"https:\/\/i0.wp.com\/soclose.mx\/blog\/wp-content\/uploads\/2025\/03\/Copa-Nations-League-1.jpg?fit=1200%2C675&ssl=1&resize=350%2C200 1x, https:\/\/i0.wp.com\/soclose.mx\/blog\/wp-content\/uploads\/2025\/03\/Copa-Nations-League-1.jpg?fit=1200%2C675&ssl=1&resize=525%2C300 1.5x, https:\/\/i0.wp.com\/soclose.mx\/blog\/wp-content\/uploads\/2025\/03\/Copa-Nations-League-1.jpg?fit=1200%2C675&ssl=1&resize=700%2C400 2x, https:\/\/i0.wp.com\/soclose.mx\/blog\/wp-content\/uploads\/2025\/03\/Copa-Nations-League-1.jpg?fit=1200%2C675&ssl=1&resize=1050%2C600 3x"},"classes":[]},{"id":14856,"url":"https:\/\/soclose.mx\/blog\/news-feed\/gilberto-mora-de-xolos-a-la-seleccion-nacional-para-la-copa-oro\/","url_meta":{"origin":14283,"position":3},"title":"Gilberto Mora de Xolos a la Selecci\u00f3n Nacional para la Copa Oro","author":"So Close","date":"4 junio, 2025","format":false,"excerpt":"En el vibrante panorama del f\u00fatbol mexicano, una historia de talento, esfuerzo y precocidad est\u00e1 acaparando los reflectores, llenando de optimismo y orgullo a la afici\u00f3n: la de Gilberto Mora de Xolos. Con apenas 17 a\u00f1os (cumplidos recientemente, recordemos que su ascenso ha sido mete\u00f3rico desde los 16), este mediocampista\u2026","rel":"","context":"En &quot;News feed&quot;","block_context":{"text":"News feed","link":"https:\/\/soclose.mx\/blog\/category\/news-feed\/"},"img":{"alt_text":"Gilberto Mora de Xolos","src":"https:\/\/i0.wp.com\/soclose.mx\/blog\/wp-content\/uploads\/2025\/06\/Gilberto-Mora-de-Xolos.jpg?fit=1200%2C675&ssl=1&resize=350%2C200","width":350,"height":200,"srcset":"https:\/\/i0.wp.com\/soclose.mx\/blog\/wp-content\/uploads\/2025\/06\/Gilberto-Mora-de-Xolos.jpg?fit=1200%2C675&ssl=1&resize=350%2C200 1x, https:\/\/i0.wp.com\/soclose.mx\/blog\/wp-content\/uploads\/2025\/06\/Gilberto-Mora-de-Xolos.jpg?fit=1200%2C675&ssl=1&resize=525%2C300 1.5x, https:\/\/i0.wp.com\/soclose.mx\/blog\/wp-content\/uploads\/2025\/06\/Gilberto-Mora-de-Xolos.jpg?fit=1200%2C675&ssl=1&resize=700%2C400 2x, https:\/\/i0.wp.com\/soclose.mx\/blog\/wp-content\/uploads\/2025\/06\/Gilberto-Mora-de-Xolos.jpg?fit=1200%2C675&ssl=1&resize=1050%2C600 3x"},"classes":[]},{"id":14568,"url":"https:\/\/soclose.mx\/blog\/news-feed\/partidos-confirmados-de-la-seleccion-mexicana-en-2025\/","url_meta":{"origin":14283,"position":4},"title":"Partidos confirmados de la Selecci\u00f3n Mexicana en 2025","author":"So Close","date":"30 diciembre, 2024","format":false,"excerpt":"Los Partidos confirmados de la Selecci\u00f3n Mexicana en 2025 prometen ser cruciales para afinar el equipo de cara a la Copa del Mundo 2026. A continuaci\u00f3n, se detallan los encuentros programados y su importancia para el desarrollo del equipo. Partidos confirmados de la Selecci\u00f3n Mexicana en 2025 Amistosos en Enero\u2026","rel":"","context":"En &quot;News feed&quot;","block_context":{"text":"News feed","link":"https:\/\/soclose.mx\/blog\/category\/news-feed\/"},"img":{"alt_text":"Javier Aguirre","src":"https:\/\/i0.wp.com\/soclose.mx\/blog\/wp-content\/uploads\/2024\/12\/Javier-Aguirre.jpg?fit=1200%2C675&ssl=1&resize=350%2C200","width":350,"height":200,"srcset":"https:\/\/i0.wp.com\/soclose.mx\/blog\/wp-content\/uploads\/2024\/12\/Javier-Aguirre.jpg?fit=1200%2C675&ssl=1&resize=350%2C200 1x, https:\/\/i0.wp.com\/soclose.mx\/blog\/wp-content\/uploads\/2024\/12\/Javier-Aguirre.jpg?fit=1200%2C675&ssl=1&resize=525%2C300 1.5x, https:\/\/i0.wp.com\/soclose.mx\/blog\/wp-content\/uploads\/2024\/12\/Javier-Aguirre.jpg?fit=1200%2C675&ssl=1&resize=700%2C400 2x, https:\/\/i0.wp.com\/soclose.mx\/blog\/wp-content\/uploads\/2024\/12\/Javier-Aguirre.jpg?fit=1200%2C675&ssl=1&resize=1050%2C600 3x"},"classes":[]},{"id":12287,"url":"https:\/\/soclose.mx\/blog\/a-la-mexicana\/albures-memorables-famosos-albureados\/","url_meta":{"origin":14283,"position":5},"title":"Albures memorables: De la &#8220;mazacuata&#8221; de Belinda, al knock out de &#8220;El Canelo&#8221;","author":"Emmanuel Oviedo","date":"24 agosto, 2023","format":false,"excerpt":"Los albures nos ense\u00f1an muchas cosas, entre ellas y sobre todo el ingenio del mexicano para comunicarse en doble sentido. Esta habilidad que no tiene malas intenciones y que es un juego reconocido por la mayor\u00eda de los mexicanos. Como sabemos, hay torneos de albures y para ello no hay\u2026","rel":"","context":"En &quot;A la mexicana&quot;","block_context":{"text":"A la mexicana","link":"https:\/\/soclose.mx\/blog\/category\/a-la-mexicana\/"},"img":{"alt_text":"Albures famosos albureados","src":"https:\/\/i0.wp.com\/soclose.mx\/blog\/wp-content\/uploads\/2023\/08\/4416161727_f76db664e4_k.jpg?fit=1200%2C803&ssl=1&resize=350%2C200","width":350,"height":200,"srcset":"https:\/\/i0.wp.com\/soclose.mx\/blog\/wp-content\/uploads\/2023\/08\/4416161727_f76db664e4_k.jpg?fit=1200%2C803&ssl=1&resize=350%2C200 1x, https:\/\/i0.wp.com\/soclose.mx\/blog\/wp-content\/uploads\/2023\/08\/4416161727_f76db664e4_k.jpg?fit=1200%2C803&ssl=1&resize=525%2C300 1.5x, https:\/\/i0.wp.com\/soclose.mx\/blog\/wp-content\/uploads\/2023\/08\/4416161727_f76db664e4_k.jpg?fit=1200%2C803&ssl=1&resize=700%2C400 2x, https:\/\/i0.wp.com\/soclose.mx\/blog\/wp-content\/uploads\/2023\/08\/4416161727_f76db664e4_k.jpg?fit=1200%2C803&ssl=1&resize=1050%2C600 3x"},"classes":[]}],"jetpack_sharing_enabled":true,"_links":{"self":[{"href":"https:\/\/soclose.mx\/blog\/wp-json\/wp\/v2\/posts\/14283","targetHints":{"allow":["GET"]}}],"collection":[{"href":"https:\/\/soclose.mx\/blog\/wp-json\/wp\/v2\/posts"}],"about":[{"href":"https:\/\/soclose.mx\/blog\/wp-json\/wp\/v2\/types\/post"}],"author":[{"embeddable":true,"href":"https:\/\/soclose.mx\/blog\/wp-json\/wp\/v2\/users\/1"}],"replies":[{"embeddable":true,"href":"https:\/\/soclose.mx\/blog\/wp-json\/wp\/v2\/comments?post=14283"}],"version-history":[{"count":2,"href":"https:\/\/soclose.mx\/blog\/wp-json\/wp\/v2\/posts\/14283\/revisions"}],"predecessor-version":[{"id":14286,"href":"https:\/\/soclose.mx\/blog\/wp-json\/wp\/v2\/posts\/14283\/revisions\/14286"}],"wp:featuredmedia":[{"embeddable":true,"href":"https:\/\/soclose.mx\/blog\/wp-json\/wp\/v2\/media\/14285"}],"wp:attachment":[{"href":"https:\/\/soclose.mx\/blog\/wp-json\/wp\/v2\/media?parent=14283"}],"wp:term":[{"taxonomy":"category","embeddable":true,"href":"https:\/\/soclose.mx\/blog\/wp-json\/wp\/v2\/categories?post=14283"},{"taxonomy":"post_tag","embeddable":true,"href":"https:\/\/soclose.mx\/blog\/wp-json\/wp\/v2\/tags?post=14283"}],"curies":[{"name":"wp","href":"https:\/\/api.w.org\/{rel}","templated":true}]}}