{"id":14360,"date":"2025-11-02T18:09:18","date_gmt":"2025-11-03T00:09:18","guid":{"rendered":"https:\/\/soclose.mx\/blog\/?p=14360"},"modified":"2025-11-03T12:01:15","modified_gmt":"2025-11-03T18:01:15","slug":"amelio-robles-avila-el-coronel-trans-de-la-revolucion-mexicana","status":"publish","type":"post","link":"https:\/\/soclose.mx\/blog\/ay-goeeee\/amelio-robles-avila-el-coronel-trans-de-la-revolucion-mexicana\/","title":{"rendered":"Amelio Robles \u00c1vila: El Coronel Trans de la Revoluci\u00f3n Mexicana"},"content":{"rendered":"<p>Amelio Robles \u00c1vila, nacido el 3 de noviembre de 1889 en Xochipala, Guerrero, es una figura emblem\u00e1tica en la historia de M\u00e9xico, no solo por su participaci\u00f3n en la Revoluci\u00f3n Mexicana, sino tambi\u00e9n por ser considerado uno de los primeros casos documentados de una persona transg\u00e9nero en el pa\u00eds. Su vida y su transici\u00f3n de g\u00e9nero reflejan un contexto social y cultural complejo que desaf\u00eda las normas de su tiempo.<\/p>\n<h2 class=\"mb-2 mt-6 text-lg first:mt-3\">\u00bfQui\u00e9n fue Amelio Robles \u00c1vila?<\/h2>\n<p>Originalmente asignado como mujer al nacer, Amelia de Jes\u00fas Robles \u00c1vila se uni\u00f3 a la Revoluci\u00f3n Mexicana en su adolescencia. En un entorno conservador y patriarcal, encontr\u00f3 en la lucha armada una oportunidad para forjar su identidad masculina. Al ingresar al ej\u00e9rcito de Emiliano Zapata, adopt\u00f3 el nombre de <a href=\"https:\/\/www.cndh.org.mx\/noticia\/amelio-robles-avila-lider-revolucionario-transgenero\" target=\"_blank\" rel=\"noopener\">Amelio<\/a> y comenz\u00f3 a <a href=\"https:\/\/soclose.mx\/blog\/ay-goeeee\/conoce-a-valentina-la-mujer-revolucionaria-que-inspiro-la-famosa-salsa\/\" target=\"_blank\" rel=\"noopener\">vestirse y comportarse como hombre.<\/a> Su valent\u00eda y habilidades militares le permitieron ascender r\u00e1pidamente en las filas, alcanzando el rango de coronel.<\/p>\n<h2 class=\"mb-2 mt-6 text-lg first:mt-3\">\u00bfQu\u00e9 hizo Amelio Robles?<\/h2>\n<p>Durante la Revoluci\u00f3n, Amelio Robles se destac\u00f3 por su capacidad t\u00e1ctica y liderazgo. Particip\u00f3 en emboscadas contra el Ej\u00e9rcito Federal y fue clave en la toma de Chilpancingo, contribuyendo a la ca\u00edda del presidente Victoriano Huerta. Su destreza en el campo de batalla fue reconocida, y lleg\u00f3 a comandar grupos de hasta mil hombres. A pesar de los prejuicios de la \u00e9poca, logr\u00f3 ser aceptado como un l\u00edder militar respetado.Adem\u00e1s de su papel como combatiente, Amelio Robles tambi\u00e9n se convirti\u00f3 en un s\u00edmbolo de resistencia para las personas transg\u00e9nero. Su historia desaf\u00eda las nociones tradicionales sobre g\u00e9nero y masculinidad, mostrando que las identidades pueden ser fluidas y que la lucha por la aceptaci\u00f3n puede tomar muchas formas.<\/p>\n<h2 class=\"mb-2 mt-6 text-lg first:mt-3\">Trascendencia de Amelio Robles<\/h2>\n<p>La vida de Amelio Robles \u00c1vila es trascendental no solo por su contribuci\u00f3n a la Revoluci\u00f3n Mexicana, sino tambi\u00e9n por lo que representa en t\u00e9rminos de identidad de g\u00e9nero en M\u00e9xico. Su reconocimiento oficial como hombre por parte del gobierno mexicano en 1974, cuando se le otorg\u00f3 la condecoraci\u00f3n como Veterano de la Revoluci\u00f3n Mexicana, marc\u00f3 un hito importante para la comunidad LGBTQ+ en el pa\u00eds.A lo largo de su vida, Amelio desafi\u00f3 las normas sociales y culturales que limitaban a las personas transg\u00e9nero. Su existencia y aceptaci\u00f3n dentro del ej\u00e9rcito revolucionario abrieron un espacio para el di\u00e1logo sobre las identidades diversas en un contexto donde la homosexualidad era estigmatizada. Aunque su historia tambi\u00e9n refleja las tensiones entre los valores machistas predominantes y la lucha por los derechos individuales, su legado contin\u00faa inspirando a nuevas generaciones que buscan visibilidad y aceptaci\u00f3n.<\/p>\n<p>Amelio Robles \u00c1vila falleci\u00f3 el 2 de enero de 1984, pero su vida sigue siendo un testimonio poderoso sobre la intersecci\u00f3n entre g\u00e9nero y pol\u00edtica en M\u00e9xico. Su figura es recordada no solo como un l\u00edder militar, sino tambi\u00e9n como un pionero que desafi\u00f3 las convenciones sociales y luch\u00f3 por ser quien realmente quer\u00eda ser. La historia de Amelio Robles es una invitaci\u00f3n a reflexionar sobre la diversidad sexual y de g\u00e9nero en el contexto hist\u00f3rico mexicano y a reconocer las contribuciones significativas que han hecho las personas trans a lo largo del tiempo.<\/p>\n","protected":false},"excerpt":{"rendered":"<p>Amelio Robles \u00c1vila, nacido el 3 de noviembre de 1889 en Xochipala, Guerrero, es una figura emblem\u00e1tica en la historia de M\u00e9xico, no solo por su participaci\u00f3n en la Revoluci\u00f3n Mexicana, sino tambi\u00e9n por ser considerado uno de los primeros casos documentados de una persona transg\u00e9nero en el pa\u00eds. Su vida y su transici\u00f3n de g\u00e9nero reflejan un contexto social y cultural complejo que desaf\u00eda las normas de su tiempo. \u00bfQui\u00e9n fue Amelio Robles \u00c1vila? Originalmente asignado como mujer al nacer, Amelia de Jes\u00fas Robles \u00c1vila se uni\u00f3 a la Revoluci\u00f3n Mexicana en su adolescencia. En un entorno conservador y<\/p>\n","protected":false},"author":1,"featured_media":14362,"comment_status":"open","ping_status":"open","sticky":false,"template":"","format":"standard","meta":{"_jetpack_memberships_contains_paid_content":false,"footnotes":""},"categories":[1],"tags":[3691,3693,3694,3667,3085,3695,360,3692,856],"class_list":["post-14360","post","type-post","status-publish","format-standard","has-post-thumbnail","hentry","category-ay-goeeee","tag-amelio-robles-avila","tag-derechos-lgbtq","tag-diversidad","tag-genero","tag-historia-de-mexico","tag-identidad","tag-igualdad","tag-persona-trans","tag-revolucion-mexicana"],"yoast_head":"<!-- This site is optimized with the Yoast SEO plugin v26.7 - https:\/\/yoast.com\/wordpress\/plugins\/seo\/ -->\n<title>Amelio Robles \u00c1vila: El Coronel Trans de la Revoluci\u00f3n Mexicana - So Close<\/title>\n<meta name=\"description\" content=\"Amelio Robles \u00c1vila, nacido el 3 de noviembre de 1889 en Xochipala, Guerrero, es una figura emblem\u00e1tica en la historia de M\u00e9xico\" \/>\n<meta name=\"robots\" content=\"index, follow, max-snippet:-1, max-image-preview:large, max-video-preview:-1\" \/>\n<link rel=\"canonical\" href=\"https:\/\/soclose.mx\/blog\/tag\/juan-rulfo-frases-mujeres\/\" \/>\n<meta property=\"og:locale\" content=\"es_MX\" \/>\n<meta property=\"og:type\" content=\"article\" \/>\n<meta property=\"og:title\" content=\"Amelio Robles \u00c1vila: El Coronel Trans de la Revoluci\u00f3n Mexicana - So Close\" \/>\n<meta property=\"og:description\" content=\"Amelio Robles \u00c1vila, nacido el 3 de noviembre de 1889 en Xochipala, Guerrero, es una figura emblem\u00e1tica en la historia de M\u00e9xico\" \/>\n<meta property=\"og:url\" content=\"https:\/\/soclose.mx\/blog\/tag\/juan-rulfo-frases-mujeres\/\" \/>\n<meta property=\"og:site_name\" content=\"So Close\" \/>\n<meta property=\"article:published_time\" content=\"2025-11-03T00:09:18+00:00\" \/>\n<meta property=\"article:modified_time\" content=\"2025-11-03T18:01:15+00:00\" \/>\n<meta property=\"og:image\" content=\"https:\/\/i0.wp.com\/soclose.mx\/blog\/wp-content\/uploads\/2024\/11\/Amelio-Robles-avila-Coronel-Trans-de-la-Revolucion-Mexicana.jpg?fit=1920%2C1080&ssl=1\" \/>\n\t<meta property=\"og:image:width\" content=\"1920\" \/>\n\t<meta property=\"og:image:height\" content=\"1080\" \/>\n\t<meta property=\"og:image:type\" content=\"image\/jpeg\" \/>\n<meta name=\"author\" content=\"So Close\" \/>\n<meta name=\"twitter:card\" content=\"summary_large_image\" \/>\n<meta name=\"twitter:label1\" content=\"Escrito por\" \/>\n\t<meta name=\"twitter:data1\" content=\"So Close\" \/>\n\t<meta name=\"twitter:label2\" content=\"Tiempo de lectura\" \/>\n\t<meta name=\"twitter:data2\" content=\"3 minutos\" \/>\n<script type=\"application\/ld+json\" class=\"yoast-schema-graph\">{\"@context\":\"https:\/\/schema.org\",\"@graph\":[{\"@type\":\"Article\",\"@id\":\"https:\/\/soclose.mx\/blog\/tag\/juan-rulfo-frases-mujeres\/#article\",\"isPartOf\":{\"@id\":\"https:\/\/soclose.mx\/blog\/tag\/juan-rulfo-frases-mujeres\/\"},\"author\":{\"name\":\"So Close\",\"@id\":\"https:\/\/soclose.mx\/blog\/#\/schema\/person\/723eb117ab965b55c3e56b5d29751667\"},\"headline\":\"Amelio Robles \u00c1vila: El Coronel Trans de la Revoluci\u00f3n Mexicana\",\"datePublished\":\"2025-11-03T00:09:18+00:00\",\"dateModified\":\"2025-11-03T18:01:15+00:00\",\"mainEntityOfPage\":{\"@id\":\"https:\/\/soclose.mx\/blog\/tag\/juan-rulfo-frases-mujeres\/\"},\"wordCount\":572,\"commentCount\":0,\"publisher\":{\"@id\":\"https:\/\/soclose.mx\/blog\/#organization\"},\"image\":{\"@id\":\"https:\/\/soclose.mx\/blog\/tag\/juan-rulfo-frases-mujeres\/#primaryimage\"},\"thumbnailUrl\":\"https:\/\/i0.wp.com\/soclose.mx\/blog\/wp-content\/uploads\/2024\/11\/Amelio-Robles-avila-Coronel-Trans-de-la-Revolucion-Mexicana.jpg?fit=1920%2C1080&ssl=1\",\"keywords\":[\"Amelio Robles \u00c1vila\",\"derechos LGBTQ+\",\"diversidad\",\"g\u00e9nero\",\"Historia de M\u00e9xico\",\"identidad\",\"igualdad\",\"persona trans\",\"revolucion mexicana\"],\"articleSection\":[\"\u00a1Ay goeeee!\"],\"inLanguage\":\"es\",\"potentialAction\":[{\"@type\":\"CommentAction\",\"name\":\"Comment\",\"target\":[\"https:\/\/soclose.mx\/blog\/tag\/juan-rulfo-frases-mujeres\/#respond\"]}]},{\"@type\":\"WebPage\",\"@id\":\"https:\/\/soclose.mx\/blog\/tag\/juan-rulfo-frases-mujeres\/\",\"url\":\"https:\/\/soclose.mx\/blog\/tag\/juan-rulfo-frases-mujeres\/\",\"name\":\"Amelio Robles \u00c1vila: El Coronel Trans de la Revoluci\u00f3n Mexicana - So Close\",\"isPartOf\":{\"@id\":\"https:\/\/soclose.mx\/blog\/#website\"},\"primaryImageOfPage\":{\"@id\":\"https:\/\/soclose.mx\/blog\/tag\/juan-rulfo-frases-mujeres\/#primaryimage\"},\"image\":{\"@id\":\"https:\/\/soclose.mx\/blog\/tag\/juan-rulfo-frases-mujeres\/#primaryimage\"},\"thumbnailUrl\":\"https:\/\/i0.wp.com\/soclose.mx\/blog\/wp-content\/uploads\/2024\/11\/Amelio-Robles-avila-Coronel-Trans-de-la-Revolucion-Mexicana.jpg?fit=1920%2C1080&ssl=1\",\"datePublished\":\"2025-11-03T00:09:18+00:00\",\"dateModified\":\"2025-11-03T18:01:15+00:00\",\"description\":\"Amelio Robles \u00c1vila, nacido el 3 de noviembre de 1889 en Xochipala, Guerrero, es una figura emblem\u00e1tica en la historia de M\u00e9xico\",\"breadcrumb\":{\"@id\":\"https:\/\/soclose.mx\/blog\/tag\/juan-rulfo-frases-mujeres\/#breadcrumb\"},\"inLanguage\":\"es\",\"potentialAction\":[{\"@type\":\"ReadAction\",\"target\":[\"https:\/\/soclose.mx\/blog\/tag\/juan-rulfo-frases-mujeres\/\"]}]},{\"@type\":\"ImageObject\",\"inLanguage\":\"es\",\"@id\":\"https:\/\/soclose.mx\/blog\/tag\/juan-rulfo-frases-mujeres\/#primaryimage\",\"url\":\"https:\/\/i0.wp.com\/soclose.mx\/blog\/wp-content\/uploads\/2024\/11\/Amelio-Robles-avila-Coronel-Trans-de-la-Revolucion-Mexicana.jpg?fit=1920%2C1080&ssl=1\",\"contentUrl\":\"https:\/\/i0.wp.com\/soclose.mx\/blog\/wp-content\/uploads\/2024\/11\/Amelio-Robles-avila-Coronel-Trans-de-la-Revolucion-Mexicana.jpg?fit=1920%2C1080&ssl=1\",\"width\":1920,\"height\":1080,\"caption\":\"Amelio Robles \u00c1vila: El Coronel Trans de la Revoluci\u00f3n Mexicana\"},{\"@type\":\"BreadcrumbList\",\"@id\":\"https:\/\/soclose.mx\/blog\/tag\/juan-rulfo-frases-mujeres\/#breadcrumb\",\"itemListElement\":[{\"@type\":\"ListItem\",\"position\":1,\"name\":\"Inicio\",\"item\":\"https:\/\/soclose.mx\/blog\/\"},{\"@type\":\"ListItem\",\"position\":2,\"name\":\"Amelio Robles \u00c1vila: El Coronel Trans de la Revoluci\u00f3n Mexicana\"}]},{\"@type\":\"WebSite\",\"@id\":\"https:\/\/soclose.mx\/blog\/#website\",\"url\":\"https:\/\/soclose.mx\/blog\/\",\"name\":\"So Close\",\"description\":\"Hacemos contenidos de M\u00e9xico\",\"publisher\":{\"@id\":\"https:\/\/soclose.mx\/blog\/#organization\"},\"potentialAction\":[{\"@type\":\"SearchAction\",\"target\":{\"@type\":\"EntryPoint\",\"urlTemplate\":\"https:\/\/soclose.mx\/blog\/?s={search_term_string}\"},\"query-input\":{\"@type\":\"PropertyValueSpecification\",\"valueRequired\":true,\"valueName\":\"search_term_string\"}}],\"inLanguage\":\"es\"},{\"@type\":\"Organization\",\"@id\":\"https:\/\/soclose.mx\/blog\/#organization\",\"name\":\"So Close\",\"url\":\"https:\/\/soclose.mx\/blog\/\",\"logo\":{\"@type\":\"ImageObject\",\"inLanguage\":\"es\",\"@id\":\"https:\/\/soclose.mx\/blog\/#\/schema\/logo\/image\/\",\"url\":\"https:\/\/i0.wp.com\/soclose.mx\/blog\/wp-content\/uploads\/2020\/12\/LOGO_SOCLOSE_COLOR-e1608310133507.png?fit=2858%2C1264&ssl=1\",\"contentUrl\":\"https:\/\/i0.wp.com\/soclose.mx\/blog\/wp-content\/uploads\/2020\/12\/LOGO_SOCLOSE_COLOR-e1608310133507.png?fit=2858%2C1264&ssl=1\",\"width\":2858,\"height\":1264,\"caption\":\"So Close\"},\"image\":{\"@id\":\"https:\/\/soclose.mx\/blog\/#\/schema\/logo\/image\/\"}},{\"@type\":\"Person\",\"@id\":\"https:\/\/soclose.mx\/blog\/#\/schema\/person\/723eb117ab965b55c3e56b5d29751667\",\"name\":\"So Close\",\"image\":{\"@type\":\"ImageObject\",\"inLanguage\":\"es\",\"@id\":\"https:\/\/soclose.mx\/blog\/#\/schema\/person\/image\/\",\"url\":\"https:\/\/secure.gravatar.com\/avatar\/5a1d1d694eaf6d2c28f450f0984cbb34821b92dc49c1d088c0250fbc6a48efec?s=96&d=mm&r=g\",\"contentUrl\":\"https:\/\/secure.gravatar.com\/avatar\/5a1d1d694eaf6d2c28f450f0984cbb34821b92dc49c1d088c0250fbc6a48efec?s=96&d=mm&r=g\",\"caption\":\"So Close\"},\"sameAs\":[\"http:\/\/www.soclose.mx\",\"https:\/\/www.youtube.com\/@soclosemx\"],\"url\":\"https:\/\/soclose.mx\/blog\/author\/admin\/\"}]}<\/script>\n<!-- \/ Yoast SEO plugin. -->","yoast_head_json":{"title":"Amelio Robles \u00c1vila: El Coronel Trans de la Revoluci\u00f3n Mexicana - So Close","description":"Amelio Robles \u00c1vila, nacido el 3 de noviembre de 1889 en Xochipala, Guerrero, es una figura emblem\u00e1tica en la historia de M\u00e9xico","robots":{"index":"index","follow":"follow","max-snippet":"max-snippet:-1","max-image-preview":"max-image-preview:large","max-video-preview":"max-video-preview:-1"},"canonical":"https:\/\/soclose.mx\/blog\/tag\/juan-rulfo-frases-mujeres\/","og_locale":"es_MX","og_type":"article","og_title":"Amelio Robles \u00c1vila: El Coronel Trans de la Revoluci\u00f3n Mexicana - So Close","og_description":"Amelio Robles \u00c1vila, nacido el 3 de noviembre de 1889 en Xochipala, Guerrero, es una figura emblem\u00e1tica en la historia de M\u00e9xico","og_url":"https:\/\/soclose.mx\/blog\/tag\/juan-rulfo-frases-mujeres\/","og_site_name":"So Close","article_published_time":"2025-11-03T00:09:18+00:00","article_modified_time":"2025-11-03T18:01:15+00:00","og_image":[{"width":1920,"height":1080,"url":"https:\/\/i0.wp.com\/soclose.mx\/blog\/wp-content\/uploads\/2024\/11\/Amelio-Robles-avila-Coronel-Trans-de-la-Revolucion-Mexicana.jpg?fit=1920%2C1080&ssl=1","type":"image\/jpeg"}],"author":"So Close","twitter_card":"summary_large_image","twitter_misc":{"Escrito por":"So Close","Tiempo de lectura":"3 minutos"},"schema":{"@context":"https:\/\/schema.org","@graph":[{"@type":"Article","@id":"https:\/\/soclose.mx\/blog\/tag\/juan-rulfo-frases-mujeres\/#article","isPartOf":{"@id":"https:\/\/soclose.mx\/blog\/tag\/juan-rulfo-frases-mujeres\/"},"author":{"name":"So Close","@id":"https:\/\/soclose.mx\/blog\/#\/schema\/person\/723eb117ab965b55c3e56b5d29751667"},"headline":"Amelio Robles \u00c1vila: El Coronel Trans de la Revoluci\u00f3n Mexicana","datePublished":"2025-11-03T00:09:18+00:00","dateModified":"2025-11-03T18:01:15+00:00","mainEntityOfPage":{"@id":"https:\/\/soclose.mx\/blog\/tag\/juan-rulfo-frases-mujeres\/"},"wordCount":572,"commentCount":0,"publisher":{"@id":"https:\/\/soclose.mx\/blog\/#organization"},"image":{"@id":"https:\/\/soclose.mx\/blog\/tag\/juan-rulfo-frases-mujeres\/#primaryimage"},"thumbnailUrl":"https:\/\/i0.wp.com\/soclose.mx\/blog\/wp-content\/uploads\/2024\/11\/Amelio-Robles-avila-Coronel-Trans-de-la-Revolucion-Mexicana.jpg?fit=1920%2C1080&ssl=1","keywords":["Amelio Robles \u00c1vila","derechos LGBTQ+","diversidad","g\u00e9nero","Historia de M\u00e9xico","identidad","igualdad","persona trans","revolucion mexicana"],"articleSection":["\u00a1Ay goeeee!"],"inLanguage":"es","potentialAction":[{"@type":"CommentAction","name":"Comment","target":["https:\/\/soclose.mx\/blog\/tag\/juan-rulfo-frases-mujeres\/#respond"]}]},{"@type":"WebPage","@id":"https:\/\/soclose.mx\/blog\/tag\/juan-rulfo-frases-mujeres\/","url":"https:\/\/soclose.mx\/blog\/tag\/juan-rulfo-frases-mujeres\/","name":"Amelio Robles \u00c1vila: El Coronel Trans de la Revoluci\u00f3n Mexicana - So Close","isPartOf":{"@id":"https:\/\/soclose.mx\/blog\/#website"},"primaryImageOfPage":{"@id":"https:\/\/soclose.mx\/blog\/tag\/juan-rulfo-frases-mujeres\/#primaryimage"},"image":{"@id":"https:\/\/soclose.mx\/blog\/tag\/juan-rulfo-frases-mujeres\/#primaryimage"},"thumbnailUrl":"https:\/\/i0.wp.com\/soclose.mx\/blog\/wp-content\/uploads\/2024\/11\/Amelio-Robles-avila-Coronel-Trans-de-la-Revolucion-Mexicana.jpg?fit=1920%2C1080&ssl=1","datePublished":"2025-11-03T00:09:18+00:00","dateModified":"2025-11-03T18:01:15+00:00","description":"Amelio Robles \u00c1vila, nacido el 3 de noviembre de 1889 en Xochipala, Guerrero, es una figura emblem\u00e1tica en la historia de M\u00e9xico","breadcrumb":{"@id":"https:\/\/soclose.mx\/blog\/tag\/juan-rulfo-frases-mujeres\/#breadcrumb"},"inLanguage":"es","potentialAction":[{"@type":"ReadAction","target":["https:\/\/soclose.mx\/blog\/tag\/juan-rulfo-frases-mujeres\/"]}]},{"@type":"ImageObject","inLanguage":"es","@id":"https:\/\/soclose.mx\/blog\/tag\/juan-rulfo-frases-mujeres\/#primaryimage","url":"https:\/\/i0.wp.com\/soclose.mx\/blog\/wp-content\/uploads\/2024\/11\/Amelio-Robles-avila-Coronel-Trans-de-la-Revolucion-Mexicana.jpg?fit=1920%2C1080&ssl=1","contentUrl":"https:\/\/i0.wp.com\/soclose.mx\/blog\/wp-content\/uploads\/2024\/11\/Amelio-Robles-avila-Coronel-Trans-de-la-Revolucion-Mexicana.jpg?fit=1920%2C1080&ssl=1","width":1920,"height":1080,"caption":"Amelio Robles \u00c1vila: El Coronel Trans de la Revoluci\u00f3n Mexicana"},{"@type":"BreadcrumbList","@id":"https:\/\/soclose.mx\/blog\/tag\/juan-rulfo-frases-mujeres\/#breadcrumb","itemListElement":[{"@type":"ListItem","position":1,"name":"Inicio","item":"https:\/\/soclose.mx\/blog\/"},{"@type":"ListItem","position":2,"name":"Amelio Robles \u00c1vila: El Coronel Trans de la Revoluci\u00f3n Mexicana"}]},{"@type":"WebSite","@id":"https:\/\/soclose.mx\/blog\/#website","url":"https:\/\/soclose.mx\/blog\/","name":"So Close","description":"Hacemos contenidos de M\u00e9xico","publisher":{"@id":"https:\/\/soclose.mx\/blog\/#organization"},"potentialAction":[{"@type":"SearchAction","target":{"@type":"EntryPoint","urlTemplate":"https:\/\/soclose.mx\/blog\/?s={search_term_string}"},"query-input":{"@type":"PropertyValueSpecification","valueRequired":true,"valueName":"search_term_string"}}],"inLanguage":"es"},{"@type":"Organization","@id":"https:\/\/soclose.mx\/blog\/#organization","name":"So Close","url":"https:\/\/soclose.mx\/blog\/","logo":{"@type":"ImageObject","inLanguage":"es","@id":"https:\/\/soclose.mx\/blog\/#\/schema\/logo\/image\/","url":"https:\/\/i0.wp.com\/soclose.mx\/blog\/wp-content\/uploads\/2020\/12\/LOGO_SOCLOSE_COLOR-e1608310133507.png?fit=2858%2C1264&ssl=1","contentUrl":"https:\/\/i0.wp.com\/soclose.mx\/blog\/wp-content\/uploads\/2020\/12\/LOGO_SOCLOSE_COLOR-e1608310133507.png?fit=2858%2C1264&ssl=1","width":2858,"height":1264,"caption":"So Close"},"image":{"@id":"https:\/\/soclose.mx\/blog\/#\/schema\/logo\/image\/"}},{"@type":"Person","@id":"https:\/\/soclose.mx\/blog\/#\/schema\/person\/723eb117ab965b55c3e56b5d29751667","name":"So Close","image":{"@type":"ImageObject","inLanguage":"es","@id":"https:\/\/soclose.mx\/blog\/#\/schema\/person\/image\/","url":"https:\/\/secure.gravatar.com\/avatar\/5a1d1d694eaf6d2c28f450f0984cbb34821b92dc49c1d088c0250fbc6a48efec?s=96&d=mm&r=g","contentUrl":"https:\/\/secure.gravatar.com\/avatar\/5a1d1d694eaf6d2c28f450f0984cbb34821b92dc49c1d088c0250fbc6a48efec?s=96&d=mm&r=g","caption":"So Close"},"sameAs":["http:\/\/www.soclose.mx","https:\/\/www.youtube.com\/@soclosemx"],"url":"https:\/\/soclose.mx\/blog\/author\/admin\/"}]}},"jetpack_featured_media_url":"https:\/\/i0.wp.com\/soclose.mx\/blog\/wp-content\/uploads\/2024\/11\/Amelio-Robles-avila-Coronel-Trans-de-la-Revolucion-Mexicana.jpg?fit=1920%2C1080&ssl=1","jetpack-related-posts":[{"id":7429,"url":"https:\/\/soclose.mx\/blog\/ay-goeeee\/carla-fernanda-avila-una-mexicana-en-el-juego-del-calamar\/","url_meta":{"origin":14360,"position":0},"title":"Carla Fernanda \u00c1vila, la mexicana que le entr\u00f3 al Juego del Calamar","author":"Miguel Angel Romero","date":"14 octubre, 2021","format":false,"excerpt":"\"El juego del calamar\", la serie de Netflix sigue dando sorpresas y no s\u00f3lo porque millones de personas hablan de ella, sino porque una actriz mexicana act\u00faa en ella: Carla Fernanda \u00c1vila. La joven viaj\u00f3 a Corea del Sur hace algunos a\u00f1os mientras realizaba estudios de ingenier\u00eda en finanzas, sin\u2026","rel":"","context":"En &quot;\u00a1Ay goeeee!&quot;","block_context":{"text":"\u00a1Ay goeeee!","link":"https:\/\/soclose.mx\/blog\/category\/ay-goeeee\/"},"img":{"alt_text":"","src":"https:\/\/i0.wp.com\/soclose.mx\/blog\/wp-content\/uploads\/2021\/10\/Copia-de-Principal-So-Close-blog-7.png?fit=1200%2C677&ssl=1&resize=350%2C200","width":350,"height":200,"srcset":"https:\/\/i0.wp.com\/soclose.mx\/blog\/wp-content\/uploads\/2021\/10\/Copia-de-Principal-So-Close-blog-7.png?fit=1200%2C677&ssl=1&resize=350%2C200 1x, https:\/\/i0.wp.com\/soclose.mx\/blog\/wp-content\/uploads\/2021\/10\/Copia-de-Principal-So-Close-blog-7.png?fit=1200%2C677&ssl=1&resize=525%2C300 1.5x, https:\/\/i0.wp.com\/soclose.mx\/blog\/wp-content\/uploads\/2021\/10\/Copia-de-Principal-So-Close-blog-7.png?fit=1200%2C677&ssl=1&resize=700%2C400 2x, https:\/\/i0.wp.com\/soclose.mx\/blog\/wp-content\/uploads\/2021\/10\/Copia-de-Principal-So-Close-blog-7.png?fit=1200%2C677&ssl=1&resize=1050%2C600 3x"},"classes":[]},{"id":10029,"url":"https:\/\/soclose.mx\/blog\/a-la-mexicana\/no-esta-mal-turista-alemana-al-probar-tonayan\/","url_meta":{"origin":14360,"position":1},"title":"&#8220;No est\u00e1 mal&#8221;, turista alemana al probar Tonay\u00e1n","author":"Daniel Ram\u00edrez","date":"28 mayo, 2022","format":false,"excerpt":"Qu\u00e9 ingratos hemos sido con el Tonay\u00e1n, nunca le hemos dado el valor que se merece. Para muchos fue su primer trago, a otros los acompa\u00f1\u00f3 en la pobreza y a muchos no los dej\u00f3 en la tristeza. Afortunadamente para esta bebida, hay quien s\u00ed reconoce su importancia y hasta\u2026","rel":"","context":"En &quot;A la mexicana&quot;","block_context":{"text":"A la mexicana","link":"https:\/\/soclose.mx\/blog\/category\/a-la-mexicana\/"},"img":{"alt_text":"","src":"https:\/\/i0.wp.com\/soclose.mx\/blog\/wp-content\/uploads\/2022\/05\/WhatsApp-Image-2022-05-28-at-5.49.42-PM-1.jpeg?fit=567%2C309&ssl=1&resize=350%2C200","width":350,"height":200,"srcset":"https:\/\/i0.wp.com\/soclose.mx\/blog\/wp-content\/uploads\/2022\/05\/WhatsApp-Image-2022-05-28-at-5.49.42-PM-1.jpeg?fit=567%2C309&ssl=1&resize=350%2C200 1x, https:\/\/i0.wp.com\/soclose.mx\/blog\/wp-content\/uploads\/2022\/05\/WhatsApp-Image-2022-05-28-at-5.49.42-PM-1.jpeg?fit=567%2C309&ssl=1&resize=525%2C300 1.5x"},"classes":[]},{"id":12205,"url":"https:\/\/soclose.mx\/blog\/a-la-mexicana\/datos-curiosos-no-conocias-ex-presidentes-mexico\/","url_meta":{"origin":14360,"position":2},"title":"Ex presidentes de M\u00e9xico: Datos curiosos que no conoc\u00edas","author":"Emmanuel Oviedo","date":"7 agosto, 2023","format":false,"excerpt":"La historia es mucho m\u00e1s que los libros de texto oficiales, fechas y nombres de pa\u00edses involucrados casi siempre en alguna guerra o conflicto. \u00bfTe imaginas que de pronto la clase de historia se convirtiera en una sorpresiva conferencia de chismes, amor\u00edos, datos curiosos y que los protagonistas sean los\u2026","rel":"","context":"En &quot;A la mexicana&quot;","block_context":{"text":"A la mexicana","link":"https:\/\/soclose.mx\/blog\/category\/a-la-mexicana\/"},"img":{"alt_text":"Ex presidentes de M\u00e9xico datos curiosos","src":"https:\/\/i0.wp.com\/soclose.mx\/blog\/wp-content\/uploads\/2023\/08\/Ex-presidentes-de-Mexico-datos-curiosos-chismes.jpg?fit=1200%2C984&ssl=1&resize=350%2C200","width":350,"height":200,"srcset":"https:\/\/i0.wp.com\/soclose.mx\/blog\/wp-content\/uploads\/2023\/08\/Ex-presidentes-de-Mexico-datos-curiosos-chismes.jpg?fit=1200%2C984&ssl=1&resize=350%2C200 1x, https:\/\/i0.wp.com\/soclose.mx\/blog\/wp-content\/uploads\/2023\/08\/Ex-presidentes-de-Mexico-datos-curiosos-chismes.jpg?fit=1200%2C984&ssl=1&resize=525%2C300 1.5x, https:\/\/i0.wp.com\/soclose.mx\/blog\/wp-content\/uploads\/2023\/08\/Ex-presidentes-de-Mexico-datos-curiosos-chismes.jpg?fit=1200%2C984&ssl=1&resize=700%2C400 2x, https:\/\/i0.wp.com\/soclose.mx\/blog\/wp-content\/uploads\/2023\/08\/Ex-presidentes-de-Mexico-datos-curiosos-chismes.jpg?fit=1200%2C984&ssl=1&resize=1050%2C600 3x"},"classes":[]},{"id":9824,"url":"https:\/\/soclose.mx\/blog\/a-la-mexicana\/el-vocho-navegante-de-chapala\/","url_meta":{"origin":14360,"position":3},"title":"El Vocho navegante de Chapala","author":"Daniel Ram\u00edrez","date":"12 mayo, 2022","format":false,"excerpt":"Todo sucedi\u00f3 el 8 de septiembre de 1968 en el estado de Jalisco. Cientos de personas llegaron al Lago de Chapala para ver algo fuera de lo com\u00fan,. Los peri\u00f3dicos de Jalisco publicaron la noticia, pero la gente no lo cre\u00eda, por eso fueron hasta el lago para comprobar el\u2026","rel":"","context":"En &quot;\u00a1Ay goeeee!&quot;","block_context":{"text":"\u00a1Ay goeeee!","link":"https:\/\/soclose.mx\/blog\/category\/ay-goeeee\/"},"img":{"alt_text":"","src":"https:\/\/i0.wp.com\/soclose.mx\/blog\/wp-content\/uploads\/2022\/05\/Captura-de-Pantalla-2022-05-12-a-las-18.13.24.png?fit=692%2C380&ssl=1&resize=350%2C200","width":350,"height":200,"srcset":"https:\/\/i0.wp.com\/soclose.mx\/blog\/wp-content\/uploads\/2022\/05\/Captura-de-Pantalla-2022-05-12-a-las-18.13.24.png?fit=692%2C380&ssl=1&resize=350%2C200 1x, https:\/\/i0.wp.com\/soclose.mx\/blog\/wp-content\/uploads\/2022\/05\/Captura-de-Pantalla-2022-05-12-a-las-18.13.24.png?fit=692%2C380&ssl=1&resize=525%2C300 1.5x"},"classes":[]},{"id":14828,"url":"https:\/\/soclose.mx\/blog\/a-la-mexicana\/frases-populares-que-nacieron-en-la-revolucion-mexicana-y-que-sigues-usandola-revolucion-mexicana-1910-1920-no-solo-fue-un-conflicto-armado-que-transformo-la-historia-politica-y-social-de-m\/","url_meta":{"origin":14360,"position":4},"title":"Frases populares que nacieron en la Revoluci\u00f3n Mexicana\u2026 y que sigues usando","author":"So Close","date":"18 noviembre, 2025","format":false,"excerpt":"La Revoluci\u00f3n Mexicana (1910-1920) no solo fue un conflicto armado que transform\u00f3 la historia pol\u00edtica y social de M\u00e9xico, tambi\u00e9n fue una fuente rica de expresiones coloquiales que a\u00fan hoy forman parte del lenguaje cotidiano. Muchas de estas frases populares que nacieron en la Revoluci\u00f3n Mexicana, fue en medio de\u2026","rel":"","context":"En &quot;\u00a1Ay goeeee!&quot;","block_context":{"text":"\u00a1Ay goeeee!","link":"https:\/\/soclose.mx\/blog\/category\/ay-goeeee\/"},"img":{"alt_text":"Revoluci\u00f3n Mexicana","src":"https:\/\/i0.wp.com\/soclose.mx\/blog\/wp-content\/uploads\/2025\/05\/Revolucion-Mexicana.jpg?fit=1200%2C675&ssl=1&resize=350%2C200","width":350,"height":200,"srcset":"https:\/\/i0.wp.com\/soclose.mx\/blog\/wp-content\/uploads\/2025\/05\/Revolucion-Mexicana.jpg?fit=1200%2C675&ssl=1&resize=350%2C200 1x, https:\/\/i0.wp.com\/soclose.mx\/blog\/wp-content\/uploads\/2025\/05\/Revolucion-Mexicana.jpg?fit=1200%2C675&ssl=1&resize=525%2C300 1.5x, https:\/\/i0.wp.com\/soclose.mx\/blog\/wp-content\/uploads\/2025\/05\/Revolucion-Mexicana.jpg?fit=1200%2C675&ssl=1&resize=700%2C400 2x, https:\/\/i0.wp.com\/soclose.mx\/blog\/wp-content\/uploads\/2025\/05\/Revolucion-Mexicana.jpg?fit=1200%2C675&ssl=1&resize=1050%2C600 3x"},"classes":[]},{"id":14887,"url":"https:\/\/soclose.mx\/blog\/ay-goeeee\/wendy-guevara-mas-alla-de-un-simbolo-trans-es-resiliencia-autenticidad-y-talento\/","url_meta":{"origin":14360,"position":5},"title":"Wendy Guevara: m\u00e1s all\u00e1 de un s\u00edmbolo trans es resiliencia, autenticidad y talento","author":"So Close","date":"4 agosto, 2025","format":false,"excerpt":"Wendy, nacida el 12 de agosto de 1993 en Le\u00f3n, Guanajuato, es hoy una de las figuras m\u00e1s destacadas del entretenimiento y activismo trans en M\u00e9xico. Proveniente de una familia dedicada a la fabricaci\u00f3n de calzado y enfrentando un entorno de adversidades, la historia de Wendy Guevara: m\u00e1s all\u00e1 de\u2026","rel":"","context":"En &quot;\u00a1Ay goeeee!&quot;","block_context":{"text":"\u00a1Ay goeeee!","link":"https:\/\/soclose.mx\/blog\/category\/ay-goeeee\/"},"img":{"alt_text":"Wendy Guevara","src":"https:\/\/i0.wp.com\/soclose.mx\/blog\/wp-content\/uploads\/2025\/08\/Wendy-Guevara.jpg?fit=1200%2C675&ssl=1&resize=350%2C200","width":350,"height":200,"srcset":"https:\/\/i0.wp.com\/soclose.mx\/blog\/wp-content\/uploads\/2025\/08\/Wendy-Guevara.jpg?fit=1200%2C675&ssl=1&resize=350%2C200 1x, https:\/\/i0.wp.com\/soclose.mx\/blog\/wp-content\/uploads\/2025\/08\/Wendy-Guevara.jpg?fit=1200%2C675&ssl=1&resize=525%2C300 1.5x, https:\/\/i0.wp.com\/soclose.mx\/blog\/wp-content\/uploads\/2025\/08\/Wendy-Guevara.jpg?fit=1200%2C675&ssl=1&resize=700%2C400 2x, https:\/\/i0.wp.com\/soclose.mx\/blog\/wp-content\/uploads\/2025\/08\/Wendy-Guevara.jpg?fit=1200%2C675&ssl=1&resize=1050%2C600 3x"},"classes":[]}],"jetpack_sharing_enabled":true,"_links":{"self":[{"href":"https:\/\/soclose.mx\/blog\/wp-json\/wp\/v2\/posts\/14360","targetHints":{"allow":["GET"]}}],"collection":[{"href":"https:\/\/soclose.mx\/blog\/wp-json\/wp\/v2\/posts"}],"about":[{"href":"https:\/\/soclose.mx\/blog\/wp-json\/wp\/v2\/types\/post"}],"author":[{"embeddable":true,"href":"https:\/\/soclose.mx\/blog\/wp-json\/wp\/v2\/users\/1"}],"replies":[{"embeddable":true,"href":"https:\/\/soclose.mx\/blog\/wp-json\/wp\/v2\/comments?post=14360"}],"version-history":[{"count":1,"href":"https:\/\/soclose.mx\/blog\/wp-json\/wp\/v2\/posts\/14360\/revisions"}],"predecessor-version":[{"id":14363,"href":"https:\/\/soclose.mx\/blog\/wp-json\/wp\/v2\/posts\/14360\/revisions\/14363"}],"wp:featuredmedia":[{"embeddable":true,"href":"https:\/\/soclose.mx\/blog\/wp-json\/wp\/v2\/media\/14362"}],"wp:attachment":[{"href":"https:\/\/soclose.mx\/blog\/wp-json\/wp\/v2\/media?parent=14360"}],"wp:term":[{"taxonomy":"category","embeddable":true,"href":"https:\/\/soclose.mx\/blog\/wp-json\/wp\/v2\/categories?post=14360"},{"taxonomy":"post_tag","embeddable":true,"href":"https:\/\/soclose.mx\/blog\/wp-json\/wp\/v2\/tags?post=14360"}],"curies":[{"name":"wp","href":"https:\/\/api.w.org\/{rel}","templated":true}]}}