{"id":14474,"date":"2024-11-21T21:17:42","date_gmt":"2024-11-22T03:17:42","guid":{"rendered":"https:\/\/soclose.mx\/blog\/?p=14474"},"modified":"2024-11-21T21:17:42","modified_gmt":"2024-11-22T03:17:42","slug":"mexicanos-estaran-en-coachella-2025","status":"publish","type":"post","link":"https:\/\/soclose.mx\/blog\/news-feed\/mexicanos-estaran-en-coachella-2025\/","title":{"rendered":"\u00bfQu\u00e9 mexicanos estar\u00e1n en Coachella 2025?"},"content":{"rendered":"<div class=\"markdown markdown-main-panel response-optimization\" dir=\"ltr\">\n<p data-sourcepos=\"5:1-5:397\">El festival de m\u00fasica y artes m\u00e1s famoso del mundo, <strong>Coachella,<\/strong> vuelve a abrir sus puertas en 2025 y, una vez m\u00e1s, la <a href=\"https:\/\/soclose.mx\/blog\/a-la-mexicana\/datos-insolitos-de-la-vida-y-obra-de-juan-gabriel-el-divo-de-juarez\/\" target=\"_blank\" rel=\"noopener\">m\u00fasica mexicana<\/a> se har\u00e1 presente en el ic\u00f3nico Empire Polo Club de Indio, California. En esta edici\u00f3n, dos de los m\u00e1ximos exponentes de la m\u00fasica urbana mexicana, <strong>El Malilla<\/strong> y <strong>Junior H<\/strong>, ser\u00e1n los mexicanos que estar\u00e1n en <a href=\"https:\/\/www.coachella.com\/passes\" target=\"_blank\" rel=\"noopener\">Coachella 2025<\/a> y pondr\u00e1n a bailar a miles de asistentes con sus ritmos pegadizos y letras locas.<\/p>\n<ol class=\"marker:text-textOff list-decimal pl-8\">\n<li><a href=\"https:\/\/www.instagram.com\/elmalilla_\/\" target=\"_blank\" rel=\"noopener\"><strong>El Malilla<\/strong><\/a>:\n<ul class=\"marker:text-textOff list-disc\">\n<li><strong>Nombre real<\/strong>: Fernando Hern\u00e1ndez Flores.<\/li>\n<li><strong>G\u00e9nero<\/strong>: Reguet\u00f3n.<\/li>\n<li><strong>Origen<\/strong>: Valle de Chalco, Estado de M\u00e9xico.<\/li>\n<li><strong>Estilo musical<\/strong>: Se caracteriza por ritmos pegajosos y letras que reflejan la vida en barrios populares. Su popularidad ha crecido r\u00e1pidamente, acumulando m\u00e1s de 8 millones de oyentes mensuales en plataformas de streaming. <strong>Se presentar\u00e1 en los fines de semana del 12 y 19 de abril de 2025<\/strong><\/li>\n<\/ul>\n<\/li>\n<li><strong>Junior H<\/strong>:\n<ul class=\"marker:text-textOff list-disc\">\n<li><strong>Nombre real<\/strong>: Antonio Herrera P\u00e9rez.<\/li>\n<li><strong>G\u00e9nero<\/strong>: Corridos tumbados.<\/li>\n<li><strong>Origen<\/strong>: Guanajuato, aunque se mud\u00f3 a Utah, EE. UU., a los 15 a\u00f1os.<\/li>\n<li><strong>Estilo musical<\/strong>: Combina el regional mexicano con influencias del trap, abordando temas contempor\u00e1neos como el amor y la juventud. Junior H <strong>se presentar\u00e1 el 13 y 20 de abril de 2025<\/strong> y ha sido reconocido como uno de los exponentes m\u00e1s importantes del g\u00e9nero<\/li>\n<\/ul>\n<\/li>\n<\/ol>\n<h2 data-sourcepos=\"9:1-9:75\">\u00bfQu\u00e9 hace especial la presencia de los mexicanos que estar\u00e1n en Coachella 2025?<\/h2>\n<ul data-sourcepos=\"11:1-14:0\">\n<li data-sourcepos=\"11:1-11:190\"><strong>Diversidad musical:<\/strong> M\u00e9xico es un pa\u00eds con una rica diversidad musical, y Coachella es una plataforma ideal para mostrar al mundo la variedad de g\u00e9neros que se producen en nuestro pa\u00eds.<\/li>\n<li data-sourcepos=\"12:1-12:243\"><strong>Crecimiento de la m\u00fasica urbana:<\/strong> La m\u00fasica urbana mexicana, con exponentes como El Malilla y Junior H, ha experimentado un crecimiento exponencial en los \u00faltimos a\u00f1os, posicion\u00e1ndose como uno de los g\u00e9neros m\u00e1s populares a nivel mundial.<\/li>\n<li data-sourcepos=\"13:1-14:0\"><strong>Visibilidad internacional:<\/strong> Coachella es uno de los festivales m\u00e1s medi\u00e1ticos del mundo, lo que significa que la participaci\u00f3n de artistas mexicanos en este evento les brinda una gran visibilidad internacional y les permite llegar a nuevos p\u00fablicos.<\/li>\n<\/ul>\n<h3 data-sourcepos=\"15:1-15:76\"><strong>\u00bfQu\u00e9 podemos esperar de las presentaciones de El Malilla y Junior H?<\/strong><\/h3>\n<p data-sourcepos=\"17:1-17:278\">Tanto El Malilla como Junior H son conocidos por sus en\u00e9rgicos shows en vivo, llenos de ritmo y energ\u00eda. En Coachella, podemos esperar presentaciones inolvidables en las que interpretar\u00e1n sus mayores \u00e9xitos y, posiblemente, algunos adelantos de sus pr\u00f3ximos proyectos musicales.<\/p>\n<h3 data-sourcepos=\"19:1-19:59\"><strong>La importancia de Coachella para la m\u00fasica mexicana<\/strong><\/h3>\n<p data-sourcepos=\"21:1-21:338\">La participaci\u00f3n de artistas mexicanos en Coachella es un hito importante para la industria musical de nuestro pa\u00eds. Este evento no solo les brinda una plataforma para mostrar su talento al mundo, sino que tambi\u00e9n inspira a nuevas generaciones de m\u00fasicos a perseguir sus sue\u00f1os y a creer en el poder de la m\u00fasica para unir a las personas.<\/p>\n<figure id=\"attachment_14475\" aria-describedby=\"caption-attachment-14475\" style=\"width: 452px\" class=\"wp-caption alignnone\"><img data-recalc-dims=\"1\" fetchpriority=\"high\" decoding=\"async\" class=\" wp-image-14475\" src=\"https:\/\/i0.wp.com\/soclose.mx\/blog\/wp-content\/uploads\/2024\/11\/Gc3H4ZcaEAA7qGS.jpg?resize=452%2C565&#038;ssl=1\" alt=\"Mexicanos en el Coachella 2025\" width=\"452\" height=\"565\" srcset=\"https:\/\/i0.wp.com\/soclose.mx\/blog\/wp-content\/uploads\/2024\/11\/Gc3H4ZcaEAA7qGS.jpg?resize=819%2C1024&amp;ssl=1 819w, https:\/\/i0.wp.com\/soclose.mx\/blog\/wp-content\/uploads\/2024\/11\/Gc3H4ZcaEAA7qGS.jpg?resize=240%2C300&amp;ssl=1 240w, https:\/\/i0.wp.com\/soclose.mx\/blog\/wp-content\/uploads\/2024\/11\/Gc3H4ZcaEAA7qGS.jpg?resize=768%2C960&amp;ssl=1 768w, https:\/\/i0.wp.com\/soclose.mx\/blog\/wp-content\/uploads\/2024\/11\/Gc3H4ZcaEAA7qGS.jpg?resize=150%2C188&amp;ssl=1 150w, https:\/\/i0.wp.com\/soclose.mx\/blog\/wp-content\/uploads\/2024\/11\/Gc3H4ZcaEAA7qGS.jpg?resize=300%2C375&amp;ssl=1 300w, https:\/\/i0.wp.com\/soclose.mx\/blog\/wp-content\/uploads\/2024\/11\/Gc3H4ZcaEAA7qGS.jpg?resize=696%2C870&amp;ssl=1 696w, https:\/\/i0.wp.com\/soclose.mx\/blog\/wp-content\/uploads\/2024\/11\/Gc3H4ZcaEAA7qGS.jpg?w=960&amp;ssl=1 960w\" sizes=\"(max-width: 452px) 100vw, 452px\" \/><figcaption id=\"caption-attachment-14475\" class=\"wp-caption-text\">Mexicanos en el Coachella 2025<\/figcaption><\/figure>\n<p data-sourcepos=\"23:1-23:325\">La presencia de El Malilla y Junior H en Coachella 2025 es una muestra del creciente reconocimiento de la m\u00fasica mexicana a nivel internacional. Este evento representa una oportunidad \u00fanica para que estos artistas conecten con un p\u00fablico global y consoliden su posici\u00f3n como referentes de la m\u00fasica urbana.<\/p>\n<\/div>\n","protected":false},"excerpt":{"rendered":"<p>El festival de m\u00fasica y artes m\u00e1s famoso del mundo, Coachella, vuelve a abrir sus puertas en 2025 y, una vez m\u00e1s, la m\u00fasica mexicana se har\u00e1 presente en el ic\u00f3nico Empire Polo Club de Indio, California. En esta edici\u00f3n, dos de los m\u00e1ximos exponentes de la m\u00fasica urbana mexicana, El Malilla y Junior H, ser\u00e1n los mexicanos que estar\u00e1n en Coachella 2025 y pondr\u00e1n a bailar a miles de asistentes con sus ritmos pegadizos y letras locas. El Malilla: Nombre real: Fernando Hern\u00e1ndez Flores. G\u00e9nero: Reguet\u00f3n. Origen: Valle de Chalco, Estado de M\u00e9xico. Estilo musical: Se caracteriza por ritmos<\/p>\n","protected":false},"author":1,"featured_media":14476,"comment_status":"open","ping_status":"open","sticky":false,"template":"","format":"standard","meta":{"_jetpack_memberships_contains_paid_content":false,"footnotes":""},"categories":[628],"tags":[3720,3727,3719,3721,3725,3724,3726,3722,3474,3723],"class_list":["post-14474","post","type-post","status-publish","format-standard","has-post-thumbnail","hentry","category-news-feed","tag-artistas-mexicanos","tag-california","tag-coachella-2025","tag-el-malilla","tag-empire-polo-club","tag-festival-de-musica","tag-indio","tag-junior-h","tag-musica-latina","tag-musica-urbana-mexicana"],"yoast_head":"<!-- This site is optimized with the Yoast SEO plugin v26.7 - https:\/\/yoast.com\/wordpress\/plugins\/seo\/ -->\n<title>\u00bfQu\u00e9 mexicanos estar\u00e1n en Coachella 2025? - So Close<\/title>\n<meta name=\"description\" content=\"En esta edici\u00f3n, dos de los m\u00e1ximos exponentes de la m\u00fasica urbana mexicana ser\u00e1n los mexicanos que estar\u00e1n en Coachella 2025\" \/>\n<meta name=\"robots\" content=\"index, follow, max-snippet:-1, max-image-preview:large, max-video-preview:-1\" \/>\n<link rel=\"canonical\" href=\"https:\/\/soclose.mx\/blog\/tag\/juan-rulfo-frases-mujeres\/\" \/>\n<meta property=\"og:locale\" content=\"es_MX\" \/>\n<meta property=\"og:type\" content=\"article\" \/>\n<meta property=\"og:title\" content=\"\u00bfQu\u00e9 mexicanos estar\u00e1n en Coachella 2025? - So Close\" \/>\n<meta property=\"og:description\" content=\"En esta edici\u00f3n, dos de los m\u00e1ximos exponentes de la m\u00fasica urbana mexicana ser\u00e1n los mexicanos que estar\u00e1n en Coachella 2025\" \/>\n<meta property=\"og:url\" content=\"https:\/\/soclose.mx\/blog\/tag\/juan-rulfo-frases-mujeres\/\" \/>\n<meta property=\"og:site_name\" content=\"So Close\" \/>\n<meta property=\"article:published_time\" content=\"2024-11-22T03:17:42+00:00\" \/>\n<meta property=\"og:image\" content=\"https:\/\/i0.wp.com\/soclose.mx\/blog\/wp-content\/uploads\/2024\/11\/coachella-2025.jpg?fit=1920%2C1080&ssl=1\" \/>\n\t<meta property=\"og:image:width\" content=\"1920\" \/>\n\t<meta property=\"og:image:height\" content=\"1080\" \/>\n\t<meta property=\"og:image:type\" content=\"image\/jpeg\" \/>\n<meta name=\"author\" content=\"So Close\" \/>\n<meta name=\"twitter:card\" content=\"summary_large_image\" \/>\n<meta name=\"twitter:label1\" content=\"Escrito por\" \/>\n\t<meta name=\"twitter:data1\" content=\"So Close\" \/>\n\t<meta name=\"twitter:label2\" content=\"Tiempo de lectura\" \/>\n\t<meta name=\"twitter:data2\" content=\"3 minutos\" \/>\n<script type=\"application\/ld+json\" class=\"yoast-schema-graph\">{\"@context\":\"https:\/\/schema.org\",\"@graph\":[{\"@type\":\"Article\",\"@id\":\"https:\/\/soclose.mx\/blog\/tag\/juan-rulfo-frases-mujeres\/#article\",\"isPartOf\":{\"@id\":\"https:\/\/soclose.mx\/blog\/tag\/juan-rulfo-frases-mujeres\/\"},\"author\":{\"name\":\"So Close\",\"@id\":\"https:\/\/soclose.mx\/blog\/#\/schema\/person\/723eb117ab965b55c3e56b5d29751667\"},\"headline\":\"\u00bfQu\u00e9 mexicanos estar\u00e1n en Coachella 2025?\",\"datePublished\":\"2024-11-22T03:17:42+00:00\",\"mainEntityOfPage\":{\"@id\":\"https:\/\/soclose.mx\/blog\/tag\/juan-rulfo-frases-mujeres\/\"},\"wordCount\":554,\"commentCount\":0,\"publisher\":{\"@id\":\"https:\/\/soclose.mx\/blog\/#organization\"},\"image\":{\"@id\":\"https:\/\/soclose.mx\/blog\/tag\/juan-rulfo-frases-mujeres\/#primaryimage\"},\"thumbnailUrl\":\"https:\/\/i0.wp.com\/soclose.mx\/blog\/wp-content\/uploads\/2024\/11\/coachella-2025.jpg?fit=1920%2C1080&ssl=1\",\"keywords\":[\"artistas mexicanos\",\"California\",\"Coachella 2025\",\"El Malilla\",\"Empire Polo Club\",\"festival de m\u00fasica\",\"Indio\",\"Junior H\",\"m\u00fasica latina\",\"m\u00fasica urbana mexicana\"],\"articleSection\":[\"News feed\"],\"inLanguage\":\"es\",\"potentialAction\":[{\"@type\":\"CommentAction\",\"name\":\"Comment\",\"target\":[\"https:\/\/soclose.mx\/blog\/tag\/juan-rulfo-frases-mujeres\/#respond\"]}]},{\"@type\":\"WebPage\",\"@id\":\"https:\/\/soclose.mx\/blog\/tag\/juan-rulfo-frases-mujeres\/\",\"url\":\"https:\/\/soclose.mx\/blog\/tag\/juan-rulfo-frases-mujeres\/\",\"name\":\"\u00bfQu\u00e9 mexicanos estar\u00e1n en Coachella 2025? - So Close\",\"isPartOf\":{\"@id\":\"https:\/\/soclose.mx\/blog\/#website\"},\"primaryImageOfPage\":{\"@id\":\"https:\/\/soclose.mx\/blog\/tag\/juan-rulfo-frases-mujeres\/#primaryimage\"},\"image\":{\"@id\":\"https:\/\/soclose.mx\/blog\/tag\/juan-rulfo-frases-mujeres\/#primaryimage\"},\"thumbnailUrl\":\"https:\/\/i0.wp.com\/soclose.mx\/blog\/wp-content\/uploads\/2024\/11\/coachella-2025.jpg?fit=1920%2C1080&ssl=1\",\"datePublished\":\"2024-11-22T03:17:42+00:00\",\"description\":\"En esta edici\u00f3n, dos de los m\u00e1ximos exponentes de la m\u00fasica urbana mexicana ser\u00e1n los mexicanos que estar\u00e1n en Coachella 2025\",\"breadcrumb\":{\"@id\":\"https:\/\/soclose.mx\/blog\/tag\/juan-rulfo-frases-mujeres\/#breadcrumb\"},\"inLanguage\":\"es\",\"potentialAction\":[{\"@type\":\"ReadAction\",\"target\":[\"https:\/\/soclose.mx\/blog\/tag\/juan-rulfo-frases-mujeres\/\"]}]},{\"@type\":\"ImageObject\",\"inLanguage\":\"es\",\"@id\":\"https:\/\/soclose.mx\/blog\/tag\/juan-rulfo-frases-mujeres\/#primaryimage\",\"url\":\"https:\/\/i0.wp.com\/soclose.mx\/blog\/wp-content\/uploads\/2024\/11\/coachella-2025.jpg?fit=1920%2C1080&ssl=1\",\"contentUrl\":\"https:\/\/i0.wp.com\/soclose.mx\/blog\/wp-content\/uploads\/2024\/11\/coachella-2025.jpg?fit=1920%2C1080&ssl=1\",\"width\":1920,\"height\":1080,\"caption\":\"coachella 2025\"},{\"@type\":\"BreadcrumbList\",\"@id\":\"https:\/\/soclose.mx\/blog\/tag\/juan-rulfo-frases-mujeres\/#breadcrumb\",\"itemListElement\":[{\"@type\":\"ListItem\",\"position\":1,\"name\":\"Inicio\",\"item\":\"https:\/\/soclose.mx\/blog\/\"},{\"@type\":\"ListItem\",\"position\":2,\"name\":\"\u00bfQu\u00e9 mexicanos estar\u00e1n en Coachella 2025?\"}]},{\"@type\":\"WebSite\",\"@id\":\"https:\/\/soclose.mx\/blog\/#website\",\"url\":\"https:\/\/soclose.mx\/blog\/\",\"name\":\"So Close\",\"description\":\"Hacemos contenidos de M\u00e9xico\",\"publisher\":{\"@id\":\"https:\/\/soclose.mx\/blog\/#organization\"},\"potentialAction\":[{\"@type\":\"SearchAction\",\"target\":{\"@type\":\"EntryPoint\",\"urlTemplate\":\"https:\/\/soclose.mx\/blog\/?s={search_term_string}\"},\"query-input\":{\"@type\":\"PropertyValueSpecification\",\"valueRequired\":true,\"valueName\":\"search_term_string\"}}],\"inLanguage\":\"es\"},{\"@type\":\"Organization\",\"@id\":\"https:\/\/soclose.mx\/blog\/#organization\",\"name\":\"So Close\",\"url\":\"https:\/\/soclose.mx\/blog\/\",\"logo\":{\"@type\":\"ImageObject\",\"inLanguage\":\"es\",\"@id\":\"https:\/\/soclose.mx\/blog\/#\/schema\/logo\/image\/\",\"url\":\"https:\/\/i0.wp.com\/soclose.mx\/blog\/wp-content\/uploads\/2020\/12\/LOGO_SOCLOSE_COLOR-e1608310133507.png?fit=2858%2C1264&ssl=1\",\"contentUrl\":\"https:\/\/i0.wp.com\/soclose.mx\/blog\/wp-content\/uploads\/2020\/12\/LOGO_SOCLOSE_COLOR-e1608310133507.png?fit=2858%2C1264&ssl=1\",\"width\":2858,\"height\":1264,\"caption\":\"So Close\"},\"image\":{\"@id\":\"https:\/\/soclose.mx\/blog\/#\/schema\/logo\/image\/\"}},{\"@type\":\"Person\",\"@id\":\"https:\/\/soclose.mx\/blog\/#\/schema\/person\/723eb117ab965b55c3e56b5d29751667\",\"name\":\"So Close\",\"image\":{\"@type\":\"ImageObject\",\"inLanguage\":\"es\",\"@id\":\"https:\/\/soclose.mx\/blog\/#\/schema\/person\/image\/\",\"url\":\"https:\/\/secure.gravatar.com\/avatar\/5a1d1d694eaf6d2c28f450f0984cbb34821b92dc49c1d088c0250fbc6a48efec?s=96&d=mm&r=g\",\"contentUrl\":\"https:\/\/secure.gravatar.com\/avatar\/5a1d1d694eaf6d2c28f450f0984cbb34821b92dc49c1d088c0250fbc6a48efec?s=96&d=mm&r=g\",\"caption\":\"So Close\"},\"sameAs\":[\"http:\/\/www.soclose.mx\",\"https:\/\/www.youtube.com\/@soclosemx\"],\"url\":\"https:\/\/soclose.mx\/blog\/author\/admin\/\"}]}<\/script>\n<!-- \/ Yoast SEO plugin. -->","yoast_head_json":{"title":"\u00bfQu\u00e9 mexicanos estar\u00e1n en Coachella 2025? - So Close","description":"En esta edici\u00f3n, dos de los m\u00e1ximos exponentes de la m\u00fasica urbana mexicana ser\u00e1n los mexicanos que estar\u00e1n en Coachella 2025","robots":{"index":"index","follow":"follow","max-snippet":"max-snippet:-1","max-image-preview":"max-image-preview:large","max-video-preview":"max-video-preview:-1"},"canonical":"https:\/\/soclose.mx\/blog\/tag\/juan-rulfo-frases-mujeres\/","og_locale":"es_MX","og_type":"article","og_title":"\u00bfQu\u00e9 mexicanos estar\u00e1n en Coachella 2025? - So Close","og_description":"En esta edici\u00f3n, dos de los m\u00e1ximos exponentes de la m\u00fasica urbana mexicana ser\u00e1n los mexicanos que estar\u00e1n en Coachella 2025","og_url":"https:\/\/soclose.mx\/blog\/tag\/juan-rulfo-frases-mujeres\/","og_site_name":"So Close","article_published_time":"2024-11-22T03:17:42+00:00","og_image":[{"width":1920,"height":1080,"url":"https:\/\/i0.wp.com\/soclose.mx\/blog\/wp-content\/uploads\/2024\/11\/coachella-2025.jpg?fit=1920%2C1080&ssl=1","type":"image\/jpeg"}],"author":"So Close","twitter_card":"summary_large_image","twitter_misc":{"Escrito por":"So Close","Tiempo de lectura":"3 minutos"},"schema":{"@context":"https:\/\/schema.org","@graph":[{"@type":"Article","@id":"https:\/\/soclose.mx\/blog\/tag\/juan-rulfo-frases-mujeres\/#article","isPartOf":{"@id":"https:\/\/soclose.mx\/blog\/tag\/juan-rulfo-frases-mujeres\/"},"author":{"name":"So Close","@id":"https:\/\/soclose.mx\/blog\/#\/schema\/person\/723eb117ab965b55c3e56b5d29751667"},"headline":"\u00bfQu\u00e9 mexicanos estar\u00e1n en Coachella 2025?","datePublished":"2024-11-22T03:17:42+00:00","mainEntityOfPage":{"@id":"https:\/\/soclose.mx\/blog\/tag\/juan-rulfo-frases-mujeres\/"},"wordCount":554,"commentCount":0,"publisher":{"@id":"https:\/\/soclose.mx\/blog\/#organization"},"image":{"@id":"https:\/\/soclose.mx\/blog\/tag\/juan-rulfo-frases-mujeres\/#primaryimage"},"thumbnailUrl":"https:\/\/i0.wp.com\/soclose.mx\/blog\/wp-content\/uploads\/2024\/11\/coachella-2025.jpg?fit=1920%2C1080&ssl=1","keywords":["artistas mexicanos","California","Coachella 2025","El Malilla","Empire Polo Club","festival de m\u00fasica","Indio","Junior H","m\u00fasica latina","m\u00fasica urbana mexicana"],"articleSection":["News feed"],"inLanguage":"es","potentialAction":[{"@type":"CommentAction","name":"Comment","target":["https:\/\/soclose.mx\/blog\/tag\/juan-rulfo-frases-mujeres\/#respond"]}]},{"@type":"WebPage","@id":"https:\/\/soclose.mx\/blog\/tag\/juan-rulfo-frases-mujeres\/","url":"https:\/\/soclose.mx\/blog\/tag\/juan-rulfo-frases-mujeres\/","name":"\u00bfQu\u00e9 mexicanos estar\u00e1n en Coachella 2025? - So Close","isPartOf":{"@id":"https:\/\/soclose.mx\/blog\/#website"},"primaryImageOfPage":{"@id":"https:\/\/soclose.mx\/blog\/tag\/juan-rulfo-frases-mujeres\/#primaryimage"},"image":{"@id":"https:\/\/soclose.mx\/blog\/tag\/juan-rulfo-frases-mujeres\/#primaryimage"},"thumbnailUrl":"https:\/\/i0.wp.com\/soclose.mx\/blog\/wp-content\/uploads\/2024\/11\/coachella-2025.jpg?fit=1920%2C1080&ssl=1","datePublished":"2024-11-22T03:17:42+00:00","description":"En esta edici\u00f3n, dos de los m\u00e1ximos exponentes de la m\u00fasica urbana mexicana ser\u00e1n los mexicanos que estar\u00e1n en Coachella 2025","breadcrumb":{"@id":"https:\/\/soclose.mx\/blog\/tag\/juan-rulfo-frases-mujeres\/#breadcrumb"},"inLanguage":"es","potentialAction":[{"@type":"ReadAction","target":["https:\/\/soclose.mx\/blog\/tag\/juan-rulfo-frases-mujeres\/"]}]},{"@type":"ImageObject","inLanguage":"es","@id":"https:\/\/soclose.mx\/blog\/tag\/juan-rulfo-frases-mujeres\/#primaryimage","url":"https:\/\/i0.wp.com\/soclose.mx\/blog\/wp-content\/uploads\/2024\/11\/coachella-2025.jpg?fit=1920%2C1080&ssl=1","contentUrl":"https:\/\/i0.wp.com\/soclose.mx\/blog\/wp-content\/uploads\/2024\/11\/coachella-2025.jpg?fit=1920%2C1080&ssl=1","width":1920,"height":1080,"caption":"coachella 2025"},{"@type":"BreadcrumbList","@id":"https:\/\/soclose.mx\/blog\/tag\/juan-rulfo-frases-mujeres\/#breadcrumb","itemListElement":[{"@type":"ListItem","position":1,"name":"Inicio","item":"https:\/\/soclose.mx\/blog\/"},{"@type":"ListItem","position":2,"name":"\u00bfQu\u00e9 mexicanos estar\u00e1n en Coachella 2025?"}]},{"@type":"WebSite","@id":"https:\/\/soclose.mx\/blog\/#website","url":"https:\/\/soclose.mx\/blog\/","name":"So Close","description":"Hacemos contenidos de M\u00e9xico","publisher":{"@id":"https:\/\/soclose.mx\/blog\/#organization"},"potentialAction":[{"@type":"SearchAction","target":{"@type":"EntryPoint","urlTemplate":"https:\/\/soclose.mx\/blog\/?s={search_term_string}"},"query-input":{"@type":"PropertyValueSpecification","valueRequired":true,"valueName":"search_term_string"}}],"inLanguage":"es"},{"@type":"Organization","@id":"https:\/\/soclose.mx\/blog\/#organization","name":"So Close","url":"https:\/\/soclose.mx\/blog\/","logo":{"@type":"ImageObject","inLanguage":"es","@id":"https:\/\/soclose.mx\/blog\/#\/schema\/logo\/image\/","url":"https:\/\/i0.wp.com\/soclose.mx\/blog\/wp-content\/uploads\/2020\/12\/LOGO_SOCLOSE_COLOR-e1608310133507.png?fit=2858%2C1264&ssl=1","contentUrl":"https:\/\/i0.wp.com\/soclose.mx\/blog\/wp-content\/uploads\/2020\/12\/LOGO_SOCLOSE_COLOR-e1608310133507.png?fit=2858%2C1264&ssl=1","width":2858,"height":1264,"caption":"So Close"},"image":{"@id":"https:\/\/soclose.mx\/blog\/#\/schema\/logo\/image\/"}},{"@type":"Person","@id":"https:\/\/soclose.mx\/blog\/#\/schema\/person\/723eb117ab965b55c3e56b5d29751667","name":"So Close","image":{"@type":"ImageObject","inLanguage":"es","@id":"https:\/\/soclose.mx\/blog\/#\/schema\/person\/image\/","url":"https:\/\/secure.gravatar.com\/avatar\/5a1d1d694eaf6d2c28f450f0984cbb34821b92dc49c1d088c0250fbc6a48efec?s=96&d=mm&r=g","contentUrl":"https:\/\/secure.gravatar.com\/avatar\/5a1d1d694eaf6d2c28f450f0984cbb34821b92dc49c1d088c0250fbc6a48efec?s=96&d=mm&r=g","caption":"So Close"},"sameAs":["http:\/\/www.soclose.mx","https:\/\/www.youtube.com\/@soclosemx"],"url":"https:\/\/soclose.mx\/blog\/author\/admin\/"}]}},"jetpack_featured_media_url":"https:\/\/i0.wp.com\/soclose.mx\/blog\/wp-content\/uploads\/2024\/11\/coachella-2025.jpg?fit=1920%2C1080&ssl=1","jetpack-related-posts":[{"id":14692,"url":"https:\/\/soclose.mx\/blog\/news-feed\/el-festival-de-cafe-cacao-y-chocolate-mexicano-2025-llega-a-la-cdmx-para-deleitar-tus-sentidos\/","url_meta":{"origin":14474,"position":0},"title":"\u00a1El Festival de Caf\u00e9 Cacao y Chocolate Mexicano 2025 llega a la CDMX para deleitar tus sentidos!","author":"So Close","date":"12 febrero, 2025","format":false,"excerpt":"Prep\u00e1rate para un viaje sensorial \u00fanico en el Festival de Caf\u00e9 Cacao y Chocolate Mexicano 2025. Los pr\u00f3ximos 15 y 16 de febrero, la Casa de Coahuila en la Ciudad de M\u00e9xico se convertir\u00e1 en el epicentro de los sabores m\u00e1s emblem\u00e1ticos de M\u00e9xico. \u00a1Un evento que no te puedes\u2026","rel":"","context":"En &quot;News feed&quot;","block_context":{"text":"News feed","link":"https:\/\/soclose.mx\/blog\/category\/news-feed\/"},"img":{"alt_text":"Caf\u00e9 mexicano","src":"https:\/\/i0.wp.com\/soclose.mx\/blog\/wp-content\/uploads\/2025\/02\/Cafe-mexicano-1.jpg?fit=1200%2C675&ssl=1&resize=350%2C200","width":350,"height":200,"srcset":"https:\/\/i0.wp.com\/soclose.mx\/blog\/wp-content\/uploads\/2025\/02\/Cafe-mexicano-1.jpg?fit=1200%2C675&ssl=1&resize=350%2C200 1x, https:\/\/i0.wp.com\/soclose.mx\/blog\/wp-content\/uploads\/2025\/02\/Cafe-mexicano-1.jpg?fit=1200%2C675&ssl=1&resize=525%2C300 1.5x, https:\/\/i0.wp.com\/soclose.mx\/blog\/wp-content\/uploads\/2025\/02\/Cafe-mexicano-1.jpg?fit=1200%2C675&ssl=1&resize=700%2C400 2x, https:\/\/i0.wp.com\/soclose.mx\/blog\/wp-content\/uploads\/2025\/02\/Cafe-mexicano-1.jpg?fit=1200%2C675&ssl=1&resize=1050%2C600 3x"},"classes":[]},{"id":15008,"url":"https:\/\/soclose.mx\/blog\/lugares\/lo-que-debes-saber-del-tianguis-de-dibujo-rayon-en-la-cdmx\/","url_meta":{"origin":14474,"position":1},"title":"Lo que debes saber del Tianguis de Dibujo Ray\u00f3n en la CDMX","author":"So Close","date":"19 diciembre, 2025","format":false,"excerpt":"El Tianguis de Dibujo Ray\u00f3n es un mercado quincenal o semanal en la CDMX dedicado exclusivamente a obras originales de dibujo, organizado por el Club Ray\u00f3n. Se realiza en el patio trasero de la Galer\u00eda Sal\u00f3n Silic\u00f3n, en Tehuantepec 223, Roma Sur, con puestos de herrer\u00eda para artistas emergentes y\u2026","rel":"","context":"En &quot;Lugares&quot;","block_context":{"text":"Lugares","link":"https:\/\/soclose.mx\/blog\/category\/lugares\/"},"img":{"alt_text":"Tianguis de Dibujo Ray\u00f3n","src":"https:\/\/i0.wp.com\/soclose.mx\/blog\/wp-content\/uploads\/2025\/12\/Salma-Hayek-3-2.jpg?fit=1200%2C675&ssl=1&resize=350%2C200","width":350,"height":200,"srcset":"https:\/\/i0.wp.com\/soclose.mx\/blog\/wp-content\/uploads\/2025\/12\/Salma-Hayek-3-2.jpg?fit=1200%2C675&ssl=1&resize=350%2C200 1x, https:\/\/i0.wp.com\/soclose.mx\/blog\/wp-content\/uploads\/2025\/12\/Salma-Hayek-3-2.jpg?fit=1200%2C675&ssl=1&resize=525%2C300 1.5x, https:\/\/i0.wp.com\/soclose.mx\/blog\/wp-content\/uploads\/2025\/12\/Salma-Hayek-3-2.jpg?fit=1200%2C675&ssl=1&resize=700%2C400 2x, https:\/\/i0.wp.com\/soclose.mx\/blog\/wp-content\/uploads\/2025\/12\/Salma-Hayek-3-2.jpg?fit=1200%2C675&ssl=1&resize=1050%2C600 3x"},"classes":[]},{"id":14013,"url":"https:\/\/soclose.mx\/blog\/a-la-mexicana\/lugares-en-el-mundo-donde-se-festeja-la-independencia-de-mexico\/","url_meta":{"origin":14474,"position":2},"title":"Lugares en el mundo donde se festeja La Independencia de M\u00e9xico","author":"So Close","date":"12 septiembre, 2024","format":false,"excerpt":"El 15 de septiembre es una fecha muy significativa para los mexicanos, ya que marca el inicio de las celebraciones por la Independencia de M\u00e9xico. Esta festividad no solo se vive en el pa\u00eds, sino que tambi\u00e9n se celebra en diversas comunidades alrededor del mundo. A continuaci\u00f3n, exploramos algunos de\u2026","rel":"","context":"En &quot;A la mexicana&quot;","block_context":{"text":"A la mexicana","link":"https:\/\/soclose.mx\/blog\/category\/a-la-mexicana\/"},"img":{"alt_text":"zocalo-cdmx","src":"https:\/\/i0.wp.com\/soclose.mx\/blog\/wp-content\/uploads\/2024\/09\/zocalo-cdmx.jpg?fit=1200%2C675&ssl=1&resize=350%2C200","width":350,"height":200,"srcset":"https:\/\/i0.wp.com\/soclose.mx\/blog\/wp-content\/uploads\/2024\/09\/zocalo-cdmx.jpg?fit=1200%2C675&ssl=1&resize=350%2C200 1x, https:\/\/i0.wp.com\/soclose.mx\/blog\/wp-content\/uploads\/2024\/09\/zocalo-cdmx.jpg?fit=1200%2C675&ssl=1&resize=525%2C300 1.5x, https:\/\/i0.wp.com\/soclose.mx\/blog\/wp-content\/uploads\/2024\/09\/zocalo-cdmx.jpg?fit=1200%2C675&ssl=1&resize=700%2C400 2x, https:\/\/i0.wp.com\/soclose.mx\/blog\/wp-content\/uploads\/2024\/09\/zocalo-cdmx.jpg?fit=1200%2C675&ssl=1&resize=1050%2C600 3x"},"classes":[]},{"id":7251,"url":"https:\/\/soclose.mx\/blog\/news-feed\/lanzate-al-tianguis-de-pulque-cerveza-y-lucha-libre-en-tlatelolco\/","url_meta":{"origin":14474,"position":3},"title":"\u00a1L\u00e1nzate al tianguis de pulque, cerveza y lucha libre en Tlatelolco!","author":"Miguel Angel Romero","date":"16 septiembre, 2021","format":false,"excerpt":"Qu\u00e9 mejor manera de cerrar una semana muy mexicana que con el tianguis del Pulque y la Cerveza 2021, el festival que se llevar\u00e1 a cabo este s\u00e1bado 18 y domingo 19 de septiembre, en el Centro de Convenciones de Tlatelolco. El evento se realizar\u00e1 un espacio grande para que\u2026","rel":"","context":"En &quot;News feed&quot;","block_context":{"text":"News feed","link":"https:\/\/soclose.mx\/blog\/category\/news-feed\/"},"img":{"alt_text":"","src":"https:\/\/i0.wp.com\/soclose.mx\/blog\/wp-content\/uploads\/2021\/09\/Principal-So-Close-blog-18.jpg?fit=1200%2C677&ssl=1&resize=350%2C200","width":350,"height":200,"srcset":"https:\/\/i0.wp.com\/soclose.mx\/blog\/wp-content\/uploads\/2021\/09\/Principal-So-Close-blog-18.jpg?fit=1200%2C677&ssl=1&resize=350%2C200 1x, https:\/\/i0.wp.com\/soclose.mx\/blog\/wp-content\/uploads\/2021\/09\/Principal-So-Close-blog-18.jpg?fit=1200%2C677&ssl=1&resize=525%2C300 1.5x, https:\/\/i0.wp.com\/soclose.mx\/blog\/wp-content\/uploads\/2021\/09\/Principal-So-Close-blog-18.jpg?fit=1200%2C677&ssl=1&resize=700%2C400 2x, https:\/\/i0.wp.com\/soclose.mx\/blog\/wp-content\/uploads\/2021\/09\/Principal-So-Close-blog-18.jpg?fit=1200%2C677&ssl=1&resize=1050%2C600 3x"},"classes":[]},{"id":14779,"url":"https:\/\/soclose.mx\/blog\/news-feed\/concurso-mexico-canta-por-la-paz-y-contra-las-adicciones-como-participar\/","url_meta":{"origin":14474,"position":4},"title":"Concurso &#8220;M\u00e9xico Canta por la Paz y contra las Adicciones&#8221;: \u00bfc\u00f3mo participar?","author":"So Close","date":"7 abril, 2025","format":false,"excerpt":"El Gobierno de M\u00e9xico, bajo la direcci\u00f3n de la presidenta Claudia Sheinbaum, ha lanzado el concurso \"M\u00e9xico Canta por la Paz y contra las Adicciones\", una iniciativa innovadora que busca promover la m\u00fasica mexicana con mensajes positivos, alejados de la violencia y el narcotr\u00e1fico. Este certamen est\u00e1 dise\u00f1ado para j\u00f3venes\u2026","rel":"","context":"En &quot;News feed&quot;","block_context":{"text":"News feed","link":"https:\/\/soclose.mx\/blog\/category\/news-feed\/"},"img":{"alt_text":"Cantante","src":"https:\/\/i0.wp.com\/soclose.mx\/blog\/wp-content\/uploads\/2025\/04\/Cantante.jpg?fit=1200%2C675&ssl=1&resize=350%2C200","width":350,"height":200,"srcset":"https:\/\/i0.wp.com\/soclose.mx\/blog\/wp-content\/uploads\/2025\/04\/Cantante.jpg?fit=1200%2C675&ssl=1&resize=350%2C200 1x, https:\/\/i0.wp.com\/soclose.mx\/blog\/wp-content\/uploads\/2025\/04\/Cantante.jpg?fit=1200%2C675&ssl=1&resize=525%2C300 1.5x, https:\/\/i0.wp.com\/soclose.mx\/blog\/wp-content\/uploads\/2025\/04\/Cantante.jpg?fit=1200%2C675&ssl=1&resize=700%2C400 2x, https:\/\/i0.wp.com\/soclose.mx\/blog\/wp-content\/uploads\/2025\/04\/Cantante.jpg?fit=1200%2C675&ssl=1&resize=1050%2C600 3x"},"classes":[]},{"id":14712,"url":"https:\/\/soclose.mx\/blog\/news-feed\/que-habra-en-el-festival-tiempo-de-mujeres-2025\/","url_meta":{"origin":14474,"position":5},"title":"\u00bfQu\u00e9 habr\u00e1 en el festival Tiempo de Mujeres 2025?","author":"So Close","date":"24 febrero, 2025","format":false,"excerpt":"El festival Tiempo de Mujeres 2025 es un evento cultural significativo que se llevar\u00e1 a cabo en la Ciudad de M\u00e9xico del 28 de febrero al 6 de abril de 2025. Este festival, que celebra su s\u00e9ptima edici\u00f3n, tiene como objetivo visibilizar y fortalecer la lucha por los derechos de\u2026","rel":"","context":"En &quot;News feed&quot;","block_context":{"text":"News feed","link":"https:\/\/soclose.mx\/blog\/category\/news-feed\/"},"img":{"alt_text":"Festival Tiempo de Mujeres","src":"https:\/\/i0.wp.com\/soclose.mx\/blog\/wp-content\/uploads\/2025\/02\/Festival-.jpg?fit=1200%2C675&ssl=1&resize=350%2C200","width":350,"height":200,"srcset":"https:\/\/i0.wp.com\/soclose.mx\/blog\/wp-content\/uploads\/2025\/02\/Festival-.jpg?fit=1200%2C675&ssl=1&resize=350%2C200 1x, https:\/\/i0.wp.com\/soclose.mx\/blog\/wp-content\/uploads\/2025\/02\/Festival-.jpg?fit=1200%2C675&ssl=1&resize=525%2C300 1.5x, https:\/\/i0.wp.com\/soclose.mx\/blog\/wp-content\/uploads\/2025\/02\/Festival-.jpg?fit=1200%2C675&ssl=1&resize=700%2C400 2x, https:\/\/i0.wp.com\/soclose.mx\/blog\/wp-content\/uploads\/2025\/02\/Festival-.jpg?fit=1200%2C675&ssl=1&resize=1050%2C600 3x"},"classes":[]}],"jetpack_sharing_enabled":true,"_links":{"self":[{"href":"https:\/\/soclose.mx\/blog\/wp-json\/wp\/v2\/posts\/14474","targetHints":{"allow":["GET"]}}],"collection":[{"href":"https:\/\/soclose.mx\/blog\/wp-json\/wp\/v2\/posts"}],"about":[{"href":"https:\/\/soclose.mx\/blog\/wp-json\/wp\/v2\/types\/post"}],"author":[{"embeddable":true,"href":"https:\/\/soclose.mx\/blog\/wp-json\/wp\/v2\/users\/1"}],"replies":[{"embeddable":true,"href":"https:\/\/soclose.mx\/blog\/wp-json\/wp\/v2\/comments?post=14474"}],"version-history":[{"count":1,"href":"https:\/\/soclose.mx\/blog\/wp-json\/wp\/v2\/posts\/14474\/revisions"}],"predecessor-version":[{"id":14477,"href":"https:\/\/soclose.mx\/blog\/wp-json\/wp\/v2\/posts\/14474\/revisions\/14477"}],"wp:featuredmedia":[{"embeddable":true,"href":"https:\/\/soclose.mx\/blog\/wp-json\/wp\/v2\/media\/14476"}],"wp:attachment":[{"href":"https:\/\/soclose.mx\/blog\/wp-json\/wp\/v2\/media?parent=14474"}],"wp:term":[{"taxonomy":"category","embeddable":true,"href":"https:\/\/soclose.mx\/blog\/wp-json\/wp\/v2\/categories?post=14474"},{"taxonomy":"post_tag","embeddable":true,"href":"https:\/\/soclose.mx\/blog\/wp-json\/wp\/v2\/tags?post=14474"}],"curies":[{"name":"wp","href":"https:\/\/api.w.org\/{rel}","templated":true}]}}