{"id":14532,"date":"2024-12-10T14:06:30","date_gmt":"2024-12-10T20:06:30","guid":{"rendered":"https:\/\/soclose.mx\/blog\/?p=14532"},"modified":"2024-12-10T14:06:30","modified_gmt":"2024-12-10T20:06:30","slug":"conciertos-navidenos-en-el-zocalo-de-la-cdmx-horarios-y-artistas","status":"publish","type":"post","link":"https:\/\/soclose.mx\/blog\/news-feed\/conciertos-navidenos-en-el-zocalo-de-la-cdmx-horarios-y-artistas\/","title":{"rendered":"\u00a1Conciertos Navide\u00f1os en el Z\u00f3calo de la CDMX! | horarios y artistas"},"content":{"rendered":"<p data-sourcepos=\"5:1-5:306\">La Ciudad de M\u00e9xico se viste de gala durante la temporada navide\u00f1a, y el centro capitalino es el epicentro de las festividades con Conciertos Navide\u00f1os en el Z\u00f3calo de la CDMX. La <strong>Verbena Navide\u00f1a<\/strong> es un evento imperdible para locales y turistas, que ofrece una amplia variedad de actividades, entre las que destacan los conciertos de grandes artistas.<\/p>\n<p data-sourcepos=\"7:1-7:95\"><strong>\u00bfPor qu\u00e9 no te unes a nosotros y disfrutas de la m\u00fasica en vivo en el coraz\u00f3n de la ciudad?<\/strong><\/p>\n<h3 data-sourcepos=\"9:1-9:50\"><strong>Un escenario \u00fanico para grandes Conciertos Navide\u00f1os en el Z\u00f3calo de la CDMX<\/strong><\/h3>\n<p data-sourcepos=\"10:1-10:292\">El <a href=\"https:\/\/centrohistorico.cdmx.gob.mx\/sitios-de-interes\/el-zocalo-y-sus-alrededores\" target=\"_blank\" rel=\"noopener\">Z\u00f3calo de la Ciudad de M\u00e9xico<\/a> se transforma en un majestuoso escenario al aire libre donde artistas de talla nacional e internacional deleitar\u00e1n al p\u00fablico con sus interpretaciones. La ac\u00fastica del lugar, combinada con la energ\u00eda de la multitud, crea una atm\u00f3sfera m\u00e1gica que te har\u00e1 vibrar.<\/p>\n<h3 data-sourcepos=\"12:1-12:40\"><strong>Conciertos para todos los gustos<\/strong><\/h3>\n<p data-sourcepos=\"13:1-13:183\">La programaci\u00f3n de la Verbena Navide\u00f1a es muy diversa, por lo que encontrar\u00e1s conciertos para todos los gustos.<\/p>\n<p>La Verbena Navide\u00f1a en el Z\u00f3calo de la Ciudad de M\u00e9xico es uno de los eventos m\u00e1s esperados de la temporada, ofreciendo una experiencia m\u00e1gica llena de m\u00fasica, luces y actividades para toda la familia. Este a\u00f1o, la verbena se llevar\u00e1 a cabo del 16 al 30 de diciembre de 2024, y contar\u00e1 con una serie de conciertos gratuitos que prometen deleitar a los asistentes.<\/p>\n<h2>Conciertos Navide\u00f1os en el Z\u00f3calo de la CDMX<\/h2>\n<p>Pablo Montero<br \/>\n20 de diciembre<br \/>\n19:00 horas<br \/>\nEl famoso cantante ranchero traer\u00e1 su carisma y energ\u00eda al escenario, interpretando sus grandes \u00e9xitos.<\/p>\n<p>Amandititita<br \/>\n22 de diciembre<br \/>\n18:00 horas<br \/>\nCon su estilo \u00fanico y divertido, Amandititita promete hacer vibrar a los asistentes con ritmos frescos y letras ingeniosas.<\/p>\n<p>Mar\u00eda Barracuda<br \/>\n24 de diciembre<br \/>\n20:00 horas<br \/>\nLa cantante ofrecer\u00e1 un espect\u00e1culo lleno de energ\u00eda, ideal para celebrar la v\u00edspera de Navidad.<\/p>\n<p>Leo Acosta y su Orquesta<br \/>\n26 de diciembre<br \/>\n19:00 horas<br \/>\nCon un repertorio que mezcla g\u00e9neros, Leo Acosta ofrecer\u00e1 un show din\u00e1mico que invitar\u00e1 a todos a bailar.<\/p>\n<p>Los M\u00fasicos de Jos\u00e9<br \/>\n28 de diciembre<br \/>\n18:00 horas<br \/>\nEsta agrupaci\u00f3n presentar\u00e1 un espect\u00e1culo festivo que fusiona diferentes estilos musicales, perfecto para disfrutar en familia.<\/p>\n<p>Descartes a Kant<br \/>\n30 de diciembre<br \/>\n19:00 horas<br \/>\nLa banda ofrecer\u00e1 un enfoque alternativo en su presentaci\u00f3n, cerrando la verbena con broche de oro.<\/p>\n<p>Otras Actividades<\/p>\n<p>Adem\u00e1s de los conciertos, la Verbena Navide\u00f1a contar\u00e1 con:<br \/>\n&#8211; Un impresionante \u00e1rbol de <a href=\"https:\/\/soclose.mx\/blog\/ay-goeeee\/cual-es-el-origen-del-nacimiento-en-navidad\/\" target=\"_blank\" rel=\"noopener\">Navidad<\/a> iluminado.<br \/>\n&#8211; Juegos mec\u00e1nicos y actividades recreativas para ni\u00f1os.<br \/>\n&#8211; Puestos de comida t\u00edpica mexicana, donde podr\u00e1s disfrutar del sabor local.<\/p>\n<p>La Verbena Navide\u00f1a es una excelente oportunidad para que tanto locales como turistas disfruten del esp\u00edritu navide\u00f1o en el coraz\u00f3n de la ciudad. No te pierdas la oportunidad de vivir esta experiencia \u00fanica que combina m\u00fasica, cultura y tradici\u00f3n en un ambiente festivo. \u00a1Te esperamos en el Z\u00f3calo!<\/p>\n","protected":false},"excerpt":{"rendered":"<p>La Ciudad de M\u00e9xico se viste de gala durante la temporada navide\u00f1a, y el centro capitalino es el epicentro de las festividades con Conciertos Navide\u00f1os en el Z\u00f3calo de la CDMX. La Verbena Navide\u00f1a es un evento imperdible para locales y turistas, que ofrece una amplia variedad de actividades, entre las que destacan los conciertos de grandes artistas. \u00bfPor qu\u00e9 no te unes a nosotros y disfrutas de la m\u00fasica en vivo en el coraz\u00f3n de la ciudad? Un escenario \u00fanico para grandes Conciertos Navide\u00f1os en el Z\u00f3calo de la CDMX El Z\u00f3calo de la Ciudad de M\u00e9xico se transforma<\/p>\n","protected":false},"author":1,"featured_media":14533,"comment_status":"open","ping_status":"open","sticky":false,"template":"","format":"standard","meta":{"_jetpack_memberships_contains_paid_content":false,"footnotes":""},"categories":[628],"tags":[399,3800,3801,3802,3803,66,1610,3799],"class_list":["post-14532","post","type-post","status-publish","format-standard","has-post-thumbnail","hentry","category-news-feed","tag-ciudad-de-mexico","tag-conciertos-navidenos","tag-eventos-gratuitos","tag-musica-en-vivo","tag-navidad-en-mexico","tag-turismo","tag-verbena-navidena","tag-zocalo-de-la-cdmx"],"yoast_head":"<!-- This site is optimized with the Yoast SEO plugin v26.7 - https:\/\/yoast.com\/wordpress\/plugins\/seo\/ -->\n<title>\u00a1Conciertos Navide\u00f1os en el Z\u00f3calo de la CDMX! | horarios y artistas - So Close<\/title>\n<meta name=\"description\" content=\"La CDMX se viste de gala durante la temporada navide\u00f1a, y el centro capitalino es el epicentro con Conciertos Navide\u00f1os en el Z\u00f3calo.\" \/>\n<meta name=\"robots\" content=\"index, follow, max-snippet:-1, max-image-preview:large, max-video-preview:-1\" \/>\n<link rel=\"canonical\" href=\"https:\/\/soclose.mx\/blog\/tag\/juan-rulfo-frases-mujeres\/\" \/>\n<meta property=\"og:locale\" content=\"es_MX\" \/>\n<meta property=\"og:type\" content=\"article\" \/>\n<meta property=\"og:title\" content=\"\u00a1Conciertos Navide\u00f1os en el Z\u00f3calo de la CDMX! | horarios y artistas - So Close\" \/>\n<meta property=\"og:description\" content=\"La CDMX se viste de gala durante la temporada navide\u00f1a, y el centro capitalino es el epicentro con Conciertos Navide\u00f1os en el Z\u00f3calo.\" \/>\n<meta property=\"og:url\" content=\"https:\/\/soclose.mx\/blog\/tag\/juan-rulfo-frases-mujeres\/\" \/>\n<meta property=\"og:site_name\" content=\"So Close\" \/>\n<meta property=\"article:published_time\" content=\"2024-12-10T20:06:30+00:00\" \/>\n<meta property=\"og:image\" content=\"https:\/\/i0.wp.com\/soclose.mx\/blog\/wp-content\/uploads\/2024\/12\/navidad-en-el-zocalo-cdmx.jpg?fit=1920%2C1080&ssl=1\" \/>\n\t<meta property=\"og:image:width\" content=\"1920\" \/>\n\t<meta property=\"og:image:height\" content=\"1080\" \/>\n\t<meta property=\"og:image:type\" content=\"image\/jpeg\" \/>\n<meta name=\"author\" content=\"So Close\" \/>\n<meta name=\"twitter:card\" content=\"summary_large_image\" \/>\n<meta name=\"twitter:label1\" content=\"Escrito por\" \/>\n\t<meta name=\"twitter:data1\" content=\"So Close\" \/>\n\t<meta name=\"twitter:label2\" content=\"Tiempo de lectura\" \/>\n\t<meta name=\"twitter:data2\" content=\"3 minutos\" \/>\n<script type=\"application\/ld+json\" class=\"yoast-schema-graph\">{\"@context\":\"https:\/\/schema.org\",\"@graph\":[{\"@type\":\"Article\",\"@id\":\"https:\/\/soclose.mx\/blog\/tag\/juan-rulfo-frases-mujeres\/#article\",\"isPartOf\":{\"@id\":\"https:\/\/soclose.mx\/blog\/tag\/juan-rulfo-frases-mujeres\/\"},\"author\":{\"name\":\"So Close\",\"@id\":\"https:\/\/soclose.mx\/blog\/#\/schema\/person\/723eb117ab965b55c3e56b5d29751667\"},\"headline\":\"\u00a1Conciertos Navide\u00f1os en el Z\u00f3calo de la CDMX! | horarios y artistas\",\"datePublished\":\"2024-12-10T20:06:30+00:00\",\"mainEntityOfPage\":{\"@id\":\"https:\/\/soclose.mx\/blog\/tag\/juan-rulfo-frases-mujeres\/\"},\"wordCount\":518,\"commentCount\":0,\"publisher\":{\"@id\":\"https:\/\/soclose.mx\/blog\/#organization\"},\"image\":{\"@id\":\"https:\/\/soclose.mx\/blog\/tag\/juan-rulfo-frases-mujeres\/#primaryimage\"},\"thumbnailUrl\":\"https:\/\/i0.wp.com\/soclose.mx\/blog\/wp-content\/uploads\/2024\/12\/navidad-en-el-zocalo-cdmx.jpg?fit=1920%2C1080&ssl=1\",\"keywords\":[\"ciudad de mexico\",\"conciertos navide\u00f1os\",\"eventos gratuitos\",\"m\u00fasica en vivo\",\"Navidad en M\u00e9xico\",\"turismo\",\"verbena navide\u00f1a\",\"Z\u00f3calo de la CDMX\"],\"articleSection\":[\"News feed\"],\"inLanguage\":\"es\",\"potentialAction\":[{\"@type\":\"CommentAction\",\"name\":\"Comment\",\"target\":[\"https:\/\/soclose.mx\/blog\/tag\/juan-rulfo-frases-mujeres\/#respond\"]}]},{\"@type\":\"WebPage\",\"@id\":\"https:\/\/soclose.mx\/blog\/tag\/juan-rulfo-frases-mujeres\/\",\"url\":\"https:\/\/soclose.mx\/blog\/tag\/juan-rulfo-frases-mujeres\/\",\"name\":\"\u00a1Conciertos Navide\u00f1os en el Z\u00f3calo de la CDMX! | horarios y artistas - So Close\",\"isPartOf\":{\"@id\":\"https:\/\/soclose.mx\/blog\/#website\"},\"primaryImageOfPage\":{\"@id\":\"https:\/\/soclose.mx\/blog\/tag\/juan-rulfo-frases-mujeres\/#primaryimage\"},\"image\":{\"@id\":\"https:\/\/soclose.mx\/blog\/tag\/juan-rulfo-frases-mujeres\/#primaryimage\"},\"thumbnailUrl\":\"https:\/\/i0.wp.com\/soclose.mx\/blog\/wp-content\/uploads\/2024\/12\/navidad-en-el-zocalo-cdmx.jpg?fit=1920%2C1080&ssl=1\",\"datePublished\":\"2024-12-10T20:06:30+00:00\",\"description\":\"La CDMX se viste de gala durante la temporada navide\u00f1a, y el centro capitalino es el epicentro con Conciertos Navide\u00f1os en el Z\u00f3calo.\",\"breadcrumb\":{\"@id\":\"https:\/\/soclose.mx\/blog\/tag\/juan-rulfo-frases-mujeres\/#breadcrumb\"},\"inLanguage\":\"es\",\"potentialAction\":[{\"@type\":\"ReadAction\",\"target\":[\"https:\/\/soclose.mx\/blog\/tag\/juan-rulfo-frases-mujeres\/\"]}]},{\"@type\":\"ImageObject\",\"inLanguage\":\"es\",\"@id\":\"https:\/\/soclose.mx\/blog\/tag\/juan-rulfo-frases-mujeres\/#primaryimage\",\"url\":\"https:\/\/i0.wp.com\/soclose.mx\/blog\/wp-content\/uploads\/2024\/12\/navidad-en-el-zocalo-cdmx.jpg?fit=1920%2C1080&ssl=1\",\"contentUrl\":\"https:\/\/i0.wp.com\/soclose.mx\/blog\/wp-content\/uploads\/2024\/12\/navidad-en-el-zocalo-cdmx.jpg?fit=1920%2C1080&ssl=1\",\"width\":1920,\"height\":1080,\"caption\":\"Navidad en el zocalo de la CDMX\"},{\"@type\":\"BreadcrumbList\",\"@id\":\"https:\/\/soclose.mx\/blog\/tag\/juan-rulfo-frases-mujeres\/#breadcrumb\",\"itemListElement\":[{\"@type\":\"ListItem\",\"position\":1,\"name\":\"Inicio\",\"item\":\"https:\/\/soclose.mx\/blog\/\"},{\"@type\":\"ListItem\",\"position\":2,\"name\":\"\u00a1Conciertos Navide\u00f1os en el Z\u00f3calo de la CDMX! | horarios y artistas\"}]},{\"@type\":\"WebSite\",\"@id\":\"https:\/\/soclose.mx\/blog\/#website\",\"url\":\"https:\/\/soclose.mx\/blog\/\",\"name\":\"So Close\",\"description\":\"Hacemos contenidos de M\u00e9xico\",\"publisher\":{\"@id\":\"https:\/\/soclose.mx\/blog\/#organization\"},\"potentialAction\":[{\"@type\":\"SearchAction\",\"target\":{\"@type\":\"EntryPoint\",\"urlTemplate\":\"https:\/\/soclose.mx\/blog\/?s={search_term_string}\"},\"query-input\":{\"@type\":\"PropertyValueSpecification\",\"valueRequired\":true,\"valueName\":\"search_term_string\"}}],\"inLanguage\":\"es\"},{\"@type\":\"Organization\",\"@id\":\"https:\/\/soclose.mx\/blog\/#organization\",\"name\":\"So Close\",\"url\":\"https:\/\/soclose.mx\/blog\/\",\"logo\":{\"@type\":\"ImageObject\",\"inLanguage\":\"es\",\"@id\":\"https:\/\/soclose.mx\/blog\/#\/schema\/logo\/image\/\",\"url\":\"https:\/\/i0.wp.com\/soclose.mx\/blog\/wp-content\/uploads\/2020\/12\/LOGO_SOCLOSE_COLOR-e1608310133507.png?fit=2858%2C1264&ssl=1\",\"contentUrl\":\"https:\/\/i0.wp.com\/soclose.mx\/blog\/wp-content\/uploads\/2020\/12\/LOGO_SOCLOSE_COLOR-e1608310133507.png?fit=2858%2C1264&ssl=1\",\"width\":2858,\"height\":1264,\"caption\":\"So Close\"},\"image\":{\"@id\":\"https:\/\/soclose.mx\/blog\/#\/schema\/logo\/image\/\"}},{\"@type\":\"Person\",\"@id\":\"https:\/\/soclose.mx\/blog\/#\/schema\/person\/723eb117ab965b55c3e56b5d29751667\",\"name\":\"So Close\",\"image\":{\"@type\":\"ImageObject\",\"inLanguage\":\"es\",\"@id\":\"https:\/\/soclose.mx\/blog\/#\/schema\/person\/image\/\",\"url\":\"https:\/\/secure.gravatar.com\/avatar\/5a1d1d694eaf6d2c28f450f0984cbb34821b92dc49c1d088c0250fbc6a48efec?s=96&d=mm&r=g\",\"contentUrl\":\"https:\/\/secure.gravatar.com\/avatar\/5a1d1d694eaf6d2c28f450f0984cbb34821b92dc49c1d088c0250fbc6a48efec?s=96&d=mm&r=g\",\"caption\":\"So Close\"},\"sameAs\":[\"http:\/\/www.soclose.mx\",\"https:\/\/www.youtube.com\/@soclosemx\"],\"url\":\"https:\/\/soclose.mx\/blog\/author\/admin\/\"}]}<\/script>\n<!-- \/ Yoast SEO plugin. -->","yoast_head_json":{"title":"\u00a1Conciertos Navide\u00f1os en el Z\u00f3calo de la CDMX! | horarios y artistas - So Close","description":"La CDMX se viste de gala durante la temporada navide\u00f1a, y el centro capitalino es el epicentro con Conciertos Navide\u00f1os en el Z\u00f3calo.","robots":{"index":"index","follow":"follow","max-snippet":"max-snippet:-1","max-image-preview":"max-image-preview:large","max-video-preview":"max-video-preview:-1"},"canonical":"https:\/\/soclose.mx\/blog\/tag\/juan-rulfo-frases-mujeres\/","og_locale":"es_MX","og_type":"article","og_title":"\u00a1Conciertos Navide\u00f1os en el Z\u00f3calo de la CDMX! | horarios y artistas - So Close","og_description":"La CDMX se viste de gala durante la temporada navide\u00f1a, y el centro capitalino es el epicentro con Conciertos Navide\u00f1os en el Z\u00f3calo.","og_url":"https:\/\/soclose.mx\/blog\/tag\/juan-rulfo-frases-mujeres\/","og_site_name":"So Close","article_published_time":"2024-12-10T20:06:30+00:00","og_image":[{"width":1920,"height":1080,"url":"https:\/\/i0.wp.com\/soclose.mx\/blog\/wp-content\/uploads\/2024\/12\/navidad-en-el-zocalo-cdmx.jpg?fit=1920%2C1080&ssl=1","type":"image\/jpeg"}],"author":"So Close","twitter_card":"summary_large_image","twitter_misc":{"Escrito por":"So Close","Tiempo de lectura":"3 minutos"},"schema":{"@context":"https:\/\/schema.org","@graph":[{"@type":"Article","@id":"https:\/\/soclose.mx\/blog\/tag\/juan-rulfo-frases-mujeres\/#article","isPartOf":{"@id":"https:\/\/soclose.mx\/blog\/tag\/juan-rulfo-frases-mujeres\/"},"author":{"name":"So Close","@id":"https:\/\/soclose.mx\/blog\/#\/schema\/person\/723eb117ab965b55c3e56b5d29751667"},"headline":"\u00a1Conciertos Navide\u00f1os en el Z\u00f3calo de la CDMX! | horarios y artistas","datePublished":"2024-12-10T20:06:30+00:00","mainEntityOfPage":{"@id":"https:\/\/soclose.mx\/blog\/tag\/juan-rulfo-frases-mujeres\/"},"wordCount":518,"commentCount":0,"publisher":{"@id":"https:\/\/soclose.mx\/blog\/#organization"},"image":{"@id":"https:\/\/soclose.mx\/blog\/tag\/juan-rulfo-frases-mujeres\/#primaryimage"},"thumbnailUrl":"https:\/\/i0.wp.com\/soclose.mx\/blog\/wp-content\/uploads\/2024\/12\/navidad-en-el-zocalo-cdmx.jpg?fit=1920%2C1080&ssl=1","keywords":["ciudad de mexico","conciertos navide\u00f1os","eventos gratuitos","m\u00fasica en vivo","Navidad en M\u00e9xico","turismo","verbena navide\u00f1a","Z\u00f3calo de la CDMX"],"articleSection":["News feed"],"inLanguage":"es","potentialAction":[{"@type":"CommentAction","name":"Comment","target":["https:\/\/soclose.mx\/blog\/tag\/juan-rulfo-frases-mujeres\/#respond"]}]},{"@type":"WebPage","@id":"https:\/\/soclose.mx\/blog\/tag\/juan-rulfo-frases-mujeres\/","url":"https:\/\/soclose.mx\/blog\/tag\/juan-rulfo-frases-mujeres\/","name":"\u00a1Conciertos Navide\u00f1os en el Z\u00f3calo de la CDMX! | horarios y artistas - So Close","isPartOf":{"@id":"https:\/\/soclose.mx\/blog\/#website"},"primaryImageOfPage":{"@id":"https:\/\/soclose.mx\/blog\/tag\/juan-rulfo-frases-mujeres\/#primaryimage"},"image":{"@id":"https:\/\/soclose.mx\/blog\/tag\/juan-rulfo-frases-mujeres\/#primaryimage"},"thumbnailUrl":"https:\/\/i0.wp.com\/soclose.mx\/blog\/wp-content\/uploads\/2024\/12\/navidad-en-el-zocalo-cdmx.jpg?fit=1920%2C1080&ssl=1","datePublished":"2024-12-10T20:06:30+00:00","description":"La CDMX se viste de gala durante la temporada navide\u00f1a, y el centro capitalino es el epicentro con Conciertos Navide\u00f1os en el Z\u00f3calo.","breadcrumb":{"@id":"https:\/\/soclose.mx\/blog\/tag\/juan-rulfo-frases-mujeres\/#breadcrumb"},"inLanguage":"es","potentialAction":[{"@type":"ReadAction","target":["https:\/\/soclose.mx\/blog\/tag\/juan-rulfo-frases-mujeres\/"]}]},{"@type":"ImageObject","inLanguage":"es","@id":"https:\/\/soclose.mx\/blog\/tag\/juan-rulfo-frases-mujeres\/#primaryimage","url":"https:\/\/i0.wp.com\/soclose.mx\/blog\/wp-content\/uploads\/2024\/12\/navidad-en-el-zocalo-cdmx.jpg?fit=1920%2C1080&ssl=1","contentUrl":"https:\/\/i0.wp.com\/soclose.mx\/blog\/wp-content\/uploads\/2024\/12\/navidad-en-el-zocalo-cdmx.jpg?fit=1920%2C1080&ssl=1","width":1920,"height":1080,"caption":"Navidad en el zocalo de la CDMX"},{"@type":"BreadcrumbList","@id":"https:\/\/soclose.mx\/blog\/tag\/juan-rulfo-frases-mujeres\/#breadcrumb","itemListElement":[{"@type":"ListItem","position":1,"name":"Inicio","item":"https:\/\/soclose.mx\/blog\/"},{"@type":"ListItem","position":2,"name":"\u00a1Conciertos Navide\u00f1os en el Z\u00f3calo de la CDMX! | horarios y artistas"}]},{"@type":"WebSite","@id":"https:\/\/soclose.mx\/blog\/#website","url":"https:\/\/soclose.mx\/blog\/","name":"So Close","description":"Hacemos contenidos de M\u00e9xico","publisher":{"@id":"https:\/\/soclose.mx\/blog\/#organization"},"potentialAction":[{"@type":"SearchAction","target":{"@type":"EntryPoint","urlTemplate":"https:\/\/soclose.mx\/blog\/?s={search_term_string}"},"query-input":{"@type":"PropertyValueSpecification","valueRequired":true,"valueName":"search_term_string"}}],"inLanguage":"es"},{"@type":"Organization","@id":"https:\/\/soclose.mx\/blog\/#organization","name":"So Close","url":"https:\/\/soclose.mx\/blog\/","logo":{"@type":"ImageObject","inLanguage":"es","@id":"https:\/\/soclose.mx\/blog\/#\/schema\/logo\/image\/","url":"https:\/\/i0.wp.com\/soclose.mx\/blog\/wp-content\/uploads\/2020\/12\/LOGO_SOCLOSE_COLOR-e1608310133507.png?fit=2858%2C1264&ssl=1","contentUrl":"https:\/\/i0.wp.com\/soclose.mx\/blog\/wp-content\/uploads\/2020\/12\/LOGO_SOCLOSE_COLOR-e1608310133507.png?fit=2858%2C1264&ssl=1","width":2858,"height":1264,"caption":"So Close"},"image":{"@id":"https:\/\/soclose.mx\/blog\/#\/schema\/logo\/image\/"}},{"@type":"Person","@id":"https:\/\/soclose.mx\/blog\/#\/schema\/person\/723eb117ab965b55c3e56b5d29751667","name":"So Close","image":{"@type":"ImageObject","inLanguage":"es","@id":"https:\/\/soclose.mx\/blog\/#\/schema\/person\/image\/","url":"https:\/\/secure.gravatar.com\/avatar\/5a1d1d694eaf6d2c28f450f0984cbb34821b92dc49c1d088c0250fbc6a48efec?s=96&d=mm&r=g","contentUrl":"https:\/\/secure.gravatar.com\/avatar\/5a1d1d694eaf6d2c28f450f0984cbb34821b92dc49c1d088c0250fbc6a48efec?s=96&d=mm&r=g","caption":"So Close"},"sameAs":["http:\/\/www.soclose.mx","https:\/\/www.youtube.com\/@soclosemx"],"url":"https:\/\/soclose.mx\/blog\/author\/admin\/"}]}},"jetpack_featured_media_url":"https:\/\/i0.wp.com\/soclose.mx\/blog\/wp-content\/uploads\/2024\/12\/navidad-en-el-zocalo-cdmx.jpg?fit=1920%2C1080&ssl=1","jetpack-related-posts":[{"id":8062,"url":"https:\/\/soclose.mx\/blog\/ay-goeeee\/llega-la-verbena-navidena-al-zocalo-de-la-cdmx\/","url_meta":{"origin":14532,"position":0},"title":"Llega la verbena navide\u00f1a al Z\u00f3calo de la CDMX","author":"Miguel Angel Romero","date":"15 diciembre, 2021","format":false,"excerpt":"Habr\u00e1\u00a0una\u00a0verbena navide\u00f1a en el Z\u00f3calo capitalino, la cual estar\u00e1 del 16 al 31 de diciembre, y contar\u00e1 con 8 zonas de recreaci\u00f3n, tales como los \u00a0juegos mec\u00e1nicos y experiencia audiovisual en pantallas 360 grados. Contar\u00e1 con un escenario principal para m\u00fasica ambiental, de coros, villa navide\u00f1a, experiencia audiovisual, \u00e1rboles monumentales,\u2026","rel":"","context":"En &quot;\u00a1Ay goeeee!&quot;","block_context":{"text":"\u00a1Ay goeeee!","link":"https:\/\/soclose.mx\/blog\/category\/ay-goeeee\/"},"img":{"alt_text":"","src":"https:\/\/i0.wp.com\/soclose.mx\/blog\/wp-content\/uploads\/2021\/12\/Copia-de-Principal-So-Close-blog-9.png?fit=1200%2C677&ssl=1&resize=350%2C200","width":350,"height":200,"srcset":"https:\/\/i0.wp.com\/soclose.mx\/blog\/wp-content\/uploads\/2021\/12\/Copia-de-Principal-So-Close-blog-9.png?fit=1200%2C677&ssl=1&resize=350%2C200 1x, https:\/\/i0.wp.com\/soclose.mx\/blog\/wp-content\/uploads\/2021\/12\/Copia-de-Principal-So-Close-blog-9.png?fit=1200%2C677&ssl=1&resize=525%2C300 1.5x, https:\/\/i0.wp.com\/soclose.mx\/blog\/wp-content\/uploads\/2021\/12\/Copia-de-Principal-So-Close-blog-9.png?fit=1200%2C677&ssl=1&resize=700%2C400 2x, https:\/\/i0.wp.com\/soclose.mx\/blog\/wp-content\/uploads\/2021\/12\/Copia-de-Principal-So-Close-blog-9.png?fit=1200%2C677&ssl=1&resize=1050%2C600 3x"},"classes":[]},{"id":14819,"url":"https:\/\/soclose.mx\/blog\/news-feed\/zocalo-de-la-cdmx-fan-fest-del-mundial-2026\/","url_meta":{"origin":14532,"position":1},"title":"Z\u00f3calo de la CDMX: Fan Fest del Mundial 2026","author":"So Close","date":"8 mayo, 2025","format":false,"excerpt":"El Z\u00f3calo de la CDMX: Fan Fest del Mundial 2026 se convertir\u00e1 en uno de los epicentros m\u00e1s vibrantes para vivir la emoci\u00f3n del Mundial de la FIFA 2026, al ser sede oficial del FIFA Fan Fest CDMX. Este evento gratuito reunir\u00e1 a miles de aficionados para disfrutar de una\u2026","rel":"","context":"En &quot;News feed&quot;","block_context":{"text":"News feed","link":"https:\/\/soclose.mx\/blog\/category\/news-feed\/"},"img":{"alt_text":"Fan Fest del Mundial 2026","src":"https:\/\/i0.wp.com\/soclose.mx\/blog\/wp-content\/uploads\/2025\/05\/Fan-Fest-del-Mundial-2026.jpg?fit=1200%2C675&ssl=1&resize=350%2C200","width":350,"height":200,"srcset":"https:\/\/i0.wp.com\/soclose.mx\/blog\/wp-content\/uploads\/2025\/05\/Fan-Fest-del-Mundial-2026.jpg?fit=1200%2C675&ssl=1&resize=350%2C200 1x, https:\/\/i0.wp.com\/soclose.mx\/blog\/wp-content\/uploads\/2025\/05\/Fan-Fest-del-Mundial-2026.jpg?fit=1200%2C675&ssl=1&resize=525%2C300 1.5x, https:\/\/i0.wp.com\/soclose.mx\/blog\/wp-content\/uploads\/2025\/05\/Fan-Fest-del-Mundial-2026.jpg?fit=1200%2C675&ssl=1&resize=700%2C400 2x, https:\/\/i0.wp.com\/soclose.mx\/blog\/wp-content\/uploads\/2025\/05\/Fan-Fest-del-Mundial-2026.jpg?fit=1200%2C675&ssl=1&resize=1050%2C600 3x"},"classes":[]},{"id":14784,"url":"https:\/\/soclose.mx\/blog\/news-feed\/gratis-proyectaran-flow-en-el-zocalo-de-la-cdmx-fecha-hora-y-detalles-del-evento\/","url_meta":{"origin":14532,"position":2},"title":"Gratis, proyectar\u00e1n Flow en el Z\u00f3calo de la CDMX: Fecha, Hora y Detalles del Evento\u2028","author":"So Close","date":"11 abril, 2025","format":false,"excerpt":"Proyectar\u00e1n Flow en el Z\u00f3calo de la CDMX;\u00a0la cinta, ganadora del Oscar a Mejor Pel\u00edcula Animada en 2025, ser\u00e1 proyectada de manera gratuita el pr\u00f3ximo 30 de abril en el Z\u00f3calo de la Ciudad de M\u00e9xico como parte de las celebraciones del D\u00eda del Ni\u00f1o. Este evento \u00fanico busca ofrecer\u2026","rel":"","context":"En &quot;News feed&quot;","block_context":{"text":"News feed","link":"https:\/\/soclose.mx\/blog\/category\/news-feed\/"},"img":{"alt_text":"Pel\u00edcula Flow en el z\u00f3calo CDMX","src":"https:\/\/i0.wp.com\/soclose.mx\/blog\/wp-content\/uploads\/2025\/04\/Pelicula-Flow-en-el-zocalo-CDMX.jpg?fit=1200%2C675&ssl=1&resize=350%2C200","width":350,"height":200,"srcset":"https:\/\/i0.wp.com\/soclose.mx\/blog\/wp-content\/uploads\/2025\/04\/Pelicula-Flow-en-el-zocalo-CDMX.jpg?fit=1200%2C675&ssl=1&resize=350%2C200 1x, https:\/\/i0.wp.com\/soclose.mx\/blog\/wp-content\/uploads\/2025\/04\/Pelicula-Flow-en-el-zocalo-CDMX.jpg?fit=1200%2C675&ssl=1&resize=525%2C300 1.5x, https:\/\/i0.wp.com\/soclose.mx\/blog\/wp-content\/uploads\/2025\/04\/Pelicula-Flow-en-el-zocalo-CDMX.jpg?fit=1200%2C675&ssl=1&resize=700%2C400 2x, https:\/\/i0.wp.com\/soclose.mx\/blog\/wp-content\/uploads\/2025\/04\/Pelicula-Flow-en-el-zocalo-CDMX.jpg?fit=1200%2C675&ssl=1&resize=1050%2C600 3x"},"classes":[]},{"id":10643,"url":"https:\/\/soclose.mx\/blog\/ay-goeeee\/el-mexicano-grupo-firme-genera-mas-dinero-que-elton-john-y-justin-bieber\/","url_meta":{"origin":14532,"position":3},"title":"\u00a1El mexicano Grupo Firme genera m\u00e1s dinero que Elton John y Justin Bieber!","author":"Daniel Ram\u00edrez","date":"19 julio, 2022","format":false,"excerpt":"Al conjunto de regional mexicano, Grupo Firme, ya lo vemos hasta en el gobierno. Quiz\u00e1 a muchos no les guste, pero es verdad que su fama se ha multiplicado en los \u00faltimos meses. Tanto ha sido su \u00e9xito, que ya se empieza a codear con artistas y grupos de talla\u2026","rel":"","context":"En &quot;\u00a1Ay goeeee!&quot;","block_context":{"text":"\u00a1Ay goeeee!","link":"https:\/\/soclose.mx\/blog\/category\/ay-goeeee\/"},"img":{"alt_text":"","src":"https:\/\/i0.wp.com\/soclose.mx\/blog\/wp-content\/uploads\/2022\/07\/firme.jpg?fit=1200%2C799&ssl=1&resize=350%2C200","width":350,"height":200,"srcset":"https:\/\/i0.wp.com\/soclose.mx\/blog\/wp-content\/uploads\/2022\/07\/firme.jpg?fit=1200%2C799&ssl=1&resize=350%2C200 1x, https:\/\/i0.wp.com\/soclose.mx\/blog\/wp-content\/uploads\/2022\/07\/firme.jpg?fit=1200%2C799&ssl=1&resize=525%2C300 1.5x, https:\/\/i0.wp.com\/soclose.mx\/blog\/wp-content\/uploads\/2022\/07\/firme.jpg?fit=1200%2C799&ssl=1&resize=700%2C400 2x, https:\/\/i0.wp.com\/soclose.mx\/blog\/wp-content\/uploads\/2022\/07\/firme.jpg?fit=1200%2C799&ssl=1&resize=1050%2C600 3x"},"classes":[]},{"id":10350,"url":"https:\/\/soclose.mx\/blog\/news-feed\/10-cosas-sobre-la-marcha-por-el-dia-del-orgullo-lgbt-en-la-cdmx\/","url_meta":{"origin":14532,"position":4},"title":"10 cosas sobre la marcha por el D\u00eda del Orgullo LGBT+ en la CDMX","author":"Daniel Ram\u00edrez","date":"24 junio, 2022","format":false,"excerpt":"Se ha vuelto una tradici\u00f3n en la Ciudad de M\u00e9xico la realizaci\u00f3n de la marcha por el D\u00eda del Orgullo LGBT+. Se lleva a cabo cada a\u00f1o el \u00faltimo s\u00e1bado de junio. Horario. Iniciar\u00e1 a las 10:00 horas de este s\u00e1bado 24 d ejunio de 2022. La Ruta. Los contingentes\u2026","rel":"","context":"En &quot;News feed&quot;","block_context":{"text":"News feed","link":"https:\/\/soclose.mx\/blog\/category\/news-feed\/"},"img":{"alt_text":"","src":"https:\/\/i0.wp.com\/soclose.mx\/blog\/wp-content\/uploads\/2022\/06\/pexels-rosemary-ketchum-2306773-1-scaled.jpg?fit=1200%2C814&ssl=1&resize=350%2C200","width":350,"height":200,"srcset":"https:\/\/i0.wp.com\/soclose.mx\/blog\/wp-content\/uploads\/2022\/06\/pexels-rosemary-ketchum-2306773-1-scaled.jpg?fit=1200%2C814&ssl=1&resize=350%2C200 1x, https:\/\/i0.wp.com\/soclose.mx\/blog\/wp-content\/uploads\/2022\/06\/pexels-rosemary-ketchum-2306773-1-scaled.jpg?fit=1200%2C814&ssl=1&resize=525%2C300 1.5x, https:\/\/i0.wp.com\/soclose.mx\/blog\/wp-content\/uploads\/2022\/06\/pexels-rosemary-ketchum-2306773-1-scaled.jpg?fit=1200%2C814&ssl=1&resize=700%2C400 2x, https:\/\/i0.wp.com\/soclose.mx\/blog\/wp-content\/uploads\/2022\/06\/pexels-rosemary-ketchum-2306773-1-scaled.jpg?fit=1200%2C814&ssl=1&resize=1050%2C600 3x"},"classes":[]},{"id":14013,"url":"https:\/\/soclose.mx\/blog\/a-la-mexicana\/lugares-en-el-mundo-donde-se-festeja-la-independencia-de-mexico\/","url_meta":{"origin":14532,"position":5},"title":"Lugares en el mundo donde se festeja La Independencia de M\u00e9xico","author":"So Close","date":"12 septiembre, 2024","format":false,"excerpt":"El 15 de septiembre es una fecha muy significativa para los mexicanos, ya que marca el inicio de las celebraciones por la Independencia de M\u00e9xico. Esta festividad no solo se vive en el pa\u00eds, sino que tambi\u00e9n se celebra en diversas comunidades alrededor del mundo. A continuaci\u00f3n, exploramos algunos de\u2026","rel":"","context":"En &quot;A la mexicana&quot;","block_context":{"text":"A la mexicana","link":"https:\/\/soclose.mx\/blog\/category\/a-la-mexicana\/"},"img":{"alt_text":"zocalo-cdmx","src":"https:\/\/i0.wp.com\/soclose.mx\/blog\/wp-content\/uploads\/2024\/09\/zocalo-cdmx.jpg?fit=1200%2C675&ssl=1&resize=350%2C200","width":350,"height":200,"srcset":"https:\/\/i0.wp.com\/soclose.mx\/blog\/wp-content\/uploads\/2024\/09\/zocalo-cdmx.jpg?fit=1200%2C675&ssl=1&resize=350%2C200 1x, https:\/\/i0.wp.com\/soclose.mx\/blog\/wp-content\/uploads\/2024\/09\/zocalo-cdmx.jpg?fit=1200%2C675&ssl=1&resize=525%2C300 1.5x, https:\/\/i0.wp.com\/soclose.mx\/blog\/wp-content\/uploads\/2024\/09\/zocalo-cdmx.jpg?fit=1200%2C675&ssl=1&resize=700%2C400 2x, https:\/\/i0.wp.com\/soclose.mx\/blog\/wp-content\/uploads\/2024\/09\/zocalo-cdmx.jpg?fit=1200%2C675&ssl=1&resize=1050%2C600 3x"},"classes":[]}],"jetpack_sharing_enabled":true,"_links":{"self":[{"href":"https:\/\/soclose.mx\/blog\/wp-json\/wp\/v2\/posts\/14532","targetHints":{"allow":["GET"]}}],"collection":[{"href":"https:\/\/soclose.mx\/blog\/wp-json\/wp\/v2\/posts"}],"about":[{"href":"https:\/\/soclose.mx\/blog\/wp-json\/wp\/v2\/types\/post"}],"author":[{"embeddable":true,"href":"https:\/\/soclose.mx\/blog\/wp-json\/wp\/v2\/users\/1"}],"replies":[{"embeddable":true,"href":"https:\/\/soclose.mx\/blog\/wp-json\/wp\/v2\/comments?post=14532"}],"version-history":[{"count":1,"href":"https:\/\/soclose.mx\/blog\/wp-json\/wp\/v2\/posts\/14532\/revisions"}],"predecessor-version":[{"id":14534,"href":"https:\/\/soclose.mx\/blog\/wp-json\/wp\/v2\/posts\/14532\/revisions\/14534"}],"wp:featuredmedia":[{"embeddable":true,"href":"https:\/\/soclose.mx\/blog\/wp-json\/wp\/v2\/media\/14533"}],"wp:attachment":[{"href":"https:\/\/soclose.mx\/blog\/wp-json\/wp\/v2\/media?parent=14532"}],"wp:term":[{"taxonomy":"category","embeddable":true,"href":"https:\/\/soclose.mx\/blog\/wp-json\/wp\/v2\/categories?post=14532"},{"taxonomy":"post_tag","embeddable":true,"href":"https:\/\/soclose.mx\/blog\/wp-json\/wp\/v2\/tags?post=14532"}],"curies":[{"name":"wp","href":"https:\/\/api.w.org\/{rel}","templated":true}]}}