{"id":14541,"date":"2024-12-12T20:05:45","date_gmt":"2024-12-13T02:05:45","guid":{"rendered":"https:\/\/soclose.mx\/blog\/?p=14541"},"modified":"2024-12-12T20:05:45","modified_gmt":"2024-12-13T02:05:45","slug":"alejandro-arredondo-el-arquitecto-mexicano-que-revivio-notre-dame","status":"publish","type":"post","link":"https:\/\/soclose.mx\/blog\/ay-goeeee\/alejandro-arredondo-el-arquitecto-mexicano-que-revivio-notre-dame\/","title":{"rendered":"Alejandro Arredondo: el arquitecto mexicano que revivi\u00f3 Notre Dame"},"content":{"rendered":"<p>Alejandro Arredondo: el arquitecto mexicano que revivi\u00f3 <a href=\"https:\/\/www.notredamedeparis.fr\/\" target=\"_blank\" rel=\"noopener\">Notre Dame<\/a> que ha destacado por su papel fundamental en la reconstrucci\u00f3n de la emblem\u00e1tica catedral, tras el devastador incendio que ocurri\u00f3 el 15 de abril de 2019 naci\u00f3 en Coacalco, Estado de M\u00e9xico. Arredondo ha demostrado ser un profesional comprometido con la preservaci\u00f3n del patrimonio arquitect\u00f3nico y cultural.<\/p>\n<h2>Alejandro Arredondo: el arquitecto mexicano que revivi\u00f3 Notre Dame | Formaci\u00f3n y Carrera Profesional<\/h2>\n<p>Arredondo se form\u00f3 en la Universidad de Monterrey, donde adquiri\u00f3 una s\u00f3lida base en arquitectura. En 2017, se traslad\u00f3 a Par\u00eds junto a su esposa en busca de mejores oportunidades laborales. Solo dos a\u00f1os despu\u00e9s, fue contratado por Art Graphic and Patrimony, una firma especializada en la conservaci\u00f3n de sitios hist\u00f3ricos. Su carrera dio un giro inesperado cuando, a solo tres meses de haber comenzado su trabajo, Notre Dame sufri\u00f3 un incendio que caus\u00f3 da\u00f1os significativos a su estructura.<\/p>\n<p>Contribuci\u00f3n a la Reconstrucci\u00f3n de Notre Dame<\/p>\n<p>A pesar de su corta experiencia en <a href=\"https:\/\/soclose.mx\/blog\/a-la-mexicana\/porfirio-diaz-tiene-una-avenida-con-su-nombre-en-francia\/\" target=\"_blank\" rel=\"noopener\">Francia<\/a>, Arredondo fue elegido para liderar un equipo encargado de crear una maqueta digital detallada de Notre Dame. Utilizando tecnolog\u00eda avanzada como drones y esc\u00e1neres tridimensionales, su equipo gener\u00f3 lo que \u00e9l denomina una &#8220;nube de puntos&#8221;, que permiti\u00f3 recrear con precisi\u00f3n cada rinc\u00f3n del edificio, incluso aquellos de dif\u00edcil acceso. Este trabajo fue crucial para garantizar que la restauraci\u00f3n mantuviera la integridad hist\u00f3rica y arquitect\u00f3nica del monumento.<\/p>\n<p>La elecci\u00f3n de Arredondo se debi\u00f3 a su experiencia y habilidades t\u00e9cnicas, especialmente en el uso de tecnolog\u00edas avanzadas como esc\u00e1neres 3D y drones. Estas herramientas fueron cruciales para crear una &#8220;nube de puntos&#8221; digital que permitiera obtener un modelo preciso de la catedral, facilitando as\u00ed la planificaci\u00f3n y ejecuci\u00f3n de las obras de restauraci\u00f3n<span class=\"whitespace-nowrap\">.<\/span> A pesar de haber estado en la firma por poco tiempo, su capacidad para coordinar un equipo y su enfoque meticuloso hacia la preservaci\u00f3n del patrimonio arquitect\u00f3nico lo hicieron destacar como el l\u00edder adecuado para esta tarea monumental.<\/p>\n<p>Arredondo enfrent\u00f3 desaf\u00edos significativos durante este proceso, incluyendo la toxicidad del plomo liberado durante el incendio, lo que representaba un riesgo considerable para la salud de los trabajadores. Sin embargo, \u00e9l considera esta experiencia como una oportunidad \u00fanica en la vida y se siente orgulloso de representar a M\u00e9xico y a Latinoam\u00e9rica en un proyecto de tal magnitud.<\/p>\n<h2>Alejandro Arredondo: el arquitecto mexicano que revivi\u00f3 Notre Dame | Impacto Cultural y Reconocimiento<\/h2>\n<p>La labor de Arredondo no solo ha sido t\u00e9cnica; tambi\u00e9n ha sido un s\u00edmbolo del potencial latinoamericano en el \u00e1mbito profesional. En sus declaraciones, enfatiza que como mexicano siempre ha llevado consigo el deseo de demostrar que &#8220;somos capaces de hacer grandes cosas&#8221; en el \u00e1mbito arquitect\u00f3nico. La reconstrucci\u00f3n de Notre Dame no solo ha sido un esfuerzo monumental desde el punto de vista estructural, sino tambi\u00e9n un reconocimiento al talento y la dedicaci\u00f3n de los profesionales involucrados.<\/p>\n<p>El trabajo realizado por Arredondo y su equipo contin\u00faa siendo relevante incluso despu\u00e9s de la reapertura oficial de Notre Dame al p\u00fablico, programada para diciembre de 2024. Las obras seguir\u00e1n durante algunos a\u00f1os m\u00e1s para completar adecuadamente todas las \u00e1reas afectadas.<\/p>\n<p>En resumen, Alejandro Arredondo es un ejemplo inspirador del impacto que un profesional puede tener en la preservaci\u00f3n del patrimonio cultural mundial. Su historia es un testimonio del talento mexicano en el extranjero y un recordatorio del valor del trabajo colaborativo en proyectos hist\u00f3ricos.<\/p>\n","protected":false},"excerpt":{"rendered":"<p>Alejandro Arredondo: el arquitecto mexicano que revivi\u00f3 Notre Dame que ha destacado por su papel fundamental en la reconstrucci\u00f3n de la emblem\u00e1tica catedral, tras el devastador incendio que ocurri\u00f3 el 15 de abril de 2019 naci\u00f3 en Coacalco, Estado de M\u00e9xico. Arredondo ha demostrado ser un profesional comprometido con la preservaci\u00f3n del patrimonio arquitect\u00f3nico y cultural. Alejandro Arredondo: el arquitecto mexicano que revivi\u00f3 Notre Dame | Formaci\u00f3n y Carrera Profesional Arredondo se form\u00f3 en la Universidad de Monterrey, donde adquiri\u00f3 una s\u00f3lida base en arquitectura. En 2017, se traslad\u00f3 a Par\u00eds junto a su esposa en busca de mejores oportunidades<\/p>\n","protected":false},"author":1,"featured_media":14542,"comment_status":"open","ping_status":"open","sticky":false,"template":"","format":"standard","meta":{"_jetpack_memberships_contains_paid_content":false,"footnotes":""},"categories":[1],"tags":[3810,3811,3813,3817,3816,385,3818,388,3814,3819,3812,3815],"class_list":["post-14541","post","type-post","status-publish","format-standard","has-post-thumbnail","hentry","category-ay-goeeee","tag-alejandro-arredondo","tag-arquitecto-mexicano","tag-digitalizacion-3d","tag-drones","tag-escaner-3d","tag-notre-dame","tag-nube-de-puntos","tag-paris","tag-patrimonio-historico","tag-reconstruccion-de-edificios-historicos","tag-restauracion","tag-tecnologia-en-la-arquitectura"],"yoast_head":"<!-- This site is optimized with the Yoast SEO plugin v26.7 - https:\/\/yoast.com\/wordpress\/plugins\/seo\/ -->\n<title>Alejandro Arredondo: el arquitecto mexicano que revivi\u00f3 Notre Dame - So Close<\/title>\n<meta name=\"description\" content=\"Alejandro Arredondo: el arquitecto mexicano que revivi\u00f3 Notre Dame por su papel en la reconstrucci\u00f3n de la catedral naci\u00f3 en Coacalco.\" \/>\n<meta name=\"robots\" content=\"index, follow, max-snippet:-1, max-image-preview:large, max-video-preview:-1\" \/>\n<link rel=\"canonical\" href=\"https:\/\/soclose.mx\/blog\/tag\/juan-rulfo-frases-mujeres\/\" \/>\n<meta property=\"og:locale\" content=\"es_MX\" \/>\n<meta property=\"og:type\" content=\"article\" \/>\n<meta property=\"og:title\" content=\"Alejandro Arredondo: el arquitecto mexicano que revivi\u00f3 Notre Dame - So Close\" \/>\n<meta property=\"og:description\" content=\"Alejandro Arredondo: el arquitecto mexicano que revivi\u00f3 Notre Dame por su papel en la reconstrucci\u00f3n de la catedral naci\u00f3 en Coacalco.\" \/>\n<meta property=\"og:url\" content=\"https:\/\/soclose.mx\/blog\/tag\/juan-rulfo-frases-mujeres\/\" \/>\n<meta property=\"og:site_name\" content=\"So Close\" \/>\n<meta property=\"article:published_time\" content=\"2024-12-13T02:05:45+00:00\" \/>\n<meta property=\"og:image\" content=\"https:\/\/i0.wp.com\/soclose.mx\/blog\/wp-content\/uploads\/2024\/12\/catedral-de-notre-dame-paris.jpg?fit=1920%2C1080&ssl=1\" \/>\n\t<meta property=\"og:image:width\" content=\"1920\" \/>\n\t<meta property=\"og:image:height\" content=\"1080\" \/>\n\t<meta property=\"og:image:type\" content=\"image\/jpeg\" \/>\n<meta name=\"author\" content=\"So Close\" \/>\n<meta name=\"twitter:card\" content=\"summary_large_image\" \/>\n<meta name=\"twitter:label1\" content=\"Escrito por\" \/>\n\t<meta name=\"twitter:data1\" content=\"So Close\" \/>\n\t<meta name=\"twitter:label2\" content=\"Tiempo de lectura\" \/>\n\t<meta name=\"twitter:data2\" content=\"3 minutos\" \/>\n<script type=\"application\/ld+json\" class=\"yoast-schema-graph\">{\"@context\":\"https:\/\/schema.org\",\"@graph\":[{\"@type\":\"Article\",\"@id\":\"https:\/\/soclose.mx\/blog\/tag\/juan-rulfo-frases-mujeres\/#article\",\"isPartOf\":{\"@id\":\"https:\/\/soclose.mx\/blog\/tag\/juan-rulfo-frases-mujeres\/\"},\"author\":{\"name\":\"So Close\",\"@id\":\"https:\/\/soclose.mx\/blog\/#\/schema\/person\/723eb117ab965b55c3e56b5d29751667\"},\"headline\":\"Alejandro Arredondo: el arquitecto mexicano que revivi\u00f3 Notre Dame\",\"datePublished\":\"2024-12-13T02:05:45+00:00\",\"mainEntityOfPage\":{\"@id\":\"https:\/\/soclose.mx\/blog\/tag\/juan-rulfo-frases-mujeres\/\"},\"wordCount\":613,\"commentCount\":0,\"publisher\":{\"@id\":\"https:\/\/soclose.mx\/blog\/#organization\"},\"image\":{\"@id\":\"https:\/\/soclose.mx\/blog\/tag\/juan-rulfo-frases-mujeres\/#primaryimage\"},\"thumbnailUrl\":\"https:\/\/i0.wp.com\/soclose.mx\/blog\/wp-content\/uploads\/2024\/12\/catedral-de-notre-dame-paris.jpg?fit=1920%2C1080&ssl=1\",\"keywords\":[\"Alejandro Arredondo\",\"arquitecto mexicano\",\"digitalizaci\u00f3n 3D\",\"drones\",\"esc\u00e1ner 3D\",\"notre dame\",\"nube de puntos\",\"paris\",\"patrimonio hist\u00f3rico\",\"reconstrucci\u00f3n de edificios hist\u00f3ricos\",\"restauraci\u00f3n\",\"tecnolog\u00eda en la arquitectura\"],\"articleSection\":[\"\u00a1Ay goeeee!\"],\"inLanguage\":\"es\",\"potentialAction\":[{\"@type\":\"CommentAction\",\"name\":\"Comment\",\"target\":[\"https:\/\/soclose.mx\/blog\/tag\/juan-rulfo-frases-mujeres\/#respond\"]}]},{\"@type\":\"WebPage\",\"@id\":\"https:\/\/soclose.mx\/blog\/tag\/juan-rulfo-frases-mujeres\/\",\"url\":\"https:\/\/soclose.mx\/blog\/tag\/juan-rulfo-frases-mujeres\/\",\"name\":\"Alejandro Arredondo: el arquitecto mexicano que revivi\u00f3 Notre Dame - So Close\",\"isPartOf\":{\"@id\":\"https:\/\/soclose.mx\/blog\/#website\"},\"primaryImageOfPage\":{\"@id\":\"https:\/\/soclose.mx\/blog\/tag\/juan-rulfo-frases-mujeres\/#primaryimage\"},\"image\":{\"@id\":\"https:\/\/soclose.mx\/blog\/tag\/juan-rulfo-frases-mujeres\/#primaryimage\"},\"thumbnailUrl\":\"https:\/\/i0.wp.com\/soclose.mx\/blog\/wp-content\/uploads\/2024\/12\/catedral-de-notre-dame-paris.jpg?fit=1920%2C1080&ssl=1\",\"datePublished\":\"2024-12-13T02:05:45+00:00\",\"description\":\"Alejandro Arredondo: el arquitecto mexicano que revivi\u00f3 Notre Dame por su papel en la reconstrucci\u00f3n de la catedral naci\u00f3 en Coacalco.\",\"breadcrumb\":{\"@id\":\"https:\/\/soclose.mx\/blog\/tag\/juan-rulfo-frases-mujeres\/#breadcrumb\"},\"inLanguage\":\"es\",\"potentialAction\":[{\"@type\":\"ReadAction\",\"target\":[\"https:\/\/soclose.mx\/blog\/tag\/juan-rulfo-frases-mujeres\/\"]}]},{\"@type\":\"ImageObject\",\"inLanguage\":\"es\",\"@id\":\"https:\/\/soclose.mx\/blog\/tag\/juan-rulfo-frases-mujeres\/#primaryimage\",\"url\":\"https:\/\/i0.wp.com\/soclose.mx\/blog\/wp-content\/uploads\/2024\/12\/catedral-de-notre-dame-paris.jpg?fit=1920%2C1080&ssl=1\",\"contentUrl\":\"https:\/\/i0.wp.com\/soclose.mx\/blog\/wp-content\/uploads\/2024\/12\/catedral-de-notre-dame-paris.jpg?fit=1920%2C1080&ssl=1\",\"width\":1920,\"height\":1080,\"caption\":\"Catedral de Notre Dame en Par\u00eds\"},{\"@type\":\"BreadcrumbList\",\"@id\":\"https:\/\/soclose.mx\/blog\/tag\/juan-rulfo-frases-mujeres\/#breadcrumb\",\"itemListElement\":[{\"@type\":\"ListItem\",\"position\":1,\"name\":\"Inicio\",\"item\":\"https:\/\/soclose.mx\/blog\/\"},{\"@type\":\"ListItem\",\"position\":2,\"name\":\"Alejandro Arredondo: el arquitecto mexicano que revivi\u00f3 Notre Dame\"}]},{\"@type\":\"WebSite\",\"@id\":\"https:\/\/soclose.mx\/blog\/#website\",\"url\":\"https:\/\/soclose.mx\/blog\/\",\"name\":\"So Close\",\"description\":\"Hacemos contenidos de M\u00e9xico\",\"publisher\":{\"@id\":\"https:\/\/soclose.mx\/blog\/#organization\"},\"potentialAction\":[{\"@type\":\"SearchAction\",\"target\":{\"@type\":\"EntryPoint\",\"urlTemplate\":\"https:\/\/soclose.mx\/blog\/?s={search_term_string}\"},\"query-input\":{\"@type\":\"PropertyValueSpecification\",\"valueRequired\":true,\"valueName\":\"search_term_string\"}}],\"inLanguage\":\"es\"},{\"@type\":\"Organization\",\"@id\":\"https:\/\/soclose.mx\/blog\/#organization\",\"name\":\"So Close\",\"url\":\"https:\/\/soclose.mx\/blog\/\",\"logo\":{\"@type\":\"ImageObject\",\"inLanguage\":\"es\",\"@id\":\"https:\/\/soclose.mx\/blog\/#\/schema\/logo\/image\/\",\"url\":\"https:\/\/i0.wp.com\/soclose.mx\/blog\/wp-content\/uploads\/2020\/12\/LOGO_SOCLOSE_COLOR-e1608310133507.png?fit=2858%2C1264&ssl=1\",\"contentUrl\":\"https:\/\/i0.wp.com\/soclose.mx\/blog\/wp-content\/uploads\/2020\/12\/LOGO_SOCLOSE_COLOR-e1608310133507.png?fit=2858%2C1264&ssl=1\",\"width\":2858,\"height\":1264,\"caption\":\"So Close\"},\"image\":{\"@id\":\"https:\/\/soclose.mx\/blog\/#\/schema\/logo\/image\/\"}},{\"@type\":\"Person\",\"@id\":\"https:\/\/soclose.mx\/blog\/#\/schema\/person\/723eb117ab965b55c3e56b5d29751667\",\"name\":\"So Close\",\"image\":{\"@type\":\"ImageObject\",\"inLanguage\":\"es\",\"@id\":\"https:\/\/soclose.mx\/blog\/#\/schema\/person\/image\/\",\"url\":\"https:\/\/secure.gravatar.com\/avatar\/5a1d1d694eaf6d2c28f450f0984cbb34821b92dc49c1d088c0250fbc6a48efec?s=96&d=mm&r=g\",\"contentUrl\":\"https:\/\/secure.gravatar.com\/avatar\/5a1d1d694eaf6d2c28f450f0984cbb34821b92dc49c1d088c0250fbc6a48efec?s=96&d=mm&r=g\",\"caption\":\"So Close\"},\"sameAs\":[\"http:\/\/www.soclose.mx\",\"https:\/\/www.youtube.com\/@soclosemx\"],\"url\":\"https:\/\/soclose.mx\/blog\/author\/admin\/\"}]}<\/script>\n<!-- \/ Yoast SEO plugin. -->","yoast_head_json":{"title":"Alejandro Arredondo: el arquitecto mexicano que revivi\u00f3 Notre Dame - So Close","description":"Alejandro Arredondo: el arquitecto mexicano que revivi\u00f3 Notre Dame por su papel en la reconstrucci\u00f3n de la catedral naci\u00f3 en Coacalco.","robots":{"index":"index","follow":"follow","max-snippet":"max-snippet:-1","max-image-preview":"max-image-preview:large","max-video-preview":"max-video-preview:-1"},"canonical":"https:\/\/soclose.mx\/blog\/tag\/juan-rulfo-frases-mujeres\/","og_locale":"es_MX","og_type":"article","og_title":"Alejandro Arredondo: el arquitecto mexicano que revivi\u00f3 Notre Dame - So Close","og_description":"Alejandro Arredondo: el arquitecto mexicano que revivi\u00f3 Notre Dame por su papel en la reconstrucci\u00f3n de la catedral naci\u00f3 en Coacalco.","og_url":"https:\/\/soclose.mx\/blog\/tag\/juan-rulfo-frases-mujeres\/","og_site_name":"So Close","article_published_time":"2024-12-13T02:05:45+00:00","og_image":[{"width":1920,"height":1080,"url":"https:\/\/i0.wp.com\/soclose.mx\/blog\/wp-content\/uploads\/2024\/12\/catedral-de-notre-dame-paris.jpg?fit=1920%2C1080&ssl=1","type":"image\/jpeg"}],"author":"So Close","twitter_card":"summary_large_image","twitter_misc":{"Escrito por":"So Close","Tiempo de lectura":"3 minutos"},"schema":{"@context":"https:\/\/schema.org","@graph":[{"@type":"Article","@id":"https:\/\/soclose.mx\/blog\/tag\/juan-rulfo-frases-mujeres\/#article","isPartOf":{"@id":"https:\/\/soclose.mx\/blog\/tag\/juan-rulfo-frases-mujeres\/"},"author":{"name":"So Close","@id":"https:\/\/soclose.mx\/blog\/#\/schema\/person\/723eb117ab965b55c3e56b5d29751667"},"headline":"Alejandro Arredondo: el arquitecto mexicano que revivi\u00f3 Notre Dame","datePublished":"2024-12-13T02:05:45+00:00","mainEntityOfPage":{"@id":"https:\/\/soclose.mx\/blog\/tag\/juan-rulfo-frases-mujeres\/"},"wordCount":613,"commentCount":0,"publisher":{"@id":"https:\/\/soclose.mx\/blog\/#organization"},"image":{"@id":"https:\/\/soclose.mx\/blog\/tag\/juan-rulfo-frases-mujeres\/#primaryimage"},"thumbnailUrl":"https:\/\/i0.wp.com\/soclose.mx\/blog\/wp-content\/uploads\/2024\/12\/catedral-de-notre-dame-paris.jpg?fit=1920%2C1080&ssl=1","keywords":["Alejandro Arredondo","arquitecto mexicano","digitalizaci\u00f3n 3D","drones","esc\u00e1ner 3D","notre dame","nube de puntos","paris","patrimonio hist\u00f3rico","reconstrucci\u00f3n de edificios hist\u00f3ricos","restauraci\u00f3n","tecnolog\u00eda en la arquitectura"],"articleSection":["\u00a1Ay goeeee!"],"inLanguage":"es","potentialAction":[{"@type":"CommentAction","name":"Comment","target":["https:\/\/soclose.mx\/blog\/tag\/juan-rulfo-frases-mujeres\/#respond"]}]},{"@type":"WebPage","@id":"https:\/\/soclose.mx\/blog\/tag\/juan-rulfo-frases-mujeres\/","url":"https:\/\/soclose.mx\/blog\/tag\/juan-rulfo-frases-mujeres\/","name":"Alejandro Arredondo: el arquitecto mexicano que revivi\u00f3 Notre Dame - So Close","isPartOf":{"@id":"https:\/\/soclose.mx\/blog\/#website"},"primaryImageOfPage":{"@id":"https:\/\/soclose.mx\/blog\/tag\/juan-rulfo-frases-mujeres\/#primaryimage"},"image":{"@id":"https:\/\/soclose.mx\/blog\/tag\/juan-rulfo-frases-mujeres\/#primaryimage"},"thumbnailUrl":"https:\/\/i0.wp.com\/soclose.mx\/blog\/wp-content\/uploads\/2024\/12\/catedral-de-notre-dame-paris.jpg?fit=1920%2C1080&ssl=1","datePublished":"2024-12-13T02:05:45+00:00","description":"Alejandro Arredondo: el arquitecto mexicano que revivi\u00f3 Notre Dame por su papel en la reconstrucci\u00f3n de la catedral naci\u00f3 en Coacalco.","breadcrumb":{"@id":"https:\/\/soclose.mx\/blog\/tag\/juan-rulfo-frases-mujeres\/#breadcrumb"},"inLanguage":"es","potentialAction":[{"@type":"ReadAction","target":["https:\/\/soclose.mx\/blog\/tag\/juan-rulfo-frases-mujeres\/"]}]},{"@type":"ImageObject","inLanguage":"es","@id":"https:\/\/soclose.mx\/blog\/tag\/juan-rulfo-frases-mujeres\/#primaryimage","url":"https:\/\/i0.wp.com\/soclose.mx\/blog\/wp-content\/uploads\/2024\/12\/catedral-de-notre-dame-paris.jpg?fit=1920%2C1080&ssl=1","contentUrl":"https:\/\/i0.wp.com\/soclose.mx\/blog\/wp-content\/uploads\/2024\/12\/catedral-de-notre-dame-paris.jpg?fit=1920%2C1080&ssl=1","width":1920,"height":1080,"caption":"Catedral de Notre Dame en Par\u00eds"},{"@type":"BreadcrumbList","@id":"https:\/\/soclose.mx\/blog\/tag\/juan-rulfo-frases-mujeres\/#breadcrumb","itemListElement":[{"@type":"ListItem","position":1,"name":"Inicio","item":"https:\/\/soclose.mx\/blog\/"},{"@type":"ListItem","position":2,"name":"Alejandro Arredondo: el arquitecto mexicano que revivi\u00f3 Notre Dame"}]},{"@type":"WebSite","@id":"https:\/\/soclose.mx\/blog\/#website","url":"https:\/\/soclose.mx\/blog\/","name":"So Close","description":"Hacemos contenidos de M\u00e9xico","publisher":{"@id":"https:\/\/soclose.mx\/blog\/#organization"},"potentialAction":[{"@type":"SearchAction","target":{"@type":"EntryPoint","urlTemplate":"https:\/\/soclose.mx\/blog\/?s={search_term_string}"},"query-input":{"@type":"PropertyValueSpecification","valueRequired":true,"valueName":"search_term_string"}}],"inLanguage":"es"},{"@type":"Organization","@id":"https:\/\/soclose.mx\/blog\/#organization","name":"So Close","url":"https:\/\/soclose.mx\/blog\/","logo":{"@type":"ImageObject","inLanguage":"es","@id":"https:\/\/soclose.mx\/blog\/#\/schema\/logo\/image\/","url":"https:\/\/i0.wp.com\/soclose.mx\/blog\/wp-content\/uploads\/2020\/12\/LOGO_SOCLOSE_COLOR-e1608310133507.png?fit=2858%2C1264&ssl=1","contentUrl":"https:\/\/i0.wp.com\/soclose.mx\/blog\/wp-content\/uploads\/2020\/12\/LOGO_SOCLOSE_COLOR-e1608310133507.png?fit=2858%2C1264&ssl=1","width":2858,"height":1264,"caption":"So Close"},"image":{"@id":"https:\/\/soclose.mx\/blog\/#\/schema\/logo\/image\/"}},{"@type":"Person","@id":"https:\/\/soclose.mx\/blog\/#\/schema\/person\/723eb117ab965b55c3e56b5d29751667","name":"So Close","image":{"@type":"ImageObject","inLanguage":"es","@id":"https:\/\/soclose.mx\/blog\/#\/schema\/person\/image\/","url":"https:\/\/secure.gravatar.com\/avatar\/5a1d1d694eaf6d2c28f450f0984cbb34821b92dc49c1d088c0250fbc6a48efec?s=96&d=mm&r=g","contentUrl":"https:\/\/secure.gravatar.com\/avatar\/5a1d1d694eaf6d2c28f450f0984cbb34821b92dc49c1d088c0250fbc6a48efec?s=96&d=mm&r=g","caption":"So Close"},"sameAs":["http:\/\/www.soclose.mx","https:\/\/www.youtube.com\/@soclosemx"],"url":"https:\/\/soclose.mx\/blog\/author\/admin\/"}]}},"jetpack_featured_media_url":"https:\/\/i0.wp.com\/soclose.mx\/blog\/wp-content\/uploads\/2024\/12\/catedral-de-notre-dame-paris.jpg?fit=1920%2C1080&ssl=1","jetpack-related-posts":[{"id":5994,"url":"https:\/\/soclose.mx\/blog\/news-feed\/descubren-vestigios-de-basamento-piramidal-en-tlalmanalco-estado-de-mexico\/","url_meta":{"origin":14541,"position":0},"title":"Descubren vestigios de basamento piramidal en Tlalmanalco, Estado de M\u00e9xico","author":"So Close","date":"28 abril, 2021","format":false,"excerpt":"Rodeados de construcciones contempor\u00e1neas y cercados por el avance urbano en el municipio de Tlalmanalco, en Estado de M\u00e9xico, arque\u00f3logos del Instituto Nacional de Antropolog\u00eda e Historia (INAH) descubrieron los vestigios de un basamento piramidal, el cual fue parte del centro urbano de la capital de Tlacochcalco, el\u00a0alt\u00e9petl\u00a0o se\u00f1or\u00edo principal\u2026","rel":"","context":"En &quot;News feed&quot;","block_context":{"text":"News feed","link":"https:\/\/soclose.mx\/blog\/category\/news-feed\/"},"img":{"alt_text":"","src":"https:\/\/i0.wp.com\/soclose.mx\/blog\/wp-content\/uploads\/2021\/04\/tlalmanalco-estadodemexico.jpeg?fit=1200%2C677&ssl=1&resize=350%2C200","width":350,"height":200,"srcset":"https:\/\/i0.wp.com\/soclose.mx\/blog\/wp-content\/uploads\/2021\/04\/tlalmanalco-estadodemexico.jpeg?fit=1200%2C677&ssl=1&resize=350%2C200 1x, https:\/\/i0.wp.com\/soclose.mx\/blog\/wp-content\/uploads\/2021\/04\/tlalmanalco-estadodemexico.jpeg?fit=1200%2C677&ssl=1&resize=525%2C300 1.5x, https:\/\/i0.wp.com\/soclose.mx\/blog\/wp-content\/uploads\/2021\/04\/tlalmanalco-estadodemexico.jpeg?fit=1200%2C677&ssl=1&resize=700%2C400 2x, https:\/\/i0.wp.com\/soclose.mx\/blog\/wp-content\/uploads\/2021\/04\/tlalmanalco-estadodemexico.jpeg?fit=1200%2C677&ssl=1&resize=1050%2C600 3x"},"classes":[]},{"id":7978,"url":"https:\/\/soclose.mx\/blog\/lugares\/templos-en-el-mundo-donde-la-la-virgen-de-guadalupe-es-venerada\/","url_meta":{"origin":14541,"position":1},"title":"Templos en el mundo donde la Virgen de Guadalupe es venerada","author":"Miguel Angel Romero","date":"24 noviembre, 2025","format":false,"excerpt":"La Bas\u00edlica de Santa Mar\u00eda de Guadalupe, en la CDMX, es el santuario principal de la Morenita, pero no es el \u00fanico lugar donde podemos encontrarnos una imagen de la popular virgen. La devoci\u00f3n a la\u00a0Virgen de Guadalupe\u00a0no es exclusiva de los mexicanos, pues se ha extendido a varios pa\u00edses\u2026","rel":"","context":"En &quot;\u00a1Ay goeeee!&quot;","block_context":{"text":"\u00a1Ay goeeee!","link":"https:\/\/soclose.mx\/blog\/category\/ay-goeeee\/"},"img":{"alt_text":"","src":"https:\/\/i0.wp.com\/soclose.mx\/blog\/wp-content\/uploads\/2021\/11\/Copia-de-Principal-So-Close-blog-16.png?fit=1200%2C677&ssl=1&resize=350%2C200","width":350,"height":200,"srcset":"https:\/\/i0.wp.com\/soclose.mx\/blog\/wp-content\/uploads\/2021\/11\/Copia-de-Principal-So-Close-blog-16.png?fit=1200%2C677&ssl=1&resize=350%2C200 1x, https:\/\/i0.wp.com\/soclose.mx\/blog\/wp-content\/uploads\/2021\/11\/Copia-de-Principal-So-Close-blog-16.png?fit=1200%2C677&ssl=1&resize=525%2C300 1.5x, https:\/\/i0.wp.com\/soclose.mx\/blog\/wp-content\/uploads\/2021\/11\/Copia-de-Principal-So-Close-blog-16.png?fit=1200%2C677&ssl=1&resize=700%2C400 2x, https:\/\/i0.wp.com\/soclose.mx\/blog\/wp-content\/uploads\/2021\/11\/Copia-de-Principal-So-Close-blog-16.png?fit=1200%2C677&ssl=1&resize=1050%2C600 3x"},"classes":[]},{"id":9882,"url":"https:\/\/soclose.mx\/blog\/a-la-mexicana\/reconocen-en-alemania-al-tapatio-luis-barragan\/","url_meta":{"origin":14541,"position":2},"title":"Reconocen en Alemania al tapat\u00edo Luis Barrag\u00e1n","author":"Daniel Ram\u00edrez","date":"17 mayo, 2022","format":false,"excerpt":"Quiz\u00e1 hayas escuchado de la Capilla y Convento de las Capuchinas Sacramentarias, la casa Geraldi o pasado por las Torres de Sat\u00e9lite. Si es as\u00ed ya conoces algunas obras del mexicano Luis Barrag\u00e1n. Su trabajo como arquitecto, enfocado en la investigaci\u00f3n de costumbres y tradiciones, le dio reconocimiento internacional que\u2026","rel":"","context":"En &quot;A la mexicana&quot;","block_context":{"text":"A la mexicana","link":"https:\/\/soclose.mx\/blog\/category\/a-la-mexicana\/"},"img":{"alt_text":"","src":"https:\/\/i0.wp.com\/soclose.mx\/blog\/wp-content\/uploads\/2022\/05\/Torres_de_Satelite-scaled.jpg?fit=1200%2C800&ssl=1&resize=350%2C200","width":350,"height":200,"srcset":"https:\/\/i0.wp.com\/soclose.mx\/blog\/wp-content\/uploads\/2022\/05\/Torres_de_Satelite-scaled.jpg?fit=1200%2C800&ssl=1&resize=350%2C200 1x, https:\/\/i0.wp.com\/soclose.mx\/blog\/wp-content\/uploads\/2022\/05\/Torres_de_Satelite-scaled.jpg?fit=1200%2C800&ssl=1&resize=525%2C300 1.5x, https:\/\/i0.wp.com\/soclose.mx\/blog\/wp-content\/uploads\/2022\/05\/Torres_de_Satelite-scaled.jpg?fit=1200%2C800&ssl=1&resize=700%2C400 2x, https:\/\/i0.wp.com\/soclose.mx\/blog\/wp-content\/uploads\/2022\/05\/Torres_de_Satelite-scaled.jpg?fit=1200%2C800&ssl=1&resize=1050%2C600 3x"},"classes":[]},{"id":7825,"url":"https:\/\/soclose.mx\/blog\/news-feed\/navidalia-abre-sus-puertas-para-llenar-de-magia-a-los-tapatios\/","url_meta":{"origin":14541,"position":3},"title":"Navidalia abre sus puertas para llenar de magia a los tapat\u00edos","author":"Miguel Angel Romero","date":"17 noviembre, 2021","format":false,"excerpt":"A partir del 25 de noviembre, Navidalia transformar\u00e1 el Parque \u00c1vila Camacho de Guadalajara en una experiencia \u00fanica, en donde a lo largo de 5 hect\u00e1reas se vivir\u00e1 la\u00a0verdadera emoci\u00f3n de la Navidad. Frente a Plaza Patria, se podr\u00e1 vivir un viaje por 4 mundos repletos de emociones, cada uno\u2026","rel":"","context":"En &quot;News feed&quot;","block_context":{"text":"News feed","link":"https:\/\/soclose.mx\/blog\/category\/news-feed\/"},"img":{"alt_text":"","src":"https:\/\/i0.wp.com\/soclose.mx\/blog\/wp-content\/uploads\/2021\/11\/Copia-de-Principal-So-Close-blog-2-4.png?fit=1200%2C677&ssl=1&resize=350%2C200","width":350,"height":200,"srcset":"https:\/\/i0.wp.com\/soclose.mx\/blog\/wp-content\/uploads\/2021\/11\/Copia-de-Principal-So-Close-blog-2-4.png?fit=1200%2C677&ssl=1&resize=350%2C200 1x, https:\/\/i0.wp.com\/soclose.mx\/blog\/wp-content\/uploads\/2021\/11\/Copia-de-Principal-So-Close-blog-2-4.png?fit=1200%2C677&ssl=1&resize=525%2C300 1.5x, https:\/\/i0.wp.com\/soclose.mx\/blog\/wp-content\/uploads\/2021\/11\/Copia-de-Principal-So-Close-blog-2-4.png?fit=1200%2C677&ssl=1&resize=700%2C400 2x, https:\/\/i0.wp.com\/soclose.mx\/blog\/wp-content\/uploads\/2021\/11\/Copia-de-Principal-So-Close-blog-2-4.png?fit=1200%2C677&ssl=1&resize=1050%2C600 3x"},"classes":[]},{"id":13767,"url":"https:\/\/soclose.mx\/blog\/news-feed\/mexicanos-que-nos-representaran-en-los-juegos-olimpicos-paris-2024\/","url_meta":{"origin":14541,"position":4},"title":"Mexicanos que nos representar\u00e1n en los Juegos Ol\u00edmpicos Par\u00eds 2024","author":"So Close","date":"22 julio, 2024","format":false,"excerpt":"La llama ol\u00edmpica est\u00e1 a punto de encenderse en la Ciudad Luz, y la emoci\u00f3n por conocer a los mexicanos que nos representar\u00e1n en los Juegos Ol\u00edmpicos Par\u00eds 2024 crece con cada d\u00eda que pasa. M\u00e1s de 10 mil atletas de todo el mundo se preparan para competir en 306\u2026","rel":"","context":"En &quot;News feed&quot;","block_context":{"text":"News feed","link":"https:\/\/soclose.mx\/blog\/category\/news-feed\/"},"img":{"alt_text":"Atletas mexicanos en Juegos Ol\u00edmpicos Par\u00eds 2024","src":"https:\/\/i0.wp.com\/soclose.mx\/blog\/wp-content\/uploads\/2024\/07\/mexicanos-olimpicos-paris2024.jpg?fit=1148%2C786&ssl=1&resize=350%2C200","width":350,"height":200,"srcset":"https:\/\/i0.wp.com\/soclose.mx\/blog\/wp-content\/uploads\/2024\/07\/mexicanos-olimpicos-paris2024.jpg?fit=1148%2C786&ssl=1&resize=350%2C200 1x, https:\/\/i0.wp.com\/soclose.mx\/blog\/wp-content\/uploads\/2024\/07\/mexicanos-olimpicos-paris2024.jpg?fit=1148%2C786&ssl=1&resize=525%2C300 1.5x, https:\/\/i0.wp.com\/soclose.mx\/blog\/wp-content\/uploads\/2024\/07\/mexicanos-olimpicos-paris2024.jpg?fit=1148%2C786&ssl=1&resize=700%2C400 2x, https:\/\/i0.wp.com\/soclose.mx\/blog\/wp-content\/uploads\/2024\/07\/mexicanos-olimpicos-paris2024.jpg?fit=1148%2C786&ssl=1&resize=1050%2C600 3x"},"classes":[]},{"id":9410,"url":"https:\/\/soclose.mx\/blog\/a-la-mexicana\/frida-escobedo-la-mexicana-que-disenara-un-pabellon-del-met\/","url_meta":{"origin":14541,"position":5},"title":"Frida Escobedo: La mexicana que dise\u00f1ar\u00e1 un pabell\u00f3n del MET","author":"Miguel Angel Romero","date":"18 marzo, 2022","format":false,"excerpt":"La mexicana\u00a0Frida Escobedo\u00a0fue la arquitecta seleccionada para liderar el proyecto de dise\u00f1o y construcci\u00f3n del nuevo\u00a0pabell\u00f3n de arte moderno y contempor\u00e1neo\u00a0en el\u00a0Museo Metropolitano de Arte de Nueva York. El museo consider\u00f3 otras cuatro firmas de arquitectura: Ensamble Studio, Lacaton & Vassal, SO - IL y David Chipperfield Architects, pero la\u2026","rel":"","context":"En &quot;A la mexicana&quot;","block_context":{"text":"A la mexicana","link":"https:\/\/soclose.mx\/blog\/category\/a-la-mexicana\/"},"img":{"alt_text":"","src":"https:\/\/i0.wp.com\/soclose.mx\/blog\/wp-content\/uploads\/2022\/03\/Copia-de-Principal-So-Close-blog-1-12.png?fit=1200%2C677&ssl=1&resize=350%2C200","width":350,"height":200,"srcset":"https:\/\/i0.wp.com\/soclose.mx\/blog\/wp-content\/uploads\/2022\/03\/Copia-de-Principal-So-Close-blog-1-12.png?fit=1200%2C677&ssl=1&resize=350%2C200 1x, https:\/\/i0.wp.com\/soclose.mx\/blog\/wp-content\/uploads\/2022\/03\/Copia-de-Principal-So-Close-blog-1-12.png?fit=1200%2C677&ssl=1&resize=525%2C300 1.5x, https:\/\/i0.wp.com\/soclose.mx\/blog\/wp-content\/uploads\/2022\/03\/Copia-de-Principal-So-Close-blog-1-12.png?fit=1200%2C677&ssl=1&resize=700%2C400 2x, https:\/\/i0.wp.com\/soclose.mx\/blog\/wp-content\/uploads\/2022\/03\/Copia-de-Principal-So-Close-blog-1-12.png?fit=1200%2C677&ssl=1&resize=1050%2C600 3x"},"classes":[]}],"jetpack_sharing_enabled":true,"_links":{"self":[{"href":"https:\/\/soclose.mx\/blog\/wp-json\/wp\/v2\/posts\/14541","targetHints":{"allow":["GET"]}}],"collection":[{"href":"https:\/\/soclose.mx\/blog\/wp-json\/wp\/v2\/posts"}],"about":[{"href":"https:\/\/soclose.mx\/blog\/wp-json\/wp\/v2\/types\/post"}],"author":[{"embeddable":true,"href":"https:\/\/soclose.mx\/blog\/wp-json\/wp\/v2\/users\/1"}],"replies":[{"embeddable":true,"href":"https:\/\/soclose.mx\/blog\/wp-json\/wp\/v2\/comments?post=14541"}],"version-history":[{"count":1,"href":"https:\/\/soclose.mx\/blog\/wp-json\/wp\/v2\/posts\/14541\/revisions"}],"predecessor-version":[{"id":14543,"href":"https:\/\/soclose.mx\/blog\/wp-json\/wp\/v2\/posts\/14541\/revisions\/14543"}],"wp:featuredmedia":[{"embeddable":true,"href":"https:\/\/soclose.mx\/blog\/wp-json\/wp\/v2\/media\/14542"}],"wp:attachment":[{"href":"https:\/\/soclose.mx\/blog\/wp-json\/wp\/v2\/media?parent=14541"}],"wp:term":[{"taxonomy":"category","embeddable":true,"href":"https:\/\/soclose.mx\/blog\/wp-json\/wp\/v2\/categories?post=14541"},{"taxonomy":"post_tag","embeddable":true,"href":"https:\/\/soclose.mx\/blog\/wp-json\/wp\/v2\/tags?post=14541"}],"curies":[{"name":"wp","href":"https:\/\/api.w.org\/{rel}","templated":true}]}}