{"id":14704,"date":"2025-02-17T17:17:39","date_gmt":"2025-02-17T23:17:39","guid":{"rendered":"https:\/\/soclose.mx\/blog\/?p=14704"},"modified":"2025-02-17T17:17:39","modified_gmt":"2025-02-17T23:17:39","slug":"frases-y-canciones-inolvidables-de-paquita-la-del-barrio","status":"publish","type":"post","link":"https:\/\/soclose.mx\/blog\/a-la-mexicana\/frases-y-canciones-inolvidables-de-paquita-la-del-barrio\/","title":{"rendered":"Frases y canciones inolvidables de Paquita la del Barrio"},"content":{"rendered":"<p>Francisca Viveros Barradas fue una figura ic\u00f3nica de la m\u00fasica ranchera mexicana, cuyas <strong>frases y canciones inolvidables de Paquita la del Barrio<\/strong>, como se le conoc\u00eda popularmente, la convirtieron en un s\u00edmbolo de empoderamiento femenino. Nacida el 2 de abril de 1947 en Alto Lucero, Veracruz, Paquita dej\u00f3 un legado imborrable que trascendi\u00f3 generaciones. <a href=\"https:\/\/www.instagram.com\/p\/DGLiADoOo17\/?utm_source=ig_web_copy_link&amp;igsh=MzRlODBiNWFlZA==\" target=\"_blank\" rel=\"noopener\">Falleci\u00f3 el 17 de febrero<\/a> de 2025 en Xalapa, Veracruz, a los 77 a\u00f1os, dejando un vac\u00edo en el coraz\u00f3n de sus seguidores y en la <a href=\"https:\/\/soclose.mx\/blog\/a-la-mexicana\/mariachi-yerushalayim-conquista-a-jerusalen\/\" target=\"_blank\" rel=\"noopener\">m\u00fasica mexicana<\/a>.<\/p>\n<h2>Una Vida de Desaf\u00edos y Triunfos<\/h2>\n<p>Paquita la del Barrio comenz\u00f3 su carrera musical en la d\u00e9cada de 1970 en la Ciudad de M\u00e9xico, enfrentando numerosos desaf\u00edos en un g\u00e9nero dominado por hombres. Su voz potente y sus letras directas, que denunciaban la misoginia y el machismo, r\u00e1pidamente la catapultaron a la fama. A lo largo de su carrera, Paquita lanz\u00f3 numerosos \u00e1lbumes y se present\u00f3 en escenarios de todo el mundo, consolid\u00e1ndose como una de las artistas m\u00e1s queridas y respetadas de M\u00e9xico.<\/p>\n<h2>Frases y canciones inolvidables de Paquita la del Barrio que Dejaron Huella<\/h2>\n<p>Paquita la del Barrio no solo fue una cantante talentosa, sino tambi\u00e9n una creadora de frases memorables que resonaron con millones de personas. Algunas de sus expresiones m\u00e1s emblem\u00e1ticas incluyen:<\/p>\n<p>&#8220;\u00bfMe est\u00e1s oyendo, in\u00fatil?&#8221;**: Esta frase, dirigida a los hombres infieles y machistas, se convirti\u00f3 en su sello distintivo y un himno para muchas mujeres.<\/p>\n<p>&#8220;Rata de dos patas&#8221;: El t\u00edtulo de una de sus canciones m\u00e1s famosas, utilizado para describir a un hombre despreciable.<\/p>\n<p>&#8220;Los in\u00fatiles&#8221;: Un t\u00e9rmino cari\u00f1oso (o no tanto) con el que se refer\u00eda a los hombres en general.<\/p>\n<p>Canciones que Marcaron una \u00c9poca<\/p>\n<p>El repertorio de Paquita la del Barrio est\u00e1 lleno de canciones que se convirtieron en cl\u00e1sicos de la m\u00fasica ranchera. Algunas de las m\u00e1s destacadas son:<\/p>\n<p>&#8220;Rata de dos patas&#8221;: Un himno contra los hombres infieles y abusivos.<\/p>\n<p>&#8220;Tres veces te enga\u00f1\u00e9&#8221;: Una canci\u00f3n que narra la historia de una mujer que se venga de su pareja infiel.<\/p>\n<p>&#8220;Cheque en blanco&#8221;: Una declaraci\u00f3n de independencia y empoderamiento femenino.<\/p>\n<p>&#8220;Pi\u00e9rdeme el respeto&#8221;: Otra canci\u00f3n en la que Paquita desaf\u00eda las normas sociales y defiende la dignidad de la mujer.<\/p>\n<p>Datos Curiosos y An\u00e9cdotas<\/p>\n<p>Su nombre art\u00edstico: Francisca Viveros adopt\u00f3 el nombre art\u00edstico &#8220;Paquita la del Barrio&#8221; en honor a su barrio natal y como una forma de identificarse con la gente com\u00fan.<\/p>\n<p>Colaboraciones destacadas: A lo largo de su carrera, Paquita colabor\u00f3 con numerosos artistas, incluyendo a Ana B\u00e1rbara en la canci\u00f3n &#8220;El Consejo&#8221;.<\/p>\n<p>Reconocimientos: Paquita la del Barrio recibi\u00f3 numerosos premios y reconocimientos por su trayectoria art\u00edstica, incluyendo un Grammy Latino a la Excelencia Musical en 2021.<\/p>\n<p>Problemas de salud: En sus \u00faltimos a\u00f1os, Paquita enfrent\u00f3 problemas de salud relacionados con sus pulmones, lo que la oblig\u00f3 a cancelar algunas presentaciones.<\/p>\n<h2>&#8220;Rata de dos Patas&#8221;: El Himno de Paquita la del Barrio que empoder\u00f3 a las mujeres y desafi\u00f3 al Machismo<\/h2>\n<p>Paquita la del Barrio, \u00edcono femenino de la m\u00fasica ranchera mexicana, es conocida por sus canciones que adoptan una postura en contra de una cultura masculina sexista, lo que la ha hecho popular especialmente entre el p\u00fablico femenino. Su canci\u00f3n m\u00e1s emblem\u00e1tica, &#8220;Rata de dos Patas&#8221;, lanzada en el \u00e1lbum &#8220;Hombres Malvados&#8221; de 2004, es un claro ejemplo de su estilo audaz y desafiante. Este tema, en el que compara a un ex amante con una variedad de bichos y otros animales no confiables, se convirti\u00f3 en un himno para las mujeres y reson\u00f3 fuertemente en el movimiento Me Too.<\/p>\n<h2>Letra de la canci\u00f3n &#8220;Rata de dos Patas&#8221;, una de las Frases y canciones inolvidables de Paquita la del Barrio<\/h2>\n<p>La letra de &#8220;Rata de dos Patas&#8221; es un poderoso desahogo contra los hombres que maltratan y enga\u00f1an a las mujeres. Con palabras fuertes y directas, Paquita expresa su desprecio y repudio hacia este tipo de individuos. Aqu\u00ed te presentamos un fragmento de la letra:<\/p>\n<p>&#8220;Rata inmunda, animal rastrero, escoria de la vida, adefesio mal hecho, infrahumano, espectro del infierno, maldita sabandija, \u00a1cu\u00e1nto da\u00f1o me has hecho!&#8221;<\/p>\n<p>&#8220;Rata de dos patas, te estoy hablando a ti, porque un bicho rastrero, aun siendo el m\u00e1s maldito, comparado contigo, se queda muy chiquito&#8221;.<\/p>\n<p>&#8220;Me est\u00e1s oyendo, in\u00fatil&#8221;<\/p>\n<p>Significado e Impacto Cultural<\/p>\n<p>&#8220;Rata de dos Patas&#8221; no solo fue un \u00e9xito musical, sino tambi\u00e9n un fen\u00f3meno cultural que trascendi\u00f3 fronteras. La canci\u00f3n se convirti\u00f3 en un himno para las mujeres que se sent\u00edan identificadas con su mensaje de empoderamiento y liberaci\u00f3n. Paquita la del Barrio, con su voz y su actitud, se convirti\u00f3 en un s\u00edmbolo de la lucha contra el machismo y la defensa de la dignidad femenina.<\/p>\n<p>\u00c1lbumes<\/p>\n<p>La canci\u00f3n fue incluida en su \u00e1lbum del mismo nombre, &#8220;Rata de dos Patas&#8221; lanzado en 2008. El \u00e1lbum &#8220;Hombres Malvados&#8221; lanzado en 2004, hab\u00eda recibido elogios y una amplia aceptaci\u00f3n en los Estados Unidos y M\u00e9xico, acelerando su ascenso en la industria de la m\u00fasica, incluso en escenarios internacionales.<\/p>\n<p>Legado Imborrable<\/p>\n<p>Paquita la del Barrio dej\u00f3 un legado imborrable en la m\u00fasica mexicana y en la cultura popular. Su voz, sus letras y su actitud desafiante la convirtieron en un \u00edcono feminista y en un s\u00edmbolo de la lucha por la igualdad de g\u00e9nero. Su m\u00fasica contin\u00faa inspirando a nuevas generaciones y su memoria perdurar\u00e1 por siempre en el coraz\u00f3n de sus seguidores.<\/p>\n","protected":false},"excerpt":{"rendered":"<p>Francisca Viveros Barradas fue una figura ic\u00f3nica de la m\u00fasica ranchera mexicana, cuyas frases y canciones inolvidables de Paquita la del Barrio, como se le conoc\u00eda popularmente, la convirtieron en un s\u00edmbolo de empoderamiento femenino. Nacida el 2 de abril de 1947 en Alto Lucero, Veracruz, Paquita dej\u00f3 un legado imborrable que trascendi\u00f3 generaciones. Falleci\u00f3 el 17 de febrero de 2025 en Xalapa, Veracruz, a los 77 a\u00f1os, dejando un vac\u00edo en el coraz\u00f3n de sus seguidores y en la m\u00fasica mexicana. Una Vida de Desaf\u00edos y Triunfos Paquita la del Barrio comenz\u00f3 su carrera musical en la d\u00e9cada de<\/p>\n","protected":false},"author":1,"featured_media":14705,"comment_status":"open","ping_status":"open","sticky":false,"template":"","format":"standard","meta":{"_jetpack_memberships_contains_paid_content":false,"footnotes":""},"categories":[1778],"tags":[4142,4146,4147,3670,4149,4148,4143,4141,4144,4145],"class_list":["post-14704","post","type-post","status-publish","format-standard","has-post-thumbnail","hentry","category-a-la-mexicana","tag-cantante-mexicana","tag-cheque-en-blanco","tag-desamor","tag-empoderamiento-femenino","tag-legado-de-paquita-la-del-barrio","tag-muerte-de-paquita-la-del-barrio","tag-musica-ranchera","tag-paquita-la-del-barrio","tag-rata-de-dos-patas","tag-tres-veces-te-engane"],"yoast_head":"<!-- This site is optimized with the Yoast SEO plugin v26.7 - https:\/\/yoast.com\/wordpress\/plugins\/seo\/ -->\n<title>Frases y canciones inolvidables de Paquita la del Barrio - So Close<\/title>\n<meta name=\"description\" content=\"Francisca Viveros Barradas fue una figura ic\u00f3nica de M\u00e9xico, sin duda hay frases y canciones inolvidables de Paquita la del Barrio.\" \/>\n<meta name=\"robots\" content=\"index, follow, max-snippet:-1, max-image-preview:large, max-video-preview:-1\" \/>\n<link rel=\"canonical\" href=\"https:\/\/soclose.mx\/blog\/tag\/juan-rulfo-frases-mujeres\/\" \/>\n<meta property=\"og:locale\" content=\"es_MX\" \/>\n<meta property=\"og:type\" content=\"article\" \/>\n<meta property=\"og:title\" content=\"Frases y canciones inolvidables de Paquita la del Barrio - So Close\" \/>\n<meta property=\"og:description\" content=\"Francisca Viveros Barradas fue una figura ic\u00f3nica de M\u00e9xico, sin duda hay frases y canciones inolvidables de Paquita la del Barrio.\" \/>\n<meta property=\"og:url\" content=\"https:\/\/soclose.mx\/blog\/tag\/juan-rulfo-frases-mujeres\/\" \/>\n<meta property=\"og:site_name\" content=\"So Close\" \/>\n<meta property=\"article:published_time\" content=\"2025-02-17T23:17:39+00:00\" \/>\n<meta property=\"og:image\" content=\"https:\/\/i0.wp.com\/soclose.mx\/blog\/wp-content\/uploads\/2025\/02\/Paquita-la-del-Barrio-y-Juan-Gabriel.jpg?fit=1920%2C1080&ssl=1\" \/>\n\t<meta property=\"og:image:width\" content=\"1920\" \/>\n\t<meta property=\"og:image:height\" content=\"1080\" \/>\n\t<meta property=\"og:image:type\" content=\"image\/jpeg\" \/>\n<meta name=\"author\" content=\"So Close\" \/>\n<meta name=\"twitter:card\" content=\"summary_large_image\" \/>\n<meta name=\"twitter:label1\" content=\"Escrito por\" \/>\n\t<meta name=\"twitter:data1\" content=\"So Close\" \/>\n\t<meta name=\"twitter:label2\" content=\"Tiempo de lectura\" \/>\n\t<meta name=\"twitter:data2\" content=\"5 minutos\" \/>\n<script type=\"application\/ld+json\" class=\"yoast-schema-graph\">{\"@context\":\"https:\/\/schema.org\",\"@graph\":[{\"@type\":\"Article\",\"@id\":\"https:\/\/soclose.mx\/blog\/tag\/juan-rulfo-frases-mujeres\/#article\",\"isPartOf\":{\"@id\":\"https:\/\/soclose.mx\/blog\/tag\/juan-rulfo-frases-mujeres\/\"},\"author\":{\"name\":\"So Close\",\"@id\":\"https:\/\/soclose.mx\/blog\/#\/schema\/person\/723eb117ab965b55c3e56b5d29751667\"},\"headline\":\"Frases y canciones inolvidables de Paquita la del Barrio\",\"datePublished\":\"2025-02-17T23:17:39+00:00\",\"mainEntityOfPage\":{\"@id\":\"https:\/\/soclose.mx\/blog\/tag\/juan-rulfo-frases-mujeres\/\"},\"wordCount\":960,\"commentCount\":0,\"publisher\":{\"@id\":\"https:\/\/soclose.mx\/blog\/#organization\"},\"image\":{\"@id\":\"https:\/\/soclose.mx\/blog\/tag\/juan-rulfo-frases-mujeres\/#primaryimage\"},\"thumbnailUrl\":\"https:\/\/i0.wp.com\/soclose.mx\/blog\/wp-content\/uploads\/2025\/02\/Paquita-la-del-Barrio-y-Juan-Gabriel.jpg?fit=1920%2C1080&ssl=1\",\"keywords\":[\"Cantante mexicana\",\"Cheque en blanco\",\"Desamor\",\"empoderamiento femenino\",\"Legado de Paquita la del Barrio\",\"Muerte de Paquita la del Barrio\",\"M\u00fasica ranchera\",\"Paquita la del Barrio\",\"Rata de dos patas\",\"Tres veces te enga\u00f1\u00e9\"],\"articleSection\":[\"A la mexicana\"],\"inLanguage\":\"es\",\"potentialAction\":[{\"@type\":\"CommentAction\",\"name\":\"Comment\",\"target\":[\"https:\/\/soclose.mx\/blog\/tag\/juan-rulfo-frases-mujeres\/#respond\"]}]},{\"@type\":\"WebPage\",\"@id\":\"https:\/\/soclose.mx\/blog\/tag\/juan-rulfo-frases-mujeres\/\",\"url\":\"https:\/\/soclose.mx\/blog\/tag\/juan-rulfo-frases-mujeres\/\",\"name\":\"Frases y canciones inolvidables de Paquita la del Barrio - So Close\",\"isPartOf\":{\"@id\":\"https:\/\/soclose.mx\/blog\/#website\"},\"primaryImageOfPage\":{\"@id\":\"https:\/\/soclose.mx\/blog\/tag\/juan-rulfo-frases-mujeres\/#primaryimage\"},\"image\":{\"@id\":\"https:\/\/soclose.mx\/blog\/tag\/juan-rulfo-frases-mujeres\/#primaryimage\"},\"thumbnailUrl\":\"https:\/\/i0.wp.com\/soclose.mx\/blog\/wp-content\/uploads\/2025\/02\/Paquita-la-del-Barrio-y-Juan-Gabriel.jpg?fit=1920%2C1080&ssl=1\",\"datePublished\":\"2025-02-17T23:17:39+00:00\",\"description\":\"Francisca Viveros Barradas fue una figura ic\u00f3nica de M\u00e9xico, sin duda hay frases y canciones inolvidables de Paquita la del Barrio.\",\"breadcrumb\":{\"@id\":\"https:\/\/soclose.mx\/blog\/tag\/juan-rulfo-frases-mujeres\/#breadcrumb\"},\"inLanguage\":\"es\",\"potentialAction\":[{\"@type\":\"ReadAction\",\"target\":[\"https:\/\/soclose.mx\/blog\/tag\/juan-rulfo-frases-mujeres\/\"]}]},{\"@type\":\"ImageObject\",\"inLanguage\":\"es\",\"@id\":\"https:\/\/soclose.mx\/blog\/tag\/juan-rulfo-frases-mujeres\/#primaryimage\",\"url\":\"https:\/\/i0.wp.com\/soclose.mx\/blog\/wp-content\/uploads\/2025\/02\/Paquita-la-del-Barrio-y-Juan-Gabriel.jpg?fit=1920%2C1080&ssl=1\",\"contentUrl\":\"https:\/\/i0.wp.com\/soclose.mx\/blog\/wp-content\/uploads\/2025\/02\/Paquita-la-del-Barrio-y-Juan-Gabriel.jpg?fit=1920%2C1080&ssl=1\",\"width\":1920,\"height\":1080,\"caption\":\"Paquita la del Barrio y Juan Gabriel\"},{\"@type\":\"BreadcrumbList\",\"@id\":\"https:\/\/soclose.mx\/blog\/tag\/juan-rulfo-frases-mujeres\/#breadcrumb\",\"itemListElement\":[{\"@type\":\"ListItem\",\"position\":1,\"name\":\"Inicio\",\"item\":\"https:\/\/soclose.mx\/blog\/\"},{\"@type\":\"ListItem\",\"position\":2,\"name\":\"Frases y canciones inolvidables de Paquita la del Barrio\"}]},{\"@type\":\"WebSite\",\"@id\":\"https:\/\/soclose.mx\/blog\/#website\",\"url\":\"https:\/\/soclose.mx\/blog\/\",\"name\":\"So Close\",\"description\":\"Hacemos contenidos de M\u00e9xico\",\"publisher\":{\"@id\":\"https:\/\/soclose.mx\/blog\/#organization\"},\"potentialAction\":[{\"@type\":\"SearchAction\",\"target\":{\"@type\":\"EntryPoint\",\"urlTemplate\":\"https:\/\/soclose.mx\/blog\/?s={search_term_string}\"},\"query-input\":{\"@type\":\"PropertyValueSpecification\",\"valueRequired\":true,\"valueName\":\"search_term_string\"}}],\"inLanguage\":\"es\"},{\"@type\":\"Organization\",\"@id\":\"https:\/\/soclose.mx\/blog\/#organization\",\"name\":\"So Close\",\"url\":\"https:\/\/soclose.mx\/blog\/\",\"logo\":{\"@type\":\"ImageObject\",\"inLanguage\":\"es\",\"@id\":\"https:\/\/soclose.mx\/blog\/#\/schema\/logo\/image\/\",\"url\":\"https:\/\/i0.wp.com\/soclose.mx\/blog\/wp-content\/uploads\/2020\/12\/LOGO_SOCLOSE_COLOR-e1608310133507.png?fit=2858%2C1264&ssl=1\",\"contentUrl\":\"https:\/\/i0.wp.com\/soclose.mx\/blog\/wp-content\/uploads\/2020\/12\/LOGO_SOCLOSE_COLOR-e1608310133507.png?fit=2858%2C1264&ssl=1\",\"width\":2858,\"height\":1264,\"caption\":\"So Close\"},\"image\":{\"@id\":\"https:\/\/soclose.mx\/blog\/#\/schema\/logo\/image\/\"}},{\"@type\":\"Person\",\"@id\":\"https:\/\/soclose.mx\/blog\/#\/schema\/person\/723eb117ab965b55c3e56b5d29751667\",\"name\":\"So Close\",\"image\":{\"@type\":\"ImageObject\",\"inLanguage\":\"es\",\"@id\":\"https:\/\/soclose.mx\/blog\/#\/schema\/person\/image\/\",\"url\":\"https:\/\/secure.gravatar.com\/avatar\/5a1d1d694eaf6d2c28f450f0984cbb34821b92dc49c1d088c0250fbc6a48efec?s=96&d=mm&r=g\",\"contentUrl\":\"https:\/\/secure.gravatar.com\/avatar\/5a1d1d694eaf6d2c28f450f0984cbb34821b92dc49c1d088c0250fbc6a48efec?s=96&d=mm&r=g\",\"caption\":\"So Close\"},\"sameAs\":[\"http:\/\/www.soclose.mx\",\"https:\/\/www.youtube.com\/@soclosemx\"],\"url\":\"https:\/\/soclose.mx\/blog\/author\/admin\/\"}]}<\/script>\n<!-- \/ Yoast SEO plugin. -->","yoast_head_json":{"title":"Frases y canciones inolvidables de Paquita la del Barrio - So Close","description":"Francisca Viveros Barradas fue una figura ic\u00f3nica de M\u00e9xico, sin duda hay frases y canciones inolvidables de Paquita la del Barrio.","robots":{"index":"index","follow":"follow","max-snippet":"max-snippet:-1","max-image-preview":"max-image-preview:large","max-video-preview":"max-video-preview:-1"},"canonical":"https:\/\/soclose.mx\/blog\/tag\/juan-rulfo-frases-mujeres\/","og_locale":"es_MX","og_type":"article","og_title":"Frases y canciones inolvidables de Paquita la del Barrio - So Close","og_description":"Francisca Viveros Barradas fue una figura ic\u00f3nica de M\u00e9xico, sin duda hay frases y canciones inolvidables de Paquita la del Barrio.","og_url":"https:\/\/soclose.mx\/blog\/tag\/juan-rulfo-frases-mujeres\/","og_site_name":"So Close","article_published_time":"2025-02-17T23:17:39+00:00","og_image":[{"width":1920,"height":1080,"url":"https:\/\/i0.wp.com\/soclose.mx\/blog\/wp-content\/uploads\/2025\/02\/Paquita-la-del-Barrio-y-Juan-Gabriel.jpg?fit=1920%2C1080&ssl=1","type":"image\/jpeg"}],"author":"So Close","twitter_card":"summary_large_image","twitter_misc":{"Escrito por":"So Close","Tiempo de lectura":"5 minutos"},"schema":{"@context":"https:\/\/schema.org","@graph":[{"@type":"Article","@id":"https:\/\/soclose.mx\/blog\/tag\/juan-rulfo-frases-mujeres\/#article","isPartOf":{"@id":"https:\/\/soclose.mx\/blog\/tag\/juan-rulfo-frases-mujeres\/"},"author":{"name":"So Close","@id":"https:\/\/soclose.mx\/blog\/#\/schema\/person\/723eb117ab965b55c3e56b5d29751667"},"headline":"Frases y canciones inolvidables de Paquita la del Barrio","datePublished":"2025-02-17T23:17:39+00:00","mainEntityOfPage":{"@id":"https:\/\/soclose.mx\/blog\/tag\/juan-rulfo-frases-mujeres\/"},"wordCount":960,"commentCount":0,"publisher":{"@id":"https:\/\/soclose.mx\/blog\/#organization"},"image":{"@id":"https:\/\/soclose.mx\/blog\/tag\/juan-rulfo-frases-mujeres\/#primaryimage"},"thumbnailUrl":"https:\/\/i0.wp.com\/soclose.mx\/blog\/wp-content\/uploads\/2025\/02\/Paquita-la-del-Barrio-y-Juan-Gabriel.jpg?fit=1920%2C1080&ssl=1","keywords":["Cantante mexicana","Cheque en blanco","Desamor","empoderamiento femenino","Legado de Paquita la del Barrio","Muerte de Paquita la del Barrio","M\u00fasica ranchera","Paquita la del Barrio","Rata de dos patas","Tres veces te enga\u00f1\u00e9"],"articleSection":["A la mexicana"],"inLanguage":"es","potentialAction":[{"@type":"CommentAction","name":"Comment","target":["https:\/\/soclose.mx\/blog\/tag\/juan-rulfo-frases-mujeres\/#respond"]}]},{"@type":"WebPage","@id":"https:\/\/soclose.mx\/blog\/tag\/juan-rulfo-frases-mujeres\/","url":"https:\/\/soclose.mx\/blog\/tag\/juan-rulfo-frases-mujeres\/","name":"Frases y canciones inolvidables de Paquita la del Barrio - So Close","isPartOf":{"@id":"https:\/\/soclose.mx\/blog\/#website"},"primaryImageOfPage":{"@id":"https:\/\/soclose.mx\/blog\/tag\/juan-rulfo-frases-mujeres\/#primaryimage"},"image":{"@id":"https:\/\/soclose.mx\/blog\/tag\/juan-rulfo-frases-mujeres\/#primaryimage"},"thumbnailUrl":"https:\/\/i0.wp.com\/soclose.mx\/blog\/wp-content\/uploads\/2025\/02\/Paquita-la-del-Barrio-y-Juan-Gabriel.jpg?fit=1920%2C1080&ssl=1","datePublished":"2025-02-17T23:17:39+00:00","description":"Francisca Viveros Barradas fue una figura ic\u00f3nica de M\u00e9xico, sin duda hay frases y canciones inolvidables de Paquita la del Barrio.","breadcrumb":{"@id":"https:\/\/soclose.mx\/blog\/tag\/juan-rulfo-frases-mujeres\/#breadcrumb"},"inLanguage":"es","potentialAction":[{"@type":"ReadAction","target":["https:\/\/soclose.mx\/blog\/tag\/juan-rulfo-frases-mujeres\/"]}]},{"@type":"ImageObject","inLanguage":"es","@id":"https:\/\/soclose.mx\/blog\/tag\/juan-rulfo-frases-mujeres\/#primaryimage","url":"https:\/\/i0.wp.com\/soclose.mx\/blog\/wp-content\/uploads\/2025\/02\/Paquita-la-del-Barrio-y-Juan-Gabriel.jpg?fit=1920%2C1080&ssl=1","contentUrl":"https:\/\/i0.wp.com\/soclose.mx\/blog\/wp-content\/uploads\/2025\/02\/Paquita-la-del-Barrio-y-Juan-Gabriel.jpg?fit=1920%2C1080&ssl=1","width":1920,"height":1080,"caption":"Paquita la del Barrio y Juan Gabriel"},{"@type":"BreadcrumbList","@id":"https:\/\/soclose.mx\/blog\/tag\/juan-rulfo-frases-mujeres\/#breadcrumb","itemListElement":[{"@type":"ListItem","position":1,"name":"Inicio","item":"https:\/\/soclose.mx\/blog\/"},{"@type":"ListItem","position":2,"name":"Frases y canciones inolvidables de Paquita la del Barrio"}]},{"@type":"WebSite","@id":"https:\/\/soclose.mx\/blog\/#website","url":"https:\/\/soclose.mx\/blog\/","name":"So Close","description":"Hacemos contenidos de M\u00e9xico","publisher":{"@id":"https:\/\/soclose.mx\/blog\/#organization"},"potentialAction":[{"@type":"SearchAction","target":{"@type":"EntryPoint","urlTemplate":"https:\/\/soclose.mx\/blog\/?s={search_term_string}"},"query-input":{"@type":"PropertyValueSpecification","valueRequired":true,"valueName":"search_term_string"}}],"inLanguage":"es"},{"@type":"Organization","@id":"https:\/\/soclose.mx\/blog\/#organization","name":"So Close","url":"https:\/\/soclose.mx\/blog\/","logo":{"@type":"ImageObject","inLanguage":"es","@id":"https:\/\/soclose.mx\/blog\/#\/schema\/logo\/image\/","url":"https:\/\/i0.wp.com\/soclose.mx\/blog\/wp-content\/uploads\/2020\/12\/LOGO_SOCLOSE_COLOR-e1608310133507.png?fit=2858%2C1264&ssl=1","contentUrl":"https:\/\/i0.wp.com\/soclose.mx\/blog\/wp-content\/uploads\/2020\/12\/LOGO_SOCLOSE_COLOR-e1608310133507.png?fit=2858%2C1264&ssl=1","width":2858,"height":1264,"caption":"So Close"},"image":{"@id":"https:\/\/soclose.mx\/blog\/#\/schema\/logo\/image\/"}},{"@type":"Person","@id":"https:\/\/soclose.mx\/blog\/#\/schema\/person\/723eb117ab965b55c3e56b5d29751667","name":"So Close","image":{"@type":"ImageObject","inLanguage":"es","@id":"https:\/\/soclose.mx\/blog\/#\/schema\/person\/image\/","url":"https:\/\/secure.gravatar.com\/avatar\/5a1d1d694eaf6d2c28f450f0984cbb34821b92dc49c1d088c0250fbc6a48efec?s=96&d=mm&r=g","contentUrl":"https:\/\/secure.gravatar.com\/avatar\/5a1d1d694eaf6d2c28f450f0984cbb34821b92dc49c1d088c0250fbc6a48efec?s=96&d=mm&r=g","caption":"So Close"},"sameAs":["http:\/\/www.soclose.mx","https:\/\/www.youtube.com\/@soclosemx"],"url":"https:\/\/soclose.mx\/blog\/author\/admin\/"}]}},"jetpack_featured_media_url":"https:\/\/i0.wp.com\/soclose.mx\/blog\/wp-content\/uploads\/2025\/02\/Paquita-la-del-Barrio-y-Juan-Gabriel.jpg?fit=1920%2C1080&ssl=1","jetpack-related-posts":[{"id":14715,"url":"https:\/\/soclose.mx\/blog\/lugares\/el-rincon-del-inutil-herencia-gastronomica-de-paquita-la-del-barrio\/","url_meta":{"origin":14704,"position":0},"title":"El Rinc\u00f3n del In\u00fatil: herencia gastron\u00f3mica de Paquita la del Barrio","author":"So Close","date":"25 febrero, 2025","format":false,"excerpt":"Ubicado en el coraz\u00f3n del Mercado Mart\u00ednez de la Torre, en la colonia Guerrero de la Ciudad de M\u00e9xico, El Rinc\u00f3n del In\u00fatil es un negocio que combina la tradici\u00f3n familiar con la inspiraci\u00f3n de una de las figuras m\u00e1s ic\u00f3nicas de la m\u00fasica mexicana: Paquita la del Barrio. Este\u2026","rel":"","context":"En &quot;Comida mexicana&quot;","block_context":{"text":"Comida mexicana","link":"https:\/\/soclose.mx\/blog\/category\/comida-mexicana\/"},"img":{"alt_text":"Restaurante el rinc\u00f3n del in\u00fatil","src":"https:\/\/i0.wp.com\/soclose.mx\/blog\/wp-content\/uploads\/2025\/02\/Restaurante-el-rincon-del-inutil.jpg?fit=1200%2C675&ssl=1&resize=350%2C200","width":350,"height":200,"srcset":"https:\/\/i0.wp.com\/soclose.mx\/blog\/wp-content\/uploads\/2025\/02\/Restaurante-el-rincon-del-inutil.jpg?fit=1200%2C675&ssl=1&resize=350%2C200 1x, https:\/\/i0.wp.com\/soclose.mx\/blog\/wp-content\/uploads\/2025\/02\/Restaurante-el-rincon-del-inutil.jpg?fit=1200%2C675&ssl=1&resize=525%2C300 1.5x, https:\/\/i0.wp.com\/soclose.mx\/blog\/wp-content\/uploads\/2025\/02\/Restaurante-el-rincon-del-inutil.jpg?fit=1200%2C675&ssl=1&resize=700%2C400 2x, https:\/\/i0.wp.com\/soclose.mx\/blog\/wp-content\/uploads\/2025\/02\/Restaurante-el-rincon-del-inutil.jpg?fit=1200%2C675&ssl=1&resize=1050%2C600 3x"},"classes":[]},{"id":15004,"url":"https:\/\/soclose.mx\/blog\/news-feed\/las-muertes-mas-buscadas-en-google-en-2025\/","url_meta":{"origin":14704,"position":1},"title":"Las muertes m\u00e1s buscadas en Google en 2025","author":"So Close","date":"17 diciembre, 2025","format":false,"excerpt":"En el informe oficial de Google Year in Search 2025, la categor\u00eda \"Personas en Memoria\" (In Memoriam) revel\u00f3 las muertes m\u00e1s buscadas en Google en 2025 que m\u00e1s conmovieron a los mexicanos a lo largo del a\u00f1o. Esta lista refleja el impacto cultural, emocional y noticioso de p\u00e9rdidas irreparables en\u2026","rel":"","context":"En &quot;News feed&quot;","block_context":{"text":"News feed","link":"https:\/\/soclose.mx\/blog\/category\/news-feed\/"},"img":{"alt_text":"Papa Le\u00f3n reza al Papa Francisco","src":"https:\/\/i0.wp.com\/soclose.mx\/blog\/wp-content\/uploads\/2025\/12\/Salma-Hayek-2-1.jpg?fit=1200%2C675&ssl=1&resize=350%2C200","width":350,"height":200,"srcset":"https:\/\/i0.wp.com\/soclose.mx\/blog\/wp-content\/uploads\/2025\/12\/Salma-Hayek-2-1.jpg?fit=1200%2C675&ssl=1&resize=350%2C200 1x, https:\/\/i0.wp.com\/soclose.mx\/blog\/wp-content\/uploads\/2025\/12\/Salma-Hayek-2-1.jpg?fit=1200%2C675&ssl=1&resize=525%2C300 1.5x, https:\/\/i0.wp.com\/soclose.mx\/blog\/wp-content\/uploads\/2025\/12\/Salma-Hayek-2-1.jpg?fit=1200%2C675&ssl=1&resize=700%2C400 2x, https:\/\/i0.wp.com\/soclose.mx\/blog\/wp-content\/uploads\/2025\/12\/Salma-Hayek-2-1.jpg?fit=1200%2C675&ssl=1&resize=1050%2C600 3x"},"classes":[]},{"id":11590,"url":"https:\/\/soclose.mx\/blog\/a-la-mexicana\/tepito-por-que-barrio-bravo-historia\/","url_meta":{"origin":14704,"position":2},"title":"Tepito: \u00bfPor qu\u00e9 es el &#8220;Barrio Bravo&#8221; y cu\u00e1l es su historia?","author":"Mar\u00eda Ju\u00e1rez","date":"28 abril, 2023","format":false,"excerpt":"Entre el Eje 1, el Eje 2, Paseo de la Reforma y la Avenida del Trabajo, est\u00e1 un lugar mundialmente conocido; se trata del Barrio Bravo de Tepito, enclavado en la zona Centro de la Ciudad de M\u00e9xico y con una controvertida fama que atrae a propios y extra\u00f1os. Te\u2026","rel":"","context":"En &quot;\u00a1Ay goeeee!&quot;","block_context":{"text":"\u00a1Ay goeeee!","link":"https:\/\/soclose.mx\/blog\/category\/ay-goeeee\/"},"img":{"alt_text":"","src":"https:\/\/i0.wp.com\/soclose.mx\/blog\/wp-content\/uploads\/2023\/04\/Tepito-Barrio-Bravo.jpg?fit=1200%2C797&ssl=1&resize=350%2C200","width":350,"height":200,"srcset":"https:\/\/i0.wp.com\/soclose.mx\/blog\/wp-content\/uploads\/2023\/04\/Tepito-Barrio-Bravo.jpg?fit=1200%2C797&ssl=1&resize=350%2C200 1x, https:\/\/i0.wp.com\/soclose.mx\/blog\/wp-content\/uploads\/2023\/04\/Tepito-Barrio-Bravo.jpg?fit=1200%2C797&ssl=1&resize=525%2C300 1.5x, https:\/\/i0.wp.com\/soclose.mx\/blog\/wp-content\/uploads\/2023\/04\/Tepito-Barrio-Bravo.jpg?fit=1200%2C797&ssl=1&resize=700%2C400 2x, https:\/\/i0.wp.com\/soclose.mx\/blog\/wp-content\/uploads\/2023\/04\/Tepito-Barrio-Bravo.jpg?fit=1200%2C797&ssl=1&resize=1050%2C600 3x"},"classes":[]},{"id":11259,"url":"https:\/\/soclose.mx\/blog\/a-la-mexicana\/reina-albur-lourdes-ruiz-quien-era-tepito\/","url_meta":{"origin":14704,"position":3},"title":"\u00bfQui\u00e9n era la reina del albur y qu\u00e9 pas\u00f3 con ella?","author":"Mar\u00eda Ju\u00e1rez","date":"10 marzo, 2023","format":false,"excerpt":"Bien dicen que el mexicano en donde pone el ojo pone la vara o \u00bfla bala? Y en el terreno del albur somos maestros; basta conocer la historia de Lourdes Ruiz, quien puso en alto el nombre de M\u00e9xico al ser la campeona mundial del doble sentido; es la \u201cReina\u2026","rel":"","context":"En &quot;A la mexicana&quot;","block_context":{"text":"A la mexicana","link":"https:\/\/soclose.mx\/blog\/category\/a-la-mexicana\/"},"img":{"alt_text":"Lourdes Ruiz, reina del albur, Tepito","src":"https:\/\/i0.wp.com\/soclose.mx\/blog\/wp-content\/uploads\/2023\/02\/Reina-del-albur-Tepito-CDMX-quien-es-2-1.jpg?fit=1200%2C653&ssl=1&resize=350%2C200","width":350,"height":200,"srcset":"https:\/\/i0.wp.com\/soclose.mx\/blog\/wp-content\/uploads\/2023\/02\/Reina-del-albur-Tepito-CDMX-quien-es-2-1.jpg?fit=1200%2C653&ssl=1&resize=350%2C200 1x, https:\/\/i0.wp.com\/soclose.mx\/blog\/wp-content\/uploads\/2023\/02\/Reina-del-albur-Tepito-CDMX-quien-es-2-1.jpg?fit=1200%2C653&ssl=1&resize=525%2C300 1.5x, https:\/\/i0.wp.com\/soclose.mx\/blog\/wp-content\/uploads\/2023\/02\/Reina-del-albur-Tepito-CDMX-quien-es-2-1.jpg?fit=1200%2C653&ssl=1&resize=700%2C400 2x, https:\/\/i0.wp.com\/soclose.mx\/blog\/wp-content\/uploads\/2023\/02\/Reina-del-albur-Tepito-CDMX-quien-es-2-1.jpg?fit=1200%2C653&ssl=1&resize=1050%2C600 3x"},"classes":[]},{"id":14795,"url":"https:\/\/soclose.mx\/blog\/news-feed\/homenaje-a-jose-jose-en-el-parque-de-la-china-cdmx\/","url_meta":{"origin":14704,"position":4},"title":"Homenaje a Jos\u00e9 Jos\u00e9 en el Parque de la China, CDMX","author":"So Close","date":"16 abril, 2025","format":false,"excerpt":"El pr\u00f3ximo 20 de abril de 2025, en el coraz\u00f3n de la Ciudad de M\u00e9xico, la colonia Claver\u00eda, alcald\u00eda Azcapotzalco, se vestir\u00e1 de nostalgia y cari\u00f1o para rendir un emotivo Homenaje a Jos\u00e9 Jos\u00e9 en el Parque de la China. Este evento ser\u00e1 una reuni\u00f3n \u00fanica y gratuita para todos\u2026","rel":"","context":"En &quot;News feed&quot;","block_context":{"text":"News feed","link":"https:\/\/soclose.mx\/blog\/category\/news-feed\/"},"img":{"alt_text":"Jos\u00e9 Jos\u00e9 en el teatro Blanquita","src":"https:\/\/i0.wp.com\/soclose.mx\/blog\/wp-content\/uploads\/2025\/04\/Jose-Jose-en-el-teatro-Blanquita.jpg?fit=1200%2C675&ssl=1&resize=350%2C200","width":350,"height":200,"srcset":"https:\/\/i0.wp.com\/soclose.mx\/blog\/wp-content\/uploads\/2025\/04\/Jose-Jose-en-el-teatro-Blanquita.jpg?fit=1200%2C675&ssl=1&resize=350%2C200 1x, https:\/\/i0.wp.com\/soclose.mx\/blog\/wp-content\/uploads\/2025\/04\/Jose-Jose-en-el-teatro-Blanquita.jpg?fit=1200%2C675&ssl=1&resize=525%2C300 1.5x, https:\/\/i0.wp.com\/soclose.mx\/blog\/wp-content\/uploads\/2025\/04\/Jose-Jose-en-el-teatro-Blanquita.jpg?fit=1200%2C675&ssl=1&resize=700%2C400 2x, https:\/\/i0.wp.com\/soclose.mx\/blog\/wp-content\/uploads\/2025\/04\/Jose-Jose-en-el-teatro-Blanquita.jpg?fit=1200%2C675&ssl=1&resize=1050%2C600 3x"},"classes":[]},{"id":14474,"url":"https:\/\/soclose.mx\/blog\/news-feed\/mexicanos-estaran-en-coachella-2025\/","url_meta":{"origin":14704,"position":5},"title":"\u00bfQu\u00e9 mexicanos estar\u00e1n en Coachella 2025?","author":"So Close","date":"21 noviembre, 2024","format":false,"excerpt":"El festival de m\u00fasica y artes m\u00e1s famoso del mundo, Coachella, vuelve a abrir sus puertas en 2025 y, una vez m\u00e1s, la m\u00fasica mexicana se har\u00e1 presente en el ic\u00f3nico Empire Polo Club de Indio, California. En esta edici\u00f3n, dos de los m\u00e1ximos exponentes de la m\u00fasica urbana mexicana,\u2026","rel":"","context":"En &quot;News feed&quot;","block_context":{"text":"News feed","link":"https:\/\/soclose.mx\/blog\/category\/news-feed\/"},"img":{"alt_text":"coachella 2025","src":"https:\/\/i0.wp.com\/soclose.mx\/blog\/wp-content\/uploads\/2024\/11\/coachella-2025.jpg?fit=1200%2C675&ssl=1&resize=350%2C200","width":350,"height":200,"srcset":"https:\/\/i0.wp.com\/soclose.mx\/blog\/wp-content\/uploads\/2024\/11\/coachella-2025.jpg?fit=1200%2C675&ssl=1&resize=350%2C200 1x, https:\/\/i0.wp.com\/soclose.mx\/blog\/wp-content\/uploads\/2024\/11\/coachella-2025.jpg?fit=1200%2C675&ssl=1&resize=525%2C300 1.5x, https:\/\/i0.wp.com\/soclose.mx\/blog\/wp-content\/uploads\/2024\/11\/coachella-2025.jpg?fit=1200%2C675&ssl=1&resize=700%2C400 2x, https:\/\/i0.wp.com\/soclose.mx\/blog\/wp-content\/uploads\/2024\/11\/coachella-2025.jpg?fit=1200%2C675&ssl=1&resize=1050%2C600 3x"},"classes":[]}],"jetpack_sharing_enabled":true,"_links":{"self":[{"href":"https:\/\/soclose.mx\/blog\/wp-json\/wp\/v2\/posts\/14704","targetHints":{"allow":["GET"]}}],"collection":[{"href":"https:\/\/soclose.mx\/blog\/wp-json\/wp\/v2\/posts"}],"about":[{"href":"https:\/\/soclose.mx\/blog\/wp-json\/wp\/v2\/types\/post"}],"author":[{"embeddable":true,"href":"https:\/\/soclose.mx\/blog\/wp-json\/wp\/v2\/users\/1"}],"replies":[{"embeddable":true,"href":"https:\/\/soclose.mx\/blog\/wp-json\/wp\/v2\/comments?post=14704"}],"version-history":[{"count":0,"href":"https:\/\/soclose.mx\/blog\/wp-json\/wp\/v2\/posts\/14704\/revisions"}],"wp:featuredmedia":[{"embeddable":true,"href":"https:\/\/soclose.mx\/blog\/wp-json\/wp\/v2\/media\/14705"}],"wp:attachment":[{"href":"https:\/\/soclose.mx\/blog\/wp-json\/wp\/v2\/media?parent=14704"}],"wp:term":[{"taxonomy":"category","embeddable":true,"href":"https:\/\/soclose.mx\/blog\/wp-json\/wp\/v2\/categories?post=14704"},{"taxonomy":"post_tag","embeddable":true,"href":"https:\/\/soclose.mx\/blog\/wp-json\/wp\/v2\/tags?post=14704"}],"curies":[{"name":"wp","href":"https:\/\/api.w.org\/{rel}","templated":true}]}}