{"id":14712,"date":"2025-02-24T19:16:00","date_gmt":"2025-02-25T01:16:00","guid":{"rendered":"https:\/\/soclose.mx\/blog\/?p=14712"},"modified":"2025-02-24T19:21:29","modified_gmt":"2025-02-25T01:21:29","slug":"que-habra-en-el-festival-tiempo-de-mujeres-2025","status":"publish","type":"post","link":"https:\/\/soclose.mx\/blog\/news-feed\/que-habra-en-el-festival-tiempo-de-mujeres-2025\/","title":{"rendered":"\u00bfQu\u00e9 habr\u00e1 en el festival Tiempo de Mujeres 2025?"},"content":{"rendered":"<p>El festival Tiempo de Mujeres 2025 es un evento cultural significativo que se llevar\u00e1 a cabo en la Ciudad de M\u00e9xico del 28 de febrero al 6 de abril de 2025. Este festival, que celebra su s\u00e9ptima edici\u00f3n, tiene como objetivo visibilizar y fortalecer la lucha por los derechos de las mujeres a trav\u00e9s de diversas actividades art\u00edsticas y culturales.<\/p>\n<h2>Fechas y Actividades del festival Tiempo de Mujeres 2025<\/h2>\n<p>El festival abarcar\u00e1 m\u00e1s de 150 actividades distribuidas en 23 sedes a lo largo de la ciudad. Las actividades incluyen:<\/p>\n<p>&#8211; <a href=\"https:\/\/soclose.mx\/blog\/mitos-y-leyendas-mexicanos\/la-historia-del-vampiro-del-metro-de-la-cdmx\/\" target=\"_blank\" rel=\"noopener\">Concierto<\/a> &#8220;Sirenas al Ataque&#8221;: Este evento principal se realizar\u00e1 el 1 de marzo a las 18:00 horas en el Monumento a la Revoluci\u00f3n, donde m\u00e1s de 40 int\u00e9rpretes, incluyendo bandas como Las Ultras\u00f3nicas, Kenny y los El\u00e9ctricos, y Brenda Mar\u00edn, rendir\u00e1n homenaje a las pioneras del rock mexicano.<\/p>\n<p>&#8211; Teatro: Se presentar\u00e1 la obra &#8220;Entre Pancho Villa y una mujer desnuda&#8221; en el Z\u00f3calo capitalino, escrita por la dramaturga Sabina Berman.<\/p>\n<p>&#8211; Cine Documental: Se proyectar\u00e1n pel\u00edculas sobre mujeres rockeras en el Tianguis del Chopo.<\/p>\n<p>&#8211; Exposiciones Fotogr\u00e1ficas: Habr\u00e1 galer\u00edas que destacan el trabajo de fot\u00f3grafas mexicanas en el Museo de la Ciudad de M\u00e9xico.<\/p>\n<p>&#8211; Murales Colectivos: Se realizar\u00e1n murales que reflejan la lucha por la igualdad.<\/p>\n<h2>Precios y Acceso al festival Tiempo de Mujeres 2025<\/h2>\n<p>La entrada a todas las actividades del festival es gratuita, lo que permite que cualquier persona pueda disfrutar de las presentaciones y eventos sin costo alguno. Se recomienda llegar temprano, especialmente para el concierto del 1 de marzo, para asegurar un buen lugar.<\/p>\n<p>Datos Curiosos para Turistas<\/p>\n<p>&#8211; Homenaje a Pioneras: El festival no solo celebra a las artistas contempor\u00e1neas, sino que tambi\u00e9n rinde homenaje a figuras hist\u00f3ricas del rock mexicano como Ang\u00e9lica Mar\u00eda y Rita Guerrero.<\/p>\n<p>&#8211; Rally Violeta: Esta actividad permitir\u00e1 a ni\u00f1as y adolescentes crear cortometrajes con sus tel\u00e9fonos m\u00f3viles, fomentando la creatividad y la expresi\u00f3n art\u00edstica desde una edad temprana.<\/p>\n<p>&#8211; M\u00fasica Cl\u00e1sica: La Orquesta Filarm\u00f3nica de la Ciudad de M\u00e9xico ofrecer\u00e1 conciertos el 8 y 9 de marzo con piezas compuestas por mujeres, destacando su contribuci\u00f3n al mundo musical.<\/p>\n<p>El &#8220;Tiempo de Mujeres&#8221; es m\u00e1s que un festival; es una celebraci\u00f3n del talento femenino y un espacio para reflexionar sobre la igualdad de g\u00e9nero. Con su variada programaci\u00f3n, promete ser un evento inolvidable para los residentes y visitantes de la Ciudad de M\u00e9xico.<\/p>\n<p>Consulta la programaci\u00f3n completa del festival en la p\u00e1gina web de la<a href=\"https:\/\/cartelera.cdmx.gob.mx\/29017\/28-02-2025\/tiempo-de-mujeres-2025\" target=\"_blank\" rel=\"noopener\"> Secretar\u00eda de Cultura de la Ciudad de M\u00e9xico.<\/a><\/p>\n<p>Ubica las sedes de las actividades que te interesen y planifica tus traslados con anticipaci\u00f3n.<\/p>\n<p>Llega temprano a las actividades, ya que suelen tener mucha demanda.<\/p>\n<p>Disfruta de la diversidad de propuestas culturales y apoya el talento femenino.<\/p>\n","protected":false},"excerpt":{"rendered":"<p>El festival Tiempo de Mujeres 2025 es un evento cultural significativo que se llevar\u00e1 a cabo en la Ciudad de M\u00e9xico del 28 de febrero al 6 de abril de 2025. Este festival, que celebra su s\u00e9ptima edici\u00f3n, tiene como objetivo visibilizar y fortalecer la lucha por los derechos de las mujeres a trav\u00e9s de diversas actividades art\u00edsticas y culturales. Fechas y Actividades del festival Tiempo de Mujeres 2025 El festival abarcar\u00e1 m\u00e1s de 150 actividades distribuidas en 23 sedes a lo largo de la ciudad. Las actividades incluyen: &#8211; Concierto &#8220;Sirenas al Ataque&#8221;: Este evento principal se realizar\u00e1 el<\/p>\n","protected":false},"author":1,"featured_media":14713,"comment_status":"open","ping_status":"open","sticky":false,"template":"","format":"standard","meta":{"_jetpack_memberships_contains_paid_content":false,"footnotes":""},"categories":[628],"tags":[4181,4184,218,4185,87,4182,471,1955,4180,1206,4179,3667,4183,276,1018,288,4178],"class_list":["post-14712","post","type-post","status-publish","format-standard","has-post-thumbnail","hentry","category-news-feed","tag-artes","tag-artes-visuales","tag-cdmx","tag-charlas","tag-cine","tag-conciertos","tag-cultura","tag-danza","tag-eventos-culturales","tag-feminismo","tag-festival-por-la-igualdad","tag-genero","tag-literatura","tag-mujeres","tag-talleres","tag-teatro","tag-tiempo-de-mujeres"],"yoast_head":"<!-- This site is optimized with the Yoast SEO plugin v26.7 - https:\/\/yoast.com\/wordpress\/plugins\/seo\/ -->\n<title>\u00bfQu\u00e9 habr\u00e1 en el festival Tiempo de Mujeres 2025? - So Close<\/title>\n<meta name=\"description\" content=\"El festival Tiempo de Mujeres 2025 es un evento cultural que se llevar\u00e1 a cabo en la Ciudad de M\u00e9xico del 28 de febrero al 6 de abril.\" \/>\n<meta name=\"robots\" content=\"index, follow, max-snippet:-1, max-image-preview:large, max-video-preview:-1\" \/>\n<link rel=\"canonical\" href=\"https:\/\/soclose.mx\/blog\/tag\/juan-rulfo-frases-mujeres\/\" \/>\n<meta property=\"og:locale\" content=\"es_MX\" \/>\n<meta property=\"og:type\" content=\"article\" \/>\n<meta property=\"og:title\" content=\"\u00bfQu\u00e9 habr\u00e1 en el festival Tiempo de Mujeres 2025? - So Close\" \/>\n<meta property=\"og:description\" content=\"El festival Tiempo de Mujeres 2025 es un evento cultural que se llevar\u00e1 a cabo en la Ciudad de M\u00e9xico del 28 de febrero al 6 de abril.\" \/>\n<meta property=\"og:url\" content=\"https:\/\/soclose.mx\/blog\/tag\/juan-rulfo-frases-mujeres\/\" \/>\n<meta property=\"og:site_name\" content=\"So Close\" \/>\n<meta property=\"article:published_time\" content=\"2025-02-25T01:16:00+00:00\" \/>\n<meta property=\"article:modified_time\" content=\"2025-02-25T01:21:29+00:00\" \/>\n<meta property=\"og:image\" content=\"https:\/\/i0.wp.com\/soclose.mx\/blog\/wp-content\/uploads\/2025\/02\/Festival-.jpg?fit=1920%2C1080&ssl=1\" \/>\n\t<meta property=\"og:image:width\" content=\"1920\" \/>\n\t<meta property=\"og:image:height\" content=\"1080\" \/>\n\t<meta property=\"og:image:type\" content=\"image\/jpeg\" \/>\n<meta name=\"author\" content=\"So Close\" \/>\n<meta name=\"twitter:card\" content=\"summary_large_image\" \/>\n<meta name=\"twitter:label1\" content=\"Escrito por\" \/>\n\t<meta name=\"twitter:data1\" content=\"So Close\" \/>\n\t<meta name=\"twitter:label2\" content=\"Tiempo de lectura\" \/>\n\t<meta name=\"twitter:data2\" content=\"3 minutos\" \/>\n<script type=\"application\/ld+json\" class=\"yoast-schema-graph\">{\"@context\":\"https:\/\/schema.org\",\"@graph\":[{\"@type\":\"Article\",\"@id\":\"https:\/\/soclose.mx\/blog\/tag\/juan-rulfo-frases-mujeres\/#article\",\"isPartOf\":{\"@id\":\"https:\/\/soclose.mx\/blog\/tag\/juan-rulfo-frases-mujeres\/\"},\"author\":{\"name\":\"So Close\",\"@id\":\"https:\/\/soclose.mx\/blog\/#\/schema\/person\/723eb117ab965b55c3e56b5d29751667\"},\"headline\":\"\u00bfQu\u00e9 habr\u00e1 en el festival Tiempo de Mujeres 2025?\",\"datePublished\":\"2025-02-25T01:16:00+00:00\",\"dateModified\":\"2025-02-25T01:21:29+00:00\",\"mainEntityOfPage\":{\"@id\":\"https:\/\/soclose.mx\/blog\/tag\/juan-rulfo-frases-mujeres\/\"},\"wordCount\":493,\"commentCount\":0,\"publisher\":{\"@id\":\"https:\/\/soclose.mx\/blog\/#organization\"},\"image\":{\"@id\":\"https:\/\/soclose.mx\/blog\/tag\/juan-rulfo-frases-mujeres\/#primaryimage\"},\"thumbnailUrl\":\"https:\/\/i0.wp.com\/soclose.mx\/blog\/wp-content\/uploads\/2025\/02\/Festival-.jpg?fit=1920%2C1080&ssl=1\",\"keywords\":[\"Artes\",\"Artes visuales\",\"cdmx\",\"Charlas\",\"cine\",\"Conciertos\",\"cultura\",\"danza\",\"Eventos culturales\",\"feminismo\",\"Festival por la Igualdad\",\"g\u00e9nero\",\"Literatura\",\"mujeres\",\"talleres\",\"teatro\",\"Tiempo de Mujeres\"],\"articleSection\":[\"News feed\"],\"inLanguage\":\"es\",\"potentialAction\":[{\"@type\":\"CommentAction\",\"name\":\"Comment\",\"target\":[\"https:\/\/soclose.mx\/blog\/tag\/juan-rulfo-frases-mujeres\/#respond\"]}]},{\"@type\":\"WebPage\",\"@id\":\"https:\/\/soclose.mx\/blog\/tag\/juan-rulfo-frases-mujeres\/\",\"url\":\"https:\/\/soclose.mx\/blog\/tag\/juan-rulfo-frases-mujeres\/\",\"name\":\"\u00bfQu\u00e9 habr\u00e1 en el festival Tiempo de Mujeres 2025? - So Close\",\"isPartOf\":{\"@id\":\"https:\/\/soclose.mx\/blog\/#website\"},\"primaryImageOfPage\":{\"@id\":\"https:\/\/soclose.mx\/blog\/tag\/juan-rulfo-frases-mujeres\/#primaryimage\"},\"image\":{\"@id\":\"https:\/\/soclose.mx\/blog\/tag\/juan-rulfo-frases-mujeres\/#primaryimage\"},\"thumbnailUrl\":\"https:\/\/i0.wp.com\/soclose.mx\/blog\/wp-content\/uploads\/2025\/02\/Festival-.jpg?fit=1920%2C1080&ssl=1\",\"datePublished\":\"2025-02-25T01:16:00+00:00\",\"dateModified\":\"2025-02-25T01:21:29+00:00\",\"description\":\"El festival Tiempo de Mujeres 2025 es un evento cultural que se llevar\u00e1 a cabo en la Ciudad de M\u00e9xico del 28 de febrero al 6 de abril.\",\"breadcrumb\":{\"@id\":\"https:\/\/soclose.mx\/blog\/tag\/juan-rulfo-frases-mujeres\/#breadcrumb\"},\"inLanguage\":\"es\",\"potentialAction\":[{\"@type\":\"ReadAction\",\"target\":[\"https:\/\/soclose.mx\/blog\/tag\/juan-rulfo-frases-mujeres\/\"]}]},{\"@type\":\"ImageObject\",\"inLanguage\":\"es\",\"@id\":\"https:\/\/soclose.mx\/blog\/tag\/juan-rulfo-frases-mujeres\/#primaryimage\",\"url\":\"https:\/\/i0.wp.com\/soclose.mx\/blog\/wp-content\/uploads\/2025\/02\/Festival-.jpg?fit=1920%2C1080&ssl=1\",\"contentUrl\":\"https:\/\/i0.wp.com\/soclose.mx\/blog\/wp-content\/uploads\/2025\/02\/Festival-.jpg?fit=1920%2C1080&ssl=1\",\"width\":1920,\"height\":1080,\"caption\":\"Festival Tiempo de Mujeres\"},{\"@type\":\"BreadcrumbList\",\"@id\":\"https:\/\/soclose.mx\/blog\/tag\/juan-rulfo-frases-mujeres\/#breadcrumb\",\"itemListElement\":[{\"@type\":\"ListItem\",\"position\":1,\"name\":\"Inicio\",\"item\":\"https:\/\/soclose.mx\/blog\/\"},{\"@type\":\"ListItem\",\"position\":2,\"name\":\"\u00bfQu\u00e9 habr\u00e1 en el festival Tiempo de Mujeres 2025?\"}]},{\"@type\":\"WebSite\",\"@id\":\"https:\/\/soclose.mx\/blog\/#website\",\"url\":\"https:\/\/soclose.mx\/blog\/\",\"name\":\"So Close\",\"description\":\"Hacemos contenidos de M\u00e9xico\",\"publisher\":{\"@id\":\"https:\/\/soclose.mx\/blog\/#organization\"},\"potentialAction\":[{\"@type\":\"SearchAction\",\"target\":{\"@type\":\"EntryPoint\",\"urlTemplate\":\"https:\/\/soclose.mx\/blog\/?s={search_term_string}\"},\"query-input\":{\"@type\":\"PropertyValueSpecification\",\"valueRequired\":true,\"valueName\":\"search_term_string\"}}],\"inLanguage\":\"es\"},{\"@type\":\"Organization\",\"@id\":\"https:\/\/soclose.mx\/blog\/#organization\",\"name\":\"So Close\",\"url\":\"https:\/\/soclose.mx\/blog\/\",\"logo\":{\"@type\":\"ImageObject\",\"inLanguage\":\"es\",\"@id\":\"https:\/\/soclose.mx\/blog\/#\/schema\/logo\/image\/\",\"url\":\"https:\/\/i0.wp.com\/soclose.mx\/blog\/wp-content\/uploads\/2020\/12\/LOGO_SOCLOSE_COLOR-e1608310133507.png?fit=2858%2C1264&ssl=1\",\"contentUrl\":\"https:\/\/i0.wp.com\/soclose.mx\/blog\/wp-content\/uploads\/2020\/12\/LOGO_SOCLOSE_COLOR-e1608310133507.png?fit=2858%2C1264&ssl=1\",\"width\":2858,\"height\":1264,\"caption\":\"So Close\"},\"image\":{\"@id\":\"https:\/\/soclose.mx\/blog\/#\/schema\/logo\/image\/\"}},{\"@type\":\"Person\",\"@id\":\"https:\/\/soclose.mx\/blog\/#\/schema\/person\/723eb117ab965b55c3e56b5d29751667\",\"name\":\"So Close\",\"image\":{\"@type\":\"ImageObject\",\"inLanguage\":\"es\",\"@id\":\"https:\/\/soclose.mx\/blog\/#\/schema\/person\/image\/\",\"url\":\"https:\/\/secure.gravatar.com\/avatar\/5a1d1d694eaf6d2c28f450f0984cbb34821b92dc49c1d088c0250fbc6a48efec?s=96&d=mm&r=g\",\"contentUrl\":\"https:\/\/secure.gravatar.com\/avatar\/5a1d1d694eaf6d2c28f450f0984cbb34821b92dc49c1d088c0250fbc6a48efec?s=96&d=mm&r=g\",\"caption\":\"So Close\"},\"sameAs\":[\"http:\/\/www.soclose.mx\",\"https:\/\/www.youtube.com\/@soclosemx\"],\"url\":\"https:\/\/soclose.mx\/blog\/author\/admin\/\"}]}<\/script>\n<!-- \/ Yoast SEO plugin. -->","yoast_head_json":{"title":"\u00bfQu\u00e9 habr\u00e1 en el festival Tiempo de Mujeres 2025? - So Close","description":"El festival Tiempo de Mujeres 2025 es un evento cultural que se llevar\u00e1 a cabo en la Ciudad de M\u00e9xico del 28 de febrero al 6 de abril.","robots":{"index":"index","follow":"follow","max-snippet":"max-snippet:-1","max-image-preview":"max-image-preview:large","max-video-preview":"max-video-preview:-1"},"canonical":"https:\/\/soclose.mx\/blog\/tag\/juan-rulfo-frases-mujeres\/","og_locale":"es_MX","og_type":"article","og_title":"\u00bfQu\u00e9 habr\u00e1 en el festival Tiempo de Mujeres 2025? - So Close","og_description":"El festival Tiempo de Mujeres 2025 es un evento cultural que se llevar\u00e1 a cabo en la Ciudad de M\u00e9xico del 28 de febrero al 6 de abril.","og_url":"https:\/\/soclose.mx\/blog\/tag\/juan-rulfo-frases-mujeres\/","og_site_name":"So Close","article_published_time":"2025-02-25T01:16:00+00:00","article_modified_time":"2025-02-25T01:21:29+00:00","og_image":[{"width":1920,"height":1080,"url":"https:\/\/i0.wp.com\/soclose.mx\/blog\/wp-content\/uploads\/2025\/02\/Festival-.jpg?fit=1920%2C1080&ssl=1","type":"image\/jpeg"}],"author":"So Close","twitter_card":"summary_large_image","twitter_misc":{"Escrito por":"So Close","Tiempo de lectura":"3 minutos"},"schema":{"@context":"https:\/\/schema.org","@graph":[{"@type":"Article","@id":"https:\/\/soclose.mx\/blog\/tag\/juan-rulfo-frases-mujeres\/#article","isPartOf":{"@id":"https:\/\/soclose.mx\/blog\/tag\/juan-rulfo-frases-mujeres\/"},"author":{"name":"So Close","@id":"https:\/\/soclose.mx\/blog\/#\/schema\/person\/723eb117ab965b55c3e56b5d29751667"},"headline":"\u00bfQu\u00e9 habr\u00e1 en el festival Tiempo de Mujeres 2025?","datePublished":"2025-02-25T01:16:00+00:00","dateModified":"2025-02-25T01:21:29+00:00","mainEntityOfPage":{"@id":"https:\/\/soclose.mx\/blog\/tag\/juan-rulfo-frases-mujeres\/"},"wordCount":493,"commentCount":0,"publisher":{"@id":"https:\/\/soclose.mx\/blog\/#organization"},"image":{"@id":"https:\/\/soclose.mx\/blog\/tag\/juan-rulfo-frases-mujeres\/#primaryimage"},"thumbnailUrl":"https:\/\/i0.wp.com\/soclose.mx\/blog\/wp-content\/uploads\/2025\/02\/Festival-.jpg?fit=1920%2C1080&ssl=1","keywords":["Artes","Artes visuales","cdmx","Charlas","cine","Conciertos","cultura","danza","Eventos culturales","feminismo","Festival por la Igualdad","g\u00e9nero","Literatura","mujeres","talleres","teatro","Tiempo de Mujeres"],"articleSection":["News feed"],"inLanguage":"es","potentialAction":[{"@type":"CommentAction","name":"Comment","target":["https:\/\/soclose.mx\/blog\/tag\/juan-rulfo-frases-mujeres\/#respond"]}]},{"@type":"WebPage","@id":"https:\/\/soclose.mx\/blog\/tag\/juan-rulfo-frases-mujeres\/","url":"https:\/\/soclose.mx\/blog\/tag\/juan-rulfo-frases-mujeres\/","name":"\u00bfQu\u00e9 habr\u00e1 en el festival Tiempo de Mujeres 2025? - So Close","isPartOf":{"@id":"https:\/\/soclose.mx\/blog\/#website"},"primaryImageOfPage":{"@id":"https:\/\/soclose.mx\/blog\/tag\/juan-rulfo-frases-mujeres\/#primaryimage"},"image":{"@id":"https:\/\/soclose.mx\/blog\/tag\/juan-rulfo-frases-mujeres\/#primaryimage"},"thumbnailUrl":"https:\/\/i0.wp.com\/soclose.mx\/blog\/wp-content\/uploads\/2025\/02\/Festival-.jpg?fit=1920%2C1080&ssl=1","datePublished":"2025-02-25T01:16:00+00:00","dateModified":"2025-02-25T01:21:29+00:00","description":"El festival Tiempo de Mujeres 2025 es un evento cultural que se llevar\u00e1 a cabo en la Ciudad de M\u00e9xico del 28 de febrero al 6 de abril.","breadcrumb":{"@id":"https:\/\/soclose.mx\/blog\/tag\/juan-rulfo-frases-mujeres\/#breadcrumb"},"inLanguage":"es","potentialAction":[{"@type":"ReadAction","target":["https:\/\/soclose.mx\/blog\/tag\/juan-rulfo-frases-mujeres\/"]}]},{"@type":"ImageObject","inLanguage":"es","@id":"https:\/\/soclose.mx\/blog\/tag\/juan-rulfo-frases-mujeres\/#primaryimage","url":"https:\/\/i0.wp.com\/soclose.mx\/blog\/wp-content\/uploads\/2025\/02\/Festival-.jpg?fit=1920%2C1080&ssl=1","contentUrl":"https:\/\/i0.wp.com\/soclose.mx\/blog\/wp-content\/uploads\/2025\/02\/Festival-.jpg?fit=1920%2C1080&ssl=1","width":1920,"height":1080,"caption":"Festival Tiempo de Mujeres"},{"@type":"BreadcrumbList","@id":"https:\/\/soclose.mx\/blog\/tag\/juan-rulfo-frases-mujeres\/#breadcrumb","itemListElement":[{"@type":"ListItem","position":1,"name":"Inicio","item":"https:\/\/soclose.mx\/blog\/"},{"@type":"ListItem","position":2,"name":"\u00bfQu\u00e9 habr\u00e1 en el festival Tiempo de Mujeres 2025?"}]},{"@type":"WebSite","@id":"https:\/\/soclose.mx\/blog\/#website","url":"https:\/\/soclose.mx\/blog\/","name":"So Close","description":"Hacemos contenidos de M\u00e9xico","publisher":{"@id":"https:\/\/soclose.mx\/blog\/#organization"},"potentialAction":[{"@type":"SearchAction","target":{"@type":"EntryPoint","urlTemplate":"https:\/\/soclose.mx\/blog\/?s={search_term_string}"},"query-input":{"@type":"PropertyValueSpecification","valueRequired":true,"valueName":"search_term_string"}}],"inLanguage":"es"},{"@type":"Organization","@id":"https:\/\/soclose.mx\/blog\/#organization","name":"So Close","url":"https:\/\/soclose.mx\/blog\/","logo":{"@type":"ImageObject","inLanguage":"es","@id":"https:\/\/soclose.mx\/blog\/#\/schema\/logo\/image\/","url":"https:\/\/i0.wp.com\/soclose.mx\/blog\/wp-content\/uploads\/2020\/12\/LOGO_SOCLOSE_COLOR-e1608310133507.png?fit=2858%2C1264&ssl=1","contentUrl":"https:\/\/i0.wp.com\/soclose.mx\/blog\/wp-content\/uploads\/2020\/12\/LOGO_SOCLOSE_COLOR-e1608310133507.png?fit=2858%2C1264&ssl=1","width":2858,"height":1264,"caption":"So Close"},"image":{"@id":"https:\/\/soclose.mx\/blog\/#\/schema\/logo\/image\/"}},{"@type":"Person","@id":"https:\/\/soclose.mx\/blog\/#\/schema\/person\/723eb117ab965b55c3e56b5d29751667","name":"So Close","image":{"@type":"ImageObject","inLanguage":"es","@id":"https:\/\/soclose.mx\/blog\/#\/schema\/person\/image\/","url":"https:\/\/secure.gravatar.com\/avatar\/5a1d1d694eaf6d2c28f450f0984cbb34821b92dc49c1d088c0250fbc6a48efec?s=96&d=mm&r=g","contentUrl":"https:\/\/secure.gravatar.com\/avatar\/5a1d1d694eaf6d2c28f450f0984cbb34821b92dc49c1d088c0250fbc6a48efec?s=96&d=mm&r=g","caption":"So Close"},"sameAs":["http:\/\/www.soclose.mx","https:\/\/www.youtube.com\/@soclosemx"],"url":"https:\/\/soclose.mx\/blog\/author\/admin\/"}]}},"jetpack_featured_media_url":"https:\/\/i0.wp.com\/soclose.mx\/blog\/wp-content\/uploads\/2025\/02\/Festival-.jpg?fit=1920%2C1080&ssl=1","jetpack-related-posts":[{"id":14692,"url":"https:\/\/soclose.mx\/blog\/news-feed\/el-festival-de-cafe-cacao-y-chocolate-mexicano-2025-llega-a-la-cdmx-para-deleitar-tus-sentidos\/","url_meta":{"origin":14712,"position":0},"title":"\u00a1El Festival de Caf\u00e9 Cacao y Chocolate Mexicano 2025 llega a la CDMX para deleitar tus sentidos!","author":"So Close","date":"12 febrero, 2025","format":false,"excerpt":"Prep\u00e1rate para un viaje sensorial \u00fanico en el Festival de Caf\u00e9 Cacao y Chocolate Mexicano 2025. Los pr\u00f3ximos 15 y 16 de febrero, la Casa de Coahuila en la Ciudad de M\u00e9xico se convertir\u00e1 en el epicentro de los sabores m\u00e1s emblem\u00e1ticos de M\u00e9xico. \u00a1Un evento que no te puedes\u2026","rel":"","context":"En &quot;News feed&quot;","block_context":{"text":"News feed","link":"https:\/\/soclose.mx\/blog\/category\/news-feed\/"},"img":{"alt_text":"Caf\u00e9 mexicano","src":"https:\/\/i0.wp.com\/soclose.mx\/blog\/wp-content\/uploads\/2025\/02\/Cafe-mexicano-1.jpg?fit=1200%2C675&ssl=1&resize=350%2C200","width":350,"height":200,"srcset":"https:\/\/i0.wp.com\/soclose.mx\/blog\/wp-content\/uploads\/2025\/02\/Cafe-mexicano-1.jpg?fit=1200%2C675&ssl=1&resize=350%2C200 1x, https:\/\/i0.wp.com\/soclose.mx\/blog\/wp-content\/uploads\/2025\/02\/Cafe-mexicano-1.jpg?fit=1200%2C675&ssl=1&resize=525%2C300 1.5x, https:\/\/i0.wp.com\/soclose.mx\/blog\/wp-content\/uploads\/2025\/02\/Cafe-mexicano-1.jpg?fit=1200%2C675&ssl=1&resize=700%2C400 2x, https:\/\/i0.wp.com\/soclose.mx\/blog\/wp-content\/uploads\/2025\/02\/Cafe-mexicano-1.jpg?fit=1200%2C675&ssl=1&resize=1050%2C600 3x"},"classes":[]},{"id":14744,"url":"https:\/\/soclose.mx\/blog\/news-feed\/donde-ver-el-vive-latino-2025\/","url_meta":{"origin":14712,"position":1},"title":"D\u00f3nde Ver el Vive Latino 2025","author":"So Close","date":"13 marzo, 2025","format":false,"excerpt":"El Vive Latino, uno de los festivales de m\u00fasica m\u00e1s ic\u00f3nicos de Latinoam\u00e9rica, celebra su 25\u00ba aniversario los d\u00edas 15 y 16 de marzo en el Estadio GNP Seguros de la Ciudad de M\u00e9xico. Este evento promete ser una experiencia inolvidable para los amantes de la m\u00fasica, con un lineup\u2026","rel":"","context":"En &quot;News feed&quot;","block_context":{"text":"News feed","link":"https:\/\/soclose.mx\/blog\/category\/news-feed\/"},"img":{"alt_text":"Slash en un Vive Latino","src":"https:\/\/i0.wp.com\/soclose.mx\/blog\/wp-content\/uploads\/2025\/03\/Slash-en-un-Vive-Latino.jpg?fit=1200%2C675&ssl=1&resize=350%2C200","width":350,"height":200,"srcset":"https:\/\/i0.wp.com\/soclose.mx\/blog\/wp-content\/uploads\/2025\/03\/Slash-en-un-Vive-Latino.jpg?fit=1200%2C675&ssl=1&resize=350%2C200 1x, https:\/\/i0.wp.com\/soclose.mx\/blog\/wp-content\/uploads\/2025\/03\/Slash-en-un-Vive-Latino.jpg?fit=1200%2C675&ssl=1&resize=525%2C300 1.5x, https:\/\/i0.wp.com\/soclose.mx\/blog\/wp-content\/uploads\/2025\/03\/Slash-en-un-Vive-Latino.jpg?fit=1200%2C675&ssl=1&resize=700%2C400 2x, https:\/\/i0.wp.com\/soclose.mx\/blog\/wp-content\/uploads\/2025\/03\/Slash-en-un-Vive-Latino.jpg?fit=1200%2C675&ssl=1&resize=1050%2C600 3x"},"classes":[]},{"id":14595,"url":"https:\/\/soclose.mx\/blog\/lugares\/festivales-imperdibles-en-la-ciudad-de-mexico-2025\/","url_meta":{"origin":14712,"position":2},"title":"Festivales imperdibles en la Ciudad de M\u00e9xico 2025","author":"So Close","date":"3 enero, 2025","format":false,"excerpt":"Con una variedad de eventos que prometen atraer a amantes de la m\u00fasica de todos los g\u00e9neros, aqu\u00ed te presentamos los Festivales imperdibles en la Ciudad de M\u00e9xico 2025 junto con detalles sobre fechas, sedes y venta de boletos. Festivales imperdibles en la Ciudad de M\u00e9xico 2025 1. Electric Daisy\u2026","rel":"","context":"En &quot;Lugares&quot;","block_context":{"text":"Lugares","link":"https:\/\/soclose.mx\/blog\/category\/lugares\/"},"img":{"alt_text":"conciertos en cdmx","src":"https:\/\/i0.wp.com\/soclose.mx\/blog\/wp-content\/uploads\/2024\/12\/conciertos-en-cdmx.jpg?fit=1200%2C675&ssl=1&resize=350%2C200","width":350,"height":200,"srcset":"https:\/\/i0.wp.com\/soclose.mx\/blog\/wp-content\/uploads\/2024\/12\/conciertos-en-cdmx.jpg?fit=1200%2C675&ssl=1&resize=350%2C200 1x, https:\/\/i0.wp.com\/soclose.mx\/blog\/wp-content\/uploads\/2024\/12\/conciertos-en-cdmx.jpg?fit=1200%2C675&ssl=1&resize=525%2C300 1.5x, https:\/\/i0.wp.com\/soclose.mx\/blog\/wp-content\/uploads\/2024\/12\/conciertos-en-cdmx.jpg?fit=1200%2C675&ssl=1&resize=700%2C400 2x, https:\/\/i0.wp.com\/soclose.mx\/blog\/wp-content\/uploads\/2024\/12\/conciertos-en-cdmx.jpg?fit=1200%2C675&ssl=1&resize=1050%2C600 3x"},"classes":[]},{"id":14822,"url":"https:\/\/soclose.mx\/blog\/news-feed\/lo-que-debes-saber-del-dia-al-desnudo-2025-en-la-cdmx\/","url_meta":{"origin":14712,"position":3},"title":"Lo que debes saber del D\u00eda al Desnudo 2025 en la CDMX","author":"So Close","date":"13 mayo, 2025","format":false,"excerpt":"La Ciudad de M\u00e9xico se prepara para la tercera edici\u00f3n consecutiva del D\u00eda al Desnudo 2025, un evento \u00fanico que busca generar un di\u00e1logo profundo sobre el autoconocimiento y el respeto al propio cuerpo a trav\u00e9s de la desnudez pac\u00edfica.\u00a0 Este a\u00f1o, la cita es el s\u00e1bado 31 de mayo\u2026","rel":"","context":"En &quot;News feed&quot;","block_context":{"text":"News feed","link":"https:\/\/soclose.mx\/blog\/category\/news-feed\/"},"img":{"alt_text":"Cuerpo de mujer","src":"https:\/\/i0.wp.com\/soclose.mx\/blog\/wp-content\/uploads\/2025\/05\/Mujer.jpg?fit=1200%2C675&ssl=1&resize=350%2C200","width":350,"height":200,"srcset":"https:\/\/i0.wp.com\/soclose.mx\/blog\/wp-content\/uploads\/2025\/05\/Mujer.jpg?fit=1200%2C675&ssl=1&resize=350%2C200 1x, https:\/\/i0.wp.com\/soclose.mx\/blog\/wp-content\/uploads\/2025\/05\/Mujer.jpg?fit=1200%2C675&ssl=1&resize=525%2C300 1.5x, https:\/\/i0.wp.com\/soclose.mx\/blog\/wp-content\/uploads\/2025\/05\/Mujer.jpg?fit=1200%2C675&ssl=1&resize=700%2C400 2x, https:\/\/i0.wp.com\/soclose.mx\/blog\/wp-content\/uploads\/2025\/05\/Mujer.jpg?fit=1200%2C675&ssl=1&resize=1050%2C600 3x"},"classes":[]},{"id":14931,"url":"https:\/\/soclose.mx\/blog\/news-feed\/vive-latino-2026-fechas-horarios-y-venta-de-boletos\/","url_meta":{"origin":14712,"position":4},"title":"Vive Latino 2026: fechas, horarios y venta de boletos","author":"So Close","date":"15 octubre, 2025","format":false,"excerpt":"El Vive Latino 2026 regresa con fuerza en su edici\u00f3n n\u00famero 26, consolid\u00e1ndose como uno de los festivales m\u00e1s importantes en M\u00e9xico de m\u00fasica alternativa e iberoamericana. Aqu\u00ed te presentamos los 10 puntos principales que debes conocer sobre este evento imperdible: Vive Latino 2026: fechas, horarios y venta de boletos\u2026","rel":"","context":"En &quot;News feed&quot;","block_context":{"text":"News feed","link":"https:\/\/soclose.mx\/blog\/category\/news-feed\/"},"img":{"alt_text":"Vive latino 2026","src":"https:\/\/i0.wp.com\/soclose.mx\/blog\/wp-content\/uploads\/2025\/10\/Salma-Hayek.jpg?fit=1200%2C675&ssl=1&resize=350%2C200","width":350,"height":200,"srcset":"https:\/\/i0.wp.com\/soclose.mx\/blog\/wp-content\/uploads\/2025\/10\/Salma-Hayek.jpg?fit=1200%2C675&ssl=1&resize=350%2C200 1x, https:\/\/i0.wp.com\/soclose.mx\/blog\/wp-content\/uploads\/2025\/10\/Salma-Hayek.jpg?fit=1200%2C675&ssl=1&resize=525%2C300 1.5x, https:\/\/i0.wp.com\/soclose.mx\/blog\/wp-content\/uploads\/2025\/10\/Salma-Hayek.jpg?fit=1200%2C675&ssl=1&resize=700%2C400 2x, https:\/\/i0.wp.com\/soclose.mx\/blog\/wp-content\/uploads\/2025\/10\/Salma-Hayek.jpg?fit=1200%2C675&ssl=1&resize=1050%2C600 3x"},"classes":[]},{"id":14013,"url":"https:\/\/soclose.mx\/blog\/a-la-mexicana\/lugares-en-el-mundo-donde-se-festeja-la-independencia-de-mexico\/","url_meta":{"origin":14712,"position":5},"title":"Lugares en el mundo donde se festeja La Independencia de M\u00e9xico","author":"So Close","date":"12 septiembre, 2024","format":false,"excerpt":"El 15 de septiembre es una fecha muy significativa para los mexicanos, ya que marca el inicio de las celebraciones por la Independencia de M\u00e9xico. Esta festividad no solo se vive en el pa\u00eds, sino que tambi\u00e9n se celebra en diversas comunidades alrededor del mundo. A continuaci\u00f3n, exploramos algunos de\u2026","rel":"","context":"En &quot;A la mexicana&quot;","block_context":{"text":"A la mexicana","link":"https:\/\/soclose.mx\/blog\/category\/a-la-mexicana\/"},"img":{"alt_text":"zocalo-cdmx","src":"https:\/\/i0.wp.com\/soclose.mx\/blog\/wp-content\/uploads\/2024\/09\/zocalo-cdmx.jpg?fit=1200%2C675&ssl=1&resize=350%2C200","width":350,"height":200,"srcset":"https:\/\/i0.wp.com\/soclose.mx\/blog\/wp-content\/uploads\/2024\/09\/zocalo-cdmx.jpg?fit=1200%2C675&ssl=1&resize=350%2C200 1x, https:\/\/i0.wp.com\/soclose.mx\/blog\/wp-content\/uploads\/2024\/09\/zocalo-cdmx.jpg?fit=1200%2C675&ssl=1&resize=525%2C300 1.5x, https:\/\/i0.wp.com\/soclose.mx\/blog\/wp-content\/uploads\/2024\/09\/zocalo-cdmx.jpg?fit=1200%2C675&ssl=1&resize=700%2C400 2x, https:\/\/i0.wp.com\/soclose.mx\/blog\/wp-content\/uploads\/2024\/09\/zocalo-cdmx.jpg?fit=1200%2C675&ssl=1&resize=1050%2C600 3x"},"classes":[]}],"jetpack_sharing_enabled":true,"_links":{"self":[{"href":"https:\/\/soclose.mx\/blog\/wp-json\/wp\/v2\/posts\/14712","targetHints":{"allow":["GET"]}}],"collection":[{"href":"https:\/\/soclose.mx\/blog\/wp-json\/wp\/v2\/posts"}],"about":[{"href":"https:\/\/soclose.mx\/blog\/wp-json\/wp\/v2\/types\/post"}],"author":[{"embeddable":true,"href":"https:\/\/soclose.mx\/blog\/wp-json\/wp\/v2\/users\/1"}],"replies":[{"embeddable":true,"href":"https:\/\/soclose.mx\/blog\/wp-json\/wp\/v2\/comments?post=14712"}],"version-history":[{"count":1,"href":"https:\/\/soclose.mx\/blog\/wp-json\/wp\/v2\/posts\/14712\/revisions"}],"predecessor-version":[{"id":14714,"href":"https:\/\/soclose.mx\/blog\/wp-json\/wp\/v2\/posts\/14712\/revisions\/14714"}],"wp:featuredmedia":[{"embeddable":true,"href":"https:\/\/soclose.mx\/blog\/wp-json\/wp\/v2\/media\/14713"}],"wp:attachment":[{"href":"https:\/\/soclose.mx\/blog\/wp-json\/wp\/v2\/media?parent=14712"}],"wp:term":[{"taxonomy":"category","embeddable":true,"href":"https:\/\/soclose.mx\/blog\/wp-json\/wp\/v2\/categories?post=14712"},{"taxonomy":"post_tag","embeddable":true,"href":"https:\/\/soclose.mx\/blog\/wp-json\/wp\/v2\/tags?post=14712"}],"curies":[{"name":"wp","href":"https:\/\/api.w.org\/{rel}","templated":true}]}}