{"id":14735,"date":"2025-03-10T19:08:13","date_gmt":"2025-03-11T01:08:13","guid":{"rendered":"https:\/\/soclose.mx\/blog\/?p=14735"},"modified":"2025-03-10T19:08:13","modified_gmt":"2025-03-11T01:08:13","slug":"convocados-a-la-seleccion-mexicana-para-la-nations-league","status":"publish","type":"post","link":"https:\/\/soclose.mx\/blog\/seleccion-mexicana\/convocados-a-la-seleccion-mexicana-para-la-nations-league\/","title":{"rendered":"Revelan convocados a la selecci\u00f3n mexicana para la Nations League"},"content":{"rendered":"<p class=\"p1\">La Selecci\u00f3n Mexicana, dirigida por <a href=\"https:\/\/soclose.mx\/blog\/a-la-mexicana\/las-frases-mas-polemicas-de-javier-el-vasco-aguirre-videos\/\" target=\"_blank\" rel=\"noopener\">Javier Aguirre<\/a>, se prepara para disputar el Final Four de la Concacaf y los convocados a la selecci\u00f3n mexicana para la Nations League ya los dieron a conocer. El objetivo es claro: conquistar el t\u00edtulo que se le ha negado al Tri y reafirmar su hegemon\u00eda en la regi\u00f3n. El torneo se llevar\u00e1 a cabo en el SoFi Stadium de Inglewood, California, del 20 al 23 de marzo de 2025.<\/p>\n<p class=\"p1\">La Convocatoria de Javier Aguirre<b>: Juventud y Experiencia en Busca del T\u00edtulo<\/b><\/p>\n<h2>Estos son los convocados a la selecci\u00f3n mexicana para la Nations League<\/h2>\n<p class=\"p1\">Javier Aguirre ha apostado por una combinaci\u00f3n de experiencia y juventud en su convocatoria. Destacan nombres como <a href=\"https:\/\/x.com\/EdsonAlvarez19\" target=\"_blank\" rel=\"noopener\">Edson \u00c1lvarez<\/a> (West Ham), Ra\u00fal Jim\u00e9nez (Fulham) y Santiago Gim\u00e9nez (Mil\u00e1n), quienes aportar\u00e1n su calidad y olfato goleador en el ataque. Tambi\u00e9n resalta la ausencia de Guillermo Ochoa, Henry Mart\u00edn e Hirving Lozano<a href=\"https:\/\/www.espn.com.mx\/futbol\/selecciones\/nota\/_\/id\/14896951\/seleccion-mexicana-lista-jugadores-convocados-concacaf-nations-league\"><span class=\"s1\">1<\/span><\/a>.<\/p>\n<p class=\"p1\">Aqu\u00ed la lista completa de los convocados:<\/p>\n<ul class=\"ul1\">\n<li class=\"li1\">Porteros<b>:<\/b> \u00c1ngel Malag\u00f3n (Am\u00e9rica), Ra\u00fal Rangel (Guadalajara), Carlos Moreno (Pachuca).<\/li>\n<li class=\"li1\">Defensas<b>:<\/b> Johan V\u00e1squez (Genoa), C\u00e9sar Montes (Lokomotiv), Ram\u00f3n Ju\u00e1rez (Am\u00e9rica), Israel Reyes (Am\u00e9rica), Jes\u00fas Gallardo (Toluca), Rodrigo Huescas (Copenhague), Jes\u00fas Angulo (Tigres).<\/li>\n<li class=\"li1\">Mediocampistas<b>:<\/b> Edson \u00c1lvarez (West Ham), Luis Romo (Guadalajara), Carlos Rodr\u00edguez (Cruz Azul), Luis Ch\u00e1vez (Dynamo Mosc\u00fa), Orbel\u00edn Pineda (AEK Atenas), Erik Lira (Cruz Azul).<\/li>\n<li class=\"li1\">Delanteros<b>:<\/b> C\u00e9sar Huerta (Anderlecht), Efra\u00edn \u00c1lvarez (Tijuana), Roberto Alvarado (Guadalajara), Alexis Vega (Toluca), Juli\u00e1n Qui\u00f1ones (Al Qadisiya), Ra\u00fal Jim\u00e9nez (Fulham), Santiago Gim\u00e9nez (Mil\u00e1n).<\/li>\n<\/ul>\n<p class=\"p1\">Horarios y Rivales de M\u00e9xico en el Final Four<\/p>\n<p class=\"p1\">La Selecci\u00f3n Mexicana se enfrentar\u00e1 a Canad\u00e1 en las semifinales del torneo<a href=\"https:\/\/www.marca.com\/mx\/futbol\/concacaf-nations-league\/2024\/11\/20\/673d6518e2704ea6318b458f.html\"><span class=\"s1\">5<\/span><\/a>. El partido se jugar\u00e1 el <b>jueves 20 de marzo de 2025<\/b> a las <b>20:30 horas (tiempo del Centro de M\u00e9xico)<\/b> en el SoFi Stadium de Inglewood, California.<\/p>\n<p class=\"p1\">En la otra semifinal, Estados Unidos se medir\u00e1 a Panam\u00e1. El ganador de cada semifinal disputar\u00e1 la gran final el <b>domingo 23 de marzo de 2025<\/b> a las <b>20:30 horas (tiempo del Centro de M\u00e9xico)<\/b>. El partido por el tercer lugar se jugar\u00e1 el mismo d\u00eda a las 17:00 horas (tiempo del Centro de M\u00e9xico).<\/p>\n<p class=\"p1\">M\u00e9xico Busca Revancha y el Boleto a la Final<\/p>\n<p class=\"p1\">La Selecci\u00f3n Mexicana buscar\u00e1 revancha en este Final Four, luego de no haber podido conquistar el t\u00edtulo en ediciones anteriores. Javier Aguirre conf\u00eda en el potencial de su equipo y en la calidad de sus jugadores para superar a Canad\u00e1 y avanzar a la final<a href=\"https:\/\/www.espn.com.mx\/futbol\/selecciones\/nota\/_\/id\/14896951\/seleccion-mexicana-lista-jugadores-convocados-concacaf-nations-league\"><span class=\"s1\">1<\/span><\/a>. El objetivo es claro: levantar el trofeo y darle una alegr\u00eda a la afici\u00f3n mexicana.<\/p>\n","protected":false},"excerpt":{"rendered":"<p>La Selecci\u00f3n Mexicana, dirigida por Javier Aguirre, se prepara para disputar el Final Four de la Concacaf y los convocados a la selecci\u00f3n mexicana para la Nations League ya los dieron a conocer. El objetivo es claro: conquistar el t\u00edtulo que se le ha negado al Tri y reafirmar su hegemon\u00eda en la regi\u00f3n. El torneo se llevar\u00e1 a cabo en el SoFi Stadium de Inglewood, California, del 20 al 23 de marzo de 2025. La Convocatoria de Javier Aguirre: Juventud y Experiencia en Busca del T\u00edtulo Estos son los convocados a la selecci\u00f3n mexicana para la Nations League Javier<\/p>\n","protected":false},"author":1,"featured_media":14736,"comment_status":"open","ping_status":"open","sticky":false,"template":"","format":"standard","meta":{"_jetpack_memberships_contains_paid_content":false,"footnotes":""},"categories":[628,3104],"tags":[4261,3868,3217,2803,3790,4260,2536,4268,4269,3598,4264,3111,4262,4263,4270,4267,4266,2188,3780,4265,3215],"class_list":["post-14735","post","type-post","status-publish","format-standard","has-post-thumbnail","hentry","category-news-feed","category-seleccion-mexicana","tag-concacaf-nations-league","tag-convocatoria","tag-edson-alvarez","tag-el-tri","tag-final","tag-final-four","tag-futbol-mexicano","tag-guillermo-ochoa","tag-henry-martin","tag-hirving-lozano","tag-horarios-partidos","tag-javier-aguirre","tag-lista-de-jugadores","tag-mexico-vs-canada","tag-partidos-seleccion-mexicana","tag-raul-jimenez","tag-santiago-gimenez","tag-seleccion-mexicana","tag-semifinales","tag-sofi-stadium","tag-tri"],"yoast_head":"<!-- This site is optimized with the Yoast SEO plugin v26.7 - https:\/\/yoast.com\/wordpress\/plugins\/seo\/ -->\n<title>Revelan convocados a la selecci\u00f3n mexicana para la Nations League - So Close<\/title>\n<meta name=\"description\" content=\"La Selecci\u00f3n Mexicana se prepara para el Final Four de la Concacaf y los convocados a la selecci\u00f3n mexicana para la Nations League ya est\u00e1n.\" \/>\n<meta name=\"robots\" content=\"index, follow, max-snippet:-1, max-image-preview:large, max-video-preview:-1\" \/>\n<link rel=\"canonical\" href=\"https:\/\/soclose.mx\/blog\/tag\/juan-rulfo-frases-mujeres\/\" \/>\n<meta property=\"og:locale\" content=\"es_MX\" \/>\n<meta property=\"og:type\" content=\"article\" \/>\n<meta property=\"og:title\" content=\"Revelan convocados a la selecci\u00f3n mexicana para la Nations League - So Close\" \/>\n<meta property=\"og:description\" content=\"La Selecci\u00f3n Mexicana se prepara para el Final Four de la Concacaf y los convocados a la selecci\u00f3n mexicana para la Nations League ya est\u00e1n.\" \/>\n<meta property=\"og:url\" content=\"https:\/\/soclose.mx\/blog\/tag\/juan-rulfo-frases-mujeres\/\" \/>\n<meta property=\"og:site_name\" content=\"So Close\" \/>\n<meta property=\"article:published_time\" content=\"2025-03-11T01:08:13+00:00\" \/>\n<meta property=\"og:image\" content=\"https:\/\/i0.wp.com\/soclose.mx\/blog\/wp-content\/uploads\/2025\/03\/Copa-Nations-League.jpg?fit=1920%2C1080&ssl=1\" \/>\n\t<meta property=\"og:image:width\" content=\"1920\" \/>\n\t<meta property=\"og:image:height\" content=\"1080\" \/>\n\t<meta property=\"og:image:type\" content=\"image\/jpeg\" \/>\n<meta name=\"author\" content=\"So Close\" \/>\n<meta name=\"twitter:card\" content=\"summary_large_image\" \/>\n<meta name=\"twitter:label1\" content=\"Escrito por\" \/>\n\t<meta name=\"twitter:data1\" content=\"So Close\" \/>\n\t<meta name=\"twitter:label2\" content=\"Tiempo de lectura\" \/>\n\t<meta name=\"twitter:data2\" content=\"3 minutos\" \/>\n<script type=\"application\/ld+json\" class=\"yoast-schema-graph\">{\"@context\":\"https:\/\/schema.org\",\"@graph\":[{\"@type\":\"Article\",\"@id\":\"https:\/\/soclose.mx\/blog\/tag\/juan-rulfo-frases-mujeres\/#article\",\"isPartOf\":{\"@id\":\"https:\/\/soclose.mx\/blog\/tag\/juan-rulfo-frases-mujeres\/\"},\"author\":{\"name\":\"So Close\",\"@id\":\"https:\/\/soclose.mx\/blog\/#\/schema\/person\/723eb117ab965b55c3e56b5d29751667\"},\"headline\":\"Revelan convocados a la selecci\u00f3n mexicana para la Nations League\",\"datePublished\":\"2025-03-11T01:08:13+00:00\",\"mainEntityOfPage\":{\"@id\":\"https:\/\/soclose.mx\/blog\/tag\/juan-rulfo-frases-mujeres\/\"},\"wordCount\":457,\"commentCount\":0,\"publisher\":{\"@id\":\"https:\/\/soclose.mx\/blog\/#organization\"},\"image\":{\"@id\":\"https:\/\/soclose.mx\/blog\/tag\/juan-rulfo-frases-mujeres\/#primaryimage\"},\"thumbnailUrl\":\"https:\/\/i0.wp.com\/soclose.mx\/blog\/wp-content\/uploads\/2025\/03\/Copa-Nations-League.jpg?fit=1920%2C1080&ssl=1\",\"keywords\":[\"Concacaf Nations League\",\"convocatoria\",\"edson alvarez\",\"el tri\",\"final\",\"Final Four\",\"futbol mexicano\",\"Guillermo Ochoa\",\"Henry Mart\u00edn\",\"Hirving Lozano\",\"Horarios partidos\",\"javier aguirre\",\"Lista de jugadores\",\"M\u00e9xico vs Canad\u00e1\",\"Partidos Selecci\u00f3n Mexicana\",\"Ra\u00fal Jim\u00e9nez\",\"Santiago Gim\u00e9nez\",\"seleccion mexicana\",\"semifinales\",\"SoFi Stadium\",\"tri\"],\"articleSection\":[\"News feed\",\"Selecci\u00f3n mexicana\"],\"inLanguage\":\"es\",\"potentialAction\":[{\"@type\":\"CommentAction\",\"name\":\"Comment\",\"target\":[\"https:\/\/soclose.mx\/blog\/tag\/juan-rulfo-frases-mujeres\/#respond\"]}]},{\"@type\":\"WebPage\",\"@id\":\"https:\/\/soclose.mx\/blog\/tag\/juan-rulfo-frases-mujeres\/\",\"url\":\"https:\/\/soclose.mx\/blog\/tag\/juan-rulfo-frases-mujeres\/\",\"name\":\"Revelan convocados a la selecci\u00f3n mexicana para la Nations League - So Close\",\"isPartOf\":{\"@id\":\"https:\/\/soclose.mx\/blog\/#website\"},\"primaryImageOfPage\":{\"@id\":\"https:\/\/soclose.mx\/blog\/tag\/juan-rulfo-frases-mujeres\/#primaryimage\"},\"image\":{\"@id\":\"https:\/\/soclose.mx\/blog\/tag\/juan-rulfo-frases-mujeres\/#primaryimage\"},\"thumbnailUrl\":\"https:\/\/i0.wp.com\/soclose.mx\/blog\/wp-content\/uploads\/2025\/03\/Copa-Nations-League.jpg?fit=1920%2C1080&ssl=1\",\"datePublished\":\"2025-03-11T01:08:13+00:00\",\"description\":\"La Selecci\u00f3n Mexicana se prepara para el Final Four de la Concacaf y los convocados a la selecci\u00f3n mexicana para la Nations League ya est\u00e1n.\",\"breadcrumb\":{\"@id\":\"https:\/\/soclose.mx\/blog\/tag\/juan-rulfo-frases-mujeres\/#breadcrumb\"},\"inLanguage\":\"es\",\"potentialAction\":[{\"@type\":\"ReadAction\",\"target\":[\"https:\/\/soclose.mx\/blog\/tag\/juan-rulfo-frases-mujeres\/\"]}]},{\"@type\":\"ImageObject\",\"inLanguage\":\"es\",\"@id\":\"https:\/\/soclose.mx\/blog\/tag\/juan-rulfo-frases-mujeres\/#primaryimage\",\"url\":\"https:\/\/i0.wp.com\/soclose.mx\/blog\/wp-content\/uploads\/2025\/03\/Copa-Nations-League.jpg?fit=1920%2C1080&ssl=1\",\"contentUrl\":\"https:\/\/i0.wp.com\/soclose.mx\/blog\/wp-content\/uploads\/2025\/03\/Copa-Nations-League.jpg?fit=1920%2C1080&ssl=1\",\"width\":1920,\"height\":1080,\"caption\":\"Copa Nations League\"},{\"@type\":\"BreadcrumbList\",\"@id\":\"https:\/\/soclose.mx\/blog\/tag\/juan-rulfo-frases-mujeres\/#breadcrumb\",\"itemListElement\":[{\"@type\":\"ListItem\",\"position\":1,\"name\":\"Inicio\",\"item\":\"https:\/\/soclose.mx\/blog\/\"},{\"@type\":\"ListItem\",\"position\":2,\"name\":\"Revelan convocados a la selecci\u00f3n mexicana para la Nations League\"}]},{\"@type\":\"WebSite\",\"@id\":\"https:\/\/soclose.mx\/blog\/#website\",\"url\":\"https:\/\/soclose.mx\/blog\/\",\"name\":\"So Close\",\"description\":\"Hacemos contenidos de M\u00e9xico\",\"publisher\":{\"@id\":\"https:\/\/soclose.mx\/blog\/#organization\"},\"potentialAction\":[{\"@type\":\"SearchAction\",\"target\":{\"@type\":\"EntryPoint\",\"urlTemplate\":\"https:\/\/soclose.mx\/blog\/?s={search_term_string}\"},\"query-input\":{\"@type\":\"PropertyValueSpecification\",\"valueRequired\":true,\"valueName\":\"search_term_string\"}}],\"inLanguage\":\"es\"},{\"@type\":\"Organization\",\"@id\":\"https:\/\/soclose.mx\/blog\/#organization\",\"name\":\"So Close\",\"url\":\"https:\/\/soclose.mx\/blog\/\",\"logo\":{\"@type\":\"ImageObject\",\"inLanguage\":\"es\",\"@id\":\"https:\/\/soclose.mx\/blog\/#\/schema\/logo\/image\/\",\"url\":\"https:\/\/i0.wp.com\/soclose.mx\/blog\/wp-content\/uploads\/2020\/12\/LOGO_SOCLOSE_COLOR-e1608310133507.png?fit=2858%2C1264&ssl=1\",\"contentUrl\":\"https:\/\/i0.wp.com\/soclose.mx\/blog\/wp-content\/uploads\/2020\/12\/LOGO_SOCLOSE_COLOR-e1608310133507.png?fit=2858%2C1264&ssl=1\",\"width\":2858,\"height\":1264,\"caption\":\"So Close\"},\"image\":{\"@id\":\"https:\/\/soclose.mx\/blog\/#\/schema\/logo\/image\/\"}},{\"@type\":\"Person\",\"@id\":\"https:\/\/soclose.mx\/blog\/#\/schema\/person\/723eb117ab965b55c3e56b5d29751667\",\"name\":\"So Close\",\"image\":{\"@type\":\"ImageObject\",\"inLanguage\":\"es\",\"@id\":\"https:\/\/soclose.mx\/blog\/#\/schema\/person\/image\/\",\"url\":\"https:\/\/secure.gravatar.com\/avatar\/5a1d1d694eaf6d2c28f450f0984cbb34821b92dc49c1d088c0250fbc6a48efec?s=96&d=mm&r=g\",\"contentUrl\":\"https:\/\/secure.gravatar.com\/avatar\/5a1d1d694eaf6d2c28f450f0984cbb34821b92dc49c1d088c0250fbc6a48efec?s=96&d=mm&r=g\",\"caption\":\"So Close\"},\"sameAs\":[\"http:\/\/www.soclose.mx\",\"https:\/\/www.youtube.com\/@soclosemx\"],\"url\":\"https:\/\/soclose.mx\/blog\/author\/admin\/\"}]}<\/script>\n<!-- \/ Yoast SEO plugin. -->","yoast_head_json":{"title":"Revelan convocados a la selecci\u00f3n mexicana para la Nations League - So Close","description":"La Selecci\u00f3n Mexicana se prepara para el Final Four de la Concacaf y los convocados a la selecci\u00f3n mexicana para la Nations League ya est\u00e1n.","robots":{"index":"index","follow":"follow","max-snippet":"max-snippet:-1","max-image-preview":"max-image-preview:large","max-video-preview":"max-video-preview:-1"},"canonical":"https:\/\/soclose.mx\/blog\/tag\/juan-rulfo-frases-mujeres\/","og_locale":"es_MX","og_type":"article","og_title":"Revelan convocados a la selecci\u00f3n mexicana para la Nations League - So Close","og_description":"La Selecci\u00f3n Mexicana se prepara para el Final Four de la Concacaf y los convocados a la selecci\u00f3n mexicana para la Nations League ya est\u00e1n.","og_url":"https:\/\/soclose.mx\/blog\/tag\/juan-rulfo-frases-mujeres\/","og_site_name":"So Close","article_published_time":"2025-03-11T01:08:13+00:00","og_image":[{"width":1920,"height":1080,"url":"https:\/\/i0.wp.com\/soclose.mx\/blog\/wp-content\/uploads\/2025\/03\/Copa-Nations-League.jpg?fit=1920%2C1080&ssl=1","type":"image\/jpeg"}],"author":"So Close","twitter_card":"summary_large_image","twitter_misc":{"Escrito por":"So Close","Tiempo de lectura":"3 minutos"},"schema":{"@context":"https:\/\/schema.org","@graph":[{"@type":"Article","@id":"https:\/\/soclose.mx\/blog\/tag\/juan-rulfo-frases-mujeres\/#article","isPartOf":{"@id":"https:\/\/soclose.mx\/blog\/tag\/juan-rulfo-frases-mujeres\/"},"author":{"name":"So Close","@id":"https:\/\/soclose.mx\/blog\/#\/schema\/person\/723eb117ab965b55c3e56b5d29751667"},"headline":"Revelan convocados a la selecci\u00f3n mexicana para la Nations League","datePublished":"2025-03-11T01:08:13+00:00","mainEntityOfPage":{"@id":"https:\/\/soclose.mx\/blog\/tag\/juan-rulfo-frases-mujeres\/"},"wordCount":457,"commentCount":0,"publisher":{"@id":"https:\/\/soclose.mx\/blog\/#organization"},"image":{"@id":"https:\/\/soclose.mx\/blog\/tag\/juan-rulfo-frases-mujeres\/#primaryimage"},"thumbnailUrl":"https:\/\/i0.wp.com\/soclose.mx\/blog\/wp-content\/uploads\/2025\/03\/Copa-Nations-League.jpg?fit=1920%2C1080&ssl=1","keywords":["Concacaf Nations League","convocatoria","edson alvarez","el tri","final","Final Four","futbol mexicano","Guillermo Ochoa","Henry Mart\u00edn","Hirving Lozano","Horarios partidos","javier aguirre","Lista de jugadores","M\u00e9xico vs Canad\u00e1","Partidos Selecci\u00f3n Mexicana","Ra\u00fal Jim\u00e9nez","Santiago Gim\u00e9nez","seleccion mexicana","semifinales","SoFi Stadium","tri"],"articleSection":["News feed","Selecci\u00f3n mexicana"],"inLanguage":"es","potentialAction":[{"@type":"CommentAction","name":"Comment","target":["https:\/\/soclose.mx\/blog\/tag\/juan-rulfo-frases-mujeres\/#respond"]}]},{"@type":"WebPage","@id":"https:\/\/soclose.mx\/blog\/tag\/juan-rulfo-frases-mujeres\/","url":"https:\/\/soclose.mx\/blog\/tag\/juan-rulfo-frases-mujeres\/","name":"Revelan convocados a la selecci\u00f3n mexicana para la Nations League - So Close","isPartOf":{"@id":"https:\/\/soclose.mx\/blog\/#website"},"primaryImageOfPage":{"@id":"https:\/\/soclose.mx\/blog\/tag\/juan-rulfo-frases-mujeres\/#primaryimage"},"image":{"@id":"https:\/\/soclose.mx\/blog\/tag\/juan-rulfo-frases-mujeres\/#primaryimage"},"thumbnailUrl":"https:\/\/i0.wp.com\/soclose.mx\/blog\/wp-content\/uploads\/2025\/03\/Copa-Nations-League.jpg?fit=1920%2C1080&ssl=1","datePublished":"2025-03-11T01:08:13+00:00","description":"La Selecci\u00f3n Mexicana se prepara para el Final Four de la Concacaf y los convocados a la selecci\u00f3n mexicana para la Nations League ya est\u00e1n.","breadcrumb":{"@id":"https:\/\/soclose.mx\/blog\/tag\/juan-rulfo-frases-mujeres\/#breadcrumb"},"inLanguage":"es","potentialAction":[{"@type":"ReadAction","target":["https:\/\/soclose.mx\/blog\/tag\/juan-rulfo-frases-mujeres\/"]}]},{"@type":"ImageObject","inLanguage":"es","@id":"https:\/\/soclose.mx\/blog\/tag\/juan-rulfo-frases-mujeres\/#primaryimage","url":"https:\/\/i0.wp.com\/soclose.mx\/blog\/wp-content\/uploads\/2025\/03\/Copa-Nations-League.jpg?fit=1920%2C1080&ssl=1","contentUrl":"https:\/\/i0.wp.com\/soclose.mx\/blog\/wp-content\/uploads\/2025\/03\/Copa-Nations-League.jpg?fit=1920%2C1080&ssl=1","width":1920,"height":1080,"caption":"Copa Nations League"},{"@type":"BreadcrumbList","@id":"https:\/\/soclose.mx\/blog\/tag\/juan-rulfo-frases-mujeres\/#breadcrumb","itemListElement":[{"@type":"ListItem","position":1,"name":"Inicio","item":"https:\/\/soclose.mx\/blog\/"},{"@type":"ListItem","position":2,"name":"Revelan convocados a la selecci\u00f3n mexicana para la Nations League"}]},{"@type":"WebSite","@id":"https:\/\/soclose.mx\/blog\/#website","url":"https:\/\/soclose.mx\/blog\/","name":"So Close","description":"Hacemos contenidos de M\u00e9xico","publisher":{"@id":"https:\/\/soclose.mx\/blog\/#organization"},"potentialAction":[{"@type":"SearchAction","target":{"@type":"EntryPoint","urlTemplate":"https:\/\/soclose.mx\/blog\/?s={search_term_string}"},"query-input":{"@type":"PropertyValueSpecification","valueRequired":true,"valueName":"search_term_string"}}],"inLanguage":"es"},{"@type":"Organization","@id":"https:\/\/soclose.mx\/blog\/#organization","name":"So Close","url":"https:\/\/soclose.mx\/blog\/","logo":{"@type":"ImageObject","inLanguage":"es","@id":"https:\/\/soclose.mx\/blog\/#\/schema\/logo\/image\/","url":"https:\/\/i0.wp.com\/soclose.mx\/blog\/wp-content\/uploads\/2020\/12\/LOGO_SOCLOSE_COLOR-e1608310133507.png?fit=2858%2C1264&ssl=1","contentUrl":"https:\/\/i0.wp.com\/soclose.mx\/blog\/wp-content\/uploads\/2020\/12\/LOGO_SOCLOSE_COLOR-e1608310133507.png?fit=2858%2C1264&ssl=1","width":2858,"height":1264,"caption":"So Close"},"image":{"@id":"https:\/\/soclose.mx\/blog\/#\/schema\/logo\/image\/"}},{"@type":"Person","@id":"https:\/\/soclose.mx\/blog\/#\/schema\/person\/723eb117ab965b55c3e56b5d29751667","name":"So Close","image":{"@type":"ImageObject","inLanguage":"es","@id":"https:\/\/soclose.mx\/blog\/#\/schema\/person\/image\/","url":"https:\/\/secure.gravatar.com\/avatar\/5a1d1d694eaf6d2c28f450f0984cbb34821b92dc49c1d088c0250fbc6a48efec?s=96&d=mm&r=g","contentUrl":"https:\/\/secure.gravatar.com\/avatar\/5a1d1d694eaf6d2c28f450f0984cbb34821b92dc49c1d088c0250fbc6a48efec?s=96&d=mm&r=g","caption":"So Close"},"sameAs":["http:\/\/www.soclose.mx","https:\/\/www.youtube.com\/@soclosemx"],"url":"https:\/\/soclose.mx\/blog\/author\/admin\/"}]}},"jetpack_featured_media_url":"https:\/\/i0.wp.com\/soclose.mx\/blog\/wp-content\/uploads\/2025\/03\/Copa-Nations-League.jpg?fit=1920%2C1080&ssl=1","jetpack-related-posts":[{"id":14740,"url":"https:\/\/soclose.mx\/blog\/news-feed\/donde-ver-mexico-vs-canada-de-la-nations-league-desde-mexico-y-estados-unidos\/","url_meta":{"origin":14735,"position":0},"title":"\u00bfD\u00f3nde ver M\u00e9xico vs Canad\u00e1 de la Nations League desde M\u00e9xico y Estados Unidos?","author":"So Close","date":"11 marzo, 2025","format":false,"excerpt":"La Selecci\u00f3n Mexicana est\u00e1 lista para enfrentarse a Canad\u00e1 en las semifinales del Final Four de la Concacaf Nations League 2025. Este emocionante encuentro se jugar\u00e1 en el SoFi Stadium, ubicado en Inglewood, California, y promete ser un duelo clave para el Tri bajo la direcci\u00f3n de Javier Aguirre. Aqu\u00ed\u2026","rel":"","context":"En &quot;News feed&quot;","block_context":{"text":"News feed","link":"https:\/\/soclose.mx\/blog\/category\/news-feed\/"},"img":{"alt_text":"Javier Aguirre en la Copa Nations League","src":"https:\/\/i0.wp.com\/soclose.mx\/blog\/wp-content\/uploads\/2025\/03\/Copa-Nations-League-1.jpg?fit=1200%2C675&ssl=1&resize=350%2C200","width":350,"height":200,"srcset":"https:\/\/i0.wp.com\/soclose.mx\/blog\/wp-content\/uploads\/2025\/03\/Copa-Nations-League-1.jpg?fit=1200%2C675&ssl=1&resize=350%2C200 1x, https:\/\/i0.wp.com\/soclose.mx\/blog\/wp-content\/uploads\/2025\/03\/Copa-Nations-League-1.jpg?fit=1200%2C675&ssl=1&resize=525%2C300 1.5x, https:\/\/i0.wp.com\/soclose.mx\/blog\/wp-content\/uploads\/2025\/03\/Copa-Nations-League-1.jpg?fit=1200%2C675&ssl=1&resize=700%2C400 2x, https:\/\/i0.wp.com\/soclose.mx\/blog\/wp-content\/uploads\/2025\/03\/Copa-Nations-League-1.jpg?fit=1200%2C675&ssl=1&resize=1050%2C600 3x"},"classes":[]},{"id":14568,"url":"https:\/\/soclose.mx\/blog\/news-feed\/partidos-confirmados-de-la-seleccion-mexicana-en-2025\/","url_meta":{"origin":14735,"position":1},"title":"Partidos confirmados de la Selecci\u00f3n Mexicana en 2025","author":"So Close","date":"30 diciembre, 2024","format":false,"excerpt":"Los Partidos confirmados de la Selecci\u00f3n Mexicana en 2025 prometen ser cruciales para afinar el equipo de cara a la Copa del Mundo 2026. A continuaci\u00f3n, se detallan los encuentros programados y su importancia para el desarrollo del equipo. Partidos confirmados de la Selecci\u00f3n Mexicana en 2025 Amistosos en Enero\u2026","rel":"","context":"En &quot;News feed&quot;","block_context":{"text":"News feed","link":"https:\/\/soclose.mx\/blog\/category\/news-feed\/"},"img":{"alt_text":"Javier Aguirre","src":"https:\/\/i0.wp.com\/soclose.mx\/blog\/wp-content\/uploads\/2024\/12\/Javier-Aguirre.jpg?fit=1200%2C675&ssl=1&resize=350%2C200","width":350,"height":200,"srcset":"https:\/\/i0.wp.com\/soclose.mx\/blog\/wp-content\/uploads\/2024\/12\/Javier-Aguirre.jpg?fit=1200%2C675&ssl=1&resize=350%2C200 1x, https:\/\/i0.wp.com\/soclose.mx\/blog\/wp-content\/uploads\/2024\/12\/Javier-Aguirre.jpg?fit=1200%2C675&ssl=1&resize=525%2C300 1.5x, https:\/\/i0.wp.com\/soclose.mx\/blog\/wp-content\/uploads\/2024\/12\/Javier-Aguirre.jpg?fit=1200%2C675&ssl=1&resize=700%2C400 2x, https:\/\/i0.wp.com\/soclose.mx\/blog\/wp-content\/uploads\/2024\/12\/Javier-Aguirre.jpg?fit=1200%2C675&ssl=1&resize=1050%2C600 3x"},"classes":[]},{"id":14856,"url":"https:\/\/soclose.mx\/blog\/news-feed\/gilberto-mora-de-xolos-a-la-seleccion-nacional-para-la-copa-oro\/","url_meta":{"origin":14735,"position":2},"title":"Gilberto Mora de Xolos a la Selecci\u00f3n Nacional para la Copa Oro","author":"So Close","date":"4 junio, 2025","format":false,"excerpt":"En el vibrante panorama del f\u00fatbol mexicano, una historia de talento, esfuerzo y precocidad est\u00e1 acaparando los reflectores, llenando de optimismo y orgullo a la afici\u00f3n: la de Gilberto Mora de Xolos. Con apenas 17 a\u00f1os (cumplidos recientemente, recordemos que su ascenso ha sido mete\u00f3rico desde los 16), este mediocampista\u2026","rel":"","context":"En &quot;News feed&quot;","block_context":{"text":"News feed","link":"https:\/\/soclose.mx\/blog\/category\/news-feed\/"},"img":{"alt_text":"Gilberto Mora de Xolos","src":"https:\/\/i0.wp.com\/soclose.mx\/blog\/wp-content\/uploads\/2025\/06\/Gilberto-Mora-de-Xolos.jpg?fit=1200%2C675&ssl=1&resize=350%2C200","width":350,"height":200,"srcset":"https:\/\/i0.wp.com\/soclose.mx\/blog\/wp-content\/uploads\/2025\/06\/Gilberto-Mora-de-Xolos.jpg?fit=1200%2C675&ssl=1&resize=350%2C200 1x, https:\/\/i0.wp.com\/soclose.mx\/blog\/wp-content\/uploads\/2025\/06\/Gilberto-Mora-de-Xolos.jpg?fit=1200%2C675&ssl=1&resize=525%2C300 1.5x, https:\/\/i0.wp.com\/soclose.mx\/blog\/wp-content\/uploads\/2025\/06\/Gilberto-Mora-de-Xolos.jpg?fit=1200%2C675&ssl=1&resize=700%2C400 2x, https:\/\/i0.wp.com\/soclose.mx\/blog\/wp-content\/uploads\/2025\/06\/Gilberto-Mora-de-Xolos.jpg?fit=1200%2C675&ssl=1&resize=1050%2C600 3x"},"classes":[]},{"id":14907,"url":"https:\/\/soclose.mx\/blog\/seleccion-mexicana\/lista-de-convocados-a-la-seleccion-mexicana-contra-japon-y-corea-del-sur\/","url_meta":{"origin":14735,"position":3},"title":"Lista de convocados a la Selecci\u00f3n Mexicana contra Jap\u00f3n y Corea del Sur","author":"So Close","date":"28 agosto, 2025","format":false,"excerpt":"Javier Aguirre\u00a0dio a conocer la lista de convocados a la Selecci\u00f3n Mexicana para disputar los partidos amistosos que se jugar\u00e1n el s\u00e1bado 6 de septiembre contra Jap\u00f3n en el Oakland Coliseum y el martes 9 de septiembre frente a Corea del Sur en el Geodis Park de Nashville, Estados Unidos.\u2026","rel":"","context":"En &quot;News feed&quot;","block_context":{"text":"News feed","link":"https:\/\/soclose.mx\/blog\/category\/news-feed\/"},"img":{"alt_text":"Selecci\u00f3n mexicana","src":"https:\/\/i0.wp.com\/soclose.mx\/blog\/wp-content\/uploads\/2025\/08\/Seleccion-mexicana.jpg?fit=1200%2C675&ssl=1&resize=350%2C200","width":350,"height":200,"srcset":"https:\/\/i0.wp.com\/soclose.mx\/blog\/wp-content\/uploads\/2025\/08\/Seleccion-mexicana.jpg?fit=1200%2C675&ssl=1&resize=350%2C200 1x, https:\/\/i0.wp.com\/soclose.mx\/blog\/wp-content\/uploads\/2025\/08\/Seleccion-mexicana.jpg?fit=1200%2C675&ssl=1&resize=525%2C300 1.5x, https:\/\/i0.wp.com\/soclose.mx\/blog\/wp-content\/uploads\/2025\/08\/Seleccion-mexicana.jpg?fit=1200%2C675&ssl=1&resize=700%2C400 2x, https:\/\/i0.wp.com\/soclose.mx\/blog\/wp-content\/uploads\/2025\/08\/Seleccion-mexicana.jpg?fit=1200%2C675&ssl=1&resize=1050%2C600 3x"},"classes":[]},{"id":14759,"url":"https:\/\/soclose.mx\/blog\/ay-goeeee\/raul-jimenez-el-lobo-de-tepeji-que-convirtio-los-retos-en-gloria\/","url_meta":{"origin":14735,"position":4},"title":"Ra\u00fal Jim\u00e9nez: El &#8220;Lobo de Tepej\u00ed&#8221; que convirti\u00f3 los retos en gloria\u2028","author":"So Close","date":"24 marzo, 2025","format":false,"excerpt":"En el f\u00fatbol mexicano, Ra\u00fal Jim\u00e9nez: El \"Lobo de Tepej\u00ed\"\u00a0no es solo un delantero: es un s\u00edmbolo de resiliencia. Con una carrera marcada por lesiones graves, adaptaciones en Europa y presiones hist\u00f3ricas, ha demostrado que el coraje y la determinaci\u00f3n pueden superar cualquier obst\u00e1culo. Ra\u00fal Jim\u00e9nez: El \"Lobo de Tepej\u00ed\"\u2026","rel":"","context":"En &quot;\u00a1Ay goeeee!&quot;","block_context":{"text":"\u00a1Ay goeeee!","link":"https:\/\/soclose.mx\/blog\/category\/ay-goeeee\/"},"img":{"alt_text":"Raul Jimenez","src":"https:\/\/i0.wp.com\/soclose.mx\/blog\/wp-content\/uploads\/2025\/03\/Raul-Jimenez-.jpg?fit=1200%2C675&ssl=1&resize=350%2C200","width":350,"height":200,"srcset":"https:\/\/i0.wp.com\/soclose.mx\/blog\/wp-content\/uploads\/2025\/03\/Raul-Jimenez-.jpg?fit=1200%2C675&ssl=1&resize=350%2C200 1x, https:\/\/i0.wp.com\/soclose.mx\/blog\/wp-content\/uploads\/2025\/03\/Raul-Jimenez-.jpg?fit=1200%2C675&ssl=1&resize=525%2C300 1.5x, https:\/\/i0.wp.com\/soclose.mx\/blog\/wp-content\/uploads\/2025\/03\/Raul-Jimenez-.jpg?fit=1200%2C675&ssl=1&resize=700%2C400 2x, https:\/\/i0.wp.com\/soclose.mx\/blog\/wp-content\/uploads\/2025\/03\/Raul-Jimenez-.jpg?fit=1200%2C675&ssl=1&resize=1050%2C600 3x"},"classes":[]},{"id":14283,"url":"https:\/\/soclose.mx\/blog\/seleccion-mexicana\/las-frases-mas-polemicas-de-javier-el-vasco-aguirre-videos\/","url_meta":{"origin":14735,"position":5},"title":"Las frases m\u00e1s pol\u00e9micas de Javier &#8220;El Vasco&#8221; Aguirre | videos","author":"So Close","date":"15 octubre, 2024","format":false,"excerpt":"\u00bfQui\u00e9n no recuerda las frases m\u00e1s pol\u00e9micas de Javier \"El Vasco\" Aguirre; lapidarias y directas? El carism\u00e1tico entrenador mexicano, conocido como el \"Vasco\", ha dejado huella en el mundo del f\u00fatbol no solo por sus t\u00e1cticas, sino tambi\u00e9n por sus declaraciones llenas de pasi\u00f3n y, a veces, de pol\u00e9mica. En\u2026","rel":"","context":"En &quot;A la mexicana&quot;","block_context":{"text":"A la mexicana","link":"https:\/\/soclose.mx\/blog\/category\/a-la-mexicana\/"},"img":{"alt_text":"Javier Aguirre, entrenador de la selecci\u00f3n mexicana","src":"https:\/\/i0.wp.com\/soclose.mx\/blog\/wp-content\/uploads\/2024\/10\/Fotos-notas-So-Close-home-7-1.jpg?fit=1200%2C675&ssl=1&resize=350%2C200","width":350,"height":200,"srcset":"https:\/\/i0.wp.com\/soclose.mx\/blog\/wp-content\/uploads\/2024\/10\/Fotos-notas-So-Close-home-7-1.jpg?fit=1200%2C675&ssl=1&resize=350%2C200 1x, https:\/\/i0.wp.com\/soclose.mx\/blog\/wp-content\/uploads\/2024\/10\/Fotos-notas-So-Close-home-7-1.jpg?fit=1200%2C675&ssl=1&resize=525%2C300 1.5x, https:\/\/i0.wp.com\/soclose.mx\/blog\/wp-content\/uploads\/2024\/10\/Fotos-notas-So-Close-home-7-1.jpg?fit=1200%2C675&ssl=1&resize=700%2C400 2x, https:\/\/i0.wp.com\/soclose.mx\/blog\/wp-content\/uploads\/2024\/10\/Fotos-notas-So-Close-home-7-1.jpg?fit=1200%2C675&ssl=1&resize=1050%2C600 3x"},"classes":[]}],"jetpack_sharing_enabled":true,"_links":{"self":[{"href":"https:\/\/soclose.mx\/blog\/wp-json\/wp\/v2\/posts\/14735","targetHints":{"allow":["GET"]}}],"collection":[{"href":"https:\/\/soclose.mx\/blog\/wp-json\/wp\/v2\/posts"}],"about":[{"href":"https:\/\/soclose.mx\/blog\/wp-json\/wp\/v2\/types\/post"}],"author":[{"embeddable":true,"href":"https:\/\/soclose.mx\/blog\/wp-json\/wp\/v2\/users\/1"}],"replies":[{"embeddable":true,"href":"https:\/\/soclose.mx\/blog\/wp-json\/wp\/v2\/comments?post=14735"}],"version-history":[{"count":0,"href":"https:\/\/soclose.mx\/blog\/wp-json\/wp\/v2\/posts\/14735\/revisions"}],"wp:featuredmedia":[{"embeddable":true,"href":"https:\/\/soclose.mx\/blog\/wp-json\/wp\/v2\/media\/14736"}],"wp:attachment":[{"href":"https:\/\/soclose.mx\/blog\/wp-json\/wp\/v2\/media?parent=14735"}],"wp:term":[{"taxonomy":"category","embeddable":true,"href":"https:\/\/soclose.mx\/blog\/wp-json\/wp\/v2\/categories?post=14735"},{"taxonomy":"post_tag","embeddable":true,"href":"https:\/\/soclose.mx\/blog\/wp-json\/wp\/v2\/tags?post=14735"}],"curies":[{"name":"wp","href":"https:\/\/api.w.org\/{rel}","templated":true}]}}