{"id":14757,"date":"2025-03-21T18:07:40","date_gmt":"2025-03-22T00:07:40","guid":{"rendered":"https:\/\/soclose.mx\/blog\/?p=14757"},"modified":"2025-03-21T18:07:40","modified_gmt":"2025-03-22T00:07:40","slug":"shakira-estoy-aqui-experience-una-experiencia-unica-para-fans","status":"publish","type":"post","link":"https:\/\/soclose.mx\/blog\/news-feed\/shakira-estoy-aqui-experience-una-experiencia-unica-para-fans\/","title":{"rendered":"&#8220;Shakira: Estoy Aqu\u00ed Experience&#8221;, Una Experiencia \u00danica para Fans"},"content":{"rendered":"<p class=\"p2\">La ic\u00f3nica cantante colombiana <b>Shakira<\/b> ha llegado a la Ciudad de M\u00e9xico con una iniciativa emocionante para sus fans: la <b>&#8220;Shakira: Estoy Aqu\u00ed Experience&#8221;<\/b>, una exposici\u00f3n temporal que celebra su carrera musical y su <a href=\"https:\/\/soclose.mx\/blog\/lugares\/calendario-de-conciertos-en-la-cdmx-2025\/\" target=\"_blank\" rel=\"noopener\">conexi\u00f3n con M\u00e9xico.<\/a> Esta experiencia \u00fanica se llevar\u00e1 a cabo del <b>21 al 30 de marzo de 2025<\/b> en <b>Frontera 88, Roma Norte<\/b>, y es completamente gratuita, aunque requiere un registro previo para asegurar el acceso.<\/p>\n<h2 class=\"p2\">Detalles de la Exposici\u00f3n &#8220;Shakira: Estoy Aqu\u00ed Experience&#8221;<b><br \/>\n<\/b><\/h2>\n<ul class=\"ul1\">\n<li class=\"li2\"><b>Entrada Gratuita<\/b>: La entrada a la exposici\u00f3n es gratuita, pero es necesario registrarse previamente en la p\u00e1gina web de la experiencia para obtener un c\u00f3digo QR que servir\u00e1 como boleto de entrada.<\/li>\n<li class=\"li2\"><b>Horarios de Visita<\/b>: La exposici\u00f3n estar\u00e1 abierta durante el d\u00eda, aunque los horarios espec\u00edficos pueden variar. Se recomienda verificar las redes sociales oficiales para obtener m\u00e1s detalles sobre los horarios de visita.<\/li>\n<li class=\"li2\"><b>D\u00edas de Apertura<\/b>: Del 21 al 30 de marzo de 2025.<\/li>\n<li class=\"li2\"><b>Direcci\u00f3n<\/b>: Frontera 88, Roma Norte, Cuauht\u00e9moc, 06700 Ciudad de M\u00e9xico, CDMX.<\/li>\n<\/ul>\n<p class=\"p1\"><b>C\u00f3mo Llegar<\/b><\/p>\n<p class=\"p1\"><b>Transporte P\u00fablico<\/b><\/p>\n<p class=\"p2\">Para llegar a Frontera 88 en transporte p\u00fablico, puedes utilizar el <b>Metro<\/b> o el <b>Metrob\u00fas<\/b>:<\/p>\n<ul class=\"ul1\">\n<li class=\"li2\"><b>Metro<\/b>: La estaci\u00f3n m\u00e1s cercana es <b>Insurgentes<\/b> en la L\u00ednea 1. Desde ah\u00ed, puedes tomar un taxi o caminar hacia Roma Norte.<\/li>\n<li class=\"li2\"><b>Metrob\u00fas<\/b>: Puedes bajarte en la estaci\u00f3n <b>Sonora<\/b> o <b>Campeche<\/b>, ambas en la L\u00ednea 1 del Metrob\u00fas, y caminar hacia Frontera 88.<\/li>\n<\/ul>\n<p class=\"p1\"><b>Auto Particular<\/b><\/p>\n<p class=\"p2\">Si prefieres llegar en auto, aqu\u00ed tienes las rutas desde las principales entradas a la Ciudad de M\u00e9xico:<\/p>\n<ol class=\"ol1\">\n<li class=\"li2\"><b>Entrada de Cuernavaca<\/b>:\n<ul class=\"ul1\">\n<li class=\"li2\">Desde Cuernavaca, toma la autopista M\u00e9xico-Cuernavaca hacia la Ciudad de M\u00e9xico.<\/li>\n<li class=\"li2\">Contin\u00faa por el Viaducto Tlalpan y luego conecta con el Eje 4 Sur hasta llegar a la Avenida Insurgentes.<\/li>\n<li class=\"li2\">Sigue por Insurgentes hacia el norte hasta llegar a la colonia Roma Norte.<\/li>\n<\/ul>\n<\/li>\n<li class=\"li2\"><b>Entrada de Ecatepec<\/b>:\n<ul class=\"ul1\">\n<li class=\"li2\">Desde Ecatepec, toma la autopista M\u00e9xico-Quer\u00e9taro hacia la Ciudad de M\u00e9xico.<\/li>\n<li class=\"li2\">Conecta con el Circuito Interior y sigue hacia el sur hasta llegar a la Avenida Insurgentes.<\/li>\n<li class=\"li2\">Contin\u00faa por Insurgentes hacia el sur hasta llegar a la colonia Roma Norte.<\/li>\n<\/ul>\n<\/li>\n<li class=\"li2\"><b>Entrada de Puebla<\/b>:\n<ul class=\"ul1\">\n<li class=\"li2\">Desde Puebla, toma la autopista M\u00e9xico-Puebla hacia la Ciudad de M\u00e9xico.<\/li>\n<li class=\"li2\">Conecta con el Viaducto R\u00edo de la Piedad y sigue hacia el oeste hasta llegar al Eje 4 Sur.<\/li>\n<li class=\"li2\">Contin\u00faa por el Eje 4 Sur hasta llegar a la Avenida Insurgentes y sigue hacia el norte hasta Roma Norte.<\/li>\n<\/ul>\n<\/li>\n<\/ol>\n<p class=\"p1\"><b>Experiencia en la Pop Up Store<\/b><\/p>\n<p class=\"p2\">La <b>&#8220;Shakira: Estoy Aqu\u00ed Experience&#8221;<\/b> ofrece una experiencia inmersiva con varias salas tem\u00e1ticas que exploran la carrera de <a href=\"https:\/\/www.instagram.com\/shakira\/\" target=\"_blank\" rel=\"noopener\">Shakira.<\/a> Los visitantes podr\u00e1n ver su proceso creativo, instrumentos musicales que ha utilizado, vestuarios ic\u00f3nicos, y m\u00e1s. Adem\u00e1s, habr\u00e1 una tienda con mercanc\u00eda oficial de la artista.<\/p>\n<p class=\"p2\">Esta exposici\u00f3n es una oportunidad \u00fanica para los fans de Shakira para sumergirse en su mundo musical y celebrar su legado en M\u00e9xico. No te pierdas la oportunidad de visitarla y vivir una experiencia memorable.<\/p>\n","protected":false},"excerpt":{"rendered":"<p>La ic\u00f3nica cantante colombiana Shakira ha llegado a la Ciudad de M\u00e9xico con una iniciativa emocionante para sus fans: la &#8220;Shakira: Estoy Aqu\u00ed Experience&#8221;, una exposici\u00f3n temporal que celebra su carrera musical y su conexi\u00f3n con M\u00e9xico. Esta experiencia \u00fanica se llevar\u00e1 a cabo del 21 al 30 de marzo de 2025 en Frontera 88, Roma Norte, y es completamente gratuita, aunque requiere un registro previo para asegurar el acceso. Detalles de la Exposici\u00f3n &#8220;Shakira: Estoy Aqu\u00ed Experience&#8221; Entrada Gratuita: La entrada a la exposici\u00f3n es gratuita, pero es necesario registrarse previamente en la p\u00e1gina web de la experiencia para<\/p>\n","protected":false},"author":1,"featured_media":14758,"comment_status":"open","ping_status":"open","sticky":false,"template":"","format":"standard","meta":{"_jetpack_memberships_contains_paid_content":false,"footnotes":""},"categories":[628],"tags":[399,274,3916,4333,4341,4339,4335,4336,4338,4340,4337,4334,4332],"class_list":["post-14757","post","type-post","status-publish","format-standard","has-post-thumbnail","hentry","category-news-feed","tag-ciudad-de-mexico","tag-colonia-roma","tag-conciertos-en-mexico","tag-estoy-aqui-experience","tag-eventos-culturales-en-cdmx","tag-experiencia-inmersiva","tag-exposicion-gratuita","tag-frontera-88","tag-gira-las-mujeres-ya-no-lloran","tag-libretas-personales-de-shakira","tag-museo-de-shakira","tag-pop-up-store","tag-shakira"],"yoast_head":"<!-- This site is optimized with the Yoast SEO plugin v26.7 - https:\/\/yoast.com\/wordpress\/plugins\/seo\/ -->\n<title>&quot;Shakira: Estoy Aqu\u00ed Experience&quot;, Una Experiencia \u00danica para Fans - So Close<\/title>\n<meta name=\"description\" content=\"Shakira lleg\u00f3 a la CDMX con una iniciativa emocionante: &quot;Shakira: Estoy Aqu\u00ed Experience&quot;, una exposici\u00f3n que celebra su conexi\u00f3n con M\u00e9xico.\" \/>\n<meta name=\"robots\" content=\"index, follow, max-snippet:-1, max-image-preview:large, max-video-preview:-1\" \/>\n<link rel=\"canonical\" href=\"https:\/\/soclose.mx\/blog\/tag\/juan-rulfo-frases-mujeres\/\" \/>\n<meta property=\"og:locale\" content=\"es_MX\" \/>\n<meta property=\"og:type\" content=\"article\" \/>\n<meta property=\"og:title\" content=\"&quot;Shakira: Estoy Aqu\u00ed Experience&quot;, Una Experiencia \u00danica para Fans - So Close\" \/>\n<meta property=\"og:description\" content=\"Shakira lleg\u00f3 a la CDMX con una iniciativa emocionante: &quot;Shakira: Estoy Aqu\u00ed Experience&quot;, una exposici\u00f3n que celebra su conexi\u00f3n con M\u00e9xico.\" \/>\n<meta property=\"og:url\" content=\"https:\/\/soclose.mx\/blog\/tag\/juan-rulfo-frases-mujeres\/\" \/>\n<meta property=\"og:site_name\" content=\"So Close\" \/>\n<meta property=\"article:published_time\" content=\"2025-03-22T00:07:40+00:00\" \/>\n<meta property=\"og:image\" content=\"https:\/\/i0.wp.com\/soclose.mx\/blog\/wp-content\/uploads\/2025\/03\/Shakira-en-Mexico.jpg?fit=1920%2C1080&ssl=1\" \/>\n\t<meta property=\"og:image:width\" content=\"1920\" \/>\n\t<meta property=\"og:image:height\" content=\"1080\" \/>\n\t<meta property=\"og:image:type\" content=\"image\/jpeg\" \/>\n<meta name=\"author\" content=\"So Close\" \/>\n<meta name=\"twitter:card\" content=\"summary_large_image\" \/>\n<meta name=\"twitter:label1\" content=\"Escrito por\" \/>\n\t<meta name=\"twitter:data1\" content=\"So Close\" \/>\n\t<meta name=\"twitter:label2\" content=\"Tiempo de lectura\" \/>\n\t<meta name=\"twitter:data2\" content=\"3 minutos\" \/>\n<script type=\"application\/ld+json\" class=\"yoast-schema-graph\">{\"@context\":\"https:\/\/schema.org\",\"@graph\":[{\"@type\":\"Article\",\"@id\":\"https:\/\/soclose.mx\/blog\/tag\/juan-rulfo-frases-mujeres\/#article\",\"isPartOf\":{\"@id\":\"https:\/\/soclose.mx\/blog\/tag\/juan-rulfo-frases-mujeres\/\"},\"author\":{\"name\":\"So Close\",\"@id\":\"https:\/\/soclose.mx\/blog\/#\/schema\/person\/723eb117ab965b55c3e56b5d29751667\"},\"headline\":\"&#8220;Shakira: Estoy Aqu\u00ed Experience&#8221;, Una Experiencia \u00danica para Fans\",\"datePublished\":\"2025-03-22T00:07:40+00:00\",\"mainEntityOfPage\":{\"@id\":\"https:\/\/soclose.mx\/blog\/tag\/juan-rulfo-frases-mujeres\/\"},\"wordCount\":515,\"commentCount\":0,\"publisher\":{\"@id\":\"https:\/\/soclose.mx\/blog\/#organization\"},\"image\":{\"@id\":\"https:\/\/soclose.mx\/blog\/tag\/juan-rulfo-frases-mujeres\/#primaryimage\"},\"thumbnailUrl\":\"https:\/\/i0.wp.com\/soclose.mx\/blog\/wp-content\/uploads\/2025\/03\/Shakira-en-Mexico.jpg?fit=1920%2C1080&ssl=1\",\"keywords\":[\"ciudad de mexico\",\"colonia roma\",\"conciertos en M\u00e9xico\",\"Estoy Aqu\u00ed Experience\",\"Eventos culturales en CDMX\",\"Experiencia inmersiva\",\"Exposici\u00f3n gratuita\",\"Frontera 88\",\"Gira Las Mujeres Ya No Lloran\",\"Libretas personales de Shakira\",\"Museo de Shakira\",\"Pop Up Store\",\"Shakira\"],\"articleSection\":[\"News feed\"],\"inLanguage\":\"es\",\"potentialAction\":[{\"@type\":\"CommentAction\",\"name\":\"Comment\",\"target\":[\"https:\/\/soclose.mx\/blog\/tag\/juan-rulfo-frases-mujeres\/#respond\"]}]},{\"@type\":\"WebPage\",\"@id\":\"https:\/\/soclose.mx\/blog\/tag\/juan-rulfo-frases-mujeres\/\",\"url\":\"https:\/\/soclose.mx\/blog\/tag\/juan-rulfo-frases-mujeres\/\",\"name\":\"\\\"Shakira: Estoy Aqu\u00ed Experience\\\", Una Experiencia \u00danica para Fans - So Close\",\"isPartOf\":{\"@id\":\"https:\/\/soclose.mx\/blog\/#website\"},\"primaryImageOfPage\":{\"@id\":\"https:\/\/soclose.mx\/blog\/tag\/juan-rulfo-frases-mujeres\/#primaryimage\"},\"image\":{\"@id\":\"https:\/\/soclose.mx\/blog\/tag\/juan-rulfo-frases-mujeres\/#primaryimage\"},\"thumbnailUrl\":\"https:\/\/i0.wp.com\/soclose.mx\/blog\/wp-content\/uploads\/2025\/03\/Shakira-en-Mexico.jpg?fit=1920%2C1080&ssl=1\",\"datePublished\":\"2025-03-22T00:07:40+00:00\",\"description\":\"Shakira lleg\u00f3 a la CDMX con una iniciativa emocionante: \\\"Shakira: Estoy Aqu\u00ed Experience\\\", una exposici\u00f3n que celebra su conexi\u00f3n con M\u00e9xico.\",\"breadcrumb\":{\"@id\":\"https:\/\/soclose.mx\/blog\/tag\/juan-rulfo-frases-mujeres\/#breadcrumb\"},\"inLanguage\":\"es\",\"potentialAction\":[{\"@type\":\"ReadAction\",\"target\":[\"https:\/\/soclose.mx\/blog\/tag\/juan-rulfo-frases-mujeres\/\"]}]},{\"@type\":\"ImageObject\",\"inLanguage\":\"es\",\"@id\":\"https:\/\/soclose.mx\/blog\/tag\/juan-rulfo-frases-mujeres\/#primaryimage\",\"url\":\"https:\/\/i0.wp.com\/soclose.mx\/blog\/wp-content\/uploads\/2025\/03\/Shakira-en-Mexico.jpg?fit=1920%2C1080&ssl=1\",\"contentUrl\":\"https:\/\/i0.wp.com\/soclose.mx\/blog\/wp-content\/uploads\/2025\/03\/Shakira-en-Mexico.jpg?fit=1920%2C1080&ssl=1\",\"width\":1920,\"height\":1080,\"caption\":\"Shakira en M\u00e9xico\"},{\"@type\":\"BreadcrumbList\",\"@id\":\"https:\/\/soclose.mx\/blog\/tag\/juan-rulfo-frases-mujeres\/#breadcrumb\",\"itemListElement\":[{\"@type\":\"ListItem\",\"position\":1,\"name\":\"Inicio\",\"item\":\"https:\/\/soclose.mx\/blog\/\"},{\"@type\":\"ListItem\",\"position\":2,\"name\":\"&#8220;Shakira: Estoy Aqu\u00ed Experience&#8221;, Una Experiencia \u00danica para Fans\"}]},{\"@type\":\"WebSite\",\"@id\":\"https:\/\/soclose.mx\/blog\/#website\",\"url\":\"https:\/\/soclose.mx\/blog\/\",\"name\":\"So Close\",\"description\":\"Hacemos contenidos de M\u00e9xico\",\"publisher\":{\"@id\":\"https:\/\/soclose.mx\/blog\/#organization\"},\"potentialAction\":[{\"@type\":\"SearchAction\",\"target\":{\"@type\":\"EntryPoint\",\"urlTemplate\":\"https:\/\/soclose.mx\/blog\/?s={search_term_string}\"},\"query-input\":{\"@type\":\"PropertyValueSpecification\",\"valueRequired\":true,\"valueName\":\"search_term_string\"}}],\"inLanguage\":\"es\"},{\"@type\":\"Organization\",\"@id\":\"https:\/\/soclose.mx\/blog\/#organization\",\"name\":\"So Close\",\"url\":\"https:\/\/soclose.mx\/blog\/\",\"logo\":{\"@type\":\"ImageObject\",\"inLanguage\":\"es\",\"@id\":\"https:\/\/soclose.mx\/blog\/#\/schema\/logo\/image\/\",\"url\":\"https:\/\/i0.wp.com\/soclose.mx\/blog\/wp-content\/uploads\/2020\/12\/LOGO_SOCLOSE_COLOR-e1608310133507.png?fit=2858%2C1264&ssl=1\",\"contentUrl\":\"https:\/\/i0.wp.com\/soclose.mx\/blog\/wp-content\/uploads\/2020\/12\/LOGO_SOCLOSE_COLOR-e1608310133507.png?fit=2858%2C1264&ssl=1\",\"width\":2858,\"height\":1264,\"caption\":\"So Close\"},\"image\":{\"@id\":\"https:\/\/soclose.mx\/blog\/#\/schema\/logo\/image\/\"}},{\"@type\":\"Person\",\"@id\":\"https:\/\/soclose.mx\/blog\/#\/schema\/person\/723eb117ab965b55c3e56b5d29751667\",\"name\":\"So Close\",\"image\":{\"@type\":\"ImageObject\",\"inLanguage\":\"es\",\"@id\":\"https:\/\/soclose.mx\/blog\/#\/schema\/person\/image\/\",\"url\":\"https:\/\/secure.gravatar.com\/avatar\/5a1d1d694eaf6d2c28f450f0984cbb34821b92dc49c1d088c0250fbc6a48efec?s=96&d=mm&r=g\",\"contentUrl\":\"https:\/\/secure.gravatar.com\/avatar\/5a1d1d694eaf6d2c28f450f0984cbb34821b92dc49c1d088c0250fbc6a48efec?s=96&d=mm&r=g\",\"caption\":\"So Close\"},\"sameAs\":[\"http:\/\/www.soclose.mx\",\"https:\/\/www.youtube.com\/@soclosemx\"],\"url\":\"https:\/\/soclose.mx\/blog\/author\/admin\/\"}]}<\/script>\n<!-- \/ Yoast SEO plugin. -->","yoast_head_json":{"title":"\"Shakira: Estoy Aqu\u00ed Experience\", Una Experiencia \u00danica para Fans - So Close","description":"Shakira lleg\u00f3 a la CDMX con una iniciativa emocionante: \"Shakira: Estoy Aqu\u00ed Experience\", una exposici\u00f3n que celebra su conexi\u00f3n con M\u00e9xico.","robots":{"index":"index","follow":"follow","max-snippet":"max-snippet:-1","max-image-preview":"max-image-preview:large","max-video-preview":"max-video-preview:-1"},"canonical":"https:\/\/soclose.mx\/blog\/tag\/juan-rulfo-frases-mujeres\/","og_locale":"es_MX","og_type":"article","og_title":"\"Shakira: Estoy Aqu\u00ed Experience\", Una Experiencia \u00danica para Fans - So Close","og_description":"Shakira lleg\u00f3 a la CDMX con una iniciativa emocionante: \"Shakira: Estoy Aqu\u00ed Experience\", una exposici\u00f3n que celebra su conexi\u00f3n con M\u00e9xico.","og_url":"https:\/\/soclose.mx\/blog\/tag\/juan-rulfo-frases-mujeres\/","og_site_name":"So Close","article_published_time":"2025-03-22T00:07:40+00:00","og_image":[{"width":1920,"height":1080,"url":"https:\/\/i0.wp.com\/soclose.mx\/blog\/wp-content\/uploads\/2025\/03\/Shakira-en-Mexico.jpg?fit=1920%2C1080&ssl=1","type":"image\/jpeg"}],"author":"So Close","twitter_card":"summary_large_image","twitter_misc":{"Escrito por":"So Close","Tiempo de lectura":"3 minutos"},"schema":{"@context":"https:\/\/schema.org","@graph":[{"@type":"Article","@id":"https:\/\/soclose.mx\/blog\/tag\/juan-rulfo-frases-mujeres\/#article","isPartOf":{"@id":"https:\/\/soclose.mx\/blog\/tag\/juan-rulfo-frases-mujeres\/"},"author":{"name":"So Close","@id":"https:\/\/soclose.mx\/blog\/#\/schema\/person\/723eb117ab965b55c3e56b5d29751667"},"headline":"&#8220;Shakira: Estoy Aqu\u00ed Experience&#8221;, Una Experiencia \u00danica para Fans","datePublished":"2025-03-22T00:07:40+00:00","mainEntityOfPage":{"@id":"https:\/\/soclose.mx\/blog\/tag\/juan-rulfo-frases-mujeres\/"},"wordCount":515,"commentCount":0,"publisher":{"@id":"https:\/\/soclose.mx\/blog\/#organization"},"image":{"@id":"https:\/\/soclose.mx\/blog\/tag\/juan-rulfo-frases-mujeres\/#primaryimage"},"thumbnailUrl":"https:\/\/i0.wp.com\/soclose.mx\/blog\/wp-content\/uploads\/2025\/03\/Shakira-en-Mexico.jpg?fit=1920%2C1080&ssl=1","keywords":["ciudad de mexico","colonia roma","conciertos en M\u00e9xico","Estoy Aqu\u00ed Experience","Eventos culturales en CDMX","Experiencia inmersiva","Exposici\u00f3n gratuita","Frontera 88","Gira Las Mujeres Ya No Lloran","Libretas personales de Shakira","Museo de Shakira","Pop Up Store","Shakira"],"articleSection":["News feed"],"inLanguage":"es","potentialAction":[{"@type":"CommentAction","name":"Comment","target":["https:\/\/soclose.mx\/blog\/tag\/juan-rulfo-frases-mujeres\/#respond"]}]},{"@type":"WebPage","@id":"https:\/\/soclose.mx\/blog\/tag\/juan-rulfo-frases-mujeres\/","url":"https:\/\/soclose.mx\/blog\/tag\/juan-rulfo-frases-mujeres\/","name":"\"Shakira: Estoy Aqu\u00ed Experience\", Una Experiencia \u00danica para Fans - So Close","isPartOf":{"@id":"https:\/\/soclose.mx\/blog\/#website"},"primaryImageOfPage":{"@id":"https:\/\/soclose.mx\/blog\/tag\/juan-rulfo-frases-mujeres\/#primaryimage"},"image":{"@id":"https:\/\/soclose.mx\/blog\/tag\/juan-rulfo-frases-mujeres\/#primaryimage"},"thumbnailUrl":"https:\/\/i0.wp.com\/soclose.mx\/blog\/wp-content\/uploads\/2025\/03\/Shakira-en-Mexico.jpg?fit=1920%2C1080&ssl=1","datePublished":"2025-03-22T00:07:40+00:00","description":"Shakira lleg\u00f3 a la CDMX con una iniciativa emocionante: \"Shakira: Estoy Aqu\u00ed Experience\", una exposici\u00f3n que celebra su conexi\u00f3n con M\u00e9xico.","breadcrumb":{"@id":"https:\/\/soclose.mx\/blog\/tag\/juan-rulfo-frases-mujeres\/#breadcrumb"},"inLanguage":"es","potentialAction":[{"@type":"ReadAction","target":["https:\/\/soclose.mx\/blog\/tag\/juan-rulfo-frases-mujeres\/"]}]},{"@type":"ImageObject","inLanguage":"es","@id":"https:\/\/soclose.mx\/blog\/tag\/juan-rulfo-frases-mujeres\/#primaryimage","url":"https:\/\/i0.wp.com\/soclose.mx\/blog\/wp-content\/uploads\/2025\/03\/Shakira-en-Mexico.jpg?fit=1920%2C1080&ssl=1","contentUrl":"https:\/\/i0.wp.com\/soclose.mx\/blog\/wp-content\/uploads\/2025\/03\/Shakira-en-Mexico.jpg?fit=1920%2C1080&ssl=1","width":1920,"height":1080,"caption":"Shakira en M\u00e9xico"},{"@type":"BreadcrumbList","@id":"https:\/\/soclose.mx\/blog\/tag\/juan-rulfo-frases-mujeres\/#breadcrumb","itemListElement":[{"@type":"ListItem","position":1,"name":"Inicio","item":"https:\/\/soclose.mx\/blog\/"},{"@type":"ListItem","position":2,"name":"&#8220;Shakira: Estoy Aqu\u00ed Experience&#8221;, Una Experiencia \u00danica para Fans"}]},{"@type":"WebSite","@id":"https:\/\/soclose.mx\/blog\/#website","url":"https:\/\/soclose.mx\/blog\/","name":"So Close","description":"Hacemos contenidos de M\u00e9xico","publisher":{"@id":"https:\/\/soclose.mx\/blog\/#organization"},"potentialAction":[{"@type":"SearchAction","target":{"@type":"EntryPoint","urlTemplate":"https:\/\/soclose.mx\/blog\/?s={search_term_string}"},"query-input":{"@type":"PropertyValueSpecification","valueRequired":true,"valueName":"search_term_string"}}],"inLanguage":"es"},{"@type":"Organization","@id":"https:\/\/soclose.mx\/blog\/#organization","name":"So Close","url":"https:\/\/soclose.mx\/blog\/","logo":{"@type":"ImageObject","inLanguage":"es","@id":"https:\/\/soclose.mx\/blog\/#\/schema\/logo\/image\/","url":"https:\/\/i0.wp.com\/soclose.mx\/blog\/wp-content\/uploads\/2020\/12\/LOGO_SOCLOSE_COLOR-e1608310133507.png?fit=2858%2C1264&ssl=1","contentUrl":"https:\/\/i0.wp.com\/soclose.mx\/blog\/wp-content\/uploads\/2020\/12\/LOGO_SOCLOSE_COLOR-e1608310133507.png?fit=2858%2C1264&ssl=1","width":2858,"height":1264,"caption":"So Close"},"image":{"@id":"https:\/\/soclose.mx\/blog\/#\/schema\/logo\/image\/"}},{"@type":"Person","@id":"https:\/\/soclose.mx\/blog\/#\/schema\/person\/723eb117ab965b55c3e56b5d29751667","name":"So Close","image":{"@type":"ImageObject","inLanguage":"es","@id":"https:\/\/soclose.mx\/blog\/#\/schema\/person\/image\/","url":"https:\/\/secure.gravatar.com\/avatar\/5a1d1d694eaf6d2c28f450f0984cbb34821b92dc49c1d088c0250fbc6a48efec?s=96&d=mm&r=g","contentUrl":"https:\/\/secure.gravatar.com\/avatar\/5a1d1d694eaf6d2c28f450f0984cbb34821b92dc49c1d088c0250fbc6a48efec?s=96&d=mm&r=g","caption":"So Close"},"sameAs":["http:\/\/www.soclose.mx","https:\/\/www.youtube.com\/@soclosemx"],"url":"https:\/\/soclose.mx\/blog\/author\/admin\/"}]}},"jetpack_featured_media_url":"https:\/\/i0.wp.com\/soclose.mx\/blog\/wp-content\/uploads\/2025\/03\/Shakira-en-Mexico.jpg?fit=1920%2C1080&ssl=1","jetpack-related-posts":[{"id":14582,"url":"https:\/\/soclose.mx\/blog\/news-feed\/calendario-de-conciertos-en-la-cdmx-2025\/","url_meta":{"origin":14757,"position":0},"title":"Calendario de conciertos en la CDMX 2025","author":"So Close","date":"1 enero, 2025","format":false,"excerpt":"La Ciudad de M\u00e9xico se prepara para un emocionante a\u00f1o musical en 2025, en este calendario de conciertos en la CDMX 2025 encontrar\u00e1s desde las presentaciones pop hasta rock y festivales; los amantes de la m\u00fasica tendr\u00e1n muchas oportunidades para disfrutar de sus artistas favoritos. A continuaci\u00f3n, se presenta un\u2026","rel":"","context":"En &quot;Lugares&quot;","block_context":{"text":"Lugares","link":"https:\/\/soclose.mx\/blog\/category\/lugares\/"},"img":{"alt_text":"Auditorio Nacional en la CDMX","src":"https:\/\/i0.wp.com\/soclose.mx\/blog\/wp-content\/uploads\/2024\/12\/Auditorio-Nacional-en-la-CDMX.jpg?fit=1200%2C675&ssl=1&resize=350%2C200","width":350,"height":200,"srcset":"https:\/\/i0.wp.com\/soclose.mx\/blog\/wp-content\/uploads\/2024\/12\/Auditorio-Nacional-en-la-CDMX.jpg?fit=1200%2C675&ssl=1&resize=350%2C200 1x, https:\/\/i0.wp.com\/soclose.mx\/blog\/wp-content\/uploads\/2024\/12\/Auditorio-Nacional-en-la-CDMX.jpg?fit=1200%2C675&ssl=1&resize=525%2C300 1.5x, https:\/\/i0.wp.com\/soclose.mx\/blog\/wp-content\/uploads\/2024\/12\/Auditorio-Nacional-en-la-CDMX.jpg?fit=1200%2C675&ssl=1&resize=700%2C400 2x, https:\/\/i0.wp.com\/soclose.mx\/blog\/wp-content\/uploads\/2024\/12\/Auditorio-Nacional-en-la-CDMX.jpg?fit=1200%2C675&ssl=1&resize=1050%2C600 3x"},"classes":[]},{"id":9708,"url":"https:\/\/soclose.mx\/blog\/news-feed\/de-italia-a-mexico-conoce-la-replica-de-capilla-sixtina-de-miguel-angel\/","url_meta":{"origin":14757,"position":1},"title":"De Italia a M\u00e9xico: conoce la r\u00e9plica de Capilla Sixtina de Miguel \u00c1ngel","author":"Daniel Ram\u00edrez","date":"3 mayo, 2022","format":false,"excerpt":"Desde el 19 de abril y hasta el 19 de mayo, la r\u00e9plica de la Capilla Sixtina, cuya sede original se encuentra en Roma, Italia, y fue pintada por el artista Miguel \u00c1ngel, ser\u00e1 exhibida en el Z\u00f3calo de la Ciudad de M\u00e9xico y podr\u00e1s visitarla. Ser\u00e1 la segunda ocasi\u00f3n\u2026","rel":"","context":"En &quot;News feed&quot;","block_context":{"text":"News feed","link":"https:\/\/soclose.mx\/blog\/category\/news-feed\/"},"img":{"alt_text":"","src":"https:\/\/i0.wp.com\/soclose.mx\/blog\/wp-content\/uploads\/2022\/05\/calvin-craig-y8b001e2bs0-unsplash-scaled.jpg?fit=1200%2C960&ssl=1&resize=350%2C200","width":350,"height":200,"srcset":"https:\/\/i0.wp.com\/soclose.mx\/blog\/wp-content\/uploads\/2022\/05\/calvin-craig-y8b001e2bs0-unsplash-scaled.jpg?fit=1200%2C960&ssl=1&resize=350%2C200 1x, https:\/\/i0.wp.com\/soclose.mx\/blog\/wp-content\/uploads\/2022\/05\/calvin-craig-y8b001e2bs0-unsplash-scaled.jpg?fit=1200%2C960&ssl=1&resize=525%2C300 1.5x, https:\/\/i0.wp.com\/soclose.mx\/blog\/wp-content\/uploads\/2022\/05\/calvin-craig-y8b001e2bs0-unsplash-scaled.jpg?fit=1200%2C960&ssl=1&resize=700%2C400 2x, https:\/\/i0.wp.com\/soclose.mx\/blog\/wp-content\/uploads\/2022\/05\/calvin-craig-y8b001e2bs0-unsplash-scaled.jpg?fit=1200%2C960&ssl=1&resize=1050%2C600 3x"},"classes":[]},{"id":14927,"url":"https:\/\/soclose.mx\/blog\/news-feed\/10-puntos-que-debes-saber-sobre-el-regreso-de-la-nfl-a-la-cdmx\/","url_meta":{"origin":14757,"position":2},"title":"10 puntos que debes saber sobre el regreso de la NFL a la CDMX\u2028","author":"So Close","date":"6 octubre, 2025","format":false,"excerpt":"\u00a1\u00c1jale! La NFL regresa a la CDMX en 2026, despu\u00e9s de una pausa de cuatro a\u00f1os debido a las remodelaciones en el Estadio Azteca para la Copa Mundial de la FIFA 2026. Este evento es una gran noticia para los fan\u00e1ticos mexicanos del f\u00fatbol americano. Aqu\u00ed te presentamos: 10 puntos\u2026","rel":"","context":"En &quot;News feed&quot;","block_context":{"text":"News feed","link":"https:\/\/soclose.mx\/blog\/category\/news-feed\/"},"img":{"alt_text":"Bal\u00f3n de la NFL","src":"https:\/\/i0.wp.com\/soclose.mx\/blog\/wp-content\/uploads\/2025\/10\/Balon-de-la-NFL.jpg?fit=1200%2C675&ssl=1&resize=350%2C200","width":350,"height":200,"srcset":"https:\/\/i0.wp.com\/soclose.mx\/blog\/wp-content\/uploads\/2025\/10\/Balon-de-la-NFL.jpg?fit=1200%2C675&ssl=1&resize=350%2C200 1x, https:\/\/i0.wp.com\/soclose.mx\/blog\/wp-content\/uploads\/2025\/10\/Balon-de-la-NFL.jpg?fit=1200%2C675&ssl=1&resize=525%2C300 1.5x, https:\/\/i0.wp.com\/soclose.mx\/blog\/wp-content\/uploads\/2025\/10\/Balon-de-la-NFL.jpg?fit=1200%2C675&ssl=1&resize=700%2C400 2x, https:\/\/i0.wp.com\/soclose.mx\/blog\/wp-content\/uploads\/2025\/10\/Balon-de-la-NFL.jpg?fit=1200%2C675&ssl=1&resize=1050%2C600 3x"},"classes":[]},{"id":10673,"url":"https:\/\/soclose.mx\/blog\/para-todos\/llega-harry-potter-a-la-ciudad-de-mexico\/","url_meta":{"origin":14757,"position":3},"title":"\u00a1Llega Harry Potter a la Ciudad de M\u00e9xico!","author":"Daniel Ram\u00edrez","date":"21 julio, 2022","format":false,"excerpt":"\u00bfYa tienes planes para este domingo 24 de julio? Si no y eres fan de Harry Potter, date una vuelta por F\u00f3rum Buenavista porque te llevar\u00e1s una sorpresa. En este lugar ubicado en Eje 1 Norte 259, Buenavista, en la Ciudad de M\u00e9xico, se presentar\u00e1 una experiencia m\u00e1gica sobre la\u2026","rel":"","context":"En &quot;Para todos&quot;","block_context":{"text":"Para todos","link":"https:\/\/soclose.mx\/blog\/category\/para-todos\/"},"img":{"alt_text":"","src":"https:\/\/i0.wp.com\/soclose.mx\/blog\/wp-content\/uploads\/2022\/07\/pexels-dzenina-lukac-1005012-scaled.jpg?fit=1200%2C800&ssl=1&resize=350%2C200","width":350,"height":200,"srcset":"https:\/\/i0.wp.com\/soclose.mx\/blog\/wp-content\/uploads\/2022\/07\/pexels-dzenina-lukac-1005012-scaled.jpg?fit=1200%2C800&ssl=1&resize=350%2C200 1x, https:\/\/i0.wp.com\/soclose.mx\/blog\/wp-content\/uploads\/2022\/07\/pexels-dzenina-lukac-1005012-scaled.jpg?fit=1200%2C800&ssl=1&resize=525%2C300 1.5x, https:\/\/i0.wp.com\/soclose.mx\/blog\/wp-content\/uploads\/2022\/07\/pexels-dzenina-lukac-1005012-scaled.jpg?fit=1200%2C800&ssl=1&resize=700%2C400 2x, https:\/\/i0.wp.com\/soclose.mx\/blog\/wp-content\/uploads\/2022\/07\/pexels-dzenina-lukac-1005012-scaled.jpg?fit=1200%2C800&ssl=1&resize=1050%2C600 3x"},"classes":[]},{"id":10319,"url":"https:\/\/soclose.mx\/blog\/news-feed\/trayectos-relatos-de-mujeres-en-el-camino-exposicion-dedicada-a-mujeres-migrantes-en-la-cdmx\/","url_meta":{"origin":14757,"position":4},"title":"&#8220;Trayectos: Relatos de mujeres en el camino\u201d, exposici\u00f3n dedicada a mujeres migrantes en la CDMX","author":"Daniel Ram\u00edrez","date":"22 junio, 2022","format":false,"excerpt":"Las dif\u00edciles y dolorosas situaci\u00f3n que viven los migrantes al tratar de cruzar las fronteras, es un tema al que no se le ha dado la importancia que requiere y m\u00e1s cuando se trata de mujeres. Con la firme intenci\u00f3n de ayudar y darles voz, la organizaci\u00f3n M\u00e9dicos Sin Fronteras\u2026","rel":"","context":"En &quot;News feed&quot;","block_context":{"text":"News feed","link":"https:\/\/soclose.mx\/blog\/category\/news-feed\/"},"img":{"alt_text":"","src":"https:\/\/i0.wp.com\/soclose.mx\/blog\/wp-content\/uploads\/2022\/06\/pexels-marcelo-renda-4213026-scaled.jpg?fit=1200%2C800&ssl=1&resize=350%2C200","width":350,"height":200,"srcset":"https:\/\/i0.wp.com\/soclose.mx\/blog\/wp-content\/uploads\/2022\/06\/pexels-marcelo-renda-4213026-scaled.jpg?fit=1200%2C800&ssl=1&resize=350%2C200 1x, https:\/\/i0.wp.com\/soclose.mx\/blog\/wp-content\/uploads\/2022\/06\/pexels-marcelo-renda-4213026-scaled.jpg?fit=1200%2C800&ssl=1&resize=525%2C300 1.5x, https:\/\/i0.wp.com\/soclose.mx\/blog\/wp-content\/uploads\/2022\/06\/pexels-marcelo-renda-4213026-scaled.jpg?fit=1200%2C800&ssl=1&resize=700%2C400 2x, https:\/\/i0.wp.com\/soclose.mx\/blog\/wp-content\/uploads\/2022\/06\/pexels-marcelo-renda-4213026-scaled.jpg?fit=1200%2C800&ssl=1&resize=1050%2C600 3x"},"classes":[]},{"id":9640,"url":"https:\/\/soclose.mx\/blog\/news-feed\/batimovil-en-cdmx\/","url_meta":{"origin":14757,"position":5},"title":"L\u00e1nzate a conocer el batim\u00f3vil en la CDMX","author":"Miguel Angel Romero","date":"14 abril, 2022","format":false,"excerpt":"El\u00a0Batim\u00f3vil\u00a0de\u00a0la pel\u00edcula\u00a0The Batman, protagonizada por\u00a0Robert Pattinson, estar\u00e1 de visita en la\u00a0Colonia Roma Norte\u00a0de la\u00a0Ciudad de M\u00e9xico\u00a0durante ocho d\u00edas seguidos. De esta forma, los aficionados tendr\u00e1n la oportunidad de conocer el veh\u00edculo representativo del\u00a0caballero oscuro,\u00a0en la Calle Frontera #88 de la Roma Norte en la Alcald\u00eda Cuauht\u00e9moc del 14 al 26\u2026","rel":"","context":"En &quot;News feed&quot;","block_context":{"text":"News feed","link":"https:\/\/soclose.mx\/blog\/category\/news-feed\/"},"img":{"alt_text":"","src":"https:\/\/i0.wp.com\/soclose.mx\/blog\/wp-content\/uploads\/2022\/04\/Copia-de-Principal-So-Close-blog-4-2.png?fit=1200%2C677&ssl=1&resize=350%2C200","width":350,"height":200,"srcset":"https:\/\/i0.wp.com\/soclose.mx\/blog\/wp-content\/uploads\/2022\/04\/Copia-de-Principal-So-Close-blog-4-2.png?fit=1200%2C677&ssl=1&resize=350%2C200 1x, https:\/\/i0.wp.com\/soclose.mx\/blog\/wp-content\/uploads\/2022\/04\/Copia-de-Principal-So-Close-blog-4-2.png?fit=1200%2C677&ssl=1&resize=525%2C300 1.5x, https:\/\/i0.wp.com\/soclose.mx\/blog\/wp-content\/uploads\/2022\/04\/Copia-de-Principal-So-Close-blog-4-2.png?fit=1200%2C677&ssl=1&resize=700%2C400 2x, https:\/\/i0.wp.com\/soclose.mx\/blog\/wp-content\/uploads\/2022\/04\/Copia-de-Principal-So-Close-blog-4-2.png?fit=1200%2C677&ssl=1&resize=1050%2C600 3x"},"classes":[]}],"jetpack_sharing_enabled":true,"_links":{"self":[{"href":"https:\/\/soclose.mx\/blog\/wp-json\/wp\/v2\/posts\/14757","targetHints":{"allow":["GET"]}}],"collection":[{"href":"https:\/\/soclose.mx\/blog\/wp-json\/wp\/v2\/posts"}],"about":[{"href":"https:\/\/soclose.mx\/blog\/wp-json\/wp\/v2\/types\/post"}],"author":[{"embeddable":true,"href":"https:\/\/soclose.mx\/blog\/wp-json\/wp\/v2\/users\/1"}],"replies":[{"embeddable":true,"href":"https:\/\/soclose.mx\/blog\/wp-json\/wp\/v2\/comments?post=14757"}],"version-history":[{"count":0,"href":"https:\/\/soclose.mx\/blog\/wp-json\/wp\/v2\/posts\/14757\/revisions"}],"wp:featuredmedia":[{"embeddable":true,"href":"https:\/\/soclose.mx\/blog\/wp-json\/wp\/v2\/media\/14758"}],"wp:attachment":[{"href":"https:\/\/soclose.mx\/blog\/wp-json\/wp\/v2\/media?parent=14757"}],"wp:term":[{"taxonomy":"category","embeddable":true,"href":"https:\/\/soclose.mx\/blog\/wp-json\/wp\/v2\/categories?post=14757"},{"taxonomy":"post_tag","embeddable":true,"href":"https:\/\/soclose.mx\/blog\/wp-json\/wp\/v2\/tags?post=14757"}],"curies":[{"name":"wp","href":"https:\/\/api.w.org\/{rel}","templated":true}]}}