{"id":14759,"date":"2025-03-24T18:18:06","date_gmt":"2025-03-25T00:18:06","guid":{"rendered":"https:\/\/soclose.mx\/blog\/?p=14759"},"modified":"2025-03-24T18:18:06","modified_gmt":"2025-03-25T00:18:06","slug":"raul-jimenez-el-lobo-de-tepeji-que-convirtio-los-retos-en-gloria","status":"publish","type":"post","link":"https:\/\/soclose.mx\/blog\/ay-goeeee\/raul-jimenez-el-lobo-de-tepeji-que-convirtio-los-retos-en-gloria\/","title":{"rendered":"Ra\u00fal Jim\u00e9nez: El &#8220;Lobo de Tepej\u00ed&#8221; que convirti\u00f3 los retos en gloria\u2028"},"content":{"rendered":"<p class=\"p1\">En el f\u00fatbol mexicano, <b>Ra\u00fal Jim\u00e9nez: El &#8220;Lobo de Tepej\u00ed&#8221;<\/b>\u00a0no es solo un delantero: es un <b>s\u00edmbolo de resiliencia<\/b>. Con una carrera marcada por <b>lesiones graves<\/b>, <b>adaptaciones en Europa<\/b> y <b>presiones hist\u00f3ricas<\/b>, ha demostrado que el <b>coraje<\/b> y la <b>determinaci\u00f3n<\/b> pueden superar cualquier obst\u00e1culo.<\/p>\n<h2 class=\"p3\">Ra\u00fal Jim\u00e9nez: El &#8220;Lobo de Tepej\u00ed&#8221; | Retos que forjaron su leyenda<\/h2>\n<p class=\"p3\"><b>1. La fractura de cr\u00e1neo que puso en riesgo su carrera<\/b><\/p>\n<p class=\"p1\">En <b>noviembre de 2020<\/b>, un choque con <b>David Luiz<\/b> durante un partido con el Wolverhampton Wanderers lo llev\u00f3 a una <b>cirug\u00eda de emergencia<\/b> por fractura craneal. La lesi\u00f3n, considerada la <b>m\u00e1s grave de su vida<\/b>, lo alej\u00f3 de las canchas por <b>ocho meses<\/b> y lo oblig\u00f3 a usar <b>bandas de protecci\u00f3n<\/b> incluso a\u00f1os despu\u00e9s. Sin embargo, Jim\u00e9nez no se rindi\u00f3: <b>&#8220;La primera vez que me dijeron que me dar\u00edan balones para cabecear, fui con miedo&#8230; pero al ver que no pasaba nada, ya fue normal&#8221;<\/b>.<\/p>\n<p class=\"p3\"><b>2. La adaptaci\u00f3n en Europa: de fracaso al \u00e9xito<\/b><\/p>\n<p class=\"p1\">Tras su salida del <b>Am\u00e9rica<\/b> en 2014, el <b>Atl\u00e9tico de Madrid<\/b> lo fich\u00f3 por <b>10.5 millones de euros<\/b>, pero solo anot\u00f3 <b>1 gol en 28 partidos<\/b>. La decepci\u00f3n lo llev\u00f3 al <b>Benfica<\/b>, donde <b>reinvent\u00f3 su juego<\/b> y se convirti\u00f3 en titular, ganando <b>ligas y copas<\/b>. Su <b>perseverancia<\/b> lo transform\u00f3 en un <b>referente en Portugal<\/b>.<\/p>\n<p class=\"p3\"><b>3. Presi\u00f3n hist\u00f3rica en la <a href=\"https:\/\/soclose.mx\/blog\/a-la-mexicana\/futbolistas-mexicanos-que-triunfaron-en-el-extranjero\/\" target=\"_blank\" rel=\"noopener\">selecci\u00f3n mexicana<\/a><\/b><\/p>\n<p class=\"p1\">En <b>2025<\/b>, con <b>39 goles<\/b>, super\u00f3 a <b>Cuauht\u00e9moc Blanco<\/b> y se consolid\u00f3 como <b>tercer m\u00e1ximo <a href=\"https:\/\/x.com\/miseleccionmx\" target=\"_blank\" rel=\"noopener\">goleador del Tri<\/a><\/b>, solo detr\u00e1s de <b>Chicharito<\/b> (52) y <b>Borgetti<\/b> (46). Su <b>doblete en la Nations League<\/b> ante Canad\u00e1 y su gol en la final contra Panam\u00e1 demostraron que <b>&#8220;la confianza siempre ha estado ah\u00ed&#8221;<\/b>.<\/p>\n<p class=\"p3\"><b>Fortalezas que lo hacen inolvidable<\/b><\/p>\n<p class=\"p3\"><b>Cualidades que lo definen<\/b><\/p>\n<ul class=\"ul1\">\n<li class=\"li1\"><b>Resiliencia f\u00edsica y mental<\/b>: Tras la lesi\u00f3n cerebral, <b>regres\u00f3 a ocupar el primer poste<\/b> en el \u00e1rea, zona del accidente, como acto de <b>superaci\u00f3n<\/b>.<\/li>\n<li class=\"li1\"><b>Liderazgo en el campo<\/b>: Su <b>movilidad sin bal\u00f3n<\/b> y <b>eficacia en remates de cabeza<\/b> lo convirtieron en un <b>motor t\u00e1ctico<\/b> para el Fulham y el Tri.<\/li>\n<li class=\"li1\"><b>Identidad cultural<\/b>: Su <b>origen hidalguense<\/b> y <b>apodo &#8220;Lobo de Tepej\u00ed&#8221;<\/b> reflejan su <b>ra\u00edces<\/b> y <b>agresividad<\/b> en el juego.<\/li>\n<\/ul>\n<p class=\"p3\"><b>N\u00fameros que hablan por s\u00ed solos<\/b><\/p>\n<table class=\"t1\" cellspacing=\"0\" cellpadding=\"0\">\n<tbody>\n<tr>\n<td class=\"td1\" valign=\"top\">\n<p class=\"p4\"><b>Logro<\/b><\/p>\n<\/td>\n<td class=\"td1\" valign=\"top\">\n<p class=\"p4\"><b>Detalle<\/b><\/p>\n<\/td>\n<\/tr>\n<tr>\n<td class=\"td1\" valign=\"top\">\n<p class=\"p1\"><b>Goles con el Tri<\/b><\/p>\n<\/td>\n<td class=\"td1\" valign=\"top\">\n<p class=\"p1\"><b>39 goles<\/b> (tercer m\u00e1ximo goleador hist\u00f3rico)<a href=\"https:\/\/espndeportes.espn.com\/futbol\/selecciones\/nota\/_\/id\/14951075\/raul-jimenez-goles-seleccion-mexicana-lista-maximos-anotadores\"><span class=\"s1\">3<\/span><\/a>.<\/p>\n<\/td>\n<\/tr>\n<tr>\n<td class=\"td1\" valign=\"top\">\n<p class=\"p1\"><b>Premier League<\/b><\/p>\n<\/td>\n<td class=\"td1\" valign=\"top\">\n<p class=\"p1\"><b>57 goles<\/b> (m\u00e1ximo goleador mexicano en Inglaterra)<a href=\"https:\/\/www.espn.com.mx\/futbol\/inglaterra\/nota\/_\/id\/6914209\/raul-jimenez-wolves-mejores-momentos-carrera-premier-league-lista\"><span class=\"s1\">1<\/span><\/a>.<\/p>\n<\/td>\n<\/tr>\n<tr>\n<td class=\"td1\" valign=\"top\">\n<p class=\"p1\"><b>Benfica<\/b><\/p>\n<\/td>\n<td class=\"td1\" valign=\"top\">\n<p class=\"p1\"><b>31 goles en 120 partidos<\/b> y <b>3 t\u00edtulos de liga<\/b><a href=\"https:\/\/www.espn.com.mx\/futbol\/inglaterra\/nota\/_\/id\/6914209\/raul-jimenez-wolves-mejores-momentos-carrera-premier-league-lista\"><span class=\"s1\">1<\/span><\/a>.<\/p>\n<\/td>\n<\/tr>\n<tr>\n<td class=\"td1\" valign=\"top\">\n<p class=\"p1\"><b>Mundiales<\/b><\/p>\n<\/td>\n<td class=\"td1\" valign=\"top\">\n<p class=\"p1\">Particip\u00f3 en <b>2014, 2018 y 2022<\/b>, siendo clave en la clasificaci\u00f3n<a href=\"https:\/\/www.espn.com.mx\/futbol\/inglaterra\/nota\/_\/id\/6914209\/raul-jimenez-wolves-mejores-momentos-carrera-premier-league-lista\"><span class=\"s1\">1<\/span><\/a><a href=\"https:\/\/espndeportes.espn.com\/futbol\/selecciones\/nota\/_\/id\/14951075\/raul-jimenez-goles-seleccion-mexicana-lista-maximos-anotadores\"><span class=\"s1\">3<\/span><\/a>.<\/p>\n<\/td>\n<\/tr>\n<\/tbody>\n<\/table>\n<p class=\"p3\"><b>Un legado que trasciende el f\u00fatbol<\/b><\/p>\n<p class=\"p1\">Ra\u00fal Jim\u00e9nez no es solo un futbolista: es un <b>s\u00edmbolo de orgullo nacional<\/b>. Su <b>historia de superaci\u00f3n<\/b> \u2014desde su <b>medalla de oro ol\u00edmpica en 2012<\/b> hasta su <b>regreso tras la fractura craneal<\/b>\u2014 inspira a generaciones. Como \u00e9l mismo dijo: <b>&#8220;Es algo que siempre he trabajado&#8230; la confianza siempre ha estado ah\u00ed&#8221;<\/b>.<\/p>\n<p class=\"p1\">En un pa\u00eds donde el f\u00fatbol es <b>pasi\u00f3n y vida<\/b>, Jim\u00e9nez encarna la <b>esencia mexicana<\/b>: <b>coraje<\/b>, <b>humildad<\/b> y <b>determinaci\u00f3n<\/b>. Su apodo, <b>&#8220;Lobo de Tepej\u00ed&#8221;<\/b>, no es casual: es el <b>testigo de un guerrero<\/b> que convirti\u00f3 cada reto en <b>gloria<\/b>.<\/p>\n","protected":false},"excerpt":{"rendered":"<p>En el f\u00fatbol mexicano, Ra\u00fal Jim\u00e9nez: El &#8220;Lobo de Tepej\u00ed&#8221;\u00a0no es solo un delantero: es un s\u00edmbolo de resiliencia. Con una carrera marcada por lesiones graves, adaptaciones en Europa y presiones hist\u00f3ricas, ha demostrado que el coraje y la determinaci\u00f3n pueden superar cualquier obst\u00e1culo. Ra\u00fal Jim\u00e9nez: El &#8220;Lobo de Tepej\u00ed&#8221; | Retos que forjaron su leyenda 1. La fractura de cr\u00e1neo que puso en riesgo su carrera En noviembre de 2020, un choque con David Luiz durante un partido con el Wolverhampton Wanderers lo llev\u00f3 a una cirug\u00eda de emergencia por fractura craneal. La lesi\u00f3n, considerada la m\u00e1s grave de<\/p>\n","protected":false},"author":1,"featured_media":14760,"comment_status":"open","ping_status":"open","sticky":false,"template":"","format":"standard","meta":{"_jetpack_memberships_contains_paid_content":false,"footnotes":""},"categories":[1,3104],"tags":[2536,4345,4344,4342,4346,4267,3456,4343,2188],"class_list":["post-14759","post","type-post","status-publish","format-standard","has-post-thumbnail","hentry","category-ay-goeeee","category-seleccion-mexicana","tag-futbol-mexicano","tag-goles","tag-lesion-craneo","tag-lobo-de-tepeji","tag-maximo-goleador","tag-raul-jimenez","tag-resiliencia","tag-retos-superados","tag-seleccion-mexicana"],"yoast_head":"<!-- This site is optimized with the Yoast SEO plugin v26.7 - https:\/\/yoast.com\/wordpress\/plugins\/seo\/ -->\n<title>Ra\u00fal Jim\u00e9nez: El &quot;Lobo de Tepej\u00ed&quot; que convirti\u00f3 los retos en gloria\u2028 - So Close<\/title>\n<meta name=\"description\" content=\"En el f\u00fatbol mexicano, Ra\u00fal Jim\u00e9nez: El &quot;Lobo de Tepej\u00ed&quot;\u00a0no es solo un delantero: es un s\u00edmbolo de resiliencia.\" \/>\n<meta name=\"robots\" content=\"index, follow, max-snippet:-1, max-image-preview:large, max-video-preview:-1\" \/>\n<link rel=\"canonical\" href=\"https:\/\/soclose.mx\/blog\/tag\/juan-rulfo-frases-mujeres\/\" \/>\n<meta property=\"og:locale\" content=\"es_MX\" \/>\n<meta property=\"og:type\" content=\"article\" \/>\n<meta property=\"og:title\" content=\"Ra\u00fal Jim\u00e9nez: El &quot;Lobo de Tepej\u00ed&quot; que convirti\u00f3 los retos en gloria\u2028 - So Close\" \/>\n<meta property=\"og:description\" content=\"En el f\u00fatbol mexicano, Ra\u00fal Jim\u00e9nez: El &quot;Lobo de Tepej\u00ed&quot;\u00a0no es solo un delantero: es un s\u00edmbolo de resiliencia.\" \/>\n<meta property=\"og:url\" content=\"https:\/\/soclose.mx\/blog\/tag\/juan-rulfo-frases-mujeres\/\" \/>\n<meta property=\"og:site_name\" content=\"So Close\" \/>\n<meta property=\"article:published_time\" content=\"2025-03-25T00:18:06+00:00\" \/>\n<meta property=\"og:image\" content=\"https:\/\/i0.wp.com\/soclose.mx\/blog\/wp-content\/uploads\/2025\/03\/Raul-Jimenez-.jpg?fit=1920%2C1080&ssl=1\" \/>\n\t<meta property=\"og:image:width\" content=\"1920\" \/>\n\t<meta property=\"og:image:height\" content=\"1080\" \/>\n\t<meta property=\"og:image:type\" content=\"image\/jpeg\" \/>\n<meta name=\"author\" content=\"So Close\" \/>\n<meta name=\"twitter:card\" content=\"summary_large_image\" \/>\n<meta name=\"twitter:label1\" content=\"Escrito por\" \/>\n\t<meta name=\"twitter:data1\" content=\"So Close\" \/>\n\t<meta name=\"twitter:label2\" content=\"Tiempo de lectura\" \/>\n\t<meta name=\"twitter:data2\" content=\"3 minutos\" \/>\n<script type=\"application\/ld+json\" class=\"yoast-schema-graph\">{\"@context\":\"https:\/\/schema.org\",\"@graph\":[{\"@type\":\"Article\",\"@id\":\"https:\/\/soclose.mx\/blog\/tag\/juan-rulfo-frases-mujeres\/#article\",\"isPartOf\":{\"@id\":\"https:\/\/soclose.mx\/blog\/tag\/juan-rulfo-frases-mujeres\/\"},\"author\":{\"name\":\"So Close\",\"@id\":\"https:\/\/soclose.mx\/blog\/#\/schema\/person\/723eb117ab965b55c3e56b5d29751667\"},\"headline\":\"Ra\u00fal Jim\u00e9nez: El &#8220;Lobo de Tepej\u00ed&#8221; que convirti\u00f3 los retos en gloria\\u2028\",\"datePublished\":\"2025-03-25T00:18:06+00:00\",\"mainEntityOfPage\":{\"@id\":\"https:\/\/soclose.mx\/blog\/tag\/juan-rulfo-frases-mujeres\/\"},\"wordCount\":539,\"commentCount\":0,\"publisher\":{\"@id\":\"https:\/\/soclose.mx\/blog\/#organization\"},\"image\":{\"@id\":\"https:\/\/soclose.mx\/blog\/tag\/juan-rulfo-frases-mujeres\/#primaryimage\"},\"thumbnailUrl\":\"https:\/\/i0.wp.com\/soclose.mx\/blog\/wp-content\/uploads\/2025\/03\/Raul-Jimenez-.jpg?fit=1920%2C1080&ssl=1\",\"keywords\":[\"futbol mexicano\",\"goles\",\"lesi\u00f3n cr\u00e1neo\",\"Lobo de Tepej\u00ed\",\"m\u00e1ximo goleador.\",\"Ra\u00fal Jim\u00e9nez\",\"resiliencia\",\"retos superados\",\"seleccion mexicana\"],\"articleSection\":[\"\u00a1Ay goeeee!\",\"Selecci\u00f3n mexicana\"],\"inLanguage\":\"es\",\"potentialAction\":[{\"@type\":\"CommentAction\",\"name\":\"Comment\",\"target\":[\"https:\/\/soclose.mx\/blog\/tag\/juan-rulfo-frases-mujeres\/#respond\"]}]},{\"@type\":\"WebPage\",\"@id\":\"https:\/\/soclose.mx\/blog\/tag\/juan-rulfo-frases-mujeres\/\",\"url\":\"https:\/\/soclose.mx\/blog\/tag\/juan-rulfo-frases-mujeres\/\",\"name\":\"Ra\u00fal Jim\u00e9nez: El \\\"Lobo de Tepej\u00ed\\\" que convirti\u00f3 los retos en gloria\\u2028 - So Close\",\"isPartOf\":{\"@id\":\"https:\/\/soclose.mx\/blog\/#website\"},\"primaryImageOfPage\":{\"@id\":\"https:\/\/soclose.mx\/blog\/tag\/juan-rulfo-frases-mujeres\/#primaryimage\"},\"image\":{\"@id\":\"https:\/\/soclose.mx\/blog\/tag\/juan-rulfo-frases-mujeres\/#primaryimage\"},\"thumbnailUrl\":\"https:\/\/i0.wp.com\/soclose.mx\/blog\/wp-content\/uploads\/2025\/03\/Raul-Jimenez-.jpg?fit=1920%2C1080&ssl=1\",\"datePublished\":\"2025-03-25T00:18:06+00:00\",\"description\":\"En el f\u00fatbol mexicano, Ra\u00fal Jim\u00e9nez: El \\\"Lobo de Tepej\u00ed\\\"\u00a0no es solo un delantero: es un s\u00edmbolo de resiliencia.\",\"breadcrumb\":{\"@id\":\"https:\/\/soclose.mx\/blog\/tag\/juan-rulfo-frases-mujeres\/#breadcrumb\"},\"inLanguage\":\"es\",\"potentialAction\":[{\"@type\":\"ReadAction\",\"target\":[\"https:\/\/soclose.mx\/blog\/tag\/juan-rulfo-frases-mujeres\/\"]}]},{\"@type\":\"ImageObject\",\"inLanguage\":\"es\",\"@id\":\"https:\/\/soclose.mx\/blog\/tag\/juan-rulfo-frases-mujeres\/#primaryimage\",\"url\":\"https:\/\/i0.wp.com\/soclose.mx\/blog\/wp-content\/uploads\/2025\/03\/Raul-Jimenez-.jpg?fit=1920%2C1080&ssl=1\",\"contentUrl\":\"https:\/\/i0.wp.com\/soclose.mx\/blog\/wp-content\/uploads\/2025\/03\/Raul-Jimenez-.jpg?fit=1920%2C1080&ssl=1\",\"width\":1920,\"height\":1080,\"caption\":\"Raul Jimenez\"},{\"@type\":\"BreadcrumbList\",\"@id\":\"https:\/\/soclose.mx\/blog\/tag\/juan-rulfo-frases-mujeres\/#breadcrumb\",\"itemListElement\":[{\"@type\":\"ListItem\",\"position\":1,\"name\":\"Inicio\",\"item\":\"https:\/\/soclose.mx\/blog\/\"},{\"@type\":\"ListItem\",\"position\":2,\"name\":\"Ra\u00fal Jim\u00e9nez: El &#8220;Lobo de Tepej\u00ed&#8221; que convirti\u00f3 los retos en gloria\\u2028\"}]},{\"@type\":\"WebSite\",\"@id\":\"https:\/\/soclose.mx\/blog\/#website\",\"url\":\"https:\/\/soclose.mx\/blog\/\",\"name\":\"So Close\",\"description\":\"Hacemos contenidos de M\u00e9xico\",\"publisher\":{\"@id\":\"https:\/\/soclose.mx\/blog\/#organization\"},\"potentialAction\":[{\"@type\":\"SearchAction\",\"target\":{\"@type\":\"EntryPoint\",\"urlTemplate\":\"https:\/\/soclose.mx\/blog\/?s={search_term_string}\"},\"query-input\":{\"@type\":\"PropertyValueSpecification\",\"valueRequired\":true,\"valueName\":\"search_term_string\"}}],\"inLanguage\":\"es\"},{\"@type\":\"Organization\",\"@id\":\"https:\/\/soclose.mx\/blog\/#organization\",\"name\":\"So Close\",\"url\":\"https:\/\/soclose.mx\/blog\/\",\"logo\":{\"@type\":\"ImageObject\",\"inLanguage\":\"es\",\"@id\":\"https:\/\/soclose.mx\/blog\/#\/schema\/logo\/image\/\",\"url\":\"https:\/\/i0.wp.com\/soclose.mx\/blog\/wp-content\/uploads\/2020\/12\/LOGO_SOCLOSE_COLOR-e1608310133507.png?fit=2858%2C1264&ssl=1\",\"contentUrl\":\"https:\/\/i0.wp.com\/soclose.mx\/blog\/wp-content\/uploads\/2020\/12\/LOGO_SOCLOSE_COLOR-e1608310133507.png?fit=2858%2C1264&ssl=1\",\"width\":2858,\"height\":1264,\"caption\":\"So Close\"},\"image\":{\"@id\":\"https:\/\/soclose.mx\/blog\/#\/schema\/logo\/image\/\"}},{\"@type\":\"Person\",\"@id\":\"https:\/\/soclose.mx\/blog\/#\/schema\/person\/723eb117ab965b55c3e56b5d29751667\",\"name\":\"So Close\",\"image\":{\"@type\":\"ImageObject\",\"inLanguage\":\"es\",\"@id\":\"https:\/\/soclose.mx\/blog\/#\/schema\/person\/image\/\",\"url\":\"https:\/\/secure.gravatar.com\/avatar\/5a1d1d694eaf6d2c28f450f0984cbb34821b92dc49c1d088c0250fbc6a48efec?s=96&d=mm&r=g\",\"contentUrl\":\"https:\/\/secure.gravatar.com\/avatar\/5a1d1d694eaf6d2c28f450f0984cbb34821b92dc49c1d088c0250fbc6a48efec?s=96&d=mm&r=g\",\"caption\":\"So Close\"},\"sameAs\":[\"http:\/\/www.soclose.mx\",\"https:\/\/www.youtube.com\/@soclosemx\"],\"url\":\"https:\/\/soclose.mx\/blog\/author\/admin\/\"}]}<\/script>\n<!-- \/ Yoast SEO plugin. -->","yoast_head_json":{"title":"Ra\u00fal Jim\u00e9nez: El \"Lobo de Tepej\u00ed\" que convirti\u00f3 los retos en gloria\u2028 - So Close","description":"En el f\u00fatbol mexicano, Ra\u00fal Jim\u00e9nez: El \"Lobo de Tepej\u00ed\"\u00a0no es solo un delantero: es un s\u00edmbolo de resiliencia.","robots":{"index":"index","follow":"follow","max-snippet":"max-snippet:-1","max-image-preview":"max-image-preview:large","max-video-preview":"max-video-preview:-1"},"canonical":"https:\/\/soclose.mx\/blog\/tag\/juan-rulfo-frases-mujeres\/","og_locale":"es_MX","og_type":"article","og_title":"Ra\u00fal Jim\u00e9nez: El \"Lobo de Tepej\u00ed\" que convirti\u00f3 los retos en gloria\u2028 - So Close","og_description":"En el f\u00fatbol mexicano, Ra\u00fal Jim\u00e9nez: El \"Lobo de Tepej\u00ed\"\u00a0no es solo un delantero: es un s\u00edmbolo de resiliencia.","og_url":"https:\/\/soclose.mx\/blog\/tag\/juan-rulfo-frases-mujeres\/","og_site_name":"So Close","article_published_time":"2025-03-25T00:18:06+00:00","og_image":[{"width":1920,"height":1080,"url":"https:\/\/i0.wp.com\/soclose.mx\/blog\/wp-content\/uploads\/2025\/03\/Raul-Jimenez-.jpg?fit=1920%2C1080&ssl=1","type":"image\/jpeg"}],"author":"So Close","twitter_card":"summary_large_image","twitter_misc":{"Escrito por":"So Close","Tiempo de lectura":"3 minutos"},"schema":{"@context":"https:\/\/schema.org","@graph":[{"@type":"Article","@id":"https:\/\/soclose.mx\/blog\/tag\/juan-rulfo-frases-mujeres\/#article","isPartOf":{"@id":"https:\/\/soclose.mx\/blog\/tag\/juan-rulfo-frases-mujeres\/"},"author":{"name":"So Close","@id":"https:\/\/soclose.mx\/blog\/#\/schema\/person\/723eb117ab965b55c3e56b5d29751667"},"headline":"Ra\u00fal Jim\u00e9nez: El &#8220;Lobo de Tepej\u00ed&#8221; que convirti\u00f3 los retos en gloria\u2028","datePublished":"2025-03-25T00:18:06+00:00","mainEntityOfPage":{"@id":"https:\/\/soclose.mx\/blog\/tag\/juan-rulfo-frases-mujeres\/"},"wordCount":539,"commentCount":0,"publisher":{"@id":"https:\/\/soclose.mx\/blog\/#organization"},"image":{"@id":"https:\/\/soclose.mx\/blog\/tag\/juan-rulfo-frases-mujeres\/#primaryimage"},"thumbnailUrl":"https:\/\/i0.wp.com\/soclose.mx\/blog\/wp-content\/uploads\/2025\/03\/Raul-Jimenez-.jpg?fit=1920%2C1080&ssl=1","keywords":["futbol mexicano","goles","lesi\u00f3n cr\u00e1neo","Lobo de Tepej\u00ed","m\u00e1ximo goleador.","Ra\u00fal Jim\u00e9nez","resiliencia","retos superados","seleccion mexicana"],"articleSection":["\u00a1Ay goeeee!","Selecci\u00f3n mexicana"],"inLanguage":"es","potentialAction":[{"@type":"CommentAction","name":"Comment","target":["https:\/\/soclose.mx\/blog\/tag\/juan-rulfo-frases-mujeres\/#respond"]}]},{"@type":"WebPage","@id":"https:\/\/soclose.mx\/blog\/tag\/juan-rulfo-frases-mujeres\/","url":"https:\/\/soclose.mx\/blog\/tag\/juan-rulfo-frases-mujeres\/","name":"Ra\u00fal Jim\u00e9nez: El \"Lobo de Tepej\u00ed\" que convirti\u00f3 los retos en gloria\u2028 - So Close","isPartOf":{"@id":"https:\/\/soclose.mx\/blog\/#website"},"primaryImageOfPage":{"@id":"https:\/\/soclose.mx\/blog\/tag\/juan-rulfo-frases-mujeres\/#primaryimage"},"image":{"@id":"https:\/\/soclose.mx\/blog\/tag\/juan-rulfo-frases-mujeres\/#primaryimage"},"thumbnailUrl":"https:\/\/i0.wp.com\/soclose.mx\/blog\/wp-content\/uploads\/2025\/03\/Raul-Jimenez-.jpg?fit=1920%2C1080&ssl=1","datePublished":"2025-03-25T00:18:06+00:00","description":"En el f\u00fatbol mexicano, Ra\u00fal Jim\u00e9nez: El \"Lobo de Tepej\u00ed\"\u00a0no es solo un delantero: es un s\u00edmbolo de resiliencia.","breadcrumb":{"@id":"https:\/\/soclose.mx\/blog\/tag\/juan-rulfo-frases-mujeres\/#breadcrumb"},"inLanguage":"es","potentialAction":[{"@type":"ReadAction","target":["https:\/\/soclose.mx\/blog\/tag\/juan-rulfo-frases-mujeres\/"]}]},{"@type":"ImageObject","inLanguage":"es","@id":"https:\/\/soclose.mx\/blog\/tag\/juan-rulfo-frases-mujeres\/#primaryimage","url":"https:\/\/i0.wp.com\/soclose.mx\/blog\/wp-content\/uploads\/2025\/03\/Raul-Jimenez-.jpg?fit=1920%2C1080&ssl=1","contentUrl":"https:\/\/i0.wp.com\/soclose.mx\/blog\/wp-content\/uploads\/2025\/03\/Raul-Jimenez-.jpg?fit=1920%2C1080&ssl=1","width":1920,"height":1080,"caption":"Raul Jimenez"},{"@type":"BreadcrumbList","@id":"https:\/\/soclose.mx\/blog\/tag\/juan-rulfo-frases-mujeres\/#breadcrumb","itemListElement":[{"@type":"ListItem","position":1,"name":"Inicio","item":"https:\/\/soclose.mx\/blog\/"},{"@type":"ListItem","position":2,"name":"Ra\u00fal Jim\u00e9nez: El &#8220;Lobo de Tepej\u00ed&#8221; que convirti\u00f3 los retos en gloria\u2028"}]},{"@type":"WebSite","@id":"https:\/\/soclose.mx\/blog\/#website","url":"https:\/\/soclose.mx\/blog\/","name":"So Close","description":"Hacemos contenidos de M\u00e9xico","publisher":{"@id":"https:\/\/soclose.mx\/blog\/#organization"},"potentialAction":[{"@type":"SearchAction","target":{"@type":"EntryPoint","urlTemplate":"https:\/\/soclose.mx\/blog\/?s={search_term_string}"},"query-input":{"@type":"PropertyValueSpecification","valueRequired":true,"valueName":"search_term_string"}}],"inLanguage":"es"},{"@type":"Organization","@id":"https:\/\/soclose.mx\/blog\/#organization","name":"So Close","url":"https:\/\/soclose.mx\/blog\/","logo":{"@type":"ImageObject","inLanguage":"es","@id":"https:\/\/soclose.mx\/blog\/#\/schema\/logo\/image\/","url":"https:\/\/i0.wp.com\/soclose.mx\/blog\/wp-content\/uploads\/2020\/12\/LOGO_SOCLOSE_COLOR-e1608310133507.png?fit=2858%2C1264&ssl=1","contentUrl":"https:\/\/i0.wp.com\/soclose.mx\/blog\/wp-content\/uploads\/2020\/12\/LOGO_SOCLOSE_COLOR-e1608310133507.png?fit=2858%2C1264&ssl=1","width":2858,"height":1264,"caption":"So Close"},"image":{"@id":"https:\/\/soclose.mx\/blog\/#\/schema\/logo\/image\/"}},{"@type":"Person","@id":"https:\/\/soclose.mx\/blog\/#\/schema\/person\/723eb117ab965b55c3e56b5d29751667","name":"So Close","image":{"@type":"ImageObject","inLanguage":"es","@id":"https:\/\/soclose.mx\/blog\/#\/schema\/person\/image\/","url":"https:\/\/secure.gravatar.com\/avatar\/5a1d1d694eaf6d2c28f450f0984cbb34821b92dc49c1d088c0250fbc6a48efec?s=96&d=mm&r=g","contentUrl":"https:\/\/secure.gravatar.com\/avatar\/5a1d1d694eaf6d2c28f450f0984cbb34821b92dc49c1d088c0250fbc6a48efec?s=96&d=mm&r=g","caption":"So Close"},"sameAs":["http:\/\/www.soclose.mx","https:\/\/www.youtube.com\/@soclosemx"],"url":"https:\/\/soclose.mx\/blog\/author\/admin\/"}]}},"jetpack_featured_media_url":"https:\/\/i0.wp.com\/soclose.mx\/blog\/wp-content\/uploads\/2025\/03\/Raul-Jimenez-.jpg?fit=1920%2C1080&ssl=1","jetpack-related-posts":[{"id":14735,"url":"https:\/\/soclose.mx\/blog\/seleccion-mexicana\/convocados-a-la-seleccion-mexicana-para-la-nations-league\/","url_meta":{"origin":14759,"position":0},"title":"Revelan convocados a la selecci\u00f3n mexicana para la Nations League","author":"So Close","date":"10 marzo, 2025","format":false,"excerpt":"La Selecci\u00f3n Mexicana, dirigida por Javier Aguirre, se prepara para disputar el Final Four de la Concacaf y los convocados a la selecci\u00f3n mexicana para la Nations League ya los dieron a conocer. El objetivo es claro: conquistar el t\u00edtulo que se le ha negado al Tri y reafirmar su\u2026","rel":"","context":"En &quot;News feed&quot;","block_context":{"text":"News feed","link":"https:\/\/soclose.mx\/blog\/category\/news-feed\/"},"img":{"alt_text":"Copa Nations League","src":"https:\/\/i0.wp.com\/soclose.mx\/blog\/wp-content\/uploads\/2025\/03\/Copa-Nations-League.jpg?fit=1200%2C675&ssl=1&resize=350%2C200","width":350,"height":200,"srcset":"https:\/\/i0.wp.com\/soclose.mx\/blog\/wp-content\/uploads\/2025\/03\/Copa-Nations-League.jpg?fit=1200%2C675&ssl=1&resize=350%2C200 1x, https:\/\/i0.wp.com\/soclose.mx\/blog\/wp-content\/uploads\/2025\/03\/Copa-Nations-League.jpg?fit=1200%2C675&ssl=1&resize=525%2C300 1.5x, https:\/\/i0.wp.com\/soclose.mx\/blog\/wp-content\/uploads\/2025\/03\/Copa-Nations-League.jpg?fit=1200%2C675&ssl=1&resize=700%2C400 2x, https:\/\/i0.wp.com\/soclose.mx\/blog\/wp-content\/uploads\/2025\/03\/Copa-Nations-League.jpg?fit=1200%2C675&ssl=1&resize=1050%2C600 3x"},"classes":[]},{"id":14289,"url":"https:\/\/soclose.mx\/blog\/a-la-mexicana\/futbolistas-mexicanos-que-triunfaron-en-el-extranjero\/","url_meta":{"origin":14759,"position":1},"title":"Futbolistas mexicanos que triunfaron en el extranjero","author":"So Close","date":"16 octubre, 2024","format":false,"excerpt":"El f\u00fatbol mexicano ha producido una gran cantidad de talentos que han cruzado fronteras para demostrar su habilidad en las mejores ligas del mundo. Los futbolistas mexicanos que triunfaron en el extranjero, van desde leyendas como Hugo S\u00e1nchez hasta las j\u00f3venes promesas de hoy. En este art\u00edculo, haremos un recorrido\u2026","rel":"","context":"En &quot;A la mexicana&quot;","block_context":{"text":"A la mexicana","link":"https:\/\/soclose.mx\/blog\/category\/a-la-mexicana\/"},"img":{"alt_text":"Futbolista mexicano, Hugo S\u00e1nchez de Pumas","src":"https:\/\/i0.wp.com\/soclose.mx\/blog\/wp-content\/uploads\/2024\/10\/Fotos-notas-So-Close-home-8.jpg?fit=1200%2C675&ssl=1&resize=350%2C200","width":350,"height":200,"srcset":"https:\/\/i0.wp.com\/soclose.mx\/blog\/wp-content\/uploads\/2024\/10\/Fotos-notas-So-Close-home-8.jpg?fit=1200%2C675&ssl=1&resize=350%2C200 1x, https:\/\/i0.wp.com\/soclose.mx\/blog\/wp-content\/uploads\/2024\/10\/Fotos-notas-So-Close-home-8.jpg?fit=1200%2C675&ssl=1&resize=525%2C300 1.5x, https:\/\/i0.wp.com\/soclose.mx\/blog\/wp-content\/uploads\/2024\/10\/Fotos-notas-So-Close-home-8.jpg?fit=1200%2C675&ssl=1&resize=700%2C400 2x, https:\/\/i0.wp.com\/soclose.mx\/blog\/wp-content\/uploads\/2024\/10\/Fotos-notas-So-Close-home-8.jpg?fit=1200%2C675&ssl=1&resize=1050%2C600 3x"},"classes":[]},{"id":14907,"url":"https:\/\/soclose.mx\/blog\/seleccion-mexicana\/lista-de-convocados-a-la-seleccion-mexicana-contra-japon-y-corea-del-sur\/","url_meta":{"origin":14759,"position":2},"title":"Lista de convocados a la Selecci\u00f3n Mexicana contra Jap\u00f3n y Corea del Sur","author":"So Close","date":"28 agosto, 2025","format":false,"excerpt":"Javier Aguirre\u00a0dio a conocer la lista de convocados a la Selecci\u00f3n Mexicana para disputar los partidos amistosos que se jugar\u00e1n el s\u00e1bado 6 de septiembre contra Jap\u00f3n en el Oakland Coliseum y el martes 9 de septiembre frente a Corea del Sur en el Geodis Park de Nashville, Estados Unidos.\u2026","rel":"","context":"En &quot;News feed&quot;","block_context":{"text":"News feed","link":"https:\/\/soclose.mx\/blog\/category\/news-feed\/"},"img":{"alt_text":"Selecci\u00f3n mexicana","src":"https:\/\/i0.wp.com\/soclose.mx\/blog\/wp-content\/uploads\/2025\/08\/Seleccion-mexicana.jpg?fit=1200%2C675&ssl=1&resize=350%2C200","width":350,"height":200,"srcset":"https:\/\/i0.wp.com\/soclose.mx\/blog\/wp-content\/uploads\/2025\/08\/Seleccion-mexicana.jpg?fit=1200%2C675&ssl=1&resize=350%2C200 1x, https:\/\/i0.wp.com\/soclose.mx\/blog\/wp-content\/uploads\/2025\/08\/Seleccion-mexicana.jpg?fit=1200%2C675&ssl=1&resize=525%2C300 1.5x, https:\/\/i0.wp.com\/soclose.mx\/blog\/wp-content\/uploads\/2025\/08\/Seleccion-mexicana.jpg?fit=1200%2C675&ssl=1&resize=700%2C400 2x, https:\/\/i0.wp.com\/soclose.mx\/blog\/wp-content\/uploads\/2025\/08\/Seleccion-mexicana.jpg?fit=1200%2C675&ssl=1&resize=1050%2C600 3x"},"classes":[]},{"id":13104,"url":"https:\/\/soclose.mx\/blog\/seleccion-mexicana\/conoce-a-alexa-moreno-la-gimnasta-multimedallista-mexicana\/","url_meta":{"origin":14759,"position":3},"title":"Conoce a Alexa Moreno: la gimnasta multimedallista mexicana","author":"Emmanuel Oviedo","date":"25 enero, 2024","format":false,"excerpt":"Alexa Moreno ha sido una atleta sensacional en todo M\u00e9xico y para todo el mundo. En una edad tan joven ha conquistado las competencias m\u00e1s importantes de la gimnasia, como las que se realizan en Latinoam\u00e9rica y las cumbres de las Olimpiadas. Su nombre ya est\u00e1 dentro de la \u00e9lite\u2026","rel":"","context":"En &quot;Selecci\u00f3n mexicana&quot;","block_context":{"text":"Selecci\u00f3n mexicana","link":"https:\/\/soclose.mx\/blog\/category\/seleccion-mexicana\/"},"img":{"alt_text":"","src":"https:\/\/i0.wp.com\/soclose.mx\/blog\/wp-content\/uploads\/2024\/01\/Alexa-moreno-1.jpg?fit=799%2C533&ssl=1&resize=350%2C200","width":350,"height":200,"srcset":"https:\/\/i0.wp.com\/soclose.mx\/blog\/wp-content\/uploads\/2024\/01\/Alexa-moreno-1.jpg?fit=799%2C533&ssl=1&resize=350%2C200 1x, https:\/\/i0.wp.com\/soclose.mx\/blog\/wp-content\/uploads\/2024\/01\/Alexa-moreno-1.jpg?fit=799%2C533&ssl=1&resize=525%2C300 1.5x, https:\/\/i0.wp.com\/soclose.mx\/blog\/wp-content\/uploads\/2024\/01\/Alexa-moreno-1.jpg?fit=799%2C533&ssl=1&resize=700%2C400 2x"},"classes":[]},{"id":14685,"url":"https:\/\/soclose.mx\/blog\/a-la-mexicana\/orgullo-mexicano-en-la-nfl-mexicanos-que-jugaron-en-el-super-bowl\/","url_meta":{"origin":14759,"position":4},"title":"\u00a1Orgullo Mexicano en la NFL! Mexicanos que jugaron en el Super Bowl","author":"So Close","date":"10 febrero, 2025","format":false,"excerpt":"La NFL, la liga de f\u00fatbol americano m\u00e1s prestigiosa del mundo, ha sido testigo del talento y la dedicaci\u00f3n de varios jugadores de origen mexicano a lo largo de su historia. Aunque no son muchos, los Mexicanos que jugaron en el Super Bowl han dejado una huella imborrable, conquistando campeonatos\u2026","rel":"","context":"En &quot;A la mexicana&quot;","block_context":{"text":"A la mexicana","link":"https:\/\/soclose.mx\/blog\/category\/a-la-mexicana\/"},"img":{"alt_text":"Mexicanos en el Super Bowl","src":"https:\/\/i0.wp.com\/soclose.mx\/blog\/wp-content\/uploads\/2025\/02\/Mexicanos-en-el-Super-Bowl.jpg?fit=1200%2C675&ssl=1&resize=350%2C200","width":350,"height":200,"srcset":"https:\/\/i0.wp.com\/soclose.mx\/blog\/wp-content\/uploads\/2025\/02\/Mexicanos-en-el-Super-Bowl.jpg?fit=1200%2C675&ssl=1&resize=350%2C200 1x, https:\/\/i0.wp.com\/soclose.mx\/blog\/wp-content\/uploads\/2025\/02\/Mexicanos-en-el-Super-Bowl.jpg?fit=1200%2C675&ssl=1&resize=525%2C300 1.5x, https:\/\/i0.wp.com\/soclose.mx\/blog\/wp-content\/uploads\/2025\/02\/Mexicanos-en-el-Super-Bowl.jpg?fit=1200%2C675&ssl=1&resize=700%2C400 2x, https:\/\/i0.wp.com\/soclose.mx\/blog\/wp-content\/uploads\/2025\/02\/Mexicanos-en-el-Super-Bowl.jpg?fit=1200%2C675&ssl=1&resize=1050%2C600 3x"},"classes":[]},{"id":6245,"url":"https:\/\/soclose.mx\/blog\/news-feed\/videos-la-vida-continua-nacimiento-y-primeros-aullidos-de-lobos-mexicanos-nacidos-en-el-bosque-de-chapultepec\/","url_meta":{"origin":14759,"position":5},"title":"VIDEOS | \u00a1La vida contin\u00faa! nacimiento y primeros aullidos de lobos mexicanos nacidos en el Bosque de Chapultepec","author":"So Close","date":"17 junio, 2021","format":false,"excerpt":"En abril de este 2021 nacieron cinco cachorros de lobo mexicano en el Bosque de Chapultepec y su nacimiento fue registrado mediante con un sistema de monitoreo instalado en la madriguera ubicada dentro del albergue de esta especie. Los padres de esta nueva camada de lobos mexicanos son \u201cSeje\u201d, una\u2026","rel":"","context":"En &quot;News feed&quot;","block_context":{"text":"News feed","link":"https:\/\/soclose.mx\/blog\/category\/news-feed\/"},"img":{"alt_text":"","src":"https:\/\/i0.wp.com\/soclose.mx\/blog\/wp-content\/uploads\/2021\/06\/lobomexicano-en-bosque-de-chapultepec.jpeg?fit=1200%2C677&ssl=1&resize=350%2C200","width":350,"height":200,"srcset":"https:\/\/i0.wp.com\/soclose.mx\/blog\/wp-content\/uploads\/2021\/06\/lobomexicano-en-bosque-de-chapultepec.jpeg?fit=1200%2C677&ssl=1&resize=350%2C200 1x, https:\/\/i0.wp.com\/soclose.mx\/blog\/wp-content\/uploads\/2021\/06\/lobomexicano-en-bosque-de-chapultepec.jpeg?fit=1200%2C677&ssl=1&resize=525%2C300 1.5x, https:\/\/i0.wp.com\/soclose.mx\/blog\/wp-content\/uploads\/2021\/06\/lobomexicano-en-bosque-de-chapultepec.jpeg?fit=1200%2C677&ssl=1&resize=700%2C400 2x, https:\/\/i0.wp.com\/soclose.mx\/blog\/wp-content\/uploads\/2021\/06\/lobomexicano-en-bosque-de-chapultepec.jpeg?fit=1200%2C677&ssl=1&resize=1050%2C600 3x"},"classes":[]}],"jetpack_sharing_enabled":true,"_links":{"self":[{"href":"https:\/\/soclose.mx\/blog\/wp-json\/wp\/v2\/posts\/14759","targetHints":{"allow":["GET"]}}],"collection":[{"href":"https:\/\/soclose.mx\/blog\/wp-json\/wp\/v2\/posts"}],"about":[{"href":"https:\/\/soclose.mx\/blog\/wp-json\/wp\/v2\/types\/post"}],"author":[{"embeddable":true,"href":"https:\/\/soclose.mx\/blog\/wp-json\/wp\/v2\/users\/1"}],"replies":[{"embeddable":true,"href":"https:\/\/soclose.mx\/blog\/wp-json\/wp\/v2\/comments?post=14759"}],"version-history":[{"count":0,"href":"https:\/\/soclose.mx\/blog\/wp-json\/wp\/v2\/posts\/14759\/revisions"}],"wp:featuredmedia":[{"embeddable":true,"href":"https:\/\/soclose.mx\/blog\/wp-json\/wp\/v2\/media\/14760"}],"wp:attachment":[{"href":"https:\/\/soclose.mx\/blog\/wp-json\/wp\/v2\/media?parent=14759"}],"wp:term":[{"taxonomy":"category","embeddable":true,"href":"https:\/\/soclose.mx\/blog\/wp-json\/wp\/v2\/categories?post=14759"},{"taxonomy":"post_tag","embeddable":true,"href":"https:\/\/soclose.mx\/blog\/wp-json\/wp\/v2\/tags?post=14759"}],"curies":[{"name":"wp","href":"https:\/\/api.w.org\/{rel}","templated":true}]}}