{"id":14781,"date":"2025-04-09T19:32:24","date_gmt":"2025-04-10T01:32:24","guid":{"rendered":"https:\/\/soclose.mx\/blog\/?p=14781"},"modified":"2025-08-20T18:59:42","modified_gmt":"2025-08-21T00:59:42","slug":"de-que-se-trata-el-operativo-semana-santa-2025","status":"publish","type":"post","link":"https:\/\/soclose.mx\/blog\/para-todos\/de-que-se-trata-el-operativo-semana-santa-2025\/","title":{"rendered":"\u00bfDe qu\u00e9 se trata el Operativo Semana Santa 2025?"},"content":{"rendered":"<p class=\"p1\">El <strong>Operativo <a href=\"https:\/\/soclose.mx\/blog\/a-la-mexicana\/semana-santa-santos-cubiertos-iglesias\/\" target=\"_blank\" rel=\"noopener\">Semana Santa<\/a> 2025<\/strong> de Caminos y Puentes Federales (<a href=\"https:\/\/www.gob.mx\/capufe\" target=\"_blank\" rel=\"noopener\">Capufe<\/a>) estar\u00e1 en marcha del 11 al 27 de abril de 2025, con el objetivo de garantizar la seguridad y agilizar el tr\u00e1nsito para los m\u00e1s de 22.6 millones de cruces vehiculares que se esperan durante este periodo vacacional. Este operativo es una medida clave para atender el incremento en el flujo vehicular en las autopistas y puentes federales del pa\u00eds.<\/p>\n<h2 class=\"p1\">Detalles del<strong> Operativo Semana Santa 2025<\/strong><\/h2>\n<p class=\"p1\">Duraci\u00f3n y Cobertura<\/p>\n<p class=\"p1\">&#8211; Fechas: Del viernes 11 de abril al domingo 27 de abril de 2025.<\/p>\n<p class=\"p1\">&#8211; Extensi\u00f3n: M\u00e1s de 3,000 kil\u00f3metros de autopistas y puentes federales.<\/p>\n<p class=\"p1\">Acciones Principales<\/p>\n<p class=\"p1\">1. Agilizaci\u00f3n del Tr\u00e1nsito:<\/p>\n<p class=\"p1\"><span class=\"Apple-converted-space\">\u00a0\u00a0 <\/span>&#8211; Apertura total de carriles en plazas de cobro.<\/p>\n<p class=\"p1\"><span class=\"Apple-converted-space\">\u00a0\u00a0 <\/span>&#8211; Implementaci\u00f3n de cabinas m\u00f3viles para cobro r\u00e1pido.<\/p>\n<p class=\"p1\"><span class=\"Apple-converted-space\">\u00a0\u00a0 <\/span>&#8211; Cobro desde la ventanilla del copiloto en casetas con alta demanda.<\/p>\n<p class=\"p1\"><span class=\"Apple-converted-space\">\u00a0\u00a0 <\/span>&#8211; Contrataci\u00f3n de personal adicional para reducir tiempos de espera.<\/p>\n<p class=\"p1\">2. Atenci\u00f3n a Usuarios:<\/p>\n<p class=\"p1\"><span class=\"Apple-converted-space\">\u00a0\u00a0 <\/span>&#8211; Asistencia m\u00e9dica, mec\u00e1nica y servicio gratuito de gr\u00faas disponibles las 24 horas, llamando al n\u00famero 074.<\/p>\n<p class=\"p1\"><span class=\"Apple-converted-space\">\u00a0\u00a0 <\/span>&#8211; Monitoreo constante desde los centros de control federales y locales.<\/p>\n<p class=\"p1\"><span class=\"Apple-converted-space\">\u00a0\u00a0 <\/span>&#8211; Coordinaci\u00f3n con 77 bases m\u00e9dicas y 14 centrales de radio para responder a emergencias.<\/p>\n<p class=\"p1\">3. Seguridad Vial:<\/p>\n<p class=\"p1\"><span class=\"Apple-converted-space\">\u00a0\u00a0 <\/span>&#8211; Coordinaci\u00f3n con dependencias como la Guardia Nacional, Protecci\u00f3n Civil, Cruz Roja y Sedena.<\/p>\n<p class=\"p1\"><span class=\"Apple-converted-space\">\u00a0\u00a0 <\/span>&#8211; Vigilancia permanente en carreteras para prevenir accidentes y atender eventualidades.<\/p>\n<p class=\"p1\">4. Seguro de Usuario:<\/p>\n<p class=\"p1\"><span class=\"Apple-converted-space\">\u00a0\u00a0 <\/span>&#8211; El pago del peaje incluye un seguro que cubre da\u00f1os por baches, ca\u00edda de barreras, derrumbes, objetos en el camino, entre otros.<\/p>\n<p class=\"p1\">Recomendaciones para los Usuarios<\/p>\n<p class=\"p1\">Capufe emiti\u00f3 una serie de recomendaciones para viajar seguro durante esta temporada:<\/p>\n<p class=\"p1\">&#8211; Revisar las condiciones mec\u00e1nicas del veh\u00edculo antes del viaje.<\/p>\n<p class=\"p1\">&#8211; Usar cintur\u00f3n de seguridad y respetar los l\u00edmites de velocidad.<\/p>\n<p class=\"p1\">&#8211; Evitar manejar cansado o bajo los efectos del alcohol o sustancias.<\/p>\n<p class=\"p1\">&#8211; Planificar horarios para evitar horas pico y congesti\u00f3n vehicular.<\/p>\n<p class=\"p1\">&#8211; Utilizar el TAG IAVE, v\u00e1lido en 967 carriles automatizados, para agilizar el paso por casetas.<\/p>\n<p class=\"p1\">Personal y Recursos Desplegados<\/p>\n<p class=\"p1\">&#8211; M\u00e1s de 4,771 personas estar\u00e1n involucradas en la operaci\u00f3n.<\/p>\n<p class=\"p1\">&#8211; Recursos como ambulancias, gr\u00faas y veh\u00edculos especializados estar\u00e1n disponibles para atender cualquier incidente.<\/p>\n<p class=\"p1\">Impacto del Operativo<\/p>\n<p class=\"p1\">Este operativo busca no solo garantizar la seguridad vial, sino tambi\u00e9n mejorar la experiencia de viaje durante una de las temporadas vacacionales m\u00e1s concurridas del a\u00f1o. En a\u00f1os anteriores, estas medidas han reducido significativamente los tiempos de espera en casetas y han permitido una atenci\u00f3n eficiente a emergencias.<\/p>\n<p class=\"p1\">El Operativo Semana Santa 2025 reafirma el compromiso de Capufe con la seguridad y comodidad de los usuarios que transitan por las carreteras federales. \u00a1Planifica tu viaje con anticipaci\u00f3n y disfruta unas vacaciones seguras!<\/p>\n","protected":false},"excerpt":{"rendered":"<p>El Operativo Semana Santa 2025 de Caminos y Puentes Federales (Capufe) estar\u00e1 en marcha del 11 al 27 de abril de 2025, con el objetivo de garantizar la seguridad y agilizar el tr\u00e1nsito para los m\u00e1s de 22.6 millones de cruces vehiculares que se esperan durante este periodo vacacional. Este operativo es una medida clave para atender el incremento en el flujo vehicular en las autopistas y puentes federales del pa\u00eds. Detalles del Operativo Semana Santa 2025 Duraci\u00f3n y Cobertura &#8211; Fechas: Del viernes 11 de abril al domingo 27 de abril de 2025. &#8211; Extensi\u00f3n: M\u00e1s de 3,000 kil\u00f3metros<\/p>\n","protected":false},"author":1,"featured_media":14782,"comment_status":"open","ping_status":"open","sticky":false,"template":"","format":"standard","meta":{"_jetpack_memberships_contains_paid_content":false,"footnotes":""},"categories":[1674],"tags":[4427,4430,4424,4432,4429,4426,4428,4425,4433,4431],"class_list":["post-14781","post","type-post","status-publish","format-standard","has-post-thumbnail","hentry","category-para-todos","tag-capufe-asistencia-carretera-2025","tag-casetas-de-cobro-capufe-semana-santa","tag-operativo-semana-santa-2025-capufe","tag-planifica-tu-viaje-semana-santa-2025","tag-recomendaciones-para-viajar-semana-santa-2025","tag-seguridad-vial-semana-santa-2025","tag-seguro-de-usuario-carreteras-federales","tag-semana-santa-2025-carreteras-mexico","tag-tag-iave-autopistas-mexico","tag-telefono-de-emergencia-capufe-074"],"yoast_head":"<!-- This site is optimized with the Yoast SEO plugin v26.7 - https:\/\/yoast.com\/wordpress\/plugins\/seo\/ -->\n<title>\u00bfDe qu\u00e9 se trata el Operativo Semana Santa 2025? - So Close<\/title>\n<meta name=\"description\" content=\"El Operativo Semana Santa 2025 de Caminos y Puentes Federales (Capufe) estar\u00e1 en marcha del 11 al 27 de abril de 2025.\" \/>\n<meta name=\"robots\" content=\"index, follow, max-snippet:-1, max-image-preview:large, max-video-preview:-1\" \/>\n<link rel=\"canonical\" href=\"https:\/\/soclose.mx\/blog\/tag\/juan-rulfo-frases-mujeres\/\" \/>\n<meta property=\"og:locale\" content=\"es_MX\" \/>\n<meta property=\"og:type\" content=\"article\" \/>\n<meta property=\"og:title\" content=\"\u00bfDe qu\u00e9 se trata el Operativo Semana Santa 2025? - So Close\" \/>\n<meta property=\"og:description\" content=\"El Operativo Semana Santa 2025 de Caminos y Puentes Federales (Capufe) estar\u00e1 en marcha del 11 al 27 de abril de 2025.\" \/>\n<meta property=\"og:url\" content=\"https:\/\/soclose.mx\/blog\/tag\/juan-rulfo-frases-mujeres\/\" \/>\n<meta property=\"og:site_name\" content=\"So Close\" \/>\n<meta property=\"article:published_time\" content=\"2025-04-10T01:32:24+00:00\" \/>\n<meta property=\"article:modified_time\" content=\"2025-08-21T00:59:42+00:00\" \/>\n<meta property=\"og:image\" content=\"https:\/\/i0.wp.com\/soclose.mx\/blog\/wp-content\/uploads\/2025\/04\/Caseta-de-autopista-Mexico-Cuernavaca.jpg?fit=1920%2C1080&ssl=1\" \/>\n\t<meta property=\"og:image:width\" content=\"1920\" \/>\n\t<meta property=\"og:image:height\" content=\"1080\" \/>\n\t<meta property=\"og:image:type\" content=\"image\/jpeg\" \/>\n<meta name=\"author\" content=\"So Close\" \/>\n<meta name=\"twitter:card\" content=\"summary_large_image\" \/>\n<meta name=\"twitter:label1\" content=\"Escrito por\" \/>\n\t<meta name=\"twitter:data1\" content=\"So Close\" \/>\n\t<meta name=\"twitter:label2\" content=\"Tiempo de lectura\" \/>\n\t<meta name=\"twitter:data2\" content=\"3 minutos\" \/>\n<script type=\"application\/ld+json\" class=\"yoast-schema-graph\">{\"@context\":\"https:\/\/schema.org\",\"@graph\":[{\"@type\":\"Article\",\"@id\":\"https:\/\/soclose.mx\/blog\/tag\/juan-rulfo-frases-mujeres\/#article\",\"isPartOf\":{\"@id\":\"https:\/\/soclose.mx\/blog\/tag\/juan-rulfo-frases-mujeres\/\"},\"author\":{\"name\":\"So Close\",\"@id\":\"https:\/\/soclose.mx\/blog\/#\/schema\/person\/723eb117ab965b55c3e56b5d29751667\"},\"headline\":\"\u00bfDe qu\u00e9 se trata el Operativo Semana Santa 2025?\",\"datePublished\":\"2025-04-10T01:32:24+00:00\",\"dateModified\":\"2025-08-21T00:59:42+00:00\",\"mainEntityOfPage\":{\"@id\":\"https:\/\/soclose.mx\/blog\/tag\/juan-rulfo-frases-mujeres\/\"},\"wordCount\":469,\"commentCount\":0,\"publisher\":{\"@id\":\"https:\/\/soclose.mx\/blog\/#organization\"},\"image\":{\"@id\":\"https:\/\/soclose.mx\/blog\/tag\/juan-rulfo-frases-mujeres\/#primaryimage\"},\"thumbnailUrl\":\"https:\/\/i0.wp.com\/soclose.mx\/blog\/wp-content\/uploads\/2025\/04\/Caseta-de-autopista-Mexico-Cuernavaca.jpg?fit=1920%2C1080&ssl=1\",\"keywords\":[\"Capufe asistencia carretera 2025\",\"Casetas de cobro Capufe Semana Santa\",\"Operativo Semana Santa 2025 Capufe\",\"Planifica tu viaje Semana Santa 2025\",\"Recomendaciones para viajar Semana Santa 2025\",\"Seguridad vial Semana Santa 2025\",\"Seguro de usuario carreteras federales\",\"Semana Santa 2025 carreteras M\u00e9xico\",\"TAG IAVE autopistas M\u00e9xico\",\"Tel\u00e9fono de emergencia Capufe (074)\"],\"articleSection\":[\"Para todos\"],\"inLanguage\":\"es\",\"potentialAction\":[{\"@type\":\"CommentAction\",\"name\":\"Comment\",\"target\":[\"https:\/\/soclose.mx\/blog\/tag\/juan-rulfo-frases-mujeres\/#respond\"]}]},{\"@type\":\"WebPage\",\"@id\":\"https:\/\/soclose.mx\/blog\/tag\/juan-rulfo-frases-mujeres\/\",\"url\":\"https:\/\/soclose.mx\/blog\/tag\/juan-rulfo-frases-mujeres\/\",\"name\":\"\u00bfDe qu\u00e9 se trata el Operativo Semana Santa 2025? - So Close\",\"isPartOf\":{\"@id\":\"https:\/\/soclose.mx\/blog\/#website\"},\"primaryImageOfPage\":{\"@id\":\"https:\/\/soclose.mx\/blog\/tag\/juan-rulfo-frases-mujeres\/#primaryimage\"},\"image\":{\"@id\":\"https:\/\/soclose.mx\/blog\/tag\/juan-rulfo-frases-mujeres\/#primaryimage\"},\"thumbnailUrl\":\"https:\/\/i0.wp.com\/soclose.mx\/blog\/wp-content\/uploads\/2025\/04\/Caseta-de-autopista-Mexico-Cuernavaca.jpg?fit=1920%2C1080&ssl=1\",\"datePublished\":\"2025-04-10T01:32:24+00:00\",\"dateModified\":\"2025-08-21T00:59:42+00:00\",\"description\":\"El Operativo Semana Santa 2025 de Caminos y Puentes Federales (Capufe) estar\u00e1 en marcha del 11 al 27 de abril de 2025.\",\"breadcrumb\":{\"@id\":\"https:\/\/soclose.mx\/blog\/tag\/juan-rulfo-frases-mujeres\/#breadcrumb\"},\"inLanguage\":\"es\",\"potentialAction\":[{\"@type\":\"ReadAction\",\"target\":[\"https:\/\/soclose.mx\/blog\/tag\/juan-rulfo-frases-mujeres\/\"]}]},{\"@type\":\"ImageObject\",\"inLanguage\":\"es\",\"@id\":\"https:\/\/soclose.mx\/blog\/tag\/juan-rulfo-frases-mujeres\/#primaryimage\",\"url\":\"https:\/\/i0.wp.com\/soclose.mx\/blog\/wp-content\/uploads\/2025\/04\/Caseta-de-autopista-Mexico-Cuernavaca.jpg?fit=1920%2C1080&ssl=1\",\"contentUrl\":\"https:\/\/i0.wp.com\/soclose.mx\/blog\/wp-content\/uploads\/2025\/04\/Caseta-de-autopista-Mexico-Cuernavaca.jpg?fit=1920%2C1080&ssl=1\",\"width\":1920,\"height\":1080,\"caption\":\"Caseta de autopista M\u00e9xico-Cuernavaca\"},{\"@type\":\"BreadcrumbList\",\"@id\":\"https:\/\/soclose.mx\/blog\/tag\/juan-rulfo-frases-mujeres\/#breadcrumb\",\"itemListElement\":[{\"@type\":\"ListItem\",\"position\":1,\"name\":\"Inicio\",\"item\":\"https:\/\/soclose.mx\/blog\/\"},{\"@type\":\"ListItem\",\"position\":2,\"name\":\"\u00bfDe qu\u00e9 se trata el Operativo Semana Santa 2025?\"}]},{\"@type\":\"WebSite\",\"@id\":\"https:\/\/soclose.mx\/blog\/#website\",\"url\":\"https:\/\/soclose.mx\/blog\/\",\"name\":\"So Close\",\"description\":\"Hacemos contenidos de M\u00e9xico\",\"publisher\":{\"@id\":\"https:\/\/soclose.mx\/blog\/#organization\"},\"potentialAction\":[{\"@type\":\"SearchAction\",\"target\":{\"@type\":\"EntryPoint\",\"urlTemplate\":\"https:\/\/soclose.mx\/blog\/?s={search_term_string}\"},\"query-input\":{\"@type\":\"PropertyValueSpecification\",\"valueRequired\":true,\"valueName\":\"search_term_string\"}}],\"inLanguage\":\"es\"},{\"@type\":\"Organization\",\"@id\":\"https:\/\/soclose.mx\/blog\/#organization\",\"name\":\"So Close\",\"url\":\"https:\/\/soclose.mx\/blog\/\",\"logo\":{\"@type\":\"ImageObject\",\"inLanguage\":\"es\",\"@id\":\"https:\/\/soclose.mx\/blog\/#\/schema\/logo\/image\/\",\"url\":\"https:\/\/i0.wp.com\/soclose.mx\/blog\/wp-content\/uploads\/2020\/12\/LOGO_SOCLOSE_COLOR-e1608310133507.png?fit=2858%2C1264&ssl=1\",\"contentUrl\":\"https:\/\/i0.wp.com\/soclose.mx\/blog\/wp-content\/uploads\/2020\/12\/LOGO_SOCLOSE_COLOR-e1608310133507.png?fit=2858%2C1264&ssl=1\",\"width\":2858,\"height\":1264,\"caption\":\"So Close\"},\"image\":{\"@id\":\"https:\/\/soclose.mx\/blog\/#\/schema\/logo\/image\/\"}},{\"@type\":\"Person\",\"@id\":\"https:\/\/soclose.mx\/blog\/#\/schema\/person\/723eb117ab965b55c3e56b5d29751667\",\"name\":\"So Close\",\"image\":{\"@type\":\"ImageObject\",\"inLanguage\":\"es\",\"@id\":\"https:\/\/soclose.mx\/blog\/#\/schema\/person\/image\/\",\"url\":\"https:\/\/secure.gravatar.com\/avatar\/5a1d1d694eaf6d2c28f450f0984cbb34821b92dc49c1d088c0250fbc6a48efec?s=96&d=mm&r=g\",\"contentUrl\":\"https:\/\/secure.gravatar.com\/avatar\/5a1d1d694eaf6d2c28f450f0984cbb34821b92dc49c1d088c0250fbc6a48efec?s=96&d=mm&r=g\",\"caption\":\"So Close\"},\"sameAs\":[\"http:\/\/www.soclose.mx\",\"https:\/\/www.youtube.com\/@soclosemx\"],\"url\":\"https:\/\/soclose.mx\/blog\/author\/admin\/\"}]}<\/script>\n<!-- \/ Yoast SEO plugin. -->","yoast_head_json":{"title":"\u00bfDe qu\u00e9 se trata el Operativo Semana Santa 2025? - So Close","description":"El Operativo Semana Santa 2025 de Caminos y Puentes Federales (Capufe) estar\u00e1 en marcha del 11 al 27 de abril de 2025.","robots":{"index":"index","follow":"follow","max-snippet":"max-snippet:-1","max-image-preview":"max-image-preview:large","max-video-preview":"max-video-preview:-1"},"canonical":"https:\/\/soclose.mx\/blog\/tag\/juan-rulfo-frases-mujeres\/","og_locale":"es_MX","og_type":"article","og_title":"\u00bfDe qu\u00e9 se trata el Operativo Semana Santa 2025? - So Close","og_description":"El Operativo Semana Santa 2025 de Caminos y Puentes Federales (Capufe) estar\u00e1 en marcha del 11 al 27 de abril de 2025.","og_url":"https:\/\/soclose.mx\/blog\/tag\/juan-rulfo-frases-mujeres\/","og_site_name":"So Close","article_published_time":"2025-04-10T01:32:24+00:00","article_modified_time":"2025-08-21T00:59:42+00:00","og_image":[{"width":1920,"height":1080,"url":"https:\/\/i0.wp.com\/soclose.mx\/blog\/wp-content\/uploads\/2025\/04\/Caseta-de-autopista-Mexico-Cuernavaca.jpg?fit=1920%2C1080&ssl=1","type":"image\/jpeg"}],"author":"So Close","twitter_card":"summary_large_image","twitter_misc":{"Escrito por":"So Close","Tiempo de lectura":"3 minutos"},"schema":{"@context":"https:\/\/schema.org","@graph":[{"@type":"Article","@id":"https:\/\/soclose.mx\/blog\/tag\/juan-rulfo-frases-mujeres\/#article","isPartOf":{"@id":"https:\/\/soclose.mx\/blog\/tag\/juan-rulfo-frases-mujeres\/"},"author":{"name":"So Close","@id":"https:\/\/soclose.mx\/blog\/#\/schema\/person\/723eb117ab965b55c3e56b5d29751667"},"headline":"\u00bfDe qu\u00e9 se trata el Operativo Semana Santa 2025?","datePublished":"2025-04-10T01:32:24+00:00","dateModified":"2025-08-21T00:59:42+00:00","mainEntityOfPage":{"@id":"https:\/\/soclose.mx\/blog\/tag\/juan-rulfo-frases-mujeres\/"},"wordCount":469,"commentCount":0,"publisher":{"@id":"https:\/\/soclose.mx\/blog\/#organization"},"image":{"@id":"https:\/\/soclose.mx\/blog\/tag\/juan-rulfo-frases-mujeres\/#primaryimage"},"thumbnailUrl":"https:\/\/i0.wp.com\/soclose.mx\/blog\/wp-content\/uploads\/2025\/04\/Caseta-de-autopista-Mexico-Cuernavaca.jpg?fit=1920%2C1080&ssl=1","keywords":["Capufe asistencia carretera 2025","Casetas de cobro Capufe Semana Santa","Operativo Semana Santa 2025 Capufe","Planifica tu viaje Semana Santa 2025","Recomendaciones para viajar Semana Santa 2025","Seguridad vial Semana Santa 2025","Seguro de usuario carreteras federales","Semana Santa 2025 carreteras M\u00e9xico","TAG IAVE autopistas M\u00e9xico","Tel\u00e9fono de emergencia Capufe (074)"],"articleSection":["Para todos"],"inLanguage":"es","potentialAction":[{"@type":"CommentAction","name":"Comment","target":["https:\/\/soclose.mx\/blog\/tag\/juan-rulfo-frases-mujeres\/#respond"]}]},{"@type":"WebPage","@id":"https:\/\/soclose.mx\/blog\/tag\/juan-rulfo-frases-mujeres\/","url":"https:\/\/soclose.mx\/blog\/tag\/juan-rulfo-frases-mujeres\/","name":"\u00bfDe qu\u00e9 se trata el Operativo Semana Santa 2025? - So Close","isPartOf":{"@id":"https:\/\/soclose.mx\/blog\/#website"},"primaryImageOfPage":{"@id":"https:\/\/soclose.mx\/blog\/tag\/juan-rulfo-frases-mujeres\/#primaryimage"},"image":{"@id":"https:\/\/soclose.mx\/blog\/tag\/juan-rulfo-frases-mujeres\/#primaryimage"},"thumbnailUrl":"https:\/\/i0.wp.com\/soclose.mx\/blog\/wp-content\/uploads\/2025\/04\/Caseta-de-autopista-Mexico-Cuernavaca.jpg?fit=1920%2C1080&ssl=1","datePublished":"2025-04-10T01:32:24+00:00","dateModified":"2025-08-21T00:59:42+00:00","description":"El Operativo Semana Santa 2025 de Caminos y Puentes Federales (Capufe) estar\u00e1 en marcha del 11 al 27 de abril de 2025.","breadcrumb":{"@id":"https:\/\/soclose.mx\/blog\/tag\/juan-rulfo-frases-mujeres\/#breadcrumb"},"inLanguage":"es","potentialAction":[{"@type":"ReadAction","target":["https:\/\/soclose.mx\/blog\/tag\/juan-rulfo-frases-mujeres\/"]}]},{"@type":"ImageObject","inLanguage":"es","@id":"https:\/\/soclose.mx\/blog\/tag\/juan-rulfo-frases-mujeres\/#primaryimage","url":"https:\/\/i0.wp.com\/soclose.mx\/blog\/wp-content\/uploads\/2025\/04\/Caseta-de-autopista-Mexico-Cuernavaca.jpg?fit=1920%2C1080&ssl=1","contentUrl":"https:\/\/i0.wp.com\/soclose.mx\/blog\/wp-content\/uploads\/2025\/04\/Caseta-de-autopista-Mexico-Cuernavaca.jpg?fit=1920%2C1080&ssl=1","width":1920,"height":1080,"caption":"Caseta de autopista M\u00e9xico-Cuernavaca"},{"@type":"BreadcrumbList","@id":"https:\/\/soclose.mx\/blog\/tag\/juan-rulfo-frases-mujeres\/#breadcrumb","itemListElement":[{"@type":"ListItem","position":1,"name":"Inicio","item":"https:\/\/soclose.mx\/blog\/"},{"@type":"ListItem","position":2,"name":"\u00bfDe qu\u00e9 se trata el Operativo Semana Santa 2025?"}]},{"@type":"WebSite","@id":"https:\/\/soclose.mx\/blog\/#website","url":"https:\/\/soclose.mx\/blog\/","name":"So Close","description":"Hacemos contenidos de M\u00e9xico","publisher":{"@id":"https:\/\/soclose.mx\/blog\/#organization"},"potentialAction":[{"@type":"SearchAction","target":{"@type":"EntryPoint","urlTemplate":"https:\/\/soclose.mx\/blog\/?s={search_term_string}"},"query-input":{"@type":"PropertyValueSpecification","valueRequired":true,"valueName":"search_term_string"}}],"inLanguage":"es"},{"@type":"Organization","@id":"https:\/\/soclose.mx\/blog\/#organization","name":"So Close","url":"https:\/\/soclose.mx\/blog\/","logo":{"@type":"ImageObject","inLanguage":"es","@id":"https:\/\/soclose.mx\/blog\/#\/schema\/logo\/image\/","url":"https:\/\/i0.wp.com\/soclose.mx\/blog\/wp-content\/uploads\/2020\/12\/LOGO_SOCLOSE_COLOR-e1608310133507.png?fit=2858%2C1264&ssl=1","contentUrl":"https:\/\/i0.wp.com\/soclose.mx\/blog\/wp-content\/uploads\/2020\/12\/LOGO_SOCLOSE_COLOR-e1608310133507.png?fit=2858%2C1264&ssl=1","width":2858,"height":1264,"caption":"So Close"},"image":{"@id":"https:\/\/soclose.mx\/blog\/#\/schema\/logo\/image\/"}},{"@type":"Person","@id":"https:\/\/soclose.mx\/blog\/#\/schema\/person\/723eb117ab965b55c3e56b5d29751667","name":"So Close","image":{"@type":"ImageObject","inLanguage":"es","@id":"https:\/\/soclose.mx\/blog\/#\/schema\/person\/image\/","url":"https:\/\/secure.gravatar.com\/avatar\/5a1d1d694eaf6d2c28f450f0984cbb34821b92dc49c1d088c0250fbc6a48efec?s=96&d=mm&r=g","contentUrl":"https:\/\/secure.gravatar.com\/avatar\/5a1d1d694eaf6d2c28f450f0984cbb34821b92dc49c1d088c0250fbc6a48efec?s=96&d=mm&r=g","caption":"So Close"},"sameAs":["http:\/\/www.soclose.mx","https:\/\/www.youtube.com\/@soclosemx"],"url":"https:\/\/soclose.mx\/blog\/author\/admin\/"}]}},"jetpack_featured_media_url":"https:\/\/i0.wp.com\/soclose.mx\/blog\/wp-content\/uploads\/2025\/04\/Caseta-de-autopista-Mexico-Cuernavaca.jpg?fit=1920%2C1080&ssl=1","jetpack-related-posts":[{"id":13888,"url":"https:\/\/soclose.mx\/blog\/news-feed\/dias-festivos-y-vacaciones-en-mexico-lo-que-resta-del-2024\/","url_meta":{"origin":14781,"position":0},"title":"D\u00edas festivos y vacaciones en M\u00e9xico, lo que resta del 2024","author":"So Close","date":"8 agosto, 2024","format":false,"excerpt":"Nuestro pa\u00eds est\u00e1 lleno de tradiciones y celebraciones, y cada a\u00f1o ofrece una variedad de d\u00edas festivos y vacaciones en M\u00e9xico que permiten a los mexicanos disfrutar de momentos de descanso y convivencia. Si est\u00e1s planeando tus pr\u00f3ximas vacaciones, esta gu\u00eda te ser\u00e1 de gran utilidad. D\u00edas Festivos y vacaciones\u2026","rel":"","context":"En &quot;News feed&quot;","block_context":{"text":"News feed","link":"https:\/\/soclose.mx\/blog\/category\/news-feed\/"},"img":{"alt_text":"vacaciones en la playa","src":"https:\/\/i0.wp.com\/soclose.mx\/blog\/wp-content\/uploads\/2024\/08\/vacaciones-en-la-playa.jpg?fit=1200%2C800&ssl=1&resize=350%2C200","width":350,"height":200,"srcset":"https:\/\/i0.wp.com\/soclose.mx\/blog\/wp-content\/uploads\/2024\/08\/vacaciones-en-la-playa.jpg?fit=1200%2C800&ssl=1&resize=350%2C200 1x, https:\/\/i0.wp.com\/soclose.mx\/blog\/wp-content\/uploads\/2024\/08\/vacaciones-en-la-playa.jpg?fit=1200%2C800&ssl=1&resize=525%2C300 1.5x, https:\/\/i0.wp.com\/soclose.mx\/blog\/wp-content\/uploads\/2024\/08\/vacaciones-en-la-playa.jpg?fit=1200%2C800&ssl=1&resize=700%2C400 2x, https:\/\/i0.wp.com\/soclose.mx\/blog\/wp-content\/uploads\/2024\/08\/vacaciones-en-la-playa.jpg?fit=1200%2C800&ssl=1&resize=1050%2C600 3x"},"classes":[]},{"id":14799,"url":"https:\/\/soclose.mx\/blog\/news-feed\/alcaldias-con-ley-seca-en-cdmx-durante-semana-santa-2025\/","url_meta":{"origin":14781,"position":1},"title":"Alcald\u00edas con Ley Seca en CDMX durante Semana Santa 2025","author":"So Close","date":"17 abril, 2025","format":false,"excerpt":"Durante la Semana Santa 2025 (del 17 al 19 de abril), las Alcald\u00edas con Ley Seca en CDMX aplica en 8 de las 16 con fechas y horarios espec\u00edficos para garantizar el orden durante las celebraciones religiosas. Estas son las demarcaciones afectadas: Alcald\u00edas con Ley Seca en CDMX, con restricciones\u2026","rel":"","context":"En &quot;News feed&quot;","block_context":{"text":"News feed","link":"https:\/\/soclose.mx\/blog\/category\/news-feed\/"},"img":{"alt_text":"Ley seca","src":"https:\/\/i0.wp.com\/soclose.mx\/blog\/wp-content\/uploads\/2025\/04\/Ley-seca.jpg?fit=1200%2C675&ssl=1&resize=350%2C200","width":350,"height":200,"srcset":"https:\/\/i0.wp.com\/soclose.mx\/blog\/wp-content\/uploads\/2025\/04\/Ley-seca.jpg?fit=1200%2C675&ssl=1&resize=350%2C200 1x, https:\/\/i0.wp.com\/soclose.mx\/blog\/wp-content\/uploads\/2025\/04\/Ley-seca.jpg?fit=1200%2C675&ssl=1&resize=525%2C300 1.5x, https:\/\/i0.wp.com\/soclose.mx\/blog\/wp-content\/uploads\/2025\/04\/Ley-seca.jpg?fit=1200%2C675&ssl=1&resize=700%2C400 2x, https:\/\/i0.wp.com\/soclose.mx\/blog\/wp-content\/uploads\/2025\/04\/Ley-seca.jpg?fit=1200%2C675&ssl=1&resize=1050%2C600 3x"},"classes":[]},{"id":5827,"url":"https:\/\/soclose.mx\/blog\/news-feed\/por-covid-19-estas-playas-de-mexico-cerraran-en-semana-santa\/","url_meta":{"origin":14781,"position":2},"title":"Por Covid-19, estas playas de M\u00e9xico cerrar\u00e1n en Semana Santa","author":"So Close","date":"3 marzo, 2021","format":false,"excerpt":"Este 2021 por la pandemia de Covid-19 y con el objetivo de no incrementar el n\u00famero de contagios, la\u00a0 Semana Santa\u00a0Santa que ser\u00e1 del\u00a0domingo 28 de marzo al s\u00e1bado 3 de abril no se permitir\u00e1 el ingreso a las siguientes playas de M\u00e9xico. En\u00a0La Paz, Baja California Sur, el cierre\u2026","rel":"","context":"En &quot;News feed&quot;","block_context":{"text":"News feed","link":"https:\/\/soclose.mx\/blog\/category\/news-feed\/"},"img":{"alt_text":"","src":"https:\/\/i0.wp.com\/soclose.mx\/blog\/wp-content\/uploads\/2021\/03\/Principal-So-Close-blog.jpg?fit=1200%2C677&ssl=1&resize=350%2C200","width":350,"height":200,"srcset":"https:\/\/i0.wp.com\/soclose.mx\/blog\/wp-content\/uploads\/2021\/03\/Principal-So-Close-blog.jpg?fit=1200%2C677&ssl=1&resize=350%2C200 1x, https:\/\/i0.wp.com\/soclose.mx\/blog\/wp-content\/uploads\/2021\/03\/Principal-So-Close-blog.jpg?fit=1200%2C677&ssl=1&resize=525%2C300 1.5x, https:\/\/i0.wp.com\/soclose.mx\/blog\/wp-content\/uploads\/2021\/03\/Principal-So-Close-blog.jpg?fit=1200%2C677&ssl=1&resize=700%2C400 2x, https:\/\/i0.wp.com\/soclose.mx\/blog\/wp-content\/uploads\/2021\/03\/Principal-So-Close-blog.jpg?fit=1200%2C677&ssl=1&resize=1050%2C600 3x"},"classes":[]},{"id":13955,"url":"https:\/\/soclose.mx\/blog\/news-feed\/puentes-dias-festivos-y-vacaciones-del-ciclo-escolar-2024-2025-en-mexico\/","url_meta":{"origin":14781,"position":3},"title":"Puentes, D\u00edas Festivos y Vacaciones del Ciclo Escolar 2024-2025 en M\u00e9xico","author":"So Close","date":"26 agosto, 2024","format":false,"excerpt":"El ciclo escolar 2024-2025 en M\u00e9xico, organizado por la Secretar\u00eda de Educaci\u00f3n P\u00fablica (SEP), dar\u00e1 inicio el 26 de agosto de 2024 y concluir\u00e1 el 16 de julio de 2025. Este periodo contar\u00e1 con un total de 190 d\u00edas efectivos de clase para los estudiantes de educaci\u00f3n b\u00e1sica, incluyendo preescolar,\u2026","rel":"","context":"En &quot;News feed&quot;","block_context":{"text":"News feed","link":"https:\/\/soclose.mx\/blog\/category\/news-feed\/"},"img":{"alt_text":"Vacaciones en playas de M\u00e9xico","src":"https:\/\/i0.wp.com\/soclose.mx\/blog\/wp-content\/uploads\/2024\/08\/2707gestionvacaciones10.jpg?fit=1200%2C675&ssl=1&resize=350%2C200","width":350,"height":200,"srcset":"https:\/\/i0.wp.com\/soclose.mx\/blog\/wp-content\/uploads\/2024\/08\/2707gestionvacaciones10.jpg?fit=1200%2C675&ssl=1&resize=350%2C200 1x, https:\/\/i0.wp.com\/soclose.mx\/blog\/wp-content\/uploads\/2024\/08\/2707gestionvacaciones10.jpg?fit=1200%2C675&ssl=1&resize=525%2C300 1.5x, https:\/\/i0.wp.com\/soclose.mx\/blog\/wp-content\/uploads\/2024\/08\/2707gestionvacaciones10.jpg?fit=1200%2C675&ssl=1&resize=700%2C400 2x, https:\/\/i0.wp.com\/soclose.mx\/blog\/wp-content\/uploads\/2024\/08\/2707gestionvacaciones10.jpg?fit=1200%2C675&ssl=1&resize=1050%2C600 3x"},"classes":[]},{"id":13673,"url":"https:\/\/soclose.mx\/blog\/news-feed\/vacaciones-dias-feriados-y-puentes-largos-2024-en-mexico\/","url_meta":{"origin":14781,"position":4},"title":"Vacaciones, d\u00edas feriados y puentes largos 2024 en M\u00e9xico","author":"So Close","date":"17 junio, 2024","format":false,"excerpt":"Vacaciones y d\u00edas feriados 2024 en M\u00e9xico: Planifica tu descanso y disfruta al m\u00e1ximo En M\u00e9xico, las vacaciones y d\u00edas feriados en M\u00e9xico son momentos muy esperados para descansar, viajar y disfrutar con la familia y amigos. Es importante conocer con anticipaci\u00f3n cu\u00e1les son estos d\u00edas para poder planificar tus\u2026","rel":"","context":"En &quot;News feed&quot;","block_context":{"text":"News feed","link":"https:\/\/soclose.mx\/blog\/category\/news-feed\/"},"img":{"alt_text":"Camastro en la playa","src":"https:\/\/i0.wp.com\/soclose.mx\/blog\/wp-content\/uploads\/2024\/06\/Portada-notas-del-sitio-So-Close-3.jpg?fit=1200%2C675&ssl=1&resize=350%2C200","width":350,"height":200,"srcset":"https:\/\/i0.wp.com\/soclose.mx\/blog\/wp-content\/uploads\/2024\/06\/Portada-notas-del-sitio-So-Close-3.jpg?fit=1200%2C675&ssl=1&resize=350%2C200 1x, https:\/\/i0.wp.com\/soclose.mx\/blog\/wp-content\/uploads\/2024\/06\/Portada-notas-del-sitio-So-Close-3.jpg?fit=1200%2C675&ssl=1&resize=525%2C300 1.5x, https:\/\/i0.wp.com\/soclose.mx\/blog\/wp-content\/uploads\/2024\/06\/Portada-notas-del-sitio-So-Close-3.jpg?fit=1200%2C675&ssl=1&resize=700%2C400 2x, https:\/\/i0.wp.com\/soclose.mx\/blog\/wp-content\/uploads\/2024\/06\/Portada-notas-del-sitio-So-Close-3.jpg?fit=1200%2C675&ssl=1&resize=1050%2C600 3x"},"classes":[]},{"id":14801,"url":"https:\/\/soclose.mx\/blog\/a-la-mexicana\/la-judea-wixarika-resistencia-y-rituales-unicos-en-semana-santa\/","url_meta":{"origin":14781,"position":5},"title":"La Judea Wix\u00e1rika: resistencia y rituales \u00fanicos en Semana Santa","author":"So Close","date":"18 abril, 2025","format":false,"excerpt":"La Judea Wix\u00e1rika es una pr\u00e1ctica cultural que mezcla elementos cat\u00f3licos introducidos durante la colonizaci\u00f3n con tradiciones ancestrales de los pueblos ind\u00edgenas de la Sierra Madre Occidental. Aunque no es exclusiva de los Wix\u00e1rika (participan tambi\u00e9n coras y tepehuanes), en comunidades como Huejuquilla El Alto (Jalisco) y Mezquitic, los Wix\u00e1rika\u2026","rel":"","context":"En &quot;A la mexicana&quot;","block_context":{"text":"A la mexicana","link":"https:\/\/soclose.mx\/blog\/category\/a-la-mexicana\/"},"img":{"alt_text":"Judea Wix\u00e1rika","src":"https:\/\/i0.wp.com\/soclose.mx\/blog\/wp-content\/uploads\/2025\/04\/Judea-Wixarika.jpg?fit=1200%2C675&ssl=1&resize=350%2C200","width":350,"height":200,"srcset":"https:\/\/i0.wp.com\/soclose.mx\/blog\/wp-content\/uploads\/2025\/04\/Judea-Wixarika.jpg?fit=1200%2C675&ssl=1&resize=350%2C200 1x, https:\/\/i0.wp.com\/soclose.mx\/blog\/wp-content\/uploads\/2025\/04\/Judea-Wixarika.jpg?fit=1200%2C675&ssl=1&resize=525%2C300 1.5x, https:\/\/i0.wp.com\/soclose.mx\/blog\/wp-content\/uploads\/2025\/04\/Judea-Wixarika.jpg?fit=1200%2C675&ssl=1&resize=700%2C400 2x, https:\/\/i0.wp.com\/soclose.mx\/blog\/wp-content\/uploads\/2025\/04\/Judea-Wixarika.jpg?fit=1200%2C675&ssl=1&resize=1050%2C600 3x"},"classes":[]}],"jetpack_sharing_enabled":true,"_links":{"self":[{"href":"https:\/\/soclose.mx\/blog\/wp-json\/wp\/v2\/posts\/14781","targetHints":{"allow":["GET"]}}],"collection":[{"href":"https:\/\/soclose.mx\/blog\/wp-json\/wp\/v2\/posts"}],"about":[{"href":"https:\/\/soclose.mx\/blog\/wp-json\/wp\/v2\/types\/post"}],"author":[{"embeddable":true,"href":"https:\/\/soclose.mx\/blog\/wp-json\/wp\/v2\/users\/1"}],"replies":[{"embeddable":true,"href":"https:\/\/soclose.mx\/blog\/wp-json\/wp\/v2\/comments?post=14781"}],"version-history":[{"count":1,"href":"https:\/\/soclose.mx\/blog\/wp-json\/wp\/v2\/posts\/14781\/revisions"}],"predecessor-version":[{"id":14783,"href":"https:\/\/soclose.mx\/blog\/wp-json\/wp\/v2\/posts\/14781\/revisions\/14783"}],"wp:featuredmedia":[{"embeddable":true,"href":"https:\/\/soclose.mx\/blog\/wp-json\/wp\/v2\/media\/14782"}],"wp:attachment":[{"href":"https:\/\/soclose.mx\/blog\/wp-json\/wp\/v2\/media?parent=14781"}],"wp:term":[{"taxonomy":"category","embeddable":true,"href":"https:\/\/soclose.mx\/blog\/wp-json\/wp\/v2\/categories?post=14781"},{"taxonomy":"post_tag","embeddable":true,"href":"https:\/\/soclose.mx\/blog\/wp-json\/wp\/v2\/tags?post=14781"}],"curies":[{"name":"wp","href":"https:\/\/api.w.org\/{rel}","templated":true}]}}