{"id":14788,"date":"2025-04-14T19:19:09","date_gmt":"2025-04-15T01:19:09","guid":{"rendered":"https:\/\/soclose.mx\/blog\/?p=14788"},"modified":"2025-04-14T19:19:09","modified_gmt":"2025-04-15T01:19:09","slug":"nueva-enes-de-la-unam-donde-estara-y-que-carreras-tendra","status":"publish","type":"post","link":"https:\/\/soclose.mx\/blog\/news-feed\/nueva-enes-de-la-unam-donde-estara-y-que-carreras-tendra\/","title":{"rendered":"Nueva ENES de la UNAM: \u00bfd\u00f3nde estar\u00e1 y qu\u00e9 carreras tendr\u00e1?"},"content":{"rendered":"<p class=\"p1\">La Universidad Nacional Aut\u00f3noma de M\u00e9xico (UNAM) ha anunciado la creaci\u00f3n de una nueva Escuela Nacional de Estudios Superiores (ENES) en el estado de <a href=\"https:\/\/soclose.mx\/playas-nudistas-que-debes-visitar-en-mexico-guia-completa\/\" target=\"_blank\" rel=\"noopener\">Oaxaca<\/a>, con el objetivo de fortalecer la educaci\u00f3n superior en la regi\u00f3n sur-sureste del pa\u00eds. La <b>Nueva ENES de la <a href=\"https:\/\/www.unam.mx\/\" target=\"_blank\" rel=\"noopener\">UNAM<\/a><\/b> forma parte del Plan de Desarrollo Institucional 2023-2027 de la UNAM y busca convertir a Oaxaca en un polo estrat\u00e9gico de desarrollo social y econ\u00f3mico.<\/p>\n<p class=\"p2\"><b>Carreras Ofrecidas en la Nueva ENES de la UNAM<br \/>\n<\/b><\/p>\n<p class=\"p1\">La ENES Oaxaca ofrecer\u00e1 seis licenciaturas en su etapa inicial:<\/p>\n<ul class=\"ul1\">\n<li class=\"li1\"><b>Administraci\u00f3n<\/b><\/li>\n<li class=\"li1\"><b>Contadur\u00eda<\/b><\/li>\n<li class=\"li1\"><b>Inform\u00e1tica<\/b><\/li>\n<li class=\"li1\"><b>Negocios Internacionales<\/b><\/li>\n<li class=\"li1\"><b>Historia<\/b><\/li>\n<li class=\"li1\"><b>Psicolog\u00eda<\/b> (esta \u00faltima disponible a trav\u00e9s del Sistema Universidad Abierta y Educaci\u00f3n a Distancia).<\/li>\n<\/ul>\n<p class=\"p2\"><b>Modalidades de Estudio<\/b><\/p>\n<p class=\"p1\">Las licenciaturas se impartir\u00e1n en cuatro modalidades: escolarizada, abierta, mixta y a distancia, lo que permitir\u00e1 un acceso m\u00e1s amplio a estudios universitarios de alto nivel.<\/p>\n<p class=\"p2\"><b>Capacidad de Alumnos<\/b><\/p>\n<p class=\"p1\">La nueva ENES tendr\u00e1 capacidad para recibir a <b>1,200 estudiantes<\/b> en su primera etapa.<\/p>\n<p class=\"p2\"><b>Ubicaci\u00f3n<\/b><\/p>\n<p class=\"p1\">Aunque no se ha anunciado la ubicaci\u00f3n exacta de la ENES Oaxaca, se espera que est\u00e9 en un lugar estrat\u00e9gico dentro del estado para facilitar el acceso a los estudiantes locales.<\/p>\n<p class=\"p2\"><b>Requisitos de Ingreso<\/b><\/p>\n<p class=\"p1\">Aunque no se han detallado los requisitos espec\u00edficos de ingreso, es probable que sigan los est\u00e1ndares generales de admisi\u00f3n de la UNAM, que incluyen el examen de admisi\u00f3n y el cumplimiento de los requisitos acad\u00e9micos establecidos por la instituci\u00f3n.<\/p>\n<p class=\"p2\"><b>Inicio de Actividades<\/b><\/p>\n<p class=\"p1\">El proyecto acad\u00e9mico inicial se ha programado para el ciclo escolar 2025-2026, con adecuaciones iniciales a un primer edificio en el periodo 2024-2025.<\/p>\n<p class=\"p2\"><b>Objetivos y Enfoque<\/b><\/p>\n<p class=\"p1\">La ENES Oaxaca busca ampliar la cobertura educativa, fortalecer la oferta acad\u00e9mica y establecer v\u00ednculos con instituciones locales y sectores sociales y gubernamentales. Adem\u00e1s, incluir\u00e1 materias obligatorias sobre g\u00e9nero, \u00e9tica, derechos humanos, racismo y discriminaci\u00f3n, y sustentabilidad en todas las licenciaturas.<\/p>\n<p class=\"p2\"><b>Programas Posgrado<\/b><\/p>\n<p class=\"p1\">Se ha propuesto la creaci\u00f3n de un Programa \u00danico de Especializaciones a nivel posgrado.<\/p>\n<p class=\"p1\">Con esta nueva ENES, la UNAM refuerza su compromiso con la educaci\u00f3n superior en M\u00e9xico, extendiendo su presencia en regiones clave del pa\u00eds y promoviendo el desarrollo regional a trav\u00e9s de la educaci\u00f3n de calidad.<\/p>\n","protected":false},"excerpt":{"rendered":"<p>La Universidad Nacional Aut\u00f3noma de M\u00e9xico (UNAM) ha anunciado la creaci\u00f3n de una nueva Escuela Nacional de Estudios Superiores (ENES) en el estado de Oaxaca, con el objetivo de fortalecer la educaci\u00f3n superior en la regi\u00f3n sur-sureste del pa\u00eds. La Nueva ENES de la UNAM forma parte del Plan de Desarrollo Institucional 2023-2027 de la UNAM y busca convertir a Oaxaca en un polo estrat\u00e9gico de desarrollo social y econ\u00f3mico. Carreras Ofrecidas en la Nueva ENES de la UNAM La ENES Oaxaca ofrecer\u00e1 seis licenciaturas en su etapa inicial: Administraci\u00f3n Contadur\u00eda Inform\u00e1tica Negocios Internacionales Historia Psicolog\u00eda (esta \u00faltima disponible a<\/p>\n","protected":false},"author":1,"featured_media":14789,"comment_status":"open","ping_status":"open","sticky":false,"template":"","format":"standard","meta":{"_jetpack_memberships_contains_paid_content":false,"footnotes":""},"categories":[628],"tags":[4447,4448,4449,4445,4444,4453,4450,4451,194,4452,4454,4446,331],"class_list":["post-14788","post","type-post","status-publish","format-standard","has-post-thumbnail","hentry","category-news-feed","tag-carreras-universitarias-en-oaxaca","tag-desarrollo-regional","tag-educacion-de-calidad-en-el-sur-de-mexico","tag-educacion-superior-en-oaxaca","tag-enes-oaxaca","tag-fortalecimiento-educativo","tag-iniciativas-educativas-unam","tag-instituciones-educativas-en","tag-oaxaca","tag-oportunidades-academicas","tag-plan-de-desarrollo-institucional-unam","tag-programas-de-licenciatura","tag-unam"],"yoast_head":"<!-- This site is optimized with the Yoast SEO plugin v26.7 - https:\/\/yoast.com\/wordpress\/plugins\/seo\/ -->\n<title>Nueva ENES de la UNAM: \u00bfd\u00f3nde estar\u00e1 y qu\u00e9 carreras tendr\u00e1? - So Close<\/title>\n<meta name=\"description\" content=\"La Nueva ENES de la UNAM forma parte del Plan de Desarrollo Institucional 2023-2027 que busca convertir a Oaxaca en un polo estrat\u00e9gico.\" \/>\n<meta name=\"robots\" content=\"index, follow, max-snippet:-1, max-image-preview:large, max-video-preview:-1\" \/>\n<link rel=\"canonical\" href=\"https:\/\/soclose.mx\/blog\/tag\/juan-rulfo-frases-mujeres\/\" \/>\n<meta property=\"og:locale\" content=\"es_MX\" \/>\n<meta property=\"og:type\" content=\"article\" \/>\n<meta property=\"og:title\" content=\"Nueva ENES de la UNAM: \u00bfd\u00f3nde estar\u00e1 y qu\u00e9 carreras tendr\u00e1? - So Close\" \/>\n<meta property=\"og:description\" content=\"La Nueva ENES de la UNAM forma parte del Plan de Desarrollo Institucional 2023-2027 que busca convertir a Oaxaca en un polo estrat\u00e9gico.\" \/>\n<meta property=\"og:url\" content=\"https:\/\/soclose.mx\/blog\/tag\/juan-rulfo-frases-mujeres\/\" \/>\n<meta property=\"og:site_name\" content=\"So Close\" \/>\n<meta property=\"article:published_time\" content=\"2025-04-15T01:19:09+00:00\" \/>\n<meta property=\"og:image\" content=\"https:\/\/i0.wp.com\/soclose.mx\/blog\/wp-content\/uploads\/2025\/04\/ENES-de-la-UNAM-en-Oaxaca.jpg?fit=1920%2C1080&ssl=1\" \/>\n\t<meta property=\"og:image:width\" content=\"1920\" \/>\n\t<meta property=\"og:image:height\" content=\"1080\" \/>\n\t<meta property=\"og:image:type\" content=\"image\/jpeg\" \/>\n<meta name=\"author\" content=\"So Close\" \/>\n<meta name=\"twitter:card\" content=\"summary_large_image\" \/>\n<meta name=\"twitter:label1\" content=\"Escrito por\" \/>\n\t<meta name=\"twitter:data1\" content=\"So Close\" \/>\n\t<meta name=\"twitter:label2\" content=\"Tiempo de lectura\" \/>\n\t<meta name=\"twitter:data2\" content=\"2 minutos\" \/>\n<script type=\"application\/ld+json\" class=\"yoast-schema-graph\">{\"@context\":\"https:\/\/schema.org\",\"@graph\":[{\"@type\":\"Article\",\"@id\":\"https:\/\/soclose.mx\/blog\/tag\/juan-rulfo-frases-mujeres\/#article\",\"isPartOf\":{\"@id\":\"https:\/\/soclose.mx\/blog\/tag\/juan-rulfo-frases-mujeres\/\"},\"author\":{\"name\":\"So Close\",\"@id\":\"https:\/\/soclose.mx\/blog\/#\/schema\/person\/723eb117ab965b55c3e56b5d29751667\"},\"headline\":\"Nueva ENES de la UNAM: \u00bfd\u00f3nde estar\u00e1 y qu\u00e9 carreras tendr\u00e1?\",\"datePublished\":\"2025-04-15T01:19:09+00:00\",\"mainEntityOfPage\":{\"@id\":\"https:\/\/soclose.mx\/blog\/tag\/juan-rulfo-frases-mujeres\/\"},\"wordCount\":398,\"commentCount\":0,\"publisher\":{\"@id\":\"https:\/\/soclose.mx\/blog\/#organization\"},\"image\":{\"@id\":\"https:\/\/soclose.mx\/blog\/tag\/juan-rulfo-frases-mujeres\/#primaryimage\"},\"thumbnailUrl\":\"https:\/\/i0.wp.com\/soclose.mx\/blog\/wp-content\/uploads\/2025\/04\/ENES-de-la-UNAM-en-Oaxaca.jpg?fit=1920%2C1080&ssl=1\",\"keywords\":[\"Carreras Universitarias en Oaxaca\",\"Desarrollo Regional\",\"Educaci\u00f3n de Calidad en el Sur de M\u00e9xico\",\"Educaci\u00f3n Superior en Oaxaca\",\"ENES Oaxaca\",\"Fortalecimiento Educativo\",\"Iniciativas Educativas UNAM\",\"Instituciones Educativas en\",\"oaxaca\",\"Oportunidades Acad\u00e9micas\",\"Plan de Desarrollo Institucional UNAM\",\"Programas de Licenciatura\",\"unam\"],\"articleSection\":[\"News feed\"],\"inLanguage\":\"es\",\"potentialAction\":[{\"@type\":\"CommentAction\",\"name\":\"Comment\",\"target\":[\"https:\/\/soclose.mx\/blog\/tag\/juan-rulfo-frases-mujeres\/#respond\"]}]},{\"@type\":\"WebPage\",\"@id\":\"https:\/\/soclose.mx\/blog\/tag\/juan-rulfo-frases-mujeres\/\",\"url\":\"https:\/\/soclose.mx\/blog\/tag\/juan-rulfo-frases-mujeres\/\",\"name\":\"Nueva ENES de la UNAM: \u00bfd\u00f3nde estar\u00e1 y qu\u00e9 carreras tendr\u00e1? - So Close\",\"isPartOf\":{\"@id\":\"https:\/\/soclose.mx\/blog\/#website\"},\"primaryImageOfPage\":{\"@id\":\"https:\/\/soclose.mx\/blog\/tag\/juan-rulfo-frases-mujeres\/#primaryimage\"},\"image\":{\"@id\":\"https:\/\/soclose.mx\/blog\/tag\/juan-rulfo-frases-mujeres\/#primaryimage\"},\"thumbnailUrl\":\"https:\/\/i0.wp.com\/soclose.mx\/blog\/wp-content\/uploads\/2025\/04\/ENES-de-la-UNAM-en-Oaxaca.jpg?fit=1920%2C1080&ssl=1\",\"datePublished\":\"2025-04-15T01:19:09+00:00\",\"description\":\"La Nueva ENES de la UNAM forma parte del Plan de Desarrollo Institucional 2023-2027 que busca convertir a Oaxaca en un polo estrat\u00e9gico.\",\"breadcrumb\":{\"@id\":\"https:\/\/soclose.mx\/blog\/tag\/juan-rulfo-frases-mujeres\/#breadcrumb\"},\"inLanguage\":\"es\",\"potentialAction\":[{\"@type\":\"ReadAction\",\"target\":[\"https:\/\/soclose.mx\/blog\/tag\/juan-rulfo-frases-mujeres\/\"]}]},{\"@type\":\"ImageObject\",\"inLanguage\":\"es\",\"@id\":\"https:\/\/soclose.mx\/blog\/tag\/juan-rulfo-frases-mujeres\/#primaryimage\",\"url\":\"https:\/\/i0.wp.com\/soclose.mx\/blog\/wp-content\/uploads\/2025\/04\/ENES-de-la-UNAM-en-Oaxaca.jpg?fit=1920%2C1080&ssl=1\",\"contentUrl\":\"https:\/\/i0.wp.com\/soclose.mx\/blog\/wp-content\/uploads\/2025\/04\/ENES-de-la-UNAM-en-Oaxaca.jpg?fit=1920%2C1080&ssl=1\",\"width\":1920,\"height\":1080,\"caption\":\"ENES de la UNAM en Oaxaca\"},{\"@type\":\"BreadcrumbList\",\"@id\":\"https:\/\/soclose.mx\/blog\/tag\/juan-rulfo-frases-mujeres\/#breadcrumb\",\"itemListElement\":[{\"@type\":\"ListItem\",\"position\":1,\"name\":\"Inicio\",\"item\":\"https:\/\/soclose.mx\/blog\/\"},{\"@type\":\"ListItem\",\"position\":2,\"name\":\"Nueva ENES de la UNAM: \u00bfd\u00f3nde estar\u00e1 y qu\u00e9 carreras tendr\u00e1?\"}]},{\"@type\":\"WebSite\",\"@id\":\"https:\/\/soclose.mx\/blog\/#website\",\"url\":\"https:\/\/soclose.mx\/blog\/\",\"name\":\"So Close\",\"description\":\"Hacemos contenidos de M\u00e9xico\",\"publisher\":{\"@id\":\"https:\/\/soclose.mx\/blog\/#organization\"},\"potentialAction\":[{\"@type\":\"SearchAction\",\"target\":{\"@type\":\"EntryPoint\",\"urlTemplate\":\"https:\/\/soclose.mx\/blog\/?s={search_term_string}\"},\"query-input\":{\"@type\":\"PropertyValueSpecification\",\"valueRequired\":true,\"valueName\":\"search_term_string\"}}],\"inLanguage\":\"es\"},{\"@type\":\"Organization\",\"@id\":\"https:\/\/soclose.mx\/blog\/#organization\",\"name\":\"So Close\",\"url\":\"https:\/\/soclose.mx\/blog\/\",\"logo\":{\"@type\":\"ImageObject\",\"inLanguage\":\"es\",\"@id\":\"https:\/\/soclose.mx\/blog\/#\/schema\/logo\/image\/\",\"url\":\"https:\/\/i0.wp.com\/soclose.mx\/blog\/wp-content\/uploads\/2020\/12\/LOGO_SOCLOSE_COLOR-e1608310133507.png?fit=2858%2C1264&ssl=1\",\"contentUrl\":\"https:\/\/i0.wp.com\/soclose.mx\/blog\/wp-content\/uploads\/2020\/12\/LOGO_SOCLOSE_COLOR-e1608310133507.png?fit=2858%2C1264&ssl=1\",\"width\":2858,\"height\":1264,\"caption\":\"So Close\"},\"image\":{\"@id\":\"https:\/\/soclose.mx\/blog\/#\/schema\/logo\/image\/\"}},{\"@type\":\"Person\",\"@id\":\"https:\/\/soclose.mx\/blog\/#\/schema\/person\/723eb117ab965b55c3e56b5d29751667\",\"name\":\"So Close\",\"image\":{\"@type\":\"ImageObject\",\"inLanguage\":\"es\",\"@id\":\"https:\/\/soclose.mx\/blog\/#\/schema\/person\/image\/\",\"url\":\"https:\/\/secure.gravatar.com\/avatar\/5a1d1d694eaf6d2c28f450f0984cbb34821b92dc49c1d088c0250fbc6a48efec?s=96&d=mm&r=g\",\"contentUrl\":\"https:\/\/secure.gravatar.com\/avatar\/5a1d1d694eaf6d2c28f450f0984cbb34821b92dc49c1d088c0250fbc6a48efec?s=96&d=mm&r=g\",\"caption\":\"So Close\"},\"sameAs\":[\"http:\/\/www.soclose.mx\",\"https:\/\/www.youtube.com\/@soclosemx\"],\"url\":\"https:\/\/soclose.mx\/blog\/author\/admin\/\"}]}<\/script>\n<!-- \/ Yoast SEO plugin. -->","yoast_head_json":{"title":"Nueva ENES de la UNAM: \u00bfd\u00f3nde estar\u00e1 y qu\u00e9 carreras tendr\u00e1? - So Close","description":"La Nueva ENES de la UNAM forma parte del Plan de Desarrollo Institucional 2023-2027 que busca convertir a Oaxaca en un polo estrat\u00e9gico.","robots":{"index":"index","follow":"follow","max-snippet":"max-snippet:-1","max-image-preview":"max-image-preview:large","max-video-preview":"max-video-preview:-1"},"canonical":"https:\/\/soclose.mx\/blog\/tag\/juan-rulfo-frases-mujeres\/","og_locale":"es_MX","og_type":"article","og_title":"Nueva ENES de la UNAM: \u00bfd\u00f3nde estar\u00e1 y qu\u00e9 carreras tendr\u00e1? - So Close","og_description":"La Nueva ENES de la UNAM forma parte del Plan de Desarrollo Institucional 2023-2027 que busca convertir a Oaxaca en un polo estrat\u00e9gico.","og_url":"https:\/\/soclose.mx\/blog\/tag\/juan-rulfo-frases-mujeres\/","og_site_name":"So Close","article_published_time":"2025-04-15T01:19:09+00:00","og_image":[{"width":1920,"height":1080,"url":"https:\/\/i0.wp.com\/soclose.mx\/blog\/wp-content\/uploads\/2025\/04\/ENES-de-la-UNAM-en-Oaxaca.jpg?fit=1920%2C1080&ssl=1","type":"image\/jpeg"}],"author":"So Close","twitter_card":"summary_large_image","twitter_misc":{"Escrito por":"So Close","Tiempo de lectura":"2 minutos"},"schema":{"@context":"https:\/\/schema.org","@graph":[{"@type":"Article","@id":"https:\/\/soclose.mx\/blog\/tag\/juan-rulfo-frases-mujeres\/#article","isPartOf":{"@id":"https:\/\/soclose.mx\/blog\/tag\/juan-rulfo-frases-mujeres\/"},"author":{"name":"So Close","@id":"https:\/\/soclose.mx\/blog\/#\/schema\/person\/723eb117ab965b55c3e56b5d29751667"},"headline":"Nueva ENES de la UNAM: \u00bfd\u00f3nde estar\u00e1 y qu\u00e9 carreras tendr\u00e1?","datePublished":"2025-04-15T01:19:09+00:00","mainEntityOfPage":{"@id":"https:\/\/soclose.mx\/blog\/tag\/juan-rulfo-frases-mujeres\/"},"wordCount":398,"commentCount":0,"publisher":{"@id":"https:\/\/soclose.mx\/blog\/#organization"},"image":{"@id":"https:\/\/soclose.mx\/blog\/tag\/juan-rulfo-frases-mujeres\/#primaryimage"},"thumbnailUrl":"https:\/\/i0.wp.com\/soclose.mx\/blog\/wp-content\/uploads\/2025\/04\/ENES-de-la-UNAM-en-Oaxaca.jpg?fit=1920%2C1080&ssl=1","keywords":["Carreras Universitarias en Oaxaca","Desarrollo Regional","Educaci\u00f3n de Calidad en el Sur de M\u00e9xico","Educaci\u00f3n Superior en Oaxaca","ENES Oaxaca","Fortalecimiento Educativo","Iniciativas Educativas UNAM","Instituciones Educativas en","oaxaca","Oportunidades Acad\u00e9micas","Plan de Desarrollo Institucional UNAM","Programas de Licenciatura","unam"],"articleSection":["News feed"],"inLanguage":"es","potentialAction":[{"@type":"CommentAction","name":"Comment","target":["https:\/\/soclose.mx\/blog\/tag\/juan-rulfo-frases-mujeres\/#respond"]}]},{"@type":"WebPage","@id":"https:\/\/soclose.mx\/blog\/tag\/juan-rulfo-frases-mujeres\/","url":"https:\/\/soclose.mx\/blog\/tag\/juan-rulfo-frases-mujeres\/","name":"Nueva ENES de la UNAM: \u00bfd\u00f3nde estar\u00e1 y qu\u00e9 carreras tendr\u00e1? - So Close","isPartOf":{"@id":"https:\/\/soclose.mx\/blog\/#website"},"primaryImageOfPage":{"@id":"https:\/\/soclose.mx\/blog\/tag\/juan-rulfo-frases-mujeres\/#primaryimage"},"image":{"@id":"https:\/\/soclose.mx\/blog\/tag\/juan-rulfo-frases-mujeres\/#primaryimage"},"thumbnailUrl":"https:\/\/i0.wp.com\/soclose.mx\/blog\/wp-content\/uploads\/2025\/04\/ENES-de-la-UNAM-en-Oaxaca.jpg?fit=1920%2C1080&ssl=1","datePublished":"2025-04-15T01:19:09+00:00","description":"La Nueva ENES de la UNAM forma parte del Plan de Desarrollo Institucional 2023-2027 que busca convertir a Oaxaca en un polo estrat\u00e9gico.","breadcrumb":{"@id":"https:\/\/soclose.mx\/blog\/tag\/juan-rulfo-frases-mujeres\/#breadcrumb"},"inLanguage":"es","potentialAction":[{"@type":"ReadAction","target":["https:\/\/soclose.mx\/blog\/tag\/juan-rulfo-frases-mujeres\/"]}]},{"@type":"ImageObject","inLanguage":"es","@id":"https:\/\/soclose.mx\/blog\/tag\/juan-rulfo-frases-mujeres\/#primaryimage","url":"https:\/\/i0.wp.com\/soclose.mx\/blog\/wp-content\/uploads\/2025\/04\/ENES-de-la-UNAM-en-Oaxaca.jpg?fit=1920%2C1080&ssl=1","contentUrl":"https:\/\/i0.wp.com\/soclose.mx\/blog\/wp-content\/uploads\/2025\/04\/ENES-de-la-UNAM-en-Oaxaca.jpg?fit=1920%2C1080&ssl=1","width":1920,"height":1080,"caption":"ENES de la UNAM en Oaxaca"},{"@type":"BreadcrumbList","@id":"https:\/\/soclose.mx\/blog\/tag\/juan-rulfo-frases-mujeres\/#breadcrumb","itemListElement":[{"@type":"ListItem","position":1,"name":"Inicio","item":"https:\/\/soclose.mx\/blog\/"},{"@type":"ListItem","position":2,"name":"Nueva ENES de la UNAM: \u00bfd\u00f3nde estar\u00e1 y qu\u00e9 carreras tendr\u00e1?"}]},{"@type":"WebSite","@id":"https:\/\/soclose.mx\/blog\/#website","url":"https:\/\/soclose.mx\/blog\/","name":"So Close","description":"Hacemos contenidos de M\u00e9xico","publisher":{"@id":"https:\/\/soclose.mx\/blog\/#organization"},"potentialAction":[{"@type":"SearchAction","target":{"@type":"EntryPoint","urlTemplate":"https:\/\/soclose.mx\/blog\/?s={search_term_string}"},"query-input":{"@type":"PropertyValueSpecification","valueRequired":true,"valueName":"search_term_string"}}],"inLanguage":"es"},{"@type":"Organization","@id":"https:\/\/soclose.mx\/blog\/#organization","name":"So Close","url":"https:\/\/soclose.mx\/blog\/","logo":{"@type":"ImageObject","inLanguage":"es","@id":"https:\/\/soclose.mx\/blog\/#\/schema\/logo\/image\/","url":"https:\/\/i0.wp.com\/soclose.mx\/blog\/wp-content\/uploads\/2020\/12\/LOGO_SOCLOSE_COLOR-e1608310133507.png?fit=2858%2C1264&ssl=1","contentUrl":"https:\/\/i0.wp.com\/soclose.mx\/blog\/wp-content\/uploads\/2020\/12\/LOGO_SOCLOSE_COLOR-e1608310133507.png?fit=2858%2C1264&ssl=1","width":2858,"height":1264,"caption":"So Close"},"image":{"@id":"https:\/\/soclose.mx\/blog\/#\/schema\/logo\/image\/"}},{"@type":"Person","@id":"https:\/\/soclose.mx\/blog\/#\/schema\/person\/723eb117ab965b55c3e56b5d29751667","name":"So Close","image":{"@type":"ImageObject","inLanguage":"es","@id":"https:\/\/soclose.mx\/blog\/#\/schema\/person\/image\/","url":"https:\/\/secure.gravatar.com\/avatar\/5a1d1d694eaf6d2c28f450f0984cbb34821b92dc49c1d088c0250fbc6a48efec?s=96&d=mm&r=g","contentUrl":"https:\/\/secure.gravatar.com\/avatar\/5a1d1d694eaf6d2c28f450f0984cbb34821b92dc49c1d088c0250fbc6a48efec?s=96&d=mm&r=g","caption":"So Close"},"sameAs":["http:\/\/www.soclose.mx","https:\/\/www.youtube.com\/@soclosemx"],"url":"https:\/\/soclose.mx\/blog\/author\/admin\/"}]}},"jetpack_featured_media_url":"https:\/\/i0.wp.com\/soclose.mx\/blog\/wp-content\/uploads\/2025\/04\/ENES-de-la-UNAM-en-Oaxaca.jpg?fit=1920%2C1080&ssl=1","jetpack-related-posts":[{"id":7214,"url":"https:\/\/soclose.mx\/blog\/news-feed\/crea-unam-la-licenciatura-en-turismo-y-desarrollo-sostenible\/","url_meta":{"origin":14788,"position":0},"title":"Crea UNAM la Licenciatura en Turismo y Desarrollo Sostenible","author":"Miguel Angel Romero","date":"9 septiembre, 2021","format":false,"excerpt":"El Consejo Universitario de la Universidad Nacional Aut\u00f3noma de M\u00e9xico (UNAM) aprob\u00f3 la creaci\u00f3n de la Licenciatura en\u00a0Turismo y Desarrollo Sostenible, con la cual llega a 131 carreras en su oferta educativa. La m\u00e1xima casa de estudios indic\u00f3 que la licenciatura se impartir\u00e1 en la Escuela Nacional de Estudios Superiores\u2026","rel":"","context":"En &quot;News feed&quot;","block_context":{"text":"News feed","link":"https:\/\/soclose.mx\/blog\/category\/news-feed\/"},"img":{"alt_text":"","src":"https:\/\/i0.wp.com\/soclose.mx\/blog\/wp-content\/uploads\/2021\/09\/Principal-So-Close-blog-8-1.jpg?fit=1200%2C677&ssl=1&resize=350%2C200","width":350,"height":200,"srcset":"https:\/\/i0.wp.com\/soclose.mx\/blog\/wp-content\/uploads\/2021\/09\/Principal-So-Close-blog-8-1.jpg?fit=1200%2C677&ssl=1&resize=350%2C200 1x, https:\/\/i0.wp.com\/soclose.mx\/blog\/wp-content\/uploads\/2021\/09\/Principal-So-Close-blog-8-1.jpg?fit=1200%2C677&ssl=1&resize=525%2C300 1.5x, https:\/\/i0.wp.com\/soclose.mx\/blog\/wp-content\/uploads\/2021\/09\/Principal-So-Close-blog-8-1.jpg?fit=1200%2C677&ssl=1&resize=700%2C400 2x, https:\/\/i0.wp.com\/soclose.mx\/blog\/wp-content\/uploads\/2021\/09\/Principal-So-Close-blog-8-1.jpg?fit=1200%2C677&ssl=1&resize=1050%2C600 3x"},"classes":[]},{"id":9021,"url":"https:\/\/soclose.mx\/blog\/ay-goeeee\/profesor-de-la-unam-se-disfraza-de-superheroes-y-villanos\/","url_meta":{"origin":14788,"position":1},"title":"Profesor de la UNAM se disfraza de superh\u00e9roes y villanos","author":"Miguel Angel Romero","date":"3 marzo, 2022","format":false,"excerpt":"Gonzalo Levi Obreg\u00f3n, un profesor de posgrado que trabaja en la Universidad Nacional Aut\u00f3noma de M\u00e9xico (UNAM) se viraliz\u00f3 por utilizar disfraces de superh\u00e9roes y personajes de pel\u00edculas para impartir sus clases. El maestro encontr\u00f3 en los disfraces una estrategia educativa para impactar de manera positiva en sus alumnos. Levi\u2026","rel":"","context":"En &quot;\u00a1Ay goeeee!&quot;","block_context":{"text":"\u00a1Ay goeeee!","link":"https:\/\/soclose.mx\/blog\/category\/ay-goeeee\/"},"img":{"alt_text":"","src":"https:\/\/i0.wp.com\/soclose.mx\/blog\/wp-content\/uploads\/2022\/03\/Copia-de-Principal-So-Close-blog-1.png?fit=1200%2C677&ssl=1&resize=350%2C200","width":350,"height":200,"srcset":"https:\/\/i0.wp.com\/soclose.mx\/blog\/wp-content\/uploads\/2022\/03\/Copia-de-Principal-So-Close-blog-1.png?fit=1200%2C677&ssl=1&resize=350%2C200 1x, https:\/\/i0.wp.com\/soclose.mx\/blog\/wp-content\/uploads\/2022\/03\/Copia-de-Principal-So-Close-blog-1.png?fit=1200%2C677&ssl=1&resize=525%2C300 1.5x, https:\/\/i0.wp.com\/soclose.mx\/blog\/wp-content\/uploads\/2022\/03\/Copia-de-Principal-So-Close-blog-1.png?fit=1200%2C677&ssl=1&resize=700%2C400 2x, https:\/\/i0.wp.com\/soclose.mx\/blog\/wp-content\/uploads\/2022\/03\/Copia-de-Principal-So-Close-blog-1.png?fit=1200%2C677&ssl=1&resize=1050%2C600 3x"},"classes":[]},{"id":12924,"url":"https:\/\/soclose.mx\/blog\/a-la-mexicana\/los-casos-mas-extranos-de-las-elecciones-en-mexico\/","url_meta":{"origin":14788,"position":2},"title":"Los casos m\u00e1s extra\u00f1os de las elecciones en M\u00e9xico","author":"Emmanuel Oviedo","date":"5 febrero, 2024","format":false,"excerpt":"En la historia de nuestra naci\u00f3n se ha luchado por la democracia. Eso s\u00ed,\u00a0 con manifestaciones y con discurso espectaculares. Por otro lado, las fuerzas contrarios de la corrupci\u00f3n y los fraudes son inevitables. Por ellos, las elecciones se vuelve un campo de batalla entre la justicia y la violencia.\u2026","rel":"","context":"En &quot;A la mexicana&quot;","block_context":{"text":"A la mexicana","link":"https:\/\/soclose.mx\/blog\/category\/a-la-mexicana\/"},"img":{"alt_text":"","src":"https:\/\/i0.wp.com\/soclose.mx\/blog\/wp-content\/uploads\/2024\/01\/Elecciones.jpg?fit=800%2C533&ssl=1&resize=350%2C200","width":350,"height":200,"srcset":"https:\/\/i0.wp.com\/soclose.mx\/blog\/wp-content\/uploads\/2024\/01\/Elecciones.jpg?fit=800%2C533&ssl=1&resize=350%2C200 1x, https:\/\/i0.wp.com\/soclose.mx\/blog\/wp-content\/uploads\/2024\/01\/Elecciones.jpg?fit=800%2C533&ssl=1&resize=525%2C300 1.5x, https:\/\/i0.wp.com\/soclose.mx\/blog\/wp-content\/uploads\/2024\/01\/Elecciones.jpg?fit=800%2C533&ssl=1&resize=700%2C400 2x"},"classes":[]},{"id":14552,"url":"https:\/\/soclose.mx\/blog\/bebida\/la-hierba-del-borracho-un-tesoro-medicinal-mexicano\/","url_meta":{"origin":14788,"position":3},"title":"La Hierba del Borracho: Un Tesoro Medicinal Mexicano","author":"So Close","date":"17 diciembre, 2024","format":false,"excerpt":"La Hierba del Borracho, conocida cient\u00edficamente como Clinopodium macrostemum, es una planta end\u00e9mica de M\u00e9xico que pertenece a la familia Lamiaceae. Esta hierba, tambi\u00e9n llamada hierba de monte, poleo o tochel, se distribuye principalmente en los estados de Jalisco, Michoac\u00e1n, Estado de M\u00e9xico, Morelos, Guerrero, Puebla y Oaxaca. Su uso\u2026","rel":"","context":"En &quot;Bebida&quot;","block_context":{"text":"Bebida","link":"https:\/\/soclose.mx\/blog\/category\/bebida\/"},"img":{"alt_text":"hierba del borracho","src":"https:\/\/i0.wp.com\/soclose.mx\/blog\/wp-content\/uploads\/2024\/12\/hierba-del-borracho.jpg?fit=1200%2C675&ssl=1&resize=350%2C200","width":350,"height":200,"srcset":"https:\/\/i0.wp.com\/soclose.mx\/blog\/wp-content\/uploads\/2024\/12\/hierba-del-borracho.jpg?fit=1200%2C675&ssl=1&resize=350%2C200 1x, https:\/\/i0.wp.com\/soclose.mx\/blog\/wp-content\/uploads\/2024\/12\/hierba-del-borracho.jpg?fit=1200%2C675&ssl=1&resize=525%2C300 1.5x, https:\/\/i0.wp.com\/soclose.mx\/blog\/wp-content\/uploads\/2024\/12\/hierba-del-borracho.jpg?fit=1200%2C675&ssl=1&resize=700%2C400 2x, https:\/\/i0.wp.com\/soclose.mx\/blog\/wp-content\/uploads\/2024\/12\/hierba-del-borracho.jpg?fit=1200%2C675&ssl=1&resize=1050%2C600 3x"},"classes":[]},{"id":15015,"url":"https:\/\/soclose.mx\/blog\/news-feed\/unam-desarrolla-vacuna-contra-el-cancer-de-mama\/","url_meta":{"origin":14788,"position":4},"title":"UNAM desarrolla vacuna contra el c\u00e1ncer de Mama","author":"So Close","date":"5 enero, 2026","format":false,"excerpt":"La UNAM desarrolla vacuna contra el c\u00e1ncer de Mama la cual activa el sistema inmune para curarlo, inhibir otros tipos y eliminar met\u00e1stasis en modelos de laboratorio, seg\u00fan su bolet\u00edn oficial publicado en diciembre de 2025. El c\u00e1ncer de mama representa la principal causa de fallecimiento en mujeres mexicanas, con\u2026","rel":"","context":"En &quot;News feed&quot;","block_context":{"text":"News feed","link":"https:\/\/soclose.mx\/blog\/category\/news-feed\/"},"img":{"alt_text":"Vacuna","src":"https:\/\/i0.wp.com\/soclose.mx\/blog\/wp-content\/uploads\/2026\/01\/Salma-Hayek-5.jpg?fit=1200%2C675&ssl=1&resize=350%2C200","width":350,"height":200,"srcset":"https:\/\/i0.wp.com\/soclose.mx\/blog\/wp-content\/uploads\/2026\/01\/Salma-Hayek-5.jpg?fit=1200%2C675&ssl=1&resize=350%2C200 1x, https:\/\/i0.wp.com\/soclose.mx\/blog\/wp-content\/uploads\/2026\/01\/Salma-Hayek-5.jpg?fit=1200%2C675&ssl=1&resize=525%2C300 1.5x, https:\/\/i0.wp.com\/soclose.mx\/blog\/wp-content\/uploads\/2026\/01\/Salma-Hayek-5.jpg?fit=1200%2C675&ssl=1&resize=700%2C400 2x, https:\/\/i0.wp.com\/soclose.mx\/blog\/wp-content\/uploads\/2026\/01\/Salma-Hayek-5.jpg?fit=1200%2C675&ssl=1&resize=1050%2C600 3x"},"classes":[]},{"id":5989,"url":"https:\/\/soclose.mx\/blog\/news-feed\/cumplen-100-anos-escudo-y-lema-de-la-unam-por-mi-raza-hablara-el-espiritu\/","url_meta":{"origin":14788,"position":5},"title":"Cumplen 100 a\u00f1os escudo y lema de la UNAM: \u201cPor mi raza hablar\u00e1 el esp\u00edritu\u201d","author":"So Close","date":"27 abril, 2021","format":false,"excerpt":"Este 27 de abril se cumple un siglo de que el Consejo de Educaci\u00f3n mexicano aprobara, a propuesta del rector Jos\u00e9 Vasconcelos, el escudo y el lema de la Universidad Nacional Aut\u00f3noma de M\u00e9xico (UNAM). S\u00edmbolos de identidad universitaria, el escudo que muestra el lema \u201cPor mi raza hablar\u00e1 el\u2026","rel":"","context":"En &quot;News feed&quot;","block_context":{"text":"News feed","link":"https:\/\/soclose.mx\/blog\/category\/news-feed\/"},"img":{"alt_text":"","src":"https:\/\/i0.wp.com\/soclose.mx\/blog\/wp-content\/uploads\/2021\/04\/Principal-So-Close-blog.jpg?fit=1200%2C677&ssl=1&resize=350%2C200","width":350,"height":200,"srcset":"https:\/\/i0.wp.com\/soclose.mx\/blog\/wp-content\/uploads\/2021\/04\/Principal-So-Close-blog.jpg?fit=1200%2C677&ssl=1&resize=350%2C200 1x, https:\/\/i0.wp.com\/soclose.mx\/blog\/wp-content\/uploads\/2021\/04\/Principal-So-Close-blog.jpg?fit=1200%2C677&ssl=1&resize=525%2C300 1.5x, https:\/\/i0.wp.com\/soclose.mx\/blog\/wp-content\/uploads\/2021\/04\/Principal-So-Close-blog.jpg?fit=1200%2C677&ssl=1&resize=700%2C400 2x, https:\/\/i0.wp.com\/soclose.mx\/blog\/wp-content\/uploads\/2021\/04\/Principal-So-Close-blog.jpg?fit=1200%2C677&ssl=1&resize=1050%2C600 3x"},"classes":[]}],"jetpack_sharing_enabled":true,"_links":{"self":[{"href":"https:\/\/soclose.mx\/blog\/wp-json\/wp\/v2\/posts\/14788","targetHints":{"allow":["GET"]}}],"collection":[{"href":"https:\/\/soclose.mx\/blog\/wp-json\/wp\/v2\/posts"}],"about":[{"href":"https:\/\/soclose.mx\/blog\/wp-json\/wp\/v2\/types\/post"}],"author":[{"embeddable":true,"href":"https:\/\/soclose.mx\/blog\/wp-json\/wp\/v2\/users\/1"}],"replies":[{"embeddable":true,"href":"https:\/\/soclose.mx\/blog\/wp-json\/wp\/v2\/comments?post=14788"}],"version-history":[{"count":0,"href":"https:\/\/soclose.mx\/blog\/wp-json\/wp\/v2\/posts\/14788\/revisions"}],"wp:featuredmedia":[{"embeddable":true,"href":"https:\/\/soclose.mx\/blog\/wp-json\/wp\/v2\/media\/14789"}],"wp:attachment":[{"href":"https:\/\/soclose.mx\/blog\/wp-json\/wp\/v2\/media?parent=14788"}],"wp:term":[{"taxonomy":"category","embeddable":true,"href":"https:\/\/soclose.mx\/blog\/wp-json\/wp\/v2\/categories?post=14788"},{"taxonomy":"post_tag","embeddable":true,"href":"https:\/\/soclose.mx\/blog\/wp-json\/wp\/v2\/tags?post=14788"}],"curies":[{"name":"wp","href":"https:\/\/api.w.org\/{rel}","templated":true}]}}