{"id":14804,"date":"2025-04-22T20:19:25","date_gmt":"2025-04-23T02:19:25","guid":{"rendered":"https:\/\/soclose.mx\/blog\/?p=14804"},"modified":"2025-04-22T20:19:25","modified_gmt":"2025-04-23T02:19:25","slug":"la-historia-detras-de-la-banda-de-carlos-santana-origen-miembros-y-exito-mundial","status":"publish","type":"post","link":"https:\/\/soclose.mx\/blog\/mitos-y-leyendas\/la-historia-detras-de-la-banda-de-carlos-santana-origen-miembros-y-exito-mundial\/","title":{"rendered":"La historia detr\u00e1s de la banda de Carlos Santana: origen, miembros y \u00e9xito mundial"},"content":{"rendered":"<p class=\"p1\">La <strong>historia detr\u00e1s de la banda de Carlos Santana<\/strong> es un relato fascinante que se enmarca en la efervescente escena musical de San Francisco durante los a\u00f1os 60. En 1966, <a href=\"https:\/\/www.santana.com\/\" target=\"_blank\" rel=\"noopener\">Carlos Santana<\/a>, un joven guitarrista mexicano originario de Autl\u00e1n de Navarro, Jalisco, decidi\u00f3 formar un grupo que fusionara el rock con ritmos latinos y afrocubanos, creando as\u00ed un sonido innovador que marcar\u00eda un antes y un despu\u00e9s en la m\u00fasica mundial.<\/p>\n<h2 class=\"p1\">As\u00ed comenz\u00f3 la historia detr\u00e1s de la banda de Carlos Santana<\/h2>\n<p class=\"p1\">Antes de formar la banda, Carlos Santana ya hab\u00eda desarrollado su talento musical desde ni\u00f1o, influenciado por su padre, violinista de <a href=\"https:\/\/soclose.mx\/blog\/ay-goeeee\/el-curioso-origen-del-tradicional-mariachi\/\" target=\"_blank\" rel=\"noopener\">mariachi,<\/a> y por el ambiente multicultural en el que creci\u00f3. Tras mudarse con su familia a San Francisco, Santana se integr\u00f3 a la vibrante escena musical local, donde comenz\u00f3 a tocar en clubes y a conectar con otros m\u00fasicos de la zona. Fue en ese contexto que, en 1966, fund\u00f3 la Santana Blues Band, nombre original de la agrupaci\u00f3n, junto con m\u00fasicos como Gregg Rolie (teclados y voz), David Brown (bajo), Michael Carabello (percusi\u00f3n), Tom Frazier (guitarra r\u00edtmica) y Marcus Malone (percusi\u00f3n), aunque esta alineaci\u00f3n sufri\u00f3 cambios en sus primeros a\u00f1os.<\/p>\n<p class=\"p1\">La banda enfrent\u00f3 dudas iniciales, ya que fusionar rock con m\u00fasica latina era una propuesta poco com\u00fan y arriesgada. Sin embargo, su talento y originalidad captaron la atenci\u00f3n del promotor Bill Graham, quien les dio la oportunidad de tocar en el famoso club Fillmore West y, m\u00e1s importante a\u00fan, de presentarse en el Festival de Woodstock en 1969, antes de que su primer \u00e1lbum fuera lanzado. Su actuaci\u00f3n en Woodstock, especialmente con la pieza instrumental &#8220;Soul Sacrifice&#8221;, fue un momento decisivo que los catapult\u00f3 a la fama internacional.<\/p>\n<p class=\"p1\">En agosto de 1969, Santana lanz\u00f3 su \u00e1lbum debut, titulado simplemente <i>Santana<\/i>, que inclu\u00eda \u00e9xitos como &#8220;Evil Ways&#8221;. Este disco fue un \u00e9xito comercial y cr\u00edtico, llegando al cuarto lugar en las listas estadounidenses. El sonido distintivo de la banda, que combinaba la guitarra mel\u00f3dica y expresiva de Carlos con una base r\u00edtmica enriquecida por percusiones latinas, se convirti\u00f3 en su sello caracter\u00edstico.<\/p>\n<p class=\"p1\">A lo largo de los a\u00f1os siguientes, la banda continu\u00f3 evolucionando, incorporando influencias de jazz y explorando nuevas direcciones musicales, lo que provoc\u00f3 cambios en su alineaci\u00f3n. Miembros como Michael Shrieve (bater\u00eda), Jos\u00e9 \u201cChepito\u201d \u00c1reas (percusi\u00f3n) y Michael Carabello ayudaron a consolidar el estilo \u00fanico de Santana, mientras que Carlos Santana mismo se adentraba en una b\u00fasqueda espiritual que influy\u00f3 en la m\u00fasica del grupo.<\/p>\n<p class=\"p1\">En resumen, la <strong>historia detr\u00e1s de la banda de Carlos Santana<\/strong> y su la formaci\u00f3n fue el resultado de la visi\u00f3n del mexicano de fusionar g\u00e9neros y culturas en un momento hist\u00f3rico de cambio social y musical. Su \u00e9xito en Woodstock y su innovador estilo latino-rock los posicionaron como pioneros y leyendas vivas, dejando una huella imborrable en la historia del rock y la m\u00fasica latina.<\/p>\n","protected":false},"excerpt":{"rendered":"<p>La historia detr\u00e1s de la banda de Carlos Santana es un relato fascinante que se enmarca en la efervescente escena musical de San Francisco durante los a\u00f1os 60. En 1966, Carlos Santana, un joven guitarrista mexicano originario de Autl\u00e1n de Navarro, Jalisco, decidi\u00f3 formar un grupo que fusionara el rock con ritmos latinos y afrocubanos, creando as\u00ed un sonido innovador que marcar\u00eda un antes y un despu\u00e9s en la m\u00fasica mundial. As\u00ed comenz\u00f3 la historia detr\u00e1s de la banda de Carlos Santana Antes de formar la banda, Carlos Santana ya hab\u00eda desarrollado su talento musical desde ni\u00f1o, influenciado por su<\/p>\n","protected":false},"author":1,"featured_media":14805,"comment_status":"open","ping_status":"open","sticky":false,"template":"","format":"standard","meta":{"_jetpack_memberships_contains_paid_content":false,"footnotes":""},"categories":[1,3352],"tags":[4493,4496,4494,4501,4495,4498,4502,4497,4500,4499],"class_list":["post-14804","post","type-post","status-publish","format-standard","has-post-thumbnail","hentry","category-ay-goeeee","category-mitos-y-leyendas","tag-banda-santana","tag-carlos-santana","tag-formacion-de-santana","tag-fusion-rock-y-ritmos-latinos","tag-historia-de-santana","tag-musica-latina-rock","tag-musicos-de-santana","tag-origen-de-la-banda-santana","tag-santana-blues-band","tag-woodstock-santana"],"yoast_head":"<!-- This site is optimized with the Yoast SEO plugin v26.7 - https:\/\/yoast.com\/wordpress\/plugins\/seo\/ -->\n<title>La historia detr\u00e1s de la banda de Carlos Santana: origen, miembros y \u00e9xito mundial - So Close<\/title>\n<meta name=\"description\" content=\"La historia detr\u00e1s de la banda de Carlos Santana se enmarca en la efervescente escena musical de San Francisco durante los a\u00f1os 60.\" \/>\n<meta name=\"robots\" content=\"index, follow, max-snippet:-1, max-image-preview:large, max-video-preview:-1\" \/>\n<link rel=\"canonical\" href=\"https:\/\/soclose.mx\/blog\/tag\/juan-rulfo-frases-mujeres\/\" \/>\n<meta property=\"og:locale\" content=\"es_MX\" \/>\n<meta property=\"og:type\" content=\"article\" \/>\n<meta property=\"og:title\" content=\"La historia detr\u00e1s de la banda de Carlos Santana: origen, miembros y \u00e9xito mundial - So Close\" \/>\n<meta property=\"og:description\" content=\"La historia detr\u00e1s de la banda de Carlos Santana se enmarca en la efervescente escena musical de San Francisco durante los a\u00f1os 60.\" \/>\n<meta property=\"og:url\" content=\"https:\/\/soclose.mx\/blog\/tag\/juan-rulfo-frases-mujeres\/\" \/>\n<meta property=\"og:site_name\" content=\"So Close\" \/>\n<meta property=\"article:published_time\" content=\"2025-04-23T02:19:25+00:00\" \/>\n<meta property=\"og:image\" content=\"https:\/\/i0.wp.com\/soclose.mx\/blog\/wp-content\/uploads\/2025\/04\/Carlos-Santana.jpg?fit=1920%2C1080&ssl=1\" \/>\n\t<meta property=\"og:image:width\" content=\"1920\" \/>\n\t<meta property=\"og:image:height\" content=\"1080\" \/>\n\t<meta property=\"og:image:type\" content=\"image\/jpeg\" \/>\n<meta name=\"author\" content=\"So Close\" \/>\n<meta name=\"twitter:card\" content=\"summary_large_image\" \/>\n<meta name=\"twitter:label1\" content=\"Escrito por\" \/>\n\t<meta name=\"twitter:data1\" content=\"So Close\" \/>\n\t<meta name=\"twitter:label2\" content=\"Tiempo de lectura\" \/>\n\t<meta name=\"twitter:data2\" content=\"3 minutos\" \/>\n<script type=\"application\/ld+json\" class=\"yoast-schema-graph\">{\"@context\":\"https:\/\/schema.org\",\"@graph\":[{\"@type\":\"Article\",\"@id\":\"https:\/\/soclose.mx\/blog\/tag\/juan-rulfo-frases-mujeres\/#article\",\"isPartOf\":{\"@id\":\"https:\/\/soclose.mx\/blog\/tag\/juan-rulfo-frases-mujeres\/\"},\"author\":{\"name\":\"So Close\",\"@id\":\"https:\/\/soclose.mx\/blog\/#\/schema\/person\/723eb117ab965b55c3e56b5d29751667\"},\"headline\":\"La historia detr\u00e1s de la banda de Carlos Santana: origen, miembros y \u00e9xito mundial\",\"datePublished\":\"2025-04-23T02:19:25+00:00\",\"mainEntityOfPage\":{\"@id\":\"https:\/\/soclose.mx\/blog\/tag\/juan-rulfo-frases-mujeres\/\"},\"wordCount\":526,\"commentCount\":0,\"publisher\":{\"@id\":\"https:\/\/soclose.mx\/blog\/#organization\"},\"image\":{\"@id\":\"https:\/\/soclose.mx\/blog\/tag\/juan-rulfo-frases-mujeres\/#primaryimage\"},\"thumbnailUrl\":\"https:\/\/i0.wp.com\/soclose.mx\/blog\/wp-content\/uploads\/2025\/04\/Carlos-Santana.jpg?fit=1920%2C1080&ssl=1\",\"keywords\":[\"banda Santana\",\"Carlos Santana\",\"formaci\u00f3n de Santana\",\"fusi\u00f3n rock y ritmos latinos\",\"historia de Santana\",\"m\u00fasica latina rock\",\"m\u00fasicos de Santana\",\"origen de la banda Santana\",\"Santana Blues Band\",\"Woodstock Santana\"],\"articleSection\":[\"\u00a1Ay goeeee!\",\"Mitos y leyendas\"],\"inLanguage\":\"es\",\"potentialAction\":[{\"@type\":\"CommentAction\",\"name\":\"Comment\",\"target\":[\"https:\/\/soclose.mx\/blog\/tag\/juan-rulfo-frases-mujeres\/#respond\"]}]},{\"@type\":\"WebPage\",\"@id\":\"https:\/\/soclose.mx\/blog\/tag\/juan-rulfo-frases-mujeres\/\",\"url\":\"https:\/\/soclose.mx\/blog\/tag\/juan-rulfo-frases-mujeres\/\",\"name\":\"La historia detr\u00e1s de la banda de Carlos Santana: origen, miembros y \u00e9xito mundial - So Close\",\"isPartOf\":{\"@id\":\"https:\/\/soclose.mx\/blog\/#website\"},\"primaryImageOfPage\":{\"@id\":\"https:\/\/soclose.mx\/blog\/tag\/juan-rulfo-frases-mujeres\/#primaryimage\"},\"image\":{\"@id\":\"https:\/\/soclose.mx\/blog\/tag\/juan-rulfo-frases-mujeres\/#primaryimage\"},\"thumbnailUrl\":\"https:\/\/i0.wp.com\/soclose.mx\/blog\/wp-content\/uploads\/2025\/04\/Carlos-Santana.jpg?fit=1920%2C1080&ssl=1\",\"datePublished\":\"2025-04-23T02:19:25+00:00\",\"description\":\"La historia detr\u00e1s de la banda de Carlos Santana se enmarca en la efervescente escena musical de San Francisco durante los a\u00f1os 60.\",\"breadcrumb\":{\"@id\":\"https:\/\/soclose.mx\/blog\/tag\/juan-rulfo-frases-mujeres\/#breadcrumb\"},\"inLanguage\":\"es\",\"potentialAction\":[{\"@type\":\"ReadAction\",\"target\":[\"https:\/\/soclose.mx\/blog\/tag\/juan-rulfo-frases-mujeres\/\"]}]},{\"@type\":\"ImageObject\",\"inLanguage\":\"es\",\"@id\":\"https:\/\/soclose.mx\/blog\/tag\/juan-rulfo-frases-mujeres\/#primaryimage\",\"url\":\"https:\/\/i0.wp.com\/soclose.mx\/blog\/wp-content\/uploads\/2025\/04\/Carlos-Santana.jpg?fit=1920%2C1080&ssl=1\",\"contentUrl\":\"https:\/\/i0.wp.com\/soclose.mx\/blog\/wp-content\/uploads\/2025\/04\/Carlos-Santana.jpg?fit=1920%2C1080&ssl=1\",\"width\":1920,\"height\":1080,\"caption\":\"Carlos Santana\"},{\"@type\":\"BreadcrumbList\",\"@id\":\"https:\/\/soclose.mx\/blog\/tag\/juan-rulfo-frases-mujeres\/#breadcrumb\",\"itemListElement\":[{\"@type\":\"ListItem\",\"position\":1,\"name\":\"Inicio\",\"item\":\"https:\/\/soclose.mx\/blog\/\"},{\"@type\":\"ListItem\",\"position\":2,\"name\":\"La historia detr\u00e1s de la banda de Carlos Santana: origen, miembros y \u00e9xito mundial\"}]},{\"@type\":\"WebSite\",\"@id\":\"https:\/\/soclose.mx\/blog\/#website\",\"url\":\"https:\/\/soclose.mx\/blog\/\",\"name\":\"So Close\",\"description\":\"Hacemos contenidos de M\u00e9xico\",\"publisher\":{\"@id\":\"https:\/\/soclose.mx\/blog\/#organization\"},\"potentialAction\":[{\"@type\":\"SearchAction\",\"target\":{\"@type\":\"EntryPoint\",\"urlTemplate\":\"https:\/\/soclose.mx\/blog\/?s={search_term_string}\"},\"query-input\":{\"@type\":\"PropertyValueSpecification\",\"valueRequired\":true,\"valueName\":\"search_term_string\"}}],\"inLanguage\":\"es\"},{\"@type\":\"Organization\",\"@id\":\"https:\/\/soclose.mx\/blog\/#organization\",\"name\":\"So Close\",\"url\":\"https:\/\/soclose.mx\/blog\/\",\"logo\":{\"@type\":\"ImageObject\",\"inLanguage\":\"es\",\"@id\":\"https:\/\/soclose.mx\/blog\/#\/schema\/logo\/image\/\",\"url\":\"https:\/\/i0.wp.com\/soclose.mx\/blog\/wp-content\/uploads\/2020\/12\/LOGO_SOCLOSE_COLOR-e1608310133507.png?fit=2858%2C1264&ssl=1\",\"contentUrl\":\"https:\/\/i0.wp.com\/soclose.mx\/blog\/wp-content\/uploads\/2020\/12\/LOGO_SOCLOSE_COLOR-e1608310133507.png?fit=2858%2C1264&ssl=1\",\"width\":2858,\"height\":1264,\"caption\":\"So Close\"},\"image\":{\"@id\":\"https:\/\/soclose.mx\/blog\/#\/schema\/logo\/image\/\"}},{\"@type\":\"Person\",\"@id\":\"https:\/\/soclose.mx\/blog\/#\/schema\/person\/723eb117ab965b55c3e56b5d29751667\",\"name\":\"So Close\",\"image\":{\"@type\":\"ImageObject\",\"inLanguage\":\"es\",\"@id\":\"https:\/\/soclose.mx\/blog\/#\/schema\/person\/image\/\",\"url\":\"https:\/\/secure.gravatar.com\/avatar\/5a1d1d694eaf6d2c28f450f0984cbb34821b92dc49c1d088c0250fbc6a48efec?s=96&d=mm&r=g\",\"contentUrl\":\"https:\/\/secure.gravatar.com\/avatar\/5a1d1d694eaf6d2c28f450f0984cbb34821b92dc49c1d088c0250fbc6a48efec?s=96&d=mm&r=g\",\"caption\":\"So Close\"},\"sameAs\":[\"http:\/\/www.soclose.mx\",\"https:\/\/www.youtube.com\/@soclosemx\"],\"url\":\"https:\/\/soclose.mx\/blog\/author\/admin\/\"}]}<\/script>\n<!-- \/ Yoast SEO plugin. -->","yoast_head_json":{"title":"La historia detr\u00e1s de la banda de Carlos Santana: origen, miembros y \u00e9xito mundial - So Close","description":"La historia detr\u00e1s de la banda de Carlos Santana se enmarca en la efervescente escena musical de San Francisco durante los a\u00f1os 60.","robots":{"index":"index","follow":"follow","max-snippet":"max-snippet:-1","max-image-preview":"max-image-preview:large","max-video-preview":"max-video-preview:-1"},"canonical":"https:\/\/soclose.mx\/blog\/tag\/juan-rulfo-frases-mujeres\/","og_locale":"es_MX","og_type":"article","og_title":"La historia detr\u00e1s de la banda de Carlos Santana: origen, miembros y \u00e9xito mundial - So Close","og_description":"La historia detr\u00e1s de la banda de Carlos Santana se enmarca en la efervescente escena musical de San Francisco durante los a\u00f1os 60.","og_url":"https:\/\/soclose.mx\/blog\/tag\/juan-rulfo-frases-mujeres\/","og_site_name":"So Close","article_published_time":"2025-04-23T02:19:25+00:00","og_image":[{"width":1920,"height":1080,"url":"https:\/\/i0.wp.com\/soclose.mx\/blog\/wp-content\/uploads\/2025\/04\/Carlos-Santana.jpg?fit=1920%2C1080&ssl=1","type":"image\/jpeg"}],"author":"So Close","twitter_card":"summary_large_image","twitter_misc":{"Escrito por":"So Close","Tiempo de lectura":"3 minutos"},"schema":{"@context":"https:\/\/schema.org","@graph":[{"@type":"Article","@id":"https:\/\/soclose.mx\/blog\/tag\/juan-rulfo-frases-mujeres\/#article","isPartOf":{"@id":"https:\/\/soclose.mx\/blog\/tag\/juan-rulfo-frases-mujeres\/"},"author":{"name":"So Close","@id":"https:\/\/soclose.mx\/blog\/#\/schema\/person\/723eb117ab965b55c3e56b5d29751667"},"headline":"La historia detr\u00e1s de la banda de Carlos Santana: origen, miembros y \u00e9xito mundial","datePublished":"2025-04-23T02:19:25+00:00","mainEntityOfPage":{"@id":"https:\/\/soclose.mx\/blog\/tag\/juan-rulfo-frases-mujeres\/"},"wordCount":526,"commentCount":0,"publisher":{"@id":"https:\/\/soclose.mx\/blog\/#organization"},"image":{"@id":"https:\/\/soclose.mx\/blog\/tag\/juan-rulfo-frases-mujeres\/#primaryimage"},"thumbnailUrl":"https:\/\/i0.wp.com\/soclose.mx\/blog\/wp-content\/uploads\/2025\/04\/Carlos-Santana.jpg?fit=1920%2C1080&ssl=1","keywords":["banda Santana","Carlos Santana","formaci\u00f3n de Santana","fusi\u00f3n rock y ritmos latinos","historia de Santana","m\u00fasica latina rock","m\u00fasicos de Santana","origen de la banda Santana","Santana Blues Band","Woodstock Santana"],"articleSection":["\u00a1Ay goeeee!","Mitos y leyendas"],"inLanguage":"es","potentialAction":[{"@type":"CommentAction","name":"Comment","target":["https:\/\/soclose.mx\/blog\/tag\/juan-rulfo-frases-mujeres\/#respond"]}]},{"@type":"WebPage","@id":"https:\/\/soclose.mx\/blog\/tag\/juan-rulfo-frases-mujeres\/","url":"https:\/\/soclose.mx\/blog\/tag\/juan-rulfo-frases-mujeres\/","name":"La historia detr\u00e1s de la banda de Carlos Santana: origen, miembros y \u00e9xito mundial - So Close","isPartOf":{"@id":"https:\/\/soclose.mx\/blog\/#website"},"primaryImageOfPage":{"@id":"https:\/\/soclose.mx\/blog\/tag\/juan-rulfo-frases-mujeres\/#primaryimage"},"image":{"@id":"https:\/\/soclose.mx\/blog\/tag\/juan-rulfo-frases-mujeres\/#primaryimage"},"thumbnailUrl":"https:\/\/i0.wp.com\/soclose.mx\/blog\/wp-content\/uploads\/2025\/04\/Carlos-Santana.jpg?fit=1920%2C1080&ssl=1","datePublished":"2025-04-23T02:19:25+00:00","description":"La historia detr\u00e1s de la banda de Carlos Santana se enmarca en la efervescente escena musical de San Francisco durante los a\u00f1os 60.","breadcrumb":{"@id":"https:\/\/soclose.mx\/blog\/tag\/juan-rulfo-frases-mujeres\/#breadcrumb"},"inLanguage":"es","potentialAction":[{"@type":"ReadAction","target":["https:\/\/soclose.mx\/blog\/tag\/juan-rulfo-frases-mujeres\/"]}]},{"@type":"ImageObject","inLanguage":"es","@id":"https:\/\/soclose.mx\/blog\/tag\/juan-rulfo-frases-mujeres\/#primaryimage","url":"https:\/\/i0.wp.com\/soclose.mx\/blog\/wp-content\/uploads\/2025\/04\/Carlos-Santana.jpg?fit=1920%2C1080&ssl=1","contentUrl":"https:\/\/i0.wp.com\/soclose.mx\/blog\/wp-content\/uploads\/2025\/04\/Carlos-Santana.jpg?fit=1920%2C1080&ssl=1","width":1920,"height":1080,"caption":"Carlos Santana"},{"@type":"BreadcrumbList","@id":"https:\/\/soclose.mx\/blog\/tag\/juan-rulfo-frases-mujeres\/#breadcrumb","itemListElement":[{"@type":"ListItem","position":1,"name":"Inicio","item":"https:\/\/soclose.mx\/blog\/"},{"@type":"ListItem","position":2,"name":"La historia detr\u00e1s de la banda de Carlos Santana: origen, miembros y \u00e9xito mundial"}]},{"@type":"WebSite","@id":"https:\/\/soclose.mx\/blog\/#website","url":"https:\/\/soclose.mx\/blog\/","name":"So Close","description":"Hacemos contenidos de M\u00e9xico","publisher":{"@id":"https:\/\/soclose.mx\/blog\/#organization"},"potentialAction":[{"@type":"SearchAction","target":{"@type":"EntryPoint","urlTemplate":"https:\/\/soclose.mx\/blog\/?s={search_term_string}"},"query-input":{"@type":"PropertyValueSpecification","valueRequired":true,"valueName":"search_term_string"}}],"inLanguage":"es"},{"@type":"Organization","@id":"https:\/\/soclose.mx\/blog\/#organization","name":"So Close","url":"https:\/\/soclose.mx\/blog\/","logo":{"@type":"ImageObject","inLanguage":"es","@id":"https:\/\/soclose.mx\/blog\/#\/schema\/logo\/image\/","url":"https:\/\/i0.wp.com\/soclose.mx\/blog\/wp-content\/uploads\/2020\/12\/LOGO_SOCLOSE_COLOR-e1608310133507.png?fit=2858%2C1264&ssl=1","contentUrl":"https:\/\/i0.wp.com\/soclose.mx\/blog\/wp-content\/uploads\/2020\/12\/LOGO_SOCLOSE_COLOR-e1608310133507.png?fit=2858%2C1264&ssl=1","width":2858,"height":1264,"caption":"So Close"},"image":{"@id":"https:\/\/soclose.mx\/blog\/#\/schema\/logo\/image\/"}},{"@type":"Person","@id":"https:\/\/soclose.mx\/blog\/#\/schema\/person\/723eb117ab965b55c3e56b5d29751667","name":"So Close","image":{"@type":"ImageObject","inLanguage":"es","@id":"https:\/\/soclose.mx\/blog\/#\/schema\/person\/image\/","url":"https:\/\/secure.gravatar.com\/avatar\/5a1d1d694eaf6d2c28f450f0984cbb34821b92dc49c1d088c0250fbc6a48efec?s=96&d=mm&r=g","contentUrl":"https:\/\/secure.gravatar.com\/avatar\/5a1d1d694eaf6d2c28f450f0984cbb34821b92dc49c1d088c0250fbc6a48efec?s=96&d=mm&r=g","caption":"So Close"},"sameAs":["http:\/\/www.soclose.mx","https:\/\/www.youtube.com\/@soclosemx"],"url":"https:\/\/soclose.mx\/blog\/author\/admin\/"}]}},"jetpack_featured_media_url":"https:\/\/i0.wp.com\/soclose.mx\/blog\/wp-content\/uploads\/2025\/04\/Carlos-Santana.jpg?fit=1920%2C1080&ssl=1","jetpack-related-posts":[{"id":14591,"url":"https:\/\/soclose.mx\/blog\/news-feed\/mexicanos-que-murieron-en-el-2024\/","url_meta":{"origin":14804,"position":0},"title":"Mexicanos que murieron en el 2024","author":"So Close","date":"27 diciembre, 2024","format":false,"excerpt":"La lista de los mexicanos que murieron en el 2024 incluye varias figuras emblem\u00e1ticas del entretenimiento y la cultura, dejando un vac\u00edo en el coraz\u00f3n de sus seguidores. A continuaci\u00f3n, se presenta una lista detallada de algunos de los que fallecieron este a\u00f1o, junto con las causas de su muerte,\u2026","rel":"","context":"En &quot;News feed&quot;","block_context":{"text":"News feed","link":"https:\/\/soclose.mx\/blog\/category\/news-feed\/"},"img":{"alt_text":"Silvia Pinal","src":"https:\/\/i0.wp.com\/soclose.mx\/blog\/wp-content\/uploads\/2024\/12\/Silvia-Pinal.jpg?fit=1200%2C675&ssl=1&resize=350%2C200","width":350,"height":200,"srcset":"https:\/\/i0.wp.com\/soclose.mx\/blog\/wp-content\/uploads\/2024\/12\/Silvia-Pinal.jpg?fit=1200%2C675&ssl=1&resize=350%2C200 1x, https:\/\/i0.wp.com\/soclose.mx\/blog\/wp-content\/uploads\/2024\/12\/Silvia-Pinal.jpg?fit=1200%2C675&ssl=1&resize=525%2C300 1.5x, https:\/\/i0.wp.com\/soclose.mx\/blog\/wp-content\/uploads\/2024\/12\/Silvia-Pinal.jpg?fit=1200%2C675&ssl=1&resize=700%2C400 2x, https:\/\/i0.wp.com\/soclose.mx\/blog\/wp-content\/uploads\/2024\/12\/Silvia-Pinal.jpg?fit=1200%2C675&ssl=1&resize=1050%2C600 3x"},"classes":[]},{"id":7556,"url":"https:\/\/soclose.mx\/blog\/lugares\/la-misteriosa-leyenda-de-la-isla-de-las-munecas\/","url_meta":{"origin":14804,"position":1},"title":"La misteriosa leyenda de la Isla de las mu\u00f1ecas","author":"Miguel Angel Romero","date":"3 noviembre, 2021","format":false,"excerpt":"En los canales de Xochimilco permanece uno de los lugares m\u00e1s terror\u00edficos de M\u00e9xico, y no s\u00f3lo por su apariencia, sino por la escalofriante historia\u00a0que lo acompa\u00f1a: la Isla de las mu\u00f1ecas. En este lugar habit\u00f3 Don Juli\u00e1n Santana Barrera durante m\u00e1s de 25 a\u00f1os y que hoy es presenta\u2026","rel":"","context":"En &quot;Lugares&quot;","block_context":{"text":"Lugares","link":"https:\/\/soclose.mx\/blog\/category\/lugares\/"},"img":{"alt_text":"","src":"https:\/\/i0.wp.com\/soclose.mx\/blog\/wp-content\/uploads\/2021\/10\/Copia-de-Principal-So-Close-blog-3-3.png?fit=1200%2C677&ssl=1&resize=350%2C200","width":350,"height":200,"srcset":"https:\/\/i0.wp.com\/soclose.mx\/blog\/wp-content\/uploads\/2021\/10\/Copia-de-Principal-So-Close-blog-3-3.png?fit=1200%2C677&ssl=1&resize=350%2C200 1x, https:\/\/i0.wp.com\/soclose.mx\/blog\/wp-content\/uploads\/2021\/10\/Copia-de-Principal-So-Close-blog-3-3.png?fit=1200%2C677&ssl=1&resize=525%2C300 1.5x, https:\/\/i0.wp.com\/soclose.mx\/blog\/wp-content\/uploads\/2021\/10\/Copia-de-Principal-So-Close-blog-3-3.png?fit=1200%2C677&ssl=1&resize=700%2C400 2x, https:\/\/i0.wp.com\/soclose.mx\/blog\/wp-content\/uploads\/2021\/10\/Copia-de-Principal-So-Close-blog-3-3.png?fit=1200%2C677&ssl=1&resize=1050%2C600 3x"},"classes":[]},{"id":14779,"url":"https:\/\/soclose.mx\/blog\/news-feed\/concurso-mexico-canta-por-la-paz-y-contra-las-adicciones-como-participar\/","url_meta":{"origin":14804,"position":2},"title":"Concurso &#8220;M\u00e9xico Canta por la Paz y contra las Adicciones&#8221;: \u00bfc\u00f3mo participar?","author":"So Close","date":"7 abril, 2025","format":false,"excerpt":"El Gobierno de M\u00e9xico, bajo la direcci\u00f3n de la presidenta Claudia Sheinbaum, ha lanzado el concurso \"M\u00e9xico Canta por la Paz y contra las Adicciones\", una iniciativa innovadora que busca promover la m\u00fasica mexicana con mensajes positivos, alejados de la violencia y el narcotr\u00e1fico. Este certamen est\u00e1 dise\u00f1ado para j\u00f3venes\u2026","rel":"","context":"En &quot;News feed&quot;","block_context":{"text":"News feed","link":"https:\/\/soclose.mx\/blog\/category\/news-feed\/"},"img":{"alt_text":"Cantante","src":"https:\/\/i0.wp.com\/soclose.mx\/blog\/wp-content\/uploads\/2025\/04\/Cantante.jpg?fit=1200%2C675&ssl=1&resize=350%2C200","width":350,"height":200,"srcset":"https:\/\/i0.wp.com\/soclose.mx\/blog\/wp-content\/uploads\/2025\/04\/Cantante.jpg?fit=1200%2C675&ssl=1&resize=350%2C200 1x, https:\/\/i0.wp.com\/soclose.mx\/blog\/wp-content\/uploads\/2025\/04\/Cantante.jpg?fit=1200%2C675&ssl=1&resize=525%2C300 1.5x, https:\/\/i0.wp.com\/soclose.mx\/blog\/wp-content\/uploads\/2025\/04\/Cantante.jpg?fit=1200%2C675&ssl=1&resize=700%2C400 2x, https:\/\/i0.wp.com\/soclose.mx\/blog\/wp-content\/uploads\/2025\/04\/Cantante.jpg?fit=1200%2C675&ssl=1&resize=1050%2C600 3x"},"classes":[]},{"id":14931,"url":"https:\/\/soclose.mx\/blog\/news-feed\/vive-latino-2026-fechas-horarios-y-venta-de-boletos\/","url_meta":{"origin":14804,"position":3},"title":"Vive Latino 2026: fechas, horarios y venta de boletos","author":"So Close","date":"15 octubre, 2025","format":false,"excerpt":"El Vive Latino 2026 regresa con fuerza en su edici\u00f3n n\u00famero 26, consolid\u00e1ndose como uno de los festivales m\u00e1s importantes en M\u00e9xico de m\u00fasica alternativa e iberoamericana. Aqu\u00ed te presentamos los 10 puntos principales que debes conocer sobre este evento imperdible: Vive Latino 2026: fechas, horarios y venta de boletos\u2026","rel":"","context":"En &quot;News feed&quot;","block_context":{"text":"News feed","link":"https:\/\/soclose.mx\/blog\/category\/news-feed\/"},"img":{"alt_text":"Vive latino 2026","src":"https:\/\/i0.wp.com\/soclose.mx\/blog\/wp-content\/uploads\/2025\/10\/Salma-Hayek.jpg?fit=1200%2C675&ssl=1&resize=350%2C200","width":350,"height":200,"srcset":"https:\/\/i0.wp.com\/soclose.mx\/blog\/wp-content\/uploads\/2025\/10\/Salma-Hayek.jpg?fit=1200%2C675&ssl=1&resize=350%2C200 1x, https:\/\/i0.wp.com\/soclose.mx\/blog\/wp-content\/uploads\/2025\/10\/Salma-Hayek.jpg?fit=1200%2C675&ssl=1&resize=525%2C300 1.5x, https:\/\/i0.wp.com\/soclose.mx\/blog\/wp-content\/uploads\/2025\/10\/Salma-Hayek.jpg?fit=1200%2C675&ssl=1&resize=700%2C400 2x, https:\/\/i0.wp.com\/soclose.mx\/blog\/wp-content\/uploads\/2025\/10\/Salma-Hayek.jpg?fit=1200%2C675&ssl=1&resize=1050%2C600 3x"},"classes":[]},{"id":14917,"url":"https:\/\/soclose.mx\/blog\/ay-goeeee\/los-secretos-mas-oscuros-de-tito-fuentes-de-molotov-video\/","url_meta":{"origin":14804,"position":4},"title":"Los secretos m\u00e1s oscuros de Tito Fuentes de Molotov | VIDEO","author":"So Close","date":"8 septiembre, 2025","format":false,"excerpt":"Tito Fuentes, cuyo nombre real es Ismael Fuentes de Garay Poeta, naci\u00f3 el 6 de septiembre de 1974 en la Ciudad de M\u00e9xico. Es conocido memorablemente como guitarrista, vocalista y uno de los miembros fundadores de la banda mexicana Molotov, una agrupaci\u00f3n emblem\u00e1tica del rap rock en Latinoam\u00e9rica. Su vida\u2026","rel":"","context":"En &quot;\u00a1Ay goeeee!&quot;","block_context":{"text":"\u00a1Ay goeeee!","link":"https:\/\/soclose.mx\/blog\/category\/ay-goeeee\/"},"img":{"alt_text":"Tito Fuentes de Molotov","src":"https:\/\/i0.wp.com\/soclose.mx\/blog\/wp-content\/uploads\/2025\/09\/Salma-Hayek1.jpg?fit=1200%2C675&ssl=1&resize=350%2C200","width":350,"height":200,"srcset":"https:\/\/i0.wp.com\/soclose.mx\/blog\/wp-content\/uploads\/2025\/09\/Salma-Hayek1.jpg?fit=1200%2C675&ssl=1&resize=350%2C200 1x, https:\/\/i0.wp.com\/soclose.mx\/blog\/wp-content\/uploads\/2025\/09\/Salma-Hayek1.jpg?fit=1200%2C675&ssl=1&resize=525%2C300 1.5x, https:\/\/i0.wp.com\/soclose.mx\/blog\/wp-content\/uploads\/2025\/09\/Salma-Hayek1.jpg?fit=1200%2C675&ssl=1&resize=700%2C400 2x, https:\/\/i0.wp.com\/soclose.mx\/blog\/wp-content\/uploads\/2025\/09\/Salma-Hayek1.jpg?fit=1200%2C675&ssl=1&resize=1050%2C600 3x"},"classes":[]},{"id":14595,"url":"https:\/\/soclose.mx\/blog\/lugares\/festivales-imperdibles-en-la-ciudad-de-mexico-2025\/","url_meta":{"origin":14804,"position":5},"title":"Festivales imperdibles en la Ciudad de M\u00e9xico 2025","author":"So Close","date":"3 enero, 2025","format":false,"excerpt":"Con una variedad de eventos que prometen atraer a amantes de la m\u00fasica de todos los g\u00e9neros, aqu\u00ed te presentamos los Festivales imperdibles en la Ciudad de M\u00e9xico 2025 junto con detalles sobre fechas, sedes y venta de boletos. Festivales imperdibles en la Ciudad de M\u00e9xico 2025 1. Electric Daisy\u2026","rel":"","context":"En &quot;Lugares&quot;","block_context":{"text":"Lugares","link":"https:\/\/soclose.mx\/blog\/category\/lugares\/"},"img":{"alt_text":"conciertos en cdmx","src":"https:\/\/i0.wp.com\/soclose.mx\/blog\/wp-content\/uploads\/2024\/12\/conciertos-en-cdmx.jpg?fit=1200%2C675&ssl=1&resize=350%2C200","width":350,"height":200,"srcset":"https:\/\/i0.wp.com\/soclose.mx\/blog\/wp-content\/uploads\/2024\/12\/conciertos-en-cdmx.jpg?fit=1200%2C675&ssl=1&resize=350%2C200 1x, https:\/\/i0.wp.com\/soclose.mx\/blog\/wp-content\/uploads\/2024\/12\/conciertos-en-cdmx.jpg?fit=1200%2C675&ssl=1&resize=525%2C300 1.5x, https:\/\/i0.wp.com\/soclose.mx\/blog\/wp-content\/uploads\/2024\/12\/conciertos-en-cdmx.jpg?fit=1200%2C675&ssl=1&resize=700%2C400 2x, https:\/\/i0.wp.com\/soclose.mx\/blog\/wp-content\/uploads\/2024\/12\/conciertos-en-cdmx.jpg?fit=1200%2C675&ssl=1&resize=1050%2C600 3x"},"classes":[]}],"jetpack_sharing_enabled":true,"_links":{"self":[{"href":"https:\/\/soclose.mx\/blog\/wp-json\/wp\/v2\/posts\/14804","targetHints":{"allow":["GET"]}}],"collection":[{"href":"https:\/\/soclose.mx\/blog\/wp-json\/wp\/v2\/posts"}],"about":[{"href":"https:\/\/soclose.mx\/blog\/wp-json\/wp\/v2\/types\/post"}],"author":[{"embeddable":true,"href":"https:\/\/soclose.mx\/blog\/wp-json\/wp\/v2\/users\/1"}],"replies":[{"embeddable":true,"href":"https:\/\/soclose.mx\/blog\/wp-json\/wp\/v2\/comments?post=14804"}],"version-history":[{"count":0,"href":"https:\/\/soclose.mx\/blog\/wp-json\/wp\/v2\/posts\/14804\/revisions"}],"wp:featuredmedia":[{"embeddable":true,"href":"https:\/\/soclose.mx\/blog\/wp-json\/wp\/v2\/media\/14805"}],"wp:attachment":[{"href":"https:\/\/soclose.mx\/blog\/wp-json\/wp\/v2\/media?parent=14804"}],"wp:term":[{"taxonomy":"category","embeddable":true,"href":"https:\/\/soclose.mx\/blog\/wp-json\/wp\/v2\/categories?post=14804"},{"taxonomy":"post_tag","embeddable":true,"href":"https:\/\/soclose.mx\/blog\/wp-json\/wp\/v2\/tags?post=14804"}],"curies":[{"name":"wp","href":"https:\/\/api.w.org\/{rel}","templated":true}]}}