{"id":14856,"date":"2025-06-04T19:15:12","date_gmt":"2025-06-05T01:15:12","guid":{"rendered":"https:\/\/soclose.mx\/blog\/?p=14856"},"modified":"2025-06-04T19:15:12","modified_gmt":"2025-06-05T01:15:12","slug":"gilberto-mora-de-xolos-a-la-seleccion-nacional-para-la-copa-oro","status":"publish","type":"post","link":"https:\/\/soclose.mx\/blog\/news-feed\/gilberto-mora-de-xolos-a-la-seleccion-nacional-para-la-copa-oro\/","title":{"rendered":"Gilberto Mora de Xolos a la Selecci\u00f3n Nacional para la Copa Oro"},"content":{"rendered":"<p class=\"p3\">En el vibrante panorama del f\u00fatbol mexicano, una historia de talento, esfuerzo y precocidad est\u00e1 acaparando los reflectores, llenando de optimismo y orgullo a la afici\u00f3n: la de Gilberto Mora de Xolos. Con apenas 17 a\u00f1os (cumplidos recientemente, recordemos que su ascenso ha sido mete\u00f3rico desde los 16), este mediocampista ha irrumpido con una fuerza inusitada, no solo en la Liga MX, sino tambi\u00e9n en la <a href=\"https:\/\/soclose.mx\/blog\/news-feed\/partidos-confirmados-de-la-seleccion-mexicana-en-2025\/\">Selecci\u00f3n Mexicana<\/a>, donde ya ha roto r\u00e9cords y se perfila como una de las grandes esperanzas rumbo a la Copa del Mundo 2026.<\/p>\n<p class=\"p3\">La noticia que hoy celebra todo M\u00e9xico es su convocatoria oficial a la Copa Oro 2025 de la mano del estratega <a href=\"https:\/\/soclose.mx\/blog\/a-la-mexicana\/las-frases-mas-polemicas-de-javier-el-vasco-aguirre-videos\/\" target=\"_blank\" rel=\"noopener\">Javier Aguirre.<\/a> Esta inclusi\u00f3n no es menor; significa la consolidaci\u00f3n de un proceso que ha visto a Gilberto Mora convertirse en el jugador m\u00e1s joven en debutar con la Selecci\u00f3n Mexicana mayor, un hito alcanzado con tan solo 16 a\u00f1os y 94 d\u00edas en un partido amistoso contra el Internacional de Porto Alegre en enero de este a\u00f1o. Un momento que no solo marc\u00f3 su historia personal, sino que grab\u00f3 su nombre en los anales del f\u00fatbol nacional.<\/p>\n<h2 class=\"p3\">Gilberto Mora de Xolos: Una Carrera Profesional Sembrada de R\u00e9cords<\/h2>\n<p class=\"p3\">La trayectoria de Gilberto Rafael Mora Zambrano, nacido el 14 de octubre de 2008 en Tuxtla Guti\u00e9rrez, Chiapas, es un testimonio de un talento innato y una madurez sorprendente para su edad. Su hogar futbol\u00edstico es el Club Tijuana (Xolos), donde ha forjado su camino desde las categor\u00edas inferiores. Su debut en la Primera Divisi\u00f3n de M\u00e9xico lleg\u00f3 a los 15 a\u00f1os, un hecho que ya presagiaba la irrupci\u00f3n de una figura excepcional. Pero los r\u00e9cords no se detuvieron ah\u00ed: Gilberto tambi\u00e9n se convirti\u00f3 en el jugador m\u00e1s joven en marcar un gol en la Liga MX, una muestra de su capacidad goleadora y su impacto inmediato en el campo.<\/p>\n<p class=\"p3\">En su corta, pero sustanciosa carrera profesional con los Xolos, Gilberto Mora ya suma una treintena de partidos en la Liga MX, con dos goles y una asistencia, destacando por su capacidad para desequilibrar y su visi\u00f3n de juego. Su ascenso no ha pasado desapercibido m\u00e1s all\u00e1 de las fronteras mexicanas. Reportes indican que gigantes europeos como el Feyenoord de Pa\u00edses Bajos y el mism\u00edsimo FC Barcelona han puesto sus ojos en este joven prodigio, un claro indicio de su potencial global.<\/p>\n<h2 class=\"p3\">La Historia Personal Detr\u00e1s del Fen\u00f3meno, Gilberto Mora de Xolos<\/h2>\n<p class=\"p3\">M\u00e1s all\u00e1 de los impresionantes n\u00fameros y r\u00e9cords, la historia de Gilberto Mora es una de esas narrativas positivas que enorgullecen a M\u00e9xico. Es la confirmaci\u00f3n de que el talento, la disciplina y el apoyo familiar pueden abrir puertas impensables. Gilberto es hijo del exfutbolista Gilberto Mora Olayo, quien tambi\u00e9n se desempe\u00f1\u00f3 como mediocampista y que seguramente ha sido una influencia clave en su desarrollo. Esta conexi\u00f3n familiar con el f\u00fatbol le ha brindado una base s\u00f3lida y un entendimiento profundo del deporte desde temprana edad.<\/p>\n<p class=\"p3\">Lo que m\u00e1s sorprende de Gilberto, seg\u00fan quienes lo conocen, es su serenidad tanto dentro como fuera de la cancha. A pesar de la presi\u00f3n y la expectaci\u00f3n que genera su mete\u00f3rico ascenso, el joven futbolista se mantiene enfocado y humilde. Este equilibrio es fundamental para su crecimiento y para afrontar los desaf\u00edos que le deparar\u00e1 el futuro. Recientemente, su aparici\u00f3n junto a Rafaela Pimenta, una de las representantes de futbolistas m\u00e1s influyentes en Europa (reconocida por manejar las carreras de estrellas como Erling Haaland), sugiere que su camino hacia el f\u00fatbol de \u00e9lite internacional podr\u00eda estar pavimentado.<\/p>\n<p class=\"p3\">Un Futuro Prometedor para M\u00e9xico y sus J\u00f3venes Talentos<\/p>\n<p class=\"p3\">La convocatoria de Gilberto Mora a la <a href=\"https:\/\/www.concacaf.com\/es\/gold-cup\/\" target=\"_blank\" rel=\"noopener\">Copa Oro 2025<\/a> es m\u00e1s que la inclusi\u00f3n de un jugador; es un mensaje de esperanza y una reafirmaci\u00f3n del potencial que existe en el f\u00fatbol mexicano. Representa la visi\u00f3n de una generaci\u00f3n emergente, dispuesta a tomar las riendas y a llevar al Tri a nuevas alturas. Con su presencia, sumada a la de otros j\u00f3venes talentos como Mateo Ch\u00e1vez y Efra\u00edn \u00c1lvarez, la Selecci\u00f3n Mexicana de Javier Aguirre busca revalidar su t\u00edtulo en la CONCACAF y sentar las bases para los compromisos futuros, especialmente el Mundial de 2026.<\/p>\n<p class=\"p3\">La historia de Gilberto Mora es, sin duda, una de esas historias positivas que nos gusta contar en M\u00e9xico. Es el reflejo de la pasi\u00f3n, el esfuerzo y el sue\u00f1o de muchos j\u00f3venes que ven en el f\u00fatbol una oportunidad para trascender. Su ascenso mete\u00f3rico es un recordatorio de que en nuestro pa\u00eds, la cuna de grandes talentos es inagotable, y que, con el apoyo y las oportunidades adecuadas, M\u00e9xico tiene todo para seguir brillando en el escenario global.<\/p>\n","protected":false},"excerpt":{"rendered":"<p>En el vibrante panorama del f\u00fatbol mexicano, una historia de talento, esfuerzo y precocidad est\u00e1 acaparando los reflectores, llenando de optimismo y orgullo a la afici\u00f3n: la de Gilberto Mora de Xolos. Con apenas 17 a\u00f1os (cumplidos recientemente, recordemos que su ascenso ha sido mete\u00f3rico desde los 16), este mediocampista ha irrumpido con una fuerza inusitada, no solo en la Liga MX, sino tambi\u00e9n en la Selecci\u00f3n Mexicana, donde ya ha roto r\u00e9cords y se perfila como una de las grandes esperanzas rumbo a la Copa del Mundo 2026. La noticia que hoy celebra todo M\u00e9xico es su convocatoria oficial<\/p>\n","protected":false},"author":1,"featured_media":14857,"comment_status":"open","ping_status":"open","sticky":false,"template":"","format":"standard","meta":{"_jetpack_memberships_contains_paid_content":false,"footnotes":""},"categories":[628],"tags":[4701,4699,4709,4712,4706,4698,4690,4691,4695,4693,4689,4692,4697,4703,4700,4702,4705,4708,4710,4694,4704,4696,4707,4711],"class_list":["post-14856","post","type-post","status-publish","format-standard","has-post-thumbnail","hentry","category-news-feed","tag-club-tijuana-gilberto-mora","tag-convocatoria-seleccion-mexicana","tag-copa-oro-concacaf","tag-debut-seleccion-mexicana-edad","tag-futbol-mexicano-historias-positivas","tag-futuro-gilberto-mora","tag-gilberto-mora-copa-oro-2025","tag-gilberto-mora-debut-seleccion","tag-gilberto-mora-edad","tag-gilberto-mora-joven-talento-mexico","tag-gilberto-mora-seleccion-mexicana","tag-gilberto-mora-xolos","tag-historia-gilberto-mora","tag-interes-europa-gilberto-mora","tag-javier-aguirre-seleccion-mexicana","tag-jugador-mas-joven-liga-mx-gol","tag-mediocampista-mexicano","tag-mundial-2026-mexico","tag-noticias-gilberto-mora","tag-promesa-futbol-mexicano","tag-rafaela-pimenta-gilberto-mora","tag-records-gilberto-mora","tag-talentos-mexicanos-futbol","tag-trayectoria-gilberto-mora"],"yoast_head":"<!-- This site is optimized with the Yoast SEO plugin v26.7 - https:\/\/yoast.com\/wordpress\/plugins\/seo\/ -->\n<title>Gilberto Mora de Xolos a la Selecci\u00f3n Nacional para la Copa Oro - So Close<\/title>\n<meta name=\"description\" content=\"Una historia de talento y esfuerzo est\u00e1 acaparando los reflectores, llenando de optimismo a la afici\u00f3n: la de Gilberto Mora de Xolos.\" \/>\n<meta name=\"robots\" content=\"index, follow, max-snippet:-1, max-image-preview:large, max-video-preview:-1\" \/>\n<link rel=\"canonical\" href=\"https:\/\/soclose.mx\/blog\/tag\/juan-rulfo-frases-mujeres\/\" \/>\n<meta property=\"og:locale\" content=\"es_MX\" \/>\n<meta property=\"og:type\" content=\"article\" \/>\n<meta property=\"og:title\" content=\"Gilberto Mora de Xolos a la Selecci\u00f3n Nacional para la Copa Oro - So Close\" \/>\n<meta property=\"og:description\" content=\"Una historia de talento y esfuerzo est\u00e1 acaparando los reflectores, llenando de optimismo a la afici\u00f3n: la de Gilberto Mora de Xolos.\" \/>\n<meta property=\"og:url\" content=\"https:\/\/soclose.mx\/blog\/tag\/juan-rulfo-frases-mujeres\/\" \/>\n<meta property=\"og:site_name\" content=\"So Close\" \/>\n<meta property=\"article:published_time\" content=\"2025-06-05T01:15:12+00:00\" \/>\n<meta property=\"og:image\" content=\"https:\/\/i0.wp.com\/soclose.mx\/blog\/wp-content\/uploads\/2025\/06\/Gilberto-Mora-de-Xolos.jpg?fit=1920%2C1080&ssl=1\" \/>\n\t<meta property=\"og:image:width\" content=\"1920\" \/>\n\t<meta property=\"og:image:height\" content=\"1080\" \/>\n\t<meta property=\"og:image:type\" content=\"image\/jpeg\" \/>\n<meta name=\"author\" content=\"So Close\" \/>\n<meta name=\"twitter:card\" content=\"summary_large_image\" \/>\n<meta name=\"twitter:label1\" content=\"Escrito por\" \/>\n\t<meta name=\"twitter:data1\" content=\"So Close\" \/>\n\t<meta name=\"twitter:label2\" content=\"Tiempo de lectura\" \/>\n\t<meta name=\"twitter:data2\" content=\"4 minutos\" \/>\n<script type=\"application\/ld+json\" class=\"yoast-schema-graph\">{\"@context\":\"https:\/\/schema.org\",\"@graph\":[{\"@type\":\"Article\",\"@id\":\"https:\/\/soclose.mx\/blog\/tag\/juan-rulfo-frases-mujeres\/#article\",\"isPartOf\":{\"@id\":\"https:\/\/soclose.mx\/blog\/tag\/juan-rulfo-frases-mujeres\/\"},\"author\":{\"name\":\"So Close\",\"@id\":\"https:\/\/soclose.mx\/blog\/#\/schema\/person\/723eb117ab965b55c3e56b5d29751667\"},\"headline\":\"Gilberto Mora de Xolos a la Selecci\u00f3n Nacional para la Copa Oro\",\"datePublished\":\"2025-06-05T01:15:12+00:00\",\"mainEntityOfPage\":{\"@id\":\"https:\/\/soclose.mx\/blog\/tag\/juan-rulfo-frases-mujeres\/\"},\"wordCount\":843,\"commentCount\":0,\"publisher\":{\"@id\":\"https:\/\/soclose.mx\/blog\/#organization\"},\"image\":{\"@id\":\"https:\/\/soclose.mx\/blog\/tag\/juan-rulfo-frases-mujeres\/#primaryimage\"},\"thumbnailUrl\":\"https:\/\/i0.wp.com\/soclose.mx\/blog\/wp-content\/uploads\/2025\/06\/Gilberto-Mora-de-Xolos.jpg?fit=1920%2C1080&ssl=1\",\"keywords\":[\"Club Tijuana Gilberto Mora\",\"Convocatoria Selecci\u00f3n Mexicana\",\"Copa Oro CONCACAF\",\"Debut Selecci\u00f3n Mexicana edad\",\"F\u00fatbol mexicano historias positivas\",\"Futuro Gilberto Mora\",\"Gilberto Mora Copa Oro 2025\",\"Gilberto Mora debut selecci\u00f3n\",\"Gilberto Mora edad\",\"Gilberto Mora joven talento M\u00e9xico\",\"Gilberto Mora Selecci\u00f3n Mexicana\",\"Gilberto Mora Xolos\",\"Historia Gilberto Mora\",\"Inter\u00e9s Europa Gilberto Mora\",\"Javier Aguirre Selecci\u00f3n Mexicana\",\"Jugador m\u00e1s joven Liga MX gol\",\"Mediocampista mexicano\",\"Mundial 2026 M\u00e9xico\",\"Noticias Gilberto Mora\",\"Promesa f\u00fatbol mexicano\",\"Rafaela Pimenta Gilberto Mora\",\"R\u00e9cords Gilberto Mora\",\"Talentos mexicanos f\u00fatbol\",\"Trayectoria Gilberto Mora\"],\"articleSection\":[\"News feed\"],\"inLanguage\":\"es\",\"potentialAction\":[{\"@type\":\"CommentAction\",\"name\":\"Comment\",\"target\":[\"https:\/\/soclose.mx\/blog\/tag\/juan-rulfo-frases-mujeres\/#respond\"]}]},{\"@type\":\"WebPage\",\"@id\":\"https:\/\/soclose.mx\/blog\/tag\/juan-rulfo-frases-mujeres\/\",\"url\":\"https:\/\/soclose.mx\/blog\/tag\/juan-rulfo-frases-mujeres\/\",\"name\":\"Gilberto Mora de Xolos a la Selecci\u00f3n Nacional para la Copa Oro - So Close\",\"isPartOf\":{\"@id\":\"https:\/\/soclose.mx\/blog\/#website\"},\"primaryImageOfPage\":{\"@id\":\"https:\/\/soclose.mx\/blog\/tag\/juan-rulfo-frases-mujeres\/#primaryimage\"},\"image\":{\"@id\":\"https:\/\/soclose.mx\/blog\/tag\/juan-rulfo-frases-mujeres\/#primaryimage\"},\"thumbnailUrl\":\"https:\/\/i0.wp.com\/soclose.mx\/blog\/wp-content\/uploads\/2025\/06\/Gilberto-Mora-de-Xolos.jpg?fit=1920%2C1080&ssl=1\",\"datePublished\":\"2025-06-05T01:15:12+00:00\",\"description\":\"Una historia de talento y esfuerzo est\u00e1 acaparando los reflectores, llenando de optimismo a la afici\u00f3n: la de Gilberto Mora de Xolos.\",\"breadcrumb\":{\"@id\":\"https:\/\/soclose.mx\/blog\/tag\/juan-rulfo-frases-mujeres\/#breadcrumb\"},\"inLanguage\":\"es\",\"potentialAction\":[{\"@type\":\"ReadAction\",\"target\":[\"https:\/\/soclose.mx\/blog\/tag\/juan-rulfo-frases-mujeres\/\"]}]},{\"@type\":\"ImageObject\",\"inLanguage\":\"es\",\"@id\":\"https:\/\/soclose.mx\/blog\/tag\/juan-rulfo-frases-mujeres\/#primaryimage\",\"url\":\"https:\/\/i0.wp.com\/soclose.mx\/blog\/wp-content\/uploads\/2025\/06\/Gilberto-Mora-de-Xolos.jpg?fit=1920%2C1080&ssl=1\",\"contentUrl\":\"https:\/\/i0.wp.com\/soclose.mx\/blog\/wp-content\/uploads\/2025\/06\/Gilberto-Mora-de-Xolos.jpg?fit=1920%2C1080&ssl=1\",\"width\":1920,\"height\":1080,\"caption\":\"Gilberto Mora de Xolos\"},{\"@type\":\"BreadcrumbList\",\"@id\":\"https:\/\/soclose.mx\/blog\/tag\/juan-rulfo-frases-mujeres\/#breadcrumb\",\"itemListElement\":[{\"@type\":\"ListItem\",\"position\":1,\"name\":\"Inicio\",\"item\":\"https:\/\/soclose.mx\/blog\/\"},{\"@type\":\"ListItem\",\"position\":2,\"name\":\"Gilberto Mora de Xolos a la Selecci\u00f3n Nacional para la Copa Oro\"}]},{\"@type\":\"WebSite\",\"@id\":\"https:\/\/soclose.mx\/blog\/#website\",\"url\":\"https:\/\/soclose.mx\/blog\/\",\"name\":\"So Close\",\"description\":\"Hacemos contenidos de M\u00e9xico\",\"publisher\":{\"@id\":\"https:\/\/soclose.mx\/blog\/#organization\"},\"potentialAction\":[{\"@type\":\"SearchAction\",\"target\":{\"@type\":\"EntryPoint\",\"urlTemplate\":\"https:\/\/soclose.mx\/blog\/?s={search_term_string}\"},\"query-input\":{\"@type\":\"PropertyValueSpecification\",\"valueRequired\":true,\"valueName\":\"search_term_string\"}}],\"inLanguage\":\"es\"},{\"@type\":\"Organization\",\"@id\":\"https:\/\/soclose.mx\/blog\/#organization\",\"name\":\"So Close\",\"url\":\"https:\/\/soclose.mx\/blog\/\",\"logo\":{\"@type\":\"ImageObject\",\"inLanguage\":\"es\",\"@id\":\"https:\/\/soclose.mx\/blog\/#\/schema\/logo\/image\/\",\"url\":\"https:\/\/i0.wp.com\/soclose.mx\/blog\/wp-content\/uploads\/2020\/12\/LOGO_SOCLOSE_COLOR-e1608310133507.png?fit=2858%2C1264&ssl=1\",\"contentUrl\":\"https:\/\/i0.wp.com\/soclose.mx\/blog\/wp-content\/uploads\/2020\/12\/LOGO_SOCLOSE_COLOR-e1608310133507.png?fit=2858%2C1264&ssl=1\",\"width\":2858,\"height\":1264,\"caption\":\"So Close\"},\"image\":{\"@id\":\"https:\/\/soclose.mx\/blog\/#\/schema\/logo\/image\/\"}},{\"@type\":\"Person\",\"@id\":\"https:\/\/soclose.mx\/blog\/#\/schema\/person\/723eb117ab965b55c3e56b5d29751667\",\"name\":\"So Close\",\"image\":{\"@type\":\"ImageObject\",\"inLanguage\":\"es\",\"@id\":\"https:\/\/soclose.mx\/blog\/#\/schema\/person\/image\/\",\"url\":\"https:\/\/secure.gravatar.com\/avatar\/5a1d1d694eaf6d2c28f450f0984cbb34821b92dc49c1d088c0250fbc6a48efec?s=96&d=mm&r=g\",\"contentUrl\":\"https:\/\/secure.gravatar.com\/avatar\/5a1d1d694eaf6d2c28f450f0984cbb34821b92dc49c1d088c0250fbc6a48efec?s=96&d=mm&r=g\",\"caption\":\"So Close\"},\"sameAs\":[\"http:\/\/www.soclose.mx\",\"https:\/\/www.youtube.com\/@soclosemx\"],\"url\":\"https:\/\/soclose.mx\/blog\/author\/admin\/\"}]}<\/script>\n<!-- \/ Yoast SEO plugin. -->","yoast_head_json":{"title":"Gilberto Mora de Xolos a la Selecci\u00f3n Nacional para la Copa Oro - So Close","description":"Una historia de talento y esfuerzo est\u00e1 acaparando los reflectores, llenando de optimismo a la afici\u00f3n: la de Gilberto Mora de Xolos.","robots":{"index":"index","follow":"follow","max-snippet":"max-snippet:-1","max-image-preview":"max-image-preview:large","max-video-preview":"max-video-preview:-1"},"canonical":"https:\/\/soclose.mx\/blog\/tag\/juan-rulfo-frases-mujeres\/","og_locale":"es_MX","og_type":"article","og_title":"Gilberto Mora de Xolos a la Selecci\u00f3n Nacional para la Copa Oro - So Close","og_description":"Una historia de talento y esfuerzo est\u00e1 acaparando los reflectores, llenando de optimismo a la afici\u00f3n: la de Gilberto Mora de Xolos.","og_url":"https:\/\/soclose.mx\/blog\/tag\/juan-rulfo-frases-mujeres\/","og_site_name":"So Close","article_published_time":"2025-06-05T01:15:12+00:00","og_image":[{"width":1920,"height":1080,"url":"https:\/\/i0.wp.com\/soclose.mx\/blog\/wp-content\/uploads\/2025\/06\/Gilberto-Mora-de-Xolos.jpg?fit=1920%2C1080&ssl=1","type":"image\/jpeg"}],"author":"So Close","twitter_card":"summary_large_image","twitter_misc":{"Escrito por":"So Close","Tiempo de lectura":"4 minutos"},"schema":{"@context":"https:\/\/schema.org","@graph":[{"@type":"Article","@id":"https:\/\/soclose.mx\/blog\/tag\/juan-rulfo-frases-mujeres\/#article","isPartOf":{"@id":"https:\/\/soclose.mx\/blog\/tag\/juan-rulfo-frases-mujeres\/"},"author":{"name":"So Close","@id":"https:\/\/soclose.mx\/blog\/#\/schema\/person\/723eb117ab965b55c3e56b5d29751667"},"headline":"Gilberto Mora de Xolos a la Selecci\u00f3n Nacional para la Copa Oro","datePublished":"2025-06-05T01:15:12+00:00","mainEntityOfPage":{"@id":"https:\/\/soclose.mx\/blog\/tag\/juan-rulfo-frases-mujeres\/"},"wordCount":843,"commentCount":0,"publisher":{"@id":"https:\/\/soclose.mx\/blog\/#organization"},"image":{"@id":"https:\/\/soclose.mx\/blog\/tag\/juan-rulfo-frases-mujeres\/#primaryimage"},"thumbnailUrl":"https:\/\/i0.wp.com\/soclose.mx\/blog\/wp-content\/uploads\/2025\/06\/Gilberto-Mora-de-Xolos.jpg?fit=1920%2C1080&ssl=1","keywords":["Club Tijuana Gilberto Mora","Convocatoria Selecci\u00f3n Mexicana","Copa Oro CONCACAF","Debut Selecci\u00f3n Mexicana edad","F\u00fatbol mexicano historias positivas","Futuro Gilberto Mora","Gilberto Mora Copa Oro 2025","Gilberto Mora debut selecci\u00f3n","Gilberto Mora edad","Gilberto Mora joven talento M\u00e9xico","Gilberto Mora Selecci\u00f3n Mexicana","Gilberto Mora Xolos","Historia Gilberto Mora","Inter\u00e9s Europa Gilberto Mora","Javier Aguirre Selecci\u00f3n Mexicana","Jugador m\u00e1s joven Liga MX gol","Mediocampista mexicano","Mundial 2026 M\u00e9xico","Noticias Gilberto Mora","Promesa f\u00fatbol mexicano","Rafaela Pimenta Gilberto Mora","R\u00e9cords Gilberto Mora","Talentos mexicanos f\u00fatbol","Trayectoria Gilberto Mora"],"articleSection":["News feed"],"inLanguage":"es","potentialAction":[{"@type":"CommentAction","name":"Comment","target":["https:\/\/soclose.mx\/blog\/tag\/juan-rulfo-frases-mujeres\/#respond"]}]},{"@type":"WebPage","@id":"https:\/\/soclose.mx\/blog\/tag\/juan-rulfo-frases-mujeres\/","url":"https:\/\/soclose.mx\/blog\/tag\/juan-rulfo-frases-mujeres\/","name":"Gilberto Mora de Xolos a la Selecci\u00f3n Nacional para la Copa Oro - So Close","isPartOf":{"@id":"https:\/\/soclose.mx\/blog\/#website"},"primaryImageOfPage":{"@id":"https:\/\/soclose.mx\/blog\/tag\/juan-rulfo-frases-mujeres\/#primaryimage"},"image":{"@id":"https:\/\/soclose.mx\/blog\/tag\/juan-rulfo-frases-mujeres\/#primaryimage"},"thumbnailUrl":"https:\/\/i0.wp.com\/soclose.mx\/blog\/wp-content\/uploads\/2025\/06\/Gilberto-Mora-de-Xolos.jpg?fit=1920%2C1080&ssl=1","datePublished":"2025-06-05T01:15:12+00:00","description":"Una historia de talento y esfuerzo est\u00e1 acaparando los reflectores, llenando de optimismo a la afici\u00f3n: la de Gilberto Mora de Xolos.","breadcrumb":{"@id":"https:\/\/soclose.mx\/blog\/tag\/juan-rulfo-frases-mujeres\/#breadcrumb"},"inLanguage":"es","potentialAction":[{"@type":"ReadAction","target":["https:\/\/soclose.mx\/blog\/tag\/juan-rulfo-frases-mujeres\/"]}]},{"@type":"ImageObject","inLanguage":"es","@id":"https:\/\/soclose.mx\/blog\/tag\/juan-rulfo-frases-mujeres\/#primaryimage","url":"https:\/\/i0.wp.com\/soclose.mx\/blog\/wp-content\/uploads\/2025\/06\/Gilberto-Mora-de-Xolos.jpg?fit=1920%2C1080&ssl=1","contentUrl":"https:\/\/i0.wp.com\/soclose.mx\/blog\/wp-content\/uploads\/2025\/06\/Gilberto-Mora-de-Xolos.jpg?fit=1920%2C1080&ssl=1","width":1920,"height":1080,"caption":"Gilberto Mora de Xolos"},{"@type":"BreadcrumbList","@id":"https:\/\/soclose.mx\/blog\/tag\/juan-rulfo-frases-mujeres\/#breadcrumb","itemListElement":[{"@type":"ListItem","position":1,"name":"Inicio","item":"https:\/\/soclose.mx\/blog\/"},{"@type":"ListItem","position":2,"name":"Gilberto Mora de Xolos a la Selecci\u00f3n Nacional para la Copa Oro"}]},{"@type":"WebSite","@id":"https:\/\/soclose.mx\/blog\/#website","url":"https:\/\/soclose.mx\/blog\/","name":"So Close","description":"Hacemos contenidos de M\u00e9xico","publisher":{"@id":"https:\/\/soclose.mx\/blog\/#organization"},"potentialAction":[{"@type":"SearchAction","target":{"@type":"EntryPoint","urlTemplate":"https:\/\/soclose.mx\/blog\/?s={search_term_string}"},"query-input":{"@type":"PropertyValueSpecification","valueRequired":true,"valueName":"search_term_string"}}],"inLanguage":"es"},{"@type":"Organization","@id":"https:\/\/soclose.mx\/blog\/#organization","name":"So Close","url":"https:\/\/soclose.mx\/blog\/","logo":{"@type":"ImageObject","inLanguage":"es","@id":"https:\/\/soclose.mx\/blog\/#\/schema\/logo\/image\/","url":"https:\/\/i0.wp.com\/soclose.mx\/blog\/wp-content\/uploads\/2020\/12\/LOGO_SOCLOSE_COLOR-e1608310133507.png?fit=2858%2C1264&ssl=1","contentUrl":"https:\/\/i0.wp.com\/soclose.mx\/blog\/wp-content\/uploads\/2020\/12\/LOGO_SOCLOSE_COLOR-e1608310133507.png?fit=2858%2C1264&ssl=1","width":2858,"height":1264,"caption":"So Close"},"image":{"@id":"https:\/\/soclose.mx\/blog\/#\/schema\/logo\/image\/"}},{"@type":"Person","@id":"https:\/\/soclose.mx\/blog\/#\/schema\/person\/723eb117ab965b55c3e56b5d29751667","name":"So Close","image":{"@type":"ImageObject","inLanguage":"es","@id":"https:\/\/soclose.mx\/blog\/#\/schema\/person\/image\/","url":"https:\/\/secure.gravatar.com\/avatar\/5a1d1d694eaf6d2c28f450f0984cbb34821b92dc49c1d088c0250fbc6a48efec?s=96&d=mm&r=g","contentUrl":"https:\/\/secure.gravatar.com\/avatar\/5a1d1d694eaf6d2c28f450f0984cbb34821b92dc49c1d088c0250fbc6a48efec?s=96&d=mm&r=g","caption":"So Close"},"sameAs":["http:\/\/www.soclose.mx","https:\/\/www.youtube.com\/@soclosemx"],"url":"https:\/\/soclose.mx\/blog\/author\/admin\/"}]}},"jetpack_featured_media_url":"https:\/\/i0.wp.com\/soclose.mx\/blog\/wp-content\/uploads\/2025\/06\/Gilberto-Mora-de-Xolos.jpg?fit=1920%2C1080&ssl=1","jetpack-related-posts":[{"id":9487,"url":"https:\/\/soclose.mx\/blog\/ay-goeeee\/mexico-tiene-primer-juez-civico-con-discapacidad-visual\/","url_meta":{"origin":14856,"position":0},"title":"M\u00e9xico tiene primer juez c\u00edvico con discapacidad visual","author":"Miguel Angel Romero","date":"14 abril, 2022","format":false,"excerpt":"Gilberto Murillo S\u00e1nchez fue elegido como uno de los Jueces del Juzgado C\u00edvico en Tepic, siendo la primera persona con discapacidad visual en M\u00e9xico designada para este cargo. Murillo S\u00e1nchez, cuenta con una amplia formaci\u00f3n acad\u00e9mica que lo respalda para el puesto, ya que es licenciado en Derecho por el\u2026","rel":"","context":"En &quot;\u00a1Ay goeeee!&quot;","block_context":{"text":"\u00a1Ay goeeee!","link":"https:\/\/soclose.mx\/blog\/category\/ay-goeeee\/"},"img":{"alt_text":"","src":"https:\/\/i0.wp.com\/soclose.mx\/blog\/wp-content\/uploads\/2022\/03\/Copia-de-Principal-So-Close-blog-1-18.png?fit=1200%2C677&ssl=1&resize=350%2C200","width":350,"height":200,"srcset":"https:\/\/i0.wp.com\/soclose.mx\/blog\/wp-content\/uploads\/2022\/03\/Copia-de-Principal-So-Close-blog-1-18.png?fit=1200%2C677&ssl=1&resize=350%2C200 1x, https:\/\/i0.wp.com\/soclose.mx\/blog\/wp-content\/uploads\/2022\/03\/Copia-de-Principal-So-Close-blog-1-18.png?fit=1200%2C677&ssl=1&resize=525%2C300 1.5x, https:\/\/i0.wp.com\/soclose.mx\/blog\/wp-content\/uploads\/2022\/03\/Copia-de-Principal-So-Close-blog-1-18.png?fit=1200%2C677&ssl=1&resize=700%2C400 2x, https:\/\/i0.wp.com\/soclose.mx\/blog\/wp-content\/uploads\/2022\/03\/Copia-de-Principal-So-Close-blog-1-18.png?fit=1200%2C677&ssl=1&resize=1050%2C600 3x"},"classes":[]},{"id":12248,"url":"https:\/\/soclose.mx\/blog\/a-la-mexicana\/primeros-partidos-politicos-mexico-cuales-sobrevivieron\/","url_meta":{"origin":14856,"position":1},"title":"Primeros partidos pol\u00edticos en M\u00e9xico \u00bfSobrevivieron?","author":"Emmanuel Oviedo","date":"24 septiembre, 2023","format":false,"excerpt":"En M\u00e9xico, cada seis a\u00f1os hay elecciones federales y estatales y cada tres, votaciones municipales y de congresos locales y es el momento en el que depositamos las decisiones importantes de la naci\u00f3n en un grupo de personas que militan en partidos pol\u00edticos. A veces, ni siquiera identificamos los nombres\u2026","rel":"","context":"En &quot;A la mexicana&quot;","block_context":{"text":"A la mexicana","link":"https:\/\/soclose.mx\/blog\/category\/a-la-mexicana\/"},"img":{"alt_text":"","src":"https:\/\/i0.wp.com\/soclose.mx\/blog\/wp-content\/uploads\/2023\/09\/Voto-mujer.jpg?fit=1000%2C600&ssl=1&resize=350%2C200","width":350,"height":200,"srcset":"https:\/\/i0.wp.com\/soclose.mx\/blog\/wp-content\/uploads\/2023\/09\/Voto-mujer.jpg?fit=1000%2C600&ssl=1&resize=350%2C200 1x, https:\/\/i0.wp.com\/soclose.mx\/blog\/wp-content\/uploads\/2023\/09\/Voto-mujer.jpg?fit=1000%2C600&ssl=1&resize=525%2C300 1.5x, https:\/\/i0.wp.com\/soclose.mx\/blog\/wp-content\/uploads\/2023\/09\/Voto-mujer.jpg?fit=1000%2C600&ssl=1&resize=700%2C400 2x"},"classes":[]},{"id":13896,"url":"https:\/\/soclose.mx\/blog\/seleccion-mexicana\/davian-kimbrough-la-futura-joya-de-la-seleccion-mexicana\/","url_meta":{"origin":14856,"position":2},"title":"Da&#8217;vian Kimbrough: la futura joya de la Selecci\u00f3n Mexicana","author":"So Close","date":"9 agosto, 2024","format":false,"excerpt":"Da'vian Kimbrough: la futura joya de la Selecci\u00f3n Mexicana, es un joven futbolista mexicano-estadounidense que ha comenzado a destacar en el mundo del f\u00fatbol. Nacido el 18 de febrero de 2010 en Woodland, California, Kimbrough ha llamado la atenci\u00f3n por su talento y potencial, convirti\u00e9ndose en una de las promesas\u2026","rel":"","context":"En &quot;Selecci\u00f3n mexicana&quot;","block_context":{"text":"Selecci\u00f3n mexicana","link":"https:\/\/soclose.mx\/blog\/category\/seleccion-mexicana\/"},"img":{"alt_text":"Da'vian Kimbrough-joya-seleccion-mexicana","src":"https:\/\/i0.wp.com\/soclose.mx\/blog\/wp-content\/uploads\/2024\/08\/Davian-Kimbrough-joya-seleccion-mexicana.jpg?fit=1200%2C818&ssl=1&resize=350%2C200","width":350,"height":200,"srcset":"https:\/\/i0.wp.com\/soclose.mx\/blog\/wp-content\/uploads\/2024\/08\/Davian-Kimbrough-joya-seleccion-mexicana.jpg?fit=1200%2C818&ssl=1&resize=350%2C200 1x, https:\/\/i0.wp.com\/soclose.mx\/blog\/wp-content\/uploads\/2024\/08\/Davian-Kimbrough-joya-seleccion-mexicana.jpg?fit=1200%2C818&ssl=1&resize=525%2C300 1.5x, https:\/\/i0.wp.com\/soclose.mx\/blog\/wp-content\/uploads\/2024\/08\/Davian-Kimbrough-joya-seleccion-mexicana.jpg?fit=1200%2C818&ssl=1&resize=700%2C400 2x, https:\/\/i0.wp.com\/soclose.mx\/blog\/wp-content\/uploads\/2024\/08\/Davian-Kimbrough-joya-seleccion-mexicana.jpg?fit=1200%2C818&ssl=1&resize=1050%2C600 3x"},"classes":[]},{"id":14843,"url":"https:\/\/soclose.mx\/blog\/mitos-y-leyendas-mexicanos\/los-goles-mas-espectaculares-de-carlos-vela\/","url_meta":{"origin":14856,"position":3},"title":"Los goles m\u00e1s espectaculares de Carlos Vela, el mexicano que no le gustaba el futbol","author":"So Close","date":"27 mayo, 2025","format":false,"excerpt":"Sin duda, Carlos Vela es reconocido por sus goles y jugadas espectaculares tanto en Europa como en la MLS y con la selecci\u00f3n mexicana. Por ello, sin m\u00e1s palabras te compartimos algunos videos destacados donde puedes ver los goles m\u00e1s espectaculares de Carlos Vela: Top 10 goles de Carlos Vela\u2026","rel":"","context":"En &quot;\u00a1Ay nanita!&quot;","block_context":{"text":"\u00a1Ay nanita!","link":"https:\/\/soclose.mx\/blog\/category\/mitos-y-leyendas-mexicanos\/"},"img":{"alt_text":"Carlos Vela","src":"https:\/\/i0.wp.com\/soclose.mx\/blog\/wp-content\/uploads\/2025\/05\/Carlos-Vela.jpg?fit=1200%2C675&ssl=1&resize=350%2C200","width":350,"height":200,"srcset":"https:\/\/i0.wp.com\/soclose.mx\/blog\/wp-content\/uploads\/2025\/05\/Carlos-Vela.jpg?fit=1200%2C675&ssl=1&resize=350%2C200 1x, https:\/\/i0.wp.com\/soclose.mx\/blog\/wp-content\/uploads\/2025\/05\/Carlos-Vela.jpg?fit=1200%2C675&ssl=1&resize=525%2C300 1.5x, https:\/\/i0.wp.com\/soclose.mx\/blog\/wp-content\/uploads\/2025\/05\/Carlos-Vela.jpg?fit=1200%2C675&ssl=1&resize=700%2C400 2x, https:\/\/i0.wp.com\/soclose.mx\/blog\/wp-content\/uploads\/2025\/05\/Carlos-Vela.jpg?fit=1200%2C675&ssl=1&resize=1050%2C600 3x"},"classes":[]},{"id":12915,"url":"https:\/\/soclose.mx\/blog\/seleccion-mexicana\/los-5-momentos-inolvidables-de-la-seleccion-mexicana\/","url_meta":{"origin":14856,"position":4},"title":"Los 5 momentos inolvidables de la Selecci\u00f3n mexicana","author":"Emmanuel Oviedo","date":"15 enero, 2024","format":false,"excerpt":"La Selecci\u00f3n Mexicana nos ha sacado tantos suspiros en cada uno de sus partidos. Durante su historia, podemos recapitular finales que nos mantuvieron al filo de la butaca. Enfrentamientos contra equipo grandes, como Brasil o Alemania. Pero tambi\u00e9n equipo tricolor se defiende con jugadores promesa y leyendas. Por ello, aqu\u00ed\u2026","rel":"","context":"En &quot;Selecci\u00f3n mexicana&quot;","block_context":{"text":"Selecci\u00f3n mexicana","link":"https:\/\/soclose.mx\/blog\/category\/seleccion-mexicana\/"},"img":{"alt_text":"","src":"https:\/\/i0.wp.com\/soclose.mx\/blog\/wp-content\/uploads\/2024\/01\/Seleccion-mexicana-1.jpg?fit=600%2C400&ssl=1&resize=350%2C200","width":350,"height":200,"srcset":"https:\/\/i0.wp.com\/soclose.mx\/blog\/wp-content\/uploads\/2024\/01\/Seleccion-mexicana-1.jpg?fit=600%2C400&ssl=1&resize=350%2C200 1x, https:\/\/i0.wp.com\/soclose.mx\/blog\/wp-content\/uploads\/2024\/01\/Seleccion-mexicana-1.jpg?fit=600%2C400&ssl=1&resize=525%2C300 1.5x"},"classes":[]},{"id":14568,"url":"https:\/\/soclose.mx\/blog\/news-feed\/partidos-confirmados-de-la-seleccion-mexicana-en-2025\/","url_meta":{"origin":14856,"position":5},"title":"Partidos confirmados de la Selecci\u00f3n Mexicana en 2025","author":"So Close","date":"30 diciembre, 2024","format":false,"excerpt":"Los Partidos confirmados de la Selecci\u00f3n Mexicana en 2025 prometen ser cruciales para afinar el equipo de cara a la Copa del Mundo 2026. A continuaci\u00f3n, se detallan los encuentros programados y su importancia para el desarrollo del equipo. Partidos confirmados de la Selecci\u00f3n Mexicana en 2025 Amistosos en Enero\u2026","rel":"","context":"En &quot;News feed&quot;","block_context":{"text":"News feed","link":"https:\/\/soclose.mx\/blog\/category\/news-feed\/"},"img":{"alt_text":"Javier Aguirre","src":"https:\/\/i0.wp.com\/soclose.mx\/blog\/wp-content\/uploads\/2024\/12\/Javier-Aguirre.jpg?fit=1200%2C675&ssl=1&resize=350%2C200","width":350,"height":200,"srcset":"https:\/\/i0.wp.com\/soclose.mx\/blog\/wp-content\/uploads\/2024\/12\/Javier-Aguirre.jpg?fit=1200%2C675&ssl=1&resize=350%2C200 1x, https:\/\/i0.wp.com\/soclose.mx\/blog\/wp-content\/uploads\/2024\/12\/Javier-Aguirre.jpg?fit=1200%2C675&ssl=1&resize=525%2C300 1.5x, https:\/\/i0.wp.com\/soclose.mx\/blog\/wp-content\/uploads\/2024\/12\/Javier-Aguirre.jpg?fit=1200%2C675&ssl=1&resize=700%2C400 2x, https:\/\/i0.wp.com\/soclose.mx\/blog\/wp-content\/uploads\/2024\/12\/Javier-Aguirre.jpg?fit=1200%2C675&ssl=1&resize=1050%2C600 3x"},"classes":[]}],"jetpack_sharing_enabled":true,"_links":{"self":[{"href":"https:\/\/soclose.mx\/blog\/wp-json\/wp\/v2\/posts\/14856","targetHints":{"allow":["GET"]}}],"collection":[{"href":"https:\/\/soclose.mx\/blog\/wp-json\/wp\/v2\/posts"}],"about":[{"href":"https:\/\/soclose.mx\/blog\/wp-json\/wp\/v2\/types\/post"}],"author":[{"embeddable":true,"href":"https:\/\/soclose.mx\/blog\/wp-json\/wp\/v2\/users\/1"}],"replies":[{"embeddable":true,"href":"https:\/\/soclose.mx\/blog\/wp-json\/wp\/v2\/comments?post=14856"}],"version-history":[{"count":0,"href":"https:\/\/soclose.mx\/blog\/wp-json\/wp\/v2\/posts\/14856\/revisions"}],"wp:featuredmedia":[{"embeddable":true,"href":"https:\/\/soclose.mx\/blog\/wp-json\/wp\/v2\/media\/14857"}],"wp:attachment":[{"href":"https:\/\/soclose.mx\/blog\/wp-json\/wp\/v2\/media?parent=14856"}],"wp:term":[{"taxonomy":"category","embeddable":true,"href":"https:\/\/soclose.mx\/blog\/wp-json\/wp\/v2\/categories?post=14856"},{"taxonomy":"post_tag","embeddable":true,"href":"https:\/\/soclose.mx\/blog\/wp-json\/wp\/v2\/tags?post=14856"}],"curies":[{"name":"wp","href":"https:\/\/api.w.org\/{rel}","templated":true}]}}