{"id":14907,"date":"2025-08-28T18:31:52","date_gmt":"2025-08-29T00:31:52","guid":{"rendered":"https:\/\/soclose.mx\/blog\/?p=14907"},"modified":"2025-08-28T18:31:52","modified_gmt":"2025-08-29T00:31:52","slug":"lista-de-convocados-a-la-seleccion-mexicana-contra-japon-y-corea-del-sur","status":"publish","type":"post","link":"https:\/\/soclose.mx\/blog\/seleccion-mexicana\/lista-de-convocados-a-la-seleccion-mexicana-contra-japon-y-corea-del-sur\/","title":{"rendered":"Lista de convocados a la Selecci\u00f3n Mexicana contra Jap\u00f3n y Corea del Sur"},"content":{"rendered":"<p class=\"p1\"><a href=\"https:\/\/soclose.mx\/blog\/a-la-mexicana\/las-frases-mas-polemicas-de-javier-el-vasco-aguirre-videos\/\" target=\"_blank\" rel=\"noopener\">Javier Aguirre<\/a>\u00a0dio a conocer la lista de convocados a la Selecci\u00f3n Mexicana para disputar los partidos amistosos que se jugar\u00e1n el s\u00e1bado 6 de septiembre contra Jap\u00f3n en el Oakland Coliseum y el martes 9 de septiembre frente a Corea del Sur en el Geodis Park de Nashville, Estados Unidos. Estos encuentros forman parte de la preparaci\u00f3n para la Copa Mundial de la FIFA 2026, que se realizar\u00e1 en M\u00e9xico, Estados Unidos y Canad\u00e1.<\/p>\n<p class=\"p3\"><b>Lista de convocados a la <a href=\"https:\/\/x.com\/miseleccionmx\" target=\"_blank\" rel=\"noopener\">Selecci\u00f3n Mexicana<\/a>\u00a0vs Jap\u00f3n y Corea del Sur<\/b><\/p>\n<ul class=\"ul1\">\n<li class=\"li1\"><b>Porteros:<\/b> Luis \u00c1ngel Malag\u00f3n (Am\u00e9rica), Ra\u00fal Rangel (Chivas), Carlos Moreno (Chivas)<\/li>\n<li class=\"li1\"><b>Defensas:<\/b> Rodrigo Huescas (FC Copenhague), Jorge S\u00e1nchez (Cruz Azul), C\u00e9sar Montes (Lokomotiv Mosc\u00fa), Johan V\u00e1squez (Genoa), Jos\u00e9 Juan S\u00e1nchez Purata (Tigres), Jes\u00fas Orozco (Cruz Azul), Jes\u00fas Gallardo (Toluca), Mateo Ch\u00e1vez (AZ Alkmaar)<\/li>\n<li class=\"li1\"><b>Mediocampistas:<\/b> Edson \u00c1lvarez (Fenerbahce), Erik Lira (Cruz Azul), Marcel Ruiz (Toluca), Carlos Rodr\u00edguez (Cruz Azul), Orbel\u00edn Pineda (AEK Atenas), \u00c9rick S\u00e1nchez (Am\u00e9rica)<\/li>\n<li class=\"li1\"><b>Delanteros:<\/b> Roberto Alvarado (Chivas), Diego Lainez (Tigres), C\u00e9sar Huerta (Anderlecht), Ra\u00fal Jim\u00e9nez (Fulham), Santiago Gim\u00e9nez (AC Milan), Hirving Lozano (San Diego FC), Alexis Vega (Toluca), Germ\u00e1n Berterame (Rayados)<\/li>\n<\/ul>\n<p class=\"p1\">Destacan los regresos de jugadores como <b>Hirving &#8220;Chucky&#8221; Lozano<\/b> despu\u00e9s de un per\u00edodo de ausencia, as\u00ed como la inclusi\u00f3n de Germ\u00e1n Berterame, delantero naturalizado mexicano que tendr\u00e1 su primera oportunidad con el Tricolor.<\/p>\n<p class=\"p3\"><b>Detalles del evento<\/b><\/p>\n<ul class=\"ul1\">\n<li class=\"li1\">La concentraci\u00f3n del equipo comenzar\u00e1 la noche del 31 de agosto en Oakland, para prepararse para el primer duelo.<\/li>\n<li class=\"li1\">M\u00e9xico se enfrentar\u00e1 a dos selecciones asi\u00e1ticas que ya est\u00e1n clasificadas para el Mundial 2026, lo que le permitir\u00e1 al t\u00e9cnico evaluar el nivel y la t\u00e1ctica del equipo de cara al torneo.<\/li>\n<li class=\"li1\">La convocatoria incluye jugadores que militan en la Liga MX y en clubes del extranjero, buscando un balance y opciones para el once titular.<\/li>\n<\/ul>\n<p class=\"p1\">Estos encuentros ser\u00e1n cruciales para definir el cuadro titular que buscar\u00e1 un buen desempe\u00f1o en la Copa del Mundo 2026.<\/p>\n","protected":false},"excerpt":{"rendered":"<p>Javier Aguirre\u00a0dio a conocer la lista de convocados a la Selecci\u00f3n Mexicana para disputar los partidos amistosos que se jugar\u00e1n el s\u00e1bado 6 de septiembre contra Jap\u00f3n en el Oakland Coliseum y el martes 9 de septiembre frente a Corea del Sur en el Geodis Park de Nashville, Estados Unidos. Estos encuentros forman parte de la preparaci\u00f3n para la Copa Mundial de la FIFA 2026, que se realizar\u00e1 en M\u00e9xico, Estados Unidos y Canad\u00e1. Lista de convocados a la Selecci\u00f3n Mexicana\u00a0vs Jap\u00f3n y Corea del Sur Porteros: Luis \u00c1ngel Malag\u00f3n (Am\u00e9rica), Ra\u00fal Rangel (Chivas), Carlos Moreno (Chivas) Defensas: Rodrigo Huescas<\/p>\n","protected":false},"author":1,"featured_media":14908,"comment_status":"open","ping_status":"open","sticky":false,"template":"","format":"standard","meta":{"_jetpack_memberships_contains_paid_content":false,"footnotes":""},"categories":[628,3104],"tags":[4842,4845,4846,4843,4848,4851,4847,4849,4844,4850],"class_list":["post-14907","post","type-post","status-publish","format-standard","has-post-thumbnail","hentry","category-news-feed","category-seleccion-mexicana","tag-convocatoria-seleccion-mexicana-septiembre-2025","tag-donde-ver-mexico-vs-corea-del-sur","tag-horarios-partidos-seleccion-mexicana-septiembre","tag-lista-jugadores-seleccion-mexicana-vs-japon","tag-nombres-seleccion-mexicana-septiembre-2025","tag-regresar-chucky-lozano-seleccion-mexicana","tag-seleccion-mexicana-convocados-javier-aguirre","tag-seleccion-mexicana-mexico-vs-japon-tv","tag-seleccion-mexicana-partidos-amistosos-2025","tag-streaming-seleccion-mexicana-septiembre-2025"],"yoast_head":"<!-- This site is optimized with the Yoast SEO plugin v26.7 - https:\/\/yoast.com\/wordpress\/plugins\/seo\/ -->\n<title>Lista de convocados a la Selecci\u00f3n Mexicana contra Jap\u00f3n y Corea del Sur - So Close<\/title>\n<meta name=\"description\" content=\"Javier Aguirre dio a conocer la lista de convocados a la Selecci\u00f3n Mexicana para disputar los partidos amistosos contra Jap\u00f3n y Corea del Sur.\" \/>\n<meta name=\"robots\" content=\"index, follow, max-snippet:-1, max-image-preview:large, max-video-preview:-1\" \/>\n<link rel=\"canonical\" href=\"https:\/\/soclose.mx\/blog\/tag\/juan-rulfo-frases-mujeres\/\" \/>\n<meta property=\"og:locale\" content=\"es_MX\" \/>\n<meta property=\"og:type\" content=\"article\" \/>\n<meta property=\"og:title\" content=\"Lista de convocados a la Selecci\u00f3n Mexicana contra Jap\u00f3n y Corea del Sur - So Close\" \/>\n<meta property=\"og:description\" content=\"Javier Aguirre dio a conocer la lista de convocados a la Selecci\u00f3n Mexicana para disputar los partidos amistosos contra Jap\u00f3n y Corea del Sur.\" \/>\n<meta property=\"og:url\" content=\"https:\/\/soclose.mx\/blog\/tag\/juan-rulfo-frases-mujeres\/\" \/>\n<meta property=\"og:site_name\" content=\"So Close\" \/>\n<meta property=\"article:published_time\" content=\"2025-08-29T00:31:52+00:00\" \/>\n<meta property=\"og:image\" content=\"https:\/\/i0.wp.com\/soclose.mx\/blog\/wp-content\/uploads\/2025\/08\/Seleccion-mexicana.jpg?fit=1920%2C1080&ssl=1\" \/>\n\t<meta property=\"og:image:width\" content=\"1920\" \/>\n\t<meta property=\"og:image:height\" content=\"1080\" \/>\n\t<meta property=\"og:image:type\" content=\"image\/jpeg\" \/>\n<meta name=\"author\" content=\"So Close\" \/>\n<meta name=\"twitter:card\" content=\"summary_large_image\" \/>\n<meta name=\"twitter:label1\" content=\"Escrito por\" \/>\n\t<meta name=\"twitter:data1\" content=\"So Close\" \/>\n\t<meta name=\"twitter:label2\" content=\"Tiempo de lectura\" \/>\n\t<meta name=\"twitter:data2\" content=\"2 minutos\" \/>\n<script type=\"application\/ld+json\" class=\"yoast-schema-graph\">{\"@context\":\"https:\/\/schema.org\",\"@graph\":[{\"@type\":\"Article\",\"@id\":\"https:\/\/soclose.mx\/blog\/tag\/juan-rulfo-frases-mujeres\/#article\",\"isPartOf\":{\"@id\":\"https:\/\/soclose.mx\/blog\/tag\/juan-rulfo-frases-mujeres\/\"},\"author\":{\"name\":\"So Close\",\"@id\":\"https:\/\/soclose.mx\/blog\/#\/schema\/person\/723eb117ab965b55c3e56b5d29751667\"},\"headline\":\"Lista de convocados a la Selecci\u00f3n Mexicana contra Jap\u00f3n y Corea del Sur\",\"datePublished\":\"2025-08-29T00:31:52+00:00\",\"mainEntityOfPage\":{\"@id\":\"https:\/\/soclose.mx\/blog\/tag\/juan-rulfo-frases-mujeres\/\"},\"wordCount\":361,\"commentCount\":0,\"publisher\":{\"@id\":\"https:\/\/soclose.mx\/blog\/#organization\"},\"image\":{\"@id\":\"https:\/\/soclose.mx\/blog\/tag\/juan-rulfo-frases-mujeres\/#primaryimage\"},\"thumbnailUrl\":\"https:\/\/i0.wp.com\/soclose.mx\/blog\/wp-content\/uploads\/2025\/08\/Seleccion-mexicana.jpg?fit=1920%2C1080&ssl=1\",\"keywords\":[\"convocatoria selecci\u00f3n mexicana septiembre 2025\",\"d\u00f3nde ver M\u00e9xico vs Corea del Sur\",\"horarios partidos selecci\u00f3n mexicana septiembre\",\"lista jugadores selecci\u00f3n mexicana vs Jap\u00f3n\",\"nombres selecci\u00f3n mexicana septiembre 2025\",\"regresar chucky lozano selecci\u00f3n mexicana\",\"selecci\u00f3n mexicana convocados Javier Aguirre\",\"selecci\u00f3n mexicana M\u00e9xico vs Jap\u00f3n tv\",\"selecci\u00f3n mexicana partidos amistosos 2025\",\"streaming selecci\u00f3n mexicana septiembre 2025\"],\"articleSection\":[\"News feed\",\"Selecci\u00f3n mexicana\"],\"inLanguage\":\"es\",\"potentialAction\":[{\"@type\":\"CommentAction\",\"name\":\"Comment\",\"target\":[\"https:\/\/soclose.mx\/blog\/tag\/juan-rulfo-frases-mujeres\/#respond\"]}]},{\"@type\":\"WebPage\",\"@id\":\"https:\/\/soclose.mx\/blog\/tag\/juan-rulfo-frases-mujeres\/\",\"url\":\"https:\/\/soclose.mx\/blog\/tag\/juan-rulfo-frases-mujeres\/\",\"name\":\"Lista de convocados a la Selecci\u00f3n Mexicana contra Jap\u00f3n y Corea del Sur - So Close\",\"isPartOf\":{\"@id\":\"https:\/\/soclose.mx\/blog\/#website\"},\"primaryImageOfPage\":{\"@id\":\"https:\/\/soclose.mx\/blog\/tag\/juan-rulfo-frases-mujeres\/#primaryimage\"},\"image\":{\"@id\":\"https:\/\/soclose.mx\/blog\/tag\/juan-rulfo-frases-mujeres\/#primaryimage\"},\"thumbnailUrl\":\"https:\/\/i0.wp.com\/soclose.mx\/blog\/wp-content\/uploads\/2025\/08\/Seleccion-mexicana.jpg?fit=1920%2C1080&ssl=1\",\"datePublished\":\"2025-08-29T00:31:52+00:00\",\"description\":\"Javier Aguirre dio a conocer la lista de convocados a la Selecci\u00f3n Mexicana para disputar los partidos amistosos contra Jap\u00f3n y Corea del Sur.\",\"breadcrumb\":{\"@id\":\"https:\/\/soclose.mx\/blog\/tag\/juan-rulfo-frases-mujeres\/#breadcrumb\"},\"inLanguage\":\"es\",\"potentialAction\":[{\"@type\":\"ReadAction\",\"target\":[\"https:\/\/soclose.mx\/blog\/tag\/juan-rulfo-frases-mujeres\/\"]}]},{\"@type\":\"ImageObject\",\"inLanguage\":\"es\",\"@id\":\"https:\/\/soclose.mx\/blog\/tag\/juan-rulfo-frases-mujeres\/#primaryimage\",\"url\":\"https:\/\/i0.wp.com\/soclose.mx\/blog\/wp-content\/uploads\/2025\/08\/Seleccion-mexicana.jpg?fit=1920%2C1080&ssl=1\",\"contentUrl\":\"https:\/\/i0.wp.com\/soclose.mx\/blog\/wp-content\/uploads\/2025\/08\/Seleccion-mexicana.jpg?fit=1920%2C1080&ssl=1\",\"width\":1920,\"height\":1080,\"caption\":\"Selecci\u00f3n mexicana\"},{\"@type\":\"BreadcrumbList\",\"@id\":\"https:\/\/soclose.mx\/blog\/tag\/juan-rulfo-frases-mujeres\/#breadcrumb\",\"itemListElement\":[{\"@type\":\"ListItem\",\"position\":1,\"name\":\"Inicio\",\"item\":\"https:\/\/soclose.mx\/blog\/\"},{\"@type\":\"ListItem\",\"position\":2,\"name\":\"Lista de convocados a la Selecci\u00f3n Mexicana contra Jap\u00f3n y Corea del Sur\"}]},{\"@type\":\"WebSite\",\"@id\":\"https:\/\/soclose.mx\/blog\/#website\",\"url\":\"https:\/\/soclose.mx\/blog\/\",\"name\":\"So Close\",\"description\":\"Hacemos contenidos de M\u00e9xico\",\"publisher\":{\"@id\":\"https:\/\/soclose.mx\/blog\/#organization\"},\"potentialAction\":[{\"@type\":\"SearchAction\",\"target\":{\"@type\":\"EntryPoint\",\"urlTemplate\":\"https:\/\/soclose.mx\/blog\/?s={search_term_string}\"},\"query-input\":{\"@type\":\"PropertyValueSpecification\",\"valueRequired\":true,\"valueName\":\"search_term_string\"}}],\"inLanguage\":\"es\"},{\"@type\":\"Organization\",\"@id\":\"https:\/\/soclose.mx\/blog\/#organization\",\"name\":\"So Close\",\"url\":\"https:\/\/soclose.mx\/blog\/\",\"logo\":{\"@type\":\"ImageObject\",\"inLanguage\":\"es\",\"@id\":\"https:\/\/soclose.mx\/blog\/#\/schema\/logo\/image\/\",\"url\":\"https:\/\/i0.wp.com\/soclose.mx\/blog\/wp-content\/uploads\/2020\/12\/LOGO_SOCLOSE_COLOR-e1608310133507.png?fit=2858%2C1264&ssl=1\",\"contentUrl\":\"https:\/\/i0.wp.com\/soclose.mx\/blog\/wp-content\/uploads\/2020\/12\/LOGO_SOCLOSE_COLOR-e1608310133507.png?fit=2858%2C1264&ssl=1\",\"width\":2858,\"height\":1264,\"caption\":\"So Close\"},\"image\":{\"@id\":\"https:\/\/soclose.mx\/blog\/#\/schema\/logo\/image\/\"}},{\"@type\":\"Person\",\"@id\":\"https:\/\/soclose.mx\/blog\/#\/schema\/person\/723eb117ab965b55c3e56b5d29751667\",\"name\":\"So Close\",\"image\":{\"@type\":\"ImageObject\",\"inLanguage\":\"es\",\"@id\":\"https:\/\/soclose.mx\/blog\/#\/schema\/person\/image\/\",\"url\":\"https:\/\/secure.gravatar.com\/avatar\/5a1d1d694eaf6d2c28f450f0984cbb34821b92dc49c1d088c0250fbc6a48efec?s=96&d=mm&r=g\",\"contentUrl\":\"https:\/\/secure.gravatar.com\/avatar\/5a1d1d694eaf6d2c28f450f0984cbb34821b92dc49c1d088c0250fbc6a48efec?s=96&d=mm&r=g\",\"caption\":\"So Close\"},\"sameAs\":[\"http:\/\/www.soclose.mx\",\"https:\/\/www.youtube.com\/@soclosemx\"],\"url\":\"https:\/\/soclose.mx\/blog\/author\/admin\/\"}]}<\/script>\n<!-- \/ Yoast SEO plugin. -->","yoast_head_json":{"title":"Lista de convocados a la Selecci\u00f3n Mexicana contra Jap\u00f3n y Corea del Sur - So Close","description":"Javier Aguirre dio a conocer la lista de convocados a la Selecci\u00f3n Mexicana para disputar los partidos amistosos contra Jap\u00f3n y Corea del Sur.","robots":{"index":"index","follow":"follow","max-snippet":"max-snippet:-1","max-image-preview":"max-image-preview:large","max-video-preview":"max-video-preview:-1"},"canonical":"https:\/\/soclose.mx\/blog\/tag\/juan-rulfo-frases-mujeres\/","og_locale":"es_MX","og_type":"article","og_title":"Lista de convocados a la Selecci\u00f3n Mexicana contra Jap\u00f3n y Corea del Sur - So Close","og_description":"Javier Aguirre dio a conocer la lista de convocados a la Selecci\u00f3n Mexicana para disputar los partidos amistosos contra Jap\u00f3n y Corea del Sur.","og_url":"https:\/\/soclose.mx\/blog\/tag\/juan-rulfo-frases-mujeres\/","og_site_name":"So Close","article_published_time":"2025-08-29T00:31:52+00:00","og_image":[{"width":1920,"height":1080,"url":"https:\/\/i0.wp.com\/soclose.mx\/blog\/wp-content\/uploads\/2025\/08\/Seleccion-mexicana.jpg?fit=1920%2C1080&ssl=1","type":"image\/jpeg"}],"author":"So Close","twitter_card":"summary_large_image","twitter_misc":{"Escrito por":"So Close","Tiempo de lectura":"2 minutos"},"schema":{"@context":"https:\/\/schema.org","@graph":[{"@type":"Article","@id":"https:\/\/soclose.mx\/blog\/tag\/juan-rulfo-frases-mujeres\/#article","isPartOf":{"@id":"https:\/\/soclose.mx\/blog\/tag\/juan-rulfo-frases-mujeres\/"},"author":{"name":"So Close","@id":"https:\/\/soclose.mx\/blog\/#\/schema\/person\/723eb117ab965b55c3e56b5d29751667"},"headline":"Lista de convocados a la Selecci\u00f3n Mexicana contra Jap\u00f3n y Corea del Sur","datePublished":"2025-08-29T00:31:52+00:00","mainEntityOfPage":{"@id":"https:\/\/soclose.mx\/blog\/tag\/juan-rulfo-frases-mujeres\/"},"wordCount":361,"commentCount":0,"publisher":{"@id":"https:\/\/soclose.mx\/blog\/#organization"},"image":{"@id":"https:\/\/soclose.mx\/blog\/tag\/juan-rulfo-frases-mujeres\/#primaryimage"},"thumbnailUrl":"https:\/\/i0.wp.com\/soclose.mx\/blog\/wp-content\/uploads\/2025\/08\/Seleccion-mexicana.jpg?fit=1920%2C1080&ssl=1","keywords":["convocatoria selecci\u00f3n mexicana septiembre 2025","d\u00f3nde ver M\u00e9xico vs Corea del Sur","horarios partidos selecci\u00f3n mexicana septiembre","lista jugadores selecci\u00f3n mexicana vs Jap\u00f3n","nombres selecci\u00f3n mexicana septiembre 2025","regresar chucky lozano selecci\u00f3n mexicana","selecci\u00f3n mexicana convocados Javier Aguirre","selecci\u00f3n mexicana M\u00e9xico vs Jap\u00f3n tv","selecci\u00f3n mexicana partidos amistosos 2025","streaming selecci\u00f3n mexicana septiembre 2025"],"articleSection":["News feed","Selecci\u00f3n mexicana"],"inLanguage":"es","potentialAction":[{"@type":"CommentAction","name":"Comment","target":["https:\/\/soclose.mx\/blog\/tag\/juan-rulfo-frases-mujeres\/#respond"]}]},{"@type":"WebPage","@id":"https:\/\/soclose.mx\/blog\/tag\/juan-rulfo-frases-mujeres\/","url":"https:\/\/soclose.mx\/blog\/tag\/juan-rulfo-frases-mujeres\/","name":"Lista de convocados a la Selecci\u00f3n Mexicana contra Jap\u00f3n y Corea del Sur - So Close","isPartOf":{"@id":"https:\/\/soclose.mx\/blog\/#website"},"primaryImageOfPage":{"@id":"https:\/\/soclose.mx\/blog\/tag\/juan-rulfo-frases-mujeres\/#primaryimage"},"image":{"@id":"https:\/\/soclose.mx\/blog\/tag\/juan-rulfo-frases-mujeres\/#primaryimage"},"thumbnailUrl":"https:\/\/i0.wp.com\/soclose.mx\/blog\/wp-content\/uploads\/2025\/08\/Seleccion-mexicana.jpg?fit=1920%2C1080&ssl=1","datePublished":"2025-08-29T00:31:52+00:00","description":"Javier Aguirre dio a conocer la lista de convocados a la Selecci\u00f3n Mexicana para disputar los partidos amistosos contra Jap\u00f3n y Corea del Sur.","breadcrumb":{"@id":"https:\/\/soclose.mx\/blog\/tag\/juan-rulfo-frases-mujeres\/#breadcrumb"},"inLanguage":"es","potentialAction":[{"@type":"ReadAction","target":["https:\/\/soclose.mx\/blog\/tag\/juan-rulfo-frases-mujeres\/"]}]},{"@type":"ImageObject","inLanguage":"es","@id":"https:\/\/soclose.mx\/blog\/tag\/juan-rulfo-frases-mujeres\/#primaryimage","url":"https:\/\/i0.wp.com\/soclose.mx\/blog\/wp-content\/uploads\/2025\/08\/Seleccion-mexicana.jpg?fit=1920%2C1080&ssl=1","contentUrl":"https:\/\/i0.wp.com\/soclose.mx\/blog\/wp-content\/uploads\/2025\/08\/Seleccion-mexicana.jpg?fit=1920%2C1080&ssl=1","width":1920,"height":1080,"caption":"Selecci\u00f3n mexicana"},{"@type":"BreadcrumbList","@id":"https:\/\/soclose.mx\/blog\/tag\/juan-rulfo-frases-mujeres\/#breadcrumb","itemListElement":[{"@type":"ListItem","position":1,"name":"Inicio","item":"https:\/\/soclose.mx\/blog\/"},{"@type":"ListItem","position":2,"name":"Lista de convocados a la Selecci\u00f3n Mexicana contra Jap\u00f3n y Corea del Sur"}]},{"@type":"WebSite","@id":"https:\/\/soclose.mx\/blog\/#website","url":"https:\/\/soclose.mx\/blog\/","name":"So Close","description":"Hacemos contenidos de M\u00e9xico","publisher":{"@id":"https:\/\/soclose.mx\/blog\/#organization"},"potentialAction":[{"@type":"SearchAction","target":{"@type":"EntryPoint","urlTemplate":"https:\/\/soclose.mx\/blog\/?s={search_term_string}"},"query-input":{"@type":"PropertyValueSpecification","valueRequired":true,"valueName":"search_term_string"}}],"inLanguage":"es"},{"@type":"Organization","@id":"https:\/\/soclose.mx\/blog\/#organization","name":"So Close","url":"https:\/\/soclose.mx\/blog\/","logo":{"@type":"ImageObject","inLanguage":"es","@id":"https:\/\/soclose.mx\/blog\/#\/schema\/logo\/image\/","url":"https:\/\/i0.wp.com\/soclose.mx\/blog\/wp-content\/uploads\/2020\/12\/LOGO_SOCLOSE_COLOR-e1608310133507.png?fit=2858%2C1264&ssl=1","contentUrl":"https:\/\/i0.wp.com\/soclose.mx\/blog\/wp-content\/uploads\/2020\/12\/LOGO_SOCLOSE_COLOR-e1608310133507.png?fit=2858%2C1264&ssl=1","width":2858,"height":1264,"caption":"So Close"},"image":{"@id":"https:\/\/soclose.mx\/blog\/#\/schema\/logo\/image\/"}},{"@type":"Person","@id":"https:\/\/soclose.mx\/blog\/#\/schema\/person\/723eb117ab965b55c3e56b5d29751667","name":"So Close","image":{"@type":"ImageObject","inLanguage":"es","@id":"https:\/\/soclose.mx\/blog\/#\/schema\/person\/image\/","url":"https:\/\/secure.gravatar.com\/avatar\/5a1d1d694eaf6d2c28f450f0984cbb34821b92dc49c1d088c0250fbc6a48efec?s=96&d=mm&r=g","contentUrl":"https:\/\/secure.gravatar.com\/avatar\/5a1d1d694eaf6d2c28f450f0984cbb34821b92dc49c1d088c0250fbc6a48efec?s=96&d=mm&r=g","caption":"So Close"},"sameAs":["http:\/\/www.soclose.mx","https:\/\/www.youtube.com\/@soclosemx"],"url":"https:\/\/soclose.mx\/blog\/author\/admin\/"}]}},"jetpack_featured_media_url":"https:\/\/i0.wp.com\/soclose.mx\/blog\/wp-content\/uploads\/2025\/08\/Seleccion-mexicana.jpg?fit=1920%2C1080&ssl=1","jetpack-related-posts":[{"id":14568,"url":"https:\/\/soclose.mx\/blog\/news-feed\/partidos-confirmados-de-la-seleccion-mexicana-en-2025\/","url_meta":{"origin":14907,"position":0},"title":"Partidos confirmados de la Selecci\u00f3n Mexicana en 2025","author":"So Close","date":"30 diciembre, 2024","format":false,"excerpt":"Los Partidos confirmados de la Selecci\u00f3n Mexicana en 2025 prometen ser cruciales para afinar el equipo de cara a la Copa del Mundo 2026. A continuaci\u00f3n, se detallan los encuentros programados y su importancia para el desarrollo del equipo. Partidos confirmados de la Selecci\u00f3n Mexicana en 2025 Amistosos en Enero\u2026","rel":"","context":"En &quot;News feed&quot;","block_context":{"text":"News feed","link":"https:\/\/soclose.mx\/blog\/category\/news-feed\/"},"img":{"alt_text":"Javier Aguirre","src":"https:\/\/i0.wp.com\/soclose.mx\/blog\/wp-content\/uploads\/2024\/12\/Javier-Aguirre.jpg?fit=1200%2C675&ssl=1&resize=350%2C200","width":350,"height":200,"srcset":"https:\/\/i0.wp.com\/soclose.mx\/blog\/wp-content\/uploads\/2024\/12\/Javier-Aguirre.jpg?fit=1200%2C675&ssl=1&resize=350%2C200 1x, https:\/\/i0.wp.com\/soclose.mx\/blog\/wp-content\/uploads\/2024\/12\/Javier-Aguirre.jpg?fit=1200%2C675&ssl=1&resize=525%2C300 1.5x, https:\/\/i0.wp.com\/soclose.mx\/blog\/wp-content\/uploads\/2024\/12\/Javier-Aguirre.jpg?fit=1200%2C675&ssl=1&resize=700%2C400 2x, https:\/\/i0.wp.com\/soclose.mx\/blog\/wp-content\/uploads\/2024\/12\/Javier-Aguirre.jpg?fit=1200%2C675&ssl=1&resize=1050%2C600 3x"},"classes":[]},{"id":14735,"url":"https:\/\/soclose.mx\/blog\/seleccion-mexicana\/convocados-a-la-seleccion-mexicana-para-la-nations-league\/","url_meta":{"origin":14907,"position":1},"title":"Revelan convocados a la selecci\u00f3n mexicana para la Nations League","author":"So Close","date":"10 marzo, 2025","format":false,"excerpt":"La Selecci\u00f3n Mexicana, dirigida por Javier Aguirre, se prepara para disputar el Final Four de la Concacaf y los convocados a la selecci\u00f3n mexicana para la Nations League ya los dieron a conocer. El objetivo es claro: conquistar el t\u00edtulo que se le ha negado al Tri y reafirmar su\u2026","rel":"","context":"En &quot;News feed&quot;","block_context":{"text":"News feed","link":"https:\/\/soclose.mx\/blog\/category\/news-feed\/"},"img":{"alt_text":"Copa Nations League","src":"https:\/\/i0.wp.com\/soclose.mx\/blog\/wp-content\/uploads\/2025\/03\/Copa-Nations-League.jpg?fit=1200%2C675&ssl=1&resize=350%2C200","width":350,"height":200,"srcset":"https:\/\/i0.wp.com\/soclose.mx\/blog\/wp-content\/uploads\/2025\/03\/Copa-Nations-League.jpg?fit=1200%2C675&ssl=1&resize=350%2C200 1x, https:\/\/i0.wp.com\/soclose.mx\/blog\/wp-content\/uploads\/2025\/03\/Copa-Nations-League.jpg?fit=1200%2C675&ssl=1&resize=525%2C300 1.5x, https:\/\/i0.wp.com\/soclose.mx\/blog\/wp-content\/uploads\/2025\/03\/Copa-Nations-League.jpg?fit=1200%2C675&ssl=1&resize=700%2C400 2x, https:\/\/i0.wp.com\/soclose.mx\/blog\/wp-content\/uploads\/2025\/03\/Copa-Nations-League.jpg?fit=1200%2C675&ssl=1&resize=1050%2C600 3x"},"classes":[]},{"id":12907,"url":"https:\/\/soclose.mx\/blog\/seleccion-mexicana\/entrenadores-de-la-seleccion-mexicana-quien-ha-sido-el-mejor\/","url_meta":{"origin":14907,"position":2},"title":"Entrenadores de la Selecci\u00f3n Mexicana: \u00bfqui\u00e9n ha sido el mejor?","author":"Emmanuel Oviedo","date":"16 enero, 2024","format":false,"excerpt":"La selecci\u00f3n tricolor nos despierta emociones que unen a todos a los mexicanos con cada partido.\u00a0 A pesar de las desilusiones, la Selecci\u00f3n Mexicana siempre ha dado la cara y no le tiemblan las piernas. Ya sea en el Estadio Azteca o en el Mundial, los mexicanos nos ilusionamos con\u2026","rel":"","context":"En &quot;Selecci\u00f3n mexicana&quot;","block_context":{"text":"Selecci\u00f3n mexicana","link":"https:\/\/soclose.mx\/blog\/category\/seleccion-mexicana\/"},"img":{"alt_text":"","src":"https:\/\/i0.wp.com\/soclose.mx\/blog\/wp-content\/uploads\/2024\/01\/Seleccion-mexicana-director.jpg?fit=800%2C537&ssl=1&resize=350%2C200","width":350,"height":200,"srcset":"https:\/\/i0.wp.com\/soclose.mx\/blog\/wp-content\/uploads\/2024\/01\/Seleccion-mexicana-director.jpg?fit=800%2C537&ssl=1&resize=350%2C200 1x, https:\/\/i0.wp.com\/soclose.mx\/blog\/wp-content\/uploads\/2024\/01\/Seleccion-mexicana-director.jpg?fit=800%2C537&ssl=1&resize=525%2C300 1.5x, https:\/\/i0.wp.com\/soclose.mx\/blog\/wp-content\/uploads\/2024\/01\/Seleccion-mexicana-director.jpg?fit=800%2C537&ssl=1&resize=700%2C400 2x"},"classes":[]},{"id":14740,"url":"https:\/\/soclose.mx\/blog\/news-feed\/donde-ver-mexico-vs-canada-de-la-nations-league-desde-mexico-y-estados-unidos\/","url_meta":{"origin":14907,"position":3},"title":"\u00bfD\u00f3nde ver M\u00e9xico vs Canad\u00e1 de la Nations League desde M\u00e9xico y Estados Unidos?","author":"So Close","date":"11 marzo, 2025","format":false,"excerpt":"La Selecci\u00f3n Mexicana est\u00e1 lista para enfrentarse a Canad\u00e1 en las semifinales del Final Four de la Concacaf Nations League 2025. Este emocionante encuentro se jugar\u00e1 en el SoFi Stadium, ubicado en Inglewood, California, y promete ser un duelo clave para el Tri bajo la direcci\u00f3n de Javier Aguirre. Aqu\u00ed\u2026","rel":"","context":"En &quot;News feed&quot;","block_context":{"text":"News feed","link":"https:\/\/soclose.mx\/blog\/category\/news-feed\/"},"img":{"alt_text":"Javier Aguirre en la Copa Nations League","src":"https:\/\/i0.wp.com\/soclose.mx\/blog\/wp-content\/uploads\/2025\/03\/Copa-Nations-League-1.jpg?fit=1200%2C675&ssl=1&resize=350%2C200","width":350,"height":200,"srcset":"https:\/\/i0.wp.com\/soclose.mx\/blog\/wp-content\/uploads\/2025\/03\/Copa-Nations-League-1.jpg?fit=1200%2C675&ssl=1&resize=350%2C200 1x, https:\/\/i0.wp.com\/soclose.mx\/blog\/wp-content\/uploads\/2025\/03\/Copa-Nations-League-1.jpg?fit=1200%2C675&ssl=1&resize=525%2C300 1.5x, https:\/\/i0.wp.com\/soclose.mx\/blog\/wp-content\/uploads\/2025\/03\/Copa-Nations-League-1.jpg?fit=1200%2C675&ssl=1&resize=700%2C400 2x, https:\/\/i0.wp.com\/soclose.mx\/blog\/wp-content\/uploads\/2025\/03\/Copa-Nations-League-1.jpg?fit=1200%2C675&ssl=1&resize=1050%2C600 3x"},"classes":[]},{"id":12915,"url":"https:\/\/soclose.mx\/blog\/seleccion-mexicana\/los-5-momentos-inolvidables-de-la-seleccion-mexicana\/","url_meta":{"origin":14907,"position":4},"title":"Los 5 momentos inolvidables de la Selecci\u00f3n mexicana","author":"Emmanuel Oviedo","date":"15 enero, 2024","format":false,"excerpt":"La Selecci\u00f3n Mexicana nos ha sacado tantos suspiros en cada uno de sus partidos. Durante su historia, podemos recapitular finales que nos mantuvieron al filo de la butaca. Enfrentamientos contra equipo grandes, como Brasil o Alemania. Pero tambi\u00e9n equipo tricolor se defiende con jugadores promesa y leyendas. Por ello, aqu\u00ed\u2026","rel":"","context":"En &quot;Selecci\u00f3n mexicana&quot;","block_context":{"text":"Selecci\u00f3n mexicana","link":"https:\/\/soclose.mx\/blog\/category\/seleccion-mexicana\/"},"img":{"alt_text":"","src":"https:\/\/i0.wp.com\/soclose.mx\/blog\/wp-content\/uploads\/2024\/01\/Seleccion-mexicana-1.jpg?fit=600%2C400&ssl=1&resize=350%2C200","width":350,"height":200,"srcset":"https:\/\/i0.wp.com\/soclose.mx\/blog\/wp-content\/uploads\/2024\/01\/Seleccion-mexicana-1.jpg?fit=600%2C400&ssl=1&resize=350%2C200 1x, https:\/\/i0.wp.com\/soclose.mx\/blog\/wp-content\/uploads\/2024\/01\/Seleccion-mexicana-1.jpg?fit=600%2C400&ssl=1&resize=525%2C300 1.5x"},"classes":[]},{"id":10157,"url":"https:\/\/soclose.mx\/blog\/news-feed\/ana-galindo-primera-entrenadora-de-una-seleccion-mexicana-varonil\/","url_meta":{"origin":14907,"position":5},"title":"Ana Galindo, primera entrenadora de una selecci\u00f3n mexicana varonil","author":"Daniel Ram\u00edrez","date":"8 junio, 2022","format":false,"excerpt":"Haber quedado fuera de los Juegos Ol\u00edmpicos de Atenas 2004, fue un golpe duro para Ana Galindo, quien dej\u00f3 las canchas y se concentr\u00f3 en el estudio. Termin\u00f3 la carrera de Dise\u00f1o y Comunicaci\u00f3n Visual, pero eso no le apasionaba, la pelota la llamaba. Fue por una segunda oportunidad y\u2026","rel":"","context":"En &quot;A la mexicana&quot;","block_context":{"text":"A la mexicana","link":"https:\/\/soclose.mx\/blog\/category\/a-la-mexicana\/"},"img":{"alt_text":"","src":"https:\/\/i0.wp.com\/soclose.mx\/blog\/wp-content\/uploads\/2022\/06\/Ana-Galindo.jpeg?fit=1170%2C961&ssl=1&resize=350%2C200","width":350,"height":200,"srcset":"https:\/\/i0.wp.com\/soclose.mx\/blog\/wp-content\/uploads\/2022\/06\/Ana-Galindo.jpeg?fit=1170%2C961&ssl=1&resize=350%2C200 1x, https:\/\/i0.wp.com\/soclose.mx\/blog\/wp-content\/uploads\/2022\/06\/Ana-Galindo.jpeg?fit=1170%2C961&ssl=1&resize=525%2C300 1.5x, https:\/\/i0.wp.com\/soclose.mx\/blog\/wp-content\/uploads\/2022\/06\/Ana-Galindo.jpeg?fit=1170%2C961&ssl=1&resize=700%2C400 2x, https:\/\/i0.wp.com\/soclose.mx\/blog\/wp-content\/uploads\/2022\/06\/Ana-Galindo.jpeg?fit=1170%2C961&ssl=1&resize=1050%2C600 3x"},"classes":[]}],"jetpack_sharing_enabled":true,"_links":{"self":[{"href":"https:\/\/soclose.mx\/blog\/wp-json\/wp\/v2\/posts\/14907","targetHints":{"allow":["GET"]}}],"collection":[{"href":"https:\/\/soclose.mx\/blog\/wp-json\/wp\/v2\/posts"}],"about":[{"href":"https:\/\/soclose.mx\/blog\/wp-json\/wp\/v2\/types\/post"}],"author":[{"embeddable":true,"href":"https:\/\/soclose.mx\/blog\/wp-json\/wp\/v2\/users\/1"}],"replies":[{"embeddable":true,"href":"https:\/\/soclose.mx\/blog\/wp-json\/wp\/v2\/comments?post=14907"}],"version-history":[{"count":1,"href":"https:\/\/soclose.mx\/blog\/wp-json\/wp\/v2\/posts\/14907\/revisions"}],"predecessor-version":[{"id":14909,"href":"https:\/\/soclose.mx\/blog\/wp-json\/wp\/v2\/posts\/14907\/revisions\/14909"}],"wp:featuredmedia":[{"embeddable":true,"href":"https:\/\/soclose.mx\/blog\/wp-json\/wp\/v2\/media\/14908"}],"wp:attachment":[{"href":"https:\/\/soclose.mx\/blog\/wp-json\/wp\/v2\/media?parent=14907"}],"wp:term":[{"taxonomy":"category","embeddable":true,"href":"https:\/\/soclose.mx\/blog\/wp-json\/wp\/v2\/categories?post=14907"},{"taxonomy":"post_tag","embeddable":true,"href":"https:\/\/soclose.mx\/blog\/wp-json\/wp\/v2\/tags?post=14907"}],"curies":[{"name":"wp","href":"https:\/\/api.w.org\/{rel}","templated":true}]}}