{"id":14935,"date":"2025-10-21T19:39:38","date_gmt":"2025-10-22T01:39:38","guid":{"rendered":"https:\/\/soclose.mx\/blog\/?p=14935"},"modified":"2025-10-21T19:39:38","modified_gmt":"2025-10-22T01:39:38","slug":"nueva-separacion-de-basura-en-la-cdmx-detalles-y-fecha-de-inicio","status":"publish","type":"post","link":"https:\/\/soclose.mx\/blog\/news-feed\/nueva-separacion-de-basura-en-la-cdmx-detalles-y-fecha-de-inicio\/","title":{"rendered":"Nueva separaci\u00f3n de basura en la CDMX; detalles y fecha de inicio"},"content":{"rendered":"<p class=\"p1\">La <strong>nueva separaci\u00f3n de basura en la CDMX<\/strong> ser\u00e1 en tres tipos y llegar\u00e1 oficialmente en enero de 2026, transformando la manera en que gestionamos los residuos urbanos.<\/p>\n<p class=\"p1\">Este cambio no solo busca mejorar la limpieza y reciclaje en todas las alcald\u00edas, sino tambi\u00e9n facilitar h\u00e1bitos sostenibles con un calendario y horarios claros para cada tipo de residuo.<\/p>\n<p class=\"p1\">Prep\u00e1rate para conocer c\u00f3mo funciona este sistema y aportar al cuidado del medio ambiente.<\/p>\n<h2 class=\"p1\">La nueva separaci\u00f3n de basura en la <a href=\"https:\/\/soclose.mx\/blog\/news-feed\/que-hacer-en-un-simulacro-de-sismo-en-cdmx\/\" target=\"_blank\" rel=\"noopener\">CDMX<\/a> comenzar\u00e1 en esta fecha<\/h2>\n<p class=\"p1\">A partir del 1 de enero de 2026, la Ciudad de M\u00e9xico implementar\u00e1 de manera obligatoria un nuevo sistema para separar la basura en tres tipos: residuos org\u00e1nicos, residuos inorg\u00e1nicos reciclables y residuos inorg\u00e1nicos no reciclables. Este cambio forma parte de la campa\u00f1a \u201c<a href=\"https:\/\/jefaturadegobierno.cdmx.gob.mx\/comunicacion\/nota\/mensaje-de-la-jefa-de-gobierno-clara-brugada-de-los-integrantes-de-su-gabinete-en-la-instalacion-de-la-agencia-de-gestion-integral-de-residuos-y-el-anuncio-de-la-campana-de-separacion-de-residuos-transforma-tu-ciudad-cada-basura-en-su-lugar\" target=\"_blank\" rel=\"noopener\">Transforma tu ciudad, cada basura en su lugar<\/a>\u201d, lanzada por la Agencia de Gesti\u00f3n Integral de Residuos con el objetivo de impulsar el reciclaje y disminuir la contaminaci\u00f3n.<\/p>\n<h2 class=\"p1\">Detalles de la nueva separaci\u00f3n de basura en la CDMX<\/h2>\n<p class=\"p1\">El sistema de separaci\u00f3n funcionar\u00e1 con un calendario claro para la recolecci\u00f3n. Los residuos org\u00e1nicos, que incluyen restos de comida, poda y jardiner\u00eda, se deber\u00e1n sacar los martes, jueves y s\u00e1bados. Los residuos inorg\u00e1nicos reciclables, como PET, metales, papel, cart\u00f3n, vidrio y aluminio, ser\u00e1n recogidos los lunes y mi\u00e9rcoles. Mientras tanto, los residuos inorg\u00e1nicos no reciclables \u2014como pa\u00f1ales, colillas, toallas sanitarias y basura contaminada\u2014 se recolectar\u00e1n los viernes y domingos.<\/p>\n<p class=\"p1\">Esta separaci\u00f3n deber\u00e1 realizarse obligatoriamente en todas las 16 alcald\u00edas de la Ciudad de M\u00e9xico, garantizando que cada tipo de basura tenga el destino adecuado: el compostaje y carbonizaci\u00f3n hidrotermal para los org\u00e1nicos; reciclaje para los inorg\u00e1nicos reciclables; y la valorizaci\u00f3n energ\u00e9tica o disposici\u00f3n en rellenos sanitarios para los no reciclables.<\/p>\n<p class=\"p1\">Adem\u00e1s, habr\u00e1 un fortalecimiento en los horarios de recolecci\u00f3n nocturna para facilitar que las personas puedan tirar la basura fuera de sus horas de trabajo, con el fin de mejorar la limpieza p\u00fablica y evitar tiraderos clandestinos.<\/p>\n<p class=\"p1\">Este programa busca transformar para 2030 al menos el 50% de los residuos que genera la ciudad, dado que actualmente solo el 15% es separado correctamente. Tambi\u00e9n se realizar\u00e1 una campa\u00f1a informativa previa al inicio oficial para educar a la poblaci\u00f3n y regular los puntos de acopio en colonias y barrios.<\/p>\n<p class=\"p1\">En resumen, a partir de enero de 2026, residentes y visitantes de la Ciudad de M\u00e9xico deber\u00e1n acostumbrarse a separar la basura en tres categor\u00edas, con d\u00edas y horarios espec\u00edficos de recolecci\u00f3n en todas las alcald\u00edas, reforzando as\u00ed la gesti\u00f3n sostenible de residuos y la preservaci\u00f3n del medio ambiente urbano.<\/p>\n<p class=\"p1\">Esta obligaci\u00f3n representa un paso importante para convertir a la CDMX en una ciudad m\u00e1s limpia y responsable con el medio ambiente, y requiere la colaboraci\u00f3n de todos para que funcione con \u00e9xito.<\/p>\n","protected":false},"excerpt":{"rendered":"<p>La nueva separaci\u00f3n de basura en la CDMX ser\u00e1 en tres tipos y llegar\u00e1 oficialmente en enero de 2026, transformando la manera en que gestionamos los residuos urbanos. Este cambio no solo busca mejorar la limpieza y reciclaje en todas las alcald\u00edas, sino tambi\u00e9n facilitar h\u00e1bitos sostenibles con un calendario y horarios claros para cada tipo de residuo. Prep\u00e1rate para conocer c\u00f3mo funciona este sistema y aportar al cuidado del medio ambiente. La nueva separaci\u00f3n de basura en la CDMX comenzar\u00e1 en esta fecha A partir del 1 de enero de 2026, la Ciudad de M\u00e9xico implementar\u00e1 de manera obligatoria<\/p>\n","protected":false},"author":1,"featured_media":14936,"comment_status":"open","ping_status":"open","sticky":false,"template":"","format":"standard","meta":{"_jetpack_memberships_contains_paid_content":false,"footnotes":""},"categories":[628],"tags":[4928,4921,4926,4920,4927,4924,4923,4925,4922,4919],"class_list":["post-14935","post","type-post","status-publish","format-standard","has-post-thumbnail","hentry","category-news-feed","tag-alcaldias-cdmx-separacion-de-basura","tag-basura-organica-cdmx-calendario","tag-campana-separacion-basura-cdmx","tag-como-separar-basura-en-cdmx","tag-horarios-recoleccion-basura-cdmx","tag-reciclaje-obligatorio-cdmx","tag-recoleccion-de-basura-cdmx-2026","tag-residuos-no-reciclables-cdmx","tag-residuos-reciclables-cdmx","tag-separacion-de-basura-cdmx-2026"],"yoast_head":"<!-- This site is optimized with the Yoast SEO plugin v26.7 - https:\/\/yoast.com\/wordpress\/plugins\/seo\/ -->\n<title>Nueva separaci\u00f3n de basura en la CDMX; detalles y fecha de inicio - So Close<\/title>\n<meta name=\"description\" content=\"La nueva separaci\u00f3n de basura en la CDMX ser\u00e1 en tres tipos y llegar\u00e1 oficialmente en enero de 2026 esto busca facilitar h\u00e1bitos sostenibles\" \/>\n<meta name=\"robots\" content=\"index, follow, max-snippet:-1, max-image-preview:large, max-video-preview:-1\" \/>\n<link rel=\"canonical\" href=\"https:\/\/soclose.mx\/blog\/tag\/juan-rulfo-frases-mujeres\/\" \/>\n<meta property=\"og:locale\" content=\"es_MX\" \/>\n<meta property=\"og:type\" content=\"article\" \/>\n<meta property=\"og:title\" content=\"Nueva separaci\u00f3n de basura en la CDMX; detalles y fecha de inicio - So Close\" \/>\n<meta property=\"og:description\" content=\"La nueva separaci\u00f3n de basura en la CDMX ser\u00e1 en tres tipos y llegar\u00e1 oficialmente en enero de 2026 esto busca facilitar h\u00e1bitos sostenibles\" \/>\n<meta property=\"og:url\" content=\"https:\/\/soclose.mx\/blog\/tag\/juan-rulfo-frases-mujeres\/\" \/>\n<meta property=\"og:site_name\" content=\"So Close\" \/>\n<meta property=\"article:published_time\" content=\"2025-10-22T01:39:38+00:00\" \/>\n<meta property=\"og:image\" content=\"https:\/\/i0.wp.com\/soclose.mx\/blog\/wp-content\/uploads\/2025\/10\/Tirar-basura.jpg?fit=1920%2C1080&ssl=1\" \/>\n\t<meta property=\"og:image:width\" content=\"1920\" \/>\n\t<meta property=\"og:image:height\" content=\"1080\" \/>\n\t<meta property=\"og:image:type\" content=\"image\/jpeg\" \/>\n<meta name=\"author\" content=\"So Close\" \/>\n<meta name=\"twitter:card\" content=\"summary_large_image\" \/>\n<meta name=\"twitter:label1\" content=\"Escrito por\" \/>\n\t<meta name=\"twitter:data1\" content=\"So Close\" \/>\n\t<meta name=\"twitter:label2\" content=\"Tiempo de lectura\" \/>\n\t<meta name=\"twitter:data2\" content=\"3 minutos\" \/>\n<script type=\"application\/ld+json\" class=\"yoast-schema-graph\">{\"@context\":\"https:\/\/schema.org\",\"@graph\":[{\"@type\":\"Article\",\"@id\":\"https:\/\/soclose.mx\/blog\/tag\/juan-rulfo-frases-mujeres\/#article\",\"isPartOf\":{\"@id\":\"https:\/\/soclose.mx\/blog\/tag\/juan-rulfo-frases-mujeres\/\"},\"author\":{\"name\":\"So Close\",\"@id\":\"https:\/\/soclose.mx\/blog\/#\/schema\/person\/723eb117ab965b55c3e56b5d29751667\"},\"headline\":\"Nueva separaci\u00f3n de basura en la CDMX; detalles y fecha de inicio\",\"datePublished\":\"2025-10-22T01:39:38+00:00\",\"mainEntityOfPage\":{\"@id\":\"https:\/\/soclose.mx\/blog\/tag\/juan-rulfo-frases-mujeres\/\"},\"wordCount\":517,\"commentCount\":0,\"publisher\":{\"@id\":\"https:\/\/soclose.mx\/blog\/#organization\"},\"image\":{\"@id\":\"https:\/\/soclose.mx\/blog\/tag\/juan-rulfo-frases-mujeres\/#primaryimage\"},\"thumbnailUrl\":\"https:\/\/i0.wp.com\/soclose.mx\/blog\/wp-content\/uploads\/2025\/10\/Tirar-basura.jpg?fit=1920%2C1080&ssl=1\",\"keywords\":[\"alcald\u00edas CDMX separaci\u00f3n de basura\",\"basura org\u00e1nica CDMX calendario\",\"campa\u00f1a separaci\u00f3n basura CDMX\",\"c\u00f3mo separar basura en CDMX\",\"horarios recolecci\u00f3n basura CDMX\",\"reciclaje obligatorio CDMX\",\"recolecci\u00f3n de basura CDMX 2026\",\"residuos no reciclables CDMX\",\"residuos reciclables CDMX\",\"separaci\u00f3n de basura CDMX 2026\"],\"articleSection\":[\"News feed\"],\"inLanguage\":\"es\",\"potentialAction\":[{\"@type\":\"CommentAction\",\"name\":\"Comment\",\"target\":[\"https:\/\/soclose.mx\/blog\/tag\/juan-rulfo-frases-mujeres\/#respond\"]}]},{\"@type\":\"WebPage\",\"@id\":\"https:\/\/soclose.mx\/blog\/tag\/juan-rulfo-frases-mujeres\/\",\"url\":\"https:\/\/soclose.mx\/blog\/tag\/juan-rulfo-frases-mujeres\/\",\"name\":\"Nueva separaci\u00f3n de basura en la CDMX; detalles y fecha de inicio - So Close\",\"isPartOf\":{\"@id\":\"https:\/\/soclose.mx\/blog\/#website\"},\"primaryImageOfPage\":{\"@id\":\"https:\/\/soclose.mx\/blog\/tag\/juan-rulfo-frases-mujeres\/#primaryimage\"},\"image\":{\"@id\":\"https:\/\/soclose.mx\/blog\/tag\/juan-rulfo-frases-mujeres\/#primaryimage\"},\"thumbnailUrl\":\"https:\/\/i0.wp.com\/soclose.mx\/blog\/wp-content\/uploads\/2025\/10\/Tirar-basura.jpg?fit=1920%2C1080&ssl=1\",\"datePublished\":\"2025-10-22T01:39:38+00:00\",\"description\":\"La nueva separaci\u00f3n de basura en la CDMX ser\u00e1 en tres tipos y llegar\u00e1 oficialmente en enero de 2026 esto busca facilitar h\u00e1bitos sostenibles\",\"breadcrumb\":{\"@id\":\"https:\/\/soclose.mx\/blog\/tag\/juan-rulfo-frases-mujeres\/#breadcrumb\"},\"inLanguage\":\"es\",\"potentialAction\":[{\"@type\":\"ReadAction\",\"target\":[\"https:\/\/soclose.mx\/blog\/tag\/juan-rulfo-frases-mujeres\/\"]}]},{\"@type\":\"ImageObject\",\"inLanguage\":\"es\",\"@id\":\"https:\/\/soclose.mx\/blog\/tag\/juan-rulfo-frases-mujeres\/#primaryimage\",\"url\":\"https:\/\/i0.wp.com\/soclose.mx\/blog\/wp-content\/uploads\/2025\/10\/Tirar-basura.jpg?fit=1920%2C1080&ssl=1\",\"contentUrl\":\"https:\/\/i0.wp.com\/soclose.mx\/blog\/wp-content\/uploads\/2025\/10\/Tirar-basura.jpg?fit=1920%2C1080&ssl=1\",\"width\":1920,\"height\":1080,\"caption\":\"Tirar basura\"},{\"@type\":\"BreadcrumbList\",\"@id\":\"https:\/\/soclose.mx\/blog\/tag\/juan-rulfo-frases-mujeres\/#breadcrumb\",\"itemListElement\":[{\"@type\":\"ListItem\",\"position\":1,\"name\":\"Inicio\",\"item\":\"https:\/\/soclose.mx\/blog\/\"},{\"@type\":\"ListItem\",\"position\":2,\"name\":\"Nueva separaci\u00f3n de basura en la CDMX; detalles y fecha de inicio\"}]},{\"@type\":\"WebSite\",\"@id\":\"https:\/\/soclose.mx\/blog\/#website\",\"url\":\"https:\/\/soclose.mx\/blog\/\",\"name\":\"So Close\",\"description\":\"Hacemos contenidos de M\u00e9xico\",\"publisher\":{\"@id\":\"https:\/\/soclose.mx\/blog\/#organization\"},\"potentialAction\":[{\"@type\":\"SearchAction\",\"target\":{\"@type\":\"EntryPoint\",\"urlTemplate\":\"https:\/\/soclose.mx\/blog\/?s={search_term_string}\"},\"query-input\":{\"@type\":\"PropertyValueSpecification\",\"valueRequired\":true,\"valueName\":\"search_term_string\"}}],\"inLanguage\":\"es\"},{\"@type\":\"Organization\",\"@id\":\"https:\/\/soclose.mx\/blog\/#organization\",\"name\":\"So Close\",\"url\":\"https:\/\/soclose.mx\/blog\/\",\"logo\":{\"@type\":\"ImageObject\",\"inLanguage\":\"es\",\"@id\":\"https:\/\/soclose.mx\/blog\/#\/schema\/logo\/image\/\",\"url\":\"https:\/\/i0.wp.com\/soclose.mx\/blog\/wp-content\/uploads\/2020\/12\/LOGO_SOCLOSE_COLOR-e1608310133507.png?fit=2858%2C1264&ssl=1\",\"contentUrl\":\"https:\/\/i0.wp.com\/soclose.mx\/blog\/wp-content\/uploads\/2020\/12\/LOGO_SOCLOSE_COLOR-e1608310133507.png?fit=2858%2C1264&ssl=1\",\"width\":2858,\"height\":1264,\"caption\":\"So Close\"},\"image\":{\"@id\":\"https:\/\/soclose.mx\/blog\/#\/schema\/logo\/image\/\"}},{\"@type\":\"Person\",\"@id\":\"https:\/\/soclose.mx\/blog\/#\/schema\/person\/723eb117ab965b55c3e56b5d29751667\",\"name\":\"So Close\",\"image\":{\"@type\":\"ImageObject\",\"inLanguage\":\"es\",\"@id\":\"https:\/\/soclose.mx\/blog\/#\/schema\/person\/image\/\",\"url\":\"https:\/\/secure.gravatar.com\/avatar\/5a1d1d694eaf6d2c28f450f0984cbb34821b92dc49c1d088c0250fbc6a48efec?s=96&d=mm&r=g\",\"contentUrl\":\"https:\/\/secure.gravatar.com\/avatar\/5a1d1d694eaf6d2c28f450f0984cbb34821b92dc49c1d088c0250fbc6a48efec?s=96&d=mm&r=g\",\"caption\":\"So Close\"},\"sameAs\":[\"http:\/\/www.soclose.mx\",\"https:\/\/www.youtube.com\/@soclosemx\"],\"url\":\"https:\/\/soclose.mx\/blog\/author\/admin\/\"}]}<\/script>\n<!-- \/ Yoast SEO plugin. -->","yoast_head_json":{"title":"Nueva separaci\u00f3n de basura en la CDMX; detalles y fecha de inicio - So Close","description":"La nueva separaci\u00f3n de basura en la CDMX ser\u00e1 en tres tipos y llegar\u00e1 oficialmente en enero de 2026 esto busca facilitar h\u00e1bitos sostenibles","robots":{"index":"index","follow":"follow","max-snippet":"max-snippet:-1","max-image-preview":"max-image-preview:large","max-video-preview":"max-video-preview:-1"},"canonical":"https:\/\/soclose.mx\/blog\/tag\/juan-rulfo-frases-mujeres\/","og_locale":"es_MX","og_type":"article","og_title":"Nueva separaci\u00f3n de basura en la CDMX; detalles y fecha de inicio - So Close","og_description":"La nueva separaci\u00f3n de basura en la CDMX ser\u00e1 en tres tipos y llegar\u00e1 oficialmente en enero de 2026 esto busca facilitar h\u00e1bitos sostenibles","og_url":"https:\/\/soclose.mx\/blog\/tag\/juan-rulfo-frases-mujeres\/","og_site_name":"So Close","article_published_time":"2025-10-22T01:39:38+00:00","og_image":[{"width":1920,"height":1080,"url":"https:\/\/i0.wp.com\/soclose.mx\/blog\/wp-content\/uploads\/2025\/10\/Tirar-basura.jpg?fit=1920%2C1080&ssl=1","type":"image\/jpeg"}],"author":"So Close","twitter_card":"summary_large_image","twitter_misc":{"Escrito por":"So Close","Tiempo de lectura":"3 minutos"},"schema":{"@context":"https:\/\/schema.org","@graph":[{"@type":"Article","@id":"https:\/\/soclose.mx\/blog\/tag\/juan-rulfo-frases-mujeres\/#article","isPartOf":{"@id":"https:\/\/soclose.mx\/blog\/tag\/juan-rulfo-frases-mujeres\/"},"author":{"name":"So Close","@id":"https:\/\/soclose.mx\/blog\/#\/schema\/person\/723eb117ab965b55c3e56b5d29751667"},"headline":"Nueva separaci\u00f3n de basura en la CDMX; detalles y fecha de inicio","datePublished":"2025-10-22T01:39:38+00:00","mainEntityOfPage":{"@id":"https:\/\/soclose.mx\/blog\/tag\/juan-rulfo-frases-mujeres\/"},"wordCount":517,"commentCount":0,"publisher":{"@id":"https:\/\/soclose.mx\/blog\/#organization"},"image":{"@id":"https:\/\/soclose.mx\/blog\/tag\/juan-rulfo-frases-mujeres\/#primaryimage"},"thumbnailUrl":"https:\/\/i0.wp.com\/soclose.mx\/blog\/wp-content\/uploads\/2025\/10\/Tirar-basura.jpg?fit=1920%2C1080&ssl=1","keywords":["alcald\u00edas CDMX separaci\u00f3n de basura","basura org\u00e1nica CDMX calendario","campa\u00f1a separaci\u00f3n basura CDMX","c\u00f3mo separar basura en CDMX","horarios recolecci\u00f3n basura CDMX","reciclaje obligatorio CDMX","recolecci\u00f3n de basura CDMX 2026","residuos no reciclables CDMX","residuos reciclables CDMX","separaci\u00f3n de basura CDMX 2026"],"articleSection":["News feed"],"inLanguage":"es","potentialAction":[{"@type":"CommentAction","name":"Comment","target":["https:\/\/soclose.mx\/blog\/tag\/juan-rulfo-frases-mujeres\/#respond"]}]},{"@type":"WebPage","@id":"https:\/\/soclose.mx\/blog\/tag\/juan-rulfo-frases-mujeres\/","url":"https:\/\/soclose.mx\/blog\/tag\/juan-rulfo-frases-mujeres\/","name":"Nueva separaci\u00f3n de basura en la CDMX; detalles y fecha de inicio - So Close","isPartOf":{"@id":"https:\/\/soclose.mx\/blog\/#website"},"primaryImageOfPage":{"@id":"https:\/\/soclose.mx\/blog\/tag\/juan-rulfo-frases-mujeres\/#primaryimage"},"image":{"@id":"https:\/\/soclose.mx\/blog\/tag\/juan-rulfo-frases-mujeres\/#primaryimage"},"thumbnailUrl":"https:\/\/i0.wp.com\/soclose.mx\/blog\/wp-content\/uploads\/2025\/10\/Tirar-basura.jpg?fit=1920%2C1080&ssl=1","datePublished":"2025-10-22T01:39:38+00:00","description":"La nueva separaci\u00f3n de basura en la CDMX ser\u00e1 en tres tipos y llegar\u00e1 oficialmente en enero de 2026 esto busca facilitar h\u00e1bitos sostenibles","breadcrumb":{"@id":"https:\/\/soclose.mx\/blog\/tag\/juan-rulfo-frases-mujeres\/#breadcrumb"},"inLanguage":"es","potentialAction":[{"@type":"ReadAction","target":["https:\/\/soclose.mx\/blog\/tag\/juan-rulfo-frases-mujeres\/"]}]},{"@type":"ImageObject","inLanguage":"es","@id":"https:\/\/soclose.mx\/blog\/tag\/juan-rulfo-frases-mujeres\/#primaryimage","url":"https:\/\/i0.wp.com\/soclose.mx\/blog\/wp-content\/uploads\/2025\/10\/Tirar-basura.jpg?fit=1920%2C1080&ssl=1","contentUrl":"https:\/\/i0.wp.com\/soclose.mx\/blog\/wp-content\/uploads\/2025\/10\/Tirar-basura.jpg?fit=1920%2C1080&ssl=1","width":1920,"height":1080,"caption":"Tirar basura"},{"@type":"BreadcrumbList","@id":"https:\/\/soclose.mx\/blog\/tag\/juan-rulfo-frases-mujeres\/#breadcrumb","itemListElement":[{"@type":"ListItem","position":1,"name":"Inicio","item":"https:\/\/soclose.mx\/blog\/"},{"@type":"ListItem","position":2,"name":"Nueva separaci\u00f3n de basura en la CDMX; detalles y fecha de inicio"}]},{"@type":"WebSite","@id":"https:\/\/soclose.mx\/blog\/#website","url":"https:\/\/soclose.mx\/blog\/","name":"So Close","description":"Hacemos contenidos de M\u00e9xico","publisher":{"@id":"https:\/\/soclose.mx\/blog\/#organization"},"potentialAction":[{"@type":"SearchAction","target":{"@type":"EntryPoint","urlTemplate":"https:\/\/soclose.mx\/blog\/?s={search_term_string}"},"query-input":{"@type":"PropertyValueSpecification","valueRequired":true,"valueName":"search_term_string"}}],"inLanguage":"es"},{"@type":"Organization","@id":"https:\/\/soclose.mx\/blog\/#organization","name":"So Close","url":"https:\/\/soclose.mx\/blog\/","logo":{"@type":"ImageObject","inLanguage":"es","@id":"https:\/\/soclose.mx\/blog\/#\/schema\/logo\/image\/","url":"https:\/\/i0.wp.com\/soclose.mx\/blog\/wp-content\/uploads\/2020\/12\/LOGO_SOCLOSE_COLOR-e1608310133507.png?fit=2858%2C1264&ssl=1","contentUrl":"https:\/\/i0.wp.com\/soclose.mx\/blog\/wp-content\/uploads\/2020\/12\/LOGO_SOCLOSE_COLOR-e1608310133507.png?fit=2858%2C1264&ssl=1","width":2858,"height":1264,"caption":"So Close"},"image":{"@id":"https:\/\/soclose.mx\/blog\/#\/schema\/logo\/image\/"}},{"@type":"Person","@id":"https:\/\/soclose.mx\/blog\/#\/schema\/person\/723eb117ab965b55c3e56b5d29751667","name":"So Close","image":{"@type":"ImageObject","inLanguage":"es","@id":"https:\/\/soclose.mx\/blog\/#\/schema\/person\/image\/","url":"https:\/\/secure.gravatar.com\/avatar\/5a1d1d694eaf6d2c28f450f0984cbb34821b92dc49c1d088c0250fbc6a48efec?s=96&d=mm&r=g","contentUrl":"https:\/\/secure.gravatar.com\/avatar\/5a1d1d694eaf6d2c28f450f0984cbb34821b92dc49c1d088c0250fbc6a48efec?s=96&d=mm&r=g","caption":"So Close"},"sameAs":["http:\/\/www.soclose.mx","https:\/\/www.youtube.com\/@soclosemx"],"url":"https:\/\/soclose.mx\/blog\/author\/admin\/"}]}},"jetpack_featured_media_url":"https:\/\/i0.wp.com\/soclose.mx\/blog\/wp-content\/uploads\/2025\/10\/Tirar-basura.jpg?fit=1920%2C1080&ssl=1","jetpack-related-posts":[{"id":9809,"url":"https:\/\/soclose.mx\/blog\/lugares\/parque-cuitlahuac-un-espacio-hecho-con-basura\/","url_meta":{"origin":14935,"position":0},"title":"Parque Cuitl\u00e1huac, un espacio hecho con basura","author":"Daniel Ram\u00edrez","date":"11 mayo, 2022","format":false,"excerpt":"Si est\u00e1s dando la vuelta por la Alcald\u00eda Iztapalapa, debes conocer el Parque Cuitl\u00e1huac, un espacio que fue rescatado y se ha convertido en uno de los sitios recreativos m\u00e1s grandes de la Ciudad de M\u00e9xico. \u00bfQu\u00e9 es lo que lo hace especial? El 85% de los materiales usados para\u2026","rel":"","context":"En &quot;Lugares&quot;","block_context":{"text":"Lugares","link":"https:\/\/soclose.mx\/blog\/category\/lugares\/"},"img":{"alt_text":"","src":"https:\/\/i0.wp.com\/soclose.mx\/blog\/wp-content\/uploads\/2022\/05\/WhatsApp-Image-2022-05-11-at-7.13.04-PM.jpeg?fit=1200%2C1184&ssl=1&resize=350%2C200","width":350,"height":200,"srcset":"https:\/\/i0.wp.com\/soclose.mx\/blog\/wp-content\/uploads\/2022\/05\/WhatsApp-Image-2022-05-11-at-7.13.04-PM.jpeg?fit=1200%2C1184&ssl=1&resize=350%2C200 1x, https:\/\/i0.wp.com\/soclose.mx\/blog\/wp-content\/uploads\/2022\/05\/WhatsApp-Image-2022-05-11-at-7.13.04-PM.jpeg?fit=1200%2C1184&ssl=1&resize=525%2C300 1.5x, https:\/\/i0.wp.com\/soclose.mx\/blog\/wp-content\/uploads\/2022\/05\/WhatsApp-Image-2022-05-11-at-7.13.04-PM.jpeg?fit=1200%2C1184&ssl=1&resize=700%2C400 2x, https:\/\/i0.wp.com\/soclose.mx\/blog\/wp-content\/uploads\/2022\/05\/WhatsApp-Image-2022-05-11-at-7.13.04-PM.jpeg?fit=1200%2C1184&ssl=1&resize=1050%2C600 3x"},"classes":[]},{"id":14784,"url":"https:\/\/soclose.mx\/blog\/news-feed\/gratis-proyectaran-flow-en-el-zocalo-de-la-cdmx-fecha-hora-y-detalles-del-evento\/","url_meta":{"origin":14935,"position":1},"title":"Gratis, proyectar\u00e1n Flow en el Z\u00f3calo de la CDMX: Fecha, Hora y Detalles del Evento\u2028","author":"So Close","date":"11 abril, 2025","format":false,"excerpt":"Proyectar\u00e1n Flow en el Z\u00f3calo de la CDMX;\u00a0la cinta, ganadora del Oscar a Mejor Pel\u00edcula Animada en 2025, ser\u00e1 proyectada de manera gratuita el pr\u00f3ximo 30 de abril en el Z\u00f3calo de la Ciudad de M\u00e9xico como parte de las celebraciones del D\u00eda del Ni\u00f1o. Este evento \u00fanico busca ofrecer\u2026","rel":"","context":"En &quot;News feed&quot;","block_context":{"text":"News feed","link":"https:\/\/soclose.mx\/blog\/category\/news-feed\/"},"img":{"alt_text":"Pel\u00edcula Flow en el z\u00f3calo CDMX","src":"https:\/\/i0.wp.com\/soclose.mx\/blog\/wp-content\/uploads\/2025\/04\/Pelicula-Flow-en-el-zocalo-CDMX.jpg?fit=1200%2C675&ssl=1&resize=350%2C200","width":350,"height":200,"srcset":"https:\/\/i0.wp.com\/soclose.mx\/blog\/wp-content\/uploads\/2025\/04\/Pelicula-Flow-en-el-zocalo-CDMX.jpg?fit=1200%2C675&ssl=1&resize=350%2C200 1x, https:\/\/i0.wp.com\/soclose.mx\/blog\/wp-content\/uploads\/2025\/04\/Pelicula-Flow-en-el-zocalo-CDMX.jpg?fit=1200%2C675&ssl=1&resize=525%2C300 1.5x, https:\/\/i0.wp.com\/soclose.mx\/blog\/wp-content\/uploads\/2025\/04\/Pelicula-Flow-en-el-zocalo-CDMX.jpg?fit=1200%2C675&ssl=1&resize=700%2C400 2x, https:\/\/i0.wp.com\/soclose.mx\/blog\/wp-content\/uploads\/2025\/04\/Pelicula-Flow-en-el-zocalo-CDMX.jpg?fit=1200%2C675&ssl=1&resize=1050%2C600 3x"},"classes":[]},{"id":14799,"url":"https:\/\/soclose.mx\/blog\/news-feed\/alcaldias-con-ley-seca-en-cdmx-durante-semana-santa-2025\/","url_meta":{"origin":14935,"position":2},"title":"Alcald\u00edas con Ley Seca en CDMX durante Semana Santa 2025","author":"So Close","date":"17 abril, 2025","format":false,"excerpt":"Durante la Semana Santa 2025 (del 17 al 19 de abril), las Alcald\u00edas con Ley Seca en CDMX aplica en 8 de las 16 con fechas y horarios espec\u00edficos para garantizar el orden durante las celebraciones religiosas. Estas son las demarcaciones afectadas: Alcald\u00edas con Ley Seca en CDMX, con restricciones\u2026","rel":"","context":"En &quot;News feed&quot;","block_context":{"text":"News feed","link":"https:\/\/soclose.mx\/blog\/category\/news-feed\/"},"img":{"alt_text":"Ley seca","src":"https:\/\/i0.wp.com\/soclose.mx\/blog\/wp-content\/uploads\/2025\/04\/Ley-seca.jpg?fit=1200%2C675&ssl=1&resize=350%2C200","width":350,"height":200,"srcset":"https:\/\/i0.wp.com\/soclose.mx\/blog\/wp-content\/uploads\/2025\/04\/Ley-seca.jpg?fit=1200%2C675&ssl=1&resize=350%2C200 1x, https:\/\/i0.wp.com\/soclose.mx\/blog\/wp-content\/uploads\/2025\/04\/Ley-seca.jpg?fit=1200%2C675&ssl=1&resize=525%2C300 1.5x, https:\/\/i0.wp.com\/soclose.mx\/blog\/wp-content\/uploads\/2025\/04\/Ley-seca.jpg?fit=1200%2C675&ssl=1&resize=700%2C400 2x, https:\/\/i0.wp.com\/soclose.mx\/blog\/wp-content\/uploads\/2025\/04\/Ley-seca.jpg?fit=1200%2C675&ssl=1&resize=1050%2C600 3x"},"classes":[]},{"id":14819,"url":"https:\/\/soclose.mx\/blog\/news-feed\/zocalo-de-la-cdmx-fan-fest-del-mundial-2026\/","url_meta":{"origin":14935,"position":3},"title":"Z\u00f3calo de la CDMX: Fan Fest del Mundial 2026","author":"So Close","date":"8 mayo, 2025","format":false,"excerpt":"El Z\u00f3calo de la CDMX: Fan Fest del Mundial 2026 se convertir\u00e1 en uno de los epicentros m\u00e1s vibrantes para vivir la emoci\u00f3n del Mundial de la FIFA 2026, al ser sede oficial del FIFA Fan Fest CDMX. Este evento gratuito reunir\u00e1 a miles de aficionados para disfrutar de una\u2026","rel":"","context":"En &quot;News feed&quot;","block_context":{"text":"News feed","link":"https:\/\/soclose.mx\/blog\/category\/news-feed\/"},"img":{"alt_text":"Fan Fest del Mundial 2026","src":"https:\/\/i0.wp.com\/soclose.mx\/blog\/wp-content\/uploads\/2025\/05\/Fan-Fest-del-Mundial-2026.jpg?fit=1200%2C675&ssl=1&resize=350%2C200","width":350,"height":200,"srcset":"https:\/\/i0.wp.com\/soclose.mx\/blog\/wp-content\/uploads\/2025\/05\/Fan-Fest-del-Mundial-2026.jpg?fit=1200%2C675&ssl=1&resize=350%2C200 1x, https:\/\/i0.wp.com\/soclose.mx\/blog\/wp-content\/uploads\/2025\/05\/Fan-Fest-del-Mundial-2026.jpg?fit=1200%2C675&ssl=1&resize=525%2C300 1.5x, https:\/\/i0.wp.com\/soclose.mx\/blog\/wp-content\/uploads\/2025\/05\/Fan-Fest-del-Mundial-2026.jpg?fit=1200%2C675&ssl=1&resize=700%2C400 2x, https:\/\/i0.wp.com\/soclose.mx\/blog\/wp-content\/uploads\/2025\/05\/Fan-Fest-del-Mundial-2026.jpg?fit=1200%2C675&ssl=1&resize=1050%2C600 3x"},"classes":[]},{"id":14582,"url":"https:\/\/soclose.mx\/blog\/news-feed\/calendario-de-conciertos-en-la-cdmx-2025\/","url_meta":{"origin":14935,"position":4},"title":"Calendario de conciertos en la CDMX 2025","author":"So Close","date":"1 enero, 2025","format":false,"excerpt":"La Ciudad de M\u00e9xico se prepara para un emocionante a\u00f1o musical en 2025, en este calendario de conciertos en la CDMX 2025 encontrar\u00e1s desde las presentaciones pop hasta rock y festivales; los amantes de la m\u00fasica tendr\u00e1n muchas oportunidades para disfrutar de sus artistas favoritos. A continuaci\u00f3n, se presenta un\u2026","rel":"","context":"En &quot;Lugares&quot;","block_context":{"text":"Lugares","link":"https:\/\/soclose.mx\/blog\/category\/lugares\/"},"img":{"alt_text":"Auditorio Nacional en la CDMX","src":"https:\/\/i0.wp.com\/soclose.mx\/blog\/wp-content\/uploads\/2024\/12\/Auditorio-Nacional-en-la-CDMX.jpg?fit=1200%2C675&ssl=1&resize=350%2C200","width":350,"height":200,"srcset":"https:\/\/i0.wp.com\/soclose.mx\/blog\/wp-content\/uploads\/2024\/12\/Auditorio-Nacional-en-la-CDMX.jpg?fit=1200%2C675&ssl=1&resize=350%2C200 1x, https:\/\/i0.wp.com\/soclose.mx\/blog\/wp-content\/uploads\/2024\/12\/Auditorio-Nacional-en-la-CDMX.jpg?fit=1200%2C675&ssl=1&resize=525%2C300 1.5x, https:\/\/i0.wp.com\/soclose.mx\/blog\/wp-content\/uploads\/2024\/12\/Auditorio-Nacional-en-la-CDMX.jpg?fit=1200%2C675&ssl=1&resize=700%2C400 2x, https:\/\/i0.wp.com\/soclose.mx\/blog\/wp-content\/uploads\/2024\/12\/Auditorio-Nacional-en-la-CDMX.jpg?fit=1200%2C675&ssl=1&resize=1050%2C600 3x"},"classes":[]},{"id":14722,"url":"https:\/\/soclose.mx\/blog\/news-feed\/concierto-de-dragon-ball-en-cdmx-una-experiencia-epica-para-fans\/","url_meta":{"origin":14935,"position":5},"title":"Concierto de Dragon Ball en CDMX: Una Experiencia \u00c9pica para Fans","author":"So Close","date":"27 febrero, 2025","format":false,"excerpt":"El pr\u00f3ximo 1 de marzo de 2025, la Ciudad de M\u00e9xico se convertir\u00e1 en el escenario perfecto para una experiencia \u00fanica y emocionante: el Concierto de Dragon Ball. Este evento gratuito promete transportar a los asistentes a un mundo de nostalgia y emoci\u00f3n, con la m\u00fasica ic\u00f3nica de la serie\u2026","rel":"","context":"En &quot;News feed&quot;","block_context":{"text":"News feed","link":"https:\/\/soclose.mx\/blog\/category\/news-feed\/"},"img":{"alt_text":"Dragon Ball Z","src":"https:\/\/i0.wp.com\/soclose.mx\/blog\/wp-content\/uploads\/2025\/02\/Dragon-Ball-Z.jpg?fit=1200%2C675&ssl=1&resize=350%2C200","width":350,"height":200,"srcset":"https:\/\/i0.wp.com\/soclose.mx\/blog\/wp-content\/uploads\/2025\/02\/Dragon-Ball-Z.jpg?fit=1200%2C675&ssl=1&resize=350%2C200 1x, https:\/\/i0.wp.com\/soclose.mx\/blog\/wp-content\/uploads\/2025\/02\/Dragon-Ball-Z.jpg?fit=1200%2C675&ssl=1&resize=525%2C300 1.5x, https:\/\/i0.wp.com\/soclose.mx\/blog\/wp-content\/uploads\/2025\/02\/Dragon-Ball-Z.jpg?fit=1200%2C675&ssl=1&resize=700%2C400 2x, https:\/\/i0.wp.com\/soclose.mx\/blog\/wp-content\/uploads\/2025\/02\/Dragon-Ball-Z.jpg?fit=1200%2C675&ssl=1&resize=1050%2C600 3x"},"classes":[]}],"jetpack_sharing_enabled":true,"_links":{"self":[{"href":"https:\/\/soclose.mx\/blog\/wp-json\/wp\/v2\/posts\/14935","targetHints":{"allow":["GET"]}}],"collection":[{"href":"https:\/\/soclose.mx\/blog\/wp-json\/wp\/v2\/posts"}],"about":[{"href":"https:\/\/soclose.mx\/blog\/wp-json\/wp\/v2\/types\/post"}],"author":[{"embeddable":true,"href":"https:\/\/soclose.mx\/blog\/wp-json\/wp\/v2\/users\/1"}],"replies":[{"embeddable":true,"href":"https:\/\/soclose.mx\/blog\/wp-json\/wp\/v2\/comments?post=14935"}],"version-history":[{"count":1,"href":"https:\/\/soclose.mx\/blog\/wp-json\/wp\/v2\/posts\/14935\/revisions"}],"predecessor-version":[{"id":14937,"href":"https:\/\/soclose.mx\/blog\/wp-json\/wp\/v2\/posts\/14935\/revisions\/14937"}],"wp:featuredmedia":[{"embeddable":true,"href":"https:\/\/soclose.mx\/blog\/wp-json\/wp\/v2\/media\/14936"}],"wp:attachment":[{"href":"https:\/\/soclose.mx\/blog\/wp-json\/wp\/v2\/media?parent=14935"}],"wp:term":[{"taxonomy":"category","embeddable":true,"href":"https:\/\/soclose.mx\/blog\/wp-json\/wp\/v2\/categories?post=14935"},{"taxonomy":"post_tag","embeddable":true,"href":"https:\/\/soclose.mx\/blog\/wp-json\/wp\/v2\/tags?post=14935"}],"curies":[{"name":"wp","href":"https:\/\/api.w.org\/{rel}","templated":true}]}}