{"id":14988,"date":"2025-12-03T19:22:01","date_gmt":"2025-12-04T01:22:01","guid":{"rendered":"https:\/\/soclose.mx\/blog\/?p=14988"},"modified":"2025-12-03T19:22:01","modified_gmt":"2025-12-04T01:22:01","slug":"habra-bioserie-de-chabelo","status":"publish","type":"post","link":"https:\/\/soclose.mx\/blog\/news-feed\/habra-bioserie-de-chabelo\/","title":{"rendered":"Habr\u00e1 bioserie de Chabelo"},"content":{"rendered":"<p class=\"p1\">La <strong>bioserie de <a href=\"https:\/\/soclose.mx\/blog\/ay-goeeee\/7-cosas-que-aprendimos-de-chabelo\/\" target=\"_blank\" rel=\"noopener\">Chabelo<\/a><\/strong>, el ic\u00f3nico &#8220;amigo de todos los ni\u00f1os&#8221;, ya es un hecho confirmado por su hijo Xavier L\u00f3pez Miranda el 2 de diciembre de 2025, quien revel\u00f3 que el proyecto est\u00e1 en marcha con material in\u00e9dito para mostrar facetas \u00edntimas de su vida y carrera.<\/p>\n<h2>Lo que debes saber de la <strong>bioserie de <a href=\"https:\/\/soclose.mx\/blog\/ay-goeeee\/7-cosas-que-aprendimos-de-chabelo\/\" target=\"_blank\" rel=\"noopener\">Chabelo<\/a><\/strong><\/h2>\n<p class=\"p1\">Aunque no hay fecha de estreno definida ni plataforma de transmisi\u00f3n anunciada \u2014podr\u00eda ser streaming o canal abierto\u2014, L\u00f3pez Miranda enfatiz\u00f3 que pronto dar\u00e1n m\u00e1s detalles, destacando que su padre apoy\u00f3 la idea desde el inicio para preservar su legado.<\/p>\n<p class=\"p1\">Esta producci\u00f3n promete explorar momentos clave como sus 48 a\u00f1os al frente de <i>En familia con Chabelo<\/i>, r\u00e9cords Guinness por longevidad televisiva y su transici\u00f3n de m\u00e9dico a estrella multifac\u00e9tica.<\/p>\n<p class=\"p1\">Xavier L\u00f3pez, conocido como Chabelo, naci\u00f3 el 17 de febrero de 1935 en Chicago, Illinois, de padres originarios del Estado de M\u00e9xico, y creci\u00f3 en la Ciudad de M\u00e9xico.<\/p>\n<p class=\"p1\">Estudi\u00f3 Medicina, la ejerci\u00f3 cuatro a\u00f1os en un sanatorio privado y, mientras cursaba la carrera, entr\u00f3 a Telesistema Mexicano (precursor de <a href=\"https:\/\/www.televisa.com\/\" target=\"_blank\" rel=\"noopener\">Televisa<\/a>) como asistente de producci\u00f3n, camar\u00f3grafo y floor manager, lo que lo llev\u00f3 a estudiar arte dram\u00e1tico.<\/p>\n<p class=\"p1\">Debut\u00f3 como actor en teleteatros y en 1956 interpret\u00f3 por primera vez al personaje infantil Chabelo en <i>Carrusel Musical<\/i>, consolid\u00e1ndose en cine, comedia y m\u00fasica infantil con programas como <i>En familia con Chabelo<\/i> (1968-2015), que le vali\u00f3 dos R\u00e9cords Guinness: 44 a\u00f1os al aire y 57 a\u00f1os con el personaje.<\/p>\n<p class=\"p1\">La realizaci\u00f3n de la bioserie, liderada por la familia, incluir\u00e1 im\u00e1genes nunca vistas como grabaciones familiares y detr\u00e1s de c\u00e1maras, abordando su impacto cultural en generaciones de mexicanos y controversias personales.<\/p>\n<p class=\"p1\">L\u00f3pez Miranda mencion\u00f3 &#8220;un par de proyectos&#8221; en desarrollo, priorizando autenticidad y discreci\u00f3n para honrar al conductor fallecido en 2023.<\/p>\n<p class=\"p1\">Este anuncio revive el inter\u00e9s por su trayectoria, desde apariciones en pel\u00edculas hasta su rol como cantante de villancicos, posicion\u00e1ndola como una de las bioseries m\u00e1s esperadas del entretenimiento mexicano.<\/p>\n","protected":false},"excerpt":{"rendered":"<p>La bioserie de Chabelo, el ic\u00f3nico &#8220;amigo de todos los ni\u00f1os&#8221;, ya es un hecho confirmado por su hijo Xavier L\u00f3pez Miranda el 2 de diciembre de 2025, quien revel\u00f3 que el proyecto est\u00e1 en marcha con material in\u00e9dito para mostrar facetas \u00edntimas de su vida y carrera. Lo que debes saber de la bioserie de Chabelo Aunque no hay fecha de estreno definida ni plataforma de transmisi\u00f3n anunciada \u2014podr\u00eda ser streaming o canal abierto\u2014, L\u00f3pez Miranda enfatiz\u00f3 que pronto dar\u00e1n m\u00e1s detalles, destacando que su padre apoy\u00f3 la idea desde el inicio para preservar su legado. Esta producci\u00f3n promete<\/p>\n","protected":false},"author":1,"featured_media":14989,"comment_status":"open","ping_status":"open","sticky":false,"template":"","format":"standard","meta":{"_jetpack_memberships_contains_paid_content":false,"footnotes":""},"categories":[628],"tags":[5009,5014,5012,5016,5011,5015,5013,5010],"class_list":["post-14988","post","type-post","status-publish","format-standard","has-post-thumbnail","hentry","category-news-feed","tag-bioserie-chabelo-2025","tag-datos-personales-chabelo","tag-donde-ver-bioserie-chabelo","tag-en-familia-con-chabelo-serie","tag-fecha-estreno-bioserie-chabelo","tag-legado-chabelo-televisa","tag-produccion-bioserie-amigo-ninos","tag-xavier-lopez-chabelo-biografia"],"yoast_head":"<!-- This site is optimized with the Yoast SEO plugin v26.7 - https:\/\/yoast.com\/wordpress\/plugins\/seo\/ -->\n<title>Habr\u00e1 bioserie de Chabelo - So Close<\/title>\n<meta name=\"description\" content=\"La bioserie de Chabelo, el ic\u00f3nico &quot;amigo de todos los ni\u00f1os&quot;, ya es un hecho confirmado por su hijo Xavier L\u00f3pez Miranda.\" \/>\n<meta name=\"robots\" content=\"index, follow, max-snippet:-1, max-image-preview:large, max-video-preview:-1\" \/>\n<link rel=\"canonical\" href=\"https:\/\/soclose.mx\/blog\/tag\/juan-rulfo-frases-mujeres\/\" \/>\n<meta property=\"og:locale\" content=\"es_MX\" \/>\n<meta property=\"og:type\" content=\"article\" \/>\n<meta property=\"og:title\" content=\"Habr\u00e1 bioserie de Chabelo - So Close\" \/>\n<meta property=\"og:description\" content=\"La bioserie de Chabelo, el ic\u00f3nico &quot;amigo de todos los ni\u00f1os&quot;, ya es un hecho confirmado por su hijo Xavier L\u00f3pez Miranda.\" \/>\n<meta property=\"og:url\" content=\"https:\/\/soclose.mx\/blog\/tag\/juan-rulfo-frases-mujeres\/\" \/>\n<meta property=\"og:site_name\" content=\"So Close\" \/>\n<meta property=\"article:published_time\" content=\"2025-12-04T01:22:01+00:00\" \/>\n<meta property=\"og:image\" content=\"https:\/\/i0.wp.com\/soclose.mx\/blog\/wp-content\/uploads\/2025\/12\/Salma-Hayek-2.jpg?fit=1920%2C1080&ssl=1\" \/>\n\t<meta property=\"og:image:width\" content=\"1920\" \/>\n\t<meta property=\"og:image:height\" content=\"1080\" \/>\n\t<meta property=\"og:image:type\" content=\"image\/jpeg\" \/>\n<meta name=\"author\" content=\"So Close\" \/>\n<meta name=\"twitter:card\" content=\"summary_large_image\" \/>\n<meta name=\"twitter:label1\" content=\"Escrito por\" \/>\n\t<meta name=\"twitter:data1\" content=\"So Close\" \/>\n\t<meta name=\"twitter:label2\" content=\"Tiempo de lectura\" \/>\n\t<meta name=\"twitter:data2\" content=\"2 minutos\" \/>\n<script type=\"application\/ld+json\" class=\"yoast-schema-graph\">{\"@context\":\"https:\/\/schema.org\",\"@graph\":[{\"@type\":\"Article\",\"@id\":\"https:\/\/soclose.mx\/blog\/tag\/juan-rulfo-frases-mujeres\/#article\",\"isPartOf\":{\"@id\":\"https:\/\/soclose.mx\/blog\/tag\/juan-rulfo-frases-mujeres\/\"},\"author\":{\"name\":\"So Close\",\"@id\":\"https:\/\/soclose.mx\/blog\/#\/schema\/person\/723eb117ab965b55c3e56b5d29751667\"},\"headline\":\"Habr\u00e1 bioserie de Chabelo\",\"datePublished\":\"2025-12-04T01:22:01+00:00\",\"mainEntityOfPage\":{\"@id\":\"https:\/\/soclose.mx\/blog\/tag\/juan-rulfo-frases-mujeres\/\"},\"wordCount\":357,\"commentCount\":0,\"publisher\":{\"@id\":\"https:\/\/soclose.mx\/blog\/#organization\"},\"image\":{\"@id\":\"https:\/\/soclose.mx\/blog\/tag\/juan-rulfo-frases-mujeres\/#primaryimage\"},\"thumbnailUrl\":\"https:\/\/i0.wp.com\/soclose.mx\/blog\/wp-content\/uploads\/2025\/12\/Salma-Hayek-2.jpg?fit=1920%2C1080&ssl=1\",\"keywords\":[\"bioserie Chabelo 2025\",\"datos personales Chabelo\",\"d\u00f3nde ver bioserie Chabelo\",\"En familia con Chabelo serie\",\"fecha estreno bioserie Chabelo\",\"legado Chabelo Televisa\",\"producci\u00f3n bioserie amigo ni\u00f1os\",\"Xavier L\u00f3pez Chabelo biograf\u00eda\"],\"articleSection\":[\"News feed\"],\"inLanguage\":\"es\",\"potentialAction\":[{\"@type\":\"CommentAction\",\"name\":\"Comment\",\"target\":[\"https:\/\/soclose.mx\/blog\/tag\/juan-rulfo-frases-mujeres\/#respond\"]}]},{\"@type\":\"WebPage\",\"@id\":\"https:\/\/soclose.mx\/blog\/tag\/juan-rulfo-frases-mujeres\/\",\"url\":\"https:\/\/soclose.mx\/blog\/tag\/juan-rulfo-frases-mujeres\/\",\"name\":\"Habr\u00e1 bioserie de Chabelo - So Close\",\"isPartOf\":{\"@id\":\"https:\/\/soclose.mx\/blog\/#website\"},\"primaryImageOfPage\":{\"@id\":\"https:\/\/soclose.mx\/blog\/tag\/juan-rulfo-frases-mujeres\/#primaryimage\"},\"image\":{\"@id\":\"https:\/\/soclose.mx\/blog\/tag\/juan-rulfo-frases-mujeres\/#primaryimage\"},\"thumbnailUrl\":\"https:\/\/i0.wp.com\/soclose.mx\/blog\/wp-content\/uploads\/2025\/12\/Salma-Hayek-2.jpg?fit=1920%2C1080&ssl=1\",\"datePublished\":\"2025-12-04T01:22:01+00:00\",\"description\":\"La bioserie de Chabelo, el ic\u00f3nico \\\"amigo de todos los ni\u00f1os\\\", ya es un hecho confirmado por su hijo Xavier L\u00f3pez Miranda.\",\"breadcrumb\":{\"@id\":\"https:\/\/soclose.mx\/blog\/tag\/juan-rulfo-frases-mujeres\/#breadcrumb\"},\"inLanguage\":\"es\",\"potentialAction\":[{\"@type\":\"ReadAction\",\"target\":[\"https:\/\/soclose.mx\/blog\/tag\/juan-rulfo-frases-mujeres\/\"]}]},{\"@type\":\"ImageObject\",\"inLanguage\":\"es\",\"@id\":\"https:\/\/soclose.mx\/blog\/tag\/juan-rulfo-frases-mujeres\/#primaryimage\",\"url\":\"https:\/\/i0.wp.com\/soclose.mx\/blog\/wp-content\/uploads\/2025\/12\/Salma-Hayek-2.jpg?fit=1920%2C1080&ssl=1\",\"contentUrl\":\"https:\/\/i0.wp.com\/soclose.mx\/blog\/wp-content\/uploads\/2025\/12\/Salma-Hayek-2.jpg?fit=1920%2C1080&ssl=1\",\"width\":1920,\"height\":1080,\"caption\":\"Chabelo de ni\u00f1o\"},{\"@type\":\"BreadcrumbList\",\"@id\":\"https:\/\/soclose.mx\/blog\/tag\/juan-rulfo-frases-mujeres\/#breadcrumb\",\"itemListElement\":[{\"@type\":\"ListItem\",\"position\":1,\"name\":\"Inicio\",\"item\":\"https:\/\/soclose.mx\/blog\/\"},{\"@type\":\"ListItem\",\"position\":2,\"name\":\"Habr\u00e1 bioserie de Chabelo\"}]},{\"@type\":\"WebSite\",\"@id\":\"https:\/\/soclose.mx\/blog\/#website\",\"url\":\"https:\/\/soclose.mx\/blog\/\",\"name\":\"So Close\",\"description\":\"Hacemos contenidos de M\u00e9xico\",\"publisher\":{\"@id\":\"https:\/\/soclose.mx\/blog\/#organization\"},\"potentialAction\":[{\"@type\":\"SearchAction\",\"target\":{\"@type\":\"EntryPoint\",\"urlTemplate\":\"https:\/\/soclose.mx\/blog\/?s={search_term_string}\"},\"query-input\":{\"@type\":\"PropertyValueSpecification\",\"valueRequired\":true,\"valueName\":\"search_term_string\"}}],\"inLanguage\":\"es\"},{\"@type\":\"Organization\",\"@id\":\"https:\/\/soclose.mx\/blog\/#organization\",\"name\":\"So Close\",\"url\":\"https:\/\/soclose.mx\/blog\/\",\"logo\":{\"@type\":\"ImageObject\",\"inLanguage\":\"es\",\"@id\":\"https:\/\/soclose.mx\/blog\/#\/schema\/logo\/image\/\",\"url\":\"https:\/\/i0.wp.com\/soclose.mx\/blog\/wp-content\/uploads\/2020\/12\/LOGO_SOCLOSE_COLOR-e1608310133507.png?fit=2858%2C1264&ssl=1\",\"contentUrl\":\"https:\/\/i0.wp.com\/soclose.mx\/blog\/wp-content\/uploads\/2020\/12\/LOGO_SOCLOSE_COLOR-e1608310133507.png?fit=2858%2C1264&ssl=1\",\"width\":2858,\"height\":1264,\"caption\":\"So Close\"},\"image\":{\"@id\":\"https:\/\/soclose.mx\/blog\/#\/schema\/logo\/image\/\"}},{\"@type\":\"Person\",\"@id\":\"https:\/\/soclose.mx\/blog\/#\/schema\/person\/723eb117ab965b55c3e56b5d29751667\",\"name\":\"So Close\",\"image\":{\"@type\":\"ImageObject\",\"inLanguage\":\"es\",\"@id\":\"https:\/\/soclose.mx\/blog\/#\/schema\/person\/image\/\",\"url\":\"https:\/\/secure.gravatar.com\/avatar\/5a1d1d694eaf6d2c28f450f0984cbb34821b92dc49c1d088c0250fbc6a48efec?s=96&d=mm&r=g\",\"contentUrl\":\"https:\/\/secure.gravatar.com\/avatar\/5a1d1d694eaf6d2c28f450f0984cbb34821b92dc49c1d088c0250fbc6a48efec?s=96&d=mm&r=g\",\"caption\":\"So Close\"},\"sameAs\":[\"http:\/\/www.soclose.mx\",\"https:\/\/www.youtube.com\/@soclosemx\"],\"url\":\"https:\/\/soclose.mx\/blog\/author\/admin\/\"}]}<\/script>\n<!-- \/ Yoast SEO plugin. -->","yoast_head_json":{"title":"Habr\u00e1 bioserie de Chabelo - So Close","description":"La bioserie de Chabelo, el ic\u00f3nico \"amigo de todos los ni\u00f1os\", ya es un hecho confirmado por su hijo Xavier L\u00f3pez Miranda.","robots":{"index":"index","follow":"follow","max-snippet":"max-snippet:-1","max-image-preview":"max-image-preview:large","max-video-preview":"max-video-preview:-1"},"canonical":"https:\/\/soclose.mx\/blog\/tag\/juan-rulfo-frases-mujeres\/","og_locale":"es_MX","og_type":"article","og_title":"Habr\u00e1 bioserie de Chabelo - So Close","og_description":"La bioserie de Chabelo, el ic\u00f3nico \"amigo de todos los ni\u00f1os\", ya es un hecho confirmado por su hijo Xavier L\u00f3pez Miranda.","og_url":"https:\/\/soclose.mx\/blog\/tag\/juan-rulfo-frases-mujeres\/","og_site_name":"So Close","article_published_time":"2025-12-04T01:22:01+00:00","og_image":[{"width":1920,"height":1080,"url":"https:\/\/i0.wp.com\/soclose.mx\/blog\/wp-content\/uploads\/2025\/12\/Salma-Hayek-2.jpg?fit=1920%2C1080&ssl=1","type":"image\/jpeg"}],"author":"So Close","twitter_card":"summary_large_image","twitter_misc":{"Escrito por":"So Close","Tiempo de lectura":"2 minutos"},"schema":{"@context":"https:\/\/schema.org","@graph":[{"@type":"Article","@id":"https:\/\/soclose.mx\/blog\/tag\/juan-rulfo-frases-mujeres\/#article","isPartOf":{"@id":"https:\/\/soclose.mx\/blog\/tag\/juan-rulfo-frases-mujeres\/"},"author":{"name":"So Close","@id":"https:\/\/soclose.mx\/blog\/#\/schema\/person\/723eb117ab965b55c3e56b5d29751667"},"headline":"Habr\u00e1 bioserie de Chabelo","datePublished":"2025-12-04T01:22:01+00:00","mainEntityOfPage":{"@id":"https:\/\/soclose.mx\/blog\/tag\/juan-rulfo-frases-mujeres\/"},"wordCount":357,"commentCount":0,"publisher":{"@id":"https:\/\/soclose.mx\/blog\/#organization"},"image":{"@id":"https:\/\/soclose.mx\/blog\/tag\/juan-rulfo-frases-mujeres\/#primaryimage"},"thumbnailUrl":"https:\/\/i0.wp.com\/soclose.mx\/blog\/wp-content\/uploads\/2025\/12\/Salma-Hayek-2.jpg?fit=1920%2C1080&ssl=1","keywords":["bioserie Chabelo 2025","datos personales Chabelo","d\u00f3nde ver bioserie Chabelo","En familia con Chabelo serie","fecha estreno bioserie Chabelo","legado Chabelo Televisa","producci\u00f3n bioserie amigo ni\u00f1os","Xavier L\u00f3pez Chabelo biograf\u00eda"],"articleSection":["News feed"],"inLanguage":"es","potentialAction":[{"@type":"CommentAction","name":"Comment","target":["https:\/\/soclose.mx\/blog\/tag\/juan-rulfo-frases-mujeres\/#respond"]}]},{"@type":"WebPage","@id":"https:\/\/soclose.mx\/blog\/tag\/juan-rulfo-frases-mujeres\/","url":"https:\/\/soclose.mx\/blog\/tag\/juan-rulfo-frases-mujeres\/","name":"Habr\u00e1 bioserie de Chabelo - So Close","isPartOf":{"@id":"https:\/\/soclose.mx\/blog\/#website"},"primaryImageOfPage":{"@id":"https:\/\/soclose.mx\/blog\/tag\/juan-rulfo-frases-mujeres\/#primaryimage"},"image":{"@id":"https:\/\/soclose.mx\/blog\/tag\/juan-rulfo-frases-mujeres\/#primaryimage"},"thumbnailUrl":"https:\/\/i0.wp.com\/soclose.mx\/blog\/wp-content\/uploads\/2025\/12\/Salma-Hayek-2.jpg?fit=1920%2C1080&ssl=1","datePublished":"2025-12-04T01:22:01+00:00","description":"La bioserie de Chabelo, el ic\u00f3nico \"amigo de todos los ni\u00f1os\", ya es un hecho confirmado por su hijo Xavier L\u00f3pez Miranda.","breadcrumb":{"@id":"https:\/\/soclose.mx\/blog\/tag\/juan-rulfo-frases-mujeres\/#breadcrumb"},"inLanguage":"es","potentialAction":[{"@type":"ReadAction","target":["https:\/\/soclose.mx\/blog\/tag\/juan-rulfo-frases-mujeres\/"]}]},{"@type":"ImageObject","inLanguage":"es","@id":"https:\/\/soclose.mx\/blog\/tag\/juan-rulfo-frases-mujeres\/#primaryimage","url":"https:\/\/i0.wp.com\/soclose.mx\/blog\/wp-content\/uploads\/2025\/12\/Salma-Hayek-2.jpg?fit=1920%2C1080&ssl=1","contentUrl":"https:\/\/i0.wp.com\/soclose.mx\/blog\/wp-content\/uploads\/2025\/12\/Salma-Hayek-2.jpg?fit=1920%2C1080&ssl=1","width":1920,"height":1080,"caption":"Chabelo de ni\u00f1o"},{"@type":"BreadcrumbList","@id":"https:\/\/soclose.mx\/blog\/tag\/juan-rulfo-frases-mujeres\/#breadcrumb","itemListElement":[{"@type":"ListItem","position":1,"name":"Inicio","item":"https:\/\/soclose.mx\/blog\/"},{"@type":"ListItem","position":2,"name":"Habr\u00e1 bioserie de Chabelo"}]},{"@type":"WebSite","@id":"https:\/\/soclose.mx\/blog\/#website","url":"https:\/\/soclose.mx\/blog\/","name":"So Close","description":"Hacemos contenidos de M\u00e9xico","publisher":{"@id":"https:\/\/soclose.mx\/blog\/#organization"},"potentialAction":[{"@type":"SearchAction","target":{"@type":"EntryPoint","urlTemplate":"https:\/\/soclose.mx\/blog\/?s={search_term_string}"},"query-input":{"@type":"PropertyValueSpecification","valueRequired":true,"valueName":"search_term_string"}}],"inLanguage":"es"},{"@type":"Organization","@id":"https:\/\/soclose.mx\/blog\/#organization","name":"So Close","url":"https:\/\/soclose.mx\/blog\/","logo":{"@type":"ImageObject","inLanguage":"es","@id":"https:\/\/soclose.mx\/blog\/#\/schema\/logo\/image\/","url":"https:\/\/i0.wp.com\/soclose.mx\/blog\/wp-content\/uploads\/2020\/12\/LOGO_SOCLOSE_COLOR-e1608310133507.png?fit=2858%2C1264&ssl=1","contentUrl":"https:\/\/i0.wp.com\/soclose.mx\/blog\/wp-content\/uploads\/2020\/12\/LOGO_SOCLOSE_COLOR-e1608310133507.png?fit=2858%2C1264&ssl=1","width":2858,"height":1264,"caption":"So Close"},"image":{"@id":"https:\/\/soclose.mx\/blog\/#\/schema\/logo\/image\/"}},{"@type":"Person","@id":"https:\/\/soclose.mx\/blog\/#\/schema\/person\/723eb117ab965b55c3e56b5d29751667","name":"So Close","image":{"@type":"ImageObject","inLanguage":"es","@id":"https:\/\/soclose.mx\/blog\/#\/schema\/person\/image\/","url":"https:\/\/secure.gravatar.com\/avatar\/5a1d1d694eaf6d2c28f450f0984cbb34821b92dc49c1d088c0250fbc6a48efec?s=96&d=mm&r=g","contentUrl":"https:\/\/secure.gravatar.com\/avatar\/5a1d1d694eaf6d2c28f450f0984cbb34821b92dc49c1d088c0250fbc6a48efec?s=96&d=mm&r=g","caption":"So Close"},"sameAs":["http:\/\/www.soclose.mx","https:\/\/www.youtube.com\/@soclosemx"],"url":"https:\/\/soclose.mx\/blog\/author\/admin\/"}]}},"jetpack_featured_media_url":"https:\/\/i0.wp.com\/soclose.mx\/blog\/wp-content\/uploads\/2025\/12\/Salma-Hayek-2.jpg?fit=1920%2C1080&ssl=1","jetpack-related-posts":[{"id":9685,"url":"https:\/\/soclose.mx\/blog\/ay-goeeee\/7-cosas-que-aprendimos-de-chabelo\/","url_meta":{"origin":14988,"position":0},"title":"7 cosas que aprendimos de Chabelo","author":"Miguel Angel Romero","date":"30 abril, 2022","format":false,"excerpt":"No existe nadie que no conozca a Chabelo, ya sea por los memes, por las veces que lo han matado, por su singular sentido del humor (l\u00e9ase sarc\u00e1sticamente) o por su programa dominical que dur\u00f3 47 a\u00f1os. Adem\u00e1s es el rey de la televisi\u00f3n mexicana avalado por los Guinness: uno\u2026","rel":"","context":"En &quot;\u00a1Ay goeeee!&quot;","block_context":{"text":"\u00a1Ay goeeee!","link":"https:\/\/soclose.mx\/blog\/category\/ay-goeeee\/"},"img":{"alt_text":"","src":"https:\/\/i0.wp.com\/soclose.mx\/blog\/wp-content\/uploads\/2022\/04\/Copia-de-Principal-So-Close-blog-13.png?fit=1200%2C677&ssl=1&resize=350%2C200","width":350,"height":200,"srcset":"https:\/\/i0.wp.com\/soclose.mx\/blog\/wp-content\/uploads\/2022\/04\/Copia-de-Principal-So-Close-blog-13.png?fit=1200%2C677&ssl=1&resize=350%2C200 1x, https:\/\/i0.wp.com\/soclose.mx\/blog\/wp-content\/uploads\/2022\/04\/Copia-de-Principal-So-Close-blog-13.png?fit=1200%2C677&ssl=1&resize=525%2C300 1.5x, https:\/\/i0.wp.com\/soclose.mx\/blog\/wp-content\/uploads\/2022\/04\/Copia-de-Principal-So-Close-blog-13.png?fit=1200%2C677&ssl=1&resize=700%2C400 2x, https:\/\/i0.wp.com\/soclose.mx\/blog\/wp-content\/uploads\/2022\/04\/Copia-de-Principal-So-Close-blog-13.png?fit=1200%2C677&ssl=1&resize=1050%2C600 3x"},"classes":[]},{"id":14808,"url":"https:\/\/soclose.mx\/blog\/news-feed\/donde-ver-la-bioserie-de-chespirito-desde-mexico-y-estados-unidos-fecha-horario-elenco-y-datos-clave\/","url_meta":{"origin":14988,"position":1},"title":"\u00bfD\u00f3nde ver la bioserie de Chespirito desde M\u00e9xico y Estados Unidos?: fecha, horario, elenco y datos clave","author":"So Close","date":"29 abril, 2025","format":false,"excerpt":"La esperada bioserie \"Chespirito: Sin querer queriendo\", que narra la vida y legado de Roberto G\u00f3mez Bola\u00f1os, uno de los comediantes m\u00e1s queridos de Latinoam\u00e9rica, se estrenar\u00e1 el pr\u00f3ximo jueves 5 de junio de 2025. Si est\u00e1s preocupado por D\u00f3nde ver la bioserie de Chespirito, esta producci\u00f3n exclusiva estar\u00e1 disponible\u2026","rel":"","context":"En &quot;News feed&quot;","block_context":{"text":"News feed","link":"https:\/\/soclose.mx\/blog\/category\/news-feed\/"},"img":{"alt_text":"Bioserie Chespirito","src":"https:\/\/i0.wp.com\/soclose.mx\/blog\/wp-content\/uploads\/2025\/04\/Bioserie-Chespirito.jpg?fit=1200%2C675&ssl=1&resize=350%2C200","width":350,"height":200,"srcset":"https:\/\/i0.wp.com\/soclose.mx\/blog\/wp-content\/uploads\/2025\/04\/Bioserie-Chespirito.jpg?fit=1200%2C675&ssl=1&resize=350%2C200 1x, https:\/\/i0.wp.com\/soclose.mx\/blog\/wp-content\/uploads\/2025\/04\/Bioserie-Chespirito.jpg?fit=1200%2C675&ssl=1&resize=525%2C300 1.5x, https:\/\/i0.wp.com\/soclose.mx\/blog\/wp-content\/uploads\/2025\/04\/Bioserie-Chespirito.jpg?fit=1200%2C675&ssl=1&resize=700%2C400 2x, https:\/\/i0.wp.com\/soclose.mx\/blog\/wp-content\/uploads\/2025\/04\/Bioserie-Chespirito.jpg?fit=1200%2C675&ssl=1&resize=1050%2C600 3x"},"classes":[]},{"id":13948,"url":"https:\/\/soclose.mx\/blog\/a-la-mexicana\/datos-insolitos-de-la-vida-y-obra-de-juan-gabriel-el-divo-de-juarez\/","url_meta":{"origin":14988,"position":2},"title":"Datos Ins\u00f3litos de Juan Gabriel, Vida y Obra de &#8220;El Divo de Ju\u00e1rez&#8221;","author":"So Close","date":"23 agosto, 2024","format":false,"excerpt":"Juan Gabriel, cuyo nombre real era Alberto Aguilera Valadez, fue uno de los cantantes y compositores m\u00e1s exitosos y queridos de M\u00e9xico. Con una carrera que abarc\u00f3 m\u00e1s de cuatro d\u00e9cadas, dej\u00f3 un legado musical inigualable que sigue resonando en el coraz\u00f3n de sus fan\u00e1ticos. A continuaci\u00f3n, te presentamos datos\u2026","rel":"","context":"En &quot;A la mexicana&quot;","block_context":{"text":"A la mexicana","link":"https:\/\/soclose.mx\/blog\/category\/a-la-mexicana\/"},"img":{"alt_text":"Juan Gabriel","src":"https:\/\/i0.wp.com\/soclose.mx\/blog\/wp-content\/uploads\/2024\/08\/juan-gabriel-el-divo-de-juarez.jpg?fit=1118%2C936&ssl=1&resize=350%2C200","width":350,"height":200,"srcset":"https:\/\/i0.wp.com\/soclose.mx\/blog\/wp-content\/uploads\/2024\/08\/juan-gabriel-el-divo-de-juarez.jpg?fit=1118%2C936&ssl=1&resize=350%2C200 1x, https:\/\/i0.wp.com\/soclose.mx\/blog\/wp-content\/uploads\/2024\/08\/juan-gabriel-el-divo-de-juarez.jpg?fit=1118%2C936&ssl=1&resize=525%2C300 1.5x, https:\/\/i0.wp.com\/soclose.mx\/blog\/wp-content\/uploads\/2024\/08\/juan-gabriel-el-divo-de-juarez.jpg?fit=1118%2C936&ssl=1&resize=700%2C400 2x, https:\/\/i0.wp.com\/soclose.mx\/blog\/wp-content\/uploads\/2024\/08\/juan-gabriel-el-divo-de-juarez.jpg?fit=1118%2C936&ssl=1&resize=1050%2C600 3x"},"classes":[]},{"id":14487,"url":"https:\/\/soclose.mx\/blog\/el-chisme\/silvia-pinal-y-los-hombres-en-su-vida\/","url_meta":{"origin":14988,"position":3},"title":"Silvia Pinal y los hombres en su vida","author":"So Close","date":"29 noviembre, 2024","format":false,"excerpt":"Silvia Pinal, una de las actrices m\u00e1s emblem\u00e1ticas del cine mexicano, tuvo una vida amorosa llena de altibajos que ha captado la atenci\u00f3n del p\u00fablico a lo largo de los a\u00f1os. A continuaci\u00f3n, conocer\u00e1s a Silvia Pinal y los hombres en su vida; se presentan los detalles sobre sus parejas\u2026","rel":"","context":"En &quot;El Chisme&quot;","block_context":{"text":"El Chisme","link":"https:\/\/soclose.mx\/blog\/category\/el-chisme\/"},"img":{"alt_text":"Silvia Pinal","src":"https:\/\/i0.wp.com\/soclose.mx\/blog\/wp-content\/uploads\/2024\/11\/Solvia-Pinal.jpg?fit=1200%2C675&ssl=1&resize=350%2C200","width":350,"height":200,"srcset":"https:\/\/i0.wp.com\/soclose.mx\/blog\/wp-content\/uploads\/2024\/11\/Solvia-Pinal.jpg?fit=1200%2C675&ssl=1&resize=350%2C200 1x, https:\/\/i0.wp.com\/soclose.mx\/blog\/wp-content\/uploads\/2024\/11\/Solvia-Pinal.jpg?fit=1200%2C675&ssl=1&resize=525%2C300 1.5x, https:\/\/i0.wp.com\/soclose.mx\/blog\/wp-content\/uploads\/2024\/11\/Solvia-Pinal.jpg?fit=1200%2C675&ssl=1&resize=700%2C400 2x, https:\/\/i0.wp.com\/soclose.mx\/blog\/wp-content\/uploads\/2024\/11\/Solvia-Pinal.jpg?fit=1200%2C675&ssl=1&resize=1050%2C600 3x"},"classes":[]},{"id":6341,"url":"https:\/\/soclose.mx\/blog\/ay-goeeee\/10-datos-de-pedro-linares-lopez-y-sus-alebrijes\/","url_meta":{"origin":14988,"position":4},"title":"10 datos de Pedro Linares L\u00f3pez y sus alebrijes","author":"So Close","date":"29 junio, 2021","format":false,"excerpt":"Pedro Linares L\u00f3pez fue un destacado artista mexicano, conocido como el creador de los\u00a0alebrijes, figuras fant\u00e1sticas que combinan elementos de diferentes animales y son elaboradas principalmente con cart\u00f3n. Naci\u00f3 en 1906 en la Ciudad de M\u00e9xico. Es reconocido como el creador de los \u201cAlebrijes\u201d. Trabaj\u00f3 como artesano cartonero en la\u2026","rel":"","context":"En &quot;\u00a1Ay goeeee!&quot;","block_context":{"text":"\u00a1Ay goeeee!","link":"https:\/\/soclose.mx\/blog\/category\/ay-goeeee\/"},"img":{"alt_text":"","src":"https:\/\/i0.wp.com\/soclose.mx\/blog\/wp-content\/uploads\/2021\/06\/alebrije.jpg?fit=1200%2C677&ssl=1&resize=350%2C200","width":350,"height":200,"srcset":"https:\/\/i0.wp.com\/soclose.mx\/blog\/wp-content\/uploads\/2021\/06\/alebrije.jpg?fit=1200%2C677&ssl=1&resize=350%2C200 1x, https:\/\/i0.wp.com\/soclose.mx\/blog\/wp-content\/uploads\/2021\/06\/alebrije.jpg?fit=1200%2C677&ssl=1&resize=525%2C300 1.5x, https:\/\/i0.wp.com\/soclose.mx\/blog\/wp-content\/uploads\/2021\/06\/alebrije.jpg?fit=1200%2C677&ssl=1&resize=700%2C400 2x, https:\/\/i0.wp.com\/soclose.mx\/blog\/wp-content\/uploads\/2021\/06\/alebrije.jpg?fit=1200%2C677&ssl=1&resize=1050%2C600 3x"},"classes":[]},{"id":9286,"url":"https:\/\/soclose.mx\/blog\/news-feed\/los-ultimos-minutos-de-agustin-de-iturbide-en-teatro\/","url_meta":{"origin":14988,"position":5},"title":"Los \u00faltimos minutos de Agust\u00edn de Iturbide&#8230; en teatro","author":"Miguel Angel Romero","date":"9 marzo, 2022","format":false,"excerpt":"La Compa\u00f1\u00eda Nacional de Teatro\u00a0(CNT) estrenar\u00e1\u00a0Horas de gracia. \u00daltimo sue\u00f1o de Agust\u00edn I, puesta en escena en homenaje p\u00f3stumo al dramaturgo mexicano\u00a0Juan Tovar, la cual narra las \u00faltimas horas de Agust\u00edn de Iturbide. Este escenificaci\u00f3n es una coproducci\u00f3n con el\u00a0Teatro del Bicentenario\u00a0Roberto Plasencia Salda\u00f1a.\u00a0bajo la direcci\u00f3n de Daniela Parra. El\u2026","rel":"","context":"En &quot;News feed&quot;","block_context":{"text":"News feed","link":"https:\/\/soclose.mx\/blog\/category\/news-feed\/"},"img":{"alt_text":"","src":"https:\/\/i0.wp.com\/soclose.mx\/blog\/wp-content\/uploads\/2022\/03\/Copia-de-Principal-So-Close-blog-14.png?fit=1200%2C677&ssl=1&resize=350%2C200","width":350,"height":200,"srcset":"https:\/\/i0.wp.com\/soclose.mx\/blog\/wp-content\/uploads\/2022\/03\/Copia-de-Principal-So-Close-blog-14.png?fit=1200%2C677&ssl=1&resize=350%2C200 1x, https:\/\/i0.wp.com\/soclose.mx\/blog\/wp-content\/uploads\/2022\/03\/Copia-de-Principal-So-Close-blog-14.png?fit=1200%2C677&ssl=1&resize=525%2C300 1.5x, https:\/\/i0.wp.com\/soclose.mx\/blog\/wp-content\/uploads\/2022\/03\/Copia-de-Principal-So-Close-blog-14.png?fit=1200%2C677&ssl=1&resize=700%2C400 2x, https:\/\/i0.wp.com\/soclose.mx\/blog\/wp-content\/uploads\/2022\/03\/Copia-de-Principal-So-Close-blog-14.png?fit=1200%2C677&ssl=1&resize=1050%2C600 3x"},"classes":[]}],"jetpack_sharing_enabled":true,"_links":{"self":[{"href":"https:\/\/soclose.mx\/blog\/wp-json\/wp\/v2\/posts\/14988","targetHints":{"allow":["GET"]}}],"collection":[{"href":"https:\/\/soclose.mx\/blog\/wp-json\/wp\/v2\/posts"}],"about":[{"href":"https:\/\/soclose.mx\/blog\/wp-json\/wp\/v2\/types\/post"}],"author":[{"embeddable":true,"href":"https:\/\/soclose.mx\/blog\/wp-json\/wp\/v2\/users\/1"}],"replies":[{"embeddable":true,"href":"https:\/\/soclose.mx\/blog\/wp-json\/wp\/v2\/comments?post=14988"}],"version-history":[{"count":0,"href":"https:\/\/soclose.mx\/blog\/wp-json\/wp\/v2\/posts\/14988\/revisions"}],"wp:featuredmedia":[{"embeddable":true,"href":"https:\/\/soclose.mx\/blog\/wp-json\/wp\/v2\/media\/14989"}],"wp:attachment":[{"href":"https:\/\/soclose.mx\/blog\/wp-json\/wp\/v2\/media?parent=14988"}],"wp:term":[{"taxonomy":"category","embeddable":true,"href":"https:\/\/soclose.mx\/blog\/wp-json\/wp\/v2\/categories?post=14988"},{"taxonomy":"post_tag","embeddable":true,"href":"https:\/\/soclose.mx\/blog\/wp-json\/wp\/v2\/tags?post=14988"}],"curies":[{"name":"wp","href":"https:\/\/api.w.org\/{rel}","templated":true}]}}