{"id":14990,"date":"2025-12-04T19:39:04","date_gmt":"2025-12-05T01:39:04","guid":{"rendered":"https:\/\/soclose.mx\/blog\/?p=14990"},"modified":"2025-12-04T19:39:04","modified_gmt":"2025-12-05T01:39:04","slug":"ve-gratis-a-la-noche-guadalupana-en-la-catedral-de-la-cdmx","status":"publish","type":"post","link":"https:\/\/soclose.mx\/blog\/news-feed\/ve-gratis-a-la-noche-guadalupana-en-la-catedral-de-la-cdmx\/","title":{"rendered":"\u2028Ve gratis a la Noche Guadalupana en la Catedral de la CDMX\u2028"},"content":{"rendered":"<p class=\"p1\">La <a href=\"https:\/\/catedralmetropolitana.mx\/\" target=\"_blank\" rel=\"noopener\">Catedral Metropolitana<\/a> de la Arquidi\u00f3cesis Primada de M\u00e9xico organiza la <b>Noche Guadalupana<\/b> este 11 de diciembre, una velada especial en v\u00edspera de la solemnidad de la <a href=\"https:\/\/soclose.mx\/blog\/ay-goeeee\/por-que-la-virgen-de-guadalupe-se-llama-asi\/\" target=\"_blank\" rel=\"noopener\"><strong>Virgen de Guadalupe<\/strong><\/a>, conocida como la \u201cMorenita del Tepeyac\u201d.<\/p>\n<p class=\"p1\">Este evento gratuito re\u00fane a fieles en el coraz\u00f3n del Z\u00f3calo capitalino para honrar las apariciones de 1531 a San Juan Diego, fusionando f\u00e9, historia y cultura mexicana.<\/p>\n<h2 class=\"p1\">Programa de la Noche Guadalupana en la Catedral de la CDMX<\/h2>\n<p class=\"p1\">El programa inicia a las 18:00 h con una procesi\u00f3n desde el Templo de Santa In\u00e9s, portando la <b>Virgen de la Jura<\/b>, imagen hist\u00f3rica ante la cual se proclam\u00f3 a la Guadalupana como Patrona de la Nueva Espa\u00f1a.<\/p>\n<p class=\"p1\">El recorrido pasa por el antiguo Palacio Arzobispal de Fray Juan de Zum\u00e1rraga, donde San Juan Diego mostr\u00f3 las rosas y se imprimi\u00f3 milagrosamente la imagen en su tilma.<\/p>\n<p class=\"p1\">Incluye cuatro estaciones que evocan las apariciones del 9 al 12 de diciembre de 1531.<\/p>\n<p class=\"p1\">A las 20:00 h se reza el Santo Rosario, seguido de las tradicionales <b>ma\u00f1anitas<\/b> con mariachi a las 21:00 h. Culmina con Santa Misa a las 22:00 h y repique de campanas a las 23:00 h, en armon\u00eda con las celebraciones de la Bas\u00edlica de Guadalupe.<\/p>\n<p class=\"p1\">El P. Jos\u00e9 A. Carballo, rector de la Catedral, enfatiza que este acto reconoce a la Virgen como intercesora por familias y naci\u00f3n, renovando fe y compromiso cristiano.<\/p>\n<p class=\"p1\">El P. Eduardo Ch\u00e1vez, te\u00f3logo guadalupano, destaca su rol en la formaci\u00f3n de la Iglesia mexicana desde 1531.<\/p>\n<p class=\"p1\">Ideal para peregrinos y familias en CDMX, esta <b>Noche Guadalupana<\/b> complementa las peregrinaciones masivas al Tepeyac.<\/p>\n<p class=\"p1\">Coordina con la Bas\u00edlica para evitar solapamientos, promoviendo sinodalidad. No te pierdas esta tradici\u00f3n viva, con acceso libre y spots ic\u00f3nicos como el Z\u00f3calo.<\/p>\n","protected":false},"excerpt":{"rendered":"<p>La Catedral Metropolitana de la Arquidi\u00f3cesis Primada de M\u00e9xico organiza la Noche Guadalupana este 11 de diciembre, una velada especial en v\u00edspera de la solemnidad de la Virgen de Guadalupe, conocida como la \u201cMorenita del Tepeyac\u201d. Este evento gratuito re\u00fane a fieles en el coraz\u00f3n del Z\u00f3calo capitalino para honrar las apariciones de 1531 a San Juan Diego, fusionando f\u00e9, historia y cultura mexicana. Programa de la Noche Guadalupana en la Catedral de la CDMX El programa inicia a las 18:00 h con una procesi\u00f3n desde el Templo de Santa In\u00e9s, portando la Virgen de la Jura, imagen hist\u00f3rica ante<\/p>\n","protected":false},"author":1,"featured_media":14991,"comment_status":"open","ping_status":"open","sticky":false,"template":"","format":"standard","meta":{"_jetpack_memberships_contains_paid_content":false,"footnotes":""},"categories":[628],"tags":[5018,5023,5020,5024,5017,5025,5022,5019,5021],"class_list":["post-14990","post","type-post","status-publish","format-standard","has-post-thumbnail","hentry","category-news-feed","tag-catedral-metropolitana-cdmx","tag-celebraciones-virgen-guadalupe-diciembre-2025","tag-fiestas-guadalupanas-mexico","tag-mananitas-virgen-guadalupe-catedral","tag-noche-guadalupana-2025","tag-procesion-virgen-jura","tag-programa-noche-guadalupana","tag-virgen-de-guadalupe-eventos","tag-virgen-de-la-jura"],"yoast_head":"<!-- This site is optimized with the Yoast SEO plugin v26.7 - https:\/\/yoast.com\/wordpress\/plugins\/seo\/ -->\n<title>\u2028Ve gratis a la Noche Guadalupana en la Catedral de la CDMX\u2028 - So Close<\/title>\n<meta name=\"description\" content=\"La Catedral Metropolitana de la Arquidi\u00f3cesis Primada de M\u00e9xico organiza la Noche Guadalupana este 11 de diciembre.\" \/>\n<meta name=\"robots\" content=\"index, follow, max-snippet:-1, max-image-preview:large, max-video-preview:-1\" \/>\n<link rel=\"canonical\" href=\"https:\/\/soclose.mx\/blog\/tag\/juan-rulfo-frases-mujeres\/\" \/>\n<meta property=\"og:locale\" content=\"es_MX\" \/>\n<meta property=\"og:type\" content=\"article\" \/>\n<meta property=\"og:title\" content=\"\u2028Ve gratis a la Noche Guadalupana en la Catedral de la CDMX\u2028 - So Close\" \/>\n<meta property=\"og:description\" content=\"La Catedral Metropolitana de la Arquidi\u00f3cesis Primada de M\u00e9xico organiza la Noche Guadalupana este 11 de diciembre.\" \/>\n<meta property=\"og:url\" content=\"https:\/\/soclose.mx\/blog\/tag\/juan-rulfo-frases-mujeres\/\" \/>\n<meta property=\"og:site_name\" content=\"So Close\" \/>\n<meta property=\"article:published_time\" content=\"2025-12-05T01:39:04+00:00\" \/>\n<meta property=\"og:image\" content=\"https:\/\/i0.wp.com\/soclose.mx\/blog\/wp-content\/uploads\/2025\/12\/Salma-Hayek-3.jpg?fit=1920%2C1080&ssl=1\" \/>\n\t<meta property=\"og:image:width\" content=\"1920\" \/>\n\t<meta property=\"og:image:height\" content=\"1080\" \/>\n\t<meta property=\"og:image:type\" content=\"image\/jpeg\" \/>\n<meta name=\"author\" content=\"So Close\" \/>\n<meta name=\"twitter:card\" content=\"summary_large_image\" \/>\n<meta name=\"twitter:label1\" content=\"Escrito por\" \/>\n\t<meta name=\"twitter:data1\" content=\"So Close\" \/>\n\t<meta name=\"twitter:label2\" content=\"Tiempo de lectura\" \/>\n\t<meta name=\"twitter:data2\" content=\"2 minutos\" \/>\n<script type=\"application\/ld+json\" class=\"yoast-schema-graph\">{\"@context\":\"https:\/\/schema.org\",\"@graph\":[{\"@type\":\"Article\",\"@id\":\"https:\/\/soclose.mx\/blog\/tag\/juan-rulfo-frases-mujeres\/#article\",\"isPartOf\":{\"@id\":\"https:\/\/soclose.mx\/blog\/tag\/juan-rulfo-frases-mujeres\/\"},\"author\":{\"name\":\"So Close\",\"@id\":\"https:\/\/soclose.mx\/blog\/#\/schema\/person\/723eb117ab965b55c3e56b5d29751667\"},\"headline\":\"\\u2028Ve gratis a la Noche Guadalupana en la Catedral de la CDMX\\u2028\",\"datePublished\":\"2025-12-05T01:39:04+00:00\",\"mainEntityOfPage\":{\"@id\":\"https:\/\/soclose.mx\/blog\/tag\/juan-rulfo-frases-mujeres\/\"},\"wordCount\":312,\"commentCount\":0,\"publisher\":{\"@id\":\"https:\/\/soclose.mx\/blog\/#organization\"},\"image\":{\"@id\":\"https:\/\/soclose.mx\/blog\/tag\/juan-rulfo-frases-mujeres\/#primaryimage\"},\"thumbnailUrl\":\"https:\/\/i0.wp.com\/soclose.mx\/blog\/wp-content\/uploads\/2025\/12\/Salma-Hayek-3.jpg?fit=1920%2C1080&ssl=1\",\"keywords\":[\"Catedral Metropolitana CDMX\",\"celebraciones Virgen Guadalupe diciembre 2025\",\"fiestas Guadalupanas M\u00e9xico\",\"ma\u00f1anitas Virgen Guadalupe Catedral\",\"Noche Guadalupana 2025\",\"procesi\u00f3n Virgen Jura\",\"programa Noche Guadalupana\",\"Virgen de Guadalupe eventos\",\"Virgen de la Jura\"],\"articleSection\":[\"News feed\"],\"inLanguage\":\"es\",\"potentialAction\":[{\"@type\":\"CommentAction\",\"name\":\"Comment\",\"target\":[\"https:\/\/soclose.mx\/blog\/tag\/juan-rulfo-frases-mujeres\/#respond\"]}]},{\"@type\":\"WebPage\",\"@id\":\"https:\/\/soclose.mx\/blog\/tag\/juan-rulfo-frases-mujeres\/\",\"url\":\"https:\/\/soclose.mx\/blog\/tag\/juan-rulfo-frases-mujeres\/\",\"name\":\"\\u2028Ve gratis a la Noche Guadalupana en la Catedral de la CDMX\\u2028 - So Close\",\"isPartOf\":{\"@id\":\"https:\/\/soclose.mx\/blog\/#website\"},\"primaryImageOfPage\":{\"@id\":\"https:\/\/soclose.mx\/blog\/tag\/juan-rulfo-frases-mujeres\/#primaryimage\"},\"image\":{\"@id\":\"https:\/\/soclose.mx\/blog\/tag\/juan-rulfo-frases-mujeres\/#primaryimage\"},\"thumbnailUrl\":\"https:\/\/i0.wp.com\/soclose.mx\/blog\/wp-content\/uploads\/2025\/12\/Salma-Hayek-3.jpg?fit=1920%2C1080&ssl=1\",\"datePublished\":\"2025-12-05T01:39:04+00:00\",\"description\":\"La Catedral Metropolitana de la Arquidi\u00f3cesis Primada de M\u00e9xico organiza la Noche Guadalupana este 11 de diciembre.\",\"breadcrumb\":{\"@id\":\"https:\/\/soclose.mx\/blog\/tag\/juan-rulfo-frases-mujeres\/#breadcrumb\"},\"inLanguage\":\"es\",\"potentialAction\":[{\"@type\":\"ReadAction\",\"target\":[\"https:\/\/soclose.mx\/blog\/tag\/juan-rulfo-frases-mujeres\/\"]}]},{\"@type\":\"ImageObject\",\"inLanguage\":\"es\",\"@id\":\"https:\/\/soclose.mx\/blog\/tag\/juan-rulfo-frases-mujeres\/#primaryimage\",\"url\":\"https:\/\/i0.wp.com\/soclose.mx\/blog\/wp-content\/uploads\/2025\/12\/Salma-Hayek-3.jpg?fit=1920%2C1080&ssl=1\",\"contentUrl\":\"https:\/\/i0.wp.com\/soclose.mx\/blog\/wp-content\/uploads\/2025\/12\/Salma-Hayek-3.jpg?fit=1920%2C1080&ssl=1\",\"width\":1920,\"height\":1080,\"caption\":\"Catedral de la CDMX\"},{\"@type\":\"BreadcrumbList\",\"@id\":\"https:\/\/soclose.mx\/blog\/tag\/juan-rulfo-frases-mujeres\/#breadcrumb\",\"itemListElement\":[{\"@type\":\"ListItem\",\"position\":1,\"name\":\"Inicio\",\"item\":\"https:\/\/soclose.mx\/blog\/\"},{\"@type\":\"ListItem\",\"position\":2,\"name\":\"\\u2028Ve gratis a la Noche Guadalupana en la Catedral de la CDMX\\u2028\"}]},{\"@type\":\"WebSite\",\"@id\":\"https:\/\/soclose.mx\/blog\/#website\",\"url\":\"https:\/\/soclose.mx\/blog\/\",\"name\":\"So Close\",\"description\":\"Hacemos contenidos de M\u00e9xico\",\"publisher\":{\"@id\":\"https:\/\/soclose.mx\/blog\/#organization\"},\"potentialAction\":[{\"@type\":\"SearchAction\",\"target\":{\"@type\":\"EntryPoint\",\"urlTemplate\":\"https:\/\/soclose.mx\/blog\/?s={search_term_string}\"},\"query-input\":{\"@type\":\"PropertyValueSpecification\",\"valueRequired\":true,\"valueName\":\"search_term_string\"}}],\"inLanguage\":\"es\"},{\"@type\":\"Organization\",\"@id\":\"https:\/\/soclose.mx\/blog\/#organization\",\"name\":\"So Close\",\"url\":\"https:\/\/soclose.mx\/blog\/\",\"logo\":{\"@type\":\"ImageObject\",\"inLanguage\":\"es\",\"@id\":\"https:\/\/soclose.mx\/blog\/#\/schema\/logo\/image\/\",\"url\":\"https:\/\/i0.wp.com\/soclose.mx\/blog\/wp-content\/uploads\/2020\/12\/LOGO_SOCLOSE_COLOR-e1608310133507.png?fit=2858%2C1264&ssl=1\",\"contentUrl\":\"https:\/\/i0.wp.com\/soclose.mx\/blog\/wp-content\/uploads\/2020\/12\/LOGO_SOCLOSE_COLOR-e1608310133507.png?fit=2858%2C1264&ssl=1\",\"width\":2858,\"height\":1264,\"caption\":\"So Close\"},\"image\":{\"@id\":\"https:\/\/soclose.mx\/blog\/#\/schema\/logo\/image\/\"}},{\"@type\":\"Person\",\"@id\":\"https:\/\/soclose.mx\/blog\/#\/schema\/person\/723eb117ab965b55c3e56b5d29751667\",\"name\":\"So Close\",\"image\":{\"@type\":\"ImageObject\",\"inLanguage\":\"es\",\"@id\":\"https:\/\/soclose.mx\/blog\/#\/schema\/person\/image\/\",\"url\":\"https:\/\/secure.gravatar.com\/avatar\/5a1d1d694eaf6d2c28f450f0984cbb34821b92dc49c1d088c0250fbc6a48efec?s=96&d=mm&r=g\",\"contentUrl\":\"https:\/\/secure.gravatar.com\/avatar\/5a1d1d694eaf6d2c28f450f0984cbb34821b92dc49c1d088c0250fbc6a48efec?s=96&d=mm&r=g\",\"caption\":\"So Close\"},\"sameAs\":[\"http:\/\/www.soclose.mx\",\"https:\/\/www.youtube.com\/@soclosemx\"],\"url\":\"https:\/\/soclose.mx\/blog\/author\/admin\/\"}]}<\/script>\n<!-- \/ Yoast SEO plugin. -->","yoast_head_json":{"title":"\u2028Ve gratis a la Noche Guadalupana en la Catedral de la CDMX\u2028 - So Close","description":"La Catedral Metropolitana de la Arquidi\u00f3cesis Primada de M\u00e9xico organiza la Noche Guadalupana este 11 de diciembre.","robots":{"index":"index","follow":"follow","max-snippet":"max-snippet:-1","max-image-preview":"max-image-preview:large","max-video-preview":"max-video-preview:-1"},"canonical":"https:\/\/soclose.mx\/blog\/tag\/juan-rulfo-frases-mujeres\/","og_locale":"es_MX","og_type":"article","og_title":"\u2028Ve gratis a la Noche Guadalupana en la Catedral de la CDMX\u2028 - So Close","og_description":"La Catedral Metropolitana de la Arquidi\u00f3cesis Primada de M\u00e9xico organiza la Noche Guadalupana este 11 de diciembre.","og_url":"https:\/\/soclose.mx\/blog\/tag\/juan-rulfo-frases-mujeres\/","og_site_name":"So Close","article_published_time":"2025-12-05T01:39:04+00:00","og_image":[{"width":1920,"height":1080,"url":"https:\/\/i0.wp.com\/soclose.mx\/blog\/wp-content\/uploads\/2025\/12\/Salma-Hayek-3.jpg?fit=1920%2C1080&ssl=1","type":"image\/jpeg"}],"author":"So Close","twitter_card":"summary_large_image","twitter_misc":{"Escrito por":"So Close","Tiempo de lectura":"2 minutos"},"schema":{"@context":"https:\/\/schema.org","@graph":[{"@type":"Article","@id":"https:\/\/soclose.mx\/blog\/tag\/juan-rulfo-frases-mujeres\/#article","isPartOf":{"@id":"https:\/\/soclose.mx\/blog\/tag\/juan-rulfo-frases-mujeres\/"},"author":{"name":"So Close","@id":"https:\/\/soclose.mx\/blog\/#\/schema\/person\/723eb117ab965b55c3e56b5d29751667"},"headline":"\u2028Ve gratis a la Noche Guadalupana en la Catedral de la CDMX\u2028","datePublished":"2025-12-05T01:39:04+00:00","mainEntityOfPage":{"@id":"https:\/\/soclose.mx\/blog\/tag\/juan-rulfo-frases-mujeres\/"},"wordCount":312,"commentCount":0,"publisher":{"@id":"https:\/\/soclose.mx\/blog\/#organization"},"image":{"@id":"https:\/\/soclose.mx\/blog\/tag\/juan-rulfo-frases-mujeres\/#primaryimage"},"thumbnailUrl":"https:\/\/i0.wp.com\/soclose.mx\/blog\/wp-content\/uploads\/2025\/12\/Salma-Hayek-3.jpg?fit=1920%2C1080&ssl=1","keywords":["Catedral Metropolitana CDMX","celebraciones Virgen Guadalupe diciembre 2025","fiestas Guadalupanas M\u00e9xico","ma\u00f1anitas Virgen Guadalupe Catedral","Noche Guadalupana 2025","procesi\u00f3n Virgen Jura","programa Noche Guadalupana","Virgen de Guadalupe eventos","Virgen de la Jura"],"articleSection":["News feed"],"inLanguage":"es","potentialAction":[{"@type":"CommentAction","name":"Comment","target":["https:\/\/soclose.mx\/blog\/tag\/juan-rulfo-frases-mujeres\/#respond"]}]},{"@type":"WebPage","@id":"https:\/\/soclose.mx\/blog\/tag\/juan-rulfo-frases-mujeres\/","url":"https:\/\/soclose.mx\/blog\/tag\/juan-rulfo-frases-mujeres\/","name":"\u2028Ve gratis a la Noche Guadalupana en la Catedral de la CDMX\u2028 - So Close","isPartOf":{"@id":"https:\/\/soclose.mx\/blog\/#website"},"primaryImageOfPage":{"@id":"https:\/\/soclose.mx\/blog\/tag\/juan-rulfo-frases-mujeres\/#primaryimage"},"image":{"@id":"https:\/\/soclose.mx\/blog\/tag\/juan-rulfo-frases-mujeres\/#primaryimage"},"thumbnailUrl":"https:\/\/i0.wp.com\/soclose.mx\/blog\/wp-content\/uploads\/2025\/12\/Salma-Hayek-3.jpg?fit=1920%2C1080&ssl=1","datePublished":"2025-12-05T01:39:04+00:00","description":"La Catedral Metropolitana de la Arquidi\u00f3cesis Primada de M\u00e9xico organiza la Noche Guadalupana este 11 de diciembre.","breadcrumb":{"@id":"https:\/\/soclose.mx\/blog\/tag\/juan-rulfo-frases-mujeres\/#breadcrumb"},"inLanguage":"es","potentialAction":[{"@type":"ReadAction","target":["https:\/\/soclose.mx\/blog\/tag\/juan-rulfo-frases-mujeres\/"]}]},{"@type":"ImageObject","inLanguage":"es","@id":"https:\/\/soclose.mx\/blog\/tag\/juan-rulfo-frases-mujeres\/#primaryimage","url":"https:\/\/i0.wp.com\/soclose.mx\/blog\/wp-content\/uploads\/2025\/12\/Salma-Hayek-3.jpg?fit=1920%2C1080&ssl=1","contentUrl":"https:\/\/i0.wp.com\/soclose.mx\/blog\/wp-content\/uploads\/2025\/12\/Salma-Hayek-3.jpg?fit=1920%2C1080&ssl=1","width":1920,"height":1080,"caption":"Catedral de la CDMX"},{"@type":"BreadcrumbList","@id":"https:\/\/soclose.mx\/blog\/tag\/juan-rulfo-frases-mujeres\/#breadcrumb","itemListElement":[{"@type":"ListItem","position":1,"name":"Inicio","item":"https:\/\/soclose.mx\/blog\/"},{"@type":"ListItem","position":2,"name":"\u2028Ve gratis a la Noche Guadalupana en la Catedral de la CDMX\u2028"}]},{"@type":"WebSite","@id":"https:\/\/soclose.mx\/blog\/#website","url":"https:\/\/soclose.mx\/blog\/","name":"So Close","description":"Hacemos contenidos de M\u00e9xico","publisher":{"@id":"https:\/\/soclose.mx\/blog\/#organization"},"potentialAction":[{"@type":"SearchAction","target":{"@type":"EntryPoint","urlTemplate":"https:\/\/soclose.mx\/blog\/?s={search_term_string}"},"query-input":{"@type":"PropertyValueSpecification","valueRequired":true,"valueName":"search_term_string"}}],"inLanguage":"es"},{"@type":"Organization","@id":"https:\/\/soclose.mx\/blog\/#organization","name":"So Close","url":"https:\/\/soclose.mx\/blog\/","logo":{"@type":"ImageObject","inLanguage":"es","@id":"https:\/\/soclose.mx\/blog\/#\/schema\/logo\/image\/","url":"https:\/\/i0.wp.com\/soclose.mx\/blog\/wp-content\/uploads\/2020\/12\/LOGO_SOCLOSE_COLOR-e1608310133507.png?fit=2858%2C1264&ssl=1","contentUrl":"https:\/\/i0.wp.com\/soclose.mx\/blog\/wp-content\/uploads\/2020\/12\/LOGO_SOCLOSE_COLOR-e1608310133507.png?fit=2858%2C1264&ssl=1","width":2858,"height":1264,"caption":"So Close"},"image":{"@id":"https:\/\/soclose.mx\/blog\/#\/schema\/logo\/image\/"}},{"@type":"Person","@id":"https:\/\/soclose.mx\/blog\/#\/schema\/person\/723eb117ab965b55c3e56b5d29751667","name":"So Close","image":{"@type":"ImageObject","inLanguage":"es","@id":"https:\/\/soclose.mx\/blog\/#\/schema\/person\/image\/","url":"https:\/\/secure.gravatar.com\/avatar\/5a1d1d694eaf6d2c28f450f0984cbb34821b92dc49c1d088c0250fbc6a48efec?s=96&d=mm&r=g","contentUrl":"https:\/\/secure.gravatar.com\/avatar\/5a1d1d694eaf6d2c28f450f0984cbb34821b92dc49c1d088c0250fbc6a48efec?s=96&d=mm&r=g","caption":"So Close"},"sameAs":["http:\/\/www.soclose.mx","https:\/\/www.youtube.com\/@soclosemx"],"url":"https:\/\/soclose.mx\/blog\/author\/admin\/"}]}},"jetpack_featured_media_url":"https:\/\/i0.wp.com\/soclose.mx\/blog\/wp-content\/uploads\/2025\/12\/Salma-Hayek-3.jpg?fit=1920%2C1080&ssl=1","jetpack-related-posts":[{"id":7917,"url":"https:\/\/soclose.mx\/blog\/a-la-mexicana\/por-que-la-virgen-de-guadalupe-se-llama-asi\/","url_meta":{"origin":14990,"position":0},"title":"\u00bfPor qu\u00e9 la Virgen de Guadalupe se llama as\u00ed?","author":"Miguel Angel Romero","date":"9 diciembre, 2025","format":false,"excerpt":"Todo mexicano la conoce, sea cat\u00f3lico o no, incluso alrededor del mundo es un s\u00edmbolo para dicha religi\u00f3n, pero, sabes por qu\u00e9 la Virgen de Guadalupe se llama as\u00ed. De acuerdo con el Instituto Superior de Estudios Guadalupanos, la teor\u00eda que indica que la\u00a0Virgen de Guadalupe\u00a0se llamaba \u201cTequatlanopeuh\u201d o \u201cTequantlaxopeuh\u201d\u2026","rel":"","context":"En &quot;A la mexicana&quot;","block_context":{"text":"A la mexicana","link":"https:\/\/soclose.mx\/blog\/category\/a-la-mexicana\/"},"img":{"alt_text":"","src":"https:\/\/i0.wp.com\/soclose.mx\/blog\/wp-content\/uploads\/2021\/11\/Copia-de-Principal-So-Close-blog-3-8.png?fit=1200%2C677&ssl=1&resize=350%2C200","width":350,"height":200,"srcset":"https:\/\/i0.wp.com\/soclose.mx\/blog\/wp-content\/uploads\/2021\/11\/Copia-de-Principal-So-Close-blog-3-8.png?fit=1200%2C677&ssl=1&resize=350%2C200 1x, https:\/\/i0.wp.com\/soclose.mx\/blog\/wp-content\/uploads\/2021\/11\/Copia-de-Principal-So-Close-blog-3-8.png?fit=1200%2C677&ssl=1&resize=525%2C300 1.5x, https:\/\/i0.wp.com\/soclose.mx\/blog\/wp-content\/uploads\/2021\/11\/Copia-de-Principal-So-Close-blog-3-8.png?fit=1200%2C677&ssl=1&resize=700%2C400 2x, https:\/\/i0.wp.com\/soclose.mx\/blog\/wp-content\/uploads\/2021\/11\/Copia-de-Principal-So-Close-blog-3-8.png?fit=1200%2C677&ssl=1&resize=1050%2C600 3x"},"classes":[]},{"id":7978,"url":"https:\/\/soclose.mx\/blog\/lugares\/templos-en-el-mundo-donde-la-la-virgen-de-guadalupe-es-venerada\/","url_meta":{"origin":14990,"position":1},"title":"Templos en el mundo donde la Virgen de Guadalupe es venerada","author":"Miguel Angel Romero","date":"24 noviembre, 2025","format":false,"excerpt":"La Bas\u00edlica de Santa Mar\u00eda de Guadalupe, en la CDMX, es el santuario principal de la Morenita, pero no es el \u00fanico lugar donde podemos encontrarnos una imagen de la popular virgen. La devoci\u00f3n a la\u00a0Virgen de Guadalupe\u00a0no es exclusiva de los mexicanos, pues se ha extendido a varios pa\u00edses\u2026","rel":"","context":"En &quot;\u00a1Ay goeeee!&quot;","block_context":{"text":"\u00a1Ay goeeee!","link":"https:\/\/soclose.mx\/blog\/category\/ay-goeeee\/"},"img":{"alt_text":"","src":"https:\/\/i0.wp.com\/soclose.mx\/blog\/wp-content\/uploads\/2021\/11\/Copia-de-Principal-So-Close-blog-16.png?fit=1200%2C677&ssl=1&resize=350%2C200","width":350,"height":200,"srcset":"https:\/\/i0.wp.com\/soclose.mx\/blog\/wp-content\/uploads\/2021\/11\/Copia-de-Principal-So-Close-blog-16.png?fit=1200%2C677&ssl=1&resize=350%2C200 1x, https:\/\/i0.wp.com\/soclose.mx\/blog\/wp-content\/uploads\/2021\/11\/Copia-de-Principal-So-Close-blog-16.png?fit=1200%2C677&ssl=1&resize=525%2C300 1.5x, https:\/\/i0.wp.com\/soclose.mx\/blog\/wp-content\/uploads\/2021\/11\/Copia-de-Principal-So-Close-blog-16.png?fit=1200%2C677&ssl=1&resize=700%2C400 2x, https:\/\/i0.wp.com\/soclose.mx\/blog\/wp-content\/uploads\/2021\/11\/Copia-de-Principal-So-Close-blog-16.png?fit=1200%2C677&ssl=1&resize=1050%2C600 3x"},"classes":[]},{"id":11573,"url":"https:\/\/soclose.mx\/blog\/lugares\/turismo-religioso-destinos-cdmx\/","url_meta":{"origin":14990,"position":2},"title":"Turismo religioso: Cinco destinos para conocer en la CDMX","author":"Mar\u00eda Ju\u00e1rez","date":"25 marzo, 2024","format":false,"excerpt":"El turismo religioso en M\u00e9xico es una opci\u00f3n que siempre est\u00e1 vigente, los recintos pueden ser visitados casi en cualquier temporada del a\u00f1o ya que permanecen abiertos a los miles de visitantes que cada d\u00eda disfrutan de la Ciudad de M\u00e9xico (CDMX). Los lugares que a continuaci\u00f3n te vamos a\u2026","rel":"","context":"En &quot;Lugares&quot;","block_context":{"text":"Lugares","link":"https:\/\/soclose.mx\/blog\/category\/lugares\/"},"img":{"alt_text":"Turismo religioso","src":"https:\/\/i0.wp.com\/soclose.mx\/blog\/wp-content\/uploads\/2023\/04\/Turismo-religioso-CDMX-lugares.jpg?fit=1200%2C787&ssl=1&resize=350%2C200","width":350,"height":200,"srcset":"https:\/\/i0.wp.com\/soclose.mx\/blog\/wp-content\/uploads\/2023\/04\/Turismo-religioso-CDMX-lugares.jpg?fit=1200%2C787&ssl=1&resize=350%2C200 1x, https:\/\/i0.wp.com\/soclose.mx\/blog\/wp-content\/uploads\/2023\/04\/Turismo-religioso-CDMX-lugares.jpg?fit=1200%2C787&ssl=1&resize=525%2C300 1.5x, https:\/\/i0.wp.com\/soclose.mx\/blog\/wp-content\/uploads\/2023\/04\/Turismo-religioso-CDMX-lugares.jpg?fit=1200%2C787&ssl=1&resize=700%2C400 2x, https:\/\/i0.wp.com\/soclose.mx\/blog\/wp-content\/uploads\/2023\/04\/Turismo-religioso-CDMX-lugares.jpg?fit=1200%2C787&ssl=1&resize=1050%2C600 3x"},"classes":[]},{"id":14993,"url":"https:\/\/soclose.mx\/blog\/ay-goeeee\/datos-misteriosos-de-juan-diego-que-debes-conocer\/","url_meta":{"origin":14990,"position":3},"title":"Datos misteriosos de Juan Diego que debes conocer","author":"So Close","date":"8 diciembre, 2025","format":false,"excerpt":"Imagina un campesino chichimeca, con pies descalzos y tilma ra\u00edda, enfrentando al obispo virrey de la Nueva Espa\u00f1a. Juan Diego Cuauhtlatoatzin (1474-1548), el humilde tejocotero de Cuauhtitl\u00e1n, guarda secretos que a\u00fan estremecen el alma mexicana. \u00bfSab\u00edas que caminaba 24 km diarios solo por catequesis franciscana, bajo el yugo de la\u2026","rel":"","context":"En &quot;\u00a1Ay goeeee!&quot;","block_context":{"text":"\u00a1Ay goeeee!","link":"https:\/\/soclose.mx\/blog\/category\/ay-goeeee\/"},"img":{"alt_text":"Juan Diego","src":"https:\/\/i0.wp.com\/soclose.mx\/blog\/wp-content\/uploads\/2025\/12\/Salma-Hayek-4.jpg?fit=1200%2C675&ssl=1&resize=350%2C200","width":350,"height":200,"srcset":"https:\/\/i0.wp.com\/soclose.mx\/blog\/wp-content\/uploads\/2025\/12\/Salma-Hayek-4.jpg?fit=1200%2C675&ssl=1&resize=350%2C200 1x, https:\/\/i0.wp.com\/soclose.mx\/blog\/wp-content\/uploads\/2025\/12\/Salma-Hayek-4.jpg?fit=1200%2C675&ssl=1&resize=525%2C300 1.5x, https:\/\/i0.wp.com\/soclose.mx\/blog\/wp-content\/uploads\/2025\/12\/Salma-Hayek-4.jpg?fit=1200%2C675&ssl=1&resize=700%2C400 2x, https:\/\/i0.wp.com\/soclose.mx\/blog\/wp-content\/uploads\/2025\/12\/Salma-Hayek-4.jpg?fit=1200%2C675&ssl=1&resize=1050%2C600 3x"},"classes":[]},{"id":12123,"url":"https:\/\/soclose.mx\/blog\/a-la-mexicana\/virgen-guadalupe-misteriosas-apariciones\/","url_meta":{"origin":14990,"position":4},"title":"La Virgen de Guadalupe y sus misteriosas apariciones","author":"Emmanuel Oviedo","date":"24 noviembre, 2025","format":false,"excerpt":"Cuando se acerca el 12 de diciembre los mexicanos sabemos de la gran celebraci\u00f3n de los feligreses alrededor de La Villa.\u00a0 Y es que de acuerdo con la religi\u00f3n cat\u00f3lica, en el a\u00f1o 1531, apareci\u00f3 en el cerro de Tepeyac la Virgen de Guadalupe, patrona de la fe mexicana. En\u2026","rel":"","context":"En &quot;\u00a1Ay goeeee!&quot;","block_context":{"text":"\u00a1Ay goeeee!","link":"https:\/\/soclose.mx\/blog\/category\/ay-goeeee\/"},"img":{"alt_text":"Virgen de Guadalupe apariciones M\u00e9xico","src":"https:\/\/i0.wp.com\/soclose.mx\/blog\/wp-content\/uploads\/2023\/07\/guadalupe-g08539ef84_1280.jpg?fit=1200%2C800&ssl=1&resize=350%2C200","width":350,"height":200,"srcset":"https:\/\/i0.wp.com\/soclose.mx\/blog\/wp-content\/uploads\/2023\/07\/guadalupe-g08539ef84_1280.jpg?fit=1200%2C800&ssl=1&resize=350%2C200 1x, https:\/\/i0.wp.com\/soclose.mx\/blog\/wp-content\/uploads\/2023\/07\/guadalupe-g08539ef84_1280.jpg?fit=1200%2C800&ssl=1&resize=525%2C300 1.5x, https:\/\/i0.wp.com\/soclose.mx\/blog\/wp-content\/uploads\/2023\/07\/guadalupe-g08539ef84_1280.jpg?fit=1200%2C800&ssl=1&resize=700%2C400 2x, https:\/\/i0.wp.com\/soclose.mx\/blog\/wp-content\/uploads\/2023\/07\/guadalupe-g08539ef84_1280.jpg?fit=1200%2C800&ssl=1&resize=1050%2C600 3x"},"classes":[]},{"id":7996,"url":"https:\/\/soclose.mx\/blog\/ay-goeeee\/datos-de-la-monumental-virgen-de-guadalupe-de-xicotepec\/","url_meta":{"origin":14990,"position":5},"title":"Datos de la Monumental Virgen de Guadalupe de Xicotepec","author":"Miguel Angel Romero","date":"24 noviembre, 2025","format":"gallery","excerpt":"Con una altura de 23 metros, lo que le permite ser vista desde toda la ciudad de Xicotepec de Ju\u00e1rez, la Monumental Virgen de Guadalupe es la escultura m\u00e1s grande en el estado, as\u00ed como la quinta en M\u00e9xico y la representaci\u00f3n de la imagen religiosa a la intemperie m\u00e1s\u2026","rel":"","context":"En &quot;\u00a1Ay goeeee!&quot;","block_context":{"text":"\u00a1Ay goeeee!","link":"https:\/\/soclose.mx\/blog\/category\/ay-goeeee\/"},"img":{"alt_text":"","src":"https:\/\/i0.wp.com\/soclose.mx\/blog\/wp-content\/uploads\/2021\/12\/Copia-de-Principal-So-Close-blog-3.png?fit=1200%2C677&ssl=1&resize=350%2C200","width":350,"height":200,"srcset":"https:\/\/i0.wp.com\/soclose.mx\/blog\/wp-content\/uploads\/2021\/12\/Copia-de-Principal-So-Close-blog-3.png?fit=1200%2C677&ssl=1&resize=350%2C200 1x, https:\/\/i0.wp.com\/soclose.mx\/blog\/wp-content\/uploads\/2021\/12\/Copia-de-Principal-So-Close-blog-3.png?fit=1200%2C677&ssl=1&resize=525%2C300 1.5x, https:\/\/i0.wp.com\/soclose.mx\/blog\/wp-content\/uploads\/2021\/12\/Copia-de-Principal-So-Close-blog-3.png?fit=1200%2C677&ssl=1&resize=700%2C400 2x, https:\/\/i0.wp.com\/soclose.mx\/blog\/wp-content\/uploads\/2021\/12\/Copia-de-Principal-So-Close-blog-3.png?fit=1200%2C677&ssl=1&resize=1050%2C600 3x"},"classes":[]}],"jetpack_sharing_enabled":true,"_links":{"self":[{"href":"https:\/\/soclose.mx\/blog\/wp-json\/wp\/v2\/posts\/14990","targetHints":{"allow":["GET"]}}],"collection":[{"href":"https:\/\/soclose.mx\/blog\/wp-json\/wp\/v2\/posts"}],"about":[{"href":"https:\/\/soclose.mx\/blog\/wp-json\/wp\/v2\/types\/post"}],"author":[{"embeddable":true,"href":"https:\/\/soclose.mx\/blog\/wp-json\/wp\/v2\/users\/1"}],"replies":[{"embeddable":true,"href":"https:\/\/soclose.mx\/blog\/wp-json\/wp\/v2\/comments?post=14990"}],"version-history":[{"count":0,"href":"https:\/\/soclose.mx\/blog\/wp-json\/wp\/v2\/posts\/14990\/revisions"}],"wp:featuredmedia":[{"embeddable":true,"href":"https:\/\/soclose.mx\/blog\/wp-json\/wp\/v2\/media\/14991"}],"wp:attachment":[{"href":"https:\/\/soclose.mx\/blog\/wp-json\/wp\/v2\/media?parent=14990"}],"wp:term":[{"taxonomy":"category","embeddable":true,"href":"https:\/\/soclose.mx\/blog\/wp-json\/wp\/v2\/categories?post=14990"},{"taxonomy":"post_tag","embeddable":true,"href":"https:\/\/soclose.mx\/blog\/wp-json\/wp\/v2\/tags?post=14990"}],"curies":[{"name":"wp","href":"https:\/\/api.w.org\/{rel}","templated":true}]}}