{"id":5175,"date":"2020-06-09T19:25:01","date_gmt":"2020-06-10T01:25:01","guid":{"rendered":"https:\/\/soclose.mx\/wp\/?p=5175"},"modified":"2020-12-28T19:31:02","modified_gmt":"2020-12-29T01:31:02","slug":"carta-de-alumbramiento-para-ls-ena-morads","status":"publish","type":"post","link":"https:\/\/soclose.mx\/blog\/ay-goeeee\/carta-de-alumbramiento-para-ls-ena-morads\/","title":{"rendered":"Carta de alumbramiento para l@s ena-morad@s"},"content":{"rendered":"<p>Por <em><strong>Xiuhpapalotl\u00a0Mariposa de Llama Turquesa<\/strong><\/em><\/p>\n<p><em>Nac\u00ed enamorada. Morada por falta de ox\u00edgeno y en-amor porque pese a las dificultades, eleg\u00ed vivirme.<\/em><\/p>\n<p><em><img data-recalc-dims=\"1\" fetchpriority=\"high\" decoding=\"async\" class=\" wp-image-5182 alignleft\" src=\"https:\/\/i0.wp.com\/soclose.mx\/wp\/wp-content\/uploads\/2020\/06\/michelle2-buena.jpg?resize=379%2C569&#038;ssl=1\" alt=\"\" width=\"379\" height=\"569\" srcset=\"https:\/\/i0.wp.com\/soclose.mx\/blog\/wp-content\/uploads\/2020\/06\/michelle2-buena.jpg?w=2725&amp;ssl=1 2725w, https:\/\/i0.wp.com\/soclose.mx\/blog\/wp-content\/uploads\/2020\/06\/michelle2-buena.jpg?resize=200%2C300&amp;ssl=1 200w, https:\/\/i0.wp.com\/soclose.mx\/blog\/wp-content\/uploads\/2020\/06\/michelle2-buena.jpg?resize=768%2C1152&amp;ssl=1 768w, https:\/\/i0.wp.com\/soclose.mx\/blog\/wp-content\/uploads\/2020\/06\/michelle2-buena.jpg?resize=683%2C1024&amp;ssl=1 683w, https:\/\/i0.wp.com\/soclose.mx\/blog\/wp-content\/uploads\/2020\/06\/michelle2-buena.jpg?resize=770%2C1155&amp;ssl=1 770w, https:\/\/i0.wp.com\/soclose.mx\/blog\/wp-content\/uploads\/2020\/06\/michelle2-buena.jpg?w=2340&amp;ssl=1 2340w\" sizes=\"(max-width: 379px) 100vw, 379px\" \/>Una de las consecuencias de este alumbramiento, es que desde los 8 a\u00f1os recuerdo tener ansiedad y depresi\u00f3n. De la nada lloraba y mi madre cre\u00eda que era normal. Y creo que yo tambi\u00e9n. \u00bfC\u00f3mo explicar ese algo que nada tiene que ver con tus sentidos? No era como decir &#8220;me duele aqu\u00ed&#8221;. Me dol\u00eda el alma y en ese entonces desconoc\u00eda que ten\u00eda una. La \u00faltima crisis fue reciente, precisamente un d\u00eda antes de mi cumplea\u00f1os. Me faltaba el aire y sent\u00eda una asfixia que llev\u00f3 mi mente a la labor de parto de cuando estaba a punto de nacer. C\u00e1si no pod\u00eda hablar, mis l\u00e1grimas brotaban con desesperaci\u00f3n hasta que me dije: &#8220;esta vez puedes elegir coronarte y hacerlo diferente&#8221;. Y mi cuerpo comenz\u00f3 a ceder.<\/em><\/p>\n<p><em>Estudi\u00e9 Dise\u00f1o Gr\u00e1fico porque me acercaba, a las artes pl\u00e1sticas (vida pasada). Al salir de la universidad comenc\u00e9 a tener ataques de p\u00e1nico, algunas veces me imped\u00edan salir de casa, o cuando lograba salir, a plena luz del d\u00eda, sent\u00eda miedo absolutamente de todo. No manejaba nada bien el tema de la soledad y los desapegos (vida pasada) y en ese entonces estaba teniendo muchos cambios. Consegu\u00ed ayuda con una Psiquiatra maravillosa y tom\u00e9 ansiol\u00edticos y antidepresivos por un tiempo. Despu\u00e9s conoc\u00ed a un Psicoterapeuta grandioso que marc\u00f3 un parte aguas en mi vida. Sin embargo sab\u00eda que hab\u00eda mucho m\u00e1s escondido en esas crisis emocionales. <\/em><\/p>\n<p><em><img data-recalc-dims=\"1\" decoding=\"async\" class=\" wp-image-5181 alignright\" src=\"https:\/\/i0.wp.com\/soclose.mx\/wp\/wp-content\/uploads\/2020\/06\/Michelle-Cerda.jpg?resize=378%2C213&#038;ssl=1\" alt=\"\" width=\"378\" height=\"213\" srcset=\"https:\/\/i0.wp.com\/soclose.mx\/blog\/wp-content\/uploads\/2020\/06\/Michelle-Cerda.jpg?w=1240&amp;ssl=1 1240w, https:\/\/i0.wp.com\/soclose.mx\/blog\/wp-content\/uploads\/2020\/06\/Michelle-Cerda.jpg?resize=300%2C169&amp;ssl=1 300w, https:\/\/i0.wp.com\/soclose.mx\/blog\/wp-content\/uploads\/2020\/06\/Michelle-Cerda.jpg?resize=768%2C434&amp;ssl=1 768w, https:\/\/i0.wp.com\/soclose.mx\/blog\/wp-content\/uploads\/2020\/06\/Michelle-Cerda.jpg?resize=1024%2C578&amp;ssl=1 1024w, https:\/\/i0.wp.com\/soclose.mx\/blog\/wp-content\/uploads\/2020\/06\/Michelle-Cerda.jpg?resize=770%2C435&amp;ssl=1 770w\" sizes=\"(max-width: 378px) 100vw, 378px\" \/>Un d\u00eda despert\u00e9 llorando y sinti\u00e9ndome terriblemente sola a\u00fan cuando escuchaba a mi familia hablando a lo lejos. Trataba por todos los medios de convencerme de estar acompa\u00f1ada, pero el vac\u00edo y la tristeza segu\u00edan all\u00ed. Ese d\u00eda decid\u00ed a hacer la primer b\u00fasqueda profunda, y en una meditaci\u00f3n me v\u00ed como un adolescente hu\u00e9rfano; sab\u00eda que era yo, sintiendo esa devastadora sensaci\u00f3n de soledad. Nunca me pas\u00f3 por la cabeza indagar otras posibilidades tan &#8220;intangibles&#8221;. Sol\u00eda bromear diciendo que hab\u00eda sido X personaje, pero no era serio porque desconoc\u00eda el tema de las vidas pasadas. Lo cierto es que a partir de ese momento jam\u00e1s volv\u00ed a sentirme as\u00ed. Posteriormente en una pr\u00e1ctica de Registros Ak\u00e1shicos, logr\u00e9 verme como pintora y record\u00e9 los dibujos que hac\u00eda desde que ten\u00eda dos a\u00f1os y nadie se explicaba de d\u00f3nde ven\u00eda esa habilidad. En un sue\u00f1o supe que fu\u00ed partera, entonces comprend\u00ed por qu\u00e9 he llorado las 80 veces que he visto el parto de mujeres desconocidas. S\u00e9 que habr\u00e1 muchos exc\u00e9pticos y no pretendo convencerles. Deseo acaso compartir una esperanza de que s\u00ed se puede llegar al origen del origen y no s\u00f3lo buscar adaptarse. Explorando el vasto universo que significa un Ser, he sanado una vida, mi vida.<\/em><\/p>\n<p><em><img data-recalc-dims=\"1\" decoding=\"async\" class=\" wp-image-5184 alignright\" src=\"https:\/\/i0.wp.com\/soclose.mx\/wp\/wp-content\/uploads\/2020\/06\/michell4.jpg?resize=356%2C237&#038;ssl=1\" alt=\"\" width=\"356\" height=\"237\" srcset=\"https:\/\/i0.wp.com\/soclose.mx\/blog\/wp-content\/uploads\/2020\/06\/michell4.jpg?w=5184&amp;ssl=1 5184w, https:\/\/i0.wp.com\/soclose.mx\/blog\/wp-content\/uploads\/2020\/06\/michell4.jpg?resize=300%2C200&amp;ssl=1 300w, https:\/\/i0.wp.com\/soclose.mx\/blog\/wp-content\/uploads\/2020\/06\/michell4.jpg?resize=768%2C512&amp;ssl=1 768w, https:\/\/i0.wp.com\/soclose.mx\/blog\/wp-content\/uploads\/2020\/06\/michell4.jpg?resize=1024%2C683&amp;ssl=1 1024w, https:\/\/i0.wp.com\/soclose.mx\/blog\/wp-content\/uploads\/2020\/06\/michell4.jpg?resize=770%2C513&amp;ssl=1 770w, https:\/\/i0.wp.com\/soclose.mx\/blog\/wp-content\/uploads\/2020\/06\/michell4.jpg?resize=760%2C507&amp;ssl=1 760w, https:\/\/i0.wp.com\/soclose.mx\/blog\/wp-content\/uploads\/2020\/06\/michell4.jpg?resize=600%2C400&amp;ssl=1 600w, https:\/\/i0.wp.com\/soclose.mx\/blog\/wp-content\/uploads\/2020\/06\/michell4.jpg?w=2340&amp;ssl=1 2340w, https:\/\/i0.wp.com\/soclose.mx\/blog\/wp-content\/uploads\/2020\/06\/michell4.jpg?w=3510&amp;ssl=1 3510w\" sizes=\"(max-width: 356px) 100vw, 356px\" \/>Actualmente soy acompa\u00f1ante del alma, ofrendando entre varias alternativas la Terapia transpersonal para la energ\u00eda integrativa, en la cual veo resultados sumamente r\u00e1pidos, combinando las propiedades de algunos cristales Maestros, escencialmente de la Obsidiana y la sabidur\u00eda del Camino Rojo y el camino Maya Quich\u00e9. En estas sesiones, sin conocer al receptor, averiguamos junt@s el origen de su dolencia, que puede ser transgeneracional, subconsciente, producto de vidas pasadas, programa de trauma, etc. Sorpresivamente a esta terapia acuden conmigo muchos Psic\u00f3logos, pues comienzan a conectarse con el resto de sus cuerpos y a entender que no todo patr\u00f3n de acci\u00f3n, emoci\u00f3n o pensamiento, procede del ser consciente.\u00a0<\/em><\/p>\n<p><em><img data-recalc-dims=\"1\" loading=\"lazy\" decoding=\"async\" class=\" wp-image-5188 alignleft\" src=\"https:\/\/i0.wp.com\/soclose.mx\/wp\/wp-content\/uploads\/2020\/06\/michelle-final.jpg?resize=340%2C226&#038;ssl=1\" alt=\"\" width=\"340\" height=\"226\" srcset=\"https:\/\/i0.wp.com\/soclose.mx\/blog\/wp-content\/uploads\/2020\/06\/michelle-final.jpg?w=712&amp;ssl=1 712w, https:\/\/i0.wp.com\/soclose.mx\/blog\/wp-content\/uploads\/2020\/06\/michelle-final.jpg?resize=300%2C200&amp;ssl=1 300w, https:\/\/i0.wp.com\/soclose.mx\/blog\/wp-content\/uploads\/2020\/06\/michelle-final.jpg?resize=600%2C400&amp;ssl=1 600w\" sizes=\"(max-width: 340px) 100vw, 340px\" \/>En esta oportunidad que se me da de compartir quiero decir:<\/em><br \/>\n<em>&#8211; S\u00ed se puede abatir la depresi\u00f3n y la ansiedad<\/em><br \/>\n<em>&#8211; Est\u00e1 bien hablar del tema<\/em><br \/>\n<em>&#8211; No est\u00e1s loc@<\/em><br \/>\n<em>&#8211; Est\u00e1 magn\u00edfico llorar a\u00fan cuando no sepas por qu\u00e9<\/em><br \/>\n<em>&#8211; Ese sentimiento va a pasar<\/em><\/p>\n<p><em>Pero lo m\u00e1s importante ser\u00eda decirte que a veces es necesario morir un poco, y perdernos y volvernos loc@s, para as\u00ed, recordar nuestra misi\u00f3n aqu\u00ed.<\/em><\/p>\n<p><em>S\u00edgueme y conectemos <a href=\"https:\/\/m.facebook.com\/bodaespiritualesatlixco\" target=\"_blank\" rel=\"noopener noreferrer\">aqu\u00ed<\/a><\/em><\/p>\n","protected":false},"excerpt":{"rendered":"<p>Por Xiuhpapalotl\u00a0Mariposa de Llama Turquesa Nac\u00ed enamorada. Morada por falta de ox\u00edgeno y en-amor porque pese a las dificultades, eleg\u00ed vivirme. Una de las consecuencias de este alumbramiento, es que desde los 8 a\u00f1os recuerdo tener ansiedad y depresi\u00f3n. De la nada lloraba y mi madre cre\u00eda que era normal. Y creo que yo tambi\u00e9n. \u00bfC\u00f3mo explicar ese algo que nada tiene que ver con tus sentidos? No era como decir &#8220;me duele aqu\u00ed&#8221;. Me dol\u00eda el alma y en ese entonces desconoc\u00eda que ten\u00eda una. La \u00faltima crisis fue reciente, precisamente un d\u00eda antes de mi cumplea\u00f1os. Me faltaba<\/p>\n","protected":false},"author":1,"featured_media":5185,"comment_status":"open","ping_status":"open","sticky":false,"template":"","format":"standard","meta":{"_jetpack_memberships_contains_paid_content":false,"footnotes":""},"categories":[1],"tags":[233,549,550,552,553,551],"class_list":["post-5175","post","type-post","status-publish","format-standard","has-post-thumbnail","hentry","category-ay-goeeee","tag-amor","tag-ansiedad","tag-depresion","tag-emociones","tag-paz","tag-sentimiento"],"yoast_head":"<!-- This site is optimized with the Yoast SEO plugin v26.7 - https:\/\/yoast.com\/wordpress\/plugins\/seo\/ -->\n<title>Carta de alumbramiento para l@s ena-morad@s - So Close<\/title>\n<meta name=\"robots\" content=\"index, follow, max-snippet:-1, max-image-preview:large, max-video-preview:-1\" \/>\n<link rel=\"canonical\" href=\"https:\/\/soclose.mx\/blog\/ay-goeeee\/carta-de-alumbramiento-para-ls-ena-morads\/\" \/>\n<meta property=\"og:locale\" content=\"es_MX\" \/>\n<meta property=\"og:type\" content=\"article\" \/>\n<meta property=\"og:title\" content=\"Carta de alumbramiento para l@s ena-morad@s - So Close\" \/>\n<meta property=\"og:description\" content=\"Por Xiuhpapalotl\u00a0Mariposa de Llama Turquesa Nac\u00ed enamorada. Morada por falta de ox\u00edgeno y en-amor porque pese a las dificultades, eleg\u00ed vivirme. Una de las consecuencias de este alumbramiento, es que desde los 8 a\u00f1os recuerdo tener ansiedad y depresi\u00f3n. De la nada lloraba y mi madre cre\u00eda que era normal. Y creo que yo tambi\u00e9n. \u00bfC\u00f3mo explicar ese algo que nada tiene que ver con tus sentidos? No era como decir &#8220;me duele aqu\u00ed&#8221;. Me dol\u00eda el alma y en ese entonces desconoc\u00eda que ten\u00eda una. La \u00faltima crisis fue reciente, precisamente un d\u00eda antes de mi cumplea\u00f1os. Me faltaba\" \/>\n<meta property=\"og:url\" content=\"https:\/\/soclose.mx\/blog\/ay-goeeee\/carta-de-alumbramiento-para-ls-ena-morads\/\" \/>\n<meta property=\"og:site_name\" content=\"So Close\" \/>\n<meta property=\"article:published_time\" content=\"2020-06-10T01:25:01+00:00\" \/>\n<meta property=\"article:modified_time\" content=\"2020-12-29T01:31:02+00:00\" \/>\n<meta property=\"og:image\" content=\"https:\/\/soclose.mx\/blog\/wp-content\/uploads\/2020\/06\/michelle-portadabuena.jpg\" \/>\n\t<meta property=\"og:image:width\" content=\"712\" \/>\n\t<meta property=\"og:image:height\" content=\"474\" \/>\n\t<meta property=\"og:image:type\" content=\"image\/jpeg\" \/>\n<meta name=\"author\" content=\"So Close\" \/>\n<meta name=\"twitter:card\" content=\"summary_large_image\" \/>\n<meta name=\"twitter:label1\" content=\"Escrito por\" \/>\n\t<meta name=\"twitter:data1\" content=\"So Close\" \/>\n\t<meta name=\"twitter:label2\" content=\"Tiempo de lectura\" \/>\n\t<meta name=\"twitter:data2\" content=\"4 minutos\" \/>\n<script type=\"application\/ld+json\" class=\"yoast-schema-graph\">{\"@context\":\"https:\/\/schema.org\",\"@graph\":[{\"@type\":\"Article\",\"@id\":\"https:\/\/soclose.mx\/blog\/ay-goeeee\/carta-de-alumbramiento-para-ls-ena-morads\/#article\",\"isPartOf\":{\"@id\":\"https:\/\/soclose.mx\/blog\/ay-goeeee\/carta-de-alumbramiento-para-ls-ena-morads\/\"},\"author\":{\"name\":\"So Close\",\"@id\":\"https:\/\/soclose.mx\/blog\/#\/schema\/person\/723eb117ab965b55c3e56b5d29751667\"},\"headline\":\"Carta de alumbramiento para l@s ena-morad@s\",\"datePublished\":\"2020-06-10T01:25:01+00:00\",\"dateModified\":\"2020-12-29T01:31:02+00:00\",\"mainEntityOfPage\":{\"@id\":\"https:\/\/soclose.mx\/blog\/ay-goeeee\/carta-de-alumbramiento-para-ls-ena-morads\/\"},\"wordCount\":724,\"commentCount\":0,\"publisher\":{\"@id\":\"https:\/\/soclose.mx\/blog\/#organization\"},\"image\":{\"@id\":\"https:\/\/soclose.mx\/blog\/ay-goeeee\/carta-de-alumbramiento-para-ls-ena-morads\/#primaryimage\"},\"thumbnailUrl\":\"https:\/\/i0.wp.com\/soclose.mx\/blog\/wp-content\/uploads\/2020\/06\/michelle-portadabuena.jpg?fit=712%2C474&ssl=1\",\"keywords\":[\"amor\",\"ansiedad\",\"depresion\",\"emociones\",\"paz\",\"sentimiento\"],\"articleSection\":[\"\u00a1Ay goeeee!\"],\"inLanguage\":\"es\",\"potentialAction\":[{\"@type\":\"CommentAction\",\"name\":\"Comment\",\"target\":[\"https:\/\/soclose.mx\/blog\/ay-goeeee\/carta-de-alumbramiento-para-ls-ena-morads\/#respond\"]}]},{\"@type\":\"WebPage\",\"@id\":\"https:\/\/soclose.mx\/blog\/ay-goeeee\/carta-de-alumbramiento-para-ls-ena-morads\/\",\"url\":\"https:\/\/soclose.mx\/blog\/ay-goeeee\/carta-de-alumbramiento-para-ls-ena-morads\/\",\"name\":\"Carta de alumbramiento para l@s ena-morad@s - So Close\",\"isPartOf\":{\"@id\":\"https:\/\/soclose.mx\/blog\/#website\"},\"primaryImageOfPage\":{\"@id\":\"https:\/\/soclose.mx\/blog\/ay-goeeee\/carta-de-alumbramiento-para-ls-ena-morads\/#primaryimage\"},\"image\":{\"@id\":\"https:\/\/soclose.mx\/blog\/ay-goeeee\/carta-de-alumbramiento-para-ls-ena-morads\/#primaryimage\"},\"thumbnailUrl\":\"https:\/\/i0.wp.com\/soclose.mx\/blog\/wp-content\/uploads\/2020\/06\/michelle-portadabuena.jpg?fit=712%2C474&ssl=1\",\"datePublished\":\"2020-06-10T01:25:01+00:00\",\"dateModified\":\"2020-12-29T01:31:02+00:00\",\"breadcrumb\":{\"@id\":\"https:\/\/soclose.mx\/blog\/ay-goeeee\/carta-de-alumbramiento-para-ls-ena-morads\/#breadcrumb\"},\"inLanguage\":\"es\",\"potentialAction\":[{\"@type\":\"ReadAction\",\"target\":[\"https:\/\/soclose.mx\/blog\/ay-goeeee\/carta-de-alumbramiento-para-ls-ena-morads\/\"]}]},{\"@type\":\"ImageObject\",\"inLanguage\":\"es\",\"@id\":\"https:\/\/soclose.mx\/blog\/ay-goeeee\/carta-de-alumbramiento-para-ls-ena-morads\/#primaryimage\",\"url\":\"https:\/\/i0.wp.com\/soclose.mx\/blog\/wp-content\/uploads\/2020\/06\/michelle-portadabuena.jpg?fit=712%2C474&ssl=1\",\"contentUrl\":\"https:\/\/i0.wp.com\/soclose.mx\/blog\/wp-content\/uploads\/2020\/06\/michelle-portadabuena.jpg?fit=712%2C474&ssl=1\",\"width\":712,\"height\":474},{\"@type\":\"BreadcrumbList\",\"@id\":\"https:\/\/soclose.mx\/blog\/ay-goeeee\/carta-de-alumbramiento-para-ls-ena-morads\/#breadcrumb\",\"itemListElement\":[{\"@type\":\"ListItem\",\"position\":1,\"name\":\"Inicio\",\"item\":\"https:\/\/soclose.mx\/blog\/\"},{\"@type\":\"ListItem\",\"position\":2,\"name\":\"Carta de alumbramiento para l@s ena-morad@s\"}]},{\"@type\":\"WebSite\",\"@id\":\"https:\/\/soclose.mx\/blog\/#website\",\"url\":\"https:\/\/soclose.mx\/blog\/\",\"name\":\"So Close\",\"description\":\"Hacemos contenidos de M\u00e9xico\",\"publisher\":{\"@id\":\"https:\/\/soclose.mx\/blog\/#organization\"},\"potentialAction\":[{\"@type\":\"SearchAction\",\"target\":{\"@type\":\"EntryPoint\",\"urlTemplate\":\"https:\/\/soclose.mx\/blog\/?s={search_term_string}\"},\"query-input\":{\"@type\":\"PropertyValueSpecification\",\"valueRequired\":true,\"valueName\":\"search_term_string\"}}],\"inLanguage\":\"es\"},{\"@type\":\"Organization\",\"@id\":\"https:\/\/soclose.mx\/blog\/#organization\",\"name\":\"So Close\",\"url\":\"https:\/\/soclose.mx\/blog\/\",\"logo\":{\"@type\":\"ImageObject\",\"inLanguage\":\"es\",\"@id\":\"https:\/\/soclose.mx\/blog\/#\/schema\/logo\/image\/\",\"url\":\"https:\/\/i0.wp.com\/soclose.mx\/blog\/wp-content\/uploads\/2020\/12\/LOGO_SOCLOSE_COLOR-e1608310133507.png?fit=2858%2C1264&ssl=1\",\"contentUrl\":\"https:\/\/i0.wp.com\/soclose.mx\/blog\/wp-content\/uploads\/2020\/12\/LOGO_SOCLOSE_COLOR-e1608310133507.png?fit=2858%2C1264&ssl=1\",\"width\":2858,\"height\":1264,\"caption\":\"So Close\"},\"image\":{\"@id\":\"https:\/\/soclose.mx\/blog\/#\/schema\/logo\/image\/\"}},{\"@type\":\"Person\",\"@id\":\"https:\/\/soclose.mx\/blog\/#\/schema\/person\/723eb117ab965b55c3e56b5d29751667\",\"name\":\"So Close\",\"image\":{\"@type\":\"ImageObject\",\"inLanguage\":\"es\",\"@id\":\"https:\/\/soclose.mx\/blog\/#\/schema\/person\/image\/\",\"url\":\"https:\/\/secure.gravatar.com\/avatar\/5a1d1d694eaf6d2c28f450f0984cbb34821b92dc49c1d088c0250fbc6a48efec?s=96&d=mm&r=g\",\"contentUrl\":\"https:\/\/secure.gravatar.com\/avatar\/5a1d1d694eaf6d2c28f450f0984cbb34821b92dc49c1d088c0250fbc6a48efec?s=96&d=mm&r=g\",\"caption\":\"So Close\"},\"sameAs\":[\"http:\/\/www.soclose.mx\",\"https:\/\/www.youtube.com\/@soclosemx\"],\"url\":\"https:\/\/soclose.mx\/blog\/author\/admin\/\"}]}<\/script>\n<!-- \/ Yoast SEO plugin. -->","yoast_head_json":{"title":"Carta de alumbramiento para l@s ena-morad@s - So Close","robots":{"index":"index","follow":"follow","max-snippet":"max-snippet:-1","max-image-preview":"max-image-preview:large","max-video-preview":"max-video-preview:-1"},"canonical":"https:\/\/soclose.mx\/blog\/ay-goeeee\/carta-de-alumbramiento-para-ls-ena-morads\/","og_locale":"es_MX","og_type":"article","og_title":"Carta de alumbramiento para l@s ena-morad@s - So Close","og_description":"Por Xiuhpapalotl\u00a0Mariposa de Llama Turquesa Nac\u00ed enamorada. Morada por falta de ox\u00edgeno y en-amor porque pese a las dificultades, eleg\u00ed vivirme. Una de las consecuencias de este alumbramiento, es que desde los 8 a\u00f1os recuerdo tener ansiedad y depresi\u00f3n. De la nada lloraba y mi madre cre\u00eda que era normal. Y creo que yo tambi\u00e9n. \u00bfC\u00f3mo explicar ese algo que nada tiene que ver con tus sentidos? No era como decir &#8220;me duele aqu\u00ed&#8221;. Me dol\u00eda el alma y en ese entonces desconoc\u00eda que ten\u00eda una. La \u00faltima crisis fue reciente, precisamente un d\u00eda antes de mi cumplea\u00f1os. Me faltaba","og_url":"https:\/\/soclose.mx\/blog\/ay-goeeee\/carta-de-alumbramiento-para-ls-ena-morads\/","og_site_name":"So Close","article_published_time":"2020-06-10T01:25:01+00:00","article_modified_time":"2020-12-29T01:31:02+00:00","og_image":[{"width":712,"height":474,"url":"https:\/\/soclose.mx\/blog\/wp-content\/uploads\/2020\/06\/michelle-portadabuena.jpg","type":"image\/jpeg"}],"author":"So Close","twitter_card":"summary_large_image","twitter_misc":{"Escrito por":"So Close","Tiempo de lectura":"4 minutos"},"schema":{"@context":"https:\/\/schema.org","@graph":[{"@type":"Article","@id":"https:\/\/soclose.mx\/blog\/ay-goeeee\/carta-de-alumbramiento-para-ls-ena-morads\/#article","isPartOf":{"@id":"https:\/\/soclose.mx\/blog\/ay-goeeee\/carta-de-alumbramiento-para-ls-ena-morads\/"},"author":{"name":"So Close","@id":"https:\/\/soclose.mx\/blog\/#\/schema\/person\/723eb117ab965b55c3e56b5d29751667"},"headline":"Carta de alumbramiento para l@s ena-morad@s","datePublished":"2020-06-10T01:25:01+00:00","dateModified":"2020-12-29T01:31:02+00:00","mainEntityOfPage":{"@id":"https:\/\/soclose.mx\/blog\/ay-goeeee\/carta-de-alumbramiento-para-ls-ena-morads\/"},"wordCount":724,"commentCount":0,"publisher":{"@id":"https:\/\/soclose.mx\/blog\/#organization"},"image":{"@id":"https:\/\/soclose.mx\/blog\/ay-goeeee\/carta-de-alumbramiento-para-ls-ena-morads\/#primaryimage"},"thumbnailUrl":"https:\/\/i0.wp.com\/soclose.mx\/blog\/wp-content\/uploads\/2020\/06\/michelle-portadabuena.jpg?fit=712%2C474&ssl=1","keywords":["amor","ansiedad","depresion","emociones","paz","sentimiento"],"articleSection":["\u00a1Ay goeeee!"],"inLanguage":"es","potentialAction":[{"@type":"CommentAction","name":"Comment","target":["https:\/\/soclose.mx\/blog\/ay-goeeee\/carta-de-alumbramiento-para-ls-ena-morads\/#respond"]}]},{"@type":"WebPage","@id":"https:\/\/soclose.mx\/blog\/ay-goeeee\/carta-de-alumbramiento-para-ls-ena-morads\/","url":"https:\/\/soclose.mx\/blog\/ay-goeeee\/carta-de-alumbramiento-para-ls-ena-morads\/","name":"Carta de alumbramiento para l@s ena-morad@s - So Close","isPartOf":{"@id":"https:\/\/soclose.mx\/blog\/#website"},"primaryImageOfPage":{"@id":"https:\/\/soclose.mx\/blog\/ay-goeeee\/carta-de-alumbramiento-para-ls-ena-morads\/#primaryimage"},"image":{"@id":"https:\/\/soclose.mx\/blog\/ay-goeeee\/carta-de-alumbramiento-para-ls-ena-morads\/#primaryimage"},"thumbnailUrl":"https:\/\/i0.wp.com\/soclose.mx\/blog\/wp-content\/uploads\/2020\/06\/michelle-portadabuena.jpg?fit=712%2C474&ssl=1","datePublished":"2020-06-10T01:25:01+00:00","dateModified":"2020-12-29T01:31:02+00:00","breadcrumb":{"@id":"https:\/\/soclose.mx\/blog\/ay-goeeee\/carta-de-alumbramiento-para-ls-ena-morads\/#breadcrumb"},"inLanguage":"es","potentialAction":[{"@type":"ReadAction","target":["https:\/\/soclose.mx\/blog\/ay-goeeee\/carta-de-alumbramiento-para-ls-ena-morads\/"]}]},{"@type":"ImageObject","inLanguage":"es","@id":"https:\/\/soclose.mx\/blog\/ay-goeeee\/carta-de-alumbramiento-para-ls-ena-morads\/#primaryimage","url":"https:\/\/i0.wp.com\/soclose.mx\/blog\/wp-content\/uploads\/2020\/06\/michelle-portadabuena.jpg?fit=712%2C474&ssl=1","contentUrl":"https:\/\/i0.wp.com\/soclose.mx\/blog\/wp-content\/uploads\/2020\/06\/michelle-portadabuena.jpg?fit=712%2C474&ssl=1","width":712,"height":474},{"@type":"BreadcrumbList","@id":"https:\/\/soclose.mx\/blog\/ay-goeeee\/carta-de-alumbramiento-para-ls-ena-morads\/#breadcrumb","itemListElement":[{"@type":"ListItem","position":1,"name":"Inicio","item":"https:\/\/soclose.mx\/blog\/"},{"@type":"ListItem","position":2,"name":"Carta de alumbramiento para l@s ena-morad@s"}]},{"@type":"WebSite","@id":"https:\/\/soclose.mx\/blog\/#website","url":"https:\/\/soclose.mx\/blog\/","name":"So Close","description":"Hacemos contenidos de M\u00e9xico","publisher":{"@id":"https:\/\/soclose.mx\/blog\/#organization"},"potentialAction":[{"@type":"SearchAction","target":{"@type":"EntryPoint","urlTemplate":"https:\/\/soclose.mx\/blog\/?s={search_term_string}"},"query-input":{"@type":"PropertyValueSpecification","valueRequired":true,"valueName":"search_term_string"}}],"inLanguage":"es"},{"@type":"Organization","@id":"https:\/\/soclose.mx\/blog\/#organization","name":"So Close","url":"https:\/\/soclose.mx\/blog\/","logo":{"@type":"ImageObject","inLanguage":"es","@id":"https:\/\/soclose.mx\/blog\/#\/schema\/logo\/image\/","url":"https:\/\/i0.wp.com\/soclose.mx\/blog\/wp-content\/uploads\/2020\/12\/LOGO_SOCLOSE_COLOR-e1608310133507.png?fit=2858%2C1264&ssl=1","contentUrl":"https:\/\/i0.wp.com\/soclose.mx\/blog\/wp-content\/uploads\/2020\/12\/LOGO_SOCLOSE_COLOR-e1608310133507.png?fit=2858%2C1264&ssl=1","width":2858,"height":1264,"caption":"So Close"},"image":{"@id":"https:\/\/soclose.mx\/blog\/#\/schema\/logo\/image\/"}},{"@type":"Person","@id":"https:\/\/soclose.mx\/blog\/#\/schema\/person\/723eb117ab965b55c3e56b5d29751667","name":"So Close","image":{"@type":"ImageObject","inLanguage":"es","@id":"https:\/\/soclose.mx\/blog\/#\/schema\/person\/image\/","url":"https:\/\/secure.gravatar.com\/avatar\/5a1d1d694eaf6d2c28f450f0984cbb34821b92dc49c1d088c0250fbc6a48efec?s=96&d=mm&r=g","contentUrl":"https:\/\/secure.gravatar.com\/avatar\/5a1d1d694eaf6d2c28f450f0984cbb34821b92dc49c1d088c0250fbc6a48efec?s=96&d=mm&r=g","caption":"So Close"},"sameAs":["http:\/\/www.soclose.mx","https:\/\/www.youtube.com\/@soclosemx"],"url":"https:\/\/soclose.mx\/blog\/author\/admin\/"}]}},"jetpack_featured_media_url":"https:\/\/i0.wp.com\/soclose.mx\/blog\/wp-content\/uploads\/2020\/06\/michelle-portadabuena.jpg?fit=712%2C474&ssl=1","jetpack-related-posts":[{"id":14874,"url":"https:\/\/soclose.mx\/blog\/ay-goeeee\/10-razones-de-los-mexicanos-para-tener-sexo\/","url_meta":{"origin":5175,"position":0},"title":"10 razones de los mexicanos para tener sexo","author":"So Close","date":"16 julio, 2025","format":false,"excerpt":"La sexualidad es una parte esencial de la vida de los mexicanos, no solo por motivos de placer, sino por su impacto en la salud f\u00edsica, emocional y social. Diversos estudios y encuestas en M\u00e9xico muestran que la mayor\u00eda de las personas otorgan un valor significativo a las relaciones sexuales,\u2026","rel":"","context":"En &quot;\u00a1Ay goeeee!&quot;","block_context":{"text":"\u00a1Ay goeeee!","link":"https:\/\/soclose.mx\/blog\/category\/ay-goeeee\/"},"img":{"alt_text":"","src":"https:\/\/i0.wp.com\/soclose.mx\/blog\/wp-content\/uploads\/2024\/01\/14-de-febrero.jpg?fit=799%2C694&ssl=1&resize=350%2C200","width":350,"height":200,"srcset":"https:\/\/i0.wp.com\/soclose.mx\/blog\/wp-content\/uploads\/2024\/01\/14-de-febrero.jpg?fit=799%2C694&ssl=1&resize=350%2C200 1x, https:\/\/i0.wp.com\/soclose.mx\/blog\/wp-content\/uploads\/2024\/01\/14-de-febrero.jpg?fit=799%2C694&ssl=1&resize=525%2C300 1.5x, https:\/\/i0.wp.com\/soclose.mx\/blog\/wp-content\/uploads\/2024\/01\/14-de-febrero.jpg?fit=799%2C694&ssl=1&resize=700%2C400 2x"},"classes":[]},{"id":8254,"url":"https:\/\/soclose.mx\/blog\/lugares\/6-datos-del-museo-archivo-de-la-fotografia\/","url_meta":{"origin":5175,"position":1},"title":"6 datos del Museo Archivo de la Fotograf\u00eda","author":"Miguel Angel Romero","date":"13 enero, 2022","format":false,"excerpt":"El\u00a0Museo Archivo de la Fotograf\u00eda, este 2022, cumple 15 a\u00f1os de vida, es un hermoso recinto ubicado en un antiguo edificio del Centro Hist\u00f3rico de la Ciudad de M\u00e9xico, y por eso te compartimos unos datos dignos de festejarse. Fue conocido antiguamente como Casa de las Ajaracas, el edificio fue\u2026","rel":"","context":"En &quot;\u00a1Ay goeeee!&quot;","block_context":{"text":"\u00a1Ay goeeee!","link":"https:\/\/soclose.mx\/blog\/category\/ay-goeeee\/"},"img":{"alt_text":"","src":"https:\/\/i0.wp.com\/soclose.mx\/blog\/wp-content\/uploads\/2021\/12\/Copia-de-Principal-So-Close-blog-2-11.png?fit=1200%2C677&ssl=1&resize=350%2C200","width":350,"height":200,"srcset":"https:\/\/i0.wp.com\/soclose.mx\/blog\/wp-content\/uploads\/2021\/12\/Copia-de-Principal-So-Close-blog-2-11.png?fit=1200%2C677&ssl=1&resize=350%2C200 1x, https:\/\/i0.wp.com\/soclose.mx\/blog\/wp-content\/uploads\/2021\/12\/Copia-de-Principal-So-Close-blog-2-11.png?fit=1200%2C677&ssl=1&resize=525%2C300 1.5x, https:\/\/i0.wp.com\/soclose.mx\/blog\/wp-content\/uploads\/2021\/12\/Copia-de-Principal-So-Close-blog-2-11.png?fit=1200%2C677&ssl=1&resize=700%2C400 2x, https:\/\/i0.wp.com\/soclose.mx\/blog\/wp-content\/uploads\/2021\/12\/Copia-de-Principal-So-Close-blog-2-11.png?fit=1200%2C677&ssl=1&resize=1050%2C600 3x"},"classes":[]},{"id":6046,"url":"https:\/\/soclose.mx\/blog\/lugares\/7-razones-por-las-que-el-patrick-miller-no-debe-morir\/","url_meta":{"origin":5175,"position":2},"title":"7 razones por las que el Patrick Miller no debe morir","author":"So Close","date":"13 mayo, 2021","format":false,"excerpt":"Por Manolo RoCa Sin duda, M\u00e9xico es cultura, historia, costumbres y buena comida, pero tambi\u00e9n es colores y mucho baile, y el Patrick Miller, esa inolvidable \"bodega\" en la que la m\u00fasica ochentera y noventera hac\u00eda vibrar hasta a las generaciones m\u00e1s j\u00f3venes, era y deber\u00eda seguir siendo el templo\u2026","rel":"","context":"En &quot;Lugares&quot;","block_context":{"text":"Lugares","link":"https:\/\/soclose.mx\/blog\/category\/lugares\/"},"img":{"alt_text":"","src":"https:\/\/i0.wp.com\/soclose.mx\/blog\/wp-content\/uploads\/2021\/05\/escenario-patrick-miller.jpeg?fit=1200%2C677&ssl=1&resize=350%2C200","width":350,"height":200,"srcset":"https:\/\/i0.wp.com\/soclose.mx\/blog\/wp-content\/uploads\/2021\/05\/escenario-patrick-miller.jpeg?fit=1200%2C677&ssl=1&resize=350%2C200 1x, https:\/\/i0.wp.com\/soclose.mx\/blog\/wp-content\/uploads\/2021\/05\/escenario-patrick-miller.jpeg?fit=1200%2C677&ssl=1&resize=525%2C300 1.5x, https:\/\/i0.wp.com\/soclose.mx\/blog\/wp-content\/uploads\/2021\/05\/escenario-patrick-miller.jpeg?fit=1200%2C677&ssl=1&resize=700%2C400 2x, https:\/\/i0.wp.com\/soclose.mx\/blog\/wp-content\/uploads\/2021\/05\/escenario-patrick-miller.jpeg?fit=1200%2C677&ssl=1&resize=1050%2C600 3x"},"classes":[]},{"id":5288,"url":"https:\/\/soclose.mx\/blog\/ay-goeeee\/rosy-linares-la-fotoperiodista-de-dos-corazones\/","url_meta":{"origin":5175,"position":3},"title":"Rosy Linares, la incansable fotoperiodista de dos corazones","author":"Manolo RoCa","date":"6 septiembre, 2020","format":false,"excerpt":"Por Manolo RoCa Hay d\u00edas en los que me quejo de lo que siento, de lo que me falta, de lo que no hago, de \"N\" cantidad de pensamientos, s\u00ed de esos que te susurran y te distraen lo suficiente como para dejar de vivir al cien, pero uno de\u2026","rel":"","context":"En &quot;\u00a1Ay goeeee!&quot;","block_context":{"text":"\u00a1Ay goeeee!","link":"https:\/\/soclose.mx\/blog\/category\/ay-goeeee\/"},"img":{"alt_text":"","src":"https:\/\/i0.wp.com\/soclose.mx\/blog\/wp-content\/uploads\/2020\/07\/72112555_10220590445932546_2768364463907143680_o.jpg?fit=960%2C640&ssl=1&resize=350%2C200","width":350,"height":200,"srcset":"https:\/\/i0.wp.com\/soclose.mx\/blog\/wp-content\/uploads\/2020\/07\/72112555_10220590445932546_2768364463907143680_o.jpg?fit=960%2C640&ssl=1&resize=350%2C200 1x, https:\/\/i0.wp.com\/soclose.mx\/blog\/wp-content\/uploads\/2020\/07\/72112555_10220590445932546_2768364463907143680_o.jpg?fit=960%2C640&ssl=1&resize=525%2C300 1.5x, https:\/\/i0.wp.com\/soclose.mx\/blog\/wp-content\/uploads\/2020\/07\/72112555_10220590445932546_2768364463907143680_o.jpg?fit=960%2C640&ssl=1&resize=700%2C400 2x"},"classes":[]},{"id":15018,"url":"https:\/\/soclose.mx\/blog\/ay-goeeee\/juan-rulfo-y-las-mujeres-en-sus-cuentos\/","url_meta":{"origin":5175,"position":4},"title":"Juan Rulfo y las mujeres en sus cuentos","author":"So Close","date":"7 enero, 2026","format":false,"excerpt":"\u00bfTe has puesto a pensar c\u00f3mo Juan Rulfo y las mujeres en sus cuentos reflejaron a M\u00e9xico? Lo hizo con realidad, con su crudeza po\u00e9tica que te deja pensando d\u00edas enteros. En Pedro P\u00e1ramo y El llano en llamas, las hace reales: madres que cargan con todo, amantes inalcanzables y\u2026","rel":"","context":"En &quot;\u00a1Ay goeeee!&quot;","block_context":{"text":"\u00a1Ay goeeee!","link":"https:\/\/soclose.mx\/blog\/category\/ay-goeeee\/"},"img":{"alt_text":"Juan Rulfo","src":"https:\/\/i0.wp.com\/soclose.mx\/blog\/wp-content\/uploads\/2026\/01\/Juan-Rulfo.jpg?fit=1200%2C675&ssl=1&resize=350%2C200","width":350,"height":200,"srcset":"https:\/\/i0.wp.com\/soclose.mx\/blog\/wp-content\/uploads\/2026\/01\/Juan-Rulfo.jpg?fit=1200%2C675&ssl=1&resize=350%2C200 1x, https:\/\/i0.wp.com\/soclose.mx\/blog\/wp-content\/uploads\/2026\/01\/Juan-Rulfo.jpg?fit=1200%2C675&ssl=1&resize=525%2C300 1.5x, https:\/\/i0.wp.com\/soclose.mx\/blog\/wp-content\/uploads\/2026\/01\/Juan-Rulfo.jpg?fit=1200%2C675&ssl=1&resize=700%2C400 2x, https:\/\/i0.wp.com\/soclose.mx\/blog\/wp-content\/uploads\/2026\/01\/Juan-Rulfo.jpg?fit=1200%2C675&ssl=1&resize=1050%2C600 3x"},"classes":[]},{"id":10612,"url":"https:\/\/soclose.mx\/blog\/ay-goeeee\/la-prifiesta-chica-festeja-su-cumpleanos-tematico-del-partido-politico\/","url_meta":{"origin":5175,"position":5},"title":"\u00a1La PRIfiesta! Chica festeja su cumplea\u00f1os tem\u00e1tico del partido pol\u00edtico","author":"Daniel Ram\u00edrez","date":"15 julio, 2022","format":false,"excerpt":"Nuestro Lord Pe\u00f1a Nieto nos hizo muy felices durante su sexenio porque nos regal\u00f3 momentos \u00e9picos para volverlos memes, pero no tenemos buenos recuerdos de otros presidentes salidos del PRI. Eso poco le import\u00f3 a una chica, quien celebr\u00f3 su cumplea\u00f1os de una forma muy sui generis y poco le\u2026","rel":"","context":"En &quot;\u00a1Ay goeeee!&quot;","block_context":{"text":"\u00a1Ay goeeee!","link":"https:\/\/soclose.mx\/blog\/category\/ay-goeeee\/"},"img":{"alt_text":"","src":"https:\/\/i0.wp.com\/soclose.mx\/blog\/wp-content\/uploads\/2022\/07\/pri.png?fit=638%2C481&ssl=1&resize=350%2C200","width":350,"height":200,"srcset":"https:\/\/i0.wp.com\/soclose.mx\/blog\/wp-content\/uploads\/2022\/07\/pri.png?fit=638%2C481&ssl=1&resize=350%2C200 1x, https:\/\/i0.wp.com\/soclose.mx\/blog\/wp-content\/uploads\/2022\/07\/pri.png?fit=638%2C481&ssl=1&resize=525%2C300 1.5x"},"classes":[]}],"jetpack_sharing_enabled":true,"_links":{"self":[{"href":"https:\/\/soclose.mx\/blog\/wp-json\/wp\/v2\/posts\/5175","targetHints":{"allow":["GET"]}}],"collection":[{"href":"https:\/\/soclose.mx\/blog\/wp-json\/wp\/v2\/posts"}],"about":[{"href":"https:\/\/soclose.mx\/blog\/wp-json\/wp\/v2\/types\/post"}],"author":[{"embeddable":true,"href":"https:\/\/soclose.mx\/blog\/wp-json\/wp\/v2\/users\/1"}],"replies":[{"embeddable":true,"href":"https:\/\/soclose.mx\/blog\/wp-json\/wp\/v2\/comments?post=5175"}],"version-history":[{"count":0,"href":"https:\/\/soclose.mx\/blog\/wp-json\/wp\/v2\/posts\/5175\/revisions"}],"wp:featuredmedia":[{"embeddable":true,"href":"https:\/\/soclose.mx\/blog\/wp-json\/wp\/v2\/media\/5185"}],"wp:attachment":[{"href":"https:\/\/soclose.mx\/blog\/wp-json\/wp\/v2\/media?parent=5175"}],"wp:term":[{"taxonomy":"category","embeddable":true,"href":"https:\/\/soclose.mx\/blog\/wp-json\/wp\/v2\/categories?post=5175"},{"taxonomy":"post_tag","embeddable":true,"href":"https:\/\/soclose.mx\/blog\/wp-json\/wp\/v2\/tags?post=5175"}],"curies":[{"name":"wp","href":"https:\/\/api.w.org\/{rel}","templated":true}]}}