{"id":5279,"date":"2020-07-14T19:05:58","date_gmt":"2020-07-15T01:05:58","guid":{"rendered":"https:\/\/soclose.mx\/wp\/?p=5279"},"modified":"2020-12-09T21:10:11","modified_gmt":"2020-12-10T03:10:11","slug":"vente-al-recorrido-virtual-por-el-museo-de-arte-indigena-contemporaneo","status":"publish","type":"post","link":"https:\/\/soclose.mx\/blog\/lugares\/vente-al-recorrido-virtual-por-el-museo-de-arte-indigena-contemporaneo\/","title":{"rendered":"\u00a1Vente! al recorrido virtual por el Museo de Arte Ind\u00edgena Contempor\u00e1neo"},"content":{"rendered":"<p>\u00bfQui\u00e9n dijo que no podemos disfrutar de las maravillas de nuestro M\u00e9xico sin salir de casa?<br \/>\nEl <strong>Museo de Arte Ind\u00edgena Contempor\u00e1neo <\/strong>nos da la oportunidad de disfrutar las piezas de diversos artistas de nuestro pa\u00eds sin necesidad de que salgas de casa.<\/p>\n<blockquote><p>De acuerdo con el sitio de la Secretar\u00eda de Cultura del gobierno federal, el &#8220;<strong>Museo de Arte Ind\u00edgena Contempor\u00e1neo<\/strong> alberga obras de <strong>12 etnias de M\u00e9xico: rar\u00e1muri, yoreme, yaqui, pur\u00e9pecha, huichol, mazahua, otom\u00ed o \u00f1a\u00f1u, nahua, mixteca, tzotzil, zeltal y zapoteca<\/strong>, adem\u00e1s de un espacio dedicado a comunidad cultural de Mata Ort\u00edz y otro m\u00e1s a los pueblos de Morelos. Se pueden apreciar textiles, alfarer\u00eda, tallados en madera y cer\u00e1mica, piezas de autor \u00fanicas, contempor\u00e1neas, din\u00e1micas y futuristas.&#8221;<\/p><\/blockquote>\n<h1>\u00a1\u00a1\u00a1Disfr\u00fatalo!!!<\/h1>\n<p><iframe loading=\"lazy\" style=\"border: 0;\" tabindex=\"0\" src=\"https:\/\/www.google.com\/maps\/embed?pb=!4v1594772693389!6m8!1m7!1sYzzfPwwIWI3yLwps_FFfYw!2m2!1d18.92131213153238!2d-99.23802148606757!3f79.69!4f11.540000000000006!5f0.7820865974627469\" width=\"600\" height=\"450\" frameborder=\"0\" allowfullscreen=\"allowfullscreen\" aria-hidden=\"false\"><\/iframe><\/p>\n","protected":false},"excerpt":{"rendered":"<p>\u00bfQui\u00e9n dijo que no podemos disfrutar de las maravillas de nuestro M\u00e9xico sin salir de casa? El Museo de Arte Ind\u00edgena Contempor\u00e1neo nos da la oportunidad de disfrutar las piezas de diversos artistas de nuestro pa\u00eds sin necesidad de que salgas de casa. De acuerdo con el sitio de la Secretar\u00eda de Cultura del gobierno federal, el &#8220;Museo de Arte Ind\u00edgena Contempor\u00e1neo alberga obras de 12 etnias de M\u00e9xico: rar\u00e1muri, yoreme, yaqui, pur\u00e9pecha, huichol, mazahua, otom\u00ed o \u00f1a\u00f1u, nahua, mixteca, tzotzil, zeltal y zapoteca, adem\u00e1s de un espacio dedicado a comunidad cultural de Mata Ort\u00edz y otro m\u00e1s a los<\/p>\n","protected":false},"author":1,"featured_media":5282,"comment_status":"open","ping_status":"open","sticky":false,"template":"","format":"standard","meta":{"_jetpack_memberships_contains_paid_content":false,"footnotes":""},"categories":[3],"tags":[571,570],"class_list":["post-5279","post","type-post","status-publish","format-standard","has-post-thumbnail","hentry","category-lugares","tag-museo-arte-indigena-contemporaneo","tag-recorrido-virtual"],"yoast_head":"<!-- This site is optimized with the Yoast SEO plugin v26.7 - https:\/\/yoast.com\/wordpress\/plugins\/seo\/ -->\n<title>\u00a1Vente! al recorrido virtual por el Museo de Arte Ind\u00edgena Contempor\u00e1neo - So Close<\/title>\n<meta name=\"robots\" content=\"index, follow, max-snippet:-1, max-image-preview:large, max-video-preview:-1\" \/>\n<link rel=\"canonical\" href=\"https:\/\/soclose.mx\/blog\/lugares\/vente-al-recorrido-virtual-por-el-museo-de-arte-indigena-contemporaneo\/\" \/>\n<meta property=\"og:locale\" content=\"es_MX\" \/>\n<meta property=\"og:type\" content=\"article\" \/>\n<meta property=\"og:title\" content=\"\u00a1Vente! al recorrido virtual por el Museo de Arte Ind\u00edgena Contempor\u00e1neo - So Close\" \/>\n<meta property=\"og:description\" content=\"\u00bfQui\u00e9n dijo que no podemos disfrutar de las maravillas de nuestro M\u00e9xico sin salir de casa? El Museo de Arte Ind\u00edgena Contempor\u00e1neo nos da la oportunidad de disfrutar las piezas de diversos artistas de nuestro pa\u00eds sin necesidad de que salgas de casa. De acuerdo con el sitio de la Secretar\u00eda de Cultura del gobierno federal, el &#8220;Museo de Arte Ind\u00edgena Contempor\u00e1neo alberga obras de 12 etnias de M\u00e9xico: rar\u00e1muri, yoreme, yaqui, pur\u00e9pecha, huichol, mazahua, otom\u00ed o \u00f1a\u00f1u, nahua, mixteca, tzotzil, zeltal y zapoteca, adem\u00e1s de un espacio dedicado a comunidad cultural de Mata Ort\u00edz y otro m\u00e1s a los\" \/>\n<meta property=\"og:url\" content=\"https:\/\/soclose.mx\/blog\/lugares\/vente-al-recorrido-virtual-por-el-museo-de-arte-indigena-contemporaneo\/\" \/>\n<meta property=\"og:site_name\" content=\"So Close\" \/>\n<meta property=\"article:published_time\" content=\"2020-07-15T01:05:58+00:00\" \/>\n<meta property=\"article:modified_time\" content=\"2020-12-10T03:10:11+00:00\" \/>\n<meta property=\"og:image\" content=\"https:\/\/i0.wp.com\/soclose.mx\/blog\/wp-content\/uploads\/2020\/07\/800px-Jaguar_-_Museo_de_Arte_Indi\u0301gena_Contempora\u0301neo.jpg?fit=800%2C532&ssl=1\" \/>\n\t<meta property=\"og:image:width\" content=\"800\" \/>\n\t<meta property=\"og:image:height\" content=\"532\" \/>\n\t<meta property=\"og:image:type\" content=\"image\/jpeg\" \/>\n<meta name=\"author\" content=\"So Close\" \/>\n<meta name=\"twitter:card\" content=\"summary_large_image\" \/>\n<meta name=\"twitter:label1\" content=\"Escrito por\" \/>\n\t<meta name=\"twitter:data1\" content=\"So Close\" \/>\n\t<meta name=\"twitter:label2\" content=\"Tiempo de lectura\" \/>\n\t<meta name=\"twitter:data2\" content=\"1 minuto\" \/>\n<script type=\"application\/ld+json\" class=\"yoast-schema-graph\">{\"@context\":\"https:\/\/schema.org\",\"@graph\":[{\"@type\":\"Article\",\"@id\":\"https:\/\/soclose.mx\/blog\/lugares\/vente-al-recorrido-virtual-por-el-museo-de-arte-indigena-contemporaneo\/#article\",\"isPartOf\":{\"@id\":\"https:\/\/soclose.mx\/blog\/lugares\/vente-al-recorrido-virtual-por-el-museo-de-arte-indigena-contemporaneo\/\"},\"author\":{\"name\":\"So Close\",\"@id\":\"https:\/\/soclose.mx\/blog\/#\/schema\/person\/723eb117ab965b55c3e56b5d29751667\"},\"headline\":\"\u00a1Vente! al recorrido virtual por el Museo de Arte Ind\u00edgena Contempor\u00e1neo\",\"datePublished\":\"2020-07-15T01:05:58+00:00\",\"dateModified\":\"2020-12-10T03:10:11+00:00\",\"mainEntityOfPage\":{\"@id\":\"https:\/\/soclose.mx\/blog\/lugares\/vente-al-recorrido-virtual-por-el-museo-de-arte-indigena-contemporaneo\/\"},\"wordCount\":154,\"commentCount\":0,\"publisher\":{\"@id\":\"https:\/\/soclose.mx\/blog\/#organization\"},\"image\":{\"@id\":\"https:\/\/soclose.mx\/blog\/lugares\/vente-al-recorrido-virtual-por-el-museo-de-arte-indigena-contemporaneo\/#primaryimage\"},\"thumbnailUrl\":\"https:\/\/i0.wp.com\/soclose.mx\/blog\/wp-content\/uploads\/2020\/07\/800px-Jaguar_-_Museo_de_Arte_Indi%CC%81gena_Contempora%CC%81neo.jpg?fit=800%2C532&ssl=1\",\"keywords\":[\"museo arte indigena contemporaneo\",\"recorrido virtual\"],\"articleSection\":[\"Lugares\"],\"inLanguage\":\"es\",\"potentialAction\":[{\"@type\":\"CommentAction\",\"name\":\"Comment\",\"target\":[\"https:\/\/soclose.mx\/blog\/lugares\/vente-al-recorrido-virtual-por-el-museo-de-arte-indigena-contemporaneo\/#respond\"]}]},{\"@type\":\"WebPage\",\"@id\":\"https:\/\/soclose.mx\/blog\/lugares\/vente-al-recorrido-virtual-por-el-museo-de-arte-indigena-contemporaneo\/\",\"url\":\"https:\/\/soclose.mx\/blog\/lugares\/vente-al-recorrido-virtual-por-el-museo-de-arte-indigena-contemporaneo\/\",\"name\":\"\u00a1Vente! al recorrido virtual por el Museo de Arte Ind\u00edgena Contempor\u00e1neo - So Close\",\"isPartOf\":{\"@id\":\"https:\/\/soclose.mx\/blog\/#website\"},\"primaryImageOfPage\":{\"@id\":\"https:\/\/soclose.mx\/blog\/lugares\/vente-al-recorrido-virtual-por-el-museo-de-arte-indigena-contemporaneo\/#primaryimage\"},\"image\":{\"@id\":\"https:\/\/soclose.mx\/blog\/lugares\/vente-al-recorrido-virtual-por-el-museo-de-arte-indigena-contemporaneo\/#primaryimage\"},\"thumbnailUrl\":\"https:\/\/i0.wp.com\/soclose.mx\/blog\/wp-content\/uploads\/2020\/07\/800px-Jaguar_-_Museo_de_Arte_Indi%CC%81gena_Contempora%CC%81neo.jpg?fit=800%2C532&ssl=1\",\"datePublished\":\"2020-07-15T01:05:58+00:00\",\"dateModified\":\"2020-12-10T03:10:11+00:00\",\"breadcrumb\":{\"@id\":\"https:\/\/soclose.mx\/blog\/lugares\/vente-al-recorrido-virtual-por-el-museo-de-arte-indigena-contemporaneo\/#breadcrumb\"},\"inLanguage\":\"es\",\"potentialAction\":[{\"@type\":\"ReadAction\",\"target\":[\"https:\/\/soclose.mx\/blog\/lugares\/vente-al-recorrido-virtual-por-el-museo-de-arte-indigena-contemporaneo\/\"]}]},{\"@type\":\"ImageObject\",\"inLanguage\":\"es\",\"@id\":\"https:\/\/soclose.mx\/blog\/lugares\/vente-al-recorrido-virtual-por-el-museo-de-arte-indigena-contemporaneo\/#primaryimage\",\"url\":\"https:\/\/i0.wp.com\/soclose.mx\/blog\/wp-content\/uploads\/2020\/07\/800px-Jaguar_-_Museo_de_Arte_Indi%CC%81gena_Contempora%CC%81neo.jpg?fit=800%2C532&ssl=1\",\"contentUrl\":\"https:\/\/i0.wp.com\/soclose.mx\/blog\/wp-content\/uploads\/2020\/07\/800px-Jaguar_-_Museo_de_Arte_Indi%CC%81gena_Contempora%CC%81neo.jpg?fit=800%2C532&ssl=1\",\"width\":800,\"height\":532},{\"@type\":\"BreadcrumbList\",\"@id\":\"https:\/\/soclose.mx\/blog\/lugares\/vente-al-recorrido-virtual-por-el-museo-de-arte-indigena-contemporaneo\/#breadcrumb\",\"itemListElement\":[{\"@type\":\"ListItem\",\"position\":1,\"name\":\"Inicio\",\"item\":\"https:\/\/soclose.mx\/blog\/\"},{\"@type\":\"ListItem\",\"position\":2,\"name\":\"\u00a1Vente! al recorrido virtual por el Museo de Arte Ind\u00edgena Contempor\u00e1neo\"}]},{\"@type\":\"WebSite\",\"@id\":\"https:\/\/soclose.mx\/blog\/#website\",\"url\":\"https:\/\/soclose.mx\/blog\/\",\"name\":\"So Close\",\"description\":\"Hacemos contenidos de M\u00e9xico\",\"publisher\":{\"@id\":\"https:\/\/soclose.mx\/blog\/#organization\"},\"potentialAction\":[{\"@type\":\"SearchAction\",\"target\":{\"@type\":\"EntryPoint\",\"urlTemplate\":\"https:\/\/soclose.mx\/blog\/?s={search_term_string}\"},\"query-input\":{\"@type\":\"PropertyValueSpecification\",\"valueRequired\":true,\"valueName\":\"search_term_string\"}}],\"inLanguage\":\"es\"},{\"@type\":\"Organization\",\"@id\":\"https:\/\/soclose.mx\/blog\/#organization\",\"name\":\"So Close\",\"url\":\"https:\/\/soclose.mx\/blog\/\",\"logo\":{\"@type\":\"ImageObject\",\"inLanguage\":\"es\",\"@id\":\"https:\/\/soclose.mx\/blog\/#\/schema\/logo\/image\/\",\"url\":\"https:\/\/i0.wp.com\/soclose.mx\/blog\/wp-content\/uploads\/2020\/12\/LOGO_SOCLOSE_COLOR-e1608310133507.png?fit=2858%2C1264&ssl=1\",\"contentUrl\":\"https:\/\/i0.wp.com\/soclose.mx\/blog\/wp-content\/uploads\/2020\/12\/LOGO_SOCLOSE_COLOR-e1608310133507.png?fit=2858%2C1264&ssl=1\",\"width\":2858,\"height\":1264,\"caption\":\"So Close\"},\"image\":{\"@id\":\"https:\/\/soclose.mx\/blog\/#\/schema\/logo\/image\/\"}},{\"@type\":\"Person\",\"@id\":\"https:\/\/soclose.mx\/blog\/#\/schema\/person\/723eb117ab965b55c3e56b5d29751667\",\"name\":\"So Close\",\"image\":{\"@type\":\"ImageObject\",\"inLanguage\":\"es\",\"@id\":\"https:\/\/soclose.mx\/blog\/#\/schema\/person\/image\/\",\"url\":\"https:\/\/secure.gravatar.com\/avatar\/5a1d1d694eaf6d2c28f450f0984cbb34821b92dc49c1d088c0250fbc6a48efec?s=96&d=mm&r=g\",\"contentUrl\":\"https:\/\/secure.gravatar.com\/avatar\/5a1d1d694eaf6d2c28f450f0984cbb34821b92dc49c1d088c0250fbc6a48efec?s=96&d=mm&r=g\",\"caption\":\"So Close\"},\"sameAs\":[\"http:\/\/www.soclose.mx\",\"https:\/\/www.youtube.com\/@soclosemx\"],\"url\":\"https:\/\/soclose.mx\/blog\/author\/admin\/\"}]}<\/script>\n<!-- \/ Yoast SEO plugin. -->","yoast_head_json":{"title":"\u00a1Vente! al recorrido virtual por el Museo de Arte Ind\u00edgena Contempor\u00e1neo - So Close","robots":{"index":"index","follow":"follow","max-snippet":"max-snippet:-1","max-image-preview":"max-image-preview:large","max-video-preview":"max-video-preview:-1"},"canonical":"https:\/\/soclose.mx\/blog\/lugares\/vente-al-recorrido-virtual-por-el-museo-de-arte-indigena-contemporaneo\/","og_locale":"es_MX","og_type":"article","og_title":"\u00a1Vente! al recorrido virtual por el Museo de Arte Ind\u00edgena Contempor\u00e1neo - So Close","og_description":"\u00bfQui\u00e9n dijo que no podemos disfrutar de las maravillas de nuestro M\u00e9xico sin salir de casa? El Museo de Arte Ind\u00edgena Contempor\u00e1neo nos da la oportunidad de disfrutar las piezas de diversos artistas de nuestro pa\u00eds sin necesidad de que salgas de casa. De acuerdo con el sitio de la Secretar\u00eda de Cultura del gobierno federal, el &#8220;Museo de Arte Ind\u00edgena Contempor\u00e1neo alberga obras de 12 etnias de M\u00e9xico: rar\u00e1muri, yoreme, yaqui, pur\u00e9pecha, huichol, mazahua, otom\u00ed o \u00f1a\u00f1u, nahua, mixteca, tzotzil, zeltal y zapoteca, adem\u00e1s de un espacio dedicado a comunidad cultural de Mata Ort\u00edz y otro m\u00e1s a los","og_url":"https:\/\/soclose.mx\/blog\/lugares\/vente-al-recorrido-virtual-por-el-museo-de-arte-indigena-contemporaneo\/","og_site_name":"So Close","article_published_time":"2020-07-15T01:05:58+00:00","article_modified_time":"2020-12-10T03:10:11+00:00","og_image":[{"width":800,"height":532,"url":"https:\/\/i0.wp.com\/soclose.mx\/blog\/wp-content\/uploads\/2020\/07\/800px-Jaguar_-_Museo_de_Arte_Indi\u0301gena_Contempora\u0301neo.jpg?fit=800%2C532&ssl=1","type":"image\/jpeg"}],"author":"So Close","twitter_card":"summary_large_image","twitter_misc":{"Escrito por":"So Close","Tiempo de lectura":"1 minuto"},"schema":{"@context":"https:\/\/schema.org","@graph":[{"@type":"Article","@id":"https:\/\/soclose.mx\/blog\/lugares\/vente-al-recorrido-virtual-por-el-museo-de-arte-indigena-contemporaneo\/#article","isPartOf":{"@id":"https:\/\/soclose.mx\/blog\/lugares\/vente-al-recorrido-virtual-por-el-museo-de-arte-indigena-contemporaneo\/"},"author":{"name":"So Close","@id":"https:\/\/soclose.mx\/blog\/#\/schema\/person\/723eb117ab965b55c3e56b5d29751667"},"headline":"\u00a1Vente! al recorrido virtual por el Museo de Arte Ind\u00edgena Contempor\u00e1neo","datePublished":"2020-07-15T01:05:58+00:00","dateModified":"2020-12-10T03:10:11+00:00","mainEntityOfPage":{"@id":"https:\/\/soclose.mx\/blog\/lugares\/vente-al-recorrido-virtual-por-el-museo-de-arte-indigena-contemporaneo\/"},"wordCount":154,"commentCount":0,"publisher":{"@id":"https:\/\/soclose.mx\/blog\/#organization"},"image":{"@id":"https:\/\/soclose.mx\/blog\/lugares\/vente-al-recorrido-virtual-por-el-museo-de-arte-indigena-contemporaneo\/#primaryimage"},"thumbnailUrl":"https:\/\/i0.wp.com\/soclose.mx\/blog\/wp-content\/uploads\/2020\/07\/800px-Jaguar_-_Museo_de_Arte_Indi%CC%81gena_Contempora%CC%81neo.jpg?fit=800%2C532&ssl=1","keywords":["museo arte indigena contemporaneo","recorrido virtual"],"articleSection":["Lugares"],"inLanguage":"es","potentialAction":[{"@type":"CommentAction","name":"Comment","target":["https:\/\/soclose.mx\/blog\/lugares\/vente-al-recorrido-virtual-por-el-museo-de-arte-indigena-contemporaneo\/#respond"]}]},{"@type":"WebPage","@id":"https:\/\/soclose.mx\/blog\/lugares\/vente-al-recorrido-virtual-por-el-museo-de-arte-indigena-contemporaneo\/","url":"https:\/\/soclose.mx\/blog\/lugares\/vente-al-recorrido-virtual-por-el-museo-de-arte-indigena-contemporaneo\/","name":"\u00a1Vente! al recorrido virtual por el Museo de Arte Ind\u00edgena Contempor\u00e1neo - So Close","isPartOf":{"@id":"https:\/\/soclose.mx\/blog\/#website"},"primaryImageOfPage":{"@id":"https:\/\/soclose.mx\/blog\/lugares\/vente-al-recorrido-virtual-por-el-museo-de-arte-indigena-contemporaneo\/#primaryimage"},"image":{"@id":"https:\/\/soclose.mx\/blog\/lugares\/vente-al-recorrido-virtual-por-el-museo-de-arte-indigena-contemporaneo\/#primaryimage"},"thumbnailUrl":"https:\/\/i0.wp.com\/soclose.mx\/blog\/wp-content\/uploads\/2020\/07\/800px-Jaguar_-_Museo_de_Arte_Indi%CC%81gena_Contempora%CC%81neo.jpg?fit=800%2C532&ssl=1","datePublished":"2020-07-15T01:05:58+00:00","dateModified":"2020-12-10T03:10:11+00:00","breadcrumb":{"@id":"https:\/\/soclose.mx\/blog\/lugares\/vente-al-recorrido-virtual-por-el-museo-de-arte-indigena-contemporaneo\/#breadcrumb"},"inLanguage":"es","potentialAction":[{"@type":"ReadAction","target":["https:\/\/soclose.mx\/blog\/lugares\/vente-al-recorrido-virtual-por-el-museo-de-arte-indigena-contemporaneo\/"]}]},{"@type":"ImageObject","inLanguage":"es","@id":"https:\/\/soclose.mx\/blog\/lugares\/vente-al-recorrido-virtual-por-el-museo-de-arte-indigena-contemporaneo\/#primaryimage","url":"https:\/\/i0.wp.com\/soclose.mx\/blog\/wp-content\/uploads\/2020\/07\/800px-Jaguar_-_Museo_de_Arte_Indi%CC%81gena_Contempora%CC%81neo.jpg?fit=800%2C532&ssl=1","contentUrl":"https:\/\/i0.wp.com\/soclose.mx\/blog\/wp-content\/uploads\/2020\/07\/800px-Jaguar_-_Museo_de_Arte_Indi%CC%81gena_Contempora%CC%81neo.jpg?fit=800%2C532&ssl=1","width":800,"height":532},{"@type":"BreadcrumbList","@id":"https:\/\/soclose.mx\/blog\/lugares\/vente-al-recorrido-virtual-por-el-museo-de-arte-indigena-contemporaneo\/#breadcrumb","itemListElement":[{"@type":"ListItem","position":1,"name":"Inicio","item":"https:\/\/soclose.mx\/blog\/"},{"@type":"ListItem","position":2,"name":"\u00a1Vente! al recorrido virtual por el Museo de Arte Ind\u00edgena Contempor\u00e1neo"}]},{"@type":"WebSite","@id":"https:\/\/soclose.mx\/blog\/#website","url":"https:\/\/soclose.mx\/blog\/","name":"So Close","description":"Hacemos contenidos de M\u00e9xico","publisher":{"@id":"https:\/\/soclose.mx\/blog\/#organization"},"potentialAction":[{"@type":"SearchAction","target":{"@type":"EntryPoint","urlTemplate":"https:\/\/soclose.mx\/blog\/?s={search_term_string}"},"query-input":{"@type":"PropertyValueSpecification","valueRequired":true,"valueName":"search_term_string"}}],"inLanguage":"es"},{"@type":"Organization","@id":"https:\/\/soclose.mx\/blog\/#organization","name":"So Close","url":"https:\/\/soclose.mx\/blog\/","logo":{"@type":"ImageObject","inLanguage":"es","@id":"https:\/\/soclose.mx\/blog\/#\/schema\/logo\/image\/","url":"https:\/\/i0.wp.com\/soclose.mx\/blog\/wp-content\/uploads\/2020\/12\/LOGO_SOCLOSE_COLOR-e1608310133507.png?fit=2858%2C1264&ssl=1","contentUrl":"https:\/\/i0.wp.com\/soclose.mx\/blog\/wp-content\/uploads\/2020\/12\/LOGO_SOCLOSE_COLOR-e1608310133507.png?fit=2858%2C1264&ssl=1","width":2858,"height":1264,"caption":"So Close"},"image":{"@id":"https:\/\/soclose.mx\/blog\/#\/schema\/logo\/image\/"}},{"@type":"Person","@id":"https:\/\/soclose.mx\/blog\/#\/schema\/person\/723eb117ab965b55c3e56b5d29751667","name":"So Close","image":{"@type":"ImageObject","inLanguage":"es","@id":"https:\/\/soclose.mx\/blog\/#\/schema\/person\/image\/","url":"https:\/\/secure.gravatar.com\/avatar\/5a1d1d694eaf6d2c28f450f0984cbb34821b92dc49c1d088c0250fbc6a48efec?s=96&d=mm&r=g","contentUrl":"https:\/\/secure.gravatar.com\/avatar\/5a1d1d694eaf6d2c28f450f0984cbb34821b92dc49c1d088c0250fbc6a48efec?s=96&d=mm&r=g","caption":"So Close"},"sameAs":["http:\/\/www.soclose.mx","https:\/\/www.youtube.com\/@soclosemx"],"url":"https:\/\/soclose.mx\/blog\/author\/admin\/"}]}},"jetpack_featured_media_url":"https:\/\/i0.wp.com\/soclose.mx\/blog\/wp-content\/uploads\/2020\/07\/800px-Jaguar_-_Museo_de_Arte_Indi%CC%81gena_Contempora%CC%81neo.jpg?fit=800%2C532&ssl=1","jetpack-related-posts":[{"id":6679,"url":"https:\/\/soclose.mx\/blog\/news-feed\/animalia-la-fauna-en-el-arte-popular-mexicano-muestra-sobre-la-biodiversidad-llega-al-museo-nacional-de-culturas-populares\/","url_meta":{"origin":5279,"position":0},"title":"La muestra &#8220;Animalia. La fauna en el arte popular mexicano\u201d, llega al Museo Nacional de Culturas Populares","author":"So Close","date":"27 julio, 2021","format":false,"excerpt":"\u201cAnimalia. La fauna en el arte popular mexicano\u201d es un recorrido por el reino animal a trav\u00e9s de 48 piezas elaboradas por manos artesanas en barro, metal, madera, fibras vegetales, cart\u00f3n y otros materiales, que provienen de diversas comunidades de Guerrero, Puebla, Chiapas, Veracruz, Oaxaca, Michoac\u00e1n, Baja California, Sonora y\u2026","rel":"","context":"En &quot;News feed&quot;","block_context":{"text":"News feed","link":"https:\/\/soclose.mx\/blog\/category\/news-feed\/"},"img":{"alt_text":"","src":"https:\/\/i0.wp.com\/soclose.mx\/blog\/wp-content\/uploads\/2021\/07\/animalia-muestra-arte-popular.jpeg?fit=1200%2C677&ssl=1&resize=350%2C200","width":350,"height":200,"srcset":"https:\/\/i0.wp.com\/soclose.mx\/blog\/wp-content\/uploads\/2021\/07\/animalia-muestra-arte-popular.jpeg?fit=1200%2C677&ssl=1&resize=350%2C200 1x, https:\/\/i0.wp.com\/soclose.mx\/blog\/wp-content\/uploads\/2021\/07\/animalia-muestra-arte-popular.jpeg?fit=1200%2C677&ssl=1&resize=525%2C300 1.5x, https:\/\/i0.wp.com\/soclose.mx\/blog\/wp-content\/uploads\/2021\/07\/animalia-muestra-arte-popular.jpeg?fit=1200%2C677&ssl=1&resize=700%2C400 2x, https:\/\/i0.wp.com\/soclose.mx\/blog\/wp-content\/uploads\/2021\/07\/animalia-muestra-arte-popular.jpeg?fit=1200%2C677&ssl=1&resize=1050%2C600 3x"},"classes":[]},{"id":6556,"url":"https:\/\/soclose.mx\/blog\/news-feed\/abren-muestra-en-museo-del-carmen-como-homenaje-de-artesanas-y-artesanos-mexicanos\/","url_meta":{"origin":5279,"position":1},"title":"Abren muestra en Museo del Carmen como homenaje de artesanas y artesanos mexicanos","author":"So Close","date":"15 julio, 2021","format":false,"excerpt":"Como un homenaje a la labor de las artesanas y artesanos mexicanos, a partir de hoy, el Museo de El Carmen abri\u00f3 al p\u00fablico la exhibici\u00f3n Ensue\u00f1os en hilo de diez lenguas. Textiles del Gran Premio Fonart, la cual re\u00fane 47 creaciones reconocidas con este galard\u00f3n y piezas provenientes de\u2026","rel":"","context":"En &quot;News feed&quot;","block_context":{"text":"News feed","link":"https:\/\/soclose.mx\/blog\/category\/news-feed\/"},"img":{"alt_text":"","src":"https:\/\/i0.wp.com\/soclose.mx\/blog\/wp-content\/uploads\/2021\/07\/exposicion-Ensuenos-en-hilo-de-diez-lenguas.jpeg?fit=1200%2C677&ssl=1&resize=350%2C200","width":350,"height":200,"srcset":"https:\/\/i0.wp.com\/soclose.mx\/blog\/wp-content\/uploads\/2021\/07\/exposicion-Ensuenos-en-hilo-de-diez-lenguas.jpeg?fit=1200%2C677&ssl=1&resize=350%2C200 1x, https:\/\/i0.wp.com\/soclose.mx\/blog\/wp-content\/uploads\/2021\/07\/exposicion-Ensuenos-en-hilo-de-diez-lenguas.jpeg?fit=1200%2C677&ssl=1&resize=525%2C300 1.5x, https:\/\/i0.wp.com\/soclose.mx\/blog\/wp-content\/uploads\/2021\/07\/exposicion-Ensuenos-en-hilo-de-diez-lenguas.jpeg?fit=1200%2C677&ssl=1&resize=700%2C400 2x, https:\/\/i0.wp.com\/soclose.mx\/blog\/wp-content\/uploads\/2021\/07\/exposicion-Ensuenos-en-hilo-de-diez-lenguas.jpeg?fit=1200%2C677&ssl=1&resize=1050%2C600 3x"},"classes":[]},{"id":8263,"url":"https:\/\/soclose.mx\/blog\/news-feed\/festeja-el-museo-tamayo-su-cumpleanos-40-con-esta-exposicion\/","url_meta":{"origin":5279,"position":2},"title":"Festeja el Museo Tamayo su cumplea\u00f1os 40 con esta exposici\u00f3n","author":"Miguel Angel Romero","date":"15 enero, 2022","format":false,"excerpt":"Este 2022 se cumplen cuatro d\u00e9cadas de la llegada de uno de los recintos culturales m\u00e1s queridos de esta ciudad: el Museo Tamayo.\u00a0 Este espacio, localizado dentro del Bosque de Chapultepec, ha sido una plataforma para mostrar lo mejor del arte contempor\u00e1neo a nivel nacional e internacional. Para celebrar su\u2026","rel":"","context":"En &quot;News feed&quot;","block_context":{"text":"News feed","link":"https:\/\/soclose.mx\/blog\/category\/news-feed\/"},"img":{"alt_text":"","src":"https:\/\/i0.wp.com\/soclose.mx\/blog\/wp-content\/uploads\/2021\/12\/Copia-de-Principal-So-Close-blog-4-6.png?fit=1200%2C677&ssl=1&resize=350%2C200","width":350,"height":200,"srcset":"https:\/\/i0.wp.com\/soclose.mx\/blog\/wp-content\/uploads\/2021\/12\/Copia-de-Principal-So-Close-blog-4-6.png?fit=1200%2C677&ssl=1&resize=350%2C200 1x, https:\/\/i0.wp.com\/soclose.mx\/blog\/wp-content\/uploads\/2021\/12\/Copia-de-Principal-So-Close-blog-4-6.png?fit=1200%2C677&ssl=1&resize=525%2C300 1.5x, https:\/\/i0.wp.com\/soclose.mx\/blog\/wp-content\/uploads\/2021\/12\/Copia-de-Principal-So-Close-blog-4-6.png?fit=1200%2C677&ssl=1&resize=700%2C400 2x, https:\/\/i0.wp.com\/soclose.mx\/blog\/wp-content\/uploads\/2021\/12\/Copia-de-Principal-So-Close-blog-4-6.png?fit=1200%2C677&ssl=1&resize=1050%2C600 3x"},"classes":[]},{"id":10218,"url":"https:\/\/soclose.mx\/blog\/a-la-mexicana\/mexicana-dirigira-uno-de-los-museos-mas-importantes-de-estados-unidos\/","url_meta":{"origin":5279,"position":3},"title":"Mexicana dirigir\u00e1 uno de los museos m\u00e1s importantes de Estados Unidos","author":"Daniel Ram\u00edrez","date":"14 junio, 2022","format":false,"excerpt":"El sue\u00f1o americano de hace unos a\u00f1os no es el mismo que en la actualidad. Nuestros compatriotas han alcanzado logros impresionantes en la actualidad. Como M\u00f3nica Ram\u00edrez, arquitecta de profesi\u00f3n y doctora en Teor\u00eda e Historia de la Arquitectura por la Universidad Polit\u00e9cnica de Catalu\u00f1a, Espa\u00f1a, quien estar\u00e1 al frente\u2026","rel":"","context":"En &quot;A la mexicana&quot;","block_context":{"text":"A la mexicana","link":"https:\/\/soclose.mx\/blog\/category\/a-la-mexicana\/"},"img":{"alt_text":"","src":"https:\/\/i0.wp.com\/soclose.mx\/blog\/wp-content\/uploads\/2022\/06\/WhatsApp-Image-2022-06-14-at-9.32.02-AM-1.jpeg?fit=695%2C425&ssl=1&resize=350%2C200","width":350,"height":200,"srcset":"https:\/\/i0.wp.com\/soclose.mx\/blog\/wp-content\/uploads\/2022\/06\/WhatsApp-Image-2022-06-14-at-9.32.02-AM-1.jpeg?fit=695%2C425&ssl=1&resize=350%2C200 1x, https:\/\/i0.wp.com\/soclose.mx\/blog\/wp-content\/uploads\/2022\/06\/WhatsApp-Image-2022-06-14-at-9.32.02-AM-1.jpeg?fit=695%2C425&ssl=1&resize=525%2C300 1.5x"},"classes":[]},{"id":9410,"url":"https:\/\/soclose.mx\/blog\/a-la-mexicana\/frida-escobedo-la-mexicana-que-disenara-un-pabellon-del-met\/","url_meta":{"origin":5279,"position":4},"title":"Frida Escobedo: La mexicana que dise\u00f1ar\u00e1 un pabell\u00f3n del MET","author":"Miguel Angel Romero","date":"18 marzo, 2022","format":false,"excerpt":"La mexicana\u00a0Frida Escobedo\u00a0fue la arquitecta seleccionada para liderar el proyecto de dise\u00f1o y construcci\u00f3n del nuevo\u00a0pabell\u00f3n de arte moderno y contempor\u00e1neo\u00a0en el\u00a0Museo Metropolitano de Arte de Nueva York. El museo consider\u00f3 otras cuatro firmas de arquitectura: Ensamble Studio, Lacaton & Vassal, SO - IL y David Chipperfield Architects, pero la\u2026","rel":"","context":"En &quot;A la mexicana&quot;","block_context":{"text":"A la mexicana","link":"https:\/\/soclose.mx\/blog\/category\/a-la-mexicana\/"},"img":{"alt_text":"","src":"https:\/\/i0.wp.com\/soclose.mx\/blog\/wp-content\/uploads\/2022\/03\/Copia-de-Principal-So-Close-blog-1-12.png?fit=1200%2C677&ssl=1&resize=350%2C200","width":350,"height":200,"srcset":"https:\/\/i0.wp.com\/soclose.mx\/blog\/wp-content\/uploads\/2022\/03\/Copia-de-Principal-So-Close-blog-1-12.png?fit=1200%2C677&ssl=1&resize=350%2C200 1x, https:\/\/i0.wp.com\/soclose.mx\/blog\/wp-content\/uploads\/2022\/03\/Copia-de-Principal-So-Close-blog-1-12.png?fit=1200%2C677&ssl=1&resize=525%2C300 1.5x, https:\/\/i0.wp.com\/soclose.mx\/blog\/wp-content\/uploads\/2022\/03\/Copia-de-Principal-So-Close-blog-1-12.png?fit=1200%2C677&ssl=1&resize=700%2C400 2x, https:\/\/i0.wp.com\/soclose.mx\/blog\/wp-content\/uploads\/2022\/03\/Copia-de-Principal-So-Close-blog-1-12.png?fit=1200%2C677&ssl=1&resize=1050%2C600 3x"},"classes":[]},{"id":13864,"url":"https:\/\/soclose.mx\/blog\/a-la-mexicana\/lugares-diferentes-para-celebrar-la-independencia-de-mexico\/","url_meta":{"origin":5279,"position":5},"title":"Lugares diferentes para celebrar la Independencia de M\u00e9xico","author":"So Close","date":"2 agosto, 2024","format":false,"excerpt":"El 15 y 16 de septiembre son fechas de gran importancia en M\u00e9xico, marcando la conmemoraci\u00f3n de la Independencia del pa\u00eds. Si est\u00e1s buscando una manera inusual y emocionante de celebrar la Independencia de M\u00e9xico, explorar lugares poco convencionales puede ofrecerte una experiencia \u00fanica y memorable. Desde escenarios naturales impresionantes\u2026","rel":"","context":"En &quot;A la mexicana&quot;","block_context":{"text":"A la mexicana","link":"https:\/\/soclose.mx\/blog\/category\/a-la-mexicana\/"},"img":{"alt_text":"Cenote Ik Kil en Yucatan","src":"https:\/\/i0.wp.com\/soclose.mx\/blog\/wp-content\/uploads\/2024\/08\/Cenote-Ik-Kil-en-Yucatan.jpg?fit=1000%2C750&ssl=1&resize=350%2C200","width":350,"height":200,"srcset":"https:\/\/i0.wp.com\/soclose.mx\/blog\/wp-content\/uploads\/2024\/08\/Cenote-Ik-Kil-en-Yucatan.jpg?fit=1000%2C750&ssl=1&resize=350%2C200 1x, https:\/\/i0.wp.com\/soclose.mx\/blog\/wp-content\/uploads\/2024\/08\/Cenote-Ik-Kil-en-Yucatan.jpg?fit=1000%2C750&ssl=1&resize=525%2C300 1.5x, https:\/\/i0.wp.com\/soclose.mx\/blog\/wp-content\/uploads\/2024\/08\/Cenote-Ik-Kil-en-Yucatan.jpg?fit=1000%2C750&ssl=1&resize=700%2C400 2x"},"classes":[]}],"jetpack_sharing_enabled":true,"_links":{"self":[{"href":"https:\/\/soclose.mx\/blog\/wp-json\/wp\/v2\/posts\/5279","targetHints":{"allow":["GET"]}}],"collection":[{"href":"https:\/\/soclose.mx\/blog\/wp-json\/wp\/v2\/posts"}],"about":[{"href":"https:\/\/soclose.mx\/blog\/wp-json\/wp\/v2\/types\/post"}],"author":[{"embeddable":true,"href":"https:\/\/soclose.mx\/blog\/wp-json\/wp\/v2\/users\/1"}],"replies":[{"embeddable":true,"href":"https:\/\/soclose.mx\/blog\/wp-json\/wp\/v2\/comments?post=5279"}],"version-history":[{"count":0,"href":"https:\/\/soclose.mx\/blog\/wp-json\/wp\/v2\/posts\/5279\/revisions"}],"wp:featuredmedia":[{"embeddable":true,"href":"https:\/\/soclose.mx\/blog\/wp-json\/wp\/v2\/media\/5282"}],"wp:attachment":[{"href":"https:\/\/soclose.mx\/blog\/wp-json\/wp\/v2\/media?parent=5279"}],"wp:term":[{"taxonomy":"category","embeddable":true,"href":"https:\/\/soclose.mx\/blog\/wp-json\/wp\/v2\/categories?post=5279"},{"taxonomy":"post_tag","embeddable":true,"href":"https:\/\/soclose.mx\/blog\/wp-json\/wp\/v2\/tags?post=5279"}],"curies":[{"name":"wp","href":"https:\/\/api.w.org\/{rel}","templated":true}]}}