{"id":5288,"date":"2020-09-06T10:49:29","date_gmt":"2020-09-06T16:49:29","guid":{"rendered":"https:\/\/soclose.mx\/wp\/?p=5288"},"modified":"2020-12-08T20:05:32","modified_gmt":"2020-12-09T02:05:32","slug":"rosy-linares-la-fotoperiodista-de-dos-corazones","status":"publish","type":"post","link":"https:\/\/soclose.mx\/blog\/ay-goeeee\/rosy-linares-la-fotoperiodista-de-dos-corazones\/","title":{"rendered":"Rosy Linares, la incansable fotoperiodista de dos corazones"},"content":{"rendered":"<p>Por <a href=\"https:\/\/twitter.com\/Manolo_RoCa\" target=\"_blank\" rel=\"noopener noreferrer\"><em><strong>Manolo RoCa<\/strong><\/em><\/a><\/p>\n<p>Hay d\u00edas en los que me quejo de lo que siento, de lo que me falta, de lo que no hago, de &#8220;N&#8221; cantidad de pensamientos, s\u00ed de esos que te susurran y te distraen lo suficiente como para dejar de vivir al cien, pero uno de esos d\u00edas me encontr\u00e9 con una mujer de vida,\u00a0 s\u00ed, de las que no piensan tanto, de las que est\u00e1n hechas de pura luz, se llama <strong>Rosy Linares<\/strong> o &#8220;Yuyis&#8221;.<\/p>\n<p>Podr\u00eda decir que es un \u00e1ngel, que me la encontr\u00e9 por algo especial, pero NO, porque s\u00ed las hay de carne y hueso, es una mujer, enorme como sus dos corazones con los que camina a donde tenga que ir.<\/p>\n<p>Se llama <strong>Rosa Eugenia Linares<\/strong>, es de Cuautla, Morelos, tiene 49 a\u00f1os aunque algunas personas la conocen por Yuyis, ya tiene m\u00e1s de 17 a\u00f1os trabajando como fotoreportera y tiene &#8220;dos corazones en su cuerpo&#8221; con los cuales trabaja desde hace siete.<\/p>\n<p>Uno de ellos lo lleva, como todos nosotros, enfrente, en el mero pecho, pero el otro lo lleva cargando en su espalda,\u00a0se llama <strong>Jes\u00fas Daniel<\/strong> y es su m\u00e1s grande motivaci\u00f3n porque luego de que le rogara a Dios que se lo dejara vivo, no importaba en qu\u00e9 condiciones, ella se encargar\u00eda de lo dem\u00e1s y as\u00ed es.<\/p>\n<p>Fotoperiodista autodidacta, porque aprendi\u00f3 el oficio en el &#8220;campo&#8221;, y madre 24\/7, Yuyis sigue con olfato nato su oficio desde que entr\u00f3 a una radiodifusora local en Cuautla; se llamaba &#8220;L\u00ednea caliente&#8221;, era un programa de radio con sentido social con apoyo a la ciudadan\u00eda.<\/p>\n<blockquote><p>&#8220;Entr\u00e9 a trabajar ah\u00ed como secretaria y asistente de producci\u00f3n, pero ya fue en otra radiodifusora con Fernando Baltazar quien me dio la oportunidad de salir como fotoreportera.&#8221;<\/p><\/blockquote>\n<p><strong>Rosy Linares\u00a0<\/strong>siempre trabaj\u00f3 en radio, pero tambi\u00e9n en la <strong>Jornada Morelos<\/strong>, en el 2011 hubo un concurso nacional de fotograf\u00eda por parte de <strong>Greenpeace<\/strong>\u00a0para un calendario y ah\u00ed eligieron una de ella donde captur\u00f3 al Tlacuache del cerro de Tepoztl\u00e1n.<\/p>\n<p>Ya sea que ande chambeando en la zona oriente de Morelos, que es su zona de trabajo habitual,\u00a0 o que en ocasiones especiales vaya a la zona sur o la zona centro metropolitana de Morelos, <strong>Jes\u00fas Daniel\u00a0<\/strong>siempre va con ella; con sus l\u00e1grimas resbalando y su voz temblorosa, Yuyis me cuenta:<\/p>\n<blockquote><p><em>&#8220;Lo llevo siempre conmigo porque tiene par\u00e1lisis cerebral infantil, no camina, no habla; es una par\u00e1lisis cerebral permanente, se le murieron las neuronas de la parte frontal derecha, entonces \u00e9l no puede hablar, la \u00fanica palabra que dice es &#8220;mam\u00e1&#8221;, no puede pararse solito, gatea, as\u00ed que si le hacen algo yo nunca lo voy a saber porque no se puede acusar esa es una, otra, tiene epilepsia sin control, aparte de que est\u00e1 medicado, le dan muchas convulsiones y en todas las guarder\u00edas hasta en las de paga no lo aceptan porque lo consideran un ni\u00f1o en foco rojo, porque les da miedo, no est\u00e1n preparadas para atender a ni\u00f1os con epilepsia por eso lo cargo en mi espalda.&#8221;<\/em><\/p><\/blockquote>\n<p>Pero para <strong>Rosy<\/strong> la vida, el oficio y la pasi\u00f3n por amar sin medida a su <strong>coraz\u00f3n Jes\u00fas<\/strong> no se detienen y ella le entra a todo, desde el\u00a0freelance, hasta colaboraciones para medios del pa\u00eds, porque trabajo fijo no tiene, lleva casi dos a\u00f1os sin empleo, pero le vale y entra tambi\u00e9n a concursos nacionales de fotograf\u00eda, ya sea de paisajes, pero tambi\u00e9n cubre, en foto y video, desde hace ocho a\u00f1os el asunto (conflicto) de la <strong>termoel\u00e9ctrica de Huexca.<\/strong><\/p>\n<p>Atiende su profesi\u00f3n sin trabajo fijo porque dice que, gracias al ex presidente Enrique Pe\u00f1a Nieto, tuvo empleo en el IMER, pero en diciembre de 2018 ya no renovaron su contrato. Me cont\u00f3 que incluso\u00a0estuvo trabajando en una administraci\u00f3n en el DIF, pero solo por un tiempo porque a los seis meses le dieron a elegir entre su hijo y el trabajo; <strong>Rosy<\/strong> responde tajante: <em>&#8220;obviamente eleg\u00ed a mi hijo.&#8221;<\/em><\/p>\n<p>Aqu\u00ed es donde cobra sentido todo lo que hace <strong>Rosy <\/strong>por<strong> Jes\u00fas<\/strong>, &#8220;su salvador&#8221;, y me relata el origen de lo que dej\u00f3 al peque\u00f1o colgado de la espalda de su madre:<\/p>\n<blockquote><p><em>&#8220;Mi ni\u00f1o ven\u00eda bien, pero por una negligencia m\u00e9dica cuando le estaban sacando sangre entr\u00f3 en paro cardiorespiratorio y debido a eso nada m\u00e1s le daban 72 horas de vida&#8230; \u00a1rec\u00e9 mucho, mucho, mucho! para que mi hijo no se fuera a morir porque su diagn\u00f3stico era que nada m\u00e1s le daban 72 horas de vida, y le ped\u00ed a Dios que me lo dejara, que no importaba c\u00f3mo, pero que me lo dejara, or\u00e9 mucho, hice mucha oraci\u00f3n, de hecho hasta busqu\u00e9 a un padre para que lo prebautizara porque estaba entubado en una incubadora, estaba hinchadito, ten\u00eda en sus ojos unos algodones porque estaba hinchado tambi\u00e9n de los ojos. Le dije al padre que quer\u00eda que se llamara Jes\u00fas, que es el salvador&#8230; \u00e9l me dijo que por qu\u00e9 no Jes\u00fas Daniel, me dijo que Daniel significa &#8220;Justicia Divina&#8221;\u00a0 o &#8220;El Guard\u00ed\u00e1n de Dios&#8221;; as\u00ed lo prebautizamos porque no le daban m\u00e1s que 72 horas de vida y le ped\u00ed a Dios que me lo dejara, no importaba c\u00f3mo, pero que me lo dejara, y bueno \u00e9l es el motor de mi vida, Dios me cumpli\u00f3, me lo dej\u00f3 vivo, no importa c\u00f3mo est\u00e9, pero est\u00e1 vivo y est\u00e1 conmigo y por \u00e9l hago todo lo que sea.&#8221;<\/em><\/p><\/blockquote>\n<p>Efectivamente, <strong>Yuyis<\/strong> no se echa para atr\u00e1s ni para agarrar fuerza, porque hace foto y videoperiodismo, incluso ahora que entraron a robar a su casa y se llevaron sus c\u00e1maras, sigue d\u00e1ndole a su pasi\u00f3n con su\u00a0 celular que aunque <em>&#8220;no tiene muy buena calidad (dice), pero as\u00ed trabajo, es que aqu\u00ed (en Morelos) la delincuencia est\u00e1 fuerte.&#8221;<\/em><\/p>\n<p><img data-recalc-dims=\"1\" fetchpriority=\"high\" decoding=\"async\" class=\"wp-image-5338 alignright\" src=\"https:\/\/i0.wp.com\/soclose.mx\/wp\/wp-content\/uploads\/2020\/07\/rosy-linares-trabajando.jpg?resize=491%2C368&#038;ssl=1\" alt=\"\" width=\"491\" height=\"368\" srcset=\"https:\/\/i0.wp.com\/soclose.mx\/blog\/wp-content\/uploads\/2020\/07\/rosy-linares-trabajando.jpg?w=1280&amp;ssl=1 1280w, https:\/\/i0.wp.com\/soclose.mx\/blog\/wp-content\/uploads\/2020\/07\/rosy-linares-trabajando.jpg?resize=300%2C225&amp;ssl=1 300w, https:\/\/i0.wp.com\/soclose.mx\/blog\/wp-content\/uploads\/2020\/07\/rosy-linares-trabajando.jpg?resize=768%2C576&amp;ssl=1 768w, https:\/\/i0.wp.com\/soclose.mx\/blog\/wp-content\/uploads\/2020\/07\/rosy-linares-trabajando.jpg?resize=1024%2C768&amp;ssl=1 1024w, https:\/\/i0.wp.com\/soclose.mx\/blog\/wp-content\/uploads\/2020\/07\/rosy-linares-trabajando.jpg?resize=770%2C578&amp;ssl=1 770w\" sizes=\"(max-width: 491px) 100vw, 491px\" \/><\/p>\n<p>Ni siquiera la pandemia por Covid hace que se achique, porque a pesar de que le ha ido mal en el trabajo, porque dice que <strong>Daniel<\/strong> se desespera con la careta y el cubrebocas, siempre sale con la bendici\u00f3n de Dios,\u00a0 pero solo a coberturas especiales, manifestaciones, salir as\u00ed como antes no, porque <em>&#8220;tengo miedo por mi ni\u00f1o.&#8221;<\/em><\/p>\n<p>Luego de tanta energ\u00eda y vibra positiva que me contagia, me dieron ganas de saber que una mujer de ese tama\u00f1o ha de tener unos sue\u00f1os b\u00e1rbaros, tal vez de comerse al mundo con su c\u00e1mara y le pregunto, \u00bfcu\u00e1l o cu\u00e1les son tus sue\u00f1os?<\/p>\n<blockquote><p><em>&#8220;Un sue\u00f1o ser\u00eda que le hicieran una angiograf\u00eda (a Daniel), una segunda opini\u00f3n m\u00e9dica en el Instituto Nacional de Neurolog\u00eda y Neurocirug\u00eda (INNN). Porque yo he visto a otros ni\u00f1os que tienen la edad de Jes\u00fas y s\u00ed los reciben y a mi no, a m\u00ed me han cerrado las puertas, que porque no tiene los 15 a\u00f1os, pero yo he visto a ni\u00f1os as\u00ed que van de c\u00e1ncer y s\u00ed los aceptan y les hacen estudios. Yo quiero un estudio de la angiograf\u00eda para saber c\u00f3mo est\u00e1 su cerebro por la epilepsia, yo quiero esa segunda valoraci\u00f3n m\u00e9dica porque es lo mejor. Porque \u00e9l no tiene estudios de angiograf\u00eda, aqu\u00ed vamos al Ni\u00f1o Morelense y nada m\u00e1s le hacen un electroencefalograma, eso no es algo al 100% La angiograf\u00eda, por medio de contraste es lo mejor porque se inyecta el medio de contraste en una vena y es un l\u00edquido flourescente que te va alumbrando todo el cerebro y ya te dice c\u00f3mo est\u00e1n las neuronas, eso es lo que yo quiero.<\/em><\/p>\n<p><em>Mi segundo sue\u00f1o ser\u00eda que tuviera otra segunda opini\u00f3n m\u00e9dica en el Hospital Militar que se dedica a los ni\u00f1os con rehabilitaci\u00f3n.&#8221;<\/em><\/p><\/blockquote>\n<p>\u00a1Wow!, pienso, definitivamente su coraz\u00f3n de la espalda es el que la mueve, y entonces le insisto, <em>pero dime Rosy, como profesional, \u00bfcu\u00e1l es tu sue\u00f1o?<\/em><\/p>\n<blockquote><p><em>&#8220;A los dos nos encanta el mar. (Me gustar\u00eda fotograf\u00edar) Canc\u00fan porque dicen que tiene\u00a0 (el mar) varios colores y todo eso, entonces (me gustar\u00eda) ver los atardeceres, el amanecer. Nunca he ido a Canc\u00fan, he ido a Acapulco y a \u00e9l (s\u00ed, a Jes\u00fas Daniel) le encanta, pero dicen que es diferente (en Canc\u00fan) dicen que all\u00e1 hasta la arena es blanca.&#8221;<\/em><\/p><\/blockquote>\n<p>S\u00ed, as\u00ed es <strong>Rosy Linares, Yuyis,<\/strong> una mujer de dos corazones que avanza, siente y vive al cien y que sin perder un segundo de vida siempre grita el amor incondicional por su <strong>Jes\u00fas,<\/strong> el que la mueve como una locomotora.<\/p>\n<p>Me despido con lo ojos enjugados de pena por reconocer que me ha inyectado alegr\u00eda hasta al m\u00e1s rec\u00f3ndito de mis pensamientos, y aprovecho para pedirle que nos comparta un poquito de su talento profesional y que el mundo la conozca para encontrar oportunidades de trabajo, por supuesto, con todo y <strong>Jes\u00fas Daniel.<\/strong><\/p>\n<blockquote><p>&#8212;&#8212;&#8212;&#8212;&#8211;<\/p>\n<p>Esto es algo de su incansable labor:<\/p><\/blockquote>\n<blockquote class=\"twitter-tweet\" data-width=\"550\" data-dnt=\"true\">\n<p lang=\"es\" dir=\"ltr\"><a href=\"https:\/\/twitter.com\/hashtag\/Video?src=hash&amp;ref_src=twsrc%5Etfw\">#Video<\/a> \u26a0Advertencia de im\u00e1genes \u26a0<br \/>El accidente se registr\u00f3 alrededor de las 9:20 horas en la carretera Federal M\u00e9xico-Cuautla, pasando la Central de Abastos del municipio de Cuautla<br \/>Cr\u00e9dito: Rosy Linares <a href=\"https:\/\/t.co\/cmnv59jIcV\">pic.twitter.com\/cmnv59jIcV<\/a><\/p>\n<p>&mdash; El Universal Estados (@Univ_Estados) <a href=\"https:\/\/twitter.com\/Univ_Estados\/status\/1138828460309266433?ref_src=twsrc%5Etfw\">June 12, 2019<\/a><\/p><\/blockquote>\n<p><script async src=\"https:\/\/platform.twitter.com\/widgets.js\" charset=\"utf-8\"><\/script><\/p>\n<blockquote><p><img data-recalc-dims=\"1\" decoding=\"async\" class=\"wp-image-5303\" src=\"https:\/\/i0.wp.com\/soclose.mx\/wp\/wp-content\/uploads\/2020\/07\/Captura-de-pantalla-2020-07-24-a-las-14.15.44.png?resize=450%2C272&#038;ssl=1\" alt=\"\" width=\"450\" height=\"272\" srcset=\"https:\/\/i0.wp.com\/soclose.mx\/blog\/wp-content\/uploads\/2020\/07\/Captura-de-pantalla-2020-07-24-a-las-14.15.44.png?w=845&amp;ssl=1 845w, https:\/\/i0.wp.com\/soclose.mx\/blog\/wp-content\/uploads\/2020\/07\/Captura-de-pantalla-2020-07-24-a-las-14.15.44.png?resize=300%2C181&amp;ssl=1 300w, https:\/\/i0.wp.com\/soclose.mx\/blog\/wp-content\/uploads\/2020\/07\/Captura-de-pantalla-2020-07-24-a-las-14.15.44.png?resize=768%2C464&amp;ssl=1 768w, https:\/\/i0.wp.com\/soclose.mx\/blog\/wp-content\/uploads\/2020\/07\/Captura-de-pantalla-2020-07-24-a-las-14.15.44.png?resize=770%2C466&amp;ssl=1 770w\" sizes=\"(max-width: 450px) 100vw, 450px\" \/><\/p><\/blockquote>\n<blockquote class=\"twitter-tweet\" data-width=\"550\" data-dnt=\"true\">\n<p lang=\"es\" dir=\"ltr\">Las protestas desde temprano en <a href=\"https:\/\/twitter.com\/hashtag\/Anenecuilco?src=hash&amp;ref_src=twsrc%5Etfw\">#Anenecuilco<\/a> previo al arribo del presidente <a href=\"https:\/\/twitter.com\/hashtag\/AMLO?src=hash&amp;ref_src=twsrc%5Etfw\">#AMLO<\/a><\/p>\n<p>Informaci\u00f3n: Rosy Linares <a href=\"https:\/\/twitter.com\/yuyis1a?ref_src=twsrc%5Etfw\">@yuyis1a<\/a> <a href=\"https:\/\/t.co\/jjMWlYgqCB\">pic.twitter.com\/jjMWlYgqCB<\/a><\/p>\n<p>&mdash; Mochicuani (@MochicuaniMx) <a href=\"https:\/\/twitter.com\/MochicuaniMx\/status\/1214240607138459649?ref_src=twsrc%5Etfw\">January 6, 2020<\/a><\/p><\/blockquote>\n<p><script async src=\"https:\/\/platform.twitter.com\/widgets.js\" charset=\"utf-8\"><\/script><\/p>\n<div class=\"fb-video\" data-allowfullscreen=\"true\" data-href=\"https:\/\/www.facebook.com\/Mochicuani\/videos\/673760396583268\" style=\"background-color: #fff; display: inline-block;\"><\/div>\n<p>&nbsp;<\/p>\n<blockquote><p><img data-recalc-dims=\"1\" decoding=\"async\" class=\"alignnone size-full wp-image-5342\" src=\"https:\/\/i0.wp.com\/soclose.mx\/wp\/wp-content\/uploads\/2020\/07\/Captura-de-pantalla-2020-07-31-a-las-18.28.43.png?resize=808%2C561&#038;ssl=1\" alt=\"\" width=\"808\" height=\"561\" srcset=\"https:\/\/i0.wp.com\/soclose.mx\/blog\/wp-content\/uploads\/2020\/07\/Captura-de-pantalla-2020-07-31-a-las-18.28.43.png?w=808&amp;ssl=1 808w, https:\/\/i0.wp.com\/soclose.mx\/blog\/wp-content\/uploads\/2020\/07\/Captura-de-pantalla-2020-07-31-a-las-18.28.43.png?resize=300%2C208&amp;ssl=1 300w, https:\/\/i0.wp.com\/soclose.mx\/blog\/wp-content\/uploads\/2020\/07\/Captura-de-pantalla-2020-07-31-a-las-18.28.43.png?resize=768%2C533&amp;ssl=1 768w, https:\/\/i0.wp.com\/soclose.mx\/blog\/wp-content\/uploads\/2020\/07\/Captura-de-pantalla-2020-07-31-a-las-18.28.43.png?resize=770%2C535&amp;ssl=1 770w\" sizes=\"(max-width: 808px) 100vw, 808px\" \/><\/p><\/blockquote>\n<p>&#8212;&#8212;&#8212;&#8212;&#8212;<\/p>\n<p>Le env\u00edo mi admiraci\u00f3n interminable como mujer de acero (maleable, porque siente bien bonito la vida) y ella agradece:<\/p>\n<blockquote><p><em>&#8220;a todas las personas que se han sumado y nos han apoyado y s\u00ed ser\u00eda bueno que me ayudaran con un empleo, pero voy a consultas, voy a terapias; tendr\u00eda que adaptarse a mi agenda.&#8221;<\/em><\/p><\/blockquote>\n<p>Se r\u00ede antes de que colguemos, me dice que\u00a0Facebook la tiene restringida por 30 d\u00edas y m\u00e1s ahorita en esta cuarta (transformaci\u00f3n) con la libertad de expresi\u00f3n, pero no deja de enviar bendiciones a todas las personas que la quieran apoyar y cierra contundente y congruente con sus corazones:<\/p>\n<blockquote><p><strong><em>&#8220;Siempre hay que buscar la vida, algo a que aferrarte, algo de que agarrarte, no s\u00e9, creer siempre en Dios, en Dios, y para adelante.&#8221;<\/em><\/strong><\/p><\/blockquote>\n<p>&#8212;&#8212;&#8212;&#8212;&#8212;&#8212;&#8212;&#8212;&#8212;&#8212;&#8211;<\/p>\n<p>Quieres contactarla para apoyarla de alguna manera m\u00e1ndale un whatsapp al\u00a0735 138 0766<\/p>\n<p>&nbsp;<\/p>\n<p>&nbsp;<\/p>\n<p>&nbsp;<\/p>\n<p>&nbsp;<\/p>\n<p>&nbsp;<\/p>\n<p>&nbsp;<\/p>\n<p>&nbsp;<\/p>\n<p>&nbsp;<\/p>\n<p>&nbsp;<\/p>\n<p>&nbsp;<\/p>\n","protected":false},"excerpt":{"rendered":"<p>Por Manolo RoCa Hay d\u00edas en los que me quejo de lo que siento, de lo que me falta, de lo que no hago, de &#8220;N&#8221; cantidad de pensamientos, s\u00ed de esos que te susurran y te distraen lo suficiente como para dejar de vivir al cien, pero uno de esos d\u00edas me encontr\u00e9 con una mujer de vida,\u00a0 s\u00ed, de las que no piensan tanto, de las que est\u00e1n hechas de pura luz, se llama Rosy Linares o &#8220;Yuyis&#8221;. Podr\u00eda decir que es un \u00e1ngel, que me la encontr\u00e9 por algo especial, pero NO, porque s\u00ed las hay de<\/p>\n","protected":false},"author":5,"featured_media":5289,"comment_status":"open","ping_status":"open","sticky":false,"template":"","format":"standard","meta":{"_jetpack_memberships_contains_paid_content":false,"footnotes":""},"categories":[1],"tags":[86,574,575,564],"class_list":["post-5288","post","type-post","status-publish","format-standard","has-post-thumbnail","hentry","category-ay-goeeee","tag-fotografia","tag-fotoperiodista","tag-periodismo","tag-ser-humano"],"yoast_head":"<!-- This site is optimized with the Yoast SEO plugin v26.7 - https:\/\/yoast.com\/wordpress\/plugins\/seo\/ -->\n<title>Rosy Linares, la incansable fotoperiodista de dos corazones - So Close<\/title>\n<meta name=\"robots\" content=\"index, follow, max-snippet:-1, max-image-preview:large, max-video-preview:-1\" \/>\n<link rel=\"canonical\" href=\"https:\/\/soclose.mx\/blog\/ay-goeeee\/rosy-linares-la-fotoperiodista-de-dos-corazones\/\" \/>\n<meta property=\"og:locale\" content=\"es_MX\" \/>\n<meta property=\"og:type\" content=\"article\" \/>\n<meta property=\"og:title\" content=\"Rosy Linares, la incansable fotoperiodista de dos corazones - So Close\" \/>\n<meta property=\"og:description\" content=\"Por Manolo RoCa Hay d\u00edas en los que me quejo de lo que siento, de lo que me falta, de lo que no hago, de &#8220;N&#8221; cantidad de pensamientos, s\u00ed de esos que te susurran y te distraen lo suficiente como para dejar de vivir al cien, pero uno de esos d\u00edas me encontr\u00e9 con una mujer de vida,\u00a0 s\u00ed, de las que no piensan tanto, de las que est\u00e1n hechas de pura luz, se llama Rosy Linares o &#8220;Yuyis&#8221;. Podr\u00eda decir que es un \u00e1ngel, que me la encontr\u00e9 por algo especial, pero NO, porque s\u00ed las hay de\" \/>\n<meta property=\"og:url\" content=\"https:\/\/soclose.mx\/blog\/ay-goeeee\/rosy-linares-la-fotoperiodista-de-dos-corazones\/\" \/>\n<meta property=\"og:site_name\" content=\"So Close\" \/>\n<meta property=\"article:published_time\" content=\"2020-09-06T16:49:29+00:00\" \/>\n<meta property=\"article:modified_time\" content=\"2020-12-09T02:05:32+00:00\" \/>\n<meta property=\"og:image\" content=\"https:\/\/soclose.mx\/blog\/wp-content\/uploads\/2020\/07\/72112555_10220590445932546_2768364463907143680_o.jpg\" \/>\n\t<meta property=\"og:image:width\" content=\"960\" \/>\n\t<meta property=\"og:image:height\" content=\"640\" \/>\n\t<meta property=\"og:image:type\" content=\"image\/jpeg\" \/>\n<meta name=\"author\" content=\"Manolo RoCa\" \/>\n<meta name=\"twitter:card\" content=\"summary_large_image\" \/>\n<meta name=\"twitter:label1\" content=\"Escrito por\" \/>\n\t<meta name=\"twitter:data1\" content=\"Manolo RoCa\" \/>\n\t<meta name=\"twitter:label2\" content=\"Tiempo de lectura\" \/>\n\t<meta name=\"twitter:data2\" content=\"9 minutos\" \/>\n<script type=\"application\/ld+json\" class=\"yoast-schema-graph\">{\"@context\":\"https:\/\/schema.org\",\"@graph\":[{\"@type\":\"Article\",\"@id\":\"https:\/\/soclose.mx\/blog\/ay-goeeee\/rosy-linares-la-fotoperiodista-de-dos-corazones\/#article\",\"isPartOf\":{\"@id\":\"https:\/\/soclose.mx\/blog\/ay-goeeee\/rosy-linares-la-fotoperiodista-de-dos-corazones\/\"},\"author\":{\"name\":\"Manolo RoCa\",\"@id\":\"https:\/\/soclose.mx\/blog\/#\/schema\/person\/29bcec956c81dcfb7c8ed1ea27c967de\"},\"headline\":\"Rosy Linares, la incansable fotoperiodista de dos corazones\",\"datePublished\":\"2020-09-06T16:49:29+00:00\",\"dateModified\":\"2020-12-09T02:05:32+00:00\",\"mainEntityOfPage\":{\"@id\":\"https:\/\/soclose.mx\/blog\/ay-goeeee\/rosy-linares-la-fotoperiodista-de-dos-corazones\/\"},\"wordCount\":1771,\"commentCount\":0,\"publisher\":{\"@id\":\"https:\/\/soclose.mx\/blog\/#organization\"},\"image\":{\"@id\":\"https:\/\/soclose.mx\/blog\/ay-goeeee\/rosy-linares-la-fotoperiodista-de-dos-corazones\/#primaryimage\"},\"thumbnailUrl\":\"https:\/\/i0.wp.com\/soclose.mx\/blog\/wp-content\/uploads\/2020\/07\/72112555_10220590445932546_2768364463907143680_o.jpg?fit=960%2C640&ssl=1\",\"keywords\":[\"fotografia\",\"fotoperiodista\",\"periodismo\",\"ser humano\"],\"articleSection\":[\"\u00a1Ay goeeee!\"],\"inLanguage\":\"es\",\"potentialAction\":[{\"@type\":\"CommentAction\",\"name\":\"Comment\",\"target\":[\"https:\/\/soclose.mx\/blog\/ay-goeeee\/rosy-linares-la-fotoperiodista-de-dos-corazones\/#respond\"]}]},{\"@type\":\"WebPage\",\"@id\":\"https:\/\/soclose.mx\/blog\/ay-goeeee\/rosy-linares-la-fotoperiodista-de-dos-corazones\/\",\"url\":\"https:\/\/soclose.mx\/blog\/ay-goeeee\/rosy-linares-la-fotoperiodista-de-dos-corazones\/\",\"name\":\"Rosy Linares, la incansable fotoperiodista de dos corazones - So Close\",\"isPartOf\":{\"@id\":\"https:\/\/soclose.mx\/blog\/#website\"},\"primaryImageOfPage\":{\"@id\":\"https:\/\/soclose.mx\/blog\/ay-goeeee\/rosy-linares-la-fotoperiodista-de-dos-corazones\/#primaryimage\"},\"image\":{\"@id\":\"https:\/\/soclose.mx\/blog\/ay-goeeee\/rosy-linares-la-fotoperiodista-de-dos-corazones\/#primaryimage\"},\"thumbnailUrl\":\"https:\/\/i0.wp.com\/soclose.mx\/blog\/wp-content\/uploads\/2020\/07\/72112555_10220590445932546_2768364463907143680_o.jpg?fit=960%2C640&ssl=1\",\"datePublished\":\"2020-09-06T16:49:29+00:00\",\"dateModified\":\"2020-12-09T02:05:32+00:00\",\"breadcrumb\":{\"@id\":\"https:\/\/soclose.mx\/blog\/ay-goeeee\/rosy-linares-la-fotoperiodista-de-dos-corazones\/#breadcrumb\"},\"inLanguage\":\"es\",\"potentialAction\":[{\"@type\":\"ReadAction\",\"target\":[\"https:\/\/soclose.mx\/blog\/ay-goeeee\/rosy-linares-la-fotoperiodista-de-dos-corazones\/\"]}]},{\"@type\":\"ImageObject\",\"inLanguage\":\"es\",\"@id\":\"https:\/\/soclose.mx\/blog\/ay-goeeee\/rosy-linares-la-fotoperiodista-de-dos-corazones\/#primaryimage\",\"url\":\"https:\/\/i0.wp.com\/soclose.mx\/blog\/wp-content\/uploads\/2020\/07\/72112555_10220590445932546_2768364463907143680_o.jpg?fit=960%2C640&ssl=1\",\"contentUrl\":\"https:\/\/i0.wp.com\/soclose.mx\/blog\/wp-content\/uploads\/2020\/07\/72112555_10220590445932546_2768364463907143680_o.jpg?fit=960%2C640&ssl=1\",\"width\":960,\"height\":640},{\"@type\":\"BreadcrumbList\",\"@id\":\"https:\/\/soclose.mx\/blog\/ay-goeeee\/rosy-linares-la-fotoperiodista-de-dos-corazones\/#breadcrumb\",\"itemListElement\":[{\"@type\":\"ListItem\",\"position\":1,\"name\":\"Inicio\",\"item\":\"https:\/\/soclose.mx\/blog\/\"},{\"@type\":\"ListItem\",\"position\":2,\"name\":\"Rosy Linares, la incansable fotoperiodista de dos corazones\"}]},{\"@type\":\"WebSite\",\"@id\":\"https:\/\/soclose.mx\/blog\/#website\",\"url\":\"https:\/\/soclose.mx\/blog\/\",\"name\":\"So Close\",\"description\":\"Hacemos contenidos de M\u00e9xico\",\"publisher\":{\"@id\":\"https:\/\/soclose.mx\/blog\/#organization\"},\"potentialAction\":[{\"@type\":\"SearchAction\",\"target\":{\"@type\":\"EntryPoint\",\"urlTemplate\":\"https:\/\/soclose.mx\/blog\/?s={search_term_string}\"},\"query-input\":{\"@type\":\"PropertyValueSpecification\",\"valueRequired\":true,\"valueName\":\"search_term_string\"}}],\"inLanguage\":\"es\"},{\"@type\":\"Organization\",\"@id\":\"https:\/\/soclose.mx\/blog\/#organization\",\"name\":\"So Close\",\"url\":\"https:\/\/soclose.mx\/blog\/\",\"logo\":{\"@type\":\"ImageObject\",\"inLanguage\":\"es\",\"@id\":\"https:\/\/soclose.mx\/blog\/#\/schema\/logo\/image\/\",\"url\":\"https:\/\/i0.wp.com\/soclose.mx\/blog\/wp-content\/uploads\/2020\/12\/LOGO_SOCLOSE_COLOR-e1608310133507.png?fit=2858%2C1264&ssl=1\",\"contentUrl\":\"https:\/\/i0.wp.com\/soclose.mx\/blog\/wp-content\/uploads\/2020\/12\/LOGO_SOCLOSE_COLOR-e1608310133507.png?fit=2858%2C1264&ssl=1\",\"width\":2858,\"height\":1264,\"caption\":\"So Close\"},\"image\":{\"@id\":\"https:\/\/soclose.mx\/blog\/#\/schema\/logo\/image\/\"}},{\"@type\":\"Person\",\"@id\":\"https:\/\/soclose.mx\/blog\/#\/schema\/person\/29bcec956c81dcfb7c8ed1ea27c967de\",\"name\":\"Manolo RoCa\",\"image\":{\"@type\":\"ImageObject\",\"inLanguage\":\"es\",\"@id\":\"https:\/\/soclose.mx\/blog\/#\/schema\/person\/image\/\",\"url\":\"https:\/\/secure.gravatar.com\/avatar\/241ca27434b40b6a8c156f0ae79a36923607ebdfef2f06f256ad18585858b41c?s=96&d=mm&r=g\",\"contentUrl\":\"https:\/\/secure.gravatar.com\/avatar\/241ca27434b40b6a8c156f0ae79a36923607ebdfef2f06f256ad18585858b41c?s=96&d=mm&r=g\",\"caption\":\"Manolo RoCa\"},\"sameAs\":[\"http:\/\/www.soclose.mx\"],\"url\":\"https:\/\/soclose.mx\/blog\/author\/manolo-roca\/\"}]}<\/script>\n<!-- \/ Yoast SEO plugin. -->","yoast_head_json":{"title":"Rosy Linares, la incansable fotoperiodista de dos corazones - So Close","robots":{"index":"index","follow":"follow","max-snippet":"max-snippet:-1","max-image-preview":"max-image-preview:large","max-video-preview":"max-video-preview:-1"},"canonical":"https:\/\/soclose.mx\/blog\/ay-goeeee\/rosy-linares-la-fotoperiodista-de-dos-corazones\/","og_locale":"es_MX","og_type":"article","og_title":"Rosy Linares, la incansable fotoperiodista de dos corazones - So Close","og_description":"Por Manolo RoCa Hay d\u00edas en los que me quejo de lo que siento, de lo que me falta, de lo que no hago, de &#8220;N&#8221; cantidad de pensamientos, s\u00ed de esos que te susurran y te distraen lo suficiente como para dejar de vivir al cien, pero uno de esos d\u00edas me encontr\u00e9 con una mujer de vida,\u00a0 s\u00ed, de las que no piensan tanto, de las que est\u00e1n hechas de pura luz, se llama Rosy Linares o &#8220;Yuyis&#8221;. Podr\u00eda decir que es un \u00e1ngel, que me la encontr\u00e9 por algo especial, pero NO, porque s\u00ed las hay de","og_url":"https:\/\/soclose.mx\/blog\/ay-goeeee\/rosy-linares-la-fotoperiodista-de-dos-corazones\/","og_site_name":"So Close","article_published_time":"2020-09-06T16:49:29+00:00","article_modified_time":"2020-12-09T02:05:32+00:00","og_image":[{"width":960,"height":640,"url":"https:\/\/soclose.mx\/blog\/wp-content\/uploads\/2020\/07\/72112555_10220590445932546_2768364463907143680_o.jpg","type":"image\/jpeg"}],"author":"Manolo RoCa","twitter_card":"summary_large_image","twitter_misc":{"Escrito por":"Manolo RoCa","Tiempo de lectura":"9 minutos"},"schema":{"@context":"https:\/\/schema.org","@graph":[{"@type":"Article","@id":"https:\/\/soclose.mx\/blog\/ay-goeeee\/rosy-linares-la-fotoperiodista-de-dos-corazones\/#article","isPartOf":{"@id":"https:\/\/soclose.mx\/blog\/ay-goeeee\/rosy-linares-la-fotoperiodista-de-dos-corazones\/"},"author":{"name":"Manolo RoCa","@id":"https:\/\/soclose.mx\/blog\/#\/schema\/person\/29bcec956c81dcfb7c8ed1ea27c967de"},"headline":"Rosy Linares, la incansable fotoperiodista de dos corazones","datePublished":"2020-09-06T16:49:29+00:00","dateModified":"2020-12-09T02:05:32+00:00","mainEntityOfPage":{"@id":"https:\/\/soclose.mx\/blog\/ay-goeeee\/rosy-linares-la-fotoperiodista-de-dos-corazones\/"},"wordCount":1771,"commentCount":0,"publisher":{"@id":"https:\/\/soclose.mx\/blog\/#organization"},"image":{"@id":"https:\/\/soclose.mx\/blog\/ay-goeeee\/rosy-linares-la-fotoperiodista-de-dos-corazones\/#primaryimage"},"thumbnailUrl":"https:\/\/i0.wp.com\/soclose.mx\/blog\/wp-content\/uploads\/2020\/07\/72112555_10220590445932546_2768364463907143680_o.jpg?fit=960%2C640&ssl=1","keywords":["fotografia","fotoperiodista","periodismo","ser humano"],"articleSection":["\u00a1Ay goeeee!"],"inLanguage":"es","potentialAction":[{"@type":"CommentAction","name":"Comment","target":["https:\/\/soclose.mx\/blog\/ay-goeeee\/rosy-linares-la-fotoperiodista-de-dos-corazones\/#respond"]}]},{"@type":"WebPage","@id":"https:\/\/soclose.mx\/blog\/ay-goeeee\/rosy-linares-la-fotoperiodista-de-dos-corazones\/","url":"https:\/\/soclose.mx\/blog\/ay-goeeee\/rosy-linares-la-fotoperiodista-de-dos-corazones\/","name":"Rosy Linares, la incansable fotoperiodista de dos corazones - So Close","isPartOf":{"@id":"https:\/\/soclose.mx\/blog\/#website"},"primaryImageOfPage":{"@id":"https:\/\/soclose.mx\/blog\/ay-goeeee\/rosy-linares-la-fotoperiodista-de-dos-corazones\/#primaryimage"},"image":{"@id":"https:\/\/soclose.mx\/blog\/ay-goeeee\/rosy-linares-la-fotoperiodista-de-dos-corazones\/#primaryimage"},"thumbnailUrl":"https:\/\/i0.wp.com\/soclose.mx\/blog\/wp-content\/uploads\/2020\/07\/72112555_10220590445932546_2768364463907143680_o.jpg?fit=960%2C640&ssl=1","datePublished":"2020-09-06T16:49:29+00:00","dateModified":"2020-12-09T02:05:32+00:00","breadcrumb":{"@id":"https:\/\/soclose.mx\/blog\/ay-goeeee\/rosy-linares-la-fotoperiodista-de-dos-corazones\/#breadcrumb"},"inLanguage":"es","potentialAction":[{"@type":"ReadAction","target":["https:\/\/soclose.mx\/blog\/ay-goeeee\/rosy-linares-la-fotoperiodista-de-dos-corazones\/"]}]},{"@type":"ImageObject","inLanguage":"es","@id":"https:\/\/soclose.mx\/blog\/ay-goeeee\/rosy-linares-la-fotoperiodista-de-dos-corazones\/#primaryimage","url":"https:\/\/i0.wp.com\/soclose.mx\/blog\/wp-content\/uploads\/2020\/07\/72112555_10220590445932546_2768364463907143680_o.jpg?fit=960%2C640&ssl=1","contentUrl":"https:\/\/i0.wp.com\/soclose.mx\/blog\/wp-content\/uploads\/2020\/07\/72112555_10220590445932546_2768364463907143680_o.jpg?fit=960%2C640&ssl=1","width":960,"height":640},{"@type":"BreadcrumbList","@id":"https:\/\/soclose.mx\/blog\/ay-goeeee\/rosy-linares-la-fotoperiodista-de-dos-corazones\/#breadcrumb","itemListElement":[{"@type":"ListItem","position":1,"name":"Inicio","item":"https:\/\/soclose.mx\/blog\/"},{"@type":"ListItem","position":2,"name":"Rosy Linares, la incansable fotoperiodista de dos corazones"}]},{"@type":"WebSite","@id":"https:\/\/soclose.mx\/blog\/#website","url":"https:\/\/soclose.mx\/blog\/","name":"So Close","description":"Hacemos contenidos de M\u00e9xico","publisher":{"@id":"https:\/\/soclose.mx\/blog\/#organization"},"potentialAction":[{"@type":"SearchAction","target":{"@type":"EntryPoint","urlTemplate":"https:\/\/soclose.mx\/blog\/?s={search_term_string}"},"query-input":{"@type":"PropertyValueSpecification","valueRequired":true,"valueName":"search_term_string"}}],"inLanguage":"es"},{"@type":"Organization","@id":"https:\/\/soclose.mx\/blog\/#organization","name":"So Close","url":"https:\/\/soclose.mx\/blog\/","logo":{"@type":"ImageObject","inLanguage":"es","@id":"https:\/\/soclose.mx\/blog\/#\/schema\/logo\/image\/","url":"https:\/\/i0.wp.com\/soclose.mx\/blog\/wp-content\/uploads\/2020\/12\/LOGO_SOCLOSE_COLOR-e1608310133507.png?fit=2858%2C1264&ssl=1","contentUrl":"https:\/\/i0.wp.com\/soclose.mx\/blog\/wp-content\/uploads\/2020\/12\/LOGO_SOCLOSE_COLOR-e1608310133507.png?fit=2858%2C1264&ssl=1","width":2858,"height":1264,"caption":"So Close"},"image":{"@id":"https:\/\/soclose.mx\/blog\/#\/schema\/logo\/image\/"}},{"@type":"Person","@id":"https:\/\/soclose.mx\/blog\/#\/schema\/person\/29bcec956c81dcfb7c8ed1ea27c967de","name":"Manolo RoCa","image":{"@type":"ImageObject","inLanguage":"es","@id":"https:\/\/soclose.mx\/blog\/#\/schema\/person\/image\/","url":"https:\/\/secure.gravatar.com\/avatar\/241ca27434b40b6a8c156f0ae79a36923607ebdfef2f06f256ad18585858b41c?s=96&d=mm&r=g","contentUrl":"https:\/\/secure.gravatar.com\/avatar\/241ca27434b40b6a8c156f0ae79a36923607ebdfef2f06f256ad18585858b41c?s=96&d=mm&r=g","caption":"Manolo RoCa"},"sameAs":["http:\/\/www.soclose.mx"],"url":"https:\/\/soclose.mx\/blog\/author\/manolo-roca\/"}]}},"jetpack_featured_media_url":"https:\/\/i0.wp.com\/soclose.mx\/blog\/wp-content\/uploads\/2020\/07\/72112555_10220590445932546_2768364463907143680_o.jpg?fit=960%2C640&ssl=1","jetpack-related-posts":[{"id":5607,"url":"https:\/\/soclose.mx\/blog\/comida-mexicana\/rosca-de-reyes-y-pan-en-horno-de-lena-en-jumiltepec-ocuituco-morelos\/","url_meta":{"origin":5288,"position":0},"title":"Rosca de Reyes y pan en horno de le\u00f1a en Jumiltepec Ocuituco, Morelos","author":"So Close","date":"7 enero, 2021","format":false,"excerpt":"Por Rosy Linares En la zona de los altos de Morelos en la comunidad de Jumiltepec Ocuituco en Morelos, se elabora el famoso Pan de Jumiltepec y en esta temporada la Rosca de Reyes en un ritual familiar cien por ciento casero, el cu\u00e1l se cocina en el horno elaborado\u2026","rel":"","context":"En &quot;Comida mexicana&quot;","block_context":{"text":"Comida mexicana","link":"https:\/\/soclose.mx\/blog\/category\/comida-mexicana\/"},"img":{"alt_text":"","src":"https:\/\/i0.wp.com\/soclose.mx\/blog\/wp-content\/uploads\/2021\/01\/rosca-reyes.jpg?fit=1200%2C677&ssl=1&resize=350%2C200","width":350,"height":200,"srcset":"https:\/\/i0.wp.com\/soclose.mx\/blog\/wp-content\/uploads\/2021\/01\/rosca-reyes.jpg?fit=1200%2C677&ssl=1&resize=350%2C200 1x, https:\/\/i0.wp.com\/soclose.mx\/blog\/wp-content\/uploads\/2021\/01\/rosca-reyes.jpg?fit=1200%2C677&ssl=1&resize=525%2C300 1.5x, https:\/\/i0.wp.com\/soclose.mx\/blog\/wp-content\/uploads\/2021\/01\/rosca-reyes.jpg?fit=1200%2C677&ssl=1&resize=700%2C400 2x, https:\/\/i0.wp.com\/soclose.mx\/blog\/wp-content\/uploads\/2021\/01\/rosca-reyes.jpg?fit=1200%2C677&ssl=1&resize=1050%2C600 3x"},"classes":[]},{"id":5653,"url":"https:\/\/soclose.mx\/blog\/lugares\/ex-convento-de-san-juan-bautista-del-siglo-xvi-en-yecapixtla-morelos\/","url_meta":{"origin":5288,"position":1},"title":"Ex Convento de San Juan Bautista del siglo XVI en Yecapixtla Morelos","author":"So Close","date":"21 enero, 2021","format":false,"excerpt":"Por Rosy Linares. La construcci\u00f3n del Ex Convento de San Juan Bautista, patrimonio de la Humanidad, fue iniciada en 1535 y concluida en 1541 por los agustinos, la fachada presenta rasgos g\u00f3ticos y renacentistas y el atrio alberga cuatro capillas posas. Por el pasado sismo del 19 de Septiembre del\u2026","rel":"","context":"En &quot;Lugares&quot;","block_context":{"text":"Lugares","link":"https:\/\/soclose.mx\/blog\/category\/lugares\/"},"img":{"alt_text":"","src":"https:\/\/i0.wp.com\/soclose.mx\/blog\/wp-content\/uploads\/2021\/01\/Principal-So-Close-blog-4.jpg?fit=1200%2C677&ssl=1&resize=350%2C200","width":350,"height":200,"srcset":"https:\/\/i0.wp.com\/soclose.mx\/blog\/wp-content\/uploads\/2021\/01\/Principal-So-Close-blog-4.jpg?fit=1200%2C677&ssl=1&resize=350%2C200 1x, https:\/\/i0.wp.com\/soclose.mx\/blog\/wp-content\/uploads\/2021\/01\/Principal-So-Close-blog-4.jpg?fit=1200%2C677&ssl=1&resize=525%2C300 1.5x, https:\/\/i0.wp.com\/soclose.mx\/blog\/wp-content\/uploads\/2021\/01\/Principal-So-Close-blog-4.jpg?fit=1200%2C677&ssl=1&resize=700%2C400 2x, https:\/\/i0.wp.com\/soclose.mx\/blog\/wp-content\/uploads\/2021\/01\/Principal-So-Close-blog-4.jpg?fit=1200%2C677&ssl=1&resize=1050%2C600 3x"},"classes":[]},{"id":5550,"url":"https:\/\/soclose.mx\/blog\/comida-mexicana\/cecina-icono-de-yecapixtla-y-heredera-del-jamon-serrano\/","url_meta":{"origin":5288,"position":2},"title":"Cecina, icono de Yecapixtla y heredera del jam\u00f3n serrano","author":"So Close","date":"30 diciembre, 2020","format":false,"excerpt":"Por Rosy Linares La cecina lleg\u00f3 a M\u00e9xico en la \u00e9poca de la conquista, entre los siglos XVI y XVII; su preparaci\u00f3n se hered\u00f3 de un producto t\u00edpicamente espa\u00f1ol: el jam\u00f3n serrano, pues al igual que este, la cecina se prepara con las tiras largas y anchas de la carne\u2026","rel":"","context":"En &quot;Comida mexicana&quot;","block_context":{"text":"Comida mexicana","link":"https:\/\/soclose.mx\/blog\/category\/comida-mexicana\/"},"img":{"alt_text":"","src":"https:\/\/i0.wp.com\/soclose.mx\/blog\/wp-content\/uploads\/2020\/12\/Principal-So-Close-blog-1.jpg?fit=1200%2C677&ssl=1&resize=350%2C200","width":350,"height":200,"srcset":"https:\/\/i0.wp.com\/soclose.mx\/blog\/wp-content\/uploads\/2020\/12\/Principal-So-Close-blog-1.jpg?fit=1200%2C677&ssl=1&resize=350%2C200 1x, https:\/\/i0.wp.com\/soclose.mx\/blog\/wp-content\/uploads\/2020\/12\/Principal-So-Close-blog-1.jpg?fit=1200%2C677&ssl=1&resize=525%2C300 1.5x, https:\/\/i0.wp.com\/soclose.mx\/blog\/wp-content\/uploads\/2020\/12\/Principal-So-Close-blog-1.jpg?fit=1200%2C677&ssl=1&resize=700%2C400 2x, https:\/\/i0.wp.com\/soclose.mx\/blog\/wp-content\/uploads\/2020\/12\/Principal-So-Close-blog-1.jpg?fit=1200%2C677&ssl=1&resize=1050%2C600 3x"},"classes":[]},{"id":5567,"url":"https:\/\/soclose.mx\/blog\/lugares\/soame-mujeres-de-tradicion-milenaria-en-el-telar-de-cintura\/","url_meta":{"origin":5288,"position":3},"title":"Soame &#8220;Mujeres de Tradici\u00f3n&#8221; milenaria en el telar de cintura","author":"So Close","date":"2 enero, 2024","format":false,"excerpt":"Por Rosy Linares. Soame \"Mujeres de Tradici\u00f3n\"; Grupo de Gabaneras de Hueyapan est\u00e1 conformado por 29 integrantes de entre 20 y 72 a\u00f1os de edad con una tradici\u00f3n milenaria en el telar de cintura. En el reci\u00e9n conformado municipio ind\u00edgena Hueyapan ubicado en la zona Oriente de los Altos de\u2026","rel":"","context":"En &quot;Lugares&quot;","block_context":{"text":"Lugares","link":"https:\/\/soclose.mx\/blog\/category\/lugares\/"},"img":{"alt_text":"","src":"https:\/\/i0.wp.com\/soclose.mx\/blog\/wp-content\/uploads\/2021\/01\/Principal-So-Close-blog.jpg?fit=1200%2C677&ssl=1&resize=350%2C200","width":350,"height":200,"srcset":"https:\/\/i0.wp.com\/soclose.mx\/blog\/wp-content\/uploads\/2021\/01\/Principal-So-Close-blog.jpg?fit=1200%2C677&ssl=1&resize=350%2C200 1x, https:\/\/i0.wp.com\/soclose.mx\/blog\/wp-content\/uploads\/2021\/01\/Principal-So-Close-blog.jpg?fit=1200%2C677&ssl=1&resize=525%2C300 1.5x, https:\/\/i0.wp.com\/soclose.mx\/blog\/wp-content\/uploads\/2021\/01\/Principal-So-Close-blog.jpg?fit=1200%2C677&ssl=1&resize=700%2C400 2x, https:\/\/i0.wp.com\/soclose.mx\/blog\/wp-content\/uploads\/2021\/01\/Principal-So-Close-blog.jpg?fit=1200%2C677&ssl=1&resize=1050%2C600 3x"},"classes":[]},{"id":5740,"url":"https:\/\/soclose.mx\/blog\/news-feed\/85-anos-de-la-representacion-de-la-obra-el-martir-del-golgota-en-ayala\/","url_meta":{"origin":5288,"position":4},"title":"85\u00a0a\u00f1os de la representaci\u00f3n de la obra \u201cEl m\u00e1rtir del G\u00f3lgota\u201d en Ayala","author":"So Close","date":"10 febrero, 2021","format":false,"excerpt":"Por Rosy Linares En este a\u00f1o 2021 se cumplir\u00edan 85 a\u00f1os de la representaci\u00f3n del \"M\u00e1rtir del G\u00f3lgota\" en la cabecera del municipio de Ayala en el estado de Morelos, pero por la pandemia y que el estado de Morelos sigue en Sem\u00e1foro Rojo tendr\u00e1 que cancelarse. Dicha obra de\u2026","rel":"","context":"En &quot;News feed&quot;","block_context":{"text":"News feed","link":"https:\/\/soclose.mx\/blog\/category\/news-feed\/"},"img":{"alt_text":"","src":"https:\/\/i0.wp.com\/soclose.mx\/blog\/wp-content\/uploads\/2021\/02\/MA%CC%80RTIRDELGO%CC%80LGOTA.jpg?fit=1200%2C677&ssl=1&resize=350%2C200","width":350,"height":200,"srcset":"https:\/\/i0.wp.com\/soclose.mx\/blog\/wp-content\/uploads\/2021\/02\/MA%CC%80RTIRDELGO%CC%80LGOTA.jpg?fit=1200%2C677&ssl=1&resize=350%2C200 1x, https:\/\/i0.wp.com\/soclose.mx\/blog\/wp-content\/uploads\/2021\/02\/MA%CC%80RTIRDELGO%CC%80LGOTA.jpg?fit=1200%2C677&ssl=1&resize=525%2C300 1.5x, https:\/\/i0.wp.com\/soclose.mx\/blog\/wp-content\/uploads\/2021\/02\/MA%CC%80RTIRDELGO%CC%80LGOTA.jpg?fit=1200%2C677&ssl=1&resize=700%2C400 2x, https:\/\/i0.wp.com\/soclose.mx\/blog\/wp-content\/uploads\/2021\/02\/MA%CC%80RTIRDELGO%CC%80LGOTA.jpg?fit=1200%2C677&ssl=1&resize=1050%2C600 3x"},"classes":[]},{"id":5712,"url":"https:\/\/soclose.mx\/blog\/lugares\/museo-del-chinelo-en-yautepec-morelos\/","url_meta":{"origin":5288,"position":5},"title":"Museo del Chinelo, en Yautepec, Morelos","author":"So Close","date":"2 febrero, 2021","format":false,"excerpt":"Por Rosy Linares En el coraz\u00f3n de la cabecera municipal de Yautepec, se encuentra el \"Museo del Chinelo\" arraigo de la identidad comunitaria, inaugurado el\u00a0 pasado 9 de noviembre de 2019. Durante su visita en este espacio cultural disfrutar\u00e1 de una importante aportaci\u00f3n de obras de artistas morelenses, se promueve\u2026","rel":"","context":"En &quot;Lugares&quot;","block_context":{"text":"Lugares","link":"https:\/\/soclose.mx\/blog\/category\/lugares\/"},"img":{"alt_text":"","src":"https:\/\/i0.wp.com\/soclose.mx\/blog\/wp-content\/uploads\/2021\/02\/Principal-So-Close-blog.jpg?fit=1200%2C677&ssl=1&resize=350%2C200","width":350,"height":200,"srcset":"https:\/\/i0.wp.com\/soclose.mx\/blog\/wp-content\/uploads\/2021\/02\/Principal-So-Close-blog.jpg?fit=1200%2C677&ssl=1&resize=350%2C200 1x, https:\/\/i0.wp.com\/soclose.mx\/blog\/wp-content\/uploads\/2021\/02\/Principal-So-Close-blog.jpg?fit=1200%2C677&ssl=1&resize=525%2C300 1.5x, https:\/\/i0.wp.com\/soclose.mx\/blog\/wp-content\/uploads\/2021\/02\/Principal-So-Close-blog.jpg?fit=1200%2C677&ssl=1&resize=700%2C400 2x, https:\/\/i0.wp.com\/soclose.mx\/blog\/wp-content\/uploads\/2021\/02\/Principal-So-Close-blog.jpg?fit=1200%2C677&ssl=1&resize=1050%2C600 3x"},"classes":[]}],"jetpack_sharing_enabled":true,"_links":{"self":[{"href":"https:\/\/soclose.mx\/blog\/wp-json\/wp\/v2\/posts\/5288","targetHints":{"allow":["GET"]}}],"collection":[{"href":"https:\/\/soclose.mx\/blog\/wp-json\/wp\/v2\/posts"}],"about":[{"href":"https:\/\/soclose.mx\/blog\/wp-json\/wp\/v2\/types\/post"}],"author":[{"embeddable":true,"href":"https:\/\/soclose.mx\/blog\/wp-json\/wp\/v2\/users\/5"}],"replies":[{"embeddable":true,"href":"https:\/\/soclose.mx\/blog\/wp-json\/wp\/v2\/comments?post=5288"}],"version-history":[{"count":0,"href":"https:\/\/soclose.mx\/blog\/wp-json\/wp\/v2\/posts\/5288\/revisions"}],"wp:featuredmedia":[{"embeddable":true,"href":"https:\/\/soclose.mx\/blog\/wp-json\/wp\/v2\/media\/5289"}],"wp:attachment":[{"href":"https:\/\/soclose.mx\/blog\/wp-json\/wp\/v2\/media?parent=5288"}],"wp:term":[{"taxonomy":"category","embeddable":true,"href":"https:\/\/soclose.mx\/blog\/wp-json\/wp\/v2\/categories?post=5288"},{"taxonomy":"post_tag","embeddable":true,"href":"https:\/\/soclose.mx\/blog\/wp-json\/wp\/v2\/tags?post=5288"}],"curies":[{"name":"wp","href":"https:\/\/api.w.org\/{rel}","templated":true}]}}