{"id":5370,"date":"2021-03-02T00:48:01","date_gmt":"2021-03-02T06:48:01","guid":{"rendered":"https:\/\/soclose.mx\/blog\/?p=5370"},"modified":"2021-03-02T09:59:45","modified_gmt":"2021-03-02T15:59:45","slug":"enchiladas-dona-anita","status":"publish","type":"post","link":"https:\/\/soclose.mx\/blog\/ay-goeeee\/enchiladas-dona-anita\/","title":{"rendered":"Enchiladas do\u00f1a Anita&#8230; cuando trasciende el sabor de Atlixco"},"content":{"rendered":"<p>Por <a href=\"https:\/\/twitter.com\/manolo_roca\" target=\"_blank\" rel=\"noopener noreferrer\"><em><strong>Manolo RoCa<\/strong><\/em><\/a><\/p>\n<p>Do\u00f1a <strong>Anita Ju\u00e1rez,<\/strong> originaria del municipio de <strong>Atlixco<\/strong> en el estado de <strong>Puebla,<\/strong> ya descansa en su casa, ve a sus nietos, bisnietos e hijos para hablar de las \u00e9pocas de oro y de lo que ahora es el mundo y <strong>M\u00e9xico.<\/strong><\/p>\n<p>En su mesa nunca falta recordar lo que sus <strong>enchiladas\u00a0<\/strong>le han dado a la familia, a los atlixquenses y a unos que otros visitantes de otros estados de la<strong> rep\u00fablica mexicana.<\/strong><\/p>\n<figure id=\"attachment_5516\" aria-describedby=\"caption-attachment-5516\" style=\"width: 300px\" class=\"wp-caption alignright\"><img data-recalc-dims=\"1\" fetchpriority=\"high\" decoding=\"async\" class=\"size-medium wp-image-5516\" src=\"https:\/\/i0.wp.com\/soclose.mx\/blog\/wp-content\/uploads\/2020\/11\/anita.jpg?resize=300%2C225&#038;ssl=1\" alt=\"\" width=\"300\" height=\"225\" srcset=\"https:\/\/i0.wp.com\/soclose.mx\/blog\/wp-content\/uploads\/2020\/11\/anita.jpg?resize=300%2C225&amp;ssl=1 300w, https:\/\/i0.wp.com\/soclose.mx\/blog\/wp-content\/uploads\/2020\/11\/anita.jpg?resize=768%2C576&amp;ssl=1 768w, https:\/\/i0.wp.com\/soclose.mx\/blog\/wp-content\/uploads\/2020\/11\/anita.jpg?resize=16%2C12&amp;ssl=1 16w, https:\/\/i0.wp.com\/soclose.mx\/blog\/wp-content\/uploads\/2020\/11\/anita.jpg?resize=770%2C578&amp;ssl=1 770w, https:\/\/i0.wp.com\/soclose.mx\/blog\/wp-content\/uploads\/2020\/11\/anita.jpg?w=960&amp;ssl=1 960w\" sizes=\"(max-width: 300px) 100vw, 300px\" \/><figcaption id=\"caption-attachment-5516\" class=\"wp-caption-text\">Do\u00f1a Anita en su casa con una de las cacerolas donde preparan el chile para las enchiladas.<\/figcaption><\/figure>\n<p>As\u00ed es como me cuenta cuando vivi\u00f3 la primera vez que comenz\u00f3 a vender: <em>&#8220;Yo les hablaba (a los clientes), acab\u00e9 toda mi tina de tortillas, (entonces) pues me quedaron ganas de volver&#8221;.<\/em><\/p>\n<p>Y me revela, solo un poquito, de la f\u00f3rmula con la que inici\u00f3 su tradici\u00f3n en las <strong>enchiladas desde hace m\u00e1s de 55 a\u00f1os:<\/strong><\/p>\n<blockquote><p><em>&#8220;les ech\u00e9 el rabo de cebolla, les ech\u00e9 suficiente ajo, mira esa vez me salieron al chupetes (muy ricas). Despu\u00e9s mi amiguita, la Maguito, me dijo: no les ponga pollo de polvo, p\u00f3ngales de cuadrito y eso le da mucho mejor sabor. Entonces le ech\u00e9 de cuadrito, le calculaba a la olla, era grande el espeso (el caldo), le echaba unos seis, siete, hasta que se deshac\u00eda y ya. De ah\u00ed no le solt\u00e9 ese sabor. Luego fue a comer un se\u00f1or y me dice: desmen\u00facele este pedazo de pollo y se lo pone encima, trabajo es que lo hice, porque a la siguiente semana ya estaba do\u00f1a Rosa (su competencia) con su pollo desmenuzando y ech\u00e1ndole a los platos; quieras que no, le tuve que entrar tambi\u00e9n. Ya que compro mis pechugas (de pollo) y las pon\u00eda a hervir, porque la se\u00f1ora lo estaba haciendo, luego la crema, luego la lechuga, y hasta la fecha ves que sigue la crema, la lechuga y el pollo.&#8221;<\/em><\/p><\/blockquote>\n<figure id=\"attachment_5514\" aria-describedby=\"caption-attachment-5514\" style=\"width: 300px\" class=\"wp-caption alignleft\"><img data-recalc-dims=\"1\" decoding=\"async\" class=\"wp-image-5514 size-medium\" src=\"https:\/\/i0.wp.com\/soclose.mx\/blog\/wp-content\/uploads\/2020\/11\/anita-enchiladas-300x225.jpg?resize=300%2C225&#038;ssl=1\" alt=\"\" width=\"300\" height=\"225\" srcset=\"https:\/\/i0.wp.com\/soclose.mx\/blog\/wp-content\/uploads\/2020\/11\/anita-enchiladas.jpg?resize=300%2C225&amp;ssl=1 300w, https:\/\/i0.wp.com\/soclose.mx\/blog\/wp-content\/uploads\/2020\/11\/anita-enchiladas.jpg?resize=768%2C576&amp;ssl=1 768w, https:\/\/i0.wp.com\/soclose.mx\/blog\/wp-content\/uploads\/2020\/11\/anita-enchiladas.jpg?resize=16%2C12&amp;ssl=1 16w, https:\/\/i0.wp.com\/soclose.mx\/blog\/wp-content\/uploads\/2020\/11\/anita-enchiladas.jpg?resize=770%2C578&amp;ssl=1 770w, https:\/\/i0.wp.com\/soclose.mx\/blog\/wp-content\/uploads\/2020\/11\/anita-enchiladas.jpg?w=960&amp;ssl=1 960w\" sizes=\"(max-width: 300px) 100vw, 300px\" \/><figcaption id=\"caption-attachment-5514\" class=\"wp-caption-text\">De izquierda a derecha. Paty (nieta), M\u00f3nica (nieta), do\u00f1a Anita, Laura &#8220;Lala&#8221; (hija y actual cabeza del negocio).<\/figcaption><\/figure>\n<blockquote><p>Su hija Laura, la m\u00e1s chica de ocho que trajo al mundo con don Luis Ortega, su esposo de oficio panadero y quien ya falleci\u00f3, se acomoda y, porque ahora ella es quien est\u00e1 a cargo del negocio, comenta: <em>&#8220;cuando ella (do\u00f1a Anita) inici\u00f3 a venderlas nada m\u00e1s era r\u00e1bano, cebolla y queso.&#8221;<br \/>\n<\/em>Y <strong>do\u00f1a Anita<\/strong><em> recuerda: &#8220;me llev\u00e9 primero a Juli\u00e1n (su hijo mayor) que estaba chico, luego me llev\u00e9 al Anselmo, despu\u00e9s ya al Anselmo lo cambi\u00e9, me empec\u00e9 a llevar a Gloria, luego Carmen, luego Laura.&#8221; <\/em>Cinco hijos se llev\u00f3 a vender, pero tambi\u00e9n la siguiente generaci\u00f3n, los nietos, le entraron: <em>&#8220;iba Claudia, M\u00f3nica y Paty. Paty estuvo desde la primaria conmigo, esa es la que m\u00e1s tard\u00f3, Patricia.&#8221;<\/em><\/p><\/blockquote>\n<p>Las enchiladas que hac\u00eda <strong>do\u00f1a Anita<\/strong> llegaron a tener tal auge que don Luis se concentr\u00f3 en su panader\u00eda, ella lo recuerda a detalle y describe como hizo para salir adelante con su pasi\u00f3n por las enchiladas y por su familia:<\/p>\n<blockquote><p>&#8220;<em>Aqu\u00ed el error fue que el abuelo (don Luis) se colg\u00f3 y ya no sab\u00eda si ten\u00edamos para comer o no. (ya no aportaba) nada, nada, nada. Yo les daba de comer, yo les daba para escuela, para todo. A m\u00ed me gustaba el mercado porque ten\u00eda dinero al d\u00eda, r\u00e1pido. Iba yo martes y s\u00e1bado.<br \/>\nMe pas\u00f3 tres veces, iba yo sin ni quinto, ya me iba derecho, pero que me doy la vuelta, ah\u00ed donde t\u00e1 el transformador (a unos pasos de la entrada de su casa) hab\u00eda un billetito de a 200, ah\u00ed taba volando, que me lo&#8230; (se\u00f1ala el\u00a0 bolsillo de su mandil) dije: ya tengo para comprar todo. Otra vez, igualmente, que llego, que limpio mi cacerola, llevaba poquito queso, poquito de todo, dije no, pero me falta, que empieza pasa y pasa la gente, que era la fiesta de Tepancingo, empez\u00f3 a pasar y a pasar, y as\u00ed como estaba yo agachada, que la gente estaba pasando, que me cae un billete, de esos de a 10 mil pesos y lo agarr\u00e9. Yo no cre\u00ed que la Mar\u00eda (su competencia) me estaba viendo; me dice: ese billete a alguien se le cay\u00f3 y lo va a venir a reclamar, le dije: Mar\u00eda, yo no se lo rob\u00e9 a nadie, ah\u00ed est\u00e1, que venga pues que venga, que lo agarro el billete, que lo meto bajo mi cacerola, y ah\u00ed se qued\u00f3, ah\u00ed lo ten\u00eda, acab\u00f3 de pasar la gente, vino m\u00e1s gente, pas\u00f3 la gente, pasaron las horas, lleg\u00f3 la noche, nadien lleg\u00f3, nada y el billete se me qued\u00f3.\u00a0 Ella (Mar\u00eda) me quer\u00eda sacar de ah\u00ed, porque pos la gente me segu\u00eda, la gente, aunque ella se enojaba y todo, y ella que ya ten\u00eda m\u00e1s a\u00f1os vendiendo ah\u00ed, pero pues la gente me segu\u00eda a m\u00ed. Y vend\u00eda yo y vend\u00eda.&#8221;<\/em><\/p><\/blockquote>\n<figure id=\"attachment_5520\" aria-describedby=\"caption-attachment-5520\" style=\"width: 265px\" class=\"wp-caption alignright\"><img data-recalc-dims=\"1\" decoding=\"async\" class=\" wp-image-5520\" src=\"https:\/\/i0.wp.com\/soclose.mx\/blog\/wp-content\/uploads\/2020\/11\/enchiladas-mercado.jpg?resize=265%2C353&#038;ssl=1\" alt=\"\" width=\"265\" height=\"353\" srcset=\"https:\/\/i0.wp.com\/soclose.mx\/blog\/wp-content\/uploads\/2020\/11\/enchiladas-mercado.jpg?resize=225%2C300&amp;ssl=1 225w, https:\/\/i0.wp.com\/soclose.mx\/blog\/wp-content\/uploads\/2020\/11\/enchiladas-mercado.jpg?resize=9%2C12&amp;ssl=1 9w, https:\/\/i0.wp.com\/soclose.mx\/blog\/wp-content\/uploads\/2020\/11\/enchiladas-mercado.jpg?w=720&amp;ssl=1 720w\" sizes=\"(max-width: 265px) 100vw, 265px\" \/><figcaption id=\"caption-attachment-5520\" class=\"wp-caption-text\"><em>Olla sobre el anafre de piedra en el lugar de venta en el mercado.<\/em><\/figcaption><\/figure>\n<p>En <strong>M\u00e9xico<\/strong> s\u00ed existe la competencia, pero tambi\u00e9n la fraternidad y el apoyo incondicional y do\u00f1a Anita vivi\u00f3 eso desde que comenz\u00f3 con sus enchiladas:<\/p>\n<blockquote><p><em>&#8220;(Un d\u00eda) Me robaron mi banca, ese d\u00eda (cuando) ya se empezaron a sentar las personas, se llevaron la banca, (m\u00e1s tarde) me dice un se\u00f1or que se llamaba don Cenobio, paz descanse, \u00bfqu\u00e9 le pas\u00f3 chaparrita? le digo: se llevaron mi banca, (le dijo don Cenobio) ll\u00e9vese usted esa banca y p\u00f3ngala, me dio su banca y ya tuve mi banca, dice: ah\u00ed t\u00e9ngala usted hasta que pueda comprarse la suya. Ah\u00ed la ten\u00eda, ya hasta despu\u00e9s mand\u00e9 a hacer la m\u00eda otra vez y ya que la pongo. Y do\u00f1a Mar\u00eda y Rosita, que en paz descanse tambi\u00e9n, luego murmuraban, no s\u00e9 qu\u00e9, dije: bueno ellas saben, si ellas se llevaron la banca pues all\u00e1, pero mira, gracias a Dios me ju\u00e9 muy bien.&#8221;<\/em><\/p><\/blockquote>\n<p>El sabor de las enchiladas ha llegado incluso hasta Nueva York: <em>&#8220;De Matamoros s\u00ed iban, de M\u00e9xico, de Puebla, y un se\u00f1or dice que estaba en Nueva York, me dec\u00eda \u00bfme puede vender dos galoncitos de salsa? y le llevaba yo al se\u00f1or. Dec\u00eda, lo meto al congelador y ya bien congelado me lo llevo. De la roja, que es la que m\u00e1s se vende,&#8221; <\/em>recuerda do\u00f1a Anita.<\/p>\n<p>Incluso el partido pol\u00edtico que gobernaba en la \u00e9poca en la que comenzaron las enchiladas en <strong>Atlixco<\/strong> asignaba una tarea &#8220;especial&#8221; para quienes se dedicaban a vender comida:<\/p>\n<blockquote><p><em>&#8220;Cuando estaba el PRI las agarraban (a las mujeres que vend\u00edan enchiladas en el mercado) para hacer enchiladas verdes&#8221;, <\/em>recuerda Laura, hija de do\u00f1a Anita. <em>&#8220;A m\u00ed (do\u00f1a Anita) me agarraban para hacer enchiladas verdes para las fiestas de ellos (los del PRI) su gente. Que si era el 12 de diciembre para las ma\u00f1anitas de la virgen, que si ten\u00edan que empezar a hacer proselitismo de partido las jalaban para darle de comer ah\u00ed a la gente.&#8221;<\/em><\/p>\n<p><em>&#8220;Nos pon\u00edan a hervir papas, los costales de papas, a fre\u00edrlas con longaniza y hacer papas, en tortas para los cabezones (l\u00edderes del partido). Cuando entr\u00f3 el PAN ah\u00ed acab\u00f3 todo. Pero el PAN nos quit\u00f3 el pedacito donde guard\u00e1bamos nuestras cosas.&#8221;<\/em><\/p><\/blockquote>\n<h3><strong>Lleg\u00f3 el cambio de estafeta.<\/strong><\/h3>\n<p>Pasaron d\u00e9cadas desde que do\u00f1a Anita comenz\u00f3 con sus enchiladas, hasta que la edad, la entrega en el campo de batalla (el mercado Ignacio Zaragoza) y la atenci\u00f3n a sus ocho hijos le cobraron la factura y tuvo que ceder el lugar:<\/p>\n<blockquote><p><em>&#8220;Una se\u00f1ora me compraba el puesto, me dec\u00eda cu\u00e1nto quiere por su puesto, pero Laura (hija de do\u00f1a Anita) ya me hab\u00eda dicho: mam\u00e1 d\u00e9jame tu puesto, yo ya no quiero estudiar, le digo: \u00f3rale \u00bflo vas a poder llevar? s\u00ed, dice: yo voy a aprender.&#8221;<\/em><\/p><\/blockquote>\n<figure id=\"attachment_5523\" aria-describedby=\"caption-attachment-5523\" style=\"width: 225px\" class=\"wp-caption alignright\"><img data-recalc-dims=\"1\" loading=\"lazy\" decoding=\"async\" class=\"size-medium wp-image-5523\" src=\"https:\/\/i0.wp.com\/soclose.mx\/blog\/wp-content\/uploads\/2020\/11\/lala.jpg?resize=225%2C300&#038;ssl=1\" alt=\"\" width=\"225\" height=\"300\" srcset=\"https:\/\/i0.wp.com\/soclose.mx\/blog\/wp-content\/uploads\/2020\/11\/lala.jpg?resize=225%2C300&amp;ssl=1 225w, https:\/\/i0.wp.com\/soclose.mx\/blog\/wp-content\/uploads\/2020\/11\/lala.jpg?resize=9%2C12&amp;ssl=1 9w, https:\/\/i0.wp.com\/soclose.mx\/blog\/wp-content\/uploads\/2020\/11\/lala.jpg?w=720&amp;ssl=1 720w\" sizes=\"(max-width: 225px) 100vw, 225px\" \/><figcaption id=\"caption-attachment-5523\" class=\"wp-caption-text\">Lala preparando un plato de enchiladas rojas, el m\u00e1s vendido.<\/figcaption><\/figure>\n<p>Laura &#8220;Lala&#8221;, como le conocen en la familia y amigos, aclara:<\/p>\n<blockquote><p>&#8220;Me qued\u00e9 porque a ella (do\u00f1a Anita) la operaron. Ella tuvo tres operaciones, primero tuvo su operaci\u00f3n de ves\u00edcula, pero cuando la operaron del ap\u00e9ndice ya ten\u00eda yo como 18 a\u00f1os m\u00e1s o menos, y fue cuando ya me dej\u00f3. Me avent\u00e9 as\u00ed, con o sin miedo, me avent\u00e9. Ella incluso no me dec\u00eda qu\u00e9 tanto es en el chile y pos con tal de que no se quedara, yo me aventaba a preparar el chile o sea, ella no me dec\u00eda los tantos (cantidad), yo nom\u00e1s as\u00ed solita de lo que observaba y pos ya as\u00ed poco a poco. Ya despu\u00e9s la operaron otra vez y ah\u00ed fue cuando ya me qued\u00e9 definitivamente. Me dijo: pues ah\u00ed t\u00fa y Paty (nieta de do\u00f1a Anita), yo me preguntaba c\u00f3mo nada m\u00e1s nosotras y t\u00fa (do\u00f1a Anita) qu\u00e9, (ella respond\u00eda) no, yo ya no, yo me quedo aqu\u00ed en la casa, ustedes v\u00e1yanse a trabajar.&#8221;<\/p>\n<p><em>&#8220;Aparte estaba enferma. Yo tendr\u00eda entre 18 o 20 a\u00f1os, cuando me dej\u00f3 ya al frente del puesto. Y pues, ya poco a poco se me fue quitando el miedo.&#8221;<\/em><\/p><\/blockquote>\n<p><img data-recalc-dims=\"1\" loading=\"lazy\" decoding=\"async\" class=\"wp-image-5508 alignright\" src=\"https:\/\/i0.wp.com\/soclose.mx\/blog\/wp-content\/uploads\/2020\/11\/enchiladas.jpg?resize=336%2C189&#038;ssl=1\" alt=\"\" width=\"336\" height=\"189\" srcset=\"https:\/\/i0.wp.com\/soclose.mx\/blog\/wp-content\/uploads\/2020\/11\/enchiladas.jpg?resize=300%2C169&amp;ssl=1 300w, https:\/\/i0.wp.com\/soclose.mx\/blog\/wp-content\/uploads\/2020\/11\/enchiladas.jpg?resize=1024%2C578&amp;ssl=1 1024w, https:\/\/i0.wp.com\/soclose.mx\/blog\/wp-content\/uploads\/2020\/11\/enchiladas.jpg?resize=768%2C434&amp;ssl=1 768w, https:\/\/i0.wp.com\/soclose.mx\/blog\/wp-content\/uploads\/2020\/11\/enchiladas.jpg?resize=16%2C9&amp;ssl=1 16w, https:\/\/i0.wp.com\/soclose.mx\/blog\/wp-content\/uploads\/2020\/11\/enchiladas.jpg?resize=770%2C435&amp;ssl=1 770w, https:\/\/i0.wp.com\/soclose.mx\/blog\/wp-content\/uploads\/2020\/11\/enchiladas.jpg?w=1240&amp;ssl=1 1240w\" sizes=\"(max-width: 336px) 100vw, 336px\" \/><\/p>\n<blockquote><p>Lala, madre de dos peque\u00f1as y el sost\u00e9n de su casa, tal cual lo hizo do\u00f1a Anita, adem\u00e1s de heredar un negocio pr\u00f3spero y bondadoso, aprendi\u00f3 a impregnar de pasi\u00f3n cada plato para cada cliente, haciendo honor a la cesi\u00f3n de todos los derechos para continuar la tradici\u00f3n de las enchis (como le dicen a las enchiladas todos los miembros de la familia Ortega Ju\u00e1rez).<\/p><\/blockquote>\n<p>Y ahora, tras m\u00e1s de medio siglo, Laura sostiene lo que comenz\u00f3 con &#8220;<em>el rabo de cebolla y suficiente ajo para que supiera al chupetes&#8221;, como dec\u00eda do\u00f1a Anita<\/em>: <em>&#8220;El mercado, el inmueble sigue igual. Pero ahora los clientes no aceptan las enchiladas con pocos ingredientes. No son fritas (las tortillas), son as\u00ed nada m\u00e1s, la tortilla como tal, aunque hay otras personas que las fr\u00eden.&#8221;<\/em><\/p>\n<p>&#8212;&#8212;&#8212;&#8212;&#8212;&#8212;&#8212;&#8212;&#8212;&#8212;&#8212;&#8212;&#8212;&#8212;&#8212;&#8212;&#8212;&#8212;&#8212;&#8212;&#8212;&#8212;&#8212;&#8212;&#8212;&#8212;&#8212;&#8212;&#8212;&#8212;&#8212;&#8212;&#8211;<\/p>\n<p>\u00bfTe gust\u00f3 la historia?,\u00a0<a href=\"https:\/\/soclose.mx\/wp\/contactanos\/\" target=\"_blank\" rel=\"noopener noreferrer\">cont\u00e1ctanos aqu\u00ed y cu\u00e9ntanos<\/a> qu\u00e9 contenidos quieres que hagamos para tu empresa.<\/p>\n","protected":false},"excerpt":{"rendered":"<p>Por Manolo RoCa Do\u00f1a Anita Ju\u00e1rez, originaria del municipio de Atlixco en el estado de Puebla, ya descansa en su casa, ve a sus nietos, bisnietos e hijos para hablar de las \u00e9pocas de oro y de lo que ahora es el mundo y M\u00e9xico. En su mesa nunca falta recordar lo que sus enchiladas\u00a0le han dado a la familia, a los atlixquenses y a unos que otros visitantes de otros estados de la rep\u00fablica mexicana. As\u00ed es como me cuenta cuando vivi\u00f3 la primera vez que comenz\u00f3 a vender: &#8220;Yo les hablaba (a los clientes), acab\u00e9 toda mi tina<\/p>\n","protected":false},"author":1,"featured_media":5535,"comment_status":"open","ping_status":"open","sticky":false,"template":"","format":"standard","meta":{"_jetpack_memberships_contains_paid_content":false,"footnotes":""},"categories":[1,2],"tags":[577,579,442,578,583,582,312,580,581],"class_list":["post-5370","post","type-post","status-publish","format-standard","has-post-thumbnail","hentry","category-ay-goeeee","category-comida-mexicana","tag-atlixco","tag-comida-mexicana","tag-enchiladas","tag-mexico","tag-mole","tag-mole-poblano","tag-puebla","tag-salsa-roja","tag-salsa-verde"],"yoast_head":"<!-- This site is optimized with the Yoast SEO plugin v26.7 - https:\/\/yoast.com\/wordpress\/plugins\/seo\/ -->\n<title>Enchiladas do\u00f1a Anita... cuando trasciende el sabor de Atlixco - So Close<\/title>\n<meta name=\"robots\" content=\"index, follow, max-snippet:-1, max-image-preview:large, max-video-preview:-1\" \/>\n<link rel=\"canonical\" href=\"https:\/\/soclose.mx\/blog\/ay-goeeee\/enchiladas-dona-anita\/\" \/>\n<meta property=\"og:locale\" content=\"es_MX\" \/>\n<meta property=\"og:type\" content=\"article\" \/>\n<meta property=\"og:title\" content=\"Enchiladas do\u00f1a Anita... cuando trasciende el sabor de Atlixco - So Close\" \/>\n<meta property=\"og:description\" content=\"Por Manolo RoCa Do\u00f1a Anita Ju\u00e1rez, originaria del municipio de Atlixco en el estado de Puebla, ya descansa en su casa, ve a sus nietos, bisnietos e hijos para hablar de las \u00e9pocas de oro y de lo que ahora es el mundo y M\u00e9xico. En su mesa nunca falta recordar lo que sus enchiladas\u00a0le han dado a la familia, a los atlixquenses y a unos que otros visitantes de otros estados de la rep\u00fablica mexicana. As\u00ed es como me cuenta cuando vivi\u00f3 la primera vez que comenz\u00f3 a vender: &#8220;Yo les hablaba (a los clientes), acab\u00e9 toda mi tina\" \/>\n<meta property=\"og:url\" content=\"https:\/\/soclose.mx\/blog\/ay-goeeee\/enchiladas-dona-anita\/\" \/>\n<meta property=\"og:site_name\" content=\"So Close\" \/>\n<meta property=\"article:published_time\" content=\"2021-03-02T06:48:01+00:00\" \/>\n<meta property=\"article:modified_time\" content=\"2021-03-02T15:59:45+00:00\" \/>\n<meta property=\"og:image\" content=\"https:\/\/i0.wp.com\/soclose.mx\/blog\/wp-content\/uploads\/2020\/12\/Principal-So-Close-blog.jpg?fit=1240%2C700&ssl=1\" \/>\n\t<meta property=\"og:image:width\" content=\"1240\" \/>\n\t<meta property=\"og:image:height\" content=\"700\" \/>\n\t<meta property=\"og:image:type\" content=\"image\/jpeg\" \/>\n<meta name=\"author\" content=\"So Close\" \/>\n<meta name=\"twitter:card\" content=\"summary_large_image\" \/>\n<meta name=\"twitter:label1\" content=\"Escrito por\" \/>\n\t<meta name=\"twitter:data1\" content=\"So Close\" \/>\n\t<meta name=\"twitter:label2\" content=\"Tiempo de lectura\" \/>\n\t<meta name=\"twitter:data2\" content=\"9 minutos\" \/>\n<script type=\"application\/ld+json\" class=\"yoast-schema-graph\">{\"@context\":\"https:\/\/schema.org\",\"@graph\":[{\"@type\":\"Article\",\"@id\":\"https:\/\/soclose.mx\/blog\/ay-goeeee\/enchiladas-dona-anita\/#article\",\"isPartOf\":{\"@id\":\"https:\/\/soclose.mx\/blog\/ay-goeeee\/enchiladas-dona-anita\/\"},\"author\":{\"name\":\"So Close\",\"@id\":\"https:\/\/soclose.mx\/blog\/#\/schema\/person\/723eb117ab965b55c3e56b5d29751667\"},\"headline\":\"Enchiladas do\u00f1a Anita&#8230; cuando trasciende el sabor de Atlixco\",\"datePublished\":\"2021-03-02T06:48:01+00:00\",\"dateModified\":\"2021-03-02T15:59:45+00:00\",\"mainEntityOfPage\":{\"@id\":\"https:\/\/soclose.mx\/blog\/ay-goeeee\/enchiladas-dona-anita\/\"},\"wordCount\":1800,\"commentCount\":0,\"publisher\":{\"@id\":\"https:\/\/soclose.mx\/blog\/#organization\"},\"image\":{\"@id\":\"https:\/\/soclose.mx\/blog\/ay-goeeee\/enchiladas-dona-anita\/#primaryimage\"},\"thumbnailUrl\":\"https:\/\/i0.wp.com\/soclose.mx\/blog\/wp-content\/uploads\/2020\/12\/Principal-So-Close-blog.jpg?fit=1240%2C700&ssl=1\",\"keywords\":[\"atlixco\",\"comida mexicana\",\"enchiladas\",\"mexico\",\"mole\",\"mole poblano\",\"puebla\",\"salsa roja\",\"salsa verde\"],\"articleSection\":[\"\u00a1Ay goeeee!\",\"Comida mexicana\"],\"inLanguage\":\"es\",\"potentialAction\":[{\"@type\":\"CommentAction\",\"name\":\"Comment\",\"target\":[\"https:\/\/soclose.mx\/blog\/ay-goeeee\/enchiladas-dona-anita\/#respond\"]}]},{\"@type\":\"WebPage\",\"@id\":\"https:\/\/soclose.mx\/blog\/ay-goeeee\/enchiladas-dona-anita\/\",\"url\":\"https:\/\/soclose.mx\/blog\/ay-goeeee\/enchiladas-dona-anita\/\",\"name\":\"Enchiladas do\u00f1a Anita... cuando trasciende el sabor de Atlixco - So Close\",\"isPartOf\":{\"@id\":\"https:\/\/soclose.mx\/blog\/#website\"},\"primaryImageOfPage\":{\"@id\":\"https:\/\/soclose.mx\/blog\/ay-goeeee\/enchiladas-dona-anita\/#primaryimage\"},\"image\":{\"@id\":\"https:\/\/soclose.mx\/blog\/ay-goeeee\/enchiladas-dona-anita\/#primaryimage\"},\"thumbnailUrl\":\"https:\/\/i0.wp.com\/soclose.mx\/blog\/wp-content\/uploads\/2020\/12\/Principal-So-Close-blog.jpg?fit=1240%2C700&ssl=1\",\"datePublished\":\"2021-03-02T06:48:01+00:00\",\"dateModified\":\"2021-03-02T15:59:45+00:00\",\"breadcrumb\":{\"@id\":\"https:\/\/soclose.mx\/blog\/ay-goeeee\/enchiladas-dona-anita\/#breadcrumb\"},\"inLanguage\":\"es\",\"potentialAction\":[{\"@type\":\"ReadAction\",\"target\":[\"https:\/\/soclose.mx\/blog\/ay-goeeee\/enchiladas-dona-anita\/\"]}]},{\"@type\":\"ImageObject\",\"inLanguage\":\"es\",\"@id\":\"https:\/\/soclose.mx\/blog\/ay-goeeee\/enchiladas-dona-anita\/#primaryimage\",\"url\":\"https:\/\/i0.wp.com\/soclose.mx\/blog\/wp-content\/uploads\/2020\/12\/Principal-So-Close-blog.jpg?fit=1240%2C700&ssl=1\",\"contentUrl\":\"https:\/\/i0.wp.com\/soclose.mx\/blog\/wp-content\/uploads\/2020\/12\/Principal-So-Close-blog.jpg?fit=1240%2C700&ssl=1\",\"width\":1240,\"height\":700},{\"@type\":\"BreadcrumbList\",\"@id\":\"https:\/\/soclose.mx\/blog\/ay-goeeee\/enchiladas-dona-anita\/#breadcrumb\",\"itemListElement\":[{\"@type\":\"ListItem\",\"position\":1,\"name\":\"Inicio\",\"item\":\"https:\/\/soclose.mx\/blog\/\"},{\"@type\":\"ListItem\",\"position\":2,\"name\":\"Enchiladas do\u00f1a Anita&#8230; cuando trasciende el sabor de Atlixco\"}]},{\"@type\":\"WebSite\",\"@id\":\"https:\/\/soclose.mx\/blog\/#website\",\"url\":\"https:\/\/soclose.mx\/blog\/\",\"name\":\"So Close\",\"description\":\"Hacemos contenidos de M\u00e9xico\",\"publisher\":{\"@id\":\"https:\/\/soclose.mx\/blog\/#organization\"},\"potentialAction\":[{\"@type\":\"SearchAction\",\"target\":{\"@type\":\"EntryPoint\",\"urlTemplate\":\"https:\/\/soclose.mx\/blog\/?s={search_term_string}\"},\"query-input\":{\"@type\":\"PropertyValueSpecification\",\"valueRequired\":true,\"valueName\":\"search_term_string\"}}],\"inLanguage\":\"es\"},{\"@type\":\"Organization\",\"@id\":\"https:\/\/soclose.mx\/blog\/#organization\",\"name\":\"So Close\",\"url\":\"https:\/\/soclose.mx\/blog\/\",\"logo\":{\"@type\":\"ImageObject\",\"inLanguage\":\"es\",\"@id\":\"https:\/\/soclose.mx\/blog\/#\/schema\/logo\/image\/\",\"url\":\"https:\/\/i0.wp.com\/soclose.mx\/blog\/wp-content\/uploads\/2020\/12\/LOGO_SOCLOSE_COLOR-e1608310133507.png?fit=2858%2C1264&ssl=1\",\"contentUrl\":\"https:\/\/i0.wp.com\/soclose.mx\/blog\/wp-content\/uploads\/2020\/12\/LOGO_SOCLOSE_COLOR-e1608310133507.png?fit=2858%2C1264&ssl=1\",\"width\":2858,\"height\":1264,\"caption\":\"So Close\"},\"image\":{\"@id\":\"https:\/\/soclose.mx\/blog\/#\/schema\/logo\/image\/\"}},{\"@type\":\"Person\",\"@id\":\"https:\/\/soclose.mx\/blog\/#\/schema\/person\/723eb117ab965b55c3e56b5d29751667\",\"name\":\"So Close\",\"image\":{\"@type\":\"ImageObject\",\"inLanguage\":\"es\",\"@id\":\"https:\/\/soclose.mx\/blog\/#\/schema\/person\/image\/\",\"url\":\"https:\/\/secure.gravatar.com\/avatar\/5a1d1d694eaf6d2c28f450f0984cbb34821b92dc49c1d088c0250fbc6a48efec?s=96&d=mm&r=g\",\"contentUrl\":\"https:\/\/secure.gravatar.com\/avatar\/5a1d1d694eaf6d2c28f450f0984cbb34821b92dc49c1d088c0250fbc6a48efec?s=96&d=mm&r=g\",\"caption\":\"So Close\"},\"sameAs\":[\"http:\/\/www.soclose.mx\",\"https:\/\/www.youtube.com\/@soclosemx\"],\"url\":\"https:\/\/soclose.mx\/blog\/author\/admin\/\"}]}<\/script>\n<!-- \/ Yoast SEO plugin. -->","yoast_head_json":{"title":"Enchiladas do\u00f1a Anita... cuando trasciende el sabor de Atlixco - So Close","robots":{"index":"index","follow":"follow","max-snippet":"max-snippet:-1","max-image-preview":"max-image-preview:large","max-video-preview":"max-video-preview:-1"},"canonical":"https:\/\/soclose.mx\/blog\/ay-goeeee\/enchiladas-dona-anita\/","og_locale":"es_MX","og_type":"article","og_title":"Enchiladas do\u00f1a Anita... cuando trasciende el sabor de Atlixco - So Close","og_description":"Por Manolo RoCa Do\u00f1a Anita Ju\u00e1rez, originaria del municipio de Atlixco en el estado de Puebla, ya descansa en su casa, ve a sus nietos, bisnietos e hijos para hablar de las \u00e9pocas de oro y de lo que ahora es el mundo y M\u00e9xico. En su mesa nunca falta recordar lo que sus enchiladas\u00a0le han dado a la familia, a los atlixquenses y a unos que otros visitantes de otros estados de la rep\u00fablica mexicana. As\u00ed es como me cuenta cuando vivi\u00f3 la primera vez que comenz\u00f3 a vender: &#8220;Yo les hablaba (a los clientes), acab\u00e9 toda mi tina","og_url":"https:\/\/soclose.mx\/blog\/ay-goeeee\/enchiladas-dona-anita\/","og_site_name":"So Close","article_published_time":"2021-03-02T06:48:01+00:00","article_modified_time":"2021-03-02T15:59:45+00:00","og_image":[{"width":1240,"height":700,"url":"https:\/\/i0.wp.com\/soclose.mx\/blog\/wp-content\/uploads\/2020\/12\/Principal-So-Close-blog.jpg?fit=1240%2C700&ssl=1","type":"image\/jpeg"}],"author":"So Close","twitter_card":"summary_large_image","twitter_misc":{"Escrito por":"So Close","Tiempo de lectura":"9 minutos"},"schema":{"@context":"https:\/\/schema.org","@graph":[{"@type":"Article","@id":"https:\/\/soclose.mx\/blog\/ay-goeeee\/enchiladas-dona-anita\/#article","isPartOf":{"@id":"https:\/\/soclose.mx\/blog\/ay-goeeee\/enchiladas-dona-anita\/"},"author":{"name":"So Close","@id":"https:\/\/soclose.mx\/blog\/#\/schema\/person\/723eb117ab965b55c3e56b5d29751667"},"headline":"Enchiladas do\u00f1a Anita&#8230; cuando trasciende el sabor de Atlixco","datePublished":"2021-03-02T06:48:01+00:00","dateModified":"2021-03-02T15:59:45+00:00","mainEntityOfPage":{"@id":"https:\/\/soclose.mx\/blog\/ay-goeeee\/enchiladas-dona-anita\/"},"wordCount":1800,"commentCount":0,"publisher":{"@id":"https:\/\/soclose.mx\/blog\/#organization"},"image":{"@id":"https:\/\/soclose.mx\/blog\/ay-goeeee\/enchiladas-dona-anita\/#primaryimage"},"thumbnailUrl":"https:\/\/i0.wp.com\/soclose.mx\/blog\/wp-content\/uploads\/2020\/12\/Principal-So-Close-blog.jpg?fit=1240%2C700&ssl=1","keywords":["atlixco","comida mexicana","enchiladas","mexico","mole","mole poblano","puebla","salsa roja","salsa verde"],"articleSection":["\u00a1Ay goeeee!","Comida mexicana"],"inLanguage":"es","potentialAction":[{"@type":"CommentAction","name":"Comment","target":["https:\/\/soclose.mx\/blog\/ay-goeeee\/enchiladas-dona-anita\/#respond"]}]},{"@type":"WebPage","@id":"https:\/\/soclose.mx\/blog\/ay-goeeee\/enchiladas-dona-anita\/","url":"https:\/\/soclose.mx\/blog\/ay-goeeee\/enchiladas-dona-anita\/","name":"Enchiladas do\u00f1a Anita... cuando trasciende el sabor de Atlixco - So Close","isPartOf":{"@id":"https:\/\/soclose.mx\/blog\/#website"},"primaryImageOfPage":{"@id":"https:\/\/soclose.mx\/blog\/ay-goeeee\/enchiladas-dona-anita\/#primaryimage"},"image":{"@id":"https:\/\/soclose.mx\/blog\/ay-goeeee\/enchiladas-dona-anita\/#primaryimage"},"thumbnailUrl":"https:\/\/i0.wp.com\/soclose.mx\/blog\/wp-content\/uploads\/2020\/12\/Principal-So-Close-blog.jpg?fit=1240%2C700&ssl=1","datePublished":"2021-03-02T06:48:01+00:00","dateModified":"2021-03-02T15:59:45+00:00","breadcrumb":{"@id":"https:\/\/soclose.mx\/blog\/ay-goeeee\/enchiladas-dona-anita\/#breadcrumb"},"inLanguage":"es","potentialAction":[{"@type":"ReadAction","target":["https:\/\/soclose.mx\/blog\/ay-goeeee\/enchiladas-dona-anita\/"]}]},{"@type":"ImageObject","inLanguage":"es","@id":"https:\/\/soclose.mx\/blog\/ay-goeeee\/enchiladas-dona-anita\/#primaryimage","url":"https:\/\/i0.wp.com\/soclose.mx\/blog\/wp-content\/uploads\/2020\/12\/Principal-So-Close-blog.jpg?fit=1240%2C700&ssl=1","contentUrl":"https:\/\/i0.wp.com\/soclose.mx\/blog\/wp-content\/uploads\/2020\/12\/Principal-So-Close-blog.jpg?fit=1240%2C700&ssl=1","width":1240,"height":700},{"@type":"BreadcrumbList","@id":"https:\/\/soclose.mx\/blog\/ay-goeeee\/enchiladas-dona-anita\/#breadcrumb","itemListElement":[{"@type":"ListItem","position":1,"name":"Inicio","item":"https:\/\/soclose.mx\/blog\/"},{"@type":"ListItem","position":2,"name":"Enchiladas do\u00f1a Anita&#8230; cuando trasciende el sabor de Atlixco"}]},{"@type":"WebSite","@id":"https:\/\/soclose.mx\/blog\/#website","url":"https:\/\/soclose.mx\/blog\/","name":"So Close","description":"Hacemos contenidos de M\u00e9xico","publisher":{"@id":"https:\/\/soclose.mx\/blog\/#organization"},"potentialAction":[{"@type":"SearchAction","target":{"@type":"EntryPoint","urlTemplate":"https:\/\/soclose.mx\/blog\/?s={search_term_string}"},"query-input":{"@type":"PropertyValueSpecification","valueRequired":true,"valueName":"search_term_string"}}],"inLanguage":"es"},{"@type":"Organization","@id":"https:\/\/soclose.mx\/blog\/#organization","name":"So Close","url":"https:\/\/soclose.mx\/blog\/","logo":{"@type":"ImageObject","inLanguage":"es","@id":"https:\/\/soclose.mx\/blog\/#\/schema\/logo\/image\/","url":"https:\/\/i0.wp.com\/soclose.mx\/blog\/wp-content\/uploads\/2020\/12\/LOGO_SOCLOSE_COLOR-e1608310133507.png?fit=2858%2C1264&ssl=1","contentUrl":"https:\/\/i0.wp.com\/soclose.mx\/blog\/wp-content\/uploads\/2020\/12\/LOGO_SOCLOSE_COLOR-e1608310133507.png?fit=2858%2C1264&ssl=1","width":2858,"height":1264,"caption":"So Close"},"image":{"@id":"https:\/\/soclose.mx\/blog\/#\/schema\/logo\/image\/"}},{"@type":"Person","@id":"https:\/\/soclose.mx\/blog\/#\/schema\/person\/723eb117ab965b55c3e56b5d29751667","name":"So Close","image":{"@type":"ImageObject","inLanguage":"es","@id":"https:\/\/soclose.mx\/blog\/#\/schema\/person\/image\/","url":"https:\/\/secure.gravatar.com\/avatar\/5a1d1d694eaf6d2c28f450f0984cbb34821b92dc49c1d088c0250fbc6a48efec?s=96&d=mm&r=g","contentUrl":"https:\/\/secure.gravatar.com\/avatar\/5a1d1d694eaf6d2c28f450f0984cbb34821b92dc49c1d088c0250fbc6a48efec?s=96&d=mm&r=g","caption":"So Close"},"sameAs":["http:\/\/www.soclose.mx","https:\/\/www.youtube.com\/@soclosemx"],"url":"https:\/\/soclose.mx\/blog\/author\/admin\/"}]}},"jetpack_featured_media_url":"https:\/\/i0.wp.com\/soclose.mx\/blog\/wp-content\/uploads\/2020\/12\/Principal-So-Close-blog.jpg?fit=1240%2C700&ssl=1","jetpack-related-posts":[{"id":6942,"url":"https:\/\/soclose.mx\/blog\/news-feed\/primer-festival-del-aguacate-en-atlixco-puebla\/","url_meta":{"origin":5370,"position":0},"title":"Primer festival del aguacate en Atlixco, Puebla","author":"Miguel Angel Romero","date":"24 agosto, 2021","format":false,"excerpt":"Si t\u00fa eres amante del aguacate, entonces prep\u00e1rate porque el pr\u00f3ximo 28 y 29 de agosto se llevar\u00e1 a cabo el primer Festival del Aguacate en Atlixco, Puebla. El poblado no s\u00f3lo se cuenta con una buena producci\u00f3n de este fruto, sino que adem\u00e1s ya posee\u00a0un d\u00eda dedicado a \u00e9l,\u2026","rel":"","context":"En &quot;News feed&quot;","block_context":{"text":"News feed","link":"https:\/\/soclose.mx\/blog\/category\/news-feed\/"},"img":{"alt_text":"","src":"https:\/\/i0.wp.com\/soclose.mx\/blog\/wp-content\/uploads\/2021\/08\/Principal-So-Close-blog-21.jpg?fit=1200%2C677&ssl=1&resize=350%2C200","width":350,"height":200,"srcset":"https:\/\/i0.wp.com\/soclose.mx\/blog\/wp-content\/uploads\/2021\/08\/Principal-So-Close-blog-21.jpg?fit=1200%2C677&ssl=1&resize=350%2C200 1x, https:\/\/i0.wp.com\/soclose.mx\/blog\/wp-content\/uploads\/2021\/08\/Principal-So-Close-blog-21.jpg?fit=1200%2C677&ssl=1&resize=525%2C300 1.5x, https:\/\/i0.wp.com\/soclose.mx\/blog\/wp-content\/uploads\/2021\/08\/Principal-So-Close-blog-21.jpg?fit=1200%2C677&ssl=1&resize=700%2C400 2x, https:\/\/i0.wp.com\/soclose.mx\/blog\/wp-content\/uploads\/2021\/08\/Principal-So-Close-blog-21.jpg?fit=1200%2C677&ssl=1&resize=1050%2C600 3x"},"classes":[]},{"id":7236,"url":"https:\/\/soclose.mx\/blog\/news-feed\/puebla-esta-en-el-aire-primer-festival-del-globo-en-atlixco\/","url_meta":{"origin":5370,"position":1},"title":"\u00a1Puebla est\u00e1 en el aire!: Primer Festival del Globo en Atlixco","author":"Miguel Angel Romero","date":"17 septiembre, 2021","format":false,"excerpt":"Se alista el primer\u00a0Festival del Globo\u00a0\u201cPuebla est\u00e1 en el aire\u201d en\u00a0Atlixco, Puebla, donde el\u00a02 y 3 de octubre en el Parque Xtremo, podr\u00e1s disfrutar decenas de\u00a0globos aerost\u00e1ticos en pleno vuelo. Se presentar\u00e1n 25\u00a0 en los cuales se planean ofrecer experiencias como: \u201cEl vuelo del alba\u201d, un recorrido d\u00f3nde se podr\u00e1n\u2026","rel":"","context":"En &quot;News feed&quot;","block_context":{"text":"News feed","link":"https:\/\/soclose.mx\/blog\/category\/news-feed\/"},"img":{"alt_text":"","src":"https:\/\/i0.wp.com\/soclose.mx\/blog\/wp-content\/uploads\/2021\/09\/Principal-So-Close-blog-13-2.jpg?fit=1200%2C677&ssl=1&resize=350%2C200","width":350,"height":200,"srcset":"https:\/\/i0.wp.com\/soclose.mx\/blog\/wp-content\/uploads\/2021\/09\/Principal-So-Close-blog-13-2.jpg?fit=1200%2C677&ssl=1&resize=350%2C200 1x, https:\/\/i0.wp.com\/soclose.mx\/blog\/wp-content\/uploads\/2021\/09\/Principal-So-Close-blog-13-2.jpg?fit=1200%2C677&ssl=1&resize=525%2C300 1.5x, https:\/\/i0.wp.com\/soclose.mx\/blog\/wp-content\/uploads\/2021\/09\/Principal-So-Close-blog-13-2.jpg?fit=1200%2C677&ssl=1&resize=700%2C400 2x, https:\/\/i0.wp.com\/soclose.mx\/blog\/wp-content\/uploads\/2021\/09\/Principal-So-Close-blog-13-2.jpg?fit=1200%2C677&ssl=1&resize=1050%2C600 3x"},"classes":[]},{"id":10708,"url":"https:\/\/soclose.mx\/blog\/ay-goeeee\/aficionados-mexicanizan-a-dani-alves-nuevo-jugador-de-los-pumas\/","url_meta":{"origin":5370,"position":2},"title":"El d\u00eda que aficionados &#8220;mexicanizaron&#8221; a Dani Alves cuando lleg\u00f3 a Pumas","author":"Daniel Ram\u00edrez","date":"23 julio, 2022","format":false,"excerpt":"Vaya que la llegada de Dani Alves a los Pumas de la UNAM, fue una noticia mundial. Y para que nuestro querido Dani no le cueste tanto la adaptaci\u00f3n a las costumbres mexicanas y la pase de lo lindo, aficionados del equipo y otros fans se encargaron de dejarle algunos\u2026","rel":"","context":"En &quot;\u00a1Ay goeeee!&quot;","block_context":{"text":"\u00a1Ay goeeee!","link":"https:\/\/soclose.mx\/blog\/category\/ay-goeeee\/"},"img":{"alt_text":"","src":"https:\/\/i0.wp.com\/soclose.mx\/blog\/wp-content\/uploads\/2022\/07\/pumas.png?fit=670%2C449&ssl=1&resize=350%2C200","width":350,"height":200,"srcset":"https:\/\/i0.wp.com\/soclose.mx\/blog\/wp-content\/uploads\/2022\/07\/pumas.png?fit=670%2C449&ssl=1&resize=350%2C200 1x, https:\/\/i0.wp.com\/soclose.mx\/blog\/wp-content\/uploads\/2022\/07\/pumas.png?fit=670%2C449&ssl=1&resize=525%2C300 1.5x"},"classes":[]},{"id":14939,"url":"https:\/\/soclose.mx\/blog\/news-feed\/valle-de-catrinas-atlixco-2025-guia-para-visitarlas\/","url_meta":{"origin":5370,"position":3},"title":"Valle de Catrinas Atlixco 2025: gu\u00eda para visitarlas","author":"So Close","date":"24 octubre, 2025","format":false,"excerpt":"El Valle de Catrinas Atlixco 2025 es una experiencia \u00fanica que se celebra cada a\u00f1o para honrar la tradici\u00f3n del D\u00eda de Muertos con arte y cultura viva. En 2025, esta festividad contar\u00e1 con 22 impresionantes esculturas monumentales de catrinas, muchas de las cuales se alzan hasta ocho metros de\u2026","rel":"","context":"En &quot;News feed&quot;","block_context":{"text":"News feed","link":"https:\/\/soclose.mx\/blog\/category\/news-feed\/"},"img":{"alt_text":"Catrina en Atlixco","src":"https:\/\/i0.wp.com\/soclose.mx\/blog\/wp-content\/uploads\/2025\/10\/Catrina-en-Atlixco.jpg?fit=1200%2C675&ssl=1&resize=350%2C200","width":350,"height":200,"srcset":"https:\/\/i0.wp.com\/soclose.mx\/blog\/wp-content\/uploads\/2025\/10\/Catrina-en-Atlixco.jpg?fit=1200%2C675&ssl=1&resize=350%2C200 1x, https:\/\/i0.wp.com\/soclose.mx\/blog\/wp-content\/uploads\/2025\/10\/Catrina-en-Atlixco.jpg?fit=1200%2C675&ssl=1&resize=525%2C300 1.5x, https:\/\/i0.wp.com\/soclose.mx\/blog\/wp-content\/uploads\/2025\/10\/Catrina-en-Atlixco.jpg?fit=1200%2C675&ssl=1&resize=700%2C400 2x, https:\/\/i0.wp.com\/soclose.mx\/blog\/wp-content\/uploads\/2025\/10\/Catrina-en-Atlixco.jpg?fit=1200%2C675&ssl=1&resize=1050%2C600 3x"},"classes":[]},{"id":9850,"url":"https:\/\/soclose.mx\/blog\/comida-mexicana\/cocina-mexicana-conquista-peru\/","url_meta":{"origin":5370,"position":4},"title":"Cocina mexicana conquista Per\u00fa","author":"Daniel Ram\u00edrez","date":"13 mayo, 2022","format":false,"excerpt":"Para nadie es extra\u00f1o que la comida mexicana es una delicia y no solo lo decimos los mexicanos. Dentro y fuera de nuestro pa\u00eds en bien valorada y reconocen toda la riqueza de sabores que tiene. Pero, \u00bfqu\u00e9 pasa cuando se fusiona con otra cocina? Eso fue lo que experimentaron\u2026","rel":"","context":"En &quot;Comida mexicana&quot;","block_context":{"text":"Comida mexicana","link":"https:\/\/soclose.mx\/blog\/category\/comida-mexicana\/"},"img":{"alt_text":"","src":"https:\/\/i0.wp.com\/soclose.mx\/blog\/wp-content\/uploads\/2022\/05\/peru.jpg?fit=886%2C694&ssl=1&resize=350%2C200","width":350,"height":200,"srcset":"https:\/\/i0.wp.com\/soclose.mx\/blog\/wp-content\/uploads\/2022\/05\/peru.jpg?fit=886%2C694&ssl=1&resize=350%2C200 1x, https:\/\/i0.wp.com\/soclose.mx\/blog\/wp-content\/uploads\/2022\/05\/peru.jpg?fit=886%2C694&ssl=1&resize=525%2C300 1.5x, https:\/\/i0.wp.com\/soclose.mx\/blog\/wp-content\/uploads\/2022\/05\/peru.jpg?fit=886%2C694&ssl=1&resize=700%2C400 2x"},"classes":[]},{"id":7034,"url":"https:\/\/soclose.mx\/blog\/ay-goeeee\/13-frases-o-dichos-muy-mexicanos\/","url_meta":{"origin":5370,"position":5},"title":"13 frases o dichos muy mexicanos","author":"Miguel Angel Romero","date":"9 septiembre, 2021","format":false,"excerpt":"Las frases o dichos populares, sin duda,\u00a0 son un\u00a0c\u00famulo de informaci\u00f3n cultural y reflejan la visi\u00f3n popular\u00a0y hasta\u00a0modus vivendi, adem\u00e1s de recordar, incluso, episodios hist\u00f3ricos. Quiz\u00e1 sean herencias familiares, influencias culturales o hasta\u00a0 presiones sociales que hasta el d\u00eda de hoy, las seguimos diciendo. Aqu\u00ed, te dejamos algunas frases, con\u2026","rel":"","context":"En &quot;\u00a1Ay goeeee!&quot;","block_context":{"text":"\u00a1Ay goeeee!","link":"https:\/\/soclose.mx\/blog\/category\/ay-goeeee\/"},"img":{"alt_text":"","src":"https:\/\/i0.wp.com\/soclose.mx\/blog\/wp-content\/uploads\/2021\/08\/Principal-So-Close-blog-11-1.jpg?fit=1200%2C677&ssl=1&resize=350%2C200","width":350,"height":200,"srcset":"https:\/\/i0.wp.com\/soclose.mx\/blog\/wp-content\/uploads\/2021\/08\/Principal-So-Close-blog-11-1.jpg?fit=1200%2C677&ssl=1&resize=350%2C200 1x, https:\/\/i0.wp.com\/soclose.mx\/blog\/wp-content\/uploads\/2021\/08\/Principal-So-Close-blog-11-1.jpg?fit=1200%2C677&ssl=1&resize=525%2C300 1.5x, https:\/\/i0.wp.com\/soclose.mx\/blog\/wp-content\/uploads\/2021\/08\/Principal-So-Close-blog-11-1.jpg?fit=1200%2C677&ssl=1&resize=700%2C400 2x, https:\/\/i0.wp.com\/soclose.mx\/blog\/wp-content\/uploads\/2021\/08\/Principal-So-Close-blog-11-1.jpg?fit=1200%2C677&ssl=1&resize=1050%2C600 3x"},"classes":[]}],"jetpack_sharing_enabled":true,"_links":{"self":[{"href":"https:\/\/soclose.mx\/blog\/wp-json\/wp\/v2\/posts\/5370","targetHints":{"allow":["GET"]}}],"collection":[{"href":"https:\/\/soclose.mx\/blog\/wp-json\/wp\/v2\/posts"}],"about":[{"href":"https:\/\/soclose.mx\/blog\/wp-json\/wp\/v2\/types\/post"}],"author":[{"embeddable":true,"href":"https:\/\/soclose.mx\/blog\/wp-json\/wp\/v2\/users\/1"}],"replies":[{"embeddable":true,"href":"https:\/\/soclose.mx\/blog\/wp-json\/wp\/v2\/comments?post=5370"}],"version-history":[{"count":0,"href":"https:\/\/soclose.mx\/blog\/wp-json\/wp\/v2\/posts\/5370\/revisions"}],"wp:featuredmedia":[{"embeddable":true,"href":"https:\/\/soclose.mx\/blog\/wp-json\/wp\/v2\/media\/5535"}],"wp:attachment":[{"href":"https:\/\/soclose.mx\/blog\/wp-json\/wp\/v2\/media?parent=5370"}],"wp:term":[{"taxonomy":"category","embeddable":true,"href":"https:\/\/soclose.mx\/blog\/wp-json\/wp\/v2\/categories?post=5370"},{"taxonomy":"post_tag","embeddable":true,"href":"https:\/\/soclose.mx\/blog\/wp-json\/wp\/v2\/tags?post=5370"}],"curies":[{"name":"wp","href":"https:\/\/api.w.org\/{rel}","templated":true}]}}