{"id":5635,"date":"2021-01-14T21:10:25","date_gmt":"2021-01-15T03:10:25","guid":{"rendered":"https:\/\/soclose.mx\/blog\/?p=5635"},"modified":"2021-01-14T21:10:25","modified_gmt":"2021-01-15T03:10:25","slug":"paises-del-mundo-maya-le-muestran-al-planeta-lo-que-tienen","status":"publish","type":"post","link":"https:\/\/soclose.mx\/blog\/news-feed\/paises-del-mundo-maya-le-muestran-al-planeta-lo-que-tienen\/","title":{"rendered":"Pa\u00edses del Mundo Maya le muestran al planeta lo que tienen"},"content":{"rendered":"<p>Bajo un formato digital, los pa\u00edses que conforman la <strong>Organizaci\u00f3n del Mundo Maya<\/strong> expondr\u00e1n su oferta tur\u00edstica al mundo en b\u00fasqueda de oportunidades de negocios.<\/p>\n<p>M\u00e9rida, Yucat\u00e1n a 14 de enero de 2021.- Se realiz\u00f3 la primera rueda de negocios virtual, con la expectativa de generar nuevas oportunidades y afianzar alianzas estrat\u00e9gicas entre prestadores de servicios de los 5 pa\u00edses miembros, <strong>El Salvador, Guatemala, Honduras, Belice y M\u00e9xico<\/strong> con los cinco estados que conforman la Regi\u00f3n Mundo Maya: <strong>Yucat\u00e1n, Campeche, Chiapas, Quintana Roo y Tabasco. <\/strong><\/p>\n<p>La rueda de negocios del <strong>Mundo Maya<\/strong> representa la primera acci\u00f3n de promoci\u00f3n y comercializaci\u00f3n del a\u00f1o 2021 que los l\u00edderes del turismo de los pa\u00edses miembros llevan a cabo y forma parte de un plan estrat\u00e9gico que pretende impulsar el posicionamiento y el trabajo integrado de la regi\u00f3n como un <strong>multi-destino tur\u00edstico.<\/strong><\/p>\n<p>Del 20 al 22 de enero pr\u00f3ximo y en un horario de las 8:00 a las 17:00 horas, a trav\u00e9s de una plataforma tecnol\u00f3gica que provee los elementos necesarios para la interacci\u00f3n efectiva entre expositores y compradores, igualando o superando los resultados de una feria en vivo se concretar\u00e1n reuniones de trabajo en las que los expositores podr\u00e1n presentar sus ofertas, brindar asistencia t\u00e9cnica para el desarrollo de<strong> viajes,<\/strong> mostrar los fabulosos <strong>recorridos tur\u00edsticos<\/strong> que los turistas pueden disfrutar, dar a conocer los protocolos de bioseguridad que ya se est\u00e1n aplicando en los sitios tur\u00edsticos de la regi\u00f3n.<\/p>\n<p>El objetivo es fortalecer el producto <strong>tur\u00edstico<\/strong> regional para hacerle frente a la crisis econ\u00f3mica por la pandemia e incentivar la amplia oferta que <strong>Yucat\u00e1n<\/strong> ofrece desde <strong>Chichen Itz\u00e1,<\/strong> nombrada una de las siete maravillas del mundo moderno, <strong>Uxmal<\/strong> como patrimonio de la humanidad por la <strong>UNESCO,<\/strong> disfrutar de su gastronom\u00eda \u00fanica en el mundo, conocer sus cenotes, visitar los casi 400 kil\u00f3metros de costa, enamorarse de sus haciendas, aprender de su cultura en las <strong>Aldeas Mayas<\/strong> y conocer los cuatro <strong>Pueblos M\u00e1gicos<\/strong> con los que cuenta: <strong>Izamal, Valladolid Sisal y Man\u00ed.<\/strong><\/p>\n<p><strong>Yucat\u00e1n<\/strong> se caracteriza por un producto autentico, \u00fanico y que se ha enfocado en construir un destino bioseguro por sus buenas pr\u00e1cticas sanitarias a trav\u00e9s de su certificaci\u00f3n del Programa de Buenas Pr\u00e1cticas Sanitarias Yucat\u00e1n, adem\u00e1s de contar con el sello <strong>Safe Travels<\/strong> otorgado por el Consejo Mundial de Viajes y Turismo (WTTC, por sus siglas en ingl\u00e9s).<\/p>\n<p>El <strong>Mundo Maya<\/strong> ofrece una gran riqueza cultural y natural. Sus paradis\u00edacos ecosistemas, sitios arqueol\u00f3gicos, la diversidad de flora y fauna, la riqueza de sus tradiciones y costumbres, su inigualable <strong>gastronom\u00eda<\/strong> y todo el colorido de sus artesan\u00edas, brindan escenarios inigualables que deben ser compartidos con el mundo entero y en su mayor\u00eda pueden ser disfrutados en ambientes al aire libre, con espacios abiertos.<\/p>\n","protected":false},"excerpt":{"rendered":"<p>Bajo un formato digital, los pa\u00edses que conforman la Organizaci\u00f3n del Mundo Maya expondr\u00e1n su oferta tur\u00edstica al mundo en b\u00fasqueda de oportunidades de negocios. M\u00e9rida, Yucat\u00e1n a 14 de enero de 2021.- Se realiz\u00f3 la primera rueda de negocios virtual, con la expectativa de generar nuevas oportunidades y afianzar alianzas estrat\u00e9gicas entre prestadores de servicios de los 5 pa\u00edses miembros, El Salvador, Guatemala, Honduras, Belice y M\u00e9xico con los cinco estados que conforman la Regi\u00f3n Mundo Maya: Yucat\u00e1n, Campeche, Chiapas, Quintana Roo y Tabasco. La rueda de negocios del Mundo Maya representa la primera acci\u00f3n de promoci\u00f3n y comercializaci\u00f3n<\/p>\n","protected":false},"author":1,"featured_media":5636,"comment_status":"open","ping_status":"open","sticky":false,"template":"","format":"standard","meta":{"_jetpack_memberships_contains_paid_content":false,"footnotes":""},"categories":[628],"tags":[632,634,635,545,631,637,640,578,629,324,193,630,639,636,66,638,143,633],"class_list":["post-5635","post","type-post","status-publish","format-standard","has-post-thumbnail","hentry","category-news-feed","tag-belice","tag-campeche","tag-chiapas","tag-guatemala","tag-honduras","tag-izamal","tag-mani","tag-mexico","tag-mundo-maya","tag-pueblos-magicos","tag-quintana-roo","tag-salvador","tag-sisal","tag-tabasco","tag-turismo","tag-valladolid","tag-viajes","tag-yucatan"],"yoast_head":"<!-- This site is optimized with the Yoast SEO plugin v26.7 - https:\/\/yoast.com\/wordpress\/plugins\/seo\/ -->\n<title>Pa\u00edses del Mundo Maya le muestran al planeta lo que tienen - So Close<\/title>\n<meta name=\"robots\" content=\"index, follow, max-snippet:-1, max-image-preview:large, max-video-preview:-1\" \/>\n<link rel=\"canonical\" href=\"https:\/\/soclose.mx\/blog\/news-feed\/paises-del-mundo-maya-le-muestran-al-planeta-lo-que-tienen\/\" \/>\n<meta property=\"og:locale\" content=\"es_MX\" \/>\n<meta property=\"og:type\" content=\"article\" \/>\n<meta property=\"og:title\" content=\"Pa\u00edses del Mundo Maya le muestran al planeta lo que tienen - So Close\" \/>\n<meta property=\"og:description\" content=\"Bajo un formato digital, los pa\u00edses que conforman la Organizaci\u00f3n del Mundo Maya expondr\u00e1n su oferta tur\u00edstica al mundo en b\u00fasqueda de oportunidades de negocios. M\u00e9rida, Yucat\u00e1n a 14 de enero de 2021.- Se realiz\u00f3 la primera rueda de negocios virtual, con la expectativa de generar nuevas oportunidades y afianzar alianzas estrat\u00e9gicas entre prestadores de servicios de los 5 pa\u00edses miembros, El Salvador, Guatemala, Honduras, Belice y M\u00e9xico con los cinco estados que conforman la Regi\u00f3n Mundo Maya: Yucat\u00e1n, Campeche, Chiapas, Quintana Roo y Tabasco. La rueda de negocios del Mundo Maya representa la primera acci\u00f3n de promoci\u00f3n y comercializaci\u00f3n\" \/>\n<meta property=\"og:url\" content=\"https:\/\/soclose.mx\/blog\/news-feed\/paises-del-mundo-maya-le-muestran-al-planeta-lo-que-tienen\/\" \/>\n<meta property=\"og:site_name\" content=\"So Close\" \/>\n<meta property=\"article:published_time\" content=\"2021-01-15T03:10:25+00:00\" \/>\n<meta property=\"og:image\" content=\"https:\/\/i0.wp.com\/soclose.mx\/blog\/wp-content\/uploads\/2021\/01\/chichen-itza.jpg?fit=1280%2C843&ssl=1\" \/>\n\t<meta property=\"og:image:width\" content=\"1280\" \/>\n\t<meta property=\"og:image:height\" content=\"843\" \/>\n\t<meta property=\"og:image:type\" content=\"image\/jpeg\" \/>\n<meta name=\"author\" content=\"So Close\" \/>\n<meta name=\"twitter:card\" content=\"summary_large_image\" \/>\n<meta name=\"twitter:label1\" content=\"Escrito por\" \/>\n\t<meta name=\"twitter:data1\" content=\"So Close\" \/>\n\t<meta name=\"twitter:label2\" content=\"Tiempo de lectura\" \/>\n\t<meta name=\"twitter:data2\" content=\"2 minutos\" \/>\n<script type=\"application\/ld+json\" class=\"yoast-schema-graph\">{\"@context\":\"https:\/\/schema.org\",\"@graph\":[{\"@type\":\"Article\",\"@id\":\"https:\/\/soclose.mx\/blog\/news-feed\/paises-del-mundo-maya-le-muestran-al-planeta-lo-que-tienen\/#article\",\"isPartOf\":{\"@id\":\"https:\/\/soclose.mx\/blog\/news-feed\/paises-del-mundo-maya-le-muestran-al-planeta-lo-que-tienen\/\"},\"author\":{\"name\":\"So Close\",\"@id\":\"https:\/\/soclose.mx\/blog\/#\/schema\/person\/723eb117ab965b55c3e56b5d29751667\"},\"headline\":\"Pa\u00edses del Mundo Maya le muestran al planeta lo que tienen\",\"datePublished\":\"2021-01-15T03:10:25+00:00\",\"mainEntityOfPage\":{\"@id\":\"https:\/\/soclose.mx\/blog\/news-feed\/paises-del-mundo-maya-le-muestran-al-planeta-lo-que-tienen\/\"},\"wordCount\":505,\"commentCount\":0,\"publisher\":{\"@id\":\"https:\/\/soclose.mx\/blog\/#organization\"},\"image\":{\"@id\":\"https:\/\/soclose.mx\/blog\/news-feed\/paises-del-mundo-maya-le-muestran-al-planeta-lo-que-tienen\/#primaryimage\"},\"thumbnailUrl\":\"https:\/\/i0.wp.com\/soclose.mx\/blog\/wp-content\/uploads\/2021\/01\/chichen-itza.jpg?fit=1280%2C843&ssl=1\",\"keywords\":[\"belice\",\"campeche\",\"chiapas\",\"guatemala\",\"honduras\",\"izamal\",\"man\u00ed\",\"mexico\",\"mundo maya\",\"pueblos magicos\",\"quintana roo\",\"salvador\",\"sisal\",\"tabasco\",\"turismo\",\"valladolid\",\"viajes\",\"yucatan\"],\"articleSection\":[\"News feed\"],\"inLanguage\":\"es\",\"potentialAction\":[{\"@type\":\"CommentAction\",\"name\":\"Comment\",\"target\":[\"https:\/\/soclose.mx\/blog\/news-feed\/paises-del-mundo-maya-le-muestran-al-planeta-lo-que-tienen\/#respond\"]}]},{\"@type\":\"WebPage\",\"@id\":\"https:\/\/soclose.mx\/blog\/news-feed\/paises-del-mundo-maya-le-muestran-al-planeta-lo-que-tienen\/\",\"url\":\"https:\/\/soclose.mx\/blog\/news-feed\/paises-del-mundo-maya-le-muestran-al-planeta-lo-que-tienen\/\",\"name\":\"Pa\u00edses del Mundo Maya le muestran al planeta lo que tienen - So Close\",\"isPartOf\":{\"@id\":\"https:\/\/soclose.mx\/blog\/#website\"},\"primaryImageOfPage\":{\"@id\":\"https:\/\/soclose.mx\/blog\/news-feed\/paises-del-mundo-maya-le-muestran-al-planeta-lo-que-tienen\/#primaryimage\"},\"image\":{\"@id\":\"https:\/\/soclose.mx\/blog\/news-feed\/paises-del-mundo-maya-le-muestran-al-planeta-lo-que-tienen\/#primaryimage\"},\"thumbnailUrl\":\"https:\/\/i0.wp.com\/soclose.mx\/blog\/wp-content\/uploads\/2021\/01\/chichen-itza.jpg?fit=1280%2C843&ssl=1\",\"datePublished\":\"2021-01-15T03:10:25+00:00\",\"breadcrumb\":{\"@id\":\"https:\/\/soclose.mx\/blog\/news-feed\/paises-del-mundo-maya-le-muestran-al-planeta-lo-que-tienen\/#breadcrumb\"},\"inLanguage\":\"es\",\"potentialAction\":[{\"@type\":\"ReadAction\",\"target\":[\"https:\/\/soclose.mx\/blog\/news-feed\/paises-del-mundo-maya-le-muestran-al-planeta-lo-que-tienen\/\"]}]},{\"@type\":\"ImageObject\",\"inLanguage\":\"es\",\"@id\":\"https:\/\/soclose.mx\/blog\/news-feed\/paises-del-mundo-maya-le-muestran-al-planeta-lo-que-tienen\/#primaryimage\",\"url\":\"https:\/\/i0.wp.com\/soclose.mx\/blog\/wp-content\/uploads\/2021\/01\/chichen-itza.jpg?fit=1280%2C843&ssl=1\",\"contentUrl\":\"https:\/\/i0.wp.com\/soclose.mx\/blog\/wp-content\/uploads\/2021\/01\/chichen-itza.jpg?fit=1280%2C843&ssl=1\",\"width\":1280,\"height\":843},{\"@type\":\"BreadcrumbList\",\"@id\":\"https:\/\/soclose.mx\/blog\/news-feed\/paises-del-mundo-maya-le-muestran-al-planeta-lo-que-tienen\/#breadcrumb\",\"itemListElement\":[{\"@type\":\"ListItem\",\"position\":1,\"name\":\"Inicio\",\"item\":\"https:\/\/soclose.mx\/blog\/\"},{\"@type\":\"ListItem\",\"position\":2,\"name\":\"Pa\u00edses del Mundo Maya le muestran al planeta lo que tienen\"}]},{\"@type\":\"WebSite\",\"@id\":\"https:\/\/soclose.mx\/blog\/#website\",\"url\":\"https:\/\/soclose.mx\/blog\/\",\"name\":\"So Close\",\"description\":\"Hacemos contenidos de M\u00e9xico\",\"publisher\":{\"@id\":\"https:\/\/soclose.mx\/blog\/#organization\"},\"potentialAction\":[{\"@type\":\"SearchAction\",\"target\":{\"@type\":\"EntryPoint\",\"urlTemplate\":\"https:\/\/soclose.mx\/blog\/?s={search_term_string}\"},\"query-input\":{\"@type\":\"PropertyValueSpecification\",\"valueRequired\":true,\"valueName\":\"search_term_string\"}}],\"inLanguage\":\"es\"},{\"@type\":\"Organization\",\"@id\":\"https:\/\/soclose.mx\/blog\/#organization\",\"name\":\"So Close\",\"url\":\"https:\/\/soclose.mx\/blog\/\",\"logo\":{\"@type\":\"ImageObject\",\"inLanguage\":\"es\",\"@id\":\"https:\/\/soclose.mx\/blog\/#\/schema\/logo\/image\/\",\"url\":\"https:\/\/i0.wp.com\/soclose.mx\/blog\/wp-content\/uploads\/2020\/12\/LOGO_SOCLOSE_COLOR-e1608310133507.png?fit=2858%2C1264&ssl=1\",\"contentUrl\":\"https:\/\/i0.wp.com\/soclose.mx\/blog\/wp-content\/uploads\/2020\/12\/LOGO_SOCLOSE_COLOR-e1608310133507.png?fit=2858%2C1264&ssl=1\",\"width\":2858,\"height\":1264,\"caption\":\"So Close\"},\"image\":{\"@id\":\"https:\/\/soclose.mx\/blog\/#\/schema\/logo\/image\/\"}},{\"@type\":\"Person\",\"@id\":\"https:\/\/soclose.mx\/blog\/#\/schema\/person\/723eb117ab965b55c3e56b5d29751667\",\"name\":\"So Close\",\"image\":{\"@type\":\"ImageObject\",\"inLanguage\":\"es\",\"@id\":\"https:\/\/soclose.mx\/blog\/#\/schema\/person\/image\/\",\"url\":\"https:\/\/secure.gravatar.com\/avatar\/5a1d1d694eaf6d2c28f450f0984cbb34821b92dc49c1d088c0250fbc6a48efec?s=96&d=mm&r=g\",\"contentUrl\":\"https:\/\/secure.gravatar.com\/avatar\/5a1d1d694eaf6d2c28f450f0984cbb34821b92dc49c1d088c0250fbc6a48efec?s=96&d=mm&r=g\",\"caption\":\"So Close\"},\"sameAs\":[\"http:\/\/www.soclose.mx\",\"https:\/\/www.youtube.com\/@soclosemx\"],\"url\":\"https:\/\/soclose.mx\/blog\/author\/admin\/\"}]}<\/script>\n<!-- \/ Yoast SEO plugin. -->","yoast_head_json":{"title":"Pa\u00edses del Mundo Maya le muestran al planeta lo que tienen - So Close","robots":{"index":"index","follow":"follow","max-snippet":"max-snippet:-1","max-image-preview":"max-image-preview:large","max-video-preview":"max-video-preview:-1"},"canonical":"https:\/\/soclose.mx\/blog\/news-feed\/paises-del-mundo-maya-le-muestran-al-planeta-lo-que-tienen\/","og_locale":"es_MX","og_type":"article","og_title":"Pa\u00edses del Mundo Maya le muestran al planeta lo que tienen - So Close","og_description":"Bajo un formato digital, los pa\u00edses que conforman la Organizaci\u00f3n del Mundo Maya expondr\u00e1n su oferta tur\u00edstica al mundo en b\u00fasqueda de oportunidades de negocios. M\u00e9rida, Yucat\u00e1n a 14 de enero de 2021.- Se realiz\u00f3 la primera rueda de negocios virtual, con la expectativa de generar nuevas oportunidades y afianzar alianzas estrat\u00e9gicas entre prestadores de servicios de los 5 pa\u00edses miembros, El Salvador, Guatemala, Honduras, Belice y M\u00e9xico con los cinco estados que conforman la Regi\u00f3n Mundo Maya: Yucat\u00e1n, Campeche, Chiapas, Quintana Roo y Tabasco. La rueda de negocios del Mundo Maya representa la primera acci\u00f3n de promoci\u00f3n y comercializaci\u00f3n","og_url":"https:\/\/soclose.mx\/blog\/news-feed\/paises-del-mundo-maya-le-muestran-al-planeta-lo-que-tienen\/","og_site_name":"So Close","article_published_time":"2021-01-15T03:10:25+00:00","og_image":[{"width":1280,"height":843,"url":"https:\/\/i0.wp.com\/soclose.mx\/blog\/wp-content\/uploads\/2021\/01\/chichen-itza.jpg?fit=1280%2C843&ssl=1","type":"image\/jpeg"}],"author":"So Close","twitter_card":"summary_large_image","twitter_misc":{"Escrito por":"So Close","Tiempo de lectura":"2 minutos"},"schema":{"@context":"https:\/\/schema.org","@graph":[{"@type":"Article","@id":"https:\/\/soclose.mx\/blog\/news-feed\/paises-del-mundo-maya-le-muestran-al-planeta-lo-que-tienen\/#article","isPartOf":{"@id":"https:\/\/soclose.mx\/blog\/news-feed\/paises-del-mundo-maya-le-muestran-al-planeta-lo-que-tienen\/"},"author":{"name":"So Close","@id":"https:\/\/soclose.mx\/blog\/#\/schema\/person\/723eb117ab965b55c3e56b5d29751667"},"headline":"Pa\u00edses del Mundo Maya le muestran al planeta lo que tienen","datePublished":"2021-01-15T03:10:25+00:00","mainEntityOfPage":{"@id":"https:\/\/soclose.mx\/blog\/news-feed\/paises-del-mundo-maya-le-muestran-al-planeta-lo-que-tienen\/"},"wordCount":505,"commentCount":0,"publisher":{"@id":"https:\/\/soclose.mx\/blog\/#organization"},"image":{"@id":"https:\/\/soclose.mx\/blog\/news-feed\/paises-del-mundo-maya-le-muestran-al-planeta-lo-que-tienen\/#primaryimage"},"thumbnailUrl":"https:\/\/i0.wp.com\/soclose.mx\/blog\/wp-content\/uploads\/2021\/01\/chichen-itza.jpg?fit=1280%2C843&ssl=1","keywords":["belice","campeche","chiapas","guatemala","honduras","izamal","man\u00ed","mexico","mundo maya","pueblos magicos","quintana roo","salvador","sisal","tabasco","turismo","valladolid","viajes","yucatan"],"articleSection":["News feed"],"inLanguage":"es","potentialAction":[{"@type":"CommentAction","name":"Comment","target":["https:\/\/soclose.mx\/blog\/news-feed\/paises-del-mundo-maya-le-muestran-al-planeta-lo-que-tienen\/#respond"]}]},{"@type":"WebPage","@id":"https:\/\/soclose.mx\/blog\/news-feed\/paises-del-mundo-maya-le-muestran-al-planeta-lo-que-tienen\/","url":"https:\/\/soclose.mx\/blog\/news-feed\/paises-del-mundo-maya-le-muestran-al-planeta-lo-que-tienen\/","name":"Pa\u00edses del Mundo Maya le muestran al planeta lo que tienen - So Close","isPartOf":{"@id":"https:\/\/soclose.mx\/blog\/#website"},"primaryImageOfPage":{"@id":"https:\/\/soclose.mx\/blog\/news-feed\/paises-del-mundo-maya-le-muestran-al-planeta-lo-que-tienen\/#primaryimage"},"image":{"@id":"https:\/\/soclose.mx\/blog\/news-feed\/paises-del-mundo-maya-le-muestran-al-planeta-lo-que-tienen\/#primaryimage"},"thumbnailUrl":"https:\/\/i0.wp.com\/soclose.mx\/blog\/wp-content\/uploads\/2021\/01\/chichen-itza.jpg?fit=1280%2C843&ssl=1","datePublished":"2021-01-15T03:10:25+00:00","breadcrumb":{"@id":"https:\/\/soclose.mx\/blog\/news-feed\/paises-del-mundo-maya-le-muestran-al-planeta-lo-que-tienen\/#breadcrumb"},"inLanguage":"es","potentialAction":[{"@type":"ReadAction","target":["https:\/\/soclose.mx\/blog\/news-feed\/paises-del-mundo-maya-le-muestran-al-planeta-lo-que-tienen\/"]}]},{"@type":"ImageObject","inLanguage":"es","@id":"https:\/\/soclose.mx\/blog\/news-feed\/paises-del-mundo-maya-le-muestran-al-planeta-lo-que-tienen\/#primaryimage","url":"https:\/\/i0.wp.com\/soclose.mx\/blog\/wp-content\/uploads\/2021\/01\/chichen-itza.jpg?fit=1280%2C843&ssl=1","contentUrl":"https:\/\/i0.wp.com\/soclose.mx\/blog\/wp-content\/uploads\/2021\/01\/chichen-itza.jpg?fit=1280%2C843&ssl=1","width":1280,"height":843},{"@type":"BreadcrumbList","@id":"https:\/\/soclose.mx\/blog\/news-feed\/paises-del-mundo-maya-le-muestran-al-planeta-lo-que-tienen\/#breadcrumb","itemListElement":[{"@type":"ListItem","position":1,"name":"Inicio","item":"https:\/\/soclose.mx\/blog\/"},{"@type":"ListItem","position":2,"name":"Pa\u00edses del Mundo Maya le muestran al planeta lo que tienen"}]},{"@type":"WebSite","@id":"https:\/\/soclose.mx\/blog\/#website","url":"https:\/\/soclose.mx\/blog\/","name":"So Close","description":"Hacemos contenidos de M\u00e9xico","publisher":{"@id":"https:\/\/soclose.mx\/blog\/#organization"},"potentialAction":[{"@type":"SearchAction","target":{"@type":"EntryPoint","urlTemplate":"https:\/\/soclose.mx\/blog\/?s={search_term_string}"},"query-input":{"@type":"PropertyValueSpecification","valueRequired":true,"valueName":"search_term_string"}}],"inLanguage":"es"},{"@type":"Organization","@id":"https:\/\/soclose.mx\/blog\/#organization","name":"So Close","url":"https:\/\/soclose.mx\/blog\/","logo":{"@type":"ImageObject","inLanguage":"es","@id":"https:\/\/soclose.mx\/blog\/#\/schema\/logo\/image\/","url":"https:\/\/i0.wp.com\/soclose.mx\/blog\/wp-content\/uploads\/2020\/12\/LOGO_SOCLOSE_COLOR-e1608310133507.png?fit=2858%2C1264&ssl=1","contentUrl":"https:\/\/i0.wp.com\/soclose.mx\/blog\/wp-content\/uploads\/2020\/12\/LOGO_SOCLOSE_COLOR-e1608310133507.png?fit=2858%2C1264&ssl=1","width":2858,"height":1264,"caption":"So Close"},"image":{"@id":"https:\/\/soclose.mx\/blog\/#\/schema\/logo\/image\/"}},{"@type":"Person","@id":"https:\/\/soclose.mx\/blog\/#\/schema\/person\/723eb117ab965b55c3e56b5d29751667","name":"So Close","image":{"@type":"ImageObject","inLanguage":"es","@id":"https:\/\/soclose.mx\/blog\/#\/schema\/person\/image\/","url":"https:\/\/secure.gravatar.com\/avatar\/5a1d1d694eaf6d2c28f450f0984cbb34821b92dc49c1d088c0250fbc6a48efec?s=96&d=mm&r=g","contentUrl":"https:\/\/secure.gravatar.com\/avatar\/5a1d1d694eaf6d2c28f450f0984cbb34821b92dc49c1d088c0250fbc6a48efec?s=96&d=mm&r=g","caption":"So Close"},"sameAs":["http:\/\/www.soclose.mx","https:\/\/www.youtube.com\/@soclosemx"],"url":"https:\/\/soclose.mx\/blog\/author\/admin\/"}]}},"jetpack_featured_media_url":"https:\/\/i0.wp.com\/soclose.mx\/blog\/wp-content\/uploads\/2021\/01\/chichen-itza.jpg?fit=1280%2C843&ssl=1","jetpack-related-posts":[{"id":9216,"url":"https:\/\/soclose.mx\/blog\/lugares\/si-yucatan-fue-independiente-por-que-se-integro-a-mexico\/","url_meta":{"origin":5635,"position":0},"title":"Si Yucat\u00e1n fue independiente\u2026 \u00bfpor qu\u00e9 se integr\u00f3 a M\u00e9xico?","author":"Miguel Angel Romero","date":"22 abril, 2022","format":false,"excerpt":"Debido al gobierno que imperaba en nuestro pa\u00eds en 1841, Yucat\u00e1n, en ese momento, tambi\u00e9n integrado por Campeche, Quintana Roo y Tabasco, rompi\u00f3 relaciones con M\u00e9xico y se erigi\u00f3 como\u00a0Rep\u00fablica Libre e Independiente\u00a0de la naci\u00f3n mexicana. El conflicto que provoc\u00f3 la ruptura entre el\u00a0gobierno centralista (1840-1843)\u00a0y los estados se desencaden\u00f3\u2026","rel":"","context":"En &quot;Lugares&quot;","block_context":{"text":"Lugares","link":"https:\/\/soclose.mx\/blog\/category\/lugares\/"},"img":{"alt_text":"","src":"https:\/\/i0.wp.com\/soclose.mx\/blog\/wp-content\/uploads\/2022\/03\/Copia-de-Principal-So-Close-blog-9.png?fit=1200%2C677&ssl=1&resize=350%2C200","width":350,"height":200,"srcset":"https:\/\/i0.wp.com\/soclose.mx\/blog\/wp-content\/uploads\/2022\/03\/Copia-de-Principal-So-Close-blog-9.png?fit=1200%2C677&ssl=1&resize=350%2C200 1x, https:\/\/i0.wp.com\/soclose.mx\/blog\/wp-content\/uploads\/2022\/03\/Copia-de-Principal-So-Close-blog-9.png?fit=1200%2C677&ssl=1&resize=525%2C300 1.5x, https:\/\/i0.wp.com\/soclose.mx\/blog\/wp-content\/uploads\/2022\/03\/Copia-de-Principal-So-Close-blog-9.png?fit=1200%2C677&ssl=1&resize=700%2C400 2x, https:\/\/i0.wp.com\/soclose.mx\/blog\/wp-content\/uploads\/2022\/03\/Copia-de-Principal-So-Close-blog-9.png?fit=1200%2C677&ssl=1&resize=1050%2C600 3x"},"classes":[]},{"id":3712,"url":"https:\/\/soclose.mx\/blog\/lugares\/que-es-un-pueblo-magico-en-mexico\/","url_meta":{"origin":5635,"position":1},"title":"Esto es un pueblo m\u00e1gico y la lista completa de M\u00e9xico","author":"So Close","date":"17 marzo, 2021","format":false,"excerpt":"En M\u00e9xico la variedad de lugares y diversos territorios han hecho que se les distinga debido a ciertas caracter\u00edsticas que hace de algunos, espacios que van m\u00e1s all\u00e1 del placer f\u00edsico, son los pueblos m\u00e1gicos. Un Pueblo M\u00e1gico es una localidad que tiene atributos \u00fanicos, simb\u00f3licos, historias aut\u00e9nticas, hechos trascendentes,\u2026","rel":"","context":"En &quot;Lugares&quot;","block_context":{"text":"Lugares","link":"https:\/\/soclose.mx\/blog\/category\/lugares\/"},"img":{"alt_text":"","src":"https:\/\/i0.wp.com\/soclose.mx\/blog\/wp-content\/uploads\/2021\/03\/aculco-estado-mexico.jpeg?fit=1200%2C677&ssl=1&resize=350%2C200","width":350,"height":200,"srcset":"https:\/\/i0.wp.com\/soclose.mx\/blog\/wp-content\/uploads\/2021\/03\/aculco-estado-mexico.jpeg?fit=1200%2C677&ssl=1&resize=350%2C200 1x, https:\/\/i0.wp.com\/soclose.mx\/blog\/wp-content\/uploads\/2021\/03\/aculco-estado-mexico.jpeg?fit=1200%2C677&ssl=1&resize=525%2C300 1.5x, https:\/\/i0.wp.com\/soclose.mx\/blog\/wp-content\/uploads\/2021\/03\/aculco-estado-mexico.jpeg?fit=1200%2C677&ssl=1&resize=700%2C400 2x, https:\/\/i0.wp.com\/soclose.mx\/blog\/wp-content\/uploads\/2021\/03\/aculco-estado-mexico.jpeg?fit=1200%2C677&ssl=1&resize=1050%2C600 3x"},"classes":[]},{"id":6205,"url":"https:\/\/soclose.mx\/blog\/news-feed\/19-estaciones-y-mas-de-100-atractivos-trae-para-ti-el-tren-maya\/","url_meta":{"origin":5635,"position":2},"title":"19 estaciones y m\u00e1s de 100 atractivos trae para ti el Tren Maya","author":"So Close","date":"11 junio, 2021","format":false,"excerpt":"El secretario de Turismo del Gobierno de M\u00e9xico, Miguel Torruco Marqu\u00e9s, entreg\u00f3 al presidente de M\u00e9xico, Andr\u00e9s Manuel L\u00f3pez Obrador, una propuesta con 62 opciones de paquetes y recorridos a trav\u00e9s de las 19 estaciones que conformar\u00e1n el Tren Maya. Indic\u00f3 que estos recorridos, que se ofertar\u00e1n tan pronto se\u2026","rel":"","context":"En &quot;News feed&quot;","block_context":{"text":"News feed","link":"https:\/\/soclose.mx\/blog\/category\/news-feed\/"},"img":{"alt_text":"","src":"https:\/\/i0.wp.com\/soclose.mx\/blog\/wp-content\/uploads\/2021\/06\/tren-maya-estacion-palenque.jpeg?fit=1200%2C677&ssl=1&resize=350%2C200","width":350,"height":200,"srcset":"https:\/\/i0.wp.com\/soclose.mx\/blog\/wp-content\/uploads\/2021\/06\/tren-maya-estacion-palenque.jpeg?fit=1200%2C677&ssl=1&resize=350%2C200 1x, https:\/\/i0.wp.com\/soclose.mx\/blog\/wp-content\/uploads\/2021\/06\/tren-maya-estacion-palenque.jpeg?fit=1200%2C677&ssl=1&resize=525%2C300 1.5x, https:\/\/i0.wp.com\/soclose.mx\/blog\/wp-content\/uploads\/2021\/06\/tren-maya-estacion-palenque.jpeg?fit=1200%2C677&ssl=1&resize=700%2C400 2x, https:\/\/i0.wp.com\/soclose.mx\/blog\/wp-content\/uploads\/2021\/06\/tren-maya-estacion-palenque.jpeg?fit=1200%2C677&ssl=1&resize=1050%2C600 3x"},"classes":[]},{"id":8396,"url":"https:\/\/soclose.mx\/blog\/ay-goeeee\/8-palabras-que-los-mayas-nos-heredaron\/","url_meta":{"origin":5635,"position":3},"title":"8 Palabras que los mayas nos heredaron","author":"Miguel Angel Romero","date":"19 enero, 2022","format":false,"excerpt":"Los mayas no s\u00f3lo dejaron un legado art\u00edstico, arquitect\u00f3nico, astron\u00f3mica y ecol\u00f3gica, sino tambi\u00e9n un tesoro intangible: las palabras. Es importante aclarar que la lengua maya\u00a0no es solamente una, es toda una familia ling\u00fc\u00edstica compuesta por aproximadamente 30 lenguas diferentes que se han usado y se usan en el territorio\u2026","rel":"","context":"En &quot;\u00a1Ay goeeee!&quot;","block_context":{"text":"\u00a1Ay goeeee!","link":"https:\/\/soclose.mx\/blog\/category\/ay-goeeee\/"},"img":{"alt_text":"","src":"https:\/\/i0.wp.com\/soclose.mx\/blog\/wp-content\/uploads\/2022\/01\/Copia-de-Principal-So-Close-blog-1-3.png?fit=1200%2C677&ssl=1&resize=350%2C200","width":350,"height":200,"srcset":"https:\/\/i0.wp.com\/soclose.mx\/blog\/wp-content\/uploads\/2022\/01\/Copia-de-Principal-So-Close-blog-1-3.png?fit=1200%2C677&ssl=1&resize=350%2C200 1x, https:\/\/i0.wp.com\/soclose.mx\/blog\/wp-content\/uploads\/2022\/01\/Copia-de-Principal-So-Close-blog-1-3.png?fit=1200%2C677&ssl=1&resize=525%2C300 1.5x, https:\/\/i0.wp.com\/soclose.mx\/blog\/wp-content\/uploads\/2022\/01\/Copia-de-Principal-So-Close-blog-1-3.png?fit=1200%2C677&ssl=1&resize=700%2C400 2x, https:\/\/i0.wp.com\/soclose.mx\/blog\/wp-content\/uploads\/2022\/01\/Copia-de-Principal-So-Close-blog-1-3.png?fit=1200%2C677&ssl=1&resize=1050%2C600 3x"},"classes":[]},{"id":10380,"url":"https:\/\/soclose.mx\/blog\/lugares\/el-cenote-mas-profundo-del-mundo-esta-en-mexico-conocelo\/","url_meta":{"origin":5635,"position":4},"title":"El cenote m\u00e1s profundo del mundo est\u00e1 en M\u00e9xico. \u00a1Con\u00f3celo!","author":"Daniel Ram\u00edrez","date":"28 junio, 2022","format":false,"excerpt":"Quiz\u00e1 hemos visitado y sabido de la existencia de infinidad de cenotes en los estados de Yucat\u00e1n y Quintana Roo, \u00bfpero en Tamaulipas, ap\u00e1? Este hermoso estado de la rep\u00fablica mexicana alberga una de las maravillas naturales m\u00e1s impresionantes y enigm\u00e1ticas: la Poza del Zacat\u00f3n. Este impresionante cenote se encuentra\u2026","rel":"","context":"En &quot;Lugares&quot;","block_context":{"text":"Lugares","link":"https:\/\/soclose.mx\/blog\/category\/lugares\/"},"img":{"alt_text":"","src":"https:\/\/i0.wp.com\/soclose.mx\/blog\/wp-content\/uploads\/2022\/06\/WhatsApp-Image-2022-06-28-at-10.05.21-AM.jpeg?fit=802%2C424&ssl=1&resize=350%2C200","width":350,"height":200,"srcset":"https:\/\/i0.wp.com\/soclose.mx\/blog\/wp-content\/uploads\/2022\/06\/WhatsApp-Image-2022-06-28-at-10.05.21-AM.jpeg?fit=802%2C424&ssl=1&resize=350%2C200 1x, https:\/\/i0.wp.com\/soclose.mx\/blog\/wp-content\/uploads\/2022\/06\/WhatsApp-Image-2022-06-28-at-10.05.21-AM.jpeg?fit=802%2C424&ssl=1&resize=525%2C300 1.5x, https:\/\/i0.wp.com\/soclose.mx\/blog\/wp-content\/uploads\/2022\/06\/WhatsApp-Image-2022-06-28-at-10.05.21-AM.jpeg?fit=802%2C424&ssl=1&resize=700%2C400 2x"},"classes":[]},{"id":7833,"url":"https:\/\/soclose.mx\/blog\/lugares\/el-zacaton-el-cenote-mas-profundo-del-mundo\/","url_meta":{"origin":5635,"position":5},"title":"El Zacat\u00f3n: el cenote m\u00e1s profundo del mundo","author":"Miguel Angel Romero","date":"3 diciembre, 2021","format":false,"excerpt":"Considerado como el cenote con mayor profundidad en el mundo, El Zacat\u00f3n es una maravilla natural que, no, no se encuentra ni en Quintana Roo ni en Yucat\u00e1n. El Zacat\u00f3n es un cenote ubicado en el municipio de Aldama, al sur del estado de Tamaulipas. Fue El Instituto Nacional de\u2026","rel":"","context":"En &quot;Lugares&quot;","block_context":{"text":"Lugares","link":"https:\/\/soclose.mx\/blog\/category\/lugares\/"},"img":{"alt_text":"","src":"https:\/\/i0.wp.com\/soclose.mx\/blog\/wp-content\/uploads\/2021\/11\/Copia-de-Principal-So-Close-blog-4-4.png?fit=1200%2C677&ssl=1&resize=350%2C200","width":350,"height":200,"srcset":"https:\/\/i0.wp.com\/soclose.mx\/blog\/wp-content\/uploads\/2021\/11\/Copia-de-Principal-So-Close-blog-4-4.png?fit=1200%2C677&ssl=1&resize=350%2C200 1x, https:\/\/i0.wp.com\/soclose.mx\/blog\/wp-content\/uploads\/2021\/11\/Copia-de-Principal-So-Close-blog-4-4.png?fit=1200%2C677&ssl=1&resize=525%2C300 1.5x, https:\/\/i0.wp.com\/soclose.mx\/blog\/wp-content\/uploads\/2021\/11\/Copia-de-Principal-So-Close-blog-4-4.png?fit=1200%2C677&ssl=1&resize=700%2C400 2x, https:\/\/i0.wp.com\/soclose.mx\/blog\/wp-content\/uploads\/2021\/11\/Copia-de-Principal-So-Close-blog-4-4.png?fit=1200%2C677&ssl=1&resize=1050%2C600 3x"},"classes":[]}],"jetpack_sharing_enabled":true,"_links":{"self":[{"href":"https:\/\/soclose.mx\/blog\/wp-json\/wp\/v2\/posts\/5635","targetHints":{"allow":["GET"]}}],"collection":[{"href":"https:\/\/soclose.mx\/blog\/wp-json\/wp\/v2\/posts"}],"about":[{"href":"https:\/\/soclose.mx\/blog\/wp-json\/wp\/v2\/types\/post"}],"author":[{"embeddable":true,"href":"https:\/\/soclose.mx\/blog\/wp-json\/wp\/v2\/users\/1"}],"replies":[{"embeddable":true,"href":"https:\/\/soclose.mx\/blog\/wp-json\/wp\/v2\/comments?post=5635"}],"version-history":[{"count":0,"href":"https:\/\/soclose.mx\/blog\/wp-json\/wp\/v2\/posts\/5635\/revisions"}],"wp:featuredmedia":[{"embeddable":true,"href":"https:\/\/soclose.mx\/blog\/wp-json\/wp\/v2\/media\/5636"}],"wp:attachment":[{"href":"https:\/\/soclose.mx\/blog\/wp-json\/wp\/v2\/media?parent=5635"}],"wp:term":[{"taxonomy":"category","embeddable":true,"href":"https:\/\/soclose.mx\/blog\/wp-json\/wp\/v2\/categories?post=5635"},{"taxonomy":"post_tag","embeddable":true,"href":"https:\/\/soclose.mx\/blog\/wp-json\/wp\/v2\/tags?post=5635"}],"curies":[{"name":"wp","href":"https:\/\/api.w.org\/{rel}","templated":true}]}}