{"id":5653,"date":"2021-01-21T20:27:08","date_gmt":"2021-01-22T02:27:08","guid":{"rendered":"https:\/\/soclose.mx\/blog\/?p=5653"},"modified":"2021-01-21T20:27:08","modified_gmt":"2021-01-22T02:27:08","slug":"ex-convento-de-san-juan-bautista-del-siglo-xvi-en-yecapixtla-morelos","status":"publish","type":"post","link":"https:\/\/soclose.mx\/blog\/lugares\/ex-convento-de-san-juan-bautista-del-siglo-xvi-en-yecapixtla-morelos\/","title":{"rendered":"Ex Convento de San Juan Bautista del siglo XVI en Yecapixtla Morelos"},"content":{"rendered":"<figure id=\"attachment_5656\" aria-describedby=\"caption-attachment-5656\" style=\"width: 300px\" class=\"wp-caption alignright\"><img data-recalc-dims=\"1\" decoding=\"async\" class=\"size-medium wp-image-5656\" src=\"https:\/\/i0.wp.com\/soclose.mx\/blog\/wp-content\/uploads\/2021\/01\/exconvento1.jpeg?resize=300%2C138&#038;ssl=1\" alt=\"\" width=\"300\" height=\"138\" srcset=\"https:\/\/i0.wp.com\/soclose.mx\/blog\/wp-content\/uploads\/2021\/01\/exconvento1.jpeg?resize=300%2C138&amp;ssl=1 300w, https:\/\/i0.wp.com\/soclose.mx\/blog\/wp-content\/uploads\/2021\/01\/exconvento1.jpeg?resize=1024%2C472&amp;ssl=1 1024w, https:\/\/i0.wp.com\/soclose.mx\/blog\/wp-content\/uploads\/2021\/01\/exconvento1.jpeg?resize=768%2C354&amp;ssl=1 768w, https:\/\/i0.wp.com\/soclose.mx\/blog\/wp-content\/uploads\/2021\/01\/exconvento1.jpeg?resize=16%2C7&amp;ssl=1 16w, https:\/\/i0.wp.com\/soclose.mx\/blog\/wp-content\/uploads\/2021\/01\/exconvento1.jpeg?resize=770%2C355&amp;ssl=1 770w, https:\/\/i0.wp.com\/soclose.mx\/blog\/wp-content\/uploads\/2021\/01\/exconvento1.jpeg?w=1280&amp;ssl=1 1280w\" sizes=\"(max-width: 300px) 100vw, 300px\" \/><figcaption id=\"caption-attachment-5656\" class=\"wp-caption-text\">Foto: Rosy Linares.<\/figcaption><\/figure>\n<p>Por <a href=\"https:\/\/twitter.com\/yuyis1a\"><em><strong>Rosy Linares.<\/strong><\/em><\/a><\/p>\n<p>La construcci\u00f3n del <strong>Ex Convento de San Juan Bautista,<\/strong> patrimonio de la Humanidad, fue iniciada en 1535 y concluida en 1541 por los agustinos, la fachada presenta rasgos g\u00f3ticos y renacentistas y el atrio alberga cuatro capillas posas.<\/p>\n<figure id=\"attachment_5657\" aria-describedby=\"caption-attachment-5657\" style=\"width: 300px\" class=\"wp-caption alignleft\"><img data-recalc-dims=\"1\" decoding=\"async\" class=\"size-medium wp-image-5657\" src=\"https:\/\/i0.wp.com\/soclose.mx\/blog\/wp-content\/uploads\/2021\/01\/exconvento2.jpeg?resize=300%2C138&#038;ssl=1\" alt=\"\" width=\"300\" height=\"138\" srcset=\"https:\/\/i0.wp.com\/soclose.mx\/blog\/wp-content\/uploads\/2021\/01\/exconvento2.jpeg?resize=300%2C138&amp;ssl=1 300w, https:\/\/i0.wp.com\/soclose.mx\/blog\/wp-content\/uploads\/2021\/01\/exconvento2.jpeg?resize=1024%2C472&amp;ssl=1 1024w, https:\/\/i0.wp.com\/soclose.mx\/blog\/wp-content\/uploads\/2021\/01\/exconvento2.jpeg?resize=768%2C354&amp;ssl=1 768w, https:\/\/i0.wp.com\/soclose.mx\/blog\/wp-content\/uploads\/2021\/01\/exconvento2.jpeg?resize=16%2C7&amp;ssl=1 16w, https:\/\/i0.wp.com\/soclose.mx\/blog\/wp-content\/uploads\/2021\/01\/exconvento2.jpeg?resize=770%2C355&amp;ssl=1 770w, https:\/\/i0.wp.com\/soclose.mx\/blog\/wp-content\/uploads\/2021\/01\/exconvento2.jpeg?w=1280&amp;ssl=1 1280w\" sizes=\"(max-width: 300px) 100vw, 300px\" \/><figcaption id=\"caption-attachment-5657\" class=\"wp-caption-text\">Foto: Rosy Linares.<\/figcaption><\/figure>\n<p>Por el pasado sismo del 19 de Septiembre del 2017, se vio seriamente afectado y ahora est\u00e1 siendo restaurado por el <strong>Instituto Nacional de Antropolog\u00eda e Historia (INAH).<\/strong><\/p>\n<p>Del <strong>Ex Convento de San Juan Bautista<\/strong> es importante destacar el roset\u00f3n g\u00f3tico que adorna la entrada, es considerado uno de los emblemas distintivos del cual llama la atenci\u00f3n el p\u00falpito g\u00f3tico tallado en cantera y sus nervaduras en el techo, un trabajo de labrado.<\/p>\n<figure id=\"attachment_5658\" aria-describedby=\"caption-attachment-5658\" style=\"width: 138px\" class=\"wp-caption alignright\"><img data-recalc-dims=\"1\" decoding=\"async\" class=\"size-medium wp-image-5658\" src=\"https:\/\/i0.wp.com\/soclose.mx\/blog\/wp-content\/uploads\/2021\/01\/exconvento5.jpeg?resize=138%2C300&#038;ssl=1\" alt=\"\" width=\"138\" height=\"300\" srcset=\"https:\/\/i0.wp.com\/soclose.mx\/blog\/wp-content\/uploads\/2021\/01\/exconvento5.jpeg?resize=138%2C300&amp;ssl=1 138w, https:\/\/i0.wp.com\/soclose.mx\/blog\/wp-content\/uploads\/2021\/01\/exconvento5.jpeg?resize=472%2C1024&amp;ssl=1 472w, https:\/\/i0.wp.com\/soclose.mx\/blog\/wp-content\/uploads\/2021\/01\/exconvento5.jpeg?resize=6%2C12&amp;ssl=1 6w, https:\/\/i0.wp.com\/soclose.mx\/blog\/wp-content\/uploads\/2021\/01\/exconvento5.jpeg?w=590&amp;ssl=1 590w\" sizes=\"(max-width: 138px) 100vw, 138px\" \/><figcaption id=\"caption-attachment-5658\" class=\"wp-caption-text\">Foto: Rosy Linares.<\/figcaption><\/figure>\n<p>El inmueble es uno de los catorce conventos de Morelos declarados por la <strong>UNESCO<\/strong> como Patrimonio de la Humanidad.<\/p>\n<p>En el patio del convento se pueden observar dos relojes solares, el del lado izquierdo marca (con la sombra) de las siete de la ma\u00f1ana a las doce del d\u00eda y el del lado derecho marca de la una del d\u00eda a las seis de la tarde.<\/p>\n<p>En el gran muro lateral del templo se abren tres ventanas g\u00f3ticas. La portada lateral es de arte renacentista.<\/p>\n<div id='gallery-1' class='gallery galleryid-5653 gallery-columns-2 gallery-size-medium'><figure class='gallery-item'>\n\t\t\t<div class='gallery-icon landscape'>\n\t\t\t\t<a href='https:\/\/soclose.mx\/blog\/lugares\/ex-convento-de-san-juan-bautista-del-siglo-xvi-en-yecapixtla-morelos\/attachment\/exconvento7\/'><img loading=\"lazy\" decoding=\"async\" width=\"300\" height=\"138\" src=\"https:\/\/i0.wp.com\/soclose.mx\/blog\/wp-content\/uploads\/2021\/01\/exconvento7.jpeg?fit=300%2C138&amp;ssl=1\" class=\"attachment-medium size-medium\" alt=\"\" aria-describedby=\"gallery-1-5659\" srcset=\"https:\/\/i0.wp.com\/soclose.mx\/blog\/wp-content\/uploads\/2021\/01\/exconvento7.jpeg?w=1280&amp;ssl=1 1280w, https:\/\/i0.wp.com\/soclose.mx\/blog\/wp-content\/uploads\/2021\/01\/exconvento7.jpeg?resize=300%2C138&amp;ssl=1 300w, https:\/\/i0.wp.com\/soclose.mx\/blog\/wp-content\/uploads\/2021\/01\/exconvento7.jpeg?resize=1024%2C472&amp;ssl=1 1024w, https:\/\/i0.wp.com\/soclose.mx\/blog\/wp-content\/uploads\/2021\/01\/exconvento7.jpeg?resize=768%2C354&amp;ssl=1 768w, https:\/\/i0.wp.com\/soclose.mx\/blog\/wp-content\/uploads\/2021\/01\/exconvento7.jpeg?resize=16%2C7&amp;ssl=1 16w, https:\/\/i0.wp.com\/soclose.mx\/blog\/wp-content\/uploads\/2021\/01\/exconvento7.jpeg?resize=770%2C355&amp;ssl=1 770w\" sizes=\"(max-width: 300px) 100vw, 300px\" \/><\/a>\n\t\t\t<\/div>\n\t\t\t\t<figcaption class='wp-caption-text gallery-caption' id='gallery-1-5659'>\n\t\t\t\tFoto: Rosy Linares.\n\t\t\t\t<\/figcaption><\/figure><figure class='gallery-item'>\n\t\t\t<div class='gallery-icon landscape'>\n\t\t\t\t<a href='https:\/\/soclose.mx\/blog\/lugares\/ex-convento-de-san-juan-bautista-del-siglo-xvi-en-yecapixtla-morelos\/attachment\/exconvento8\/'><img loading=\"lazy\" decoding=\"async\" width=\"300\" height=\"138\" src=\"https:\/\/i0.wp.com\/soclose.mx\/blog\/wp-content\/uploads\/2021\/01\/exconvento8.jpeg?fit=300%2C138&amp;ssl=1\" class=\"attachment-medium size-medium\" alt=\"\" aria-describedby=\"gallery-1-5660\" srcset=\"https:\/\/i0.wp.com\/soclose.mx\/blog\/wp-content\/uploads\/2021\/01\/exconvento8.jpeg?w=1280&amp;ssl=1 1280w, https:\/\/i0.wp.com\/soclose.mx\/blog\/wp-content\/uploads\/2021\/01\/exconvento8.jpeg?resize=300%2C138&amp;ssl=1 300w, https:\/\/i0.wp.com\/soclose.mx\/blog\/wp-content\/uploads\/2021\/01\/exconvento8.jpeg?resize=1024%2C472&amp;ssl=1 1024w, https:\/\/i0.wp.com\/soclose.mx\/blog\/wp-content\/uploads\/2021\/01\/exconvento8.jpeg?resize=768%2C354&amp;ssl=1 768w, https:\/\/i0.wp.com\/soclose.mx\/blog\/wp-content\/uploads\/2021\/01\/exconvento8.jpeg?resize=16%2C7&amp;ssl=1 16w, https:\/\/i0.wp.com\/soclose.mx\/blog\/wp-content\/uploads\/2021\/01\/exconvento8.jpeg?resize=770%2C355&amp;ssl=1 770w\" sizes=\"(max-width: 300px) 100vw, 300px\" \/><\/a>\n\t\t\t<\/div>\n\t\t\t\t<figcaption class='wp-caption-text gallery-caption' id='gallery-1-5660'>\n\t\t\t\tFoto: Rosy Linares.\n\t\t\t\t<\/figcaption><\/figure><figure class='gallery-item'>\n\t\t\t<div class='gallery-icon portrait'>\n\t\t\t\t<a href='https:\/\/soclose.mx\/blog\/lugares\/ex-convento-de-san-juan-bautista-del-siglo-xvi-en-yecapixtla-morelos\/attachment\/exconvento9\/'><img loading=\"lazy\" decoding=\"async\" width=\"138\" height=\"300\" src=\"https:\/\/i0.wp.com\/soclose.mx\/blog\/wp-content\/uploads\/2021\/01\/exconvento9.jpeg?fit=138%2C300&amp;ssl=1\" class=\"attachment-medium size-medium\" alt=\"\" aria-describedby=\"gallery-1-5661\" srcset=\"https:\/\/i0.wp.com\/soclose.mx\/blog\/wp-content\/uploads\/2021\/01\/exconvento9.jpeg?w=590&amp;ssl=1 590w, https:\/\/i0.wp.com\/soclose.mx\/blog\/wp-content\/uploads\/2021\/01\/exconvento9.jpeg?resize=138%2C300&amp;ssl=1 138w, https:\/\/i0.wp.com\/soclose.mx\/blog\/wp-content\/uploads\/2021\/01\/exconvento9.jpeg?resize=472%2C1024&amp;ssl=1 472w, https:\/\/i0.wp.com\/soclose.mx\/blog\/wp-content\/uploads\/2021\/01\/exconvento9.jpeg?resize=6%2C12&amp;ssl=1 6w\" sizes=\"(max-width: 138px) 100vw, 138px\" \/><\/a>\n\t\t\t<\/div>\n\t\t\t\t<figcaption class='wp-caption-text gallery-caption' id='gallery-1-5661'>\n\t\t\t\tFoto: Rosy Linares.\n\t\t\t\t<\/figcaption><\/figure><figure class='gallery-item'>\n\t\t\t<div class='gallery-icon landscape'>\n\t\t\t\t<a href='https:\/\/soclose.mx\/blog\/lugares\/ex-convento-de-san-juan-bautista-del-siglo-xvi-en-yecapixtla-morelos\/attachment\/exconvento10\/'><img loading=\"lazy\" decoding=\"async\" width=\"300\" height=\"138\" src=\"https:\/\/i0.wp.com\/soclose.mx\/blog\/wp-content\/uploads\/2021\/01\/exconvento10.jpeg?fit=300%2C138&amp;ssl=1\" class=\"attachment-medium size-medium\" alt=\"\" aria-describedby=\"gallery-1-5662\" srcset=\"https:\/\/i0.wp.com\/soclose.mx\/blog\/wp-content\/uploads\/2021\/01\/exconvento10.jpeg?w=1280&amp;ssl=1 1280w, https:\/\/i0.wp.com\/soclose.mx\/blog\/wp-content\/uploads\/2021\/01\/exconvento10.jpeg?resize=300%2C138&amp;ssl=1 300w, https:\/\/i0.wp.com\/soclose.mx\/blog\/wp-content\/uploads\/2021\/01\/exconvento10.jpeg?resize=1024%2C472&amp;ssl=1 1024w, https:\/\/i0.wp.com\/soclose.mx\/blog\/wp-content\/uploads\/2021\/01\/exconvento10.jpeg?resize=768%2C354&amp;ssl=1 768w, https:\/\/i0.wp.com\/soclose.mx\/blog\/wp-content\/uploads\/2021\/01\/exconvento10.jpeg?resize=16%2C7&amp;ssl=1 16w, https:\/\/i0.wp.com\/soclose.mx\/blog\/wp-content\/uploads\/2021\/01\/exconvento10.jpeg?resize=770%2C355&amp;ssl=1 770w\" sizes=\"(max-width: 300px) 100vw, 300px\" \/><\/a>\n\t\t\t<\/div>\n\t\t\t\t<figcaption class='wp-caption-text gallery-caption' id='gallery-1-5662'>\n\t\t\t\tFoto: Rosy Linares.\n\t\t\t\t<\/figcaption><\/figure><figure class='gallery-item'>\n\t\t\t<div class='gallery-icon landscape'>\n\t\t\t\t<a href='https:\/\/soclose.mx\/blog\/lugares\/ex-convento-de-san-juan-bautista-del-siglo-xvi-en-yecapixtla-morelos\/attachment\/exconvento11\/'><img loading=\"lazy\" decoding=\"async\" width=\"300\" height=\"138\" src=\"https:\/\/i0.wp.com\/soclose.mx\/blog\/wp-content\/uploads\/2021\/01\/exconvento11.jpeg?fit=300%2C138&amp;ssl=1\" class=\"attachment-medium size-medium\" alt=\"\" aria-describedby=\"gallery-1-5663\" srcset=\"https:\/\/i0.wp.com\/soclose.mx\/blog\/wp-content\/uploads\/2021\/01\/exconvento11.jpeg?w=1280&amp;ssl=1 1280w, https:\/\/i0.wp.com\/soclose.mx\/blog\/wp-content\/uploads\/2021\/01\/exconvento11.jpeg?resize=300%2C138&amp;ssl=1 300w, https:\/\/i0.wp.com\/soclose.mx\/blog\/wp-content\/uploads\/2021\/01\/exconvento11.jpeg?resize=1024%2C472&amp;ssl=1 1024w, https:\/\/i0.wp.com\/soclose.mx\/blog\/wp-content\/uploads\/2021\/01\/exconvento11.jpeg?resize=768%2C354&amp;ssl=1 768w, https:\/\/i0.wp.com\/soclose.mx\/blog\/wp-content\/uploads\/2021\/01\/exconvento11.jpeg?resize=16%2C7&amp;ssl=1 16w, https:\/\/i0.wp.com\/soclose.mx\/blog\/wp-content\/uploads\/2021\/01\/exconvento11.jpeg?resize=770%2C355&amp;ssl=1 770w\" sizes=\"(max-width: 300px) 100vw, 300px\" \/><\/a>\n\t\t\t<\/div>\n\t\t\t\t<figcaption class='wp-caption-text gallery-caption' id='gallery-1-5663'>\n\t\t\t\tFoto: Rosy Linares.\n\t\t\t\t<\/figcaption><\/figure><figure class='gallery-item'>\n\t\t\t<div class='gallery-icon landscape'>\n\t\t\t\t<a href='https:\/\/soclose.mx\/blog\/lugares\/ex-convento-de-san-juan-bautista-del-siglo-xvi-en-yecapixtla-morelos\/attachment\/exconvento12\/'><img loading=\"lazy\" decoding=\"async\" width=\"300\" height=\"138\" src=\"https:\/\/i0.wp.com\/soclose.mx\/blog\/wp-content\/uploads\/2021\/01\/exconvento12.jpeg?fit=300%2C138&amp;ssl=1\" class=\"attachment-medium size-medium\" alt=\"\" aria-describedby=\"gallery-1-5664\" srcset=\"https:\/\/i0.wp.com\/soclose.mx\/blog\/wp-content\/uploads\/2021\/01\/exconvento12.jpeg?w=1280&amp;ssl=1 1280w, https:\/\/i0.wp.com\/soclose.mx\/blog\/wp-content\/uploads\/2021\/01\/exconvento12.jpeg?resize=300%2C138&amp;ssl=1 300w, https:\/\/i0.wp.com\/soclose.mx\/blog\/wp-content\/uploads\/2021\/01\/exconvento12.jpeg?resize=1024%2C472&amp;ssl=1 1024w, https:\/\/i0.wp.com\/soclose.mx\/blog\/wp-content\/uploads\/2021\/01\/exconvento12.jpeg?resize=768%2C354&amp;ssl=1 768w, https:\/\/i0.wp.com\/soclose.mx\/blog\/wp-content\/uploads\/2021\/01\/exconvento12.jpeg?resize=16%2C7&amp;ssl=1 16w, https:\/\/i0.wp.com\/soclose.mx\/blog\/wp-content\/uploads\/2021\/01\/exconvento12.jpeg?resize=770%2C355&amp;ssl=1 770w\" sizes=\"(max-width: 300px) 100vw, 300px\" \/><\/a>\n\t\t\t<\/div>\n\t\t\t\t<figcaption class='wp-caption-text gallery-caption' id='gallery-1-5664'>\n\t\t\t\tFoto: Rosy Linares.\n\t\t\t\t<\/figcaption><\/figure>\n\t\t<\/div>\n\n","protected":false},"excerpt":{"rendered":"<p>Por Rosy Linares. La construcci\u00f3n del Ex Convento de San Juan Bautista, patrimonio de la Humanidad, fue iniciada en 1535 y concluida en 1541 por los agustinos, la fachada presenta rasgos g\u00f3ticos y renacentistas y el atrio alberga cuatro capillas posas. Por el pasado sismo del 19 de Septiembre del 2017, se vio seriamente afectado y ahora est\u00e1 siendo restaurado por el Instituto Nacional de Antropolog\u00eda e Historia (INAH). Del Ex Convento de San Juan Bautista es importante destacar el roset\u00f3n g\u00f3tico que adorna la entrada, es considerado uno de los emblemas distintivos del cual llama la atenci\u00f3n el p\u00falpito<\/p>\n","protected":false},"author":1,"featured_media":5655,"comment_status":"open","ping_status":"open","sticky":false,"template":"","format":"standard","meta":{"_jetpack_memberships_contains_paid_content":false,"footnotes":""},"categories":[3],"tags":[646,597,587,595],"class_list":["post-5653","post","type-post","status-publish","format-standard","has-post-thumbnail","hentry","category-lugares","tag-ex-convento-de-san-juan-bautista","tag-morelos","tag-unesco","tag-yecapixtla"],"yoast_head":"<!-- This site is optimized with the Yoast SEO plugin v26.7 - https:\/\/yoast.com\/wordpress\/plugins\/seo\/ -->\n<title>Ex Convento de San Juan Bautista del siglo XVI en Yecapixtla Morelos - So Close<\/title>\n<meta name=\"robots\" content=\"index, follow, max-snippet:-1, max-image-preview:large, max-video-preview:-1\" \/>\n<link rel=\"canonical\" href=\"https:\/\/soclose.mx\/blog\/lugares\/ex-convento-de-san-juan-bautista-del-siglo-xvi-en-yecapixtla-morelos\/\" \/>\n<meta property=\"og:locale\" content=\"es_MX\" \/>\n<meta property=\"og:type\" content=\"article\" \/>\n<meta property=\"og:title\" content=\"Ex Convento de San Juan Bautista del siglo XVI en Yecapixtla Morelos - So Close\" \/>\n<meta property=\"og:description\" content=\"Por Rosy Linares. La construcci\u00f3n del Ex Convento de San Juan Bautista, patrimonio de la Humanidad, fue iniciada en 1535 y concluida en 1541 por los agustinos, la fachada presenta rasgos g\u00f3ticos y renacentistas y el atrio alberga cuatro capillas posas. Por el pasado sismo del 19 de Septiembre del 2017, se vio seriamente afectado y ahora est\u00e1 siendo restaurado por el Instituto Nacional de Antropolog\u00eda e Historia (INAH). Del Ex Convento de San Juan Bautista es importante destacar el roset\u00f3n g\u00f3tico que adorna la entrada, es considerado uno de los emblemas distintivos del cual llama la atenci\u00f3n el p\u00falpito\" \/>\n<meta property=\"og:url\" content=\"https:\/\/soclose.mx\/blog\/lugares\/ex-convento-de-san-juan-bautista-del-siglo-xvi-en-yecapixtla-morelos\/\" \/>\n<meta property=\"og:site_name\" content=\"So Close\" \/>\n<meta property=\"article:published_time\" content=\"2021-01-22T02:27:08+00:00\" \/>\n<meta property=\"og:image\" content=\"https:\/\/i0.wp.com\/soclose.mx\/blog\/wp-content\/uploads\/2021\/01\/Principal-So-Close-blog-4.jpg?fit=1240%2C700&ssl=1\" \/>\n\t<meta property=\"og:image:width\" content=\"1240\" \/>\n\t<meta property=\"og:image:height\" content=\"700\" \/>\n\t<meta property=\"og:image:type\" content=\"image\/jpeg\" \/>\n<meta name=\"author\" content=\"So Close\" \/>\n<meta name=\"twitter:card\" content=\"summary_large_image\" \/>\n<meta name=\"twitter:label1\" content=\"Escrito por\" \/>\n\t<meta name=\"twitter:data1\" content=\"So Close\" \/>\n\t<meta name=\"twitter:label2\" content=\"Tiempo de lectura\" \/>\n\t<meta name=\"twitter:data2\" content=\"1 minuto\" \/>\n<script type=\"application\/ld+json\" class=\"yoast-schema-graph\">{\"@context\":\"https:\/\/schema.org\",\"@graph\":[{\"@type\":\"Article\",\"@id\":\"https:\/\/soclose.mx\/blog\/lugares\/ex-convento-de-san-juan-bautista-del-siglo-xvi-en-yecapixtla-morelos\/#article\",\"isPartOf\":{\"@id\":\"https:\/\/soclose.mx\/blog\/lugares\/ex-convento-de-san-juan-bautista-del-siglo-xvi-en-yecapixtla-morelos\/\"},\"author\":{\"name\":\"So Close\",\"@id\":\"https:\/\/soclose.mx\/blog\/#\/schema\/person\/723eb117ab965b55c3e56b5d29751667\"},\"headline\":\"Ex Convento de San Juan Bautista del siglo XVI en Yecapixtla Morelos\",\"datePublished\":\"2021-01-22T02:27:08+00:00\",\"mainEntityOfPage\":{\"@id\":\"https:\/\/soclose.mx\/blog\/lugares\/ex-convento-de-san-juan-bautista-del-siglo-xvi-en-yecapixtla-morelos\/\"},\"wordCount\":254,\"commentCount\":0,\"publisher\":{\"@id\":\"https:\/\/soclose.mx\/blog\/#organization\"},\"image\":{\"@id\":\"https:\/\/soclose.mx\/blog\/lugares\/ex-convento-de-san-juan-bautista-del-siglo-xvi-en-yecapixtla-morelos\/#primaryimage\"},\"thumbnailUrl\":\"https:\/\/i0.wp.com\/soclose.mx\/blog\/wp-content\/uploads\/2021\/01\/Principal-So-Close-blog-4.jpg?fit=1240%2C700&ssl=1\",\"keywords\":[\"Ex Convento de San Juan Bautista\",\"morelos\",\"unesco\",\"yecapixtla\"],\"articleSection\":[\"Lugares\"],\"inLanguage\":\"es\",\"potentialAction\":[{\"@type\":\"CommentAction\",\"name\":\"Comment\",\"target\":[\"https:\/\/soclose.mx\/blog\/lugares\/ex-convento-de-san-juan-bautista-del-siglo-xvi-en-yecapixtla-morelos\/#respond\"]}]},{\"@type\":\"WebPage\",\"@id\":\"https:\/\/soclose.mx\/blog\/lugares\/ex-convento-de-san-juan-bautista-del-siglo-xvi-en-yecapixtla-morelos\/\",\"url\":\"https:\/\/soclose.mx\/blog\/lugares\/ex-convento-de-san-juan-bautista-del-siglo-xvi-en-yecapixtla-morelos\/\",\"name\":\"Ex Convento de San Juan Bautista del siglo XVI en Yecapixtla Morelos - So Close\",\"isPartOf\":{\"@id\":\"https:\/\/soclose.mx\/blog\/#website\"},\"primaryImageOfPage\":{\"@id\":\"https:\/\/soclose.mx\/blog\/lugares\/ex-convento-de-san-juan-bautista-del-siglo-xvi-en-yecapixtla-morelos\/#primaryimage\"},\"image\":{\"@id\":\"https:\/\/soclose.mx\/blog\/lugares\/ex-convento-de-san-juan-bautista-del-siglo-xvi-en-yecapixtla-morelos\/#primaryimage\"},\"thumbnailUrl\":\"https:\/\/i0.wp.com\/soclose.mx\/blog\/wp-content\/uploads\/2021\/01\/Principal-So-Close-blog-4.jpg?fit=1240%2C700&ssl=1\",\"datePublished\":\"2021-01-22T02:27:08+00:00\",\"breadcrumb\":{\"@id\":\"https:\/\/soclose.mx\/blog\/lugares\/ex-convento-de-san-juan-bautista-del-siglo-xvi-en-yecapixtla-morelos\/#breadcrumb\"},\"inLanguage\":\"es\",\"potentialAction\":[{\"@type\":\"ReadAction\",\"target\":[\"https:\/\/soclose.mx\/blog\/lugares\/ex-convento-de-san-juan-bautista-del-siglo-xvi-en-yecapixtla-morelos\/\"]}]},{\"@type\":\"ImageObject\",\"inLanguage\":\"es\",\"@id\":\"https:\/\/soclose.mx\/blog\/lugares\/ex-convento-de-san-juan-bautista-del-siglo-xvi-en-yecapixtla-morelos\/#primaryimage\",\"url\":\"https:\/\/i0.wp.com\/soclose.mx\/blog\/wp-content\/uploads\/2021\/01\/Principal-So-Close-blog-4.jpg?fit=1240%2C700&ssl=1\",\"contentUrl\":\"https:\/\/i0.wp.com\/soclose.mx\/blog\/wp-content\/uploads\/2021\/01\/Principal-So-Close-blog-4.jpg?fit=1240%2C700&ssl=1\",\"width\":1240,\"height\":700},{\"@type\":\"BreadcrumbList\",\"@id\":\"https:\/\/soclose.mx\/blog\/lugares\/ex-convento-de-san-juan-bautista-del-siglo-xvi-en-yecapixtla-morelos\/#breadcrumb\",\"itemListElement\":[{\"@type\":\"ListItem\",\"position\":1,\"name\":\"Inicio\",\"item\":\"https:\/\/soclose.mx\/blog\/\"},{\"@type\":\"ListItem\",\"position\":2,\"name\":\"Ex Convento de San Juan Bautista del siglo XVI en Yecapixtla Morelos\"}]},{\"@type\":\"WebSite\",\"@id\":\"https:\/\/soclose.mx\/blog\/#website\",\"url\":\"https:\/\/soclose.mx\/blog\/\",\"name\":\"So Close\",\"description\":\"Hacemos contenidos de M\u00e9xico\",\"publisher\":{\"@id\":\"https:\/\/soclose.mx\/blog\/#organization\"},\"potentialAction\":[{\"@type\":\"SearchAction\",\"target\":{\"@type\":\"EntryPoint\",\"urlTemplate\":\"https:\/\/soclose.mx\/blog\/?s={search_term_string}\"},\"query-input\":{\"@type\":\"PropertyValueSpecification\",\"valueRequired\":true,\"valueName\":\"search_term_string\"}}],\"inLanguage\":\"es\"},{\"@type\":\"Organization\",\"@id\":\"https:\/\/soclose.mx\/blog\/#organization\",\"name\":\"So Close\",\"url\":\"https:\/\/soclose.mx\/blog\/\",\"logo\":{\"@type\":\"ImageObject\",\"inLanguage\":\"es\",\"@id\":\"https:\/\/soclose.mx\/blog\/#\/schema\/logo\/image\/\",\"url\":\"https:\/\/i0.wp.com\/soclose.mx\/blog\/wp-content\/uploads\/2020\/12\/LOGO_SOCLOSE_COLOR-e1608310133507.png?fit=2858%2C1264&ssl=1\",\"contentUrl\":\"https:\/\/i0.wp.com\/soclose.mx\/blog\/wp-content\/uploads\/2020\/12\/LOGO_SOCLOSE_COLOR-e1608310133507.png?fit=2858%2C1264&ssl=1\",\"width\":2858,\"height\":1264,\"caption\":\"So Close\"},\"image\":{\"@id\":\"https:\/\/soclose.mx\/blog\/#\/schema\/logo\/image\/\"}},{\"@type\":\"Person\",\"@id\":\"https:\/\/soclose.mx\/blog\/#\/schema\/person\/723eb117ab965b55c3e56b5d29751667\",\"name\":\"So Close\",\"image\":{\"@type\":\"ImageObject\",\"inLanguage\":\"es\",\"@id\":\"https:\/\/soclose.mx\/blog\/#\/schema\/person\/image\/\",\"url\":\"https:\/\/secure.gravatar.com\/avatar\/5a1d1d694eaf6d2c28f450f0984cbb34821b92dc49c1d088c0250fbc6a48efec?s=96&d=mm&r=g\",\"contentUrl\":\"https:\/\/secure.gravatar.com\/avatar\/5a1d1d694eaf6d2c28f450f0984cbb34821b92dc49c1d088c0250fbc6a48efec?s=96&d=mm&r=g\",\"caption\":\"So Close\"},\"sameAs\":[\"http:\/\/www.soclose.mx\",\"https:\/\/www.youtube.com\/@soclosemx\"],\"url\":\"https:\/\/soclose.mx\/blog\/author\/admin\/\"}]}<\/script>\n<!-- \/ Yoast SEO plugin. -->","yoast_head_json":{"title":"Ex Convento de San Juan Bautista del siglo XVI en Yecapixtla Morelos - So Close","robots":{"index":"index","follow":"follow","max-snippet":"max-snippet:-1","max-image-preview":"max-image-preview:large","max-video-preview":"max-video-preview:-1"},"canonical":"https:\/\/soclose.mx\/blog\/lugares\/ex-convento-de-san-juan-bautista-del-siglo-xvi-en-yecapixtla-morelos\/","og_locale":"es_MX","og_type":"article","og_title":"Ex Convento de San Juan Bautista del siglo XVI en Yecapixtla Morelos - So Close","og_description":"Por Rosy Linares. La construcci\u00f3n del Ex Convento de San Juan Bautista, patrimonio de la Humanidad, fue iniciada en 1535 y concluida en 1541 por los agustinos, la fachada presenta rasgos g\u00f3ticos y renacentistas y el atrio alberga cuatro capillas posas. Por el pasado sismo del 19 de Septiembre del 2017, se vio seriamente afectado y ahora est\u00e1 siendo restaurado por el Instituto Nacional de Antropolog\u00eda e Historia (INAH). Del Ex Convento de San Juan Bautista es importante destacar el roset\u00f3n g\u00f3tico que adorna la entrada, es considerado uno de los emblemas distintivos del cual llama la atenci\u00f3n el p\u00falpito","og_url":"https:\/\/soclose.mx\/blog\/lugares\/ex-convento-de-san-juan-bautista-del-siglo-xvi-en-yecapixtla-morelos\/","og_site_name":"So Close","article_published_time":"2021-01-22T02:27:08+00:00","og_image":[{"width":1240,"height":700,"url":"https:\/\/i0.wp.com\/soclose.mx\/blog\/wp-content\/uploads\/2021\/01\/Principal-So-Close-blog-4.jpg?fit=1240%2C700&ssl=1","type":"image\/jpeg"}],"author":"So Close","twitter_card":"summary_large_image","twitter_misc":{"Escrito por":"So Close","Tiempo de lectura":"1 minuto"},"schema":{"@context":"https:\/\/schema.org","@graph":[{"@type":"Article","@id":"https:\/\/soclose.mx\/blog\/lugares\/ex-convento-de-san-juan-bautista-del-siglo-xvi-en-yecapixtla-morelos\/#article","isPartOf":{"@id":"https:\/\/soclose.mx\/blog\/lugares\/ex-convento-de-san-juan-bautista-del-siglo-xvi-en-yecapixtla-morelos\/"},"author":{"name":"So Close","@id":"https:\/\/soclose.mx\/blog\/#\/schema\/person\/723eb117ab965b55c3e56b5d29751667"},"headline":"Ex Convento de San Juan Bautista del siglo XVI en Yecapixtla Morelos","datePublished":"2021-01-22T02:27:08+00:00","mainEntityOfPage":{"@id":"https:\/\/soclose.mx\/blog\/lugares\/ex-convento-de-san-juan-bautista-del-siglo-xvi-en-yecapixtla-morelos\/"},"wordCount":254,"commentCount":0,"publisher":{"@id":"https:\/\/soclose.mx\/blog\/#organization"},"image":{"@id":"https:\/\/soclose.mx\/blog\/lugares\/ex-convento-de-san-juan-bautista-del-siglo-xvi-en-yecapixtla-morelos\/#primaryimage"},"thumbnailUrl":"https:\/\/i0.wp.com\/soclose.mx\/blog\/wp-content\/uploads\/2021\/01\/Principal-So-Close-blog-4.jpg?fit=1240%2C700&ssl=1","keywords":["Ex Convento de San Juan Bautista","morelos","unesco","yecapixtla"],"articleSection":["Lugares"],"inLanguage":"es","potentialAction":[{"@type":"CommentAction","name":"Comment","target":["https:\/\/soclose.mx\/blog\/lugares\/ex-convento-de-san-juan-bautista-del-siglo-xvi-en-yecapixtla-morelos\/#respond"]}]},{"@type":"WebPage","@id":"https:\/\/soclose.mx\/blog\/lugares\/ex-convento-de-san-juan-bautista-del-siglo-xvi-en-yecapixtla-morelos\/","url":"https:\/\/soclose.mx\/blog\/lugares\/ex-convento-de-san-juan-bautista-del-siglo-xvi-en-yecapixtla-morelos\/","name":"Ex Convento de San Juan Bautista del siglo XVI en Yecapixtla Morelos - So Close","isPartOf":{"@id":"https:\/\/soclose.mx\/blog\/#website"},"primaryImageOfPage":{"@id":"https:\/\/soclose.mx\/blog\/lugares\/ex-convento-de-san-juan-bautista-del-siglo-xvi-en-yecapixtla-morelos\/#primaryimage"},"image":{"@id":"https:\/\/soclose.mx\/blog\/lugares\/ex-convento-de-san-juan-bautista-del-siglo-xvi-en-yecapixtla-morelos\/#primaryimage"},"thumbnailUrl":"https:\/\/i0.wp.com\/soclose.mx\/blog\/wp-content\/uploads\/2021\/01\/Principal-So-Close-blog-4.jpg?fit=1240%2C700&ssl=1","datePublished":"2021-01-22T02:27:08+00:00","breadcrumb":{"@id":"https:\/\/soclose.mx\/blog\/lugares\/ex-convento-de-san-juan-bautista-del-siglo-xvi-en-yecapixtla-morelos\/#breadcrumb"},"inLanguage":"es","potentialAction":[{"@type":"ReadAction","target":["https:\/\/soclose.mx\/blog\/lugares\/ex-convento-de-san-juan-bautista-del-siglo-xvi-en-yecapixtla-morelos\/"]}]},{"@type":"ImageObject","inLanguage":"es","@id":"https:\/\/soclose.mx\/blog\/lugares\/ex-convento-de-san-juan-bautista-del-siglo-xvi-en-yecapixtla-morelos\/#primaryimage","url":"https:\/\/i0.wp.com\/soclose.mx\/blog\/wp-content\/uploads\/2021\/01\/Principal-So-Close-blog-4.jpg?fit=1240%2C700&ssl=1","contentUrl":"https:\/\/i0.wp.com\/soclose.mx\/blog\/wp-content\/uploads\/2021\/01\/Principal-So-Close-blog-4.jpg?fit=1240%2C700&ssl=1","width":1240,"height":700},{"@type":"BreadcrumbList","@id":"https:\/\/soclose.mx\/blog\/lugares\/ex-convento-de-san-juan-bautista-del-siglo-xvi-en-yecapixtla-morelos\/#breadcrumb","itemListElement":[{"@type":"ListItem","position":1,"name":"Inicio","item":"https:\/\/soclose.mx\/blog\/"},{"@type":"ListItem","position":2,"name":"Ex Convento de San Juan Bautista del siglo XVI en Yecapixtla Morelos"}]},{"@type":"WebSite","@id":"https:\/\/soclose.mx\/blog\/#website","url":"https:\/\/soclose.mx\/blog\/","name":"So Close","description":"Hacemos contenidos de M\u00e9xico","publisher":{"@id":"https:\/\/soclose.mx\/blog\/#organization"},"potentialAction":[{"@type":"SearchAction","target":{"@type":"EntryPoint","urlTemplate":"https:\/\/soclose.mx\/blog\/?s={search_term_string}"},"query-input":{"@type":"PropertyValueSpecification","valueRequired":true,"valueName":"search_term_string"}}],"inLanguage":"es"},{"@type":"Organization","@id":"https:\/\/soclose.mx\/blog\/#organization","name":"So Close","url":"https:\/\/soclose.mx\/blog\/","logo":{"@type":"ImageObject","inLanguage":"es","@id":"https:\/\/soclose.mx\/blog\/#\/schema\/logo\/image\/","url":"https:\/\/i0.wp.com\/soclose.mx\/blog\/wp-content\/uploads\/2020\/12\/LOGO_SOCLOSE_COLOR-e1608310133507.png?fit=2858%2C1264&ssl=1","contentUrl":"https:\/\/i0.wp.com\/soclose.mx\/blog\/wp-content\/uploads\/2020\/12\/LOGO_SOCLOSE_COLOR-e1608310133507.png?fit=2858%2C1264&ssl=1","width":2858,"height":1264,"caption":"So Close"},"image":{"@id":"https:\/\/soclose.mx\/blog\/#\/schema\/logo\/image\/"}},{"@type":"Person","@id":"https:\/\/soclose.mx\/blog\/#\/schema\/person\/723eb117ab965b55c3e56b5d29751667","name":"So Close","image":{"@type":"ImageObject","inLanguage":"es","@id":"https:\/\/soclose.mx\/blog\/#\/schema\/person\/image\/","url":"https:\/\/secure.gravatar.com\/avatar\/5a1d1d694eaf6d2c28f450f0984cbb34821b92dc49c1d088c0250fbc6a48efec?s=96&d=mm&r=g","contentUrl":"https:\/\/secure.gravatar.com\/avatar\/5a1d1d694eaf6d2c28f450f0984cbb34821b92dc49c1d088c0250fbc6a48efec?s=96&d=mm&r=g","caption":"So Close"},"sameAs":["http:\/\/www.soclose.mx","https:\/\/www.youtube.com\/@soclosemx"],"url":"https:\/\/soclose.mx\/blog\/author\/admin\/"}]}},"jetpack_featured_media_url":"https:\/\/i0.wp.com\/soclose.mx\/blog\/wp-content\/uploads\/2021\/01\/Principal-So-Close-blog-4.jpg?fit=1240%2C700&ssl=1","jetpack-related-posts":[{"id":5607,"url":"https:\/\/soclose.mx\/blog\/comida-mexicana\/rosca-de-reyes-y-pan-en-horno-de-lena-en-jumiltepec-ocuituco-morelos\/","url_meta":{"origin":5653,"position":0},"title":"Rosca de Reyes y pan en horno de le\u00f1a en Jumiltepec Ocuituco, Morelos","author":"So Close","date":"7 enero, 2021","format":false,"excerpt":"Por Rosy Linares En la zona de los altos de Morelos en la comunidad de Jumiltepec Ocuituco en Morelos, se elabora el famoso Pan de Jumiltepec y en esta temporada la Rosca de Reyes en un ritual familiar cien por ciento casero, el cu\u00e1l se cocina en el horno elaborado\u2026","rel":"","context":"En &quot;Comida mexicana&quot;","block_context":{"text":"Comida mexicana","link":"https:\/\/soclose.mx\/blog\/category\/comida-mexicana\/"},"img":{"alt_text":"","src":"https:\/\/i0.wp.com\/soclose.mx\/blog\/wp-content\/uploads\/2021\/01\/rosca-reyes.jpg?fit=1200%2C677&ssl=1&resize=350%2C200","width":350,"height":200,"srcset":"https:\/\/i0.wp.com\/soclose.mx\/blog\/wp-content\/uploads\/2021\/01\/rosca-reyes.jpg?fit=1200%2C677&ssl=1&resize=350%2C200 1x, https:\/\/i0.wp.com\/soclose.mx\/blog\/wp-content\/uploads\/2021\/01\/rosca-reyes.jpg?fit=1200%2C677&ssl=1&resize=525%2C300 1.5x, https:\/\/i0.wp.com\/soclose.mx\/blog\/wp-content\/uploads\/2021\/01\/rosca-reyes.jpg?fit=1200%2C677&ssl=1&resize=700%2C400 2x, https:\/\/i0.wp.com\/soclose.mx\/blog\/wp-content\/uploads\/2021\/01\/rosca-reyes.jpg?fit=1200%2C677&ssl=1&resize=1050%2C600 3x"},"classes":[]},{"id":5288,"url":"https:\/\/soclose.mx\/blog\/ay-goeeee\/rosy-linares-la-fotoperiodista-de-dos-corazones\/","url_meta":{"origin":5653,"position":1},"title":"Rosy Linares, la incansable fotoperiodista de dos corazones","author":"Manolo RoCa","date":"6 septiembre, 2020","format":false,"excerpt":"Por Manolo RoCa Hay d\u00edas en los que me quejo de lo que siento, de lo que me falta, de lo que no hago, de \"N\" cantidad de pensamientos, s\u00ed de esos que te susurran y te distraen lo suficiente como para dejar de vivir al cien, pero uno de\u2026","rel":"","context":"En &quot;\u00a1Ay goeeee!&quot;","block_context":{"text":"\u00a1Ay goeeee!","link":"https:\/\/soclose.mx\/blog\/category\/ay-goeeee\/"},"img":{"alt_text":"","src":"https:\/\/i0.wp.com\/soclose.mx\/blog\/wp-content\/uploads\/2020\/07\/72112555_10220590445932546_2768364463907143680_o.jpg?fit=960%2C640&ssl=1&resize=350%2C200","width":350,"height":200,"srcset":"https:\/\/i0.wp.com\/soclose.mx\/blog\/wp-content\/uploads\/2020\/07\/72112555_10220590445932546_2768364463907143680_o.jpg?fit=960%2C640&ssl=1&resize=350%2C200 1x, https:\/\/i0.wp.com\/soclose.mx\/blog\/wp-content\/uploads\/2020\/07\/72112555_10220590445932546_2768364463907143680_o.jpg?fit=960%2C640&ssl=1&resize=525%2C300 1.5x, https:\/\/i0.wp.com\/soclose.mx\/blog\/wp-content\/uploads\/2020\/07\/72112555_10220590445932546_2768364463907143680_o.jpg?fit=960%2C640&ssl=1&resize=700%2C400 2x"},"classes":[]},{"id":5567,"url":"https:\/\/soclose.mx\/blog\/lugares\/soame-mujeres-de-tradicion-milenaria-en-el-telar-de-cintura\/","url_meta":{"origin":5653,"position":2},"title":"Soame &#8220;Mujeres de Tradici\u00f3n&#8221; milenaria en el telar de cintura","author":"So Close","date":"2 enero, 2024","format":false,"excerpt":"Por Rosy Linares. Soame \"Mujeres de Tradici\u00f3n\"; Grupo de Gabaneras de Hueyapan est\u00e1 conformado por 29 integrantes de entre 20 y 72 a\u00f1os de edad con una tradici\u00f3n milenaria en el telar de cintura. En el reci\u00e9n conformado municipio ind\u00edgena Hueyapan ubicado en la zona Oriente de los Altos de\u2026","rel":"","context":"En &quot;Lugares&quot;","block_context":{"text":"Lugares","link":"https:\/\/soclose.mx\/blog\/category\/lugares\/"},"img":{"alt_text":"","src":"https:\/\/i0.wp.com\/soclose.mx\/blog\/wp-content\/uploads\/2021\/01\/Principal-So-Close-blog.jpg?fit=1200%2C677&ssl=1&resize=350%2C200","width":350,"height":200,"srcset":"https:\/\/i0.wp.com\/soclose.mx\/blog\/wp-content\/uploads\/2021\/01\/Principal-So-Close-blog.jpg?fit=1200%2C677&ssl=1&resize=350%2C200 1x, https:\/\/i0.wp.com\/soclose.mx\/blog\/wp-content\/uploads\/2021\/01\/Principal-So-Close-blog.jpg?fit=1200%2C677&ssl=1&resize=525%2C300 1.5x, https:\/\/i0.wp.com\/soclose.mx\/blog\/wp-content\/uploads\/2021\/01\/Principal-So-Close-blog.jpg?fit=1200%2C677&ssl=1&resize=700%2C400 2x, https:\/\/i0.wp.com\/soclose.mx\/blog\/wp-content\/uploads\/2021\/01\/Principal-So-Close-blog.jpg?fit=1200%2C677&ssl=1&resize=1050%2C600 3x"},"classes":[]},{"id":5550,"url":"https:\/\/soclose.mx\/blog\/comida-mexicana\/cecina-icono-de-yecapixtla-y-heredera-del-jamon-serrano\/","url_meta":{"origin":5653,"position":3},"title":"Cecina, icono de Yecapixtla y heredera del jam\u00f3n serrano","author":"So Close","date":"30 diciembre, 2020","format":false,"excerpt":"Por Rosy Linares La cecina lleg\u00f3 a M\u00e9xico en la \u00e9poca de la conquista, entre los siglos XVI y XVII; su preparaci\u00f3n se hered\u00f3 de un producto t\u00edpicamente espa\u00f1ol: el jam\u00f3n serrano, pues al igual que este, la cecina se prepara con las tiras largas y anchas de la carne\u2026","rel":"","context":"En &quot;Comida mexicana&quot;","block_context":{"text":"Comida mexicana","link":"https:\/\/soclose.mx\/blog\/category\/comida-mexicana\/"},"img":{"alt_text":"","src":"https:\/\/i0.wp.com\/soclose.mx\/blog\/wp-content\/uploads\/2020\/12\/Principal-So-Close-blog-1.jpg?fit=1200%2C677&ssl=1&resize=350%2C200","width":350,"height":200,"srcset":"https:\/\/i0.wp.com\/soclose.mx\/blog\/wp-content\/uploads\/2020\/12\/Principal-So-Close-blog-1.jpg?fit=1200%2C677&ssl=1&resize=350%2C200 1x, https:\/\/i0.wp.com\/soclose.mx\/blog\/wp-content\/uploads\/2020\/12\/Principal-So-Close-blog-1.jpg?fit=1200%2C677&ssl=1&resize=525%2C300 1.5x, https:\/\/i0.wp.com\/soclose.mx\/blog\/wp-content\/uploads\/2020\/12\/Principal-So-Close-blog-1.jpg?fit=1200%2C677&ssl=1&resize=700%2C400 2x, https:\/\/i0.wp.com\/soclose.mx\/blog\/wp-content\/uploads\/2020\/12\/Principal-So-Close-blog-1.jpg?fit=1200%2C677&ssl=1&resize=1050%2C600 3x"},"classes":[]},{"id":5790,"url":"https:\/\/soclose.mx\/blog\/lugares\/5-pueblos-magicos-del-estado-de-mexico-que-te-van-a-enamorar\/","url_meta":{"origin":5653,"position":4},"title":"5 pueblos m\u00e1gicos del Estado de M\u00e9xico que te van a enamorar","author":"So Close","date":"24 febrero, 2021","format":false,"excerpt":"Aculco, Estado de M\u00e9xico Es un lugar de Otom\u00edes entre monta\u00f1as, pe\u00f1as y cascadas en el que tienes a infinidad de atractivos los cuales lo hacen uno de los pueblos m\u00e1gicos de M\u00e9xico. Aqu\u00ed te dejamos una probadita de lo que puedes ver: Casa de Cultura Casa Hidalgo Cascada La\u2026","rel":"","context":"En &quot;Lugares&quot;","block_context":{"text":"Lugares","link":"https:\/\/soclose.mx\/blog\/category\/lugares\/"},"img":{"alt_text":"","src":"https:\/\/i0.wp.com\/soclose.mx\/blog\/wp-content\/uploads\/2021\/02\/Principal-So-Close-blog-5.jpg?fit=1200%2C677&ssl=1&resize=350%2C200","width":350,"height":200,"srcset":"https:\/\/i0.wp.com\/soclose.mx\/blog\/wp-content\/uploads\/2021\/02\/Principal-So-Close-blog-5.jpg?fit=1200%2C677&ssl=1&resize=350%2C200 1x, https:\/\/i0.wp.com\/soclose.mx\/blog\/wp-content\/uploads\/2021\/02\/Principal-So-Close-blog-5.jpg?fit=1200%2C677&ssl=1&resize=525%2C300 1.5x, https:\/\/i0.wp.com\/soclose.mx\/blog\/wp-content\/uploads\/2021\/02\/Principal-So-Close-blog-5.jpg?fit=1200%2C677&ssl=1&resize=700%2C400 2x, https:\/\/i0.wp.com\/soclose.mx\/blog\/wp-content\/uploads\/2021\/02\/Principal-So-Close-blog-5.jpg?fit=1200%2C677&ssl=1&resize=1050%2C600 3x"},"classes":[]},{"id":5740,"url":"https:\/\/soclose.mx\/blog\/news-feed\/85-anos-de-la-representacion-de-la-obra-el-martir-del-golgota-en-ayala\/","url_meta":{"origin":5653,"position":5},"title":"85\u00a0a\u00f1os de la representaci\u00f3n de la obra \u201cEl m\u00e1rtir del G\u00f3lgota\u201d en Ayala","author":"So Close","date":"10 febrero, 2021","format":false,"excerpt":"Por Rosy Linares En este a\u00f1o 2021 se cumplir\u00edan 85 a\u00f1os de la representaci\u00f3n del \"M\u00e1rtir del G\u00f3lgota\" en la cabecera del municipio de Ayala en el estado de Morelos, pero por la pandemia y que el estado de Morelos sigue en Sem\u00e1foro Rojo tendr\u00e1 que cancelarse. Dicha obra de\u2026","rel":"","context":"En &quot;News feed&quot;","block_context":{"text":"News feed","link":"https:\/\/soclose.mx\/blog\/category\/news-feed\/"},"img":{"alt_text":"","src":"https:\/\/i0.wp.com\/soclose.mx\/blog\/wp-content\/uploads\/2021\/02\/MA%CC%80RTIRDELGO%CC%80LGOTA.jpg?fit=1200%2C677&ssl=1&resize=350%2C200","width":350,"height":200,"srcset":"https:\/\/i0.wp.com\/soclose.mx\/blog\/wp-content\/uploads\/2021\/02\/MA%CC%80RTIRDELGO%CC%80LGOTA.jpg?fit=1200%2C677&ssl=1&resize=350%2C200 1x, https:\/\/i0.wp.com\/soclose.mx\/blog\/wp-content\/uploads\/2021\/02\/MA%CC%80RTIRDELGO%CC%80LGOTA.jpg?fit=1200%2C677&ssl=1&resize=525%2C300 1.5x, https:\/\/i0.wp.com\/soclose.mx\/blog\/wp-content\/uploads\/2021\/02\/MA%CC%80RTIRDELGO%CC%80LGOTA.jpg?fit=1200%2C677&ssl=1&resize=700%2C400 2x, https:\/\/i0.wp.com\/soclose.mx\/blog\/wp-content\/uploads\/2021\/02\/MA%CC%80RTIRDELGO%CC%80LGOTA.jpg?fit=1200%2C677&ssl=1&resize=1050%2C600 3x"},"classes":[]}],"jetpack_sharing_enabled":true,"_links":{"self":[{"href":"https:\/\/soclose.mx\/blog\/wp-json\/wp\/v2\/posts\/5653","targetHints":{"allow":["GET"]}}],"collection":[{"href":"https:\/\/soclose.mx\/blog\/wp-json\/wp\/v2\/posts"}],"about":[{"href":"https:\/\/soclose.mx\/blog\/wp-json\/wp\/v2\/types\/post"}],"author":[{"embeddable":true,"href":"https:\/\/soclose.mx\/blog\/wp-json\/wp\/v2\/users\/1"}],"replies":[{"embeddable":true,"href":"https:\/\/soclose.mx\/blog\/wp-json\/wp\/v2\/comments?post=5653"}],"version-history":[{"count":0,"href":"https:\/\/soclose.mx\/blog\/wp-json\/wp\/v2\/posts\/5653\/revisions"}],"wp:featuredmedia":[{"embeddable":true,"href":"https:\/\/soclose.mx\/blog\/wp-json\/wp\/v2\/media\/5655"}],"wp:attachment":[{"href":"https:\/\/soclose.mx\/blog\/wp-json\/wp\/v2\/media?parent=5653"}],"wp:term":[{"taxonomy":"category","embeddable":true,"href":"https:\/\/soclose.mx\/blog\/wp-json\/wp\/v2\/categories?post=5653"},{"taxonomy":"post_tag","embeddable":true,"href":"https:\/\/soclose.mx\/blog\/wp-json\/wp\/v2\/tags?post=5653"}],"curies":[{"name":"wp","href":"https:\/\/api.w.org\/{rel}","templated":true}]}}