{"id":5666,"date":"2021-01-22T21:02:20","date_gmt":"2021-01-23T03:02:20","guid":{"rendered":"https:\/\/soclose.mx\/blog\/?p=5666"},"modified":"2023-10-11T17:49:50","modified_gmt":"2023-10-11T23:49:50","slug":"el-tepozteco-cumple-84-anos-como-area-protegida","status":"publish","type":"post","link":"https:\/\/soclose.mx\/blog\/news-feed\/el-tepozteco-cumple-84-anos-como-area-protegida\/","title":{"rendered":"El Tepozteco cumple 84 a\u00f1os como \u00c1rea Protegida"},"content":{"rendered":"<p>Este 22 de enero el <strong>Tepozteco<\/strong> celebra su aniversario 84 como \u00c1rea Natural Protegida.<\/p>\n<p>En 1937, por decreto presidencial, fue nombrado Parque Nacional y m\u00e1s de 23 mil hect\u00e1reas conforman esta maravilla natural; la cual rodea el municipio de <strong>Tepoztl\u00e1n<\/strong> en el estado de <strong>Morelos.<\/strong><\/p>\n<p>El <strong>Parque Nacional El Tepozteco<\/strong> es hogar del conejo zacatuche, el gorri\u00f3n serrano, el venado cola blanca, el gato mont\u00e9s, el monstruo de gila y la zorra.<\/p>\n<div id='gallery-1' class='gallery galleryid-5666 gallery-columns-3 gallery-size-medium'><figure class='gallery-item'>\n\t\t\t<div class='gallery-icon landscape'>\n\t\t\t\t<a href='https:\/\/soclose.mx\/blog\/news-feed\/el-tepozteco-cumple-84-anos-como-area-protegida\/attachment\/tepozteco3\/'><img fetchpriority=\"high\" decoding=\"async\" width=\"300\" height=\"200\" src=\"https:\/\/i0.wp.com\/soclose.mx\/blog\/wp-content\/uploads\/2021\/01\/tepozteco3.jpeg?fit=300%2C200&amp;ssl=1\" class=\"attachment-medium size-medium\" alt=\"\" aria-describedby=\"gallery-1-5670\" srcset=\"https:\/\/i0.wp.com\/soclose.mx\/blog\/wp-content\/uploads\/2021\/01\/tepozteco3.jpeg?w=1225&amp;ssl=1 1225w, https:\/\/i0.wp.com\/soclose.mx\/blog\/wp-content\/uploads\/2021\/01\/tepozteco3.jpeg?resize=300%2C200&amp;ssl=1 300w, https:\/\/i0.wp.com\/soclose.mx\/blog\/wp-content\/uploads\/2021\/01\/tepozteco3.jpeg?resize=1024%2C683&amp;ssl=1 1024w, https:\/\/i0.wp.com\/soclose.mx\/blog\/wp-content\/uploads\/2021\/01\/tepozteco3.jpeg?resize=768%2C512&amp;ssl=1 768w, https:\/\/i0.wp.com\/soclose.mx\/blog\/wp-content\/uploads\/2021\/01\/tepozteco3.jpeg?resize=16%2C12&amp;ssl=1 16w, https:\/\/i0.wp.com\/soclose.mx\/blog\/wp-content\/uploads\/2021\/01\/tepozteco3.jpeg?resize=770%2C514&amp;ssl=1 770w, https:\/\/i0.wp.com\/soclose.mx\/blog\/wp-content\/uploads\/2021\/01\/tepozteco3.jpeg?resize=760%2C507&amp;ssl=1 760w, https:\/\/i0.wp.com\/soclose.mx\/blog\/wp-content\/uploads\/2021\/01\/tepozteco3.jpeg?resize=600%2C400&amp;ssl=1 600w\" sizes=\"(max-width: 300px) 100vw, 300px\" \/><\/a>\n\t\t\t<\/div>\n\t\t\t\t<figcaption class='wp-caption-text gallery-caption' id='gallery-1-5670'>\n\t\t\t\tFoto: Jorge Mart\u00ednez S\u00e1nchez.\n\t\t\t\t<\/figcaption><\/figure><figure class='gallery-item'>\n\t\t\t<div class='gallery-icon landscape'>\n\t\t\t\t<a href='https:\/\/soclose.mx\/blog\/news-feed\/el-tepozteco-cumple-84-anos-como-area-protegida\/attachment\/tepozteco4\/'><img decoding=\"async\" width=\"300\" height=\"200\" src=\"https:\/\/i0.wp.com\/soclose.mx\/blog\/wp-content\/uploads\/2021\/01\/tepozteco4.jpeg?fit=300%2C200&amp;ssl=1\" class=\"attachment-medium size-medium\" alt=\"\" aria-describedby=\"gallery-1-5671\" srcset=\"https:\/\/i0.wp.com\/soclose.mx\/blog\/wp-content\/uploads\/2021\/01\/tepozteco4.jpeg?w=1225&amp;ssl=1 1225w, https:\/\/i0.wp.com\/soclose.mx\/blog\/wp-content\/uploads\/2021\/01\/tepozteco4.jpeg?resize=300%2C200&amp;ssl=1 300w, https:\/\/i0.wp.com\/soclose.mx\/blog\/wp-content\/uploads\/2021\/01\/tepozteco4.jpeg?resize=1024%2C683&amp;ssl=1 1024w, https:\/\/i0.wp.com\/soclose.mx\/blog\/wp-content\/uploads\/2021\/01\/tepozteco4.jpeg?resize=768%2C512&amp;ssl=1 768w, https:\/\/i0.wp.com\/soclose.mx\/blog\/wp-content\/uploads\/2021\/01\/tepozteco4.jpeg?resize=16%2C12&amp;ssl=1 16w, https:\/\/i0.wp.com\/soclose.mx\/blog\/wp-content\/uploads\/2021\/01\/tepozteco4.jpeg?resize=770%2C514&amp;ssl=1 770w, https:\/\/i0.wp.com\/soclose.mx\/blog\/wp-content\/uploads\/2021\/01\/tepozteco4.jpeg?resize=760%2C507&amp;ssl=1 760w, https:\/\/i0.wp.com\/soclose.mx\/blog\/wp-content\/uploads\/2021\/01\/tepozteco4.jpeg?resize=600%2C400&amp;ssl=1 600w\" sizes=\"(max-width: 300px) 100vw, 300px\" \/><\/a>\n\t\t\t<\/div>\n\t\t\t\t<figcaption class='wp-caption-text gallery-caption' id='gallery-1-5671'>\n\t\t\t\tFoto: Jorge Mart\u00ednez S\u00e1nchez.\n\t\t\t\t<\/figcaption><\/figure><figure class='gallery-item'>\n\t\t\t<div class='gallery-icon landscape'>\n\t\t\t\t<a href='https:\/\/soclose.mx\/blog\/news-feed\/el-tepozteco-cumple-84-anos-como-area-protegida\/attachment\/tepozteco7\/'><img decoding=\"async\" width=\"300\" height=\"145\" src=\"https:\/\/i0.wp.com\/soclose.mx\/blog\/wp-content\/uploads\/2021\/01\/tepozteco7.jpeg?fit=300%2C145&amp;ssl=1\" class=\"attachment-medium size-medium\" alt=\"\" aria-describedby=\"gallery-1-5673\" srcset=\"https:\/\/i0.wp.com\/soclose.mx\/blog\/wp-content\/uploads\/2021\/01\/tepozteco7.jpeg?w=1280&amp;ssl=1 1280w, https:\/\/i0.wp.com\/soclose.mx\/blog\/wp-content\/uploads\/2021\/01\/tepozteco7.jpeg?resize=300%2C145&amp;ssl=1 300w, https:\/\/i0.wp.com\/soclose.mx\/blog\/wp-content\/uploads\/2021\/01\/tepozteco7.jpeg?resize=1024%2C495&amp;ssl=1 1024w, https:\/\/i0.wp.com\/soclose.mx\/blog\/wp-content\/uploads\/2021\/01\/tepozteco7.jpeg?resize=768%2C371&amp;ssl=1 768w, https:\/\/i0.wp.com\/soclose.mx\/blog\/wp-content\/uploads\/2021\/01\/tepozteco7.jpeg?resize=16%2C8&amp;ssl=1 16w, https:\/\/i0.wp.com\/soclose.mx\/blog\/wp-content\/uploads\/2021\/01\/tepozteco7.jpeg?resize=770%2C372&amp;ssl=1 770w\" sizes=\"(max-width: 300px) 100vw, 300px\" \/><\/a>\n\t\t\t<\/div>\n\t\t\t\t<figcaption class='wp-caption-text gallery-caption' id='gallery-1-5673'>\n\t\t\t\tFoto: Jorge Mart\u00ednez S\u00e1nchez.\n\t\t\t\t<\/figcaption><\/figure><figure class='gallery-item'>\n\t\t\t<div class='gallery-icon landscape'>\n\t\t\t\t<a href='https:\/\/soclose.mx\/blog\/news-feed\/el-tepozteco-cumple-84-anos-como-area-protegida\/attachment\/tepozteco8\/'><img loading=\"lazy\" decoding=\"async\" width=\"300\" height=\"169\" src=\"https:\/\/i0.wp.com\/soclose.mx\/blog\/wp-content\/uploads\/2021\/01\/tepozteco8.jpeg?fit=300%2C169&amp;ssl=1\" class=\"attachment-medium size-medium\" alt=\"\" aria-describedby=\"gallery-1-5674\" srcset=\"https:\/\/i0.wp.com\/soclose.mx\/blog\/wp-content\/uploads\/2021\/01\/tepozteco8.jpeg?w=1280&amp;ssl=1 1280w, https:\/\/i0.wp.com\/soclose.mx\/blog\/wp-content\/uploads\/2021\/01\/tepozteco8.jpeg?resize=300%2C169&amp;ssl=1 300w, https:\/\/i0.wp.com\/soclose.mx\/blog\/wp-content\/uploads\/2021\/01\/tepozteco8.jpeg?resize=1024%2C576&amp;ssl=1 1024w, https:\/\/i0.wp.com\/soclose.mx\/blog\/wp-content\/uploads\/2021\/01\/tepozteco8.jpeg?resize=768%2C432&amp;ssl=1 768w, https:\/\/i0.wp.com\/soclose.mx\/blog\/wp-content\/uploads\/2021\/01\/tepozteco8.jpeg?resize=16%2C9&amp;ssl=1 16w, https:\/\/i0.wp.com\/soclose.mx\/blog\/wp-content\/uploads\/2021\/01\/tepozteco8.jpeg?resize=770%2C433&amp;ssl=1 770w\" sizes=\"(max-width: 300px) 100vw, 300px\" \/><\/a>\n\t\t\t<\/div>\n\t\t\t\t<figcaption class='wp-caption-text gallery-caption' id='gallery-1-5674'>\n\t\t\t\tFoto: Jorge Mart\u00ednez S\u00e1nchez.\n\t\t\t\t<\/figcaption><\/figure><figure class='gallery-item'>\n\t\t\t<div class='gallery-icon landscape'>\n\t\t\t\t<a href='https:\/\/soclose.mx\/blog\/news-feed\/el-tepozteco-cumple-84-anos-como-area-protegida\/attachment\/tepozteco9\/'><img loading=\"lazy\" decoding=\"async\" width=\"300\" height=\"225\" src=\"https:\/\/i0.wp.com\/soclose.mx\/blog\/wp-content\/uploads\/2021\/01\/tepozteco9.jpeg?fit=300%2C225&amp;ssl=1\" class=\"attachment-medium size-medium\" alt=\"\" aria-describedby=\"gallery-1-5675\" srcset=\"https:\/\/i0.wp.com\/soclose.mx\/blog\/wp-content\/uploads\/2021\/01\/tepozteco9.jpeg?w=1280&amp;ssl=1 1280w, https:\/\/i0.wp.com\/soclose.mx\/blog\/wp-content\/uploads\/2021\/01\/tepozteco9.jpeg?resize=300%2C225&amp;ssl=1 300w, https:\/\/i0.wp.com\/soclose.mx\/blog\/wp-content\/uploads\/2021\/01\/tepozteco9.jpeg?resize=1024%2C768&amp;ssl=1 1024w, https:\/\/i0.wp.com\/soclose.mx\/blog\/wp-content\/uploads\/2021\/01\/tepozteco9.jpeg?resize=768%2C576&amp;ssl=1 768w, https:\/\/i0.wp.com\/soclose.mx\/blog\/wp-content\/uploads\/2021\/01\/tepozteco9.jpeg?resize=16%2C12&amp;ssl=1 16w, https:\/\/i0.wp.com\/soclose.mx\/blog\/wp-content\/uploads\/2021\/01\/tepozteco9.jpeg?resize=770%2C578&amp;ssl=1 770w\" sizes=\"(max-width: 300px) 100vw, 300px\" \/><\/a>\n\t\t\t<\/div>\n\t\t\t\t<figcaption class='wp-caption-text gallery-caption' id='gallery-1-5675'>\n\t\t\t\tFoto: Jorge Mart\u00ednez S\u00e1nchez.\n\t\t\t\t<\/figcaption><\/figure><figure class='gallery-item'>\n\t\t\t<div class='gallery-icon landscape'>\n\t\t\t\t<a href='https:\/\/soclose.mx\/blog\/news-feed\/el-tepozteco-cumple-84-anos-como-area-protegida\/attachment\/tepozteco10\/'><img loading=\"lazy\" decoding=\"async\" width=\"300\" height=\"225\" src=\"https:\/\/i0.wp.com\/soclose.mx\/blog\/wp-content\/uploads\/2021\/01\/tepozteco10.jpeg?fit=300%2C225&amp;ssl=1\" class=\"attachment-medium size-medium\" alt=\"\" aria-describedby=\"gallery-1-5676\" srcset=\"https:\/\/i0.wp.com\/soclose.mx\/blog\/wp-content\/uploads\/2021\/01\/tepozteco10.jpeg?w=1280&amp;ssl=1 1280w, https:\/\/i0.wp.com\/soclose.mx\/blog\/wp-content\/uploads\/2021\/01\/tepozteco10.jpeg?resize=300%2C225&amp;ssl=1 300w, https:\/\/i0.wp.com\/soclose.mx\/blog\/wp-content\/uploads\/2021\/01\/tepozteco10.jpeg?resize=1024%2C768&amp;ssl=1 1024w, https:\/\/i0.wp.com\/soclose.mx\/blog\/wp-content\/uploads\/2021\/01\/tepozteco10.jpeg?resize=768%2C576&amp;ssl=1 768w, https:\/\/i0.wp.com\/soclose.mx\/blog\/wp-content\/uploads\/2021\/01\/tepozteco10.jpeg?resize=16%2C12&amp;ssl=1 16w, https:\/\/i0.wp.com\/soclose.mx\/blog\/wp-content\/uploads\/2021\/01\/tepozteco10.jpeg?resize=770%2C578&amp;ssl=1 770w\" sizes=\"(max-width: 300px) 100vw, 300px\" \/><\/a>\n\t\t\t<\/div>\n\t\t\t\t<figcaption class='wp-caption-text gallery-caption' id='gallery-1-5676'>\n\t\t\t\tFoto: Jorge Mart\u00ednez S\u00e1nchez.\n\t\t\t\t<\/figcaption><\/figure><figure class='gallery-item'>\n\t\t\t<div class='gallery-icon landscape'>\n\t\t\t\t<a href='https:\/\/soclose.mx\/blog\/news-feed\/el-tepozteco-cumple-84-anos-como-area-protegida\/attachment\/tepozteco11\/'><img loading=\"lazy\" decoding=\"async\" width=\"300\" height=\"165\" src=\"https:\/\/i0.wp.com\/soclose.mx\/blog\/wp-content\/uploads\/2021\/01\/tepozteco11.jpeg?fit=300%2C165&amp;ssl=1\" class=\"attachment-medium size-medium\" alt=\"\" aria-describedby=\"gallery-1-5677\" srcset=\"https:\/\/i0.wp.com\/soclose.mx\/blog\/wp-content\/uploads\/2021\/01\/tepozteco11.jpeg?w=1280&amp;ssl=1 1280w, https:\/\/i0.wp.com\/soclose.mx\/blog\/wp-content\/uploads\/2021\/01\/tepozteco11.jpeg?resize=300%2C165&amp;ssl=1 300w, https:\/\/i0.wp.com\/soclose.mx\/blog\/wp-content\/uploads\/2021\/01\/tepozteco11.jpeg?resize=1024%2C565&amp;ssl=1 1024w, https:\/\/i0.wp.com\/soclose.mx\/blog\/wp-content\/uploads\/2021\/01\/tepozteco11.jpeg?resize=768%2C424&amp;ssl=1 768w, https:\/\/i0.wp.com\/soclose.mx\/blog\/wp-content\/uploads\/2021\/01\/tepozteco11.jpeg?resize=16%2C9&amp;ssl=1 16w, https:\/\/i0.wp.com\/soclose.mx\/blog\/wp-content\/uploads\/2021\/01\/tepozteco11.jpeg?resize=770%2C425&amp;ssl=1 770w\" sizes=\"(max-width: 300px) 100vw, 300px\" \/><\/a>\n\t\t\t<\/div>\n\t\t\t\t<figcaption class='wp-caption-text gallery-caption' id='gallery-1-5677'>\n\t\t\t\tFoto: Jorge Mart\u00ednez S\u00e1nchez.\n\t\t\t\t<\/figcaption><\/figure><figure class='gallery-item'>\n\t\t\t<div class='gallery-icon landscape'>\n\t\t\t\t<a href='https:\/\/soclose.mx\/blog\/news-feed\/el-tepozteco-cumple-84-anos-como-area-protegida\/attachment\/tepozteco12\/'><img loading=\"lazy\" decoding=\"async\" width=\"300\" height=\"143\" src=\"https:\/\/i0.wp.com\/soclose.mx\/blog\/wp-content\/uploads\/2021\/01\/tepozteco12.jpeg?fit=300%2C143&amp;ssl=1\" class=\"attachment-medium size-medium\" alt=\"\" aria-describedby=\"gallery-1-5678\" srcset=\"https:\/\/i0.wp.com\/soclose.mx\/blog\/wp-content\/uploads\/2021\/01\/tepozteco12.jpeg?w=1280&amp;ssl=1 1280w, https:\/\/i0.wp.com\/soclose.mx\/blog\/wp-content\/uploads\/2021\/01\/tepozteco12.jpeg?resize=300%2C143&amp;ssl=1 300w, https:\/\/i0.wp.com\/soclose.mx\/blog\/wp-content\/uploads\/2021\/01\/tepozteco12.jpeg?resize=1024%2C490&amp;ssl=1 1024w, https:\/\/i0.wp.com\/soclose.mx\/blog\/wp-content\/uploads\/2021\/01\/tepozteco12.jpeg?resize=768%2C367&amp;ssl=1 768w, https:\/\/i0.wp.com\/soclose.mx\/blog\/wp-content\/uploads\/2021\/01\/tepozteco12.jpeg?resize=16%2C8&amp;ssl=1 16w, https:\/\/i0.wp.com\/soclose.mx\/blog\/wp-content\/uploads\/2021\/01\/tepozteco12.jpeg?resize=770%2C368&amp;ssl=1 770w\" sizes=\"(max-width: 300px) 100vw, 300px\" \/><\/a>\n\t\t\t<\/div>\n\t\t\t\t<figcaption class='wp-caption-text gallery-caption' id='gallery-1-5678'>\n\t\t\t\tFoto: Jorge Mart\u00ednez S\u00e1nchez.\n\t\t\t\t<\/figcaption><\/figure><figure class='gallery-item'>\n\t\t\t<div class='gallery-icon landscape'>\n\t\t\t\t<a href='https:\/\/soclose.mx\/blog\/news-feed\/el-tepozteco-cumple-84-anos-como-area-protegida\/attachment\/tepozteco13\/'><img loading=\"lazy\" decoding=\"async\" width=\"300\" height=\"200\" src=\"https:\/\/i0.wp.com\/soclose.mx\/blog\/wp-content\/uploads\/2021\/01\/tepozteco13.jpeg?fit=300%2C200&amp;ssl=1\" class=\"attachment-medium size-medium\" alt=\"\" aria-describedby=\"gallery-1-5679\" srcset=\"https:\/\/i0.wp.com\/soclose.mx\/blog\/wp-content\/uploads\/2021\/01\/tepozteco13.jpeg?w=1280&amp;ssl=1 1280w, https:\/\/i0.wp.com\/soclose.mx\/blog\/wp-content\/uploads\/2021\/01\/tepozteco13.jpeg?resize=300%2C200&amp;ssl=1 300w, https:\/\/i0.wp.com\/soclose.mx\/blog\/wp-content\/uploads\/2021\/01\/tepozteco13.jpeg?resize=1024%2C682&amp;ssl=1 1024w, https:\/\/i0.wp.com\/soclose.mx\/blog\/wp-content\/uploads\/2021\/01\/tepozteco13.jpeg?resize=768%2C512&amp;ssl=1 768w, https:\/\/i0.wp.com\/soclose.mx\/blog\/wp-content\/uploads\/2021\/01\/tepozteco13.jpeg?resize=16%2C12&amp;ssl=1 16w, https:\/\/i0.wp.com\/soclose.mx\/blog\/wp-content\/uploads\/2021\/01\/tepozteco13.jpeg?resize=770%2C513&amp;ssl=1 770w, https:\/\/i0.wp.com\/soclose.mx\/blog\/wp-content\/uploads\/2021\/01\/tepozteco13.jpeg?resize=760%2C507&amp;ssl=1 760w, https:\/\/i0.wp.com\/soclose.mx\/blog\/wp-content\/uploads\/2021\/01\/tepozteco13.jpeg?resize=600%2C400&amp;ssl=1 600w\" sizes=\"(max-width: 300px) 100vw, 300px\" \/><\/a>\n\t\t\t<\/div>\n\t\t\t\t<figcaption class='wp-caption-text gallery-caption' id='gallery-1-5679'>\n\t\t\t\tFoto: Jorge Mart\u00ednez S\u00e1nchez.\n\t\t\t\t<\/figcaption><\/figure>\n\t\t<\/div>\n\n<p>Aqu\u00ed acuden turistas de otros estados y pa\u00edses, pero derivado de la pandemia Covid19, este tesoro natural en <strong>Morelos<\/strong> est\u00e1 restringido el acceso, sin embargo cabe destacar que tiene paisajes de extraordinarias belleza y riqueza forestal, as\u00ed como vestigios prehisp\u00e1nicos de la cultura <strong>Tepozteca.<\/strong><\/p>\n<p>En el <strong>Tepozteco<\/strong> se pueden realizar actividades tur\u00edsticas de <strong>bajo impacto ambiental<\/strong>, como: acampar, alpinismo, caminatas en los senderos, observaci\u00f3n de flora y fauna silvestre, y rappel. Adem\u00e1s, puedes encontrar productos y alimentos 100% naturales y elaborados de manera sustentable, como: cosm\u00e9ticos de nopal, mermelada, pulpa de nopal con chile, jabones y shampoo.<\/p>\n","protected":false},"excerpt":{"rendered":"<p>Este 22 de enero el Tepozteco celebra su aniversario 84 como \u00c1rea Natural Protegida. En 1937, por decreto presidencial, fue nombrado Parque Nacional y m\u00e1s de 23 mil hect\u00e1reas conforman esta maravilla natural; la cual rodea el municipio de Tepoztl\u00e1n en el estado de Morelos. El Parque Nacional El Tepozteco es hogar del conejo zacatuche, el gorri\u00f3n serrano, el venado cola blanca, el gato mont\u00e9s, el monstruo de gila y la zorra. Aqu\u00ed acuden turistas de otros estados y pa\u00edses, pero derivado de la pandemia Covid19, este tesoro natural en Morelos est\u00e1 restringido el acceso, sin embargo cabe destacar que<\/p>\n","protected":false},"author":1,"featured_media":5668,"comment_status":"open","ping_status":"open","sticky":false,"template":"","format":"standard","meta":{"_jetpack_memberships_contains_paid_content":false,"footnotes":""},"categories":[628],"tags":[597,647,648],"class_list":["post-5666","post","type-post","status-publish","format-standard","has-post-thumbnail","hentry","category-news-feed","tag-morelos","tag-tepozteco","tag-tepoztlan"],"yoast_head":"<!-- This site is optimized with the Yoast SEO plugin v26.7 - https:\/\/yoast.com\/wordpress\/plugins\/seo\/ -->\n<title>El Tepozteco cumple 84 a\u00f1os como \u00c1rea Protegida - So Close<\/title>\n<meta name=\"robots\" content=\"index, follow, max-snippet:-1, max-image-preview:large, max-video-preview:-1\" \/>\n<link rel=\"canonical\" href=\"https:\/\/soclose.mx\/blog\/news-feed\/el-tepozteco-cumple-84-anos-como-area-protegida\/\" \/>\n<meta property=\"og:locale\" content=\"es_MX\" \/>\n<meta property=\"og:type\" content=\"article\" \/>\n<meta property=\"og:title\" content=\"El Tepozteco cumple 84 a\u00f1os como \u00c1rea Protegida - So Close\" \/>\n<meta property=\"og:description\" content=\"Este 22 de enero el Tepozteco celebra su aniversario 84 como \u00c1rea Natural Protegida. En 1937, por decreto presidencial, fue nombrado Parque Nacional y m\u00e1s de 23 mil hect\u00e1reas conforman esta maravilla natural; la cual rodea el municipio de Tepoztl\u00e1n en el estado de Morelos. El Parque Nacional El Tepozteco es hogar del conejo zacatuche, el gorri\u00f3n serrano, el venado cola blanca, el gato mont\u00e9s, el monstruo de gila y la zorra. Aqu\u00ed acuden turistas de otros estados y pa\u00edses, pero derivado de la pandemia Covid19, este tesoro natural en Morelos est\u00e1 restringido el acceso, sin embargo cabe destacar que\" \/>\n<meta property=\"og:url\" content=\"https:\/\/soclose.mx\/blog\/news-feed\/el-tepozteco-cumple-84-anos-como-area-protegida\/\" \/>\n<meta property=\"og:site_name\" content=\"So Close\" \/>\n<meta property=\"article:published_time\" content=\"2021-01-23T03:02:20+00:00\" \/>\n<meta property=\"article:modified_time\" content=\"2023-10-11T23:49:50+00:00\" \/>\n<meta property=\"og:image\" content=\"https:\/\/soclose.mx\/blog\/wp-content\/uploads\/2021\/01\/Principal-So-Close-blog-5.jpg\" \/>\n\t<meta property=\"og:image:width\" content=\"1240\" \/>\n\t<meta property=\"og:image:height\" content=\"700\" \/>\n\t<meta property=\"og:image:type\" content=\"image\/jpeg\" \/>\n<meta name=\"author\" content=\"So Close\" \/>\n<meta name=\"twitter:card\" content=\"summary_large_image\" \/>\n<meta name=\"twitter:label1\" content=\"Escrito por\" \/>\n\t<meta name=\"twitter:data1\" content=\"So Close\" \/>\n\t<meta name=\"twitter:label2\" content=\"Tiempo de lectura\" \/>\n\t<meta name=\"twitter:data2\" content=\"1 minuto\" \/>\n<script type=\"application\/ld+json\" class=\"yoast-schema-graph\">{\"@context\":\"https:\/\/schema.org\",\"@graph\":[{\"@type\":\"Article\",\"@id\":\"https:\/\/soclose.mx\/blog\/news-feed\/el-tepozteco-cumple-84-anos-como-area-protegida\/#article\",\"isPartOf\":{\"@id\":\"https:\/\/soclose.mx\/blog\/news-feed\/el-tepozteco-cumple-84-anos-como-area-protegida\/\"},\"author\":{\"name\":\"So Close\",\"@id\":\"https:\/\/soclose.mx\/blog\/#\/schema\/person\/723eb117ab965b55c3e56b5d29751667\"},\"headline\":\"El Tepozteco cumple 84 a\u00f1os como \u00c1rea Protegida\",\"datePublished\":\"2021-01-23T03:02:20+00:00\",\"dateModified\":\"2023-10-11T23:49:50+00:00\",\"mainEntityOfPage\":{\"@id\":\"https:\/\/soclose.mx\/blog\/news-feed\/el-tepozteco-cumple-84-anos-como-area-protegida\/\"},\"wordCount\":187,\"commentCount\":0,\"publisher\":{\"@id\":\"https:\/\/soclose.mx\/blog\/#organization\"},\"image\":{\"@id\":\"https:\/\/soclose.mx\/blog\/news-feed\/el-tepozteco-cumple-84-anos-como-area-protegida\/#primaryimage\"},\"thumbnailUrl\":\"https:\/\/i0.wp.com\/soclose.mx\/blog\/wp-content\/uploads\/2021\/01\/Principal-So-Close-blog-5.jpg?fit=1240%2C700&ssl=1\",\"keywords\":[\"morelos\",\"tepozteco\",\"tepoztlan\"],\"articleSection\":[\"News feed\"],\"inLanguage\":\"es\",\"potentialAction\":[{\"@type\":\"CommentAction\",\"name\":\"Comment\",\"target\":[\"https:\/\/soclose.mx\/blog\/news-feed\/el-tepozteco-cumple-84-anos-como-area-protegida\/#respond\"]}]},{\"@type\":\"WebPage\",\"@id\":\"https:\/\/soclose.mx\/blog\/news-feed\/el-tepozteco-cumple-84-anos-como-area-protegida\/\",\"url\":\"https:\/\/soclose.mx\/blog\/news-feed\/el-tepozteco-cumple-84-anos-como-area-protegida\/\",\"name\":\"El Tepozteco cumple 84 a\u00f1os como \u00c1rea Protegida - So Close\",\"isPartOf\":{\"@id\":\"https:\/\/soclose.mx\/blog\/#website\"},\"primaryImageOfPage\":{\"@id\":\"https:\/\/soclose.mx\/blog\/news-feed\/el-tepozteco-cumple-84-anos-como-area-protegida\/#primaryimage\"},\"image\":{\"@id\":\"https:\/\/soclose.mx\/blog\/news-feed\/el-tepozteco-cumple-84-anos-como-area-protegida\/#primaryimage\"},\"thumbnailUrl\":\"https:\/\/i0.wp.com\/soclose.mx\/blog\/wp-content\/uploads\/2021\/01\/Principal-So-Close-blog-5.jpg?fit=1240%2C700&ssl=1\",\"datePublished\":\"2021-01-23T03:02:20+00:00\",\"dateModified\":\"2023-10-11T23:49:50+00:00\",\"breadcrumb\":{\"@id\":\"https:\/\/soclose.mx\/blog\/news-feed\/el-tepozteco-cumple-84-anos-como-area-protegida\/#breadcrumb\"},\"inLanguage\":\"es\",\"potentialAction\":[{\"@type\":\"ReadAction\",\"target\":[\"https:\/\/soclose.mx\/blog\/news-feed\/el-tepozteco-cumple-84-anos-como-area-protegida\/\"]}]},{\"@type\":\"ImageObject\",\"inLanguage\":\"es\",\"@id\":\"https:\/\/soclose.mx\/blog\/news-feed\/el-tepozteco-cumple-84-anos-como-area-protegida\/#primaryimage\",\"url\":\"https:\/\/i0.wp.com\/soclose.mx\/blog\/wp-content\/uploads\/2021\/01\/Principal-So-Close-blog-5.jpg?fit=1240%2C700&ssl=1\",\"contentUrl\":\"https:\/\/i0.wp.com\/soclose.mx\/blog\/wp-content\/uploads\/2021\/01\/Principal-So-Close-blog-5.jpg?fit=1240%2C700&ssl=1\",\"width\":1240,\"height\":700},{\"@type\":\"BreadcrumbList\",\"@id\":\"https:\/\/soclose.mx\/blog\/news-feed\/el-tepozteco-cumple-84-anos-como-area-protegida\/#breadcrumb\",\"itemListElement\":[{\"@type\":\"ListItem\",\"position\":1,\"name\":\"Inicio\",\"item\":\"https:\/\/soclose.mx\/blog\/\"},{\"@type\":\"ListItem\",\"position\":2,\"name\":\"El Tepozteco cumple 84 a\u00f1os como \u00c1rea Protegida\"}]},{\"@type\":\"WebSite\",\"@id\":\"https:\/\/soclose.mx\/blog\/#website\",\"url\":\"https:\/\/soclose.mx\/blog\/\",\"name\":\"So Close\",\"description\":\"Hacemos contenidos de M\u00e9xico\",\"publisher\":{\"@id\":\"https:\/\/soclose.mx\/blog\/#organization\"},\"potentialAction\":[{\"@type\":\"SearchAction\",\"target\":{\"@type\":\"EntryPoint\",\"urlTemplate\":\"https:\/\/soclose.mx\/blog\/?s={search_term_string}\"},\"query-input\":{\"@type\":\"PropertyValueSpecification\",\"valueRequired\":true,\"valueName\":\"search_term_string\"}}],\"inLanguage\":\"es\"},{\"@type\":\"Organization\",\"@id\":\"https:\/\/soclose.mx\/blog\/#organization\",\"name\":\"So Close\",\"url\":\"https:\/\/soclose.mx\/blog\/\",\"logo\":{\"@type\":\"ImageObject\",\"inLanguage\":\"es\",\"@id\":\"https:\/\/soclose.mx\/blog\/#\/schema\/logo\/image\/\",\"url\":\"https:\/\/i0.wp.com\/soclose.mx\/blog\/wp-content\/uploads\/2020\/12\/LOGO_SOCLOSE_COLOR-e1608310133507.png?fit=2858%2C1264&ssl=1\",\"contentUrl\":\"https:\/\/i0.wp.com\/soclose.mx\/blog\/wp-content\/uploads\/2020\/12\/LOGO_SOCLOSE_COLOR-e1608310133507.png?fit=2858%2C1264&ssl=1\",\"width\":2858,\"height\":1264,\"caption\":\"So Close\"},\"image\":{\"@id\":\"https:\/\/soclose.mx\/blog\/#\/schema\/logo\/image\/\"}},{\"@type\":\"Person\",\"@id\":\"https:\/\/soclose.mx\/blog\/#\/schema\/person\/723eb117ab965b55c3e56b5d29751667\",\"name\":\"So Close\",\"image\":{\"@type\":\"ImageObject\",\"inLanguage\":\"es\",\"@id\":\"https:\/\/soclose.mx\/blog\/#\/schema\/person\/image\/\",\"url\":\"https:\/\/secure.gravatar.com\/avatar\/5a1d1d694eaf6d2c28f450f0984cbb34821b92dc49c1d088c0250fbc6a48efec?s=96&d=mm&r=g\",\"contentUrl\":\"https:\/\/secure.gravatar.com\/avatar\/5a1d1d694eaf6d2c28f450f0984cbb34821b92dc49c1d088c0250fbc6a48efec?s=96&d=mm&r=g\",\"caption\":\"So Close\"},\"sameAs\":[\"http:\/\/www.soclose.mx\",\"https:\/\/www.youtube.com\/@soclosemx\"],\"url\":\"https:\/\/soclose.mx\/blog\/author\/admin\/\"}]}<\/script>\n<!-- \/ Yoast SEO plugin. -->","yoast_head_json":{"title":"El Tepozteco cumple 84 a\u00f1os como \u00c1rea Protegida - So Close","robots":{"index":"index","follow":"follow","max-snippet":"max-snippet:-1","max-image-preview":"max-image-preview:large","max-video-preview":"max-video-preview:-1"},"canonical":"https:\/\/soclose.mx\/blog\/news-feed\/el-tepozteco-cumple-84-anos-como-area-protegida\/","og_locale":"es_MX","og_type":"article","og_title":"El Tepozteco cumple 84 a\u00f1os como \u00c1rea Protegida - So Close","og_description":"Este 22 de enero el Tepozteco celebra su aniversario 84 como \u00c1rea Natural Protegida. En 1937, por decreto presidencial, fue nombrado Parque Nacional y m\u00e1s de 23 mil hect\u00e1reas conforman esta maravilla natural; la cual rodea el municipio de Tepoztl\u00e1n en el estado de Morelos. El Parque Nacional El Tepozteco es hogar del conejo zacatuche, el gorri\u00f3n serrano, el venado cola blanca, el gato mont\u00e9s, el monstruo de gila y la zorra. Aqu\u00ed acuden turistas de otros estados y pa\u00edses, pero derivado de la pandemia Covid19, este tesoro natural en Morelos est\u00e1 restringido el acceso, sin embargo cabe destacar que","og_url":"https:\/\/soclose.mx\/blog\/news-feed\/el-tepozteco-cumple-84-anos-como-area-protegida\/","og_site_name":"So Close","article_published_time":"2021-01-23T03:02:20+00:00","article_modified_time":"2023-10-11T23:49:50+00:00","og_image":[{"width":1240,"height":700,"url":"https:\/\/soclose.mx\/blog\/wp-content\/uploads\/2021\/01\/Principal-So-Close-blog-5.jpg","type":"image\/jpeg"}],"author":"So Close","twitter_card":"summary_large_image","twitter_misc":{"Escrito por":"So Close","Tiempo de lectura":"1 minuto"},"schema":{"@context":"https:\/\/schema.org","@graph":[{"@type":"Article","@id":"https:\/\/soclose.mx\/blog\/news-feed\/el-tepozteco-cumple-84-anos-como-area-protegida\/#article","isPartOf":{"@id":"https:\/\/soclose.mx\/blog\/news-feed\/el-tepozteco-cumple-84-anos-como-area-protegida\/"},"author":{"name":"So Close","@id":"https:\/\/soclose.mx\/blog\/#\/schema\/person\/723eb117ab965b55c3e56b5d29751667"},"headline":"El Tepozteco cumple 84 a\u00f1os como \u00c1rea Protegida","datePublished":"2021-01-23T03:02:20+00:00","dateModified":"2023-10-11T23:49:50+00:00","mainEntityOfPage":{"@id":"https:\/\/soclose.mx\/blog\/news-feed\/el-tepozteco-cumple-84-anos-como-area-protegida\/"},"wordCount":187,"commentCount":0,"publisher":{"@id":"https:\/\/soclose.mx\/blog\/#organization"},"image":{"@id":"https:\/\/soclose.mx\/blog\/news-feed\/el-tepozteco-cumple-84-anos-como-area-protegida\/#primaryimage"},"thumbnailUrl":"https:\/\/i0.wp.com\/soclose.mx\/blog\/wp-content\/uploads\/2021\/01\/Principal-So-Close-blog-5.jpg?fit=1240%2C700&ssl=1","keywords":["morelos","tepozteco","tepoztlan"],"articleSection":["News feed"],"inLanguage":"es","potentialAction":[{"@type":"CommentAction","name":"Comment","target":["https:\/\/soclose.mx\/blog\/news-feed\/el-tepozteco-cumple-84-anos-como-area-protegida\/#respond"]}]},{"@type":"WebPage","@id":"https:\/\/soclose.mx\/blog\/news-feed\/el-tepozteco-cumple-84-anos-como-area-protegida\/","url":"https:\/\/soclose.mx\/blog\/news-feed\/el-tepozteco-cumple-84-anos-como-area-protegida\/","name":"El Tepozteco cumple 84 a\u00f1os como \u00c1rea Protegida - So Close","isPartOf":{"@id":"https:\/\/soclose.mx\/blog\/#website"},"primaryImageOfPage":{"@id":"https:\/\/soclose.mx\/blog\/news-feed\/el-tepozteco-cumple-84-anos-como-area-protegida\/#primaryimage"},"image":{"@id":"https:\/\/soclose.mx\/blog\/news-feed\/el-tepozteco-cumple-84-anos-como-area-protegida\/#primaryimage"},"thumbnailUrl":"https:\/\/i0.wp.com\/soclose.mx\/blog\/wp-content\/uploads\/2021\/01\/Principal-So-Close-blog-5.jpg?fit=1240%2C700&ssl=1","datePublished":"2021-01-23T03:02:20+00:00","dateModified":"2023-10-11T23:49:50+00:00","breadcrumb":{"@id":"https:\/\/soclose.mx\/blog\/news-feed\/el-tepozteco-cumple-84-anos-como-area-protegida\/#breadcrumb"},"inLanguage":"es","potentialAction":[{"@type":"ReadAction","target":["https:\/\/soclose.mx\/blog\/news-feed\/el-tepozteco-cumple-84-anos-como-area-protegida\/"]}]},{"@type":"ImageObject","inLanguage":"es","@id":"https:\/\/soclose.mx\/blog\/news-feed\/el-tepozteco-cumple-84-anos-como-area-protegida\/#primaryimage","url":"https:\/\/i0.wp.com\/soclose.mx\/blog\/wp-content\/uploads\/2021\/01\/Principal-So-Close-blog-5.jpg?fit=1240%2C700&ssl=1","contentUrl":"https:\/\/i0.wp.com\/soclose.mx\/blog\/wp-content\/uploads\/2021\/01\/Principal-So-Close-blog-5.jpg?fit=1240%2C700&ssl=1","width":1240,"height":700},{"@type":"BreadcrumbList","@id":"https:\/\/soclose.mx\/blog\/news-feed\/el-tepozteco-cumple-84-anos-como-area-protegida\/#breadcrumb","itemListElement":[{"@type":"ListItem","position":1,"name":"Inicio","item":"https:\/\/soclose.mx\/blog\/"},{"@type":"ListItem","position":2,"name":"El Tepozteco cumple 84 a\u00f1os como \u00c1rea Protegida"}]},{"@type":"WebSite","@id":"https:\/\/soclose.mx\/blog\/#website","url":"https:\/\/soclose.mx\/blog\/","name":"So Close","description":"Hacemos contenidos de M\u00e9xico","publisher":{"@id":"https:\/\/soclose.mx\/blog\/#organization"},"potentialAction":[{"@type":"SearchAction","target":{"@type":"EntryPoint","urlTemplate":"https:\/\/soclose.mx\/blog\/?s={search_term_string}"},"query-input":{"@type":"PropertyValueSpecification","valueRequired":true,"valueName":"search_term_string"}}],"inLanguage":"es"},{"@type":"Organization","@id":"https:\/\/soclose.mx\/blog\/#organization","name":"So Close","url":"https:\/\/soclose.mx\/blog\/","logo":{"@type":"ImageObject","inLanguage":"es","@id":"https:\/\/soclose.mx\/blog\/#\/schema\/logo\/image\/","url":"https:\/\/i0.wp.com\/soclose.mx\/blog\/wp-content\/uploads\/2020\/12\/LOGO_SOCLOSE_COLOR-e1608310133507.png?fit=2858%2C1264&ssl=1","contentUrl":"https:\/\/i0.wp.com\/soclose.mx\/blog\/wp-content\/uploads\/2020\/12\/LOGO_SOCLOSE_COLOR-e1608310133507.png?fit=2858%2C1264&ssl=1","width":2858,"height":1264,"caption":"So Close"},"image":{"@id":"https:\/\/soclose.mx\/blog\/#\/schema\/logo\/image\/"}},{"@type":"Person","@id":"https:\/\/soclose.mx\/blog\/#\/schema\/person\/723eb117ab965b55c3e56b5d29751667","name":"So Close","image":{"@type":"ImageObject","inLanguage":"es","@id":"https:\/\/soclose.mx\/blog\/#\/schema\/person\/image\/","url":"https:\/\/secure.gravatar.com\/avatar\/5a1d1d694eaf6d2c28f450f0984cbb34821b92dc49c1d088c0250fbc6a48efec?s=96&d=mm&r=g","contentUrl":"https:\/\/secure.gravatar.com\/avatar\/5a1d1d694eaf6d2c28f450f0984cbb34821b92dc49c1d088c0250fbc6a48efec?s=96&d=mm&r=g","caption":"So Close"},"sameAs":["http:\/\/www.soclose.mx","https:\/\/www.youtube.com\/@soclosemx"],"url":"https:\/\/soclose.mx\/blog\/author\/admin\/"}]}},"jetpack_featured_media_url":"https:\/\/i0.wp.com\/soclose.mx\/blog\/wp-content\/uploads\/2021\/01\/Principal-So-Close-blog-5.jpg?fit=1240%2C700&ssl=1","jetpack-related-posts":[{"id":12076,"url":"https:\/\/soclose.mx\/blog\/lugares\/ovnis-en-mexico-cuatro-lugares-para-verlos-vamos\/","url_meta":{"origin":5666,"position":0},"title":"Ovnis en M\u00e9xico: Cuatro lugares para verlos \u00a1Vamos!","author":"Emmanuel Oviedo","date":"28 julio, 2023","format":false,"excerpt":"En M\u00e9xico estamos muy acostumbrados a las leyendas y a los fantasmas en mitad de la noche. As\u00ed que presenciar m\u00e1s cosas sobrenaturales no ser\u00eda nada extra\u00f1o para los mexicanos. Incluso, ya sabemos cu\u00e1les son los sitios que m\u00e1s frecuentan los extraterrestres, o los lugares en donde, se dice, se\u2026","rel":"","context":"En &quot;Lugares&quot;","block_context":{"text":"Lugares","link":"https:\/\/soclose.mx\/blog\/category\/lugares\/"},"img":{"alt_text":"Tepoztlan ovnis","src":"https:\/\/i0.wp.com\/soclose.mx\/blog\/wp-content\/uploads\/2023\/07\/12221958823_4760572724_k.jpg?resize=350%2C200&ssl=1","width":350,"height":200,"srcset":"https:\/\/i0.wp.com\/soclose.mx\/blog\/wp-content\/uploads\/2023\/07\/12221958823_4760572724_k.jpg?resize=350%2C200&ssl=1 1x, https:\/\/i0.wp.com\/soclose.mx\/blog\/wp-content\/uploads\/2023\/07\/12221958823_4760572724_k.jpg?resize=525%2C300&ssl=1 1.5x, https:\/\/i0.wp.com\/soclose.mx\/blog\/wp-content\/uploads\/2023\/07\/12221958823_4760572724_k.jpg?resize=700%2C400&ssl=1 2x, https:\/\/i0.wp.com\/soclose.mx\/blog\/wp-content\/uploads\/2023\/07\/12221958823_4760572724_k.jpg?resize=1050%2C600&ssl=1 3x, https:\/\/i0.wp.com\/soclose.mx\/blog\/wp-content\/uploads\/2023\/07\/12221958823_4760572724_k.jpg?resize=1400%2C800&ssl=1 4x"},"classes":[]},{"id":14777,"url":"https:\/\/soclose.mx\/blog\/news-feed\/donde-ver-la-luna-rosa-2025-en-mexico-mejores-lugares-y-consejos\/","url_meta":{"origin":5666,"position":1},"title":"\u00bfD\u00f3nde Ver la Luna Rosa 2025 en M\u00e9xico? Mejores Lugares y Consejos","author":"So Close","date":"4 abril, 2025","format":false,"excerpt":"La Luna Rosa 2025, que tendr\u00e1 lugar el domingo 13 de abril, ser\u00e1 visible en todo M\u00e9xico, pero para disfrutarla en su m\u00e1ximo esplendor, es importante elegir lugares estrat\u00e9gicos alejados de la contaminaci\u00f3n lum\u00ednica y con cielos despejados. A continuaci\u00f3n, te comparto las mejores regiones y consejos \u00bfD\u00f3nde Ver la\u2026","rel":"","context":"En &quot;News feed&quot;","block_context":{"text":"News feed","link":"https:\/\/soclose.mx\/blog\/category\/news-feed\/"},"img":{"alt_text":"Luna rosa","src":"https:\/\/i0.wp.com\/soclose.mx\/blog\/wp-content\/uploads\/2025\/04\/Luna-rosa.jpg?fit=1200%2C675&ssl=1&resize=350%2C200","width":350,"height":200,"srcset":"https:\/\/i0.wp.com\/soclose.mx\/blog\/wp-content\/uploads\/2025\/04\/Luna-rosa.jpg?fit=1200%2C675&ssl=1&resize=350%2C200 1x, https:\/\/i0.wp.com\/soclose.mx\/blog\/wp-content\/uploads\/2025\/04\/Luna-rosa.jpg?fit=1200%2C675&ssl=1&resize=525%2C300 1.5x, https:\/\/i0.wp.com\/soclose.mx\/blog\/wp-content\/uploads\/2025\/04\/Luna-rosa.jpg?fit=1200%2C675&ssl=1&resize=700%2C400 2x, https:\/\/i0.wp.com\/soclose.mx\/blog\/wp-content\/uploads\/2025\/04\/Luna-rosa.jpg?fit=1200%2C675&ssl=1&resize=1050%2C600 3x"},"classes":[]},{"id":5712,"url":"https:\/\/soclose.mx\/blog\/lugares\/museo-del-chinelo-en-yautepec-morelos\/","url_meta":{"origin":5666,"position":2},"title":"Museo del Chinelo, en Yautepec, Morelos","author":"So Close","date":"2 febrero, 2021","format":false,"excerpt":"Por Rosy Linares En el coraz\u00f3n de la cabecera municipal de Yautepec, se encuentra el \"Museo del Chinelo\" arraigo de la identidad comunitaria, inaugurado el\u00a0 pasado 9 de noviembre de 2019. Durante su visita en este espacio cultural disfrutar\u00e1 de una importante aportaci\u00f3n de obras de artistas morelenses, se promueve\u2026","rel":"","context":"En &quot;Lugares&quot;","block_context":{"text":"Lugares","link":"https:\/\/soclose.mx\/blog\/category\/lugares\/"},"img":{"alt_text":"","src":"https:\/\/i0.wp.com\/soclose.mx\/blog\/wp-content\/uploads\/2021\/02\/Principal-So-Close-blog.jpg?fit=1200%2C677&ssl=1&resize=350%2C200","width":350,"height":200,"srcset":"https:\/\/i0.wp.com\/soclose.mx\/blog\/wp-content\/uploads\/2021\/02\/Principal-So-Close-blog.jpg?fit=1200%2C677&ssl=1&resize=350%2C200 1x, https:\/\/i0.wp.com\/soclose.mx\/blog\/wp-content\/uploads\/2021\/02\/Principal-So-Close-blog.jpg?fit=1200%2C677&ssl=1&resize=525%2C300 1.5x, https:\/\/i0.wp.com\/soclose.mx\/blog\/wp-content\/uploads\/2021\/02\/Principal-So-Close-blog.jpg?fit=1200%2C677&ssl=1&resize=700%2C400 2x, https:\/\/i0.wp.com\/soclose.mx\/blog\/wp-content\/uploads\/2021\/02\/Principal-So-Close-blog.jpg?fit=1200%2C677&ssl=1&resize=1050%2C600 3x"},"classes":[]},{"id":5775,"url":"https:\/\/soclose.mx\/blog\/lugares\/5-lugares-para-ver-las-estrellas-en-mexico-espacios-de-astroturismo\/","url_meta":{"origin":5666,"position":3},"title":"5 lugares para ver las estrellas en M\u00e9xico, espacios de astroturismo","author":"So Close","date":"23 febrero, 2021","format":false,"excerpt":"Desierto de Wirikuta, San Luis Potos\u00ed. Este incre\u00edble lugar mexicano es parte de la Red Mundial de Sitios Sagrados Naturales que protege la UNESCO desde 1998. Puedes hacer recorridos y excursiones donde podr\u00e1s admirar el cielo de noche, rodeado de rituales de peyote. Para llegar al desierto hay varias opciones,\u2026","rel":"","context":"En &quot;Lugares&quot;","block_context":{"text":"Lugares","link":"https:\/\/soclose.mx\/blog\/category\/lugares\/"},"img":{"alt_text":"","src":"https:\/\/i0.wp.com\/soclose.mx\/blog\/wp-content\/uploads\/2021\/02\/Principal-So-Close-blog-4.jpg?fit=1200%2C677&ssl=1&resize=350%2C200","width":350,"height":200,"srcset":"https:\/\/i0.wp.com\/soclose.mx\/blog\/wp-content\/uploads\/2021\/02\/Principal-So-Close-blog-4.jpg?fit=1200%2C677&ssl=1&resize=350%2C200 1x, https:\/\/i0.wp.com\/soclose.mx\/blog\/wp-content\/uploads\/2021\/02\/Principal-So-Close-blog-4.jpg?fit=1200%2C677&ssl=1&resize=525%2C300 1.5x, https:\/\/i0.wp.com\/soclose.mx\/blog\/wp-content\/uploads\/2021\/02\/Principal-So-Close-blog-4.jpg?fit=1200%2C677&ssl=1&resize=700%2C400 2x, https:\/\/i0.wp.com\/soclose.mx\/blog\/wp-content\/uploads\/2021\/02\/Principal-So-Close-blog-4.jpg?fit=1200%2C677&ssl=1&resize=1050%2C600 3x"},"classes":[]},{"id":5752,"url":"https:\/\/soclose.mx\/blog\/lugares\/piedra-rajada-en-chalcatzingo-morelos-un-centro-ceremonial-para-tods\/","url_meta":{"origin":5666,"position":4},"title":"Piedra rajada en Chalcatzingo, Morelos&#8230; un centro ceremonial para tod@s","author":"So Close","date":"16 febrero, 2021","format":false,"excerpt":"El centro ecotur\u00edstico Piedra Rajada se ubica a pocos metros de la zona arqueol\u00f3gica de Chalcatzingo,\u00a0 antiguamente era un centro ceremonial de la cultura Olmeca. En Piedra Rajada relajar\u00e1s sus sentidos, disfrutar\u00e1s de bellos amaneceres y por la noche el cielo limpio estrellado escuchando el sonido de la fauna local\u2026","rel":"","context":"En &quot;Lugares&quot;","block_context":{"text":"Lugares","link":"https:\/\/soclose.mx\/blog\/category\/lugares\/"},"img":{"alt_text":"","src":"https:\/\/i0.wp.com\/soclose.mx\/blog\/wp-content\/uploads\/2021\/02\/Principal-So-Close-blog-1.jpg?fit=1200%2C677&ssl=1&resize=350%2C200","width":350,"height":200,"srcset":"https:\/\/i0.wp.com\/soclose.mx\/blog\/wp-content\/uploads\/2021\/02\/Principal-So-Close-blog-1.jpg?fit=1200%2C677&ssl=1&resize=350%2C200 1x, https:\/\/i0.wp.com\/soclose.mx\/blog\/wp-content\/uploads\/2021\/02\/Principal-So-Close-blog-1.jpg?fit=1200%2C677&ssl=1&resize=525%2C300 1.5x, https:\/\/i0.wp.com\/soclose.mx\/blog\/wp-content\/uploads\/2021\/02\/Principal-So-Close-blog-1.jpg?fit=1200%2C677&ssl=1&resize=700%2C400 2x, https:\/\/i0.wp.com\/soclose.mx\/blog\/wp-content\/uploads\/2021\/02\/Principal-So-Close-blog-1.jpg?fit=1200%2C677&ssl=1&resize=1050%2C600 3x"},"classes":[]},{"id":5638,"url":"https:\/\/soclose.mx\/blog\/lugares\/los-5-balnearios-que-tienes-que-visitar-en-morelos\/","url_meta":{"origin":5666,"position":5},"title":"Los 5 balnearios que tienes que visitar en Morelos","author":"So Close","date":"15 enero, 2021","format":false,"excerpt":"Por Rosy Linares Morelos tiene los mejores climas del pa\u00eds y es por ello que cuenta con centros recreativos acu\u00e1ticos envidiables incluso son visitados hasta en temporada de fr\u00edo. Parque Acu\u00e1tico El Rollo, localizado en la zona Sur de Morelos en el municipio de Tlaltizap\u00e1n cuenta con actividades y juegos\u2026","rel":"","context":"En &quot;Lugares&quot;","block_context":{"text":"Lugares","link":"https:\/\/soclose.mx\/blog\/category\/lugares\/"},"img":{"alt_text":"","src":"https:\/\/i0.wp.com\/soclose.mx\/blog\/wp-content\/uploads\/2021\/01\/alberca.jpg?fit=1200%2C800&ssl=1&resize=350%2C200","width":350,"height":200,"srcset":"https:\/\/i0.wp.com\/soclose.mx\/blog\/wp-content\/uploads\/2021\/01\/alberca.jpg?fit=1200%2C800&ssl=1&resize=350%2C200 1x, https:\/\/i0.wp.com\/soclose.mx\/blog\/wp-content\/uploads\/2021\/01\/alberca.jpg?fit=1200%2C800&ssl=1&resize=525%2C300 1.5x, https:\/\/i0.wp.com\/soclose.mx\/blog\/wp-content\/uploads\/2021\/01\/alberca.jpg?fit=1200%2C800&ssl=1&resize=700%2C400 2x, https:\/\/i0.wp.com\/soclose.mx\/blog\/wp-content\/uploads\/2021\/01\/alberca.jpg?fit=1200%2C800&ssl=1&resize=1050%2C600 3x"},"classes":[]}],"jetpack_sharing_enabled":true,"_links":{"self":[{"href":"https:\/\/soclose.mx\/blog\/wp-json\/wp\/v2\/posts\/5666","targetHints":{"allow":["GET"]}}],"collection":[{"href":"https:\/\/soclose.mx\/blog\/wp-json\/wp\/v2\/posts"}],"about":[{"href":"https:\/\/soclose.mx\/blog\/wp-json\/wp\/v2\/types\/post"}],"author":[{"embeddable":true,"href":"https:\/\/soclose.mx\/blog\/wp-json\/wp\/v2\/users\/1"}],"replies":[{"embeddable":true,"href":"https:\/\/soclose.mx\/blog\/wp-json\/wp\/v2\/comments?post=5666"}],"version-history":[{"count":0,"href":"https:\/\/soclose.mx\/blog\/wp-json\/wp\/v2\/posts\/5666\/revisions"}],"wp:featuredmedia":[{"embeddable":true,"href":"https:\/\/soclose.mx\/blog\/wp-json\/wp\/v2\/media\/5668"}],"wp:attachment":[{"href":"https:\/\/soclose.mx\/blog\/wp-json\/wp\/v2\/media?parent=5666"}],"wp:term":[{"taxonomy":"category","embeddable":true,"href":"https:\/\/soclose.mx\/blog\/wp-json\/wp\/v2\/categories?post=5666"},{"taxonomy":"post_tag","embeddable":true,"href":"https:\/\/soclose.mx\/blog\/wp-json\/wp\/v2\/tags?post=5666"}],"curies":[{"name":"wp","href":"https:\/\/api.w.org\/{rel}","templated":true}]}}