{"id":5827,"date":"2021-03-03T18:10:03","date_gmt":"2021-03-04T00:10:03","guid":{"rendered":"https:\/\/soclose.mx\/blog\/?p=5827"},"modified":"2021-03-03T18:10:03","modified_gmt":"2021-03-04T00:10:03","slug":"por-covid-19-estas-playas-de-mexico-cerraran-en-semana-santa","status":"publish","type":"post","link":"https:\/\/soclose.mx\/blog\/news-feed\/por-covid-19-estas-playas-de-mexico-cerraran-en-semana-santa\/","title":{"rendered":"Por Covid-19, estas playas de M\u00e9xico cerrar\u00e1n en Semana Santa"},"content":{"rendered":"<p class=\"p1\">Este<b> 2021 <\/b>por la<b> pandemia de Covid-19<\/b> y con el objetivo de no incrementar el n\u00famero de contagios, la<span class=\"Apple-converted-space\">\u00a0 <\/span><b>Semana Santa<\/b>\u00a0<strong>Santa<\/strong> que ser\u00e1 del\u00a0<b>domingo 28 de marzo al s\u00e1bado 3 de abril<\/b> no se permitir\u00e1 el ingreso a las siguientes playas de <strong>M\u00e9xico.<\/strong><\/p>\n<p class=\"p1\">En\u00a0<b>La Paz<\/b>, <strong>Baja California Sur,<\/strong> el cierre de <strong>playas<\/strong> ser\u00e1 del 1 al 4 de abril.<\/p>\n<blockquote class=\"twitter-tweet\">\n<p dir=\"ltr\" lang=\"es\">Playas de <a href=\"https:\/\/twitter.com\/hashtag\/LaPaz?src=hash&amp;ref_src=twsrc%5Etfw\">#LaPaz<\/a> <a href=\"https:\/\/twitter.com\/hashtag\/BCS?src=hash&amp;ref_src=twsrc%5Etfw\">#BCS<\/a> cerrar\u00e1n durante Semana Santa.<br \/>\nDurante sesi\u00f3n extraordinaria del Consejo Municipal de Protecci\u00f3n Civil, el alcalde de La Paz, Rub\u00e9n Mu\u00f1oz Alvares, inform\u00f3 que durante Semana Santa las playas en el municipio se mantendr\u00e1n cerradas para evitar aglomeraciones. <a href=\"https:\/\/t.co\/Fpt0HMRNHW\">pic.twitter.com\/Fpt0HMRNHW<\/a><\/p>\n<p>\u2014 Red Informativa BCS (@RInformativaBCS) <a href=\"https:\/\/twitter.com\/RInformativaBCS\/status\/1365092947297898501?ref_src=twsrc%5Etfw\">February 26, 2021<\/a><\/p><\/blockquote>\n<p><script async src=\"https:\/\/platform.twitter.com\/widgets.js\" charset=\"utf-8\"><\/script><\/p>\n<p>En\u00a0<b>Sinaloa<\/b>, algunas <strong>playas<\/strong> de\u00a0<b>Navolato<\/b>, como\u00a0<b>El Tambor<\/b>\u00a0y\u00a0<b>Las \u00c1guilas<\/b>, tambi\u00e9n estar\u00e1n cerradas en\u00a0<b>Semana Santa<\/b>, con la diferencia de que los restaurantes a la orilla de la <strong>playa<\/strong> operar\u00e1n al 80% de su capacidad, siguiendo medidas sanitarias para su personal y clientes.<\/p>\n","protected":false},"excerpt":{"rendered":"<p>Este 2021 por la pandemia de Covid-19 y con el objetivo de no incrementar el n\u00famero de contagios, la\u00a0 Semana Santa\u00a0Santa que ser\u00e1 del\u00a0domingo 28 de marzo al s\u00e1bado 3 de abril no se permitir\u00e1 el ingreso a las siguientes playas de M\u00e9xico. En\u00a0La Paz, Baja California Sur, el cierre de playas ser\u00e1 del 1 al 4 de abril. Playas de #LaPaz #BCS cerrar\u00e1n durante Semana Santa. Durante sesi\u00f3n extraordinaria del Consejo Municipal de Protecci\u00f3n Civil, el alcalde de La Paz, Rub\u00e9n Mu\u00f1oz Alvares, inform\u00f3 que durante Semana Santa las playas en el municipio se mantendr\u00e1n cerradas para evitar aglomeraciones.<\/p>\n","protected":false},"author":1,"featured_media":5829,"comment_status":"open","ping_status":"open","sticky":false,"template":"","format":"standard","meta":{"_jetpack_memberships_contains_paid_content":false,"footnotes":""},"categories":[628],"tags":[699,727,725,722,726,723,189,721,724],"class_list":["post-5827","post","type-post","status-publish","format-standard","has-post-thumbnail","hentry","category-news-feed","tag-baja-california","tag-covid19","tag-el-tambor","tag-la-paz","tag-las-aguilas","tag-navolato","tag-playas","tag-semana-santa","tag-sinaloa"],"yoast_head":"<!-- This site is optimized with the Yoast SEO plugin v26.7 - https:\/\/yoast.com\/wordpress\/plugins\/seo\/ -->\n<title>Por Covid-19, estas playas de M\u00e9xico cerrar\u00e1n en Semana Santa - So Close<\/title>\n<meta name=\"robots\" content=\"index, follow, max-snippet:-1, max-image-preview:large, max-video-preview:-1\" \/>\n<link rel=\"canonical\" href=\"https:\/\/soclose.mx\/blog\/news-feed\/por-covid-19-estas-playas-de-mexico-cerraran-en-semana-santa\/\" \/>\n<meta property=\"og:locale\" content=\"es_MX\" \/>\n<meta property=\"og:type\" content=\"article\" \/>\n<meta property=\"og:title\" content=\"Por Covid-19, estas playas de M\u00e9xico cerrar\u00e1n en Semana Santa - So Close\" \/>\n<meta property=\"og:description\" content=\"Este 2021 por la pandemia de Covid-19 y con el objetivo de no incrementar el n\u00famero de contagios, la\u00a0 Semana Santa\u00a0Santa que ser\u00e1 del\u00a0domingo 28 de marzo al s\u00e1bado 3 de abril no se permitir\u00e1 el ingreso a las siguientes playas de M\u00e9xico. En\u00a0La Paz, Baja California Sur, el cierre de playas ser\u00e1 del 1 al 4 de abril. Playas de #LaPaz #BCS cerrar\u00e1n durante Semana Santa. Durante sesi\u00f3n extraordinaria del Consejo Municipal de Protecci\u00f3n Civil, el alcalde de La Paz, Rub\u00e9n Mu\u00f1oz Alvares, inform\u00f3 que durante Semana Santa las playas en el municipio se mantendr\u00e1n cerradas para evitar aglomeraciones.\" \/>\n<meta property=\"og:url\" content=\"https:\/\/soclose.mx\/blog\/news-feed\/por-covid-19-estas-playas-de-mexico-cerraran-en-semana-santa\/\" \/>\n<meta property=\"og:site_name\" content=\"So Close\" \/>\n<meta property=\"article:published_time\" content=\"2021-03-04T00:10:03+00:00\" \/>\n<meta property=\"og:image\" content=\"https:\/\/i0.wp.com\/soclose.mx\/blog\/wp-content\/uploads\/2021\/03\/Principal-So-Close-blog.jpg?fit=1240%2C700&ssl=1\" \/>\n\t<meta property=\"og:image:width\" content=\"1240\" \/>\n\t<meta property=\"og:image:height\" content=\"700\" \/>\n\t<meta property=\"og:image:type\" content=\"image\/jpeg\" \/>\n<meta name=\"author\" content=\"So Close\" \/>\n<meta name=\"twitter:card\" content=\"summary_large_image\" \/>\n<meta name=\"twitter:label1\" content=\"Escrito por\" \/>\n\t<meta name=\"twitter:data1\" content=\"So Close\" \/>\n\t<meta name=\"twitter:label2\" content=\"Tiempo de lectura\" \/>\n\t<meta name=\"twitter:data2\" content=\"1 minuto\" \/>\n<script type=\"application\/ld+json\" class=\"yoast-schema-graph\">{\"@context\":\"https:\/\/schema.org\",\"@graph\":[{\"@type\":\"Article\",\"@id\":\"https:\/\/soclose.mx\/blog\/news-feed\/por-covid-19-estas-playas-de-mexico-cerraran-en-semana-santa\/#article\",\"isPartOf\":{\"@id\":\"https:\/\/soclose.mx\/blog\/news-feed\/por-covid-19-estas-playas-de-mexico-cerraran-en-semana-santa\/\"},\"author\":{\"name\":\"So Close\",\"@id\":\"https:\/\/soclose.mx\/blog\/#\/schema\/person\/723eb117ab965b55c3e56b5d29751667\"},\"headline\":\"Por Covid-19, estas playas de M\u00e9xico cerrar\u00e1n en Semana Santa\",\"datePublished\":\"2021-03-04T00:10:03+00:00\",\"mainEntityOfPage\":{\"@id\":\"https:\/\/soclose.mx\/blog\/news-feed\/por-covid-19-estas-playas-de-mexico-cerraran-en-semana-santa\/\"},\"wordCount\":176,\"commentCount\":0,\"publisher\":{\"@id\":\"https:\/\/soclose.mx\/blog\/#organization\"},\"image\":{\"@id\":\"https:\/\/soclose.mx\/blog\/news-feed\/por-covid-19-estas-playas-de-mexico-cerraran-en-semana-santa\/#primaryimage\"},\"thumbnailUrl\":\"https:\/\/i0.wp.com\/soclose.mx\/blog\/wp-content\/uploads\/2021\/03\/Principal-So-Close-blog.jpg?fit=1240%2C700&ssl=1\",\"keywords\":[\"baja california\",\"covid19\",\"el tambor\",\"la paz\",\"las aguilas\",\"navolato\",\"playas\",\"semana santa\",\"sinaloa\"],\"articleSection\":[\"News feed\"],\"inLanguage\":\"es\",\"potentialAction\":[{\"@type\":\"CommentAction\",\"name\":\"Comment\",\"target\":[\"https:\/\/soclose.mx\/blog\/news-feed\/por-covid-19-estas-playas-de-mexico-cerraran-en-semana-santa\/#respond\"]}]},{\"@type\":\"WebPage\",\"@id\":\"https:\/\/soclose.mx\/blog\/news-feed\/por-covid-19-estas-playas-de-mexico-cerraran-en-semana-santa\/\",\"url\":\"https:\/\/soclose.mx\/blog\/news-feed\/por-covid-19-estas-playas-de-mexico-cerraran-en-semana-santa\/\",\"name\":\"Por Covid-19, estas playas de M\u00e9xico cerrar\u00e1n en Semana Santa - So Close\",\"isPartOf\":{\"@id\":\"https:\/\/soclose.mx\/blog\/#website\"},\"primaryImageOfPage\":{\"@id\":\"https:\/\/soclose.mx\/blog\/news-feed\/por-covid-19-estas-playas-de-mexico-cerraran-en-semana-santa\/#primaryimage\"},\"image\":{\"@id\":\"https:\/\/soclose.mx\/blog\/news-feed\/por-covid-19-estas-playas-de-mexico-cerraran-en-semana-santa\/#primaryimage\"},\"thumbnailUrl\":\"https:\/\/i0.wp.com\/soclose.mx\/blog\/wp-content\/uploads\/2021\/03\/Principal-So-Close-blog.jpg?fit=1240%2C700&ssl=1\",\"datePublished\":\"2021-03-04T00:10:03+00:00\",\"breadcrumb\":{\"@id\":\"https:\/\/soclose.mx\/blog\/news-feed\/por-covid-19-estas-playas-de-mexico-cerraran-en-semana-santa\/#breadcrumb\"},\"inLanguage\":\"es\",\"potentialAction\":[{\"@type\":\"ReadAction\",\"target\":[\"https:\/\/soclose.mx\/blog\/news-feed\/por-covid-19-estas-playas-de-mexico-cerraran-en-semana-santa\/\"]}]},{\"@type\":\"ImageObject\",\"inLanguage\":\"es\",\"@id\":\"https:\/\/soclose.mx\/blog\/news-feed\/por-covid-19-estas-playas-de-mexico-cerraran-en-semana-santa\/#primaryimage\",\"url\":\"https:\/\/i0.wp.com\/soclose.mx\/blog\/wp-content\/uploads\/2021\/03\/Principal-So-Close-blog.jpg?fit=1240%2C700&ssl=1\",\"contentUrl\":\"https:\/\/i0.wp.com\/soclose.mx\/blog\/wp-content\/uploads\/2021\/03\/Principal-So-Close-blog.jpg?fit=1240%2C700&ssl=1\",\"width\":1240,\"height\":700},{\"@type\":\"BreadcrumbList\",\"@id\":\"https:\/\/soclose.mx\/blog\/news-feed\/por-covid-19-estas-playas-de-mexico-cerraran-en-semana-santa\/#breadcrumb\",\"itemListElement\":[{\"@type\":\"ListItem\",\"position\":1,\"name\":\"Inicio\",\"item\":\"https:\/\/soclose.mx\/blog\/\"},{\"@type\":\"ListItem\",\"position\":2,\"name\":\"Por Covid-19, estas playas de M\u00e9xico cerrar\u00e1n en Semana Santa\"}]},{\"@type\":\"WebSite\",\"@id\":\"https:\/\/soclose.mx\/blog\/#website\",\"url\":\"https:\/\/soclose.mx\/blog\/\",\"name\":\"So Close\",\"description\":\"Hacemos contenidos de M\u00e9xico\",\"publisher\":{\"@id\":\"https:\/\/soclose.mx\/blog\/#organization\"},\"potentialAction\":[{\"@type\":\"SearchAction\",\"target\":{\"@type\":\"EntryPoint\",\"urlTemplate\":\"https:\/\/soclose.mx\/blog\/?s={search_term_string}\"},\"query-input\":{\"@type\":\"PropertyValueSpecification\",\"valueRequired\":true,\"valueName\":\"search_term_string\"}}],\"inLanguage\":\"es\"},{\"@type\":\"Organization\",\"@id\":\"https:\/\/soclose.mx\/blog\/#organization\",\"name\":\"So Close\",\"url\":\"https:\/\/soclose.mx\/blog\/\",\"logo\":{\"@type\":\"ImageObject\",\"inLanguage\":\"es\",\"@id\":\"https:\/\/soclose.mx\/blog\/#\/schema\/logo\/image\/\",\"url\":\"https:\/\/i0.wp.com\/soclose.mx\/blog\/wp-content\/uploads\/2020\/12\/LOGO_SOCLOSE_COLOR-e1608310133507.png?fit=2858%2C1264&ssl=1\",\"contentUrl\":\"https:\/\/i0.wp.com\/soclose.mx\/blog\/wp-content\/uploads\/2020\/12\/LOGO_SOCLOSE_COLOR-e1608310133507.png?fit=2858%2C1264&ssl=1\",\"width\":2858,\"height\":1264,\"caption\":\"So Close\"},\"image\":{\"@id\":\"https:\/\/soclose.mx\/blog\/#\/schema\/logo\/image\/\"}},{\"@type\":\"Person\",\"@id\":\"https:\/\/soclose.mx\/blog\/#\/schema\/person\/723eb117ab965b55c3e56b5d29751667\",\"name\":\"So Close\",\"image\":{\"@type\":\"ImageObject\",\"inLanguage\":\"es\",\"@id\":\"https:\/\/soclose.mx\/blog\/#\/schema\/person\/image\/\",\"url\":\"https:\/\/secure.gravatar.com\/avatar\/5a1d1d694eaf6d2c28f450f0984cbb34821b92dc49c1d088c0250fbc6a48efec?s=96&d=mm&r=g\",\"contentUrl\":\"https:\/\/secure.gravatar.com\/avatar\/5a1d1d694eaf6d2c28f450f0984cbb34821b92dc49c1d088c0250fbc6a48efec?s=96&d=mm&r=g\",\"caption\":\"So Close\"},\"sameAs\":[\"http:\/\/www.soclose.mx\",\"https:\/\/www.youtube.com\/@soclosemx\"],\"url\":\"https:\/\/soclose.mx\/blog\/author\/admin\/\"}]}<\/script>\n<!-- \/ Yoast SEO plugin. -->","yoast_head_json":{"title":"Por Covid-19, estas playas de M\u00e9xico cerrar\u00e1n en Semana Santa - So Close","robots":{"index":"index","follow":"follow","max-snippet":"max-snippet:-1","max-image-preview":"max-image-preview:large","max-video-preview":"max-video-preview:-1"},"canonical":"https:\/\/soclose.mx\/blog\/news-feed\/por-covid-19-estas-playas-de-mexico-cerraran-en-semana-santa\/","og_locale":"es_MX","og_type":"article","og_title":"Por Covid-19, estas playas de M\u00e9xico cerrar\u00e1n en Semana Santa - So Close","og_description":"Este 2021 por la pandemia de Covid-19 y con el objetivo de no incrementar el n\u00famero de contagios, la\u00a0 Semana Santa\u00a0Santa que ser\u00e1 del\u00a0domingo 28 de marzo al s\u00e1bado 3 de abril no se permitir\u00e1 el ingreso a las siguientes playas de M\u00e9xico. En\u00a0La Paz, Baja California Sur, el cierre de playas ser\u00e1 del 1 al 4 de abril. Playas de #LaPaz #BCS cerrar\u00e1n durante Semana Santa. Durante sesi\u00f3n extraordinaria del Consejo Municipal de Protecci\u00f3n Civil, el alcalde de La Paz, Rub\u00e9n Mu\u00f1oz Alvares, inform\u00f3 que durante Semana Santa las playas en el municipio se mantendr\u00e1n cerradas para evitar aglomeraciones.","og_url":"https:\/\/soclose.mx\/blog\/news-feed\/por-covid-19-estas-playas-de-mexico-cerraran-en-semana-santa\/","og_site_name":"So Close","article_published_time":"2021-03-04T00:10:03+00:00","og_image":[{"width":1240,"height":700,"url":"https:\/\/i0.wp.com\/soclose.mx\/blog\/wp-content\/uploads\/2021\/03\/Principal-So-Close-blog.jpg?fit=1240%2C700&ssl=1","type":"image\/jpeg"}],"author":"So Close","twitter_card":"summary_large_image","twitter_misc":{"Escrito por":"So Close","Tiempo de lectura":"1 minuto"},"schema":{"@context":"https:\/\/schema.org","@graph":[{"@type":"Article","@id":"https:\/\/soclose.mx\/blog\/news-feed\/por-covid-19-estas-playas-de-mexico-cerraran-en-semana-santa\/#article","isPartOf":{"@id":"https:\/\/soclose.mx\/blog\/news-feed\/por-covid-19-estas-playas-de-mexico-cerraran-en-semana-santa\/"},"author":{"name":"So Close","@id":"https:\/\/soclose.mx\/blog\/#\/schema\/person\/723eb117ab965b55c3e56b5d29751667"},"headline":"Por Covid-19, estas playas de M\u00e9xico cerrar\u00e1n en Semana Santa","datePublished":"2021-03-04T00:10:03+00:00","mainEntityOfPage":{"@id":"https:\/\/soclose.mx\/blog\/news-feed\/por-covid-19-estas-playas-de-mexico-cerraran-en-semana-santa\/"},"wordCount":176,"commentCount":0,"publisher":{"@id":"https:\/\/soclose.mx\/blog\/#organization"},"image":{"@id":"https:\/\/soclose.mx\/blog\/news-feed\/por-covid-19-estas-playas-de-mexico-cerraran-en-semana-santa\/#primaryimage"},"thumbnailUrl":"https:\/\/i0.wp.com\/soclose.mx\/blog\/wp-content\/uploads\/2021\/03\/Principal-So-Close-blog.jpg?fit=1240%2C700&ssl=1","keywords":["baja california","covid19","el tambor","la paz","las aguilas","navolato","playas","semana santa","sinaloa"],"articleSection":["News feed"],"inLanguage":"es","potentialAction":[{"@type":"CommentAction","name":"Comment","target":["https:\/\/soclose.mx\/blog\/news-feed\/por-covid-19-estas-playas-de-mexico-cerraran-en-semana-santa\/#respond"]}]},{"@type":"WebPage","@id":"https:\/\/soclose.mx\/blog\/news-feed\/por-covid-19-estas-playas-de-mexico-cerraran-en-semana-santa\/","url":"https:\/\/soclose.mx\/blog\/news-feed\/por-covid-19-estas-playas-de-mexico-cerraran-en-semana-santa\/","name":"Por Covid-19, estas playas de M\u00e9xico cerrar\u00e1n en Semana Santa - So Close","isPartOf":{"@id":"https:\/\/soclose.mx\/blog\/#website"},"primaryImageOfPage":{"@id":"https:\/\/soclose.mx\/blog\/news-feed\/por-covid-19-estas-playas-de-mexico-cerraran-en-semana-santa\/#primaryimage"},"image":{"@id":"https:\/\/soclose.mx\/blog\/news-feed\/por-covid-19-estas-playas-de-mexico-cerraran-en-semana-santa\/#primaryimage"},"thumbnailUrl":"https:\/\/i0.wp.com\/soclose.mx\/blog\/wp-content\/uploads\/2021\/03\/Principal-So-Close-blog.jpg?fit=1240%2C700&ssl=1","datePublished":"2021-03-04T00:10:03+00:00","breadcrumb":{"@id":"https:\/\/soclose.mx\/blog\/news-feed\/por-covid-19-estas-playas-de-mexico-cerraran-en-semana-santa\/#breadcrumb"},"inLanguage":"es","potentialAction":[{"@type":"ReadAction","target":["https:\/\/soclose.mx\/blog\/news-feed\/por-covid-19-estas-playas-de-mexico-cerraran-en-semana-santa\/"]}]},{"@type":"ImageObject","inLanguage":"es","@id":"https:\/\/soclose.mx\/blog\/news-feed\/por-covid-19-estas-playas-de-mexico-cerraran-en-semana-santa\/#primaryimage","url":"https:\/\/i0.wp.com\/soclose.mx\/blog\/wp-content\/uploads\/2021\/03\/Principal-So-Close-blog.jpg?fit=1240%2C700&ssl=1","contentUrl":"https:\/\/i0.wp.com\/soclose.mx\/blog\/wp-content\/uploads\/2021\/03\/Principal-So-Close-blog.jpg?fit=1240%2C700&ssl=1","width":1240,"height":700},{"@type":"BreadcrumbList","@id":"https:\/\/soclose.mx\/blog\/news-feed\/por-covid-19-estas-playas-de-mexico-cerraran-en-semana-santa\/#breadcrumb","itemListElement":[{"@type":"ListItem","position":1,"name":"Inicio","item":"https:\/\/soclose.mx\/blog\/"},{"@type":"ListItem","position":2,"name":"Por Covid-19, estas playas de M\u00e9xico cerrar\u00e1n en Semana Santa"}]},{"@type":"WebSite","@id":"https:\/\/soclose.mx\/blog\/#website","url":"https:\/\/soclose.mx\/blog\/","name":"So Close","description":"Hacemos contenidos de M\u00e9xico","publisher":{"@id":"https:\/\/soclose.mx\/blog\/#organization"},"potentialAction":[{"@type":"SearchAction","target":{"@type":"EntryPoint","urlTemplate":"https:\/\/soclose.mx\/blog\/?s={search_term_string}"},"query-input":{"@type":"PropertyValueSpecification","valueRequired":true,"valueName":"search_term_string"}}],"inLanguage":"es"},{"@type":"Organization","@id":"https:\/\/soclose.mx\/blog\/#organization","name":"So Close","url":"https:\/\/soclose.mx\/blog\/","logo":{"@type":"ImageObject","inLanguage":"es","@id":"https:\/\/soclose.mx\/blog\/#\/schema\/logo\/image\/","url":"https:\/\/i0.wp.com\/soclose.mx\/blog\/wp-content\/uploads\/2020\/12\/LOGO_SOCLOSE_COLOR-e1608310133507.png?fit=2858%2C1264&ssl=1","contentUrl":"https:\/\/i0.wp.com\/soclose.mx\/blog\/wp-content\/uploads\/2020\/12\/LOGO_SOCLOSE_COLOR-e1608310133507.png?fit=2858%2C1264&ssl=1","width":2858,"height":1264,"caption":"So Close"},"image":{"@id":"https:\/\/soclose.mx\/blog\/#\/schema\/logo\/image\/"}},{"@type":"Person","@id":"https:\/\/soclose.mx\/blog\/#\/schema\/person\/723eb117ab965b55c3e56b5d29751667","name":"So Close","image":{"@type":"ImageObject","inLanguage":"es","@id":"https:\/\/soclose.mx\/blog\/#\/schema\/person\/image\/","url":"https:\/\/secure.gravatar.com\/avatar\/5a1d1d694eaf6d2c28f450f0984cbb34821b92dc49c1d088c0250fbc6a48efec?s=96&d=mm&r=g","contentUrl":"https:\/\/secure.gravatar.com\/avatar\/5a1d1d694eaf6d2c28f450f0984cbb34821b92dc49c1d088c0250fbc6a48efec?s=96&d=mm&r=g","caption":"So Close"},"sameAs":["http:\/\/www.soclose.mx","https:\/\/www.youtube.com\/@soclosemx"],"url":"https:\/\/soclose.mx\/blog\/author\/admin\/"}]}},"jetpack_featured_media_url":"https:\/\/i0.wp.com\/soclose.mx\/blog\/wp-content\/uploads\/2021\/03\/Principal-So-Close-blog.jpg?fit=1240%2C700&ssl=1","jetpack-related-posts":[{"id":14305,"url":"https:\/\/soclose.mx\/blog\/lugares\/5-playas-poco-conocidas-en-mexico-para-despedir-el-ano\/","url_meta":{"origin":5827,"position":0},"title":"5 Playas Poco Conocidas en M\u00e9xico para Despedir el A\u00f1o","author":"So Close","date":"21 octubre, 2024","format":false,"excerpt":"Si est\u00e1s buscando un lugar especial para despedir el a\u00f1o, M\u00e9xico cuenta con una variedad de playas poco conocidas que ofrecen tranquilidad y belleza natural. A continuaci\u00f3n, te presentamos algunas de estas joyas escondidas y c\u00f3mo llegar a ellas, ya sea en auto o en transporte p\u00fablico. Playas Poco Conocidas\u2026","rel":"","context":"En &quot;Lugares&quot;","block_context":{"text":"Lugares","link":"https:\/\/soclose.mx\/blog\/category\/lugares\/"},"img":{"alt_text":"Playa Los Cerritos, Baja California Sur","src":"https:\/\/i0.wp.com\/soclose.mx\/blog\/wp-content\/uploads\/2024\/10\/Fotos-notas-So-Close-home-7-2.jpg?fit=1200%2C675&ssl=1&resize=350%2C200","width":350,"height":200,"srcset":"https:\/\/i0.wp.com\/soclose.mx\/blog\/wp-content\/uploads\/2024\/10\/Fotos-notas-So-Close-home-7-2.jpg?fit=1200%2C675&ssl=1&resize=350%2C200 1x, https:\/\/i0.wp.com\/soclose.mx\/blog\/wp-content\/uploads\/2024\/10\/Fotos-notas-So-Close-home-7-2.jpg?fit=1200%2C675&ssl=1&resize=525%2C300 1.5x, https:\/\/i0.wp.com\/soclose.mx\/blog\/wp-content\/uploads\/2024\/10\/Fotos-notas-So-Close-home-7-2.jpg?fit=1200%2C675&ssl=1&resize=700%2C400 2x, https:\/\/i0.wp.com\/soclose.mx\/blog\/wp-content\/uploads\/2024\/10\/Fotos-notas-So-Close-home-7-2.jpg?fit=1200%2C675&ssl=1&resize=1050%2C600 3x"},"classes":[]},{"id":10829,"url":"https:\/\/soclose.mx\/blog\/lugares\/las-287-playas-de-mexico-que-puedes-visitar-estas-vacaciones\/","url_meta":{"origin":5827,"position":1},"title":"Las 287 playas de M\u00e9xico que puedes visitar estas vacaciones","author":"Daniel Ram\u00edrez","date":"5 agosto, 2022","format":false,"excerpt":"Ya nos urgen unas buenas vacaciones frente a la playita, con una cheve en mano y un sol radiante, despu\u00e9s de un arduo trabajo en lo que va del a\u00f1o. Si tu plan es ese, tenemos muchas y muy buenas opciones para que te lances a las incre\u00edbles y limpias\u2026","rel":"","context":"En &quot;Lugares&quot;","block_context":{"text":"Lugares","link":"https:\/\/soclose.mx\/blog\/category\/lugares\/"},"img":{"alt_text":"","src":"https:\/\/i0.wp.com\/soclose.mx\/blog\/wp-content\/uploads\/2022\/08\/pexels-clive-kim-4619985-scaled.jpg?fit=1200%2C900&ssl=1&resize=350%2C200","width":350,"height":200,"srcset":"https:\/\/i0.wp.com\/soclose.mx\/blog\/wp-content\/uploads\/2022\/08\/pexels-clive-kim-4619985-scaled.jpg?fit=1200%2C900&ssl=1&resize=350%2C200 1x, https:\/\/i0.wp.com\/soclose.mx\/blog\/wp-content\/uploads\/2022\/08\/pexels-clive-kim-4619985-scaled.jpg?fit=1200%2C900&ssl=1&resize=525%2C300 1.5x, https:\/\/i0.wp.com\/soclose.mx\/blog\/wp-content\/uploads\/2022\/08\/pexels-clive-kim-4619985-scaled.jpg?fit=1200%2C900&ssl=1&resize=700%2C400 2x, https:\/\/i0.wp.com\/soclose.mx\/blog\/wp-content\/uploads\/2022\/08\/pexels-clive-kim-4619985-scaled.jpg?fit=1200%2C900&ssl=1&resize=1050%2C600 3x"},"classes":[]},{"id":13673,"url":"https:\/\/soclose.mx\/blog\/news-feed\/vacaciones-dias-feriados-y-puentes-largos-2024-en-mexico\/","url_meta":{"origin":5827,"position":2},"title":"Vacaciones, d\u00edas feriados y puentes largos 2024 en M\u00e9xico","author":"So Close","date":"17 junio, 2024","format":false,"excerpt":"Vacaciones y d\u00edas feriados 2024 en M\u00e9xico: Planifica tu descanso y disfruta al m\u00e1ximo En M\u00e9xico, las vacaciones y d\u00edas feriados en M\u00e9xico son momentos muy esperados para descansar, viajar y disfrutar con la familia y amigos. Es importante conocer con anticipaci\u00f3n cu\u00e1les son estos d\u00edas para poder planificar tus\u2026","rel":"","context":"En &quot;News feed&quot;","block_context":{"text":"News feed","link":"https:\/\/soclose.mx\/blog\/category\/news-feed\/"},"img":{"alt_text":"Camastro en la playa","src":"https:\/\/i0.wp.com\/soclose.mx\/blog\/wp-content\/uploads\/2024\/06\/Portada-notas-del-sitio-So-Close-3.jpg?fit=1200%2C675&ssl=1&resize=350%2C200","width":350,"height":200,"srcset":"https:\/\/i0.wp.com\/soclose.mx\/blog\/wp-content\/uploads\/2024\/06\/Portada-notas-del-sitio-So-Close-3.jpg?fit=1200%2C675&ssl=1&resize=350%2C200 1x, https:\/\/i0.wp.com\/soclose.mx\/blog\/wp-content\/uploads\/2024\/06\/Portada-notas-del-sitio-So-Close-3.jpg?fit=1200%2C675&ssl=1&resize=525%2C300 1.5x, https:\/\/i0.wp.com\/soclose.mx\/blog\/wp-content\/uploads\/2024\/06\/Portada-notas-del-sitio-So-Close-3.jpg?fit=1200%2C675&ssl=1&resize=700%2C400 2x, https:\/\/i0.wp.com\/soclose.mx\/blog\/wp-content\/uploads\/2024\/06\/Portada-notas-del-sitio-So-Close-3.jpg?fit=1200%2C675&ssl=1&resize=1050%2C600 3x"},"classes":[]},{"id":13888,"url":"https:\/\/soclose.mx\/blog\/news-feed\/dias-festivos-y-vacaciones-en-mexico-lo-que-resta-del-2024\/","url_meta":{"origin":5827,"position":3},"title":"D\u00edas festivos y vacaciones en M\u00e9xico, lo que resta del 2024","author":"So Close","date":"8 agosto, 2024","format":false,"excerpt":"Nuestro pa\u00eds est\u00e1 lleno de tradiciones y celebraciones, y cada a\u00f1o ofrece una variedad de d\u00edas festivos y vacaciones en M\u00e9xico que permiten a los mexicanos disfrutar de momentos de descanso y convivencia. Si est\u00e1s planeando tus pr\u00f3ximas vacaciones, esta gu\u00eda te ser\u00e1 de gran utilidad. D\u00edas Festivos y vacaciones\u2026","rel":"","context":"En &quot;News feed&quot;","block_context":{"text":"News feed","link":"https:\/\/soclose.mx\/blog\/category\/news-feed\/"},"img":{"alt_text":"vacaciones en la playa","src":"https:\/\/i0.wp.com\/soclose.mx\/blog\/wp-content\/uploads\/2024\/08\/vacaciones-en-la-playa.jpg?fit=1200%2C800&ssl=1&resize=350%2C200","width":350,"height":200,"srcset":"https:\/\/i0.wp.com\/soclose.mx\/blog\/wp-content\/uploads\/2024\/08\/vacaciones-en-la-playa.jpg?fit=1200%2C800&ssl=1&resize=350%2C200 1x, https:\/\/i0.wp.com\/soclose.mx\/blog\/wp-content\/uploads\/2024\/08\/vacaciones-en-la-playa.jpg?fit=1200%2C800&ssl=1&resize=525%2C300 1.5x, https:\/\/i0.wp.com\/soclose.mx\/blog\/wp-content\/uploads\/2024\/08\/vacaciones-en-la-playa.jpg?fit=1200%2C800&ssl=1&resize=700%2C400 2x, https:\/\/i0.wp.com\/soclose.mx\/blog\/wp-content\/uploads\/2024\/08\/vacaciones-en-la-playa.jpg?fit=1200%2C800&ssl=1&resize=1050%2C600 3x"},"classes":[]},{"id":12756,"url":"https:\/\/soclose.mx\/blog\/lugares\/playas-virgenes-de-mexico-para-recibir-ano-nuevo\/","url_meta":{"origin":5827,"position":4},"title":"Playas v\u00edrgenes de M\u00e9xico para recibir A\u00f1o Nuevo","author":"Emmanuel Oviedo","date":"21 diciembre, 2023","format":false,"excerpt":"Como dir\u00eda nuestro querido Luis Miguel: \"Cuando calienta el sol, aqu\u00ed en la playa\".\u00a0 Por su incre\u00edble posici\u00f3n geogr\u00e1fica, M\u00e9xico posee una envidiable riqueza en la naturaleza. Y como estamos rodeados de oc\u00e9anos, las playas en M\u00e9xico se convierte en una gran oportunidad para un fin de a\u00f1o. Entre los\u2026","rel":"","context":"En &quot;Lugares&quot;","block_context":{"text":"Lugares","link":"https:\/\/soclose.mx\/blog\/category\/lugares\/"},"img":{"alt_text":"","src":"https:\/\/i0.wp.com\/soclose.mx\/blog\/wp-content\/uploads\/2023\/12\/Playa-ano-nuevo.jpg?fit=800%2C534&ssl=1&resize=350%2C200","width":350,"height":200,"srcset":"https:\/\/i0.wp.com\/soclose.mx\/blog\/wp-content\/uploads\/2023\/12\/Playa-ano-nuevo.jpg?fit=800%2C534&ssl=1&resize=350%2C200 1x, https:\/\/i0.wp.com\/soclose.mx\/blog\/wp-content\/uploads\/2023\/12\/Playa-ano-nuevo.jpg?fit=800%2C534&ssl=1&resize=525%2C300 1.5x, https:\/\/i0.wp.com\/soclose.mx\/blog\/wp-content\/uploads\/2023\/12\/Playa-ano-nuevo.jpg?fit=800%2C534&ssl=1&resize=700%2C400 2x"},"classes":[]},{"id":10083,"url":"https:\/\/soclose.mx\/blog\/a-la-mexicana\/hollywood-amante-de-mexico-para-sus-peliculas\/","url_meta":{"origin":5827,"position":5},"title":"Hollywood, amante de M\u00e9xico para sus pel\u00edculas","author":"Daniel Ram\u00edrez","date":"3 junio, 2022","format":false,"excerpt":"M\u00e9xico es uno de los pa\u00edses m\u00e1s ricos en cultura, naturaleza, gastronom\u00eda y un sinf\u00edn de caracter\u00edsticas que lo hacen \u00fanico. Es por eso que muchos cineastas han optado por filmar sus pel\u00edculas en nuestro pa\u00eds. Ac\u00e1 te mostramos algunas: 1. Titanic Esta pel\u00edcula del incre\u00edble trasatl\u00e1ntico, fue filmada en\u2026","rel":"","context":"En &quot;A la mexicana&quot;","block_context":{"text":"A la mexicana","link":"https:\/\/soclose.mx\/blog\/category\/a-la-mexicana\/"},"img":{"alt_text":"","src":"https:\/\/i0.wp.com\/soclose.mx\/blog\/wp-content\/uploads\/2022\/06\/Captura-de-Pantalla-2022-06-03-a-las-20.17.50.png?fit=945%2C713&ssl=1&resize=350%2C200","width":350,"height":200,"srcset":"https:\/\/i0.wp.com\/soclose.mx\/blog\/wp-content\/uploads\/2022\/06\/Captura-de-Pantalla-2022-06-03-a-las-20.17.50.png?fit=945%2C713&ssl=1&resize=350%2C200 1x, https:\/\/i0.wp.com\/soclose.mx\/blog\/wp-content\/uploads\/2022\/06\/Captura-de-Pantalla-2022-06-03-a-las-20.17.50.png?fit=945%2C713&ssl=1&resize=525%2C300 1.5x, https:\/\/i0.wp.com\/soclose.mx\/blog\/wp-content\/uploads\/2022\/06\/Captura-de-Pantalla-2022-06-03-a-las-20.17.50.png?fit=945%2C713&ssl=1&resize=700%2C400 2x"},"classes":[]}],"jetpack_sharing_enabled":true,"_links":{"self":[{"href":"https:\/\/soclose.mx\/blog\/wp-json\/wp\/v2\/posts\/5827","targetHints":{"allow":["GET"]}}],"collection":[{"href":"https:\/\/soclose.mx\/blog\/wp-json\/wp\/v2\/posts"}],"about":[{"href":"https:\/\/soclose.mx\/blog\/wp-json\/wp\/v2\/types\/post"}],"author":[{"embeddable":true,"href":"https:\/\/soclose.mx\/blog\/wp-json\/wp\/v2\/users\/1"}],"replies":[{"embeddable":true,"href":"https:\/\/soclose.mx\/blog\/wp-json\/wp\/v2\/comments?post=5827"}],"version-history":[{"count":0,"href":"https:\/\/soclose.mx\/blog\/wp-json\/wp\/v2\/posts\/5827\/revisions"}],"wp:featuredmedia":[{"embeddable":true,"href":"https:\/\/soclose.mx\/blog\/wp-json\/wp\/v2\/media\/5829"}],"wp:attachment":[{"href":"https:\/\/soclose.mx\/blog\/wp-json\/wp\/v2\/media?parent=5827"}],"wp:term":[{"taxonomy":"category","embeddable":true,"href":"https:\/\/soclose.mx\/blog\/wp-json\/wp\/v2\/categories?post=5827"},{"taxonomy":"post_tag","embeddable":true,"href":"https:\/\/soclose.mx\/blog\/wp-json\/wp\/v2\/tags?post=5827"}],"curies":[{"name":"wp","href":"https:\/\/api.w.org\/{rel}","templated":true}]}}