{"id":5832,"date":"2021-03-04T21:04:04","date_gmt":"2021-03-05T03:04:04","guid":{"rendered":"https:\/\/soclose.mx\/blog\/?p=5832"},"modified":"2021-03-04T21:04:04","modified_gmt":"2021-03-05T03:04:04","slug":"descubren-tumba-multiple-de-hace-2-mil-anos-en-cantona-puebla","status":"publish","type":"post","link":"https:\/\/soclose.mx\/blog\/comida-mexicana\/descubren-tumba-multiple-de-hace-2-mil-anos-en-cantona-puebla\/","title":{"rendered":"Descubren tumba m\u00faltiple de hace 2 mil a\u00f1os en Cantona, Puebla"},"content":{"rendered":"<p>La hallaron al excavar un entierro m\u00faltiple, localizado por pobladores de <strong>Tepeyahualco<\/strong> mientras colectaban material para construcci\u00f3n.<\/p>\n<p>El entierro se compone de los restos \u00f3seos de cuatro individuos j\u00f3venes, por su asociaci\u00f3n con cer\u00e1mica de la fase <strong>Cantona I Tard\u00edo,<\/strong> se calcula una antig\u00fcedad de m\u00e1s de 2000 a\u00f1os.<\/p>\n<p>Seis kil\u00f3metros al sur del sitio arqueol\u00f3gico de <strong>Cantona, Puebla,<\/strong> fue localizado un entierro humano m\u00faltiple y tiestos asociados de la fase <strong>Cantona I Tard\u00edo<\/strong> (300 a.C.-50 d.C.) en el interior de una tumba troncoc\u00f3nica, la primera en su tipo localizada al exterior de esta zona arqueol\u00f3gica.<\/p>\n<p>El \u00e1rea del hallazgo se encuentra en el margen sur de la escurrent\u00eda de lava bas\u00e1ltica sobre la que se asent\u00f3 <strong>Cantona,<\/strong> y por su cercan\u00eda al antiguo se infiere que los restos \u00f3seos corresponden a esa misma cultura.<\/p>\n<p>An\u00e1lisis previos apuntan a que el entierro se compone de cuatro individuos adultos j\u00f3venes, uno de los cuales presentaba deformaci\u00f3n craneal tabular erecta. Los restos \u00f3seos no guardaban su posici\u00f3n anat\u00f3mica y presentaban un mal estado de conservaci\u00f3n, a excepci\u00f3n de la \u00faltima capa, en la que se detect\u00f3 una osamenta en mejores condiciones.<\/p>\n<p>Los entierros fueron localizados por pobladores de <strong>Tepeyahualco,<\/strong> a un costado de un camino de terracer\u00eda en las afueras de la cabecera municipal, en un terreno conformado por una serie de peque\u00f1as formaciones irregulares, parecidas a peque\u00f1os mont\u00edculos, aplanados en la parte superior, compuestos de roca bas\u00e1ltica y tezontle fino, aprovechado por los pobladores del municipio como banco de materiales. Fue justo en el interior de uno de los mont\u00edculos en donde se detect\u00f3 la osamenta, explicaron Aguilar Rojas y Diez Barroso.<\/p>\n<p>El entierro ha sido excavado por los especialistas del INAH con apoyo de la comunidad, y los materiales se llevaron al Laboratorio de Arqueolog\u00eda del Centro INAH Puebla, donde recibir\u00e1n tratamientos de conservaci\u00f3n y ser\u00e1n estudiados.<\/p>\n<p>De acuerdo con un an\u00e1lisis preliminar, explica Alberto Diez, los tiestos colectados, asociados al enterramiento, corresponden en su mayor\u00eda a los tipos <strong>Tezontepec Rojo y Payuca Rojo,<\/strong> ubicados cronol\u00f3gicamente para la fase <strong>Cantona I Tard\u00edo<\/strong> (300 a.C.\u201350 d.C.), aunque en los niveles superiores, al exterior del mont\u00edculo se hall\u00f3 un fragmento de un vaso caracter\u00edstico del tipo Poleo Rojo con manchas negras, cuya cronolog\u00eda es muy amplia, ya que se ha detectado entre los periodos Cantona I Tard\u00edo y Cantona III (150 a.C.\u2013900 d.C.).<\/p>\n<p>Durante la intervenci\u00f3n, explicaron los arque\u00f3logos, se pudo definir que al interior del subsuelo, compuesto de fina gravilla de tezontle color rojo, se localizaron las paredes de lo que conformaba una<strong> tumba troncoc\u00f3nica,<\/strong> un sistema constructivo en forma de botella, con paredes de piedra careadas, pulimentadas hacia el interior; mientras que al exterior conservaban la forma natural de la roca bas\u00e1ltica. Son caracter\u00edsticas del periodo Formativo, que corresponde al a\u00f1o 300 a.C.; se han localizado al sur de la Cuenca de M\u00e9xico, en Cuicuilco, y en la regi\u00f3n de occidente, en Guanajuato y Michoac\u00e1n.<\/p>\n<p>Las dimensiones de la tumba con forma de botella, eran de 1.60 metros de altura, cuyo di\u00e1metro aproximado en la base es de 97 cent\u00edmetros, la cual se ampliaba hasta 1.10 metros a la mitad de la estructura, y en el extremo superior se cerraba hasta 45 cent\u00edmetros.<\/p>\n<p>Debido a que desde hace d\u00e9cadas el \u00e1rea ha sido explotada como banco de materiales, la mitad del aparente mont\u00edculo fue destruida, lo que propici\u00f3 que la b\u00f3veda de la tumba troncoc\u00f3nica se colapsara por la mitad. De igual manera, a un metro y medio hacia el noreste, se observaron los restos de otra tumba troncoc\u00f3nica, la cual ya estaba derribada casi en su totalidad.<\/p>\n<p>El hallazgo de este sistema de enterramientos troncoc\u00f3nicos al sur de <strong>Cantona,<\/strong> permite inferir que, desde las primeras fases de ocupaci\u00f3n de la ciudad prehisp\u00e1nica, el tama\u00f1o de esta abarcaba una gran extensi\u00f3n y que sus pobladores asentados en la periferia efectuaban pr\u00e1cticas funerarias complejas, as\u00ed como costumbres recurrentes en el continente americano desde la antig\u00fcedad, como la deformaci\u00f3n craneana, indicaron los investigadores.<\/p>\n<p>El an\u00e1lisis de la superficie y las caracter\u00edsticas geogr\u00e1ficas de la regi\u00f3n de <strong>Tepeyahualco,<\/strong> muestran la abundancia de paisaje rocoso que puede albergar este tipo de sistemas de enterramiento prehisp\u00e1nico, por lo que sus actuales pobladores se han mostrado participativos y preocupados por el cuidado de la tumba y de su patrimonio arqueol\u00f3gico, manteniendo comunicaci\u00f3n constante con el Centro INAH Puebla y organiz\u00e1ndose en brigadas, las cuales tienen como objetivo custodiar su patrimonio cultural.<\/p>\n<p>El estudio del entierro permitir\u00e1 agregar informaci\u00f3n sobre <strong>Cantona,<\/strong> a los trabajos realizados por el investigador \u00c1ngel Garc\u00eda Cook (1937-2017), finalizaron los arque\u00f3logos.<\/p>\n<p>Fuente: bolet\u00edn de prensa INAH.<\/p>\n","protected":false},"excerpt":{"rendered":"<p>La hallaron al excavar un entierro m\u00faltiple, localizado por pobladores de Tepeyahualco mientras colectaban material para construcci\u00f3n. El entierro se compone de los restos \u00f3seos de cuatro individuos j\u00f3venes, por su asociaci\u00f3n con cer\u00e1mica de la fase Cantona I Tard\u00edo, se calcula una antig\u00fcedad de m\u00e1s de 2000 a\u00f1os. Seis kil\u00f3metros al sur del sitio arqueol\u00f3gico de Cantona, Puebla, fue localizado un entierro humano m\u00faltiple y tiestos asociados de la fase Cantona I Tard\u00edo (300 a.C.-50 d.C.) en el interior de una tumba troncoc\u00f3nica, la primera en su tipo localizada al exterior de esta zona arqueol\u00f3gica. El \u00e1rea del hallazgo<\/p>\n","protected":false},"author":1,"featured_media":5833,"comment_status":"open","ping_status":"open","sticky":false,"template":"","format":"standard","meta":{"_jetpack_memberships_contains_paid_content":false,"footnotes":""},"categories":[2],"tags":[729,312,728,730],"class_list":["post-5832","post","type-post","status-publish","format-standard","has-post-thumbnail","hentry","category-comida-mexicana","tag-cantona","tag-puebla","tag-tepeyahualco","tag-tumba"],"yoast_head":"<!-- This site is optimized with the Yoast SEO plugin v26.7 - https:\/\/yoast.com\/wordpress\/plugins\/seo\/ -->\n<title>Descubren tumba m\u00faltiple de hace 2 mil a\u00f1os en Cantona, Puebla - So Close<\/title>\n<meta name=\"robots\" content=\"index, follow, max-snippet:-1, max-image-preview:large, max-video-preview:-1\" \/>\n<link rel=\"canonical\" href=\"https:\/\/soclose.mx\/blog\/comida-mexicana\/descubren-tumba-multiple-de-hace-2-mil-anos-en-cantona-puebla\/\" \/>\n<meta property=\"og:locale\" content=\"es_MX\" \/>\n<meta property=\"og:type\" content=\"article\" \/>\n<meta property=\"og:title\" content=\"Descubren tumba m\u00faltiple de hace 2 mil a\u00f1os en Cantona, Puebla - So Close\" \/>\n<meta property=\"og:description\" content=\"La hallaron al excavar un entierro m\u00faltiple, localizado por pobladores de Tepeyahualco mientras colectaban material para construcci\u00f3n. El entierro se compone de los restos \u00f3seos de cuatro individuos j\u00f3venes, por su asociaci\u00f3n con cer\u00e1mica de la fase Cantona I Tard\u00edo, se calcula una antig\u00fcedad de m\u00e1s de 2000 a\u00f1os. Seis kil\u00f3metros al sur del sitio arqueol\u00f3gico de Cantona, Puebla, fue localizado un entierro humano m\u00faltiple y tiestos asociados de la fase Cantona I Tard\u00edo (300 a.C.-50 d.C.) en el interior de una tumba troncoc\u00f3nica, la primera en su tipo localizada al exterior de esta zona arqueol\u00f3gica. El \u00e1rea del hallazgo\" \/>\n<meta property=\"og:url\" content=\"https:\/\/soclose.mx\/blog\/comida-mexicana\/descubren-tumba-multiple-de-hace-2-mil-anos-en-cantona-puebla\/\" \/>\n<meta property=\"og:site_name\" content=\"So Close\" \/>\n<meta property=\"article:published_time\" content=\"2021-03-05T03:04:04+00:00\" \/>\n<meta property=\"og:image\" content=\"https:\/\/soclose.mx\/blog\/wp-content\/uploads\/2021\/03\/umba.jpg\" \/>\n\t<meta property=\"og:image:width\" content=\"1240\" \/>\n\t<meta property=\"og:image:height\" content=\"700\" \/>\n\t<meta property=\"og:image:type\" content=\"image\/jpeg\" \/>\n<meta name=\"author\" content=\"So Close\" \/>\n<meta name=\"twitter:card\" content=\"summary_large_image\" \/>\n<meta name=\"twitter:label1\" content=\"Escrito por\" \/>\n\t<meta name=\"twitter:data1\" content=\"So Close\" \/>\n\t<meta name=\"twitter:label2\" content=\"Tiempo de lectura\" \/>\n\t<meta name=\"twitter:data2\" content=\"4 minutos\" \/>\n<script type=\"application\/ld+json\" class=\"yoast-schema-graph\">{\"@context\":\"https:\/\/schema.org\",\"@graph\":[{\"@type\":\"Article\",\"@id\":\"https:\/\/soclose.mx\/blog\/comida-mexicana\/descubren-tumba-multiple-de-hace-2-mil-anos-en-cantona-puebla\/#article\",\"isPartOf\":{\"@id\":\"https:\/\/soclose.mx\/blog\/comida-mexicana\/descubren-tumba-multiple-de-hace-2-mil-anos-en-cantona-puebla\/\"},\"author\":{\"name\":\"So Close\",\"@id\":\"https:\/\/soclose.mx\/blog\/#\/schema\/person\/723eb117ab965b55c3e56b5d29751667\"},\"headline\":\"Descubren tumba m\u00faltiple de hace 2 mil a\u00f1os en Cantona, Puebla\",\"datePublished\":\"2021-03-05T03:04:04+00:00\",\"mainEntityOfPage\":{\"@id\":\"https:\/\/soclose.mx\/blog\/comida-mexicana\/descubren-tumba-multiple-de-hace-2-mil-anos-en-cantona-puebla\/\"},\"wordCount\":854,\"commentCount\":0,\"publisher\":{\"@id\":\"https:\/\/soclose.mx\/blog\/#organization\"},\"image\":{\"@id\":\"https:\/\/soclose.mx\/blog\/comida-mexicana\/descubren-tumba-multiple-de-hace-2-mil-anos-en-cantona-puebla\/#primaryimage\"},\"thumbnailUrl\":\"https:\/\/i0.wp.com\/soclose.mx\/blog\/wp-content\/uploads\/2021\/03\/umba.jpg?fit=1240%2C700&ssl=1\",\"keywords\":[\"cantona\",\"puebla\",\"Tepeyahualco\",\"tumba\"],\"articleSection\":[\"Comida mexicana\"],\"inLanguage\":\"es\",\"potentialAction\":[{\"@type\":\"CommentAction\",\"name\":\"Comment\",\"target\":[\"https:\/\/soclose.mx\/blog\/comida-mexicana\/descubren-tumba-multiple-de-hace-2-mil-anos-en-cantona-puebla\/#respond\"]}]},{\"@type\":\"WebPage\",\"@id\":\"https:\/\/soclose.mx\/blog\/comida-mexicana\/descubren-tumba-multiple-de-hace-2-mil-anos-en-cantona-puebla\/\",\"url\":\"https:\/\/soclose.mx\/blog\/comida-mexicana\/descubren-tumba-multiple-de-hace-2-mil-anos-en-cantona-puebla\/\",\"name\":\"Descubren tumba m\u00faltiple de hace 2 mil a\u00f1os en Cantona, Puebla - So Close\",\"isPartOf\":{\"@id\":\"https:\/\/soclose.mx\/blog\/#website\"},\"primaryImageOfPage\":{\"@id\":\"https:\/\/soclose.mx\/blog\/comida-mexicana\/descubren-tumba-multiple-de-hace-2-mil-anos-en-cantona-puebla\/#primaryimage\"},\"image\":{\"@id\":\"https:\/\/soclose.mx\/blog\/comida-mexicana\/descubren-tumba-multiple-de-hace-2-mil-anos-en-cantona-puebla\/#primaryimage\"},\"thumbnailUrl\":\"https:\/\/i0.wp.com\/soclose.mx\/blog\/wp-content\/uploads\/2021\/03\/umba.jpg?fit=1240%2C700&ssl=1\",\"datePublished\":\"2021-03-05T03:04:04+00:00\",\"breadcrumb\":{\"@id\":\"https:\/\/soclose.mx\/blog\/comida-mexicana\/descubren-tumba-multiple-de-hace-2-mil-anos-en-cantona-puebla\/#breadcrumb\"},\"inLanguage\":\"es\",\"potentialAction\":[{\"@type\":\"ReadAction\",\"target\":[\"https:\/\/soclose.mx\/blog\/comida-mexicana\/descubren-tumba-multiple-de-hace-2-mil-anos-en-cantona-puebla\/\"]}]},{\"@type\":\"ImageObject\",\"inLanguage\":\"es\",\"@id\":\"https:\/\/soclose.mx\/blog\/comida-mexicana\/descubren-tumba-multiple-de-hace-2-mil-anos-en-cantona-puebla\/#primaryimage\",\"url\":\"https:\/\/i0.wp.com\/soclose.mx\/blog\/wp-content\/uploads\/2021\/03\/umba.jpg?fit=1240%2C700&ssl=1\",\"contentUrl\":\"https:\/\/i0.wp.com\/soclose.mx\/blog\/wp-content\/uploads\/2021\/03\/umba.jpg?fit=1240%2C700&ssl=1\",\"width\":1240,\"height\":700},{\"@type\":\"BreadcrumbList\",\"@id\":\"https:\/\/soclose.mx\/blog\/comida-mexicana\/descubren-tumba-multiple-de-hace-2-mil-anos-en-cantona-puebla\/#breadcrumb\",\"itemListElement\":[{\"@type\":\"ListItem\",\"position\":1,\"name\":\"Inicio\",\"item\":\"https:\/\/soclose.mx\/blog\/\"},{\"@type\":\"ListItem\",\"position\":2,\"name\":\"Descubren tumba m\u00faltiple de hace 2 mil a\u00f1os en Cantona, Puebla\"}]},{\"@type\":\"WebSite\",\"@id\":\"https:\/\/soclose.mx\/blog\/#website\",\"url\":\"https:\/\/soclose.mx\/blog\/\",\"name\":\"So Close\",\"description\":\"Hacemos contenidos de M\u00e9xico\",\"publisher\":{\"@id\":\"https:\/\/soclose.mx\/blog\/#organization\"},\"potentialAction\":[{\"@type\":\"SearchAction\",\"target\":{\"@type\":\"EntryPoint\",\"urlTemplate\":\"https:\/\/soclose.mx\/blog\/?s={search_term_string}\"},\"query-input\":{\"@type\":\"PropertyValueSpecification\",\"valueRequired\":true,\"valueName\":\"search_term_string\"}}],\"inLanguage\":\"es\"},{\"@type\":\"Organization\",\"@id\":\"https:\/\/soclose.mx\/blog\/#organization\",\"name\":\"So Close\",\"url\":\"https:\/\/soclose.mx\/blog\/\",\"logo\":{\"@type\":\"ImageObject\",\"inLanguage\":\"es\",\"@id\":\"https:\/\/soclose.mx\/blog\/#\/schema\/logo\/image\/\",\"url\":\"https:\/\/i0.wp.com\/soclose.mx\/blog\/wp-content\/uploads\/2020\/12\/LOGO_SOCLOSE_COLOR-e1608310133507.png?fit=2858%2C1264&ssl=1\",\"contentUrl\":\"https:\/\/i0.wp.com\/soclose.mx\/blog\/wp-content\/uploads\/2020\/12\/LOGO_SOCLOSE_COLOR-e1608310133507.png?fit=2858%2C1264&ssl=1\",\"width\":2858,\"height\":1264,\"caption\":\"So Close\"},\"image\":{\"@id\":\"https:\/\/soclose.mx\/blog\/#\/schema\/logo\/image\/\"}},{\"@type\":\"Person\",\"@id\":\"https:\/\/soclose.mx\/blog\/#\/schema\/person\/723eb117ab965b55c3e56b5d29751667\",\"name\":\"So Close\",\"image\":{\"@type\":\"ImageObject\",\"inLanguage\":\"es\",\"@id\":\"https:\/\/soclose.mx\/blog\/#\/schema\/person\/image\/\",\"url\":\"https:\/\/secure.gravatar.com\/avatar\/5a1d1d694eaf6d2c28f450f0984cbb34821b92dc49c1d088c0250fbc6a48efec?s=96&d=mm&r=g\",\"contentUrl\":\"https:\/\/secure.gravatar.com\/avatar\/5a1d1d694eaf6d2c28f450f0984cbb34821b92dc49c1d088c0250fbc6a48efec?s=96&d=mm&r=g\",\"caption\":\"So Close\"},\"sameAs\":[\"http:\/\/www.soclose.mx\",\"https:\/\/www.youtube.com\/@soclosemx\"],\"url\":\"https:\/\/soclose.mx\/blog\/author\/admin\/\"}]}<\/script>\n<!-- \/ Yoast SEO plugin. -->","yoast_head_json":{"title":"Descubren tumba m\u00faltiple de hace 2 mil a\u00f1os en Cantona, Puebla - So Close","robots":{"index":"index","follow":"follow","max-snippet":"max-snippet:-1","max-image-preview":"max-image-preview:large","max-video-preview":"max-video-preview:-1"},"canonical":"https:\/\/soclose.mx\/blog\/comida-mexicana\/descubren-tumba-multiple-de-hace-2-mil-anos-en-cantona-puebla\/","og_locale":"es_MX","og_type":"article","og_title":"Descubren tumba m\u00faltiple de hace 2 mil a\u00f1os en Cantona, Puebla - So Close","og_description":"La hallaron al excavar un entierro m\u00faltiple, localizado por pobladores de Tepeyahualco mientras colectaban material para construcci\u00f3n. El entierro se compone de los restos \u00f3seos de cuatro individuos j\u00f3venes, por su asociaci\u00f3n con cer\u00e1mica de la fase Cantona I Tard\u00edo, se calcula una antig\u00fcedad de m\u00e1s de 2000 a\u00f1os. Seis kil\u00f3metros al sur del sitio arqueol\u00f3gico de Cantona, Puebla, fue localizado un entierro humano m\u00faltiple y tiestos asociados de la fase Cantona I Tard\u00edo (300 a.C.-50 d.C.) en el interior de una tumba troncoc\u00f3nica, la primera en su tipo localizada al exterior de esta zona arqueol\u00f3gica. El \u00e1rea del hallazgo","og_url":"https:\/\/soclose.mx\/blog\/comida-mexicana\/descubren-tumba-multiple-de-hace-2-mil-anos-en-cantona-puebla\/","og_site_name":"So Close","article_published_time":"2021-03-05T03:04:04+00:00","og_image":[{"width":1240,"height":700,"url":"https:\/\/soclose.mx\/blog\/wp-content\/uploads\/2021\/03\/umba.jpg","type":"image\/jpeg"}],"author":"So Close","twitter_card":"summary_large_image","twitter_misc":{"Escrito por":"So Close","Tiempo de lectura":"4 minutos"},"schema":{"@context":"https:\/\/schema.org","@graph":[{"@type":"Article","@id":"https:\/\/soclose.mx\/blog\/comida-mexicana\/descubren-tumba-multiple-de-hace-2-mil-anos-en-cantona-puebla\/#article","isPartOf":{"@id":"https:\/\/soclose.mx\/blog\/comida-mexicana\/descubren-tumba-multiple-de-hace-2-mil-anos-en-cantona-puebla\/"},"author":{"name":"So Close","@id":"https:\/\/soclose.mx\/blog\/#\/schema\/person\/723eb117ab965b55c3e56b5d29751667"},"headline":"Descubren tumba m\u00faltiple de hace 2 mil a\u00f1os en Cantona, Puebla","datePublished":"2021-03-05T03:04:04+00:00","mainEntityOfPage":{"@id":"https:\/\/soclose.mx\/blog\/comida-mexicana\/descubren-tumba-multiple-de-hace-2-mil-anos-en-cantona-puebla\/"},"wordCount":854,"commentCount":0,"publisher":{"@id":"https:\/\/soclose.mx\/blog\/#organization"},"image":{"@id":"https:\/\/soclose.mx\/blog\/comida-mexicana\/descubren-tumba-multiple-de-hace-2-mil-anos-en-cantona-puebla\/#primaryimage"},"thumbnailUrl":"https:\/\/i0.wp.com\/soclose.mx\/blog\/wp-content\/uploads\/2021\/03\/umba.jpg?fit=1240%2C700&ssl=1","keywords":["cantona","puebla","Tepeyahualco","tumba"],"articleSection":["Comida mexicana"],"inLanguage":"es","potentialAction":[{"@type":"CommentAction","name":"Comment","target":["https:\/\/soclose.mx\/blog\/comida-mexicana\/descubren-tumba-multiple-de-hace-2-mil-anos-en-cantona-puebla\/#respond"]}]},{"@type":"WebPage","@id":"https:\/\/soclose.mx\/blog\/comida-mexicana\/descubren-tumba-multiple-de-hace-2-mil-anos-en-cantona-puebla\/","url":"https:\/\/soclose.mx\/blog\/comida-mexicana\/descubren-tumba-multiple-de-hace-2-mil-anos-en-cantona-puebla\/","name":"Descubren tumba m\u00faltiple de hace 2 mil a\u00f1os en Cantona, Puebla - So Close","isPartOf":{"@id":"https:\/\/soclose.mx\/blog\/#website"},"primaryImageOfPage":{"@id":"https:\/\/soclose.mx\/blog\/comida-mexicana\/descubren-tumba-multiple-de-hace-2-mil-anos-en-cantona-puebla\/#primaryimage"},"image":{"@id":"https:\/\/soclose.mx\/blog\/comida-mexicana\/descubren-tumba-multiple-de-hace-2-mil-anos-en-cantona-puebla\/#primaryimage"},"thumbnailUrl":"https:\/\/i0.wp.com\/soclose.mx\/blog\/wp-content\/uploads\/2021\/03\/umba.jpg?fit=1240%2C700&ssl=1","datePublished":"2021-03-05T03:04:04+00:00","breadcrumb":{"@id":"https:\/\/soclose.mx\/blog\/comida-mexicana\/descubren-tumba-multiple-de-hace-2-mil-anos-en-cantona-puebla\/#breadcrumb"},"inLanguage":"es","potentialAction":[{"@type":"ReadAction","target":["https:\/\/soclose.mx\/blog\/comida-mexicana\/descubren-tumba-multiple-de-hace-2-mil-anos-en-cantona-puebla\/"]}]},{"@type":"ImageObject","inLanguage":"es","@id":"https:\/\/soclose.mx\/blog\/comida-mexicana\/descubren-tumba-multiple-de-hace-2-mil-anos-en-cantona-puebla\/#primaryimage","url":"https:\/\/i0.wp.com\/soclose.mx\/blog\/wp-content\/uploads\/2021\/03\/umba.jpg?fit=1240%2C700&ssl=1","contentUrl":"https:\/\/i0.wp.com\/soclose.mx\/blog\/wp-content\/uploads\/2021\/03\/umba.jpg?fit=1240%2C700&ssl=1","width":1240,"height":700},{"@type":"BreadcrumbList","@id":"https:\/\/soclose.mx\/blog\/comida-mexicana\/descubren-tumba-multiple-de-hace-2-mil-anos-en-cantona-puebla\/#breadcrumb","itemListElement":[{"@type":"ListItem","position":1,"name":"Inicio","item":"https:\/\/soclose.mx\/blog\/"},{"@type":"ListItem","position":2,"name":"Descubren tumba m\u00faltiple de hace 2 mil a\u00f1os en Cantona, Puebla"}]},{"@type":"WebSite","@id":"https:\/\/soclose.mx\/blog\/#website","url":"https:\/\/soclose.mx\/blog\/","name":"So Close","description":"Hacemos contenidos de M\u00e9xico","publisher":{"@id":"https:\/\/soclose.mx\/blog\/#organization"},"potentialAction":[{"@type":"SearchAction","target":{"@type":"EntryPoint","urlTemplate":"https:\/\/soclose.mx\/blog\/?s={search_term_string}"},"query-input":{"@type":"PropertyValueSpecification","valueRequired":true,"valueName":"search_term_string"}}],"inLanguage":"es"},{"@type":"Organization","@id":"https:\/\/soclose.mx\/blog\/#organization","name":"So Close","url":"https:\/\/soclose.mx\/blog\/","logo":{"@type":"ImageObject","inLanguage":"es","@id":"https:\/\/soclose.mx\/blog\/#\/schema\/logo\/image\/","url":"https:\/\/i0.wp.com\/soclose.mx\/blog\/wp-content\/uploads\/2020\/12\/LOGO_SOCLOSE_COLOR-e1608310133507.png?fit=2858%2C1264&ssl=1","contentUrl":"https:\/\/i0.wp.com\/soclose.mx\/blog\/wp-content\/uploads\/2020\/12\/LOGO_SOCLOSE_COLOR-e1608310133507.png?fit=2858%2C1264&ssl=1","width":2858,"height":1264,"caption":"So Close"},"image":{"@id":"https:\/\/soclose.mx\/blog\/#\/schema\/logo\/image\/"}},{"@type":"Person","@id":"https:\/\/soclose.mx\/blog\/#\/schema\/person\/723eb117ab965b55c3e56b5d29751667","name":"So Close","image":{"@type":"ImageObject","inLanguage":"es","@id":"https:\/\/soclose.mx\/blog\/#\/schema\/person\/image\/","url":"https:\/\/secure.gravatar.com\/avatar\/5a1d1d694eaf6d2c28f450f0984cbb34821b92dc49c1d088c0250fbc6a48efec?s=96&d=mm&r=g","contentUrl":"https:\/\/secure.gravatar.com\/avatar\/5a1d1d694eaf6d2c28f450f0984cbb34821b92dc49c1d088c0250fbc6a48efec?s=96&d=mm&r=g","caption":"So Close"},"sameAs":["http:\/\/www.soclose.mx","https:\/\/www.youtube.com\/@soclosemx"],"url":"https:\/\/soclose.mx\/blog\/author\/admin\/"}]}},"jetpack_featured_media_url":"https:\/\/i0.wp.com\/soclose.mx\/blog\/wp-content\/uploads\/2021\/03\/umba.jpg?fit=1240%2C700&ssl=1","jetpack-related-posts":[{"id":6128,"url":"https:\/\/soclose.mx\/blog\/news-feed\/develan-los-ultimos-siete-siglos-de-una-vivienda-xochimilca-y-el-destino-de-sus-antiguos-habitantes\/","url_meta":{"origin":5832,"position":0},"title":"Develan los \u00faltimos siete siglos de una vivienda xochimilca y el destino de sus antiguos habitantes","author":"So Close","date":"31 mayo, 2021","format":false,"excerpt":"Capa por capa, arque\u00f3logos del Instituto Nacional de Antropolog\u00eda e Historia (INAH),\u00a0 han ido develando los \u00faltimos siete siglos de una vivienda xochimilca. Como sucedi\u00f3 y sigue ocurriendo en ciertas zonas de Ciudad de M\u00e9xico, los vestigios demuestran los esfuerzos de sus habitantes tempranos por evitar la inundaci\u00f3n de sus\u2026","rel":"","context":"En &quot;News feed&quot;","block_context":{"text":"News feed","link":"https:\/\/soclose.mx\/blog\/category\/news-feed\/"},"img":{"alt_text":"","src":"https:\/\/i0.wp.com\/soclose.mx\/blog\/wp-content\/uploads\/2021\/05\/restos-xochimilco.jpeg?fit=1200%2C677&ssl=1&resize=350%2C200","width":350,"height":200,"srcset":"https:\/\/i0.wp.com\/soclose.mx\/blog\/wp-content\/uploads\/2021\/05\/restos-xochimilco.jpeg?fit=1200%2C677&ssl=1&resize=350%2C200 1x, https:\/\/i0.wp.com\/soclose.mx\/blog\/wp-content\/uploads\/2021\/05\/restos-xochimilco.jpeg?fit=1200%2C677&ssl=1&resize=525%2C300 1.5x, https:\/\/i0.wp.com\/soclose.mx\/blog\/wp-content\/uploads\/2021\/05\/restos-xochimilco.jpeg?fit=1200%2C677&ssl=1&resize=700%2C400 2x, https:\/\/i0.wp.com\/soclose.mx\/blog\/wp-content\/uploads\/2021\/05\/restos-xochimilco.jpeg?fit=1200%2C677&ssl=1&resize=1050%2C600 3x"},"classes":[]},{"id":6114,"url":"https:\/\/soclose.mx\/blog\/ay-goeeee\/quien-es-la-joven-de-elite-de-casi-1400-anos-de-antiguedad-descubierta-en-michoacan\/","url_meta":{"origin":5832,"position":1},"title":"\u00bfQui\u00e9n es la joven de \u00e9lite de casi 1,400 a\u00f1os de antig\u00fcedad, descubierta en Michoac\u00e1n?","author":"So Close","date":"25 mayo, 2021","format":false,"excerpt":"Tras el hallazgo de la Tumba II en la Zona Arqueol\u00f3gica de Tingambato, en Michoac\u00e1n, en 2011, por parte de investigadores del Instituto Nacional de Antropolog\u00eda e Historia (INAH), donde se encontraron los restos \u00f3seos de una mujer y m\u00e1s de 19 mil objetos asociados, el estudio de estos elementos\u2026","rel":"","context":"En &quot;\u00a1Ay goeeee!&quot;","block_context":{"text":"\u00a1Ay goeeee!","link":"https:\/\/soclose.mx\/blog\/category\/ay-goeeee\/"},"img":{"alt_text":"","src":"https:\/\/i0.wp.com\/soclose.mx\/blog\/wp-content\/uploads\/2021\/05\/restos-oseos.jpeg?fit=1200%2C677&ssl=1&resize=350%2C200","width":350,"height":200,"srcset":"https:\/\/i0.wp.com\/soclose.mx\/blog\/wp-content\/uploads\/2021\/05\/restos-oseos.jpeg?fit=1200%2C677&ssl=1&resize=350%2C200 1x, https:\/\/i0.wp.com\/soclose.mx\/blog\/wp-content\/uploads\/2021\/05\/restos-oseos.jpeg?fit=1200%2C677&ssl=1&resize=525%2C300 1.5x, https:\/\/i0.wp.com\/soclose.mx\/blog\/wp-content\/uploads\/2021\/05\/restos-oseos.jpeg?fit=1200%2C677&ssl=1&resize=700%2C400 2x, https:\/\/i0.wp.com\/soclose.mx\/blog\/wp-content\/uploads\/2021\/05\/restos-oseos.jpeg?fit=1200%2C677&ssl=1&resize=1050%2C600 3x"},"classes":[]},{"id":6722,"url":"https:\/\/soclose.mx\/blog\/news-feed\/localizan-entierros-humanos-y-elementos-prehispanicos-asociados-a-un-templo-de-franciscanos-en-1619\/","url_meta":{"origin":5832,"position":2},"title":"Localizan entierros humanos y elementos prehisp\u00e1nicos asociados a un templo de franciscanos en 1619","author":"So Close","date":"30 julio, 2021","format":false,"excerpt":"Vestigios relacionados con el Templo de Nuestra Se\u00f1ora de la Inmaculada Concepci\u00f3n, erigido en tiempos virreinales, as\u00ed como con un destacamento militar que habr\u00eda sido usado durante la Guerra Social Maya o Guerra de Castas, fueron descubiertos por especialistas del Instituto Nacional de Antropolog\u00eda e Historia (INAH) en la poblaci\u00f3n\u2026","rel":"","context":"En &quot;News feed&quot;","block_context":{"text":"News feed","link":"https:\/\/soclose.mx\/blog\/category\/news-feed\/"},"img":{"alt_text":"","src":"https:\/\/i0.wp.com\/soclose.mx\/blog\/wp-content\/uploads\/2021\/07\/piste-yucatan.jpeg?fit=1200%2C677&ssl=1&resize=350%2C200","width":350,"height":200,"srcset":"https:\/\/i0.wp.com\/soclose.mx\/blog\/wp-content\/uploads\/2021\/07\/piste-yucatan.jpeg?fit=1200%2C677&ssl=1&resize=350%2C200 1x, https:\/\/i0.wp.com\/soclose.mx\/blog\/wp-content\/uploads\/2021\/07\/piste-yucatan.jpeg?fit=1200%2C677&ssl=1&resize=525%2C300 1.5x, https:\/\/i0.wp.com\/soclose.mx\/blog\/wp-content\/uploads\/2021\/07\/piste-yucatan.jpeg?fit=1200%2C677&ssl=1&resize=700%2C400 2x, https:\/\/i0.wp.com\/soclose.mx\/blog\/wp-content\/uploads\/2021\/07\/piste-yucatan.jpeg?fit=1200%2C677&ssl=1&resize=1050%2C600 3x"},"classes":[]},{"id":5994,"url":"https:\/\/soclose.mx\/blog\/news-feed\/descubren-vestigios-de-basamento-piramidal-en-tlalmanalco-estado-de-mexico\/","url_meta":{"origin":5832,"position":3},"title":"Descubren vestigios de basamento piramidal en Tlalmanalco, Estado de M\u00e9xico","author":"So Close","date":"28 abril, 2021","format":false,"excerpt":"Rodeados de construcciones contempor\u00e1neas y cercados por el avance urbano en el municipio de Tlalmanalco, en Estado de M\u00e9xico, arque\u00f3logos del Instituto Nacional de Antropolog\u00eda e Historia (INAH) descubrieron los vestigios de un basamento piramidal, el cual fue parte del centro urbano de la capital de Tlacochcalco, el\u00a0alt\u00e9petl\u00a0o se\u00f1or\u00edo principal\u2026","rel":"","context":"En &quot;News feed&quot;","block_context":{"text":"News feed","link":"https:\/\/soclose.mx\/blog\/category\/news-feed\/"},"img":{"alt_text":"","src":"https:\/\/i0.wp.com\/soclose.mx\/blog\/wp-content\/uploads\/2021\/04\/tlalmanalco-estadodemexico.jpeg?fit=1200%2C677&ssl=1&resize=350%2C200","width":350,"height":200,"srcset":"https:\/\/i0.wp.com\/soclose.mx\/blog\/wp-content\/uploads\/2021\/04\/tlalmanalco-estadodemexico.jpeg?fit=1200%2C677&ssl=1&resize=350%2C200 1x, https:\/\/i0.wp.com\/soclose.mx\/blog\/wp-content\/uploads\/2021\/04\/tlalmanalco-estadodemexico.jpeg?fit=1200%2C677&ssl=1&resize=525%2C300 1.5x, https:\/\/i0.wp.com\/soclose.mx\/blog\/wp-content\/uploads\/2021\/04\/tlalmanalco-estadodemexico.jpeg?fit=1200%2C677&ssl=1&resize=700%2C400 2x, https:\/\/i0.wp.com\/soclose.mx\/blog\/wp-content\/uploads\/2021\/04\/tlalmanalco-estadodemexico.jpeg?fit=1200%2C677&ssl=1&resize=1050%2C600 3x"},"classes":[]},{"id":7472,"url":"https:\/\/soclose.mx\/blog\/lugares\/pomuch-el-pueblo-mexicano-que-destierra-a-sus-muertos\/","url_meta":{"origin":5832,"position":4},"title":"Pomuch: El pueblo mexicano que desentierra a sus muertos","author":"Miguel Angel Romero","date":"19 septiembre, 2023","format":false,"excerpt":"Pomuch es una poblaci\u00f3n ubicada en Campeche, localizada en el norte del estado, en el llamado\u00a0camino real\u00a0entre\u00a0San Francisco de Campeche\u00a0y\u00a0M\u00e9rida, forma parte del municipio de Hecelchak\u00e1n, palabra maya que significa \"lugar donde se asolean los sapos\". Este pueblo es famoso nacional e internacionalmente por una particular tradici\u00f3n de sus habitantes\u2026","rel":"","context":"En &quot;Lugares&quot;","block_context":{"text":"Lugares","link":"https:\/\/soclose.mx\/blog\/category\/lugares\/"},"img":{"alt_text":"Pomuch","src":"https:\/\/i0.wp.com\/soclose.mx\/blog\/wp-content\/uploads\/2023\/09\/Pomuch-pueblo-desentierra-muertos-Campeche.jpg?fit=1200%2C891&ssl=1&resize=350%2C200","width":350,"height":200,"srcset":"https:\/\/i0.wp.com\/soclose.mx\/blog\/wp-content\/uploads\/2023\/09\/Pomuch-pueblo-desentierra-muertos-Campeche.jpg?fit=1200%2C891&ssl=1&resize=350%2C200 1x, https:\/\/i0.wp.com\/soclose.mx\/blog\/wp-content\/uploads\/2023\/09\/Pomuch-pueblo-desentierra-muertos-Campeche.jpg?fit=1200%2C891&ssl=1&resize=525%2C300 1.5x, https:\/\/i0.wp.com\/soclose.mx\/blog\/wp-content\/uploads\/2023\/09\/Pomuch-pueblo-desentierra-muertos-Campeche.jpg?fit=1200%2C891&ssl=1&resize=700%2C400 2x, https:\/\/i0.wp.com\/soclose.mx\/blog\/wp-content\/uploads\/2023\/09\/Pomuch-pueblo-desentierra-muertos-Campeche.jpg?fit=1200%2C891&ssl=1&resize=1050%2C600 3x"},"classes":[]},{"id":6700,"url":"https:\/\/soclose.mx\/blog\/lugares\/pueblos-magicos-de-chiapas\/","url_meta":{"origin":5832,"position":5},"title":"Pueblos m\u00e1gicos de Chiapas","author":"So Close","date":"28 julio, 2021","format":false,"excerpt":"Chiapas, uno de los estados m\u00e1s visitados de M\u00e9xico, adem\u00e1s de todas las bellezas que posee con sus playas y selva, cuenta con estos incre\u00edbles pueblos m\u00e1gicos que, tan solo para que te des una idea de lo maravillosos que son te dejamos estos datos: San Crist\u00f3bal de las Casas\u00a0\u2026","rel":"","context":"En &quot;Lugares&quot;","block_context":{"text":"Lugares","link":"https:\/\/soclose.mx\/blog\/category\/lugares\/"},"img":{"alt_text":"","src":"https:\/\/i0.wp.com\/soclose.mx\/blog\/wp-content\/uploads\/2021\/07\/comitan-chiapas.jpeg?fit=1200%2C677&ssl=1&resize=350%2C200","width":350,"height":200,"srcset":"https:\/\/i0.wp.com\/soclose.mx\/blog\/wp-content\/uploads\/2021\/07\/comitan-chiapas.jpeg?fit=1200%2C677&ssl=1&resize=350%2C200 1x, https:\/\/i0.wp.com\/soclose.mx\/blog\/wp-content\/uploads\/2021\/07\/comitan-chiapas.jpeg?fit=1200%2C677&ssl=1&resize=525%2C300 1.5x, https:\/\/i0.wp.com\/soclose.mx\/blog\/wp-content\/uploads\/2021\/07\/comitan-chiapas.jpeg?fit=1200%2C677&ssl=1&resize=700%2C400 2x, https:\/\/i0.wp.com\/soclose.mx\/blog\/wp-content\/uploads\/2021\/07\/comitan-chiapas.jpeg?fit=1200%2C677&ssl=1&resize=1050%2C600 3x"},"classes":[]}],"jetpack_sharing_enabled":true,"_links":{"self":[{"href":"https:\/\/soclose.mx\/blog\/wp-json\/wp\/v2\/posts\/5832","targetHints":{"allow":["GET"]}}],"collection":[{"href":"https:\/\/soclose.mx\/blog\/wp-json\/wp\/v2\/posts"}],"about":[{"href":"https:\/\/soclose.mx\/blog\/wp-json\/wp\/v2\/types\/post"}],"author":[{"embeddable":true,"href":"https:\/\/soclose.mx\/blog\/wp-json\/wp\/v2\/users\/1"}],"replies":[{"embeddable":true,"href":"https:\/\/soclose.mx\/blog\/wp-json\/wp\/v2\/comments?post=5832"}],"version-history":[{"count":0,"href":"https:\/\/soclose.mx\/blog\/wp-json\/wp\/v2\/posts\/5832\/revisions"}],"wp:featuredmedia":[{"embeddable":true,"href":"https:\/\/soclose.mx\/blog\/wp-json\/wp\/v2\/media\/5833"}],"wp:attachment":[{"href":"https:\/\/soclose.mx\/blog\/wp-json\/wp\/v2\/media?parent=5832"}],"wp:term":[{"taxonomy":"category","embeddable":true,"href":"https:\/\/soclose.mx\/blog\/wp-json\/wp\/v2\/categories?post=5832"},{"taxonomy":"post_tag","embeddable":true,"href":"https:\/\/soclose.mx\/blog\/wp-json\/wp\/v2\/tags?post=5832"}],"curies":[{"name":"wp","href":"https:\/\/api.w.org\/{rel}","templated":true}]}}