{"id":5846,"date":"2024-03-01T17:53:21","date_gmt":"2024-03-01T23:53:21","guid":{"rendered":"https:\/\/soclose.mx\/blog\/?p=5846"},"modified":"2024-03-01T20:19:10","modified_gmt":"2024-03-02T02:19:10","slug":"museo-de-la-mujer-un-lugar-de-historia-en-mexico","status":"publish","type":"post","link":"https:\/\/soclose.mx\/blog\/lugares\/museo-de-la-mujer-un-lugar-de-historia-en-mexico\/","title":{"rendered":"VIDEO | Museo de la Mujer, un lugar de historia y conciencia en M\u00e9xico"},"content":{"rendered":"<p>Sin duda, reconocer y documentar la labor de la <strong>mujer<\/strong> a trav\u00e9s de los a\u00f1os es un cometido cotidiano y el <strong>Museo de la Mujer<\/strong> es un lugar importante en la vida de <strong>M\u00e9xico <\/strong>por diversas razones, entre ellas:<\/p>\n<p>Aborda\u00a0cu\u00e1l ha sido la participaci\u00f3n de la <strong>mujer<\/strong> en cada \u00e9poca.<\/p>\n<p>Destaca los obst\u00e1culos que ha enfrentado para lograr sus derechos.<\/p>\n<p>Este 8 de marzo de 2021 celebra su primera d\u00e9cada de existencia.<\/p>\n<p>Fue ideado, desarrollado y puesto en marcha por la historiadora universitaria Patricia Galeana Herrera, profesora de la Facultad de Filosof\u00eda y Letras.<\/p>\n<p>El <strong>Museo de la Mujer<\/strong> se hizo por un convenio de colaboraci\u00f3n entre la <strong>Federaci\u00f3n de Mujeres Universitarias<\/strong> y la <strong>UNAM.<\/strong><\/p>\n<p>Est\u00e1 ubicado en la sede de la antigua imprenta universitaria en el Centro Hist\u00f3rico de Ciudad de M\u00e9xico.<\/p>\n<p>Desde lo prehisp\u00e1nico, mediante obras de destacados artistas pl\u00e1sticos se van recreando diversos momentos hist\u00f3ricos donde la intervenci\u00f3n de la<strong> mujer<\/strong> tuvo relevancia hasta nuestros d\u00edas.<\/p>\n<p>Puedes acceder a actividades virtuales en su p\u00e1gina <a href=\"https:\/\/museodelamujer.org.mx\/\" target=\"_blank\" rel=\"noopener noreferrer\">museodelamujer.org.mx<\/a><\/p>\n<p><iframe loading=\"lazy\" title=\"Con historia y arte, el Museo de la Mujer fomenta la igualdad, libertad y desarrollo para ellas\" width=\"1170\" height=\"658\" src=\"https:\/\/www.youtube.com\/embed\/U4Hf8e5cHXc?feature=oembed\" frameborder=\"0\" allow=\"accelerometer; autoplay; clipboard-write; encrypted-media; gyroscope; picture-in-picture; web-share\" allowfullscreen><\/iframe><\/p>\n<p>Fuente: UNAM<\/p>\n<p>&#8212;&#8212;&#8212;&#8212;&#8212;&#8212;&#8212;&#8212;&#8212;&#8212;&#8212;&#8212;&#8212;&#8212;&#8212;&#8212;&#8212;&#8212;&#8212;&#8212;<\/p>\n<h3>Si tienes una empresa y buscas contenidos sobre M\u00e9xico, nosotros los producimos. <a href=\"https:\/\/museodelamujer.org.mx\/\" target=\"_blank\" rel=\"noopener\">Cont\u00e1ctanos aqu\u00ed.<\/a><\/h3>\n","protected":false},"excerpt":{"rendered":"<p>Sin duda, reconocer y documentar la labor de la mujer a trav\u00e9s de los a\u00f1os es un cometido cotidiano y el Museo de la Mujer es un lugar importante en la vida de M\u00e9xico por diversas razones, entre ellas: Aborda\u00a0cu\u00e1l ha sido la participaci\u00f3n de la mujer en cada \u00e9poca. Destaca los obst\u00e1culos que ha enfrentado para lograr sus derechos. Este 8 de marzo de 2021 celebra su primera d\u00e9cada de existencia. Fue ideado, desarrollado y puesto en marcha por la historiadora universitaria Patricia Galeana Herrera, profesora de la Facultad de Filosof\u00eda y Letras. El Museo de la Mujer se<\/p>\n","protected":false},"author":1,"featured_media":5849,"comment_status":"open","ping_status":"open","sticky":false,"template":"","format":"standard","meta":{"_jetpack_memberships_contains_paid_content":false,"footnotes":""},"categories":[3],"tags":[736,735,737,734,331],"class_list":["post-5846","post","type-post","status-publish","format-standard","has-post-thumbnail","hentry","category-lugares","tag-8-de-marzo","tag-dia-de-la-mujer","tag-dia-internacional-de-la-mujer","tag-museo-de-la-mujer","tag-unam"],"yoast_head":"<!-- This site is optimized with the Yoast SEO plugin v26.7 - https:\/\/yoast.com\/wordpress\/plugins\/seo\/ -->\n<title>VIDEO | Museo de la Mujer, un lugar de historia y conciencia en M\u00e9xico - So Close<\/title>\n<meta name=\"robots\" content=\"index, follow, max-snippet:-1, max-image-preview:large, max-video-preview:-1\" \/>\n<link rel=\"canonical\" href=\"https:\/\/soclose.mx\/blog\/lugares\/museo-de-la-mujer-un-lugar-de-historia-en-mexico\/\" \/>\n<meta property=\"og:locale\" content=\"es_MX\" \/>\n<meta property=\"og:type\" content=\"article\" \/>\n<meta property=\"og:title\" content=\"VIDEO | Museo de la Mujer, un lugar de historia y conciencia en M\u00e9xico - So Close\" \/>\n<meta property=\"og:description\" content=\"Sin duda, reconocer y documentar la labor de la mujer a trav\u00e9s de los a\u00f1os es un cometido cotidiano y el Museo de la Mujer es un lugar importante en la vida de M\u00e9xico por diversas razones, entre ellas: Aborda\u00a0cu\u00e1l ha sido la participaci\u00f3n de la mujer en cada \u00e9poca. Destaca los obst\u00e1culos que ha enfrentado para lograr sus derechos. Este 8 de marzo de 2021 celebra su primera d\u00e9cada de existencia. Fue ideado, desarrollado y puesto en marcha por la historiadora universitaria Patricia Galeana Herrera, profesora de la Facultad de Filosof\u00eda y Letras. El Museo de la Mujer se\" \/>\n<meta property=\"og:url\" content=\"https:\/\/soclose.mx\/blog\/lugares\/museo-de-la-mujer-un-lugar-de-historia-en-mexico\/\" \/>\n<meta property=\"og:site_name\" content=\"So Close\" \/>\n<meta property=\"article:published_time\" content=\"2024-03-01T23:53:21+00:00\" \/>\n<meta property=\"article:modified_time\" content=\"2024-03-02T02:19:10+00:00\" \/>\n<meta property=\"og:image\" content=\"https:\/\/soclose.mx\/blog\/wp-content\/uploads\/2021\/03\/museo-mujer.jpg\" \/>\n\t<meta property=\"og:image:width\" content=\"1240\" \/>\n\t<meta property=\"og:image:height\" content=\"700\" \/>\n\t<meta property=\"og:image:type\" content=\"image\/jpeg\" \/>\n<meta name=\"author\" content=\"So Close\" \/>\n<meta name=\"twitter:card\" content=\"summary_large_image\" \/>\n<meta name=\"twitter:label1\" content=\"Escrito por\" \/>\n\t<meta name=\"twitter:data1\" content=\"So Close\" \/>\n\t<meta name=\"twitter:label2\" content=\"Tiempo de lectura\" \/>\n\t<meta name=\"twitter:data2\" content=\"2 minutos\" \/>\n<script type=\"application\/ld+json\" class=\"yoast-schema-graph\">{\"@context\":\"https:\/\/schema.org\",\"@graph\":[{\"@type\":\"Article\",\"@id\":\"https:\/\/soclose.mx\/blog\/lugares\/museo-de-la-mujer-un-lugar-de-historia-en-mexico\/#article\",\"isPartOf\":{\"@id\":\"https:\/\/soclose.mx\/blog\/lugares\/museo-de-la-mujer-un-lugar-de-historia-en-mexico\/\"},\"author\":{\"name\":\"So Close\",\"@id\":\"https:\/\/soclose.mx\/blog\/#\/schema\/person\/723eb117ab965b55c3e56b5d29751667\"},\"headline\":\"VIDEO | Museo de la Mujer, un lugar de historia y conciencia en M\u00e9xico\",\"datePublished\":\"2024-03-01T23:53:21+00:00\",\"dateModified\":\"2024-03-02T02:19:10+00:00\",\"mainEntityOfPage\":{\"@id\":\"https:\/\/soclose.mx\/blog\/lugares\/museo-de-la-mujer-un-lugar-de-historia-en-mexico\/\"},\"wordCount\":232,\"commentCount\":0,\"publisher\":{\"@id\":\"https:\/\/soclose.mx\/blog\/#organization\"},\"image\":{\"@id\":\"https:\/\/soclose.mx\/blog\/lugares\/museo-de-la-mujer-un-lugar-de-historia-en-mexico\/#primaryimage\"},\"thumbnailUrl\":\"https:\/\/i0.wp.com\/soclose.mx\/blog\/wp-content\/uploads\/2021\/03\/museo-mujer.jpg?fit=1240%2C700&ssl=1\",\"keywords\":[\"8 de marzo\",\"dia de la mujer\",\"dia internacional de la mujer\",\"museo de la mujer\",\"unam\"],\"articleSection\":[\"Lugares\"],\"inLanguage\":\"es\",\"potentialAction\":[{\"@type\":\"CommentAction\",\"name\":\"Comment\",\"target\":[\"https:\/\/soclose.mx\/blog\/lugares\/museo-de-la-mujer-un-lugar-de-historia-en-mexico\/#respond\"]}]},{\"@type\":\"WebPage\",\"@id\":\"https:\/\/soclose.mx\/blog\/lugares\/museo-de-la-mujer-un-lugar-de-historia-en-mexico\/\",\"url\":\"https:\/\/soclose.mx\/blog\/lugares\/museo-de-la-mujer-un-lugar-de-historia-en-mexico\/\",\"name\":\"VIDEO | Museo de la Mujer, un lugar de historia y conciencia en M\u00e9xico - So Close\",\"isPartOf\":{\"@id\":\"https:\/\/soclose.mx\/blog\/#website\"},\"primaryImageOfPage\":{\"@id\":\"https:\/\/soclose.mx\/blog\/lugares\/museo-de-la-mujer-un-lugar-de-historia-en-mexico\/#primaryimage\"},\"image\":{\"@id\":\"https:\/\/soclose.mx\/blog\/lugares\/museo-de-la-mujer-un-lugar-de-historia-en-mexico\/#primaryimage\"},\"thumbnailUrl\":\"https:\/\/i0.wp.com\/soclose.mx\/blog\/wp-content\/uploads\/2021\/03\/museo-mujer.jpg?fit=1240%2C700&ssl=1\",\"datePublished\":\"2024-03-01T23:53:21+00:00\",\"dateModified\":\"2024-03-02T02:19:10+00:00\",\"breadcrumb\":{\"@id\":\"https:\/\/soclose.mx\/blog\/lugares\/museo-de-la-mujer-un-lugar-de-historia-en-mexico\/#breadcrumb\"},\"inLanguage\":\"es\",\"potentialAction\":[{\"@type\":\"ReadAction\",\"target\":[\"https:\/\/soclose.mx\/blog\/lugares\/museo-de-la-mujer-un-lugar-de-historia-en-mexico\/\"]}]},{\"@type\":\"ImageObject\",\"inLanguage\":\"es\",\"@id\":\"https:\/\/soclose.mx\/blog\/lugares\/museo-de-la-mujer-un-lugar-de-historia-en-mexico\/#primaryimage\",\"url\":\"https:\/\/i0.wp.com\/soclose.mx\/blog\/wp-content\/uploads\/2021\/03\/museo-mujer.jpg?fit=1240%2C700&ssl=1\",\"contentUrl\":\"https:\/\/i0.wp.com\/soclose.mx\/blog\/wp-content\/uploads\/2021\/03\/museo-mujer.jpg?fit=1240%2C700&ssl=1\",\"width\":1240,\"height\":700},{\"@type\":\"BreadcrumbList\",\"@id\":\"https:\/\/soclose.mx\/blog\/lugares\/museo-de-la-mujer-un-lugar-de-historia-en-mexico\/#breadcrumb\",\"itemListElement\":[{\"@type\":\"ListItem\",\"position\":1,\"name\":\"Inicio\",\"item\":\"https:\/\/soclose.mx\/blog\/\"},{\"@type\":\"ListItem\",\"position\":2,\"name\":\"VIDEO | Museo de la Mujer, un lugar de historia y conciencia en M\u00e9xico\"}]},{\"@type\":\"WebSite\",\"@id\":\"https:\/\/soclose.mx\/blog\/#website\",\"url\":\"https:\/\/soclose.mx\/blog\/\",\"name\":\"So Close\",\"description\":\"Hacemos contenidos de M\u00e9xico\",\"publisher\":{\"@id\":\"https:\/\/soclose.mx\/blog\/#organization\"},\"potentialAction\":[{\"@type\":\"SearchAction\",\"target\":{\"@type\":\"EntryPoint\",\"urlTemplate\":\"https:\/\/soclose.mx\/blog\/?s={search_term_string}\"},\"query-input\":{\"@type\":\"PropertyValueSpecification\",\"valueRequired\":true,\"valueName\":\"search_term_string\"}}],\"inLanguage\":\"es\"},{\"@type\":\"Organization\",\"@id\":\"https:\/\/soclose.mx\/blog\/#organization\",\"name\":\"So Close\",\"url\":\"https:\/\/soclose.mx\/blog\/\",\"logo\":{\"@type\":\"ImageObject\",\"inLanguage\":\"es\",\"@id\":\"https:\/\/soclose.mx\/blog\/#\/schema\/logo\/image\/\",\"url\":\"https:\/\/i0.wp.com\/soclose.mx\/blog\/wp-content\/uploads\/2020\/12\/LOGO_SOCLOSE_COLOR-e1608310133507.png?fit=2858%2C1264&ssl=1\",\"contentUrl\":\"https:\/\/i0.wp.com\/soclose.mx\/blog\/wp-content\/uploads\/2020\/12\/LOGO_SOCLOSE_COLOR-e1608310133507.png?fit=2858%2C1264&ssl=1\",\"width\":2858,\"height\":1264,\"caption\":\"So Close\"},\"image\":{\"@id\":\"https:\/\/soclose.mx\/blog\/#\/schema\/logo\/image\/\"}},{\"@type\":\"Person\",\"@id\":\"https:\/\/soclose.mx\/blog\/#\/schema\/person\/723eb117ab965b55c3e56b5d29751667\",\"name\":\"So Close\",\"image\":{\"@type\":\"ImageObject\",\"inLanguage\":\"es\",\"@id\":\"https:\/\/soclose.mx\/blog\/#\/schema\/person\/image\/\",\"url\":\"https:\/\/secure.gravatar.com\/avatar\/5a1d1d694eaf6d2c28f450f0984cbb34821b92dc49c1d088c0250fbc6a48efec?s=96&d=mm&r=g\",\"contentUrl\":\"https:\/\/secure.gravatar.com\/avatar\/5a1d1d694eaf6d2c28f450f0984cbb34821b92dc49c1d088c0250fbc6a48efec?s=96&d=mm&r=g\",\"caption\":\"So Close\"},\"sameAs\":[\"http:\/\/www.soclose.mx\",\"https:\/\/www.youtube.com\/@soclosemx\"],\"url\":\"https:\/\/soclose.mx\/blog\/author\/admin\/\"}]}<\/script>\n<!-- \/ Yoast SEO plugin. -->","yoast_head_json":{"title":"VIDEO | Museo de la Mujer, un lugar de historia y conciencia en M\u00e9xico - So Close","robots":{"index":"index","follow":"follow","max-snippet":"max-snippet:-1","max-image-preview":"max-image-preview:large","max-video-preview":"max-video-preview:-1"},"canonical":"https:\/\/soclose.mx\/blog\/lugares\/museo-de-la-mujer-un-lugar-de-historia-en-mexico\/","og_locale":"es_MX","og_type":"article","og_title":"VIDEO | Museo de la Mujer, un lugar de historia y conciencia en M\u00e9xico - So Close","og_description":"Sin duda, reconocer y documentar la labor de la mujer a trav\u00e9s de los a\u00f1os es un cometido cotidiano y el Museo de la Mujer es un lugar importante en la vida de M\u00e9xico por diversas razones, entre ellas: Aborda\u00a0cu\u00e1l ha sido la participaci\u00f3n de la mujer en cada \u00e9poca. Destaca los obst\u00e1culos que ha enfrentado para lograr sus derechos. Este 8 de marzo de 2021 celebra su primera d\u00e9cada de existencia. Fue ideado, desarrollado y puesto en marcha por la historiadora universitaria Patricia Galeana Herrera, profesora de la Facultad de Filosof\u00eda y Letras. El Museo de la Mujer se","og_url":"https:\/\/soclose.mx\/blog\/lugares\/museo-de-la-mujer-un-lugar-de-historia-en-mexico\/","og_site_name":"So Close","article_published_time":"2024-03-01T23:53:21+00:00","article_modified_time":"2024-03-02T02:19:10+00:00","og_image":[{"width":1240,"height":700,"url":"https:\/\/soclose.mx\/blog\/wp-content\/uploads\/2021\/03\/museo-mujer.jpg","type":"image\/jpeg"}],"author":"So Close","twitter_card":"summary_large_image","twitter_misc":{"Escrito por":"So Close","Tiempo de lectura":"2 minutos"},"schema":{"@context":"https:\/\/schema.org","@graph":[{"@type":"Article","@id":"https:\/\/soclose.mx\/blog\/lugares\/museo-de-la-mujer-un-lugar-de-historia-en-mexico\/#article","isPartOf":{"@id":"https:\/\/soclose.mx\/blog\/lugares\/museo-de-la-mujer-un-lugar-de-historia-en-mexico\/"},"author":{"name":"So Close","@id":"https:\/\/soclose.mx\/blog\/#\/schema\/person\/723eb117ab965b55c3e56b5d29751667"},"headline":"VIDEO | Museo de la Mujer, un lugar de historia y conciencia en M\u00e9xico","datePublished":"2024-03-01T23:53:21+00:00","dateModified":"2024-03-02T02:19:10+00:00","mainEntityOfPage":{"@id":"https:\/\/soclose.mx\/blog\/lugares\/museo-de-la-mujer-un-lugar-de-historia-en-mexico\/"},"wordCount":232,"commentCount":0,"publisher":{"@id":"https:\/\/soclose.mx\/blog\/#organization"},"image":{"@id":"https:\/\/soclose.mx\/blog\/lugares\/museo-de-la-mujer-un-lugar-de-historia-en-mexico\/#primaryimage"},"thumbnailUrl":"https:\/\/i0.wp.com\/soclose.mx\/blog\/wp-content\/uploads\/2021\/03\/museo-mujer.jpg?fit=1240%2C700&ssl=1","keywords":["8 de marzo","dia de la mujer","dia internacional de la mujer","museo de la mujer","unam"],"articleSection":["Lugares"],"inLanguage":"es","potentialAction":[{"@type":"CommentAction","name":"Comment","target":["https:\/\/soclose.mx\/blog\/lugares\/museo-de-la-mujer-un-lugar-de-historia-en-mexico\/#respond"]}]},{"@type":"WebPage","@id":"https:\/\/soclose.mx\/blog\/lugares\/museo-de-la-mujer-un-lugar-de-historia-en-mexico\/","url":"https:\/\/soclose.mx\/blog\/lugares\/museo-de-la-mujer-un-lugar-de-historia-en-mexico\/","name":"VIDEO | Museo de la Mujer, un lugar de historia y conciencia en M\u00e9xico - So Close","isPartOf":{"@id":"https:\/\/soclose.mx\/blog\/#website"},"primaryImageOfPage":{"@id":"https:\/\/soclose.mx\/blog\/lugares\/museo-de-la-mujer-un-lugar-de-historia-en-mexico\/#primaryimage"},"image":{"@id":"https:\/\/soclose.mx\/blog\/lugares\/museo-de-la-mujer-un-lugar-de-historia-en-mexico\/#primaryimage"},"thumbnailUrl":"https:\/\/i0.wp.com\/soclose.mx\/blog\/wp-content\/uploads\/2021\/03\/museo-mujer.jpg?fit=1240%2C700&ssl=1","datePublished":"2024-03-01T23:53:21+00:00","dateModified":"2024-03-02T02:19:10+00:00","breadcrumb":{"@id":"https:\/\/soclose.mx\/blog\/lugares\/museo-de-la-mujer-un-lugar-de-historia-en-mexico\/#breadcrumb"},"inLanguage":"es","potentialAction":[{"@type":"ReadAction","target":["https:\/\/soclose.mx\/blog\/lugares\/museo-de-la-mujer-un-lugar-de-historia-en-mexico\/"]}]},{"@type":"ImageObject","inLanguage":"es","@id":"https:\/\/soclose.mx\/blog\/lugares\/museo-de-la-mujer-un-lugar-de-historia-en-mexico\/#primaryimage","url":"https:\/\/i0.wp.com\/soclose.mx\/blog\/wp-content\/uploads\/2021\/03\/museo-mujer.jpg?fit=1240%2C700&ssl=1","contentUrl":"https:\/\/i0.wp.com\/soclose.mx\/blog\/wp-content\/uploads\/2021\/03\/museo-mujer.jpg?fit=1240%2C700&ssl=1","width":1240,"height":700},{"@type":"BreadcrumbList","@id":"https:\/\/soclose.mx\/blog\/lugares\/museo-de-la-mujer-un-lugar-de-historia-en-mexico\/#breadcrumb","itemListElement":[{"@type":"ListItem","position":1,"name":"Inicio","item":"https:\/\/soclose.mx\/blog\/"},{"@type":"ListItem","position":2,"name":"VIDEO | Museo de la Mujer, un lugar de historia y conciencia en M\u00e9xico"}]},{"@type":"WebSite","@id":"https:\/\/soclose.mx\/blog\/#website","url":"https:\/\/soclose.mx\/blog\/","name":"So Close","description":"Hacemos contenidos de M\u00e9xico","publisher":{"@id":"https:\/\/soclose.mx\/blog\/#organization"},"potentialAction":[{"@type":"SearchAction","target":{"@type":"EntryPoint","urlTemplate":"https:\/\/soclose.mx\/blog\/?s={search_term_string}"},"query-input":{"@type":"PropertyValueSpecification","valueRequired":true,"valueName":"search_term_string"}}],"inLanguage":"es"},{"@type":"Organization","@id":"https:\/\/soclose.mx\/blog\/#organization","name":"So Close","url":"https:\/\/soclose.mx\/blog\/","logo":{"@type":"ImageObject","inLanguage":"es","@id":"https:\/\/soclose.mx\/blog\/#\/schema\/logo\/image\/","url":"https:\/\/i0.wp.com\/soclose.mx\/blog\/wp-content\/uploads\/2020\/12\/LOGO_SOCLOSE_COLOR-e1608310133507.png?fit=2858%2C1264&ssl=1","contentUrl":"https:\/\/i0.wp.com\/soclose.mx\/blog\/wp-content\/uploads\/2020\/12\/LOGO_SOCLOSE_COLOR-e1608310133507.png?fit=2858%2C1264&ssl=1","width":2858,"height":1264,"caption":"So Close"},"image":{"@id":"https:\/\/soclose.mx\/blog\/#\/schema\/logo\/image\/"}},{"@type":"Person","@id":"https:\/\/soclose.mx\/blog\/#\/schema\/person\/723eb117ab965b55c3e56b5d29751667","name":"So Close","image":{"@type":"ImageObject","inLanguage":"es","@id":"https:\/\/soclose.mx\/blog\/#\/schema\/person\/image\/","url":"https:\/\/secure.gravatar.com\/avatar\/5a1d1d694eaf6d2c28f450f0984cbb34821b92dc49c1d088c0250fbc6a48efec?s=96&d=mm&r=g","contentUrl":"https:\/\/secure.gravatar.com\/avatar\/5a1d1d694eaf6d2c28f450f0984cbb34821b92dc49c1d088c0250fbc6a48efec?s=96&d=mm&r=g","caption":"So Close"},"sameAs":["http:\/\/www.soclose.mx","https:\/\/www.youtube.com\/@soclosemx"],"url":"https:\/\/soclose.mx\/blog\/author\/admin\/"}]}},"jetpack_featured_media_url":"https:\/\/i0.wp.com\/soclose.mx\/blog\/wp-content\/uploads\/2021\/03\/museo-mujer.jpg?fit=1240%2C700&ssl=1","jetpack-related-posts":[{"id":9174,"url":"https:\/\/soclose.mx\/blog\/para-todos\/regresan-las-actividades-presenciales-de-los-museos-de-la-cdmx\/","url_meta":{"origin":5846,"position":0},"title":"Regresan las actividades presenciales de los museos de la CDMX","author":"Miguel Angel Romero","date":"3 marzo, 2022","format":false,"excerpt":"La Secretar\u00eda de Cultura reabre algunos espacios muse\u00edsticos del Instituto Nacional de Antropolog\u00eda e Historia (INAH), los cuales reanudan actividades presenciales con una amplia oferta eventos. En el\u00a0Museo Nacional de Historia (MNH), Castillo de Chapultepec, la m\u00fasica regresa al Patio del Alc\u00e1zar con los conciertos a celebrarse los s\u00e1bados de\u2026","rel":"","context":"En &quot;Para todos&quot;","block_context":{"text":"Para todos","link":"https:\/\/soclose.mx\/blog\/category\/para-todos\/"},"img":{"alt_text":"","src":"https:\/\/i0.wp.com\/soclose.mx\/blog\/wp-content\/uploads\/2022\/03\/Copia-de-Principal-So-Close-blog-3.png?fit=1200%2C677&ssl=1&resize=350%2C200","width":350,"height":200,"srcset":"https:\/\/i0.wp.com\/soclose.mx\/blog\/wp-content\/uploads\/2022\/03\/Copia-de-Principal-So-Close-blog-3.png?fit=1200%2C677&ssl=1&resize=350%2C200 1x, https:\/\/i0.wp.com\/soclose.mx\/blog\/wp-content\/uploads\/2022\/03\/Copia-de-Principal-So-Close-blog-3.png?fit=1200%2C677&ssl=1&resize=525%2C300 1.5x, https:\/\/i0.wp.com\/soclose.mx\/blog\/wp-content\/uploads\/2022\/03\/Copia-de-Principal-So-Close-blog-3.png?fit=1200%2C677&ssl=1&resize=700%2C400 2x, https:\/\/i0.wp.com\/soclose.mx\/blog\/wp-content\/uploads\/2022\/03\/Copia-de-Principal-So-Close-blog-3.png?fit=1200%2C677&ssl=1&resize=1050%2C600 3x"},"classes":[]},{"id":11624,"url":"https:\/\/soclose.mx\/blog\/a-la-mexicana\/dia-de-la-madre-10-de-mayo-mexico\/","url_meta":{"origin":5846,"position":1},"title":"D\u00eda de la Madre: 10 de Mayo y su origen en M\u00e9xico","author":"Mar\u00eda Ju\u00e1rez","date":"26 abril, 2023","format":false,"excerpt":"En M\u00e9xico se celebra el D\u00eda de la Madre el d\u00eda 10 de mayo, sin importar qu\u00e9 d\u00eda de la semana sea. La tradici\u00f3n se ha convertido en M\u00e9xico en unos de los d\u00edas de fiesta m\u00e1s celebrados, pero \u00bfCu\u00e1l es su origen? Se trata de una fecha en la\u2026","rel":"","context":"En &quot;A la mexicana&quot;","block_context":{"text":"A la mexicana","link":"https:\/\/soclose.mx\/blog\/category\/a-la-mexicana\/"},"img":{"alt_text":"D\u00eda de la Madre","src":"https:\/\/i0.wp.com\/soclose.mx\/blog\/wp-content\/uploads\/2023\/04\/Dia-de-la-Madre-10-de-mayo.jpg?fit=1200%2C796&ssl=1&resize=350%2C200","width":350,"height":200,"srcset":"https:\/\/i0.wp.com\/soclose.mx\/blog\/wp-content\/uploads\/2023\/04\/Dia-de-la-Madre-10-de-mayo.jpg?fit=1200%2C796&ssl=1&resize=350%2C200 1x, https:\/\/i0.wp.com\/soclose.mx\/blog\/wp-content\/uploads\/2023\/04\/Dia-de-la-Madre-10-de-mayo.jpg?fit=1200%2C796&ssl=1&resize=525%2C300 1.5x, https:\/\/i0.wp.com\/soclose.mx\/blog\/wp-content\/uploads\/2023\/04\/Dia-de-la-Madre-10-de-mayo.jpg?fit=1200%2C796&ssl=1&resize=700%2C400 2x, https:\/\/i0.wp.com\/soclose.mx\/blog\/wp-content\/uploads\/2023\/04\/Dia-de-la-Madre-10-de-mayo.jpg?fit=1200%2C796&ssl=1&resize=1050%2C600 3x"},"classes":[]},{"id":9410,"url":"https:\/\/soclose.mx\/blog\/a-la-mexicana\/frida-escobedo-la-mexicana-que-disenara-un-pabellon-del-met\/","url_meta":{"origin":5846,"position":2},"title":"Frida Escobedo: La mexicana que dise\u00f1ar\u00e1 un pabell\u00f3n del MET","author":"Miguel Angel Romero","date":"18 marzo, 2022","format":false,"excerpt":"La mexicana\u00a0Frida Escobedo\u00a0fue la arquitecta seleccionada para liderar el proyecto de dise\u00f1o y construcci\u00f3n del nuevo\u00a0pabell\u00f3n de arte moderno y contempor\u00e1neo\u00a0en el\u00a0Museo Metropolitano de Arte de Nueva York. El museo consider\u00f3 otras cuatro firmas de arquitectura: Ensamble Studio, Lacaton & Vassal, SO - IL y David Chipperfield Architects, pero la\u2026","rel":"","context":"En &quot;A la mexicana&quot;","block_context":{"text":"A la mexicana","link":"https:\/\/soclose.mx\/blog\/category\/a-la-mexicana\/"},"img":{"alt_text":"","src":"https:\/\/i0.wp.com\/soclose.mx\/blog\/wp-content\/uploads\/2022\/03\/Copia-de-Principal-So-Close-blog-1-12.png?fit=1200%2C677&ssl=1&resize=350%2C200","width":350,"height":200,"srcset":"https:\/\/i0.wp.com\/soclose.mx\/blog\/wp-content\/uploads\/2022\/03\/Copia-de-Principal-So-Close-blog-1-12.png?fit=1200%2C677&ssl=1&resize=350%2C200 1x, https:\/\/i0.wp.com\/soclose.mx\/blog\/wp-content\/uploads\/2022\/03\/Copia-de-Principal-So-Close-blog-1-12.png?fit=1200%2C677&ssl=1&resize=525%2C300 1.5x, https:\/\/i0.wp.com\/soclose.mx\/blog\/wp-content\/uploads\/2022\/03\/Copia-de-Principal-So-Close-blog-1-12.png?fit=1200%2C677&ssl=1&resize=700%2C400 2x, https:\/\/i0.wp.com\/soclose.mx\/blog\/wp-content\/uploads\/2022\/03\/Copia-de-Principal-So-Close-blog-1-12.png?fit=1200%2C677&ssl=1&resize=1050%2C600 3x"},"classes":[]},{"id":5982,"url":"https:\/\/soclose.mx\/blog\/news-feed\/reabren-chalcatzingo-en-morelos-y-museo-de-historia-de-aguascalientes\/","url_meta":{"origin":5846,"position":3},"title":"Reabren Chalcatzingo, en Morelos, y Museo de Historia de Aguascalientes","author":"So Close","date":"23 abril, 2021","format":false,"excerpt":"A partir del mi\u00e9rcoles 21 de abril, bajo estrictas medidas sanitarias, reabren la Zona Arqueol\u00f3gica de Chalcatzingo, en el estado de Morelos, y el Museo Regional de Historia de Aguascalientes (MRHA). El sitio arqueol\u00f3gico de filiaci\u00f3n olmeca estar\u00e1 abierto de mi\u00e9rcoles a domingo, de 9:00 a 16:30 horas. Para el\u2026","rel":"","context":"En &quot;News feed&quot;","block_context":{"text":"News feed","link":"https:\/\/soclose.mx\/blog\/category\/news-feed\/"},"img":{"alt_text":"","src":"https:\/\/i0.wp.com\/soclose.mx\/blog\/wp-content\/uploads\/2021\/04\/Principal-So-Close-blog-3.jpeg?fit=1200%2C677&ssl=1&resize=350%2C200","width":350,"height":200,"srcset":"https:\/\/i0.wp.com\/soclose.mx\/blog\/wp-content\/uploads\/2021\/04\/Principal-So-Close-blog-3.jpeg?fit=1200%2C677&ssl=1&resize=350%2C200 1x, https:\/\/i0.wp.com\/soclose.mx\/blog\/wp-content\/uploads\/2021\/04\/Principal-So-Close-blog-3.jpeg?fit=1200%2C677&ssl=1&resize=525%2C300 1.5x, https:\/\/i0.wp.com\/soclose.mx\/blog\/wp-content\/uploads\/2021\/04\/Principal-So-Close-blog-3.jpeg?fit=1200%2C677&ssl=1&resize=700%2C400 2x, https:\/\/i0.wp.com\/soclose.mx\/blog\/wp-content\/uploads\/2021\/04\/Principal-So-Close-blog-3.jpeg?fit=1200%2C677&ssl=1&resize=1050%2C600 3x"},"classes":[]},{"id":9304,"url":"https:\/\/soclose.mx\/blog\/ay-goeeee\/ella-fue-la-primera-mujer-medica-veterinaria-en-mexico\/","url_meta":{"origin":5846,"position":4},"title":"Ella fue la primera mujer M\u00e9dica Veterinaria en M\u00e9xico","author":"Miguel Angel Romero","date":"25 marzo, 2022","format":false,"excerpt":"Nunca est\u00e1 de m\u00e1s recordar aquellas mujeres que han logrado destacar acad\u00e9micamente sobre todo porque\u00a0en M\u00e9xico exist\u00edan ciertas prohibiciones para las mujeres, desde el derecho al voto as\u00ed como a la educaci\u00f3n. Es importante reconocer que las primeras mujeres m\u00e9dicas veterinarias fueron dos,\u00a0 \u00c1frica Medina con su tesis: \"Breves observaciones\u2026","rel":"","context":"En &quot;\u00a1Ay goeeee!&quot;","block_context":{"text":"\u00a1Ay goeeee!","link":"https:\/\/soclose.mx\/blog\/category\/ay-goeeee\/"},"img":{"alt_text":"","src":"https:\/\/i0.wp.com\/soclose.mx\/blog\/wp-content\/uploads\/2022\/03\/Copia-de-Principal-So-Close-blog-15.png?fit=1200%2C677&ssl=1&resize=350%2C200","width":350,"height":200,"srcset":"https:\/\/i0.wp.com\/soclose.mx\/blog\/wp-content\/uploads\/2022\/03\/Copia-de-Principal-So-Close-blog-15.png?fit=1200%2C677&ssl=1&resize=350%2C200 1x, https:\/\/i0.wp.com\/soclose.mx\/blog\/wp-content\/uploads\/2022\/03\/Copia-de-Principal-So-Close-blog-15.png?fit=1200%2C677&ssl=1&resize=525%2C300 1.5x, https:\/\/i0.wp.com\/soclose.mx\/blog\/wp-content\/uploads\/2022\/03\/Copia-de-Principal-So-Close-blog-15.png?fit=1200%2C677&ssl=1&resize=700%2C400 2x, https:\/\/i0.wp.com\/soclose.mx\/blog\/wp-content\/uploads\/2022\/03\/Copia-de-Principal-So-Close-blog-15.png?fit=1200%2C677&ssl=1&resize=1050%2C600 3x"},"classes":[]},{"id":5881,"url":"https:\/\/soclose.mx\/blog\/para-todos\/siete-zonas-arqueologicas-y-cuatro-museos-en-campeche-regresan-a-su-horario-habitual\/","url_meta":{"origin":5846,"position":5},"title":"Siete zonas arqueol\u00f3gicas y cuatro museos en Campeche regresan a su horario habitual","author":"So Close","date":"24 marzo, 2021","format":false,"excerpt":"Luego de que el estado de Campeche regres\u00f3 a sem\u00e1foro epidemiol\u00f3gico en color verde, en el cual se mantuvo por cuatro meses, la Secretar\u00eda de Cultura del Gobierno de M\u00e9xico, a trav\u00e9s del Instituto Nacional de Antropolog\u00eda e Historia (INAH), regulariz\u00f3 a partir de esta semana los horarios de visita\u2026","rel":"","context":"En &quot;Para todos&quot;","block_context":{"text":"Para todos","link":"https:\/\/soclose.mx\/blog\/category\/para-todos\/"},"img":{"alt_text":"","src":"https:\/\/i0.wp.com\/soclose.mx\/blog\/wp-content\/uploads\/2021\/03\/Principal-So-Close-blog-1.jpeg?fit=1200%2C677&ssl=1&resize=350%2C200","width":350,"height":200,"srcset":"https:\/\/i0.wp.com\/soclose.mx\/blog\/wp-content\/uploads\/2021\/03\/Principal-So-Close-blog-1.jpeg?fit=1200%2C677&ssl=1&resize=350%2C200 1x, https:\/\/i0.wp.com\/soclose.mx\/blog\/wp-content\/uploads\/2021\/03\/Principal-So-Close-blog-1.jpeg?fit=1200%2C677&ssl=1&resize=525%2C300 1.5x, https:\/\/i0.wp.com\/soclose.mx\/blog\/wp-content\/uploads\/2021\/03\/Principal-So-Close-blog-1.jpeg?fit=1200%2C677&ssl=1&resize=700%2C400 2x, https:\/\/i0.wp.com\/soclose.mx\/blog\/wp-content\/uploads\/2021\/03\/Principal-So-Close-blog-1.jpeg?fit=1200%2C677&ssl=1&resize=1050%2C600 3x"},"classes":[]}],"jetpack_sharing_enabled":true,"_links":{"self":[{"href":"https:\/\/soclose.mx\/blog\/wp-json\/wp\/v2\/posts\/5846","targetHints":{"allow":["GET"]}}],"collection":[{"href":"https:\/\/soclose.mx\/blog\/wp-json\/wp\/v2\/posts"}],"about":[{"href":"https:\/\/soclose.mx\/blog\/wp-json\/wp\/v2\/types\/post"}],"author":[{"embeddable":true,"href":"https:\/\/soclose.mx\/blog\/wp-json\/wp\/v2\/users\/1"}],"replies":[{"embeddable":true,"href":"https:\/\/soclose.mx\/blog\/wp-json\/wp\/v2\/comments?post=5846"}],"version-history":[{"count":1,"href":"https:\/\/soclose.mx\/blog\/wp-json\/wp\/v2\/posts\/5846\/revisions"}],"predecessor-version":[{"id":13321,"href":"https:\/\/soclose.mx\/blog\/wp-json\/wp\/v2\/posts\/5846\/revisions\/13321"}],"wp:featuredmedia":[{"embeddable":true,"href":"https:\/\/soclose.mx\/blog\/wp-json\/wp\/v2\/media\/5849"}],"wp:attachment":[{"href":"https:\/\/soclose.mx\/blog\/wp-json\/wp\/v2\/media?parent=5846"}],"wp:term":[{"taxonomy":"category","embeddable":true,"href":"https:\/\/soclose.mx\/blog\/wp-json\/wp\/v2\/categories?post=5846"},{"taxonomy":"post_tag","embeddable":true,"href":"https:\/\/soclose.mx\/blog\/wp-json\/wp\/v2\/tags?post=5846"}],"curies":[{"name":"wp","href":"https:\/\/api.w.org\/{rel}","templated":true}]}}