{"id":5855,"date":"2021-03-09T18:52:39","date_gmt":"2021-03-10T00:52:39","guid":{"rendered":"https:\/\/soclose.mx\/blog\/?p=5855"},"modified":"2021-03-09T18:54:25","modified_gmt":"2021-03-10T00:54:25","slug":"reabren-zoologicos-de-la-ciudad-de-mexico","status":"publish","type":"post","link":"https:\/\/soclose.mx\/blog\/news-feed\/reabren-zoologicos-de-la-ciudad-de-mexico\/","title":{"rendered":"Reabren Zool\u00f3gicos de la Ciudad de M\u00e9xico"},"content":{"rendered":"<p>Los <strong>zool\u00f3gicos<\/strong> que volver\u00e1n a operar en la <strong>Ciudad de M\u00e9xico<\/strong> son:<\/p>\n<ul>\n<li><strong>Chapultepec.<\/strong><\/li>\n<li><strong> San Juan de Arag\u00f3n.<\/strong><\/li>\n<li><strong> Los Coyotes.<\/strong><\/li>\n<\/ul>\n<p>La Secretar\u00eda del Medio Ambiente (Sedema) de la Ciudad de M\u00e9xico, a trav\u00e9s de la Direcci\u00f3n General de Zool\u00f3gicos y Conservaci\u00f3n de la Fauna Silvestre, inform\u00f3 que este <strong>martes 9 de marzo<\/strong> reabrieron al p\u00fablico estos espacios.<\/p>\n<p>Los tres abrir\u00e1n al <strong>30% de su capacidad <\/strong>y los <strong>zool\u00f3gicos de Chapultepec<\/strong> y <strong>San Juan de Arag\u00f3n<\/strong> operar\u00e1n en un horario de\u00a0<strong>10:00 a 15:00 horas de martes a domingo<\/strong> y el de Los Coyotes de <strong>6:00 a 15:00<\/strong>\u00a0horas de\u00a0<strong>lunes a domingo<\/strong>.<\/p>\n<p>Se deben respetar las siguientes medidas:<\/p>\n<p>\u2022 Usar cubrebocas de forma correcta, tapando nariz y boca, durante todo el recorrido.<\/p>\n<p>\u2022 Pisar el tapete sanitario al momento de ingresar al zool\u00f3gico.<\/p>\n<p>\u2022 Lavarse las manos correctamente o utilizar gel antibacterial al ingresar al zool\u00f3gico y durante el recorrido.<\/p>\n<p>\u2022 Permanecer en grupos familiares, guardando sana distancia con otras personas visitantes.<\/p>\n<p>\u2022 No tocar superficies como barandales, cristales, paredes, bancas, pisos, etc.<\/p>\n<p>\u2022 No permanecer m\u00e1s de 10 minutos frente a un albergue.<\/p>\n<p>\u2022 La permanencia dentro del <strong>zool\u00f3gico<\/strong> no deber\u00e1 exceder 90 minutos.<\/p>\n<p>\u2022 Eventualmente, en caso de que en ciertos horarios se llegue al l\u00edmite del cupo, se cerrar\u00e1 el ingreso a las y los visitantes hasta nuevo aviso, y se les pedir\u00e1 que regresen m\u00e1s tarde, por lo que es importante la colaboraci\u00f3n de las personas para disminuir los riesgos de contagio<\/p>\n<p>Para asegurar el flujo correcto en los centros para la conservaci\u00f3n de las especies silvestres y evitar aglomeraciones se cre\u00f3 un\u00a0<strong>recorrido unidireccional <\/strong>dentro de cada <strong>zool\u00f3gico<\/strong>, por lo que algunas \u00e1reas permanecer\u00e1n cerradas.<\/p>\n<p>Fuente: Bolet\u00edn de prensa Secretar\u00eda del Medio Ambiente (Sedema) de la Ciudad de M\u00e9xico.<\/p>\n<p>&#8212;&#8212;&#8212;&#8212;&#8212;&#8212;&#8212;&#8212;&#8212;&#8212;&#8212;&#8212;&#8212;&#8212;&#8212;&#8212;&#8212;&#8212;&#8212;&#8212;<\/p>\n<h3>Si tienes una empresa y buscas contenidos sobre M\u00e9xico, nosotros los producimos. <a href=\"https:\/\/soclose.mx\/contactanos\/\" target=\"_blank\" rel=\"noopener\">Cont\u00e1ctanos aqu\u00ed.<\/a><\/h3>\n","protected":false},"excerpt":{"rendered":"<p>Los zool\u00f3gicos que volver\u00e1n a operar en la Ciudad de M\u00e9xico son: Chapultepec. San Juan de Arag\u00f3n. Los Coyotes. La Secretar\u00eda del Medio Ambiente (Sedema) de la Ciudad de M\u00e9xico, a trav\u00e9s de la Direcci\u00f3n General de Zool\u00f3gicos y Conservaci\u00f3n de la Fauna Silvestre, inform\u00f3 que este martes 9 de marzo reabrieron al p\u00fablico estos espacios. Los tres abrir\u00e1n al 30% de su capacidad y los zool\u00f3gicos de Chapultepec y San Juan de Arag\u00f3n operar\u00e1n en un horario de\u00a010:00 a 15:00 horas de martes a domingo y el de Los Coyotes de 6:00 a 15:00\u00a0horas de\u00a0lunes a domingo. Se deben<\/p>\n","protected":false},"author":1,"featured_media":5856,"comment_status":"open","ping_status":"open","sticky":false,"template":"","format":"standard","meta":{"_jetpack_memberships_contains_paid_content":false,"footnotes":""},"categories":[628],"tags":[411,399,742,741,740],"class_list":["post-5855","post","type-post","status-publish","format-standard","has-post-thumbnail","hentry","category-news-feed","tag-chapultepec","tag-ciudad-de-mexico","tag-los-coyotes","tag-san-juan-de-aragon","tag-zoologicos"],"yoast_head":"<!-- This site is optimized with the Yoast SEO plugin v26.7 - https:\/\/yoast.com\/wordpress\/plugins\/seo\/ -->\n<title>Reabren Zool\u00f3gicos de la Ciudad de M\u00e9xico - So Close<\/title>\n<meta name=\"robots\" content=\"index, follow, max-snippet:-1, max-image-preview:large, max-video-preview:-1\" \/>\n<link rel=\"canonical\" href=\"https:\/\/soclose.mx\/blog\/news-feed\/reabren-zoologicos-de-la-ciudad-de-mexico\/\" \/>\n<meta property=\"og:locale\" content=\"es_MX\" \/>\n<meta property=\"og:type\" content=\"article\" \/>\n<meta property=\"og:title\" content=\"Reabren Zool\u00f3gicos de la Ciudad de M\u00e9xico - So Close\" \/>\n<meta property=\"og:description\" content=\"Los zool\u00f3gicos que volver\u00e1n a operar en la Ciudad de M\u00e9xico son: Chapultepec. San Juan de Arag\u00f3n. Los Coyotes. La Secretar\u00eda del Medio Ambiente (Sedema) de la Ciudad de M\u00e9xico, a trav\u00e9s de la Direcci\u00f3n General de Zool\u00f3gicos y Conservaci\u00f3n de la Fauna Silvestre, inform\u00f3 que este martes 9 de marzo reabrieron al p\u00fablico estos espacios. Los tres abrir\u00e1n al 30% de su capacidad y los zool\u00f3gicos de Chapultepec y San Juan de Arag\u00f3n operar\u00e1n en un horario de\u00a010:00 a 15:00 horas de martes a domingo y el de Los Coyotes de 6:00 a 15:00\u00a0horas de\u00a0lunes a domingo. Se deben\" \/>\n<meta property=\"og:url\" content=\"https:\/\/soclose.mx\/blog\/news-feed\/reabren-zoologicos-de-la-ciudad-de-mexico\/\" \/>\n<meta property=\"og:site_name\" content=\"So Close\" \/>\n<meta property=\"article:published_time\" content=\"2021-03-10T00:52:39+00:00\" \/>\n<meta property=\"article:modified_time\" content=\"2021-03-10T00:54:25+00:00\" \/>\n<meta property=\"og:image\" content=\"https:\/\/i0.wp.com\/soclose.mx\/blog\/wp-content\/uploads\/2021\/03\/zoologicos.jpg?fit=1240%2C700&ssl=1\" \/>\n\t<meta property=\"og:image:width\" content=\"1240\" \/>\n\t<meta property=\"og:image:height\" content=\"700\" \/>\n\t<meta property=\"og:image:type\" content=\"image\/jpeg\" \/>\n<meta name=\"author\" content=\"So Close\" \/>\n<meta name=\"twitter:card\" content=\"summary_large_image\" \/>\n<meta name=\"twitter:label1\" content=\"Escrito por\" \/>\n\t<meta name=\"twitter:data1\" content=\"So Close\" \/>\n\t<meta name=\"twitter:label2\" content=\"Tiempo de lectura\" \/>\n\t<meta name=\"twitter:data2\" content=\"2 minutos\" \/>\n<script type=\"application\/ld+json\" class=\"yoast-schema-graph\">{\"@context\":\"https:\/\/schema.org\",\"@graph\":[{\"@type\":\"Article\",\"@id\":\"https:\/\/soclose.mx\/blog\/news-feed\/reabren-zoologicos-de-la-ciudad-de-mexico\/#article\",\"isPartOf\":{\"@id\":\"https:\/\/soclose.mx\/blog\/news-feed\/reabren-zoologicos-de-la-ciudad-de-mexico\/\"},\"author\":{\"name\":\"So Close\",\"@id\":\"https:\/\/soclose.mx\/blog\/#\/schema\/person\/723eb117ab965b55c3e56b5d29751667\"},\"headline\":\"Reabren Zool\u00f3gicos de la Ciudad de M\u00e9xico\",\"datePublished\":\"2021-03-10T00:52:39+00:00\",\"dateModified\":\"2021-03-10T00:54:25+00:00\",\"mainEntityOfPage\":{\"@id\":\"https:\/\/soclose.mx\/blog\/news-feed\/reabren-zoologicos-de-la-ciudad-de-mexico\/\"},\"wordCount\":331,\"commentCount\":0,\"publisher\":{\"@id\":\"https:\/\/soclose.mx\/blog\/#organization\"},\"image\":{\"@id\":\"https:\/\/soclose.mx\/blog\/news-feed\/reabren-zoologicos-de-la-ciudad-de-mexico\/#primaryimage\"},\"thumbnailUrl\":\"https:\/\/i0.wp.com\/soclose.mx\/blog\/wp-content\/uploads\/2021\/03\/zoologicos.jpg?fit=1240%2C700&ssl=1\",\"keywords\":[\"chapultepec\",\"ciudad de mexico\",\"los coyotes\",\"san juan de aragon\",\"zoologicos\"],\"articleSection\":[\"News feed\"],\"inLanguage\":\"es\",\"potentialAction\":[{\"@type\":\"CommentAction\",\"name\":\"Comment\",\"target\":[\"https:\/\/soclose.mx\/blog\/news-feed\/reabren-zoologicos-de-la-ciudad-de-mexico\/#respond\"]}]},{\"@type\":\"WebPage\",\"@id\":\"https:\/\/soclose.mx\/blog\/news-feed\/reabren-zoologicos-de-la-ciudad-de-mexico\/\",\"url\":\"https:\/\/soclose.mx\/blog\/news-feed\/reabren-zoologicos-de-la-ciudad-de-mexico\/\",\"name\":\"Reabren Zool\u00f3gicos de la Ciudad de M\u00e9xico - So Close\",\"isPartOf\":{\"@id\":\"https:\/\/soclose.mx\/blog\/#website\"},\"primaryImageOfPage\":{\"@id\":\"https:\/\/soclose.mx\/blog\/news-feed\/reabren-zoologicos-de-la-ciudad-de-mexico\/#primaryimage\"},\"image\":{\"@id\":\"https:\/\/soclose.mx\/blog\/news-feed\/reabren-zoologicos-de-la-ciudad-de-mexico\/#primaryimage\"},\"thumbnailUrl\":\"https:\/\/i0.wp.com\/soclose.mx\/blog\/wp-content\/uploads\/2021\/03\/zoologicos.jpg?fit=1240%2C700&ssl=1\",\"datePublished\":\"2021-03-10T00:52:39+00:00\",\"dateModified\":\"2021-03-10T00:54:25+00:00\",\"breadcrumb\":{\"@id\":\"https:\/\/soclose.mx\/blog\/news-feed\/reabren-zoologicos-de-la-ciudad-de-mexico\/#breadcrumb\"},\"inLanguage\":\"es\",\"potentialAction\":[{\"@type\":\"ReadAction\",\"target\":[\"https:\/\/soclose.mx\/blog\/news-feed\/reabren-zoologicos-de-la-ciudad-de-mexico\/\"]}]},{\"@type\":\"ImageObject\",\"inLanguage\":\"es\",\"@id\":\"https:\/\/soclose.mx\/blog\/news-feed\/reabren-zoologicos-de-la-ciudad-de-mexico\/#primaryimage\",\"url\":\"https:\/\/i0.wp.com\/soclose.mx\/blog\/wp-content\/uploads\/2021\/03\/zoologicos.jpg?fit=1240%2C700&ssl=1\",\"contentUrl\":\"https:\/\/i0.wp.com\/soclose.mx\/blog\/wp-content\/uploads\/2021\/03\/zoologicos.jpg?fit=1240%2C700&ssl=1\",\"width\":1240,\"height\":700},{\"@type\":\"BreadcrumbList\",\"@id\":\"https:\/\/soclose.mx\/blog\/news-feed\/reabren-zoologicos-de-la-ciudad-de-mexico\/#breadcrumb\",\"itemListElement\":[{\"@type\":\"ListItem\",\"position\":1,\"name\":\"Inicio\",\"item\":\"https:\/\/soclose.mx\/blog\/\"},{\"@type\":\"ListItem\",\"position\":2,\"name\":\"Reabren Zool\u00f3gicos de la Ciudad de M\u00e9xico\"}]},{\"@type\":\"WebSite\",\"@id\":\"https:\/\/soclose.mx\/blog\/#website\",\"url\":\"https:\/\/soclose.mx\/blog\/\",\"name\":\"So Close\",\"description\":\"Hacemos contenidos de M\u00e9xico\",\"publisher\":{\"@id\":\"https:\/\/soclose.mx\/blog\/#organization\"},\"potentialAction\":[{\"@type\":\"SearchAction\",\"target\":{\"@type\":\"EntryPoint\",\"urlTemplate\":\"https:\/\/soclose.mx\/blog\/?s={search_term_string}\"},\"query-input\":{\"@type\":\"PropertyValueSpecification\",\"valueRequired\":true,\"valueName\":\"search_term_string\"}}],\"inLanguage\":\"es\"},{\"@type\":\"Organization\",\"@id\":\"https:\/\/soclose.mx\/blog\/#organization\",\"name\":\"So Close\",\"url\":\"https:\/\/soclose.mx\/blog\/\",\"logo\":{\"@type\":\"ImageObject\",\"inLanguage\":\"es\",\"@id\":\"https:\/\/soclose.mx\/blog\/#\/schema\/logo\/image\/\",\"url\":\"https:\/\/i0.wp.com\/soclose.mx\/blog\/wp-content\/uploads\/2020\/12\/LOGO_SOCLOSE_COLOR-e1608310133507.png?fit=2858%2C1264&ssl=1\",\"contentUrl\":\"https:\/\/i0.wp.com\/soclose.mx\/blog\/wp-content\/uploads\/2020\/12\/LOGO_SOCLOSE_COLOR-e1608310133507.png?fit=2858%2C1264&ssl=1\",\"width\":2858,\"height\":1264,\"caption\":\"So Close\"},\"image\":{\"@id\":\"https:\/\/soclose.mx\/blog\/#\/schema\/logo\/image\/\"}},{\"@type\":\"Person\",\"@id\":\"https:\/\/soclose.mx\/blog\/#\/schema\/person\/723eb117ab965b55c3e56b5d29751667\",\"name\":\"So Close\",\"image\":{\"@type\":\"ImageObject\",\"inLanguage\":\"es\",\"@id\":\"https:\/\/soclose.mx\/blog\/#\/schema\/person\/image\/\",\"url\":\"https:\/\/secure.gravatar.com\/avatar\/5a1d1d694eaf6d2c28f450f0984cbb34821b92dc49c1d088c0250fbc6a48efec?s=96&d=mm&r=g\",\"contentUrl\":\"https:\/\/secure.gravatar.com\/avatar\/5a1d1d694eaf6d2c28f450f0984cbb34821b92dc49c1d088c0250fbc6a48efec?s=96&d=mm&r=g\",\"caption\":\"So Close\"},\"sameAs\":[\"http:\/\/www.soclose.mx\",\"https:\/\/www.youtube.com\/@soclosemx\"],\"url\":\"https:\/\/soclose.mx\/blog\/author\/admin\/\"}]}<\/script>\n<!-- \/ Yoast SEO plugin. -->","yoast_head_json":{"title":"Reabren Zool\u00f3gicos de la Ciudad de M\u00e9xico - So Close","robots":{"index":"index","follow":"follow","max-snippet":"max-snippet:-1","max-image-preview":"max-image-preview:large","max-video-preview":"max-video-preview:-1"},"canonical":"https:\/\/soclose.mx\/blog\/news-feed\/reabren-zoologicos-de-la-ciudad-de-mexico\/","og_locale":"es_MX","og_type":"article","og_title":"Reabren Zool\u00f3gicos de la Ciudad de M\u00e9xico - So Close","og_description":"Los zool\u00f3gicos que volver\u00e1n a operar en la Ciudad de M\u00e9xico son: Chapultepec. San Juan de Arag\u00f3n. Los Coyotes. La Secretar\u00eda del Medio Ambiente (Sedema) de la Ciudad de M\u00e9xico, a trav\u00e9s de la Direcci\u00f3n General de Zool\u00f3gicos y Conservaci\u00f3n de la Fauna Silvestre, inform\u00f3 que este martes 9 de marzo reabrieron al p\u00fablico estos espacios. Los tres abrir\u00e1n al 30% de su capacidad y los zool\u00f3gicos de Chapultepec y San Juan de Arag\u00f3n operar\u00e1n en un horario de\u00a010:00 a 15:00 horas de martes a domingo y el de Los Coyotes de 6:00 a 15:00\u00a0horas de\u00a0lunes a domingo. Se deben","og_url":"https:\/\/soclose.mx\/blog\/news-feed\/reabren-zoologicos-de-la-ciudad-de-mexico\/","og_site_name":"So Close","article_published_time":"2021-03-10T00:52:39+00:00","article_modified_time":"2021-03-10T00:54:25+00:00","og_image":[{"width":1240,"height":700,"url":"https:\/\/i0.wp.com\/soclose.mx\/blog\/wp-content\/uploads\/2021\/03\/zoologicos.jpg?fit=1240%2C700&ssl=1","type":"image\/jpeg"}],"author":"So Close","twitter_card":"summary_large_image","twitter_misc":{"Escrito por":"So Close","Tiempo de lectura":"2 minutos"},"schema":{"@context":"https:\/\/schema.org","@graph":[{"@type":"Article","@id":"https:\/\/soclose.mx\/blog\/news-feed\/reabren-zoologicos-de-la-ciudad-de-mexico\/#article","isPartOf":{"@id":"https:\/\/soclose.mx\/blog\/news-feed\/reabren-zoologicos-de-la-ciudad-de-mexico\/"},"author":{"name":"So Close","@id":"https:\/\/soclose.mx\/blog\/#\/schema\/person\/723eb117ab965b55c3e56b5d29751667"},"headline":"Reabren Zool\u00f3gicos de la Ciudad de M\u00e9xico","datePublished":"2021-03-10T00:52:39+00:00","dateModified":"2021-03-10T00:54:25+00:00","mainEntityOfPage":{"@id":"https:\/\/soclose.mx\/blog\/news-feed\/reabren-zoologicos-de-la-ciudad-de-mexico\/"},"wordCount":331,"commentCount":0,"publisher":{"@id":"https:\/\/soclose.mx\/blog\/#organization"},"image":{"@id":"https:\/\/soclose.mx\/blog\/news-feed\/reabren-zoologicos-de-la-ciudad-de-mexico\/#primaryimage"},"thumbnailUrl":"https:\/\/i0.wp.com\/soclose.mx\/blog\/wp-content\/uploads\/2021\/03\/zoologicos.jpg?fit=1240%2C700&ssl=1","keywords":["chapultepec","ciudad de mexico","los coyotes","san juan de aragon","zoologicos"],"articleSection":["News feed"],"inLanguage":"es","potentialAction":[{"@type":"CommentAction","name":"Comment","target":["https:\/\/soclose.mx\/blog\/news-feed\/reabren-zoologicos-de-la-ciudad-de-mexico\/#respond"]}]},{"@type":"WebPage","@id":"https:\/\/soclose.mx\/blog\/news-feed\/reabren-zoologicos-de-la-ciudad-de-mexico\/","url":"https:\/\/soclose.mx\/blog\/news-feed\/reabren-zoologicos-de-la-ciudad-de-mexico\/","name":"Reabren Zool\u00f3gicos de la Ciudad de M\u00e9xico - So Close","isPartOf":{"@id":"https:\/\/soclose.mx\/blog\/#website"},"primaryImageOfPage":{"@id":"https:\/\/soclose.mx\/blog\/news-feed\/reabren-zoologicos-de-la-ciudad-de-mexico\/#primaryimage"},"image":{"@id":"https:\/\/soclose.mx\/blog\/news-feed\/reabren-zoologicos-de-la-ciudad-de-mexico\/#primaryimage"},"thumbnailUrl":"https:\/\/i0.wp.com\/soclose.mx\/blog\/wp-content\/uploads\/2021\/03\/zoologicos.jpg?fit=1240%2C700&ssl=1","datePublished":"2021-03-10T00:52:39+00:00","dateModified":"2021-03-10T00:54:25+00:00","breadcrumb":{"@id":"https:\/\/soclose.mx\/blog\/news-feed\/reabren-zoologicos-de-la-ciudad-de-mexico\/#breadcrumb"},"inLanguage":"es","potentialAction":[{"@type":"ReadAction","target":["https:\/\/soclose.mx\/blog\/news-feed\/reabren-zoologicos-de-la-ciudad-de-mexico\/"]}]},{"@type":"ImageObject","inLanguage":"es","@id":"https:\/\/soclose.mx\/blog\/news-feed\/reabren-zoologicos-de-la-ciudad-de-mexico\/#primaryimage","url":"https:\/\/i0.wp.com\/soclose.mx\/blog\/wp-content\/uploads\/2021\/03\/zoologicos.jpg?fit=1240%2C700&ssl=1","contentUrl":"https:\/\/i0.wp.com\/soclose.mx\/blog\/wp-content\/uploads\/2021\/03\/zoologicos.jpg?fit=1240%2C700&ssl=1","width":1240,"height":700},{"@type":"BreadcrumbList","@id":"https:\/\/soclose.mx\/blog\/news-feed\/reabren-zoologicos-de-la-ciudad-de-mexico\/#breadcrumb","itemListElement":[{"@type":"ListItem","position":1,"name":"Inicio","item":"https:\/\/soclose.mx\/blog\/"},{"@type":"ListItem","position":2,"name":"Reabren Zool\u00f3gicos de la Ciudad de M\u00e9xico"}]},{"@type":"WebSite","@id":"https:\/\/soclose.mx\/blog\/#website","url":"https:\/\/soclose.mx\/blog\/","name":"So Close","description":"Hacemos contenidos de M\u00e9xico","publisher":{"@id":"https:\/\/soclose.mx\/blog\/#organization"},"potentialAction":[{"@type":"SearchAction","target":{"@type":"EntryPoint","urlTemplate":"https:\/\/soclose.mx\/blog\/?s={search_term_string}"},"query-input":{"@type":"PropertyValueSpecification","valueRequired":true,"valueName":"search_term_string"}}],"inLanguage":"es"},{"@type":"Organization","@id":"https:\/\/soclose.mx\/blog\/#organization","name":"So Close","url":"https:\/\/soclose.mx\/blog\/","logo":{"@type":"ImageObject","inLanguage":"es","@id":"https:\/\/soclose.mx\/blog\/#\/schema\/logo\/image\/","url":"https:\/\/i0.wp.com\/soclose.mx\/blog\/wp-content\/uploads\/2020\/12\/LOGO_SOCLOSE_COLOR-e1608310133507.png?fit=2858%2C1264&ssl=1","contentUrl":"https:\/\/i0.wp.com\/soclose.mx\/blog\/wp-content\/uploads\/2020\/12\/LOGO_SOCLOSE_COLOR-e1608310133507.png?fit=2858%2C1264&ssl=1","width":2858,"height":1264,"caption":"So Close"},"image":{"@id":"https:\/\/soclose.mx\/blog\/#\/schema\/logo\/image\/"}},{"@type":"Person","@id":"https:\/\/soclose.mx\/blog\/#\/schema\/person\/723eb117ab965b55c3e56b5d29751667","name":"So Close","image":{"@type":"ImageObject","inLanguage":"es","@id":"https:\/\/soclose.mx\/blog\/#\/schema\/person\/image\/","url":"https:\/\/secure.gravatar.com\/avatar\/5a1d1d694eaf6d2c28f450f0984cbb34821b92dc49c1d088c0250fbc6a48efec?s=96&d=mm&r=g","contentUrl":"https:\/\/secure.gravatar.com\/avatar\/5a1d1d694eaf6d2c28f450f0984cbb34821b92dc49c1d088c0250fbc6a48efec?s=96&d=mm&r=g","caption":"So Close"},"sameAs":["http:\/\/www.soclose.mx","https:\/\/www.youtube.com\/@soclosemx"],"url":"https:\/\/soclose.mx\/blog\/author\/admin\/"}]}},"jetpack_featured_media_url":"https:\/\/i0.wp.com\/soclose.mx\/blog\/wp-content\/uploads\/2021\/03\/zoologicos.jpg?fit=1240%2C700&ssl=1","jetpack-related-posts":[{"id":6273,"url":"https:\/\/soclose.mx\/blog\/ay-goeeee\/ella-es-adelita-la-jirafa-revolucionaria-del-zoologico-de-chapultepec\/","url_meta":{"origin":5855,"position":0},"title":"Ella es Adelita, la jirafa revolucionaria del Zool\u00f3gico de Chapultepec","author":"So Close","date":"22 junio, 2021","format":false,"excerpt":"\u201cAdelita\u201d\u00a0es el nombre que eligieron las y los usuarios de redes sociales para nombrar a la jirafa que naci\u00f3 el\u00a020 de noviembre de 2020\u00a0en el Zool\u00f3gico de Chapultepec, luego de una votaci\u00f3n virtual que dur\u00f3 casi cuatro meses. La Secretar\u00eda del Medio Ambiente (Sedema) de la Ciudad de M\u00e9xico detalla\u2026","rel":"","context":"En &quot;\u00a1Ay goeeee!&quot;","block_context":{"text":"\u00a1Ay goeeee!","link":"https:\/\/soclose.mx\/blog\/category\/ay-goeeee\/"},"img":{"alt_text":"","src":"https:\/\/i0.wp.com\/soclose.mx\/blog\/wp-content\/uploads\/2021\/06\/adelita-jirafa-chapultepec.jpeg?fit=1200%2C677&ssl=1&resize=350%2C200","width":350,"height":200,"srcset":"https:\/\/i0.wp.com\/soclose.mx\/blog\/wp-content\/uploads\/2021\/06\/adelita-jirafa-chapultepec.jpeg?fit=1200%2C677&ssl=1&resize=350%2C200 1x, https:\/\/i0.wp.com\/soclose.mx\/blog\/wp-content\/uploads\/2021\/06\/adelita-jirafa-chapultepec.jpeg?fit=1200%2C677&ssl=1&resize=525%2C300 1.5x, https:\/\/i0.wp.com\/soclose.mx\/blog\/wp-content\/uploads\/2021\/06\/adelita-jirafa-chapultepec.jpeg?fit=1200%2C677&ssl=1&resize=700%2C400 2x, https:\/\/i0.wp.com\/soclose.mx\/blog\/wp-content\/uploads\/2021\/06\/adelita-jirafa-chapultepec.jpeg?fit=1200%2C677&ssl=1&resize=1050%2C600 3x"},"classes":[]},{"id":6268,"url":"https:\/\/soclose.mx\/blog\/news-feed\/ponle-nombre-a-estos-lobitos-de-chapultepec-vota-aqui\/","url_meta":{"origin":5855,"position":1},"title":"Ponle nombre a estos lobitos de Chapultepec | Vota Aqu\u00ed","author":"So Close","date":"21 junio, 2021","format":false,"excerpt":"La Secretar\u00eda del Medio Ambiente (Sedema) de la Ciudad de M\u00e9xico invita a la ciudadan\u00eda a elegir el nombre de los cincos cachorros de lobo mexicano nacidos el pasado 24 de abril, en el Zool\u00f3gico de Chapultepec. La votaci\u00f3n estar\u00e1 habilitada hasta el pr\u00f3ximo 15 de agosto en el link:\u2026","rel":"","context":"En &quot;News feed&quot;","block_context":{"text":"News feed","link":"https:\/\/soclose.mx\/blog\/category\/news-feed\/"},"img":{"alt_text":"","src":"https:\/\/i0.wp.com\/soclose.mx\/blog\/wp-content\/uploads\/2021\/06\/lobos-de-chapultepec.jpeg?fit=1200%2C677&ssl=1&resize=350%2C200","width":350,"height":200,"srcset":"https:\/\/i0.wp.com\/soclose.mx\/blog\/wp-content\/uploads\/2021\/06\/lobos-de-chapultepec.jpeg?fit=1200%2C677&ssl=1&resize=350%2C200 1x, https:\/\/i0.wp.com\/soclose.mx\/blog\/wp-content\/uploads\/2021\/06\/lobos-de-chapultepec.jpeg?fit=1200%2C677&ssl=1&resize=525%2C300 1.5x, https:\/\/i0.wp.com\/soclose.mx\/blog\/wp-content\/uploads\/2021\/06\/lobos-de-chapultepec.jpeg?fit=1200%2C677&ssl=1&resize=700%2C400 2x, https:\/\/i0.wp.com\/soclose.mx\/blog\/wp-content\/uploads\/2021\/06\/lobos-de-chapultepec.jpeg?fit=1200%2C677&ssl=1&resize=1050%2C600 3x"},"classes":[]},{"id":6464,"url":"https:\/\/soclose.mx\/blog\/news-feed\/celebra-zoologico-de-chapultepec-98-anos-de-historia\/","url_meta":{"origin":5855,"position":2},"title":"Celebra Zool\u00f3gico de Chapultepec 98 a\u00f1os de historia","author":"So Close","date":"6 julio, 2021","format":false,"excerpt":"Con el nacimiento de 46 ejemplares registrados de enero a mayo de este 2021, la Direcci\u00f3n General de Zool\u00f3gicos y Conservaci\u00f3n de la Fauna Silvestre celebr\u00f3 este 6 de julio el 98 aniversario del Zool\u00f3gico de Chapultepec. A lo largo de estos 98 a\u00f1os, el Zool\u00f3gico de Chapultepec ha sido\u2026","rel":"","context":"En &quot;News feed&quot;","block_context":{"text":"News feed","link":"https:\/\/soclose.mx\/blog\/category\/news-feed\/"},"img":{"alt_text":"","src":"https:\/\/i0.wp.com\/soclose.mx\/blog\/wp-content\/uploads\/2021\/07\/panda.jpeg?fit=1200%2C677&ssl=1&resize=350%2C200","width":350,"height":200,"srcset":"https:\/\/i0.wp.com\/soclose.mx\/blog\/wp-content\/uploads\/2021\/07\/panda.jpeg?fit=1200%2C677&ssl=1&resize=350%2C200 1x, https:\/\/i0.wp.com\/soclose.mx\/blog\/wp-content\/uploads\/2021\/07\/panda.jpeg?fit=1200%2C677&ssl=1&resize=525%2C300 1.5x, https:\/\/i0.wp.com\/soclose.mx\/blog\/wp-content\/uploads\/2021\/07\/panda.jpeg?fit=1200%2C677&ssl=1&resize=700%2C400 2x, https:\/\/i0.wp.com\/soclose.mx\/blog\/wp-content\/uploads\/2021\/07\/panda.jpeg?fit=1200%2C677&ssl=1&resize=1050%2C600 3x"},"classes":[]},{"id":6369,"url":"https:\/\/soclose.mx\/blog\/news-feed\/nacen-en-chapultepec-dos-polluelos-de-condor-de-california-especie-en-grave-peligro-de-extincion\/","url_meta":{"origin":5855,"position":3},"title":"Nacen, en Chapultepec, dos polluelos de C\u00f3ndor de California, especie en grave peligro de extinci\u00f3n","author":"So Close","date":"1 julio, 2021","format":false,"excerpt":"La Secretar\u00eda del Medio Ambiente (Sedema) de la Ciudad de M\u00e9xico inform\u00f3 el nacimiento de\u00a0dos cr\u00edas C\u00f3ndor de California en el Zool\u00f3gico de Chapultepec. Se trata del octavo y noveno C\u00f3ndor de California que han nacido en el\u00a0Zool\u00f3gico de Chapultepec, resultado del programa de reproducci\u00f3n ex situ (fuera de su\u2026","rel":"","context":"En &quot;News feed&quot;","block_context":{"text":"News feed","link":"https:\/\/soclose.mx\/blog\/category\/news-feed\/"},"img":{"alt_text":"","src":"https:\/\/i0.wp.com\/soclose.mx\/blog\/wp-content\/uploads\/2021\/07\/condor-de-california.jpg?fit=1200%2C677&ssl=1&resize=350%2C200","width":350,"height":200,"srcset":"https:\/\/i0.wp.com\/soclose.mx\/blog\/wp-content\/uploads\/2021\/07\/condor-de-california.jpg?fit=1200%2C677&ssl=1&resize=350%2C200 1x, https:\/\/i0.wp.com\/soclose.mx\/blog\/wp-content\/uploads\/2021\/07\/condor-de-california.jpg?fit=1200%2C677&ssl=1&resize=525%2C300 1.5x, https:\/\/i0.wp.com\/soclose.mx\/blog\/wp-content\/uploads\/2021\/07\/condor-de-california.jpg?fit=1200%2C677&ssl=1&resize=700%2C400 2x, https:\/\/i0.wp.com\/soclose.mx\/blog\/wp-content\/uploads\/2021\/07\/condor-de-california.jpg?fit=1200%2C677&ssl=1&resize=1050%2C600 3x"},"classes":[]},{"id":6245,"url":"https:\/\/soclose.mx\/blog\/news-feed\/videos-la-vida-continua-nacimiento-y-primeros-aullidos-de-lobos-mexicanos-nacidos-en-el-bosque-de-chapultepec\/","url_meta":{"origin":5855,"position":4},"title":"VIDEOS | \u00a1La vida contin\u00faa! nacimiento y primeros aullidos de lobos mexicanos nacidos en el Bosque de Chapultepec","author":"So Close","date":"17 junio, 2021","format":false,"excerpt":"En abril de este 2021 nacieron cinco cachorros de lobo mexicano en el Bosque de Chapultepec y su nacimiento fue registrado mediante con un sistema de monitoreo instalado en la madriguera ubicada dentro del albergue de esta especie. Los padres de esta nueva camada de lobos mexicanos son \u201cSeje\u201d, una\u2026","rel":"","context":"En &quot;News feed&quot;","block_context":{"text":"News feed","link":"https:\/\/soclose.mx\/blog\/category\/news-feed\/"},"img":{"alt_text":"","src":"https:\/\/i0.wp.com\/soclose.mx\/blog\/wp-content\/uploads\/2021\/06\/lobomexicano-en-bosque-de-chapultepec.jpeg?fit=1200%2C677&ssl=1&resize=350%2C200","width":350,"height":200,"srcset":"https:\/\/i0.wp.com\/soclose.mx\/blog\/wp-content\/uploads\/2021\/06\/lobomexicano-en-bosque-de-chapultepec.jpeg?fit=1200%2C677&ssl=1&resize=350%2C200 1x, https:\/\/i0.wp.com\/soclose.mx\/blog\/wp-content\/uploads\/2021\/06\/lobomexicano-en-bosque-de-chapultepec.jpeg?fit=1200%2C677&ssl=1&resize=525%2C300 1.5x, https:\/\/i0.wp.com\/soclose.mx\/blog\/wp-content\/uploads\/2021\/06\/lobomexicano-en-bosque-de-chapultepec.jpeg?fit=1200%2C677&ssl=1&resize=700%2C400 2x, https:\/\/i0.wp.com\/soclose.mx\/blog\/wp-content\/uploads\/2021\/06\/lobomexicano-en-bosque-de-chapultepec.jpeg?fit=1200%2C677&ssl=1&resize=1050%2C600 3x"},"classes":[]},{"id":9984,"url":"https:\/\/soclose.mx\/blog\/news-feed\/vuelve-el-iconico-trenecito-del-bosque-de-chapultepec\/","url_meta":{"origin":5855,"position":5},"title":"El Trenecito, de m\u00e1s de un siglo, regresa a Chapultepec","author":"Daniel Ram\u00edrez","date":"26 mayo, 2022","format":false,"excerpt":"\u00a1Justo en nuestra infancia! Cu\u00e1ntos domingos, cu\u00e1ntos fines de semana pasamos en familia en Chapultepec montados en el incre\u00edble trenecito que recorr\u00eda el bosque. Ese transporte fue una tradici\u00f3n en los paseos por Chapultepec hasta que en 2006 se decidi\u00f3 detener su operaci\u00f3n por falta de presupuesto. Pero \"oh, Dios,\u2026","rel":"","context":"En &quot;News feed&quot;","block_context":{"text":"News feed","link":"https:\/\/soclose.mx\/blog\/category\/news-feed\/"},"img":{"alt_text":"","src":"https:\/\/i0.wp.com\/soclose.mx\/blog\/wp-content\/uploads\/2022\/05\/chapu.jpg?fit=1080%2C720&ssl=1&resize=350%2C200","width":350,"height":200,"srcset":"https:\/\/i0.wp.com\/soclose.mx\/blog\/wp-content\/uploads\/2022\/05\/chapu.jpg?fit=1080%2C720&ssl=1&resize=350%2C200 1x, https:\/\/i0.wp.com\/soclose.mx\/blog\/wp-content\/uploads\/2022\/05\/chapu.jpg?fit=1080%2C720&ssl=1&resize=525%2C300 1.5x, https:\/\/i0.wp.com\/soclose.mx\/blog\/wp-content\/uploads\/2022\/05\/chapu.jpg?fit=1080%2C720&ssl=1&resize=700%2C400 2x, https:\/\/i0.wp.com\/soclose.mx\/blog\/wp-content\/uploads\/2022\/05\/chapu.jpg?fit=1080%2C720&ssl=1&resize=1050%2C600 3x"},"classes":[]}],"jetpack_sharing_enabled":true,"_links":{"self":[{"href":"https:\/\/soclose.mx\/blog\/wp-json\/wp\/v2\/posts\/5855","targetHints":{"allow":["GET"]}}],"collection":[{"href":"https:\/\/soclose.mx\/blog\/wp-json\/wp\/v2\/posts"}],"about":[{"href":"https:\/\/soclose.mx\/blog\/wp-json\/wp\/v2\/types\/post"}],"author":[{"embeddable":true,"href":"https:\/\/soclose.mx\/blog\/wp-json\/wp\/v2\/users\/1"}],"replies":[{"embeddable":true,"href":"https:\/\/soclose.mx\/blog\/wp-json\/wp\/v2\/comments?post=5855"}],"version-history":[{"count":0,"href":"https:\/\/soclose.mx\/blog\/wp-json\/wp\/v2\/posts\/5855\/revisions"}],"wp:featuredmedia":[{"embeddable":true,"href":"https:\/\/soclose.mx\/blog\/wp-json\/wp\/v2\/media\/5856"}],"wp:attachment":[{"href":"https:\/\/soclose.mx\/blog\/wp-json\/wp\/v2\/media?parent=5855"}],"wp:term":[{"taxonomy":"category","embeddable":true,"href":"https:\/\/soclose.mx\/blog\/wp-json\/wp\/v2\/categories?post=5855"},{"taxonomy":"post_tag","embeddable":true,"href":"https:\/\/soclose.mx\/blog\/wp-json\/wp\/v2\/tags?post=5855"}],"curies":[{"name":"wp","href":"https:\/\/api.w.org\/{rel}","templated":true}]}}