{"id":5893,"date":"2021-04-01T19:45:05","date_gmt":"2021-04-02T01:45:05","guid":{"rendered":"https:\/\/soclose.mx\/blog\/?p=5893"},"modified":"2021-04-01T20:01:48","modified_gmt":"2021-04-02T02:01:48","slug":"video-las-prendas-mayas-que-visten-a-yucatan","status":"publish","type":"post","link":"https:\/\/soclose.mx\/blog\/ay-goeeee\/video-las-prendas-mayas-que-visten-a-yucatan\/","title":{"rendered":"Video | Las prendas mayas que visten a Yucat\u00e1n"},"content":{"rendered":"<p>En los <a href=\"https:\/\/soclose.mx\/blog\/paises-del-mundo-maya-le-muestran-al-planeta-lo-que-tienen\/\" target=\"_blank\" rel=\"noopener\"><strong>mayas<\/strong><\/a> de la <strong>pen\u00ednsula de Yucat\u00e1n<\/strong>\u00a0el <strong>hipil<\/strong> se mantiene desde la segunda mitad del siglo XIX hasta principios del XX, indica Claudia Vanegas, doctora en historia por la UNAM.<\/p>\n<p>Pero no solo eso, en <a href=\"https:\/\/soclose.mx\/blog\/que-es-un-pueblo-magico-en-mexico\/\" target=\"_blank\" rel=\"noopener\"><strong>Yucat\u00e1n<\/strong><\/a> existen diversas prendas que forman parte de su identidad:<\/p>\n<p>El <strong>fust\u00e1n: <\/strong>enagua blanca de cintura, llega hasta los pies y est\u00e1 adornada con encajes en su parte inferior.<\/p>\n<p>El <strong>hipil:<\/strong> se usaba en el siglo XIX, es un vestido blanco que llega a media pierna y su parte inferior est\u00e1 bordada con muchos colores; se coloca sobre el fust\u00e1n.<\/p>\n<p>El <strong>jub\u00f3n:<\/strong> pieza de escote cuadrado, tambi\u00e9n con bordados, que va sobre el <strong>hipil.<\/strong><\/p>\n<p>El <strong>enredo<\/strong>, en la \u00e9poca prehisp\u00e1nica cubr\u00eda la parte inferior del cuerpo, mientras el torso permanec\u00eda desnudo.<\/p>\n<p>De acuerdo con Claudia Vanegas, el <strong>enredo,<\/strong> junto con enaguas y faldas era usado como \u00fanica prenda de vestir en algunas zonas de <strong>Yucat\u00e1n<\/strong> o en privado. En la calle se llevaba con el <strong>hipil<\/strong> encima.<\/p>\n<p>El <strong>uit<\/strong>, seg\u00fan dibujos y descripciones de cronistas de la \u00e9poca, es una tira de manta que se ci\u00f1e a la cintura.<\/p>\n<p>Actualmente se observan mujeres de entre 50 y 70 a\u00f1os usando <strong>hipiles <\/strong>con\u00a0 modificaciones en comparaci\u00f3n con los del siglo XIX.<\/p>\n<p>Si quieres saber m\u00e1s de estas hermosas prendas de <strong>Yucat\u00e1n<\/strong>, te dejamos este art\u00edculo:<\/p>\n<p><iframe loading=\"lazy\" title=\"YouTube video player\" src=\"https:\/\/www.youtube.com\/embed\/XQA0l7O5fKY\" width=\"560\" height=\"315\" frameborder=\"0\" allowfullscreen=\"allowfullscreen\"><\/iframe><\/p>\n<p>Fuente: <a href=\"https:\/\/www.gaceta.unam.mx\/el-hipil\/?fbclid=IwAR3am14ITzo6ScGqPWHViJf9gy0g9VDUiZn1xgB-cdPsymw3pbIw5ECcT9o\" target=\"_blank\" rel=\"noopener\"><strong>UNAM<\/strong><\/a><\/p>\n","protected":false},"excerpt":{"rendered":"<p>En los mayas de la pen\u00ednsula de Yucat\u00e1n\u00a0el hipil se mantiene desde la segunda mitad del siglo XIX hasta principios del XX, indica Claudia Vanegas, doctora en historia por la UNAM. Pero no solo eso, en Yucat\u00e1n existen diversas prendas que forman parte de su identidad: El fust\u00e1n: enagua blanca de cintura, llega hasta los pies y est\u00e1 adornada con encajes en su parte inferior. El hipil: se usaba en el siglo XIX, es un vestido blanco que llega a media pierna y su parte inferior est\u00e1 bordada con muchos colores; se coloca sobre el fust\u00e1n. El jub\u00f3n: pieza de<\/p>\n","protected":false},"author":1,"featured_media":5899,"comment_status":"open","ping_status":"open","sticky":false,"template":"","format":"standard","meta":{"_jetpack_memberships_contains_paid_content":false,"footnotes":""},"categories":[1],"tags":[772,770,769,771,90,775,774,773,633],"class_list":["post-5893","post","type-post","status-publish","format-standard","has-post-thumbnail","hentry","category-ay-goeeee","tag-enredo","tag-fustan","tag-hipil","tag-jubon","tag-maya","tag-mayas","tag-prendas","tag-uit","tag-yucatan"],"yoast_head":"<!-- This site is optimized with the Yoast SEO plugin v26.7 - https:\/\/yoast.com\/wordpress\/plugins\/seo\/ -->\n<title>Video | Las prendas mayas que visten a Yucat\u00e1n - So Close<\/title>\n<meta name=\"description\" content=\"En los mayas de la pen\u00ednsula de Yucat\u00e1n\u00a0el hipil se mantiene desde la segunda mitad del siglo XIX hasta principios del XX.\" \/>\n<meta name=\"robots\" content=\"index, follow, max-snippet:-1, max-image-preview:large, max-video-preview:-1\" \/>\n<link rel=\"canonical\" href=\"https:\/\/soclose.mx\/blog\/ay-goeeee\/video-las-prendas-mayas-que-visten-a-yucatan\/\" \/>\n<meta property=\"og:locale\" content=\"es_MX\" \/>\n<meta property=\"og:type\" content=\"article\" \/>\n<meta property=\"og:title\" content=\"Video | Las prendas mayas que visten a Yucat\u00e1n - So Close\" \/>\n<meta property=\"og:description\" content=\"En los mayas de la pen\u00ednsula de Yucat\u00e1n\u00a0el hipil se mantiene desde la segunda mitad del siglo XIX hasta principios del XX.\" \/>\n<meta property=\"og:url\" content=\"https:\/\/soclose.mx\/blog\/ay-goeeee\/video-las-prendas-mayas-que-visten-a-yucatan\/\" \/>\n<meta property=\"og:site_name\" content=\"So Close\" \/>\n<meta property=\"article:published_time\" content=\"2021-04-02T01:45:05+00:00\" \/>\n<meta property=\"article:modified_time\" content=\"2021-04-02T02:01:48+00:00\" \/>\n<meta property=\"og:image\" content=\"https:\/\/soclose.mx\/blog\/wp-content\/uploads\/2021\/04\/hipil-prenda-de-yucatan-1.jpeg\" \/>\n\t<meta property=\"og:image:width\" content=\"1240\" \/>\n\t<meta property=\"og:image:height\" content=\"700\" \/>\n\t<meta property=\"og:image:type\" content=\"image\/jpeg\" \/>\n<meta name=\"author\" content=\"So Close\" \/>\n<meta name=\"twitter:card\" content=\"summary_large_image\" \/>\n<meta name=\"twitter:label1\" content=\"Escrito por\" \/>\n\t<meta name=\"twitter:data1\" content=\"So Close\" \/>\n\t<meta name=\"twitter:label2\" content=\"Tiempo de lectura\" \/>\n\t<meta name=\"twitter:data2\" content=\"1 minuto\" \/>\n<script type=\"application\/ld+json\" class=\"yoast-schema-graph\">{\"@context\":\"https:\/\/schema.org\",\"@graph\":[{\"@type\":\"Article\",\"@id\":\"https:\/\/soclose.mx\/blog\/ay-goeeee\/video-las-prendas-mayas-que-visten-a-yucatan\/#article\",\"isPartOf\":{\"@id\":\"https:\/\/soclose.mx\/blog\/ay-goeeee\/video-las-prendas-mayas-que-visten-a-yucatan\/\"},\"author\":{\"name\":\"So Close\",\"@id\":\"https:\/\/soclose.mx\/blog\/#\/schema\/person\/723eb117ab965b55c3e56b5d29751667\"},\"headline\":\"Video | Las prendas mayas que visten a Yucat\u00e1n\",\"datePublished\":\"2021-04-02T01:45:05+00:00\",\"dateModified\":\"2021-04-02T02:01:48+00:00\",\"mainEntityOfPage\":{\"@id\":\"https:\/\/soclose.mx\/blog\/ay-goeeee\/video-las-prendas-mayas-que-visten-a-yucatan\/\"},\"wordCount\":248,\"commentCount\":0,\"publisher\":{\"@id\":\"https:\/\/soclose.mx\/blog\/#organization\"},\"image\":{\"@id\":\"https:\/\/soclose.mx\/blog\/ay-goeeee\/video-las-prendas-mayas-que-visten-a-yucatan\/#primaryimage\"},\"thumbnailUrl\":\"https:\/\/i0.wp.com\/soclose.mx\/blog\/wp-content\/uploads\/2021\/04\/hipil-prenda-de-yucatan-1.jpeg?fit=1240%2C700&ssl=1\",\"keywords\":[\"enredo\",\"fust\u00e1n\",\"hipil\",\"jub\u00f3n\",\"maya\",\"mayas\",\"prendas\",\"uit\",\"yucatan\"],\"articleSection\":[\"\u00a1Ay goeeee!\"],\"inLanguage\":\"es\",\"potentialAction\":[{\"@type\":\"CommentAction\",\"name\":\"Comment\",\"target\":[\"https:\/\/soclose.mx\/blog\/ay-goeeee\/video-las-prendas-mayas-que-visten-a-yucatan\/#respond\"]}]},{\"@type\":\"WebPage\",\"@id\":\"https:\/\/soclose.mx\/blog\/ay-goeeee\/video-las-prendas-mayas-que-visten-a-yucatan\/\",\"url\":\"https:\/\/soclose.mx\/blog\/ay-goeeee\/video-las-prendas-mayas-que-visten-a-yucatan\/\",\"name\":\"Video | Las prendas mayas que visten a Yucat\u00e1n - So Close\",\"isPartOf\":{\"@id\":\"https:\/\/soclose.mx\/blog\/#website\"},\"primaryImageOfPage\":{\"@id\":\"https:\/\/soclose.mx\/blog\/ay-goeeee\/video-las-prendas-mayas-que-visten-a-yucatan\/#primaryimage\"},\"image\":{\"@id\":\"https:\/\/soclose.mx\/blog\/ay-goeeee\/video-las-prendas-mayas-que-visten-a-yucatan\/#primaryimage\"},\"thumbnailUrl\":\"https:\/\/i0.wp.com\/soclose.mx\/blog\/wp-content\/uploads\/2021\/04\/hipil-prenda-de-yucatan-1.jpeg?fit=1240%2C700&ssl=1\",\"datePublished\":\"2021-04-02T01:45:05+00:00\",\"dateModified\":\"2021-04-02T02:01:48+00:00\",\"description\":\"En los mayas de la pen\u00ednsula de Yucat\u00e1n\u00a0el hipil se mantiene desde la segunda mitad del siglo XIX hasta principios del XX.\",\"breadcrumb\":{\"@id\":\"https:\/\/soclose.mx\/blog\/ay-goeeee\/video-las-prendas-mayas-que-visten-a-yucatan\/#breadcrumb\"},\"inLanguage\":\"es\",\"potentialAction\":[{\"@type\":\"ReadAction\",\"target\":[\"https:\/\/soclose.mx\/blog\/ay-goeeee\/video-las-prendas-mayas-que-visten-a-yucatan\/\"]}]},{\"@type\":\"ImageObject\",\"inLanguage\":\"es\",\"@id\":\"https:\/\/soclose.mx\/blog\/ay-goeeee\/video-las-prendas-mayas-que-visten-a-yucatan\/#primaryimage\",\"url\":\"https:\/\/i0.wp.com\/soclose.mx\/blog\/wp-content\/uploads\/2021\/04\/hipil-prenda-de-yucatan-1.jpeg?fit=1240%2C700&ssl=1\",\"contentUrl\":\"https:\/\/i0.wp.com\/soclose.mx\/blog\/wp-content\/uploads\/2021\/04\/hipil-prenda-de-yucatan-1.jpeg?fit=1240%2C700&ssl=1\",\"width\":1240,\"height\":700,\"caption\":\"Hipil prenda de Yucat\u00e1n\"},{\"@type\":\"BreadcrumbList\",\"@id\":\"https:\/\/soclose.mx\/blog\/ay-goeeee\/video-las-prendas-mayas-que-visten-a-yucatan\/#breadcrumb\",\"itemListElement\":[{\"@type\":\"ListItem\",\"position\":1,\"name\":\"Inicio\",\"item\":\"https:\/\/soclose.mx\/blog\/\"},{\"@type\":\"ListItem\",\"position\":2,\"name\":\"Video | Las prendas mayas que visten a Yucat\u00e1n\"}]},{\"@type\":\"WebSite\",\"@id\":\"https:\/\/soclose.mx\/blog\/#website\",\"url\":\"https:\/\/soclose.mx\/blog\/\",\"name\":\"So Close\",\"description\":\"Hacemos contenidos de M\u00e9xico\",\"publisher\":{\"@id\":\"https:\/\/soclose.mx\/blog\/#organization\"},\"potentialAction\":[{\"@type\":\"SearchAction\",\"target\":{\"@type\":\"EntryPoint\",\"urlTemplate\":\"https:\/\/soclose.mx\/blog\/?s={search_term_string}\"},\"query-input\":{\"@type\":\"PropertyValueSpecification\",\"valueRequired\":true,\"valueName\":\"search_term_string\"}}],\"inLanguage\":\"es\"},{\"@type\":\"Organization\",\"@id\":\"https:\/\/soclose.mx\/blog\/#organization\",\"name\":\"So Close\",\"url\":\"https:\/\/soclose.mx\/blog\/\",\"logo\":{\"@type\":\"ImageObject\",\"inLanguage\":\"es\",\"@id\":\"https:\/\/soclose.mx\/blog\/#\/schema\/logo\/image\/\",\"url\":\"https:\/\/i0.wp.com\/soclose.mx\/blog\/wp-content\/uploads\/2020\/12\/LOGO_SOCLOSE_COLOR-e1608310133507.png?fit=2858%2C1264&ssl=1\",\"contentUrl\":\"https:\/\/i0.wp.com\/soclose.mx\/blog\/wp-content\/uploads\/2020\/12\/LOGO_SOCLOSE_COLOR-e1608310133507.png?fit=2858%2C1264&ssl=1\",\"width\":2858,\"height\":1264,\"caption\":\"So Close\"},\"image\":{\"@id\":\"https:\/\/soclose.mx\/blog\/#\/schema\/logo\/image\/\"}},{\"@type\":\"Person\",\"@id\":\"https:\/\/soclose.mx\/blog\/#\/schema\/person\/723eb117ab965b55c3e56b5d29751667\",\"name\":\"So Close\",\"image\":{\"@type\":\"ImageObject\",\"inLanguage\":\"es\",\"@id\":\"https:\/\/soclose.mx\/blog\/#\/schema\/person\/image\/\",\"url\":\"https:\/\/secure.gravatar.com\/avatar\/5a1d1d694eaf6d2c28f450f0984cbb34821b92dc49c1d088c0250fbc6a48efec?s=96&d=mm&r=g\",\"contentUrl\":\"https:\/\/secure.gravatar.com\/avatar\/5a1d1d694eaf6d2c28f450f0984cbb34821b92dc49c1d088c0250fbc6a48efec?s=96&d=mm&r=g\",\"caption\":\"So Close\"},\"sameAs\":[\"http:\/\/www.soclose.mx\",\"https:\/\/www.youtube.com\/@soclosemx\"],\"url\":\"https:\/\/soclose.mx\/blog\/author\/admin\/\"}]}<\/script>\n<!-- \/ Yoast SEO plugin. -->","yoast_head_json":{"title":"Video | Las prendas mayas que visten a Yucat\u00e1n - So Close","description":"En los mayas de la pen\u00ednsula de Yucat\u00e1n\u00a0el hipil se mantiene desde la segunda mitad del siglo XIX hasta principios del XX.","robots":{"index":"index","follow":"follow","max-snippet":"max-snippet:-1","max-image-preview":"max-image-preview:large","max-video-preview":"max-video-preview:-1"},"canonical":"https:\/\/soclose.mx\/blog\/ay-goeeee\/video-las-prendas-mayas-que-visten-a-yucatan\/","og_locale":"es_MX","og_type":"article","og_title":"Video | Las prendas mayas que visten a Yucat\u00e1n - So Close","og_description":"En los mayas de la pen\u00ednsula de Yucat\u00e1n\u00a0el hipil se mantiene desde la segunda mitad del siglo XIX hasta principios del XX.","og_url":"https:\/\/soclose.mx\/blog\/ay-goeeee\/video-las-prendas-mayas-que-visten-a-yucatan\/","og_site_name":"So Close","article_published_time":"2021-04-02T01:45:05+00:00","article_modified_time":"2021-04-02T02:01:48+00:00","og_image":[{"width":1240,"height":700,"url":"https:\/\/soclose.mx\/blog\/wp-content\/uploads\/2021\/04\/hipil-prenda-de-yucatan-1.jpeg","type":"image\/jpeg"}],"author":"So Close","twitter_card":"summary_large_image","twitter_misc":{"Escrito por":"So Close","Tiempo de lectura":"1 minuto"},"schema":{"@context":"https:\/\/schema.org","@graph":[{"@type":"Article","@id":"https:\/\/soclose.mx\/blog\/ay-goeeee\/video-las-prendas-mayas-que-visten-a-yucatan\/#article","isPartOf":{"@id":"https:\/\/soclose.mx\/blog\/ay-goeeee\/video-las-prendas-mayas-que-visten-a-yucatan\/"},"author":{"name":"So Close","@id":"https:\/\/soclose.mx\/blog\/#\/schema\/person\/723eb117ab965b55c3e56b5d29751667"},"headline":"Video | Las prendas mayas que visten a Yucat\u00e1n","datePublished":"2021-04-02T01:45:05+00:00","dateModified":"2021-04-02T02:01:48+00:00","mainEntityOfPage":{"@id":"https:\/\/soclose.mx\/blog\/ay-goeeee\/video-las-prendas-mayas-que-visten-a-yucatan\/"},"wordCount":248,"commentCount":0,"publisher":{"@id":"https:\/\/soclose.mx\/blog\/#organization"},"image":{"@id":"https:\/\/soclose.mx\/blog\/ay-goeeee\/video-las-prendas-mayas-que-visten-a-yucatan\/#primaryimage"},"thumbnailUrl":"https:\/\/i0.wp.com\/soclose.mx\/blog\/wp-content\/uploads\/2021\/04\/hipil-prenda-de-yucatan-1.jpeg?fit=1240%2C700&ssl=1","keywords":["enredo","fust\u00e1n","hipil","jub\u00f3n","maya","mayas","prendas","uit","yucatan"],"articleSection":["\u00a1Ay goeeee!"],"inLanguage":"es","potentialAction":[{"@type":"CommentAction","name":"Comment","target":["https:\/\/soclose.mx\/blog\/ay-goeeee\/video-las-prendas-mayas-que-visten-a-yucatan\/#respond"]}]},{"@type":"WebPage","@id":"https:\/\/soclose.mx\/blog\/ay-goeeee\/video-las-prendas-mayas-que-visten-a-yucatan\/","url":"https:\/\/soclose.mx\/blog\/ay-goeeee\/video-las-prendas-mayas-que-visten-a-yucatan\/","name":"Video | Las prendas mayas que visten a Yucat\u00e1n - So Close","isPartOf":{"@id":"https:\/\/soclose.mx\/blog\/#website"},"primaryImageOfPage":{"@id":"https:\/\/soclose.mx\/blog\/ay-goeeee\/video-las-prendas-mayas-que-visten-a-yucatan\/#primaryimage"},"image":{"@id":"https:\/\/soclose.mx\/blog\/ay-goeeee\/video-las-prendas-mayas-que-visten-a-yucatan\/#primaryimage"},"thumbnailUrl":"https:\/\/i0.wp.com\/soclose.mx\/blog\/wp-content\/uploads\/2021\/04\/hipil-prenda-de-yucatan-1.jpeg?fit=1240%2C700&ssl=1","datePublished":"2021-04-02T01:45:05+00:00","dateModified":"2021-04-02T02:01:48+00:00","description":"En los mayas de la pen\u00ednsula de Yucat\u00e1n\u00a0el hipil se mantiene desde la segunda mitad del siglo XIX hasta principios del XX.","breadcrumb":{"@id":"https:\/\/soclose.mx\/blog\/ay-goeeee\/video-las-prendas-mayas-que-visten-a-yucatan\/#breadcrumb"},"inLanguage":"es","potentialAction":[{"@type":"ReadAction","target":["https:\/\/soclose.mx\/blog\/ay-goeeee\/video-las-prendas-mayas-que-visten-a-yucatan\/"]}]},{"@type":"ImageObject","inLanguage":"es","@id":"https:\/\/soclose.mx\/blog\/ay-goeeee\/video-las-prendas-mayas-que-visten-a-yucatan\/#primaryimage","url":"https:\/\/i0.wp.com\/soclose.mx\/blog\/wp-content\/uploads\/2021\/04\/hipil-prenda-de-yucatan-1.jpeg?fit=1240%2C700&ssl=1","contentUrl":"https:\/\/i0.wp.com\/soclose.mx\/blog\/wp-content\/uploads\/2021\/04\/hipil-prenda-de-yucatan-1.jpeg?fit=1240%2C700&ssl=1","width":1240,"height":700,"caption":"Hipil prenda de Yucat\u00e1n"},{"@type":"BreadcrumbList","@id":"https:\/\/soclose.mx\/blog\/ay-goeeee\/video-las-prendas-mayas-que-visten-a-yucatan\/#breadcrumb","itemListElement":[{"@type":"ListItem","position":1,"name":"Inicio","item":"https:\/\/soclose.mx\/blog\/"},{"@type":"ListItem","position":2,"name":"Video | Las prendas mayas que visten a Yucat\u00e1n"}]},{"@type":"WebSite","@id":"https:\/\/soclose.mx\/blog\/#website","url":"https:\/\/soclose.mx\/blog\/","name":"So Close","description":"Hacemos contenidos de M\u00e9xico","publisher":{"@id":"https:\/\/soclose.mx\/blog\/#organization"},"potentialAction":[{"@type":"SearchAction","target":{"@type":"EntryPoint","urlTemplate":"https:\/\/soclose.mx\/blog\/?s={search_term_string}"},"query-input":{"@type":"PropertyValueSpecification","valueRequired":true,"valueName":"search_term_string"}}],"inLanguage":"es"},{"@type":"Organization","@id":"https:\/\/soclose.mx\/blog\/#organization","name":"So Close","url":"https:\/\/soclose.mx\/blog\/","logo":{"@type":"ImageObject","inLanguage":"es","@id":"https:\/\/soclose.mx\/blog\/#\/schema\/logo\/image\/","url":"https:\/\/i0.wp.com\/soclose.mx\/blog\/wp-content\/uploads\/2020\/12\/LOGO_SOCLOSE_COLOR-e1608310133507.png?fit=2858%2C1264&ssl=1","contentUrl":"https:\/\/i0.wp.com\/soclose.mx\/blog\/wp-content\/uploads\/2020\/12\/LOGO_SOCLOSE_COLOR-e1608310133507.png?fit=2858%2C1264&ssl=1","width":2858,"height":1264,"caption":"So Close"},"image":{"@id":"https:\/\/soclose.mx\/blog\/#\/schema\/logo\/image\/"}},{"@type":"Person","@id":"https:\/\/soclose.mx\/blog\/#\/schema\/person\/723eb117ab965b55c3e56b5d29751667","name":"So Close","image":{"@type":"ImageObject","inLanguage":"es","@id":"https:\/\/soclose.mx\/blog\/#\/schema\/person\/image\/","url":"https:\/\/secure.gravatar.com\/avatar\/5a1d1d694eaf6d2c28f450f0984cbb34821b92dc49c1d088c0250fbc6a48efec?s=96&d=mm&r=g","contentUrl":"https:\/\/secure.gravatar.com\/avatar\/5a1d1d694eaf6d2c28f450f0984cbb34821b92dc49c1d088c0250fbc6a48efec?s=96&d=mm&r=g","caption":"So Close"},"sameAs":["http:\/\/www.soclose.mx","https:\/\/www.youtube.com\/@soclosemx"],"url":"https:\/\/soclose.mx\/blog\/author\/admin\/"}]}},"jetpack_featured_media_url":"https:\/\/i0.wp.com\/soclose.mx\/blog\/wp-content\/uploads\/2021\/04\/hipil-prenda-de-yucatan-1.jpeg?fit=1240%2C700&ssl=1","jetpack-related-posts":[{"id":6722,"url":"https:\/\/soclose.mx\/blog\/news-feed\/localizan-entierros-humanos-y-elementos-prehispanicos-asociados-a-un-templo-de-franciscanos-en-1619\/","url_meta":{"origin":5893,"position":0},"title":"Localizan entierros humanos y elementos prehisp\u00e1nicos asociados a un templo de franciscanos en 1619","author":"So Close","date":"30 julio, 2021","format":false,"excerpt":"Vestigios relacionados con el Templo de Nuestra Se\u00f1ora de la Inmaculada Concepci\u00f3n, erigido en tiempos virreinales, as\u00ed como con un destacamento militar que habr\u00eda sido usado durante la Guerra Social Maya o Guerra de Castas, fueron descubiertos por especialistas del Instituto Nacional de Antropolog\u00eda e Historia (INAH) en la poblaci\u00f3n\u2026","rel":"","context":"En &quot;News feed&quot;","block_context":{"text":"News feed","link":"https:\/\/soclose.mx\/blog\/category\/news-feed\/"},"img":{"alt_text":"","src":"https:\/\/i0.wp.com\/soclose.mx\/blog\/wp-content\/uploads\/2021\/07\/piste-yucatan.jpeg?fit=1200%2C677&ssl=1&resize=350%2C200","width":350,"height":200,"srcset":"https:\/\/i0.wp.com\/soclose.mx\/blog\/wp-content\/uploads\/2021\/07\/piste-yucatan.jpeg?fit=1200%2C677&ssl=1&resize=350%2C200 1x, https:\/\/i0.wp.com\/soclose.mx\/blog\/wp-content\/uploads\/2021\/07\/piste-yucatan.jpeg?fit=1200%2C677&ssl=1&resize=525%2C300 1.5x, https:\/\/i0.wp.com\/soclose.mx\/blog\/wp-content\/uploads\/2021\/07\/piste-yucatan.jpeg?fit=1200%2C677&ssl=1&resize=700%2C400 2x, https:\/\/i0.wp.com\/soclose.mx\/blog\/wp-content\/uploads\/2021\/07\/piste-yucatan.jpeg?fit=1200%2C677&ssl=1&resize=1050%2C600 3x"},"classes":[]},{"id":5635,"url":"https:\/\/soclose.mx\/blog\/news-feed\/paises-del-mundo-maya-le-muestran-al-planeta-lo-que-tienen\/","url_meta":{"origin":5893,"position":1},"title":"Pa\u00edses del Mundo Maya le muestran al planeta lo que tienen","author":"So Close","date":"14 enero, 2021","format":false,"excerpt":"Bajo un formato digital, los pa\u00edses que conforman la Organizaci\u00f3n del Mundo Maya expondr\u00e1n su oferta tur\u00edstica al mundo en b\u00fasqueda de oportunidades de negocios. M\u00e9rida, Yucat\u00e1n a 14 de enero de 2021.- Se realiz\u00f3 la primera rueda de negocios virtual, con la expectativa de generar nuevas oportunidades y afianzar\u2026","rel":"","context":"En &quot;News feed&quot;","block_context":{"text":"News feed","link":"https:\/\/soclose.mx\/blog\/category\/news-feed\/"},"img":{"alt_text":"","src":"https:\/\/i0.wp.com\/soclose.mx\/blog\/wp-content\/uploads\/2021\/01\/chichen-itza.jpg?fit=1200%2C790&ssl=1&resize=350%2C200","width":350,"height":200,"srcset":"https:\/\/i0.wp.com\/soclose.mx\/blog\/wp-content\/uploads\/2021\/01\/chichen-itza.jpg?fit=1200%2C790&ssl=1&resize=350%2C200 1x, https:\/\/i0.wp.com\/soclose.mx\/blog\/wp-content\/uploads\/2021\/01\/chichen-itza.jpg?fit=1200%2C790&ssl=1&resize=525%2C300 1.5x, https:\/\/i0.wp.com\/soclose.mx\/blog\/wp-content\/uploads\/2021\/01\/chichen-itza.jpg?fit=1200%2C790&ssl=1&resize=700%2C400 2x, https:\/\/i0.wp.com\/soclose.mx\/blog\/wp-content\/uploads\/2021\/01\/chichen-itza.jpg?fit=1200%2C790&ssl=1&resize=1050%2C600 3x"},"classes":[]},{"id":9045,"url":"https:\/\/soclose.mx\/blog\/news-feed\/lengua-maya-se-vuelve-patrimonio-cultural-intangible-de-yucatan\/","url_meta":{"origin":5893,"position":2},"title":"Lengua maya se vuelve Patrimonio Cultural Intangible de Yucat\u00e1n","author":"Miguel Angel Romero","date":"22 febrero, 2022","format":false,"excerpt":"La\u00a0lengua maya\u00a0o\u00a0Maayat\u2019aan\u00a0se convirti\u00f3, tras una declaratoria del Congreso local, en\u00a0Patrimonio Cultural Intangible\u00a0de\u00a0Yucat\u00e1n, estado del sureste mexicano que preserva tesoros\u00a0precolombinos\u00a0y ciudades de la\u00a0civilizaci\u00f3n mesoamericana. El decreto fue aprobado en el marco del D\u00eda Internacional de la Lengua Materna, el 21 de febrero. La medida declara lengua maya a todas las expresiones,\u2026","rel":"","context":"En &quot;News feed&quot;","block_context":{"text":"News feed","link":"https:\/\/soclose.mx\/blog\/category\/news-feed\/"},"img":{"alt_text":"","src":"https:\/\/i0.wp.com\/soclose.mx\/blog\/wp-content\/uploads\/2022\/02\/Copia-de-Principal-So-Close-blog-2-5.png?fit=1200%2C677&ssl=1&resize=350%2C200","width":350,"height":200,"srcset":"https:\/\/i0.wp.com\/soclose.mx\/blog\/wp-content\/uploads\/2022\/02\/Copia-de-Principal-So-Close-blog-2-5.png?fit=1200%2C677&ssl=1&resize=350%2C200 1x, https:\/\/i0.wp.com\/soclose.mx\/blog\/wp-content\/uploads\/2022\/02\/Copia-de-Principal-So-Close-blog-2-5.png?fit=1200%2C677&ssl=1&resize=525%2C300 1.5x, https:\/\/i0.wp.com\/soclose.mx\/blog\/wp-content\/uploads\/2022\/02\/Copia-de-Principal-So-Close-blog-2-5.png?fit=1200%2C677&ssl=1&resize=700%2C400 2x, https:\/\/i0.wp.com\/soclose.mx\/blog\/wp-content\/uploads\/2022\/02\/Copia-de-Principal-So-Close-blog-2-5.png?fit=1200%2C677&ssl=1&resize=1050%2C600 3x"},"classes":[]},{"id":13718,"url":"https:\/\/soclose.mx\/blog\/a-la-mexicana\/la-controversia-y-sorpresa-de-la-estatua-de-poseidon-en-yucatan\/","url_meta":{"origin":5893,"position":3},"title":"La Controversia y Sorpresa de la Estatua de Poseid\u00f3n en Yucat\u00e1n","author":"So Close","date":"3 julio, 2024","format":false,"excerpt":"En mayo de 2024, las playas de Progreso, Yucat\u00e1n, M\u00e9xico, se vistieron de controversia y sorpresa por la aparici\u00f3n de una estatua de Poseid\u00f3n, el dios griego del mar. Esta inesperada adici\u00f3n al paisaje costero no tard\u00f3 en generar revuelo, desatando tanto debate como una ola de memes virales. Un\u2026","rel":"","context":"En &quot;A la mexicana&quot;","block_context":{"text":"A la mexicana","link":"https:\/\/soclose.mx\/blog\/category\/a-la-mexicana\/"},"img":{"alt_text":"Estatua de Poseid\u00f3n en Yucat\u00e1n","src":"https:\/\/i0.wp.com\/soclose.mx\/blog\/wp-content\/uploads\/2024\/07\/Screen-Shot-2024-07-03-at-19.38.37.jpg?fit=658%2C560&ssl=1&resize=350%2C200","width":350,"height":200,"srcset":"https:\/\/i0.wp.com\/soclose.mx\/blog\/wp-content\/uploads\/2024\/07\/Screen-Shot-2024-07-03-at-19.38.37.jpg?fit=658%2C560&ssl=1&resize=350%2C200 1x, https:\/\/i0.wp.com\/soclose.mx\/blog\/wp-content\/uploads\/2024\/07\/Screen-Shot-2024-07-03-at-19.38.37.jpg?fit=658%2C560&ssl=1&resize=525%2C300 1.5x"},"classes":[]},{"id":10035,"url":"https:\/\/soclose.mx\/blog\/lugares\/resurge-en-merida-ciudad-maya-de-1500-anos-de-antiguedad\/","url_meta":{"origin":5893,"position":4},"title":"Resurge en M\u00e9rida ciudad maya de 1,500 a\u00f1os de antig\u00fcedad","author":"Daniel Ram\u00edrez","date":"31 mayo, 2022","format":false,"excerpt":"Si ya est\u00e1s planeando tus vacaciones de verano, una buena opci\u00f3n podr\u00eda ser M\u00e9rida, Yucat\u00e1n, un lugar que tiene algunas de las playas m\u00e1s bellas del pa\u00eds. Pero hay otro motivo para visitar la pen\u00ednsula, ya que en el municipio de Kanas\u00edn, a solo 10 kil\u00f3metros de la capital de\u2026","rel":"","context":"En &quot;Lugares&quot;","block_context":{"text":"Lugares","link":"https:\/\/soclose.mx\/blog\/category\/lugares\/"},"img":{"alt_text":"","src":"https:\/\/i0.wp.com\/soclose.mx\/blog\/wp-content\/uploads\/2022\/05\/Captura-de-Pantalla-2022-05-31-a-las-17.30.36.png?fit=1089%2C660&ssl=1&resize=350%2C200","width":350,"height":200,"srcset":"https:\/\/i0.wp.com\/soclose.mx\/blog\/wp-content\/uploads\/2022\/05\/Captura-de-Pantalla-2022-05-31-a-las-17.30.36.png?fit=1089%2C660&ssl=1&resize=350%2C200 1x, https:\/\/i0.wp.com\/soclose.mx\/blog\/wp-content\/uploads\/2022\/05\/Captura-de-Pantalla-2022-05-31-a-las-17.30.36.png?fit=1089%2C660&ssl=1&resize=525%2C300 1.5x, https:\/\/i0.wp.com\/soclose.mx\/blog\/wp-content\/uploads\/2022\/05\/Captura-de-Pantalla-2022-05-31-a-las-17.30.36.png?fit=1089%2C660&ssl=1&resize=700%2C400 2x, https:\/\/i0.wp.com\/soclose.mx\/blog\/wp-content\/uploads\/2022\/05\/Captura-de-Pantalla-2022-05-31-a-las-17.30.36.png?fit=1089%2C660&ssl=1&resize=1050%2C600 3x"},"classes":[]},{"id":9216,"url":"https:\/\/soclose.mx\/blog\/lugares\/si-yucatan-fue-independiente-por-que-se-integro-a-mexico\/","url_meta":{"origin":5893,"position":5},"title":"Si Yucat\u00e1n fue independiente\u2026 \u00bfpor qu\u00e9 se integr\u00f3 a M\u00e9xico?","author":"Miguel Angel Romero","date":"22 abril, 2022","format":false,"excerpt":"Debido al gobierno que imperaba en nuestro pa\u00eds en 1841, Yucat\u00e1n, en ese momento, tambi\u00e9n integrado por Campeche, Quintana Roo y Tabasco, rompi\u00f3 relaciones con M\u00e9xico y se erigi\u00f3 como\u00a0Rep\u00fablica Libre e Independiente\u00a0de la naci\u00f3n mexicana. El conflicto que provoc\u00f3 la ruptura entre el\u00a0gobierno centralista (1840-1843)\u00a0y los estados se desencaden\u00f3\u2026","rel":"","context":"En &quot;Lugares&quot;","block_context":{"text":"Lugares","link":"https:\/\/soclose.mx\/blog\/category\/lugares\/"},"img":{"alt_text":"","src":"https:\/\/i0.wp.com\/soclose.mx\/blog\/wp-content\/uploads\/2022\/03\/Copia-de-Principal-So-Close-blog-9.png?fit=1200%2C677&ssl=1&resize=350%2C200","width":350,"height":200,"srcset":"https:\/\/i0.wp.com\/soclose.mx\/blog\/wp-content\/uploads\/2022\/03\/Copia-de-Principal-So-Close-blog-9.png?fit=1200%2C677&ssl=1&resize=350%2C200 1x, https:\/\/i0.wp.com\/soclose.mx\/blog\/wp-content\/uploads\/2022\/03\/Copia-de-Principal-So-Close-blog-9.png?fit=1200%2C677&ssl=1&resize=525%2C300 1.5x, https:\/\/i0.wp.com\/soclose.mx\/blog\/wp-content\/uploads\/2022\/03\/Copia-de-Principal-So-Close-blog-9.png?fit=1200%2C677&ssl=1&resize=700%2C400 2x, https:\/\/i0.wp.com\/soclose.mx\/blog\/wp-content\/uploads\/2022\/03\/Copia-de-Principal-So-Close-blog-9.png?fit=1200%2C677&ssl=1&resize=1050%2C600 3x"},"classes":[]}],"jetpack_sharing_enabled":true,"_links":{"self":[{"href":"https:\/\/soclose.mx\/blog\/wp-json\/wp\/v2\/posts\/5893","targetHints":{"allow":["GET"]}}],"collection":[{"href":"https:\/\/soclose.mx\/blog\/wp-json\/wp\/v2\/posts"}],"about":[{"href":"https:\/\/soclose.mx\/blog\/wp-json\/wp\/v2\/types\/post"}],"author":[{"embeddable":true,"href":"https:\/\/soclose.mx\/blog\/wp-json\/wp\/v2\/users\/1"}],"replies":[{"embeddable":true,"href":"https:\/\/soclose.mx\/blog\/wp-json\/wp\/v2\/comments?post=5893"}],"version-history":[{"count":0,"href":"https:\/\/soclose.mx\/blog\/wp-json\/wp\/v2\/posts\/5893\/revisions"}],"wp:featuredmedia":[{"embeddable":true,"href":"https:\/\/soclose.mx\/blog\/wp-json\/wp\/v2\/media\/5899"}],"wp:attachment":[{"href":"https:\/\/soclose.mx\/blog\/wp-json\/wp\/v2\/media?parent=5893"}],"wp:term":[{"taxonomy":"category","embeddable":true,"href":"https:\/\/soclose.mx\/blog\/wp-json\/wp\/v2\/categories?post=5893"},{"taxonomy":"post_tag","embeddable":true,"href":"https:\/\/soclose.mx\/blog\/wp-json\/wp\/v2\/tags?post=5893"}],"curies":[{"name":"wp","href":"https:\/\/api.w.org\/{rel}","templated":true}]}}