{"id":5912,"date":"2021-04-06T17:49:56","date_gmt":"2021-04-06T22:49:56","guid":{"rendered":"https:\/\/soclose.mx\/blog\/?p=5912"},"modified":"2021-04-06T17:49:56","modified_gmt":"2021-04-06T22:49:56","slug":"quieren-que-la-ciudad-de-mexico-se-llame-mexico-tenochtitlan-encuesta","status":"publish","type":"post","link":"https:\/\/soclose.mx\/blog\/news-feed\/quieren-que-la-ciudad-de-mexico-se-llame-mexico-tenochtitlan-encuesta\/","title":{"rendered":"Quieren que la Ciudad de M\u00e9xico se llame M\u00e9xico-Tenochtitl\u00e1n: encuesta"},"content":{"rendered":"<p>De acuerdo con una encuesta realizada por el diario El Financiero:<br \/>\nEl 54% de los habitantes de la <a href=\"https:\/\/soclose.mx\/blog\/reabren-zoologicos-de-la-ciudad-de-mexico\/\" target=\"_blank\" rel=\"noopener\"><strong>Ciudad de M\u00e9xico, CDMX,<\/strong><\/a> apoyan la idea de cambiar el nombre de la ciudad por el de <strong>M\u00e9xico-Tenochtitl\u00e1n.<\/strong><br \/>\n42% de los ciudadanos encuestados se oponen a cambiar el nombre de la actual <strong>CDMX.<\/strong><br \/>\nEl 4% fueron indiferentes a la pregunta y no dieron una opci\u00f3n.<\/p>\n<p>Debido a que se aproxima el <strong>500 aniversario<\/strong> de la ca\u00edda de <strong>M\u00e9xico-Tenochtitl\u00e1n,<\/strong> se realiz\u00f3 esta encuesta en la que tambi\u00e9n los encuestados en la CDMX dijeron:<\/p>\n<blockquote><p>\nEl 55% se identifican como mestizo.<br \/>\n37% se consideran mexicas.<br \/>\n4% dicen ser espa\u00f1oles.<br \/>\n4% no tienen idea.<br \/>\n74% admiran los edificios coloniales.<br \/>\n24% les atraen las edificaciones modernas.<br \/>\n2% no sabe.<br \/>\nFinalmente, 80% de los ciudadanos residentes en la <strong>Ciudad de M\u00e9xico<\/strong> apoyan actos<br \/>\nconmemorativos por el <strong>500 aniversario de la ca\u00edda de Tenochtitl\u00e1n.<\/strong><br \/>\n16% opin\u00f3 que es algo que debe quedar en el olvido.<\/p><\/blockquote>\n","protected":false},"excerpt":{"rendered":"<p>De acuerdo con una encuesta realizada por el diario El Financiero: El 54% de los habitantes de la Ciudad de M\u00e9xico, CDMX, apoyan la idea de cambiar el nombre de la ciudad por el de M\u00e9xico-Tenochtitl\u00e1n. 42% de los ciudadanos encuestados se oponen a cambiar el nombre de la actual CDMX. El 4% fueron indiferentes a la pregunta y no dieron una opci\u00f3n. Debido a que se aproxima el 500 aniversario de la ca\u00edda de M\u00e9xico-Tenochtitl\u00e1n, se realiz\u00f3 esta encuesta en la que tambi\u00e9n los encuestados en la CDMX dijeron: El 55% se identifican como mestizo. 37% se consideran mexicas.<\/p>\n","protected":false},"author":1,"featured_media":5913,"comment_status":"open","ping_status":"open","sticky":false,"template":"","format":"standard","meta":{"_jetpack_memberships_contains_paid_content":false,"footnotes":""},"categories":[628],"tags":[781,399,578,780],"class_list":["post-5912","post","type-post","status-publish","format-standard","has-post-thumbnail","hentry","category-news-feed","tag-caida-de-tenochtitlan","tag-ciudad-de-mexico","tag-mexico","tag-mexico-tenochtitlan"],"yoast_head":"<!-- This site is optimized with the Yoast SEO plugin v26.7 - https:\/\/yoast.com\/wordpress\/plugins\/seo\/ -->\n<title>Quieren que la Ciudad de M\u00e9xico se llame M\u00e9xico-Tenochtitl\u00e1n: encuesta - So Close<\/title>\n<meta name=\"description\" content=\"El 54% de los habitantes de la Ciudad de M\u00e9xico, CDMX, apoyan la idea de cambiar el nombre de la ciudad por el de M\u00e9xico-Tenochtitl\u00e1n.\" \/>\n<meta name=\"robots\" content=\"index, follow, max-snippet:-1, max-image-preview:large, max-video-preview:-1\" \/>\n<link rel=\"canonical\" href=\"https:\/\/soclose.mx\/blog\/news-feed\/quieren-que-la-ciudad-de-mexico-se-llame-mexico-tenochtitlan-encuesta\/\" \/>\n<meta property=\"og:locale\" content=\"es_MX\" \/>\n<meta property=\"og:type\" content=\"article\" \/>\n<meta property=\"og:title\" content=\"Quieren que la Ciudad de M\u00e9xico se llame M\u00e9xico-Tenochtitl\u00e1n: encuesta - So Close\" \/>\n<meta property=\"og:description\" content=\"El 54% de los habitantes de la Ciudad de M\u00e9xico, CDMX, apoyan la idea de cambiar el nombre de la ciudad por el de M\u00e9xico-Tenochtitl\u00e1n.\" \/>\n<meta property=\"og:url\" content=\"https:\/\/soclose.mx\/blog\/news-feed\/quieren-que-la-ciudad-de-mexico-se-llame-mexico-tenochtitlan-encuesta\/\" \/>\n<meta property=\"og:site_name\" content=\"So Close\" \/>\n<meta property=\"article:published_time\" content=\"2021-04-06T22:49:56+00:00\" \/>\n<meta property=\"og:image\" content=\"https:\/\/soclose.mx\/blog\/wp-content\/uploads\/2021\/04\/Principal-So-Close-blog.jpeg\" \/>\n\t<meta property=\"og:image:width\" content=\"1240\" \/>\n\t<meta property=\"og:image:height\" content=\"700\" \/>\n\t<meta property=\"og:image:type\" content=\"image\/jpeg\" \/>\n<meta name=\"author\" content=\"So Close\" \/>\n<meta name=\"twitter:card\" content=\"summary_large_image\" \/>\n<meta name=\"twitter:label1\" content=\"Escrito por\" \/>\n\t<meta name=\"twitter:data1\" content=\"So Close\" \/>\n\t<meta name=\"twitter:label2\" content=\"Tiempo de lectura\" \/>\n\t<meta name=\"twitter:data2\" content=\"1 minuto\" \/>\n<script type=\"application\/ld+json\" class=\"yoast-schema-graph\">{\"@context\":\"https:\/\/schema.org\",\"@graph\":[{\"@type\":\"Article\",\"@id\":\"https:\/\/soclose.mx\/blog\/news-feed\/quieren-que-la-ciudad-de-mexico-se-llame-mexico-tenochtitlan-encuesta\/#article\",\"isPartOf\":{\"@id\":\"https:\/\/soclose.mx\/blog\/news-feed\/quieren-que-la-ciudad-de-mexico-se-llame-mexico-tenochtitlan-encuesta\/\"},\"author\":{\"name\":\"So Close\",\"@id\":\"https:\/\/soclose.mx\/blog\/#\/schema\/person\/723eb117ab965b55c3e56b5d29751667\"},\"headline\":\"Quieren que la Ciudad de M\u00e9xico se llame M\u00e9xico-Tenochtitl\u00e1n: encuesta\",\"datePublished\":\"2021-04-06T22:49:56+00:00\",\"mainEntityOfPage\":{\"@id\":\"https:\/\/soclose.mx\/blog\/news-feed\/quieren-que-la-ciudad-de-mexico-se-llame-mexico-tenochtitlan-encuesta\/\"},\"wordCount\":167,\"commentCount\":0,\"publisher\":{\"@id\":\"https:\/\/soclose.mx\/blog\/#organization\"},\"image\":{\"@id\":\"https:\/\/soclose.mx\/blog\/news-feed\/quieren-que-la-ciudad-de-mexico-se-llame-mexico-tenochtitlan-encuesta\/#primaryimage\"},\"thumbnailUrl\":\"https:\/\/i0.wp.com\/soclose.mx\/blog\/wp-content\/uploads\/2021\/04\/Principal-So-Close-blog.jpeg?fit=1240%2C700&ssl=1\",\"keywords\":[\"caida de tenochtitlan\",\"ciudad de mexico\",\"mexico\",\"mexico-tenochtitlan\"],\"articleSection\":[\"News feed\"],\"inLanguage\":\"es\",\"potentialAction\":[{\"@type\":\"CommentAction\",\"name\":\"Comment\",\"target\":[\"https:\/\/soclose.mx\/blog\/news-feed\/quieren-que-la-ciudad-de-mexico-se-llame-mexico-tenochtitlan-encuesta\/#respond\"]}]},{\"@type\":\"WebPage\",\"@id\":\"https:\/\/soclose.mx\/blog\/news-feed\/quieren-que-la-ciudad-de-mexico-se-llame-mexico-tenochtitlan-encuesta\/\",\"url\":\"https:\/\/soclose.mx\/blog\/news-feed\/quieren-que-la-ciudad-de-mexico-se-llame-mexico-tenochtitlan-encuesta\/\",\"name\":\"Quieren que la Ciudad de M\u00e9xico se llame M\u00e9xico-Tenochtitl\u00e1n: encuesta - So Close\",\"isPartOf\":{\"@id\":\"https:\/\/soclose.mx\/blog\/#website\"},\"primaryImageOfPage\":{\"@id\":\"https:\/\/soclose.mx\/blog\/news-feed\/quieren-que-la-ciudad-de-mexico-se-llame-mexico-tenochtitlan-encuesta\/#primaryimage\"},\"image\":{\"@id\":\"https:\/\/soclose.mx\/blog\/news-feed\/quieren-que-la-ciudad-de-mexico-se-llame-mexico-tenochtitlan-encuesta\/#primaryimage\"},\"thumbnailUrl\":\"https:\/\/i0.wp.com\/soclose.mx\/blog\/wp-content\/uploads\/2021\/04\/Principal-So-Close-blog.jpeg?fit=1240%2C700&ssl=1\",\"datePublished\":\"2021-04-06T22:49:56+00:00\",\"description\":\"El 54% de los habitantes de la Ciudad de M\u00e9xico, CDMX, apoyan la idea de cambiar el nombre de la ciudad por el de M\u00e9xico-Tenochtitl\u00e1n.\",\"breadcrumb\":{\"@id\":\"https:\/\/soclose.mx\/blog\/news-feed\/quieren-que-la-ciudad-de-mexico-se-llame-mexico-tenochtitlan-encuesta\/#breadcrumb\"},\"inLanguage\":\"es\",\"potentialAction\":[{\"@type\":\"ReadAction\",\"target\":[\"https:\/\/soclose.mx\/blog\/news-feed\/quieren-que-la-ciudad-de-mexico-se-llame-mexico-tenochtitlan-encuesta\/\"]}]},{\"@type\":\"ImageObject\",\"inLanguage\":\"es\",\"@id\":\"https:\/\/soclose.mx\/blog\/news-feed\/quieren-que-la-ciudad-de-mexico-se-llame-mexico-tenochtitlan-encuesta\/#primaryimage\",\"url\":\"https:\/\/i0.wp.com\/soclose.mx\/blog\/wp-content\/uploads\/2021\/04\/Principal-So-Close-blog.jpeg?fit=1240%2C700&ssl=1\",\"contentUrl\":\"https:\/\/i0.wp.com\/soclose.mx\/blog\/wp-content\/uploads\/2021\/04\/Principal-So-Close-blog.jpeg?fit=1240%2C700&ssl=1\",\"width\":1240,\"height\":700},{\"@type\":\"BreadcrumbList\",\"@id\":\"https:\/\/soclose.mx\/blog\/news-feed\/quieren-que-la-ciudad-de-mexico-se-llame-mexico-tenochtitlan-encuesta\/#breadcrumb\",\"itemListElement\":[{\"@type\":\"ListItem\",\"position\":1,\"name\":\"Inicio\",\"item\":\"https:\/\/soclose.mx\/blog\/\"},{\"@type\":\"ListItem\",\"position\":2,\"name\":\"Quieren que la Ciudad de M\u00e9xico se llame M\u00e9xico-Tenochtitl\u00e1n: encuesta\"}]},{\"@type\":\"WebSite\",\"@id\":\"https:\/\/soclose.mx\/blog\/#website\",\"url\":\"https:\/\/soclose.mx\/blog\/\",\"name\":\"So Close\",\"description\":\"Hacemos contenidos de M\u00e9xico\",\"publisher\":{\"@id\":\"https:\/\/soclose.mx\/blog\/#organization\"},\"potentialAction\":[{\"@type\":\"SearchAction\",\"target\":{\"@type\":\"EntryPoint\",\"urlTemplate\":\"https:\/\/soclose.mx\/blog\/?s={search_term_string}\"},\"query-input\":{\"@type\":\"PropertyValueSpecification\",\"valueRequired\":true,\"valueName\":\"search_term_string\"}}],\"inLanguage\":\"es\"},{\"@type\":\"Organization\",\"@id\":\"https:\/\/soclose.mx\/blog\/#organization\",\"name\":\"So Close\",\"url\":\"https:\/\/soclose.mx\/blog\/\",\"logo\":{\"@type\":\"ImageObject\",\"inLanguage\":\"es\",\"@id\":\"https:\/\/soclose.mx\/blog\/#\/schema\/logo\/image\/\",\"url\":\"https:\/\/i0.wp.com\/soclose.mx\/blog\/wp-content\/uploads\/2020\/12\/LOGO_SOCLOSE_COLOR-e1608310133507.png?fit=2858%2C1264&ssl=1\",\"contentUrl\":\"https:\/\/i0.wp.com\/soclose.mx\/blog\/wp-content\/uploads\/2020\/12\/LOGO_SOCLOSE_COLOR-e1608310133507.png?fit=2858%2C1264&ssl=1\",\"width\":2858,\"height\":1264,\"caption\":\"So Close\"},\"image\":{\"@id\":\"https:\/\/soclose.mx\/blog\/#\/schema\/logo\/image\/\"}},{\"@type\":\"Person\",\"@id\":\"https:\/\/soclose.mx\/blog\/#\/schema\/person\/723eb117ab965b55c3e56b5d29751667\",\"name\":\"So Close\",\"image\":{\"@type\":\"ImageObject\",\"inLanguage\":\"es\",\"@id\":\"https:\/\/soclose.mx\/blog\/#\/schema\/person\/image\/\",\"url\":\"https:\/\/secure.gravatar.com\/avatar\/5a1d1d694eaf6d2c28f450f0984cbb34821b92dc49c1d088c0250fbc6a48efec?s=96&d=mm&r=g\",\"contentUrl\":\"https:\/\/secure.gravatar.com\/avatar\/5a1d1d694eaf6d2c28f450f0984cbb34821b92dc49c1d088c0250fbc6a48efec?s=96&d=mm&r=g\",\"caption\":\"So Close\"},\"sameAs\":[\"http:\/\/www.soclose.mx\",\"https:\/\/www.youtube.com\/@soclosemx\"],\"url\":\"https:\/\/soclose.mx\/blog\/author\/admin\/\"}]}<\/script>\n<!-- \/ Yoast SEO plugin. -->","yoast_head_json":{"title":"Quieren que la Ciudad de M\u00e9xico se llame M\u00e9xico-Tenochtitl\u00e1n: encuesta - So Close","description":"El 54% de los habitantes de la Ciudad de M\u00e9xico, CDMX, apoyan la idea de cambiar el nombre de la ciudad por el de M\u00e9xico-Tenochtitl\u00e1n.","robots":{"index":"index","follow":"follow","max-snippet":"max-snippet:-1","max-image-preview":"max-image-preview:large","max-video-preview":"max-video-preview:-1"},"canonical":"https:\/\/soclose.mx\/blog\/news-feed\/quieren-que-la-ciudad-de-mexico-se-llame-mexico-tenochtitlan-encuesta\/","og_locale":"es_MX","og_type":"article","og_title":"Quieren que la Ciudad de M\u00e9xico se llame M\u00e9xico-Tenochtitl\u00e1n: encuesta - So Close","og_description":"El 54% de los habitantes de la Ciudad de M\u00e9xico, CDMX, apoyan la idea de cambiar el nombre de la ciudad por el de M\u00e9xico-Tenochtitl\u00e1n.","og_url":"https:\/\/soclose.mx\/blog\/news-feed\/quieren-que-la-ciudad-de-mexico-se-llame-mexico-tenochtitlan-encuesta\/","og_site_name":"So Close","article_published_time":"2021-04-06T22:49:56+00:00","og_image":[{"width":1240,"height":700,"url":"https:\/\/soclose.mx\/blog\/wp-content\/uploads\/2021\/04\/Principal-So-Close-blog.jpeg","type":"image\/jpeg"}],"author":"So Close","twitter_card":"summary_large_image","twitter_misc":{"Escrito por":"So Close","Tiempo de lectura":"1 minuto"},"schema":{"@context":"https:\/\/schema.org","@graph":[{"@type":"Article","@id":"https:\/\/soclose.mx\/blog\/news-feed\/quieren-que-la-ciudad-de-mexico-se-llame-mexico-tenochtitlan-encuesta\/#article","isPartOf":{"@id":"https:\/\/soclose.mx\/blog\/news-feed\/quieren-que-la-ciudad-de-mexico-se-llame-mexico-tenochtitlan-encuesta\/"},"author":{"name":"So Close","@id":"https:\/\/soclose.mx\/blog\/#\/schema\/person\/723eb117ab965b55c3e56b5d29751667"},"headline":"Quieren que la Ciudad de M\u00e9xico se llame M\u00e9xico-Tenochtitl\u00e1n: encuesta","datePublished":"2021-04-06T22:49:56+00:00","mainEntityOfPage":{"@id":"https:\/\/soclose.mx\/blog\/news-feed\/quieren-que-la-ciudad-de-mexico-se-llame-mexico-tenochtitlan-encuesta\/"},"wordCount":167,"commentCount":0,"publisher":{"@id":"https:\/\/soclose.mx\/blog\/#organization"},"image":{"@id":"https:\/\/soclose.mx\/blog\/news-feed\/quieren-que-la-ciudad-de-mexico-se-llame-mexico-tenochtitlan-encuesta\/#primaryimage"},"thumbnailUrl":"https:\/\/i0.wp.com\/soclose.mx\/blog\/wp-content\/uploads\/2021\/04\/Principal-So-Close-blog.jpeg?fit=1240%2C700&ssl=1","keywords":["caida de tenochtitlan","ciudad de mexico","mexico","mexico-tenochtitlan"],"articleSection":["News feed"],"inLanguage":"es","potentialAction":[{"@type":"CommentAction","name":"Comment","target":["https:\/\/soclose.mx\/blog\/news-feed\/quieren-que-la-ciudad-de-mexico-se-llame-mexico-tenochtitlan-encuesta\/#respond"]}]},{"@type":"WebPage","@id":"https:\/\/soclose.mx\/blog\/news-feed\/quieren-que-la-ciudad-de-mexico-se-llame-mexico-tenochtitlan-encuesta\/","url":"https:\/\/soclose.mx\/blog\/news-feed\/quieren-que-la-ciudad-de-mexico-se-llame-mexico-tenochtitlan-encuesta\/","name":"Quieren que la Ciudad de M\u00e9xico se llame M\u00e9xico-Tenochtitl\u00e1n: encuesta - So Close","isPartOf":{"@id":"https:\/\/soclose.mx\/blog\/#website"},"primaryImageOfPage":{"@id":"https:\/\/soclose.mx\/blog\/news-feed\/quieren-que-la-ciudad-de-mexico-se-llame-mexico-tenochtitlan-encuesta\/#primaryimage"},"image":{"@id":"https:\/\/soclose.mx\/blog\/news-feed\/quieren-que-la-ciudad-de-mexico-se-llame-mexico-tenochtitlan-encuesta\/#primaryimage"},"thumbnailUrl":"https:\/\/i0.wp.com\/soclose.mx\/blog\/wp-content\/uploads\/2021\/04\/Principal-So-Close-blog.jpeg?fit=1240%2C700&ssl=1","datePublished":"2021-04-06T22:49:56+00:00","description":"El 54% de los habitantes de la Ciudad de M\u00e9xico, CDMX, apoyan la idea de cambiar el nombre de la ciudad por el de M\u00e9xico-Tenochtitl\u00e1n.","breadcrumb":{"@id":"https:\/\/soclose.mx\/blog\/news-feed\/quieren-que-la-ciudad-de-mexico-se-llame-mexico-tenochtitlan-encuesta\/#breadcrumb"},"inLanguage":"es","potentialAction":[{"@type":"ReadAction","target":["https:\/\/soclose.mx\/blog\/news-feed\/quieren-que-la-ciudad-de-mexico-se-llame-mexico-tenochtitlan-encuesta\/"]}]},{"@type":"ImageObject","inLanguage":"es","@id":"https:\/\/soclose.mx\/blog\/news-feed\/quieren-que-la-ciudad-de-mexico-se-llame-mexico-tenochtitlan-encuesta\/#primaryimage","url":"https:\/\/i0.wp.com\/soclose.mx\/blog\/wp-content\/uploads\/2021\/04\/Principal-So-Close-blog.jpeg?fit=1240%2C700&ssl=1","contentUrl":"https:\/\/i0.wp.com\/soclose.mx\/blog\/wp-content\/uploads\/2021\/04\/Principal-So-Close-blog.jpeg?fit=1240%2C700&ssl=1","width":1240,"height":700},{"@type":"BreadcrumbList","@id":"https:\/\/soclose.mx\/blog\/news-feed\/quieren-que-la-ciudad-de-mexico-se-llame-mexico-tenochtitlan-encuesta\/#breadcrumb","itemListElement":[{"@type":"ListItem","position":1,"name":"Inicio","item":"https:\/\/soclose.mx\/blog\/"},{"@type":"ListItem","position":2,"name":"Quieren que la Ciudad de M\u00e9xico se llame M\u00e9xico-Tenochtitl\u00e1n: encuesta"}]},{"@type":"WebSite","@id":"https:\/\/soclose.mx\/blog\/#website","url":"https:\/\/soclose.mx\/blog\/","name":"So Close","description":"Hacemos contenidos de M\u00e9xico","publisher":{"@id":"https:\/\/soclose.mx\/blog\/#organization"},"potentialAction":[{"@type":"SearchAction","target":{"@type":"EntryPoint","urlTemplate":"https:\/\/soclose.mx\/blog\/?s={search_term_string}"},"query-input":{"@type":"PropertyValueSpecification","valueRequired":true,"valueName":"search_term_string"}}],"inLanguage":"es"},{"@type":"Organization","@id":"https:\/\/soclose.mx\/blog\/#organization","name":"So Close","url":"https:\/\/soclose.mx\/blog\/","logo":{"@type":"ImageObject","inLanguage":"es","@id":"https:\/\/soclose.mx\/blog\/#\/schema\/logo\/image\/","url":"https:\/\/i0.wp.com\/soclose.mx\/blog\/wp-content\/uploads\/2020\/12\/LOGO_SOCLOSE_COLOR-e1608310133507.png?fit=2858%2C1264&ssl=1","contentUrl":"https:\/\/i0.wp.com\/soclose.mx\/blog\/wp-content\/uploads\/2020\/12\/LOGO_SOCLOSE_COLOR-e1608310133507.png?fit=2858%2C1264&ssl=1","width":2858,"height":1264,"caption":"So Close"},"image":{"@id":"https:\/\/soclose.mx\/blog\/#\/schema\/logo\/image\/"}},{"@type":"Person","@id":"https:\/\/soclose.mx\/blog\/#\/schema\/person\/723eb117ab965b55c3e56b5d29751667","name":"So Close","image":{"@type":"ImageObject","inLanguage":"es","@id":"https:\/\/soclose.mx\/blog\/#\/schema\/person\/image\/","url":"https:\/\/secure.gravatar.com\/avatar\/5a1d1d694eaf6d2c28f450f0984cbb34821b92dc49c1d088c0250fbc6a48efec?s=96&d=mm&r=g","contentUrl":"https:\/\/secure.gravatar.com\/avatar\/5a1d1d694eaf6d2c28f450f0984cbb34821b92dc49c1d088c0250fbc6a48efec?s=96&d=mm&r=g","caption":"So Close"},"sameAs":["http:\/\/www.soclose.mx","https:\/\/www.youtube.com\/@soclosemx"],"url":"https:\/\/soclose.mx\/blog\/author\/admin\/"}]}},"jetpack_featured_media_url":"https:\/\/i0.wp.com\/soclose.mx\/blog\/wp-content\/uploads\/2021\/04\/Principal-So-Close-blog.jpeg?fit=1240%2C700&ssl=1","jetpack-related-posts":[{"id":7287,"url":"https:\/\/soclose.mx\/blog\/ay-goeeee\/unam-crea-recorrido-virtual-por-tenochtitlan\/","url_meta":{"origin":5912,"position":0},"title":"UNAM crea recorrido virtual por Tenochtitlan","author":"Miguel Angel Romero","date":"2 octubre, 2021","format":false,"excerpt":"Para conmemorar los\u00a0500 a\u00f1os de la Ca\u00edda de Tenochtitlan, la\u00a0UNAM\u00a0cre\u00f3 el programa\u00a0M\u00e9xico 500, y entre sus proyectos est\u00e1 poder recorrer la ciudad azteca de manera virtual. As\u00ed es, como si fuera un videojuego, este software te permitir\u00e1 viajar en el tiempo y conocer la tierra de nuestros ancestros. \u2018Recorrido virtual,\u2026","rel":"","context":"En &quot;\u00a1Ay goeeee!&quot;","block_context":{"text":"\u00a1Ay goeeee!","link":"https:\/\/soclose.mx\/blog\/category\/ay-goeeee\/"},"img":{"alt_text":"","src":"https:\/\/i0.wp.com\/soclose.mx\/blog\/wp-content\/uploads\/2021\/09\/Principal-So-Close-blog-2.png?fit=1200%2C677&ssl=1&resize=350%2C200","width":350,"height":200,"srcset":"https:\/\/i0.wp.com\/soclose.mx\/blog\/wp-content\/uploads\/2021\/09\/Principal-So-Close-blog-2.png?fit=1200%2C677&ssl=1&resize=350%2C200 1x, https:\/\/i0.wp.com\/soclose.mx\/blog\/wp-content\/uploads\/2021\/09\/Principal-So-Close-blog-2.png?fit=1200%2C677&ssl=1&resize=525%2C300 1.5x, https:\/\/i0.wp.com\/soclose.mx\/blog\/wp-content\/uploads\/2021\/09\/Principal-So-Close-blog-2.png?fit=1200%2C677&ssl=1&resize=700%2C400 2x, https:\/\/i0.wp.com\/soclose.mx\/blog\/wp-content\/uploads\/2021\/09\/Principal-So-Close-blog-2.png?fit=1200%2C677&ssl=1&resize=1050%2C600 3x"},"classes":[]},{"id":5861,"url":"https:\/\/soclose.mx\/blog\/lugares\/5-mitos-sobre-la-fundacion-de-tenochtitlan\/","url_meta":{"origin":5912,"position":1},"title":"5 mitos sobre la fundaci\u00f3n de Tenochtitlan","author":"So Close","date":"16 marzo, 2021","format":false,"excerpt":"El arque\u00f3logo Eduardo Matos Moctezuma, uno de los arque\u00f3logos m\u00e1s importantes de M\u00e9xico, en su curso virtual sobre el surgimiento, la ca\u00edda y recuperaci\u00f3n de las ciudades mexicas: Tlatelolco y Tenochtitlan aclara: La fundaci\u00f3n de Tenochtitlan no fue por el avistamiento de un \u00e1guila sobre un nopal devorando una serpiente.\u2026","rel":"","context":"En &quot;Lugares&quot;","block_context":{"text":"Lugares","link":"https:\/\/soclose.mx\/blog\/category\/lugares\/"},"img":{"alt_text":"","src":"https:\/\/i0.wp.com\/soclose.mx\/blog\/wp-content\/uploads\/2021\/03\/Principal-So-Close-blog.jpeg?fit=1200%2C677&ssl=1&resize=350%2C200","width":350,"height":200,"srcset":"https:\/\/i0.wp.com\/soclose.mx\/blog\/wp-content\/uploads\/2021\/03\/Principal-So-Close-blog.jpeg?fit=1200%2C677&ssl=1&resize=350%2C200 1x, https:\/\/i0.wp.com\/soclose.mx\/blog\/wp-content\/uploads\/2021\/03\/Principal-So-Close-blog.jpeg?fit=1200%2C677&ssl=1&resize=525%2C300 1.5x, https:\/\/i0.wp.com\/soclose.mx\/blog\/wp-content\/uploads\/2021\/03\/Principal-So-Close-blog.jpeg?fit=1200%2C677&ssl=1&resize=700%2C400 2x, https:\/\/i0.wp.com\/soclose.mx\/blog\/wp-content\/uploads\/2021\/03\/Principal-So-Close-blog.jpeg?fit=1200%2C677&ssl=1&resize=1050%2C600 3x"},"classes":[]},{"id":6880,"url":"https:\/\/soclose.mx\/blog\/news-feed\/abre-exposicion-sobre-la-caida-de-tenochtitlan-y-tlatelolco\/","url_meta":{"origin":5912,"position":2},"title":"Abre exposici\u00f3n sobre la ca\u00edda de Tenochtitlan y Tlatelolco","author":"Miguel Angel Romero","date":"17 agosto, 2021","format":false,"excerpt":"En el marco del quinto centenario de la toma de M\u00e9xico-Tenochtitlan, se inaugura la exposici\u00f3n temporal\u00a0Tenochtitlan y Tlatelolco. A 500 a\u00f1os de su ca\u00edda, bajo la curadur\u00eda de Eduardo Matos Moctezuma, Patricia Ledesma Bouchan y Judith Alva S\u00e1nchez. La exposici\u00f3n enfatiza la manera en que Tenochtitlan y Tlatelolco, decidieron compartir\u2026","rel":"","context":"En &quot;\u00a1Ay goeeee!&quot;","block_context":{"text":"\u00a1Ay goeeee!","link":"https:\/\/soclose.mx\/blog\/category\/ay-goeeee\/"},"img":{"alt_text":"","src":"https:\/\/i0.wp.com\/soclose.mx\/blog\/wp-content\/uploads\/2021\/08\/foto_home.png?fit=1019%2C792&ssl=1&resize=350%2C200","width":350,"height":200,"srcset":"https:\/\/i0.wp.com\/soclose.mx\/blog\/wp-content\/uploads\/2021\/08\/foto_home.png?fit=1019%2C792&ssl=1&resize=350%2C200 1x, https:\/\/i0.wp.com\/soclose.mx\/blog\/wp-content\/uploads\/2021\/08\/foto_home.png?fit=1019%2C792&ssl=1&resize=525%2C300 1.5x, https:\/\/i0.wp.com\/soclose.mx\/blog\/wp-content\/uploads\/2021\/08\/foto_home.png?fit=1019%2C792&ssl=1&resize=700%2C400 2x"},"classes":[]},{"id":6710,"url":"https:\/\/soclose.mx\/blog\/news-feed\/datos-que-debes-saber-sobre-la-serie-de-tv-la-grandeza-de-mexico\/","url_meta":{"origin":5912,"position":3},"title":"Datos que debes saber sobre la serie de TV: La Grandeza de M\u00e9xico","author":"So Close","date":"29 julio, 2021","format":false,"excerpt":"En el marco de las conmemoraciones de 2021, \u201cA\u00f1o de la Grandeza y la Independencia de M\u00e9xico\u201d, el Sistema P\u00fablico de Radiodifusi\u00f3n del Estado Mexicano (SPR), en colaboraci\u00f3n con la Secretar\u00eda de Cultura federal, a trav\u00e9s del Instituto Nacional de Antropolog\u00eda e Historia (INAH), presentaron la serie documental de televisi\u00f3n\u2026","rel":"","context":"En &quot;News feed&quot;","block_context":{"text":"News feed","link":"https:\/\/soclose.mx\/blog\/category\/news-feed\/"},"img":{"alt_text":"","src":"https:\/\/i0.wp.com\/soclose.mx\/blog\/wp-content\/uploads\/2021\/07\/tenochtitlan-en3d.jpeg?fit=1200%2C677&ssl=1&resize=350%2C200","width":350,"height":200,"srcset":"https:\/\/i0.wp.com\/soclose.mx\/blog\/wp-content\/uploads\/2021\/07\/tenochtitlan-en3d.jpeg?fit=1200%2C677&ssl=1&resize=350%2C200 1x, https:\/\/i0.wp.com\/soclose.mx\/blog\/wp-content\/uploads\/2021\/07\/tenochtitlan-en3d.jpeg?fit=1200%2C677&ssl=1&resize=525%2C300 1.5x, https:\/\/i0.wp.com\/soclose.mx\/blog\/wp-content\/uploads\/2021\/07\/tenochtitlan-en3d.jpeg?fit=1200%2C677&ssl=1&resize=700%2C400 2x, https:\/\/i0.wp.com\/soclose.mx\/blog\/wp-content\/uploads\/2021\/07\/tenochtitlan-en3d.jpeg?fit=1200%2C677&ssl=1&resize=1050%2C600 3x"},"classes":[]},{"id":5801,"url":"https:\/\/soclose.mx\/blog\/news-feed\/tenochtitlan-y-tlatelolco-reflexiones-a-500-anos-de-su-caida-seminario-en-su-quinto-centenario\/","url_meta":{"origin":5912,"position":4},"title":"&#8220;Tenochtitlan y Tlatelolco: reflexiones a 500 a\u00f1os de su ca\u00edda\u201d, seminario en su quinto centenario","author":"So Close","date":"25 febrero, 2021","format":false,"excerpt":"Conocedor de primera mano de la destrucci\u00f3n hispana ejercida sobre M\u00e9xico-Tenochtitlan, al haber exhumado los restos de su Templo Mayor, el arque\u00f3logo Eduardo Matos Moctezuma ha enumerado en variadas ocasiones los factores que condicionaron este hecho hist\u00f3rico, los cuales ser\u00e1n examinados desde la interdisciplina, con enfoques panor\u00e1micos y a corta\u2026","rel":"","context":"En &quot;News feed&quot;","block_context":{"text":"News feed","link":"https:\/\/soclose.mx\/blog\/category\/news-feed\/"},"img":{"alt_text":"","src":"https:\/\/i0.wp.com\/soclose.mx\/blog\/wp-content\/uploads\/2021\/02\/Principal-So-Close-blog-6.jpg?fit=1200%2C677&ssl=1&resize=350%2C200","width":350,"height":200,"srcset":"https:\/\/i0.wp.com\/soclose.mx\/blog\/wp-content\/uploads\/2021\/02\/Principal-So-Close-blog-6.jpg?fit=1200%2C677&ssl=1&resize=350%2C200 1x, https:\/\/i0.wp.com\/soclose.mx\/blog\/wp-content\/uploads\/2021\/02\/Principal-So-Close-blog-6.jpg?fit=1200%2C677&ssl=1&resize=525%2C300 1.5x, https:\/\/i0.wp.com\/soclose.mx\/blog\/wp-content\/uploads\/2021\/02\/Principal-So-Close-blog-6.jpg?fit=1200%2C677&ssl=1&resize=700%2C400 2x, https:\/\/i0.wp.com\/soclose.mx\/blog\/wp-content\/uploads\/2021\/02\/Principal-So-Close-blog-6.jpg?fit=1200%2C677&ssl=1&resize=1050%2C600 3x"},"classes":[]},{"id":6363,"url":"https:\/\/soclose.mx\/blog\/ay-goeeee\/el-gran-mito-de-la-conquista\/","url_meta":{"origin":5912,"position":5},"title":"El gran mito de la Conquista","author":"So Close","date":"30 junio, 2021","format":false,"excerpt":"Durante un conversatorio realizado por la UNAM, Guadalupe G\u00f3mez-Aguado de Alba, acad\u00e9mica del Centro de Ense\u00f1anza para Extranjeros explic\u00f3 el por qu\u00e9 el concepto de Conquista est\u00e1 equivocado y aqu\u00ed te dejamos algunos puntos que te sorprender\u00e1n: Lo ocurrido hace cinco siglos no se trat\u00f3 de una invasi\u00f3n espa\u00f1ola, sino\u2026","rel":"","context":"En &quot;\u00a1Ay goeeee!&quot;","block_context":{"text":"\u00a1Ay goeeee!","link":"https:\/\/soclose.mx\/blog\/category\/ay-goeeee\/"},"img":{"alt_text":"","src":"https:\/\/i0.wp.com\/soclose.mx\/blog\/wp-content\/uploads\/2021\/06\/conquista.jpeg?fit=1200%2C677&ssl=1&resize=350%2C200","width":350,"height":200,"srcset":"https:\/\/i0.wp.com\/soclose.mx\/blog\/wp-content\/uploads\/2021\/06\/conquista.jpeg?fit=1200%2C677&ssl=1&resize=350%2C200 1x, https:\/\/i0.wp.com\/soclose.mx\/blog\/wp-content\/uploads\/2021\/06\/conquista.jpeg?fit=1200%2C677&ssl=1&resize=525%2C300 1.5x, https:\/\/i0.wp.com\/soclose.mx\/blog\/wp-content\/uploads\/2021\/06\/conquista.jpeg?fit=1200%2C677&ssl=1&resize=700%2C400 2x, https:\/\/i0.wp.com\/soclose.mx\/blog\/wp-content\/uploads\/2021\/06\/conquista.jpeg?fit=1200%2C677&ssl=1&resize=1050%2C600 3x"},"classes":[]}],"jetpack_sharing_enabled":true,"_links":{"self":[{"href":"https:\/\/soclose.mx\/blog\/wp-json\/wp\/v2\/posts\/5912","targetHints":{"allow":["GET"]}}],"collection":[{"href":"https:\/\/soclose.mx\/blog\/wp-json\/wp\/v2\/posts"}],"about":[{"href":"https:\/\/soclose.mx\/blog\/wp-json\/wp\/v2\/types\/post"}],"author":[{"embeddable":true,"href":"https:\/\/soclose.mx\/blog\/wp-json\/wp\/v2\/users\/1"}],"replies":[{"embeddable":true,"href":"https:\/\/soclose.mx\/blog\/wp-json\/wp\/v2\/comments?post=5912"}],"version-history":[{"count":0,"href":"https:\/\/soclose.mx\/blog\/wp-json\/wp\/v2\/posts\/5912\/revisions"}],"wp:featuredmedia":[{"embeddable":true,"href":"https:\/\/soclose.mx\/blog\/wp-json\/wp\/v2\/media\/5913"}],"wp:attachment":[{"href":"https:\/\/soclose.mx\/blog\/wp-json\/wp\/v2\/media?parent=5912"}],"wp:term":[{"taxonomy":"category","embeddable":true,"href":"https:\/\/soclose.mx\/blog\/wp-json\/wp\/v2\/categories?post=5912"},{"taxonomy":"post_tag","embeddable":true,"href":"https:\/\/soclose.mx\/blog\/wp-json\/wp\/v2\/tags?post=5912"}],"curies":[{"name":"wp","href":"https:\/\/api.w.org\/{rel}","templated":true}]}}