{"id":5920,"date":"2021-04-09T12:31:30","date_gmt":"2021-04-09T17:31:30","guid":{"rendered":"https:\/\/soclose.mx\/blog\/?p=5920"},"modified":"2021-04-09T12:31:30","modified_gmt":"2021-04-09T17:31:30","slug":"vota-ahora-por-el-uniforme-que-portaran-olimpicos-mexicanos","status":"publish","type":"post","link":"https:\/\/soclose.mx\/blog\/news-feed\/vota-ahora-por-el-uniforme-que-portaran-olimpicos-mexicanos\/","title":{"rendered":"\u00a1Vota ahora! por el uniforme que portar\u00e1n ol\u00edmpicos mexicanos"},"content":{"rendered":"<p>A partir de este momento, tienes la oportunidad de participar en la <strong>votaci\u00f3n<\/strong> para elegir el <strong>uniforme<\/strong> que portar\u00e1n nuestro atletas ol\u00edmpicos en las <strong>olimpiadas de Tokio<\/strong> en este verano.<\/p>\n<p>Son tres hermosas opciones que seguro te encantar\u00e1n, pero solo una tiene que ser la elegida para <strong>vestir<\/strong> a nuestros campeones.<\/p>\n<p>Aqu\u00ed te dejamos una peque\u00f1a gu\u00eda de c\u00f3mo <strong>votar<\/strong> y los videos donde podr\u00e1s apreciar los modelos:<\/p>\n<p>Primero entra a este link: <a href=\"http:\/\/www.com.org.mx\/votacion\" target=\"_blank\" rel=\"noopener\">http:\/\/www.com.org.mx\/votacion<\/a> y sigue estos pasos en el sitio del <strong>Comit\u00e9 Ol\u00edmpico Mexicano.<\/strong><\/p>\n<p><img data-recalc-dims=\"1\" fetchpriority=\"high\" decoding=\"async\" class=\"alignnone wp-image-5924 size-full\" src=\"https:\/\/i0.wp.com\/soclose.mx\/blog\/wp-content\/uploads\/2021\/04\/Captura-de-pantalla-2021-04-09-a-las-12.07.01.png?resize=986%2C360&#038;ssl=1\" alt=\"\" width=\"986\" height=\"360\" srcset=\"https:\/\/i0.wp.com\/soclose.mx\/blog\/wp-content\/uploads\/2021\/04\/Captura-de-pantalla-2021-04-09-a-las-12.07.01.png?w=986&amp;ssl=1 986w, https:\/\/i0.wp.com\/soclose.mx\/blog\/wp-content\/uploads\/2021\/04\/Captura-de-pantalla-2021-04-09-a-las-12.07.01.png?resize=300%2C110&amp;ssl=1 300w, https:\/\/i0.wp.com\/soclose.mx\/blog\/wp-content\/uploads\/2021\/04\/Captura-de-pantalla-2021-04-09-a-las-12.07.01.png?resize=768%2C280&amp;ssl=1 768w, https:\/\/i0.wp.com\/soclose.mx\/blog\/wp-content\/uploads\/2021\/04\/Captura-de-pantalla-2021-04-09-a-las-12.07.01.png?resize=16%2C6&amp;ssl=1 16w, https:\/\/i0.wp.com\/soclose.mx\/blog\/wp-content\/uploads\/2021\/04\/Captura-de-pantalla-2021-04-09-a-las-12.07.01.png?resize=770%2C281&amp;ssl=1 770w\" sizes=\"(max-width: 986px) 100vw, 986px\" \/><\/p>\n<p>&nbsp;<\/p>\n<blockquote>\n<h2 class=\"uniforms-title\">DORADO\u00a0<span class=\"gold\">PIEDRA DEL SOL<\/span><\/h2>\n<div style=\"width: 720px;\" class=\"wp-video\"><video class=\"wp-video-shortcode\" id=\"video-5920-1\" width=\"720\" height=\"480\" preload=\"metadata\" controls=\"controls\"><source type=\"video\/mp4\" src=\"https:\/\/soclose.mx\/blog\/wp-content\/uploads\/2021\/04\/Dorado_PiedradelSol_FINAL_opt.mp4?_=1\" \/><a href=\"https:\/\/soclose.mx\/blog\/wp-content\/uploads\/2021\/04\/Dorado_PiedradelSol_FINAL_opt.mp4\">https:\/\/soclose.mx\/blog\/wp-content\/uploads\/2021\/04\/Dorado_PiedradelSol_FINAL_opt.mp4<\/a><\/video><\/div>\n<h2 class=\"uniforms-title\">ARTESANAL\u00a0<span class=\"blue\">OAXAQUE\u00d1O<\/span><\/h2>\n<div style=\"width: 720px;\" class=\"wp-video\"><video class=\"wp-video-shortcode\" id=\"video-5920-2\" width=\"720\" height=\"480\" preload=\"metadata\" controls=\"controls\"><source type=\"video\/mp4\" src=\"https:\/\/soclose.mx\/blog\/wp-content\/uploads\/2021\/04\/ARTESANAL-OAXAQUEnO.mp4?_=2\" \/><a href=\"https:\/\/soclose.mx\/blog\/wp-content\/uploads\/2021\/04\/ARTESANAL-OAXAQUEnO.mp4\">https:\/\/soclose.mx\/blog\/wp-content\/uploads\/2021\/04\/ARTESANAL-OAXAQUEnO.mp4<\/a><\/video><\/div>\n<h2 class=\"uniforms-title\">EL CHARRO DE\u00a0<span class=\"blue\">GALA<\/span><\/h2>\n<div style=\"width: 720px;\" class=\"wp-video\"><video class=\"wp-video-shortcode\" id=\"video-5920-3\" width=\"720\" height=\"480\" preload=\"metadata\" controls=\"controls\"><source type=\"video\/mp4\" src=\"https:\/\/soclose.mx\/blog\/wp-content\/uploads\/2021\/04\/Charro-de_Gala_Final.mp4?_=3\" \/><a href=\"https:\/\/soclose.mx\/blog\/wp-content\/uploads\/2021\/04\/Charro-de_Gala_Final.mp4\">https:\/\/soclose.mx\/blog\/wp-content\/uploads\/2021\/04\/Charro-de_Gala_Final.mp4<\/a><\/video><\/div>\n<p>&nbsp;<\/p><\/blockquote>\n","protected":false},"excerpt":{"rendered":"<p>A partir de este momento, tienes la oportunidad de participar en la votaci\u00f3n para elegir el uniforme que portar\u00e1n nuestro atletas ol\u00edmpicos en las olimpiadas de Tokio en este verano. Son tres hermosas opciones que seguro te encantar\u00e1n, pero solo una tiene que ser la elegida para vestir a nuestros campeones. Aqu\u00ed te dejamos una peque\u00f1a gu\u00eda de c\u00f3mo votar y los videos donde podr\u00e1s apreciar los modelos: Primero entra a este link: http:\/\/www.com.org.mx\/votacion y sigue estos pasos en el sitio del Comit\u00e9 Ol\u00edmpico Mexicano. &nbsp; DORADO\u00a0PIEDRA DEL SOL ARTESANAL\u00a0OAXAQUE\u00d1O EL CHARRO DE\u00a0GALA &nbsp;<\/p>\n","protected":false},"author":1,"featured_media":5925,"comment_status":"open","ping_status":"open","sticky":false,"template":"","format":"standard","meta":{"_jetpack_memberships_contains_paid_content":false,"footnotes":""},"categories":[628],"tags":[789,785,787,790,788,578,786],"class_list":["post-5920","post","type-post","status-publish","format-standard","has-post-thumbnail","hentry","category-news-feed","tag-atletas-mexicanos","tag-comite-olimpico-mexicano","tag-juegos-olimpicos","tag-juegos-olimpicos-de-tokio-2021","tag-mexicanos","tag-mexico","tag-olimpiadas"],"yoast_head":"<!-- This site is optimized with the Yoast SEO plugin v26.7 - https:\/\/yoast.com\/wordpress\/plugins\/seo\/ -->\n<title>\u00a1Vota ahora! por el uniforme que portar\u00e1n ol\u00edmpicos mexicanos - So Close<\/title>\n<meta name=\"description\" content=\"Son tres hermosas opciones que seguro te encantar\u00e1n, pero solo una tiene que ser la elegida para vestir a nuestros campeones mexicanos.\" \/>\n<meta name=\"robots\" content=\"index, follow, max-snippet:-1, max-image-preview:large, max-video-preview:-1\" \/>\n<link rel=\"canonical\" href=\"https:\/\/soclose.mx\/blog\/news-feed\/vota-ahora-por-el-uniforme-que-portaran-olimpicos-mexicanos\/\" \/>\n<meta property=\"og:locale\" content=\"es_MX\" \/>\n<meta property=\"og:type\" content=\"article\" \/>\n<meta property=\"og:title\" content=\"\u00a1Vota ahora! por el uniforme que portar\u00e1n ol\u00edmpicos mexicanos - So Close\" \/>\n<meta property=\"og:description\" content=\"Son tres hermosas opciones que seguro te encantar\u00e1n, pero solo una tiene que ser la elegida para vestir a nuestros campeones mexicanos.\" \/>\n<meta property=\"og:url\" content=\"https:\/\/soclose.mx\/blog\/news-feed\/vota-ahora-por-el-uniforme-que-portaran-olimpicos-mexicanos\/\" \/>\n<meta property=\"og:site_name\" content=\"So Close\" \/>\n<meta property=\"article:published_time\" content=\"2021-04-09T17:31:30+00:00\" \/>\n<meta property=\"og:image\" content=\"https:\/\/soclose.mx\/blog\/wp-content\/uploads\/2021\/04\/uniforme-atletas-olimpicos-mexicanos.jpeg\" \/>\n\t<meta property=\"og:image:width\" content=\"1240\" \/>\n\t<meta property=\"og:image:height\" content=\"700\" \/>\n\t<meta property=\"og:image:type\" content=\"image\/jpeg\" \/>\n<meta name=\"author\" content=\"So Close\" \/>\n<meta name=\"twitter:card\" content=\"summary_large_image\" \/>\n<meta name=\"twitter:label1\" content=\"Escrito por\" \/>\n\t<meta name=\"twitter:data1\" content=\"So Close\" \/>\n\t<meta name=\"twitter:label2\" content=\"Tiempo de lectura\" \/>\n\t<meta name=\"twitter:data2\" content=\"1 minuto\" \/>\n<script type=\"application\/ld+json\" class=\"yoast-schema-graph\">{\"@context\":\"https:\/\/schema.org\",\"@graph\":[{\"@type\":\"Article\",\"@id\":\"https:\/\/soclose.mx\/blog\/news-feed\/vota-ahora-por-el-uniforme-que-portaran-olimpicos-mexicanos\/#article\",\"isPartOf\":{\"@id\":\"https:\/\/soclose.mx\/blog\/news-feed\/vota-ahora-por-el-uniforme-que-portaran-olimpicos-mexicanos\/\"},\"author\":{\"name\":\"So Close\",\"@id\":\"https:\/\/soclose.mx\/blog\/#\/schema\/person\/723eb117ab965b55c3e56b5d29751667\"},\"headline\":\"\u00a1Vota ahora! por el uniforme que portar\u00e1n ol\u00edmpicos mexicanos\",\"datePublished\":\"2021-04-09T17:31:30+00:00\",\"mainEntityOfPage\":{\"@id\":\"https:\/\/soclose.mx\/blog\/news-feed\/vota-ahora-por-el-uniforme-que-portaran-olimpicos-mexicanos\/\"},\"wordCount\":167,\"commentCount\":0,\"publisher\":{\"@id\":\"https:\/\/soclose.mx\/blog\/#organization\"},\"image\":{\"@id\":\"https:\/\/soclose.mx\/blog\/news-feed\/vota-ahora-por-el-uniforme-que-portaran-olimpicos-mexicanos\/#primaryimage\"},\"thumbnailUrl\":\"https:\/\/i0.wp.com\/soclose.mx\/blog\/wp-content\/uploads\/2021\/04\/uniforme-atletas-olimpicos-mexicanos.jpeg?fit=1240%2C700&ssl=1\",\"keywords\":[\"atletas mexicanos\",\"comit\u00e9 ol\u00edmpico mexicano\",\"juegos ol\u00edmpicos\",\"Juegos Ol\u00edmpicos de Tokio 2021\",\"mexicanos\",\"mexico\",\"olimpiadas\"],\"articleSection\":[\"News feed\"],\"inLanguage\":\"es\",\"potentialAction\":[{\"@type\":\"CommentAction\",\"name\":\"Comment\",\"target\":[\"https:\/\/soclose.mx\/blog\/news-feed\/vota-ahora-por-el-uniforme-que-portaran-olimpicos-mexicanos\/#respond\"]}]},{\"@type\":\"WebPage\",\"@id\":\"https:\/\/soclose.mx\/blog\/news-feed\/vota-ahora-por-el-uniforme-que-portaran-olimpicos-mexicanos\/\",\"url\":\"https:\/\/soclose.mx\/blog\/news-feed\/vota-ahora-por-el-uniforme-que-portaran-olimpicos-mexicanos\/\",\"name\":\"\u00a1Vota ahora! por el uniforme que portar\u00e1n ol\u00edmpicos mexicanos - So Close\",\"isPartOf\":{\"@id\":\"https:\/\/soclose.mx\/blog\/#website\"},\"primaryImageOfPage\":{\"@id\":\"https:\/\/soclose.mx\/blog\/news-feed\/vota-ahora-por-el-uniforme-que-portaran-olimpicos-mexicanos\/#primaryimage\"},\"image\":{\"@id\":\"https:\/\/soclose.mx\/blog\/news-feed\/vota-ahora-por-el-uniforme-que-portaran-olimpicos-mexicanos\/#primaryimage\"},\"thumbnailUrl\":\"https:\/\/i0.wp.com\/soclose.mx\/blog\/wp-content\/uploads\/2021\/04\/uniforme-atletas-olimpicos-mexicanos.jpeg?fit=1240%2C700&ssl=1\",\"datePublished\":\"2021-04-09T17:31:30+00:00\",\"description\":\"Son tres hermosas opciones que seguro te encantar\u00e1n, pero solo una tiene que ser la elegida para vestir a nuestros campeones mexicanos.\",\"breadcrumb\":{\"@id\":\"https:\/\/soclose.mx\/blog\/news-feed\/vota-ahora-por-el-uniforme-que-portaran-olimpicos-mexicanos\/#breadcrumb\"},\"inLanguage\":\"es\",\"potentialAction\":[{\"@type\":\"ReadAction\",\"target\":[\"https:\/\/soclose.mx\/blog\/news-feed\/vota-ahora-por-el-uniforme-que-portaran-olimpicos-mexicanos\/\"]}]},{\"@type\":\"ImageObject\",\"inLanguage\":\"es\",\"@id\":\"https:\/\/soclose.mx\/blog\/news-feed\/vota-ahora-por-el-uniforme-que-portaran-olimpicos-mexicanos\/#primaryimage\",\"url\":\"https:\/\/i0.wp.com\/soclose.mx\/blog\/wp-content\/uploads\/2021\/04\/uniforme-atletas-olimpicos-mexicanos.jpeg?fit=1240%2C700&ssl=1\",\"contentUrl\":\"https:\/\/i0.wp.com\/soclose.mx\/blog\/wp-content\/uploads\/2021\/04\/uniforme-atletas-olimpicos-mexicanos.jpeg?fit=1240%2C700&ssl=1\",\"width\":1240,\"height\":700},{\"@type\":\"BreadcrumbList\",\"@id\":\"https:\/\/soclose.mx\/blog\/news-feed\/vota-ahora-por-el-uniforme-que-portaran-olimpicos-mexicanos\/#breadcrumb\",\"itemListElement\":[{\"@type\":\"ListItem\",\"position\":1,\"name\":\"Inicio\",\"item\":\"https:\/\/soclose.mx\/blog\/\"},{\"@type\":\"ListItem\",\"position\":2,\"name\":\"\u00a1Vota ahora! por el uniforme que portar\u00e1n ol\u00edmpicos mexicanos\"}]},{\"@type\":\"WebSite\",\"@id\":\"https:\/\/soclose.mx\/blog\/#website\",\"url\":\"https:\/\/soclose.mx\/blog\/\",\"name\":\"So Close\",\"description\":\"Hacemos contenidos de M\u00e9xico\",\"publisher\":{\"@id\":\"https:\/\/soclose.mx\/blog\/#organization\"},\"potentialAction\":[{\"@type\":\"SearchAction\",\"target\":{\"@type\":\"EntryPoint\",\"urlTemplate\":\"https:\/\/soclose.mx\/blog\/?s={search_term_string}\"},\"query-input\":{\"@type\":\"PropertyValueSpecification\",\"valueRequired\":true,\"valueName\":\"search_term_string\"}}],\"inLanguage\":\"es\"},{\"@type\":\"Organization\",\"@id\":\"https:\/\/soclose.mx\/blog\/#organization\",\"name\":\"So Close\",\"url\":\"https:\/\/soclose.mx\/blog\/\",\"logo\":{\"@type\":\"ImageObject\",\"inLanguage\":\"es\",\"@id\":\"https:\/\/soclose.mx\/blog\/#\/schema\/logo\/image\/\",\"url\":\"https:\/\/i0.wp.com\/soclose.mx\/blog\/wp-content\/uploads\/2020\/12\/LOGO_SOCLOSE_COLOR-e1608310133507.png?fit=2858%2C1264&ssl=1\",\"contentUrl\":\"https:\/\/i0.wp.com\/soclose.mx\/blog\/wp-content\/uploads\/2020\/12\/LOGO_SOCLOSE_COLOR-e1608310133507.png?fit=2858%2C1264&ssl=1\",\"width\":2858,\"height\":1264,\"caption\":\"So Close\"},\"image\":{\"@id\":\"https:\/\/soclose.mx\/blog\/#\/schema\/logo\/image\/\"}},{\"@type\":\"Person\",\"@id\":\"https:\/\/soclose.mx\/blog\/#\/schema\/person\/723eb117ab965b55c3e56b5d29751667\",\"name\":\"So Close\",\"image\":{\"@type\":\"ImageObject\",\"inLanguage\":\"es\",\"@id\":\"https:\/\/soclose.mx\/blog\/#\/schema\/person\/image\/\",\"url\":\"https:\/\/secure.gravatar.com\/avatar\/5a1d1d694eaf6d2c28f450f0984cbb34821b92dc49c1d088c0250fbc6a48efec?s=96&d=mm&r=g\",\"contentUrl\":\"https:\/\/secure.gravatar.com\/avatar\/5a1d1d694eaf6d2c28f450f0984cbb34821b92dc49c1d088c0250fbc6a48efec?s=96&d=mm&r=g\",\"caption\":\"So Close\"},\"sameAs\":[\"http:\/\/www.soclose.mx\",\"https:\/\/www.youtube.com\/@soclosemx\"],\"url\":\"https:\/\/soclose.mx\/blog\/author\/admin\/\"}]}<\/script>\n<!-- \/ Yoast SEO plugin. -->","yoast_head_json":{"title":"\u00a1Vota ahora! por el uniforme que portar\u00e1n ol\u00edmpicos mexicanos - So Close","description":"Son tres hermosas opciones que seguro te encantar\u00e1n, pero solo una tiene que ser la elegida para vestir a nuestros campeones mexicanos.","robots":{"index":"index","follow":"follow","max-snippet":"max-snippet:-1","max-image-preview":"max-image-preview:large","max-video-preview":"max-video-preview:-1"},"canonical":"https:\/\/soclose.mx\/blog\/news-feed\/vota-ahora-por-el-uniforme-que-portaran-olimpicos-mexicanos\/","og_locale":"es_MX","og_type":"article","og_title":"\u00a1Vota ahora! por el uniforme que portar\u00e1n ol\u00edmpicos mexicanos - So Close","og_description":"Son tres hermosas opciones que seguro te encantar\u00e1n, pero solo una tiene que ser la elegida para vestir a nuestros campeones mexicanos.","og_url":"https:\/\/soclose.mx\/blog\/news-feed\/vota-ahora-por-el-uniforme-que-portaran-olimpicos-mexicanos\/","og_site_name":"So Close","article_published_time":"2021-04-09T17:31:30+00:00","og_image":[{"width":1240,"height":700,"url":"https:\/\/soclose.mx\/blog\/wp-content\/uploads\/2021\/04\/uniforme-atletas-olimpicos-mexicanos.jpeg","type":"image\/jpeg"}],"author":"So Close","twitter_card":"summary_large_image","twitter_misc":{"Escrito por":"So Close","Tiempo de lectura":"1 minuto"},"schema":{"@context":"https:\/\/schema.org","@graph":[{"@type":"Article","@id":"https:\/\/soclose.mx\/blog\/news-feed\/vota-ahora-por-el-uniforme-que-portaran-olimpicos-mexicanos\/#article","isPartOf":{"@id":"https:\/\/soclose.mx\/blog\/news-feed\/vota-ahora-por-el-uniforme-que-portaran-olimpicos-mexicanos\/"},"author":{"name":"So Close","@id":"https:\/\/soclose.mx\/blog\/#\/schema\/person\/723eb117ab965b55c3e56b5d29751667"},"headline":"\u00a1Vota ahora! por el uniforme que portar\u00e1n ol\u00edmpicos mexicanos","datePublished":"2021-04-09T17:31:30+00:00","mainEntityOfPage":{"@id":"https:\/\/soclose.mx\/blog\/news-feed\/vota-ahora-por-el-uniforme-que-portaran-olimpicos-mexicanos\/"},"wordCount":167,"commentCount":0,"publisher":{"@id":"https:\/\/soclose.mx\/blog\/#organization"},"image":{"@id":"https:\/\/soclose.mx\/blog\/news-feed\/vota-ahora-por-el-uniforme-que-portaran-olimpicos-mexicanos\/#primaryimage"},"thumbnailUrl":"https:\/\/i0.wp.com\/soclose.mx\/blog\/wp-content\/uploads\/2021\/04\/uniforme-atletas-olimpicos-mexicanos.jpeg?fit=1240%2C700&ssl=1","keywords":["atletas mexicanos","comit\u00e9 ol\u00edmpico mexicano","juegos ol\u00edmpicos","Juegos Ol\u00edmpicos de Tokio 2021","mexicanos","mexico","olimpiadas"],"articleSection":["News feed"],"inLanguage":"es","potentialAction":[{"@type":"CommentAction","name":"Comment","target":["https:\/\/soclose.mx\/blog\/news-feed\/vota-ahora-por-el-uniforme-que-portaran-olimpicos-mexicanos\/#respond"]}]},{"@type":"WebPage","@id":"https:\/\/soclose.mx\/blog\/news-feed\/vota-ahora-por-el-uniforme-que-portaran-olimpicos-mexicanos\/","url":"https:\/\/soclose.mx\/blog\/news-feed\/vota-ahora-por-el-uniforme-que-portaran-olimpicos-mexicanos\/","name":"\u00a1Vota ahora! por el uniforme que portar\u00e1n ol\u00edmpicos mexicanos - So Close","isPartOf":{"@id":"https:\/\/soclose.mx\/blog\/#website"},"primaryImageOfPage":{"@id":"https:\/\/soclose.mx\/blog\/news-feed\/vota-ahora-por-el-uniforme-que-portaran-olimpicos-mexicanos\/#primaryimage"},"image":{"@id":"https:\/\/soclose.mx\/blog\/news-feed\/vota-ahora-por-el-uniforme-que-portaran-olimpicos-mexicanos\/#primaryimage"},"thumbnailUrl":"https:\/\/i0.wp.com\/soclose.mx\/blog\/wp-content\/uploads\/2021\/04\/uniforme-atletas-olimpicos-mexicanos.jpeg?fit=1240%2C700&ssl=1","datePublished":"2021-04-09T17:31:30+00:00","description":"Son tres hermosas opciones que seguro te encantar\u00e1n, pero solo una tiene que ser la elegida para vestir a nuestros campeones mexicanos.","breadcrumb":{"@id":"https:\/\/soclose.mx\/blog\/news-feed\/vota-ahora-por-el-uniforme-que-portaran-olimpicos-mexicanos\/#breadcrumb"},"inLanguage":"es","potentialAction":[{"@type":"ReadAction","target":["https:\/\/soclose.mx\/blog\/news-feed\/vota-ahora-por-el-uniforme-que-portaran-olimpicos-mexicanos\/"]}]},{"@type":"ImageObject","inLanguage":"es","@id":"https:\/\/soclose.mx\/blog\/news-feed\/vota-ahora-por-el-uniforme-que-portaran-olimpicos-mexicanos\/#primaryimage","url":"https:\/\/i0.wp.com\/soclose.mx\/blog\/wp-content\/uploads\/2021\/04\/uniforme-atletas-olimpicos-mexicanos.jpeg?fit=1240%2C700&ssl=1","contentUrl":"https:\/\/i0.wp.com\/soclose.mx\/blog\/wp-content\/uploads\/2021\/04\/uniforme-atletas-olimpicos-mexicanos.jpeg?fit=1240%2C700&ssl=1","width":1240,"height":700},{"@type":"BreadcrumbList","@id":"https:\/\/soclose.mx\/blog\/news-feed\/vota-ahora-por-el-uniforme-que-portaran-olimpicos-mexicanos\/#breadcrumb","itemListElement":[{"@type":"ListItem","position":1,"name":"Inicio","item":"https:\/\/soclose.mx\/blog\/"},{"@type":"ListItem","position":2,"name":"\u00a1Vota ahora! por el uniforme que portar\u00e1n ol\u00edmpicos mexicanos"}]},{"@type":"WebSite","@id":"https:\/\/soclose.mx\/blog\/#website","url":"https:\/\/soclose.mx\/blog\/","name":"So Close","description":"Hacemos contenidos de M\u00e9xico","publisher":{"@id":"https:\/\/soclose.mx\/blog\/#organization"},"potentialAction":[{"@type":"SearchAction","target":{"@type":"EntryPoint","urlTemplate":"https:\/\/soclose.mx\/blog\/?s={search_term_string}"},"query-input":{"@type":"PropertyValueSpecification","valueRequired":true,"valueName":"search_term_string"}}],"inLanguage":"es"},{"@type":"Organization","@id":"https:\/\/soclose.mx\/blog\/#organization","name":"So Close","url":"https:\/\/soclose.mx\/blog\/","logo":{"@type":"ImageObject","inLanguage":"es","@id":"https:\/\/soclose.mx\/blog\/#\/schema\/logo\/image\/","url":"https:\/\/i0.wp.com\/soclose.mx\/blog\/wp-content\/uploads\/2020\/12\/LOGO_SOCLOSE_COLOR-e1608310133507.png?fit=2858%2C1264&ssl=1","contentUrl":"https:\/\/i0.wp.com\/soclose.mx\/blog\/wp-content\/uploads\/2020\/12\/LOGO_SOCLOSE_COLOR-e1608310133507.png?fit=2858%2C1264&ssl=1","width":2858,"height":1264,"caption":"So Close"},"image":{"@id":"https:\/\/soclose.mx\/blog\/#\/schema\/logo\/image\/"}},{"@type":"Person","@id":"https:\/\/soclose.mx\/blog\/#\/schema\/person\/723eb117ab965b55c3e56b5d29751667","name":"So Close","image":{"@type":"ImageObject","inLanguage":"es","@id":"https:\/\/soclose.mx\/blog\/#\/schema\/person\/image\/","url":"https:\/\/secure.gravatar.com\/avatar\/5a1d1d694eaf6d2c28f450f0984cbb34821b92dc49c1d088c0250fbc6a48efec?s=96&d=mm&r=g","contentUrl":"https:\/\/secure.gravatar.com\/avatar\/5a1d1d694eaf6d2c28f450f0984cbb34821b92dc49c1d088c0250fbc6a48efec?s=96&d=mm&r=g","caption":"So Close"},"sameAs":["http:\/\/www.soclose.mx","https:\/\/www.youtube.com\/@soclosemx"],"url":"https:\/\/soclose.mx\/blog\/author\/admin\/"}]}},"jetpack_featured_media_url":"https:\/\/i0.wp.com\/soclose.mx\/blog\/wp-content\/uploads\/2021\/04\/uniforme-atletas-olimpicos-mexicanos.jpeg?fit=1240%2C700&ssl=1","jetpack-related-posts":[{"id":6096,"url":"https:\/\/soclose.mx\/blog\/news-feed\/video-asi-vistieron-los-atletas-olimpicos-mexicanos-en-tokyo-2020\/","url_meta":{"origin":5920,"position":0},"title":"VIDEO | As\u00ed vistieron los atletas ol\u00edmpicos mexicanos en Tokyo 2020","author":"So Close","date":"23 julio, 2021","format":false,"excerpt":"De acuerdo con informaci\u00f3n del Comit\u00e9 Ol\u00edmpico Mexicano (COM), Tehuana\u202fOaxaque\u00f1a es el Traje de Gala que portaron los atletas mexicanos en la Ceremonia de Inauguraci\u00f3n de los Juegos Ol\u00edmpicos de Tokyo 2020, la cual fue este 23 de julio, en el Estadio Ol\u00edmpico, de la capital japonesa.\u00a0\u00a0\u00a0\u00a0 \u00a0 \u00a0 El\u2026","rel":"","context":"En &quot;News feed&quot;","block_context":{"text":"News feed","link":"https:\/\/soclose.mx\/blog\/category\/news-feed\/"},"img":{"alt_text":"","src":"https:\/\/i0.wp.com\/soclose.mx\/blog\/wp-content\/uploads\/2021\/07\/rommel-pacheco-tokyo2020.jpeg?fit=1200%2C677&ssl=1&resize=350%2C200","width":350,"height":200,"srcset":"https:\/\/i0.wp.com\/soclose.mx\/blog\/wp-content\/uploads\/2021\/07\/rommel-pacheco-tokyo2020.jpeg?fit=1200%2C677&ssl=1&resize=350%2C200 1x, https:\/\/i0.wp.com\/soclose.mx\/blog\/wp-content\/uploads\/2021\/07\/rommel-pacheco-tokyo2020.jpeg?fit=1200%2C677&ssl=1&resize=525%2C300 1.5x, https:\/\/i0.wp.com\/soclose.mx\/blog\/wp-content\/uploads\/2021\/07\/rommel-pacheco-tokyo2020.jpeg?fit=1200%2C677&ssl=1&resize=700%2C400 2x, https:\/\/i0.wp.com\/soclose.mx\/blog\/wp-content\/uploads\/2021\/07\/rommel-pacheco-tokyo2020.jpeg?fit=1200%2C677&ssl=1&resize=1050%2C600 3x"},"classes":[]},{"id":13094,"url":"https:\/\/soclose.mx\/blog\/para-todos\/de-atleta-olimpico-a-politico-mexicano-cinco-casos-de-compromiso\/","url_meta":{"origin":5920,"position":1},"title":"De atleta ol\u00edmpico a pol\u00edtico mexicano: cinco casos de compromiso","author":"Emmanuel Oviedo","date":"5 febrero, 2024","format":false,"excerpt":"Mexico tiene un palmar\u00e9s cuando se trata de competencias ol\u00edmpicas y deportistas. Personajes que destacaron como grandes deportistas en su momento, el atleta ol\u00edmpico y l\u00edder en sus disciplina. Ahora, como mexicanos destacados, pasaron de la disciplina deportiva a la participaci\u00f3n ciudadana para el bien de nuestro pa\u00eds. Ahora que\u2026","rel":"","context":"En &quot;Para todos&quot;","block_context":{"text":"Para todos","link":"https:\/\/soclose.mx\/blog\/category\/para-todos\/"},"img":{"alt_text":"","src":"https:\/\/i0.wp.com\/soclose.mx\/blog\/wp-content\/uploads\/2024\/01\/Tatiana-ortiz-Olimpiadas-1-3.jpg?fit=800%2C532&ssl=1&resize=350%2C200","width":350,"height":200,"srcset":"https:\/\/i0.wp.com\/soclose.mx\/blog\/wp-content\/uploads\/2024\/01\/Tatiana-ortiz-Olimpiadas-1-3.jpg?fit=800%2C532&ssl=1&resize=350%2C200 1x, https:\/\/i0.wp.com\/soclose.mx\/blog\/wp-content\/uploads\/2024\/01\/Tatiana-ortiz-Olimpiadas-1-3.jpg?fit=800%2C532&ssl=1&resize=525%2C300 1.5x, https:\/\/i0.wp.com\/soclose.mx\/blog\/wp-content\/uploads\/2024\/01\/Tatiana-ortiz-Olimpiadas-1-3.jpg?fit=800%2C532&ssl=1&resize=700%2C400 2x"},"classes":[]},{"id":13104,"url":"https:\/\/soclose.mx\/blog\/seleccion-mexicana\/conoce-a-alexa-moreno-la-gimnasta-multimedallista-mexicana\/","url_meta":{"origin":5920,"position":2},"title":"Conoce a Alexa Moreno: la gimnasta multimedallista mexicana","author":"Emmanuel Oviedo","date":"25 enero, 2024","format":false,"excerpt":"Alexa Moreno ha sido una atleta sensacional en todo M\u00e9xico y para todo el mundo. En una edad tan joven ha conquistado las competencias m\u00e1s importantes de la gimnasia, como las que se realizan en Latinoam\u00e9rica y las cumbres de las Olimpiadas. Su nombre ya est\u00e1 dentro de la \u00e9lite\u2026","rel":"","context":"En &quot;Selecci\u00f3n mexicana&quot;","block_context":{"text":"Selecci\u00f3n mexicana","link":"https:\/\/soclose.mx\/blog\/category\/seleccion-mexicana\/"},"img":{"alt_text":"","src":"https:\/\/i0.wp.com\/soclose.mx\/blog\/wp-content\/uploads\/2024\/01\/Alexa-moreno-1.jpg?fit=799%2C533&ssl=1&resize=350%2C200","width":350,"height":200,"srcset":"https:\/\/i0.wp.com\/soclose.mx\/blog\/wp-content\/uploads\/2024\/01\/Alexa-moreno-1.jpg?fit=799%2C533&ssl=1&resize=350%2C200 1x, https:\/\/i0.wp.com\/soclose.mx\/blog\/wp-content\/uploads\/2024\/01\/Alexa-moreno-1.jpg?fit=799%2C533&ssl=1&resize=525%2C300 1.5x, https:\/\/i0.wp.com\/soclose.mx\/blog\/wp-content\/uploads\/2024\/01\/Alexa-moreno-1.jpg?fit=799%2C533&ssl=1&resize=700%2C400 2x"},"classes":[]},{"id":13130,"url":"https:\/\/soclose.mx\/blog\/seleccion-mexicana\/los-momentos-mas-polemicos-de-las-olimpiadas-mexico-1968\/","url_meta":{"origin":5920,"position":3},"title":"Los momentos m\u00e1s pol\u00e9micos de las Olimpiadas M\u00e9xico 1968","author":"Emmanuel Oviedo","date":"19 febrero, 2024","format":false,"excerpt":"Las Olimpiadas de M\u00e9xico 1968 rompieron grandes expectativas pero, al mismo tiempo, se realizaron en medio de muchas pol\u00e9micas. Ya sea dentro de nuestro pa\u00eds o a nivel internacional, las Olimpiadas son ocasi\u00f3n de ilusiones deportivas y problem\u00e1ticas sociales, ya que es el lugar donde todos los pa\u00edses pueden reunirse,\u2026","rel":"","context":"En &quot;\u00a1Ay goeeee!&quot;","block_context":{"text":"\u00a1Ay goeeee!","link":"https:\/\/soclose.mx\/blog\/category\/ay-goeeee\/"},"img":{"alt_text":"Black power olimpiadas","src":"https:\/\/i0.wp.com\/soclose.mx\/blog\/wp-content\/uploads\/2024\/01\/Black-power-olimpiadas.jpg?fit=640%2C640&ssl=1&resize=350%2C200","width":350,"height":200,"srcset":"https:\/\/i0.wp.com\/soclose.mx\/blog\/wp-content\/uploads\/2024\/01\/Black-power-olimpiadas.jpg?fit=640%2C640&ssl=1&resize=350%2C200 1x, https:\/\/i0.wp.com\/soclose.mx\/blog\/wp-content\/uploads\/2024\/01\/Black-power-olimpiadas.jpg?fit=640%2C640&ssl=1&resize=525%2C300 1.5x"},"classes":[]},{"id":10547,"url":"https:\/\/soclose.mx\/blog\/a-la-mexicana\/video-inmigrante-mexicana-encuentra-medalla-de-oro-olimpica-en-envolturas-de-hamburguesas\/","url_meta":{"origin":5920,"position":4},"title":"Video: inmigrante mexicana encuentra medalla de oro ol\u00edmpica \u00a1en envolturas de hamburguesas!","author":"Daniel Ram\u00edrez","date":"8 julio, 2022","format":false,"excerpt":"Vayan preparando el guion para la pel\u00edcula sobre Mar\u00eda Carillo, una inmigrante mexicana que lleg\u00f3 a Estados Unidos hace 30 para trabajar limpiando casas y poner su negocio. Y es que la historia que les contaremos a continuaci\u00f3n es digna de ello. Mar\u00eda sali\u00f3 a pasear a sus perros y\u2026","rel":"","context":"En &quot;A la mexicana&quot;","block_context":{"text":"A la mexicana","link":"https:\/\/soclose.mx\/blog\/category\/a-la-mexicana\/"},"img":{"alt_text":"","src":"https:\/\/i0.wp.com\/soclose.mx\/blog\/wp-content\/uploads\/2022\/07\/medalla.jpg?fit=473%2C379&ssl=1&resize=350%2C200","width":350,"height":200},"classes":[]},{"id":13767,"url":"https:\/\/soclose.mx\/blog\/news-feed\/mexicanos-que-nos-representaran-en-los-juegos-olimpicos-paris-2024\/","url_meta":{"origin":5920,"position":5},"title":"Mexicanos que nos representar\u00e1n en los Juegos Ol\u00edmpicos Par\u00eds 2024","author":"So Close","date":"22 julio, 2024","format":false,"excerpt":"La llama ol\u00edmpica est\u00e1 a punto de encenderse en la Ciudad Luz, y la emoci\u00f3n por conocer a los mexicanos que nos representar\u00e1n en los Juegos Ol\u00edmpicos Par\u00eds 2024 crece con cada d\u00eda que pasa. M\u00e1s de 10 mil atletas de todo el mundo se preparan para competir en 306\u2026","rel":"","context":"En &quot;News feed&quot;","block_context":{"text":"News feed","link":"https:\/\/soclose.mx\/blog\/category\/news-feed\/"},"img":{"alt_text":"Atletas mexicanos en Juegos Ol\u00edmpicos Par\u00eds 2024","src":"https:\/\/i0.wp.com\/soclose.mx\/blog\/wp-content\/uploads\/2024\/07\/mexicanos-olimpicos-paris2024.jpg?fit=1148%2C786&ssl=1&resize=350%2C200","width":350,"height":200,"srcset":"https:\/\/i0.wp.com\/soclose.mx\/blog\/wp-content\/uploads\/2024\/07\/mexicanos-olimpicos-paris2024.jpg?fit=1148%2C786&ssl=1&resize=350%2C200 1x, https:\/\/i0.wp.com\/soclose.mx\/blog\/wp-content\/uploads\/2024\/07\/mexicanos-olimpicos-paris2024.jpg?fit=1148%2C786&ssl=1&resize=525%2C300 1.5x, https:\/\/i0.wp.com\/soclose.mx\/blog\/wp-content\/uploads\/2024\/07\/mexicanos-olimpicos-paris2024.jpg?fit=1148%2C786&ssl=1&resize=700%2C400 2x, https:\/\/i0.wp.com\/soclose.mx\/blog\/wp-content\/uploads\/2024\/07\/mexicanos-olimpicos-paris2024.jpg?fit=1148%2C786&ssl=1&resize=1050%2C600 3x"},"classes":[]}],"jetpack_sharing_enabled":true,"_links":{"self":[{"href":"https:\/\/soclose.mx\/blog\/wp-json\/wp\/v2\/posts\/5920","targetHints":{"allow":["GET"]}}],"collection":[{"href":"https:\/\/soclose.mx\/blog\/wp-json\/wp\/v2\/posts"}],"about":[{"href":"https:\/\/soclose.mx\/blog\/wp-json\/wp\/v2\/types\/post"}],"author":[{"embeddable":true,"href":"https:\/\/soclose.mx\/blog\/wp-json\/wp\/v2\/users\/1"}],"replies":[{"embeddable":true,"href":"https:\/\/soclose.mx\/blog\/wp-json\/wp\/v2\/comments?post=5920"}],"version-history":[{"count":0,"href":"https:\/\/soclose.mx\/blog\/wp-json\/wp\/v2\/posts\/5920\/revisions"}],"wp:featuredmedia":[{"embeddable":true,"href":"https:\/\/soclose.mx\/blog\/wp-json\/wp\/v2\/media\/5925"}],"wp:attachment":[{"href":"https:\/\/soclose.mx\/blog\/wp-json\/wp\/v2\/media?parent=5920"}],"wp:term":[{"taxonomy":"category","embeddable":true,"href":"https:\/\/soclose.mx\/blog\/wp-json\/wp\/v2\/categories?post=5920"},{"taxonomy":"post_tag","embeddable":true,"href":"https:\/\/soclose.mx\/blog\/wp-json\/wp\/v2\/tags?post=5920"}],"curies":[{"name":"wp","href":"https:\/\/api.w.org\/{rel}","templated":true}]}}