{"id":5961,"date":"2021-04-20T14:14:51","date_gmt":"2021-04-20T19:14:51","guid":{"rendered":"https:\/\/soclose.mx\/blog\/?p=5961"},"modified":"2021-04-20T14:14:51","modified_gmt":"2021-04-20T19:14:51","slug":"quien-es-elizabeth-la-mexicana-becada-por-harvard","status":"publish","type":"post","link":"https:\/\/soclose.mx\/blog\/ay-goeeee\/quien-es-elizabeth-la-mexicana-becada-por-harvard\/","title":{"rendered":"\u00bfQui\u00e9n es Elizabeth, la mexicana becada por Harvard?"},"content":{"rendered":"<p>Por <a href=\"https:\/\/twitter.com\/manolo_roca\" target=\"_blank\" rel=\"noopener\"><em><strong>Manolo RoCa<\/strong><\/em><\/a><\/p>\n<p>Tener una mejor forma de vivir, un presente y un futuro que te impulsen d\u00eda con d\u00eda a sonre\u00edrle a la vida, s\u00ed es posible; un ejemplo de ello es lo que la <strong>joven mexicana, Elizabeth Esteban<\/strong>, de origen <strong>pur\u00e9pecha<\/strong>, logr\u00f3 al\u00a0obtener una beca completa para estudiar en la universidad de <strong>Harvard<\/strong>.<\/p>\n<p><strong>Elizabeth <\/strong>vive en Estados Unidos junto con sus padres, quienes dejaron M\u00e9xico\u00a0 y actualmente viven en una casa m\u00f3vil en el estado de California.<\/p>\n<p>Viv\u00edan en<strong><a href=\"https:\/\/soclose.mx\/blog\/que-es-un-pueblo-magico-en-mexico\/\" target=\"_blank\" rel=\"noopener\"> Michoac\u00e1n<\/a> y ahora <\/strong>con s\u00f3lo 17 a\u00f1os,\u00a0<strong>Elizabeth <\/strong>consigui\u00f3 una beca completa para estudiar Ciencias Pol\u00edticas en la <strong>Universidad de Harvard<\/strong><\/p>\n<p><iframe loading=\"lazy\" title=\"YouTube video player\" src=\"https:\/\/www.youtube.com\/embed\/z42YgIQuCqs\" width=\"560\" height=\"315\" frameborder=\"0\" allowfullscreen=\"allowfullscreen\"><\/iframe><\/p>\n","protected":false},"excerpt":{"rendered":"<p>Por Manolo RoCa Tener una mejor forma de vivir, un presente y un futuro que te impulsen d\u00eda con d\u00eda a sonre\u00edrle a la vida, s\u00ed es posible; un ejemplo de ello es lo que la joven mexicana, Elizabeth Esteban, de origen pur\u00e9pecha, logr\u00f3 al\u00a0obtener una beca completa para estudiar en la universidad de Harvard. Elizabeth vive en Estados Unidos junto con sus padres, quienes dejaron M\u00e9xico\u00a0 y actualmente viven en una casa m\u00f3vil en el estado de California. Viv\u00edan en Michoac\u00e1n y ahora con s\u00f3lo 17 a\u00f1os,\u00a0Elizabeth consigui\u00f3 una beca completa para estudiar Ciencias Pol\u00edticas en la Universidad de<\/p>\n","protected":false},"author":1,"featured_media":5967,"comment_status":"open","ping_status":"open","sticky":false,"template":"","format":"standard","meta":{"_jetpack_memberships_contains_paid_content":false,"footnotes":""},"categories":[1],"tags":[809,811,806,808,810,807],"class_list":["post-5961","post","type-post","status-publish","format-standard","has-post-thumbnail","hentry","category-ay-goeeee","tag-beca","tag-dreamers","tag-elizabeth","tag-harvard","tag-mexicana","tag-purepecha"],"yoast_head":"<!-- This site is optimized with the Yoast SEO plugin v26.7 - https:\/\/yoast.com\/wordpress\/plugins\/seo\/ -->\n<title>\u00bfQui\u00e9n es Elizabeth, la mexicana becada por Harvard? - So Close<\/title>\n<meta name=\"description\" content=\"Elizabeth vive en Estados Unidos junto con sus padres, quienes dejaron M\u00e9xico\u00a0 y actualmente viven en una casa m\u00f3vil en California.\" \/>\n<meta name=\"robots\" content=\"index, follow, max-snippet:-1, max-image-preview:large, max-video-preview:-1\" \/>\n<link rel=\"canonical\" href=\"https:\/\/soclose.mx\/blog\/ay-goeeee\/quien-es-elizabeth-la-mexicana-becada-por-harvard\/\" \/>\n<meta property=\"og:locale\" content=\"es_MX\" \/>\n<meta property=\"og:type\" content=\"article\" \/>\n<meta property=\"og:title\" content=\"\u00bfQui\u00e9n es Elizabeth, la mexicana becada por Harvard? - So Close\" \/>\n<meta property=\"og:description\" content=\"Elizabeth vive en Estados Unidos junto con sus padres, quienes dejaron M\u00e9xico\u00a0 y actualmente viven en una casa m\u00f3vil en California.\" \/>\n<meta property=\"og:url\" content=\"https:\/\/soclose.mx\/blog\/ay-goeeee\/quien-es-elizabeth-la-mexicana-becada-por-harvard\/\" \/>\n<meta property=\"og:site_name\" content=\"So Close\" \/>\n<meta property=\"article:published_time\" content=\"2021-04-20T19:14:51+00:00\" \/>\n<meta property=\"og:image\" content=\"https:\/\/soclose.mx\/blog\/wp-content\/uploads\/2021\/04\/elizabeth-harvard.jpeg\" \/>\n\t<meta property=\"og:image:width\" content=\"1240\" \/>\n\t<meta property=\"og:image:height\" content=\"700\" \/>\n\t<meta property=\"og:image:type\" content=\"image\/jpeg\" \/>\n<meta name=\"author\" content=\"So Close\" \/>\n<meta name=\"twitter:card\" content=\"summary_large_image\" \/>\n<meta name=\"twitter:label1\" content=\"Escrito por\" \/>\n\t<meta name=\"twitter:data1\" content=\"So Close\" \/>\n\t<meta name=\"twitter:label2\" content=\"Tiempo de lectura\" \/>\n\t<meta name=\"twitter:data2\" content=\"1 minuto\" \/>\n<script type=\"application\/ld+json\" class=\"yoast-schema-graph\">{\"@context\":\"https:\/\/schema.org\",\"@graph\":[{\"@type\":\"Article\",\"@id\":\"https:\/\/soclose.mx\/blog\/ay-goeeee\/quien-es-elizabeth-la-mexicana-becada-por-harvard\/#article\",\"isPartOf\":{\"@id\":\"https:\/\/soclose.mx\/blog\/ay-goeeee\/quien-es-elizabeth-la-mexicana-becada-por-harvard\/\"},\"author\":{\"name\":\"So Close\",\"@id\":\"https:\/\/soclose.mx\/blog\/#\/schema\/person\/723eb117ab965b55c3e56b5d29751667\"},\"headline\":\"\u00bfQui\u00e9n es Elizabeth, la mexicana becada por Harvard?\",\"datePublished\":\"2021-04-20T19:14:51+00:00\",\"mainEntityOfPage\":{\"@id\":\"https:\/\/soclose.mx\/blog\/ay-goeeee\/quien-es-elizabeth-la-mexicana-becada-por-harvard\/\"},\"wordCount\":122,\"commentCount\":0,\"publisher\":{\"@id\":\"https:\/\/soclose.mx\/blog\/#organization\"},\"image\":{\"@id\":\"https:\/\/soclose.mx\/blog\/ay-goeeee\/quien-es-elizabeth-la-mexicana-becada-por-harvard\/#primaryimage\"},\"thumbnailUrl\":\"https:\/\/i0.wp.com\/soclose.mx\/blog\/wp-content\/uploads\/2021\/04\/elizabeth-harvard.jpeg?fit=1240%2C700&ssl=1\",\"keywords\":[\"beca\",\"dreamers\",\"elizabeth\",\"harvard\",\"mexicana\",\"purepecha\"],\"articleSection\":[\"\u00a1Ay goeeee!\"],\"inLanguage\":\"es\",\"potentialAction\":[{\"@type\":\"CommentAction\",\"name\":\"Comment\",\"target\":[\"https:\/\/soclose.mx\/blog\/ay-goeeee\/quien-es-elizabeth-la-mexicana-becada-por-harvard\/#respond\"]}]},{\"@type\":\"WebPage\",\"@id\":\"https:\/\/soclose.mx\/blog\/ay-goeeee\/quien-es-elizabeth-la-mexicana-becada-por-harvard\/\",\"url\":\"https:\/\/soclose.mx\/blog\/ay-goeeee\/quien-es-elizabeth-la-mexicana-becada-por-harvard\/\",\"name\":\"\u00bfQui\u00e9n es Elizabeth, la mexicana becada por Harvard? - So Close\",\"isPartOf\":{\"@id\":\"https:\/\/soclose.mx\/blog\/#website\"},\"primaryImageOfPage\":{\"@id\":\"https:\/\/soclose.mx\/blog\/ay-goeeee\/quien-es-elizabeth-la-mexicana-becada-por-harvard\/#primaryimage\"},\"image\":{\"@id\":\"https:\/\/soclose.mx\/blog\/ay-goeeee\/quien-es-elizabeth-la-mexicana-becada-por-harvard\/#primaryimage\"},\"thumbnailUrl\":\"https:\/\/i0.wp.com\/soclose.mx\/blog\/wp-content\/uploads\/2021\/04\/elizabeth-harvard.jpeg?fit=1240%2C700&ssl=1\",\"datePublished\":\"2021-04-20T19:14:51+00:00\",\"description\":\"Elizabeth vive en Estados Unidos junto con sus padres, quienes dejaron M\u00e9xico\u00a0 y actualmente viven en una casa m\u00f3vil en California.\",\"breadcrumb\":{\"@id\":\"https:\/\/soclose.mx\/blog\/ay-goeeee\/quien-es-elizabeth-la-mexicana-becada-por-harvard\/#breadcrumb\"},\"inLanguage\":\"es\",\"potentialAction\":[{\"@type\":\"ReadAction\",\"target\":[\"https:\/\/soclose.mx\/blog\/ay-goeeee\/quien-es-elizabeth-la-mexicana-becada-por-harvard\/\"]}]},{\"@type\":\"ImageObject\",\"inLanguage\":\"es\",\"@id\":\"https:\/\/soclose.mx\/blog\/ay-goeeee\/quien-es-elizabeth-la-mexicana-becada-por-harvard\/#primaryimage\",\"url\":\"https:\/\/i0.wp.com\/soclose.mx\/blog\/wp-content\/uploads\/2021\/04\/elizabeth-harvard.jpeg?fit=1240%2C700&ssl=1\",\"contentUrl\":\"https:\/\/i0.wp.com\/soclose.mx\/blog\/wp-content\/uploads\/2021\/04\/elizabeth-harvard.jpeg?fit=1240%2C700&ssl=1\",\"width\":1240,\"height\":700},{\"@type\":\"BreadcrumbList\",\"@id\":\"https:\/\/soclose.mx\/blog\/ay-goeeee\/quien-es-elizabeth-la-mexicana-becada-por-harvard\/#breadcrumb\",\"itemListElement\":[{\"@type\":\"ListItem\",\"position\":1,\"name\":\"Inicio\",\"item\":\"https:\/\/soclose.mx\/blog\/\"},{\"@type\":\"ListItem\",\"position\":2,\"name\":\"\u00bfQui\u00e9n es Elizabeth, la mexicana becada por Harvard?\"}]},{\"@type\":\"WebSite\",\"@id\":\"https:\/\/soclose.mx\/blog\/#website\",\"url\":\"https:\/\/soclose.mx\/blog\/\",\"name\":\"So Close\",\"description\":\"Hacemos contenidos de M\u00e9xico\",\"publisher\":{\"@id\":\"https:\/\/soclose.mx\/blog\/#organization\"},\"potentialAction\":[{\"@type\":\"SearchAction\",\"target\":{\"@type\":\"EntryPoint\",\"urlTemplate\":\"https:\/\/soclose.mx\/blog\/?s={search_term_string}\"},\"query-input\":{\"@type\":\"PropertyValueSpecification\",\"valueRequired\":true,\"valueName\":\"search_term_string\"}}],\"inLanguage\":\"es\"},{\"@type\":\"Organization\",\"@id\":\"https:\/\/soclose.mx\/blog\/#organization\",\"name\":\"So Close\",\"url\":\"https:\/\/soclose.mx\/blog\/\",\"logo\":{\"@type\":\"ImageObject\",\"inLanguage\":\"es\",\"@id\":\"https:\/\/soclose.mx\/blog\/#\/schema\/logo\/image\/\",\"url\":\"https:\/\/i0.wp.com\/soclose.mx\/blog\/wp-content\/uploads\/2020\/12\/LOGO_SOCLOSE_COLOR-e1608310133507.png?fit=2858%2C1264&ssl=1\",\"contentUrl\":\"https:\/\/i0.wp.com\/soclose.mx\/blog\/wp-content\/uploads\/2020\/12\/LOGO_SOCLOSE_COLOR-e1608310133507.png?fit=2858%2C1264&ssl=1\",\"width\":2858,\"height\":1264,\"caption\":\"So Close\"},\"image\":{\"@id\":\"https:\/\/soclose.mx\/blog\/#\/schema\/logo\/image\/\"}},{\"@type\":\"Person\",\"@id\":\"https:\/\/soclose.mx\/blog\/#\/schema\/person\/723eb117ab965b55c3e56b5d29751667\",\"name\":\"So Close\",\"image\":{\"@type\":\"ImageObject\",\"inLanguage\":\"es\",\"@id\":\"https:\/\/soclose.mx\/blog\/#\/schema\/person\/image\/\",\"url\":\"https:\/\/secure.gravatar.com\/avatar\/5a1d1d694eaf6d2c28f450f0984cbb34821b92dc49c1d088c0250fbc6a48efec?s=96&d=mm&r=g\",\"contentUrl\":\"https:\/\/secure.gravatar.com\/avatar\/5a1d1d694eaf6d2c28f450f0984cbb34821b92dc49c1d088c0250fbc6a48efec?s=96&d=mm&r=g\",\"caption\":\"So Close\"},\"sameAs\":[\"http:\/\/www.soclose.mx\",\"https:\/\/www.youtube.com\/@soclosemx\"],\"url\":\"https:\/\/soclose.mx\/blog\/author\/admin\/\"}]}<\/script>\n<!-- \/ Yoast SEO plugin. -->","yoast_head_json":{"title":"\u00bfQui\u00e9n es Elizabeth, la mexicana becada por Harvard? - So Close","description":"Elizabeth vive en Estados Unidos junto con sus padres, quienes dejaron M\u00e9xico\u00a0 y actualmente viven en una casa m\u00f3vil en California.","robots":{"index":"index","follow":"follow","max-snippet":"max-snippet:-1","max-image-preview":"max-image-preview:large","max-video-preview":"max-video-preview:-1"},"canonical":"https:\/\/soclose.mx\/blog\/ay-goeeee\/quien-es-elizabeth-la-mexicana-becada-por-harvard\/","og_locale":"es_MX","og_type":"article","og_title":"\u00bfQui\u00e9n es Elizabeth, la mexicana becada por Harvard? - So Close","og_description":"Elizabeth vive en Estados Unidos junto con sus padres, quienes dejaron M\u00e9xico\u00a0 y actualmente viven en una casa m\u00f3vil en California.","og_url":"https:\/\/soclose.mx\/blog\/ay-goeeee\/quien-es-elizabeth-la-mexicana-becada-por-harvard\/","og_site_name":"So Close","article_published_time":"2021-04-20T19:14:51+00:00","og_image":[{"width":1240,"height":700,"url":"https:\/\/soclose.mx\/blog\/wp-content\/uploads\/2021\/04\/elizabeth-harvard.jpeg","type":"image\/jpeg"}],"author":"So Close","twitter_card":"summary_large_image","twitter_misc":{"Escrito por":"So Close","Tiempo de lectura":"1 minuto"},"schema":{"@context":"https:\/\/schema.org","@graph":[{"@type":"Article","@id":"https:\/\/soclose.mx\/blog\/ay-goeeee\/quien-es-elizabeth-la-mexicana-becada-por-harvard\/#article","isPartOf":{"@id":"https:\/\/soclose.mx\/blog\/ay-goeeee\/quien-es-elizabeth-la-mexicana-becada-por-harvard\/"},"author":{"name":"So Close","@id":"https:\/\/soclose.mx\/blog\/#\/schema\/person\/723eb117ab965b55c3e56b5d29751667"},"headline":"\u00bfQui\u00e9n es Elizabeth, la mexicana becada por Harvard?","datePublished":"2021-04-20T19:14:51+00:00","mainEntityOfPage":{"@id":"https:\/\/soclose.mx\/blog\/ay-goeeee\/quien-es-elizabeth-la-mexicana-becada-por-harvard\/"},"wordCount":122,"commentCount":0,"publisher":{"@id":"https:\/\/soclose.mx\/blog\/#organization"},"image":{"@id":"https:\/\/soclose.mx\/blog\/ay-goeeee\/quien-es-elizabeth-la-mexicana-becada-por-harvard\/#primaryimage"},"thumbnailUrl":"https:\/\/i0.wp.com\/soclose.mx\/blog\/wp-content\/uploads\/2021\/04\/elizabeth-harvard.jpeg?fit=1240%2C700&ssl=1","keywords":["beca","dreamers","elizabeth","harvard","mexicana","purepecha"],"articleSection":["\u00a1Ay goeeee!"],"inLanguage":"es","potentialAction":[{"@type":"CommentAction","name":"Comment","target":["https:\/\/soclose.mx\/blog\/ay-goeeee\/quien-es-elizabeth-la-mexicana-becada-por-harvard\/#respond"]}]},{"@type":"WebPage","@id":"https:\/\/soclose.mx\/blog\/ay-goeeee\/quien-es-elizabeth-la-mexicana-becada-por-harvard\/","url":"https:\/\/soclose.mx\/blog\/ay-goeeee\/quien-es-elizabeth-la-mexicana-becada-por-harvard\/","name":"\u00bfQui\u00e9n es Elizabeth, la mexicana becada por Harvard? - So Close","isPartOf":{"@id":"https:\/\/soclose.mx\/blog\/#website"},"primaryImageOfPage":{"@id":"https:\/\/soclose.mx\/blog\/ay-goeeee\/quien-es-elizabeth-la-mexicana-becada-por-harvard\/#primaryimage"},"image":{"@id":"https:\/\/soclose.mx\/blog\/ay-goeeee\/quien-es-elizabeth-la-mexicana-becada-por-harvard\/#primaryimage"},"thumbnailUrl":"https:\/\/i0.wp.com\/soclose.mx\/blog\/wp-content\/uploads\/2021\/04\/elizabeth-harvard.jpeg?fit=1240%2C700&ssl=1","datePublished":"2021-04-20T19:14:51+00:00","description":"Elizabeth vive en Estados Unidos junto con sus padres, quienes dejaron M\u00e9xico\u00a0 y actualmente viven en una casa m\u00f3vil en California.","breadcrumb":{"@id":"https:\/\/soclose.mx\/blog\/ay-goeeee\/quien-es-elizabeth-la-mexicana-becada-por-harvard\/#breadcrumb"},"inLanguage":"es","potentialAction":[{"@type":"ReadAction","target":["https:\/\/soclose.mx\/blog\/ay-goeeee\/quien-es-elizabeth-la-mexicana-becada-por-harvard\/"]}]},{"@type":"ImageObject","inLanguage":"es","@id":"https:\/\/soclose.mx\/blog\/ay-goeeee\/quien-es-elizabeth-la-mexicana-becada-por-harvard\/#primaryimage","url":"https:\/\/i0.wp.com\/soclose.mx\/blog\/wp-content\/uploads\/2021\/04\/elizabeth-harvard.jpeg?fit=1240%2C700&ssl=1","contentUrl":"https:\/\/i0.wp.com\/soclose.mx\/blog\/wp-content\/uploads\/2021\/04\/elizabeth-harvard.jpeg?fit=1240%2C700&ssl=1","width":1240,"height":700},{"@type":"BreadcrumbList","@id":"https:\/\/soclose.mx\/blog\/ay-goeeee\/quien-es-elizabeth-la-mexicana-becada-por-harvard\/#breadcrumb","itemListElement":[{"@type":"ListItem","position":1,"name":"Inicio","item":"https:\/\/soclose.mx\/blog\/"},{"@type":"ListItem","position":2,"name":"\u00bfQui\u00e9n es Elizabeth, la mexicana becada por Harvard?"}]},{"@type":"WebSite","@id":"https:\/\/soclose.mx\/blog\/#website","url":"https:\/\/soclose.mx\/blog\/","name":"So Close","description":"Hacemos contenidos de M\u00e9xico","publisher":{"@id":"https:\/\/soclose.mx\/blog\/#organization"},"potentialAction":[{"@type":"SearchAction","target":{"@type":"EntryPoint","urlTemplate":"https:\/\/soclose.mx\/blog\/?s={search_term_string}"},"query-input":{"@type":"PropertyValueSpecification","valueRequired":true,"valueName":"search_term_string"}}],"inLanguage":"es"},{"@type":"Organization","@id":"https:\/\/soclose.mx\/blog\/#organization","name":"So Close","url":"https:\/\/soclose.mx\/blog\/","logo":{"@type":"ImageObject","inLanguage":"es","@id":"https:\/\/soclose.mx\/blog\/#\/schema\/logo\/image\/","url":"https:\/\/i0.wp.com\/soclose.mx\/blog\/wp-content\/uploads\/2020\/12\/LOGO_SOCLOSE_COLOR-e1608310133507.png?fit=2858%2C1264&ssl=1","contentUrl":"https:\/\/i0.wp.com\/soclose.mx\/blog\/wp-content\/uploads\/2020\/12\/LOGO_SOCLOSE_COLOR-e1608310133507.png?fit=2858%2C1264&ssl=1","width":2858,"height":1264,"caption":"So Close"},"image":{"@id":"https:\/\/soclose.mx\/blog\/#\/schema\/logo\/image\/"}},{"@type":"Person","@id":"https:\/\/soclose.mx\/blog\/#\/schema\/person\/723eb117ab965b55c3e56b5d29751667","name":"So Close","image":{"@type":"ImageObject","inLanguage":"es","@id":"https:\/\/soclose.mx\/blog\/#\/schema\/person\/image\/","url":"https:\/\/secure.gravatar.com\/avatar\/5a1d1d694eaf6d2c28f450f0984cbb34821b92dc49c1d088c0250fbc6a48efec?s=96&d=mm&r=g","contentUrl":"https:\/\/secure.gravatar.com\/avatar\/5a1d1d694eaf6d2c28f450f0984cbb34821b92dc49c1d088c0250fbc6a48efec?s=96&d=mm&r=g","caption":"So Close"},"sameAs":["http:\/\/www.soclose.mx","https:\/\/www.youtube.com\/@soclosemx"],"url":"https:\/\/soclose.mx\/blog\/author\/admin\/"}]}},"jetpack_featured_media_url":"https:\/\/i0.wp.com\/soclose.mx\/blog\/wp-content\/uploads\/2021\/04\/elizabeth-harvard.jpeg?fit=1240%2C700&ssl=1","jetpack-related-posts":[{"id":6316,"url":"https:\/\/soclose.mx\/blog\/ay-goeeee\/quien-es-el-mexicano-ramiro-gonzalez-que-va-a-harvard\/","url_meta":{"origin":5961,"position":0},"title":"\u00bfQui\u00e9n es el mexicano Ramiro Gonz\u00e1lez que va a Harvard?","author":"So Close","date":"28 junio, 2021","format":false,"excerpt":"Hijo de un campesino y una ama de casa, el joven zapoteca Ramiro Gonz\u00e1lez Cruz naci\u00f3 el 14 de octubre de 1997. Cuando ten\u00eda 16 a\u00f1os se fue a la capital de Oaxaca para estudiar la secundaria, luego termin\u00f3 la preparatoria como T\u00e9cnico Superior Universitario en Desarrollo de Negocios en\u2026","rel":"","context":"En &quot;\u00a1Ay goeeee!&quot;","block_context":{"text":"\u00a1Ay goeeee!","link":"https:\/\/soclose.mx\/blog\/category\/ay-goeeee\/"},"img":{"alt_text":"","src":"https:\/\/i0.wp.com\/soclose.mx\/blog\/wp-content\/uploads\/2021\/06\/ramiro-gonzalez-harvard.jpeg?fit=1200%2C677&ssl=1&resize=350%2C200","width":350,"height":200,"srcset":"https:\/\/i0.wp.com\/soclose.mx\/blog\/wp-content\/uploads\/2021\/06\/ramiro-gonzalez-harvard.jpeg?fit=1200%2C677&ssl=1&resize=350%2C200 1x, https:\/\/i0.wp.com\/soclose.mx\/blog\/wp-content\/uploads\/2021\/06\/ramiro-gonzalez-harvard.jpeg?fit=1200%2C677&ssl=1&resize=525%2C300 1.5x, https:\/\/i0.wp.com\/soclose.mx\/blog\/wp-content\/uploads\/2021\/06\/ramiro-gonzalez-harvard.jpeg?fit=1200%2C677&ssl=1&resize=700%2C400 2x, https:\/\/i0.wp.com\/soclose.mx\/blog\/wp-content\/uploads\/2021\/06\/ramiro-gonzalez-harvard.jpeg?fit=1200%2C677&ssl=1&resize=1050%2C600 3x"},"classes":[]},{"id":9862,"url":"https:\/\/soclose.mx\/blog\/news-feed\/gracias-a-cold-play-mexicano-estudiara-en-harvard\/","url_meta":{"origin":5961,"position":1},"title":"Gracias a Cold Play, mexicano estudiar\u00e1 en Harvard","author":"Daniel Ram\u00edrez","date":"14 mayo, 2022","format":false,"excerpt":"\u00bfCambiar\u00edas el sue\u00f1o de ver a tu banda favorita por estudiar en el extranjero? Un joven del s\u00e9ptimo semestre de medicina en la Universidad Aut\u00f3noma del Estado de M\u00e9xico ni lo pens\u00f3. Alejandro Miranda ten\u00eda cuatro boletos para asistir con su familia al concierto de Cold Play, la banda brit\u00e1nica\u2026","rel":"","context":"En &quot;News feed&quot;","block_context":{"text":"News feed","link":"https:\/\/soclose.mx\/blog\/category\/news-feed\/"},"img":{"alt_text":"","src":"https:\/\/i0.wp.com\/soclose.mx\/blog\/wp-content\/uploads\/2022\/05\/pexels-wendy-wei-1190297-scaled.jpg?fit=1200%2C800&ssl=1&resize=350%2C200","width":350,"height":200,"srcset":"https:\/\/i0.wp.com\/soclose.mx\/blog\/wp-content\/uploads\/2022\/05\/pexels-wendy-wei-1190297-scaled.jpg?fit=1200%2C800&ssl=1&resize=350%2C200 1x, https:\/\/i0.wp.com\/soclose.mx\/blog\/wp-content\/uploads\/2022\/05\/pexels-wendy-wei-1190297-scaled.jpg?fit=1200%2C800&ssl=1&resize=525%2C300 1.5x, https:\/\/i0.wp.com\/soclose.mx\/blog\/wp-content\/uploads\/2022\/05\/pexels-wendy-wei-1190297-scaled.jpg?fit=1200%2C800&ssl=1&resize=700%2C400 2x, https:\/\/i0.wp.com\/soclose.mx\/blog\/wp-content\/uploads\/2022\/05\/pexels-wendy-wei-1190297-scaled.jpg?fit=1200%2C800&ssl=1&resize=1050%2C600 3x"},"classes":[]},{"id":13449,"url":"https:\/\/soclose.mx\/blog\/tramites\/pasos-para-estudiar-en-europa-si-eres-mexicano\/","url_meta":{"origin":5961,"position":2},"title":"Pasos para estudiar en Europa, si eres mexicano","author":"Gerardo Albert","date":"9 abril, 2024","format":false,"excerpt":"Estudiar en Europa es el sue\u00f1o de muchos estudiantes mexicanos que desean continuar con su preparaci\u00f3n profesional en el 'Viejo Continente'. El abanico de posibilidades para elegir un pa\u00eds es muy amplio. La gran mayor\u00eda opta por Espa\u00f1a debido al idioma; sin embargo, otros pa\u00edses tambi\u00e9n ofrecen muchas posibilidades atractivas\u2026","rel":"","context":"En &quot;Tr\u00e1mites&quot;","block_context":{"text":"Tr\u00e1mites","link":"https:\/\/soclose.mx\/blog\/category\/tramites\/"},"img":{"alt_text":"","src":"https:\/\/i0.wp.com\/soclose.mx\/blog\/wp-content\/uploads\/2024\/03\/foto-portada-est-europa.jpeg?fit=1200%2C800&ssl=1&resize=350%2C200","width":350,"height":200,"srcset":"https:\/\/i0.wp.com\/soclose.mx\/blog\/wp-content\/uploads\/2024\/03\/foto-portada-est-europa.jpeg?fit=1200%2C800&ssl=1&resize=350%2C200 1x, https:\/\/i0.wp.com\/soclose.mx\/blog\/wp-content\/uploads\/2024\/03\/foto-portada-est-europa.jpeg?fit=1200%2C800&ssl=1&resize=525%2C300 1.5x, https:\/\/i0.wp.com\/soclose.mx\/blog\/wp-content\/uploads\/2024\/03\/foto-portada-est-europa.jpeg?fit=1200%2C800&ssl=1&resize=700%2C400 2x, https:\/\/i0.wp.com\/soclose.mx\/blog\/wp-content\/uploads\/2024\/03\/foto-portada-est-europa.jpeg?fit=1200%2C800&ssl=1&resize=1050%2C600 3x"},"classes":[]},{"id":13434,"url":"https:\/\/soclose.mx\/blog\/tramites\/como-estudiar-en-estados-unidos-si-eres-mexicano\/","url_meta":{"origin":5961,"position":3},"title":"C\u00f3mo estudiar en Estados Unidos si eres mexicano","author":"Gerardo Albert","date":"22 marzo, 2024","format":false,"excerpt":"Muchos j\u00f3venes mexicanos desean continuar sus estudios en Estados Unidos. Aunque parece una meta complicada, en la actualidad hay muchas opciones que te permiten encontrar una escuela en este pa\u00eds. La opci\u00f3n m\u00e1s f\u00e1cil es conseguir una beca, pero tambi\u00e9n existen programas gubernamentales que te ayudan a lograr este objetivo.\u2026","rel":"","context":"En &quot;Tr\u00e1mites&quot;","block_context":{"text":"Tr\u00e1mites","link":"https:\/\/soclose.mx\/blog\/category\/tramites\/"},"img":{"alt_text":"","src":"https:\/\/i0.wp.com\/soclose.mx\/blog\/wp-content\/uploads\/2024\/03\/Foto-campus-universitario.jpg?fit=1200%2C800&ssl=1&resize=350%2C200","width":350,"height":200,"srcset":"https:\/\/i0.wp.com\/soclose.mx\/blog\/wp-content\/uploads\/2024\/03\/Foto-campus-universitario.jpg?fit=1200%2C800&ssl=1&resize=350%2C200 1x, https:\/\/i0.wp.com\/soclose.mx\/blog\/wp-content\/uploads\/2024\/03\/Foto-campus-universitario.jpg?fit=1200%2C800&ssl=1&resize=525%2C300 1.5x, https:\/\/i0.wp.com\/soclose.mx\/blog\/wp-content\/uploads\/2024\/03\/Foto-campus-universitario.jpg?fit=1200%2C800&ssl=1&resize=700%2C400 2x, https:\/\/i0.wp.com\/soclose.mx\/blog\/wp-content\/uploads\/2024\/03\/Foto-campus-universitario.jpg?fit=1200%2C800&ssl=1&resize=1050%2C600 3x"},"classes":[]},{"id":10904,"url":"https:\/\/soclose.mx\/blog\/a-la-mexicana\/manuel-uruchurtu-el-unico-mexicano-en-el-titanic\/","url_meta":{"origin":5961,"position":4},"title":"Manuel Uruchurtu, el \u00fanico mexicano en el Titanic","author":"Daniel Ram\u00edrez","date":"12 agosto, 2022","format":false,"excerpt":"Algunos dicen que el destino de cada uno ya est\u00e1 marcado, otros que son las circunstancias y unos cuantos que es la casualidad la que nos orilla a ciertos pasajes en la vida. Cualquiera de estas hip\u00f3tesis pueden ser ciertas al hablar de Manuel Uruchurtu, el \u00fanico mexicano que viaj\u00f3\u2026","rel":"","context":"En &quot;A la mexicana&quot;","block_context":{"text":"A la mexicana","link":"https:\/\/soclose.mx\/blog\/category\/a-la-mexicana\/"},"img":{"alt_text":"","src":"https:\/\/i0.wp.com\/soclose.mx\/blog\/wp-content\/uploads\/2022\/08\/Manuel-Uruchurtu.jpg?fit=674%2C336&ssl=1&resize=350%2C200","width":350,"height":200,"srcset":"https:\/\/i0.wp.com\/soclose.mx\/blog\/wp-content\/uploads\/2022\/08\/Manuel-Uruchurtu.jpg?fit=674%2C336&ssl=1&resize=350%2C200 1x, https:\/\/i0.wp.com\/soclose.mx\/blog\/wp-content\/uploads\/2022\/08\/Manuel-Uruchurtu.jpg?fit=674%2C336&ssl=1&resize=525%2C300 1.5x"},"classes":[]},{"id":7145,"url":"https:\/\/soclose.mx\/blog\/bebida\/6-bebidas-perfectas-para-gritar-viva-mexico\/","url_meta":{"origin":5961,"position":5},"title":"6 bebidas perfectas para gritar &#8220;\u00a1Viva M\u00e9xico!&#8221;","author":"Miguel Angel Romero","date":"25 agosto, 2023","format":false,"excerpt":"Todos los d\u00edas son perfectos para celebrar a nuestro pa\u00eds, pero hay un d\u00eda especial en la que gritamos \"Viva M\u00e9xico\" y qu\u00e9 mejor hacerlo con una bebida muy nacional, \u00bfa poco no? Y es por eso que enlistamos seis l\u00edquidos perfectos para que disfrutemos la noche m\u00e1s mexicana: \u00a0Tequila\u2026","rel":"","context":"En &quot;Bebida&quot;","block_context":{"text":"Bebida","link":"https:\/\/soclose.mx\/blog\/category\/bebida\/"},"img":{"alt_text":"","src":"https:\/\/i0.wp.com\/soclose.mx\/blog\/wp-content\/uploads\/2021\/09\/Principal-So-Close-blog-15.jpg?fit=1200%2C677&ssl=1&resize=350%2C200","width":350,"height":200,"srcset":"https:\/\/i0.wp.com\/soclose.mx\/blog\/wp-content\/uploads\/2021\/09\/Principal-So-Close-blog-15.jpg?fit=1200%2C677&ssl=1&resize=350%2C200 1x, https:\/\/i0.wp.com\/soclose.mx\/blog\/wp-content\/uploads\/2021\/09\/Principal-So-Close-blog-15.jpg?fit=1200%2C677&ssl=1&resize=525%2C300 1.5x, https:\/\/i0.wp.com\/soclose.mx\/blog\/wp-content\/uploads\/2021\/09\/Principal-So-Close-blog-15.jpg?fit=1200%2C677&ssl=1&resize=700%2C400 2x, https:\/\/i0.wp.com\/soclose.mx\/blog\/wp-content\/uploads\/2021\/09\/Principal-So-Close-blog-15.jpg?fit=1200%2C677&ssl=1&resize=1050%2C600 3x"},"classes":[]}],"jetpack_sharing_enabled":true,"_links":{"self":[{"href":"https:\/\/soclose.mx\/blog\/wp-json\/wp\/v2\/posts\/5961","targetHints":{"allow":["GET"]}}],"collection":[{"href":"https:\/\/soclose.mx\/blog\/wp-json\/wp\/v2\/posts"}],"about":[{"href":"https:\/\/soclose.mx\/blog\/wp-json\/wp\/v2\/types\/post"}],"author":[{"embeddable":true,"href":"https:\/\/soclose.mx\/blog\/wp-json\/wp\/v2\/users\/1"}],"replies":[{"embeddable":true,"href":"https:\/\/soclose.mx\/blog\/wp-json\/wp\/v2\/comments?post=5961"}],"version-history":[{"count":0,"href":"https:\/\/soclose.mx\/blog\/wp-json\/wp\/v2\/posts\/5961\/revisions"}],"wp:featuredmedia":[{"embeddable":true,"href":"https:\/\/soclose.mx\/blog\/wp-json\/wp\/v2\/media\/5967"}],"wp:attachment":[{"href":"https:\/\/soclose.mx\/blog\/wp-json\/wp\/v2\/media?parent=5961"}],"wp:term":[{"taxonomy":"category","embeddable":true,"href":"https:\/\/soclose.mx\/blog\/wp-json\/wp\/v2\/categories?post=5961"},{"taxonomy":"post_tag","embeddable":true,"href":"https:\/\/soclose.mx\/blog\/wp-json\/wp\/v2\/tags?post=5961"}],"curies":[{"name":"wp","href":"https:\/\/api.w.org\/{rel}","templated":true}]}}