{"id":5969,"date":"2021-04-22T20:38:50","date_gmt":"2021-04-23T01:38:50","guid":{"rendered":"https:\/\/soclose.mx\/blog\/?p=5969"},"modified":"2021-05-07T20:20:59","modified_gmt":"2021-05-08T01:20:59","slug":"7-datos-de-adhara-la-nina-mexicana-que-viajara-a-marte","status":"publish","type":"post","link":"https:\/\/soclose.mx\/blog\/ay-goeeee\/7-datos-de-adhara-la-nina-mexicana-que-viajara-a-marte\/","title":{"rendered":"7 datos de Adhara, la ni\u00f1a mexicana que viajar\u00e1 a Marte"},"content":{"rendered":"<p>Por <em><strong>Manolo RoCa<\/strong><\/em><\/p>\n<p>Sin duda, <a href=\"https:\/\/soclose.mx\/blog\/tag\/ciudad-de-mexico\/\" target=\"_blank\" rel=\"noopener\"><strong>M\u00e9xico<\/strong><\/a> tiene tesoros que ning\u00fan otro lugar del planeta podr\u00e1 presumir, pero no solo se trata de lugares, comida, colores y sabores, <strong>M\u00e9xico<\/strong> tambi\u00e9n tiene personas impresionantes y un ejemplo de estas joyas es <strong>Adhara,<\/strong> una peque\u00f1a que sorprendi\u00f3 al mundo con su capacidad intelectual.<\/p>\n<p>Estos son los 7 datos b\u00e1sicos que debes conocer de ella y, por supuesto, presumirlos:<\/p>\n<blockquote>\n<ol>\n<li>Vive en Tl\u00e1huac, <a href=\"https:\/\/soclose.mx\/blog\/quieren-que-la-ciudad-de-mexico-se-llame-mexico-tenochtitlan-encuesta\/\" target=\"_blank\" rel=\"noopener\"><strong>Ciudad de M\u00e9xico.<\/strong><\/a><\/li>\n<li>Posee un coeficiente intelectual de 162, superior al de <strong>Albert Einstein <\/strong>y dice que tiene una f\u00f3rmula para viajar en el tiempo.<\/li>\n<li>Ser\u00e1 parte de una misi\u00f3n de la <a href=\"https:\/\/www.nasa.gov\/\" target=\"_blank\" rel=\"noopener\">NASA<\/a> que viajar\u00e1 a <strong>Marte.<\/strong><\/li>\n<li>Estudia Ingenier\u00eda Industrial en Matem\u00e1ticas e Ingenier\u00eda en Sistemas.<\/li>\n<li>A los tres a\u00f1os,<strong> Adhara<\/strong> fue diagnosticada con <strong>s\u00edndrome de Asperger<\/strong>, un trastorno neurobiol\u00f3gico del espectro autista.<\/li>\n<li>Quiere ingresar en la Universidad de Arizona para estudiar astrof\u00edsica y ya est\u00e1 aprendiendo ingl\u00e9s.<\/li>\n<li>En 2019, form\u00f3 parte de la lista de la revista<strong> Forbes <\/strong>de las mujeres m\u00e1s poderosas\u00a0de\u00a0<strong>M\u00e9xico.<\/strong><\/li>\n<\/ol>\n<\/blockquote>\n<p>&nbsp;<\/p>\n<p><iframe loading=\"lazy\" style=\"border: none; overflow: hidden;\" src=\"https:\/\/www.facebook.com\/plugins\/video.php?height=314&amp;href=https%3A%2F%2Fwww.facebook.com%2FCNCICampusCumbres%2Fvideos%2F2805442113004375%2F&amp;show_text=true&amp;width=560\" width=\"560\" height=\"429\" frameborder=\"0\" scrolling=\"no\" allowfullscreen=\"allowfullscreen\"><\/iframe><\/p>\n","protected":false},"excerpt":{"rendered":"<p>Por Manolo RoCa Sin duda, M\u00e9xico tiene tesoros que ning\u00fan otro lugar del planeta podr\u00e1 presumir, pero no solo se trata de lugares, comida, colores y sabores, M\u00e9xico tambi\u00e9n tiene personas impresionantes y un ejemplo de estas joyas es Adhara, una peque\u00f1a que sorprendi\u00f3 al mundo con su capacidad intelectual. Estos son los 7 datos b\u00e1sicos que debes conocer de ella y, por supuesto, presumirlos: Vive en Tl\u00e1huac, Ciudad de M\u00e9xico. Posee un coeficiente intelectual de 162, superior al de Albert Einstein y dice que tiene una f\u00f3rmula para viajar en el tiempo. Ser\u00e1 parte de una misi\u00f3n de la<\/p>\n","protected":false},"author":1,"featured_media":5980,"comment_status":"open","ping_status":"open","sticky":false,"template":"","format":"standard","meta":{"_jetpack_memberships_contains_paid_content":false,"footnotes":""},"categories":[1],"tags":[812,818,816,813,817,814,815],"class_list":["post-5969","post","type-post","status-publish","format-standard","has-post-thumbnail","hentry","category-ay-goeeee","tag-adhara","tag-asperger","tag-einstein","tag-iq","tag-marte","tag-nasa","tag-universidad-de-arizona"],"yoast_head":"<!-- This site is optimized with the Yoast SEO plugin v26.7 - https:\/\/yoast.com\/wordpress\/plugins\/seo\/ -->\n<title>7 datos de Adhara, la ni\u00f1a mexicana que viajar\u00e1 a Marte - So Close<\/title>\n<meta name=\"description\" content=\"M\u00e9xico tiene tesoros que ning\u00fan otro lugar podr\u00e1 presumir, pero no solo se trata de lugares tambi\u00e9n tiene personas impresionantes.\" \/>\n<meta name=\"robots\" content=\"index, follow, max-snippet:-1, max-image-preview:large, max-video-preview:-1\" \/>\n<link rel=\"canonical\" href=\"https:\/\/soclose.mx\/blog\/ay-goeeee\/7-datos-de-adhara-la-nina-mexicana-que-viajara-a-marte\/\" \/>\n<meta property=\"og:locale\" content=\"es_MX\" \/>\n<meta property=\"og:type\" content=\"article\" \/>\n<meta property=\"og:title\" content=\"7 datos de Adhara, la ni\u00f1a mexicana que viajar\u00e1 a Marte - So Close\" \/>\n<meta property=\"og:description\" content=\"M\u00e9xico tiene tesoros que ning\u00fan otro lugar podr\u00e1 presumir, pero no solo se trata de lugares tambi\u00e9n tiene personas impresionantes.\" \/>\n<meta property=\"og:url\" content=\"https:\/\/soclose.mx\/blog\/ay-goeeee\/7-datos-de-adhara-la-nina-mexicana-que-viajara-a-marte\/\" \/>\n<meta property=\"og:site_name\" content=\"So Close\" \/>\n<meta property=\"article:published_time\" content=\"2021-04-23T01:38:50+00:00\" \/>\n<meta property=\"article:modified_time\" content=\"2021-05-08T01:20:59+00:00\" \/>\n<meta property=\"og:image\" content=\"https:\/\/i0.wp.com\/soclose.mx\/blog\/wp-content\/uploads\/2021\/04\/Principal-So-Close-blog-2.jpeg?fit=1240%2C700&ssl=1\" \/>\n\t<meta property=\"og:image:width\" content=\"1240\" \/>\n\t<meta property=\"og:image:height\" content=\"700\" \/>\n\t<meta property=\"og:image:type\" content=\"image\/jpeg\" \/>\n<meta name=\"author\" content=\"So Close\" \/>\n<meta name=\"twitter:card\" content=\"summary_large_image\" \/>\n<meta name=\"twitter:label1\" content=\"Escrito por\" \/>\n\t<meta name=\"twitter:data1\" content=\"So Close\" \/>\n\t<meta name=\"twitter:label2\" content=\"Tiempo de lectura\" \/>\n\t<meta name=\"twitter:data2\" content=\"1 minuto\" \/>\n<script type=\"application\/ld+json\" class=\"yoast-schema-graph\">{\"@context\":\"https:\/\/schema.org\",\"@graph\":[{\"@type\":\"Article\",\"@id\":\"https:\/\/soclose.mx\/blog\/ay-goeeee\/7-datos-de-adhara-la-nina-mexicana-que-viajara-a-marte\/#article\",\"isPartOf\":{\"@id\":\"https:\/\/soclose.mx\/blog\/ay-goeeee\/7-datos-de-adhara-la-nina-mexicana-que-viajara-a-marte\/\"},\"author\":{\"name\":\"So Close\",\"@id\":\"https:\/\/soclose.mx\/blog\/#\/schema\/person\/723eb117ab965b55c3e56b5d29751667\"},\"headline\":\"7 datos de Adhara, la ni\u00f1a mexicana que viajar\u00e1 a Marte\",\"datePublished\":\"2021-04-23T01:38:50+00:00\",\"dateModified\":\"2021-05-08T01:20:59+00:00\",\"mainEntityOfPage\":{\"@id\":\"https:\/\/soclose.mx\/blog\/ay-goeeee\/7-datos-de-adhara-la-nina-mexicana-que-viajara-a-marte\/\"},\"wordCount\":193,\"commentCount\":0,\"publisher\":{\"@id\":\"https:\/\/soclose.mx\/blog\/#organization\"},\"image\":{\"@id\":\"https:\/\/soclose.mx\/blog\/ay-goeeee\/7-datos-de-adhara-la-nina-mexicana-que-viajara-a-marte\/#primaryimage\"},\"thumbnailUrl\":\"https:\/\/i0.wp.com\/soclose.mx\/blog\/wp-content\/uploads\/2021\/04\/Principal-So-Close-blog-2.jpeg?fit=1240%2C700&ssl=1\",\"keywords\":[\"adhara\",\"asperger\",\"einstein\",\"iq\",\"marte\",\"nasa\",\"universidad de arizona\"],\"articleSection\":[\"\u00a1Ay goeeee!\"],\"inLanguage\":\"es\",\"potentialAction\":[{\"@type\":\"CommentAction\",\"name\":\"Comment\",\"target\":[\"https:\/\/soclose.mx\/blog\/ay-goeeee\/7-datos-de-adhara-la-nina-mexicana-que-viajara-a-marte\/#respond\"]}]},{\"@type\":\"WebPage\",\"@id\":\"https:\/\/soclose.mx\/blog\/ay-goeeee\/7-datos-de-adhara-la-nina-mexicana-que-viajara-a-marte\/\",\"url\":\"https:\/\/soclose.mx\/blog\/ay-goeeee\/7-datos-de-adhara-la-nina-mexicana-que-viajara-a-marte\/\",\"name\":\"7 datos de Adhara, la ni\u00f1a mexicana que viajar\u00e1 a Marte - So Close\",\"isPartOf\":{\"@id\":\"https:\/\/soclose.mx\/blog\/#website\"},\"primaryImageOfPage\":{\"@id\":\"https:\/\/soclose.mx\/blog\/ay-goeeee\/7-datos-de-adhara-la-nina-mexicana-que-viajara-a-marte\/#primaryimage\"},\"image\":{\"@id\":\"https:\/\/soclose.mx\/blog\/ay-goeeee\/7-datos-de-adhara-la-nina-mexicana-que-viajara-a-marte\/#primaryimage\"},\"thumbnailUrl\":\"https:\/\/i0.wp.com\/soclose.mx\/blog\/wp-content\/uploads\/2021\/04\/Principal-So-Close-blog-2.jpeg?fit=1240%2C700&ssl=1\",\"datePublished\":\"2021-04-23T01:38:50+00:00\",\"dateModified\":\"2021-05-08T01:20:59+00:00\",\"description\":\"M\u00e9xico tiene tesoros que ning\u00fan otro lugar podr\u00e1 presumir, pero no solo se trata de lugares tambi\u00e9n tiene personas impresionantes.\",\"breadcrumb\":{\"@id\":\"https:\/\/soclose.mx\/blog\/ay-goeeee\/7-datos-de-adhara-la-nina-mexicana-que-viajara-a-marte\/#breadcrumb\"},\"inLanguage\":\"es\",\"potentialAction\":[{\"@type\":\"ReadAction\",\"target\":[\"https:\/\/soclose.mx\/blog\/ay-goeeee\/7-datos-de-adhara-la-nina-mexicana-que-viajara-a-marte\/\"]}]},{\"@type\":\"ImageObject\",\"inLanguage\":\"es\",\"@id\":\"https:\/\/soclose.mx\/blog\/ay-goeeee\/7-datos-de-adhara-la-nina-mexicana-que-viajara-a-marte\/#primaryimage\",\"url\":\"https:\/\/i0.wp.com\/soclose.mx\/blog\/wp-content\/uploads\/2021\/04\/Principal-So-Close-blog-2.jpeg?fit=1240%2C700&ssl=1\",\"contentUrl\":\"https:\/\/i0.wp.com\/soclose.mx\/blog\/wp-content\/uploads\/2021\/04\/Principal-So-Close-blog-2.jpeg?fit=1240%2C700&ssl=1\",\"width\":1240,\"height\":700},{\"@type\":\"BreadcrumbList\",\"@id\":\"https:\/\/soclose.mx\/blog\/ay-goeeee\/7-datos-de-adhara-la-nina-mexicana-que-viajara-a-marte\/#breadcrumb\",\"itemListElement\":[{\"@type\":\"ListItem\",\"position\":1,\"name\":\"Inicio\",\"item\":\"https:\/\/soclose.mx\/blog\/\"},{\"@type\":\"ListItem\",\"position\":2,\"name\":\"7 datos de Adhara, la ni\u00f1a mexicana que viajar\u00e1 a Marte\"}]},{\"@type\":\"WebSite\",\"@id\":\"https:\/\/soclose.mx\/blog\/#website\",\"url\":\"https:\/\/soclose.mx\/blog\/\",\"name\":\"So Close\",\"description\":\"Hacemos contenidos de M\u00e9xico\",\"publisher\":{\"@id\":\"https:\/\/soclose.mx\/blog\/#organization\"},\"potentialAction\":[{\"@type\":\"SearchAction\",\"target\":{\"@type\":\"EntryPoint\",\"urlTemplate\":\"https:\/\/soclose.mx\/blog\/?s={search_term_string}\"},\"query-input\":{\"@type\":\"PropertyValueSpecification\",\"valueRequired\":true,\"valueName\":\"search_term_string\"}}],\"inLanguage\":\"es\"},{\"@type\":\"Organization\",\"@id\":\"https:\/\/soclose.mx\/blog\/#organization\",\"name\":\"So Close\",\"url\":\"https:\/\/soclose.mx\/blog\/\",\"logo\":{\"@type\":\"ImageObject\",\"inLanguage\":\"es\",\"@id\":\"https:\/\/soclose.mx\/blog\/#\/schema\/logo\/image\/\",\"url\":\"https:\/\/i0.wp.com\/soclose.mx\/blog\/wp-content\/uploads\/2020\/12\/LOGO_SOCLOSE_COLOR-e1608310133507.png?fit=2858%2C1264&ssl=1\",\"contentUrl\":\"https:\/\/i0.wp.com\/soclose.mx\/blog\/wp-content\/uploads\/2020\/12\/LOGO_SOCLOSE_COLOR-e1608310133507.png?fit=2858%2C1264&ssl=1\",\"width\":2858,\"height\":1264,\"caption\":\"So Close\"},\"image\":{\"@id\":\"https:\/\/soclose.mx\/blog\/#\/schema\/logo\/image\/\"}},{\"@type\":\"Person\",\"@id\":\"https:\/\/soclose.mx\/blog\/#\/schema\/person\/723eb117ab965b55c3e56b5d29751667\",\"name\":\"So Close\",\"image\":{\"@type\":\"ImageObject\",\"inLanguage\":\"es\",\"@id\":\"https:\/\/soclose.mx\/blog\/#\/schema\/person\/image\/\",\"url\":\"https:\/\/secure.gravatar.com\/avatar\/5a1d1d694eaf6d2c28f450f0984cbb34821b92dc49c1d088c0250fbc6a48efec?s=96&d=mm&r=g\",\"contentUrl\":\"https:\/\/secure.gravatar.com\/avatar\/5a1d1d694eaf6d2c28f450f0984cbb34821b92dc49c1d088c0250fbc6a48efec?s=96&d=mm&r=g\",\"caption\":\"So Close\"},\"sameAs\":[\"http:\/\/www.soclose.mx\",\"https:\/\/www.youtube.com\/@soclosemx\"],\"url\":\"https:\/\/soclose.mx\/blog\/author\/admin\/\"}]}<\/script>\n<!-- \/ Yoast SEO plugin. -->","yoast_head_json":{"title":"7 datos de Adhara, la ni\u00f1a mexicana que viajar\u00e1 a Marte - So Close","description":"M\u00e9xico tiene tesoros que ning\u00fan otro lugar podr\u00e1 presumir, pero no solo se trata de lugares tambi\u00e9n tiene personas impresionantes.","robots":{"index":"index","follow":"follow","max-snippet":"max-snippet:-1","max-image-preview":"max-image-preview:large","max-video-preview":"max-video-preview:-1"},"canonical":"https:\/\/soclose.mx\/blog\/ay-goeeee\/7-datos-de-adhara-la-nina-mexicana-que-viajara-a-marte\/","og_locale":"es_MX","og_type":"article","og_title":"7 datos de Adhara, la ni\u00f1a mexicana que viajar\u00e1 a Marte - So Close","og_description":"M\u00e9xico tiene tesoros que ning\u00fan otro lugar podr\u00e1 presumir, pero no solo se trata de lugares tambi\u00e9n tiene personas impresionantes.","og_url":"https:\/\/soclose.mx\/blog\/ay-goeeee\/7-datos-de-adhara-la-nina-mexicana-que-viajara-a-marte\/","og_site_name":"So Close","article_published_time":"2021-04-23T01:38:50+00:00","article_modified_time":"2021-05-08T01:20:59+00:00","og_image":[{"width":1240,"height":700,"url":"https:\/\/i0.wp.com\/soclose.mx\/blog\/wp-content\/uploads\/2021\/04\/Principal-So-Close-blog-2.jpeg?fit=1240%2C700&ssl=1","type":"image\/jpeg"}],"author":"So Close","twitter_card":"summary_large_image","twitter_misc":{"Escrito por":"So Close","Tiempo de lectura":"1 minuto"},"schema":{"@context":"https:\/\/schema.org","@graph":[{"@type":"Article","@id":"https:\/\/soclose.mx\/blog\/ay-goeeee\/7-datos-de-adhara-la-nina-mexicana-que-viajara-a-marte\/#article","isPartOf":{"@id":"https:\/\/soclose.mx\/blog\/ay-goeeee\/7-datos-de-adhara-la-nina-mexicana-que-viajara-a-marte\/"},"author":{"name":"So Close","@id":"https:\/\/soclose.mx\/blog\/#\/schema\/person\/723eb117ab965b55c3e56b5d29751667"},"headline":"7 datos de Adhara, la ni\u00f1a mexicana que viajar\u00e1 a Marte","datePublished":"2021-04-23T01:38:50+00:00","dateModified":"2021-05-08T01:20:59+00:00","mainEntityOfPage":{"@id":"https:\/\/soclose.mx\/blog\/ay-goeeee\/7-datos-de-adhara-la-nina-mexicana-que-viajara-a-marte\/"},"wordCount":193,"commentCount":0,"publisher":{"@id":"https:\/\/soclose.mx\/blog\/#organization"},"image":{"@id":"https:\/\/soclose.mx\/blog\/ay-goeeee\/7-datos-de-adhara-la-nina-mexicana-que-viajara-a-marte\/#primaryimage"},"thumbnailUrl":"https:\/\/i0.wp.com\/soclose.mx\/blog\/wp-content\/uploads\/2021\/04\/Principal-So-Close-blog-2.jpeg?fit=1240%2C700&ssl=1","keywords":["adhara","asperger","einstein","iq","marte","nasa","universidad de arizona"],"articleSection":["\u00a1Ay goeeee!"],"inLanguage":"es","potentialAction":[{"@type":"CommentAction","name":"Comment","target":["https:\/\/soclose.mx\/blog\/ay-goeeee\/7-datos-de-adhara-la-nina-mexicana-que-viajara-a-marte\/#respond"]}]},{"@type":"WebPage","@id":"https:\/\/soclose.mx\/blog\/ay-goeeee\/7-datos-de-adhara-la-nina-mexicana-que-viajara-a-marte\/","url":"https:\/\/soclose.mx\/blog\/ay-goeeee\/7-datos-de-adhara-la-nina-mexicana-que-viajara-a-marte\/","name":"7 datos de Adhara, la ni\u00f1a mexicana que viajar\u00e1 a Marte - So Close","isPartOf":{"@id":"https:\/\/soclose.mx\/blog\/#website"},"primaryImageOfPage":{"@id":"https:\/\/soclose.mx\/blog\/ay-goeeee\/7-datos-de-adhara-la-nina-mexicana-que-viajara-a-marte\/#primaryimage"},"image":{"@id":"https:\/\/soclose.mx\/blog\/ay-goeeee\/7-datos-de-adhara-la-nina-mexicana-que-viajara-a-marte\/#primaryimage"},"thumbnailUrl":"https:\/\/i0.wp.com\/soclose.mx\/blog\/wp-content\/uploads\/2021\/04\/Principal-So-Close-blog-2.jpeg?fit=1240%2C700&ssl=1","datePublished":"2021-04-23T01:38:50+00:00","dateModified":"2021-05-08T01:20:59+00:00","description":"M\u00e9xico tiene tesoros que ning\u00fan otro lugar podr\u00e1 presumir, pero no solo se trata de lugares tambi\u00e9n tiene personas impresionantes.","breadcrumb":{"@id":"https:\/\/soclose.mx\/blog\/ay-goeeee\/7-datos-de-adhara-la-nina-mexicana-que-viajara-a-marte\/#breadcrumb"},"inLanguage":"es","potentialAction":[{"@type":"ReadAction","target":["https:\/\/soclose.mx\/blog\/ay-goeeee\/7-datos-de-adhara-la-nina-mexicana-que-viajara-a-marte\/"]}]},{"@type":"ImageObject","inLanguage":"es","@id":"https:\/\/soclose.mx\/blog\/ay-goeeee\/7-datos-de-adhara-la-nina-mexicana-que-viajara-a-marte\/#primaryimage","url":"https:\/\/i0.wp.com\/soclose.mx\/blog\/wp-content\/uploads\/2021\/04\/Principal-So-Close-blog-2.jpeg?fit=1240%2C700&ssl=1","contentUrl":"https:\/\/i0.wp.com\/soclose.mx\/blog\/wp-content\/uploads\/2021\/04\/Principal-So-Close-blog-2.jpeg?fit=1240%2C700&ssl=1","width":1240,"height":700},{"@type":"BreadcrumbList","@id":"https:\/\/soclose.mx\/blog\/ay-goeeee\/7-datos-de-adhara-la-nina-mexicana-que-viajara-a-marte\/#breadcrumb","itemListElement":[{"@type":"ListItem","position":1,"name":"Inicio","item":"https:\/\/soclose.mx\/blog\/"},{"@type":"ListItem","position":2,"name":"7 datos de Adhara, la ni\u00f1a mexicana que viajar\u00e1 a Marte"}]},{"@type":"WebSite","@id":"https:\/\/soclose.mx\/blog\/#website","url":"https:\/\/soclose.mx\/blog\/","name":"So Close","description":"Hacemos contenidos de M\u00e9xico","publisher":{"@id":"https:\/\/soclose.mx\/blog\/#organization"},"potentialAction":[{"@type":"SearchAction","target":{"@type":"EntryPoint","urlTemplate":"https:\/\/soclose.mx\/blog\/?s={search_term_string}"},"query-input":{"@type":"PropertyValueSpecification","valueRequired":true,"valueName":"search_term_string"}}],"inLanguage":"es"},{"@type":"Organization","@id":"https:\/\/soclose.mx\/blog\/#organization","name":"So Close","url":"https:\/\/soclose.mx\/blog\/","logo":{"@type":"ImageObject","inLanguage":"es","@id":"https:\/\/soclose.mx\/blog\/#\/schema\/logo\/image\/","url":"https:\/\/i0.wp.com\/soclose.mx\/blog\/wp-content\/uploads\/2020\/12\/LOGO_SOCLOSE_COLOR-e1608310133507.png?fit=2858%2C1264&ssl=1","contentUrl":"https:\/\/i0.wp.com\/soclose.mx\/blog\/wp-content\/uploads\/2020\/12\/LOGO_SOCLOSE_COLOR-e1608310133507.png?fit=2858%2C1264&ssl=1","width":2858,"height":1264,"caption":"So Close"},"image":{"@id":"https:\/\/soclose.mx\/blog\/#\/schema\/logo\/image\/"}},{"@type":"Person","@id":"https:\/\/soclose.mx\/blog\/#\/schema\/person\/723eb117ab965b55c3e56b5d29751667","name":"So Close","image":{"@type":"ImageObject","inLanguage":"es","@id":"https:\/\/soclose.mx\/blog\/#\/schema\/person\/image\/","url":"https:\/\/secure.gravatar.com\/avatar\/5a1d1d694eaf6d2c28f450f0984cbb34821b92dc49c1d088c0250fbc6a48efec?s=96&d=mm&r=g","contentUrl":"https:\/\/secure.gravatar.com\/avatar\/5a1d1d694eaf6d2c28f450f0984cbb34821b92dc49c1d088c0250fbc6a48efec?s=96&d=mm&r=g","caption":"So Close"},"sameAs":["http:\/\/www.soclose.mx","https:\/\/www.youtube.com\/@soclosemx"],"url":"https:\/\/soclose.mx\/blog\/author\/admin\/"}]}},"jetpack_featured_media_url":"https:\/\/i0.wp.com\/soclose.mx\/blog\/wp-content\/uploads\/2021\/04\/Principal-So-Close-blog-2.jpeg?fit=1240%2C700&ssl=1","jetpack-related-posts":[{"id":10969,"url":"https:\/\/soclose.mx\/blog\/a-la-mexicana\/dos-ingenierias-terminadas-y-el-sueno-de-ir-al-espacio-adhara-perez-la-nina-genio-mexicana-de-10-anos\/","url_meta":{"origin":5969,"position":0},"title":"Dos ingenier\u00edas terminadas y el sue\u00f1o de ir al espacio: Adhara P\u00e9rez, la ni\u00f1a genio mexicana de 10 a\u00f1os","author":"Daniel Ram\u00edrez","date":"18 agosto, 2022","format":false,"excerpt":"\u00bfQu\u00e9 estabas haciendo a tus 10 a\u00f1os de edad? Quiz\u00e1 ibas en cuarto o quinto de primaria, te gustaba salir a jugar con tus amigos o ver por largo tiempo la televisi\u00f3n. Adhara P\u00e9rez S\u00e1nchez, una ni\u00f1a mexicana de esa edad, ya ha terminado \u00a1dos ingenier\u00edas y sue\u00f1a con ir\u2026","rel":"","context":"En &quot;A la mexicana&quot;","block_context":{"text":"A la mexicana","link":"https:\/\/soclose.mx\/blog\/category\/a-la-mexicana\/"},"img":{"alt_text":"","src":"https:\/\/i0.wp.com\/soclose.mx\/blog\/wp-content\/uploads\/2022\/08\/adhara.png?fit=592%2C385&ssl=1&resize=350%2C200","width":350,"height":200,"srcset":"https:\/\/i0.wp.com\/soclose.mx\/blog\/wp-content\/uploads\/2022\/08\/adhara.png?fit=592%2C385&ssl=1&resize=350%2C200 1x, https:\/\/i0.wp.com\/soclose.mx\/blog\/wp-content\/uploads\/2022\/08\/adhara.png?fit=592%2C385&ssl=1&resize=525%2C300 1.5x"},"classes":[]},{"id":10530,"url":"https:\/\/soclose.mx\/blog\/a-la-mexicana\/de-los-creadores-de-la-licuachela-llega-la-rotochela\/","url_meta":{"origin":5969,"position":1},"title":"Primero las gomichelas, luego las licuachelas y ahora \u00a1las rotochelas!","author":"Daniel Ram\u00edrez","date":"7 julio, 2022","format":false,"excerpt":"Los mexicanos no dominamos el mundo porque no queremos, me cae. Y si se tratara de alcohol, ser\u00edamos los dioses del universo. En un nuevo cap\u00edtulo de \"cervezas en envases random\", presentamos la Rotochela, la bebida preferida por los mexicanos pero servida en un mini tinaco. Toda familia mexicana que\u2026","rel":"","context":"En &quot;A la mexicana&quot;","block_context":{"text":"A la mexicana","link":"https:\/\/soclose.mx\/blog\/category\/a-la-mexicana\/"},"img":{"alt_text":"","src":"https:\/\/i0.wp.com\/soclose.mx\/blog\/wp-content\/uploads\/2022\/07\/Captura-de-Pantalla-2022-07-07-a-las-19.43.49.png?fit=753%2C563&ssl=1&resize=350%2C200","width":350,"height":200,"srcset":"https:\/\/i0.wp.com\/soclose.mx\/blog\/wp-content\/uploads\/2022\/07\/Captura-de-Pantalla-2022-07-07-a-las-19.43.49.png?fit=753%2C563&ssl=1&resize=350%2C200 1x, https:\/\/i0.wp.com\/soclose.mx\/blog\/wp-content\/uploads\/2022\/07\/Captura-de-Pantalla-2022-07-07-a-las-19.43.49.png?fit=753%2C563&ssl=1&resize=525%2C300 1.5x, https:\/\/i0.wp.com\/soclose.mx\/blog\/wp-content\/uploads\/2022\/07\/Captura-de-Pantalla-2022-07-07-a-las-19.43.49.png?fit=753%2C563&ssl=1&resize=700%2C400 2x"},"classes":[]},{"id":10097,"url":"https:\/\/soclose.mx\/blog\/a-la-mexicana\/katya-echazarreta-primera-mexicana-de-la-historia-que-llega-al-espacio\/","url_meta":{"origin":5969,"position":2},"title":"\u00a1Katya Echazarreta, primera mexicana de la historia que llega al espacio!","author":"Daniel Ram\u00edrez","date":"4 junio, 2022","format":false,"excerpt":"\u00a1La mexicana Katya Echazarreta ya es historia! Su nombre ahora forman parte de los libros espaciales y es un verdadero orgullo para nuestro pa\u00eds. La ingeniera el\u00e9ctrica y exl\u00edder de pruebas de la NASA, se convirti\u00f3 en la primera mujer nacida en M\u00e9xico y una de las m\u00e1s j\u00f3venes en\u2026","rel":"","context":"En &quot;A la mexicana&quot;","block_context":{"text":"A la mexicana","link":"https:\/\/soclose.mx\/blog\/category\/a-la-mexicana\/"},"img":{"alt_text":"","src":"https:\/\/i0.wp.com\/soclose.mx\/blog\/wp-content\/uploads\/2022\/06\/katy.png?fit=829%2C465&ssl=1&resize=350%2C200","width":350,"height":200,"srcset":"https:\/\/i0.wp.com\/soclose.mx\/blog\/wp-content\/uploads\/2022\/06\/katy.png?fit=829%2C465&ssl=1&resize=350%2C200 1x, https:\/\/i0.wp.com\/soclose.mx\/blog\/wp-content\/uploads\/2022\/06\/katy.png?fit=829%2C465&ssl=1&resize=525%2C300 1.5x, https:\/\/i0.wp.com\/soclose.mx\/blog\/wp-content\/uploads\/2022\/06\/katy.png?fit=829%2C465&ssl=1&resize=700%2C400 2x"},"classes":[]},{"id":9805,"url":"https:\/\/soclose.mx\/blog\/ay-goeeee\/chicles-mexicanos-a-marte\/","url_meta":{"origin":5969,"position":3},"title":"Chicles mexicanos a Marte","author":"Daniel Ram\u00edrez","date":"11 mayo, 2022","format":false,"excerpt":"En un futuro quiz\u00e1 no muy lejano, podremos vivir o al menos visitar el planeta Marte. Si se logran dar las condiciones, seguramente todos vamos a querer visitarlo. S\u00ed, pero, \u00bfqu\u00e9 vamos a comer all\u00e1? Esa es una de las preguntas que algunos cient\u00edficos se han hecho: hallar la manera\u2026","rel":"","context":"En &quot;\u00a1Ay goeeee!&quot;","block_context":{"text":"\u00a1Ay goeeee!","link":"https:\/\/soclose.mx\/blog\/category\/ay-goeeee\/"},"img":{"alt_text":"","src":"https:\/\/i0.wp.com\/soclose.mx\/blog\/wp-content\/uploads\/2022\/05\/pexels-karolina-grabowska-7680139-scaled.jpg?fit=1200%2C800&ssl=1&resize=350%2C200","width":350,"height":200,"srcset":"https:\/\/i0.wp.com\/soclose.mx\/blog\/wp-content\/uploads\/2022\/05\/pexels-karolina-grabowska-7680139-scaled.jpg?fit=1200%2C800&ssl=1&resize=350%2C200 1x, https:\/\/i0.wp.com\/soclose.mx\/blog\/wp-content\/uploads\/2022\/05\/pexels-karolina-grabowska-7680139-scaled.jpg?fit=1200%2C800&ssl=1&resize=525%2C300 1.5x, https:\/\/i0.wp.com\/soclose.mx\/blog\/wp-content\/uploads\/2022\/05\/pexels-karolina-grabowska-7680139-scaled.jpg?fit=1200%2C800&ssl=1&resize=700%2C400 2x, https:\/\/i0.wp.com\/soclose.mx\/blog\/wp-content\/uploads\/2022\/05\/pexels-karolina-grabowska-7680139-scaled.jpg?fit=1200%2C800&ssl=1&resize=1050%2C600 3x"},"classes":[]},{"id":7057,"url":"https:\/\/soclose.mx\/blog\/ay-goeeee\/fernando-de-la-pena-mexicano-y-contratista-de-la-nasa\/","url_meta":{"origin":5969,"position":4},"title":"Fernando de la Pe\u00f1a: Mexicano y contratista de la NASA","author":"Miguel Angel Romero","date":"8 septiembre, 2021","format":false,"excerpt":"Se llama Fernando de la Pe\u00f1a Llaca, es mexicano, para ser mas espec\u00edficos, de Tulancingo, Hidalgo y es CEO y presidente de Aexa Aerospace. Este mexicano que ya juega en las grandes ligas espaciales, es\u00a0 ingeniero en Cibern\u00e9tica y Sistemas Computacionales egresado de la Universidad La Salle, en la Ciudad\u2026","rel":"","context":"En &quot;\u00a1Ay goeeee!&quot;","block_context":{"text":"\u00a1Ay goeeee!","link":"https:\/\/soclose.mx\/blog\/category\/ay-goeeee\/"},"img":{"alt_text":"","src":"https:\/\/i0.wp.com\/soclose.mx\/blog\/wp-content\/uploads\/2021\/08\/Principal-So-Close-blog-16-1.jpg?fit=1200%2C677&ssl=1&resize=350%2C200","width":350,"height":200,"srcset":"https:\/\/i0.wp.com\/soclose.mx\/blog\/wp-content\/uploads\/2021\/08\/Principal-So-Close-blog-16-1.jpg?fit=1200%2C677&ssl=1&resize=350%2C200 1x, https:\/\/i0.wp.com\/soclose.mx\/blog\/wp-content\/uploads\/2021\/08\/Principal-So-Close-blog-16-1.jpg?fit=1200%2C677&ssl=1&resize=525%2C300 1.5x, https:\/\/i0.wp.com\/soclose.mx\/blog\/wp-content\/uploads\/2021\/08\/Principal-So-Close-blog-16-1.jpg?fit=1200%2C677&ssl=1&resize=700%2C400 2x, https:\/\/i0.wp.com\/soclose.mx\/blog\/wp-content\/uploads\/2021\/08\/Principal-So-Close-blog-16-1.jpg?fit=1200%2C677&ssl=1&resize=1050%2C600 3x"},"classes":[]},{"id":9956,"url":"https:\/\/soclose.mx\/blog\/news-feed\/de-vender-gomitas-a-la-nasa\/","url_meta":{"origin":5969,"position":5},"title":"De vender gomitas a \u00a1la NASA!","author":"Daniel Ram\u00edrez","date":"24 mayo, 2022","format":false,"excerpt":"Anna Laura Rodr\u00edguez, una estudiante de Ingenier\u00eda en Mecatr\u00f3nica de Ciudad Victoria, Tamaulipas, fue calificada como \"orgullo victorense\" por el esfuerzo que hizo para cumplir su sue\u00f1o. La joven fue seleccionada para participar en un programa de la NASA, pero no contaba con los m\u00e1s de 3 mil d\u00f3lares que\u2026","rel":"","context":"En &quot;News feed&quot;","block_context":{"text":"News feed","link":"https:\/\/soclose.mx\/blog\/category\/news-feed\/"},"img":{"alt_text":"","src":"https:\/\/i0.wp.com\/soclose.mx\/blog\/wp-content\/uploads\/2022\/05\/nasa.jpg?fit=1200%2C900&ssl=1&resize=350%2C200","width":350,"height":200,"srcset":"https:\/\/i0.wp.com\/soclose.mx\/blog\/wp-content\/uploads\/2022\/05\/nasa.jpg?fit=1200%2C900&ssl=1&resize=350%2C200 1x, https:\/\/i0.wp.com\/soclose.mx\/blog\/wp-content\/uploads\/2022\/05\/nasa.jpg?fit=1200%2C900&ssl=1&resize=525%2C300 1.5x, https:\/\/i0.wp.com\/soclose.mx\/blog\/wp-content\/uploads\/2022\/05\/nasa.jpg?fit=1200%2C900&ssl=1&resize=700%2C400 2x, https:\/\/i0.wp.com\/soclose.mx\/blog\/wp-content\/uploads\/2022\/05\/nasa.jpg?fit=1200%2C900&ssl=1&resize=1050%2C600 3x"},"classes":[]}],"jetpack_sharing_enabled":true,"_links":{"self":[{"href":"https:\/\/soclose.mx\/blog\/wp-json\/wp\/v2\/posts\/5969","targetHints":{"allow":["GET"]}}],"collection":[{"href":"https:\/\/soclose.mx\/blog\/wp-json\/wp\/v2\/posts"}],"about":[{"href":"https:\/\/soclose.mx\/blog\/wp-json\/wp\/v2\/types\/post"}],"author":[{"embeddable":true,"href":"https:\/\/soclose.mx\/blog\/wp-json\/wp\/v2\/users\/1"}],"replies":[{"embeddable":true,"href":"https:\/\/soclose.mx\/blog\/wp-json\/wp\/v2\/comments?post=5969"}],"version-history":[{"count":0,"href":"https:\/\/soclose.mx\/blog\/wp-json\/wp\/v2\/posts\/5969\/revisions"}],"wp:featuredmedia":[{"embeddable":true,"href":"https:\/\/soclose.mx\/blog\/wp-json\/wp\/v2\/media\/5980"}],"wp:attachment":[{"href":"https:\/\/soclose.mx\/blog\/wp-json\/wp\/v2\/media?parent=5969"}],"wp:term":[{"taxonomy":"category","embeddable":true,"href":"https:\/\/soclose.mx\/blog\/wp-json\/wp\/v2\/categories?post=5969"},{"taxonomy":"post_tag","embeddable":true,"href":"https:\/\/soclose.mx\/blog\/wp-json\/wp\/v2\/tags?post=5969"}],"curies":[{"name":"wp","href":"https:\/\/api.w.org\/{rel}","templated":true}]}}