{"id":5986,"date":"2021-04-26T20:33:15","date_gmt":"2021-04-27T01:33:15","guid":{"rendered":"https:\/\/soclose.mx\/blog\/?p=5986"},"modified":"2021-04-26T20:33:15","modified_gmt":"2021-04-27T01:33:15","slug":"reabre-zona-arqueologica-del-templo-mayor-en-la-ciudad-de-mexico","status":"publish","type":"post","link":"https:\/\/soclose.mx\/blog\/news-feed\/reabre-zona-arqueologica-del-templo-mayor-en-la-ciudad-de-mexico\/","title":{"rendered":"Reabre Zona Arqueol\u00f3gica del Templo Mayor, en la Ciudad de M\u00e9xico"},"content":{"rendered":"<p>La Secretar\u00eda de Cultura, a trav\u00e9s del Instituto Nacional de Antropolog\u00eda e Historia (<a href=\"https:\/\/www.inah.gob.mx\/\" target=\"_blank\" rel=\"noopener\">INAH<\/a>), inform\u00f3 que a partir de este martes 27 de abril, bajo estrictas medidas sanitarias a fin de garantizar la seguridad de su personal operativo y de los visitantes, la <strong>Zona Arqueol\u00f3gica del Templo Mayor<\/strong>, en la <strong>Ciudad de M\u00e9xico<\/strong>, abre nuevamente sus puertas a la visita p\u00fablica.<\/p>\n<p>El sitio abrir\u00e1 los martes, mi\u00e9rcoles, viernes y s\u00e1bado, de 10:00 a 15:00 horas. El aforo estar\u00e1 restringido a m\u00e1ximo 1,000 visitantes por d\u00eda; las visitas ser\u00e1n en grupos no mayores a 10 personas. El Museo de Sitio permanecer\u00e1 cerrado.<\/p>\n<p>Para el acceso se seguir\u00e1n las medidas preventivas de car\u00e1cter obligatorio: el visitante deber\u00e1 portar cubrebocas desde su llegada y mantenerlo en todo momento. En el ingreso se har\u00e1 la toma de temperatura corporal y aplicaci\u00f3n de alcohol gel, y se instar\u00e1 a guardar la sana distancia de, al menos, 1.5 metros. En caso de que alguna persona presente s\u00edntomas de contagio se le canalizar\u00e1 debidamente.<\/p>\n<p><strong>El<a href=\"https:\/\/soclose.mx\/blog\/?s=Templo+Mayor\" target=\"_blank\" rel=\"noopener\"> Templo Mayor<\/a><\/strong> fue el centro de la vida pol\u00edtica y religiosa de la sociedad <strong>mexica<\/strong>. El recinto del <strong>Tenochtitlan<\/strong> albergaba, entre otras edificaciones, el <strong>Templo Mayor<\/strong> \u2014con doble capilla dedicado a<strong> Tl\u00e1loc y Huitzilopochtli<\/strong>\u2014 y la Casa de las \u00c1guilas. Su desarrollo se dio de 1325 a 1521 d.C.<\/p>\n<p>Se hace una atenta invitaci\u00f3n al p\u00fablico para respetar las indicaciones del personal del INAH, as\u00ed como las \u00e1reas restringidas, dado que no re\u00fanen las condiciones para guardar la sana distancia; as\u00ed como para cuidar de su salud mediante el uso de los implementos de protecci\u00f3n personal, y abstenerse de asistir si presenta alg\u00fan s\u00edntoma o malestar.<\/p>\n<p>Fuente: Bolet\u00edn de prensa <a href=\"https:\/\/www.inah.gob.mx\/\" target=\"_blank\" rel=\"noopener\">INAH<\/a><\/p>\n","protected":false},"excerpt":{"rendered":"<p>La Secretar\u00eda de Cultura, a trav\u00e9s del Instituto Nacional de Antropolog\u00eda e Historia (INAH), inform\u00f3 que a partir de este martes 27 de abril, bajo estrictas medidas sanitarias a fin de garantizar la seguridad de su personal operativo y de los visitantes, la Zona Arqueol\u00f3gica del Templo Mayor, en la Ciudad de M\u00e9xico, abre nuevamente sus puertas a la visita p\u00fablica. El sitio abrir\u00e1 los martes, mi\u00e9rcoles, viernes y s\u00e1bado, de 10:00 a 15:00 horas. El aforo estar\u00e1 restringido a m\u00e1ximo 1,000 visitantes por d\u00eda; las visitas ser\u00e1n en grupos no mayores a 10 personas. El Museo de Sitio permanecer\u00e1<\/p>\n","protected":false},"author":1,"featured_media":5987,"comment_status":"open","ping_status":"open","sticky":false,"template":"","format":"standard","meta":{"_jetpack_memberships_contains_paid_content":false,"footnotes":""},"categories":[628],"tags":[399,620,652,368],"class_list":["post-5986","post","type-post","status-publish","format-standard","has-post-thumbnail","hentry","category-news-feed","tag-ciudad-de-mexico","tag-mexica","tag-templo-mayor","tag-tenochtitlan"],"yoast_head":"<!-- This site is optimized with the Yoast SEO plugin v26.7 - https:\/\/yoast.com\/wordpress\/plugins\/seo\/ -->\n<title>Reabre Zona Arqueol\u00f3gica del Templo Mayor, en la Ciudad de M\u00e9xico - So Close<\/title>\n<meta name=\"description\" content=\"El Templo Mayor fue el centro de la vida pol\u00edtica y religiosa de la sociedad mexica. El recinto del Tenochtitlan lo albergaba.\" \/>\n<meta name=\"robots\" content=\"index, follow, max-snippet:-1, max-image-preview:large, max-video-preview:-1\" \/>\n<link rel=\"canonical\" href=\"https:\/\/soclose.mx\/blog\/news-feed\/reabre-zona-arqueologica-del-templo-mayor-en-la-ciudad-de-mexico\/\" \/>\n<meta property=\"og:locale\" content=\"es_MX\" \/>\n<meta property=\"og:type\" content=\"article\" \/>\n<meta property=\"og:title\" content=\"Reabre Zona Arqueol\u00f3gica del Templo Mayor, en la Ciudad de M\u00e9xico - So Close\" \/>\n<meta property=\"og:description\" content=\"El Templo Mayor fue el centro de la vida pol\u00edtica y religiosa de la sociedad mexica. El recinto del Tenochtitlan lo albergaba.\" \/>\n<meta property=\"og:url\" content=\"https:\/\/soclose.mx\/blog\/news-feed\/reabre-zona-arqueologica-del-templo-mayor-en-la-ciudad-de-mexico\/\" \/>\n<meta property=\"og:site_name\" content=\"So Close\" \/>\n<meta property=\"article:published_time\" content=\"2021-04-27T01:33:15+00:00\" \/>\n<meta property=\"og:image\" content=\"https:\/\/soclose.mx\/blog\/wp-content\/uploads\/2021\/04\/templo-mayor-ciudad-mexico.jpeg\" \/>\n\t<meta property=\"og:image:width\" content=\"1240\" \/>\n\t<meta property=\"og:image:height\" content=\"700\" \/>\n\t<meta property=\"og:image:type\" content=\"image\/jpeg\" \/>\n<meta name=\"author\" content=\"So Close\" \/>\n<meta name=\"twitter:card\" content=\"summary_large_image\" \/>\n<meta name=\"twitter:label1\" content=\"Escrito por\" \/>\n\t<meta name=\"twitter:data1\" content=\"So Close\" \/>\n\t<meta name=\"twitter:label2\" content=\"Tiempo de lectura\" \/>\n\t<meta name=\"twitter:data2\" content=\"2 minutos\" \/>\n<script type=\"application\/ld+json\" class=\"yoast-schema-graph\">{\"@context\":\"https:\/\/schema.org\",\"@graph\":[{\"@type\":\"Article\",\"@id\":\"https:\/\/soclose.mx\/blog\/news-feed\/reabre-zona-arqueologica-del-templo-mayor-en-la-ciudad-de-mexico\/#article\",\"isPartOf\":{\"@id\":\"https:\/\/soclose.mx\/blog\/news-feed\/reabre-zona-arqueologica-del-templo-mayor-en-la-ciudad-de-mexico\/\"},\"author\":{\"name\":\"So Close\",\"@id\":\"https:\/\/soclose.mx\/blog\/#\/schema\/person\/723eb117ab965b55c3e56b5d29751667\"},\"headline\":\"Reabre Zona Arqueol\u00f3gica del Templo Mayor, en la Ciudad de M\u00e9xico\",\"datePublished\":\"2021-04-27T01:33:15+00:00\",\"mainEntityOfPage\":{\"@id\":\"https:\/\/soclose.mx\/blog\/news-feed\/reabre-zona-arqueologica-del-templo-mayor-en-la-ciudad-de-mexico\/\"},\"wordCount\":309,\"commentCount\":0,\"publisher\":{\"@id\":\"https:\/\/soclose.mx\/blog\/#organization\"},\"image\":{\"@id\":\"https:\/\/soclose.mx\/blog\/news-feed\/reabre-zona-arqueologica-del-templo-mayor-en-la-ciudad-de-mexico\/#primaryimage\"},\"thumbnailUrl\":\"https:\/\/i0.wp.com\/soclose.mx\/blog\/wp-content\/uploads\/2021\/04\/templo-mayor-ciudad-mexico.jpeg?fit=1240%2C700&ssl=1\",\"keywords\":[\"ciudad de mexico\",\"mexica\",\"templo mayor\",\"tenochtitlan\"],\"articleSection\":[\"News feed\"],\"inLanguage\":\"es\",\"potentialAction\":[{\"@type\":\"CommentAction\",\"name\":\"Comment\",\"target\":[\"https:\/\/soclose.mx\/blog\/news-feed\/reabre-zona-arqueologica-del-templo-mayor-en-la-ciudad-de-mexico\/#respond\"]}]},{\"@type\":\"WebPage\",\"@id\":\"https:\/\/soclose.mx\/blog\/news-feed\/reabre-zona-arqueologica-del-templo-mayor-en-la-ciudad-de-mexico\/\",\"url\":\"https:\/\/soclose.mx\/blog\/news-feed\/reabre-zona-arqueologica-del-templo-mayor-en-la-ciudad-de-mexico\/\",\"name\":\"Reabre Zona Arqueol\u00f3gica del Templo Mayor, en la Ciudad de M\u00e9xico - So Close\",\"isPartOf\":{\"@id\":\"https:\/\/soclose.mx\/blog\/#website\"},\"primaryImageOfPage\":{\"@id\":\"https:\/\/soclose.mx\/blog\/news-feed\/reabre-zona-arqueologica-del-templo-mayor-en-la-ciudad-de-mexico\/#primaryimage\"},\"image\":{\"@id\":\"https:\/\/soclose.mx\/blog\/news-feed\/reabre-zona-arqueologica-del-templo-mayor-en-la-ciudad-de-mexico\/#primaryimage\"},\"thumbnailUrl\":\"https:\/\/i0.wp.com\/soclose.mx\/blog\/wp-content\/uploads\/2021\/04\/templo-mayor-ciudad-mexico.jpeg?fit=1240%2C700&ssl=1\",\"datePublished\":\"2021-04-27T01:33:15+00:00\",\"description\":\"El Templo Mayor fue el centro de la vida pol\u00edtica y religiosa de la sociedad mexica. El recinto del Tenochtitlan lo albergaba.\",\"breadcrumb\":{\"@id\":\"https:\/\/soclose.mx\/blog\/news-feed\/reabre-zona-arqueologica-del-templo-mayor-en-la-ciudad-de-mexico\/#breadcrumb\"},\"inLanguage\":\"es\",\"potentialAction\":[{\"@type\":\"ReadAction\",\"target\":[\"https:\/\/soclose.mx\/blog\/news-feed\/reabre-zona-arqueologica-del-templo-mayor-en-la-ciudad-de-mexico\/\"]}]},{\"@type\":\"ImageObject\",\"inLanguage\":\"es\",\"@id\":\"https:\/\/soclose.mx\/blog\/news-feed\/reabre-zona-arqueologica-del-templo-mayor-en-la-ciudad-de-mexico\/#primaryimage\",\"url\":\"https:\/\/i0.wp.com\/soclose.mx\/blog\/wp-content\/uploads\/2021\/04\/templo-mayor-ciudad-mexico.jpeg?fit=1240%2C700&ssl=1\",\"contentUrl\":\"https:\/\/i0.wp.com\/soclose.mx\/blog\/wp-content\/uploads\/2021\/04\/templo-mayor-ciudad-mexico.jpeg?fit=1240%2C700&ssl=1\",\"width\":1240,\"height\":700},{\"@type\":\"BreadcrumbList\",\"@id\":\"https:\/\/soclose.mx\/blog\/news-feed\/reabre-zona-arqueologica-del-templo-mayor-en-la-ciudad-de-mexico\/#breadcrumb\",\"itemListElement\":[{\"@type\":\"ListItem\",\"position\":1,\"name\":\"Inicio\",\"item\":\"https:\/\/soclose.mx\/blog\/\"},{\"@type\":\"ListItem\",\"position\":2,\"name\":\"Reabre Zona Arqueol\u00f3gica del Templo Mayor, en la Ciudad de M\u00e9xico\"}]},{\"@type\":\"WebSite\",\"@id\":\"https:\/\/soclose.mx\/blog\/#website\",\"url\":\"https:\/\/soclose.mx\/blog\/\",\"name\":\"So Close\",\"description\":\"Hacemos contenidos de M\u00e9xico\",\"publisher\":{\"@id\":\"https:\/\/soclose.mx\/blog\/#organization\"},\"potentialAction\":[{\"@type\":\"SearchAction\",\"target\":{\"@type\":\"EntryPoint\",\"urlTemplate\":\"https:\/\/soclose.mx\/blog\/?s={search_term_string}\"},\"query-input\":{\"@type\":\"PropertyValueSpecification\",\"valueRequired\":true,\"valueName\":\"search_term_string\"}}],\"inLanguage\":\"es\"},{\"@type\":\"Organization\",\"@id\":\"https:\/\/soclose.mx\/blog\/#organization\",\"name\":\"So Close\",\"url\":\"https:\/\/soclose.mx\/blog\/\",\"logo\":{\"@type\":\"ImageObject\",\"inLanguage\":\"es\",\"@id\":\"https:\/\/soclose.mx\/blog\/#\/schema\/logo\/image\/\",\"url\":\"https:\/\/i0.wp.com\/soclose.mx\/blog\/wp-content\/uploads\/2020\/12\/LOGO_SOCLOSE_COLOR-e1608310133507.png?fit=2858%2C1264&ssl=1\",\"contentUrl\":\"https:\/\/i0.wp.com\/soclose.mx\/blog\/wp-content\/uploads\/2020\/12\/LOGO_SOCLOSE_COLOR-e1608310133507.png?fit=2858%2C1264&ssl=1\",\"width\":2858,\"height\":1264,\"caption\":\"So Close\"},\"image\":{\"@id\":\"https:\/\/soclose.mx\/blog\/#\/schema\/logo\/image\/\"}},{\"@type\":\"Person\",\"@id\":\"https:\/\/soclose.mx\/blog\/#\/schema\/person\/723eb117ab965b55c3e56b5d29751667\",\"name\":\"So Close\",\"image\":{\"@type\":\"ImageObject\",\"inLanguage\":\"es\",\"@id\":\"https:\/\/soclose.mx\/blog\/#\/schema\/person\/image\/\",\"url\":\"https:\/\/secure.gravatar.com\/avatar\/5a1d1d694eaf6d2c28f450f0984cbb34821b92dc49c1d088c0250fbc6a48efec?s=96&d=mm&r=g\",\"contentUrl\":\"https:\/\/secure.gravatar.com\/avatar\/5a1d1d694eaf6d2c28f450f0984cbb34821b92dc49c1d088c0250fbc6a48efec?s=96&d=mm&r=g\",\"caption\":\"So Close\"},\"sameAs\":[\"http:\/\/www.soclose.mx\",\"https:\/\/www.youtube.com\/@soclosemx\"],\"url\":\"https:\/\/soclose.mx\/blog\/author\/admin\/\"}]}<\/script>\n<!-- \/ Yoast SEO plugin. -->","yoast_head_json":{"title":"Reabre Zona Arqueol\u00f3gica del Templo Mayor, en la Ciudad de M\u00e9xico - So Close","description":"El Templo Mayor fue el centro de la vida pol\u00edtica y religiosa de la sociedad mexica. El recinto del Tenochtitlan lo albergaba.","robots":{"index":"index","follow":"follow","max-snippet":"max-snippet:-1","max-image-preview":"max-image-preview:large","max-video-preview":"max-video-preview:-1"},"canonical":"https:\/\/soclose.mx\/blog\/news-feed\/reabre-zona-arqueologica-del-templo-mayor-en-la-ciudad-de-mexico\/","og_locale":"es_MX","og_type":"article","og_title":"Reabre Zona Arqueol\u00f3gica del Templo Mayor, en la Ciudad de M\u00e9xico - So Close","og_description":"El Templo Mayor fue el centro de la vida pol\u00edtica y religiosa de la sociedad mexica. El recinto del Tenochtitlan lo albergaba.","og_url":"https:\/\/soclose.mx\/blog\/news-feed\/reabre-zona-arqueologica-del-templo-mayor-en-la-ciudad-de-mexico\/","og_site_name":"So Close","article_published_time":"2021-04-27T01:33:15+00:00","og_image":[{"width":1240,"height":700,"url":"https:\/\/soclose.mx\/blog\/wp-content\/uploads\/2021\/04\/templo-mayor-ciudad-mexico.jpeg","type":"image\/jpeg"}],"author":"So Close","twitter_card":"summary_large_image","twitter_misc":{"Escrito por":"So Close","Tiempo de lectura":"2 minutos"},"schema":{"@context":"https:\/\/schema.org","@graph":[{"@type":"Article","@id":"https:\/\/soclose.mx\/blog\/news-feed\/reabre-zona-arqueologica-del-templo-mayor-en-la-ciudad-de-mexico\/#article","isPartOf":{"@id":"https:\/\/soclose.mx\/blog\/news-feed\/reabre-zona-arqueologica-del-templo-mayor-en-la-ciudad-de-mexico\/"},"author":{"name":"So Close","@id":"https:\/\/soclose.mx\/blog\/#\/schema\/person\/723eb117ab965b55c3e56b5d29751667"},"headline":"Reabre Zona Arqueol\u00f3gica del Templo Mayor, en la Ciudad de M\u00e9xico","datePublished":"2021-04-27T01:33:15+00:00","mainEntityOfPage":{"@id":"https:\/\/soclose.mx\/blog\/news-feed\/reabre-zona-arqueologica-del-templo-mayor-en-la-ciudad-de-mexico\/"},"wordCount":309,"commentCount":0,"publisher":{"@id":"https:\/\/soclose.mx\/blog\/#organization"},"image":{"@id":"https:\/\/soclose.mx\/blog\/news-feed\/reabre-zona-arqueologica-del-templo-mayor-en-la-ciudad-de-mexico\/#primaryimage"},"thumbnailUrl":"https:\/\/i0.wp.com\/soclose.mx\/blog\/wp-content\/uploads\/2021\/04\/templo-mayor-ciudad-mexico.jpeg?fit=1240%2C700&ssl=1","keywords":["ciudad de mexico","mexica","templo mayor","tenochtitlan"],"articleSection":["News feed"],"inLanguage":"es","potentialAction":[{"@type":"CommentAction","name":"Comment","target":["https:\/\/soclose.mx\/blog\/news-feed\/reabre-zona-arqueologica-del-templo-mayor-en-la-ciudad-de-mexico\/#respond"]}]},{"@type":"WebPage","@id":"https:\/\/soclose.mx\/blog\/news-feed\/reabre-zona-arqueologica-del-templo-mayor-en-la-ciudad-de-mexico\/","url":"https:\/\/soclose.mx\/blog\/news-feed\/reabre-zona-arqueologica-del-templo-mayor-en-la-ciudad-de-mexico\/","name":"Reabre Zona Arqueol\u00f3gica del Templo Mayor, en la Ciudad de M\u00e9xico - So Close","isPartOf":{"@id":"https:\/\/soclose.mx\/blog\/#website"},"primaryImageOfPage":{"@id":"https:\/\/soclose.mx\/blog\/news-feed\/reabre-zona-arqueologica-del-templo-mayor-en-la-ciudad-de-mexico\/#primaryimage"},"image":{"@id":"https:\/\/soclose.mx\/blog\/news-feed\/reabre-zona-arqueologica-del-templo-mayor-en-la-ciudad-de-mexico\/#primaryimage"},"thumbnailUrl":"https:\/\/i0.wp.com\/soclose.mx\/blog\/wp-content\/uploads\/2021\/04\/templo-mayor-ciudad-mexico.jpeg?fit=1240%2C700&ssl=1","datePublished":"2021-04-27T01:33:15+00:00","description":"El Templo Mayor fue el centro de la vida pol\u00edtica y religiosa de la sociedad mexica. El recinto del Tenochtitlan lo albergaba.","breadcrumb":{"@id":"https:\/\/soclose.mx\/blog\/news-feed\/reabre-zona-arqueologica-del-templo-mayor-en-la-ciudad-de-mexico\/#breadcrumb"},"inLanguage":"es","potentialAction":[{"@type":"ReadAction","target":["https:\/\/soclose.mx\/blog\/news-feed\/reabre-zona-arqueologica-del-templo-mayor-en-la-ciudad-de-mexico\/"]}]},{"@type":"ImageObject","inLanguage":"es","@id":"https:\/\/soclose.mx\/blog\/news-feed\/reabre-zona-arqueologica-del-templo-mayor-en-la-ciudad-de-mexico\/#primaryimage","url":"https:\/\/i0.wp.com\/soclose.mx\/blog\/wp-content\/uploads\/2021\/04\/templo-mayor-ciudad-mexico.jpeg?fit=1240%2C700&ssl=1","contentUrl":"https:\/\/i0.wp.com\/soclose.mx\/blog\/wp-content\/uploads\/2021\/04\/templo-mayor-ciudad-mexico.jpeg?fit=1240%2C700&ssl=1","width":1240,"height":700},{"@type":"BreadcrumbList","@id":"https:\/\/soclose.mx\/blog\/news-feed\/reabre-zona-arqueologica-del-templo-mayor-en-la-ciudad-de-mexico\/#breadcrumb","itemListElement":[{"@type":"ListItem","position":1,"name":"Inicio","item":"https:\/\/soclose.mx\/blog\/"},{"@type":"ListItem","position":2,"name":"Reabre Zona Arqueol\u00f3gica del Templo Mayor, en la Ciudad de M\u00e9xico"}]},{"@type":"WebSite","@id":"https:\/\/soclose.mx\/blog\/#website","url":"https:\/\/soclose.mx\/blog\/","name":"So Close","description":"Hacemos contenidos de M\u00e9xico","publisher":{"@id":"https:\/\/soclose.mx\/blog\/#organization"},"potentialAction":[{"@type":"SearchAction","target":{"@type":"EntryPoint","urlTemplate":"https:\/\/soclose.mx\/blog\/?s={search_term_string}"},"query-input":{"@type":"PropertyValueSpecification","valueRequired":true,"valueName":"search_term_string"}}],"inLanguage":"es"},{"@type":"Organization","@id":"https:\/\/soclose.mx\/blog\/#organization","name":"So Close","url":"https:\/\/soclose.mx\/blog\/","logo":{"@type":"ImageObject","inLanguage":"es","@id":"https:\/\/soclose.mx\/blog\/#\/schema\/logo\/image\/","url":"https:\/\/i0.wp.com\/soclose.mx\/blog\/wp-content\/uploads\/2020\/12\/LOGO_SOCLOSE_COLOR-e1608310133507.png?fit=2858%2C1264&ssl=1","contentUrl":"https:\/\/i0.wp.com\/soclose.mx\/blog\/wp-content\/uploads\/2020\/12\/LOGO_SOCLOSE_COLOR-e1608310133507.png?fit=2858%2C1264&ssl=1","width":2858,"height":1264,"caption":"So Close"},"image":{"@id":"https:\/\/soclose.mx\/blog\/#\/schema\/logo\/image\/"}},{"@type":"Person","@id":"https:\/\/soclose.mx\/blog\/#\/schema\/person\/723eb117ab965b55c3e56b5d29751667","name":"So Close","image":{"@type":"ImageObject","inLanguage":"es","@id":"https:\/\/soclose.mx\/blog\/#\/schema\/person\/image\/","url":"https:\/\/secure.gravatar.com\/avatar\/5a1d1d694eaf6d2c28f450f0984cbb34821b92dc49c1d088c0250fbc6a48efec?s=96&d=mm&r=g","contentUrl":"https:\/\/secure.gravatar.com\/avatar\/5a1d1d694eaf6d2c28f450f0984cbb34821b92dc49c1d088c0250fbc6a48efec?s=96&d=mm&r=g","caption":"So Close"},"sameAs":["http:\/\/www.soclose.mx","https:\/\/www.youtube.com\/@soclosemx"],"url":"https:\/\/soclose.mx\/blog\/author\/admin\/"}]}},"jetpack_featured_media_url":"https:\/\/i0.wp.com\/soclose.mx\/blog\/wp-content\/uploads\/2021\/04\/templo-mayor-ciudad-mexico.jpeg?fit=1240%2C700&ssl=1","jetpack-related-posts":[{"id":6082,"url":"https:\/\/soclose.mx\/blog\/news-feed\/reabren-al-publico-zonas-arqueologicas-de-xochicalco-y-coatetelco-en-morelos\/","url_meta":{"origin":5986,"position":0},"title":"Reabren al p\u00fablico zonas arqueol\u00f3gicas de Xochicalco y Coatetelco, en Morelos","author":"So Close","date":"18 mayo, 2021","format":false,"excerpt":"A partir de este jueves 20 de mayo reabrir\u00e1n a la visita p\u00fablica las zonas arqueol\u00f3gicas de Xochicalco y Coatetelco, bajo estrictas medidas sanitarias, a fin de garantizan la salud de los visitantes y de los trabajadores. La Zona Arqueol\u00f3gica de Xochicalco abrir\u00e1 de mi\u00e9rcoles a domingo, de 9:00 a\u2026","rel":"","context":"En &quot;News feed&quot;","block_context":{"text":"News feed","link":"https:\/\/soclose.mx\/blog\/category\/news-feed\/"},"img":{"alt_text":"","src":"https:\/\/i0.wp.com\/soclose.mx\/blog\/wp-content\/uploads\/2021\/05\/zona-arqueologica-xochicalco.jpeg?fit=1200%2C677&ssl=1&resize=350%2C200","width":350,"height":200,"srcset":"https:\/\/i0.wp.com\/soclose.mx\/blog\/wp-content\/uploads\/2021\/05\/zona-arqueologica-xochicalco.jpeg?fit=1200%2C677&ssl=1&resize=350%2C200 1x, https:\/\/i0.wp.com\/soclose.mx\/blog\/wp-content\/uploads\/2021\/05\/zona-arqueologica-xochicalco.jpeg?fit=1200%2C677&ssl=1&resize=525%2C300 1.5x, https:\/\/i0.wp.com\/soclose.mx\/blog\/wp-content\/uploads\/2021\/05\/zona-arqueologica-xochicalco.jpeg?fit=1200%2C677&ssl=1&resize=700%2C400 2x, https:\/\/i0.wp.com\/soclose.mx\/blog\/wp-content\/uploads\/2021\/05\/zona-arqueologica-xochicalco.jpeg?fit=1200%2C677&ssl=1&resize=1050%2C600 3x"},"classes":[]},{"id":6537,"url":"https:\/\/soclose.mx\/blog\/news-feed\/las-zonas-arqueologicas-de-alta-vista-y-cerro-del-teul-en-zacatecas-reabriran-a-la-visita-publica-este-15-de-julio\/","url_meta":{"origin":5986,"position":1},"title":"Las zonas arqueol\u00f3gicas de Alta Vista y Cerro del Te\u00fal, en Zacatecas, reabrir\u00e1n a la visita p\u00fablica este 15 de julio","author":"So Close","date":"14 julio, 2021","format":false,"excerpt":"La Secretar\u00eda de Cultura del Gobierno de M\u00e9xico informa sobre la reapertura de las zonas arqueol\u00f3gicas de Alta Vista y Cerro del Te\u00fal; as\u00ed como la ampliaci\u00f3n de los d\u00edas de visita de la Zona Arqueol\u00f3gica de La Quemada a partir de este jueves 15 de julio, bajo estrictas medidas\u2026","rel":"","context":"En &quot;News feed&quot;","block_context":{"text":"News feed","link":"https:\/\/soclose.mx\/blog\/category\/news-feed\/"},"img":{"alt_text":"","src":"https:\/\/i0.wp.com\/soclose.mx\/blog\/wp-content\/uploads\/2021\/07\/zona-arqueologica-altavista.jpeg?fit=1200%2C677&ssl=1&resize=350%2C200","width":350,"height":200,"srcset":"https:\/\/i0.wp.com\/soclose.mx\/blog\/wp-content\/uploads\/2021\/07\/zona-arqueologica-altavista.jpeg?fit=1200%2C677&ssl=1&resize=350%2C200 1x, https:\/\/i0.wp.com\/soclose.mx\/blog\/wp-content\/uploads\/2021\/07\/zona-arqueologica-altavista.jpeg?fit=1200%2C677&ssl=1&resize=525%2C300 1.5x, https:\/\/i0.wp.com\/soclose.mx\/blog\/wp-content\/uploads\/2021\/07\/zona-arqueologica-altavista.jpeg?fit=1200%2C677&ssl=1&resize=700%2C400 2x, https:\/\/i0.wp.com\/soclose.mx\/blog\/wp-content\/uploads\/2021\/07\/zona-arqueologica-altavista.jpeg?fit=1200%2C677&ssl=1&resize=1050%2C600 3x"},"classes":[]},{"id":5769,"url":"https:\/\/soclose.mx\/blog\/news-feed\/zona-arqueologica-de-teotihuacan-reabrira-al-publico\/","url_meta":{"origin":5986,"position":2},"title":"Zona Arqueol\u00f3gica de Teotihuacan reabrir\u00e1 al p\u00fablico","author":"So Close","date":"22 febrero, 2021","format":false,"excerpt":"El mi\u00e9rcoles 24 de febrero, la Secretar\u00eda de Cultura del Gobierno de M\u00e9xico y el Instituto Nacional de Antropolog\u00eda e Historia (INAH) abrir\u00e1n nuevamente al p\u00fablico la Zona Arqueol\u00f3gica de Teotihuacan, en el Estado de M\u00e9xico, bajo estrictos protocolos de salud. La Zona Arqueol\u00f3gica de Teotihuacan abrir\u00e1 en un\u00a0horario de\u2026","rel":"","context":"En &quot;News feed&quot;","block_context":{"text":"News feed","link":"https:\/\/soclose.mx\/blog\/category\/news-feed\/"},"img":{"alt_text":"","src":"https:\/\/i0.wp.com\/soclose.mx\/blog\/wp-content\/uploads\/2021\/02\/Principal-So-Close-blog-3.jpg?fit=1200%2C677&ssl=1&resize=350%2C200","width":350,"height":200,"srcset":"https:\/\/i0.wp.com\/soclose.mx\/blog\/wp-content\/uploads\/2021\/02\/Principal-So-Close-blog-3.jpg?fit=1200%2C677&ssl=1&resize=350%2C200 1x, https:\/\/i0.wp.com\/soclose.mx\/blog\/wp-content\/uploads\/2021\/02\/Principal-So-Close-blog-3.jpg?fit=1200%2C677&ssl=1&resize=525%2C300 1.5x, https:\/\/i0.wp.com\/soclose.mx\/blog\/wp-content\/uploads\/2021\/02\/Principal-So-Close-blog-3.jpg?fit=1200%2C677&ssl=1&resize=700%2C400 2x, https:\/\/i0.wp.com\/soclose.mx\/blog\/wp-content\/uploads\/2021\/02\/Principal-So-Close-blog-3.jpg?fit=1200%2C677&ssl=1&resize=1050%2C600 3x"},"classes":[]},{"id":5998,"url":"https:\/\/soclose.mx\/blog\/news-feed\/zona-arqueologica-del-templo-mayor-sin-danos-graves-tras-granizada\/","url_meta":{"origin":5986,"position":3},"title":"Zona Arqueol\u00f3gica del Templo Mayor sin da\u00f1os graves, tras granizada","author":"So Close","date":"29 abril, 2021","format":false,"excerpt":"Tras la fuerte granizada ocurrida en la Ciudad de M\u00e9xico el 28 de abril, que provoc\u00f3 el colapso de la cubierta de la Casa de las \u00c1guilas en la Zona Arqueol\u00f3gica del Templo Mayor, autoridades informaron que, despu\u00e9s de las valoraciones preliminares, se determin\u00f3 que existieron da\u00f1os en las estructuras\u2026","rel":"","context":"En &quot;News feed&quot;","block_context":{"text":"News feed","link":"https:\/\/soclose.mx\/blog\/category\/news-feed\/"},"img":{"alt_text":"","src":"https:\/\/i0.wp.com\/soclose.mx\/blog\/wp-content\/uploads\/2021\/04\/templo-mayor-tenochtitlan.jpeg?fit=1200%2C677&ssl=1&resize=350%2C200","width":350,"height":200,"srcset":"https:\/\/i0.wp.com\/soclose.mx\/blog\/wp-content\/uploads\/2021\/04\/templo-mayor-tenochtitlan.jpeg?fit=1200%2C677&ssl=1&resize=350%2C200 1x, https:\/\/i0.wp.com\/soclose.mx\/blog\/wp-content\/uploads\/2021\/04\/templo-mayor-tenochtitlan.jpeg?fit=1200%2C677&ssl=1&resize=525%2C300 1.5x, https:\/\/i0.wp.com\/soclose.mx\/blog\/wp-content\/uploads\/2021\/04\/templo-mayor-tenochtitlan.jpeg?fit=1200%2C677&ssl=1&resize=700%2C400 2x, https:\/\/i0.wp.com\/soclose.mx\/blog\/wp-content\/uploads\/2021\/04\/templo-mayor-tenochtitlan.jpeg?fit=1200%2C677&ssl=1&resize=1050%2C600 3x"},"classes":[]},{"id":6729,"url":"https:\/\/soclose.mx\/blog\/news-feed\/reabren-en-campeche-las-zonas-arqueologicas-de-chunhuhub-y-chicanna\/","url_meta":{"origin":5986,"position":4},"title":"Reabren en Campeche las zonas arqueol\u00f3gicas de Chunhuhub y Chicann\u00e1","author":"So Close","date":"2 agosto, 2021","format":false,"excerpt":"Tras haber cerrado sus puertas en marzo de 2020, como medida preventiva ante la contingencia sanitaria por la COVID-19, las zonas arqueol\u00f3gicas de M\u00e9xico contin\u00faan con el proceso gradual de reapertura, priorizando la salud de los visitantes y los trabajadores. Bajo este esquema, la Secretar\u00eda de Cultura del Gobierno de\u2026","rel":"","context":"En &quot;News feed&quot;","block_context":{"text":"News feed","link":"https:\/\/soclose.mx\/blog\/category\/news-feed\/"},"img":{"alt_text":"","src":"https:\/\/i0.wp.com\/soclose.mx\/blog\/wp-content\/uploads\/2021\/08\/Chicanna-Zona-Arqueologica-de-Campeche.jpeg?fit=1200%2C677&ssl=1&resize=350%2C200","width":350,"height":200,"srcset":"https:\/\/i0.wp.com\/soclose.mx\/blog\/wp-content\/uploads\/2021\/08\/Chicanna-Zona-Arqueologica-de-Campeche.jpeg?fit=1200%2C677&ssl=1&resize=350%2C200 1x, https:\/\/i0.wp.com\/soclose.mx\/blog\/wp-content\/uploads\/2021\/08\/Chicanna-Zona-Arqueologica-de-Campeche.jpeg?fit=1200%2C677&ssl=1&resize=525%2C300 1.5x, https:\/\/i0.wp.com\/soclose.mx\/blog\/wp-content\/uploads\/2021\/08\/Chicanna-Zona-Arqueologica-de-Campeche.jpeg?fit=1200%2C677&ssl=1&resize=700%2C400 2x, https:\/\/i0.wp.com\/soclose.mx\/blog\/wp-content\/uploads\/2021\/08\/Chicanna-Zona-Arqueologica-de-Campeche.jpeg?fit=1200%2C677&ssl=1&resize=1050%2C600 3x"},"classes":[]},{"id":6378,"url":"https:\/\/soclose.mx\/blog\/news-feed\/reabren-zonas-arqueologicas-de-queretaro-y-guerrero\/","url_meta":{"origin":5986,"position":5},"title":"Reabren zonas arqueol\u00f3gicas de Quer\u00e9taro y Guerrero","author":"So Close","date":"1 julio, 2021","format":false,"excerpt":"En el estado de Quer\u00e9taro este 1 de julio reabren tres sitios, siguiendo estrictos protocolos sanitarios. Las zonas arqueol\u00f3gicas de El Cerrito, Toluquilla y Tancama podr\u00e1n recorrerse nuevamente de jueves a domingo. El horario de visita en El Cerrito es de 9:00 a 14:00 horas. El aforo m\u00e1ximo permitido es\u2026","rel":"","context":"En &quot;News feed&quot;","block_context":{"text":"News feed","link":"https:\/\/soclose.mx\/blog\/category\/news-feed\/"},"img":{"alt_text":"","src":"https:\/\/i0.wp.com\/soclose.mx\/blog\/wp-content\/uploads\/2021\/07\/zona-arqueologica-guerrero.jpg?fit=1200%2C677&ssl=1&resize=350%2C200","width":350,"height":200,"srcset":"https:\/\/i0.wp.com\/soclose.mx\/blog\/wp-content\/uploads\/2021\/07\/zona-arqueologica-guerrero.jpg?fit=1200%2C677&ssl=1&resize=350%2C200 1x, https:\/\/i0.wp.com\/soclose.mx\/blog\/wp-content\/uploads\/2021\/07\/zona-arqueologica-guerrero.jpg?fit=1200%2C677&ssl=1&resize=525%2C300 1.5x, https:\/\/i0.wp.com\/soclose.mx\/blog\/wp-content\/uploads\/2021\/07\/zona-arqueologica-guerrero.jpg?fit=1200%2C677&ssl=1&resize=700%2C400 2x, https:\/\/i0.wp.com\/soclose.mx\/blog\/wp-content\/uploads\/2021\/07\/zona-arqueologica-guerrero.jpg?fit=1200%2C677&ssl=1&resize=1050%2C600 3x"},"classes":[]}],"jetpack_sharing_enabled":true,"_links":{"self":[{"href":"https:\/\/soclose.mx\/blog\/wp-json\/wp\/v2\/posts\/5986","targetHints":{"allow":["GET"]}}],"collection":[{"href":"https:\/\/soclose.mx\/blog\/wp-json\/wp\/v2\/posts"}],"about":[{"href":"https:\/\/soclose.mx\/blog\/wp-json\/wp\/v2\/types\/post"}],"author":[{"embeddable":true,"href":"https:\/\/soclose.mx\/blog\/wp-json\/wp\/v2\/users\/1"}],"replies":[{"embeddable":true,"href":"https:\/\/soclose.mx\/blog\/wp-json\/wp\/v2\/comments?post=5986"}],"version-history":[{"count":0,"href":"https:\/\/soclose.mx\/blog\/wp-json\/wp\/v2\/posts\/5986\/revisions"}],"wp:featuredmedia":[{"embeddable":true,"href":"https:\/\/soclose.mx\/blog\/wp-json\/wp\/v2\/media\/5987"}],"wp:attachment":[{"href":"https:\/\/soclose.mx\/blog\/wp-json\/wp\/v2\/media?parent=5986"}],"wp:term":[{"taxonomy":"category","embeddable":true,"href":"https:\/\/soclose.mx\/blog\/wp-json\/wp\/v2\/categories?post=5986"},{"taxonomy":"post_tag","embeddable":true,"href":"https:\/\/soclose.mx\/blog\/wp-json\/wp\/v2\/tags?post=5986"}],"curies":[{"name":"wp","href":"https:\/\/api.w.org\/{rel}","templated":true}]}}