{"id":5989,"date":"2021-04-27T11:35:32","date_gmt":"2021-04-27T16:35:32","guid":{"rendered":"https:\/\/soclose.mx\/blog\/?p=5989"},"modified":"2021-04-27T11:35:32","modified_gmt":"2021-04-27T16:35:32","slug":"cumplen-100-anos-escudo-y-lema-de-la-unam-por-mi-raza-hablara-el-espiritu","status":"publish","type":"post","link":"https:\/\/soclose.mx\/blog\/news-feed\/cumplen-100-anos-escudo-y-lema-de-la-unam-por-mi-raza-hablara-el-espiritu\/","title":{"rendered":"Cumplen 100 a\u00f1os escudo y lema de la UNAM: \u201cPor mi raza hablar\u00e1 el esp\u00edritu\u201d"},"content":{"rendered":"<p>Este 27 de abril se cumple un siglo de que el Consejo de Educaci\u00f3n mexicano aprobara, a propuesta del rector<strong> Jos\u00e9 Vasconcelos<\/strong>, el <strong>escudo y el lema de la Universidad Nacional Aut\u00f3noma de M\u00e9xico (UNAM).<\/strong><\/p>\n<p>S\u00edmbolos de identidad universitaria, el escudo que muestra el lema<strong> \u201cPor mi raza hablar\u00e1 el esp\u00edritu\u201d<\/strong>, ha quedado grabado por d\u00e9cadas en las vidas de millones de mexicanos y mexicanas.<\/p>\n<p>Libertad, identidad, autonom\u00eda, orgullo, sentido de pertenencia, arraigo, son expresiones con las que los y las <strong>universitarias<\/strong> de ayer y de hoy describen las emociones que les evocan los s\u00edmbolos de la <strong>Universidad.<\/strong><\/p>\n<p><iframe loading=\"lazy\" title=\"YouTube video player\" src=\"https:\/\/www.youtube.com\/embed\/2VVy2IcBheI\" width=\"560\" height=\"315\" frameborder=\"0\" allowfullscreen=\"allowfullscreen\"><\/iframe><\/p>\n<p><strong>Escudo y lema<\/strong> son \u201celementos que han dado identidad hist\u00f3rica a nuestra comunidad y los hemos sostenido, e incluso defendido, como s\u00edmbolos de la autonom\u00eda, de la libertad de pensamiento, de la convivencia entre distintas corrientes y de la responsabilidad que tenemos los universitarios con la sociedad\u201d, ha se\u00f1alado el rector Enrique Graue Wiechers.<\/p>\n<p>Ambos han viajado y son conocidos y reconocidos a nivel mundial. El primero, con su ave bic\u00e9fala formada por la uni\u00f3n del \u00e1guila mexicana y el c\u00f3ndor andino; y el segundo, construido con 26 letras distribuidas en seis palabras: <strong>\u201cPor mi raza hablar\u00e1 el esp\u00edritu\u201d.<\/strong><\/p>\n<p>Fernando Vizca\u00edno Guerra, del Instituto de Investigaciones Sociales (IIS) de la <strong>UNAM,<\/strong> comenta la importancia del concepto de la raza, y la idea de la \u201craza c\u00f3smica\u201d, en el lema de la Universidad Nacional. \u201cNo hay duda de que <strong>Vasconcelos<\/strong> concibe la historia de occidente entre el mundo hisp\u00e1nico y el mundo anglosaj\u00f3n, porque no hay que olvidar el contexto hist\u00f3rico en que se crea nuestro lema. Hablamos de los a\u00f1os 20, que en Europa, y en buena medida en Norteam\u00e9rica, exist\u00eda la idea de una superioridad racial, la de los blancos o arios, particularmente\u201d.<\/p>\n<p><strong>Vasconcelos<\/strong> se opone a esa idea a trav\u00e9s de \u201cla raza c\u00f3smica\u201d, la cual re\u00fane las cuatro principales razas: afros, blancos, asi\u00e1ticos y amerindios, relata Vizca\u00edno Guerra.<\/p>\n<p>\u201cEntonces la raza c\u00f3smica no es otra que nosotros mismos, los mestizos, que a diferencia de la supuesta raza pura, es una mezcla diversa que constituye la fuente de la fortaleza\u201d.<\/p>\n<p>De ah\u00ed que, seg\u00fan el investigador del IIS, tambi\u00e9n el escudo de la <strong>UNAM<\/strong> alude a la importancia de la unidad latinoamericana, para defender su especificidad cultural, su autonom\u00eda pol\u00edtica, jur\u00eddica y territorial frente al mundo anglosaj\u00f3n.<\/p>\n<p>El <strong>escudo<\/strong> que actualmente se esgrime de manera oficial, refiere, es un h\u00edbrido de dos versiones gr\u00e1ficas que ya se hab\u00edan utilizado. \u201cUna es un escudo con relleno negro de las alas, patas, plumas y cabezas del c\u00f3ndor y del \u00e1guila; y el otro es un escudo con las plumas, alas, patas y cabezas del c\u00f3ndor y \u00e1guila en\u00a0<em>outline<\/em>\u00a0(contorno)\u201d.<\/p>\n<p>Cuando el Rey Carlos V acept\u00f3 en 1551 la propuesta de fray Juan de Zum\u00e1rraga, primer obispo de M\u00e9xico, para crear la primera universidad de M\u00e9xico concedi\u00f3, como parte de los favores otorgados, el derecho de utilizar las armas reales como escudo.<\/p>\n<p>De esta manera, el<strong> escudo<\/strong> fue elaborado a finales de 1570; de ah\u00ed surgieron dos variantes relacionadas con el otorgamiento de la sanci\u00f3n Pontificia a la Universidad, por el Papa Clemente VIII en 1595.<\/p>\n<p>El cuarto se realiz\u00f3 en 1821 cuando la instituci\u00f3n en M\u00e9xico independentista se denomin\u00f3 Nacional y Pontificia <strong>Universidad de M\u00e9xico.<\/strong><\/p>\n<p>Al a\u00f1o siguiente, con <strong>Agust\u00edn de Iturbide<\/strong> como emperador, la <strong>Universidad<\/strong> se convirti\u00f3 en <strong>Imperial y Pontificia Universidad de M\u00e9xico<\/strong>, y se dise\u00f1\u00f3 un quinto escudo. Sin embargo, tras la ca\u00edda de Iturbide, y en un lapso breve, se regres\u00f3 a la denominaci\u00f3n e identidad de Nacional y Pontificia.<\/p>\n<p>El sexto fue creado por \u00f3rdenes de Gabino Barreda para la Escuela Nacional Preparatoria.\u00a0 El s\u00e9ptimo y pen\u00faltimo, que se registra y valida como parte de la historia, data de la \u00e9poca de Justo Sierra y Ezequiel A. Ch\u00e1vez, en 1910.<\/p>\n<p>Cuando se present\u00f3 el actual, <strong>Jos\u00e9 Vasconcelos<\/strong> dijo: \u201cel <strong>escudo<\/strong> de la <strong>Universidad Nacional<\/strong> consistir\u00e1 en un mapa de la Am\u00e9rica Latina, con la leyenda<strong> \u2018Por mi raza hablar\u00e1 el esp\u00edritu\u2019\u201d<\/strong>.<\/p>\n<p>Fuente: bolet\u00edn de prensa <a href=\"https:\/\/www.dgcs.unam.mx\/index.html\" target=\"_blank\" rel=\"noopener\">UNAM.<\/a><\/p>\n","protected":false},"excerpt":{"rendered":"<p>Este 27 de abril se cumple un siglo de que el Consejo de Educaci\u00f3n mexicano aprobara, a propuesta del rector Jos\u00e9 Vasconcelos, el escudo y el lema de la Universidad Nacional Aut\u00f3noma de M\u00e9xico (UNAM). S\u00edmbolos de identidad universitaria, el escudo que muestra el lema \u201cPor mi raza hablar\u00e1 el esp\u00edritu\u201d, ha quedado grabado por d\u00e9cadas en las vidas de millones de mexicanos y mexicanas. Libertad, identidad, autonom\u00eda, orgullo, sentido de pertenencia, arraigo, son expresiones con las que los y las universitarias de ayer y de hoy describen las emociones que les evocan los s\u00edmbolos de la Universidad. Escudo y<\/p>\n","protected":false},"author":1,"featured_media":5991,"comment_status":"open","ping_status":"open","sticky":false,"template":"","format":"standard","meta":{"_jetpack_memberships_contains_paid_content":false,"footnotes":""},"categories":[628],"tags":[824,822,821,331,823],"class_list":["post-5989","post","type-post","status-publish","format-standard","has-post-thumbnail","hentry","category-news-feed","tag-escudo","tag-jose-vaconcelos","tag-por-mi-raza-hablara-el-espiritu","tag-unam","tag-universidad"],"yoast_head":"<!-- This site is optimized with the Yoast SEO plugin v26.7 - https:\/\/yoast.com\/wordpress\/plugins\/seo\/ -->\n<title>Cumplen 100 a\u00f1os escudo y lema de la UNAM: \u201cPor mi raza hablar\u00e1 el esp\u00edritu\u201d - So Close<\/title>\n<meta name=\"description\" content=\"S\u00edmbolos de identidad universitaria, el escudo que muestra el lema \u201cPor mi raza hablar\u00e1 el esp\u00edritu\u201d, ha quedado grabado por d\u00e9cadas.\" \/>\n<meta name=\"robots\" content=\"index, follow, max-snippet:-1, max-image-preview:large, max-video-preview:-1\" \/>\n<link rel=\"canonical\" href=\"https:\/\/soclose.mx\/blog\/news-feed\/cumplen-100-anos-escudo-y-lema-de-la-unam-por-mi-raza-hablara-el-espiritu\/\" \/>\n<meta property=\"og:locale\" content=\"es_MX\" \/>\n<meta property=\"og:type\" content=\"article\" \/>\n<meta property=\"og:title\" content=\"Cumplen 100 a\u00f1os escudo y lema de la UNAM: \u201cPor mi raza hablar\u00e1 el esp\u00edritu\u201d - So Close\" \/>\n<meta property=\"og:description\" content=\"S\u00edmbolos de identidad universitaria, el escudo que muestra el lema \u201cPor mi raza hablar\u00e1 el esp\u00edritu\u201d, ha quedado grabado por d\u00e9cadas.\" \/>\n<meta property=\"og:url\" content=\"https:\/\/soclose.mx\/blog\/news-feed\/cumplen-100-anos-escudo-y-lema-de-la-unam-por-mi-raza-hablara-el-espiritu\/\" \/>\n<meta property=\"og:site_name\" content=\"So Close\" \/>\n<meta property=\"article:published_time\" content=\"2021-04-27T16:35:32+00:00\" \/>\n<meta property=\"og:image\" content=\"https:\/\/i0.wp.com\/soclose.mx\/blog\/wp-content\/uploads\/2021\/04\/Principal-So-Close-blog.jpg?fit=1240%2C700&ssl=1\" \/>\n\t<meta property=\"og:image:width\" content=\"1240\" \/>\n\t<meta property=\"og:image:height\" content=\"700\" \/>\n\t<meta property=\"og:image:type\" content=\"image\/jpeg\" \/>\n<meta name=\"author\" content=\"So Close\" \/>\n<meta name=\"twitter:card\" content=\"summary_large_image\" \/>\n<meta name=\"twitter:label1\" content=\"Escrito por\" \/>\n\t<meta name=\"twitter:data1\" content=\"So Close\" \/>\n\t<meta name=\"twitter:label2\" content=\"Tiempo de lectura\" \/>\n\t<meta name=\"twitter:data2\" content=\"3 minutos\" \/>\n<script type=\"application\/ld+json\" class=\"yoast-schema-graph\">{\"@context\":\"https:\/\/schema.org\",\"@graph\":[{\"@type\":\"Article\",\"@id\":\"https:\/\/soclose.mx\/blog\/news-feed\/cumplen-100-anos-escudo-y-lema-de-la-unam-por-mi-raza-hablara-el-espiritu\/#article\",\"isPartOf\":{\"@id\":\"https:\/\/soclose.mx\/blog\/news-feed\/cumplen-100-anos-escudo-y-lema-de-la-unam-por-mi-raza-hablara-el-espiritu\/\"},\"author\":{\"name\":\"So Close\",\"@id\":\"https:\/\/soclose.mx\/blog\/#\/schema\/person\/723eb117ab965b55c3e56b5d29751667\"},\"headline\":\"Cumplen 100 a\u00f1os escudo y lema de la UNAM: \u201cPor mi raza hablar\u00e1 el esp\u00edritu\u201d\",\"datePublished\":\"2021-04-27T16:35:32+00:00\",\"mainEntityOfPage\":{\"@id\":\"https:\/\/soclose.mx\/blog\/news-feed\/cumplen-100-anos-escudo-y-lema-de-la-unam-por-mi-raza-hablara-el-espiritu\/\"},\"wordCount\":737,\"commentCount\":0,\"publisher\":{\"@id\":\"https:\/\/soclose.mx\/blog\/#organization\"},\"image\":{\"@id\":\"https:\/\/soclose.mx\/blog\/news-feed\/cumplen-100-anos-escudo-y-lema-de-la-unam-por-mi-raza-hablara-el-espiritu\/#primaryimage\"},\"thumbnailUrl\":\"https:\/\/i0.wp.com\/soclose.mx\/blog\/wp-content\/uploads\/2021\/04\/Principal-So-Close-blog.jpg?fit=1240%2C700&ssl=1\",\"keywords\":[\"escudo\",\"jose vaconcelos\",\"por mi raza hablar\u00e1 el espirit\u00fa\",\"unam\",\"universidad\"],\"articleSection\":[\"News feed\"],\"inLanguage\":\"es\",\"potentialAction\":[{\"@type\":\"CommentAction\",\"name\":\"Comment\",\"target\":[\"https:\/\/soclose.mx\/blog\/news-feed\/cumplen-100-anos-escudo-y-lema-de-la-unam-por-mi-raza-hablara-el-espiritu\/#respond\"]}]},{\"@type\":\"WebPage\",\"@id\":\"https:\/\/soclose.mx\/blog\/news-feed\/cumplen-100-anos-escudo-y-lema-de-la-unam-por-mi-raza-hablara-el-espiritu\/\",\"url\":\"https:\/\/soclose.mx\/blog\/news-feed\/cumplen-100-anos-escudo-y-lema-de-la-unam-por-mi-raza-hablara-el-espiritu\/\",\"name\":\"Cumplen 100 a\u00f1os escudo y lema de la UNAM: \u201cPor mi raza hablar\u00e1 el esp\u00edritu\u201d - So Close\",\"isPartOf\":{\"@id\":\"https:\/\/soclose.mx\/blog\/#website\"},\"primaryImageOfPage\":{\"@id\":\"https:\/\/soclose.mx\/blog\/news-feed\/cumplen-100-anos-escudo-y-lema-de-la-unam-por-mi-raza-hablara-el-espiritu\/#primaryimage\"},\"image\":{\"@id\":\"https:\/\/soclose.mx\/blog\/news-feed\/cumplen-100-anos-escudo-y-lema-de-la-unam-por-mi-raza-hablara-el-espiritu\/#primaryimage\"},\"thumbnailUrl\":\"https:\/\/i0.wp.com\/soclose.mx\/blog\/wp-content\/uploads\/2021\/04\/Principal-So-Close-blog.jpg?fit=1240%2C700&ssl=1\",\"datePublished\":\"2021-04-27T16:35:32+00:00\",\"description\":\"S\u00edmbolos de identidad universitaria, el escudo que muestra el lema \u201cPor mi raza hablar\u00e1 el esp\u00edritu\u201d, ha quedado grabado por d\u00e9cadas.\",\"breadcrumb\":{\"@id\":\"https:\/\/soclose.mx\/blog\/news-feed\/cumplen-100-anos-escudo-y-lema-de-la-unam-por-mi-raza-hablara-el-espiritu\/#breadcrumb\"},\"inLanguage\":\"es\",\"potentialAction\":[{\"@type\":\"ReadAction\",\"target\":[\"https:\/\/soclose.mx\/blog\/news-feed\/cumplen-100-anos-escudo-y-lema-de-la-unam-por-mi-raza-hablara-el-espiritu\/\"]}]},{\"@type\":\"ImageObject\",\"inLanguage\":\"es\",\"@id\":\"https:\/\/soclose.mx\/blog\/news-feed\/cumplen-100-anos-escudo-y-lema-de-la-unam-por-mi-raza-hablara-el-espiritu\/#primaryimage\",\"url\":\"https:\/\/i0.wp.com\/soclose.mx\/blog\/wp-content\/uploads\/2021\/04\/Principal-So-Close-blog.jpg?fit=1240%2C700&ssl=1\",\"contentUrl\":\"https:\/\/i0.wp.com\/soclose.mx\/blog\/wp-content\/uploads\/2021\/04\/Principal-So-Close-blog.jpg?fit=1240%2C700&ssl=1\",\"width\":1240,\"height\":700},{\"@type\":\"BreadcrumbList\",\"@id\":\"https:\/\/soclose.mx\/blog\/news-feed\/cumplen-100-anos-escudo-y-lema-de-la-unam-por-mi-raza-hablara-el-espiritu\/#breadcrumb\",\"itemListElement\":[{\"@type\":\"ListItem\",\"position\":1,\"name\":\"Inicio\",\"item\":\"https:\/\/soclose.mx\/blog\/\"},{\"@type\":\"ListItem\",\"position\":2,\"name\":\"Cumplen 100 a\u00f1os escudo y lema de la UNAM: \u201cPor mi raza hablar\u00e1 el esp\u00edritu\u201d\"}]},{\"@type\":\"WebSite\",\"@id\":\"https:\/\/soclose.mx\/blog\/#website\",\"url\":\"https:\/\/soclose.mx\/blog\/\",\"name\":\"So Close\",\"description\":\"Hacemos contenidos de M\u00e9xico\",\"publisher\":{\"@id\":\"https:\/\/soclose.mx\/blog\/#organization\"},\"potentialAction\":[{\"@type\":\"SearchAction\",\"target\":{\"@type\":\"EntryPoint\",\"urlTemplate\":\"https:\/\/soclose.mx\/blog\/?s={search_term_string}\"},\"query-input\":{\"@type\":\"PropertyValueSpecification\",\"valueRequired\":true,\"valueName\":\"search_term_string\"}}],\"inLanguage\":\"es\"},{\"@type\":\"Organization\",\"@id\":\"https:\/\/soclose.mx\/blog\/#organization\",\"name\":\"So Close\",\"url\":\"https:\/\/soclose.mx\/blog\/\",\"logo\":{\"@type\":\"ImageObject\",\"inLanguage\":\"es\",\"@id\":\"https:\/\/soclose.mx\/blog\/#\/schema\/logo\/image\/\",\"url\":\"https:\/\/i0.wp.com\/soclose.mx\/blog\/wp-content\/uploads\/2020\/12\/LOGO_SOCLOSE_COLOR-e1608310133507.png?fit=2858%2C1264&ssl=1\",\"contentUrl\":\"https:\/\/i0.wp.com\/soclose.mx\/blog\/wp-content\/uploads\/2020\/12\/LOGO_SOCLOSE_COLOR-e1608310133507.png?fit=2858%2C1264&ssl=1\",\"width\":2858,\"height\":1264,\"caption\":\"So Close\"},\"image\":{\"@id\":\"https:\/\/soclose.mx\/blog\/#\/schema\/logo\/image\/\"}},{\"@type\":\"Person\",\"@id\":\"https:\/\/soclose.mx\/blog\/#\/schema\/person\/723eb117ab965b55c3e56b5d29751667\",\"name\":\"So Close\",\"image\":{\"@type\":\"ImageObject\",\"inLanguage\":\"es\",\"@id\":\"https:\/\/soclose.mx\/blog\/#\/schema\/person\/image\/\",\"url\":\"https:\/\/secure.gravatar.com\/avatar\/5a1d1d694eaf6d2c28f450f0984cbb34821b92dc49c1d088c0250fbc6a48efec?s=96&d=mm&r=g\",\"contentUrl\":\"https:\/\/secure.gravatar.com\/avatar\/5a1d1d694eaf6d2c28f450f0984cbb34821b92dc49c1d088c0250fbc6a48efec?s=96&d=mm&r=g\",\"caption\":\"So Close\"},\"sameAs\":[\"http:\/\/www.soclose.mx\",\"https:\/\/www.youtube.com\/@soclosemx\"],\"url\":\"https:\/\/soclose.mx\/blog\/author\/admin\/\"}]}<\/script>\n<!-- \/ Yoast SEO plugin. -->","yoast_head_json":{"title":"Cumplen 100 a\u00f1os escudo y lema de la UNAM: \u201cPor mi raza hablar\u00e1 el esp\u00edritu\u201d - So Close","description":"S\u00edmbolos de identidad universitaria, el escudo que muestra el lema \u201cPor mi raza hablar\u00e1 el esp\u00edritu\u201d, ha quedado grabado por d\u00e9cadas.","robots":{"index":"index","follow":"follow","max-snippet":"max-snippet:-1","max-image-preview":"max-image-preview:large","max-video-preview":"max-video-preview:-1"},"canonical":"https:\/\/soclose.mx\/blog\/news-feed\/cumplen-100-anos-escudo-y-lema-de-la-unam-por-mi-raza-hablara-el-espiritu\/","og_locale":"es_MX","og_type":"article","og_title":"Cumplen 100 a\u00f1os escudo y lema de la UNAM: \u201cPor mi raza hablar\u00e1 el esp\u00edritu\u201d - So Close","og_description":"S\u00edmbolos de identidad universitaria, el escudo que muestra el lema \u201cPor mi raza hablar\u00e1 el esp\u00edritu\u201d, ha quedado grabado por d\u00e9cadas.","og_url":"https:\/\/soclose.mx\/blog\/news-feed\/cumplen-100-anos-escudo-y-lema-de-la-unam-por-mi-raza-hablara-el-espiritu\/","og_site_name":"So Close","article_published_time":"2021-04-27T16:35:32+00:00","og_image":[{"width":1240,"height":700,"url":"https:\/\/i0.wp.com\/soclose.mx\/blog\/wp-content\/uploads\/2021\/04\/Principal-So-Close-blog.jpg?fit=1240%2C700&ssl=1","type":"image\/jpeg"}],"author":"So Close","twitter_card":"summary_large_image","twitter_misc":{"Escrito por":"So Close","Tiempo de lectura":"3 minutos"},"schema":{"@context":"https:\/\/schema.org","@graph":[{"@type":"Article","@id":"https:\/\/soclose.mx\/blog\/news-feed\/cumplen-100-anos-escudo-y-lema-de-la-unam-por-mi-raza-hablara-el-espiritu\/#article","isPartOf":{"@id":"https:\/\/soclose.mx\/blog\/news-feed\/cumplen-100-anos-escudo-y-lema-de-la-unam-por-mi-raza-hablara-el-espiritu\/"},"author":{"name":"So Close","@id":"https:\/\/soclose.mx\/blog\/#\/schema\/person\/723eb117ab965b55c3e56b5d29751667"},"headline":"Cumplen 100 a\u00f1os escudo y lema de la UNAM: \u201cPor mi raza hablar\u00e1 el esp\u00edritu\u201d","datePublished":"2021-04-27T16:35:32+00:00","mainEntityOfPage":{"@id":"https:\/\/soclose.mx\/blog\/news-feed\/cumplen-100-anos-escudo-y-lema-de-la-unam-por-mi-raza-hablara-el-espiritu\/"},"wordCount":737,"commentCount":0,"publisher":{"@id":"https:\/\/soclose.mx\/blog\/#organization"},"image":{"@id":"https:\/\/soclose.mx\/blog\/news-feed\/cumplen-100-anos-escudo-y-lema-de-la-unam-por-mi-raza-hablara-el-espiritu\/#primaryimage"},"thumbnailUrl":"https:\/\/i0.wp.com\/soclose.mx\/blog\/wp-content\/uploads\/2021\/04\/Principal-So-Close-blog.jpg?fit=1240%2C700&ssl=1","keywords":["escudo","jose vaconcelos","por mi raza hablar\u00e1 el espirit\u00fa","unam","universidad"],"articleSection":["News feed"],"inLanguage":"es","potentialAction":[{"@type":"CommentAction","name":"Comment","target":["https:\/\/soclose.mx\/blog\/news-feed\/cumplen-100-anos-escudo-y-lema-de-la-unam-por-mi-raza-hablara-el-espiritu\/#respond"]}]},{"@type":"WebPage","@id":"https:\/\/soclose.mx\/blog\/news-feed\/cumplen-100-anos-escudo-y-lema-de-la-unam-por-mi-raza-hablara-el-espiritu\/","url":"https:\/\/soclose.mx\/blog\/news-feed\/cumplen-100-anos-escudo-y-lema-de-la-unam-por-mi-raza-hablara-el-espiritu\/","name":"Cumplen 100 a\u00f1os escudo y lema de la UNAM: \u201cPor mi raza hablar\u00e1 el esp\u00edritu\u201d - So Close","isPartOf":{"@id":"https:\/\/soclose.mx\/blog\/#website"},"primaryImageOfPage":{"@id":"https:\/\/soclose.mx\/blog\/news-feed\/cumplen-100-anos-escudo-y-lema-de-la-unam-por-mi-raza-hablara-el-espiritu\/#primaryimage"},"image":{"@id":"https:\/\/soclose.mx\/blog\/news-feed\/cumplen-100-anos-escudo-y-lema-de-la-unam-por-mi-raza-hablara-el-espiritu\/#primaryimage"},"thumbnailUrl":"https:\/\/i0.wp.com\/soclose.mx\/blog\/wp-content\/uploads\/2021\/04\/Principal-So-Close-blog.jpg?fit=1240%2C700&ssl=1","datePublished":"2021-04-27T16:35:32+00:00","description":"S\u00edmbolos de identidad universitaria, el escudo que muestra el lema \u201cPor mi raza hablar\u00e1 el esp\u00edritu\u201d, ha quedado grabado por d\u00e9cadas.","breadcrumb":{"@id":"https:\/\/soclose.mx\/blog\/news-feed\/cumplen-100-anos-escudo-y-lema-de-la-unam-por-mi-raza-hablara-el-espiritu\/#breadcrumb"},"inLanguage":"es","potentialAction":[{"@type":"ReadAction","target":["https:\/\/soclose.mx\/blog\/news-feed\/cumplen-100-anos-escudo-y-lema-de-la-unam-por-mi-raza-hablara-el-espiritu\/"]}]},{"@type":"ImageObject","inLanguage":"es","@id":"https:\/\/soclose.mx\/blog\/news-feed\/cumplen-100-anos-escudo-y-lema-de-la-unam-por-mi-raza-hablara-el-espiritu\/#primaryimage","url":"https:\/\/i0.wp.com\/soclose.mx\/blog\/wp-content\/uploads\/2021\/04\/Principal-So-Close-blog.jpg?fit=1240%2C700&ssl=1","contentUrl":"https:\/\/i0.wp.com\/soclose.mx\/blog\/wp-content\/uploads\/2021\/04\/Principal-So-Close-blog.jpg?fit=1240%2C700&ssl=1","width":1240,"height":700},{"@type":"BreadcrumbList","@id":"https:\/\/soclose.mx\/blog\/news-feed\/cumplen-100-anos-escudo-y-lema-de-la-unam-por-mi-raza-hablara-el-espiritu\/#breadcrumb","itemListElement":[{"@type":"ListItem","position":1,"name":"Inicio","item":"https:\/\/soclose.mx\/blog\/"},{"@type":"ListItem","position":2,"name":"Cumplen 100 a\u00f1os escudo y lema de la UNAM: \u201cPor mi raza hablar\u00e1 el esp\u00edritu\u201d"}]},{"@type":"WebSite","@id":"https:\/\/soclose.mx\/blog\/#website","url":"https:\/\/soclose.mx\/blog\/","name":"So Close","description":"Hacemos contenidos de M\u00e9xico","publisher":{"@id":"https:\/\/soclose.mx\/blog\/#organization"},"potentialAction":[{"@type":"SearchAction","target":{"@type":"EntryPoint","urlTemplate":"https:\/\/soclose.mx\/blog\/?s={search_term_string}"},"query-input":{"@type":"PropertyValueSpecification","valueRequired":true,"valueName":"search_term_string"}}],"inLanguage":"es"},{"@type":"Organization","@id":"https:\/\/soclose.mx\/blog\/#organization","name":"So Close","url":"https:\/\/soclose.mx\/blog\/","logo":{"@type":"ImageObject","inLanguage":"es","@id":"https:\/\/soclose.mx\/blog\/#\/schema\/logo\/image\/","url":"https:\/\/i0.wp.com\/soclose.mx\/blog\/wp-content\/uploads\/2020\/12\/LOGO_SOCLOSE_COLOR-e1608310133507.png?fit=2858%2C1264&ssl=1","contentUrl":"https:\/\/i0.wp.com\/soclose.mx\/blog\/wp-content\/uploads\/2020\/12\/LOGO_SOCLOSE_COLOR-e1608310133507.png?fit=2858%2C1264&ssl=1","width":2858,"height":1264,"caption":"So Close"},"image":{"@id":"https:\/\/soclose.mx\/blog\/#\/schema\/logo\/image\/"}},{"@type":"Person","@id":"https:\/\/soclose.mx\/blog\/#\/schema\/person\/723eb117ab965b55c3e56b5d29751667","name":"So Close","image":{"@type":"ImageObject","inLanguage":"es","@id":"https:\/\/soclose.mx\/blog\/#\/schema\/person\/image\/","url":"https:\/\/secure.gravatar.com\/avatar\/5a1d1d694eaf6d2c28f450f0984cbb34821b92dc49c1d088c0250fbc6a48efec?s=96&d=mm&r=g","contentUrl":"https:\/\/secure.gravatar.com\/avatar\/5a1d1d694eaf6d2c28f450f0984cbb34821b92dc49c1d088c0250fbc6a48efec?s=96&d=mm&r=g","caption":"So Close"},"sameAs":["http:\/\/www.soclose.mx","https:\/\/www.youtube.com\/@soclosemx"],"url":"https:\/\/soclose.mx\/blog\/author\/admin\/"}]}},"jetpack_featured_media_url":"https:\/\/i0.wp.com\/soclose.mx\/blog\/wp-content\/uploads\/2021\/04\/Principal-So-Close-blog.jpg?fit=1240%2C700&ssl=1","jetpack-related-posts":[{"id":9099,"url":"https:\/\/soclose.mx\/blog\/ay-goeeee\/el-significado-de-los-colores-y-el-escudo-de-la-bandera-de-mexico\/","url_meta":{"origin":5989,"position":0},"title":"El significado de los colores y el escudo de la bandera de M\u00e9xico","author":"Miguel Angel Romero","date":"24 febrero, 2022","format":false,"excerpt":"Seguramente en la escuela te lo ense\u00f1aron, pero si ya no recuerdas, aqu\u00ed te compartimos el verdadero significado de la bandera, as\u00ed como el origen e historia del Escudo Nacional. La bandera est\u00e1 representada en los tres colores: el verde simboliza la esperanza del pueblo en el destino de su\u2026","rel":"","context":"En &quot;\u00a1Ay goeeee!&quot;","block_context":{"text":"\u00a1Ay goeeee!","link":"https:\/\/soclose.mx\/blog\/category\/ay-goeeee\/"},"img":{"alt_text":"","src":"https:\/\/i0.wp.com\/soclose.mx\/blog\/wp-content\/uploads\/2022\/02\/Copia-de-Principal-So-Close-blog-20.png?fit=1200%2C677&ssl=1&resize=350%2C200","width":350,"height":200,"srcset":"https:\/\/i0.wp.com\/soclose.mx\/blog\/wp-content\/uploads\/2022\/02\/Copia-de-Principal-So-Close-blog-20.png?fit=1200%2C677&ssl=1&resize=350%2C200 1x, https:\/\/i0.wp.com\/soclose.mx\/blog\/wp-content\/uploads\/2022\/02\/Copia-de-Principal-So-Close-blog-20.png?fit=1200%2C677&ssl=1&resize=525%2C300 1.5x, https:\/\/i0.wp.com\/soclose.mx\/blog\/wp-content\/uploads\/2022\/02\/Copia-de-Principal-So-Close-blog-20.png?fit=1200%2C677&ssl=1&resize=700%2C400 2x, https:\/\/i0.wp.com\/soclose.mx\/blog\/wp-content\/uploads\/2022\/02\/Copia-de-Principal-So-Close-blog-20.png?fit=1200%2C677&ssl=1&resize=1050%2C600 3x"},"classes":[]},{"id":9621,"url":"https:\/\/soclose.mx\/blog\/news-feed\/regresa-la-fiesta-del-libro-y-la-rosa-de-la-unam\/","url_meta":{"origin":5989,"position":1},"title":"Regresa la Fiesta del Libro y la Rosa de la UNAM","author":"Miguel Angel Romero","date":"16 abril, 2022","format":false,"excerpt":"Con 150 actividades y 320 sellos editoriales, la 14 edici\u00f3n de la Fiesta del Libro y la Rosa 2022, se llevar\u00e1 a cabo del 22 al 24 de abril en distintas sedes de la Universidad Nacional Aut\u00f3noma de M\u00e9xico (UNAM). A dos a\u00f1os y dos meses cumplidos de la epidemia\u2026","rel":"","context":"En &quot;News feed&quot;","block_context":{"text":"News feed","link":"https:\/\/soclose.mx\/blog\/category\/news-feed\/"},"img":{"alt_text":"","src":"https:\/\/i0.wp.com\/soclose.mx\/blog\/wp-content\/uploads\/2022\/04\/Copia-de-Principal-So-Close-blog-10.png?fit=1200%2C677&ssl=1&resize=350%2C200","width":350,"height":200,"srcset":"https:\/\/i0.wp.com\/soclose.mx\/blog\/wp-content\/uploads\/2022\/04\/Copia-de-Principal-So-Close-blog-10.png?fit=1200%2C677&ssl=1&resize=350%2C200 1x, https:\/\/i0.wp.com\/soclose.mx\/blog\/wp-content\/uploads\/2022\/04\/Copia-de-Principal-So-Close-blog-10.png?fit=1200%2C677&ssl=1&resize=525%2C300 1.5x, https:\/\/i0.wp.com\/soclose.mx\/blog\/wp-content\/uploads\/2022\/04\/Copia-de-Principal-So-Close-blog-10.png?fit=1200%2C677&ssl=1&resize=700%2C400 2x, https:\/\/i0.wp.com\/soclose.mx\/blog\/wp-content\/uploads\/2022\/04\/Copia-de-Principal-So-Close-blog-10.png?fit=1200%2C677&ssl=1&resize=1050%2C600 3x"},"classes":[]},{"id":14742,"url":"https:\/\/soclose.mx\/blog\/news-feed\/cine-en-linea-la-plataforma-de-streaming-gratis-de-la-unam\/","url_meta":{"origin":5989,"position":2},"title":"Cine en L\u00ednea, la plataforma de streaming gratis de la UNAM","author":"So Close","date":"12 marzo, 2025","format":false,"excerpt":"\u00bfEres amante del cine mexicano? \u00bfBuscas una alternativa a las plataformas de streaming tradicionales? La Universidad Nacional Aut\u00f3noma de M\u00e9xico tiene la soluci\u00f3n perfecta: Cine en L\u00ednea, una plataforma de streaming gratis de la UNAM que te da acceso a un vasto cat\u00e1logo de pel\u00edculas, documentales y cortometrajes del acervo\u2026","rel":"","context":"En &quot;News feed&quot;","block_context":{"text":"News feed","link":"https:\/\/soclose.mx\/blog\/category\/news-feed\/"},"img":{"alt_text":"Cine en linea de la UNAM","src":"https:\/\/i0.wp.com\/soclose.mx\/blog\/wp-content\/uploads\/2025\/03\/Cine-en-linea-de-la-UNAM.jpg?fit=1200%2C675&ssl=1&resize=350%2C200","width":350,"height":200,"srcset":"https:\/\/i0.wp.com\/soclose.mx\/blog\/wp-content\/uploads\/2025\/03\/Cine-en-linea-de-la-UNAM.jpg?fit=1200%2C675&ssl=1&resize=350%2C200 1x, https:\/\/i0.wp.com\/soclose.mx\/blog\/wp-content\/uploads\/2025\/03\/Cine-en-linea-de-la-UNAM.jpg?fit=1200%2C675&ssl=1&resize=525%2C300 1.5x, https:\/\/i0.wp.com\/soclose.mx\/blog\/wp-content\/uploads\/2025\/03\/Cine-en-linea-de-la-UNAM.jpg?fit=1200%2C675&ssl=1&resize=700%2C400 2x, https:\/\/i0.wp.com\/soclose.mx\/blog\/wp-content\/uploads\/2025\/03\/Cine-en-linea-de-la-UNAM.jpg?fit=1200%2C675&ssl=1&resize=1050%2C600 3x"},"classes":[]},{"id":7023,"url":"https:\/\/soclose.mx\/blog\/ay-goeeee\/crean-cubrebocas-mexicano-que-inactiva-el-covid\/","url_meta":{"origin":5989,"position":3},"title":"As\u00ed se cre\u00f3 el cubrebocas mexicano que inactiv\u00f3 el covid","author":"Miguel Angel Romero","date":"28 agosto, 2021","format":false,"excerpt":"Un grupo del Instituto de Investigaciones en Materiales de la Universidad Nacional Aut\u00f3noma de M\u00e9xico (UNAM) cre\u00f3 un cubrebocas antimicrobiano que inactiva el SARS-CoV-2, virus causante del COVID-19, con un material registrado como SakCu. Sandra Rodil, l\u00edder del equipo de investigadores, explic\u00f3 a\u00a0Gaceta UNAM\u00a0que\u00a0\u201cSak\u201d significa plata en maya y \u201cCu\u201d\u2026","rel":"","context":"En &quot;\u00a1Ay goeeee!&quot;","block_context":{"text":"\u00a1Ay goeeee!","link":"https:\/\/soclose.mx\/blog\/category\/ay-goeeee\/"},"img":{"alt_text":"","src":"https:\/\/i0.wp.com\/soclose.mx\/blog\/wp-content\/uploads\/2021\/08\/Principal-So-Close-blog-5-1.jpg?fit=1200%2C677&ssl=1&resize=350%2C200","width":350,"height":200,"srcset":"https:\/\/i0.wp.com\/soclose.mx\/blog\/wp-content\/uploads\/2021\/08\/Principal-So-Close-blog-5-1.jpg?fit=1200%2C677&ssl=1&resize=350%2C200 1x, https:\/\/i0.wp.com\/soclose.mx\/blog\/wp-content\/uploads\/2021\/08\/Principal-So-Close-blog-5-1.jpg?fit=1200%2C677&ssl=1&resize=525%2C300 1.5x, https:\/\/i0.wp.com\/soclose.mx\/blog\/wp-content\/uploads\/2021\/08\/Principal-So-Close-blog-5-1.jpg?fit=1200%2C677&ssl=1&resize=700%2C400 2x, https:\/\/i0.wp.com\/soclose.mx\/blog\/wp-content\/uploads\/2021\/08\/Principal-So-Close-blog-5-1.jpg?fit=1200%2C677&ssl=1&resize=1050%2C600 3x"},"classes":[]},{"id":6057,"url":"https:\/\/soclose.mx\/blog\/news-feed\/inah-y-unam-descubren-nueva-especie-de-dinosaurio-como-las-de-parque-jurasico\/","url_meta":{"origin":5989,"position":4},"title":"INAH y UNAM descubren nueva especie de dinosaurio como las de Parque Jur\u00e1sico","author":"So Close","date":"13 mayo, 2021","format":false,"excerpt":"Hace 72 o 73 millones de a\u00f1os, un colosal dinosaurio herb\u00edvoro muri\u00f3 en lo que debi\u00f3 ser un cuerpo de agua copioso en sedimentos, por lo que su cuerpo qued\u00f3 r\u00e1pidamente cubierto por la tierra y pudo preservarse a lo largo de las eras, hasta que paleont\u00f3logos del Instituto Nacional\u2026","rel":"","context":"En &quot;News feed&quot;","block_context":{"text":"News feed","link":"https:\/\/soclose.mx\/blog\/category\/news-feed\/"},"img":{"alt_text":"","src":"https:\/\/i0.wp.com\/soclose.mx\/blog\/wp-content\/uploads\/2021\/05\/dinosaurio-Tlatolophus-galorum.jpeg?fit=1200%2C677&ssl=1&resize=350%2C200","width":350,"height":200,"srcset":"https:\/\/i0.wp.com\/soclose.mx\/blog\/wp-content\/uploads\/2021\/05\/dinosaurio-Tlatolophus-galorum.jpeg?fit=1200%2C677&ssl=1&resize=350%2C200 1x, https:\/\/i0.wp.com\/soclose.mx\/blog\/wp-content\/uploads\/2021\/05\/dinosaurio-Tlatolophus-galorum.jpeg?fit=1200%2C677&ssl=1&resize=525%2C300 1.5x, https:\/\/i0.wp.com\/soclose.mx\/blog\/wp-content\/uploads\/2021\/05\/dinosaurio-Tlatolophus-galorum.jpeg?fit=1200%2C677&ssl=1&resize=700%2C400 2x, https:\/\/i0.wp.com\/soclose.mx\/blog\/wp-content\/uploads\/2021\/05\/dinosaurio-Tlatolophus-galorum.jpeg?fit=1200%2C677&ssl=1&resize=1050%2C600 3x"},"classes":[]},{"id":6019,"url":"https:\/\/soclose.mx\/blog\/ay-goeeee\/video-7-cosas-que-amaras-de-el-tacubo-un-superheroe-muy-mexicano\/","url_meta":{"origin":5989,"position":5},"title":"VIDEO | 7 cosas que amar\u00e1s de &#8220;El Tacubo&#8221;, un superh\u00e9roe muy mexicano","author":"So Close","date":"6 mayo, 2021","format":false,"excerpt":"En M\u00e9xico no es sorpresa que en momentos dif\u00edciles aparezca la solidaridad y el apoyo hacia quienes m\u00e1s lo necesitan; \"El Tacubo\" es uno de esos personajes, de esos superh\u00e9roes an\u00f3nimos, quien durante la pandemia provocada por la Covid19\u00a0decidi\u00f3 hacerle la vida m\u00e1s llevadera a los ni\u00f1os quienes se vieron\u2026","rel":"","context":"En &quot;\u00a1Ay goeeee!&quot;","block_context":{"text":"\u00a1Ay goeeee!","link":"https:\/\/soclose.mx\/blog\/category\/ay-goeeee\/"},"img":{"alt_text":"","src":"https:\/\/i0.wp.com\/soclose.mx\/blog\/wp-content\/uploads\/2021\/05\/luchador-tacubo.jpeg?fit=1200%2C677&ssl=1&resize=350%2C200","width":350,"height":200,"srcset":"https:\/\/i0.wp.com\/soclose.mx\/blog\/wp-content\/uploads\/2021\/05\/luchador-tacubo.jpeg?fit=1200%2C677&ssl=1&resize=350%2C200 1x, https:\/\/i0.wp.com\/soclose.mx\/blog\/wp-content\/uploads\/2021\/05\/luchador-tacubo.jpeg?fit=1200%2C677&ssl=1&resize=525%2C300 1.5x, https:\/\/i0.wp.com\/soclose.mx\/blog\/wp-content\/uploads\/2021\/05\/luchador-tacubo.jpeg?fit=1200%2C677&ssl=1&resize=700%2C400 2x, https:\/\/i0.wp.com\/soclose.mx\/blog\/wp-content\/uploads\/2021\/05\/luchador-tacubo.jpeg?fit=1200%2C677&ssl=1&resize=1050%2C600 3x"},"classes":[]}],"jetpack_sharing_enabled":true,"_links":{"self":[{"href":"https:\/\/soclose.mx\/blog\/wp-json\/wp\/v2\/posts\/5989","targetHints":{"allow":["GET"]}}],"collection":[{"href":"https:\/\/soclose.mx\/blog\/wp-json\/wp\/v2\/posts"}],"about":[{"href":"https:\/\/soclose.mx\/blog\/wp-json\/wp\/v2\/types\/post"}],"author":[{"embeddable":true,"href":"https:\/\/soclose.mx\/blog\/wp-json\/wp\/v2\/users\/1"}],"replies":[{"embeddable":true,"href":"https:\/\/soclose.mx\/blog\/wp-json\/wp\/v2\/comments?post=5989"}],"version-history":[{"count":0,"href":"https:\/\/soclose.mx\/blog\/wp-json\/wp\/v2\/posts\/5989\/revisions"}],"wp:featuredmedia":[{"embeddable":true,"href":"https:\/\/soclose.mx\/blog\/wp-json\/wp\/v2\/media\/5991"}],"wp:attachment":[{"href":"https:\/\/soclose.mx\/blog\/wp-json\/wp\/v2\/media?parent=5989"}],"wp:term":[{"taxonomy":"category","embeddable":true,"href":"https:\/\/soclose.mx\/blog\/wp-json\/wp\/v2\/categories?post=5989"},{"taxonomy":"post_tag","embeddable":true,"href":"https:\/\/soclose.mx\/blog\/wp-json\/wp\/v2\/tags?post=5989"}],"curies":[{"name":"wp","href":"https:\/\/api.w.org\/{rel}","templated":true}]}}