{"id":5994,"date":"2021-04-28T15:51:30","date_gmt":"2021-04-28T20:51:30","guid":{"rendered":"https:\/\/soclose.mx\/blog\/?p=5994"},"modified":"2021-04-28T15:51:30","modified_gmt":"2021-04-28T20:51:30","slug":"descubren-vestigios-de-basamento-piramidal-en-tlalmanalco-estado-de-mexico","status":"publish","type":"post","link":"https:\/\/soclose.mx\/blog\/news-feed\/descubren-vestigios-de-basamento-piramidal-en-tlalmanalco-estado-de-mexico\/","title":{"rendered":"Descubren vestigios de basamento piramidal en Tlalmanalco, Estado de M\u00e9xico"},"content":{"rendered":"<p>Rodeados de construcciones contempor\u00e1neas y cercados por el avance urbano en el municipio de <strong>Tlalmanalco,<\/strong> en <strong>Estado de M\u00e9xico,<\/strong> arque\u00f3logos del Instituto Nacional de Antropolog\u00eda e Historia (INAH) descubrieron los <strong>vestigios<\/strong> de un <strong>basamento piramidal<\/strong>, el cual fue parte del centro urbano de la capital de Tlacochcalco, el\u00a0<em>alt\u00e9petl<\/em>\u00a0o se\u00f1or\u00edo principal de la liga de pueblos chalcas: la Chalcayotl, durante el periodo de ocupaci\u00f3n mexica.<\/p>\n<p>Ubicados en las c\u00e9ntricas calles de El Naranjo y Guerrero, cruce con la avenida de La Rosa, de <strong>Tlalmanalco<\/strong>, los restos de la edificaci\u00f3n son parte del <em>totehuacan<\/em>, el barrio central, de acuerdo con el arque\u00f3logo de la representaci\u00f3n estatal del INAH, Herv\u00e9 V\u00edctor Monterrosa Desruelles.<\/p>\n<figure id=\"attachment_5995\" aria-describedby=\"caption-attachment-5995\" style=\"width: 311px\" class=\"wp-caption alignright\"><img data-recalc-dims=\"1\" fetchpriority=\"high\" decoding=\"async\" class=\" wp-image-5995\" src=\"https:\/\/i0.wp.com\/soclose.mx\/blog\/wp-content\/uploads\/2021\/04\/inah.jpeg?resize=311%2C311&#038;ssl=1\" alt=\"\" width=\"311\" height=\"311\" srcset=\"https:\/\/i0.wp.com\/soclose.mx\/blog\/wp-content\/uploads\/2021\/04\/inah.jpeg?resize=1024%2C1024&amp;ssl=1 1024w, https:\/\/i0.wp.com\/soclose.mx\/blog\/wp-content\/uploads\/2021\/04\/inah.jpeg?resize=300%2C300&amp;ssl=1 300w, https:\/\/i0.wp.com\/soclose.mx\/blog\/wp-content\/uploads\/2021\/04\/inah.jpeg?resize=150%2C150&amp;ssl=1 150w, https:\/\/i0.wp.com\/soclose.mx\/blog\/wp-content\/uploads\/2021\/04\/inah.jpeg?resize=768%2C768&amp;ssl=1 768w, https:\/\/i0.wp.com\/soclose.mx\/blog\/wp-content\/uploads\/2021\/04\/inah.jpeg?resize=12%2C12&amp;ssl=1 12w, https:\/\/i0.wp.com\/soclose.mx\/blog\/wp-content\/uploads\/2021\/04\/inah.jpeg?resize=770%2C770&amp;ssl=1 770w, https:\/\/i0.wp.com\/soclose.mx\/blog\/wp-content\/uploads\/2021\/04\/inah.jpeg?resize=110%2C110&amp;ssl=1 110w, https:\/\/i0.wp.com\/soclose.mx\/blog\/wp-content\/uploads\/2021\/04\/inah.jpeg?w=1200&amp;ssl=1 1200w\" sizes=\"(max-width: 311px) 100vw, 311px\" \/><figcaption id=\"caption-attachment-5995\" class=\"wp-caption-text\">Foto: Detalle de algunos malacates encontrados entre muros de nivelacio\u0301n. Foto: Ricardo Arredondo Rojas. INAH.<\/figcaption><\/figure>\n<p>Esa zona, detall\u00f3, es un continuo de plataformas y nivelaciones, reflejo de una ocupaci\u00f3n prehisp\u00e1nica, pero desgraciadamente se han levantado casas sobre ellas, aunque en este caso, el due\u00f1o del predio donde se localizaron los <strong>vestigios,<\/strong> al querer construir recurri\u00f3 al Instituto, con el fin de examinar un mont\u00edculo detectado en su terreno, el cual al analizarlo revel\u00f3 la estructura.<\/p>\n<p>Monterrosa explic\u00f3 que los elementos del <strong>basamento<\/strong> descubierto son solo una tercera parte del volumen de la construcci\u00f3n, el resto fue arrasado por la mancha urbana. Sin embargo, se ha detectado un cuerpo arquitect\u00f3nico de tres niveles, cuya base mide 12 por 18 metros, aproximadamente, y cerca de 9 metros de altura, desde el desplante de los muros hasta la parte superior.<\/p>\n<p>\u201cEn la liberaci\u00f3n del edificio, por medio de calas de aproximaci\u00f3n, ubicamos distintos elementos como las paredes, las cuales se van atendiendo conforme lo largo de cada fachada.<\/p>\n<p>Una vez hecha esta intervenci\u00f3n, la segunda fase ser\u00e1 darle volumen y solidez a la estructura, la cual est\u00e1 deteriorada, sobre todo, en su parte norponiente, por medio de trabajos de consolidaci\u00f3n y restituci\u00f3n\u201d.<\/p>\n<p>Otro de los especialistas que forma parte del proyecto, desarrollado por la Secretar\u00eda de Cultura, a trav\u00e9s del Centro INAH <a href=\"https:\/\/soclose.mx\/blog\/?s=Estado+de+M%C3%A9xico\" target=\"_blank\" rel=\"noopener\">Estado de M\u00e9xico<\/a>, el arque\u00f3logo y arquitecto Ricardo Arredondo Rojas, destac\u00f3 que en el primer cuerpo se encontraron unas cuarter\u00edas con restos de pisos de estuco, con las que se determin\u00f3 la altura de los muros.<\/p>\n<p>Arquitect\u00f3nicamente, dijo, la estructura presenta dos fases de ocupaci\u00f3n: la primera, de 1350 a 1465 \u2014durante el momento hegem\u00f3nico de <strong>Chalco<\/strong>\u2014, muestra clara influencia <strong>chalca,<\/strong> con un sistema constructivo que utiliza argamasas a base de cal y tezontle triturado, as\u00ed como fango del lago como aglutinante, destacando, por su t\u00e9cnica, el trabajo canterano de piedra.<\/p>\n<p>La segunda etapa, con ocupaci\u00f3n del <strong>Imperio mexica<\/strong> en esa regi\u00f3n (a partir de 1465 y hasta al momento del contacto con los espa\u00f1oles), corresponde a la fase de ampliaci\u00f3n del basamento, lo que se aprecia con la serie de cajones para rellenos constructivos edificados en esa \u00e1rea. \u201cSin embargo, la calidad de la obra decae completamente, se vuelve m\u00e1s tosca, lo que indica cambios en la ocupaci\u00f3n y el sentido del espacio urbano.<\/p>\n<p>\u201cEsto \u00faltimo nos muestra c\u00f3mo le ganaron terreno a la barranca cercana, atiborrando la estructura con estas casillas que la sustentaban, las cuales llenaron de material cer\u00e1mico de desecho de una \u00e9poca anterior\u201d.<\/p>\n<p>Arredondo Rojas coment\u00f3 que, si fuera restituido el volumen original del basamento piramidal, \u201cestar\u00edamos hablando de dimensiones aproximadas de entre 35 y 45 metros de lado, en su primer cuerpo\u201d.<\/p>\n<p>De acuerdo con los datos arqueol\u00f3gicos obtenidos hasta el momento, ambos investigadores plantean que se trata de una estructura de tipo habitacional de \u00e9lite, quiz\u00e1, un \u00e1rea palaciega, dado que el material cer\u00e1mico hallado en el lugar es fino, aunque falta analizarlo.<\/p>\n<p>Subrayaron que adem\u00e1s se necesita corroborar las secuencias de ocupaci\u00f3n, porque aun cuando se tienen los restos de la edificaci\u00f3n, el material arqueol\u00f3gico, cer\u00e1mica principalmente (tepalcates y malacates), se encuentra revuelto con los rellenos constructivos o en las deposiciones de los derrumbes.<\/p>\n<p>\u201cNecesitamos localizar y excavar contextos m\u00e1s sellados para determinarlas, por lo que las excavaciones concluir\u00e1n en septiembre, y despu\u00e9s se analizar\u00e1n los materiales arqueol\u00f3gicos en gabinete\u201d, concordaron.<\/p>\n<p>Herv\u00e9 Monterrosa expuso que cuando se habla de sitios del periodo Poscl\u00e1sico, como este, se abordan con una visi\u00f3n etnoc\u00e9ntrica respecto a lo mexica; \u201csin embargo, el que se excava es chalca, cuya importancia radica en haber sido, como Tlacochcalco, la cabecera del\u00a0<em>alt\u00e9petl<\/em>\u00a0(en la etapa mexica) y uno de los cinco se\u00f1or\u00edos originales de <strong>Chalco<\/strong>, junto con Tenango-Tepopula, Xico-Chalco-Atenco, Amecameca y <strong>Xochimilco-Chimalhuac\u00e1n.<\/strong><\/p>\n<p><strong>Tlalmanalco<\/strong> fue uno de los <strong>reinos chalcas<\/strong> que se fund\u00f3 tard\u00edamente, a mediados del siglo XIV, el cual, al final de la incursi\u00f3n <strong>mexica<\/strong> en el sitio, en la etapa de Contacto, se convirti\u00f3 en la entidad sociopol\u00edtica principal de la<strong> Chalcayotl<\/strong>, la liga de pueblos de la regi\u00f3n.<\/p>\n<p>\u201cFue en este asentamiento donde Hern\u00e1n Cort\u00e9s, de acuerdo con la tercera de sus\u00a0<em>Cartas de relaci\u00f3n<\/em>, pernoct\u00f3 para negociar la alianza con los se\u00f1ores de <strong>Chalco<\/strong>, quienes lo guiar\u00edan a la entrada de M\u00e9xico-<a href=\"https:\/\/soclose.mx\/blog\/5-mitos-sobre-la-fundacion-de-tenochtitlan\/\" target=\"_blank\" rel=\"noopener\">Tenochtitlan<\/a>\u201d, finaliz\u00f3.<\/p>\n<p>Fuente: bolet\u00edn de prensa <a href=\"https:\/\/www.inah.gob.mx\/\" target=\"_blank\" rel=\"noopener\">INAH.<\/a><\/p>\n","protected":false},"excerpt":{"rendered":"<p>Rodeados de construcciones contempor\u00e1neas y cercados por el avance urbano en el municipio de Tlalmanalco, en Estado de M\u00e9xico, arque\u00f3logos del Instituto Nacional de Antropolog\u00eda e Historia (INAH) descubrieron los vestigios de un basamento piramidal, el cual fue parte del centro urbano de la capital de Tlacochcalco, el\u00a0alt\u00e9petl\u00a0o se\u00f1or\u00edo principal de la liga de pueblos chalcas: la Chalcayotl, durante el periodo de ocupaci\u00f3n mexica. Ubicados en las c\u00e9ntricas calles de El Naranjo y Guerrero, cruce con la avenida de La Rosa, de Tlalmanalco, los restos de la edificaci\u00f3n son parte del totehuacan, el barrio central, de acuerdo con el arque\u00f3logo<\/p>\n","protected":false},"author":1,"featured_media":5996,"comment_status":"open","ping_status":"open","sticky":false,"template":"","format":"standard","meta":{"_jetpack_memberships_contains_paid_content":false,"footnotes":""},"categories":[628],"tags":[826,827,745,828,620,502,829,825],"class_list":["post-5994","post","type-post","status-publish","format-standard","has-post-thumbnail","hentry","category-news-feed","tag-basamento-piramidal","tag-chalco","tag-estado-de-mexico","tag-imperio","tag-mexica","tag-piramide","tag-reinos-chalcas","tag-tlalmanalco"],"yoast_head":"<!-- This site is optimized with the Yoast SEO plugin v26.7 - https:\/\/yoast.com\/wordpress\/plugins\/seo\/ -->\n<title>Descubren vestigios de basamento piramidal en Tlalmanalco, Estado de M\u00e9xico - So Close<\/title>\n<meta name=\"description\" content=\"Ubicados en las c\u00e9ntricas calles de El Naranjo y Guerrero, los restos de la edificaci\u00f3n son parte del totehuacan.\" \/>\n<meta name=\"robots\" content=\"index, follow, max-snippet:-1, max-image-preview:large, max-video-preview:-1\" \/>\n<link rel=\"canonical\" href=\"https:\/\/soclose.mx\/blog\/news-feed\/descubren-vestigios-de-basamento-piramidal-en-tlalmanalco-estado-de-mexico\/\" \/>\n<meta property=\"og:locale\" content=\"es_MX\" \/>\n<meta property=\"og:type\" content=\"article\" \/>\n<meta property=\"og:title\" content=\"Descubren vestigios de basamento piramidal en Tlalmanalco, Estado de M\u00e9xico - So Close\" \/>\n<meta property=\"og:description\" content=\"Ubicados en las c\u00e9ntricas calles de El Naranjo y Guerrero, los restos de la edificaci\u00f3n son parte del totehuacan.\" \/>\n<meta property=\"og:url\" content=\"https:\/\/soclose.mx\/blog\/news-feed\/descubren-vestigios-de-basamento-piramidal-en-tlalmanalco-estado-de-mexico\/\" \/>\n<meta property=\"og:site_name\" content=\"So Close\" \/>\n<meta property=\"article:published_time\" content=\"2021-04-28T20:51:30+00:00\" \/>\n<meta property=\"og:image\" content=\"https:\/\/soclose.mx\/blog\/wp-content\/uploads\/2021\/04\/tlalmanalco-estadodemexico.jpeg\" \/>\n\t<meta property=\"og:image:width\" content=\"1240\" \/>\n\t<meta property=\"og:image:height\" content=\"700\" \/>\n\t<meta property=\"og:image:type\" content=\"image\/jpeg\" \/>\n<meta name=\"author\" content=\"So Close\" \/>\n<meta name=\"twitter:card\" content=\"summary_large_image\" \/>\n<meta name=\"twitter:label1\" content=\"Escrito por\" \/>\n\t<meta name=\"twitter:data1\" content=\"So Close\" \/>\n\t<meta name=\"twitter:label2\" content=\"Tiempo de lectura\" \/>\n\t<meta name=\"twitter:data2\" content=\"4 minutos\" \/>\n<script type=\"application\/ld+json\" class=\"yoast-schema-graph\">{\"@context\":\"https:\/\/schema.org\",\"@graph\":[{\"@type\":\"Article\",\"@id\":\"https:\/\/soclose.mx\/blog\/news-feed\/descubren-vestigios-de-basamento-piramidal-en-tlalmanalco-estado-de-mexico\/#article\",\"isPartOf\":{\"@id\":\"https:\/\/soclose.mx\/blog\/news-feed\/descubren-vestigios-de-basamento-piramidal-en-tlalmanalco-estado-de-mexico\/\"},\"author\":{\"name\":\"So Close\",\"@id\":\"https:\/\/soclose.mx\/blog\/#\/schema\/person\/723eb117ab965b55c3e56b5d29751667\"},\"headline\":\"Descubren vestigios de basamento piramidal en Tlalmanalco, Estado de M\u00e9xico\",\"datePublished\":\"2021-04-28T20:51:30+00:00\",\"mainEntityOfPage\":{\"@id\":\"https:\/\/soclose.mx\/blog\/news-feed\/descubren-vestigios-de-basamento-piramidal-en-tlalmanalco-estado-de-mexico\/\"},\"wordCount\":907,\"commentCount\":0,\"publisher\":{\"@id\":\"https:\/\/soclose.mx\/blog\/#organization\"},\"image\":{\"@id\":\"https:\/\/soclose.mx\/blog\/news-feed\/descubren-vestigios-de-basamento-piramidal-en-tlalmanalco-estado-de-mexico\/#primaryimage\"},\"thumbnailUrl\":\"https:\/\/i0.wp.com\/soclose.mx\/blog\/wp-content\/uploads\/2021\/04\/tlalmanalco-estadodemexico.jpeg?fit=1240%2C700&ssl=1\",\"keywords\":[\"basamento piramidal\",\"chalco\",\"estado de mexico\",\"imperio\",\"mexica\",\"piramide\",\"reinos chalcas\",\"Tlalmanalco\"],\"articleSection\":[\"News feed\"],\"inLanguage\":\"es\",\"potentialAction\":[{\"@type\":\"CommentAction\",\"name\":\"Comment\",\"target\":[\"https:\/\/soclose.mx\/blog\/news-feed\/descubren-vestigios-de-basamento-piramidal-en-tlalmanalco-estado-de-mexico\/#respond\"]}]},{\"@type\":\"WebPage\",\"@id\":\"https:\/\/soclose.mx\/blog\/news-feed\/descubren-vestigios-de-basamento-piramidal-en-tlalmanalco-estado-de-mexico\/\",\"url\":\"https:\/\/soclose.mx\/blog\/news-feed\/descubren-vestigios-de-basamento-piramidal-en-tlalmanalco-estado-de-mexico\/\",\"name\":\"Descubren vestigios de basamento piramidal en Tlalmanalco, Estado de M\u00e9xico - So Close\",\"isPartOf\":{\"@id\":\"https:\/\/soclose.mx\/blog\/#website\"},\"primaryImageOfPage\":{\"@id\":\"https:\/\/soclose.mx\/blog\/news-feed\/descubren-vestigios-de-basamento-piramidal-en-tlalmanalco-estado-de-mexico\/#primaryimage\"},\"image\":{\"@id\":\"https:\/\/soclose.mx\/blog\/news-feed\/descubren-vestigios-de-basamento-piramidal-en-tlalmanalco-estado-de-mexico\/#primaryimage\"},\"thumbnailUrl\":\"https:\/\/i0.wp.com\/soclose.mx\/blog\/wp-content\/uploads\/2021\/04\/tlalmanalco-estadodemexico.jpeg?fit=1240%2C700&ssl=1\",\"datePublished\":\"2021-04-28T20:51:30+00:00\",\"description\":\"Ubicados en las c\u00e9ntricas calles de El Naranjo y Guerrero, los restos de la edificaci\u00f3n son parte del totehuacan.\",\"breadcrumb\":{\"@id\":\"https:\/\/soclose.mx\/blog\/news-feed\/descubren-vestigios-de-basamento-piramidal-en-tlalmanalco-estado-de-mexico\/#breadcrumb\"},\"inLanguage\":\"es\",\"potentialAction\":[{\"@type\":\"ReadAction\",\"target\":[\"https:\/\/soclose.mx\/blog\/news-feed\/descubren-vestigios-de-basamento-piramidal-en-tlalmanalco-estado-de-mexico\/\"]}]},{\"@type\":\"ImageObject\",\"inLanguage\":\"es\",\"@id\":\"https:\/\/soclose.mx\/blog\/news-feed\/descubren-vestigios-de-basamento-piramidal-en-tlalmanalco-estado-de-mexico\/#primaryimage\",\"url\":\"https:\/\/i0.wp.com\/soclose.mx\/blog\/wp-content\/uploads\/2021\/04\/tlalmanalco-estadodemexico.jpeg?fit=1240%2C700&ssl=1\",\"contentUrl\":\"https:\/\/i0.wp.com\/soclose.mx\/blog\/wp-content\/uploads\/2021\/04\/tlalmanalco-estadodemexico.jpeg?fit=1240%2C700&ssl=1\",\"width\":1240,\"height\":700},{\"@type\":\"BreadcrumbList\",\"@id\":\"https:\/\/soclose.mx\/blog\/news-feed\/descubren-vestigios-de-basamento-piramidal-en-tlalmanalco-estado-de-mexico\/#breadcrumb\",\"itemListElement\":[{\"@type\":\"ListItem\",\"position\":1,\"name\":\"Inicio\",\"item\":\"https:\/\/soclose.mx\/blog\/\"},{\"@type\":\"ListItem\",\"position\":2,\"name\":\"Descubren vestigios de basamento piramidal en Tlalmanalco, Estado de M\u00e9xico\"}]},{\"@type\":\"WebSite\",\"@id\":\"https:\/\/soclose.mx\/blog\/#website\",\"url\":\"https:\/\/soclose.mx\/blog\/\",\"name\":\"So Close\",\"description\":\"Hacemos contenidos de M\u00e9xico\",\"publisher\":{\"@id\":\"https:\/\/soclose.mx\/blog\/#organization\"},\"potentialAction\":[{\"@type\":\"SearchAction\",\"target\":{\"@type\":\"EntryPoint\",\"urlTemplate\":\"https:\/\/soclose.mx\/blog\/?s={search_term_string}\"},\"query-input\":{\"@type\":\"PropertyValueSpecification\",\"valueRequired\":true,\"valueName\":\"search_term_string\"}}],\"inLanguage\":\"es\"},{\"@type\":\"Organization\",\"@id\":\"https:\/\/soclose.mx\/blog\/#organization\",\"name\":\"So Close\",\"url\":\"https:\/\/soclose.mx\/blog\/\",\"logo\":{\"@type\":\"ImageObject\",\"inLanguage\":\"es\",\"@id\":\"https:\/\/soclose.mx\/blog\/#\/schema\/logo\/image\/\",\"url\":\"https:\/\/i0.wp.com\/soclose.mx\/blog\/wp-content\/uploads\/2020\/12\/LOGO_SOCLOSE_COLOR-e1608310133507.png?fit=2858%2C1264&ssl=1\",\"contentUrl\":\"https:\/\/i0.wp.com\/soclose.mx\/blog\/wp-content\/uploads\/2020\/12\/LOGO_SOCLOSE_COLOR-e1608310133507.png?fit=2858%2C1264&ssl=1\",\"width\":2858,\"height\":1264,\"caption\":\"So Close\"},\"image\":{\"@id\":\"https:\/\/soclose.mx\/blog\/#\/schema\/logo\/image\/\"}},{\"@type\":\"Person\",\"@id\":\"https:\/\/soclose.mx\/blog\/#\/schema\/person\/723eb117ab965b55c3e56b5d29751667\",\"name\":\"So Close\",\"image\":{\"@type\":\"ImageObject\",\"inLanguage\":\"es\",\"@id\":\"https:\/\/soclose.mx\/blog\/#\/schema\/person\/image\/\",\"url\":\"https:\/\/secure.gravatar.com\/avatar\/5a1d1d694eaf6d2c28f450f0984cbb34821b92dc49c1d088c0250fbc6a48efec?s=96&d=mm&r=g\",\"contentUrl\":\"https:\/\/secure.gravatar.com\/avatar\/5a1d1d694eaf6d2c28f450f0984cbb34821b92dc49c1d088c0250fbc6a48efec?s=96&d=mm&r=g\",\"caption\":\"So Close\"},\"sameAs\":[\"http:\/\/www.soclose.mx\",\"https:\/\/www.youtube.com\/@soclosemx\"],\"url\":\"https:\/\/soclose.mx\/blog\/author\/admin\/\"}]}<\/script>\n<!-- \/ Yoast SEO plugin. -->","yoast_head_json":{"title":"Descubren vestigios de basamento piramidal en Tlalmanalco, Estado de M\u00e9xico - So Close","description":"Ubicados en las c\u00e9ntricas calles de El Naranjo y Guerrero, los restos de la edificaci\u00f3n son parte del totehuacan.","robots":{"index":"index","follow":"follow","max-snippet":"max-snippet:-1","max-image-preview":"max-image-preview:large","max-video-preview":"max-video-preview:-1"},"canonical":"https:\/\/soclose.mx\/blog\/news-feed\/descubren-vestigios-de-basamento-piramidal-en-tlalmanalco-estado-de-mexico\/","og_locale":"es_MX","og_type":"article","og_title":"Descubren vestigios de basamento piramidal en Tlalmanalco, Estado de M\u00e9xico - So Close","og_description":"Ubicados en las c\u00e9ntricas calles de El Naranjo y Guerrero, los restos de la edificaci\u00f3n son parte del totehuacan.","og_url":"https:\/\/soclose.mx\/blog\/news-feed\/descubren-vestigios-de-basamento-piramidal-en-tlalmanalco-estado-de-mexico\/","og_site_name":"So Close","article_published_time":"2021-04-28T20:51:30+00:00","og_image":[{"width":1240,"height":700,"url":"https:\/\/soclose.mx\/blog\/wp-content\/uploads\/2021\/04\/tlalmanalco-estadodemexico.jpeg","type":"image\/jpeg"}],"author":"So Close","twitter_card":"summary_large_image","twitter_misc":{"Escrito por":"So Close","Tiempo de lectura":"4 minutos"},"schema":{"@context":"https:\/\/schema.org","@graph":[{"@type":"Article","@id":"https:\/\/soclose.mx\/blog\/news-feed\/descubren-vestigios-de-basamento-piramidal-en-tlalmanalco-estado-de-mexico\/#article","isPartOf":{"@id":"https:\/\/soclose.mx\/blog\/news-feed\/descubren-vestigios-de-basamento-piramidal-en-tlalmanalco-estado-de-mexico\/"},"author":{"name":"So Close","@id":"https:\/\/soclose.mx\/blog\/#\/schema\/person\/723eb117ab965b55c3e56b5d29751667"},"headline":"Descubren vestigios de basamento piramidal en Tlalmanalco, Estado de M\u00e9xico","datePublished":"2021-04-28T20:51:30+00:00","mainEntityOfPage":{"@id":"https:\/\/soclose.mx\/blog\/news-feed\/descubren-vestigios-de-basamento-piramidal-en-tlalmanalco-estado-de-mexico\/"},"wordCount":907,"commentCount":0,"publisher":{"@id":"https:\/\/soclose.mx\/blog\/#organization"},"image":{"@id":"https:\/\/soclose.mx\/blog\/news-feed\/descubren-vestigios-de-basamento-piramidal-en-tlalmanalco-estado-de-mexico\/#primaryimage"},"thumbnailUrl":"https:\/\/i0.wp.com\/soclose.mx\/blog\/wp-content\/uploads\/2021\/04\/tlalmanalco-estadodemexico.jpeg?fit=1240%2C700&ssl=1","keywords":["basamento piramidal","chalco","estado de mexico","imperio","mexica","piramide","reinos chalcas","Tlalmanalco"],"articleSection":["News feed"],"inLanguage":"es","potentialAction":[{"@type":"CommentAction","name":"Comment","target":["https:\/\/soclose.mx\/blog\/news-feed\/descubren-vestigios-de-basamento-piramidal-en-tlalmanalco-estado-de-mexico\/#respond"]}]},{"@type":"WebPage","@id":"https:\/\/soclose.mx\/blog\/news-feed\/descubren-vestigios-de-basamento-piramidal-en-tlalmanalco-estado-de-mexico\/","url":"https:\/\/soclose.mx\/blog\/news-feed\/descubren-vestigios-de-basamento-piramidal-en-tlalmanalco-estado-de-mexico\/","name":"Descubren vestigios de basamento piramidal en Tlalmanalco, Estado de M\u00e9xico - So Close","isPartOf":{"@id":"https:\/\/soclose.mx\/blog\/#website"},"primaryImageOfPage":{"@id":"https:\/\/soclose.mx\/blog\/news-feed\/descubren-vestigios-de-basamento-piramidal-en-tlalmanalco-estado-de-mexico\/#primaryimage"},"image":{"@id":"https:\/\/soclose.mx\/blog\/news-feed\/descubren-vestigios-de-basamento-piramidal-en-tlalmanalco-estado-de-mexico\/#primaryimage"},"thumbnailUrl":"https:\/\/i0.wp.com\/soclose.mx\/blog\/wp-content\/uploads\/2021\/04\/tlalmanalco-estadodemexico.jpeg?fit=1240%2C700&ssl=1","datePublished":"2021-04-28T20:51:30+00:00","description":"Ubicados en las c\u00e9ntricas calles de El Naranjo y Guerrero, los restos de la edificaci\u00f3n son parte del totehuacan.","breadcrumb":{"@id":"https:\/\/soclose.mx\/blog\/news-feed\/descubren-vestigios-de-basamento-piramidal-en-tlalmanalco-estado-de-mexico\/#breadcrumb"},"inLanguage":"es","potentialAction":[{"@type":"ReadAction","target":["https:\/\/soclose.mx\/blog\/news-feed\/descubren-vestigios-de-basamento-piramidal-en-tlalmanalco-estado-de-mexico\/"]}]},{"@type":"ImageObject","inLanguage":"es","@id":"https:\/\/soclose.mx\/blog\/news-feed\/descubren-vestigios-de-basamento-piramidal-en-tlalmanalco-estado-de-mexico\/#primaryimage","url":"https:\/\/i0.wp.com\/soclose.mx\/blog\/wp-content\/uploads\/2021\/04\/tlalmanalco-estadodemexico.jpeg?fit=1240%2C700&ssl=1","contentUrl":"https:\/\/i0.wp.com\/soclose.mx\/blog\/wp-content\/uploads\/2021\/04\/tlalmanalco-estadodemexico.jpeg?fit=1240%2C700&ssl=1","width":1240,"height":700},{"@type":"BreadcrumbList","@id":"https:\/\/soclose.mx\/blog\/news-feed\/descubren-vestigios-de-basamento-piramidal-en-tlalmanalco-estado-de-mexico\/#breadcrumb","itemListElement":[{"@type":"ListItem","position":1,"name":"Inicio","item":"https:\/\/soclose.mx\/blog\/"},{"@type":"ListItem","position":2,"name":"Descubren vestigios de basamento piramidal en Tlalmanalco, Estado de M\u00e9xico"}]},{"@type":"WebSite","@id":"https:\/\/soclose.mx\/blog\/#website","url":"https:\/\/soclose.mx\/blog\/","name":"So Close","description":"Hacemos contenidos de M\u00e9xico","publisher":{"@id":"https:\/\/soclose.mx\/blog\/#organization"},"potentialAction":[{"@type":"SearchAction","target":{"@type":"EntryPoint","urlTemplate":"https:\/\/soclose.mx\/blog\/?s={search_term_string}"},"query-input":{"@type":"PropertyValueSpecification","valueRequired":true,"valueName":"search_term_string"}}],"inLanguage":"es"},{"@type":"Organization","@id":"https:\/\/soclose.mx\/blog\/#organization","name":"So Close","url":"https:\/\/soclose.mx\/blog\/","logo":{"@type":"ImageObject","inLanguage":"es","@id":"https:\/\/soclose.mx\/blog\/#\/schema\/logo\/image\/","url":"https:\/\/i0.wp.com\/soclose.mx\/blog\/wp-content\/uploads\/2020\/12\/LOGO_SOCLOSE_COLOR-e1608310133507.png?fit=2858%2C1264&ssl=1","contentUrl":"https:\/\/i0.wp.com\/soclose.mx\/blog\/wp-content\/uploads\/2020\/12\/LOGO_SOCLOSE_COLOR-e1608310133507.png?fit=2858%2C1264&ssl=1","width":2858,"height":1264,"caption":"So Close"},"image":{"@id":"https:\/\/soclose.mx\/blog\/#\/schema\/logo\/image\/"}},{"@type":"Person","@id":"https:\/\/soclose.mx\/blog\/#\/schema\/person\/723eb117ab965b55c3e56b5d29751667","name":"So Close","image":{"@type":"ImageObject","inLanguage":"es","@id":"https:\/\/soclose.mx\/blog\/#\/schema\/person\/image\/","url":"https:\/\/secure.gravatar.com\/avatar\/5a1d1d694eaf6d2c28f450f0984cbb34821b92dc49c1d088c0250fbc6a48efec?s=96&d=mm&r=g","contentUrl":"https:\/\/secure.gravatar.com\/avatar\/5a1d1d694eaf6d2c28f450f0984cbb34821b92dc49c1d088c0250fbc6a48efec?s=96&d=mm&r=g","caption":"So Close"},"sameAs":["http:\/\/www.soclose.mx","https:\/\/www.youtube.com\/@soclosemx"],"url":"https:\/\/soclose.mx\/blog\/author\/admin\/"}]}},"jetpack_featured_media_url":"https:\/\/i0.wp.com\/soclose.mx\/blog\/wp-content\/uploads\/2021\/04\/tlalmanalco-estadodemexico.jpeg?fit=1240%2C700&ssl=1","jetpack-related-posts":[{"id":9933,"url":"https:\/\/soclose.mx\/blog\/lugares\/mazatepetl-la-zona-de-venados-de-la-cdmx-que-nadie-conocia\/","url_meta":{"origin":5994,"position":0},"title":"Mazat\u00e9petl, la zona de venados de la CDMX que nadie conoc\u00eda","author":"Daniel Ram\u00edrez","date":"20 mayo, 2022","format":false,"excerpt":"En el a\u00f1o 2000, el Instituto Nacional de Antropolog\u00eda e Historia inici\u00f3 los trabajos de descubrimiento y rescate de la Zona Arqueol\u00f3gica Mazat\u00e9petl, ubicada en el Cerro del Jud\u00edo de San Bernab\u00e9 Ocotepec, alcald\u00eda Magdalena Contreras. La zona se encontraba oculta entre la maleza, por lo que fue dif\u00edcil saber\u2026","rel":"","context":"En &quot;Lugares&quot;","block_context":{"text":"Lugares","link":"https:\/\/soclose.mx\/blog\/category\/lugares\/"},"img":{"alt_text":"","src":"https:\/\/i0.wp.com\/soclose.mx\/blog\/wp-content\/uploads\/2022\/05\/pira.png?fit=1147%2C713&ssl=1&resize=350%2C200","width":350,"height":200,"srcset":"https:\/\/i0.wp.com\/soclose.mx\/blog\/wp-content\/uploads\/2022\/05\/pira.png?fit=1147%2C713&ssl=1&resize=350%2C200 1x, https:\/\/i0.wp.com\/soclose.mx\/blog\/wp-content\/uploads\/2022\/05\/pira.png?fit=1147%2C713&ssl=1&resize=525%2C300 1.5x, https:\/\/i0.wp.com\/soclose.mx\/blog\/wp-content\/uploads\/2022\/05\/pira.png?fit=1147%2C713&ssl=1&resize=700%2C400 2x, https:\/\/i0.wp.com\/soclose.mx\/blog\/wp-content\/uploads\/2022\/05\/pira.png?fit=1147%2C713&ssl=1&resize=1050%2C600 3x"},"classes":[]},{"id":6722,"url":"https:\/\/soclose.mx\/blog\/news-feed\/localizan-entierros-humanos-y-elementos-prehispanicos-asociados-a-un-templo-de-franciscanos-en-1619\/","url_meta":{"origin":5994,"position":1},"title":"Localizan entierros humanos y elementos prehisp\u00e1nicos asociados a un templo de franciscanos en 1619","author":"So Close","date":"30 julio, 2021","format":false,"excerpt":"Vestigios relacionados con el Templo de Nuestra Se\u00f1ora de la Inmaculada Concepci\u00f3n, erigido en tiempos virreinales, as\u00ed como con un destacamento militar que habr\u00eda sido usado durante la Guerra Social Maya o Guerra de Castas, fueron descubiertos por especialistas del Instituto Nacional de Antropolog\u00eda e Historia (INAH) en la poblaci\u00f3n\u2026","rel":"","context":"En &quot;News feed&quot;","block_context":{"text":"News feed","link":"https:\/\/soclose.mx\/blog\/category\/news-feed\/"},"img":{"alt_text":"","src":"https:\/\/i0.wp.com\/soclose.mx\/blog\/wp-content\/uploads\/2021\/07\/piste-yucatan.jpeg?fit=1200%2C677&ssl=1&resize=350%2C200","width":350,"height":200,"srcset":"https:\/\/i0.wp.com\/soclose.mx\/blog\/wp-content\/uploads\/2021\/07\/piste-yucatan.jpeg?fit=1200%2C677&ssl=1&resize=350%2C200 1x, https:\/\/i0.wp.com\/soclose.mx\/blog\/wp-content\/uploads\/2021\/07\/piste-yucatan.jpeg?fit=1200%2C677&ssl=1&resize=525%2C300 1.5x, https:\/\/i0.wp.com\/soclose.mx\/blog\/wp-content\/uploads\/2021\/07\/piste-yucatan.jpeg?fit=1200%2C677&ssl=1&resize=700%2C400 2x, https:\/\/i0.wp.com\/soclose.mx\/blog\/wp-content\/uploads\/2021\/07\/piste-yucatan.jpeg?fit=1200%2C677&ssl=1&resize=1050%2C600 3x"},"classes":[]},{"id":6128,"url":"https:\/\/soclose.mx\/blog\/news-feed\/develan-los-ultimos-siete-siglos-de-una-vivienda-xochimilca-y-el-destino-de-sus-antiguos-habitantes\/","url_meta":{"origin":5994,"position":2},"title":"Develan los \u00faltimos siete siglos de una vivienda xochimilca y el destino de sus antiguos habitantes","author":"So Close","date":"31 mayo, 2021","format":false,"excerpt":"Capa por capa, arque\u00f3logos del Instituto Nacional de Antropolog\u00eda e Historia (INAH),\u00a0 han ido develando los \u00faltimos siete siglos de una vivienda xochimilca. Como sucedi\u00f3 y sigue ocurriendo en ciertas zonas de Ciudad de M\u00e9xico, los vestigios demuestran los esfuerzos de sus habitantes tempranos por evitar la inundaci\u00f3n de sus\u2026","rel":"","context":"En &quot;News feed&quot;","block_context":{"text":"News feed","link":"https:\/\/soclose.mx\/blog\/category\/news-feed\/"},"img":{"alt_text":"","src":"https:\/\/i0.wp.com\/soclose.mx\/blog\/wp-content\/uploads\/2021\/05\/restos-xochimilco.jpeg?fit=1200%2C677&ssl=1&resize=350%2C200","width":350,"height":200,"srcset":"https:\/\/i0.wp.com\/soclose.mx\/blog\/wp-content\/uploads\/2021\/05\/restos-xochimilco.jpeg?fit=1200%2C677&ssl=1&resize=350%2C200 1x, https:\/\/i0.wp.com\/soclose.mx\/blog\/wp-content\/uploads\/2021\/05\/restos-xochimilco.jpeg?fit=1200%2C677&ssl=1&resize=525%2C300 1.5x, https:\/\/i0.wp.com\/soclose.mx\/blog\/wp-content\/uploads\/2021\/05\/restos-xochimilco.jpeg?fit=1200%2C677&ssl=1&resize=700%2C400 2x, https:\/\/i0.wp.com\/soclose.mx\/blog\/wp-content\/uploads\/2021\/05\/restos-xochimilco.jpeg?fit=1200%2C677&ssl=1&resize=1050%2C600 3x"},"classes":[]},{"id":6769,"url":"https:\/\/soclose.mx\/blog\/news-feed\/mexico-recupera-750-piezas-arqueologicas\/","url_meta":{"origin":5994,"position":3},"title":"M\u00e9xico recupera 750 piezas arqueol\u00f3gicas","author":"Miguel Angel Romero","date":"4 agosto, 2021","format":false,"excerpt":"Ser\u00e1n repatriadas alrededor de 750 piezas arqueol\u00f3gicas y coloniales, derivado de decomisos y devoluciones voluntarias\u00a0\u00a0hechas en\u00a0Alemania, Italia, Pa\u00edses Bajos, Dinamarca, Australia, Francia\u00a0y Estados Unidos. Al respecto, la secretaria de Cultura, Alejandra Frausto, record\u00f3 que se ha conseguido la repatriaci\u00f3n permanente de 5,509 piezas patrimoniales, de las cuales 4,915 son arqueol\u00f3gicas\u2026","rel":"","context":"En &quot;News feed&quot;","block_context":{"text":"News feed","link":"https:\/\/soclose.mx\/blog\/category\/news-feed\/"},"img":{"alt_text":"","src":"https:\/\/i0.wp.com\/soclose.mx\/blog\/wp-content\/uploads\/2021\/08\/Principal-So-Close-blog-5.jpg?fit=1200%2C677&ssl=1&resize=350%2C200","width":350,"height":200,"srcset":"https:\/\/i0.wp.com\/soclose.mx\/blog\/wp-content\/uploads\/2021\/08\/Principal-So-Close-blog-5.jpg?fit=1200%2C677&ssl=1&resize=350%2C200 1x, https:\/\/i0.wp.com\/soclose.mx\/blog\/wp-content\/uploads\/2021\/08\/Principal-So-Close-blog-5.jpg?fit=1200%2C677&ssl=1&resize=525%2C300 1.5x, https:\/\/i0.wp.com\/soclose.mx\/blog\/wp-content\/uploads\/2021\/08\/Principal-So-Close-blog-5.jpg?fit=1200%2C677&ssl=1&resize=700%2C400 2x, https:\/\/i0.wp.com\/soclose.mx\/blog\/wp-content\/uploads\/2021\/08\/Principal-So-Close-blog-5.jpg?fit=1200%2C677&ssl=1&resize=1050%2C600 3x"},"classes":[]},{"id":5625,"url":"https:\/\/soclose.mx\/blog\/comida-mexicana\/la-primera-escultura-femenina-prehispanica-en-su-tipo-es-hallada-en-la-huasteca-veracruzana\/","url_meta":{"origin":5994,"position":4},"title":"La primera escultura femenina prehispa\u0301nica en su tipo es hallada en la Huasteca veracruzana","author":"So Close","date":"8 enero, 2021","format":false,"excerpt":"El primer di\u0301a de este 2021, habitantes de la comunidad de Hidalgo Amajac, Veracruz, descubrieron una escultura femenina completa de casi dos metros de altura, dentro de un terreno citri\u0301cola. Una joven mujer de e\u0301lite De acuerdo con la investigadora del Centro INAH Veracruz, la arqueo\u0301loga Mari\u0301a Eugenia Maldonado Vite,\u2026","rel":"","context":"En &quot;Comida mexicana&quot;","block_context":{"text":"Comida mexicana","link":"https:\/\/soclose.mx\/blog\/category\/comida-mexicana\/"},"img":{"alt_text":"","src":"https:\/\/i0.wp.com\/soclose.mx\/blog\/wp-content\/uploads\/2021\/01\/Principal-So-Close-blog-2.jpg?fit=1200%2C677&ssl=1&resize=350%2C200","width":350,"height":200,"srcset":"https:\/\/i0.wp.com\/soclose.mx\/blog\/wp-content\/uploads\/2021\/01\/Principal-So-Close-blog-2.jpg?fit=1200%2C677&ssl=1&resize=350%2C200 1x, https:\/\/i0.wp.com\/soclose.mx\/blog\/wp-content\/uploads\/2021\/01\/Principal-So-Close-blog-2.jpg?fit=1200%2C677&ssl=1&resize=525%2C300 1.5x, https:\/\/i0.wp.com\/soclose.mx\/blog\/wp-content\/uploads\/2021\/01\/Principal-So-Close-blog-2.jpg?fit=1200%2C677&ssl=1&resize=700%2C400 2x, https:\/\/i0.wp.com\/soclose.mx\/blog\/wp-content\/uploads\/2021\/01\/Principal-So-Close-blog-2.jpg?fit=1200%2C677&ssl=1&resize=1050%2C600 3x"},"classes":[]},{"id":6827,"url":"https:\/\/soclose.mx\/blog\/news-feed\/anuncian-cierre-temporal-de-zonas-arqueologicas-de-guerrero\/","url_meta":{"origin":5994,"position":5},"title":"Anuncian cierre temporal de zonas arqueol\u00f3gicas de Guerrero","author":"Miguel Angel Romero","date":"9 agosto, 2021","format":false,"excerpt":"La Secretar\u00eda de Cultura del Gobierno de M\u00e9xico, a trav\u00e9s del Instituto Nacional de Antropolog\u00eda e Historia (INAH) y el Centro INAH Guerrero, anunci\u00f3 que a partir de este 7 de agosto estar\u00e1n cerradas al p\u00fablico y hasta nuevo aviso, cuatro zonas arqueol\u00f3gicas de la entidad. \u00a0 As\u00ed que si\u2026","rel":"","context":"En &quot;News feed&quot;","block_context":{"text":"News feed","link":"https:\/\/soclose.mx\/blog\/category\/news-feed\/"},"img":{"alt_text":"","src":"https:\/\/i0.wp.com\/soclose.mx\/blog\/wp-content\/uploads\/2021\/08\/foto_ho.png?fit=1200%2C900&ssl=1&resize=350%2C200","width":350,"height":200,"srcset":"https:\/\/i0.wp.com\/soclose.mx\/blog\/wp-content\/uploads\/2021\/08\/foto_ho.png?fit=1200%2C900&ssl=1&resize=350%2C200 1x, https:\/\/i0.wp.com\/soclose.mx\/blog\/wp-content\/uploads\/2021\/08\/foto_ho.png?fit=1200%2C900&ssl=1&resize=525%2C300 1.5x, https:\/\/i0.wp.com\/soclose.mx\/blog\/wp-content\/uploads\/2021\/08\/foto_ho.png?fit=1200%2C900&ssl=1&resize=700%2C400 2x, https:\/\/i0.wp.com\/soclose.mx\/blog\/wp-content\/uploads\/2021\/08\/foto_ho.png?fit=1200%2C900&ssl=1&resize=1050%2C600 3x"},"classes":[]}],"jetpack_sharing_enabled":true,"_links":{"self":[{"href":"https:\/\/soclose.mx\/blog\/wp-json\/wp\/v2\/posts\/5994","targetHints":{"allow":["GET"]}}],"collection":[{"href":"https:\/\/soclose.mx\/blog\/wp-json\/wp\/v2\/posts"}],"about":[{"href":"https:\/\/soclose.mx\/blog\/wp-json\/wp\/v2\/types\/post"}],"author":[{"embeddable":true,"href":"https:\/\/soclose.mx\/blog\/wp-json\/wp\/v2\/users\/1"}],"replies":[{"embeddable":true,"href":"https:\/\/soclose.mx\/blog\/wp-json\/wp\/v2\/comments?post=5994"}],"version-history":[{"count":0,"href":"https:\/\/soclose.mx\/blog\/wp-json\/wp\/v2\/posts\/5994\/revisions"}],"wp:featuredmedia":[{"embeddable":true,"href":"https:\/\/soclose.mx\/blog\/wp-json\/wp\/v2\/media\/5996"}],"wp:attachment":[{"href":"https:\/\/soclose.mx\/blog\/wp-json\/wp\/v2\/media?parent=5994"}],"wp:term":[{"taxonomy":"category","embeddable":true,"href":"https:\/\/soclose.mx\/blog\/wp-json\/wp\/v2\/categories?post=5994"},{"taxonomy":"post_tag","embeddable":true,"href":"https:\/\/soclose.mx\/blog\/wp-json\/wp\/v2\/tags?post=5994"}],"curies":[{"name":"wp","href":"https:\/\/api.w.org\/{rel}","templated":true}]}}