{"id":6005,"date":"2021-04-30T20:47:02","date_gmt":"2021-05-01T01:47:02","guid":{"rendered":"https:\/\/soclose.mx\/blog\/?p=6005"},"modified":"2021-04-30T20:47:02","modified_gmt":"2021-05-01T01:47:02","slug":"cinco-datos-de-porque-se-celebra-el-5-de-mayo-en-estados-unidos","status":"publish","type":"post","link":"https:\/\/soclose.mx\/blog\/ay-goeeee\/cinco-datos-de-porque-se-celebra-el-5-de-mayo-en-estados-unidos\/","title":{"rendered":"Cinco datos de porqu\u00e9 se celebra el 5 de mayo en Estados Unidos"},"content":{"rendered":"<p>Como todos sabemos, la <strong>Batalla de <a href=\"https:\/\/soclose.mx\/blog\/puebla-y-sus-10-pueblos-magicos-uno-de-los-estados-mas-visitados-de-mexico\/\" target=\"_blank\" rel=\"noopener\">Puebla<\/a><\/strong> tuvo lugar el <strong>5 de mayo<\/strong> de 1862 en la que el ej\u00e9rcito mexicano enfrent\u00f3 y venci\u00f3 a los <strong>franceses<\/strong>, mucho mayores en n\u00famero y en poder\u00edo de armas, pero \u00bfpor qu\u00e9 se celebra tambi\u00e9n en Estados Unidos? Aqu\u00ed cinco razones por las que sucede esto:<\/p>\n<ol>\n<li>\n<blockquote><p>El General <strong>Ignacio Zaragoza,<\/strong> quien estuvo al frente de los mexicanos, naci\u00f3 en <strong>Texas<\/strong> en 1829, 16 a\u00f1os antes que Texas fuera anexado como parte de Estados Unidos.<\/p><\/blockquote>\n<\/li>\n<li>\n<blockquote><p>Cinco a\u00f1os despu\u00e9s de la <strong>Batalla de <a href=\"https:\/\/soclose.mx\/blog\/puebla-y-sus-10-pueblos-magicos-uno-de-los-estados-mas-visitados-de-mexico\/\" target=\"_blank\" rel=\"noopener\">Puebla<\/a>,<\/strong> un grupo de mexicanos celebr\u00f3 la victoria en Texas.<\/p><\/blockquote>\n<\/li>\n<li>\n<blockquote><p>A partir de entonces, la celebraci\u00f3n popular se volvi\u00f3 un s\u00edmbolo para los mexicanos que viv\u00edan opresi\u00f3n de parte de invasores o gobiernos extranjeros, y gan\u00f3 arraigo entre quienes viv\u00edan en los estados que pertenecieron a M\u00e9xico.<\/p><\/blockquote>\n<\/li>\n<li>\n<blockquote><p>Gan\u00f3 arraigo entre quienes viv\u00edan en los estados que pertenecieron a <strong>M\u00e9xico<\/strong>.<\/p><\/blockquote>\n<\/li>\n<li>\n<blockquote><p>En 1930, el consulado mexicano en Los \u00c1ngeles realiz\u00f3 una celebraci\u00f3n de esta fecha, lo cual le dio car\u00e1cter oficial.<\/p><\/blockquote>\n<\/li>\n<\/ol>\n<p><strong>Fuentes:<\/strong> M\u00e9xico a trav\u00e9s del tiempo, Editorial Cumbre S.A. | <a href=\"https:\/\/www.gaceta.unam.mx\/\" target=\"_blank\" rel=\"noopener\">UNAM.<\/a><\/p>\n","protected":false},"excerpt":{"rendered":"<p>Como todos sabemos, la Batalla de Puebla tuvo lugar el 5 de mayo de 1862 en la que el ej\u00e9rcito mexicano enfrent\u00f3 y venci\u00f3 a los franceses, mucho mayores en n\u00famero y en poder\u00edo de armas, pero \u00bfpor qu\u00e9 se celebra tambi\u00e9n en Estados Unidos? Aqu\u00ed cinco razones por las que sucede esto: El General Ignacio Zaragoza, quien estuvo al frente de los mexicanos, naci\u00f3 en Texas en 1829, 16 a\u00f1os antes que Texas fuera anexado como parte de Estados Unidos. Cinco a\u00f1os despu\u00e9s de la Batalla de Puebla, un grupo de mexicanos celebr\u00f3 la victoria en Texas. A partir<\/p>\n","protected":false},"author":1,"featured_media":6007,"comment_status":"open","ping_status":"open","sticky":false,"template":"","format":"standard","meta":{"_jetpack_memberships_contains_paid_content":false,"footnotes":""},"categories":[1],"tags":[833,834,303,578,836,835],"class_list":["post-6005","post","type-post","status-publish","format-standard","has-post-thumbnail","hentry","category-ay-goeeee","tag-5-de-mayo","tag-batalla-de-puebla","tag-estados-unidos","tag-mexico","tag-texas","tag-zaragoza"],"yoast_head":"<!-- This site is optimized with the Yoast SEO plugin v26.7 - https:\/\/yoast.com\/wordpress\/plugins\/seo\/ -->\n<title>Cinco datos de porqu\u00e9 se celebra el 5 de mayo en Estados Unidos - So Close<\/title>\n<meta name=\"description\" content=\"La celebraci\u00f3n se volvi\u00f3 un s\u00edmbolo para los mexicanos que viv\u00edan opresi\u00f3n de parte de invasores y gan\u00f3 arraigo.\" \/>\n<meta name=\"robots\" content=\"index, follow, max-snippet:-1, max-image-preview:large, max-video-preview:-1\" \/>\n<link rel=\"canonical\" href=\"https:\/\/soclose.mx\/blog\/ay-goeeee\/cinco-datos-de-porque-se-celebra-el-5-de-mayo-en-estados-unidos\/\" \/>\n<meta property=\"og:locale\" content=\"es_MX\" \/>\n<meta property=\"og:type\" content=\"article\" \/>\n<meta property=\"og:title\" content=\"Cinco datos de porqu\u00e9 se celebra el 5 de mayo en Estados Unidos - So Close\" \/>\n<meta property=\"og:description\" content=\"La celebraci\u00f3n se volvi\u00f3 un s\u00edmbolo para los mexicanos que viv\u00edan opresi\u00f3n de parte de invasores y gan\u00f3 arraigo.\" \/>\n<meta property=\"og:url\" content=\"https:\/\/soclose.mx\/blog\/ay-goeeee\/cinco-datos-de-porque-se-celebra-el-5-de-mayo-en-estados-unidos\/\" \/>\n<meta property=\"og:site_name\" content=\"So Close\" \/>\n<meta property=\"article:published_time\" content=\"2021-05-01T01:47:02+00:00\" \/>\n<meta property=\"og:image\" content=\"https:\/\/i0.wp.com\/soclose.mx\/blog\/wp-content\/uploads\/2021\/04\/Principal-So-Close-blog-4.jpeg?fit=1240%2C700&ssl=1\" \/>\n\t<meta property=\"og:image:width\" content=\"1240\" \/>\n\t<meta property=\"og:image:height\" content=\"700\" \/>\n\t<meta property=\"og:image:type\" content=\"image\/jpeg\" \/>\n<meta name=\"author\" content=\"So Close\" \/>\n<meta name=\"twitter:card\" content=\"summary_large_image\" \/>\n<meta name=\"twitter:label1\" content=\"Escrito por\" \/>\n\t<meta name=\"twitter:data1\" content=\"So Close\" \/>\n\t<meta name=\"twitter:label2\" content=\"Tiempo de lectura\" \/>\n\t<meta name=\"twitter:data2\" content=\"1 minuto\" \/>\n<script type=\"application\/ld+json\" class=\"yoast-schema-graph\">{\"@context\":\"https:\/\/schema.org\",\"@graph\":[{\"@type\":\"Article\",\"@id\":\"https:\/\/soclose.mx\/blog\/ay-goeeee\/cinco-datos-de-porque-se-celebra-el-5-de-mayo-en-estados-unidos\/#article\",\"isPartOf\":{\"@id\":\"https:\/\/soclose.mx\/blog\/ay-goeeee\/cinco-datos-de-porque-se-celebra-el-5-de-mayo-en-estados-unidos\/\"},\"author\":{\"name\":\"So Close\",\"@id\":\"https:\/\/soclose.mx\/blog\/#\/schema\/person\/723eb117ab965b55c3e56b5d29751667\"},\"headline\":\"Cinco datos de porqu\u00e9 se celebra el 5 de mayo en Estados Unidos\",\"datePublished\":\"2021-05-01T01:47:02+00:00\",\"mainEntityOfPage\":{\"@id\":\"https:\/\/soclose.mx\/blog\/ay-goeeee\/cinco-datos-de-porque-se-celebra-el-5-de-mayo-en-estados-unidos\/\"},\"wordCount\":204,\"commentCount\":0,\"publisher\":{\"@id\":\"https:\/\/soclose.mx\/blog\/#organization\"},\"image\":{\"@id\":\"https:\/\/soclose.mx\/blog\/ay-goeeee\/cinco-datos-de-porque-se-celebra-el-5-de-mayo-en-estados-unidos\/#primaryimage\"},\"thumbnailUrl\":\"https:\/\/i0.wp.com\/soclose.mx\/blog\/wp-content\/uploads\/2021\/04\/Principal-So-Close-blog-4.jpeg?fit=1240%2C700&ssl=1\",\"keywords\":[\"5 de mayo\",\"batalla de puebla\",\"estados unidos\",\"mexico\",\"texas\",\"zaragoza\"],\"articleSection\":[\"\u00a1Ay goeeee!\"],\"inLanguage\":\"es\",\"potentialAction\":[{\"@type\":\"CommentAction\",\"name\":\"Comment\",\"target\":[\"https:\/\/soclose.mx\/blog\/ay-goeeee\/cinco-datos-de-porque-se-celebra-el-5-de-mayo-en-estados-unidos\/#respond\"]}]},{\"@type\":\"WebPage\",\"@id\":\"https:\/\/soclose.mx\/blog\/ay-goeeee\/cinco-datos-de-porque-se-celebra-el-5-de-mayo-en-estados-unidos\/\",\"url\":\"https:\/\/soclose.mx\/blog\/ay-goeeee\/cinco-datos-de-porque-se-celebra-el-5-de-mayo-en-estados-unidos\/\",\"name\":\"Cinco datos de porqu\u00e9 se celebra el 5 de mayo en Estados Unidos - So Close\",\"isPartOf\":{\"@id\":\"https:\/\/soclose.mx\/blog\/#website\"},\"primaryImageOfPage\":{\"@id\":\"https:\/\/soclose.mx\/blog\/ay-goeeee\/cinco-datos-de-porque-se-celebra-el-5-de-mayo-en-estados-unidos\/#primaryimage\"},\"image\":{\"@id\":\"https:\/\/soclose.mx\/blog\/ay-goeeee\/cinco-datos-de-porque-se-celebra-el-5-de-mayo-en-estados-unidos\/#primaryimage\"},\"thumbnailUrl\":\"https:\/\/i0.wp.com\/soclose.mx\/blog\/wp-content\/uploads\/2021\/04\/Principal-So-Close-blog-4.jpeg?fit=1240%2C700&ssl=1\",\"datePublished\":\"2021-05-01T01:47:02+00:00\",\"description\":\"La celebraci\u00f3n se volvi\u00f3 un s\u00edmbolo para los mexicanos que viv\u00edan opresi\u00f3n de parte de invasores y gan\u00f3 arraigo.\",\"breadcrumb\":{\"@id\":\"https:\/\/soclose.mx\/blog\/ay-goeeee\/cinco-datos-de-porque-se-celebra-el-5-de-mayo-en-estados-unidos\/#breadcrumb\"},\"inLanguage\":\"es\",\"potentialAction\":[{\"@type\":\"ReadAction\",\"target\":[\"https:\/\/soclose.mx\/blog\/ay-goeeee\/cinco-datos-de-porque-se-celebra-el-5-de-mayo-en-estados-unidos\/\"]}]},{\"@type\":\"ImageObject\",\"inLanguage\":\"es\",\"@id\":\"https:\/\/soclose.mx\/blog\/ay-goeeee\/cinco-datos-de-porque-se-celebra-el-5-de-mayo-en-estados-unidos\/#primaryimage\",\"url\":\"https:\/\/i0.wp.com\/soclose.mx\/blog\/wp-content\/uploads\/2021\/04\/Principal-So-Close-blog-4.jpeg?fit=1240%2C700&ssl=1\",\"contentUrl\":\"https:\/\/i0.wp.com\/soclose.mx\/blog\/wp-content\/uploads\/2021\/04\/Principal-So-Close-blog-4.jpeg?fit=1240%2C700&ssl=1\",\"width\":1240,\"height\":700},{\"@type\":\"BreadcrumbList\",\"@id\":\"https:\/\/soclose.mx\/blog\/ay-goeeee\/cinco-datos-de-porque-se-celebra-el-5-de-mayo-en-estados-unidos\/#breadcrumb\",\"itemListElement\":[{\"@type\":\"ListItem\",\"position\":1,\"name\":\"Inicio\",\"item\":\"https:\/\/soclose.mx\/blog\/\"},{\"@type\":\"ListItem\",\"position\":2,\"name\":\"Cinco datos de porqu\u00e9 se celebra el 5 de mayo en Estados Unidos\"}]},{\"@type\":\"WebSite\",\"@id\":\"https:\/\/soclose.mx\/blog\/#website\",\"url\":\"https:\/\/soclose.mx\/blog\/\",\"name\":\"So Close\",\"description\":\"Hacemos contenidos de M\u00e9xico\",\"publisher\":{\"@id\":\"https:\/\/soclose.mx\/blog\/#organization\"},\"potentialAction\":[{\"@type\":\"SearchAction\",\"target\":{\"@type\":\"EntryPoint\",\"urlTemplate\":\"https:\/\/soclose.mx\/blog\/?s={search_term_string}\"},\"query-input\":{\"@type\":\"PropertyValueSpecification\",\"valueRequired\":true,\"valueName\":\"search_term_string\"}}],\"inLanguage\":\"es\"},{\"@type\":\"Organization\",\"@id\":\"https:\/\/soclose.mx\/blog\/#organization\",\"name\":\"So Close\",\"url\":\"https:\/\/soclose.mx\/blog\/\",\"logo\":{\"@type\":\"ImageObject\",\"inLanguage\":\"es\",\"@id\":\"https:\/\/soclose.mx\/blog\/#\/schema\/logo\/image\/\",\"url\":\"https:\/\/i0.wp.com\/soclose.mx\/blog\/wp-content\/uploads\/2020\/12\/LOGO_SOCLOSE_COLOR-e1608310133507.png?fit=2858%2C1264&ssl=1\",\"contentUrl\":\"https:\/\/i0.wp.com\/soclose.mx\/blog\/wp-content\/uploads\/2020\/12\/LOGO_SOCLOSE_COLOR-e1608310133507.png?fit=2858%2C1264&ssl=1\",\"width\":2858,\"height\":1264,\"caption\":\"So Close\"},\"image\":{\"@id\":\"https:\/\/soclose.mx\/blog\/#\/schema\/logo\/image\/\"}},{\"@type\":\"Person\",\"@id\":\"https:\/\/soclose.mx\/blog\/#\/schema\/person\/723eb117ab965b55c3e56b5d29751667\",\"name\":\"So Close\",\"image\":{\"@type\":\"ImageObject\",\"inLanguage\":\"es\",\"@id\":\"https:\/\/soclose.mx\/blog\/#\/schema\/person\/image\/\",\"url\":\"https:\/\/secure.gravatar.com\/avatar\/5a1d1d694eaf6d2c28f450f0984cbb34821b92dc49c1d088c0250fbc6a48efec?s=96&d=mm&r=g\",\"contentUrl\":\"https:\/\/secure.gravatar.com\/avatar\/5a1d1d694eaf6d2c28f450f0984cbb34821b92dc49c1d088c0250fbc6a48efec?s=96&d=mm&r=g\",\"caption\":\"So Close\"},\"sameAs\":[\"http:\/\/www.soclose.mx\",\"https:\/\/www.youtube.com\/@soclosemx\"],\"url\":\"https:\/\/soclose.mx\/blog\/author\/admin\/\"}]}<\/script>\n<!-- \/ Yoast SEO plugin. -->","yoast_head_json":{"title":"Cinco datos de porqu\u00e9 se celebra el 5 de mayo en Estados Unidos - So Close","description":"La celebraci\u00f3n se volvi\u00f3 un s\u00edmbolo para los mexicanos que viv\u00edan opresi\u00f3n de parte de invasores y gan\u00f3 arraigo.","robots":{"index":"index","follow":"follow","max-snippet":"max-snippet:-1","max-image-preview":"max-image-preview:large","max-video-preview":"max-video-preview:-1"},"canonical":"https:\/\/soclose.mx\/blog\/ay-goeeee\/cinco-datos-de-porque-se-celebra-el-5-de-mayo-en-estados-unidos\/","og_locale":"es_MX","og_type":"article","og_title":"Cinco datos de porqu\u00e9 se celebra el 5 de mayo en Estados Unidos - So Close","og_description":"La celebraci\u00f3n se volvi\u00f3 un s\u00edmbolo para los mexicanos que viv\u00edan opresi\u00f3n de parte de invasores y gan\u00f3 arraigo.","og_url":"https:\/\/soclose.mx\/blog\/ay-goeeee\/cinco-datos-de-porque-se-celebra-el-5-de-mayo-en-estados-unidos\/","og_site_name":"So Close","article_published_time":"2021-05-01T01:47:02+00:00","og_image":[{"width":1240,"height":700,"url":"https:\/\/i0.wp.com\/soclose.mx\/blog\/wp-content\/uploads\/2021\/04\/Principal-So-Close-blog-4.jpeg?fit=1240%2C700&ssl=1","type":"image\/jpeg"}],"author":"So Close","twitter_card":"summary_large_image","twitter_misc":{"Escrito por":"So Close","Tiempo de lectura":"1 minuto"},"schema":{"@context":"https:\/\/schema.org","@graph":[{"@type":"Article","@id":"https:\/\/soclose.mx\/blog\/ay-goeeee\/cinco-datos-de-porque-se-celebra-el-5-de-mayo-en-estados-unidos\/#article","isPartOf":{"@id":"https:\/\/soclose.mx\/blog\/ay-goeeee\/cinco-datos-de-porque-se-celebra-el-5-de-mayo-en-estados-unidos\/"},"author":{"name":"So Close","@id":"https:\/\/soclose.mx\/blog\/#\/schema\/person\/723eb117ab965b55c3e56b5d29751667"},"headline":"Cinco datos de porqu\u00e9 se celebra el 5 de mayo en Estados Unidos","datePublished":"2021-05-01T01:47:02+00:00","mainEntityOfPage":{"@id":"https:\/\/soclose.mx\/blog\/ay-goeeee\/cinco-datos-de-porque-se-celebra-el-5-de-mayo-en-estados-unidos\/"},"wordCount":204,"commentCount":0,"publisher":{"@id":"https:\/\/soclose.mx\/blog\/#organization"},"image":{"@id":"https:\/\/soclose.mx\/blog\/ay-goeeee\/cinco-datos-de-porque-se-celebra-el-5-de-mayo-en-estados-unidos\/#primaryimage"},"thumbnailUrl":"https:\/\/i0.wp.com\/soclose.mx\/blog\/wp-content\/uploads\/2021\/04\/Principal-So-Close-blog-4.jpeg?fit=1240%2C700&ssl=1","keywords":["5 de mayo","batalla de puebla","estados unidos","mexico","texas","zaragoza"],"articleSection":["\u00a1Ay goeeee!"],"inLanguage":"es","potentialAction":[{"@type":"CommentAction","name":"Comment","target":["https:\/\/soclose.mx\/blog\/ay-goeeee\/cinco-datos-de-porque-se-celebra-el-5-de-mayo-en-estados-unidos\/#respond"]}]},{"@type":"WebPage","@id":"https:\/\/soclose.mx\/blog\/ay-goeeee\/cinco-datos-de-porque-se-celebra-el-5-de-mayo-en-estados-unidos\/","url":"https:\/\/soclose.mx\/blog\/ay-goeeee\/cinco-datos-de-porque-se-celebra-el-5-de-mayo-en-estados-unidos\/","name":"Cinco datos de porqu\u00e9 se celebra el 5 de mayo en Estados Unidos - So Close","isPartOf":{"@id":"https:\/\/soclose.mx\/blog\/#website"},"primaryImageOfPage":{"@id":"https:\/\/soclose.mx\/blog\/ay-goeeee\/cinco-datos-de-porque-se-celebra-el-5-de-mayo-en-estados-unidos\/#primaryimage"},"image":{"@id":"https:\/\/soclose.mx\/blog\/ay-goeeee\/cinco-datos-de-porque-se-celebra-el-5-de-mayo-en-estados-unidos\/#primaryimage"},"thumbnailUrl":"https:\/\/i0.wp.com\/soclose.mx\/blog\/wp-content\/uploads\/2021\/04\/Principal-So-Close-blog-4.jpeg?fit=1240%2C700&ssl=1","datePublished":"2021-05-01T01:47:02+00:00","description":"La celebraci\u00f3n se volvi\u00f3 un s\u00edmbolo para los mexicanos que viv\u00edan opresi\u00f3n de parte de invasores y gan\u00f3 arraigo.","breadcrumb":{"@id":"https:\/\/soclose.mx\/blog\/ay-goeeee\/cinco-datos-de-porque-se-celebra-el-5-de-mayo-en-estados-unidos\/#breadcrumb"},"inLanguage":"es","potentialAction":[{"@type":"ReadAction","target":["https:\/\/soclose.mx\/blog\/ay-goeeee\/cinco-datos-de-porque-se-celebra-el-5-de-mayo-en-estados-unidos\/"]}]},{"@type":"ImageObject","inLanguage":"es","@id":"https:\/\/soclose.mx\/blog\/ay-goeeee\/cinco-datos-de-porque-se-celebra-el-5-de-mayo-en-estados-unidos\/#primaryimage","url":"https:\/\/i0.wp.com\/soclose.mx\/blog\/wp-content\/uploads\/2021\/04\/Principal-So-Close-blog-4.jpeg?fit=1240%2C700&ssl=1","contentUrl":"https:\/\/i0.wp.com\/soclose.mx\/blog\/wp-content\/uploads\/2021\/04\/Principal-So-Close-blog-4.jpeg?fit=1240%2C700&ssl=1","width":1240,"height":700},{"@type":"BreadcrumbList","@id":"https:\/\/soclose.mx\/blog\/ay-goeeee\/cinco-datos-de-porque-se-celebra-el-5-de-mayo-en-estados-unidos\/#breadcrumb","itemListElement":[{"@type":"ListItem","position":1,"name":"Inicio","item":"https:\/\/soclose.mx\/blog\/"},{"@type":"ListItem","position":2,"name":"Cinco datos de porqu\u00e9 se celebra el 5 de mayo en Estados Unidos"}]},{"@type":"WebSite","@id":"https:\/\/soclose.mx\/blog\/#website","url":"https:\/\/soclose.mx\/blog\/","name":"So Close","description":"Hacemos contenidos de M\u00e9xico","publisher":{"@id":"https:\/\/soclose.mx\/blog\/#organization"},"potentialAction":[{"@type":"SearchAction","target":{"@type":"EntryPoint","urlTemplate":"https:\/\/soclose.mx\/blog\/?s={search_term_string}"},"query-input":{"@type":"PropertyValueSpecification","valueRequired":true,"valueName":"search_term_string"}}],"inLanguage":"es"},{"@type":"Organization","@id":"https:\/\/soclose.mx\/blog\/#organization","name":"So Close","url":"https:\/\/soclose.mx\/blog\/","logo":{"@type":"ImageObject","inLanguage":"es","@id":"https:\/\/soclose.mx\/blog\/#\/schema\/logo\/image\/","url":"https:\/\/i0.wp.com\/soclose.mx\/blog\/wp-content\/uploads\/2020\/12\/LOGO_SOCLOSE_COLOR-e1608310133507.png?fit=2858%2C1264&ssl=1","contentUrl":"https:\/\/i0.wp.com\/soclose.mx\/blog\/wp-content\/uploads\/2020\/12\/LOGO_SOCLOSE_COLOR-e1608310133507.png?fit=2858%2C1264&ssl=1","width":2858,"height":1264,"caption":"So Close"},"image":{"@id":"https:\/\/soclose.mx\/blog\/#\/schema\/logo\/image\/"}},{"@type":"Person","@id":"https:\/\/soclose.mx\/blog\/#\/schema\/person\/723eb117ab965b55c3e56b5d29751667","name":"So Close","image":{"@type":"ImageObject","inLanguage":"es","@id":"https:\/\/soclose.mx\/blog\/#\/schema\/person\/image\/","url":"https:\/\/secure.gravatar.com\/avatar\/5a1d1d694eaf6d2c28f450f0984cbb34821b92dc49c1d088c0250fbc6a48efec?s=96&d=mm&r=g","contentUrl":"https:\/\/secure.gravatar.com\/avatar\/5a1d1d694eaf6d2c28f450f0984cbb34821b92dc49c1d088c0250fbc6a48efec?s=96&d=mm&r=g","caption":"So Close"},"sameAs":["http:\/\/www.soclose.mx","https:\/\/www.youtube.com\/@soclosemx"],"url":"https:\/\/soclose.mx\/blog\/author\/admin\/"}]}},"jetpack_featured_media_url":"https:\/\/i0.wp.com\/soclose.mx\/blog\/wp-content\/uploads\/2021\/04\/Principal-So-Close-blog-4.jpeg?fit=1240%2C700&ssl=1","jetpack-related-posts":[{"id":9725,"url":"https:\/\/soclose.mx\/blog\/ay-goeeee\/5-de-mayo-dia-de-la-relacion-toxica-mexico-estados-unidos\/","url_meta":{"origin":6005,"position":0},"title":"5 de Mayo, d\u00eda de la relaci\u00f3n \u201ct\u00f3xica\u201d M\u00e9xico-Estados Unidos","author":"Daniel Ram\u00edrez","date":"4 mayo, 2022","format":false,"excerpt":"Este 5 de mayo es un d\u00eda importante para los norteamericanos, muchos lo equiparan con el D\u00eda de la Independencia de M\u00e9xico y lo celebran en grande. En nuestro pa\u00eds pasa un poco desapercibida o no es considerada tan importante. Si M\u00e9xico y Estados Unidos tuvieran una relaci\u00f3n amorosa se\u2026","rel":"","context":"En &quot;\u00a1Ay goeeee!&quot;","block_context":{"text":"\u00a1Ay goeeee!","link":"https:\/\/soclose.mx\/blog\/category\/ay-goeeee\/"},"img":{"alt_text":"","src":"https:\/\/i0.wp.com\/soclose.mx\/blog\/wp-content\/uploads\/2022\/05\/diego-lozano-9xoQo4pRjSY-unsplash-scaled.jpg?fit=1200%2C800&ssl=1&resize=350%2C200","width":350,"height":200,"srcset":"https:\/\/i0.wp.com\/soclose.mx\/blog\/wp-content\/uploads\/2022\/05\/diego-lozano-9xoQo4pRjSY-unsplash-scaled.jpg?fit=1200%2C800&ssl=1&resize=350%2C200 1x, https:\/\/i0.wp.com\/soclose.mx\/blog\/wp-content\/uploads\/2022\/05\/diego-lozano-9xoQo4pRjSY-unsplash-scaled.jpg?fit=1200%2C800&ssl=1&resize=525%2C300 1.5x, https:\/\/i0.wp.com\/soclose.mx\/blog\/wp-content\/uploads\/2022\/05\/diego-lozano-9xoQo4pRjSY-unsplash-scaled.jpg?fit=1200%2C800&ssl=1&resize=700%2C400 2x, https:\/\/i0.wp.com\/soclose.mx\/blog\/wp-content\/uploads\/2022\/05\/diego-lozano-9xoQo4pRjSY-unsplash-scaled.jpg?fit=1200%2C800&ssl=1&resize=1050%2C600 3x"},"classes":[]},{"id":8529,"url":"https:\/\/soclose.mx\/blog\/ay-goeeee\/el-se-hizo-pasar-por-mexicano-y-se-volvio-millonario\/","url_meta":{"origin":6005,"position":1},"title":"\u00c9l se hizo pasar por mexicano y&#8230; \u00a1se volvi\u00f3 millonario!","author":"Miguel Angel Romero","date":"11 febrero, 2022","format":false,"excerpt":"William Allis pas\u00f3 de ser un esclavo afrodescendiente a ser traductor, cambiarse la identidad y nacionalidad\u00a0 y volverse mercader que al cabo de los a\u00f1os apareci\u00f3 como due\u00f1o de al menos siete empresas que cotizaron sus acciones en Wall Street. \u00c9l naci\u00f3 en Victoria, al sur de Texas. Aprendi\u00f3 espa\u00f1ol\u2026","rel":"","context":"En &quot;\u00a1Ay goeeee!&quot;","block_context":{"text":"\u00a1Ay goeeee!","link":"https:\/\/soclose.mx\/blog\/category\/ay-goeeee\/"},"img":{"alt_text":"","src":"https:\/\/i0.wp.com\/soclose.mx\/blog\/wp-content\/uploads\/2022\/01\/Copia-de-Principal-So-Close-blog-1-10.png?fit=1200%2C677&ssl=1&resize=350%2C200","width":350,"height":200,"srcset":"https:\/\/i0.wp.com\/soclose.mx\/blog\/wp-content\/uploads\/2022\/01\/Copia-de-Principal-So-Close-blog-1-10.png?fit=1200%2C677&ssl=1&resize=350%2C200 1x, https:\/\/i0.wp.com\/soclose.mx\/blog\/wp-content\/uploads\/2022\/01\/Copia-de-Principal-So-Close-blog-1-10.png?fit=1200%2C677&ssl=1&resize=525%2C300 1.5x, https:\/\/i0.wp.com\/soclose.mx\/blog\/wp-content\/uploads\/2022\/01\/Copia-de-Principal-So-Close-blog-1-10.png?fit=1200%2C677&ssl=1&resize=700%2C400 2x, https:\/\/i0.wp.com\/soclose.mx\/blog\/wp-content\/uploads\/2022\/01\/Copia-de-Principal-So-Close-blog-1-10.png?fit=1200%2C677&ssl=1&resize=1050%2C600 3x"},"classes":[]},{"id":13118,"url":"https:\/\/soclose.mx\/blog\/a-la-mexicana\/migrantes-y-famosos-mexicanos-que-han-triunfado-en-estados-unidos\/","url_meta":{"origin":6005,"position":2},"title":"Migrantes y famosos mexicanos que han triunfado en Estados Unidos","author":"Emmanuel Oviedo","date":"5 febrero, 2024","format":false,"excerpt":"Nuestra relaci\u00f3n con nauestro pa\u00eds vecino, Estados Unidos, ha sido especulativa pero1 tambi\u00e9n con buenos frutos. Adem\u00e1s de las diferencias culturales, los mexicanos siempre han tenido fuerza para cumplir sus metas en el sue\u00f1o americano. Y en esta ocasi\u00f3n, queremos recordar a mexicanos, unos m\u00e1s populares y otros m\u00e1s discretos,\u2026","rel":"","context":"En &quot;A la mexicana&quot;","block_context":{"text":"A la mexicana","link":"https:\/\/soclose.mx\/blog\/category\/a-la-mexicana\/"},"img":{"alt_text":"Salma hayek mexicanos","src":"https:\/\/i0.wp.com\/soclose.mx\/blog\/wp-content\/uploads\/2024\/01\/Salma-hayek-mexicanos.jpg?fit=400%2C267&ssl=1&resize=350%2C200","width":350,"height":200},"classes":[]},{"id":10700,"url":"https:\/\/soclose.mx\/blog\/ay-goeeee\/la-conocias-panamericana-la-carretera-mas-grande-del-mundo-que-mexico-vio-nacer\/","url_meta":{"origin":6005,"position":3},"title":"\u00bfLa conoc\u00edas? Panamericana, la carretera m\u00e1s grande del mundo que M\u00e9xico vio nacer","author":"Daniel Ram\u00edrez","date":"23 julio, 2022","format":false,"excerpt":"\u00bfTe aventar\u00edas un viaje continental desde Alaska, Estados Unidos, hasta Tierra de Fuego, Argentina? Vaya que es un reto aventurarte a viajar por la carretera Panamericana, la m\u00e1s grande del mundo, que casualmente naci\u00f3 en M\u00e9xico y le dio origen a esta incre\u00edble red de autopistas en el continente americano.\u2026","rel":"","context":"En &quot;\u00a1Ay goeeee!&quot;","block_context":{"text":"\u00a1Ay goeeee!","link":"https:\/\/soclose.mx\/blog\/category\/ay-goeeee\/"},"img":{"alt_text":"","src":"https:\/\/i0.wp.com\/soclose.mx\/blog\/wp-content\/uploads\/2022\/07\/Carretera_Panamericana_Mexico-49.png?fit=640%2C441&ssl=1&resize=350%2C200","width":350,"height":200,"srcset":"https:\/\/i0.wp.com\/soclose.mx\/blog\/wp-content\/uploads\/2022\/07\/Carretera_Panamericana_Mexico-49.png?fit=640%2C441&ssl=1&resize=350%2C200 1x, https:\/\/i0.wp.com\/soclose.mx\/blog\/wp-content\/uploads\/2022\/07\/Carretera_Panamericana_Mexico-49.png?fit=640%2C441&ssl=1&resize=525%2C300 1.5x"},"classes":[]},{"id":8413,"url":"https:\/\/soclose.mx\/blog\/ay-goeeee\/el-uso-de-la-mexicana-letra-x\/","url_meta":{"origin":6005,"position":4},"title":"El uso de la mexicana letra &#8216;x&#8217;","author":"Miguel Angel Romero","date":"18 enero, 2022","format":false,"excerpt":"El uso de la equis (x) que forma parte del top\u00f3nimo M\u00e9xico, es un fonema que plantea problemas para muchas personas. En varios top\u00f3nimos de nuestro pa\u00eds apenas se aplican las normas ortogr\u00e1ficas, por ejemplo, la equis se pronuncia en Xochimilco, Texcoco, Taxco, Tuxpan, pero se pronuncia la jota en\u2026","rel":"","context":"En &quot;\u00a1Ay goeeee!&quot;","block_context":{"text":"\u00a1Ay goeeee!","link":"https:\/\/soclose.mx\/blog\/category\/ay-goeeee\/"},"img":{"alt_text":"","src":"https:\/\/i0.wp.com\/soclose.mx\/blog\/wp-content\/uploads\/2022\/01\/Copia-de-Principal-So-Close-blog-3-1.png?fit=1200%2C677&ssl=1&resize=350%2C200","width":350,"height":200,"srcset":"https:\/\/i0.wp.com\/soclose.mx\/blog\/wp-content\/uploads\/2022\/01\/Copia-de-Principal-So-Close-blog-3-1.png?fit=1200%2C677&ssl=1&resize=350%2C200 1x, https:\/\/i0.wp.com\/soclose.mx\/blog\/wp-content\/uploads\/2022\/01\/Copia-de-Principal-So-Close-blog-3-1.png?fit=1200%2C677&ssl=1&resize=525%2C300 1.5x, https:\/\/i0.wp.com\/soclose.mx\/blog\/wp-content\/uploads\/2022\/01\/Copia-de-Principal-So-Close-blog-3-1.png?fit=1200%2C677&ssl=1&resize=700%2C400 2x, https:\/\/i0.wp.com\/soclose.mx\/blog\/wp-content\/uploads\/2022\/01\/Copia-de-Principal-So-Close-blog-3-1.png?fit=1200%2C677&ssl=1&resize=1050%2C600 3x"},"classes":[]},{"id":12205,"url":"https:\/\/soclose.mx\/blog\/a-la-mexicana\/datos-curiosos-no-conocias-ex-presidentes-mexico\/","url_meta":{"origin":6005,"position":5},"title":"Ex presidentes de M\u00e9xico: Datos curiosos que no conoc\u00edas","author":"Emmanuel Oviedo","date":"7 agosto, 2023","format":false,"excerpt":"La historia es mucho m\u00e1s que los libros de texto oficiales, fechas y nombres de pa\u00edses involucrados casi siempre en alguna guerra o conflicto. \u00bfTe imaginas que de pronto la clase de historia se convirtiera en una sorpresiva conferencia de chismes, amor\u00edos, datos curiosos y que los protagonistas sean los\u2026","rel":"","context":"En &quot;A la mexicana&quot;","block_context":{"text":"A la mexicana","link":"https:\/\/soclose.mx\/blog\/category\/a-la-mexicana\/"},"img":{"alt_text":"Ex presidentes de M\u00e9xico datos curiosos","src":"https:\/\/i0.wp.com\/soclose.mx\/blog\/wp-content\/uploads\/2023\/08\/Ex-presidentes-de-Mexico-datos-curiosos-chismes.jpg?fit=1200%2C984&ssl=1&resize=350%2C200","width":350,"height":200,"srcset":"https:\/\/i0.wp.com\/soclose.mx\/blog\/wp-content\/uploads\/2023\/08\/Ex-presidentes-de-Mexico-datos-curiosos-chismes.jpg?fit=1200%2C984&ssl=1&resize=350%2C200 1x, https:\/\/i0.wp.com\/soclose.mx\/blog\/wp-content\/uploads\/2023\/08\/Ex-presidentes-de-Mexico-datos-curiosos-chismes.jpg?fit=1200%2C984&ssl=1&resize=525%2C300 1.5x, https:\/\/i0.wp.com\/soclose.mx\/blog\/wp-content\/uploads\/2023\/08\/Ex-presidentes-de-Mexico-datos-curiosos-chismes.jpg?fit=1200%2C984&ssl=1&resize=700%2C400 2x, https:\/\/i0.wp.com\/soclose.mx\/blog\/wp-content\/uploads\/2023\/08\/Ex-presidentes-de-Mexico-datos-curiosos-chismes.jpg?fit=1200%2C984&ssl=1&resize=1050%2C600 3x"},"classes":[]}],"jetpack_sharing_enabled":true,"_links":{"self":[{"href":"https:\/\/soclose.mx\/blog\/wp-json\/wp\/v2\/posts\/6005","targetHints":{"allow":["GET"]}}],"collection":[{"href":"https:\/\/soclose.mx\/blog\/wp-json\/wp\/v2\/posts"}],"about":[{"href":"https:\/\/soclose.mx\/blog\/wp-json\/wp\/v2\/types\/post"}],"author":[{"embeddable":true,"href":"https:\/\/soclose.mx\/blog\/wp-json\/wp\/v2\/users\/1"}],"replies":[{"embeddable":true,"href":"https:\/\/soclose.mx\/blog\/wp-json\/wp\/v2\/comments?post=6005"}],"version-history":[{"count":0,"href":"https:\/\/soclose.mx\/blog\/wp-json\/wp\/v2\/posts\/6005\/revisions"}],"wp:featuredmedia":[{"embeddable":true,"href":"https:\/\/soclose.mx\/blog\/wp-json\/wp\/v2\/media\/6007"}],"wp:attachment":[{"href":"https:\/\/soclose.mx\/blog\/wp-json\/wp\/v2\/media?parent=6005"}],"wp:term":[{"taxonomy":"category","embeddable":true,"href":"https:\/\/soclose.mx\/blog\/wp-json\/wp\/v2\/categories?post=6005"},{"taxonomy":"post_tag","embeddable":true,"href":"https:\/\/soclose.mx\/blog\/wp-json\/wp\/v2\/tags?post=6005"}],"curies":[{"name":"wp","href":"https:\/\/api.w.org\/{rel}","templated":true}]}}