{"id":6019,"date":"2021-05-06T18:06:36","date_gmt":"2021-05-06T23:06:36","guid":{"rendered":"https:\/\/soclose.mx\/blog\/?p=6019"},"modified":"2021-05-06T18:19:02","modified_gmt":"2021-05-06T23:19:02","slug":"video-7-cosas-que-amaras-de-el-tacubo-un-superheroe-muy-mexicano","status":"publish","type":"post","link":"https:\/\/soclose.mx\/blog\/ay-goeeee\/video-7-cosas-que-amaras-de-el-tacubo-un-superheroe-muy-mexicano\/","title":{"rendered":"VIDEO | 7 cosas que amar\u00e1s de &#8220;El Tacubo&#8221;, un superh\u00e9roe muy mexicano"},"content":{"rendered":"<p>En <strong>M\u00e9xico<\/strong> no es sorpresa que en momentos dif\u00edciles aparezca la solidaridad y el apoyo hacia quienes m\u00e1s lo necesitan; <a href=\"https:\/\/www.facebook.com\/tacuboluchador\" target=\"_blank\" rel=\"noopener\"><strong>&#8220;El Tacubo&#8221;<\/strong><\/a> es uno de esos personajes, de esos superh\u00e9roes an\u00f3nimos, quien durante la <em>pandemia<\/em> provocada por la <strong>Covid19\u00a0<\/strong>decidi\u00f3 hacerle la vida m\u00e1s llevadera a los <strong>ni\u00f1os<\/strong> quienes se vieron afectados al dejar de ir a la escuela y perder la convivencia con compa\u00f1eros y maestros.<\/p>\n<blockquote><p>Definitivamente <a href=\"https:\/\/www.facebook.com\/tacuboluchador\" target=\"_blank\" rel=\"noopener\"><strong>&#8220;El Tacubo&#8221;<\/strong><\/a> es un emblema del coraz\u00f3n de <strong>M\u00e9xico<\/strong> y estas 7 cosas te har\u00e1n quererlo m\u00e1s:<\/p><\/blockquote>\n<ol>\n<li>\n<blockquote><p>Estudi\u00f3 Ciencias de la Comunicaci\u00f3n en la<a href=\"https:\/\/soclose.mx\/blog\/?s=UNAM\" target=\"_blank\" rel=\"noopener\"><strong> UNAM<\/strong><\/a> y es exponente de la <strong>lucha libre<\/strong>.<\/p><\/blockquote>\n<\/li>\n<li>\n<blockquote><p>Era un ni\u00f1o bajito y delgado; diario padec\u00eda acoso escolar hasta que practic\u00f3 <strong>lucha libre<\/strong>, gan\u00f3 confianza y, en vez de usar sus habilidades para vengarse, las emple\u00f3 para <strong>crear conciencia<\/strong> sobre el <strong><em>bullying.<\/em><\/strong><\/p><\/blockquote>\n<\/li>\n<li>\n<blockquote><p>Antes de la <strong>pandemia<\/strong> por la <strong>Covid19<\/strong> iba a escuelas para hablar de <em><strong>bullying<\/strong> con <\/em>estudiantes de entre siete y nueve a\u00f1os, ahora lo sigue haciendo visit\u00e1ndolos en sus casas.<\/p><\/blockquote>\n<\/li>\n<li>\n<blockquote><p>Por su labor de hablar de <strong><em>bullying<\/em><\/strong>\u00a0gan\u00f3 el Premio al Servicio Social<em>\u00a0Gustavo Baz Prada<\/em> en 2013.<\/p><\/blockquote>\n<\/li>\n<li>\n<blockquote><p>Su identidad no la ha revelado nunca, ni siquiera cuando le entregaron dicho reconocimiento se quit\u00f3 la m\u00e1scara por respeto a la m\u00edstica de la <strong>lucha libre.<\/strong><\/p><\/blockquote>\n<\/li>\n<li>\n<blockquote><p>El periodista Peter Nowak entrevist\u00f3 al <strong>Tacubo<\/strong> para su libro <em>The Rise of Real-Life Superheroes and the Fall of Everything Else<\/em>, donde el luchador explic\u00f3 que al saberse con las herramientas cognitivas de un comunicador y las destrezas de un peleador del ring pens\u00f3 en combinarlas para captar la atenci\u00f3n de los ni\u00f1os y hacerles llegar su mensaje.<\/p><\/blockquote>\n<\/li>\n<li>\n<blockquote><p>\u201cMucho se repite que tras esta pandemia nada volver\u00e1 a ser igual y ojal\u00e1 as\u00ed sea, porque si lo que viene depende de estos peque\u00f1os que est\u00e1n aprendiendo a ser h\u00e9roes verdaderos, el mundo del futuro ser\u00e1 mucho mejor\u201d, afirma <strong>&#8220;El Tacubo&#8221;.<\/strong><\/p><\/blockquote>\n<\/li>\n<\/ol>\n<p><iframe loading=\"lazy\" title=\"YouTube video player\" src=\"https:\/\/www.youtube.com\/embed\/gvcB0njIqxc\" width=\"560\" height=\"315\" frameborder=\"0\" allowfullscreen=\"allowfullscreen\"><\/iframe><\/p>\n<p>Fuente: <a href=\"https:\/\/unamglobal.unam.mx\/\" target=\"_blank\" rel=\"noopener\">UNAM<\/a><\/p>\n","protected":false},"excerpt":{"rendered":"<p>En M\u00e9xico no es sorpresa que en momentos dif\u00edciles aparezca la solidaridad y el apoyo hacia quienes m\u00e1s lo necesitan; &#8220;El Tacubo&#8221; es uno de esos personajes, de esos superh\u00e9roes an\u00f3nimos, quien durante la pandemia provocada por la Covid19\u00a0decidi\u00f3 hacerle la vida m\u00e1s llevadera a los ni\u00f1os quienes se vieron afectados al dejar de ir a la escuela y perder la convivencia con compa\u00f1eros y maestros. Definitivamente &#8220;El Tacubo&#8221; es un emblema del coraz\u00f3n de M\u00e9xico y estas 7 cosas te har\u00e1n quererlo m\u00e1s: Estudi\u00f3 Ciencias de la Comunicaci\u00f3n en la UNAM y es exponente de la lucha libre. Era<\/p>\n","protected":false},"author":1,"featured_media":6021,"comment_status":"open","ping_status":"open","sticky":false,"template":"","format":"standard","meta":{"_jetpack_memberships_contains_paid_content":false,"footnotes":""},"categories":[1],"tags":[851,727,849,512,349,850,331],"class_list":["post-6019","post","type-post","status-publish","format-standard","has-post-thumbnail","hentry","category-ay-goeeee","tag-bullying","tag-covid19","tag-el-tacubo","tag-lucha-libre","tag-ninos","tag-pandemia","tag-unam"],"yoast_head":"<!-- This site is optimized with the Yoast SEO plugin v26.7 - https:\/\/yoast.com\/wordpress\/plugins\/seo\/ -->\n<title>VIDEO | 7 cosas que amar\u00e1s de &quot;El Tacubo&quot;, un superh\u00e9roe muy mexicano - So Close<\/title>\n<meta name=\"description\" content=\"Antes de la pandemia por la Covid19 iba a escuelas para hablar de bullying con estudiantes de entre siete y nueve a\u00f1os.\" \/>\n<meta name=\"robots\" content=\"index, follow, max-snippet:-1, max-image-preview:large, max-video-preview:-1\" \/>\n<link rel=\"canonical\" href=\"https:\/\/soclose.mx\/blog\/ay-goeeee\/video-7-cosas-que-amaras-de-el-tacubo-un-superheroe-muy-mexicano\/\" \/>\n<meta property=\"og:locale\" content=\"es_MX\" \/>\n<meta property=\"og:type\" content=\"article\" \/>\n<meta property=\"og:title\" content=\"VIDEO | 7 cosas que amar\u00e1s de &quot;El Tacubo&quot;, un superh\u00e9roe muy mexicano - So Close\" \/>\n<meta property=\"og:description\" content=\"Antes de la pandemia por la Covid19 iba a escuelas para hablar de bullying con estudiantes de entre siete y nueve a\u00f1os.\" \/>\n<meta property=\"og:url\" content=\"https:\/\/soclose.mx\/blog\/ay-goeeee\/video-7-cosas-que-amaras-de-el-tacubo-un-superheroe-muy-mexicano\/\" \/>\n<meta property=\"og:site_name\" content=\"So Close\" \/>\n<meta property=\"article:published_time\" content=\"2021-05-06T23:06:36+00:00\" \/>\n<meta property=\"article:modified_time\" content=\"2021-05-06T23:19:02+00:00\" \/>\n<meta property=\"og:image\" content=\"https:\/\/i0.wp.com\/soclose.mx\/blog\/wp-content\/uploads\/2021\/05\/luchador-tacubo.jpeg?fit=1240%2C700&ssl=1\" \/>\n\t<meta property=\"og:image:width\" content=\"1240\" \/>\n\t<meta property=\"og:image:height\" content=\"700\" \/>\n\t<meta property=\"og:image:type\" content=\"image\/jpeg\" \/>\n<meta name=\"author\" content=\"So Close\" \/>\n<meta name=\"twitter:card\" content=\"summary_large_image\" \/>\n<meta name=\"twitter:label1\" content=\"Escrito por\" \/>\n\t<meta name=\"twitter:data1\" content=\"So Close\" \/>\n\t<meta name=\"twitter:label2\" content=\"Tiempo de lectura\" \/>\n\t<meta name=\"twitter:data2\" content=\"2 minutos\" \/>\n<script type=\"application\/ld+json\" class=\"yoast-schema-graph\">{\"@context\":\"https:\/\/schema.org\",\"@graph\":[{\"@type\":\"Article\",\"@id\":\"https:\/\/soclose.mx\/blog\/ay-goeeee\/video-7-cosas-que-amaras-de-el-tacubo-un-superheroe-muy-mexicano\/#article\",\"isPartOf\":{\"@id\":\"https:\/\/soclose.mx\/blog\/ay-goeeee\/video-7-cosas-que-amaras-de-el-tacubo-un-superheroe-muy-mexicano\/\"},\"author\":{\"name\":\"So Close\",\"@id\":\"https:\/\/soclose.mx\/blog\/#\/schema\/person\/723eb117ab965b55c3e56b5d29751667\"},\"headline\":\"VIDEO | 7 cosas que amar\u00e1s de &#8220;El Tacubo&#8221;, un superh\u00e9roe muy mexicano\",\"datePublished\":\"2021-05-06T23:06:36+00:00\",\"dateModified\":\"2021-05-06T23:19:02+00:00\",\"mainEntityOfPage\":{\"@id\":\"https:\/\/soclose.mx\/blog\/ay-goeeee\/video-7-cosas-que-amaras-de-el-tacubo-un-superheroe-muy-mexicano\/\"},\"wordCount\":346,\"commentCount\":0,\"publisher\":{\"@id\":\"https:\/\/soclose.mx\/blog\/#organization\"},\"image\":{\"@id\":\"https:\/\/soclose.mx\/blog\/ay-goeeee\/video-7-cosas-que-amaras-de-el-tacubo-un-superheroe-muy-mexicano\/#primaryimage\"},\"thumbnailUrl\":\"https:\/\/i0.wp.com\/soclose.mx\/blog\/wp-content\/uploads\/2021\/05\/luchador-tacubo.jpeg?fit=1240%2C700&ssl=1\",\"keywords\":[\"bullying\",\"covid19\",\"el tacubo\",\"lucha libre\",\"ni\u00f1os\",\"pandemia\",\"unam\"],\"articleSection\":[\"\u00a1Ay goeeee!\"],\"inLanguage\":\"es\",\"potentialAction\":[{\"@type\":\"CommentAction\",\"name\":\"Comment\",\"target\":[\"https:\/\/soclose.mx\/blog\/ay-goeeee\/video-7-cosas-que-amaras-de-el-tacubo-un-superheroe-muy-mexicano\/#respond\"]}]},{\"@type\":\"WebPage\",\"@id\":\"https:\/\/soclose.mx\/blog\/ay-goeeee\/video-7-cosas-que-amaras-de-el-tacubo-un-superheroe-muy-mexicano\/\",\"url\":\"https:\/\/soclose.mx\/blog\/ay-goeeee\/video-7-cosas-que-amaras-de-el-tacubo-un-superheroe-muy-mexicano\/\",\"name\":\"VIDEO | 7 cosas que amar\u00e1s de \\\"El Tacubo\\\", un superh\u00e9roe muy mexicano - So Close\",\"isPartOf\":{\"@id\":\"https:\/\/soclose.mx\/blog\/#website\"},\"primaryImageOfPage\":{\"@id\":\"https:\/\/soclose.mx\/blog\/ay-goeeee\/video-7-cosas-que-amaras-de-el-tacubo-un-superheroe-muy-mexicano\/#primaryimage\"},\"image\":{\"@id\":\"https:\/\/soclose.mx\/blog\/ay-goeeee\/video-7-cosas-que-amaras-de-el-tacubo-un-superheroe-muy-mexicano\/#primaryimage\"},\"thumbnailUrl\":\"https:\/\/i0.wp.com\/soclose.mx\/blog\/wp-content\/uploads\/2021\/05\/luchador-tacubo.jpeg?fit=1240%2C700&ssl=1\",\"datePublished\":\"2021-05-06T23:06:36+00:00\",\"dateModified\":\"2021-05-06T23:19:02+00:00\",\"description\":\"Antes de la pandemia por la Covid19 iba a escuelas para hablar de bullying con estudiantes de entre siete y nueve a\u00f1os.\",\"breadcrumb\":{\"@id\":\"https:\/\/soclose.mx\/blog\/ay-goeeee\/video-7-cosas-que-amaras-de-el-tacubo-un-superheroe-muy-mexicano\/#breadcrumb\"},\"inLanguage\":\"es\",\"potentialAction\":[{\"@type\":\"ReadAction\",\"target\":[\"https:\/\/soclose.mx\/blog\/ay-goeeee\/video-7-cosas-que-amaras-de-el-tacubo-un-superheroe-muy-mexicano\/\"]}]},{\"@type\":\"ImageObject\",\"inLanguage\":\"es\",\"@id\":\"https:\/\/soclose.mx\/blog\/ay-goeeee\/video-7-cosas-que-amaras-de-el-tacubo-un-superheroe-muy-mexicano\/#primaryimage\",\"url\":\"https:\/\/i0.wp.com\/soclose.mx\/blog\/wp-content\/uploads\/2021\/05\/luchador-tacubo.jpeg?fit=1240%2C700&ssl=1\",\"contentUrl\":\"https:\/\/i0.wp.com\/soclose.mx\/blog\/wp-content\/uploads\/2021\/05\/luchador-tacubo.jpeg?fit=1240%2C700&ssl=1\",\"width\":1240,\"height\":700},{\"@type\":\"BreadcrumbList\",\"@id\":\"https:\/\/soclose.mx\/blog\/ay-goeeee\/video-7-cosas-que-amaras-de-el-tacubo-un-superheroe-muy-mexicano\/#breadcrumb\",\"itemListElement\":[{\"@type\":\"ListItem\",\"position\":1,\"name\":\"Inicio\",\"item\":\"https:\/\/soclose.mx\/blog\/\"},{\"@type\":\"ListItem\",\"position\":2,\"name\":\"VIDEO | 7 cosas que amar\u00e1s de &#8220;El Tacubo&#8221;, un superh\u00e9roe muy mexicano\"}]},{\"@type\":\"WebSite\",\"@id\":\"https:\/\/soclose.mx\/blog\/#website\",\"url\":\"https:\/\/soclose.mx\/blog\/\",\"name\":\"So Close\",\"description\":\"Hacemos contenidos de M\u00e9xico\",\"publisher\":{\"@id\":\"https:\/\/soclose.mx\/blog\/#organization\"},\"potentialAction\":[{\"@type\":\"SearchAction\",\"target\":{\"@type\":\"EntryPoint\",\"urlTemplate\":\"https:\/\/soclose.mx\/blog\/?s={search_term_string}\"},\"query-input\":{\"@type\":\"PropertyValueSpecification\",\"valueRequired\":true,\"valueName\":\"search_term_string\"}}],\"inLanguage\":\"es\"},{\"@type\":\"Organization\",\"@id\":\"https:\/\/soclose.mx\/blog\/#organization\",\"name\":\"So Close\",\"url\":\"https:\/\/soclose.mx\/blog\/\",\"logo\":{\"@type\":\"ImageObject\",\"inLanguage\":\"es\",\"@id\":\"https:\/\/soclose.mx\/blog\/#\/schema\/logo\/image\/\",\"url\":\"https:\/\/i0.wp.com\/soclose.mx\/blog\/wp-content\/uploads\/2020\/12\/LOGO_SOCLOSE_COLOR-e1608310133507.png?fit=2858%2C1264&ssl=1\",\"contentUrl\":\"https:\/\/i0.wp.com\/soclose.mx\/blog\/wp-content\/uploads\/2020\/12\/LOGO_SOCLOSE_COLOR-e1608310133507.png?fit=2858%2C1264&ssl=1\",\"width\":2858,\"height\":1264,\"caption\":\"So Close\"},\"image\":{\"@id\":\"https:\/\/soclose.mx\/blog\/#\/schema\/logo\/image\/\"}},{\"@type\":\"Person\",\"@id\":\"https:\/\/soclose.mx\/blog\/#\/schema\/person\/723eb117ab965b55c3e56b5d29751667\",\"name\":\"So Close\",\"image\":{\"@type\":\"ImageObject\",\"inLanguage\":\"es\",\"@id\":\"https:\/\/soclose.mx\/blog\/#\/schema\/person\/image\/\",\"url\":\"https:\/\/secure.gravatar.com\/avatar\/5a1d1d694eaf6d2c28f450f0984cbb34821b92dc49c1d088c0250fbc6a48efec?s=96&d=mm&r=g\",\"contentUrl\":\"https:\/\/secure.gravatar.com\/avatar\/5a1d1d694eaf6d2c28f450f0984cbb34821b92dc49c1d088c0250fbc6a48efec?s=96&d=mm&r=g\",\"caption\":\"So Close\"},\"sameAs\":[\"http:\/\/www.soclose.mx\",\"https:\/\/www.youtube.com\/@soclosemx\"],\"url\":\"https:\/\/soclose.mx\/blog\/author\/admin\/\"}]}<\/script>\n<!-- \/ Yoast SEO plugin. -->","yoast_head_json":{"title":"VIDEO | 7 cosas que amar\u00e1s de \"El Tacubo\", un superh\u00e9roe muy mexicano - So Close","description":"Antes de la pandemia por la Covid19 iba a escuelas para hablar de bullying con estudiantes de entre siete y nueve a\u00f1os.","robots":{"index":"index","follow":"follow","max-snippet":"max-snippet:-1","max-image-preview":"max-image-preview:large","max-video-preview":"max-video-preview:-1"},"canonical":"https:\/\/soclose.mx\/blog\/ay-goeeee\/video-7-cosas-que-amaras-de-el-tacubo-un-superheroe-muy-mexicano\/","og_locale":"es_MX","og_type":"article","og_title":"VIDEO | 7 cosas que amar\u00e1s de \"El Tacubo\", un superh\u00e9roe muy mexicano - So Close","og_description":"Antes de la pandemia por la Covid19 iba a escuelas para hablar de bullying con estudiantes de entre siete y nueve a\u00f1os.","og_url":"https:\/\/soclose.mx\/blog\/ay-goeeee\/video-7-cosas-que-amaras-de-el-tacubo-un-superheroe-muy-mexicano\/","og_site_name":"So Close","article_published_time":"2021-05-06T23:06:36+00:00","article_modified_time":"2021-05-06T23:19:02+00:00","og_image":[{"width":1240,"height":700,"url":"https:\/\/i0.wp.com\/soclose.mx\/blog\/wp-content\/uploads\/2021\/05\/luchador-tacubo.jpeg?fit=1240%2C700&ssl=1","type":"image\/jpeg"}],"author":"So Close","twitter_card":"summary_large_image","twitter_misc":{"Escrito por":"So Close","Tiempo de lectura":"2 minutos"},"schema":{"@context":"https:\/\/schema.org","@graph":[{"@type":"Article","@id":"https:\/\/soclose.mx\/blog\/ay-goeeee\/video-7-cosas-que-amaras-de-el-tacubo-un-superheroe-muy-mexicano\/#article","isPartOf":{"@id":"https:\/\/soclose.mx\/blog\/ay-goeeee\/video-7-cosas-que-amaras-de-el-tacubo-un-superheroe-muy-mexicano\/"},"author":{"name":"So Close","@id":"https:\/\/soclose.mx\/blog\/#\/schema\/person\/723eb117ab965b55c3e56b5d29751667"},"headline":"VIDEO | 7 cosas que amar\u00e1s de &#8220;El Tacubo&#8221;, un superh\u00e9roe muy mexicano","datePublished":"2021-05-06T23:06:36+00:00","dateModified":"2021-05-06T23:19:02+00:00","mainEntityOfPage":{"@id":"https:\/\/soclose.mx\/blog\/ay-goeeee\/video-7-cosas-que-amaras-de-el-tacubo-un-superheroe-muy-mexicano\/"},"wordCount":346,"commentCount":0,"publisher":{"@id":"https:\/\/soclose.mx\/blog\/#organization"},"image":{"@id":"https:\/\/soclose.mx\/blog\/ay-goeeee\/video-7-cosas-que-amaras-de-el-tacubo-un-superheroe-muy-mexicano\/#primaryimage"},"thumbnailUrl":"https:\/\/i0.wp.com\/soclose.mx\/blog\/wp-content\/uploads\/2021\/05\/luchador-tacubo.jpeg?fit=1240%2C700&ssl=1","keywords":["bullying","covid19","el tacubo","lucha libre","ni\u00f1os","pandemia","unam"],"articleSection":["\u00a1Ay goeeee!"],"inLanguage":"es","potentialAction":[{"@type":"CommentAction","name":"Comment","target":["https:\/\/soclose.mx\/blog\/ay-goeeee\/video-7-cosas-que-amaras-de-el-tacubo-un-superheroe-muy-mexicano\/#respond"]}]},{"@type":"WebPage","@id":"https:\/\/soclose.mx\/blog\/ay-goeeee\/video-7-cosas-que-amaras-de-el-tacubo-un-superheroe-muy-mexicano\/","url":"https:\/\/soclose.mx\/blog\/ay-goeeee\/video-7-cosas-que-amaras-de-el-tacubo-un-superheroe-muy-mexicano\/","name":"VIDEO | 7 cosas que amar\u00e1s de \"El Tacubo\", un superh\u00e9roe muy mexicano - So Close","isPartOf":{"@id":"https:\/\/soclose.mx\/blog\/#website"},"primaryImageOfPage":{"@id":"https:\/\/soclose.mx\/blog\/ay-goeeee\/video-7-cosas-que-amaras-de-el-tacubo-un-superheroe-muy-mexicano\/#primaryimage"},"image":{"@id":"https:\/\/soclose.mx\/blog\/ay-goeeee\/video-7-cosas-que-amaras-de-el-tacubo-un-superheroe-muy-mexicano\/#primaryimage"},"thumbnailUrl":"https:\/\/i0.wp.com\/soclose.mx\/blog\/wp-content\/uploads\/2021\/05\/luchador-tacubo.jpeg?fit=1240%2C700&ssl=1","datePublished":"2021-05-06T23:06:36+00:00","dateModified":"2021-05-06T23:19:02+00:00","description":"Antes de la pandemia por la Covid19 iba a escuelas para hablar de bullying con estudiantes de entre siete y nueve a\u00f1os.","breadcrumb":{"@id":"https:\/\/soclose.mx\/blog\/ay-goeeee\/video-7-cosas-que-amaras-de-el-tacubo-un-superheroe-muy-mexicano\/#breadcrumb"},"inLanguage":"es","potentialAction":[{"@type":"ReadAction","target":["https:\/\/soclose.mx\/blog\/ay-goeeee\/video-7-cosas-que-amaras-de-el-tacubo-un-superheroe-muy-mexicano\/"]}]},{"@type":"ImageObject","inLanguage":"es","@id":"https:\/\/soclose.mx\/blog\/ay-goeeee\/video-7-cosas-que-amaras-de-el-tacubo-un-superheroe-muy-mexicano\/#primaryimage","url":"https:\/\/i0.wp.com\/soclose.mx\/blog\/wp-content\/uploads\/2021\/05\/luchador-tacubo.jpeg?fit=1240%2C700&ssl=1","contentUrl":"https:\/\/i0.wp.com\/soclose.mx\/blog\/wp-content\/uploads\/2021\/05\/luchador-tacubo.jpeg?fit=1240%2C700&ssl=1","width":1240,"height":700},{"@type":"BreadcrumbList","@id":"https:\/\/soclose.mx\/blog\/ay-goeeee\/video-7-cosas-que-amaras-de-el-tacubo-un-superheroe-muy-mexicano\/#breadcrumb","itemListElement":[{"@type":"ListItem","position":1,"name":"Inicio","item":"https:\/\/soclose.mx\/blog\/"},{"@type":"ListItem","position":2,"name":"VIDEO | 7 cosas que amar\u00e1s de &#8220;El Tacubo&#8221;, un superh\u00e9roe muy mexicano"}]},{"@type":"WebSite","@id":"https:\/\/soclose.mx\/blog\/#website","url":"https:\/\/soclose.mx\/blog\/","name":"So Close","description":"Hacemos contenidos de M\u00e9xico","publisher":{"@id":"https:\/\/soclose.mx\/blog\/#organization"},"potentialAction":[{"@type":"SearchAction","target":{"@type":"EntryPoint","urlTemplate":"https:\/\/soclose.mx\/blog\/?s={search_term_string}"},"query-input":{"@type":"PropertyValueSpecification","valueRequired":true,"valueName":"search_term_string"}}],"inLanguage":"es"},{"@type":"Organization","@id":"https:\/\/soclose.mx\/blog\/#organization","name":"So Close","url":"https:\/\/soclose.mx\/blog\/","logo":{"@type":"ImageObject","inLanguage":"es","@id":"https:\/\/soclose.mx\/blog\/#\/schema\/logo\/image\/","url":"https:\/\/i0.wp.com\/soclose.mx\/blog\/wp-content\/uploads\/2020\/12\/LOGO_SOCLOSE_COLOR-e1608310133507.png?fit=2858%2C1264&ssl=1","contentUrl":"https:\/\/i0.wp.com\/soclose.mx\/blog\/wp-content\/uploads\/2020\/12\/LOGO_SOCLOSE_COLOR-e1608310133507.png?fit=2858%2C1264&ssl=1","width":2858,"height":1264,"caption":"So Close"},"image":{"@id":"https:\/\/soclose.mx\/blog\/#\/schema\/logo\/image\/"}},{"@type":"Person","@id":"https:\/\/soclose.mx\/blog\/#\/schema\/person\/723eb117ab965b55c3e56b5d29751667","name":"So Close","image":{"@type":"ImageObject","inLanguage":"es","@id":"https:\/\/soclose.mx\/blog\/#\/schema\/person\/image\/","url":"https:\/\/secure.gravatar.com\/avatar\/5a1d1d694eaf6d2c28f450f0984cbb34821b92dc49c1d088c0250fbc6a48efec?s=96&d=mm&r=g","contentUrl":"https:\/\/secure.gravatar.com\/avatar\/5a1d1d694eaf6d2c28f450f0984cbb34821b92dc49c1d088c0250fbc6a48efec?s=96&d=mm&r=g","caption":"So Close"},"sameAs":["http:\/\/www.soclose.mx","https:\/\/www.youtube.com\/@soclosemx"],"url":"https:\/\/soclose.mx\/blog\/author\/admin\/"}]}},"jetpack_featured_media_url":"https:\/\/i0.wp.com\/soclose.mx\/blog\/wp-content\/uploads\/2021\/05\/luchador-tacubo.jpeg?fit=1240%2C700&ssl=1","jetpack-related-posts":[{"id":10872,"url":"https:\/\/soclose.mx\/blog\/a-la-mexicana\/video-documental-lucha-libre-mexicana-y-covid-19-las-otras-vidas-en-la-pandemia\/","url_meta":{"origin":6019,"position":0},"title":"Video: Documental &#8220;Lucha Libre Mexicana y COVID-19&#8221;, las otras vidas en la pandemia","author":"Daniel Ram\u00edrez","date":"10 agosto, 2022","format":false,"excerpt":"La pandemia de COVID-19 cambi\u00f3 el mundo en todos los aspectos y el deportivo fue uno de los m\u00e1s afectados y la Lucha Libre no se salv\u00f3. Los rings no se iluminaron, no son\u00f3 la t\u00edpica canci\u00f3n El santo, el cavernario en las funciones y no hubo conteo de espaldas\u2026","rel":"","context":"En &quot;A la mexicana&quot;","block_context":{"text":"A la mexicana","link":"https:\/\/soclose.mx\/blog\/category\/a-la-mexicana\/"},"img":{"alt_text":"","src":"https:\/\/i0.wp.com\/soclose.mx\/blog\/wp-content\/uploads\/2022\/08\/luchas-covid.png?fit=1040%2C585&ssl=1&resize=350%2C200","width":350,"height":200,"srcset":"https:\/\/i0.wp.com\/soclose.mx\/blog\/wp-content\/uploads\/2022\/08\/luchas-covid.png?fit=1040%2C585&ssl=1&resize=350%2C200 1x, https:\/\/i0.wp.com\/soclose.mx\/blog\/wp-content\/uploads\/2022\/08\/luchas-covid.png?fit=1040%2C585&ssl=1&resize=525%2C300 1.5x, https:\/\/i0.wp.com\/soclose.mx\/blog\/wp-content\/uploads\/2022\/08\/luchas-covid.png?fit=1040%2C585&ssl=1&resize=700%2C400 2x"},"classes":[]},{"id":6216,"url":"https:\/\/soclose.mx\/blog\/news-feed\/si-habra-festival-del-pulque-en-la-cdmx\/","url_meta":{"origin":6019,"position":1},"title":"S\u00ed habr\u00e1 festival del pulque en la CDMX","author":"So Close","date":"14 junio, 2021","format":false,"excerpt":"Luego de que el a\u00f1o pasado no se llev\u00f3 a cabo el Festival del Pulque y del Mezcal en la Ciudad de M\u00e9xico por la llegada de la pandemia de la Covid19, este 2021 han confirmado que s\u00ed se realizar\u00e1 esta anhelada exposici\u00f3n. Aqu\u00ed te dejamos los cinco datos para\u2026","rel":"","context":"En &quot;News feed&quot;","block_context":{"text":"News feed","link":"https:\/\/soclose.mx\/blog\/category\/news-feed\/"},"img":{"alt_text":"","src":"https:\/\/i0.wp.com\/soclose.mx\/blog\/wp-content\/uploads\/2021\/06\/pulque.jpeg?fit=1200%2C677&ssl=1&resize=350%2C200","width":350,"height":200,"srcset":"https:\/\/i0.wp.com\/soclose.mx\/blog\/wp-content\/uploads\/2021\/06\/pulque.jpeg?fit=1200%2C677&ssl=1&resize=350%2C200 1x, https:\/\/i0.wp.com\/soclose.mx\/blog\/wp-content\/uploads\/2021\/06\/pulque.jpeg?fit=1200%2C677&ssl=1&resize=525%2C300 1.5x, https:\/\/i0.wp.com\/soclose.mx\/blog\/wp-content\/uploads\/2021\/06\/pulque.jpeg?fit=1200%2C677&ssl=1&resize=700%2C400 2x, https:\/\/i0.wp.com\/soclose.mx\/blog\/wp-content\/uploads\/2021\/06\/pulque.jpeg?fit=1200%2C677&ssl=1&resize=1050%2C600 3x"},"classes":[]},{"id":10584,"url":"https:\/\/soclose.mx\/blog\/ay-goeeee\/aventura-inolvidable-familia-de-puebla-viaja-en-barco-por-el-mundo-durante-3-anos\/","url_meta":{"origin":6019,"position":2},"title":"\u00a1Aventura inolvidable! Familia de Puebla viaja en barco por el mundo durante 3 a\u00f1os","author":"Daniel Ram\u00edrez","date":"13 julio, 2022","format":false,"excerpt":"Es verdad que en el mar la vida es m\u00e1s sabrosa y una familia del estado de Puebla, confirm\u00f3 tal idea no y\u00e9ndose una semana o un mes a navegar, sino \u00a1tres a\u00f1os! Resulta que esta familia Irigoyen S\u00e1nchez decidi\u00f3 emprender una aventura que ellos mismos llamaron \"La vuelta al\u2026","rel":"","context":"En &quot;\u00a1Ay goeeee!&quot;","block_context":{"text":"\u00a1Ay goeeee!","link":"https:\/\/soclose.mx\/blog\/category\/ay-goeeee\/"},"img":{"alt_text":"","src":"https:\/\/i0.wp.com\/soclose.mx\/blog\/wp-content\/uploads\/2022\/07\/barco.png?fit=883%2C631&ssl=1&resize=350%2C200","width":350,"height":200,"srcset":"https:\/\/i0.wp.com\/soclose.mx\/blog\/wp-content\/uploads\/2022\/07\/barco.png?fit=883%2C631&ssl=1&resize=350%2C200 1x, https:\/\/i0.wp.com\/soclose.mx\/blog\/wp-content\/uploads\/2022\/07\/barco.png?fit=883%2C631&ssl=1&resize=525%2C300 1.5x, https:\/\/i0.wp.com\/soclose.mx\/blog\/wp-content\/uploads\/2022\/07\/barco.png?fit=883%2C631&ssl=1&resize=700%2C400 2x"},"classes":[]},{"id":10573,"url":"https:\/\/soclose.mx\/blog\/ay-goeeee\/frida-kahlo-mas-famosa-que-vincent-van-gogh-y-picasso\/","url_meta":{"origin":6019,"position":3},"title":"Frida Kahlo, m\u00e1s famosa que Vincent van Gogh y Picasso","author":"Daniel Ram\u00edrez","date":"12 julio, 2022","format":false,"excerpt":"\u00bfQu\u00e9 hiciste durante la etapa m\u00e1s cr\u00edtica de la pandemia de COVID-19? Si buscaste en Google sobre la vida, obra y otras cosas de Frida Kahlo, fuiste parte de millones que lo hicieron en esa etapa. Ken Bromley Arts Supplies, una empresa dedicada a la venta de materiales de arte,\u2026","rel":"","context":"En &quot;\u00a1Ay goeeee!&quot;","block_context":{"text":"\u00a1Ay goeeee!","link":"https:\/\/soclose.mx\/blog\/category\/ay-goeeee\/"},"img":{"alt_text":"","src":"https:\/\/i0.wp.com\/soclose.mx\/blog\/wp-content\/uploads\/2018\/05\/frida-kahlo.jpg?fit=1140%2C730&ssl=1&resize=350%2C200","width":350,"height":200,"srcset":"https:\/\/i0.wp.com\/soclose.mx\/blog\/wp-content\/uploads\/2018\/05\/frida-kahlo.jpg?fit=1140%2C730&ssl=1&resize=350%2C200 1x, https:\/\/i0.wp.com\/soclose.mx\/blog\/wp-content\/uploads\/2018\/05\/frida-kahlo.jpg?fit=1140%2C730&ssl=1&resize=525%2C300 1.5x, https:\/\/i0.wp.com\/soclose.mx\/blog\/wp-content\/uploads\/2018\/05\/frida-kahlo.jpg?fit=1140%2C730&ssl=1&resize=700%2C400 2x, https:\/\/i0.wp.com\/soclose.mx\/blog\/wp-content\/uploads\/2018\/05\/frida-kahlo.jpg?fit=1140%2C730&ssl=1&resize=1050%2C600 3x"},"classes":[]},{"id":9621,"url":"https:\/\/soclose.mx\/blog\/news-feed\/regresa-la-fiesta-del-libro-y-la-rosa-de-la-unam\/","url_meta":{"origin":6019,"position":4},"title":"Regresa la Fiesta del Libro y la Rosa de la UNAM","author":"Miguel Angel Romero","date":"16 abril, 2022","format":false,"excerpt":"Con 150 actividades y 320 sellos editoriales, la 14 edici\u00f3n de la Fiesta del Libro y la Rosa 2022, se llevar\u00e1 a cabo del 22 al 24 de abril en distintas sedes de la Universidad Nacional Aut\u00f3noma de M\u00e9xico (UNAM). A dos a\u00f1os y dos meses cumplidos de la epidemia\u2026","rel":"","context":"En &quot;News feed&quot;","block_context":{"text":"News feed","link":"https:\/\/soclose.mx\/blog\/category\/news-feed\/"},"img":{"alt_text":"","src":"https:\/\/i0.wp.com\/soclose.mx\/blog\/wp-content\/uploads\/2022\/04\/Copia-de-Principal-So-Close-blog-10.png?fit=1200%2C677&ssl=1&resize=350%2C200","width":350,"height":200,"srcset":"https:\/\/i0.wp.com\/soclose.mx\/blog\/wp-content\/uploads\/2022\/04\/Copia-de-Principal-So-Close-blog-10.png?fit=1200%2C677&ssl=1&resize=350%2C200 1x, https:\/\/i0.wp.com\/soclose.mx\/blog\/wp-content\/uploads\/2022\/04\/Copia-de-Principal-So-Close-blog-10.png?fit=1200%2C677&ssl=1&resize=525%2C300 1.5x, https:\/\/i0.wp.com\/soclose.mx\/blog\/wp-content\/uploads\/2022\/04\/Copia-de-Principal-So-Close-blog-10.png?fit=1200%2C677&ssl=1&resize=700%2C400 2x, https:\/\/i0.wp.com\/soclose.mx\/blog\/wp-content\/uploads\/2022\/04\/Copia-de-Principal-So-Close-blog-10.png?fit=1200%2C677&ssl=1&resize=1050%2C600 3x"},"classes":[]},{"id":14788,"url":"https:\/\/soclose.mx\/blog\/news-feed\/nueva-enes-de-la-unam-donde-estara-y-que-carreras-tendra\/","url_meta":{"origin":6019,"position":5},"title":"Nueva ENES de la UNAM: \u00bfd\u00f3nde estar\u00e1 y qu\u00e9 carreras tendr\u00e1?","author":"So Close","date":"14 abril, 2025","format":false,"excerpt":"La Universidad Nacional Aut\u00f3noma de M\u00e9xico (UNAM) ha anunciado la creaci\u00f3n de una nueva Escuela Nacional de Estudios Superiores (ENES) en el estado de Oaxaca, con el objetivo de fortalecer la educaci\u00f3n superior en la regi\u00f3n sur-sureste del pa\u00eds. La Nueva ENES de la UNAM forma parte del Plan de\u2026","rel":"","context":"En &quot;News feed&quot;","block_context":{"text":"News feed","link":"https:\/\/soclose.mx\/blog\/category\/news-feed\/"},"img":{"alt_text":"ENES de la UNAM en Oaxaca","src":"https:\/\/i0.wp.com\/soclose.mx\/blog\/wp-content\/uploads\/2025\/04\/ENES-de-la-UNAM-en-Oaxaca.jpg?fit=1200%2C675&ssl=1&resize=350%2C200","width":350,"height":200,"srcset":"https:\/\/i0.wp.com\/soclose.mx\/blog\/wp-content\/uploads\/2025\/04\/ENES-de-la-UNAM-en-Oaxaca.jpg?fit=1200%2C675&ssl=1&resize=350%2C200 1x, https:\/\/i0.wp.com\/soclose.mx\/blog\/wp-content\/uploads\/2025\/04\/ENES-de-la-UNAM-en-Oaxaca.jpg?fit=1200%2C675&ssl=1&resize=525%2C300 1.5x, https:\/\/i0.wp.com\/soclose.mx\/blog\/wp-content\/uploads\/2025\/04\/ENES-de-la-UNAM-en-Oaxaca.jpg?fit=1200%2C675&ssl=1&resize=700%2C400 2x, https:\/\/i0.wp.com\/soclose.mx\/blog\/wp-content\/uploads\/2025\/04\/ENES-de-la-UNAM-en-Oaxaca.jpg?fit=1200%2C675&ssl=1&resize=1050%2C600 3x"},"classes":[]}],"jetpack_sharing_enabled":true,"_links":{"self":[{"href":"https:\/\/soclose.mx\/blog\/wp-json\/wp\/v2\/posts\/6019","targetHints":{"allow":["GET"]}}],"collection":[{"href":"https:\/\/soclose.mx\/blog\/wp-json\/wp\/v2\/posts"}],"about":[{"href":"https:\/\/soclose.mx\/blog\/wp-json\/wp\/v2\/types\/post"}],"author":[{"embeddable":true,"href":"https:\/\/soclose.mx\/blog\/wp-json\/wp\/v2\/users\/1"}],"replies":[{"embeddable":true,"href":"https:\/\/soclose.mx\/blog\/wp-json\/wp\/v2\/comments?post=6019"}],"version-history":[{"count":0,"href":"https:\/\/soclose.mx\/blog\/wp-json\/wp\/v2\/posts\/6019\/revisions"}],"wp:featuredmedia":[{"embeddable":true,"href":"https:\/\/soclose.mx\/blog\/wp-json\/wp\/v2\/media\/6021"}],"wp:attachment":[{"href":"https:\/\/soclose.mx\/blog\/wp-json\/wp\/v2\/media?parent=6019"}],"wp:term":[{"taxonomy":"category","embeddable":true,"href":"https:\/\/soclose.mx\/blog\/wp-json\/wp\/v2\/categories?post=6019"},{"taxonomy":"post_tag","embeddable":true,"href":"https:\/\/soclose.mx\/blog\/wp-json\/wp\/v2\/tags?post=6019"}],"curies":[{"name":"wp","href":"https:\/\/api.w.org\/{rel}","templated":true}]}}