{"id":6062,"date":"2021-05-14T19:03:33","date_gmt":"2021-05-15T00:03:33","guid":{"rendered":"https:\/\/soclose.mx\/blog\/?p=6062"},"modified":"2021-05-14T19:08:24","modified_gmt":"2021-05-15T00:08:24","slug":"5-datos-sobre-manuel-segovia-uno-de-los-ultimos-hablantes-del-ayapaneco","status":"publish","type":"post","link":"https:\/\/soclose.mx\/blog\/ay-goeeee\/5-datos-sobre-manuel-segovia-uno-de-los-ultimos-hablantes-del-ayapaneco\/","title":{"rendered":"5 datos sobre Manuel Segovia, uno de los \u00faltimos hablantes del ayapaneco"},"content":{"rendered":"<p>El <strong>ayapaneco<\/strong> es un idioma\u00a0<a href=\"https:\/\/soclose.mx\/blog\/?s=ind%C3%ADgena\" target=\"_blank\" rel=\"noopener\"><strong>ind\u00edgena<\/strong><\/a> que se cree deriva de una mezcla de las lenguas <strong>mixe y zoque<\/strong> del estado de Veracruz, que hablaban <strong>olmecas y mayas<\/strong> de Tabasco.<\/p>\n<p>El se\u00f1or <strong>Manuel Segovia\u00a0<\/strong>fue uno de los \u00faltimos tres seres humanos que hablaba el <strong>ayapaneco <\/strong>y por ello te dejamos estos datos para recordar a uno de los \u00faltimos eslabones de esta lengua.<\/p>\n<blockquote>\n<ol>\n<li><strong>Manuel Segovia Jim\u00e9nez<\/strong> fund\u00f3 un taller con ni\u00f1os y adolescentes para ense\u00f1ar el <strong><strong>ayapaneco.<\/strong><\/strong>\n<p><figure id=\"attachment_6065\" aria-describedby=\"caption-attachment-6065\" style=\"width: 480px\" class=\"wp-caption alignnone\"><img data-recalc-dims=\"1\" fetchpriority=\"high\" decoding=\"async\" class=\" wp-image-6065\" src=\"https:\/\/i0.wp.com\/soclose.mx\/blog\/wp-content\/uploads\/2021\/05\/Captura-de-pantalla-2021-05-14-a-las-18.45.04.png?resize=480%2C312&#038;ssl=1\" alt=\"\" width=\"480\" height=\"312\" srcset=\"https:\/\/i0.wp.com\/soclose.mx\/blog\/wp-content\/uploads\/2021\/05\/Captura-de-pantalla-2021-05-14-a-las-18.45.04.png?w=768&amp;ssl=1 768w, https:\/\/i0.wp.com\/soclose.mx\/blog\/wp-content\/uploads\/2021\/05\/Captura-de-pantalla-2021-05-14-a-las-18.45.04.png?resize=300%2C195&amp;ssl=1 300w, https:\/\/i0.wp.com\/soclose.mx\/blog\/wp-content\/uploads\/2021\/05\/Captura-de-pantalla-2021-05-14-a-las-18.45.04.png?resize=16%2C10&amp;ssl=1 16w\" sizes=\"(max-width: 480px) 100vw, 480px\" \/><figcaption id=\"caption-attachment-6065\" class=\"wp-caption-text\">Foto: captura de pantalla del atlas: &#8220;Las partes del cuerpo humano<br \/>en AYAPANECO&#8221;<\/figcaption><\/figure><\/li>\n<li>Ling\u00fcistas estadounidenses de la Universidad de Standford grabaron durante dos a\u00f1os a <strong>Manuel Segovia<\/strong> pronunciando frente a un micr\u00f3fono las miles de palabras que conoc\u00eda en <strong>ayapaneco.<\/strong><\/li>\n<li>De acuerdo con entrevista del diario El Pa\u00eds, en la primaria le prohib\u00edan hablar en <strong>ayapaneco.<\/strong><\/li>\n<li>Junto con Isidro Vel\u00e1zquez, su hermano Cirilo y su hijo prepararon un <a href=\"https:\/\/site.inali.gob.mx\/publicaciones\/partes_del_cuerpo_ayapaneco.pdf\" target=\"_blank\" rel=\"noopener\">atlas del cuerpo humano<\/a>, cartas y posters en<strong> ayapaneco.<\/strong><\/li>\n<li><strong>Manuel Segovia <\/strong>falleci\u00f3 el jueves 13 de abril a los <strong>87 a\u00f1os<\/strong> en <strong>Jalpa de M\u00e9ndez<\/strong>, <strong>Tabasco<\/strong>.<\/li>\n<\/ol>\n<\/blockquote>\n<p>&nbsp;<\/p>\n<p>&nbsp;<\/p>\n","protected":false},"excerpt":{"rendered":"<p>El ayapaneco es un idioma\u00a0ind\u00edgena que se cree deriva de una mezcla de las lenguas mixe y zoque del estado de Veracruz, que hablaban olmecas y mayas de Tabasco. El se\u00f1or Manuel Segovia\u00a0fue uno de los \u00faltimos tres seres humanos que hablaba el ayapaneco y por ello te dejamos estos datos para recordar a uno de los \u00faltimos eslabones de esta lengua. Manuel Segovia Jim\u00e9nez fund\u00f3 un taller con ni\u00f1os y adolescentes para ense\u00f1ar el ayapaneco. Ling\u00fcistas estadounidenses de la Universidad de Standford grabaron durante dos a\u00f1os a Manuel Segovia pronunciando frente a un micr\u00f3fono las miles de palabras que<\/p>\n","protected":false},"author":1,"featured_media":6068,"comment_status":"open","ping_status":"open","sticky":false,"template":"","format":"standard","meta":{"_jetpack_memberships_contains_paid_content":false,"footnotes":""},"categories":[1],"tags":[877,882,878,775,879,881,636,880],"class_list":["post-6062","post","type-post","status-publish","format-standard","has-post-thumbnail","hentry","category-ay-goeeee","tag-ayapaneco","tag-jalpa-de-mendez","tag-manuel-segovia","tag-mayas","tag-mixe","tag-olmecas","tag-tabasco","tag-zoque"],"yoast_head":"<!-- This site is optimized with the Yoast SEO plugin v26.7 - https:\/\/yoast.com\/wordpress\/plugins\/seo\/ -->\n<title>5 datos sobre Manuel Segovia, uno de los \u00faltimos hablantes del ayapaneco - So Close<\/title>\n<meta name=\"description\" content=\"Manuel Segovia falleci\u00f3 el jueves 13 de abril a los 87 a\u00f1os en Jalpa de M\u00e9ndez, Tabasco. Junto con Isidro Vel\u00e1zquez prepararon un atlas.\" \/>\n<meta name=\"robots\" content=\"index, follow, max-snippet:-1, max-image-preview:large, max-video-preview:-1\" \/>\n<link rel=\"canonical\" href=\"https:\/\/soclose.mx\/blog\/ay-goeeee\/5-datos-sobre-manuel-segovia-uno-de-los-ultimos-hablantes-del-ayapaneco\/\" \/>\n<meta property=\"og:locale\" content=\"es_MX\" \/>\n<meta property=\"og:type\" content=\"article\" \/>\n<meta property=\"og:title\" content=\"5 datos sobre Manuel Segovia, uno de los \u00faltimos hablantes del ayapaneco - So Close\" \/>\n<meta property=\"og:description\" content=\"Manuel Segovia falleci\u00f3 el jueves 13 de abril a los 87 a\u00f1os en Jalpa de M\u00e9ndez, Tabasco. Junto con Isidro Vel\u00e1zquez prepararon un atlas.\" \/>\n<meta property=\"og:url\" content=\"https:\/\/soclose.mx\/blog\/ay-goeeee\/5-datos-sobre-manuel-segovia-uno-de-los-ultimos-hablantes-del-ayapaneco\/\" \/>\n<meta property=\"og:site_name\" content=\"So Close\" \/>\n<meta property=\"article:published_time\" content=\"2021-05-15T00:03:33+00:00\" \/>\n<meta property=\"article:modified_time\" content=\"2021-05-15T00:08:24+00:00\" \/>\n<meta property=\"og:image\" content=\"https:\/\/soclose.mx\/blog\/wp-content\/uploads\/2021\/05\/manuel-segovia-jimenez.jpeg\" \/>\n\t<meta property=\"og:image:width\" content=\"1240\" \/>\n\t<meta property=\"og:image:height\" content=\"700\" \/>\n\t<meta property=\"og:image:type\" content=\"image\/jpeg\" \/>\n<meta name=\"author\" content=\"So Close\" \/>\n<meta name=\"twitter:card\" content=\"summary_large_image\" \/>\n<meta name=\"twitter:label1\" content=\"Escrito por\" \/>\n\t<meta name=\"twitter:data1\" content=\"So Close\" \/>\n\t<meta name=\"twitter:label2\" content=\"Tiempo de lectura\" \/>\n\t<meta name=\"twitter:data2\" content=\"1 minuto\" \/>\n<script type=\"application\/ld+json\" class=\"yoast-schema-graph\">{\"@context\":\"https:\/\/schema.org\",\"@graph\":[{\"@type\":\"Article\",\"@id\":\"https:\/\/soclose.mx\/blog\/ay-goeeee\/5-datos-sobre-manuel-segovia-uno-de-los-ultimos-hablantes-del-ayapaneco\/#article\",\"isPartOf\":{\"@id\":\"https:\/\/soclose.mx\/blog\/ay-goeeee\/5-datos-sobre-manuel-segovia-uno-de-los-ultimos-hablantes-del-ayapaneco\/\"},\"author\":{\"name\":\"So Close\",\"@id\":\"https:\/\/soclose.mx\/blog\/#\/schema\/person\/723eb117ab965b55c3e56b5d29751667\"},\"headline\":\"5 datos sobre Manuel Segovia, uno de los \u00faltimos hablantes del ayapaneco\",\"datePublished\":\"2021-05-15T00:03:33+00:00\",\"dateModified\":\"2021-05-15T00:08:24+00:00\",\"mainEntityOfPage\":{\"@id\":\"https:\/\/soclose.mx\/blog\/ay-goeeee\/5-datos-sobre-manuel-segovia-uno-de-los-ultimos-hablantes-del-ayapaneco\/\"},\"wordCount\":203,\"commentCount\":0,\"publisher\":{\"@id\":\"https:\/\/soclose.mx\/blog\/#organization\"},\"image\":{\"@id\":\"https:\/\/soclose.mx\/blog\/ay-goeeee\/5-datos-sobre-manuel-segovia-uno-de-los-ultimos-hablantes-del-ayapaneco\/#primaryimage\"},\"thumbnailUrl\":\"https:\/\/i0.wp.com\/soclose.mx\/blog\/wp-content\/uploads\/2021\/05\/manuel-segovia-jimenez.jpeg?fit=1240%2C700&ssl=1\",\"keywords\":[\"ayapaneco\",\"jalpa de m\u00e9ndez\",\"manuel segovia\",\"mayas\",\"mixe\",\"olmecas\",\"tabasco\",\"zoque\"],\"articleSection\":[\"\u00a1Ay goeeee!\"],\"inLanguage\":\"es\",\"potentialAction\":[{\"@type\":\"CommentAction\",\"name\":\"Comment\",\"target\":[\"https:\/\/soclose.mx\/blog\/ay-goeeee\/5-datos-sobre-manuel-segovia-uno-de-los-ultimos-hablantes-del-ayapaneco\/#respond\"]}]},{\"@type\":\"WebPage\",\"@id\":\"https:\/\/soclose.mx\/blog\/ay-goeeee\/5-datos-sobre-manuel-segovia-uno-de-los-ultimos-hablantes-del-ayapaneco\/\",\"url\":\"https:\/\/soclose.mx\/blog\/ay-goeeee\/5-datos-sobre-manuel-segovia-uno-de-los-ultimos-hablantes-del-ayapaneco\/\",\"name\":\"5 datos sobre Manuel Segovia, uno de los \u00faltimos hablantes del ayapaneco - So Close\",\"isPartOf\":{\"@id\":\"https:\/\/soclose.mx\/blog\/#website\"},\"primaryImageOfPage\":{\"@id\":\"https:\/\/soclose.mx\/blog\/ay-goeeee\/5-datos-sobre-manuel-segovia-uno-de-los-ultimos-hablantes-del-ayapaneco\/#primaryimage\"},\"image\":{\"@id\":\"https:\/\/soclose.mx\/blog\/ay-goeeee\/5-datos-sobre-manuel-segovia-uno-de-los-ultimos-hablantes-del-ayapaneco\/#primaryimage\"},\"thumbnailUrl\":\"https:\/\/i0.wp.com\/soclose.mx\/blog\/wp-content\/uploads\/2021\/05\/manuel-segovia-jimenez.jpeg?fit=1240%2C700&ssl=1\",\"datePublished\":\"2021-05-15T00:03:33+00:00\",\"dateModified\":\"2021-05-15T00:08:24+00:00\",\"description\":\"Manuel Segovia falleci\u00f3 el jueves 13 de abril a los 87 a\u00f1os en Jalpa de M\u00e9ndez, Tabasco. Junto con Isidro Vel\u00e1zquez prepararon un atlas.\",\"breadcrumb\":{\"@id\":\"https:\/\/soclose.mx\/blog\/ay-goeeee\/5-datos-sobre-manuel-segovia-uno-de-los-ultimos-hablantes-del-ayapaneco\/#breadcrumb\"},\"inLanguage\":\"es\",\"potentialAction\":[{\"@type\":\"ReadAction\",\"target\":[\"https:\/\/soclose.mx\/blog\/ay-goeeee\/5-datos-sobre-manuel-segovia-uno-de-los-ultimos-hablantes-del-ayapaneco\/\"]}]},{\"@type\":\"ImageObject\",\"inLanguage\":\"es\",\"@id\":\"https:\/\/soclose.mx\/blog\/ay-goeeee\/5-datos-sobre-manuel-segovia-uno-de-los-ultimos-hablantes-del-ayapaneco\/#primaryimage\",\"url\":\"https:\/\/i0.wp.com\/soclose.mx\/blog\/wp-content\/uploads\/2021\/05\/manuel-segovia-jimenez.jpeg?fit=1240%2C700&ssl=1\",\"contentUrl\":\"https:\/\/i0.wp.com\/soclose.mx\/blog\/wp-content\/uploads\/2021\/05\/manuel-segovia-jimenez.jpeg?fit=1240%2C700&ssl=1\",\"width\":1240,\"height\":700},{\"@type\":\"BreadcrumbList\",\"@id\":\"https:\/\/soclose.mx\/blog\/ay-goeeee\/5-datos-sobre-manuel-segovia-uno-de-los-ultimos-hablantes-del-ayapaneco\/#breadcrumb\",\"itemListElement\":[{\"@type\":\"ListItem\",\"position\":1,\"name\":\"Inicio\",\"item\":\"https:\/\/soclose.mx\/blog\/\"},{\"@type\":\"ListItem\",\"position\":2,\"name\":\"5 datos sobre Manuel Segovia, uno de los \u00faltimos hablantes del ayapaneco\"}]},{\"@type\":\"WebSite\",\"@id\":\"https:\/\/soclose.mx\/blog\/#website\",\"url\":\"https:\/\/soclose.mx\/blog\/\",\"name\":\"So Close\",\"description\":\"Hacemos contenidos de M\u00e9xico\",\"publisher\":{\"@id\":\"https:\/\/soclose.mx\/blog\/#organization\"},\"potentialAction\":[{\"@type\":\"SearchAction\",\"target\":{\"@type\":\"EntryPoint\",\"urlTemplate\":\"https:\/\/soclose.mx\/blog\/?s={search_term_string}\"},\"query-input\":{\"@type\":\"PropertyValueSpecification\",\"valueRequired\":true,\"valueName\":\"search_term_string\"}}],\"inLanguage\":\"es\"},{\"@type\":\"Organization\",\"@id\":\"https:\/\/soclose.mx\/blog\/#organization\",\"name\":\"So Close\",\"url\":\"https:\/\/soclose.mx\/blog\/\",\"logo\":{\"@type\":\"ImageObject\",\"inLanguage\":\"es\",\"@id\":\"https:\/\/soclose.mx\/blog\/#\/schema\/logo\/image\/\",\"url\":\"https:\/\/i0.wp.com\/soclose.mx\/blog\/wp-content\/uploads\/2020\/12\/LOGO_SOCLOSE_COLOR-e1608310133507.png?fit=2858%2C1264&ssl=1\",\"contentUrl\":\"https:\/\/i0.wp.com\/soclose.mx\/blog\/wp-content\/uploads\/2020\/12\/LOGO_SOCLOSE_COLOR-e1608310133507.png?fit=2858%2C1264&ssl=1\",\"width\":2858,\"height\":1264,\"caption\":\"So Close\"},\"image\":{\"@id\":\"https:\/\/soclose.mx\/blog\/#\/schema\/logo\/image\/\"}},{\"@type\":\"Person\",\"@id\":\"https:\/\/soclose.mx\/blog\/#\/schema\/person\/723eb117ab965b55c3e56b5d29751667\",\"name\":\"So Close\",\"image\":{\"@type\":\"ImageObject\",\"inLanguage\":\"es\",\"@id\":\"https:\/\/soclose.mx\/blog\/#\/schema\/person\/image\/\",\"url\":\"https:\/\/secure.gravatar.com\/avatar\/5a1d1d694eaf6d2c28f450f0984cbb34821b92dc49c1d088c0250fbc6a48efec?s=96&d=mm&r=g\",\"contentUrl\":\"https:\/\/secure.gravatar.com\/avatar\/5a1d1d694eaf6d2c28f450f0984cbb34821b92dc49c1d088c0250fbc6a48efec?s=96&d=mm&r=g\",\"caption\":\"So Close\"},\"sameAs\":[\"http:\/\/www.soclose.mx\",\"https:\/\/www.youtube.com\/@soclosemx\"],\"url\":\"https:\/\/soclose.mx\/blog\/author\/admin\/\"}]}<\/script>\n<!-- \/ Yoast SEO plugin. -->","yoast_head_json":{"title":"5 datos sobre Manuel Segovia, uno de los \u00faltimos hablantes del ayapaneco - So Close","description":"Manuel Segovia falleci\u00f3 el jueves 13 de abril a los 87 a\u00f1os en Jalpa de M\u00e9ndez, Tabasco. Junto con Isidro Vel\u00e1zquez prepararon un atlas.","robots":{"index":"index","follow":"follow","max-snippet":"max-snippet:-1","max-image-preview":"max-image-preview:large","max-video-preview":"max-video-preview:-1"},"canonical":"https:\/\/soclose.mx\/blog\/ay-goeeee\/5-datos-sobre-manuel-segovia-uno-de-los-ultimos-hablantes-del-ayapaneco\/","og_locale":"es_MX","og_type":"article","og_title":"5 datos sobre Manuel Segovia, uno de los \u00faltimos hablantes del ayapaneco - So Close","og_description":"Manuel Segovia falleci\u00f3 el jueves 13 de abril a los 87 a\u00f1os en Jalpa de M\u00e9ndez, Tabasco. Junto con Isidro Vel\u00e1zquez prepararon un atlas.","og_url":"https:\/\/soclose.mx\/blog\/ay-goeeee\/5-datos-sobre-manuel-segovia-uno-de-los-ultimos-hablantes-del-ayapaneco\/","og_site_name":"So Close","article_published_time":"2021-05-15T00:03:33+00:00","article_modified_time":"2021-05-15T00:08:24+00:00","og_image":[{"width":1240,"height":700,"url":"https:\/\/soclose.mx\/blog\/wp-content\/uploads\/2021\/05\/manuel-segovia-jimenez.jpeg","type":"image\/jpeg"}],"author":"So Close","twitter_card":"summary_large_image","twitter_misc":{"Escrito por":"So Close","Tiempo de lectura":"1 minuto"},"schema":{"@context":"https:\/\/schema.org","@graph":[{"@type":"Article","@id":"https:\/\/soclose.mx\/blog\/ay-goeeee\/5-datos-sobre-manuel-segovia-uno-de-los-ultimos-hablantes-del-ayapaneco\/#article","isPartOf":{"@id":"https:\/\/soclose.mx\/blog\/ay-goeeee\/5-datos-sobre-manuel-segovia-uno-de-los-ultimos-hablantes-del-ayapaneco\/"},"author":{"name":"So Close","@id":"https:\/\/soclose.mx\/blog\/#\/schema\/person\/723eb117ab965b55c3e56b5d29751667"},"headline":"5 datos sobre Manuel Segovia, uno de los \u00faltimos hablantes del ayapaneco","datePublished":"2021-05-15T00:03:33+00:00","dateModified":"2021-05-15T00:08:24+00:00","mainEntityOfPage":{"@id":"https:\/\/soclose.mx\/blog\/ay-goeeee\/5-datos-sobre-manuel-segovia-uno-de-los-ultimos-hablantes-del-ayapaneco\/"},"wordCount":203,"commentCount":0,"publisher":{"@id":"https:\/\/soclose.mx\/blog\/#organization"},"image":{"@id":"https:\/\/soclose.mx\/blog\/ay-goeeee\/5-datos-sobre-manuel-segovia-uno-de-los-ultimos-hablantes-del-ayapaneco\/#primaryimage"},"thumbnailUrl":"https:\/\/i0.wp.com\/soclose.mx\/blog\/wp-content\/uploads\/2021\/05\/manuel-segovia-jimenez.jpeg?fit=1240%2C700&ssl=1","keywords":["ayapaneco","jalpa de m\u00e9ndez","manuel segovia","mayas","mixe","olmecas","tabasco","zoque"],"articleSection":["\u00a1Ay goeeee!"],"inLanguage":"es","potentialAction":[{"@type":"CommentAction","name":"Comment","target":["https:\/\/soclose.mx\/blog\/ay-goeeee\/5-datos-sobre-manuel-segovia-uno-de-los-ultimos-hablantes-del-ayapaneco\/#respond"]}]},{"@type":"WebPage","@id":"https:\/\/soclose.mx\/blog\/ay-goeeee\/5-datos-sobre-manuel-segovia-uno-de-los-ultimos-hablantes-del-ayapaneco\/","url":"https:\/\/soclose.mx\/blog\/ay-goeeee\/5-datos-sobre-manuel-segovia-uno-de-los-ultimos-hablantes-del-ayapaneco\/","name":"5 datos sobre Manuel Segovia, uno de los \u00faltimos hablantes del ayapaneco - So Close","isPartOf":{"@id":"https:\/\/soclose.mx\/blog\/#website"},"primaryImageOfPage":{"@id":"https:\/\/soclose.mx\/blog\/ay-goeeee\/5-datos-sobre-manuel-segovia-uno-de-los-ultimos-hablantes-del-ayapaneco\/#primaryimage"},"image":{"@id":"https:\/\/soclose.mx\/blog\/ay-goeeee\/5-datos-sobre-manuel-segovia-uno-de-los-ultimos-hablantes-del-ayapaneco\/#primaryimage"},"thumbnailUrl":"https:\/\/i0.wp.com\/soclose.mx\/blog\/wp-content\/uploads\/2021\/05\/manuel-segovia-jimenez.jpeg?fit=1240%2C700&ssl=1","datePublished":"2021-05-15T00:03:33+00:00","dateModified":"2021-05-15T00:08:24+00:00","description":"Manuel Segovia falleci\u00f3 el jueves 13 de abril a los 87 a\u00f1os en Jalpa de M\u00e9ndez, Tabasco. Junto con Isidro Vel\u00e1zquez prepararon un atlas.","breadcrumb":{"@id":"https:\/\/soclose.mx\/blog\/ay-goeeee\/5-datos-sobre-manuel-segovia-uno-de-los-ultimos-hablantes-del-ayapaneco\/#breadcrumb"},"inLanguage":"es","potentialAction":[{"@type":"ReadAction","target":["https:\/\/soclose.mx\/blog\/ay-goeeee\/5-datos-sobre-manuel-segovia-uno-de-los-ultimos-hablantes-del-ayapaneco\/"]}]},{"@type":"ImageObject","inLanguage":"es","@id":"https:\/\/soclose.mx\/blog\/ay-goeeee\/5-datos-sobre-manuel-segovia-uno-de-los-ultimos-hablantes-del-ayapaneco\/#primaryimage","url":"https:\/\/i0.wp.com\/soclose.mx\/blog\/wp-content\/uploads\/2021\/05\/manuel-segovia-jimenez.jpeg?fit=1240%2C700&ssl=1","contentUrl":"https:\/\/i0.wp.com\/soclose.mx\/blog\/wp-content\/uploads\/2021\/05\/manuel-segovia-jimenez.jpeg?fit=1240%2C700&ssl=1","width":1240,"height":700},{"@type":"BreadcrumbList","@id":"https:\/\/soclose.mx\/blog\/ay-goeeee\/5-datos-sobre-manuel-segovia-uno-de-los-ultimos-hablantes-del-ayapaneco\/#breadcrumb","itemListElement":[{"@type":"ListItem","position":1,"name":"Inicio","item":"https:\/\/soclose.mx\/blog\/"},{"@type":"ListItem","position":2,"name":"5 datos sobre Manuel Segovia, uno de los \u00faltimos hablantes del ayapaneco"}]},{"@type":"WebSite","@id":"https:\/\/soclose.mx\/blog\/#website","url":"https:\/\/soclose.mx\/blog\/","name":"So Close","description":"Hacemos contenidos de M\u00e9xico","publisher":{"@id":"https:\/\/soclose.mx\/blog\/#organization"},"potentialAction":[{"@type":"SearchAction","target":{"@type":"EntryPoint","urlTemplate":"https:\/\/soclose.mx\/blog\/?s={search_term_string}"},"query-input":{"@type":"PropertyValueSpecification","valueRequired":true,"valueName":"search_term_string"}}],"inLanguage":"es"},{"@type":"Organization","@id":"https:\/\/soclose.mx\/blog\/#organization","name":"So Close","url":"https:\/\/soclose.mx\/blog\/","logo":{"@type":"ImageObject","inLanguage":"es","@id":"https:\/\/soclose.mx\/blog\/#\/schema\/logo\/image\/","url":"https:\/\/i0.wp.com\/soclose.mx\/blog\/wp-content\/uploads\/2020\/12\/LOGO_SOCLOSE_COLOR-e1608310133507.png?fit=2858%2C1264&ssl=1","contentUrl":"https:\/\/i0.wp.com\/soclose.mx\/blog\/wp-content\/uploads\/2020\/12\/LOGO_SOCLOSE_COLOR-e1608310133507.png?fit=2858%2C1264&ssl=1","width":2858,"height":1264,"caption":"So Close"},"image":{"@id":"https:\/\/soclose.mx\/blog\/#\/schema\/logo\/image\/"}},{"@type":"Person","@id":"https:\/\/soclose.mx\/blog\/#\/schema\/person\/723eb117ab965b55c3e56b5d29751667","name":"So Close","image":{"@type":"ImageObject","inLanguage":"es","@id":"https:\/\/soclose.mx\/blog\/#\/schema\/person\/image\/","url":"https:\/\/secure.gravatar.com\/avatar\/5a1d1d694eaf6d2c28f450f0984cbb34821b92dc49c1d088c0250fbc6a48efec?s=96&d=mm&r=g","contentUrl":"https:\/\/secure.gravatar.com\/avatar\/5a1d1d694eaf6d2c28f450f0984cbb34821b92dc49c1d088c0250fbc6a48efec?s=96&d=mm&r=g","caption":"So Close"},"sameAs":["http:\/\/www.soclose.mx","https:\/\/www.youtube.com\/@soclosemx"],"url":"https:\/\/soclose.mx\/blog\/author\/admin\/"}]}},"jetpack_featured_media_url":"https:\/\/i0.wp.com\/soclose.mx\/blog\/wp-content\/uploads\/2021\/05\/manuel-segovia-jimenez.jpeg?fit=1240%2C700&ssl=1","jetpack-related-posts":[{"id":12214,"url":"https:\/\/soclose.mx\/blog\/a-la-mexicana\/puerta-inframundo-quien-la-robo-donde-esta\/","url_meta":{"origin":6062,"position":0},"title":"&#8220;La puerta del inframundo\u201d: \u00bfQui\u00e9n se la rob\u00f3 de M\u00e9xico y d\u00f3nde est\u00e1 hoy?","author":"Emmanuel Oviedo","date":"17 octubre, 2023","format":false,"excerpt":"Adem\u00e1s de las guerras del pasado por la defensa de nuestro pa\u00eds, tambi\u00e9n hay otros esfuerzos para mantener la riqueza de nuestra cultura dentro de M\u00e9xico,\u00a0 no s\u00f3lo en museos, si no en las comunidades. Por ello te hablaremos de\u00a0\"La puerta del inframundo\". Uno de estos esfuerzos por preservar nuestro\u2026","rel":"","context":"En &quot;A la mexicana&quot;","block_context":{"text":"A la mexicana","link":"https:\/\/soclose.mx\/blog\/category\/a-la-mexicana\/"},"img":{"alt_text":"La Puerta del inframundo robo M\u00e9xico tesoro","src":"https:\/\/i0.wp.com\/soclose.mx\/blog\/wp-content\/uploads\/2023\/07\/La-puerta-del-inframundo-robo-Mexico-tesoro.jpg?fit=1200%2C751&ssl=1&resize=350%2C200","width":350,"height":200,"srcset":"https:\/\/i0.wp.com\/soclose.mx\/blog\/wp-content\/uploads\/2023\/07\/La-puerta-del-inframundo-robo-Mexico-tesoro.jpg?fit=1200%2C751&ssl=1&resize=350%2C200 1x, https:\/\/i0.wp.com\/soclose.mx\/blog\/wp-content\/uploads\/2023\/07\/La-puerta-del-inframundo-robo-Mexico-tesoro.jpg?fit=1200%2C751&ssl=1&resize=525%2C300 1.5x, https:\/\/i0.wp.com\/soclose.mx\/blog\/wp-content\/uploads\/2023\/07\/La-puerta-del-inframundo-robo-Mexico-tesoro.jpg?fit=1200%2C751&ssl=1&resize=700%2C400 2x, https:\/\/i0.wp.com\/soclose.mx\/blog\/wp-content\/uploads\/2023\/07\/La-puerta-del-inframundo-robo-Mexico-tesoro.jpg?fit=1200%2C751&ssl=1&resize=1050%2C600 3x"},"classes":[]},{"id":14141,"url":"https:\/\/soclose.mx\/blog\/ay-goeeee\/datos-curiosos-de-amlo-andres-manuel-lopez-obrador-que-debes-conocer\/","url_meta":{"origin":6062,"position":1},"title":"Datos curiosos de AMLO, Andr\u00e9s Manuel L\u00f3pez Obrador, que Debes Conocer","author":"So Close","date":"27 septiembre, 2024","format":false,"excerpt":"Andr\u00e9s Manuel L\u00f3pez Obrador, expresidente de M\u00e9xico, es una figura pol\u00edtica fascinante con una vida llena de datos interesantes. En este art\u00edculo, te presentamos\u00a0 datos curiosos de AMLO que tal vez no conoc\u00edas: Datos curiosos de AMLO, Andr\u00e9s Manuel L\u00f3pez Obrador 1. Naci\u00f3 en Macuspana, Tabasco en 1953 y es\u2026","rel":"","context":"En &quot;\u00a1Ay goeeee!&quot;","block_context":{"text":"\u00a1Ay goeeee!","link":"https:\/\/soclose.mx\/blog\/category\/ay-goeeee\/"},"img":{"alt_text":"amlo-andres-manuel-lopez-obrador","src":"https:\/\/i0.wp.com\/soclose.mx\/blog\/wp-content\/uploads\/2024\/09\/amlo-andres-manuel-lopez-obrador.jpg?fit=1200%2C675&ssl=1&resize=350%2C200","width":350,"height":200,"srcset":"https:\/\/i0.wp.com\/soclose.mx\/blog\/wp-content\/uploads\/2024\/09\/amlo-andres-manuel-lopez-obrador.jpg?fit=1200%2C675&ssl=1&resize=350%2C200 1x, https:\/\/i0.wp.com\/soclose.mx\/blog\/wp-content\/uploads\/2024\/09\/amlo-andres-manuel-lopez-obrador.jpg?fit=1200%2C675&ssl=1&resize=525%2C300 1.5x, https:\/\/i0.wp.com\/soclose.mx\/blog\/wp-content\/uploads\/2024\/09\/amlo-andres-manuel-lopez-obrador.jpg?fit=1200%2C675&ssl=1&resize=700%2C400 2x, https:\/\/i0.wp.com\/soclose.mx\/blog\/wp-content\/uploads\/2024\/09\/amlo-andres-manuel-lopez-obrador.jpg?fit=1200%2C675&ssl=1&resize=1050%2C600 3x"},"classes":[]},{"id":14731,"url":"https:\/\/soclose.mx\/blog\/ay-goeeee\/la-pesca-de-la-sardina-ciega-y-el-curioso-efecto-narcotico-del-barbasco\/","url_meta":{"origin":6062,"position":2},"title":"La Pesca de la Sardina Ciega y el curioso efecto narc\u00f3tico del barbasco","author":"So Close","date":"6 marzo, 2025","format":false,"excerpt":"La Pesca de la Sardina Ciega es una de las tradiciones m\u00e1s antiguas y fascinantes de M\u00e9xico, realizada en el estado de Tabasco, espec\u00edficamente en la comunidad de Tapijulapa, cerca de Villa Luz. Esta ceremonia ancestral forma parte del culto a las deidades de la naturaleza, como la lluvia, el\u2026","rel":"","context":"En &quot;\u00a1Ay goeeee!&quot;","block_context":{"text":"\u00a1Ay goeeee!","link":"https:\/\/soclose.mx\/blog\/category\/ay-goeeee\/"},"img":{"alt_text":"Sardinas","src":"https:\/\/i0.wp.com\/soclose.mx\/blog\/wp-content\/uploads\/2025\/03\/SArdina.jpg?fit=1200%2C675&ssl=1&resize=350%2C200","width":350,"height":200,"srcset":"https:\/\/i0.wp.com\/soclose.mx\/blog\/wp-content\/uploads\/2025\/03\/SArdina.jpg?fit=1200%2C675&ssl=1&resize=350%2C200 1x, https:\/\/i0.wp.com\/soclose.mx\/blog\/wp-content\/uploads\/2025\/03\/SArdina.jpg?fit=1200%2C675&ssl=1&resize=525%2C300 1.5x, https:\/\/i0.wp.com\/soclose.mx\/blog\/wp-content\/uploads\/2025\/03\/SArdina.jpg?fit=1200%2C675&ssl=1&resize=700%2C400 2x, https:\/\/i0.wp.com\/soclose.mx\/blog\/wp-content\/uploads\/2025\/03\/SArdina.jpg?fit=1200%2C675&ssl=1&resize=1050%2C600 3x"},"classes":[]},{"id":6234,"url":"https:\/\/soclose.mx\/blog\/news-feed\/ciudadanos-alemanes-devuelven-piezas-arqueologicas-a-mexico\/","url_meta":{"origin":6062,"position":3},"title":"Ciudadanos alemanes devuelven piezas arqueol\u00f3gicas a M\u00e9xico","author":"So Close","date":"16 junio, 2021","format":false,"excerpt":"A trav\u00e9s de la Embajada de M\u00e9xico en Alemania, ciudadanos de aquel pa\u00eds devolvieron 34 piezas arqueol\u00f3gicas procedentes de las regiones que ocuparon las antiguas culturas de la Costa del Golfo de M\u00e9xico, el Altiplano Central, el occidente (Colima y sur de Nayarit) y el \u00e1rea maya.\u00a0 Entre las piezas\u2026","rel":"","context":"En &quot;News feed&quot;","block_context":{"text":"News feed","link":"https:\/\/soclose.mx\/blog\/category\/news-feed\/"},"img":{"alt_text":"","src":"https:\/\/i0.wp.com\/soclose.mx\/blog\/wp-content\/uploads\/2021\/06\/piezas-arqueologicas.jpeg?fit=1200%2C677&ssl=1&resize=350%2C200","width":350,"height":200,"srcset":"https:\/\/i0.wp.com\/soclose.mx\/blog\/wp-content\/uploads\/2021\/06\/piezas-arqueologicas.jpeg?fit=1200%2C677&ssl=1&resize=350%2C200 1x, https:\/\/i0.wp.com\/soclose.mx\/blog\/wp-content\/uploads\/2021\/06\/piezas-arqueologicas.jpeg?fit=1200%2C677&ssl=1&resize=525%2C300 1.5x, https:\/\/i0.wp.com\/soclose.mx\/blog\/wp-content\/uploads\/2021\/06\/piezas-arqueologicas.jpeg?fit=1200%2C677&ssl=1&resize=700%2C400 2x, https:\/\/i0.wp.com\/soclose.mx\/blog\/wp-content\/uploads\/2021\/06\/piezas-arqueologicas.jpeg?fit=1200%2C677&ssl=1&resize=1050%2C600 3x"},"classes":[]},{"id":6205,"url":"https:\/\/soclose.mx\/blog\/news-feed\/19-estaciones-y-mas-de-100-atractivos-trae-para-ti-el-tren-maya\/","url_meta":{"origin":6062,"position":4},"title":"19 estaciones y m\u00e1s de 100 atractivos trae para ti el Tren Maya","author":"So Close","date":"11 junio, 2021","format":false,"excerpt":"El secretario de Turismo del Gobierno de M\u00e9xico, Miguel Torruco Marqu\u00e9s, entreg\u00f3 al presidente de M\u00e9xico, Andr\u00e9s Manuel L\u00f3pez Obrador, una propuesta con 62 opciones de paquetes y recorridos a trav\u00e9s de las 19 estaciones que conformar\u00e1n el Tren Maya. Indic\u00f3 que estos recorridos, que se ofertar\u00e1n tan pronto se\u2026","rel":"","context":"En &quot;News feed&quot;","block_context":{"text":"News feed","link":"https:\/\/soclose.mx\/blog\/category\/news-feed\/"},"img":{"alt_text":"","src":"https:\/\/i0.wp.com\/soclose.mx\/blog\/wp-content\/uploads\/2021\/06\/tren-maya-estacion-palenque.jpeg?fit=1200%2C677&ssl=1&resize=350%2C200","width":350,"height":200,"srcset":"https:\/\/i0.wp.com\/soclose.mx\/blog\/wp-content\/uploads\/2021\/06\/tren-maya-estacion-palenque.jpeg?fit=1200%2C677&ssl=1&resize=350%2C200 1x, https:\/\/i0.wp.com\/soclose.mx\/blog\/wp-content\/uploads\/2021\/06\/tren-maya-estacion-palenque.jpeg?fit=1200%2C677&ssl=1&resize=525%2C300 1.5x, https:\/\/i0.wp.com\/soclose.mx\/blog\/wp-content\/uploads\/2021\/06\/tren-maya-estacion-palenque.jpeg?fit=1200%2C677&ssl=1&resize=700%2C400 2x, https:\/\/i0.wp.com\/soclose.mx\/blog\/wp-content\/uploads\/2021\/06\/tren-maya-estacion-palenque.jpeg?fit=1200%2C677&ssl=1&resize=1050%2C600 3x"},"classes":[]},{"id":10206,"url":"https:\/\/soclose.mx\/blog\/a-la-mexicana\/aprende-mas-de-15-mil-palabras-en-lenguas-indigenas-con-esta-app\/","url_meta":{"origin":6062,"position":5},"title":"Aprende m\u00e1s de 15 mil palabras en lenguas ind\u00edgenas con esta app","author":"Daniel Ram\u00edrez","date":"11 junio, 2022","format":false,"excerpt":"\u00bfTe imaginas una app con la que puedes aprender entre 15 mil y 20 mil palabras usadas en nuestras lenguas originarias? Miyotl es la aplicaci\u00f3n con m\u00e1s de 60 lenguas madre mexicanas, con la que podr\u00e1s conocer un poco m\u00e1s de nuestra cultura. Fue desarrollada por estudiantes y profesores de\u2026","rel":"","context":"En &quot;A la mexicana&quot;","block_context":{"text":"A la mexicana","link":"https:\/\/soclose.mx\/blog\/category\/a-la-mexicana\/"},"img":{"alt_text":"","src":"https:\/\/i0.wp.com\/soclose.mx\/blog\/wp-content\/uploads\/2022\/06\/WhatsApp-Image-2022-06-11-at-1.59.43-PM-1.jpeg?fit=907%2C531&ssl=1&resize=350%2C200","width":350,"height":200,"srcset":"https:\/\/i0.wp.com\/soclose.mx\/blog\/wp-content\/uploads\/2022\/06\/WhatsApp-Image-2022-06-11-at-1.59.43-PM-1.jpeg?fit=907%2C531&ssl=1&resize=350%2C200 1x, https:\/\/i0.wp.com\/soclose.mx\/blog\/wp-content\/uploads\/2022\/06\/WhatsApp-Image-2022-06-11-at-1.59.43-PM-1.jpeg?fit=907%2C531&ssl=1&resize=525%2C300 1.5x, https:\/\/i0.wp.com\/soclose.mx\/blog\/wp-content\/uploads\/2022\/06\/WhatsApp-Image-2022-06-11-at-1.59.43-PM-1.jpeg?fit=907%2C531&ssl=1&resize=700%2C400 2x"},"classes":[]}],"jetpack_sharing_enabled":true,"_links":{"self":[{"href":"https:\/\/soclose.mx\/blog\/wp-json\/wp\/v2\/posts\/6062","targetHints":{"allow":["GET"]}}],"collection":[{"href":"https:\/\/soclose.mx\/blog\/wp-json\/wp\/v2\/posts"}],"about":[{"href":"https:\/\/soclose.mx\/blog\/wp-json\/wp\/v2\/types\/post"}],"author":[{"embeddable":true,"href":"https:\/\/soclose.mx\/blog\/wp-json\/wp\/v2\/users\/1"}],"replies":[{"embeddable":true,"href":"https:\/\/soclose.mx\/blog\/wp-json\/wp\/v2\/comments?post=6062"}],"version-history":[{"count":0,"href":"https:\/\/soclose.mx\/blog\/wp-json\/wp\/v2\/posts\/6062\/revisions"}],"wp:featuredmedia":[{"embeddable":true,"href":"https:\/\/soclose.mx\/blog\/wp-json\/wp\/v2\/media\/6068"}],"wp:attachment":[{"href":"https:\/\/soclose.mx\/blog\/wp-json\/wp\/v2\/media?parent=6062"}],"wp:term":[{"taxonomy":"category","embeddable":true,"href":"https:\/\/soclose.mx\/blog\/wp-json\/wp\/v2\/categories?post=6062"},{"taxonomy":"post_tag","embeddable":true,"href":"https:\/\/soclose.mx\/blog\/wp-json\/wp\/v2\/tags?post=6062"}],"curies":[{"name":"wp","href":"https:\/\/api.w.org\/{rel}","templated":true}]}}