{"id":6096,"date":"2021-07-23T10:06:52","date_gmt":"2021-07-23T15:06:52","guid":{"rendered":"https:\/\/soclose.mx\/blog\/?p=6096"},"modified":"2021-07-23T19:26:05","modified_gmt":"2021-07-24T00:26:05","slug":"video-asi-vistieron-los-atletas-olimpicos-mexicanos-en-tokyo-2020","status":"publish","type":"post","link":"https:\/\/soclose.mx\/blog\/news-feed\/video-asi-vistieron-los-atletas-olimpicos-mexicanos-en-tokyo-2020\/","title":{"rendered":"VIDEO | As\u00ed vistieron los atletas ol\u00edmpicos mexicanos en Tokyo 2020"},"content":{"rendered":"<p class=\"m_-4024158496084746065xxxxmsonospacing\">De acuerdo con informaci\u00f3n del Comit\u00e9 Ol\u00edmpico Mexicano (COM), <strong>Tehuana\u202fOaxaque\u00f1a es el Traje de Gala<\/strong> que portaron los atletas mexicanos en la <strong>Ceremonia de Inauguraci\u00f3n de los Juegos Ol\u00edmpicos de Tokyo 2020<\/strong>, la cual fue este 23 de julio, en el <strong>Estadio Ol\u00edmpico<\/strong>, de la capital japonesa.\u00a0\u00a0\u00a0\u00a0<u><\/u><u><\/u><\/p>\n<p>&nbsp;<\/p>\n<blockquote class=\"twitter-tweet\" data-width=\"550\" data-dnt=\"true\">\n<p lang=\"es\" dir=\"ltr\">As\u00ed se vive la inauguraci\u00f3n como atleta en unos Juegos Ol\u00edmpicos ??????<a href=\"https:\/\/twitter.com\/hashtag\/Tokyo2020?src=hash&amp;ref_src=twsrc%5Etfw\">#Tokyo2020<\/a> <a href=\"https:\/\/twitter.com\/hashtag\/OpeningCeremony?src=hash&amp;ref_src=twsrc%5Etfw\">#OpeningCeremony<\/a> <a href=\"https:\/\/t.co\/ReLmv0MdFn\">pic.twitter.com\/ReLmv0MdFn<\/a><\/p>\n<p>&mdash; Rommel Pacheco (@Rommel_Pacheco) <a href=\"https:\/\/twitter.com\/Rommel_Pacheco\/status\/1418630372221464577?ref_src=twsrc%5Etfw\">July 23, 2021<\/a><\/p><\/blockquote>\n<p><script async src=\"https:\/\/platform.twitter.com\/widgets.js\" charset=\"utf-8\"><\/script><\/p>\n<p>&nbsp;<\/p>\n<blockquote class=\"twitter-tweet\" data-width=\"550\" data-dnt=\"true\">\n<p lang=\"es\" dir=\"ltr\">El clavadista <a href=\"https:\/\/twitter.com\/Rommel_Pacheco?ref_src=twsrc%5Etfw\">@Rommel_Pacheco<\/a> comparti\u00f3 a trav\u00e9s de su instagram c\u00f3mo \u00e9l y la Delegaci\u00f3n Mexicana cantaron el bell\u00edsimo &quot;Cielito Lindo&quot; previo a su salida al desfile en la <a href=\"https:\/\/twitter.com\/hashtag\/CeremoniaDeApertura?src=hash&amp;ref_src=twsrc%5Etfw\">#CeremoniaDeApertura<\/a> de los Juegos Ol\u00edmpicos <a href=\"https:\/\/twitter.com\/hashtag\/Tokyo2020?src=hash&amp;ref_src=twsrc%5Etfw\">#Tokyo2020<\/a> ??? <a href=\"https:\/\/t.co\/SspWIlhVkP\">pic.twitter.com\/SspWIlhVkP<\/a><\/p>\n<p>&mdash; Ana Maria Lomeli (@AnitaLomeli) <a href=\"https:\/\/twitter.com\/AnitaLomeli\/status\/1418614564292268037?ref_src=twsrc%5Etfw\">July 23, 2021<\/a><\/p><\/blockquote>\n<p><script async src=\"https:\/\/platform.twitter.com\/widgets.js\" charset=\"utf-8\"><\/script><\/p>\n<p>El <strong>Tehuana Oaxaque\u00f1a<\/strong> fue el m\u00e1s votado de las tres propuestas presentadas a <a href=\"https:\/\/soclose.mx\/blog\/vota-ahora-por-el-uniforme-que-portaran-olimpicos-mexicanos\/\" target=\"_blank\" rel=\"noopener\">votaci\u00f3n abierta al p\u00fablico, v\u00eda on line.<\/a><u><\/u><\/p>\n<p class=\"m_-4024158496084746065xxxxparagraph\"><span class=\"m_-4024158496084746065xxxxnormaltextrun\">Los creadores de esta vestimenta, traje <strong>Tehuana Oaxaque\u00f1a, <\/strong>indican que nace en el<strong> Itsmo<\/strong><\/span><strong>\u202fde Tehuantepec<\/strong>, <a href=\"https:\/\/soclose.mx\/blog\/los-5-pueblos-magicos-de-oaxaca-que-debes-tener-en-tu-lista-de-viaje\/\" target=\"_blank\" rel=\"noopener\"><strong>Oaxaca.<\/strong><\/a> Una versi\u00f3n adaptada del<strong> huipil\u00a0<\/strong>con colorido y patrones referentes a la naturaleza, manufacturados con algod\u00f3n y se incluyeron bordados aut\u00e9nticos hechos por <strong>tehuanas<\/strong> a nuestro cl\u00e1sico traje, tambi\u00e9n se combin\u00f3 la silueta europea que caracteriza a High\u202fLife\u202fdesde 1899, con elementos t\u00edpicos de la <strong>cultura mexicana.<\/strong><\/p>\n<p>Fuente: <a href=\"http:\/\/www.com.org.mx\/com-informa\/el-tehuana-oaxaqueno-fue-el-traje-de-gala-ganador-para-tokio-2020\/\" target=\"_blank\" rel=\"noopener\">Comit\u00e9 Ol\u00edmpico Mexicano.<\/a><\/p>\n","protected":false},"excerpt":{"rendered":"<p>De acuerdo con informaci\u00f3n del Comit\u00e9 Ol\u00edmpico Mexicano (COM), Tehuana\u202fOaxaque\u00f1a es el Traje de Gala que portaron los atletas mexicanos en la Ceremonia de Inauguraci\u00f3n de los Juegos Ol\u00edmpicos de Tokyo 2020, la cual fue este 23 de julio, en el Estadio Ol\u00edmpico, de la capital japonesa.\u00a0\u00a0\u00a0\u00a0 &nbsp; &nbsp; El Tehuana Oaxaque\u00f1a fue el m\u00e1s votado de las tres propuestas presentadas a votaci\u00f3n abierta al p\u00fablico, v\u00eda on line. Los creadores de esta vestimenta, traje Tehuana Oaxaque\u00f1a, indican que nace en el Itsmo\u202fde Tehuantepec, Oaxaca. Una versi\u00f3n adaptada del huipil\u00a0con colorido y patrones referentes a la naturaleza, manufacturados con algod\u00f3n<\/p>\n","protected":false},"author":1,"featured_media":6655,"comment_status":"open","ping_status":"open","sticky":false,"template":"","format":"standard","meta":{"_jetpack_memberships_contains_paid_content":false,"footnotes":""},"categories":[628],"tags":[789,787,893],"class_list":["post-6096","post","type-post","status-publish","format-standard","has-post-thumbnail","hentry","category-news-feed","tag-atletas-mexicanos","tag-juegos-olimpicos","tag-tehuana-oaxaquena"],"yoast_head":"<!-- This site is optimized with the Yoast SEO plugin v26.7 - https:\/\/yoast.com\/wordpress\/plugins\/seo\/ -->\n<title>VIDEO | As\u00ed vistieron los atletas ol\u00edmpicos mexicanos en Tokyo 2020 - So Close<\/title>\n<meta name=\"description\" content=\"Los creadores de esta vestimenta, traje Tehuana Oaxaque\u00f1a, indican que nace en el Itsmo\u202fde Tehuantepec, Oaxaca.\" \/>\n<meta name=\"robots\" content=\"index, follow, max-snippet:-1, max-image-preview:large, max-video-preview:-1\" \/>\n<link rel=\"canonical\" href=\"https:\/\/soclose.mx\/blog\/news-feed\/video-asi-vistieron-los-atletas-olimpicos-mexicanos-en-tokyo-2020\/\" \/>\n<meta property=\"og:locale\" content=\"es_MX\" \/>\n<meta property=\"og:type\" content=\"article\" \/>\n<meta property=\"og:title\" content=\"VIDEO | As\u00ed vistieron los atletas ol\u00edmpicos mexicanos en Tokyo 2020 - So Close\" \/>\n<meta property=\"og:description\" content=\"Los creadores de esta vestimenta, traje Tehuana Oaxaque\u00f1a, indican que nace en el Itsmo\u202fde Tehuantepec, Oaxaca.\" \/>\n<meta property=\"og:url\" content=\"https:\/\/soclose.mx\/blog\/news-feed\/video-asi-vistieron-los-atletas-olimpicos-mexicanos-en-tokyo-2020\/\" \/>\n<meta property=\"og:site_name\" content=\"So Close\" \/>\n<meta property=\"article:published_time\" content=\"2021-07-23T15:06:52+00:00\" \/>\n<meta property=\"article:modified_time\" content=\"2021-07-24T00:26:05+00:00\" \/>\n<meta property=\"og:image\" content=\"https:\/\/i0.wp.com\/soclose.mx\/blog\/wp-content\/uploads\/2021\/07\/rommel-pacheco-tokyo2020.jpeg?fit=1240%2C700&ssl=1\" \/>\n\t<meta property=\"og:image:width\" content=\"1240\" \/>\n\t<meta property=\"og:image:height\" content=\"700\" \/>\n\t<meta property=\"og:image:type\" content=\"image\/jpeg\" \/>\n<meta name=\"author\" content=\"So Close\" \/>\n<meta name=\"twitter:card\" content=\"summary_large_image\" \/>\n<meta name=\"twitter:label1\" content=\"Escrito por\" \/>\n\t<meta name=\"twitter:data1\" content=\"So Close\" \/>\n\t<meta name=\"twitter:label2\" content=\"Tiempo de lectura\" \/>\n\t<meta name=\"twitter:data2\" content=\"1 minuto\" \/>\n<script type=\"application\/ld+json\" class=\"yoast-schema-graph\">{\"@context\":\"https:\/\/schema.org\",\"@graph\":[{\"@type\":\"Article\",\"@id\":\"https:\/\/soclose.mx\/blog\/news-feed\/video-asi-vistieron-los-atletas-olimpicos-mexicanos-en-tokyo-2020\/#article\",\"isPartOf\":{\"@id\":\"https:\/\/soclose.mx\/blog\/news-feed\/video-asi-vistieron-los-atletas-olimpicos-mexicanos-en-tokyo-2020\/\"},\"author\":{\"name\":\"So Close\",\"@id\":\"https:\/\/soclose.mx\/blog\/#\/schema\/person\/723eb117ab965b55c3e56b5d29751667\"},\"headline\":\"VIDEO | As\u00ed vistieron los atletas ol\u00edmpicos mexicanos en Tokyo 2020\",\"datePublished\":\"2021-07-23T15:06:52+00:00\",\"dateModified\":\"2021-07-24T00:26:05+00:00\",\"mainEntityOfPage\":{\"@id\":\"https:\/\/soclose.mx\/blog\/news-feed\/video-asi-vistieron-los-atletas-olimpicos-mexicanos-en-tokyo-2020\/\"},\"wordCount\":180,\"commentCount\":0,\"publisher\":{\"@id\":\"https:\/\/soclose.mx\/blog\/#organization\"},\"image\":{\"@id\":\"https:\/\/soclose.mx\/blog\/news-feed\/video-asi-vistieron-los-atletas-olimpicos-mexicanos-en-tokyo-2020\/#primaryimage\"},\"thumbnailUrl\":\"https:\/\/i0.wp.com\/soclose.mx\/blog\/wp-content\/uploads\/2021\/07\/rommel-pacheco-tokyo2020.jpeg?fit=1240%2C700&ssl=1\",\"keywords\":[\"atletas mexicanos\",\"juegos ol\u00edmpicos\",\"Tehuana Oaxaque\u00f1a\"],\"articleSection\":[\"News feed\"],\"inLanguage\":\"es\",\"potentialAction\":[{\"@type\":\"CommentAction\",\"name\":\"Comment\",\"target\":[\"https:\/\/soclose.mx\/blog\/news-feed\/video-asi-vistieron-los-atletas-olimpicos-mexicanos-en-tokyo-2020\/#respond\"]}]},{\"@type\":\"WebPage\",\"@id\":\"https:\/\/soclose.mx\/blog\/news-feed\/video-asi-vistieron-los-atletas-olimpicos-mexicanos-en-tokyo-2020\/\",\"url\":\"https:\/\/soclose.mx\/blog\/news-feed\/video-asi-vistieron-los-atletas-olimpicos-mexicanos-en-tokyo-2020\/\",\"name\":\"VIDEO | As\u00ed vistieron los atletas ol\u00edmpicos mexicanos en Tokyo 2020 - So Close\",\"isPartOf\":{\"@id\":\"https:\/\/soclose.mx\/blog\/#website\"},\"primaryImageOfPage\":{\"@id\":\"https:\/\/soclose.mx\/blog\/news-feed\/video-asi-vistieron-los-atletas-olimpicos-mexicanos-en-tokyo-2020\/#primaryimage\"},\"image\":{\"@id\":\"https:\/\/soclose.mx\/blog\/news-feed\/video-asi-vistieron-los-atletas-olimpicos-mexicanos-en-tokyo-2020\/#primaryimage\"},\"thumbnailUrl\":\"https:\/\/i0.wp.com\/soclose.mx\/blog\/wp-content\/uploads\/2021\/07\/rommel-pacheco-tokyo2020.jpeg?fit=1240%2C700&ssl=1\",\"datePublished\":\"2021-07-23T15:06:52+00:00\",\"dateModified\":\"2021-07-24T00:26:05+00:00\",\"description\":\"Los creadores de esta vestimenta, traje Tehuana Oaxaque\u00f1a, indican que nace en el Itsmo\u202fde Tehuantepec, Oaxaca.\",\"breadcrumb\":{\"@id\":\"https:\/\/soclose.mx\/blog\/news-feed\/video-asi-vistieron-los-atletas-olimpicos-mexicanos-en-tokyo-2020\/#breadcrumb\"},\"inLanguage\":\"es\",\"potentialAction\":[{\"@type\":\"ReadAction\",\"target\":[\"https:\/\/soclose.mx\/blog\/news-feed\/video-asi-vistieron-los-atletas-olimpicos-mexicanos-en-tokyo-2020\/\"]}]},{\"@type\":\"ImageObject\",\"inLanguage\":\"es\",\"@id\":\"https:\/\/soclose.mx\/blog\/news-feed\/video-asi-vistieron-los-atletas-olimpicos-mexicanos-en-tokyo-2020\/#primaryimage\",\"url\":\"https:\/\/i0.wp.com\/soclose.mx\/blog\/wp-content\/uploads\/2021\/07\/rommel-pacheco-tokyo2020.jpeg?fit=1240%2C700&ssl=1\",\"contentUrl\":\"https:\/\/i0.wp.com\/soclose.mx\/blog\/wp-content\/uploads\/2021\/07\/rommel-pacheco-tokyo2020.jpeg?fit=1240%2C700&ssl=1\",\"width\":1240,\"height\":700},{\"@type\":\"BreadcrumbList\",\"@id\":\"https:\/\/soclose.mx\/blog\/news-feed\/video-asi-vistieron-los-atletas-olimpicos-mexicanos-en-tokyo-2020\/#breadcrumb\",\"itemListElement\":[{\"@type\":\"ListItem\",\"position\":1,\"name\":\"Inicio\",\"item\":\"https:\/\/soclose.mx\/blog\/\"},{\"@type\":\"ListItem\",\"position\":2,\"name\":\"VIDEO | As\u00ed vistieron los atletas ol\u00edmpicos mexicanos en Tokyo 2020\"}]},{\"@type\":\"WebSite\",\"@id\":\"https:\/\/soclose.mx\/blog\/#website\",\"url\":\"https:\/\/soclose.mx\/blog\/\",\"name\":\"So Close\",\"description\":\"Hacemos contenidos de M\u00e9xico\",\"publisher\":{\"@id\":\"https:\/\/soclose.mx\/blog\/#organization\"},\"potentialAction\":[{\"@type\":\"SearchAction\",\"target\":{\"@type\":\"EntryPoint\",\"urlTemplate\":\"https:\/\/soclose.mx\/blog\/?s={search_term_string}\"},\"query-input\":{\"@type\":\"PropertyValueSpecification\",\"valueRequired\":true,\"valueName\":\"search_term_string\"}}],\"inLanguage\":\"es\"},{\"@type\":\"Organization\",\"@id\":\"https:\/\/soclose.mx\/blog\/#organization\",\"name\":\"So Close\",\"url\":\"https:\/\/soclose.mx\/blog\/\",\"logo\":{\"@type\":\"ImageObject\",\"inLanguage\":\"es\",\"@id\":\"https:\/\/soclose.mx\/blog\/#\/schema\/logo\/image\/\",\"url\":\"https:\/\/i0.wp.com\/soclose.mx\/blog\/wp-content\/uploads\/2020\/12\/LOGO_SOCLOSE_COLOR-e1608310133507.png?fit=2858%2C1264&ssl=1\",\"contentUrl\":\"https:\/\/i0.wp.com\/soclose.mx\/blog\/wp-content\/uploads\/2020\/12\/LOGO_SOCLOSE_COLOR-e1608310133507.png?fit=2858%2C1264&ssl=1\",\"width\":2858,\"height\":1264,\"caption\":\"So Close\"},\"image\":{\"@id\":\"https:\/\/soclose.mx\/blog\/#\/schema\/logo\/image\/\"}},{\"@type\":\"Person\",\"@id\":\"https:\/\/soclose.mx\/blog\/#\/schema\/person\/723eb117ab965b55c3e56b5d29751667\",\"name\":\"So Close\",\"image\":{\"@type\":\"ImageObject\",\"inLanguage\":\"es\",\"@id\":\"https:\/\/soclose.mx\/blog\/#\/schema\/person\/image\/\",\"url\":\"https:\/\/secure.gravatar.com\/avatar\/5a1d1d694eaf6d2c28f450f0984cbb34821b92dc49c1d088c0250fbc6a48efec?s=96&d=mm&r=g\",\"contentUrl\":\"https:\/\/secure.gravatar.com\/avatar\/5a1d1d694eaf6d2c28f450f0984cbb34821b92dc49c1d088c0250fbc6a48efec?s=96&d=mm&r=g\",\"caption\":\"So Close\"},\"sameAs\":[\"http:\/\/www.soclose.mx\",\"https:\/\/www.youtube.com\/@soclosemx\"],\"url\":\"https:\/\/soclose.mx\/blog\/author\/admin\/\"}]}<\/script>\n<!-- \/ Yoast SEO plugin. -->","yoast_head_json":{"title":"VIDEO | As\u00ed vistieron los atletas ol\u00edmpicos mexicanos en Tokyo 2020 - So Close","description":"Los creadores de esta vestimenta, traje Tehuana Oaxaque\u00f1a, indican que nace en el Itsmo\u202fde Tehuantepec, Oaxaca.","robots":{"index":"index","follow":"follow","max-snippet":"max-snippet:-1","max-image-preview":"max-image-preview:large","max-video-preview":"max-video-preview:-1"},"canonical":"https:\/\/soclose.mx\/blog\/news-feed\/video-asi-vistieron-los-atletas-olimpicos-mexicanos-en-tokyo-2020\/","og_locale":"es_MX","og_type":"article","og_title":"VIDEO | As\u00ed vistieron los atletas ol\u00edmpicos mexicanos en Tokyo 2020 - So Close","og_description":"Los creadores de esta vestimenta, traje Tehuana Oaxaque\u00f1a, indican que nace en el Itsmo\u202fde Tehuantepec, Oaxaca.","og_url":"https:\/\/soclose.mx\/blog\/news-feed\/video-asi-vistieron-los-atletas-olimpicos-mexicanos-en-tokyo-2020\/","og_site_name":"So Close","article_published_time":"2021-07-23T15:06:52+00:00","article_modified_time":"2021-07-24T00:26:05+00:00","og_image":[{"width":1240,"height":700,"url":"https:\/\/i0.wp.com\/soclose.mx\/blog\/wp-content\/uploads\/2021\/07\/rommel-pacheco-tokyo2020.jpeg?fit=1240%2C700&ssl=1","type":"image\/jpeg"}],"author":"So Close","twitter_card":"summary_large_image","twitter_misc":{"Escrito por":"So Close","Tiempo de lectura":"1 minuto"},"schema":{"@context":"https:\/\/schema.org","@graph":[{"@type":"Article","@id":"https:\/\/soclose.mx\/blog\/news-feed\/video-asi-vistieron-los-atletas-olimpicos-mexicanos-en-tokyo-2020\/#article","isPartOf":{"@id":"https:\/\/soclose.mx\/blog\/news-feed\/video-asi-vistieron-los-atletas-olimpicos-mexicanos-en-tokyo-2020\/"},"author":{"name":"So Close","@id":"https:\/\/soclose.mx\/blog\/#\/schema\/person\/723eb117ab965b55c3e56b5d29751667"},"headline":"VIDEO | As\u00ed vistieron los atletas ol\u00edmpicos mexicanos en Tokyo 2020","datePublished":"2021-07-23T15:06:52+00:00","dateModified":"2021-07-24T00:26:05+00:00","mainEntityOfPage":{"@id":"https:\/\/soclose.mx\/blog\/news-feed\/video-asi-vistieron-los-atletas-olimpicos-mexicanos-en-tokyo-2020\/"},"wordCount":180,"commentCount":0,"publisher":{"@id":"https:\/\/soclose.mx\/blog\/#organization"},"image":{"@id":"https:\/\/soclose.mx\/blog\/news-feed\/video-asi-vistieron-los-atletas-olimpicos-mexicanos-en-tokyo-2020\/#primaryimage"},"thumbnailUrl":"https:\/\/i0.wp.com\/soclose.mx\/blog\/wp-content\/uploads\/2021\/07\/rommel-pacheco-tokyo2020.jpeg?fit=1240%2C700&ssl=1","keywords":["atletas mexicanos","juegos ol\u00edmpicos","Tehuana Oaxaque\u00f1a"],"articleSection":["News feed"],"inLanguage":"es","potentialAction":[{"@type":"CommentAction","name":"Comment","target":["https:\/\/soclose.mx\/blog\/news-feed\/video-asi-vistieron-los-atletas-olimpicos-mexicanos-en-tokyo-2020\/#respond"]}]},{"@type":"WebPage","@id":"https:\/\/soclose.mx\/blog\/news-feed\/video-asi-vistieron-los-atletas-olimpicos-mexicanos-en-tokyo-2020\/","url":"https:\/\/soclose.mx\/blog\/news-feed\/video-asi-vistieron-los-atletas-olimpicos-mexicanos-en-tokyo-2020\/","name":"VIDEO | As\u00ed vistieron los atletas ol\u00edmpicos mexicanos en Tokyo 2020 - So Close","isPartOf":{"@id":"https:\/\/soclose.mx\/blog\/#website"},"primaryImageOfPage":{"@id":"https:\/\/soclose.mx\/blog\/news-feed\/video-asi-vistieron-los-atletas-olimpicos-mexicanos-en-tokyo-2020\/#primaryimage"},"image":{"@id":"https:\/\/soclose.mx\/blog\/news-feed\/video-asi-vistieron-los-atletas-olimpicos-mexicanos-en-tokyo-2020\/#primaryimage"},"thumbnailUrl":"https:\/\/i0.wp.com\/soclose.mx\/blog\/wp-content\/uploads\/2021\/07\/rommel-pacheco-tokyo2020.jpeg?fit=1240%2C700&ssl=1","datePublished":"2021-07-23T15:06:52+00:00","dateModified":"2021-07-24T00:26:05+00:00","description":"Los creadores de esta vestimenta, traje Tehuana Oaxaque\u00f1a, indican que nace en el Itsmo\u202fde Tehuantepec, Oaxaca.","breadcrumb":{"@id":"https:\/\/soclose.mx\/blog\/news-feed\/video-asi-vistieron-los-atletas-olimpicos-mexicanos-en-tokyo-2020\/#breadcrumb"},"inLanguage":"es","potentialAction":[{"@type":"ReadAction","target":["https:\/\/soclose.mx\/blog\/news-feed\/video-asi-vistieron-los-atletas-olimpicos-mexicanos-en-tokyo-2020\/"]}]},{"@type":"ImageObject","inLanguage":"es","@id":"https:\/\/soclose.mx\/blog\/news-feed\/video-asi-vistieron-los-atletas-olimpicos-mexicanos-en-tokyo-2020\/#primaryimage","url":"https:\/\/i0.wp.com\/soclose.mx\/blog\/wp-content\/uploads\/2021\/07\/rommel-pacheco-tokyo2020.jpeg?fit=1240%2C700&ssl=1","contentUrl":"https:\/\/i0.wp.com\/soclose.mx\/blog\/wp-content\/uploads\/2021\/07\/rommel-pacheco-tokyo2020.jpeg?fit=1240%2C700&ssl=1","width":1240,"height":700},{"@type":"BreadcrumbList","@id":"https:\/\/soclose.mx\/blog\/news-feed\/video-asi-vistieron-los-atletas-olimpicos-mexicanos-en-tokyo-2020\/#breadcrumb","itemListElement":[{"@type":"ListItem","position":1,"name":"Inicio","item":"https:\/\/soclose.mx\/blog\/"},{"@type":"ListItem","position":2,"name":"VIDEO | As\u00ed vistieron los atletas ol\u00edmpicos mexicanos en Tokyo 2020"}]},{"@type":"WebSite","@id":"https:\/\/soclose.mx\/blog\/#website","url":"https:\/\/soclose.mx\/blog\/","name":"So Close","description":"Hacemos contenidos de M\u00e9xico","publisher":{"@id":"https:\/\/soclose.mx\/blog\/#organization"},"potentialAction":[{"@type":"SearchAction","target":{"@type":"EntryPoint","urlTemplate":"https:\/\/soclose.mx\/blog\/?s={search_term_string}"},"query-input":{"@type":"PropertyValueSpecification","valueRequired":true,"valueName":"search_term_string"}}],"inLanguage":"es"},{"@type":"Organization","@id":"https:\/\/soclose.mx\/blog\/#organization","name":"So Close","url":"https:\/\/soclose.mx\/blog\/","logo":{"@type":"ImageObject","inLanguage":"es","@id":"https:\/\/soclose.mx\/blog\/#\/schema\/logo\/image\/","url":"https:\/\/i0.wp.com\/soclose.mx\/blog\/wp-content\/uploads\/2020\/12\/LOGO_SOCLOSE_COLOR-e1608310133507.png?fit=2858%2C1264&ssl=1","contentUrl":"https:\/\/i0.wp.com\/soclose.mx\/blog\/wp-content\/uploads\/2020\/12\/LOGO_SOCLOSE_COLOR-e1608310133507.png?fit=2858%2C1264&ssl=1","width":2858,"height":1264,"caption":"So Close"},"image":{"@id":"https:\/\/soclose.mx\/blog\/#\/schema\/logo\/image\/"}},{"@type":"Person","@id":"https:\/\/soclose.mx\/blog\/#\/schema\/person\/723eb117ab965b55c3e56b5d29751667","name":"So Close","image":{"@type":"ImageObject","inLanguage":"es","@id":"https:\/\/soclose.mx\/blog\/#\/schema\/person\/image\/","url":"https:\/\/secure.gravatar.com\/avatar\/5a1d1d694eaf6d2c28f450f0984cbb34821b92dc49c1d088c0250fbc6a48efec?s=96&d=mm&r=g","contentUrl":"https:\/\/secure.gravatar.com\/avatar\/5a1d1d694eaf6d2c28f450f0984cbb34821b92dc49c1d088c0250fbc6a48efec?s=96&d=mm&r=g","caption":"So Close"},"sameAs":["http:\/\/www.soclose.mx","https:\/\/www.youtube.com\/@soclosemx"],"url":"https:\/\/soclose.mx\/blog\/author\/admin\/"}]}},"jetpack_featured_media_url":"https:\/\/i0.wp.com\/soclose.mx\/blog\/wp-content\/uploads\/2021\/07\/rommel-pacheco-tokyo2020.jpeg?fit=1240%2C700&ssl=1","jetpack-related-posts":[{"id":5920,"url":"https:\/\/soclose.mx\/blog\/news-feed\/vota-ahora-por-el-uniforme-que-portaran-olimpicos-mexicanos\/","url_meta":{"origin":6096,"position":0},"title":"\u00a1Vota ahora! por el uniforme que portar\u00e1n ol\u00edmpicos mexicanos","author":"So Close","date":"9 abril, 2021","format":false,"excerpt":"A partir de este momento, tienes la oportunidad de participar en la votaci\u00f3n para elegir el uniforme que portar\u00e1n nuestro atletas ol\u00edmpicos en las olimpiadas de Tokio en este verano. Son tres hermosas opciones que seguro te encantar\u00e1n, pero solo una tiene que ser la elegida para vestir a nuestros\u2026","rel":"","context":"En &quot;News feed&quot;","block_context":{"text":"News feed","link":"https:\/\/soclose.mx\/blog\/category\/news-feed\/"},"img":{"alt_text":"","src":"https:\/\/i0.wp.com\/soclose.mx\/blog\/wp-content\/uploads\/2021\/04\/uniforme-atletas-olimpicos-mexicanos.jpeg?fit=1200%2C677&ssl=1&resize=350%2C200","width":350,"height":200,"srcset":"https:\/\/i0.wp.com\/soclose.mx\/blog\/wp-content\/uploads\/2021\/04\/uniforme-atletas-olimpicos-mexicanos.jpeg?fit=1200%2C677&ssl=1&resize=350%2C200 1x, https:\/\/i0.wp.com\/soclose.mx\/blog\/wp-content\/uploads\/2021\/04\/uniforme-atletas-olimpicos-mexicanos.jpeg?fit=1200%2C677&ssl=1&resize=525%2C300 1.5x, https:\/\/i0.wp.com\/soclose.mx\/blog\/wp-content\/uploads\/2021\/04\/uniforme-atletas-olimpicos-mexicanos.jpeg?fit=1200%2C677&ssl=1&resize=700%2C400 2x, https:\/\/i0.wp.com\/soclose.mx\/blog\/wp-content\/uploads\/2021\/04\/uniforme-atletas-olimpicos-mexicanos.jpeg?fit=1200%2C677&ssl=1&resize=1050%2C600 3x"},"classes":[]},{"id":10547,"url":"https:\/\/soclose.mx\/blog\/a-la-mexicana\/video-inmigrante-mexicana-encuentra-medalla-de-oro-olimpica-en-envolturas-de-hamburguesas\/","url_meta":{"origin":6096,"position":1},"title":"Video: inmigrante mexicana encuentra medalla de oro ol\u00edmpica \u00a1en envolturas de hamburguesas!","author":"Daniel Ram\u00edrez","date":"8 julio, 2022","format":false,"excerpt":"Vayan preparando el guion para la pel\u00edcula sobre Mar\u00eda Carillo, una inmigrante mexicana que lleg\u00f3 a Estados Unidos hace 30 para trabajar limpiando casas y poner su negocio. Y es que la historia que les contaremos a continuaci\u00f3n es digna de ello. Mar\u00eda sali\u00f3 a pasear a sus perros y\u2026","rel":"","context":"En &quot;A la mexicana&quot;","block_context":{"text":"A la mexicana","link":"https:\/\/soclose.mx\/blog\/category\/a-la-mexicana\/"},"img":{"alt_text":"","src":"https:\/\/i0.wp.com\/soclose.mx\/blog\/wp-content\/uploads\/2022\/07\/medalla.jpg?fit=473%2C379&ssl=1&resize=350%2C200","width":350,"height":200},"classes":[]},{"id":13094,"url":"https:\/\/soclose.mx\/blog\/para-todos\/de-atleta-olimpico-a-politico-mexicano-cinco-casos-de-compromiso\/","url_meta":{"origin":6096,"position":2},"title":"De atleta ol\u00edmpico a pol\u00edtico mexicano: cinco casos de compromiso","author":"Emmanuel Oviedo","date":"5 febrero, 2024","format":false,"excerpt":"Mexico tiene un palmar\u00e9s cuando se trata de competencias ol\u00edmpicas y deportistas. Personajes que destacaron como grandes deportistas en su momento, el atleta ol\u00edmpico y l\u00edder en sus disciplina. Ahora, como mexicanos destacados, pasaron de la disciplina deportiva a la participaci\u00f3n ciudadana para el bien de nuestro pa\u00eds. Ahora que\u2026","rel":"","context":"En &quot;Para todos&quot;","block_context":{"text":"Para todos","link":"https:\/\/soclose.mx\/blog\/category\/para-todos\/"},"img":{"alt_text":"","src":"https:\/\/i0.wp.com\/soclose.mx\/blog\/wp-content\/uploads\/2024\/01\/Tatiana-ortiz-Olimpiadas-1-3.jpg?fit=800%2C532&ssl=1&resize=350%2C200","width":350,"height":200,"srcset":"https:\/\/i0.wp.com\/soclose.mx\/blog\/wp-content\/uploads\/2024\/01\/Tatiana-ortiz-Olimpiadas-1-3.jpg?fit=800%2C532&ssl=1&resize=350%2C200 1x, https:\/\/i0.wp.com\/soclose.mx\/blog\/wp-content\/uploads\/2024\/01\/Tatiana-ortiz-Olimpiadas-1-3.jpg?fit=800%2C532&ssl=1&resize=525%2C300 1.5x, https:\/\/i0.wp.com\/soclose.mx\/blog\/wp-content\/uploads\/2024\/01\/Tatiana-ortiz-Olimpiadas-1-3.jpg?fit=800%2C532&ssl=1&resize=700%2C400 2x"},"classes":[]},{"id":13130,"url":"https:\/\/soclose.mx\/blog\/seleccion-mexicana\/los-momentos-mas-polemicos-de-las-olimpiadas-mexico-1968\/","url_meta":{"origin":6096,"position":3},"title":"Los momentos m\u00e1s pol\u00e9micos de las Olimpiadas M\u00e9xico 1968","author":"Emmanuel Oviedo","date":"19 febrero, 2024","format":false,"excerpt":"Las Olimpiadas de M\u00e9xico 1968 rompieron grandes expectativas pero, al mismo tiempo, se realizaron en medio de muchas pol\u00e9micas. Ya sea dentro de nuestro pa\u00eds o a nivel internacional, las Olimpiadas son ocasi\u00f3n de ilusiones deportivas y problem\u00e1ticas sociales, ya que es el lugar donde todos los pa\u00edses pueden reunirse,\u2026","rel":"","context":"En &quot;\u00a1Ay goeeee!&quot;","block_context":{"text":"\u00a1Ay goeeee!","link":"https:\/\/soclose.mx\/blog\/category\/ay-goeeee\/"},"img":{"alt_text":"Black power olimpiadas","src":"https:\/\/i0.wp.com\/soclose.mx\/blog\/wp-content\/uploads\/2024\/01\/Black-power-olimpiadas.jpg?fit=640%2C640&ssl=1&resize=350%2C200","width":350,"height":200,"srcset":"https:\/\/i0.wp.com\/soclose.mx\/blog\/wp-content\/uploads\/2024\/01\/Black-power-olimpiadas.jpg?fit=640%2C640&ssl=1&resize=350%2C200 1x, https:\/\/i0.wp.com\/soclose.mx\/blog\/wp-content\/uploads\/2024\/01\/Black-power-olimpiadas.jpg?fit=640%2C640&ssl=1&resize=525%2C300 1.5x"},"classes":[]},{"id":13104,"url":"https:\/\/soclose.mx\/blog\/seleccion-mexicana\/conoce-a-alexa-moreno-la-gimnasta-multimedallista-mexicana\/","url_meta":{"origin":6096,"position":4},"title":"Conoce a Alexa Moreno: la gimnasta multimedallista mexicana","author":"Emmanuel Oviedo","date":"25 enero, 2024","format":false,"excerpt":"Alexa Moreno ha sido una atleta sensacional en todo M\u00e9xico y para todo el mundo. En una edad tan joven ha conquistado las competencias m\u00e1s importantes de la gimnasia, como las que se realizan en Latinoam\u00e9rica y las cumbres de las Olimpiadas. Su nombre ya est\u00e1 dentro de la \u00e9lite\u2026","rel":"","context":"En &quot;Selecci\u00f3n mexicana&quot;","block_context":{"text":"Selecci\u00f3n mexicana","link":"https:\/\/soclose.mx\/blog\/category\/seleccion-mexicana\/"},"img":{"alt_text":"","src":"https:\/\/i0.wp.com\/soclose.mx\/blog\/wp-content\/uploads\/2024\/01\/Alexa-moreno-1.jpg?fit=799%2C533&ssl=1&resize=350%2C200","width":350,"height":200,"srcset":"https:\/\/i0.wp.com\/soclose.mx\/blog\/wp-content\/uploads\/2024\/01\/Alexa-moreno-1.jpg?fit=799%2C533&ssl=1&resize=350%2C200 1x, https:\/\/i0.wp.com\/soclose.mx\/blog\/wp-content\/uploads\/2024\/01\/Alexa-moreno-1.jpg?fit=799%2C533&ssl=1&resize=525%2C300 1.5x, https:\/\/i0.wp.com\/soclose.mx\/blog\/wp-content\/uploads\/2024\/01\/Alexa-moreno-1.jpg?fit=799%2C533&ssl=1&resize=700%2C400 2x"},"classes":[]},{"id":13767,"url":"https:\/\/soclose.mx\/blog\/news-feed\/mexicanos-que-nos-representaran-en-los-juegos-olimpicos-paris-2024\/","url_meta":{"origin":6096,"position":5},"title":"Mexicanos que nos representar\u00e1n en los Juegos Ol\u00edmpicos Par\u00eds 2024","author":"So Close","date":"22 julio, 2024","format":false,"excerpt":"La llama ol\u00edmpica est\u00e1 a punto de encenderse en la Ciudad Luz, y la emoci\u00f3n por conocer a los mexicanos que nos representar\u00e1n en los Juegos Ol\u00edmpicos Par\u00eds 2024 crece con cada d\u00eda que pasa. M\u00e1s de 10 mil atletas de todo el mundo se preparan para competir en 306\u2026","rel":"","context":"En &quot;News feed&quot;","block_context":{"text":"News feed","link":"https:\/\/soclose.mx\/blog\/category\/news-feed\/"},"img":{"alt_text":"Atletas mexicanos en Juegos Ol\u00edmpicos Par\u00eds 2024","src":"https:\/\/i0.wp.com\/soclose.mx\/blog\/wp-content\/uploads\/2024\/07\/mexicanos-olimpicos-paris2024.jpg?fit=1148%2C786&ssl=1&resize=350%2C200","width":350,"height":200,"srcset":"https:\/\/i0.wp.com\/soclose.mx\/blog\/wp-content\/uploads\/2024\/07\/mexicanos-olimpicos-paris2024.jpg?fit=1148%2C786&ssl=1&resize=350%2C200 1x, https:\/\/i0.wp.com\/soclose.mx\/blog\/wp-content\/uploads\/2024\/07\/mexicanos-olimpicos-paris2024.jpg?fit=1148%2C786&ssl=1&resize=525%2C300 1.5x, https:\/\/i0.wp.com\/soclose.mx\/blog\/wp-content\/uploads\/2024\/07\/mexicanos-olimpicos-paris2024.jpg?fit=1148%2C786&ssl=1&resize=700%2C400 2x, https:\/\/i0.wp.com\/soclose.mx\/blog\/wp-content\/uploads\/2024\/07\/mexicanos-olimpicos-paris2024.jpg?fit=1148%2C786&ssl=1&resize=1050%2C600 3x"},"classes":[]}],"jetpack_sharing_enabled":true,"_links":{"self":[{"href":"https:\/\/soclose.mx\/blog\/wp-json\/wp\/v2\/posts\/6096","targetHints":{"allow":["GET"]}}],"collection":[{"href":"https:\/\/soclose.mx\/blog\/wp-json\/wp\/v2\/posts"}],"about":[{"href":"https:\/\/soclose.mx\/blog\/wp-json\/wp\/v2\/types\/post"}],"author":[{"embeddable":true,"href":"https:\/\/soclose.mx\/blog\/wp-json\/wp\/v2\/users\/1"}],"replies":[{"embeddable":true,"href":"https:\/\/soclose.mx\/blog\/wp-json\/wp\/v2\/comments?post=6096"}],"version-history":[{"count":0,"href":"https:\/\/soclose.mx\/blog\/wp-json\/wp\/v2\/posts\/6096\/revisions"}],"wp:featuredmedia":[{"embeddable":true,"href":"https:\/\/soclose.mx\/blog\/wp-json\/wp\/v2\/media\/6655"}],"wp:attachment":[{"href":"https:\/\/soclose.mx\/blog\/wp-json\/wp\/v2\/media?parent=6096"}],"wp:term":[{"taxonomy":"category","embeddable":true,"href":"https:\/\/soclose.mx\/blog\/wp-json\/wp\/v2\/categories?post=6096"},{"taxonomy":"post_tag","embeddable":true,"href":"https:\/\/soclose.mx\/blog\/wp-json\/wp\/v2\/tags?post=6096"}],"curies":[{"name":"wp","href":"https:\/\/api.w.org\/{rel}","templated":true}]}}