{"id":6106,"date":"2021-05-24T19:46:56","date_gmt":"2021-05-25T00:46:56","guid":{"rendered":"https:\/\/soclose.mx\/blog\/?p=6106"},"modified":"2021-05-24T20:07:18","modified_gmt":"2021-05-25T01:07:18","slug":"zona-arqueologica-de-tulum-y-palenque-reabren-sus-puertas-al-publico","status":"publish","type":"post","link":"https:\/\/soclose.mx\/blog\/news-feed\/zona-arqueologica-de-tulum-y-palenque-reabren-sus-puertas-al-publico\/","title":{"rendered":"Zona Arqueol\u00f3gica de Tulum y Palenque reabren sus puertas al p\u00fablico"},"content":{"rendered":"<p>La <strong>Zona Arqueol\u00f3gica de Tulum<\/strong>, en el estado de <a href=\"https:\/\/soclose.mx\/blog\/?s=Quintana+Roo\" target=\"_blank\" rel=\"noopener\"><strong>Quintana Roo<\/strong><\/a>, reabri\u00f3 sus puertas a la visita p\u00fablica este lunes bajo estrictas medidas de operaci\u00f3n que garantizan la salud de los visitantes y de los trabajadores.<\/p>\n<p>Este <strong>sitio arqueol\u00f3gico<\/strong>, emblem\u00e1tico de la costa quintanarroense y representativo del estilo arquitect\u00f3nico llamado Costa Oriental; el cual maravill\u00f3 a Francisco Hern\u00e1ndez de C\u00f3rdoba, quien lo admir\u00f3 como la Sevilla espa\u00f1ola y que fuera residencia de la l\u00edder Mar\u00eda Uicab durante la Guerra de Castas, tendr\u00e1 un horario de lunes a domingo, de 9:00 a 17:00 horas, teniendo el \u00faltimo acceso a las 15:30 horas.<\/p>\n<p>El aforo m\u00e1ximo permitido ser\u00e1 de 3 mil personas al d\u00eda y en grupos no mayores a 10 personas.<\/p>\n<p>Para el acceso se seguir\u00e1n las medidas preventivas de car\u00e1cter obligatorio: el visitante deber\u00e1 portar cubrebocas desde su llegada, para protecci\u00f3n del personal que labora en el sitio arqueol\u00f3gico. En el ingreso se har\u00e1 la toma de temperatura corporal y aplicaci\u00f3n de alcohol gel, y se instar\u00e1 a guardar la sana distancia de, al menos, 1.5 metros.<\/p>\n<p>Del mismo modo se actualizaron las medidas de acceso al <strong>sitio arqueol\u00f3gico de Palenque<\/strong>, el cual podr\u00e1 recibir un aforo de 2 mil personas por d\u00eda, en un horario corrido de 8:30 a 16:00 horas. El \u00faltimo acceso ser\u00e1 a las 15:00 horas. Los cambios tambi\u00e9n incluyen la apertura del acceso al sendero Motiepa, desde el interior de la zona arqueol\u00f3gica.<\/p>\n<p>Fuente: bolet\u00edn de prensa <a href=\"https:\/\/www.inah.gob.mx\/\" target=\"_blank\" rel=\"noopener\">INAH<\/a><\/p>\n","protected":false},"excerpt":{"rendered":"<p>La Zona Arqueol\u00f3gica de Tulum, en el estado de Quintana Roo, reabri\u00f3 sus puertas a la visita p\u00fablica este lunes bajo estrictas medidas de operaci\u00f3n que garantizan la salud de los visitantes y de los trabajadores. Este sitio arqueol\u00f3gico, emblem\u00e1tico de la costa quintanarroense y representativo del estilo arquitect\u00f3nico llamado Costa Oriental; el cual maravill\u00f3 a Francisco Hern\u00e1ndez de C\u00f3rdoba, quien lo admir\u00f3 como la Sevilla espa\u00f1ola y que fuera residencia de la l\u00edder Mar\u00eda Uicab durante la Guerra de Castas, tendr\u00e1 un horario de lunes a domingo, de 9:00 a 17:00 horas, teniendo el \u00faltimo acceso a las 15:30<\/p>\n","protected":false},"author":1,"featured_media":6108,"comment_status":"open","ping_status":"open","sticky":false,"template":"","format":"standard","meta":{"_jetpack_memberships_contains_paid_content":false,"footnotes":""},"categories":[628],"tags":[901,193,899,900],"class_list":["post-6106","post","type-post","status-publish","format-standard","has-post-thumbnail","hentry","category-news-feed","tag-palenque","tag-quintana-roo","tag-sitio-arqueologico","tag-tulum"],"yoast_head":"<!-- This site is optimized with the Yoast SEO plugin v26.7 - https:\/\/yoast.com\/wordpress\/plugins\/seo\/ -->\n<title>Zona Arqueol\u00f3gica de Tulum y Palenque reabren sus puertas al p\u00fablico - So Close<\/title>\n<meta name=\"description\" content=\"Este sitio arqueol\u00f3gico, emblem\u00e1tico de la costa quintanarroense y representativo del estilo arquitect\u00f3nico llamado Costa Oriental.\" \/>\n<meta name=\"robots\" content=\"index, follow, max-snippet:-1, max-image-preview:large, max-video-preview:-1\" \/>\n<link rel=\"canonical\" href=\"https:\/\/soclose.mx\/blog\/news-feed\/zona-arqueologica-de-tulum-y-palenque-reabren-sus-puertas-al-publico\/\" \/>\n<meta property=\"og:locale\" content=\"es_MX\" \/>\n<meta property=\"og:type\" content=\"article\" \/>\n<meta property=\"og:title\" content=\"Zona Arqueol\u00f3gica de Tulum y Palenque reabren sus puertas al p\u00fablico - So Close\" \/>\n<meta property=\"og:description\" content=\"Este sitio arqueol\u00f3gico, emblem\u00e1tico de la costa quintanarroense y representativo del estilo arquitect\u00f3nico llamado Costa Oriental.\" \/>\n<meta property=\"og:url\" content=\"https:\/\/soclose.mx\/blog\/news-feed\/zona-arqueologica-de-tulum-y-palenque-reabren-sus-puertas-al-publico\/\" \/>\n<meta property=\"og:site_name\" content=\"So Close\" \/>\n<meta property=\"article:published_time\" content=\"2021-05-25T00:46:56+00:00\" \/>\n<meta property=\"article:modified_time\" content=\"2021-05-25T01:07:18+00:00\" \/>\n<meta property=\"og:image\" content=\"https:\/\/i0.wp.com\/soclose.mx\/blog\/wp-content\/uploads\/2021\/05\/zona-arqueologica-tulum.jpeg?fit=1240%2C700&ssl=1\" \/>\n\t<meta property=\"og:image:width\" content=\"1240\" \/>\n\t<meta property=\"og:image:height\" content=\"700\" \/>\n\t<meta property=\"og:image:type\" content=\"image\/jpeg\" \/>\n<meta name=\"author\" content=\"So Close\" \/>\n<meta name=\"twitter:card\" content=\"summary_large_image\" \/>\n<meta name=\"twitter:label1\" content=\"Escrito por\" \/>\n\t<meta name=\"twitter:data1\" content=\"So Close\" \/>\n\t<meta name=\"twitter:label2\" content=\"Tiempo de lectura\" \/>\n\t<meta name=\"twitter:data2\" content=\"2 minutos\" \/>\n<script type=\"application\/ld+json\" class=\"yoast-schema-graph\">{\"@context\":\"https:\/\/schema.org\",\"@graph\":[{\"@type\":\"Article\",\"@id\":\"https:\/\/soclose.mx\/blog\/news-feed\/zona-arqueologica-de-tulum-y-palenque-reabren-sus-puertas-al-publico\/#article\",\"isPartOf\":{\"@id\":\"https:\/\/soclose.mx\/blog\/news-feed\/zona-arqueologica-de-tulum-y-palenque-reabren-sus-puertas-al-publico\/\"},\"author\":{\"name\":\"So Close\",\"@id\":\"https:\/\/soclose.mx\/blog\/#\/schema\/person\/723eb117ab965b55c3e56b5d29751667\"},\"headline\":\"Zona Arqueol\u00f3gica de Tulum y Palenque reabren sus puertas al p\u00fablico\",\"datePublished\":\"2021-05-25T00:46:56+00:00\",\"dateModified\":\"2021-05-25T01:07:18+00:00\",\"mainEntityOfPage\":{\"@id\":\"https:\/\/soclose.mx\/blog\/news-feed\/zona-arqueologica-de-tulum-y-palenque-reabren-sus-puertas-al-publico\/\"},\"wordCount\":269,\"commentCount\":0,\"publisher\":{\"@id\":\"https:\/\/soclose.mx\/blog\/#organization\"},\"image\":{\"@id\":\"https:\/\/soclose.mx\/blog\/news-feed\/zona-arqueologica-de-tulum-y-palenque-reabren-sus-puertas-al-publico\/#primaryimage\"},\"thumbnailUrl\":\"https:\/\/i0.wp.com\/soclose.mx\/blog\/wp-content\/uploads\/2021\/05\/zona-arqueologica-tulum.jpeg?fit=1240%2C700&ssl=1\",\"keywords\":[\"palenque\",\"quintana roo\",\"sitio arqueologico\",\"tulum\"],\"articleSection\":[\"News feed\"],\"inLanguage\":\"es\",\"potentialAction\":[{\"@type\":\"CommentAction\",\"name\":\"Comment\",\"target\":[\"https:\/\/soclose.mx\/blog\/news-feed\/zona-arqueologica-de-tulum-y-palenque-reabren-sus-puertas-al-publico\/#respond\"]}]},{\"@type\":\"WebPage\",\"@id\":\"https:\/\/soclose.mx\/blog\/news-feed\/zona-arqueologica-de-tulum-y-palenque-reabren-sus-puertas-al-publico\/\",\"url\":\"https:\/\/soclose.mx\/blog\/news-feed\/zona-arqueologica-de-tulum-y-palenque-reabren-sus-puertas-al-publico\/\",\"name\":\"Zona Arqueol\u00f3gica de Tulum y Palenque reabren sus puertas al p\u00fablico - So Close\",\"isPartOf\":{\"@id\":\"https:\/\/soclose.mx\/blog\/#website\"},\"primaryImageOfPage\":{\"@id\":\"https:\/\/soclose.mx\/blog\/news-feed\/zona-arqueologica-de-tulum-y-palenque-reabren-sus-puertas-al-publico\/#primaryimage\"},\"image\":{\"@id\":\"https:\/\/soclose.mx\/blog\/news-feed\/zona-arqueologica-de-tulum-y-palenque-reabren-sus-puertas-al-publico\/#primaryimage\"},\"thumbnailUrl\":\"https:\/\/i0.wp.com\/soclose.mx\/blog\/wp-content\/uploads\/2021\/05\/zona-arqueologica-tulum.jpeg?fit=1240%2C700&ssl=1\",\"datePublished\":\"2021-05-25T00:46:56+00:00\",\"dateModified\":\"2021-05-25T01:07:18+00:00\",\"description\":\"Este sitio arqueol\u00f3gico, emblem\u00e1tico de la costa quintanarroense y representativo del estilo arquitect\u00f3nico llamado Costa Oriental.\",\"breadcrumb\":{\"@id\":\"https:\/\/soclose.mx\/blog\/news-feed\/zona-arqueologica-de-tulum-y-palenque-reabren-sus-puertas-al-publico\/#breadcrumb\"},\"inLanguage\":\"es\",\"potentialAction\":[{\"@type\":\"ReadAction\",\"target\":[\"https:\/\/soclose.mx\/blog\/news-feed\/zona-arqueologica-de-tulum-y-palenque-reabren-sus-puertas-al-publico\/\"]}]},{\"@type\":\"ImageObject\",\"inLanguage\":\"es\",\"@id\":\"https:\/\/soclose.mx\/blog\/news-feed\/zona-arqueologica-de-tulum-y-palenque-reabren-sus-puertas-al-publico\/#primaryimage\",\"url\":\"https:\/\/i0.wp.com\/soclose.mx\/blog\/wp-content\/uploads\/2021\/05\/zona-arqueologica-tulum.jpeg?fit=1240%2C700&ssl=1\",\"contentUrl\":\"https:\/\/i0.wp.com\/soclose.mx\/blog\/wp-content\/uploads\/2021\/05\/zona-arqueologica-tulum.jpeg?fit=1240%2C700&ssl=1\",\"width\":1240,\"height\":700},{\"@type\":\"BreadcrumbList\",\"@id\":\"https:\/\/soclose.mx\/blog\/news-feed\/zona-arqueologica-de-tulum-y-palenque-reabren-sus-puertas-al-publico\/#breadcrumb\",\"itemListElement\":[{\"@type\":\"ListItem\",\"position\":1,\"name\":\"Inicio\",\"item\":\"https:\/\/soclose.mx\/blog\/\"},{\"@type\":\"ListItem\",\"position\":2,\"name\":\"Zona Arqueol\u00f3gica de Tulum y Palenque reabren sus puertas al p\u00fablico\"}]},{\"@type\":\"WebSite\",\"@id\":\"https:\/\/soclose.mx\/blog\/#website\",\"url\":\"https:\/\/soclose.mx\/blog\/\",\"name\":\"So Close\",\"description\":\"Hacemos contenidos de M\u00e9xico\",\"publisher\":{\"@id\":\"https:\/\/soclose.mx\/blog\/#organization\"},\"potentialAction\":[{\"@type\":\"SearchAction\",\"target\":{\"@type\":\"EntryPoint\",\"urlTemplate\":\"https:\/\/soclose.mx\/blog\/?s={search_term_string}\"},\"query-input\":{\"@type\":\"PropertyValueSpecification\",\"valueRequired\":true,\"valueName\":\"search_term_string\"}}],\"inLanguage\":\"es\"},{\"@type\":\"Organization\",\"@id\":\"https:\/\/soclose.mx\/blog\/#organization\",\"name\":\"So Close\",\"url\":\"https:\/\/soclose.mx\/blog\/\",\"logo\":{\"@type\":\"ImageObject\",\"inLanguage\":\"es\",\"@id\":\"https:\/\/soclose.mx\/blog\/#\/schema\/logo\/image\/\",\"url\":\"https:\/\/i0.wp.com\/soclose.mx\/blog\/wp-content\/uploads\/2020\/12\/LOGO_SOCLOSE_COLOR-e1608310133507.png?fit=2858%2C1264&ssl=1\",\"contentUrl\":\"https:\/\/i0.wp.com\/soclose.mx\/blog\/wp-content\/uploads\/2020\/12\/LOGO_SOCLOSE_COLOR-e1608310133507.png?fit=2858%2C1264&ssl=1\",\"width\":2858,\"height\":1264,\"caption\":\"So Close\"},\"image\":{\"@id\":\"https:\/\/soclose.mx\/blog\/#\/schema\/logo\/image\/\"}},{\"@type\":\"Person\",\"@id\":\"https:\/\/soclose.mx\/blog\/#\/schema\/person\/723eb117ab965b55c3e56b5d29751667\",\"name\":\"So Close\",\"image\":{\"@type\":\"ImageObject\",\"inLanguage\":\"es\",\"@id\":\"https:\/\/soclose.mx\/blog\/#\/schema\/person\/image\/\",\"url\":\"https:\/\/secure.gravatar.com\/avatar\/5a1d1d694eaf6d2c28f450f0984cbb34821b92dc49c1d088c0250fbc6a48efec?s=96&d=mm&r=g\",\"contentUrl\":\"https:\/\/secure.gravatar.com\/avatar\/5a1d1d694eaf6d2c28f450f0984cbb34821b92dc49c1d088c0250fbc6a48efec?s=96&d=mm&r=g\",\"caption\":\"So Close\"},\"sameAs\":[\"http:\/\/www.soclose.mx\",\"https:\/\/www.youtube.com\/@soclosemx\"],\"url\":\"https:\/\/soclose.mx\/blog\/author\/admin\/\"}]}<\/script>\n<!-- \/ Yoast SEO plugin. -->","yoast_head_json":{"title":"Zona Arqueol\u00f3gica de Tulum y Palenque reabren sus puertas al p\u00fablico - So Close","description":"Este sitio arqueol\u00f3gico, emblem\u00e1tico de la costa quintanarroense y representativo del estilo arquitect\u00f3nico llamado Costa Oriental.","robots":{"index":"index","follow":"follow","max-snippet":"max-snippet:-1","max-image-preview":"max-image-preview:large","max-video-preview":"max-video-preview:-1"},"canonical":"https:\/\/soclose.mx\/blog\/news-feed\/zona-arqueologica-de-tulum-y-palenque-reabren-sus-puertas-al-publico\/","og_locale":"es_MX","og_type":"article","og_title":"Zona Arqueol\u00f3gica de Tulum y Palenque reabren sus puertas al p\u00fablico - So Close","og_description":"Este sitio arqueol\u00f3gico, emblem\u00e1tico de la costa quintanarroense y representativo del estilo arquitect\u00f3nico llamado Costa Oriental.","og_url":"https:\/\/soclose.mx\/blog\/news-feed\/zona-arqueologica-de-tulum-y-palenque-reabren-sus-puertas-al-publico\/","og_site_name":"So Close","article_published_time":"2021-05-25T00:46:56+00:00","article_modified_time":"2021-05-25T01:07:18+00:00","og_image":[{"width":1240,"height":700,"url":"https:\/\/i0.wp.com\/soclose.mx\/blog\/wp-content\/uploads\/2021\/05\/zona-arqueologica-tulum.jpeg?fit=1240%2C700&ssl=1","type":"image\/jpeg"}],"author":"So Close","twitter_card":"summary_large_image","twitter_misc":{"Escrito por":"So Close","Tiempo de lectura":"2 minutos"},"schema":{"@context":"https:\/\/schema.org","@graph":[{"@type":"Article","@id":"https:\/\/soclose.mx\/blog\/news-feed\/zona-arqueologica-de-tulum-y-palenque-reabren-sus-puertas-al-publico\/#article","isPartOf":{"@id":"https:\/\/soclose.mx\/blog\/news-feed\/zona-arqueologica-de-tulum-y-palenque-reabren-sus-puertas-al-publico\/"},"author":{"name":"So Close","@id":"https:\/\/soclose.mx\/blog\/#\/schema\/person\/723eb117ab965b55c3e56b5d29751667"},"headline":"Zona Arqueol\u00f3gica de Tulum y Palenque reabren sus puertas al p\u00fablico","datePublished":"2021-05-25T00:46:56+00:00","dateModified":"2021-05-25T01:07:18+00:00","mainEntityOfPage":{"@id":"https:\/\/soclose.mx\/blog\/news-feed\/zona-arqueologica-de-tulum-y-palenque-reabren-sus-puertas-al-publico\/"},"wordCount":269,"commentCount":0,"publisher":{"@id":"https:\/\/soclose.mx\/blog\/#organization"},"image":{"@id":"https:\/\/soclose.mx\/blog\/news-feed\/zona-arqueologica-de-tulum-y-palenque-reabren-sus-puertas-al-publico\/#primaryimage"},"thumbnailUrl":"https:\/\/i0.wp.com\/soclose.mx\/blog\/wp-content\/uploads\/2021\/05\/zona-arqueologica-tulum.jpeg?fit=1240%2C700&ssl=1","keywords":["palenque","quintana roo","sitio arqueologico","tulum"],"articleSection":["News feed"],"inLanguage":"es","potentialAction":[{"@type":"CommentAction","name":"Comment","target":["https:\/\/soclose.mx\/blog\/news-feed\/zona-arqueologica-de-tulum-y-palenque-reabren-sus-puertas-al-publico\/#respond"]}]},{"@type":"WebPage","@id":"https:\/\/soclose.mx\/blog\/news-feed\/zona-arqueologica-de-tulum-y-palenque-reabren-sus-puertas-al-publico\/","url":"https:\/\/soclose.mx\/blog\/news-feed\/zona-arqueologica-de-tulum-y-palenque-reabren-sus-puertas-al-publico\/","name":"Zona Arqueol\u00f3gica de Tulum y Palenque reabren sus puertas al p\u00fablico - So Close","isPartOf":{"@id":"https:\/\/soclose.mx\/blog\/#website"},"primaryImageOfPage":{"@id":"https:\/\/soclose.mx\/blog\/news-feed\/zona-arqueologica-de-tulum-y-palenque-reabren-sus-puertas-al-publico\/#primaryimage"},"image":{"@id":"https:\/\/soclose.mx\/blog\/news-feed\/zona-arqueologica-de-tulum-y-palenque-reabren-sus-puertas-al-publico\/#primaryimage"},"thumbnailUrl":"https:\/\/i0.wp.com\/soclose.mx\/blog\/wp-content\/uploads\/2021\/05\/zona-arqueologica-tulum.jpeg?fit=1240%2C700&ssl=1","datePublished":"2021-05-25T00:46:56+00:00","dateModified":"2021-05-25T01:07:18+00:00","description":"Este sitio arqueol\u00f3gico, emblem\u00e1tico de la costa quintanarroense y representativo del estilo arquitect\u00f3nico llamado Costa Oriental.","breadcrumb":{"@id":"https:\/\/soclose.mx\/blog\/news-feed\/zona-arqueologica-de-tulum-y-palenque-reabren-sus-puertas-al-publico\/#breadcrumb"},"inLanguage":"es","potentialAction":[{"@type":"ReadAction","target":["https:\/\/soclose.mx\/blog\/news-feed\/zona-arqueologica-de-tulum-y-palenque-reabren-sus-puertas-al-publico\/"]}]},{"@type":"ImageObject","inLanguage":"es","@id":"https:\/\/soclose.mx\/blog\/news-feed\/zona-arqueologica-de-tulum-y-palenque-reabren-sus-puertas-al-publico\/#primaryimage","url":"https:\/\/i0.wp.com\/soclose.mx\/blog\/wp-content\/uploads\/2021\/05\/zona-arqueologica-tulum.jpeg?fit=1240%2C700&ssl=1","contentUrl":"https:\/\/i0.wp.com\/soclose.mx\/blog\/wp-content\/uploads\/2021\/05\/zona-arqueologica-tulum.jpeg?fit=1240%2C700&ssl=1","width":1240,"height":700},{"@type":"BreadcrumbList","@id":"https:\/\/soclose.mx\/blog\/news-feed\/zona-arqueologica-de-tulum-y-palenque-reabren-sus-puertas-al-publico\/#breadcrumb","itemListElement":[{"@type":"ListItem","position":1,"name":"Inicio","item":"https:\/\/soclose.mx\/blog\/"},{"@type":"ListItem","position":2,"name":"Zona Arqueol\u00f3gica de Tulum y Palenque reabren sus puertas al p\u00fablico"}]},{"@type":"WebSite","@id":"https:\/\/soclose.mx\/blog\/#website","url":"https:\/\/soclose.mx\/blog\/","name":"So Close","description":"Hacemos contenidos de M\u00e9xico","publisher":{"@id":"https:\/\/soclose.mx\/blog\/#organization"},"potentialAction":[{"@type":"SearchAction","target":{"@type":"EntryPoint","urlTemplate":"https:\/\/soclose.mx\/blog\/?s={search_term_string}"},"query-input":{"@type":"PropertyValueSpecification","valueRequired":true,"valueName":"search_term_string"}}],"inLanguage":"es"},{"@type":"Organization","@id":"https:\/\/soclose.mx\/blog\/#organization","name":"So Close","url":"https:\/\/soclose.mx\/blog\/","logo":{"@type":"ImageObject","inLanguage":"es","@id":"https:\/\/soclose.mx\/blog\/#\/schema\/logo\/image\/","url":"https:\/\/i0.wp.com\/soclose.mx\/blog\/wp-content\/uploads\/2020\/12\/LOGO_SOCLOSE_COLOR-e1608310133507.png?fit=2858%2C1264&ssl=1","contentUrl":"https:\/\/i0.wp.com\/soclose.mx\/blog\/wp-content\/uploads\/2020\/12\/LOGO_SOCLOSE_COLOR-e1608310133507.png?fit=2858%2C1264&ssl=1","width":2858,"height":1264,"caption":"So Close"},"image":{"@id":"https:\/\/soclose.mx\/blog\/#\/schema\/logo\/image\/"}},{"@type":"Person","@id":"https:\/\/soclose.mx\/blog\/#\/schema\/person\/723eb117ab965b55c3e56b5d29751667","name":"So Close","image":{"@type":"ImageObject","inLanguage":"es","@id":"https:\/\/soclose.mx\/blog\/#\/schema\/person\/image\/","url":"https:\/\/secure.gravatar.com\/avatar\/5a1d1d694eaf6d2c28f450f0984cbb34821b92dc49c1d088c0250fbc6a48efec?s=96&d=mm&r=g","contentUrl":"https:\/\/secure.gravatar.com\/avatar\/5a1d1d694eaf6d2c28f450f0984cbb34821b92dc49c1d088c0250fbc6a48efec?s=96&d=mm&r=g","caption":"So Close"},"sameAs":["http:\/\/www.soclose.mx","https:\/\/www.youtube.com\/@soclosemx"],"url":"https:\/\/soclose.mx\/blog\/author\/admin\/"}]}},"jetpack_featured_media_url":"https:\/\/i0.wp.com\/soclose.mx\/blog\/wp-content\/uploads\/2021\/05\/zona-arqueologica-tulum.jpeg?fit=1240%2C700&ssl=1","jetpack-related-posts":[{"id":6851,"url":"https:\/\/soclose.mx\/blog\/news-feed\/reabre-al-publico-coba-zona-arqueologica-en-quintana-roo\/","url_meta":{"origin":6106,"position":0},"title":"Reabre al p\u00fablico Cob\u00e1, Zona Arqueol\u00f3gica en Quintana Roo","author":"Miguel Angel Romero","date":"16 agosto, 2021","format":false,"excerpt":"El Instituto Nacional de Antropolog\u00eda e Historia (INAH) y el Centro INAH Quintana Roo, reabre a la visita p\u00fablica, bajo estrictas medidas sanitarias, la Zona Arqueol\u00f3gica de Cob\u00e1 ubicada en el municipio de Tulum, Quintana Roo. La Zona Arqueol\u00f3gica de Cob\u00e1 es una de las de mayor relevancia en el\u2026","rel":"","context":"En &quot;News feed&quot;","block_context":{"text":"News feed","link":"https:\/\/soclose.mx\/blog\/category\/news-feed\/"},"img":{"alt_text":"","src":"https:\/\/i0.wp.com\/soclose.mx\/blog\/wp-content\/uploads\/2021\/08\/foto_home.jpeg?fit=1200%2C803&ssl=1&resize=350%2C200","width":350,"height":200,"srcset":"https:\/\/i0.wp.com\/soclose.mx\/blog\/wp-content\/uploads\/2021\/08\/foto_home.jpeg?fit=1200%2C803&ssl=1&resize=350%2C200 1x, https:\/\/i0.wp.com\/soclose.mx\/blog\/wp-content\/uploads\/2021\/08\/foto_home.jpeg?fit=1200%2C803&ssl=1&resize=525%2C300 1.5x, https:\/\/i0.wp.com\/soclose.mx\/blog\/wp-content\/uploads\/2021\/08\/foto_home.jpeg?fit=1200%2C803&ssl=1&resize=700%2C400 2x, https:\/\/i0.wp.com\/soclose.mx\/blog\/wp-content\/uploads\/2021\/08\/foto_home.jpeg?fit=1200%2C803&ssl=1&resize=1050%2C600 3x"},"classes":[]},{"id":6001,"url":"https:\/\/soclose.mx\/blog\/news-feed\/reabren-museo-maya-de-cancun-y-la-zona-arqueologica-de-san-miguelito-en-quintana-roo\/","url_meta":{"origin":6106,"position":1},"title":"Reabren Museo Maya de Canc\u00fan y la Zona Arqueol\u00f3gica de San Miguelito, en Quintana Roo","author":"So Close","date":"29 abril, 2021","format":false,"excerpt":"A partir del 28 de abril, bajo estrictas medidas sanitarias a fin de garantizar la seguridad y el bienestar de su personal operativo y de los visitantes, el Museo Maya de Canc\u00fan y la Zona Arqueol\u00f3gica de San Miguelito, en Quintana Roo, abri\u00f3 nuevamente sus puertas al p\u00fablico. Ambos espacios\u2026","rel":"","context":"En &quot;News feed&quot;","block_context":{"text":"News feed","link":"https:\/\/soclose.mx\/blog\/category\/news-feed\/"},"img":{"alt_text":"","src":"https:\/\/i0.wp.com\/soclose.mx\/blog\/wp-content\/uploads\/2021\/04\/museo-maya-cancun-quintanaroo.jpeg?fit=1200%2C677&ssl=1&resize=350%2C200","width":350,"height":200,"srcset":"https:\/\/i0.wp.com\/soclose.mx\/blog\/wp-content\/uploads\/2021\/04\/museo-maya-cancun-quintanaroo.jpeg?fit=1200%2C677&ssl=1&resize=350%2C200 1x, https:\/\/i0.wp.com\/soclose.mx\/blog\/wp-content\/uploads\/2021\/04\/museo-maya-cancun-quintanaroo.jpeg?fit=1200%2C677&ssl=1&resize=525%2C300 1.5x, https:\/\/i0.wp.com\/soclose.mx\/blog\/wp-content\/uploads\/2021\/04\/museo-maya-cancun-quintanaroo.jpeg?fit=1200%2C677&ssl=1&resize=700%2C400 2x, https:\/\/i0.wp.com\/soclose.mx\/blog\/wp-content\/uploads\/2021\/04\/museo-maya-cancun-quintanaroo.jpeg?fit=1200%2C677&ssl=1&resize=1050%2C600 3x"},"classes":[]},{"id":5769,"url":"https:\/\/soclose.mx\/blog\/news-feed\/zona-arqueologica-de-teotihuacan-reabrira-al-publico\/","url_meta":{"origin":6106,"position":2},"title":"Zona Arqueol\u00f3gica de Teotihuacan reabrir\u00e1 al p\u00fablico","author":"So Close","date":"22 febrero, 2021","format":false,"excerpt":"El mi\u00e9rcoles 24 de febrero, la Secretar\u00eda de Cultura del Gobierno de M\u00e9xico y el Instituto Nacional de Antropolog\u00eda e Historia (INAH) abrir\u00e1n nuevamente al p\u00fablico la Zona Arqueol\u00f3gica de Teotihuacan, en el Estado de M\u00e9xico, bajo estrictos protocolos de salud. La Zona Arqueol\u00f3gica de Teotihuacan abrir\u00e1 en un\u00a0horario de\u2026","rel":"","context":"En &quot;News feed&quot;","block_context":{"text":"News feed","link":"https:\/\/soclose.mx\/blog\/category\/news-feed\/"},"img":{"alt_text":"","src":"https:\/\/i0.wp.com\/soclose.mx\/blog\/wp-content\/uploads\/2021\/02\/Principal-So-Close-blog-3.jpg?fit=1200%2C677&ssl=1&resize=350%2C200","width":350,"height":200,"srcset":"https:\/\/i0.wp.com\/soclose.mx\/blog\/wp-content\/uploads\/2021\/02\/Principal-So-Close-blog-3.jpg?fit=1200%2C677&ssl=1&resize=350%2C200 1x, https:\/\/i0.wp.com\/soclose.mx\/blog\/wp-content\/uploads\/2021\/02\/Principal-So-Close-blog-3.jpg?fit=1200%2C677&ssl=1&resize=525%2C300 1.5x, https:\/\/i0.wp.com\/soclose.mx\/blog\/wp-content\/uploads\/2021\/02\/Principal-So-Close-blog-3.jpg?fit=1200%2C677&ssl=1&resize=700%2C400 2x, https:\/\/i0.wp.com\/soclose.mx\/blog\/wp-content\/uploads\/2021\/02\/Principal-So-Close-blog-3.jpg?fit=1200%2C677&ssl=1&resize=1050%2C600 3x"},"classes":[]},{"id":6537,"url":"https:\/\/soclose.mx\/blog\/news-feed\/las-zonas-arqueologicas-de-alta-vista-y-cerro-del-teul-en-zacatecas-reabriran-a-la-visita-publica-este-15-de-julio\/","url_meta":{"origin":6106,"position":3},"title":"Las zonas arqueol\u00f3gicas de Alta Vista y Cerro del Te\u00fal, en Zacatecas, reabrir\u00e1n a la visita p\u00fablica este 15 de julio","author":"So Close","date":"14 julio, 2021","format":false,"excerpt":"La Secretar\u00eda de Cultura del Gobierno de M\u00e9xico informa sobre la reapertura de las zonas arqueol\u00f3gicas de Alta Vista y Cerro del Te\u00fal; as\u00ed como la ampliaci\u00f3n de los d\u00edas de visita de la Zona Arqueol\u00f3gica de La Quemada a partir de este jueves 15 de julio, bajo estrictas medidas\u2026","rel":"","context":"En &quot;News feed&quot;","block_context":{"text":"News feed","link":"https:\/\/soclose.mx\/blog\/category\/news-feed\/"},"img":{"alt_text":"","src":"https:\/\/i0.wp.com\/soclose.mx\/blog\/wp-content\/uploads\/2021\/07\/zona-arqueologica-altavista.jpeg?fit=1200%2C677&ssl=1&resize=350%2C200","width":350,"height":200,"srcset":"https:\/\/i0.wp.com\/soclose.mx\/blog\/wp-content\/uploads\/2021\/07\/zona-arqueologica-altavista.jpeg?fit=1200%2C677&ssl=1&resize=350%2C200 1x, https:\/\/i0.wp.com\/soclose.mx\/blog\/wp-content\/uploads\/2021\/07\/zona-arqueologica-altavista.jpeg?fit=1200%2C677&ssl=1&resize=525%2C300 1.5x, https:\/\/i0.wp.com\/soclose.mx\/blog\/wp-content\/uploads\/2021\/07\/zona-arqueologica-altavista.jpeg?fit=1200%2C677&ssl=1&resize=700%2C400 2x, https:\/\/i0.wp.com\/soclose.mx\/blog\/wp-content\/uploads\/2021\/07\/zona-arqueologica-altavista.jpeg?fit=1200%2C677&ssl=1&resize=1050%2C600 3x"},"classes":[]},{"id":6125,"url":"https:\/\/soclose.mx\/blog\/news-feed\/tres-zonas-arqueologicas-de-michoacan-reabren-al-publico\/","url_meta":{"origin":6106,"position":4},"title":"Tres zonas arqueol\u00f3gicas de Michoac\u00e1n reabren al p\u00fablico","author":"So Close","date":"31 mayo, 2021","format":false,"excerpt":"En el estado de Michoac\u00e1n, a partir del 29 de mayo abrieron tres sitios siguiendo estrictos protocolos sanitarios. Las zonas arqueol\u00f3gicas de Tzintzuntzan, Tingambato y Huandacareo podr\u00e1n visitarse de lunes a domingo, de 10:00 a 16:00 horas. En Tzintzuntzan el aforo m\u00e1ximo permitido ser\u00e1 de 200 personas de manera simult\u00e1nea,\u2026","rel":"","context":"En &quot;News feed&quot;","block_context":{"text":"News feed","link":"https:\/\/soclose.mx\/blog\/category\/news-feed\/"},"img":{"alt_text":"","src":"https:\/\/i0.wp.com\/soclose.mx\/blog\/wp-content\/uploads\/2021\/05\/piramide-tingambato-michoacan.jpg?fit=1200%2C677&ssl=1&resize=350%2C200","width":350,"height":200,"srcset":"https:\/\/i0.wp.com\/soclose.mx\/blog\/wp-content\/uploads\/2021\/05\/piramide-tingambato-michoacan.jpg?fit=1200%2C677&ssl=1&resize=350%2C200 1x, https:\/\/i0.wp.com\/soclose.mx\/blog\/wp-content\/uploads\/2021\/05\/piramide-tingambato-michoacan.jpg?fit=1200%2C677&ssl=1&resize=525%2C300 1.5x, https:\/\/i0.wp.com\/soclose.mx\/blog\/wp-content\/uploads\/2021\/05\/piramide-tingambato-michoacan.jpg?fit=1200%2C677&ssl=1&resize=700%2C400 2x, https:\/\/i0.wp.com\/soclose.mx\/blog\/wp-content\/uploads\/2021\/05\/piramide-tingambato-michoacan.jpg?fit=1200%2C677&ssl=1&resize=1050%2C600 3x"},"classes":[]},{"id":6082,"url":"https:\/\/soclose.mx\/blog\/news-feed\/reabren-al-publico-zonas-arqueologicas-de-xochicalco-y-coatetelco-en-morelos\/","url_meta":{"origin":6106,"position":5},"title":"Reabren al p\u00fablico zonas arqueol\u00f3gicas de Xochicalco y Coatetelco, en Morelos","author":"So Close","date":"18 mayo, 2021","format":false,"excerpt":"A partir de este jueves 20 de mayo reabrir\u00e1n a la visita p\u00fablica las zonas arqueol\u00f3gicas de Xochicalco y Coatetelco, bajo estrictas medidas sanitarias, a fin de garantizan la salud de los visitantes y de los trabajadores. La Zona Arqueol\u00f3gica de Xochicalco abrir\u00e1 de mi\u00e9rcoles a domingo, de 9:00 a\u2026","rel":"","context":"En &quot;News feed&quot;","block_context":{"text":"News feed","link":"https:\/\/soclose.mx\/blog\/category\/news-feed\/"},"img":{"alt_text":"","src":"https:\/\/i0.wp.com\/soclose.mx\/blog\/wp-content\/uploads\/2021\/05\/zona-arqueologica-xochicalco.jpeg?fit=1200%2C677&ssl=1&resize=350%2C200","width":350,"height":200,"srcset":"https:\/\/i0.wp.com\/soclose.mx\/blog\/wp-content\/uploads\/2021\/05\/zona-arqueologica-xochicalco.jpeg?fit=1200%2C677&ssl=1&resize=350%2C200 1x, https:\/\/i0.wp.com\/soclose.mx\/blog\/wp-content\/uploads\/2021\/05\/zona-arqueologica-xochicalco.jpeg?fit=1200%2C677&ssl=1&resize=525%2C300 1.5x, https:\/\/i0.wp.com\/soclose.mx\/blog\/wp-content\/uploads\/2021\/05\/zona-arqueologica-xochicalco.jpeg?fit=1200%2C677&ssl=1&resize=700%2C400 2x, https:\/\/i0.wp.com\/soclose.mx\/blog\/wp-content\/uploads\/2021\/05\/zona-arqueologica-xochicalco.jpeg?fit=1200%2C677&ssl=1&resize=1050%2C600 3x"},"classes":[]}],"jetpack_sharing_enabled":true,"_links":{"self":[{"href":"https:\/\/soclose.mx\/blog\/wp-json\/wp\/v2\/posts\/6106","targetHints":{"allow":["GET"]}}],"collection":[{"href":"https:\/\/soclose.mx\/blog\/wp-json\/wp\/v2\/posts"}],"about":[{"href":"https:\/\/soclose.mx\/blog\/wp-json\/wp\/v2\/types\/post"}],"author":[{"embeddable":true,"href":"https:\/\/soclose.mx\/blog\/wp-json\/wp\/v2\/users\/1"}],"replies":[{"embeddable":true,"href":"https:\/\/soclose.mx\/blog\/wp-json\/wp\/v2\/comments?post=6106"}],"version-history":[{"count":0,"href":"https:\/\/soclose.mx\/blog\/wp-json\/wp\/v2\/posts\/6106\/revisions"}],"wp:featuredmedia":[{"embeddable":true,"href":"https:\/\/soclose.mx\/blog\/wp-json\/wp\/v2\/media\/6108"}],"wp:attachment":[{"href":"https:\/\/soclose.mx\/blog\/wp-json\/wp\/v2\/media?parent=6106"}],"wp:term":[{"taxonomy":"category","embeddable":true,"href":"https:\/\/soclose.mx\/blog\/wp-json\/wp\/v2\/categories?post=6106"},{"taxonomy":"post_tag","embeddable":true,"href":"https:\/\/soclose.mx\/blog\/wp-json\/wp\/v2\/tags?post=6106"}],"curies":[{"name":"wp","href":"https:\/\/api.w.org\/{rel}","templated":true}]}}