{"id":6114,"date":"2021-05-25T20:13:17","date_gmt":"2021-05-26T01:13:17","guid":{"rendered":"https:\/\/soclose.mx\/blog\/?p=6114"},"modified":"2021-05-25T20:13:17","modified_gmt":"2021-05-26T01:13:17","slug":"quien-es-la-joven-de-elite-de-casi-1400-anos-de-antiguedad-descubierta-en-michoacan","status":"publish","type":"post","link":"https:\/\/soclose.mx\/blog\/ay-goeeee\/quien-es-la-joven-de-elite-de-casi-1400-anos-de-antiguedad-descubierta-en-michoacan\/","title":{"rendered":"\u00bfQui\u00e9n es la joven de \u00e9lite de casi 1,400 a\u00f1os de antig\u00fcedad, descubierta en Michoac\u00e1n?"},"content":{"rendered":"<p>Tras el hallazgo de la <strong>Tumba II<\/strong> en la <strong>Zona Arqueol\u00f3gica de Tingambato<\/strong>, en <strong>Michoac\u00e1n<\/strong>, en 2011, por parte de investigadores del Instituto Nacional de Antropolog\u00eda e Historia (INAH), donde se encontraron los restos \u00f3seos de una mujer y m\u00e1s de 19 mil objetos asociados, el estudio de estos elementos revelan aspectos de este personaje de la <strong>\u00e9lite local.<\/strong><\/p>\n<p>Los an\u00e1lisis de tales materiales comenzaron en 2016, cuando el investigador del Centro INAH <strong>Michoac\u00e1n<\/strong>, el arque\u00f3logo Jos\u00e9 Luis Punzo D\u00edaz, retom\u00f3 la exploraci\u00f3n del sitio como parte del Proyecto Arqueolog\u00eda y Paisaje del \u00c1rea Centro\u2013Sur de Michoac\u00e1n, impulsado por la Secretar\u00eda de Cultura federal, quien indica que los resultados revelan la trascendencia de este entierro y del personaje inhumado, y lo colocan como uno de los m\u00e1s importantes en la arqueolog\u00eda del occidente de <strong>M\u00e9xico<\/strong>, en particular de <strong><a href=\"https:\/\/soclose.mx\/blog\/?s=Michoac%C3%A1n\" target=\"_blank\" rel=\"noopener\">Michoac\u00e1n<\/a>.\u00a0\u00a0<\/strong><\/p>\n<p>Los restos \u00f3seos de la <strong>mujer<\/strong> fueron hallados dentro de una c\u00e1mara funeraria construida a cinco metros de profundidad, con fuertes paredes de piedra y un techo abovedado de lajas en sentido de espiral, donde fue inhumada con un rico ajuar compuesto por 19 mil 428 objetos de concha y lapidaria.<\/p>\n<p>De acuerdo con Alejandro Vald\u00e9s Herrera, integrante del proyecto de investigaci\u00f3n, los an\u00e1lisis osteol\u00f3gico y de ADN antiguo confirmaron que los restos \u00f3seos depositados en la<strong> Tumba II,<\/strong> pertenec\u00edan a una<strong> joven mujer de entre 16 y 19 a\u00f1os.<\/strong> Su antig\u00fcedad se remonta hacia el a\u00f1o 630 d.C., de acuerdo con el an\u00e1lisis de col\u00e1geno por radiocarbono hecho en el Laboratorio de Espectrometr\u00eda de Masas con Aceleradores de la Universidad Nacional Aut\u00f3noma de M\u00e9xico (UNAM), cuyo dato coincide con la etapa de mayor crecimiento de <strong>Tingambato,<\/strong> de 550 a 850 d.C.<\/p>\n<p>Detalla que, debido a la fragmentaci\u00f3n y malas condiciones de conservaci\u00f3n que presentaba el cr\u00e1neo, se hizo una cuidadosa reconstrucci\u00f3n en el Laboratorio de Antropolog\u00eda F\u00edsica del Centro INAH-<a href=\"https:\/\/soclose.mx\/blog\/?s=Michoac%C3%A1n\" target=\"_blank\" rel=\"noopener\"><strong>Michoac\u00e1n<\/strong><\/a>, a cargo del antrop\u00f3logo Carlos Karam Tapia, donde se descubri\u00f3 que presentaba deformaci\u00f3n cef\u00e1lica intencional del tipo tabular erecta, as\u00ed como trabajos de modificaci\u00f3n dental.<\/p>\n<p>\u201cSi bien estas modificaciones eran recurrentes en su tiempo, se asocian a ciertos grupos de la sociedad, lo que nos lleva a pensar que era parte de la <strong>\u00e9lite local.<\/strong> Por otro lado, al analizar su dentadura observamos que las modificaciones no estaban desgastadas ni presentaban evidencias de uso, por lo que pudieron haber sido realizadas en un momento cercano a su muerte\u201d, explica Vald\u00e9s Herrera.<\/p>\n<p>Mediante los estudios tambi\u00e9n se determinaron diversas paleopatolog\u00edas, las cuales indican que sufri\u00f3 periodos de enfermedad como fiebre y un grado leve de desnutrici\u00f3n, aunque no parecen ser la causa de muerte, la cual a\u00fan se desconoce.<\/p>\n<p>Al analizar el conjunto de materiales que formaban concentraciones en ciertas \u00e1reas de los restos mortales, colocados sobre una cama de piedras lajas, se observ\u00f3 que se trataba de un ajuar funerario, el cual, por la cantidad y calidad de los objetos, as\u00ed como por su temporalidad y estar asociados a una sola persona, se considera uno de los m\u00e1s importantes encontrados en el occidente mexicano.<\/p>\n<p>Al analizar los 18 mil 601 elementos elaborados con conchas marinas, se determin\u00f3 que la mayor parte de las cuentas y pendientes son de la especie\u00a0<em>Spondylus princeps<\/em>, proveniente del Pac\u00edfico, peculiar por su tonalidad anaranjada, la cual fue altamente apreciada por las culturas antiguas. De ese universo, resaltan por su cantidad, tres mil 38 caracoles usados como sartales.<\/p>\n<p>El pectoral que portaba, perteneciente a la tradici\u00f3n de ropa enconchada, fue complementado con 10 anillos hechos tambi\u00e9n con concha, uno en cada dedo, y en los tobillos presentaba sartales de cuentas en forma cil\u00edndrica de la especie\u00a0<em>Tripsycha tripsycha<\/em>, as\u00ed como cascabeles elaborados con caracoles marinos.<\/p>\n<p>Cerca del cr\u00e1neo se localiz\u00f3 una diadema de placas de concha, adem\u00e1s de una orejera compuesta, tipo discoidal con cuenta cil\u00edndrica central \u2014similares a las utilizadas en el \u00e1rea maya, aunque en este caso hecha con concha y no con jade\u2014; as\u00ed como m\u00e1s de dos mil caracoles peque\u00f1os del g\u00e9nero\u00a0<em>Olivella<\/em>, los cuales se cree fueron insertados directamente en el cabello de la joven, pues no se encontraron sobre el cr\u00e1neo sino dispersos a su alrededor.<\/p>\n<p>Adem\u00e1s, se localizaron cinco \u00e1tlatl o lanzadardos rodeando el cuerpo de la joven, cuatro de ellos presentan agarraderas de concha y uno m\u00e1s de piedra verde; se trata de versiones de lujo de estas armas y manifiestan el car\u00e1cter guerrero de esta mujer.<\/p>\n<p>En los estudios de identificaci\u00f3n mineral, hechos por medio de t\u00e9cnicas de espectroscop\u00eda Raman, se cont\u00f3 con el apoyo del Centro de Investigaciones en \u00d3ptica, y de los doctores Antonio Meneses Nava y Jasinto Robles Camacho, del Centro INAH <strong>Michoac\u00e1n.<\/strong><\/p>\n<p>En lo que respecta a los 827 elementos lapidarios, los especialistas destacan que la mayor parte de las cuentas de piedra verde corresponden a un mineral llamado amazonita, cuya procedencia a\u00fan no se precisa, pero se conocen vetas importantes en la regi\u00f3n que hoy ocupa Chihuahua; y a turquesa, en menor medida, pero de gran importancia, la cual probablemente provino de lo que hoy es el suroeste de los Estados Unidos.<\/p>\n<p>Tambi\u00e9n se hicieron an\u00e1lisis de huellas de manufactura, en la Subdirecci\u00f3n de Laboratorios y Apoyo Acad\u00e9mico del INAH, conjuntamente con el doctor Emiliano Melgar T\u00edsoc, con los que se determin\u00f3 que la elaboraci\u00f3n de la mayor\u00eda de los objetos de concha y lapidaria presenta diferentes procesos, lo que indicar\u00eda que fueron hechos en diversos talleres.<\/p>\n<p>El arque\u00f3logo Jos\u00e9 Luis Punzo D\u00edaz finaliza que <strong>Tingambato<\/strong> fue un sitio privilegiado por su ubicaci\u00f3n, en la entrada de Tierra Caliente y la sierra fr\u00eda michoacana, el cual surgi\u00f3 en el a\u00f1o 0 y tuvo una ocupaci\u00f3n constante hasta 900 d.C.<\/p>\n<p>Fuente: bolet\u00edn de prensa <a href=\"https:\/\/www.inah.gob.mx\/\" target=\"_blank\" rel=\"noopener\">INAH<\/a><\/p>\n","protected":false},"excerpt":{"rendered":"<p>Tras el hallazgo de la Tumba II en la Zona Arqueol\u00f3gica de Tingambato, en Michoac\u00e1n, en 2011, por parte de investigadores del Instituto Nacional de Antropolog\u00eda e Historia (INAH), donde se encontraron los restos \u00f3seos de una mujer y m\u00e1s de 19 mil objetos asociados, el estudio de estos elementos revelan aspectos de este personaje de la \u00e9lite local. Los an\u00e1lisis de tales materiales comenzaron en 2016, cuando el investigador del Centro INAH Michoac\u00e1n, el arque\u00f3logo Jos\u00e9 Luis Punzo D\u00edaz, retom\u00f3 la exploraci\u00f3n del sitio como parte del Proyecto Arqueolog\u00eda y Paisaje del \u00c1rea Centro\u2013Sur de Michoac\u00e1n, impulsado por la<\/p>\n","protected":false},"author":1,"featured_media":6115,"comment_status":"open","ping_status":"open","sticky":false,"template":"","format":"standard","meta":{"_jetpack_memberships_contains_paid_content":false,"footnotes":""},"categories":[1,628],"tags":[733,903,904,902],"class_list":["post-6114","post","type-post","status-publish","format-standard","has-post-thumbnail","hentry","category-ay-goeeee","category-news-feed","tag-michoacan","tag-mujer-de-elite","tag-tingambato","tag-tumba-ii"],"yoast_head":"<!-- This site is optimized with the Yoast SEO plugin v26.7 - https:\/\/yoast.com\/wordpress\/plugins\/seo\/ -->\n<title>\u00bfQui\u00e9n es la joven de \u00e9lite de casi 1,400 a\u00f1os de antig\u00fcedad, descubierta en Michoac\u00e1n? - So Close<\/title>\n<meta name=\"description\" content=\"Los an\u00e1lisis confirmaron que los restos \u00f3seos depositados en la Tumba II, pertenec\u00edan a una joven mujer de entre 16 y 19 a\u00f1os.\" \/>\n<meta name=\"robots\" content=\"index, follow, max-snippet:-1, max-image-preview:large, max-video-preview:-1\" \/>\n<link rel=\"canonical\" href=\"https:\/\/soclose.mx\/blog\/ay-goeeee\/quien-es-la-joven-de-elite-de-casi-1400-anos-de-antiguedad-descubierta-en-michoacan\/\" \/>\n<meta property=\"og:locale\" content=\"es_MX\" \/>\n<meta property=\"og:type\" content=\"article\" \/>\n<meta property=\"og:title\" content=\"\u00bfQui\u00e9n es la joven de \u00e9lite de casi 1,400 a\u00f1os de antig\u00fcedad, descubierta en Michoac\u00e1n? - So Close\" \/>\n<meta property=\"og:description\" content=\"Los an\u00e1lisis confirmaron que los restos \u00f3seos depositados en la Tumba II, pertenec\u00edan a una joven mujer de entre 16 y 19 a\u00f1os.\" \/>\n<meta property=\"og:url\" content=\"https:\/\/soclose.mx\/blog\/ay-goeeee\/quien-es-la-joven-de-elite-de-casi-1400-anos-de-antiguedad-descubierta-en-michoacan\/\" \/>\n<meta property=\"og:site_name\" content=\"So Close\" \/>\n<meta property=\"article:published_time\" content=\"2021-05-26T01:13:17+00:00\" \/>\n<meta property=\"og:image\" content=\"https:\/\/soclose.mx\/blog\/wp-content\/uploads\/2021\/05\/restos-oseos.jpeg\" \/>\n\t<meta property=\"og:image:width\" content=\"1240\" \/>\n\t<meta property=\"og:image:height\" content=\"700\" \/>\n\t<meta property=\"og:image:type\" content=\"image\/jpeg\" \/>\n<meta name=\"author\" content=\"So Close\" \/>\n<meta name=\"twitter:card\" content=\"summary_large_image\" \/>\n<meta name=\"twitter:label1\" content=\"Escrito por\" \/>\n\t<meta name=\"twitter:data1\" content=\"So Close\" \/>\n\t<meta name=\"twitter:label2\" content=\"Tiempo de lectura\" \/>\n\t<meta name=\"twitter:data2\" content=\"5 minutos\" \/>\n<script type=\"application\/ld+json\" class=\"yoast-schema-graph\">{\"@context\":\"https:\/\/schema.org\",\"@graph\":[{\"@type\":\"Article\",\"@id\":\"https:\/\/soclose.mx\/blog\/ay-goeeee\/quien-es-la-joven-de-elite-de-casi-1400-anos-de-antiguedad-descubierta-en-michoacan\/#article\",\"isPartOf\":{\"@id\":\"https:\/\/soclose.mx\/blog\/ay-goeeee\/quien-es-la-joven-de-elite-de-casi-1400-anos-de-antiguedad-descubierta-en-michoacan\/\"},\"author\":{\"name\":\"So Close\",\"@id\":\"https:\/\/soclose.mx\/blog\/#\/schema\/person\/723eb117ab965b55c3e56b5d29751667\"},\"headline\":\"\u00bfQui\u00e9n es la joven de \u00e9lite de casi 1,400 a\u00f1os de antig\u00fcedad, descubierta en Michoac\u00e1n?\",\"datePublished\":\"2021-05-26T01:13:17+00:00\",\"mainEntityOfPage\":{\"@id\":\"https:\/\/soclose.mx\/blog\/ay-goeeee\/quien-es-la-joven-de-elite-de-casi-1400-anos-de-antiguedad-descubierta-en-michoacan\/\"},\"wordCount\":1031,\"commentCount\":0,\"publisher\":{\"@id\":\"https:\/\/soclose.mx\/blog\/#organization\"},\"image\":{\"@id\":\"https:\/\/soclose.mx\/blog\/ay-goeeee\/quien-es-la-joven-de-elite-de-casi-1400-anos-de-antiguedad-descubierta-en-michoacan\/#primaryimage\"},\"thumbnailUrl\":\"https:\/\/i0.wp.com\/soclose.mx\/blog\/wp-content\/uploads\/2021\/05\/restos-oseos.jpeg?fit=1240%2C700&ssl=1\",\"keywords\":[\"michoacan\",\"mujer de elite\",\"Tingambato\",\"Tumba II\"],\"articleSection\":[\"\u00a1Ay goeeee!\",\"News feed\"],\"inLanguage\":\"es\",\"potentialAction\":[{\"@type\":\"CommentAction\",\"name\":\"Comment\",\"target\":[\"https:\/\/soclose.mx\/blog\/ay-goeeee\/quien-es-la-joven-de-elite-de-casi-1400-anos-de-antiguedad-descubierta-en-michoacan\/#respond\"]}]},{\"@type\":\"WebPage\",\"@id\":\"https:\/\/soclose.mx\/blog\/ay-goeeee\/quien-es-la-joven-de-elite-de-casi-1400-anos-de-antiguedad-descubierta-en-michoacan\/\",\"url\":\"https:\/\/soclose.mx\/blog\/ay-goeeee\/quien-es-la-joven-de-elite-de-casi-1400-anos-de-antiguedad-descubierta-en-michoacan\/\",\"name\":\"\u00bfQui\u00e9n es la joven de \u00e9lite de casi 1,400 a\u00f1os de antig\u00fcedad, descubierta en Michoac\u00e1n? - So Close\",\"isPartOf\":{\"@id\":\"https:\/\/soclose.mx\/blog\/#website\"},\"primaryImageOfPage\":{\"@id\":\"https:\/\/soclose.mx\/blog\/ay-goeeee\/quien-es-la-joven-de-elite-de-casi-1400-anos-de-antiguedad-descubierta-en-michoacan\/#primaryimage\"},\"image\":{\"@id\":\"https:\/\/soclose.mx\/blog\/ay-goeeee\/quien-es-la-joven-de-elite-de-casi-1400-anos-de-antiguedad-descubierta-en-michoacan\/#primaryimage\"},\"thumbnailUrl\":\"https:\/\/i0.wp.com\/soclose.mx\/blog\/wp-content\/uploads\/2021\/05\/restos-oseos.jpeg?fit=1240%2C700&ssl=1\",\"datePublished\":\"2021-05-26T01:13:17+00:00\",\"description\":\"Los an\u00e1lisis confirmaron que los restos \u00f3seos depositados en la Tumba II, pertenec\u00edan a una joven mujer de entre 16 y 19 a\u00f1os.\",\"breadcrumb\":{\"@id\":\"https:\/\/soclose.mx\/blog\/ay-goeeee\/quien-es-la-joven-de-elite-de-casi-1400-anos-de-antiguedad-descubierta-en-michoacan\/#breadcrumb\"},\"inLanguage\":\"es\",\"potentialAction\":[{\"@type\":\"ReadAction\",\"target\":[\"https:\/\/soclose.mx\/blog\/ay-goeeee\/quien-es-la-joven-de-elite-de-casi-1400-anos-de-antiguedad-descubierta-en-michoacan\/\"]}]},{\"@type\":\"ImageObject\",\"inLanguage\":\"es\",\"@id\":\"https:\/\/soclose.mx\/blog\/ay-goeeee\/quien-es-la-joven-de-elite-de-casi-1400-anos-de-antiguedad-descubierta-en-michoacan\/#primaryimage\",\"url\":\"https:\/\/i0.wp.com\/soclose.mx\/blog\/wp-content\/uploads\/2021\/05\/restos-oseos.jpeg?fit=1240%2C700&ssl=1\",\"contentUrl\":\"https:\/\/i0.wp.com\/soclose.mx\/blog\/wp-content\/uploads\/2021\/05\/restos-oseos.jpeg?fit=1240%2C700&ssl=1\",\"width\":1240,\"height\":700},{\"@type\":\"BreadcrumbList\",\"@id\":\"https:\/\/soclose.mx\/blog\/ay-goeeee\/quien-es-la-joven-de-elite-de-casi-1400-anos-de-antiguedad-descubierta-en-michoacan\/#breadcrumb\",\"itemListElement\":[{\"@type\":\"ListItem\",\"position\":1,\"name\":\"Inicio\",\"item\":\"https:\/\/soclose.mx\/blog\/\"},{\"@type\":\"ListItem\",\"position\":2,\"name\":\"\u00bfQui\u00e9n es la joven de \u00e9lite de casi 1,400 a\u00f1os de antig\u00fcedad, descubierta en Michoac\u00e1n?\"}]},{\"@type\":\"WebSite\",\"@id\":\"https:\/\/soclose.mx\/blog\/#website\",\"url\":\"https:\/\/soclose.mx\/blog\/\",\"name\":\"So Close\",\"description\":\"Hacemos contenidos de M\u00e9xico\",\"publisher\":{\"@id\":\"https:\/\/soclose.mx\/blog\/#organization\"},\"potentialAction\":[{\"@type\":\"SearchAction\",\"target\":{\"@type\":\"EntryPoint\",\"urlTemplate\":\"https:\/\/soclose.mx\/blog\/?s={search_term_string}\"},\"query-input\":{\"@type\":\"PropertyValueSpecification\",\"valueRequired\":true,\"valueName\":\"search_term_string\"}}],\"inLanguage\":\"es\"},{\"@type\":\"Organization\",\"@id\":\"https:\/\/soclose.mx\/blog\/#organization\",\"name\":\"So Close\",\"url\":\"https:\/\/soclose.mx\/blog\/\",\"logo\":{\"@type\":\"ImageObject\",\"inLanguage\":\"es\",\"@id\":\"https:\/\/soclose.mx\/blog\/#\/schema\/logo\/image\/\",\"url\":\"https:\/\/i0.wp.com\/soclose.mx\/blog\/wp-content\/uploads\/2020\/12\/LOGO_SOCLOSE_COLOR-e1608310133507.png?fit=2858%2C1264&ssl=1\",\"contentUrl\":\"https:\/\/i0.wp.com\/soclose.mx\/blog\/wp-content\/uploads\/2020\/12\/LOGO_SOCLOSE_COLOR-e1608310133507.png?fit=2858%2C1264&ssl=1\",\"width\":2858,\"height\":1264,\"caption\":\"So Close\"},\"image\":{\"@id\":\"https:\/\/soclose.mx\/blog\/#\/schema\/logo\/image\/\"}},{\"@type\":\"Person\",\"@id\":\"https:\/\/soclose.mx\/blog\/#\/schema\/person\/723eb117ab965b55c3e56b5d29751667\",\"name\":\"So Close\",\"image\":{\"@type\":\"ImageObject\",\"inLanguage\":\"es\",\"@id\":\"https:\/\/soclose.mx\/blog\/#\/schema\/person\/image\/\",\"url\":\"https:\/\/secure.gravatar.com\/avatar\/5a1d1d694eaf6d2c28f450f0984cbb34821b92dc49c1d088c0250fbc6a48efec?s=96&d=mm&r=g\",\"contentUrl\":\"https:\/\/secure.gravatar.com\/avatar\/5a1d1d694eaf6d2c28f450f0984cbb34821b92dc49c1d088c0250fbc6a48efec?s=96&d=mm&r=g\",\"caption\":\"So Close\"},\"sameAs\":[\"http:\/\/www.soclose.mx\",\"https:\/\/www.youtube.com\/@soclosemx\"],\"url\":\"https:\/\/soclose.mx\/blog\/author\/admin\/\"}]}<\/script>\n<!-- \/ Yoast SEO plugin. -->","yoast_head_json":{"title":"\u00bfQui\u00e9n es la joven de \u00e9lite de casi 1,400 a\u00f1os de antig\u00fcedad, descubierta en Michoac\u00e1n? - So Close","description":"Los an\u00e1lisis confirmaron que los restos \u00f3seos depositados en la Tumba II, pertenec\u00edan a una joven mujer de entre 16 y 19 a\u00f1os.","robots":{"index":"index","follow":"follow","max-snippet":"max-snippet:-1","max-image-preview":"max-image-preview:large","max-video-preview":"max-video-preview:-1"},"canonical":"https:\/\/soclose.mx\/blog\/ay-goeeee\/quien-es-la-joven-de-elite-de-casi-1400-anos-de-antiguedad-descubierta-en-michoacan\/","og_locale":"es_MX","og_type":"article","og_title":"\u00bfQui\u00e9n es la joven de \u00e9lite de casi 1,400 a\u00f1os de antig\u00fcedad, descubierta en Michoac\u00e1n? - So Close","og_description":"Los an\u00e1lisis confirmaron que los restos \u00f3seos depositados en la Tumba II, pertenec\u00edan a una joven mujer de entre 16 y 19 a\u00f1os.","og_url":"https:\/\/soclose.mx\/blog\/ay-goeeee\/quien-es-la-joven-de-elite-de-casi-1400-anos-de-antiguedad-descubierta-en-michoacan\/","og_site_name":"So Close","article_published_time":"2021-05-26T01:13:17+00:00","og_image":[{"width":1240,"height":700,"url":"https:\/\/soclose.mx\/blog\/wp-content\/uploads\/2021\/05\/restos-oseos.jpeg","type":"image\/jpeg"}],"author":"So Close","twitter_card":"summary_large_image","twitter_misc":{"Escrito por":"So Close","Tiempo de lectura":"5 minutos"},"schema":{"@context":"https:\/\/schema.org","@graph":[{"@type":"Article","@id":"https:\/\/soclose.mx\/blog\/ay-goeeee\/quien-es-la-joven-de-elite-de-casi-1400-anos-de-antiguedad-descubierta-en-michoacan\/#article","isPartOf":{"@id":"https:\/\/soclose.mx\/blog\/ay-goeeee\/quien-es-la-joven-de-elite-de-casi-1400-anos-de-antiguedad-descubierta-en-michoacan\/"},"author":{"name":"So Close","@id":"https:\/\/soclose.mx\/blog\/#\/schema\/person\/723eb117ab965b55c3e56b5d29751667"},"headline":"\u00bfQui\u00e9n es la joven de \u00e9lite de casi 1,400 a\u00f1os de antig\u00fcedad, descubierta en Michoac\u00e1n?","datePublished":"2021-05-26T01:13:17+00:00","mainEntityOfPage":{"@id":"https:\/\/soclose.mx\/blog\/ay-goeeee\/quien-es-la-joven-de-elite-de-casi-1400-anos-de-antiguedad-descubierta-en-michoacan\/"},"wordCount":1031,"commentCount":0,"publisher":{"@id":"https:\/\/soclose.mx\/blog\/#organization"},"image":{"@id":"https:\/\/soclose.mx\/blog\/ay-goeeee\/quien-es-la-joven-de-elite-de-casi-1400-anos-de-antiguedad-descubierta-en-michoacan\/#primaryimage"},"thumbnailUrl":"https:\/\/i0.wp.com\/soclose.mx\/blog\/wp-content\/uploads\/2021\/05\/restos-oseos.jpeg?fit=1240%2C700&ssl=1","keywords":["michoacan","mujer de elite","Tingambato","Tumba II"],"articleSection":["\u00a1Ay goeeee!","News feed"],"inLanguage":"es","potentialAction":[{"@type":"CommentAction","name":"Comment","target":["https:\/\/soclose.mx\/blog\/ay-goeeee\/quien-es-la-joven-de-elite-de-casi-1400-anos-de-antiguedad-descubierta-en-michoacan\/#respond"]}]},{"@type":"WebPage","@id":"https:\/\/soclose.mx\/blog\/ay-goeeee\/quien-es-la-joven-de-elite-de-casi-1400-anos-de-antiguedad-descubierta-en-michoacan\/","url":"https:\/\/soclose.mx\/blog\/ay-goeeee\/quien-es-la-joven-de-elite-de-casi-1400-anos-de-antiguedad-descubierta-en-michoacan\/","name":"\u00bfQui\u00e9n es la joven de \u00e9lite de casi 1,400 a\u00f1os de antig\u00fcedad, descubierta en Michoac\u00e1n? - So Close","isPartOf":{"@id":"https:\/\/soclose.mx\/blog\/#website"},"primaryImageOfPage":{"@id":"https:\/\/soclose.mx\/blog\/ay-goeeee\/quien-es-la-joven-de-elite-de-casi-1400-anos-de-antiguedad-descubierta-en-michoacan\/#primaryimage"},"image":{"@id":"https:\/\/soclose.mx\/blog\/ay-goeeee\/quien-es-la-joven-de-elite-de-casi-1400-anos-de-antiguedad-descubierta-en-michoacan\/#primaryimage"},"thumbnailUrl":"https:\/\/i0.wp.com\/soclose.mx\/blog\/wp-content\/uploads\/2021\/05\/restos-oseos.jpeg?fit=1240%2C700&ssl=1","datePublished":"2021-05-26T01:13:17+00:00","description":"Los an\u00e1lisis confirmaron que los restos \u00f3seos depositados en la Tumba II, pertenec\u00edan a una joven mujer de entre 16 y 19 a\u00f1os.","breadcrumb":{"@id":"https:\/\/soclose.mx\/blog\/ay-goeeee\/quien-es-la-joven-de-elite-de-casi-1400-anos-de-antiguedad-descubierta-en-michoacan\/#breadcrumb"},"inLanguage":"es","potentialAction":[{"@type":"ReadAction","target":["https:\/\/soclose.mx\/blog\/ay-goeeee\/quien-es-la-joven-de-elite-de-casi-1400-anos-de-antiguedad-descubierta-en-michoacan\/"]}]},{"@type":"ImageObject","inLanguage":"es","@id":"https:\/\/soclose.mx\/blog\/ay-goeeee\/quien-es-la-joven-de-elite-de-casi-1400-anos-de-antiguedad-descubierta-en-michoacan\/#primaryimage","url":"https:\/\/i0.wp.com\/soclose.mx\/blog\/wp-content\/uploads\/2021\/05\/restos-oseos.jpeg?fit=1240%2C700&ssl=1","contentUrl":"https:\/\/i0.wp.com\/soclose.mx\/blog\/wp-content\/uploads\/2021\/05\/restos-oseos.jpeg?fit=1240%2C700&ssl=1","width":1240,"height":700},{"@type":"BreadcrumbList","@id":"https:\/\/soclose.mx\/blog\/ay-goeeee\/quien-es-la-joven-de-elite-de-casi-1400-anos-de-antiguedad-descubierta-en-michoacan\/#breadcrumb","itemListElement":[{"@type":"ListItem","position":1,"name":"Inicio","item":"https:\/\/soclose.mx\/blog\/"},{"@type":"ListItem","position":2,"name":"\u00bfQui\u00e9n es la joven de \u00e9lite de casi 1,400 a\u00f1os de antig\u00fcedad, descubierta en Michoac\u00e1n?"}]},{"@type":"WebSite","@id":"https:\/\/soclose.mx\/blog\/#website","url":"https:\/\/soclose.mx\/blog\/","name":"So Close","description":"Hacemos contenidos de M\u00e9xico","publisher":{"@id":"https:\/\/soclose.mx\/blog\/#organization"},"potentialAction":[{"@type":"SearchAction","target":{"@type":"EntryPoint","urlTemplate":"https:\/\/soclose.mx\/blog\/?s={search_term_string}"},"query-input":{"@type":"PropertyValueSpecification","valueRequired":true,"valueName":"search_term_string"}}],"inLanguage":"es"},{"@type":"Organization","@id":"https:\/\/soclose.mx\/blog\/#organization","name":"So Close","url":"https:\/\/soclose.mx\/blog\/","logo":{"@type":"ImageObject","inLanguage":"es","@id":"https:\/\/soclose.mx\/blog\/#\/schema\/logo\/image\/","url":"https:\/\/i0.wp.com\/soclose.mx\/blog\/wp-content\/uploads\/2020\/12\/LOGO_SOCLOSE_COLOR-e1608310133507.png?fit=2858%2C1264&ssl=1","contentUrl":"https:\/\/i0.wp.com\/soclose.mx\/blog\/wp-content\/uploads\/2020\/12\/LOGO_SOCLOSE_COLOR-e1608310133507.png?fit=2858%2C1264&ssl=1","width":2858,"height":1264,"caption":"So Close"},"image":{"@id":"https:\/\/soclose.mx\/blog\/#\/schema\/logo\/image\/"}},{"@type":"Person","@id":"https:\/\/soclose.mx\/blog\/#\/schema\/person\/723eb117ab965b55c3e56b5d29751667","name":"So Close","image":{"@type":"ImageObject","inLanguage":"es","@id":"https:\/\/soclose.mx\/blog\/#\/schema\/person\/image\/","url":"https:\/\/secure.gravatar.com\/avatar\/5a1d1d694eaf6d2c28f450f0984cbb34821b92dc49c1d088c0250fbc6a48efec?s=96&d=mm&r=g","contentUrl":"https:\/\/secure.gravatar.com\/avatar\/5a1d1d694eaf6d2c28f450f0984cbb34821b92dc49c1d088c0250fbc6a48efec?s=96&d=mm&r=g","caption":"So Close"},"sameAs":["http:\/\/www.soclose.mx","https:\/\/www.youtube.com\/@soclosemx"],"url":"https:\/\/soclose.mx\/blog\/author\/admin\/"}]}},"jetpack_featured_media_url":"https:\/\/i0.wp.com\/soclose.mx\/blog\/wp-content\/uploads\/2021\/05\/restos-oseos.jpeg?fit=1240%2C700&ssl=1","jetpack-related-posts":[{"id":6125,"url":"https:\/\/soclose.mx\/blog\/news-feed\/tres-zonas-arqueologicas-de-michoacan-reabren-al-publico\/","url_meta":{"origin":6114,"position":0},"title":"Tres zonas arqueol\u00f3gicas de Michoac\u00e1n reabren al p\u00fablico","author":"So Close","date":"31 mayo, 2021","format":false,"excerpt":"En el estado de Michoac\u00e1n, a partir del 29 de mayo abrieron tres sitios siguiendo estrictos protocolos sanitarios. Las zonas arqueol\u00f3gicas de Tzintzuntzan, Tingambato y Huandacareo podr\u00e1n visitarse de lunes a domingo, de 10:00 a 16:00 horas. En Tzintzuntzan el aforo m\u00e1ximo permitido ser\u00e1 de 200 personas de manera simult\u00e1nea,\u2026","rel":"","context":"En &quot;News feed&quot;","block_context":{"text":"News feed","link":"https:\/\/soclose.mx\/blog\/category\/news-feed\/"},"img":{"alt_text":"","src":"https:\/\/i0.wp.com\/soclose.mx\/blog\/wp-content\/uploads\/2021\/05\/piramide-tingambato-michoacan.jpg?fit=1200%2C677&ssl=1&resize=350%2C200","width":350,"height":200,"srcset":"https:\/\/i0.wp.com\/soclose.mx\/blog\/wp-content\/uploads\/2021\/05\/piramide-tingambato-michoacan.jpg?fit=1200%2C677&ssl=1&resize=350%2C200 1x, https:\/\/i0.wp.com\/soclose.mx\/blog\/wp-content\/uploads\/2021\/05\/piramide-tingambato-michoacan.jpg?fit=1200%2C677&ssl=1&resize=525%2C300 1.5x, https:\/\/i0.wp.com\/soclose.mx\/blog\/wp-content\/uploads\/2021\/05\/piramide-tingambato-michoacan.jpg?fit=1200%2C677&ssl=1&resize=700%2C400 2x, https:\/\/i0.wp.com\/soclose.mx\/blog\/wp-content\/uploads\/2021\/05\/piramide-tingambato-michoacan.jpg?fit=1200%2C677&ssl=1&resize=1050%2C600 3x"},"classes":[]},{"id":5832,"url":"https:\/\/soclose.mx\/blog\/comida-mexicana\/descubren-tumba-multiple-de-hace-2-mil-anos-en-cantona-puebla\/","url_meta":{"origin":6114,"position":1},"title":"Descubren tumba m\u00faltiple de hace 2 mil a\u00f1os en Cantona, Puebla","author":"So Close","date":"4 marzo, 2021","format":false,"excerpt":"La hallaron al excavar un entierro m\u00faltiple, localizado por pobladores de Tepeyahualco mientras colectaban material para construcci\u00f3n. El entierro se compone de los restos \u00f3seos de cuatro individuos j\u00f3venes, por su asociaci\u00f3n con cer\u00e1mica de la fase Cantona I Tard\u00edo, se calcula una antig\u00fcedad de m\u00e1s de 2000 a\u00f1os. Seis\u2026","rel":"","context":"En &quot;Comida mexicana&quot;","block_context":{"text":"Comida mexicana","link":"https:\/\/soclose.mx\/blog\/category\/comida-mexicana\/"},"img":{"alt_text":"","src":"https:\/\/i0.wp.com\/soclose.mx\/blog\/wp-content\/uploads\/2021\/03\/umba.jpg?fit=1200%2C677&ssl=1&resize=350%2C200","width":350,"height":200,"srcset":"https:\/\/i0.wp.com\/soclose.mx\/blog\/wp-content\/uploads\/2021\/03\/umba.jpg?fit=1200%2C677&ssl=1&resize=350%2C200 1x, https:\/\/i0.wp.com\/soclose.mx\/blog\/wp-content\/uploads\/2021\/03\/umba.jpg?fit=1200%2C677&ssl=1&resize=525%2C300 1.5x, https:\/\/i0.wp.com\/soclose.mx\/blog\/wp-content\/uploads\/2021\/03\/umba.jpg?fit=1200%2C677&ssl=1&resize=700%2C400 2x, https:\/\/i0.wp.com\/soclose.mx\/blog\/wp-content\/uploads\/2021\/03\/umba.jpg?fit=1200%2C677&ssl=1&resize=1050%2C600 3x"},"classes":[]},{"id":6014,"url":"https:\/\/soclose.mx\/blog\/news-feed\/profesora-devuelve-piezas-prehispanicas-a-zona-arqueologica-soledad-de-maciel-en-guerrero\/","url_meta":{"origin":6114,"position":2},"title":"Profesora devuelve piezas prehisp\u00e1nicas a Zona Arqueol\u00f3gica Soledad de Maciel, en Guerrero","author":"So Close","date":"4 mayo, 2021","format":false,"excerpt":"Entre las d\u00e9cadas de 1950 y 1960, a sabiendas del inter\u00e9s del profesor Ignacio Mora por la historia, vecinos de los municipios de Petatl\u00e1n y Zihuatanejo acud\u00edan a \u00e9l para entregarle figurillas, malacates, vasijas, entre otros objetos prehisp\u00e1nicos que localizaban en sus comunidades, principalmente las cercanas al sitio arqueol\u00f3gico de\u2026","rel":"","context":"En &quot;News feed&quot;","block_context":{"text":"News feed","link":"https:\/\/soclose.mx\/blog\/category\/news-feed\/"},"img":{"alt_text":"","src":"https:\/\/i0.wp.com\/soclose.mx\/blog\/wp-content\/uploads\/2021\/05\/piezas-prehispanicas.jpeg?fit=1200%2C677&ssl=1&resize=350%2C200","width":350,"height":200,"srcset":"https:\/\/i0.wp.com\/soclose.mx\/blog\/wp-content\/uploads\/2021\/05\/piezas-prehispanicas.jpeg?fit=1200%2C677&ssl=1&resize=350%2C200 1x, https:\/\/i0.wp.com\/soclose.mx\/blog\/wp-content\/uploads\/2021\/05\/piezas-prehispanicas.jpeg?fit=1200%2C677&ssl=1&resize=525%2C300 1.5x, https:\/\/i0.wp.com\/soclose.mx\/blog\/wp-content\/uploads\/2021\/05\/piezas-prehispanicas.jpeg?fit=1200%2C677&ssl=1&resize=700%2C400 2x, https:\/\/i0.wp.com\/soclose.mx\/blog\/wp-content\/uploads\/2021\/05\/piezas-prehispanicas.jpeg?fit=1200%2C677&ssl=1&resize=1050%2C600 3x"},"classes":[]},{"id":5625,"url":"https:\/\/soclose.mx\/blog\/comida-mexicana\/la-primera-escultura-femenina-prehispanica-en-su-tipo-es-hallada-en-la-huasteca-veracruzana\/","url_meta":{"origin":6114,"position":3},"title":"La primera escultura femenina prehispa\u0301nica en su tipo es hallada en la Huasteca veracruzana","author":"So Close","date":"8 enero, 2021","format":false,"excerpt":"El primer di\u0301a de este 2021, habitantes de la comunidad de Hidalgo Amajac, Veracruz, descubrieron una escultura femenina completa de casi dos metros de altura, dentro de un terreno citri\u0301cola. Una joven mujer de e\u0301lite De acuerdo con la investigadora del Centro INAH Veracruz, la arqueo\u0301loga Mari\u0301a Eugenia Maldonado Vite,\u2026","rel":"","context":"En &quot;Comida mexicana&quot;","block_context":{"text":"Comida mexicana","link":"https:\/\/soclose.mx\/blog\/category\/comida-mexicana\/"},"img":{"alt_text":"","src":"https:\/\/i0.wp.com\/soclose.mx\/blog\/wp-content\/uploads\/2021\/01\/Principal-So-Close-blog-2.jpg?fit=1200%2C677&ssl=1&resize=350%2C200","width":350,"height":200,"srcset":"https:\/\/i0.wp.com\/soclose.mx\/blog\/wp-content\/uploads\/2021\/01\/Principal-So-Close-blog-2.jpg?fit=1200%2C677&ssl=1&resize=350%2C200 1x, https:\/\/i0.wp.com\/soclose.mx\/blog\/wp-content\/uploads\/2021\/01\/Principal-So-Close-blog-2.jpg?fit=1200%2C677&ssl=1&resize=525%2C300 1.5x, https:\/\/i0.wp.com\/soclose.mx\/blog\/wp-content\/uploads\/2021\/01\/Principal-So-Close-blog-2.jpg?fit=1200%2C677&ssl=1&resize=700%2C400 2x, https:\/\/i0.wp.com\/soclose.mx\/blog\/wp-content\/uploads\/2021\/01\/Principal-So-Close-blog-2.jpg?fit=1200%2C677&ssl=1&resize=1050%2C600 3x"},"classes":[]},{"id":5835,"url":"https:\/\/soclose.mx\/blog\/comida-mexicana\/7-datos-que-debes-saber-sobre-el-pulque-el-elixir-de-los-dioses\/","url_meta":{"origin":6114,"position":4},"title":"7 datos que debes saber sobre el pulque, el elixir de los dioses","author":"So Close","date":"5 enero, 2024","format":false,"excerpt":"\u00a0 Es una bebida de origen prehisp\u00e1nico que se elabora a partir de la fermentaci\u00f3n de agave o maguey. Se produce principalmente en Tlaxcala, Estado de M\u00e9xico, Hidalgo, Ciudad de M\u00e9xico, Puebla, Morelos, Quer\u00e9taro, Guanajuato, Guerrero, Michoac\u00e1n, Oaxaca, San Luis Potos\u00ed, Jalisco, y Veracruz. Cuenta la leyenda que la princesa\u2026","rel":"","context":"En &quot;Bebida&quot;","block_context":{"text":"Bebida","link":"https:\/\/soclose.mx\/blog\/category\/bebida\/"},"img":{"alt_text":"","src":"https:\/\/i0.wp.com\/soclose.mx\/blog\/wp-content\/uploads\/2021\/03\/barra-de-pulque.jpg?fit=1200%2C677&ssl=1&resize=350%2C200","width":350,"height":200,"srcset":"https:\/\/i0.wp.com\/soclose.mx\/blog\/wp-content\/uploads\/2021\/03\/barra-de-pulque.jpg?fit=1200%2C677&ssl=1&resize=350%2C200 1x, https:\/\/i0.wp.com\/soclose.mx\/blog\/wp-content\/uploads\/2021\/03\/barra-de-pulque.jpg?fit=1200%2C677&ssl=1&resize=525%2C300 1.5x, https:\/\/i0.wp.com\/soclose.mx\/blog\/wp-content\/uploads\/2021\/03\/barra-de-pulque.jpg?fit=1200%2C677&ssl=1&resize=700%2C400 2x, https:\/\/i0.wp.com\/soclose.mx\/blog\/wp-content\/uploads\/2021\/03\/barra-de-pulque.jpg?fit=1200%2C677&ssl=1&resize=1050%2C600 3x"},"classes":[]},{"id":6762,"url":"https:\/\/soclose.mx\/blog\/news-feed\/inauguran-exposicion-conmemorativa-del-bicentenario-del-plan-de-iguala\/","url_meta":{"origin":6114,"position":5},"title":"Lista la exposici\u00f3n del bicentenario del Plan de Iguala para que la visites","author":"Miguel Angel Romero","date":"4 agosto, 2021","format":false,"excerpt":"En el marco de las conmemoraciones emblem\u00e1ticas de 2021, \u201cA\u00f1o de la Grandeza y la Independencia de M\u00e9xico\u201d, la exposici\u00f3n \"200 a\u00f1os de la Promulgaci\u00f3n del Plan de Iguala\", organizada por la Secretar\u00eda de Cultura del Gobierno de M\u00e9xico, a trav\u00e9s del Instituto Nacional de Antropolog\u00eda e Historia (INAH), llega\u2026","rel":"","context":"En &quot;News feed&quot;","block_context":{"text":"News feed","link":"https:\/\/soclose.mx\/blog\/category\/news-feed\/"},"img":{"alt_text":"","src":"https:\/\/i0.wp.com\/soclose.mx\/blog\/wp-content\/uploads\/2021\/08\/foto_home_inah.png?fit=800%2C536&ssl=1&resize=350%2C200","width":350,"height":200,"srcset":"https:\/\/i0.wp.com\/soclose.mx\/blog\/wp-content\/uploads\/2021\/08\/foto_home_inah.png?fit=800%2C536&ssl=1&resize=350%2C200 1x, https:\/\/i0.wp.com\/soclose.mx\/blog\/wp-content\/uploads\/2021\/08\/foto_home_inah.png?fit=800%2C536&ssl=1&resize=525%2C300 1.5x, https:\/\/i0.wp.com\/soclose.mx\/blog\/wp-content\/uploads\/2021\/08\/foto_home_inah.png?fit=800%2C536&ssl=1&resize=700%2C400 2x"},"classes":[]}],"jetpack_sharing_enabled":true,"_links":{"self":[{"href":"https:\/\/soclose.mx\/blog\/wp-json\/wp\/v2\/posts\/6114","targetHints":{"allow":["GET"]}}],"collection":[{"href":"https:\/\/soclose.mx\/blog\/wp-json\/wp\/v2\/posts"}],"about":[{"href":"https:\/\/soclose.mx\/blog\/wp-json\/wp\/v2\/types\/post"}],"author":[{"embeddable":true,"href":"https:\/\/soclose.mx\/blog\/wp-json\/wp\/v2\/users\/1"}],"replies":[{"embeddable":true,"href":"https:\/\/soclose.mx\/blog\/wp-json\/wp\/v2\/comments?post=6114"}],"version-history":[{"count":0,"href":"https:\/\/soclose.mx\/blog\/wp-json\/wp\/v2\/posts\/6114\/revisions"}],"wp:featuredmedia":[{"embeddable":true,"href":"https:\/\/soclose.mx\/blog\/wp-json\/wp\/v2\/media\/6115"}],"wp:attachment":[{"href":"https:\/\/soclose.mx\/blog\/wp-json\/wp\/v2\/media?parent=6114"}],"wp:term":[{"taxonomy":"category","embeddable":true,"href":"https:\/\/soclose.mx\/blog\/wp-json\/wp\/v2\/categories?post=6114"},{"taxonomy":"post_tag","embeddable":true,"href":"https:\/\/soclose.mx\/blog\/wp-json\/wp\/v2\/tags?post=6114"}],"curies":[{"name":"wp","href":"https:\/\/api.w.org\/{rel}","templated":true}]}}