{"id":6153,"date":"2021-06-04T21:16:47","date_gmt":"2021-06-05T02:16:47","guid":{"rendered":"https:\/\/soclose.mx\/blog\/?p=6153"},"modified":"2021-06-04T21:17:53","modified_gmt":"2021-06-05T02:17:53","slug":"mexico-y-sus-lenguas-indigenas","status":"publish","type":"post","link":"https:\/\/soclose.mx\/blog\/ay-goeeee\/mexico-y-sus-lenguas-indigenas\/","title":{"rendered":"M\u00e9xico y sus lenguas ind\u00edgenas"},"content":{"rendered":"<p><strong>M\u00e9xico <\/strong>cuenta con<strong> 69 lenguas nacionales -68 ind\u00ed<\/strong><strong>genas\u00a0<\/strong><strong>y el espa\u00f1ol-<\/strong>, por lo que\u00a0se encuentra entre las primeras 10 naciones con m\u00e1s <strong>lenguas originarias<\/strong>\u00a0y ocupa el\u00a0segundo lugar con esta caracter\u00edstica en<strong> Am\u00e9rica Latina<\/strong>, despu\u00e9s de Brasil.<\/p>\n<p>En nuestro pa\u00eds\u00a0<strong>existen casi 7 millones de hablantes de alguna lengua ind\u00ed<\/strong><strong>gena<\/strong> y m\u00e1s de 25 millones de mexicanos se reconocieron como ind\u00edgenas, la mayor\u00eda de los cuales se localiza en el sureste del pa\u00eds, donde se registra la mayor poblaci\u00f3n hablante de estas lenguas.<\/p>\n<p>Cerca de 860,000 personas hablan en <strong>M\u00e9xico <\/strong>la lengua<strong> maya<\/strong>, segunda en el pa\u00eds despu\u00e9s del <strong>n\u00e1huatl.<\/strong><\/p>\n<figure id=\"attachment_6154\" aria-describedby=\"caption-attachment-6154\" style=\"width: 655px\" class=\"wp-caption alignnone\"><img data-recalc-dims=\"1\" fetchpriority=\"high\" decoding=\"async\" class=\"size-full wp-image-6154\" src=\"https:\/\/i0.wp.com\/soclose.mx\/blog\/wp-content\/uploads\/2021\/06\/mapa.jpeg?resize=655%2C507&#038;ssl=1\" alt=\"\" width=\"655\" height=\"507\" srcset=\"https:\/\/i0.wp.com\/soclose.mx\/blog\/wp-content\/uploads\/2021\/06\/mapa.jpeg?w=655&amp;ssl=1 655w, https:\/\/i0.wp.com\/soclose.mx\/blog\/wp-content\/uploads\/2021\/06\/mapa.jpeg?resize=300%2C232&amp;ssl=1 300w, https:\/\/i0.wp.com\/soclose.mx\/blog\/wp-content\/uploads\/2021\/06\/mapa.jpeg?resize=16%2C12&amp;ssl=1 16w\" sizes=\"(max-width: 655px) 100vw, 655px\" \/><figcaption id=\"caption-attachment-6154\" class=\"wp-caption-text\">Gr\u00e1fico: Secretar\u00eda de Cultura<\/figcaption><\/figure>\n<p>En el pa\u00eds existen\u00a0<strong>11 familias ling\u00fc\u00edsticas.<\/strong><\/p>\n<p><strong>Se hablan 364 variantes ling\u00fc\u00edsticas,<\/strong>\u00a0provenientes\u00a0<strong>de 68 agrupaciones<\/strong>.<\/p>\n<p>&nbsp;<\/p>\n<p>Fuente: bolet\u00edn de prensa <a href=\"https:\/\/www.gob.mx\/cultura\/articulos\/lenguas-indigenas?idiom=es\" target=\"_blank\" rel=\"noopener\">Secretar\u00eda de Cultura.<\/a><\/p>\n","protected":false},"excerpt":{"rendered":"<p>M\u00e9xico cuenta con 69 lenguas nacionales -68 ind\u00edgenas\u00a0y el espa\u00f1ol-, por lo que\u00a0se encuentra entre las primeras 10 naciones con m\u00e1s lenguas originarias\u00a0y ocupa el\u00a0segundo lugar con esta caracter\u00edstica en Am\u00e9rica Latina, despu\u00e9s de Brasil. En nuestro pa\u00eds\u00a0existen casi 7 millones de hablantes de alguna lengua ind\u00edgena y m\u00e1s de 25 millones de mexicanos se reconocieron como ind\u00edgenas, la mayor\u00eda de los cuales se localiza en el sureste del pa\u00eds, donde se registra la mayor poblaci\u00f3n hablante de estas lenguas. Cerca de 860,000 personas hablan en M\u00e9xico la lengua maya, segunda en el pa\u00eds despu\u00e9s del n\u00e1huatl. En el pa\u00eds<\/p>\n","protected":false},"author":1,"featured_media":6155,"comment_status":"open","ping_status":"open","sticky":false,"template":"","format":"standard","meta":{"_jetpack_memberships_contains_paid_content":false,"footnotes":""},"categories":[1],"tags":[918,919,90,578,921,767,922,920],"class_list":["post-6153","post","type-post","status-publish","format-standard","has-post-thumbnail","hentry","category-ay-goeeee","tag-indigenas","tag-lenguas","tag-maya","tag-mexico","tag-mixteco","tag-nahuatl","tag-yaqui","tag-zapoteco"],"yoast_head":"<!-- This site is optimized with the Yoast SEO plugin v26.7 - https:\/\/yoast.com\/wordpress\/plugins\/seo\/ -->\n<title>M\u00e9xico y sus lenguas ind\u00edgenas - So Close<\/title>\n<meta name=\"description\" content=\"En nuestro pa\u00eds\u00a0existen casi 7 millones de hablantes de alguna lengua ind\u00edgena y m\u00e1s de 25 millones de mexicanos se reconocieron ind\u00edgenas.\" \/>\n<meta name=\"robots\" content=\"index, follow, max-snippet:-1, max-image-preview:large, max-video-preview:-1\" \/>\n<link rel=\"canonical\" href=\"https:\/\/soclose.mx\/blog\/ay-goeeee\/mexico-y-sus-lenguas-indigenas\/\" \/>\n<meta property=\"og:locale\" content=\"es_MX\" \/>\n<meta property=\"og:type\" content=\"article\" \/>\n<meta property=\"og:title\" content=\"M\u00e9xico y sus lenguas ind\u00edgenas - So Close\" \/>\n<meta property=\"og:description\" content=\"En nuestro pa\u00eds\u00a0existen casi 7 millones de hablantes de alguna lengua ind\u00edgena y m\u00e1s de 25 millones de mexicanos se reconocieron ind\u00edgenas.\" \/>\n<meta property=\"og:url\" content=\"https:\/\/soclose.mx\/blog\/ay-goeeee\/mexico-y-sus-lenguas-indigenas\/\" \/>\n<meta property=\"og:site_name\" content=\"So Close\" \/>\n<meta property=\"article:published_time\" content=\"2021-06-05T02:16:47+00:00\" \/>\n<meta property=\"article:modified_time\" content=\"2021-06-05T02:17:53+00:00\" \/>\n<meta property=\"og:image\" content=\"https:\/\/i0.wp.com\/soclose.mx\/blog\/wp-content\/uploads\/2021\/06\/mexico.jpeg?fit=1240%2C700&ssl=1\" \/>\n\t<meta property=\"og:image:width\" content=\"1240\" \/>\n\t<meta property=\"og:image:height\" content=\"700\" \/>\n\t<meta property=\"og:image:type\" content=\"image\/jpeg\" \/>\n<meta name=\"author\" content=\"So Close\" \/>\n<meta name=\"twitter:card\" content=\"summary_large_image\" \/>\n<meta name=\"twitter:label1\" content=\"Escrito por\" \/>\n\t<meta name=\"twitter:data1\" content=\"So Close\" \/>\n\t<meta name=\"twitter:label2\" content=\"Tiempo de lectura\" \/>\n\t<meta name=\"twitter:data2\" content=\"1 minuto\" \/>\n<script type=\"application\/ld+json\" class=\"yoast-schema-graph\">{\"@context\":\"https:\/\/schema.org\",\"@graph\":[{\"@type\":\"Article\",\"@id\":\"https:\/\/soclose.mx\/blog\/ay-goeeee\/mexico-y-sus-lenguas-indigenas\/#article\",\"isPartOf\":{\"@id\":\"https:\/\/soclose.mx\/blog\/ay-goeeee\/mexico-y-sus-lenguas-indigenas\/\"},\"author\":{\"name\":\"So Close\",\"@id\":\"https:\/\/soclose.mx\/blog\/#\/schema\/person\/723eb117ab965b55c3e56b5d29751667\"},\"headline\":\"M\u00e9xico y sus lenguas ind\u00edgenas\",\"datePublished\":\"2021-06-05T02:16:47+00:00\",\"dateModified\":\"2021-06-05T02:17:53+00:00\",\"mainEntityOfPage\":{\"@id\":\"https:\/\/soclose.mx\/blog\/ay-goeeee\/mexico-y-sus-lenguas-indigenas\/\"},\"wordCount\":161,\"commentCount\":0,\"publisher\":{\"@id\":\"https:\/\/soclose.mx\/blog\/#organization\"},\"image\":{\"@id\":\"https:\/\/soclose.mx\/blog\/ay-goeeee\/mexico-y-sus-lenguas-indigenas\/#primaryimage\"},\"thumbnailUrl\":\"https:\/\/i0.wp.com\/soclose.mx\/blog\/wp-content\/uploads\/2021\/06\/mexico.jpeg?fit=1240%2C700&ssl=1\",\"keywords\":[\"ind\u00edgenas\",\"lenguas\",\"maya\",\"mexico\",\"mixteco\",\"nahuatl\",\"yaqui\",\"zapoteco\"],\"articleSection\":[\"\u00a1Ay goeeee!\"],\"inLanguage\":\"es\",\"potentialAction\":[{\"@type\":\"CommentAction\",\"name\":\"Comment\",\"target\":[\"https:\/\/soclose.mx\/blog\/ay-goeeee\/mexico-y-sus-lenguas-indigenas\/#respond\"]}]},{\"@type\":\"WebPage\",\"@id\":\"https:\/\/soclose.mx\/blog\/ay-goeeee\/mexico-y-sus-lenguas-indigenas\/\",\"url\":\"https:\/\/soclose.mx\/blog\/ay-goeeee\/mexico-y-sus-lenguas-indigenas\/\",\"name\":\"M\u00e9xico y sus lenguas ind\u00edgenas - So Close\",\"isPartOf\":{\"@id\":\"https:\/\/soclose.mx\/blog\/#website\"},\"primaryImageOfPage\":{\"@id\":\"https:\/\/soclose.mx\/blog\/ay-goeeee\/mexico-y-sus-lenguas-indigenas\/#primaryimage\"},\"image\":{\"@id\":\"https:\/\/soclose.mx\/blog\/ay-goeeee\/mexico-y-sus-lenguas-indigenas\/#primaryimage\"},\"thumbnailUrl\":\"https:\/\/i0.wp.com\/soclose.mx\/blog\/wp-content\/uploads\/2021\/06\/mexico.jpeg?fit=1240%2C700&ssl=1\",\"datePublished\":\"2021-06-05T02:16:47+00:00\",\"dateModified\":\"2021-06-05T02:17:53+00:00\",\"description\":\"En nuestro pa\u00eds\u00a0existen casi 7 millones de hablantes de alguna lengua ind\u00edgena y m\u00e1s de 25 millones de mexicanos se reconocieron ind\u00edgenas.\",\"breadcrumb\":{\"@id\":\"https:\/\/soclose.mx\/blog\/ay-goeeee\/mexico-y-sus-lenguas-indigenas\/#breadcrumb\"},\"inLanguage\":\"es\",\"potentialAction\":[{\"@type\":\"ReadAction\",\"target\":[\"https:\/\/soclose.mx\/blog\/ay-goeeee\/mexico-y-sus-lenguas-indigenas\/\"]}]},{\"@type\":\"ImageObject\",\"inLanguage\":\"es\",\"@id\":\"https:\/\/soclose.mx\/blog\/ay-goeeee\/mexico-y-sus-lenguas-indigenas\/#primaryimage\",\"url\":\"https:\/\/i0.wp.com\/soclose.mx\/blog\/wp-content\/uploads\/2021\/06\/mexico.jpeg?fit=1240%2C700&ssl=1\",\"contentUrl\":\"https:\/\/i0.wp.com\/soclose.mx\/blog\/wp-content\/uploads\/2021\/06\/mexico.jpeg?fit=1240%2C700&ssl=1\",\"width\":1240,\"height\":700},{\"@type\":\"BreadcrumbList\",\"@id\":\"https:\/\/soclose.mx\/blog\/ay-goeeee\/mexico-y-sus-lenguas-indigenas\/#breadcrumb\",\"itemListElement\":[{\"@type\":\"ListItem\",\"position\":1,\"name\":\"Inicio\",\"item\":\"https:\/\/soclose.mx\/blog\/\"},{\"@type\":\"ListItem\",\"position\":2,\"name\":\"M\u00e9xico y sus lenguas ind\u00edgenas\"}]},{\"@type\":\"WebSite\",\"@id\":\"https:\/\/soclose.mx\/blog\/#website\",\"url\":\"https:\/\/soclose.mx\/blog\/\",\"name\":\"So Close\",\"description\":\"Hacemos contenidos de M\u00e9xico\",\"publisher\":{\"@id\":\"https:\/\/soclose.mx\/blog\/#organization\"},\"potentialAction\":[{\"@type\":\"SearchAction\",\"target\":{\"@type\":\"EntryPoint\",\"urlTemplate\":\"https:\/\/soclose.mx\/blog\/?s={search_term_string}\"},\"query-input\":{\"@type\":\"PropertyValueSpecification\",\"valueRequired\":true,\"valueName\":\"search_term_string\"}}],\"inLanguage\":\"es\"},{\"@type\":\"Organization\",\"@id\":\"https:\/\/soclose.mx\/blog\/#organization\",\"name\":\"So Close\",\"url\":\"https:\/\/soclose.mx\/blog\/\",\"logo\":{\"@type\":\"ImageObject\",\"inLanguage\":\"es\",\"@id\":\"https:\/\/soclose.mx\/blog\/#\/schema\/logo\/image\/\",\"url\":\"https:\/\/i0.wp.com\/soclose.mx\/blog\/wp-content\/uploads\/2020\/12\/LOGO_SOCLOSE_COLOR-e1608310133507.png?fit=2858%2C1264&ssl=1\",\"contentUrl\":\"https:\/\/i0.wp.com\/soclose.mx\/blog\/wp-content\/uploads\/2020\/12\/LOGO_SOCLOSE_COLOR-e1608310133507.png?fit=2858%2C1264&ssl=1\",\"width\":2858,\"height\":1264,\"caption\":\"So Close\"},\"image\":{\"@id\":\"https:\/\/soclose.mx\/blog\/#\/schema\/logo\/image\/\"}},{\"@type\":\"Person\",\"@id\":\"https:\/\/soclose.mx\/blog\/#\/schema\/person\/723eb117ab965b55c3e56b5d29751667\",\"name\":\"So Close\",\"image\":{\"@type\":\"ImageObject\",\"inLanguage\":\"es\",\"@id\":\"https:\/\/soclose.mx\/blog\/#\/schema\/person\/image\/\",\"url\":\"https:\/\/secure.gravatar.com\/avatar\/5a1d1d694eaf6d2c28f450f0984cbb34821b92dc49c1d088c0250fbc6a48efec?s=96&d=mm&r=g\",\"contentUrl\":\"https:\/\/secure.gravatar.com\/avatar\/5a1d1d694eaf6d2c28f450f0984cbb34821b92dc49c1d088c0250fbc6a48efec?s=96&d=mm&r=g\",\"caption\":\"So Close\"},\"sameAs\":[\"http:\/\/www.soclose.mx\",\"https:\/\/www.youtube.com\/@soclosemx\"],\"url\":\"https:\/\/soclose.mx\/blog\/author\/admin\/\"}]}<\/script>\n<!-- \/ Yoast SEO plugin. -->","yoast_head_json":{"title":"M\u00e9xico y sus lenguas ind\u00edgenas - So Close","description":"En nuestro pa\u00eds\u00a0existen casi 7 millones de hablantes de alguna lengua ind\u00edgena y m\u00e1s de 25 millones de mexicanos se reconocieron ind\u00edgenas.","robots":{"index":"index","follow":"follow","max-snippet":"max-snippet:-1","max-image-preview":"max-image-preview:large","max-video-preview":"max-video-preview:-1"},"canonical":"https:\/\/soclose.mx\/blog\/ay-goeeee\/mexico-y-sus-lenguas-indigenas\/","og_locale":"es_MX","og_type":"article","og_title":"M\u00e9xico y sus lenguas ind\u00edgenas - So Close","og_description":"En nuestro pa\u00eds\u00a0existen casi 7 millones de hablantes de alguna lengua ind\u00edgena y m\u00e1s de 25 millones de mexicanos se reconocieron ind\u00edgenas.","og_url":"https:\/\/soclose.mx\/blog\/ay-goeeee\/mexico-y-sus-lenguas-indigenas\/","og_site_name":"So Close","article_published_time":"2021-06-05T02:16:47+00:00","article_modified_time":"2021-06-05T02:17:53+00:00","og_image":[{"width":1240,"height":700,"url":"https:\/\/i0.wp.com\/soclose.mx\/blog\/wp-content\/uploads\/2021\/06\/mexico.jpeg?fit=1240%2C700&ssl=1","type":"image\/jpeg"}],"author":"So Close","twitter_card":"summary_large_image","twitter_misc":{"Escrito por":"So Close","Tiempo de lectura":"1 minuto"},"schema":{"@context":"https:\/\/schema.org","@graph":[{"@type":"Article","@id":"https:\/\/soclose.mx\/blog\/ay-goeeee\/mexico-y-sus-lenguas-indigenas\/#article","isPartOf":{"@id":"https:\/\/soclose.mx\/blog\/ay-goeeee\/mexico-y-sus-lenguas-indigenas\/"},"author":{"name":"So Close","@id":"https:\/\/soclose.mx\/blog\/#\/schema\/person\/723eb117ab965b55c3e56b5d29751667"},"headline":"M\u00e9xico y sus lenguas ind\u00edgenas","datePublished":"2021-06-05T02:16:47+00:00","dateModified":"2021-06-05T02:17:53+00:00","mainEntityOfPage":{"@id":"https:\/\/soclose.mx\/blog\/ay-goeeee\/mexico-y-sus-lenguas-indigenas\/"},"wordCount":161,"commentCount":0,"publisher":{"@id":"https:\/\/soclose.mx\/blog\/#organization"},"image":{"@id":"https:\/\/soclose.mx\/blog\/ay-goeeee\/mexico-y-sus-lenguas-indigenas\/#primaryimage"},"thumbnailUrl":"https:\/\/i0.wp.com\/soclose.mx\/blog\/wp-content\/uploads\/2021\/06\/mexico.jpeg?fit=1240%2C700&ssl=1","keywords":["ind\u00edgenas","lenguas","maya","mexico","mixteco","nahuatl","yaqui","zapoteco"],"articleSection":["\u00a1Ay goeeee!"],"inLanguage":"es","potentialAction":[{"@type":"CommentAction","name":"Comment","target":["https:\/\/soclose.mx\/blog\/ay-goeeee\/mexico-y-sus-lenguas-indigenas\/#respond"]}]},{"@type":"WebPage","@id":"https:\/\/soclose.mx\/blog\/ay-goeeee\/mexico-y-sus-lenguas-indigenas\/","url":"https:\/\/soclose.mx\/blog\/ay-goeeee\/mexico-y-sus-lenguas-indigenas\/","name":"M\u00e9xico y sus lenguas ind\u00edgenas - So Close","isPartOf":{"@id":"https:\/\/soclose.mx\/blog\/#website"},"primaryImageOfPage":{"@id":"https:\/\/soclose.mx\/blog\/ay-goeeee\/mexico-y-sus-lenguas-indigenas\/#primaryimage"},"image":{"@id":"https:\/\/soclose.mx\/blog\/ay-goeeee\/mexico-y-sus-lenguas-indigenas\/#primaryimage"},"thumbnailUrl":"https:\/\/i0.wp.com\/soclose.mx\/blog\/wp-content\/uploads\/2021\/06\/mexico.jpeg?fit=1240%2C700&ssl=1","datePublished":"2021-06-05T02:16:47+00:00","dateModified":"2021-06-05T02:17:53+00:00","description":"En nuestro pa\u00eds\u00a0existen casi 7 millones de hablantes de alguna lengua ind\u00edgena y m\u00e1s de 25 millones de mexicanos se reconocieron ind\u00edgenas.","breadcrumb":{"@id":"https:\/\/soclose.mx\/blog\/ay-goeeee\/mexico-y-sus-lenguas-indigenas\/#breadcrumb"},"inLanguage":"es","potentialAction":[{"@type":"ReadAction","target":["https:\/\/soclose.mx\/blog\/ay-goeeee\/mexico-y-sus-lenguas-indigenas\/"]}]},{"@type":"ImageObject","inLanguage":"es","@id":"https:\/\/soclose.mx\/blog\/ay-goeeee\/mexico-y-sus-lenguas-indigenas\/#primaryimage","url":"https:\/\/i0.wp.com\/soclose.mx\/blog\/wp-content\/uploads\/2021\/06\/mexico.jpeg?fit=1240%2C700&ssl=1","contentUrl":"https:\/\/i0.wp.com\/soclose.mx\/blog\/wp-content\/uploads\/2021\/06\/mexico.jpeg?fit=1240%2C700&ssl=1","width":1240,"height":700},{"@type":"BreadcrumbList","@id":"https:\/\/soclose.mx\/blog\/ay-goeeee\/mexico-y-sus-lenguas-indigenas\/#breadcrumb","itemListElement":[{"@type":"ListItem","position":1,"name":"Inicio","item":"https:\/\/soclose.mx\/blog\/"},{"@type":"ListItem","position":2,"name":"M\u00e9xico y sus lenguas ind\u00edgenas"}]},{"@type":"WebSite","@id":"https:\/\/soclose.mx\/blog\/#website","url":"https:\/\/soclose.mx\/blog\/","name":"So Close","description":"Hacemos contenidos de M\u00e9xico","publisher":{"@id":"https:\/\/soclose.mx\/blog\/#organization"},"potentialAction":[{"@type":"SearchAction","target":{"@type":"EntryPoint","urlTemplate":"https:\/\/soclose.mx\/blog\/?s={search_term_string}"},"query-input":{"@type":"PropertyValueSpecification","valueRequired":true,"valueName":"search_term_string"}}],"inLanguage":"es"},{"@type":"Organization","@id":"https:\/\/soclose.mx\/blog\/#organization","name":"So Close","url":"https:\/\/soclose.mx\/blog\/","logo":{"@type":"ImageObject","inLanguage":"es","@id":"https:\/\/soclose.mx\/blog\/#\/schema\/logo\/image\/","url":"https:\/\/i0.wp.com\/soclose.mx\/blog\/wp-content\/uploads\/2020\/12\/LOGO_SOCLOSE_COLOR-e1608310133507.png?fit=2858%2C1264&ssl=1","contentUrl":"https:\/\/i0.wp.com\/soclose.mx\/blog\/wp-content\/uploads\/2020\/12\/LOGO_SOCLOSE_COLOR-e1608310133507.png?fit=2858%2C1264&ssl=1","width":2858,"height":1264,"caption":"So Close"},"image":{"@id":"https:\/\/soclose.mx\/blog\/#\/schema\/logo\/image\/"}},{"@type":"Person","@id":"https:\/\/soclose.mx\/blog\/#\/schema\/person\/723eb117ab965b55c3e56b5d29751667","name":"So Close","image":{"@type":"ImageObject","inLanguage":"es","@id":"https:\/\/soclose.mx\/blog\/#\/schema\/person\/image\/","url":"https:\/\/secure.gravatar.com\/avatar\/5a1d1d694eaf6d2c28f450f0984cbb34821b92dc49c1d088c0250fbc6a48efec?s=96&d=mm&r=g","contentUrl":"https:\/\/secure.gravatar.com\/avatar\/5a1d1d694eaf6d2c28f450f0984cbb34821b92dc49c1d088c0250fbc6a48efec?s=96&d=mm&r=g","caption":"So Close"},"sameAs":["http:\/\/www.soclose.mx","https:\/\/www.youtube.com\/@soclosemx"],"url":"https:\/\/soclose.mx\/blog\/author\/admin\/"}]}},"jetpack_featured_media_url":"https:\/\/i0.wp.com\/soclose.mx\/blog\/wp-content\/uploads\/2021\/06\/mexico.jpeg?fit=1240%2C700&ssl=1","jetpack-related-posts":[{"id":14882,"url":"https:\/\/soclose.mx\/blog\/ay-goeeee\/asi-se-dice-sexo-en-lenguas-indigenas-de-mexico\/","url_meta":{"origin":6153,"position":0},"title":"As\u00ed se dice sexo en lenguas ind\u00edgenas de M\u00e9xico","author":"So Close","date":"22 julio, 2025","format":false,"excerpt":"Las lenguas ind\u00edgenas de M\u00e9xico tienen formas diversas y, a menudo, metaf\u00f3ricas o simb\u00f3licas para referirse a la sexualidad y a las relaciones sexuales. La forma de decir sexo en lenguas ind\u00edgenas de M\u00e9xico est\u00e1 profundamente ligada a la cosmovisi\u00f3n y las normas sociales de cada comunidad, y en muchos\u2026","rel":"","context":"En &quot;\u00a1Ay goeeee!&quot;","block_context":{"text":"\u00a1Ay goeeee!","link":"https:\/\/soclose.mx\/blog\/category\/ay-goeeee\/"},"img":{"alt_text":"pareja mojada","src":"https:\/\/i0.wp.com\/soclose.mx\/blog\/wp-content\/uploads\/2025\/07\/pareja-mojada.jpg?fit=1200%2C675&ssl=1&resize=350%2C200","width":350,"height":200,"srcset":"https:\/\/i0.wp.com\/soclose.mx\/blog\/wp-content\/uploads\/2025\/07\/pareja-mojada.jpg?fit=1200%2C675&ssl=1&resize=350%2C200 1x, https:\/\/i0.wp.com\/soclose.mx\/blog\/wp-content\/uploads\/2025\/07\/pareja-mojada.jpg?fit=1200%2C675&ssl=1&resize=525%2C300 1.5x, https:\/\/i0.wp.com\/soclose.mx\/blog\/wp-content\/uploads\/2025\/07\/pareja-mojada.jpg?fit=1200%2C675&ssl=1&resize=700%2C400 2x, https:\/\/i0.wp.com\/soclose.mx\/blog\/wp-content\/uploads\/2025\/07\/pareja-mojada.jpg?fit=1200%2C675&ssl=1&resize=1050%2C600 3x"},"classes":[]},{"id":9045,"url":"https:\/\/soclose.mx\/blog\/news-feed\/lengua-maya-se-vuelve-patrimonio-cultural-intangible-de-yucatan\/","url_meta":{"origin":6153,"position":1},"title":"Lengua maya se vuelve Patrimonio Cultural Intangible de Yucat\u00e1n","author":"Miguel Angel Romero","date":"22 febrero, 2022","format":false,"excerpt":"La\u00a0lengua maya\u00a0o\u00a0Maayat\u2019aan\u00a0se convirti\u00f3, tras una declaratoria del Congreso local, en\u00a0Patrimonio Cultural Intangible\u00a0de\u00a0Yucat\u00e1n, estado del sureste mexicano que preserva tesoros\u00a0precolombinos\u00a0y ciudades de la\u00a0civilizaci\u00f3n mesoamericana. El decreto fue aprobado en el marco del D\u00eda Internacional de la Lengua Materna, el 21 de febrero. La medida declara lengua maya a todas las expresiones,\u2026","rel":"","context":"En &quot;News feed&quot;","block_context":{"text":"News feed","link":"https:\/\/soclose.mx\/blog\/category\/news-feed\/"},"img":{"alt_text":"","src":"https:\/\/i0.wp.com\/soclose.mx\/blog\/wp-content\/uploads\/2022\/02\/Copia-de-Principal-So-Close-blog-2-5.png?fit=1200%2C677&ssl=1&resize=350%2C200","width":350,"height":200,"srcset":"https:\/\/i0.wp.com\/soclose.mx\/blog\/wp-content\/uploads\/2022\/02\/Copia-de-Principal-So-Close-blog-2-5.png?fit=1200%2C677&ssl=1&resize=350%2C200 1x, https:\/\/i0.wp.com\/soclose.mx\/blog\/wp-content\/uploads\/2022\/02\/Copia-de-Principal-So-Close-blog-2-5.png?fit=1200%2C677&ssl=1&resize=525%2C300 1.5x, https:\/\/i0.wp.com\/soclose.mx\/blog\/wp-content\/uploads\/2022\/02\/Copia-de-Principal-So-Close-blog-2-5.png?fit=1200%2C677&ssl=1&resize=700%2C400 2x, https:\/\/i0.wp.com\/soclose.mx\/blog\/wp-content\/uploads\/2022\/02\/Copia-de-Principal-So-Close-blog-2-5.png?fit=1200%2C677&ssl=1&resize=1050%2C600 3x"},"classes":[]},{"id":10206,"url":"https:\/\/soclose.mx\/blog\/a-la-mexicana\/aprende-mas-de-15-mil-palabras-en-lenguas-indigenas-con-esta-app\/","url_meta":{"origin":6153,"position":2},"title":"Aprende m\u00e1s de 15 mil palabras en lenguas ind\u00edgenas con esta app","author":"Daniel Ram\u00edrez","date":"11 junio, 2022","format":false,"excerpt":"\u00bfTe imaginas una app con la que puedes aprender entre 15 mil y 20 mil palabras usadas en nuestras lenguas originarias? Miyotl es la aplicaci\u00f3n con m\u00e1s de 60 lenguas madre mexicanas, con la que podr\u00e1s conocer un poco m\u00e1s de nuestra cultura. Fue desarrollada por estudiantes y profesores de\u2026","rel":"","context":"En &quot;A la mexicana&quot;","block_context":{"text":"A la mexicana","link":"https:\/\/soclose.mx\/blog\/category\/a-la-mexicana\/"},"img":{"alt_text":"","src":"https:\/\/i0.wp.com\/soclose.mx\/blog\/wp-content\/uploads\/2022\/06\/WhatsApp-Image-2022-06-11-at-1.59.43-PM-1.jpeg?fit=907%2C531&ssl=1&resize=350%2C200","width":350,"height":200,"srcset":"https:\/\/i0.wp.com\/soclose.mx\/blog\/wp-content\/uploads\/2022\/06\/WhatsApp-Image-2022-06-11-at-1.59.43-PM-1.jpeg?fit=907%2C531&ssl=1&resize=350%2C200 1x, https:\/\/i0.wp.com\/soclose.mx\/blog\/wp-content\/uploads\/2022\/06\/WhatsApp-Image-2022-06-11-at-1.59.43-PM-1.jpeg?fit=907%2C531&ssl=1&resize=525%2C300 1.5x, https:\/\/i0.wp.com\/soclose.mx\/blog\/wp-content\/uploads\/2022\/06\/WhatsApp-Image-2022-06-11-at-1.59.43-PM-1.jpeg?fit=907%2C531&ssl=1&resize=700%2C400 2x"},"classes":[]},{"id":8454,"url":"https:\/\/soclose.mx\/blog\/ay-goeeee\/formas-de-decir-gato-en-las-lenguas-indigenas\/","url_meta":{"origin":6153,"position":3},"title":"Formas de decir &#8216;gato&#8217; en las lenguas ind\u00edgenas","author":"Miguel Angel Romero","date":"22 enero, 2022","format":false,"excerpt":"En nuestro pa\u00eds tenemos muchas formas de decir \u201cgato\u201d, puesto que en todo el territorio se hablan 69 lenguas diferentes, y por eso aqu\u00ed te presentamos algunas Sin duda, una palabra ampliamente\u00a0popular para\u00a0llamar a los mininos es\u00a0\u201cmichi\u201d\u00a0un vocablo proveniente de las lenguas ind\u00edgenas de nuestro pa\u00eds: otom\u00ed (\"mixi\"). La lengua\u2026","rel":"","context":"En &quot;\u00a1Ay goeeee!&quot;","block_context":{"text":"\u00a1Ay goeeee!","link":"https:\/\/soclose.mx\/blog\/category\/ay-goeeee\/"},"img":{"alt_text":"","src":"https:\/\/i0.wp.com\/soclose.mx\/blog\/wp-content\/uploads\/2022\/01\/Copia-de-Principal-So-Close-blog-5-3.png?fit=1200%2C677&ssl=1&resize=350%2C200","width":350,"height":200,"srcset":"https:\/\/i0.wp.com\/soclose.mx\/blog\/wp-content\/uploads\/2022\/01\/Copia-de-Principal-So-Close-blog-5-3.png?fit=1200%2C677&ssl=1&resize=350%2C200 1x, https:\/\/i0.wp.com\/soclose.mx\/blog\/wp-content\/uploads\/2022\/01\/Copia-de-Principal-So-Close-blog-5-3.png?fit=1200%2C677&ssl=1&resize=525%2C300 1.5x, https:\/\/i0.wp.com\/soclose.mx\/blog\/wp-content\/uploads\/2022\/01\/Copia-de-Principal-So-Close-blog-5-3.png?fit=1200%2C677&ssl=1&resize=700%2C400 2x, https:\/\/i0.wp.com\/soclose.mx\/blog\/wp-content\/uploads\/2022\/01\/Copia-de-Principal-So-Close-blog-5-3.png?fit=1200%2C677&ssl=1&resize=1050%2C600 3x"},"classes":[]},{"id":9527,"url":"https:\/\/soclose.mx\/blog\/ay-goeeee\/aprende-nahuatl-la-app-que-te-ensena-esta-lengua-paso-a-paso\/","url_meta":{"origin":6153,"position":4},"title":"Aprende N\u00e1huatl: app que te ense\u00f1a esta lengua paso a paso","author":"Miguel Angel Romero","date":"16 abril, 2022","format":false,"excerpt":"La lengua n\u00e1huatl, la cual a pesar de ser hablada por m\u00e1s de 1.5 millones de mexicanos a\u00fan no cuenta con el suficiente inter\u00e9s de los pobladores para su estudio y aprendizaje. Y con la intenci\u00f3n de difundir y rescatar la lengua n\u00e1huatl el Instituto Nacional de Pueblos Ind\u00edgenas (INPI)\u2026","rel":"","context":"En &quot;\u00a1Ay goeeee!&quot;","block_context":{"text":"\u00a1Ay goeeee!","link":"https:\/\/soclose.mx\/blog\/category\/ay-goeeee\/"},"img":{"alt_text":"","src":"https:\/\/i0.wp.com\/soclose.mx\/blog\/wp-content\/uploads\/2022\/03\/Copia-de-Principal-So-Close-blog-5-3.png?fit=1200%2C677&ssl=1&resize=350%2C200","width":350,"height":200,"srcset":"https:\/\/i0.wp.com\/soclose.mx\/blog\/wp-content\/uploads\/2022\/03\/Copia-de-Principal-So-Close-blog-5-3.png?fit=1200%2C677&ssl=1&resize=350%2C200 1x, https:\/\/i0.wp.com\/soclose.mx\/blog\/wp-content\/uploads\/2022\/03\/Copia-de-Principal-So-Close-blog-5-3.png?fit=1200%2C677&ssl=1&resize=525%2C300 1.5x, https:\/\/i0.wp.com\/soclose.mx\/blog\/wp-content\/uploads\/2022\/03\/Copia-de-Principal-So-Close-blog-5-3.png?fit=1200%2C677&ssl=1&resize=700%2C400 2x, https:\/\/i0.wp.com\/soclose.mx\/blog\/wp-content\/uploads\/2022\/03\/Copia-de-Principal-So-Close-blog-5-3.png?fit=1200%2C677&ssl=1&resize=1050%2C600 3x"},"classes":[]},{"id":6062,"url":"https:\/\/soclose.mx\/blog\/ay-goeeee\/5-datos-sobre-manuel-segovia-uno-de-los-ultimos-hablantes-del-ayapaneco\/","url_meta":{"origin":6153,"position":5},"title":"5 datos sobre Manuel Segovia, uno de los \u00faltimos hablantes del ayapaneco","author":"So Close","date":"14 mayo, 2021","format":false,"excerpt":"El ayapaneco es un idioma\u00a0ind\u00edgena que se cree deriva de una mezcla de las lenguas mixe y zoque del estado de Veracruz, que hablaban olmecas y mayas de Tabasco. El se\u00f1or Manuel Segovia\u00a0fue uno de los \u00faltimos tres seres humanos que hablaba el ayapaneco y por ello te dejamos estos\u2026","rel":"","context":"En &quot;\u00a1Ay goeeee!&quot;","block_context":{"text":"\u00a1Ay goeeee!","link":"https:\/\/soclose.mx\/blog\/category\/ay-goeeee\/"},"img":{"alt_text":"","src":"https:\/\/i0.wp.com\/soclose.mx\/blog\/wp-content\/uploads\/2021\/05\/manuel-segovia-jimenez.jpeg?fit=1200%2C677&ssl=1&resize=350%2C200","width":350,"height":200,"srcset":"https:\/\/i0.wp.com\/soclose.mx\/blog\/wp-content\/uploads\/2021\/05\/manuel-segovia-jimenez.jpeg?fit=1200%2C677&ssl=1&resize=350%2C200 1x, https:\/\/i0.wp.com\/soclose.mx\/blog\/wp-content\/uploads\/2021\/05\/manuel-segovia-jimenez.jpeg?fit=1200%2C677&ssl=1&resize=525%2C300 1.5x, https:\/\/i0.wp.com\/soclose.mx\/blog\/wp-content\/uploads\/2021\/05\/manuel-segovia-jimenez.jpeg?fit=1200%2C677&ssl=1&resize=700%2C400 2x, https:\/\/i0.wp.com\/soclose.mx\/blog\/wp-content\/uploads\/2021\/05\/manuel-segovia-jimenez.jpeg?fit=1200%2C677&ssl=1&resize=1050%2C600 3x"},"classes":[]}],"jetpack_sharing_enabled":true,"_links":{"self":[{"href":"https:\/\/soclose.mx\/blog\/wp-json\/wp\/v2\/posts\/6153","targetHints":{"allow":["GET"]}}],"collection":[{"href":"https:\/\/soclose.mx\/blog\/wp-json\/wp\/v2\/posts"}],"about":[{"href":"https:\/\/soclose.mx\/blog\/wp-json\/wp\/v2\/types\/post"}],"author":[{"embeddable":true,"href":"https:\/\/soclose.mx\/blog\/wp-json\/wp\/v2\/users\/1"}],"replies":[{"embeddable":true,"href":"https:\/\/soclose.mx\/blog\/wp-json\/wp\/v2\/comments?post=6153"}],"version-history":[{"count":0,"href":"https:\/\/soclose.mx\/blog\/wp-json\/wp\/v2\/posts\/6153\/revisions"}],"wp:featuredmedia":[{"embeddable":true,"href":"https:\/\/soclose.mx\/blog\/wp-json\/wp\/v2\/media\/6155"}],"wp:attachment":[{"href":"https:\/\/soclose.mx\/blog\/wp-json\/wp\/v2\/media?parent=6153"}],"wp:term":[{"taxonomy":"category","embeddable":true,"href":"https:\/\/soclose.mx\/blog\/wp-json\/wp\/v2\/categories?post=6153"},{"taxonomy":"post_tag","embeddable":true,"href":"https:\/\/soclose.mx\/blog\/wp-json\/wp\/v2\/tags?post=6153"}],"curies":[{"name":"wp","href":"https:\/\/api.w.org\/{rel}","templated":true}]}}