{"id":6158,"date":"2021-06-25T18:33:35","date_gmt":"2021-06-25T23:33:35","guid":{"rendered":"https:\/\/soclose.mx\/blog\/?p=6158"},"modified":"2021-06-25T18:33:35","modified_gmt":"2021-06-25T23:33:35","slug":"video-5-datos-basicos-que-hacen-al-santo-el-enmascarado-de-plata-un-emblema-muy-mexicano","status":"publish","type":"post","link":"https:\/\/soclose.mx\/blog\/ay-goeeee\/video-5-datos-basicos-que-hacen-al-santo-el-enmascarado-de-plata-un-emblema-muy-mexicano\/","title":{"rendered":"VIDEO | 5 datos b\u00e1sicos que hacen al Santo, el enmascarado de plata, un emblema muy mexicano"},"content":{"rendered":"<blockquote>\n<ol>\n<li>Naci\u00f3 en\u00a0<strong>Tulancingo, Hidalgo<\/strong>, el 23 de septiembre de 1917. Fue bautizado como\u00a0<strong>Rodolfo Guzm\u00e1n Huerta<\/strong>.<\/li>\n<li>En 1920 se fue a vivir a la <strong><a href=\"https:\/\/soclose.mx\/blog\/?s=Ciudad+de+M%C3%A9xico\" target=\"_blank\" rel=\"noopener\">Ciudad de M\u00e9xico<\/a>,<\/strong> en espec\u00edfico a la\u00a0<strong>vecindad la Covadonga<\/strong>, en la calle Belisario Dom\u00ednguez, <a href=\"https:\/\/www.cultura.gob.mx\/turismocultural\/destino_mes\/cd_mexico\/\" target=\"_blank\" rel=\"noopener\"><strong><strong>Centro Hist\u00f3rico.<\/strong><\/strong>\u00a0<\/a><\/li>\n<li>Debut\u00f3 como <strong>El Santo<\/strong> el 26 de abril en la <strong>monumental Arena M\u00e9xico, un icono de la lucha libre mexicana.\n<p><\/strong><\/li>\n<li>Una de las luchas m\u00e1s recordadas de <strong>El Santo<\/strong> y en la cual naci\u00f3 la &#8220;Leyenda Plateada&#8221; fue la que disput\u00f3 el 7 de noviembre de 1952 en la actual <strong>Arena Coliseo<\/strong>\u00a0contra\u00a0<strong>Black Shadow <\/strong>en un combate m\u00e1scara contra m\u00e1scara.\n<p><iframe loading=\"lazy\" title=\"YouTube video player\" src=\"https:\/\/www.youtube.com\/embed\/1ybfGDDPcz4\" width=\"560\" height=\"315\" frameborder=\"0\" allowfullscreen=\"allowfullscreen\"><\/iframe><\/li>\n<li>Al igual que en su nacimiento, el 5 de febrero de 1984 perdi\u00f3 la vida en <strong>suelo mexicano<\/strong> en la <a href=\"https:\/\/soclose.mx\/blog\/?s=Ciudad+de+M%C3%A9xico\" target=\"_blank\" rel=\"noopener\"><strong>Ciudad de M\u00e9xico<\/strong><\/a> a causa de un infarto de miocardio.<\/li>\n<\/ol>\n<\/blockquote>\n<p>&nbsp;<\/p>\n<p>&nbsp;<\/p>\n","protected":false},"excerpt":{"rendered":"<p>Naci\u00f3 en\u00a0Tulancingo, Hidalgo, el 23 de septiembre de 1917. Fue bautizado como\u00a0Rodolfo Guzm\u00e1n Huerta. En 1920 se fue a vivir a la Ciudad de M\u00e9xico, en espec\u00edfico a la\u00a0vecindad la Covadonga, en la calle Belisario Dom\u00ednguez, Centro Hist\u00f3rico.\u00a0 Debut\u00f3 como El Santo el 26 de abril en la monumental Arena M\u00e9xico, un icono de la lucha libre mexicana. Una de las luchas m\u00e1s recordadas de El Santo y en la cual naci\u00f3 la &#8220;Leyenda Plateada&#8221; fue la que disput\u00f3 el 7 de noviembre de 1952 en la actual Arena Coliseo\u00a0contra\u00a0Black Shadow en un combate m\u00e1scara contra m\u00e1scara. Al igual que<\/p>\n","protected":false},"author":1,"featured_media":6303,"comment_status":"open","ping_status":"open","sticky":false,"template":"","format":"standard","meta":{"_jetpack_memberships_contains_paid_content":false,"footnotes":""},"categories":[1],"tags":[1022,1021,1019,512,1020],"class_list":["post-6158","post","type-post","status-publish","format-standard","has-post-thumbnail","hentry","category-ay-goeeee","tag-arena-coliseo","tag-arena-mexico","tag-el-santo","tag-lucha-libre","tag-santo"],"yoast_head":"<!-- This site is optimized with the Yoast SEO plugin v26.7 - https:\/\/yoast.com\/wordpress\/plugins\/seo\/ -->\n<title>VIDEO | 5 datos b\u00e1sicos que hacen al Santo, el enmascarado de plata, un emblema muy mexicano - So Close<\/title>\n<meta name=\"description\" content=\"Una de las luchas m\u00e1s recordadas de El Santo y en la cual naci\u00f3 la &quot;Leyenda Plateada&quot; fue la que disput\u00f3 el 7 de noviembre de 1952.\" \/>\n<meta name=\"robots\" content=\"index, follow, max-snippet:-1, max-image-preview:large, max-video-preview:-1\" \/>\n<link rel=\"canonical\" href=\"https:\/\/soclose.mx\/blog\/ay-goeeee\/video-5-datos-basicos-que-hacen-al-santo-el-enmascarado-de-plata-un-emblema-muy-mexicano\/\" \/>\n<meta property=\"og:locale\" content=\"es_MX\" \/>\n<meta property=\"og:type\" content=\"article\" \/>\n<meta property=\"og:title\" content=\"VIDEO | 5 datos b\u00e1sicos que hacen al Santo, el enmascarado de plata, un emblema muy mexicano - So Close\" \/>\n<meta property=\"og:description\" content=\"Una de las luchas m\u00e1s recordadas de El Santo y en la cual naci\u00f3 la &quot;Leyenda Plateada&quot; fue la que disput\u00f3 el 7 de noviembre de 1952.\" \/>\n<meta property=\"og:url\" content=\"https:\/\/soclose.mx\/blog\/ay-goeeee\/video-5-datos-basicos-que-hacen-al-santo-el-enmascarado-de-plata-un-emblema-muy-mexicano\/\" \/>\n<meta property=\"og:site_name\" content=\"So Close\" \/>\n<meta property=\"article:published_time\" content=\"2021-06-25T23:33:35+00:00\" \/>\n<meta property=\"og:image\" content=\"https:\/\/i0.wp.com\/soclose.mx\/blog\/wp-content\/uploads\/2021\/06\/lucha-libre.jpeg?fit=1240%2C700&ssl=1\" \/>\n\t<meta property=\"og:image:width\" content=\"1240\" \/>\n\t<meta property=\"og:image:height\" content=\"700\" \/>\n\t<meta property=\"og:image:type\" content=\"image\/jpeg\" \/>\n<meta name=\"author\" content=\"So Close\" \/>\n<meta name=\"twitter:card\" content=\"summary_large_image\" \/>\n<meta name=\"twitter:label1\" content=\"Escrito por\" \/>\n\t<meta name=\"twitter:data1\" content=\"So Close\" \/>\n\t<meta name=\"twitter:label2\" content=\"Tiempo de lectura\" \/>\n\t<meta name=\"twitter:data2\" content=\"1 minuto\" \/>\n<script type=\"application\/ld+json\" class=\"yoast-schema-graph\">{\"@context\":\"https:\/\/schema.org\",\"@graph\":[{\"@type\":\"Article\",\"@id\":\"https:\/\/soclose.mx\/blog\/ay-goeeee\/video-5-datos-basicos-que-hacen-al-santo-el-enmascarado-de-plata-un-emblema-muy-mexicano\/#article\",\"isPartOf\":{\"@id\":\"https:\/\/soclose.mx\/blog\/ay-goeeee\/video-5-datos-basicos-que-hacen-al-santo-el-enmascarado-de-plata-un-emblema-muy-mexicano\/\"},\"author\":{\"name\":\"So Close\",\"@id\":\"https:\/\/soclose.mx\/blog\/#\/schema\/person\/723eb117ab965b55c3e56b5d29751667\"},\"headline\":\"VIDEO | 5 datos b\u00e1sicos que hacen al Santo, el enmascarado de plata, un emblema muy mexicano\",\"datePublished\":\"2021-06-25T23:33:35+00:00\",\"mainEntityOfPage\":{\"@id\":\"https:\/\/soclose.mx\/blog\/ay-goeeee\/video-5-datos-basicos-que-hacen-al-santo-el-enmascarado-de-plata-un-emblema-muy-mexicano\/\"},\"wordCount\":152,\"commentCount\":0,\"publisher\":{\"@id\":\"https:\/\/soclose.mx\/blog\/#organization\"},\"image\":{\"@id\":\"https:\/\/soclose.mx\/blog\/ay-goeeee\/video-5-datos-basicos-que-hacen-al-santo-el-enmascarado-de-plata-un-emblema-muy-mexicano\/#primaryimage\"},\"thumbnailUrl\":\"https:\/\/i0.wp.com\/soclose.mx\/blog\/wp-content\/uploads\/2021\/06\/lucha-libre.jpeg?fit=1240%2C700&ssl=1\",\"keywords\":[\"arena coliseo\",\"arena m\u00e9xico\",\"el santo\",\"lucha libre\",\"santo\"],\"articleSection\":[\"\u00a1Ay goeeee!\"],\"inLanguage\":\"es\",\"potentialAction\":[{\"@type\":\"CommentAction\",\"name\":\"Comment\",\"target\":[\"https:\/\/soclose.mx\/blog\/ay-goeeee\/video-5-datos-basicos-que-hacen-al-santo-el-enmascarado-de-plata-un-emblema-muy-mexicano\/#respond\"]}]},{\"@type\":\"WebPage\",\"@id\":\"https:\/\/soclose.mx\/blog\/ay-goeeee\/video-5-datos-basicos-que-hacen-al-santo-el-enmascarado-de-plata-un-emblema-muy-mexicano\/\",\"url\":\"https:\/\/soclose.mx\/blog\/ay-goeeee\/video-5-datos-basicos-que-hacen-al-santo-el-enmascarado-de-plata-un-emblema-muy-mexicano\/\",\"name\":\"VIDEO | 5 datos b\u00e1sicos que hacen al Santo, el enmascarado de plata, un emblema muy mexicano - So Close\",\"isPartOf\":{\"@id\":\"https:\/\/soclose.mx\/blog\/#website\"},\"primaryImageOfPage\":{\"@id\":\"https:\/\/soclose.mx\/blog\/ay-goeeee\/video-5-datos-basicos-que-hacen-al-santo-el-enmascarado-de-plata-un-emblema-muy-mexicano\/#primaryimage\"},\"image\":{\"@id\":\"https:\/\/soclose.mx\/blog\/ay-goeeee\/video-5-datos-basicos-que-hacen-al-santo-el-enmascarado-de-plata-un-emblema-muy-mexicano\/#primaryimage\"},\"thumbnailUrl\":\"https:\/\/i0.wp.com\/soclose.mx\/blog\/wp-content\/uploads\/2021\/06\/lucha-libre.jpeg?fit=1240%2C700&ssl=1\",\"datePublished\":\"2021-06-25T23:33:35+00:00\",\"description\":\"Una de las luchas m\u00e1s recordadas de El Santo y en la cual naci\u00f3 la \\\"Leyenda Plateada\\\" fue la que disput\u00f3 el 7 de noviembre de 1952.\",\"breadcrumb\":{\"@id\":\"https:\/\/soclose.mx\/blog\/ay-goeeee\/video-5-datos-basicos-que-hacen-al-santo-el-enmascarado-de-plata-un-emblema-muy-mexicano\/#breadcrumb\"},\"inLanguage\":\"es\",\"potentialAction\":[{\"@type\":\"ReadAction\",\"target\":[\"https:\/\/soclose.mx\/blog\/ay-goeeee\/video-5-datos-basicos-que-hacen-al-santo-el-enmascarado-de-plata-un-emblema-muy-mexicano\/\"]}]},{\"@type\":\"ImageObject\",\"inLanguage\":\"es\",\"@id\":\"https:\/\/soclose.mx\/blog\/ay-goeeee\/video-5-datos-basicos-que-hacen-al-santo-el-enmascarado-de-plata-un-emblema-muy-mexicano\/#primaryimage\",\"url\":\"https:\/\/i0.wp.com\/soclose.mx\/blog\/wp-content\/uploads\/2021\/06\/lucha-libre.jpeg?fit=1240%2C700&ssl=1\",\"contentUrl\":\"https:\/\/i0.wp.com\/soclose.mx\/blog\/wp-content\/uploads\/2021\/06\/lucha-libre.jpeg?fit=1240%2C700&ssl=1\",\"width\":1240,\"height\":700},{\"@type\":\"BreadcrumbList\",\"@id\":\"https:\/\/soclose.mx\/blog\/ay-goeeee\/video-5-datos-basicos-que-hacen-al-santo-el-enmascarado-de-plata-un-emblema-muy-mexicano\/#breadcrumb\",\"itemListElement\":[{\"@type\":\"ListItem\",\"position\":1,\"name\":\"Inicio\",\"item\":\"https:\/\/soclose.mx\/blog\/\"},{\"@type\":\"ListItem\",\"position\":2,\"name\":\"VIDEO | 5 datos b\u00e1sicos que hacen al Santo, el enmascarado de plata, un emblema muy mexicano\"}]},{\"@type\":\"WebSite\",\"@id\":\"https:\/\/soclose.mx\/blog\/#website\",\"url\":\"https:\/\/soclose.mx\/blog\/\",\"name\":\"So Close\",\"description\":\"Hacemos contenidos de M\u00e9xico\",\"publisher\":{\"@id\":\"https:\/\/soclose.mx\/blog\/#organization\"},\"potentialAction\":[{\"@type\":\"SearchAction\",\"target\":{\"@type\":\"EntryPoint\",\"urlTemplate\":\"https:\/\/soclose.mx\/blog\/?s={search_term_string}\"},\"query-input\":{\"@type\":\"PropertyValueSpecification\",\"valueRequired\":true,\"valueName\":\"search_term_string\"}}],\"inLanguage\":\"es\"},{\"@type\":\"Organization\",\"@id\":\"https:\/\/soclose.mx\/blog\/#organization\",\"name\":\"So Close\",\"url\":\"https:\/\/soclose.mx\/blog\/\",\"logo\":{\"@type\":\"ImageObject\",\"inLanguage\":\"es\",\"@id\":\"https:\/\/soclose.mx\/blog\/#\/schema\/logo\/image\/\",\"url\":\"https:\/\/i0.wp.com\/soclose.mx\/blog\/wp-content\/uploads\/2020\/12\/LOGO_SOCLOSE_COLOR-e1608310133507.png?fit=2858%2C1264&ssl=1\",\"contentUrl\":\"https:\/\/i0.wp.com\/soclose.mx\/blog\/wp-content\/uploads\/2020\/12\/LOGO_SOCLOSE_COLOR-e1608310133507.png?fit=2858%2C1264&ssl=1\",\"width\":2858,\"height\":1264,\"caption\":\"So Close\"},\"image\":{\"@id\":\"https:\/\/soclose.mx\/blog\/#\/schema\/logo\/image\/\"}},{\"@type\":\"Person\",\"@id\":\"https:\/\/soclose.mx\/blog\/#\/schema\/person\/723eb117ab965b55c3e56b5d29751667\",\"name\":\"So Close\",\"image\":{\"@type\":\"ImageObject\",\"inLanguage\":\"es\",\"@id\":\"https:\/\/soclose.mx\/blog\/#\/schema\/person\/image\/\",\"url\":\"https:\/\/secure.gravatar.com\/avatar\/5a1d1d694eaf6d2c28f450f0984cbb34821b92dc49c1d088c0250fbc6a48efec?s=96&d=mm&r=g\",\"contentUrl\":\"https:\/\/secure.gravatar.com\/avatar\/5a1d1d694eaf6d2c28f450f0984cbb34821b92dc49c1d088c0250fbc6a48efec?s=96&d=mm&r=g\",\"caption\":\"So Close\"},\"sameAs\":[\"http:\/\/www.soclose.mx\",\"https:\/\/www.youtube.com\/@soclosemx\"],\"url\":\"https:\/\/soclose.mx\/blog\/author\/admin\/\"}]}<\/script>\n<!-- \/ Yoast SEO plugin. -->","yoast_head_json":{"title":"VIDEO | 5 datos b\u00e1sicos que hacen al Santo, el enmascarado de plata, un emblema muy mexicano - So Close","description":"Una de las luchas m\u00e1s recordadas de El Santo y en la cual naci\u00f3 la \"Leyenda Plateada\" fue la que disput\u00f3 el 7 de noviembre de 1952.","robots":{"index":"index","follow":"follow","max-snippet":"max-snippet:-1","max-image-preview":"max-image-preview:large","max-video-preview":"max-video-preview:-1"},"canonical":"https:\/\/soclose.mx\/blog\/ay-goeeee\/video-5-datos-basicos-que-hacen-al-santo-el-enmascarado-de-plata-un-emblema-muy-mexicano\/","og_locale":"es_MX","og_type":"article","og_title":"VIDEO | 5 datos b\u00e1sicos que hacen al Santo, el enmascarado de plata, un emblema muy mexicano - So Close","og_description":"Una de las luchas m\u00e1s recordadas de El Santo y en la cual naci\u00f3 la \"Leyenda Plateada\" fue la que disput\u00f3 el 7 de noviembre de 1952.","og_url":"https:\/\/soclose.mx\/blog\/ay-goeeee\/video-5-datos-basicos-que-hacen-al-santo-el-enmascarado-de-plata-un-emblema-muy-mexicano\/","og_site_name":"So Close","article_published_time":"2021-06-25T23:33:35+00:00","og_image":[{"width":1240,"height":700,"url":"https:\/\/i0.wp.com\/soclose.mx\/blog\/wp-content\/uploads\/2021\/06\/lucha-libre.jpeg?fit=1240%2C700&ssl=1","type":"image\/jpeg"}],"author":"So Close","twitter_card":"summary_large_image","twitter_misc":{"Escrito por":"So Close","Tiempo de lectura":"1 minuto"},"schema":{"@context":"https:\/\/schema.org","@graph":[{"@type":"Article","@id":"https:\/\/soclose.mx\/blog\/ay-goeeee\/video-5-datos-basicos-que-hacen-al-santo-el-enmascarado-de-plata-un-emblema-muy-mexicano\/#article","isPartOf":{"@id":"https:\/\/soclose.mx\/blog\/ay-goeeee\/video-5-datos-basicos-que-hacen-al-santo-el-enmascarado-de-plata-un-emblema-muy-mexicano\/"},"author":{"name":"So Close","@id":"https:\/\/soclose.mx\/blog\/#\/schema\/person\/723eb117ab965b55c3e56b5d29751667"},"headline":"VIDEO | 5 datos b\u00e1sicos que hacen al Santo, el enmascarado de plata, un emblema muy mexicano","datePublished":"2021-06-25T23:33:35+00:00","mainEntityOfPage":{"@id":"https:\/\/soclose.mx\/blog\/ay-goeeee\/video-5-datos-basicos-que-hacen-al-santo-el-enmascarado-de-plata-un-emblema-muy-mexicano\/"},"wordCount":152,"commentCount":0,"publisher":{"@id":"https:\/\/soclose.mx\/blog\/#organization"},"image":{"@id":"https:\/\/soclose.mx\/blog\/ay-goeeee\/video-5-datos-basicos-que-hacen-al-santo-el-enmascarado-de-plata-un-emblema-muy-mexicano\/#primaryimage"},"thumbnailUrl":"https:\/\/i0.wp.com\/soclose.mx\/blog\/wp-content\/uploads\/2021\/06\/lucha-libre.jpeg?fit=1240%2C700&ssl=1","keywords":["arena coliseo","arena m\u00e9xico","el santo","lucha libre","santo"],"articleSection":["\u00a1Ay goeeee!"],"inLanguage":"es","potentialAction":[{"@type":"CommentAction","name":"Comment","target":["https:\/\/soclose.mx\/blog\/ay-goeeee\/video-5-datos-basicos-que-hacen-al-santo-el-enmascarado-de-plata-un-emblema-muy-mexicano\/#respond"]}]},{"@type":"WebPage","@id":"https:\/\/soclose.mx\/blog\/ay-goeeee\/video-5-datos-basicos-que-hacen-al-santo-el-enmascarado-de-plata-un-emblema-muy-mexicano\/","url":"https:\/\/soclose.mx\/blog\/ay-goeeee\/video-5-datos-basicos-que-hacen-al-santo-el-enmascarado-de-plata-un-emblema-muy-mexicano\/","name":"VIDEO | 5 datos b\u00e1sicos que hacen al Santo, el enmascarado de plata, un emblema muy mexicano - So Close","isPartOf":{"@id":"https:\/\/soclose.mx\/blog\/#website"},"primaryImageOfPage":{"@id":"https:\/\/soclose.mx\/blog\/ay-goeeee\/video-5-datos-basicos-que-hacen-al-santo-el-enmascarado-de-plata-un-emblema-muy-mexicano\/#primaryimage"},"image":{"@id":"https:\/\/soclose.mx\/blog\/ay-goeeee\/video-5-datos-basicos-que-hacen-al-santo-el-enmascarado-de-plata-un-emblema-muy-mexicano\/#primaryimage"},"thumbnailUrl":"https:\/\/i0.wp.com\/soclose.mx\/blog\/wp-content\/uploads\/2021\/06\/lucha-libre.jpeg?fit=1240%2C700&ssl=1","datePublished":"2021-06-25T23:33:35+00:00","description":"Una de las luchas m\u00e1s recordadas de El Santo y en la cual naci\u00f3 la \"Leyenda Plateada\" fue la que disput\u00f3 el 7 de noviembre de 1952.","breadcrumb":{"@id":"https:\/\/soclose.mx\/blog\/ay-goeeee\/video-5-datos-basicos-que-hacen-al-santo-el-enmascarado-de-plata-un-emblema-muy-mexicano\/#breadcrumb"},"inLanguage":"es","potentialAction":[{"@type":"ReadAction","target":["https:\/\/soclose.mx\/blog\/ay-goeeee\/video-5-datos-basicos-que-hacen-al-santo-el-enmascarado-de-plata-un-emblema-muy-mexicano\/"]}]},{"@type":"ImageObject","inLanguage":"es","@id":"https:\/\/soclose.mx\/blog\/ay-goeeee\/video-5-datos-basicos-que-hacen-al-santo-el-enmascarado-de-plata-un-emblema-muy-mexicano\/#primaryimage","url":"https:\/\/i0.wp.com\/soclose.mx\/blog\/wp-content\/uploads\/2021\/06\/lucha-libre.jpeg?fit=1240%2C700&ssl=1","contentUrl":"https:\/\/i0.wp.com\/soclose.mx\/blog\/wp-content\/uploads\/2021\/06\/lucha-libre.jpeg?fit=1240%2C700&ssl=1","width":1240,"height":700},{"@type":"BreadcrumbList","@id":"https:\/\/soclose.mx\/blog\/ay-goeeee\/video-5-datos-basicos-que-hacen-al-santo-el-enmascarado-de-plata-un-emblema-muy-mexicano\/#breadcrumb","itemListElement":[{"@type":"ListItem","position":1,"name":"Inicio","item":"https:\/\/soclose.mx\/blog\/"},{"@type":"ListItem","position":2,"name":"VIDEO | 5 datos b\u00e1sicos que hacen al Santo, el enmascarado de plata, un emblema muy mexicano"}]},{"@type":"WebSite","@id":"https:\/\/soclose.mx\/blog\/#website","url":"https:\/\/soclose.mx\/blog\/","name":"So Close","description":"Hacemos contenidos de M\u00e9xico","publisher":{"@id":"https:\/\/soclose.mx\/blog\/#organization"},"potentialAction":[{"@type":"SearchAction","target":{"@type":"EntryPoint","urlTemplate":"https:\/\/soclose.mx\/blog\/?s={search_term_string}"},"query-input":{"@type":"PropertyValueSpecification","valueRequired":true,"valueName":"search_term_string"}}],"inLanguage":"es"},{"@type":"Organization","@id":"https:\/\/soclose.mx\/blog\/#organization","name":"So Close","url":"https:\/\/soclose.mx\/blog\/","logo":{"@type":"ImageObject","inLanguage":"es","@id":"https:\/\/soclose.mx\/blog\/#\/schema\/logo\/image\/","url":"https:\/\/i0.wp.com\/soclose.mx\/blog\/wp-content\/uploads\/2020\/12\/LOGO_SOCLOSE_COLOR-e1608310133507.png?fit=2858%2C1264&ssl=1","contentUrl":"https:\/\/i0.wp.com\/soclose.mx\/blog\/wp-content\/uploads\/2020\/12\/LOGO_SOCLOSE_COLOR-e1608310133507.png?fit=2858%2C1264&ssl=1","width":2858,"height":1264,"caption":"So Close"},"image":{"@id":"https:\/\/soclose.mx\/blog\/#\/schema\/logo\/image\/"}},{"@type":"Person","@id":"https:\/\/soclose.mx\/blog\/#\/schema\/person\/723eb117ab965b55c3e56b5d29751667","name":"So Close","image":{"@type":"ImageObject","inLanguage":"es","@id":"https:\/\/soclose.mx\/blog\/#\/schema\/person\/image\/","url":"https:\/\/secure.gravatar.com\/avatar\/5a1d1d694eaf6d2c28f450f0984cbb34821b92dc49c1d088c0250fbc6a48efec?s=96&d=mm&r=g","contentUrl":"https:\/\/secure.gravatar.com\/avatar\/5a1d1d694eaf6d2c28f450f0984cbb34821b92dc49c1d088c0250fbc6a48efec?s=96&d=mm&r=g","caption":"So Close"},"sameAs":["http:\/\/www.soclose.mx","https:\/\/www.youtube.com\/@soclosemx"],"url":"https:\/\/soclose.mx\/blog\/author\/admin\/"}]}},"jetpack_featured_media_url":"https:\/\/i0.wp.com\/soclose.mx\/blog\/wp-content\/uploads\/2021\/06\/lucha-libre.jpeg?fit=1240%2C700&ssl=1","jetpack-related-posts":[{"id":9654,"url":"https:\/\/soclose.mx\/blog\/ay-goeeee\/luchatour-conoce-la-arena-mexico-mas-a-fondo\/","url_meta":{"origin":6158,"position":0},"title":"LuchaTour: Conoce la Arena M\u00e9xico m\u00e1s a fondo","author":"Miguel Angel Romero","date":"28 abril, 2022","format":false,"excerpt":"LuchaTour es la nueva experiencia creada por el Consejo Mundial de Lucha Libre (CMLL) la cual te van a contar la historia del recinto m\u00e1s ic\u00f3nico para este deporte en nuestro pa\u00eds y hasta podr\u00e1s convivir con los luchadores\u00a0antes de verlos en acci\u00f3n. El nuevo tour se realiza los viernes,\u2026","rel":"","context":"En &quot;\u00a1Ay goeeee!&quot;","block_context":{"text":"\u00a1Ay goeeee!","link":"https:\/\/soclose.mx\/blog\/category\/ay-goeeee\/"},"img":{"alt_text":"","src":"https:\/\/i0.wp.com\/soclose.mx\/blog\/wp-content\/uploads\/2022\/04\/Copia-de-Principal-So-Close-blog-1-3.png?fit=1200%2C677&ssl=1&resize=350%2C200","width":350,"height":200,"srcset":"https:\/\/i0.wp.com\/soclose.mx\/blog\/wp-content\/uploads\/2022\/04\/Copia-de-Principal-So-Close-blog-1-3.png?fit=1200%2C677&ssl=1&resize=350%2C200 1x, https:\/\/i0.wp.com\/soclose.mx\/blog\/wp-content\/uploads\/2022\/04\/Copia-de-Principal-So-Close-blog-1-3.png?fit=1200%2C677&ssl=1&resize=525%2C300 1.5x, https:\/\/i0.wp.com\/soclose.mx\/blog\/wp-content\/uploads\/2022\/04\/Copia-de-Principal-So-Close-blog-1-3.png?fit=1200%2C677&ssl=1&resize=700%2C400 2x, https:\/\/i0.wp.com\/soclose.mx\/blog\/wp-content\/uploads\/2022\/04\/Copia-de-Principal-So-Close-blog-1-3.png?fit=1200%2C677&ssl=1&resize=1050%2C600 3x"},"classes":[]},{"id":6670,"url":"https:\/\/soclose.mx\/blog\/ay-goeeee\/10-inolvidables-datos-de-super-porky\/","url_meta":{"origin":6158,"position":1},"title":"10 inolvidables datos de S\u00faper Porky","author":"So Close","date":"27 julio, 2021","format":false,"excerpt":"En M\u00e9xico la lucha libre es un ingrediente m\u00e1s de la cultura contempor\u00e1nea y, por ende, los luchadores son parte del gusto popular de nacionales y visitantes. Por ello, sin lugar a dudas, S\u00faper Porky fue un exponente de la lucha libre admirado y querido por su carisma. Aqu\u00ed te\u2026","rel":"","context":"En &quot;\u00a1Ay goeeee!&quot;","block_context":{"text":"\u00a1Ay goeeee!","link":"https:\/\/soclose.mx\/blog\/category\/ay-goeeee\/"},"img":{"alt_text":"","src":"https:\/\/i0.wp.com\/soclose.mx\/blog\/wp-content\/uploads\/2021\/07\/super-porky.jpeg?fit=1200%2C677&ssl=1&resize=350%2C200","width":350,"height":200,"srcset":"https:\/\/i0.wp.com\/soclose.mx\/blog\/wp-content\/uploads\/2021\/07\/super-porky.jpeg?fit=1200%2C677&ssl=1&resize=350%2C200 1x, https:\/\/i0.wp.com\/soclose.mx\/blog\/wp-content\/uploads\/2021\/07\/super-porky.jpeg?fit=1200%2C677&ssl=1&resize=525%2C300 1.5x, https:\/\/i0.wp.com\/soclose.mx\/blog\/wp-content\/uploads\/2021\/07\/super-porky.jpeg?fit=1200%2C677&ssl=1&resize=700%2C400 2x, https:\/\/i0.wp.com\/soclose.mx\/blog\/wp-content\/uploads\/2021\/07\/super-porky.jpeg?fit=1200%2C677&ssl=1&resize=1050%2C600 3x"},"classes":[]},{"id":10897,"url":"https:\/\/soclose.mx\/blog\/comida-mexicana\/caldo-tlalpeno-el-platillo-que-se-creo-por-una-borrachera-del-presidente-santa-anna\/","url_meta":{"origin":6158,"position":2},"title":"Caldo Tlalpe\u00f1o, el platillo que se cre\u00f3 por una borrachera del presidente Santa Anna","author":"Daniel Ram\u00edrez","date":"11 agosto, 2022","format":false,"excerpt":"\u00a1Qu\u00e9 delicioso es el Caldo Tlalpe\u00f1o! Algunos lo comen por el simple gusto y otros para que les ayude a bajar la resaca de una buena noche de fiesta y copas. Justo as\u00ed fue como naci\u00f3 este delicioso platillo mexicano y fue el mism\u00edsimo expresidente de M\u00e9xico, Antonio L\u00f3pez de\u2026","rel":"","context":"En &quot;Comida mexicana&quot;","block_context":{"text":"Comida mexicana","link":"https:\/\/soclose.mx\/blog\/category\/comida-mexicana\/"},"img":{"alt_text":"","src":"https:\/\/i0.wp.com\/soclose.mx\/blog\/wp-content\/uploads\/2022\/08\/tlalpeno.png?fit=812%2C454&ssl=1&resize=350%2C200","width":350,"height":200,"srcset":"https:\/\/i0.wp.com\/soclose.mx\/blog\/wp-content\/uploads\/2022\/08\/tlalpeno.png?fit=812%2C454&ssl=1&resize=350%2C200 1x, https:\/\/i0.wp.com\/soclose.mx\/blog\/wp-content\/uploads\/2022\/08\/tlalpeno.png?fit=812%2C454&ssl=1&resize=525%2C300 1.5x, https:\/\/i0.wp.com\/soclose.mx\/blog\/wp-content\/uploads\/2022\/08\/tlalpeno.png?fit=812%2C454&ssl=1&resize=700%2C400 2x"},"classes":[]},{"id":12199,"url":"https:\/\/soclose.mx\/blog\/mitos-y-leyendas-mexicanos\/santa-muerte-como-se-venera-mexico\/","url_meta":{"origin":6158,"position":3},"title":"Ni\u00f1a Blanca: La Santa Muerte y c\u00f3mo se venera en M\u00e9xico\u00a0","author":"Emmanuel Oviedo","date":"7 agosto, 2023","format":false,"excerpt":"Con el fin del mes de octubre y la llegada de noviembre, en M\u00e9xico aumentan las diversas expresiones para festejar a la huesuda; porque, a decir verdad, el mexicano festeja a la muerte todos los d\u00edas, \u00a0se r\u00ede de ella y hasta la venera mediante s\u00edmbolos como la ni\u00f1a blanca\u2026","rel":"","context":"En &quot;\u00a1Ay nanita!&quot;","block_context":{"text":"\u00a1Ay nanita!","link":"https:\/\/soclose.mx\/blog\/category\/mitos-y-leyendas-mexicanos\/"},"img":{"alt_text":"Santa Muerte como se venera en M\u00e9xico","src":"https:\/\/i0.wp.com\/soclose.mx\/blog\/wp-content\/uploads\/2023\/07\/51004347327_a9857c3c18_k.jpg?fit=1200%2C806&ssl=1&resize=350%2C200","width":350,"height":200,"srcset":"https:\/\/i0.wp.com\/soclose.mx\/blog\/wp-content\/uploads\/2023\/07\/51004347327_a9857c3c18_k.jpg?fit=1200%2C806&ssl=1&resize=350%2C200 1x, https:\/\/i0.wp.com\/soclose.mx\/blog\/wp-content\/uploads\/2023\/07\/51004347327_a9857c3c18_k.jpg?fit=1200%2C806&ssl=1&resize=525%2C300 1.5x, https:\/\/i0.wp.com\/soclose.mx\/blog\/wp-content\/uploads\/2023\/07\/51004347327_a9857c3c18_k.jpg?fit=1200%2C806&ssl=1&resize=700%2C400 2x, https:\/\/i0.wp.com\/soclose.mx\/blog\/wp-content\/uploads\/2023\/07\/51004347327_a9857c3c18_k.jpg?fit=1200%2C806&ssl=1&resize=1050%2C600 3x"},"classes":[]},{"id":9524,"url":"https:\/\/soclose.mx\/blog\/lugares\/6-datos-del-teatro-mexicano-mas-antiguo-de-america\/","url_meta":{"origin":6158,"position":4},"title":"6 datos del teatro (mexicano) m\u00e1s antiguo de Am\u00e9rica","author":"Miguel Angel Romero","date":"28 abril, 2022","format":false,"excerpt":"En la ciudad de Puebla se ubica el Teatro Principal m\u00e1s antiguo de Am\u00e9rica, el cual posee una historia de 262 a\u00f1os y que desde su fundaci\u00f3n ha sido escenario de obras internacionales, artistas, cantantes y personajes pol\u00edticos de M\u00e9xico. Es por eso que te dejamos 7 datos de este\u2026","rel":"","context":"En &quot;\u00a1Ay goeeee!&quot;","block_context":{"text":"\u00a1Ay goeeee!","link":"https:\/\/soclose.mx\/blog\/category\/ay-goeeee\/"},"img":{"alt_text":"","src":"https:\/\/i0.wp.com\/soclose.mx\/blog\/wp-content\/uploads\/2022\/03\/Copia-de-Principal-So-Close-blog-3-15.png?fit=1200%2C677&ssl=1&resize=350%2C200","width":350,"height":200,"srcset":"https:\/\/i0.wp.com\/soclose.mx\/blog\/wp-content\/uploads\/2022\/03\/Copia-de-Principal-So-Close-blog-3-15.png?fit=1200%2C677&ssl=1&resize=350%2C200 1x, https:\/\/i0.wp.com\/soclose.mx\/blog\/wp-content\/uploads\/2022\/03\/Copia-de-Principal-So-Close-blog-3-15.png?fit=1200%2C677&ssl=1&resize=525%2C300 1.5x, https:\/\/i0.wp.com\/soclose.mx\/blog\/wp-content\/uploads\/2022\/03\/Copia-de-Principal-So-Close-blog-3-15.png?fit=1200%2C677&ssl=1&resize=700%2C400 2x, https:\/\/i0.wp.com\/soclose.mx\/blog\/wp-content\/uploads\/2022\/03\/Copia-de-Principal-So-Close-blog-3-15.png?fit=1200%2C677&ssl=1&resize=1050%2C600 3x"},"classes":[]},{"id":10801,"url":"https:\/\/soclose.mx\/blog\/para-todos\/jugador-de-los-san-francisco-49ers-enamorado-de-la-lucha-libre-y-el-tequila-mexicanos\/","url_meta":{"origin":6158,"position":5},"title":"Jugador de los San Francisco 49ers, \u00a1enamorado de la lucha libre y el tequila mexicanos!","author":"Daniel Ram\u00edrez","date":"3 agosto, 2022","format":false,"excerpt":"Muchos mexicanos apasionados del futbol americano de la NFL, son fan\u00e1ticos de los San Francisco 49ers, que tienen a Joe Montana como uno de sus m\u00e1ximos referentes hist\u00f3ricos. El pr\u00f3ximo 21 de noviembre visitar\u00e1n nuestro pa\u00eds para jugar ante los Arizona Cardinals en el Estadio Azteca. Dentro del equipo californiano,\u2026","rel":"","context":"En &quot;Para todos&quot;","block_context":{"text":"Para todos","link":"https:\/\/soclose.mx\/blog\/category\/para-todos\/"},"img":{"alt_text":"","src":"https:\/\/i0.wp.com\/soclose.mx\/blog\/wp-content\/uploads\/2022\/08\/Captura-de-Pantalla-2022-08-03-a-las-19.32.38.png?fit=779%2C536&ssl=1&resize=350%2C200","width":350,"height":200,"srcset":"https:\/\/i0.wp.com\/soclose.mx\/blog\/wp-content\/uploads\/2022\/08\/Captura-de-Pantalla-2022-08-03-a-las-19.32.38.png?fit=779%2C536&ssl=1&resize=350%2C200 1x, https:\/\/i0.wp.com\/soclose.mx\/blog\/wp-content\/uploads\/2022\/08\/Captura-de-Pantalla-2022-08-03-a-las-19.32.38.png?fit=779%2C536&ssl=1&resize=525%2C300 1.5x, https:\/\/i0.wp.com\/soclose.mx\/blog\/wp-content\/uploads\/2022\/08\/Captura-de-Pantalla-2022-08-03-a-las-19.32.38.png?fit=779%2C536&ssl=1&resize=700%2C400 2x"},"classes":[]}],"jetpack_sharing_enabled":true,"_links":{"self":[{"href":"https:\/\/soclose.mx\/blog\/wp-json\/wp\/v2\/posts\/6158","targetHints":{"allow":["GET"]}}],"collection":[{"href":"https:\/\/soclose.mx\/blog\/wp-json\/wp\/v2\/posts"}],"about":[{"href":"https:\/\/soclose.mx\/blog\/wp-json\/wp\/v2\/types\/post"}],"author":[{"embeddable":true,"href":"https:\/\/soclose.mx\/blog\/wp-json\/wp\/v2\/users\/1"}],"replies":[{"embeddable":true,"href":"https:\/\/soclose.mx\/blog\/wp-json\/wp\/v2\/comments?post=6158"}],"version-history":[{"count":0,"href":"https:\/\/soclose.mx\/blog\/wp-json\/wp\/v2\/posts\/6158\/revisions"}],"wp:featuredmedia":[{"embeddable":true,"href":"https:\/\/soclose.mx\/blog\/wp-json\/wp\/v2\/media\/6303"}],"wp:attachment":[{"href":"https:\/\/soclose.mx\/blog\/wp-json\/wp\/v2\/media?parent=6158"}],"wp:term":[{"taxonomy":"category","embeddable":true,"href":"https:\/\/soclose.mx\/blog\/wp-json\/wp\/v2\/categories?post=6158"},{"taxonomy":"post_tag","embeddable":true,"href":"https:\/\/soclose.mx\/blog\/wp-json\/wp\/v2\/tags?post=6158"}],"curies":[{"name":"wp","href":"https:\/\/api.w.org\/{rel}","templated":true}]}}