{"id":6216,"date":"2021-06-14T17:32:59","date_gmt":"2021-06-14T22:32:59","guid":{"rendered":"https:\/\/soclose.mx\/blog\/?p=6216"},"modified":"2021-06-14T17:32:59","modified_gmt":"2021-06-14T22:32:59","slug":"si-habra-festival-del-pulque-en-la-cdmx","status":"publish","type":"post","link":"https:\/\/soclose.mx\/blog\/news-feed\/si-habra-festival-del-pulque-en-la-cdmx\/","title":{"rendered":"S\u00ed habr\u00e1 festival del pulque en la CDMX"},"content":{"rendered":"<p>Luego de que el a\u00f1o pasado no se llev\u00f3 a cabo el <strong>Festival del <a href=\"https:\/\/soclose.mx\/blog\/7-datos-que-debes-saber-sobre-el-pulque-el-elixir-de-los-dioses\/\" target=\"_blank\" rel=\"noopener\">Pulque<\/a> y del Mezcal en la Ciudad de M\u00e9xico<\/strong> por la llegada de la pandemia de la <strong>Covid19,<\/strong> este 2021 han confirmado que s\u00ed se realizar\u00e1 esta anhelada exposici\u00f3n.<\/p>\n<p>Aqu\u00ed te dejamos los cinco datos para que apartes la fecha:<\/p>\n<ol>\n<li>Se llevar\u00e1 a cabo el<strong> 19 y 20 de junio.<\/strong><\/li>\n<li>El lugar que albergar\u00e1 este esperado evento es el <strong>Lienzo Charro de Arag\u00f3n<\/strong>,<\/li>\n<li>La entrada costar\u00e1 <strong>10 pesos<\/strong>,<\/li>\n<li>Ni\u00f1os de 3 a 12 a\u00f1os y adultos mayores de 60 a\u00f1os s\u00f3lo pagan cinco pesos.<\/li>\n<li>La entrada ser\u00e1 \u00fanicamente para 200 personas.<\/li>\n<\/ol>\n<p>&nbsp;<\/p>\n","protected":false},"excerpt":{"rendered":"<p>Luego de que el a\u00f1o pasado no se llev\u00f3 a cabo el Festival del Pulque y del Mezcal en la Ciudad de M\u00e9xico por la llegada de la pandemia de la Covid19, este 2021 han confirmado que s\u00ed se realizar\u00e1 esta anhelada exposici\u00f3n. Aqu\u00ed te dejamos los cinco datos para que apartes la fecha: Se llevar\u00e1 a cabo el 19 y 20 de junio. El lugar que albergar\u00e1 este esperado evento es el Lienzo Charro de Arag\u00f3n, La entrada costar\u00e1 10 pesos, Ni\u00f1os de 3 a 12 a\u00f1os y adultos mayores de 60 a\u00f1os s\u00f3lo pagan cinco pesos. La entrada<\/p>\n","protected":false},"author":1,"featured_media":6219,"comment_status":"open","ping_status":"open","sticky":false,"template":"","format":"standard","meta":{"_jetpack_memberships_contains_paid_content":false,"footnotes":""},"categories":[628],"tags":[218,399,162,158,291],"class_list":["post-6216","post","type-post","status-publish","format-standard","has-post-thumbnail","hentry","category-news-feed","tag-cdmx","tag-ciudad-de-mexico","tag-festival","tag-mezcal","tag-pulque"],"yoast_head":"<!-- This site is optimized with the Yoast SEO plugin v26.7 - https:\/\/yoast.com\/wordpress\/plugins\/seo\/ -->\n<title>S\u00ed habr\u00e1 festival del pulque en la CDMX - So Close<\/title>\n<meta name=\"description\" content=\"Luego de que el a\u00f1o pasado no se llev\u00f3 a cabo el Festival del Pulque y del Mezcal en la Ciudad de M\u00e9xico, este 2021 han confirmado que s\u00ed.\" \/>\n<meta name=\"robots\" content=\"index, follow, max-snippet:-1, max-image-preview:large, max-video-preview:-1\" \/>\n<link rel=\"canonical\" href=\"https:\/\/soclose.mx\/blog\/news-feed\/si-habra-festival-del-pulque-en-la-cdmx\/\" \/>\n<meta property=\"og:locale\" content=\"es_MX\" \/>\n<meta property=\"og:type\" content=\"article\" \/>\n<meta property=\"og:title\" content=\"S\u00ed habr\u00e1 festival del pulque en la CDMX - So Close\" \/>\n<meta property=\"og:description\" content=\"Luego de que el a\u00f1o pasado no se llev\u00f3 a cabo el Festival del Pulque y del Mezcal en la Ciudad de M\u00e9xico, este 2021 han confirmado que s\u00ed.\" \/>\n<meta property=\"og:url\" content=\"https:\/\/soclose.mx\/blog\/news-feed\/si-habra-festival-del-pulque-en-la-cdmx\/\" \/>\n<meta property=\"og:site_name\" content=\"So Close\" \/>\n<meta property=\"article:published_time\" content=\"2021-06-14T22:32:59+00:00\" \/>\n<meta property=\"og:image\" content=\"https:\/\/i0.wp.com\/soclose.mx\/blog\/wp-content\/uploads\/2021\/06\/pulque.jpeg?fit=1240%2C700&ssl=1\" \/>\n\t<meta property=\"og:image:width\" content=\"1240\" \/>\n\t<meta property=\"og:image:height\" content=\"700\" \/>\n\t<meta property=\"og:image:type\" content=\"image\/jpeg\" \/>\n<meta name=\"author\" content=\"So Close\" \/>\n<meta name=\"twitter:card\" content=\"summary_large_image\" \/>\n<meta name=\"twitter:label1\" content=\"Escrito por\" \/>\n\t<meta name=\"twitter:data1\" content=\"So Close\" \/>\n\t<meta name=\"twitter:label2\" content=\"Tiempo de lectura\" \/>\n\t<meta name=\"twitter:data2\" content=\"1 minuto\" \/>\n<script type=\"application\/ld+json\" class=\"yoast-schema-graph\">{\"@context\":\"https:\/\/schema.org\",\"@graph\":[{\"@type\":\"Article\",\"@id\":\"https:\/\/soclose.mx\/blog\/news-feed\/si-habra-festival-del-pulque-en-la-cdmx\/#article\",\"isPartOf\":{\"@id\":\"https:\/\/soclose.mx\/blog\/news-feed\/si-habra-festival-del-pulque-en-la-cdmx\/\"},\"author\":{\"name\":\"So Close\",\"@id\":\"https:\/\/soclose.mx\/blog\/#\/schema\/person\/723eb117ab965b55c3e56b5d29751667\"},\"headline\":\"S\u00ed habr\u00e1 festival del pulque en la CDMX\",\"datePublished\":\"2021-06-14T22:32:59+00:00\",\"mainEntityOfPage\":{\"@id\":\"https:\/\/soclose.mx\/blog\/news-feed\/si-habra-festival-del-pulque-en-la-cdmx\/\"},\"wordCount\":114,\"commentCount\":0,\"publisher\":{\"@id\":\"https:\/\/soclose.mx\/blog\/#organization\"},\"image\":{\"@id\":\"https:\/\/soclose.mx\/blog\/news-feed\/si-habra-festival-del-pulque-en-la-cdmx\/#primaryimage\"},\"thumbnailUrl\":\"https:\/\/i0.wp.com\/soclose.mx\/blog\/wp-content\/uploads\/2021\/06\/pulque.jpeg?fit=1240%2C700&ssl=1\",\"keywords\":[\"cdmx\",\"ciudad de mexico\",\"festival\",\"mezcal\",\"pulque\"],\"articleSection\":[\"News feed\"],\"inLanguage\":\"es\",\"potentialAction\":[{\"@type\":\"CommentAction\",\"name\":\"Comment\",\"target\":[\"https:\/\/soclose.mx\/blog\/news-feed\/si-habra-festival-del-pulque-en-la-cdmx\/#respond\"]}]},{\"@type\":\"WebPage\",\"@id\":\"https:\/\/soclose.mx\/blog\/news-feed\/si-habra-festival-del-pulque-en-la-cdmx\/\",\"url\":\"https:\/\/soclose.mx\/blog\/news-feed\/si-habra-festival-del-pulque-en-la-cdmx\/\",\"name\":\"S\u00ed habr\u00e1 festival del pulque en la CDMX - So Close\",\"isPartOf\":{\"@id\":\"https:\/\/soclose.mx\/blog\/#website\"},\"primaryImageOfPage\":{\"@id\":\"https:\/\/soclose.mx\/blog\/news-feed\/si-habra-festival-del-pulque-en-la-cdmx\/#primaryimage\"},\"image\":{\"@id\":\"https:\/\/soclose.mx\/blog\/news-feed\/si-habra-festival-del-pulque-en-la-cdmx\/#primaryimage\"},\"thumbnailUrl\":\"https:\/\/i0.wp.com\/soclose.mx\/blog\/wp-content\/uploads\/2021\/06\/pulque.jpeg?fit=1240%2C700&ssl=1\",\"datePublished\":\"2021-06-14T22:32:59+00:00\",\"description\":\"Luego de que el a\u00f1o pasado no se llev\u00f3 a cabo el Festival del Pulque y del Mezcal en la Ciudad de M\u00e9xico, este 2021 han confirmado que s\u00ed.\",\"breadcrumb\":{\"@id\":\"https:\/\/soclose.mx\/blog\/news-feed\/si-habra-festival-del-pulque-en-la-cdmx\/#breadcrumb\"},\"inLanguage\":\"es\",\"potentialAction\":[{\"@type\":\"ReadAction\",\"target\":[\"https:\/\/soclose.mx\/blog\/news-feed\/si-habra-festival-del-pulque-en-la-cdmx\/\"]}]},{\"@type\":\"ImageObject\",\"inLanguage\":\"es\",\"@id\":\"https:\/\/soclose.mx\/blog\/news-feed\/si-habra-festival-del-pulque-en-la-cdmx\/#primaryimage\",\"url\":\"https:\/\/i0.wp.com\/soclose.mx\/blog\/wp-content\/uploads\/2021\/06\/pulque.jpeg?fit=1240%2C700&ssl=1\",\"contentUrl\":\"https:\/\/i0.wp.com\/soclose.mx\/blog\/wp-content\/uploads\/2021\/06\/pulque.jpeg?fit=1240%2C700&ssl=1\",\"width\":1240,\"height\":700},{\"@type\":\"BreadcrumbList\",\"@id\":\"https:\/\/soclose.mx\/blog\/news-feed\/si-habra-festival-del-pulque-en-la-cdmx\/#breadcrumb\",\"itemListElement\":[{\"@type\":\"ListItem\",\"position\":1,\"name\":\"Inicio\",\"item\":\"https:\/\/soclose.mx\/blog\/\"},{\"@type\":\"ListItem\",\"position\":2,\"name\":\"S\u00ed habr\u00e1 festival del pulque en la CDMX\"}]},{\"@type\":\"WebSite\",\"@id\":\"https:\/\/soclose.mx\/blog\/#website\",\"url\":\"https:\/\/soclose.mx\/blog\/\",\"name\":\"So Close\",\"description\":\"Hacemos contenidos de M\u00e9xico\",\"publisher\":{\"@id\":\"https:\/\/soclose.mx\/blog\/#organization\"},\"potentialAction\":[{\"@type\":\"SearchAction\",\"target\":{\"@type\":\"EntryPoint\",\"urlTemplate\":\"https:\/\/soclose.mx\/blog\/?s={search_term_string}\"},\"query-input\":{\"@type\":\"PropertyValueSpecification\",\"valueRequired\":true,\"valueName\":\"search_term_string\"}}],\"inLanguage\":\"es\"},{\"@type\":\"Organization\",\"@id\":\"https:\/\/soclose.mx\/blog\/#organization\",\"name\":\"So Close\",\"url\":\"https:\/\/soclose.mx\/blog\/\",\"logo\":{\"@type\":\"ImageObject\",\"inLanguage\":\"es\",\"@id\":\"https:\/\/soclose.mx\/blog\/#\/schema\/logo\/image\/\",\"url\":\"https:\/\/i0.wp.com\/soclose.mx\/blog\/wp-content\/uploads\/2020\/12\/LOGO_SOCLOSE_COLOR-e1608310133507.png?fit=2858%2C1264&ssl=1\",\"contentUrl\":\"https:\/\/i0.wp.com\/soclose.mx\/blog\/wp-content\/uploads\/2020\/12\/LOGO_SOCLOSE_COLOR-e1608310133507.png?fit=2858%2C1264&ssl=1\",\"width\":2858,\"height\":1264,\"caption\":\"So Close\"},\"image\":{\"@id\":\"https:\/\/soclose.mx\/blog\/#\/schema\/logo\/image\/\"}},{\"@type\":\"Person\",\"@id\":\"https:\/\/soclose.mx\/blog\/#\/schema\/person\/723eb117ab965b55c3e56b5d29751667\",\"name\":\"So Close\",\"image\":{\"@type\":\"ImageObject\",\"inLanguage\":\"es\",\"@id\":\"https:\/\/soclose.mx\/blog\/#\/schema\/person\/image\/\",\"url\":\"https:\/\/secure.gravatar.com\/avatar\/5a1d1d694eaf6d2c28f450f0984cbb34821b92dc49c1d088c0250fbc6a48efec?s=96&d=mm&r=g\",\"contentUrl\":\"https:\/\/secure.gravatar.com\/avatar\/5a1d1d694eaf6d2c28f450f0984cbb34821b92dc49c1d088c0250fbc6a48efec?s=96&d=mm&r=g\",\"caption\":\"So Close\"},\"sameAs\":[\"http:\/\/www.soclose.mx\",\"https:\/\/www.youtube.com\/@soclosemx\"],\"url\":\"https:\/\/soclose.mx\/blog\/author\/admin\/\"}]}<\/script>\n<!-- \/ Yoast SEO plugin. -->","yoast_head_json":{"title":"S\u00ed habr\u00e1 festival del pulque en la CDMX - So Close","description":"Luego de que el a\u00f1o pasado no se llev\u00f3 a cabo el Festival del Pulque y del Mezcal en la Ciudad de M\u00e9xico, este 2021 han confirmado que s\u00ed.","robots":{"index":"index","follow":"follow","max-snippet":"max-snippet:-1","max-image-preview":"max-image-preview:large","max-video-preview":"max-video-preview:-1"},"canonical":"https:\/\/soclose.mx\/blog\/news-feed\/si-habra-festival-del-pulque-en-la-cdmx\/","og_locale":"es_MX","og_type":"article","og_title":"S\u00ed habr\u00e1 festival del pulque en la CDMX - So Close","og_description":"Luego de que el a\u00f1o pasado no se llev\u00f3 a cabo el Festival del Pulque y del Mezcal en la Ciudad de M\u00e9xico, este 2021 han confirmado que s\u00ed.","og_url":"https:\/\/soclose.mx\/blog\/news-feed\/si-habra-festival-del-pulque-en-la-cdmx\/","og_site_name":"So Close","article_published_time":"2021-06-14T22:32:59+00:00","og_image":[{"width":1240,"height":700,"url":"https:\/\/i0.wp.com\/soclose.mx\/blog\/wp-content\/uploads\/2021\/06\/pulque.jpeg?fit=1240%2C700&ssl=1","type":"image\/jpeg"}],"author":"So Close","twitter_card":"summary_large_image","twitter_misc":{"Escrito por":"So Close","Tiempo de lectura":"1 minuto"},"schema":{"@context":"https:\/\/schema.org","@graph":[{"@type":"Article","@id":"https:\/\/soclose.mx\/blog\/news-feed\/si-habra-festival-del-pulque-en-la-cdmx\/#article","isPartOf":{"@id":"https:\/\/soclose.mx\/blog\/news-feed\/si-habra-festival-del-pulque-en-la-cdmx\/"},"author":{"name":"So Close","@id":"https:\/\/soclose.mx\/blog\/#\/schema\/person\/723eb117ab965b55c3e56b5d29751667"},"headline":"S\u00ed habr\u00e1 festival del pulque en la CDMX","datePublished":"2021-06-14T22:32:59+00:00","mainEntityOfPage":{"@id":"https:\/\/soclose.mx\/blog\/news-feed\/si-habra-festival-del-pulque-en-la-cdmx\/"},"wordCount":114,"commentCount":0,"publisher":{"@id":"https:\/\/soclose.mx\/blog\/#organization"},"image":{"@id":"https:\/\/soclose.mx\/blog\/news-feed\/si-habra-festival-del-pulque-en-la-cdmx\/#primaryimage"},"thumbnailUrl":"https:\/\/i0.wp.com\/soclose.mx\/blog\/wp-content\/uploads\/2021\/06\/pulque.jpeg?fit=1240%2C700&ssl=1","keywords":["cdmx","ciudad de mexico","festival","mezcal","pulque"],"articleSection":["News feed"],"inLanguage":"es","potentialAction":[{"@type":"CommentAction","name":"Comment","target":["https:\/\/soclose.mx\/blog\/news-feed\/si-habra-festival-del-pulque-en-la-cdmx\/#respond"]}]},{"@type":"WebPage","@id":"https:\/\/soclose.mx\/blog\/news-feed\/si-habra-festival-del-pulque-en-la-cdmx\/","url":"https:\/\/soclose.mx\/blog\/news-feed\/si-habra-festival-del-pulque-en-la-cdmx\/","name":"S\u00ed habr\u00e1 festival del pulque en la CDMX - So Close","isPartOf":{"@id":"https:\/\/soclose.mx\/blog\/#website"},"primaryImageOfPage":{"@id":"https:\/\/soclose.mx\/blog\/news-feed\/si-habra-festival-del-pulque-en-la-cdmx\/#primaryimage"},"image":{"@id":"https:\/\/soclose.mx\/blog\/news-feed\/si-habra-festival-del-pulque-en-la-cdmx\/#primaryimage"},"thumbnailUrl":"https:\/\/i0.wp.com\/soclose.mx\/blog\/wp-content\/uploads\/2021\/06\/pulque.jpeg?fit=1240%2C700&ssl=1","datePublished":"2021-06-14T22:32:59+00:00","description":"Luego de que el a\u00f1o pasado no se llev\u00f3 a cabo el Festival del Pulque y del Mezcal en la Ciudad de M\u00e9xico, este 2021 han confirmado que s\u00ed.","breadcrumb":{"@id":"https:\/\/soclose.mx\/blog\/news-feed\/si-habra-festival-del-pulque-en-la-cdmx\/#breadcrumb"},"inLanguage":"es","potentialAction":[{"@type":"ReadAction","target":["https:\/\/soclose.mx\/blog\/news-feed\/si-habra-festival-del-pulque-en-la-cdmx\/"]}]},{"@type":"ImageObject","inLanguage":"es","@id":"https:\/\/soclose.mx\/blog\/news-feed\/si-habra-festival-del-pulque-en-la-cdmx\/#primaryimage","url":"https:\/\/i0.wp.com\/soclose.mx\/blog\/wp-content\/uploads\/2021\/06\/pulque.jpeg?fit=1240%2C700&ssl=1","contentUrl":"https:\/\/i0.wp.com\/soclose.mx\/blog\/wp-content\/uploads\/2021\/06\/pulque.jpeg?fit=1240%2C700&ssl=1","width":1240,"height":700},{"@type":"BreadcrumbList","@id":"https:\/\/soclose.mx\/blog\/news-feed\/si-habra-festival-del-pulque-en-la-cdmx\/#breadcrumb","itemListElement":[{"@type":"ListItem","position":1,"name":"Inicio","item":"https:\/\/soclose.mx\/blog\/"},{"@type":"ListItem","position":2,"name":"S\u00ed habr\u00e1 festival del pulque en la CDMX"}]},{"@type":"WebSite","@id":"https:\/\/soclose.mx\/blog\/#website","url":"https:\/\/soclose.mx\/blog\/","name":"So Close","description":"Hacemos contenidos de M\u00e9xico","publisher":{"@id":"https:\/\/soclose.mx\/blog\/#organization"},"potentialAction":[{"@type":"SearchAction","target":{"@type":"EntryPoint","urlTemplate":"https:\/\/soclose.mx\/blog\/?s={search_term_string}"},"query-input":{"@type":"PropertyValueSpecification","valueRequired":true,"valueName":"search_term_string"}}],"inLanguage":"es"},{"@type":"Organization","@id":"https:\/\/soclose.mx\/blog\/#organization","name":"So Close","url":"https:\/\/soclose.mx\/blog\/","logo":{"@type":"ImageObject","inLanguage":"es","@id":"https:\/\/soclose.mx\/blog\/#\/schema\/logo\/image\/","url":"https:\/\/i0.wp.com\/soclose.mx\/blog\/wp-content\/uploads\/2020\/12\/LOGO_SOCLOSE_COLOR-e1608310133507.png?fit=2858%2C1264&ssl=1","contentUrl":"https:\/\/i0.wp.com\/soclose.mx\/blog\/wp-content\/uploads\/2020\/12\/LOGO_SOCLOSE_COLOR-e1608310133507.png?fit=2858%2C1264&ssl=1","width":2858,"height":1264,"caption":"So Close"},"image":{"@id":"https:\/\/soclose.mx\/blog\/#\/schema\/logo\/image\/"}},{"@type":"Person","@id":"https:\/\/soclose.mx\/blog\/#\/schema\/person\/723eb117ab965b55c3e56b5d29751667","name":"So Close","image":{"@type":"ImageObject","inLanguage":"es","@id":"https:\/\/soclose.mx\/blog\/#\/schema\/person\/image\/","url":"https:\/\/secure.gravatar.com\/avatar\/5a1d1d694eaf6d2c28f450f0984cbb34821b92dc49c1d088c0250fbc6a48efec?s=96&d=mm&r=g","contentUrl":"https:\/\/secure.gravatar.com\/avatar\/5a1d1d694eaf6d2c28f450f0984cbb34821b92dc49c1d088c0250fbc6a48efec?s=96&d=mm&r=g","caption":"So Close"},"sameAs":["http:\/\/www.soclose.mx","https:\/\/www.youtube.com\/@soclosemx"],"url":"https:\/\/soclose.mx\/blog\/author\/admin\/"}]}},"jetpack_featured_media_url":"https:\/\/i0.wp.com\/soclose.mx\/blog\/wp-content\/uploads\/2021\/06\/pulque.jpeg?fit=1240%2C700&ssl=1","jetpack-related-posts":[{"id":9479,"url":"https:\/\/soclose.mx\/blog\/ay-goeeee\/disfruta-de-tu-bebida-favorita-en-el-mezcalfest-cdmx\/","url_meta":{"origin":6216,"position":0},"title":"Disfruta de tu bebida favorita en el Mezcalfest CDMX","author":"Miguel Angel Romero","date":"2 abril, 2022","format":false,"excerpt":"Este evento est\u00e1 hecho para todos los amantes no s\u00f3lo del mezcal, si no de otras bebidas tradicionales, como el pulque y el sotol. La convivencia con los productores de cada bebida ser\u00e1 uno de los mayores atractivos de estos dos d\u00edas del\u00a0festival. Entre algunas de las marcas participantes estar\u00e1n\u2026","rel":"","context":"En &quot;\u00a1Ay goeeee!&quot;","block_context":{"text":"\u00a1Ay goeeee!","link":"https:\/\/soclose.mx\/blog\/category\/ay-goeeee\/"},"img":{"alt_text":"","src":"https:\/\/i0.wp.com\/soclose.mx\/blog\/wp-content\/uploads\/2022\/03\/Copia-de-Principal-So-Close-blog-3-14.png?fit=1200%2C677&ssl=1&resize=350%2C200","width":350,"height":200,"srcset":"https:\/\/i0.wp.com\/soclose.mx\/blog\/wp-content\/uploads\/2022\/03\/Copia-de-Principal-So-Close-blog-3-14.png?fit=1200%2C677&ssl=1&resize=350%2C200 1x, https:\/\/i0.wp.com\/soclose.mx\/blog\/wp-content\/uploads\/2022\/03\/Copia-de-Principal-So-Close-blog-3-14.png?fit=1200%2C677&ssl=1&resize=525%2C300 1.5x, https:\/\/i0.wp.com\/soclose.mx\/blog\/wp-content\/uploads\/2022\/03\/Copia-de-Principal-So-Close-blog-3-14.png?fit=1200%2C677&ssl=1&resize=700%2C400 2x, https:\/\/i0.wp.com\/soclose.mx\/blog\/wp-content\/uploads\/2022\/03\/Copia-de-Principal-So-Close-blog-3-14.png?fit=1200%2C677&ssl=1&resize=1050%2C600 3x"},"classes":[]},{"id":8024,"url":"https:\/\/soclose.mx\/blog\/news-feed\/salud-llega-a-tlalnepantla-el-pulque-fest-2021\/","url_meta":{"origin":6216,"position":1},"title":"\u00a1Salud! Llega a Tlalnepantla el Pulque Fest 2021","author":"Miguel Angel Romero","date":"7 diciembre, 2021","format":false,"excerpt":"Las celebraciones decembrinas ya iniciaron y qu\u00e9 mejor manera de hacerlo que con un pulque y si eres fan de esta bebida, te puedes lanzar al\u00a0Pulque Fest 2021. En Tlalnepantla podr\u00e1s disfrutar de un buen trago de esta bebida ancestral, pero si lo tuyo no es el pulque, no te\u2026","rel":"","context":"En &quot;News feed&quot;","block_context":{"text":"News feed","link":"https:\/\/soclose.mx\/blog\/category\/news-feed\/"},"img":{"alt_text":"","src":"https:\/\/i0.wp.com\/soclose.mx\/blog\/wp-content\/uploads\/2021\/12\/Copia-de-Principal-So-Close-blog-2-1.png?fit=1200%2C677&ssl=1&resize=350%2C200","width":350,"height":200,"srcset":"https:\/\/i0.wp.com\/soclose.mx\/blog\/wp-content\/uploads\/2021\/12\/Copia-de-Principal-So-Close-blog-2-1.png?fit=1200%2C677&ssl=1&resize=350%2C200 1x, https:\/\/i0.wp.com\/soclose.mx\/blog\/wp-content\/uploads\/2021\/12\/Copia-de-Principal-So-Close-blog-2-1.png?fit=1200%2C677&ssl=1&resize=525%2C300 1.5x, https:\/\/i0.wp.com\/soclose.mx\/blog\/wp-content\/uploads\/2021\/12\/Copia-de-Principal-So-Close-blog-2-1.png?fit=1200%2C677&ssl=1&resize=700%2C400 2x, https:\/\/i0.wp.com\/soclose.mx\/blog\/wp-content\/uploads\/2021\/12\/Copia-de-Principal-So-Close-blog-2-1.png?fit=1200%2C677&ssl=1&resize=1050%2C600 3x"},"classes":[]},{"id":14967,"url":"https:\/\/soclose.mx\/blog\/news-feed\/ferias-y-festivales-de-comida-para-el-buen-fin\/","url_meta":{"origin":6216,"position":2},"title":"Ferias y festivales de comida para el Buen Fin","author":"So Close","date":"11 noviembre, 2025","format":false,"excerpt":"\u00a1Lleg\u00f3 el fin de semana largo! Y es hora de anotar los planes para este fin de semana gastron\u00f3mico, especialmente en CDMX, porque hay varias ferias y festivales de comida para el Buen Fin, ah\u00ed te van: Ferias y festivales de comida\u00a0para el Buen Fin Feria Regional del Pulque y\u2026","rel":"","context":"En &quot;News feed&quot;","block_context":{"text":"News feed","link":"https:\/\/soclose.mx\/blog\/category\/news-feed\/"},"img":{"alt_text":"Taco de barbacoa en tortilla de harina","src":"https:\/\/i0.wp.com\/soclose.mx\/blog\/wp-content\/uploads\/2025\/11\/Taco-de-barbacoa-en-tortilla-de-harina.jpg?fit=1200%2C675&ssl=1&resize=350%2C200","width":350,"height":200,"srcset":"https:\/\/i0.wp.com\/soclose.mx\/blog\/wp-content\/uploads\/2025\/11\/Taco-de-barbacoa-en-tortilla-de-harina.jpg?fit=1200%2C675&ssl=1&resize=350%2C200 1x, https:\/\/i0.wp.com\/soclose.mx\/blog\/wp-content\/uploads\/2025\/11\/Taco-de-barbacoa-en-tortilla-de-harina.jpg?fit=1200%2C675&ssl=1&resize=525%2C300 1.5x, https:\/\/i0.wp.com\/soclose.mx\/blog\/wp-content\/uploads\/2025\/11\/Taco-de-barbacoa-en-tortilla-de-harina.jpg?fit=1200%2C675&ssl=1&resize=700%2C400 2x, https:\/\/i0.wp.com\/soclose.mx\/blog\/wp-content\/uploads\/2025\/11\/Taco-de-barbacoa-en-tortilla-de-harina.jpg?fit=1200%2C675&ssl=1&resize=1050%2C600 3x"},"classes":[]},{"id":7251,"url":"https:\/\/soclose.mx\/blog\/news-feed\/lanzate-al-tianguis-de-pulque-cerveza-y-lucha-libre-en-tlatelolco\/","url_meta":{"origin":6216,"position":3},"title":"\u00a1L\u00e1nzate al tianguis de pulque, cerveza y lucha libre en Tlatelolco!","author":"Miguel Angel Romero","date":"16 septiembre, 2021","format":false,"excerpt":"Qu\u00e9 mejor manera de cerrar una semana muy mexicana que con el tianguis del Pulque y la Cerveza 2021, el festival que se llevar\u00e1 a cabo este s\u00e1bado 18 y domingo 19 de septiembre, en el Centro de Convenciones de Tlatelolco. El evento se realizar\u00e1 un espacio grande para que\u2026","rel":"","context":"En &quot;News feed&quot;","block_context":{"text":"News feed","link":"https:\/\/soclose.mx\/blog\/category\/news-feed\/"},"img":{"alt_text":"","src":"https:\/\/i0.wp.com\/soclose.mx\/blog\/wp-content\/uploads\/2021\/09\/Principal-So-Close-blog-18.jpg?fit=1200%2C677&ssl=1&resize=350%2C200","width":350,"height":200,"srcset":"https:\/\/i0.wp.com\/soclose.mx\/blog\/wp-content\/uploads\/2021\/09\/Principal-So-Close-blog-18.jpg?fit=1200%2C677&ssl=1&resize=350%2C200 1x, https:\/\/i0.wp.com\/soclose.mx\/blog\/wp-content\/uploads\/2021\/09\/Principal-So-Close-blog-18.jpg?fit=1200%2C677&ssl=1&resize=525%2C300 1.5x, https:\/\/i0.wp.com\/soclose.mx\/blog\/wp-content\/uploads\/2021\/09\/Principal-So-Close-blog-18.jpg?fit=1200%2C677&ssl=1&resize=700%2C400 2x, https:\/\/i0.wp.com\/soclose.mx\/blog\/wp-content\/uploads\/2021\/09\/Principal-So-Close-blog-18.jpg?fit=1200%2C677&ssl=1&resize=1050%2C600 3x"},"classes":[]},{"id":13977,"url":"https:\/\/soclose.mx\/blog\/a-la-mexicana\/viva-mexico-miscelanea-de-bebidas-para-celebrar-el-15-de-septiembre\/","url_meta":{"origin":6216,"position":4},"title":"\u00a1Viva M\u00e9xico! Miscelanea de bebidas para celebrar el 15 de septiembre","author":"So Close","date":"12 septiembre, 2024","format":false,"excerpt":"El d\u00eda de la independencia de M\u00e9xico es una fecha muy especial para los mexicanos, llena de color, m\u00fasica y sabor. Y qu\u00e9 mejor manera de celebrar que armar la lista de bebidas para celebrar el 15 de septiembre. En este art\u00edculo, te presentaremos algunas de las opciones m\u00e1s populares\u2026","rel":"","context":"En &quot;A la mexicana&quot;","block_context":{"text":"A la mexicana","link":"https:\/\/soclose.mx\/blog\/category\/a-la-mexicana\/"},"img":{"alt_text":"Tequila y cerveza","src":"https:\/\/i0.wp.com\/soclose.mx\/blog\/wp-content\/uploads\/2024\/09\/tequila-y-cerveza.jpg?fit=768%2C479&ssl=1&resize=350%2C200","width":350,"height":200,"srcset":"https:\/\/i0.wp.com\/soclose.mx\/blog\/wp-content\/uploads\/2024\/09\/tequila-y-cerveza.jpg?fit=768%2C479&ssl=1&resize=350%2C200 1x, https:\/\/i0.wp.com\/soclose.mx\/blog\/wp-content\/uploads\/2024\/09\/tequila-y-cerveza.jpg?fit=768%2C479&ssl=1&resize=525%2C300 1.5x, https:\/\/i0.wp.com\/soclose.mx\/blog\/wp-content\/uploads\/2024\/09\/tequila-y-cerveza.jpg?fit=768%2C479&ssl=1&resize=700%2C400 2x"},"classes":[]},{"id":8037,"url":"https:\/\/soclose.mx\/blog\/ay-goeeee\/que-es-el-pasaporte-101-y-por-que-debes-de-tenerlo-ya\/","url_meta":{"origin":6216,"position":5},"title":"\u00bfQu\u00e9 es el Pasaporte 101 y por qu\u00e9 debes de tenerlo YA?","author":"Miguel Angel Romero","date":"8 diciembre, 2021","format":false,"excerpt":"Si eres amante de los museos y tu prop\u00f3sito de 2022, es asistir a ellos todo el a\u00f1o, entonces debes de tener Pasaporte 101 ya. Este \"documento\" personalizado te ofrece descuentos y promociones en 29 recintos de la CDMX, adem\u00e1s de ofertas tiendas y establecimientos aliados como restaurantes y cantinas.\u2026","rel":"","context":"En &quot;\u00a1Ay goeeee!&quot;","block_context":{"text":"\u00a1Ay goeeee!","link":"https:\/\/soclose.mx\/blog\/category\/ay-goeeee\/"},"img":{"alt_text":"","src":"https:\/\/i0.wp.com\/soclose.mx\/blog\/wp-content\/uploads\/2021\/12\/Copia-de-Principal-So-Close-blog-8.png?fit=1200%2C677&ssl=1&resize=350%2C200","width":350,"height":200,"srcset":"https:\/\/i0.wp.com\/soclose.mx\/blog\/wp-content\/uploads\/2021\/12\/Copia-de-Principal-So-Close-blog-8.png?fit=1200%2C677&ssl=1&resize=350%2C200 1x, https:\/\/i0.wp.com\/soclose.mx\/blog\/wp-content\/uploads\/2021\/12\/Copia-de-Principal-So-Close-blog-8.png?fit=1200%2C677&ssl=1&resize=525%2C300 1.5x, https:\/\/i0.wp.com\/soclose.mx\/blog\/wp-content\/uploads\/2021\/12\/Copia-de-Principal-So-Close-blog-8.png?fit=1200%2C677&ssl=1&resize=700%2C400 2x, https:\/\/i0.wp.com\/soclose.mx\/blog\/wp-content\/uploads\/2021\/12\/Copia-de-Principal-So-Close-blog-8.png?fit=1200%2C677&ssl=1&resize=1050%2C600 3x"},"classes":[]}],"jetpack_sharing_enabled":true,"_links":{"self":[{"href":"https:\/\/soclose.mx\/blog\/wp-json\/wp\/v2\/posts\/6216","targetHints":{"allow":["GET"]}}],"collection":[{"href":"https:\/\/soclose.mx\/blog\/wp-json\/wp\/v2\/posts"}],"about":[{"href":"https:\/\/soclose.mx\/blog\/wp-json\/wp\/v2\/types\/post"}],"author":[{"embeddable":true,"href":"https:\/\/soclose.mx\/blog\/wp-json\/wp\/v2\/users\/1"}],"replies":[{"embeddable":true,"href":"https:\/\/soclose.mx\/blog\/wp-json\/wp\/v2\/comments?post=6216"}],"version-history":[{"count":0,"href":"https:\/\/soclose.mx\/blog\/wp-json\/wp\/v2\/posts\/6216\/revisions"}],"wp:featuredmedia":[{"embeddable":true,"href":"https:\/\/soclose.mx\/blog\/wp-json\/wp\/v2\/media\/6219"}],"wp:attachment":[{"href":"https:\/\/soclose.mx\/blog\/wp-json\/wp\/v2\/media?parent=6216"}],"wp:term":[{"taxonomy":"category","embeddable":true,"href":"https:\/\/soclose.mx\/blog\/wp-json\/wp\/v2\/categories?post=6216"},{"taxonomy":"post_tag","embeddable":true,"href":"https:\/\/soclose.mx\/blog\/wp-json\/wp\/v2\/tags?post=6216"}],"curies":[{"name":"wp","href":"https:\/\/api.w.org\/{rel}","templated":true}]}}