{"id":6221,"date":"2021-06-15T14:39:58","date_gmt":"2021-06-15T19:39:58","guid":{"rendered":"https:\/\/soclose.mx\/blog\/?p=6221"},"modified":"2021-06-15T14:39:58","modified_gmt":"2021-06-15T19:39:58","slug":"la-malinche-ignorada-por-cortes-y-venerada-por-otros-mitos-y-realidades-de-dona-marina","status":"publish","type":"post","link":"https:\/\/soclose.mx\/blog\/ay-goeeee\/la-malinche-ignorada-por-cortes-y-venerada-por-otros-mitos-y-realidades-de-dona-marina\/","title":{"rendered":"La Malinche, ignorada por Cort\u00e9s y venerada por otros | mitos y realidades de Do\u00f1a Marina"},"content":{"rendered":"<p>Ignorada por<strong> Hern\u00e1n Cort\u00e9s<\/strong> en sus &#8220;<strong><em>Cartas de relaci\u00f3n&#8221;<\/em>,<\/strong> relativamente reivindicada por Bernal D\u00edaz del Castillo, elevada a venerable madre por los cronistas mestizos y abstra\u00edda por la intelectualidad de los siglos XIX y XX como la contradicci\u00f3n del ser mexicano es como expertos describen a uno de los personajes m\u00e1s emblem\u00e1ticos de la<a href=\"https:\/\/soclose.mx\/blog\/?s=historia+de+M%C3%A9xico\" target=\"_blank\" rel=\"noopener\"><strong> historia de M\u00e9xico<\/strong>:<\/a><strong> Malintzin, Malinalli, Do\u00f1a Marina o Malinche.<\/strong><\/p>\n<p>El historiador Jos\u00e9 \u00c1ngel Ju\u00e1rez Cruz, indica que la comprensi\u00f3n de la <strong>Malinche<\/strong> como personaje hist\u00f3rico debe empezar considerando que su exclusi\u00f3n, menci\u00f3n o exaltaci\u00f3n estuvo condicionada en el <strong>siglo XVI<\/strong> por la relaci\u00f3n y las prebendas que buscaron los soldados <strong>espa\u00f1oles y los herederos<\/strong> de la nobleza ind\u00edgena ante la <strong>Corona espa\u00f1ola.<\/strong><\/p>\n<p>Por ello se entiende que el capit\u00e1n general <strong>Hern\u00e1n Cort\u00e9s<\/strong>, a quien sirvi\u00f3 como traductora y estratega, de quien fuera mujer y madre de uno de sus hijos (Mart\u00edn), la omitiera <strong>(a la Malinche)<\/strong> en las misivas que envi\u00f3 a Carlos I de Espa\u00f1a y V del Sacro Imperio Romano Germ\u00e1nico, pues el fin era exaltar en primer grado sus <strong>logros personales<\/strong>, as\u00ed como los de sus hombres, en la empresa de <strong>conquista.<\/strong><\/p>\n<p>Por otra parte, en <em>Historia verdadera de la Conquista de la Nueva Espa\u00f1a<\/em> est\u00e1 asentado el papel estrat\u00e9gico de <strong>Do\u00f1a Marina,<\/strong> el cual tiene origen al ser hija de un cacique de Oluta, Veracruz, que a la muerte de este fue vendida a xicalancas, quienes la intercambiaron a los tabasque\u00f1os, de ah\u00ed su dominio del n\u00e1huatl y del maya.<\/p>\n<p>En la segunda mitad del siglo XVI, los cronistas mestizos Diego Mu\u00f1oz Camargo, Hernando Alvarado Tezoz\u00f3moc y Fernando de Alva Ixtlilx\u00f3chitl se asumir\u00edan como herederos de la nobleza mexica y texcocana. Para ellos, la <strong>Malinche<\/strong> fue una madre venerable cuyas acciones, junto a las de los conquistadores, posibilitaron el nacimiento de la sociedad novohispana.<\/p>\n<p>En <em>El perfil del hombre y la cultura de M\u00e9xico<\/em>, Samuel Ramos reinterpret\u00f3 la conquista como inicio de trauma, dada la uni\u00f3n de sociedades distintas. La sociedad mexicana, dec\u00eda, est\u00e1 disociada entre las necesidades de pertenecer a la cultura europea y ser propios de esta tierra. Cort\u00e9s y Malinche son met\u00e1fora de ese desgarramiento del mexicano que, como un ni\u00f1o, \u201cno sabe a cu\u00e1l de los padres apreciar m\u00e1s\u201d.<\/p>\n<p>Fuente: bolet\u00edn de prensa <a href=\"https:\/\/www.inah.gob.mx\/\" target=\"_blank\" rel=\"noopener\">INAH<\/a><\/p>\n","protected":false},"excerpt":{"rendered":"<p>Ignorada por Hern\u00e1n Cort\u00e9s en sus &#8220;Cartas de relaci\u00f3n&#8221;, relativamente reivindicada por Bernal D\u00edaz del Castillo, elevada a venerable madre por los cronistas mestizos y abstra\u00edda por la intelectualidad de los siglos XIX y XX como la contradicci\u00f3n del ser mexicano es como expertos describen a uno de los personajes m\u00e1s emblem\u00e1ticos de la historia de M\u00e9xico: Malintzin, Malinalli, Do\u00f1a Marina o Malinche. El historiador Jos\u00e9 \u00c1ngel Ju\u00e1rez Cruz, indica que la comprensi\u00f3n de la Malinche como personaje hist\u00f3rico debe empezar considerando que su exclusi\u00f3n, menci\u00f3n o exaltaci\u00f3n estuvo condicionada en el siglo XVI por la relaci\u00f3n y las prebendas<\/p>\n","protected":false},"author":1,"featured_media":6225,"comment_status":"open","ping_status":"open","sticky":false,"template":"","format":"standard","meta":{"_jetpack_memberships_contains_paid_content":false,"footnotes":""},"categories":[1],"tags":[964,965,966,934,963,962,925],"class_list":["post-6221","post","type-post","status-publish","format-standard","has-post-thumbnail","hentry","category-ay-goeeee","tag-conquista-espanola","tag-corona-espanola","tag-espana","tag-espanoles","tag-hernan-cortes","tag-malinche","tag-nueva-espana"],"yoast_head":"<!-- This site is optimized with the Yoast SEO plugin v26.7 - https:\/\/yoast.com\/wordpress\/plugins\/seo\/ -->\n<title>La Malinche, ignorada por Cort\u00e9s y venerada por otros | mitos y realidades de Do\u00f1a Marina - So Close<\/title>\n<meta name=\"description\" content=\"La sociedad mexicana est\u00e1 disociada entre las necesidades de pertenecer a la cultura europea y ser propios de esta tierra.\" \/>\n<meta name=\"robots\" content=\"index, follow, max-snippet:-1, max-image-preview:large, max-video-preview:-1\" \/>\n<link rel=\"canonical\" href=\"https:\/\/soclose.mx\/blog\/ay-goeeee\/la-malinche-ignorada-por-cortes-y-venerada-por-otros-mitos-y-realidades-de-dona-marina\/\" \/>\n<meta property=\"og:locale\" content=\"es_MX\" \/>\n<meta property=\"og:type\" content=\"article\" \/>\n<meta property=\"og:title\" content=\"La Malinche, ignorada por Cort\u00e9s y venerada por otros | mitos y realidades de Do\u00f1a Marina - So Close\" \/>\n<meta property=\"og:description\" content=\"La sociedad mexicana est\u00e1 disociada entre las necesidades de pertenecer a la cultura europea y ser propios de esta tierra.\" \/>\n<meta property=\"og:url\" content=\"https:\/\/soclose.mx\/blog\/ay-goeeee\/la-malinche-ignorada-por-cortes-y-venerada-por-otros-mitos-y-realidades-de-dona-marina\/\" \/>\n<meta property=\"og:site_name\" content=\"So Close\" \/>\n<meta property=\"article:published_time\" content=\"2021-06-15T19:39:58+00:00\" \/>\n<meta property=\"og:image\" content=\"https:\/\/soclose.mx\/blog\/wp-content\/uploads\/2021\/06\/pintura-la-malinche-hernan-cortes.jpeg\" \/>\n\t<meta property=\"og:image:width\" content=\"1240\" \/>\n\t<meta property=\"og:image:height\" content=\"700\" \/>\n\t<meta property=\"og:image:type\" content=\"image\/jpeg\" \/>\n<meta name=\"author\" content=\"So Close\" \/>\n<meta name=\"twitter:card\" content=\"summary_large_image\" \/>\n<meta name=\"twitter:label1\" content=\"Escrito por\" \/>\n\t<meta name=\"twitter:data1\" content=\"So Close\" \/>\n\t<meta name=\"twitter:label2\" content=\"Tiempo de lectura\" \/>\n\t<meta name=\"twitter:data2\" content=\"2 minutos\" \/>\n<script type=\"application\/ld+json\" class=\"yoast-schema-graph\">{\"@context\":\"https:\/\/schema.org\",\"@graph\":[{\"@type\":\"Article\",\"@id\":\"https:\/\/soclose.mx\/blog\/ay-goeeee\/la-malinche-ignorada-por-cortes-y-venerada-por-otros-mitos-y-realidades-de-dona-marina\/#article\",\"isPartOf\":{\"@id\":\"https:\/\/soclose.mx\/blog\/ay-goeeee\/la-malinche-ignorada-por-cortes-y-venerada-por-otros-mitos-y-realidades-de-dona-marina\/\"},\"author\":{\"name\":\"So Close\",\"@id\":\"https:\/\/soclose.mx\/blog\/#\/schema\/person\/723eb117ab965b55c3e56b5d29751667\"},\"headline\":\"La Malinche, ignorada por Cort\u00e9s y venerada por otros | mitos y realidades de Do\u00f1a Marina\",\"datePublished\":\"2021-06-15T19:39:58+00:00\",\"mainEntityOfPage\":{\"@id\":\"https:\/\/soclose.mx\/blog\/ay-goeeee\/la-malinche-ignorada-por-cortes-y-venerada-por-otros-mitos-y-realidades-de-dona-marina\/\"},\"wordCount\":437,\"commentCount\":0,\"publisher\":{\"@id\":\"https:\/\/soclose.mx\/blog\/#organization\"},\"image\":{\"@id\":\"https:\/\/soclose.mx\/blog\/ay-goeeee\/la-malinche-ignorada-por-cortes-y-venerada-por-otros-mitos-y-realidades-de-dona-marina\/#primaryimage\"},\"thumbnailUrl\":\"https:\/\/i0.wp.com\/soclose.mx\/blog\/wp-content\/uploads\/2021\/06\/pintura-la-malinche-hernan-cortes.jpeg?fit=1240%2C700&ssl=1\",\"keywords\":[\"conquista espa\u00f1ola\",\"corona espa\u00f1ola\",\"espa\u00f1a\",\"espa\u00f1oles\",\"hern\u00e1n cort\u00e9s\",\"malinche\",\"nueva espa\u00f1a\"],\"articleSection\":[\"\u00a1Ay goeeee!\"],\"inLanguage\":\"es\",\"potentialAction\":[{\"@type\":\"CommentAction\",\"name\":\"Comment\",\"target\":[\"https:\/\/soclose.mx\/blog\/ay-goeeee\/la-malinche-ignorada-por-cortes-y-venerada-por-otros-mitos-y-realidades-de-dona-marina\/#respond\"]}]},{\"@type\":\"WebPage\",\"@id\":\"https:\/\/soclose.mx\/blog\/ay-goeeee\/la-malinche-ignorada-por-cortes-y-venerada-por-otros-mitos-y-realidades-de-dona-marina\/\",\"url\":\"https:\/\/soclose.mx\/blog\/ay-goeeee\/la-malinche-ignorada-por-cortes-y-venerada-por-otros-mitos-y-realidades-de-dona-marina\/\",\"name\":\"La Malinche, ignorada por Cort\u00e9s y venerada por otros | mitos y realidades de Do\u00f1a Marina - So Close\",\"isPartOf\":{\"@id\":\"https:\/\/soclose.mx\/blog\/#website\"},\"primaryImageOfPage\":{\"@id\":\"https:\/\/soclose.mx\/blog\/ay-goeeee\/la-malinche-ignorada-por-cortes-y-venerada-por-otros-mitos-y-realidades-de-dona-marina\/#primaryimage\"},\"image\":{\"@id\":\"https:\/\/soclose.mx\/blog\/ay-goeeee\/la-malinche-ignorada-por-cortes-y-venerada-por-otros-mitos-y-realidades-de-dona-marina\/#primaryimage\"},\"thumbnailUrl\":\"https:\/\/i0.wp.com\/soclose.mx\/blog\/wp-content\/uploads\/2021\/06\/pintura-la-malinche-hernan-cortes.jpeg?fit=1240%2C700&ssl=1\",\"datePublished\":\"2021-06-15T19:39:58+00:00\",\"description\":\"La sociedad mexicana est\u00e1 disociada entre las necesidades de pertenecer a la cultura europea y ser propios de esta tierra.\",\"breadcrumb\":{\"@id\":\"https:\/\/soclose.mx\/blog\/ay-goeeee\/la-malinche-ignorada-por-cortes-y-venerada-por-otros-mitos-y-realidades-de-dona-marina\/#breadcrumb\"},\"inLanguage\":\"es\",\"potentialAction\":[{\"@type\":\"ReadAction\",\"target\":[\"https:\/\/soclose.mx\/blog\/ay-goeeee\/la-malinche-ignorada-por-cortes-y-venerada-por-otros-mitos-y-realidades-de-dona-marina\/\"]}]},{\"@type\":\"ImageObject\",\"inLanguage\":\"es\",\"@id\":\"https:\/\/soclose.mx\/blog\/ay-goeeee\/la-malinche-ignorada-por-cortes-y-venerada-por-otros-mitos-y-realidades-de-dona-marina\/#primaryimage\",\"url\":\"https:\/\/i0.wp.com\/soclose.mx\/blog\/wp-content\/uploads\/2021\/06\/pintura-la-malinche-hernan-cortes.jpeg?fit=1240%2C700&ssl=1\",\"contentUrl\":\"https:\/\/i0.wp.com\/soclose.mx\/blog\/wp-content\/uploads\/2021\/06\/pintura-la-malinche-hernan-cortes.jpeg?fit=1240%2C700&ssl=1\",\"width\":1240,\"height\":700},{\"@type\":\"BreadcrumbList\",\"@id\":\"https:\/\/soclose.mx\/blog\/ay-goeeee\/la-malinche-ignorada-por-cortes-y-venerada-por-otros-mitos-y-realidades-de-dona-marina\/#breadcrumb\",\"itemListElement\":[{\"@type\":\"ListItem\",\"position\":1,\"name\":\"Inicio\",\"item\":\"https:\/\/soclose.mx\/blog\/\"},{\"@type\":\"ListItem\",\"position\":2,\"name\":\"La Malinche, ignorada por Cort\u00e9s y venerada por otros | mitos y realidades de Do\u00f1a Marina\"}]},{\"@type\":\"WebSite\",\"@id\":\"https:\/\/soclose.mx\/blog\/#website\",\"url\":\"https:\/\/soclose.mx\/blog\/\",\"name\":\"So Close\",\"description\":\"Hacemos contenidos de M\u00e9xico\",\"publisher\":{\"@id\":\"https:\/\/soclose.mx\/blog\/#organization\"},\"potentialAction\":[{\"@type\":\"SearchAction\",\"target\":{\"@type\":\"EntryPoint\",\"urlTemplate\":\"https:\/\/soclose.mx\/blog\/?s={search_term_string}\"},\"query-input\":{\"@type\":\"PropertyValueSpecification\",\"valueRequired\":true,\"valueName\":\"search_term_string\"}}],\"inLanguage\":\"es\"},{\"@type\":\"Organization\",\"@id\":\"https:\/\/soclose.mx\/blog\/#organization\",\"name\":\"So Close\",\"url\":\"https:\/\/soclose.mx\/blog\/\",\"logo\":{\"@type\":\"ImageObject\",\"inLanguage\":\"es\",\"@id\":\"https:\/\/soclose.mx\/blog\/#\/schema\/logo\/image\/\",\"url\":\"https:\/\/i0.wp.com\/soclose.mx\/blog\/wp-content\/uploads\/2020\/12\/LOGO_SOCLOSE_COLOR-e1608310133507.png?fit=2858%2C1264&ssl=1\",\"contentUrl\":\"https:\/\/i0.wp.com\/soclose.mx\/blog\/wp-content\/uploads\/2020\/12\/LOGO_SOCLOSE_COLOR-e1608310133507.png?fit=2858%2C1264&ssl=1\",\"width\":2858,\"height\":1264,\"caption\":\"So Close\"},\"image\":{\"@id\":\"https:\/\/soclose.mx\/blog\/#\/schema\/logo\/image\/\"}},{\"@type\":\"Person\",\"@id\":\"https:\/\/soclose.mx\/blog\/#\/schema\/person\/723eb117ab965b55c3e56b5d29751667\",\"name\":\"So Close\",\"image\":{\"@type\":\"ImageObject\",\"inLanguage\":\"es\",\"@id\":\"https:\/\/soclose.mx\/blog\/#\/schema\/person\/image\/\",\"url\":\"https:\/\/secure.gravatar.com\/avatar\/5a1d1d694eaf6d2c28f450f0984cbb34821b92dc49c1d088c0250fbc6a48efec?s=96&d=mm&r=g\",\"contentUrl\":\"https:\/\/secure.gravatar.com\/avatar\/5a1d1d694eaf6d2c28f450f0984cbb34821b92dc49c1d088c0250fbc6a48efec?s=96&d=mm&r=g\",\"caption\":\"So Close\"},\"sameAs\":[\"http:\/\/www.soclose.mx\",\"https:\/\/www.youtube.com\/@soclosemx\"],\"url\":\"https:\/\/soclose.mx\/blog\/author\/admin\/\"}]}<\/script>\n<!-- \/ Yoast SEO plugin. -->","yoast_head_json":{"title":"La Malinche, ignorada por Cort\u00e9s y venerada por otros | mitos y realidades de Do\u00f1a Marina - So Close","description":"La sociedad mexicana est\u00e1 disociada entre las necesidades de pertenecer a la cultura europea y ser propios de esta tierra.","robots":{"index":"index","follow":"follow","max-snippet":"max-snippet:-1","max-image-preview":"max-image-preview:large","max-video-preview":"max-video-preview:-1"},"canonical":"https:\/\/soclose.mx\/blog\/ay-goeeee\/la-malinche-ignorada-por-cortes-y-venerada-por-otros-mitos-y-realidades-de-dona-marina\/","og_locale":"es_MX","og_type":"article","og_title":"La Malinche, ignorada por Cort\u00e9s y venerada por otros | mitos y realidades de Do\u00f1a Marina - So Close","og_description":"La sociedad mexicana est\u00e1 disociada entre las necesidades de pertenecer a la cultura europea y ser propios de esta tierra.","og_url":"https:\/\/soclose.mx\/blog\/ay-goeeee\/la-malinche-ignorada-por-cortes-y-venerada-por-otros-mitos-y-realidades-de-dona-marina\/","og_site_name":"So Close","article_published_time":"2021-06-15T19:39:58+00:00","og_image":[{"width":1240,"height":700,"url":"https:\/\/soclose.mx\/blog\/wp-content\/uploads\/2021\/06\/pintura-la-malinche-hernan-cortes.jpeg","type":"image\/jpeg"}],"author":"So Close","twitter_card":"summary_large_image","twitter_misc":{"Escrito por":"So Close","Tiempo de lectura":"2 minutos"},"schema":{"@context":"https:\/\/schema.org","@graph":[{"@type":"Article","@id":"https:\/\/soclose.mx\/blog\/ay-goeeee\/la-malinche-ignorada-por-cortes-y-venerada-por-otros-mitos-y-realidades-de-dona-marina\/#article","isPartOf":{"@id":"https:\/\/soclose.mx\/blog\/ay-goeeee\/la-malinche-ignorada-por-cortes-y-venerada-por-otros-mitos-y-realidades-de-dona-marina\/"},"author":{"name":"So Close","@id":"https:\/\/soclose.mx\/blog\/#\/schema\/person\/723eb117ab965b55c3e56b5d29751667"},"headline":"La Malinche, ignorada por Cort\u00e9s y venerada por otros | mitos y realidades de Do\u00f1a Marina","datePublished":"2021-06-15T19:39:58+00:00","mainEntityOfPage":{"@id":"https:\/\/soclose.mx\/blog\/ay-goeeee\/la-malinche-ignorada-por-cortes-y-venerada-por-otros-mitos-y-realidades-de-dona-marina\/"},"wordCount":437,"commentCount":0,"publisher":{"@id":"https:\/\/soclose.mx\/blog\/#organization"},"image":{"@id":"https:\/\/soclose.mx\/blog\/ay-goeeee\/la-malinche-ignorada-por-cortes-y-venerada-por-otros-mitos-y-realidades-de-dona-marina\/#primaryimage"},"thumbnailUrl":"https:\/\/i0.wp.com\/soclose.mx\/blog\/wp-content\/uploads\/2021\/06\/pintura-la-malinche-hernan-cortes.jpeg?fit=1240%2C700&ssl=1","keywords":["conquista espa\u00f1ola","corona espa\u00f1ola","espa\u00f1a","espa\u00f1oles","hern\u00e1n cort\u00e9s","malinche","nueva espa\u00f1a"],"articleSection":["\u00a1Ay goeeee!"],"inLanguage":"es","potentialAction":[{"@type":"CommentAction","name":"Comment","target":["https:\/\/soclose.mx\/blog\/ay-goeeee\/la-malinche-ignorada-por-cortes-y-venerada-por-otros-mitos-y-realidades-de-dona-marina\/#respond"]}]},{"@type":"WebPage","@id":"https:\/\/soclose.mx\/blog\/ay-goeeee\/la-malinche-ignorada-por-cortes-y-venerada-por-otros-mitos-y-realidades-de-dona-marina\/","url":"https:\/\/soclose.mx\/blog\/ay-goeeee\/la-malinche-ignorada-por-cortes-y-venerada-por-otros-mitos-y-realidades-de-dona-marina\/","name":"La Malinche, ignorada por Cort\u00e9s y venerada por otros | mitos y realidades de Do\u00f1a Marina - So Close","isPartOf":{"@id":"https:\/\/soclose.mx\/blog\/#website"},"primaryImageOfPage":{"@id":"https:\/\/soclose.mx\/blog\/ay-goeeee\/la-malinche-ignorada-por-cortes-y-venerada-por-otros-mitos-y-realidades-de-dona-marina\/#primaryimage"},"image":{"@id":"https:\/\/soclose.mx\/blog\/ay-goeeee\/la-malinche-ignorada-por-cortes-y-venerada-por-otros-mitos-y-realidades-de-dona-marina\/#primaryimage"},"thumbnailUrl":"https:\/\/i0.wp.com\/soclose.mx\/blog\/wp-content\/uploads\/2021\/06\/pintura-la-malinche-hernan-cortes.jpeg?fit=1240%2C700&ssl=1","datePublished":"2021-06-15T19:39:58+00:00","description":"La sociedad mexicana est\u00e1 disociada entre las necesidades de pertenecer a la cultura europea y ser propios de esta tierra.","breadcrumb":{"@id":"https:\/\/soclose.mx\/blog\/ay-goeeee\/la-malinche-ignorada-por-cortes-y-venerada-por-otros-mitos-y-realidades-de-dona-marina\/#breadcrumb"},"inLanguage":"es","potentialAction":[{"@type":"ReadAction","target":["https:\/\/soclose.mx\/blog\/ay-goeeee\/la-malinche-ignorada-por-cortes-y-venerada-por-otros-mitos-y-realidades-de-dona-marina\/"]}]},{"@type":"ImageObject","inLanguage":"es","@id":"https:\/\/soclose.mx\/blog\/ay-goeeee\/la-malinche-ignorada-por-cortes-y-venerada-por-otros-mitos-y-realidades-de-dona-marina\/#primaryimage","url":"https:\/\/i0.wp.com\/soclose.mx\/blog\/wp-content\/uploads\/2021\/06\/pintura-la-malinche-hernan-cortes.jpeg?fit=1240%2C700&ssl=1","contentUrl":"https:\/\/i0.wp.com\/soclose.mx\/blog\/wp-content\/uploads\/2021\/06\/pintura-la-malinche-hernan-cortes.jpeg?fit=1240%2C700&ssl=1","width":1240,"height":700},{"@type":"BreadcrumbList","@id":"https:\/\/soclose.mx\/blog\/ay-goeeee\/la-malinche-ignorada-por-cortes-y-venerada-por-otros-mitos-y-realidades-de-dona-marina\/#breadcrumb","itemListElement":[{"@type":"ListItem","position":1,"name":"Inicio","item":"https:\/\/soclose.mx\/blog\/"},{"@type":"ListItem","position":2,"name":"La Malinche, ignorada por Cort\u00e9s y venerada por otros | mitos y realidades de Do\u00f1a Marina"}]},{"@type":"WebSite","@id":"https:\/\/soclose.mx\/blog\/#website","url":"https:\/\/soclose.mx\/blog\/","name":"So Close","description":"Hacemos contenidos de M\u00e9xico","publisher":{"@id":"https:\/\/soclose.mx\/blog\/#organization"},"potentialAction":[{"@type":"SearchAction","target":{"@type":"EntryPoint","urlTemplate":"https:\/\/soclose.mx\/blog\/?s={search_term_string}"},"query-input":{"@type":"PropertyValueSpecification","valueRequired":true,"valueName":"search_term_string"}}],"inLanguage":"es"},{"@type":"Organization","@id":"https:\/\/soclose.mx\/blog\/#organization","name":"So Close","url":"https:\/\/soclose.mx\/blog\/","logo":{"@type":"ImageObject","inLanguage":"es","@id":"https:\/\/soclose.mx\/blog\/#\/schema\/logo\/image\/","url":"https:\/\/i0.wp.com\/soclose.mx\/blog\/wp-content\/uploads\/2020\/12\/LOGO_SOCLOSE_COLOR-e1608310133507.png?fit=2858%2C1264&ssl=1","contentUrl":"https:\/\/i0.wp.com\/soclose.mx\/blog\/wp-content\/uploads\/2020\/12\/LOGO_SOCLOSE_COLOR-e1608310133507.png?fit=2858%2C1264&ssl=1","width":2858,"height":1264,"caption":"So Close"},"image":{"@id":"https:\/\/soclose.mx\/blog\/#\/schema\/logo\/image\/"}},{"@type":"Person","@id":"https:\/\/soclose.mx\/blog\/#\/schema\/person\/723eb117ab965b55c3e56b5d29751667","name":"So Close","image":{"@type":"ImageObject","inLanguage":"es","@id":"https:\/\/soclose.mx\/blog\/#\/schema\/person\/image\/","url":"https:\/\/secure.gravatar.com\/avatar\/5a1d1d694eaf6d2c28f450f0984cbb34821b92dc49c1d088c0250fbc6a48efec?s=96&d=mm&r=g","contentUrl":"https:\/\/secure.gravatar.com\/avatar\/5a1d1d694eaf6d2c28f450f0984cbb34821b92dc49c1d088c0250fbc6a48efec?s=96&d=mm&r=g","caption":"So Close"},"sameAs":["http:\/\/www.soclose.mx","https:\/\/www.youtube.com\/@soclosemx"],"url":"https:\/\/soclose.mx\/blog\/author\/admin\/"}]}},"jetpack_featured_media_url":"https:\/\/i0.wp.com\/soclose.mx\/blog\/wp-content\/uploads\/2021\/06\/pintura-la-malinche-hernan-cortes.jpeg?fit=1240%2C700&ssl=1","jetpack-related-posts":[{"id":7054,"url":"https:\/\/soclose.mx\/blog\/para-todos\/una-obra-musical-inspirada-en-la-malinche-y-hernan-cortes\/","url_meta":{"origin":6221,"position":0},"title":"La Malinche inspira a Nacho Cano para crear una obra musical","author":"Miguel Angel Romero","date":"1 septiembre, 2021","format":false,"excerpt":"La Malinche y Hern\u00e1n Cort\u00e9s fueron fuente de inspiraci\u00f3n para que el m\u00fasico Nacho Cano escribiera una obra musical. Ser\u00e1 un montaje de grandes dimensiones en torno a la historia de amor entre el conquistador espa\u00f1ol y su int\u00e9rprete y traductora en suelo mexicano, quienes acabaron siendo amantes y tuvieron\u2026","rel":"","context":"En &quot;Para todos&quot;","block_context":{"text":"Para todos","link":"https:\/\/soclose.mx\/blog\/category\/para-todos\/"},"img":{"alt_text":"","src":"https:\/\/i0.wp.com\/soclose.mx\/blog\/wp-content\/uploads\/2021\/08\/Principal-So-Close-blog-15.jpg?fit=1200%2C677&ssl=1&resize=350%2C200","width":350,"height":200,"srcset":"https:\/\/i0.wp.com\/soclose.mx\/blog\/wp-content\/uploads\/2021\/08\/Principal-So-Close-blog-15.jpg?fit=1200%2C677&ssl=1&resize=350%2C200 1x, https:\/\/i0.wp.com\/soclose.mx\/blog\/wp-content\/uploads\/2021\/08\/Principal-So-Close-blog-15.jpg?fit=1200%2C677&ssl=1&resize=525%2C300 1.5x, https:\/\/i0.wp.com\/soclose.mx\/blog\/wp-content\/uploads\/2021\/08\/Principal-So-Close-blog-15.jpg?fit=1200%2C677&ssl=1&resize=700%2C400 2x, https:\/\/i0.wp.com\/soclose.mx\/blog\/wp-content\/uploads\/2021\/08\/Principal-So-Close-blog-15.jpg?fit=1200%2C677&ssl=1&resize=1050%2C600 3x"},"classes":[]},{"id":9317,"url":"https:\/\/soclose.mx\/blog\/news-feed\/la-malinche-homenajea-a-las-mujeres-en-el-teatro-de-la-danza\/","url_meta":{"origin":6221,"position":1},"title":"La Malinche homenajea a las mujeres en el Teatro de la Danza","author":"Miguel Angel Romero","date":"10 marzo, 2022","format":false,"excerpt":"As\u00ed es, a partir del personaje de La Malinche, \"Mujer Ra\u00edz\" crea un di\u00e1logo hist\u00f3rico entre las f\u00e9minas del presente y las ancestrales, as\u00ed como sus batallas y conquistas. En el Teatro de la Danza Guillermina Bravo del Centro Cultural del Bosque, \u00a0la maestra Paula Villaurrutia, integrante del Sistema Nacional\u2026","rel":"","context":"En &quot;\u00a1Ay goeeee!&quot;","block_context":{"text":"\u00a1Ay goeeee!","link":"https:\/\/soclose.mx\/blog\/category\/ay-goeeee\/"},"img":{"alt_text":"","src":"https:\/\/i0.wp.com\/soclose.mx\/blog\/wp-content\/uploads\/2022\/03\/Copia-de-Principal-So-Close-blog-2-8.png?fit=1200%2C677&ssl=1&resize=350%2C200","width":350,"height":200,"srcset":"https:\/\/i0.wp.com\/soclose.mx\/blog\/wp-content\/uploads\/2022\/03\/Copia-de-Principal-So-Close-blog-2-8.png?fit=1200%2C677&ssl=1&resize=350%2C200 1x, https:\/\/i0.wp.com\/soclose.mx\/blog\/wp-content\/uploads\/2022\/03\/Copia-de-Principal-So-Close-blog-2-8.png?fit=1200%2C677&ssl=1&resize=525%2C300 1.5x, https:\/\/i0.wp.com\/soclose.mx\/blog\/wp-content\/uploads\/2022\/03\/Copia-de-Principal-So-Close-blog-2-8.png?fit=1200%2C677&ssl=1&resize=700%2C400 2x, https:\/\/i0.wp.com\/soclose.mx\/blog\/wp-content\/uploads\/2022\/03\/Copia-de-Principal-So-Close-blog-2-8.png?fit=1200%2C677&ssl=1&resize=1050%2C600 3x"},"classes":[]},{"id":6880,"url":"https:\/\/soclose.mx\/blog\/news-feed\/abre-exposicion-sobre-la-caida-de-tenochtitlan-y-tlatelolco\/","url_meta":{"origin":6221,"position":2},"title":"Abre exposici\u00f3n sobre la ca\u00edda de Tenochtitlan y Tlatelolco","author":"Miguel Angel Romero","date":"17 agosto, 2021","format":false,"excerpt":"En el marco del quinto centenario de la toma de M\u00e9xico-Tenochtitlan, se inaugura la exposici\u00f3n temporal\u00a0Tenochtitlan y Tlatelolco. A 500 a\u00f1os de su ca\u00edda, bajo la curadur\u00eda de Eduardo Matos Moctezuma, Patricia Ledesma Bouchan y Judith Alva S\u00e1nchez. La exposici\u00f3n enfatiza la manera en que Tenochtitlan y Tlatelolco, decidieron compartir\u2026","rel":"","context":"En &quot;\u00a1Ay goeeee!&quot;","block_context":{"text":"\u00a1Ay goeeee!","link":"https:\/\/soclose.mx\/blog\/category\/ay-goeeee\/"},"img":{"alt_text":"","src":"https:\/\/i0.wp.com\/soclose.mx\/blog\/wp-content\/uploads\/2021\/08\/foto_home.png?fit=1019%2C792&ssl=1&resize=350%2C200","width":350,"height":200,"srcset":"https:\/\/i0.wp.com\/soclose.mx\/blog\/wp-content\/uploads\/2021\/08\/foto_home.png?fit=1019%2C792&ssl=1&resize=350%2C200 1x, https:\/\/i0.wp.com\/soclose.mx\/blog\/wp-content\/uploads\/2021\/08\/foto_home.png?fit=1019%2C792&ssl=1&resize=525%2C300 1.5x, https:\/\/i0.wp.com\/soclose.mx\/blog\/wp-content\/uploads\/2021\/08\/foto_home.png?fit=1019%2C792&ssl=1&resize=700%2C400 2x"},"classes":[]},{"id":6710,"url":"https:\/\/soclose.mx\/blog\/news-feed\/datos-que-debes-saber-sobre-la-serie-de-tv-la-grandeza-de-mexico\/","url_meta":{"origin":6221,"position":3},"title":"Datos que debes saber sobre la serie de TV: La Grandeza de M\u00e9xico","author":"So Close","date":"29 julio, 2021","format":false,"excerpt":"En el marco de las conmemoraciones de 2021, \u201cA\u00f1o de la Grandeza y la Independencia de M\u00e9xico\u201d, el Sistema P\u00fablico de Radiodifusi\u00f3n del Estado Mexicano (SPR), en colaboraci\u00f3n con la Secretar\u00eda de Cultura federal, a trav\u00e9s del Instituto Nacional de Antropolog\u00eda e Historia (INAH), presentaron la serie documental de televisi\u00f3n\u2026","rel":"","context":"En &quot;News feed&quot;","block_context":{"text":"News feed","link":"https:\/\/soclose.mx\/blog\/category\/news-feed\/"},"img":{"alt_text":"","src":"https:\/\/i0.wp.com\/soclose.mx\/blog\/wp-content\/uploads\/2021\/07\/tenochtitlan-en3d.jpeg?fit=1200%2C677&ssl=1&resize=350%2C200","width":350,"height":200,"srcset":"https:\/\/i0.wp.com\/soclose.mx\/blog\/wp-content\/uploads\/2021\/07\/tenochtitlan-en3d.jpeg?fit=1200%2C677&ssl=1&resize=350%2C200 1x, https:\/\/i0.wp.com\/soclose.mx\/blog\/wp-content\/uploads\/2021\/07\/tenochtitlan-en3d.jpeg?fit=1200%2C677&ssl=1&resize=525%2C300 1.5x, https:\/\/i0.wp.com\/soclose.mx\/blog\/wp-content\/uploads\/2021\/07\/tenochtitlan-en3d.jpeg?fit=1200%2C677&ssl=1&resize=700%2C400 2x, https:\/\/i0.wp.com\/soclose.mx\/blog\/wp-content\/uploads\/2021\/07\/tenochtitlan-en3d.jpeg?fit=1200%2C677&ssl=1&resize=1050%2C600 3x"},"classes":[]},{"id":14895,"url":"https:\/\/soclose.mx\/blog\/ay-goeeee\/que-dice-el-manuscrito-de-hernan-cortes-que-regreso-el-fbi-a-mexico\/","url_meta":{"origin":6221,"position":4},"title":"\u00bfQu\u00e9 dice el manuscrito de Hern\u00e1n Cort\u00e9s que regres\u00f3 el FBI a M\u00e9xico?","author":"So Close","date":"14 agosto, 2025","format":false,"excerpt":"El manuscrito de Hern\u00e1n Cort\u00e9s que regres\u00f3 el FBI a M\u00e9xico, est\u00e1 fechado el 20 de febrero de 1527 y se trata de una p\u00e1gina original que describe una orden de pago en pesos de oro destinados a financiar una expedici\u00f3n para el descubrimiento de las tierras de las especias.\u2026","rel":"","context":"En &quot;\u00a1Ay goeeee!&quot;","block_context":{"text":"\u00a1Ay goeeee!","link":"https:\/\/soclose.mx\/blog\/category\/ay-goeeee\/"},"img":{"alt_text":"manuscrito de Hern\u00e1n Cort\u00e9s","src":"https:\/\/i0.wp.com\/soclose.mx\/blog\/wp-content\/uploads\/2025\/08\/manuscrito-de-hernan-cortes.jpg?fit=1200%2C675&ssl=1&resize=350%2C200","width":350,"height":200,"srcset":"https:\/\/i0.wp.com\/soclose.mx\/blog\/wp-content\/uploads\/2025\/08\/manuscrito-de-hernan-cortes.jpg?fit=1200%2C675&ssl=1&resize=350%2C200 1x, https:\/\/i0.wp.com\/soclose.mx\/blog\/wp-content\/uploads\/2025\/08\/manuscrito-de-hernan-cortes.jpg?fit=1200%2C675&ssl=1&resize=525%2C300 1.5x, https:\/\/i0.wp.com\/soclose.mx\/blog\/wp-content\/uploads\/2025\/08\/manuscrito-de-hernan-cortes.jpg?fit=1200%2C675&ssl=1&resize=700%2C400 2x, https:\/\/i0.wp.com\/soclose.mx\/blog\/wp-content\/uploads\/2025\/08\/manuscrito-de-hernan-cortes.jpg?fit=1200%2C675&ssl=1&resize=1050%2C600 3x"},"classes":[]},{"id":6363,"url":"https:\/\/soclose.mx\/blog\/ay-goeeee\/el-gran-mito-de-la-conquista\/","url_meta":{"origin":6221,"position":5},"title":"El gran mito de la Conquista","author":"So Close","date":"30 junio, 2021","format":false,"excerpt":"Durante un conversatorio realizado por la UNAM, Guadalupe G\u00f3mez-Aguado de Alba, acad\u00e9mica del Centro de Ense\u00f1anza para Extranjeros explic\u00f3 el por qu\u00e9 el concepto de Conquista est\u00e1 equivocado y aqu\u00ed te dejamos algunos puntos que te sorprender\u00e1n: Lo ocurrido hace cinco siglos no se trat\u00f3 de una invasi\u00f3n espa\u00f1ola, sino\u2026","rel":"","context":"En &quot;\u00a1Ay goeeee!&quot;","block_context":{"text":"\u00a1Ay goeeee!","link":"https:\/\/soclose.mx\/blog\/category\/ay-goeeee\/"},"img":{"alt_text":"","src":"https:\/\/i0.wp.com\/soclose.mx\/blog\/wp-content\/uploads\/2021\/06\/conquista.jpeg?fit=1200%2C677&ssl=1&resize=350%2C200","width":350,"height":200,"srcset":"https:\/\/i0.wp.com\/soclose.mx\/blog\/wp-content\/uploads\/2021\/06\/conquista.jpeg?fit=1200%2C677&ssl=1&resize=350%2C200 1x, https:\/\/i0.wp.com\/soclose.mx\/blog\/wp-content\/uploads\/2021\/06\/conquista.jpeg?fit=1200%2C677&ssl=1&resize=525%2C300 1.5x, https:\/\/i0.wp.com\/soclose.mx\/blog\/wp-content\/uploads\/2021\/06\/conquista.jpeg?fit=1200%2C677&ssl=1&resize=700%2C400 2x, https:\/\/i0.wp.com\/soclose.mx\/blog\/wp-content\/uploads\/2021\/06\/conquista.jpeg?fit=1200%2C677&ssl=1&resize=1050%2C600 3x"},"classes":[]}],"jetpack_sharing_enabled":true,"_links":{"self":[{"href":"https:\/\/soclose.mx\/blog\/wp-json\/wp\/v2\/posts\/6221","targetHints":{"allow":["GET"]}}],"collection":[{"href":"https:\/\/soclose.mx\/blog\/wp-json\/wp\/v2\/posts"}],"about":[{"href":"https:\/\/soclose.mx\/blog\/wp-json\/wp\/v2\/types\/post"}],"author":[{"embeddable":true,"href":"https:\/\/soclose.mx\/blog\/wp-json\/wp\/v2\/users\/1"}],"replies":[{"embeddable":true,"href":"https:\/\/soclose.mx\/blog\/wp-json\/wp\/v2\/comments?post=6221"}],"version-history":[{"count":0,"href":"https:\/\/soclose.mx\/blog\/wp-json\/wp\/v2\/posts\/6221\/revisions"}],"wp:featuredmedia":[{"embeddable":true,"href":"https:\/\/soclose.mx\/blog\/wp-json\/wp\/v2\/media\/6225"}],"wp:attachment":[{"href":"https:\/\/soclose.mx\/blog\/wp-json\/wp\/v2\/media?parent=6221"}],"wp:term":[{"taxonomy":"category","embeddable":true,"href":"https:\/\/soclose.mx\/blog\/wp-json\/wp\/v2\/categories?post=6221"},{"taxonomy":"post_tag","embeddable":true,"href":"https:\/\/soclose.mx\/blog\/wp-json\/wp\/v2\/tags?post=6221"}],"curies":[{"name":"wp","href":"https:\/\/api.w.org\/{rel}","templated":true}]}}