{"id":6294,"date":"2021-06-24T21:02:50","date_gmt":"2021-06-25T02:02:50","guid":{"rendered":"https:\/\/soclose.mx\/blog\/?p=6294"},"modified":"2021-06-24T21:02:50","modified_gmt":"2021-06-25T02:02:50","slug":"destacan-el-valor-de-la-comunidad-afromexicana-a-traves-de-talleres-para-ninos","status":"publish","type":"post","link":"https:\/\/soclose.mx\/blog\/news-feed\/destacan-el-valor-de-la-comunidad-afromexicana-a-traves-de-talleres-para-ninos\/","title":{"rendered":"Destacan el valor de la comunidad afromexicana a trav\u00e9s de talleres para ni\u00f1os"},"content":{"rendered":"<p>Con el objetivo de reconocer las expresiones culturales de los <strong>afrodescendientes<\/strong>, as\u00ed como reflexionar y valorar el papel de la comunidad <strong>afromexicana<\/strong> en nuestra historia y cultura, por medio de actividades como bailes, m\u00fasica, arte, gastronom\u00eda y narraciones, el <strong>Museo de El Carmen<\/strong> llevar\u00e1 a cabo la segunda edici\u00f3n del <strong>curso de verano<\/strong> virtual <strong>\u201cSusano Verano. Celebrando a los afrodescendientes en la Independencia\u201d.<\/strong><\/p>\n<p>Los cursos ser\u00e1n gratuitos y a distancia, dirigidos a ni\u00f1as y ni\u00f1os entre 6 y 13 a\u00f1os; se impartir\u00e1n del 12 al 23 de julio 2021, de 11:00 a 13:00 horas. Las inscripciones se efectuar\u00e1n el lunes 5 y martes 6 de julio, informes a trav\u00e9s del correo:\u00a0<span id=\"cloak73363\"><a href=\"mailto:elcarmeneduserv@yahoo.com.mx\">elcarmeneduserv@yahoo.com.mx<\/a><\/span>. Cupo limitado a 50 ni\u00f1as y ni\u00f1os.<\/p>\n<p>A trav\u00e9s de las actividades programadas, como parte de la campa\u00f1a \u201cContigo en la distancia\u201d, de la Secretar\u00eda de Cultura, el p\u00fablico infantil reconocer\u00e1 la importancia de la tercera ra\u00edz mexicana, a fin de que valore la contribuci\u00f3n que mujeres y hombres del continente africano dejaron como testimonio de su presencia en M\u00e9xico, a partir de su llegada junto a los<strong> conquistadores espa\u00f1oles.<\/strong><\/p>\n<p>En la lucha por la Independencia, sobresalieron personajes nacionales y locales de <strong>ascendencia africana,<\/strong> destacando en el sur de la<strong> Ciudad de M\u00e9xico<\/strong>, el guerrillero <strong>Pedro \u201cEl Negro\u201d Rojas<\/strong> quien, de acuerdo con lo documentado por Francisco Fern\u00e1ndez del Castillo, viv\u00eda en Tizap\u00e1n (colonia vecina al museo) y prestaba sus servicios a la causa atracando al ej\u00e9rcito realista por los caminos del Ajusco, Tlalpan, San \u00c1ngel, San Nicol\u00e1s, Coyoac\u00e1n, Cuajimalpa y Santa Fe.<\/p>\n<p>De este personaje se cuenta que, espa\u00f1ol o realista que cayera en sus manos era ejecutado inmediatamente. Las tropas realistas lo capturaron en 1818, en la Hacienda del Arenal, en Coyoac\u00e1n, donde lo ejecutaron, y su cabeza fue expuesta un mes en la plaza de San Jacinto. Se dice que el p\u00e1rroco Nicol\u00e1s Conejares mand\u00f3 a quitarla y la enterr\u00f3 en el cementerio del templo del Carmen.<\/p>\n<p>Bajo tal contexto, las actividades del curso se organizaron en cinco grupos: \u201cNarraciones\u201d, en el que ni\u00f1as y ni\u00f1os escuchar\u00e1n relatos sobre <strong>afrodescendientes<\/strong> de la \u00e9poca virreinal y part\u00edcipes en el movimiento de Independencia, as\u00ed como historias del continente africano con ambientes de sonidos y cantos.<\/p>\n<p>En \u201cExpresiones musicales\u201d realizar\u00e1n un tambor y un palo de lluvia con materiales reciclados, para reconocer los ritmos, armon\u00edas y estilos como el reggae, la salsa y el fandango, por citar algunos. Mientras que en <strong>\u201cEl baile afro\u201d<\/strong>, ni\u00f1as y ni\u00f1os conocer\u00e1n algunas danzas virreinales con herencia africana como el fandango de artesa, el cual se baila sobre un caj\u00f3n de madera labrado con figuras zoomorfas; la danza de los diablos, que se realiza el D\u00eda de Muertos con sus peculiares m\u00e1scaras y vestimenta de harapos. Tambi\u00e9n, aprender\u00e1n pasos de baile africanos, a trav\u00e9s del reconocimiento de su cuerpo y movimientos.<\/p>\n<p>En tanto, en \u201cExpresiones de sabor\u201d, los participantes reconocer\u00e1n los alimentos provenientes del <strong>continente africano<\/strong> y preparar\u00e1n platillos que fueron creados en las cocinas virreinales por las mujeres afro e ind\u00edgenas, como el agua de jamaica (flor, originaria de <strong>\u00c1frica<\/strong>), mogomogo (tambi\u00e9n conocido como pur\u00e9 de pl\u00e1tano), pan de camote, moros y cristianos y caldo de res rojo.<\/p>\n<p>Por \u00faltimo, en \u201cExpresiones de color\u201d, ni\u00f1as y ni\u00f1os, a trav\u00e9s de algunos mitos y leyendas africanas elaborar\u00e1n una m\u00e1scara, una escultura y una pintura, siguiendo las caracter\u00edsticas del <strong>arte africano<\/strong> como son las figuras geom\u00e9tricas y los elementos naturales.<\/p>\n<p>Fuente: <a href=\"https:\/\/www.inah.gob.mx\/\" target=\"_blank\" rel=\"noopener\">INAH.<\/a><\/p>\n","protected":false},"excerpt":{"rendered":"<p>Con el objetivo de reconocer las expresiones culturales de los afrodescendientes, as\u00ed como reflexionar y valorar el papel de la comunidad afromexicana en nuestra historia y cultura, por medio de actividades como bailes, m\u00fasica, arte, gastronom\u00eda y narraciones, el Museo de El Carmen llevar\u00e1 a cabo la segunda edici\u00f3n del curso de verano virtual \u201cSusano Verano. Celebrando a los afrodescendientes en la Independencia\u201d. Los cursos ser\u00e1n gratuitos y a distancia, dirigidos a ni\u00f1as y ni\u00f1os entre 6 y 13 a\u00f1os; se impartir\u00e1n del 12 al 23 de julio 2021, de 11:00 a 13:00 horas. Las inscripciones se efectuar\u00e1n el lunes<\/p>\n","protected":false},"author":1,"featured_media":6297,"comment_status":"open","ping_status":"open","sticky":false,"template":"","format":"standard","meta":{"_jetpack_memberships_contains_paid_content":false,"footnotes":""},"categories":[628],"tags":[928,1016,1017,1015,894,1018],"class_list":["post-6294","post","type-post","status-publish","format-standard","has-post-thumbnail","hentry","category-news-feed","tag-africa","tag-afrodescendientes","tag-afromexicanos","tag-arte-africano","tag-museo-de-el-carmen","tag-talleres"],"yoast_head":"<!-- This site is optimized with the Yoast SEO plugin v26.7 - https:\/\/yoast.com\/wordpress\/plugins\/seo\/ -->\n<title>Destacan el valor de la comunidad afromexicana a trav\u00e9s de talleres para ni\u00f1os - So Close<\/title>\n<meta name=\"description\" content=\"En la lucha por la Independencia, sobresalieron personajes nacionales y locales de ascendencia africana, destacando Pedro \u201cEl Negro\u201d Rojas.\" \/>\n<meta name=\"robots\" content=\"index, follow, max-snippet:-1, max-image-preview:large, max-video-preview:-1\" \/>\n<link rel=\"canonical\" href=\"https:\/\/soclose.mx\/blog\/news-feed\/destacan-el-valor-de-la-comunidad-afromexicana-a-traves-de-talleres-para-ninos\/\" \/>\n<meta property=\"og:locale\" content=\"es_MX\" \/>\n<meta property=\"og:type\" content=\"article\" \/>\n<meta property=\"og:title\" content=\"Destacan el valor de la comunidad afromexicana a trav\u00e9s de talleres para ni\u00f1os - So Close\" \/>\n<meta property=\"og:description\" content=\"En la lucha por la Independencia, sobresalieron personajes nacionales y locales de ascendencia africana, destacando Pedro \u201cEl Negro\u201d Rojas.\" \/>\n<meta property=\"og:url\" content=\"https:\/\/soclose.mx\/blog\/news-feed\/destacan-el-valor-de-la-comunidad-afromexicana-a-traves-de-talleres-para-ninos\/\" \/>\n<meta property=\"og:site_name\" content=\"So Close\" \/>\n<meta property=\"article:published_time\" content=\"2021-06-25T02:02:50+00:00\" \/>\n<meta property=\"og:image\" content=\"https:\/\/soclose.mx\/blog\/wp-content\/uploads\/2021\/06\/festival-afromexicano.jpeg\" \/>\n\t<meta property=\"og:image:width\" content=\"1240\" \/>\n\t<meta property=\"og:image:height\" content=\"700\" \/>\n\t<meta property=\"og:image:type\" content=\"image\/jpeg\" \/>\n<meta name=\"author\" content=\"So Close\" \/>\n<meta name=\"twitter:card\" content=\"summary_large_image\" \/>\n<meta name=\"twitter:label1\" content=\"Escrito por\" \/>\n\t<meta name=\"twitter:data1\" content=\"So Close\" \/>\n\t<meta name=\"twitter:label2\" content=\"Tiempo de lectura\" \/>\n\t<meta name=\"twitter:data2\" content=\"3 minutos\" \/>\n<script type=\"application\/ld+json\" class=\"yoast-schema-graph\">{\"@context\":\"https:\/\/schema.org\",\"@graph\":[{\"@type\":\"Article\",\"@id\":\"https:\/\/soclose.mx\/blog\/news-feed\/destacan-el-valor-de-la-comunidad-afromexicana-a-traves-de-talleres-para-ninos\/#article\",\"isPartOf\":{\"@id\":\"https:\/\/soclose.mx\/blog\/news-feed\/destacan-el-valor-de-la-comunidad-afromexicana-a-traves-de-talleres-para-ninos\/\"},\"author\":{\"name\":\"So Close\",\"@id\":\"https:\/\/soclose.mx\/blog\/#\/schema\/person\/723eb117ab965b55c3e56b5d29751667\"},\"headline\":\"Destacan el valor de la comunidad afromexicana a trav\u00e9s de talleres para ni\u00f1os\",\"datePublished\":\"2021-06-25T02:02:50+00:00\",\"mainEntityOfPage\":{\"@id\":\"https:\/\/soclose.mx\/blog\/news-feed\/destacan-el-valor-de-la-comunidad-afromexicana-a-traves-de-talleres-para-ninos\/\"},\"wordCount\":634,\"commentCount\":0,\"publisher\":{\"@id\":\"https:\/\/soclose.mx\/blog\/#organization\"},\"image\":{\"@id\":\"https:\/\/soclose.mx\/blog\/news-feed\/destacan-el-valor-de-la-comunidad-afromexicana-a-traves-de-talleres-para-ninos\/#primaryimage\"},\"thumbnailUrl\":\"https:\/\/i0.wp.com\/soclose.mx\/blog\/wp-content\/uploads\/2021\/06\/festival-afromexicano.jpeg?fit=1240%2C700&ssl=1\",\"keywords\":[\"africa\",\"afrodescendientes\",\"afromexicanos\",\"arte africano\",\"Museo de El Carmen\",\"talleres\"],\"articleSection\":[\"News feed\"],\"inLanguage\":\"es\",\"potentialAction\":[{\"@type\":\"CommentAction\",\"name\":\"Comment\",\"target\":[\"https:\/\/soclose.mx\/blog\/news-feed\/destacan-el-valor-de-la-comunidad-afromexicana-a-traves-de-talleres-para-ninos\/#respond\"]}]},{\"@type\":\"WebPage\",\"@id\":\"https:\/\/soclose.mx\/blog\/news-feed\/destacan-el-valor-de-la-comunidad-afromexicana-a-traves-de-talleres-para-ninos\/\",\"url\":\"https:\/\/soclose.mx\/blog\/news-feed\/destacan-el-valor-de-la-comunidad-afromexicana-a-traves-de-talleres-para-ninos\/\",\"name\":\"Destacan el valor de la comunidad afromexicana a trav\u00e9s de talleres para ni\u00f1os - So Close\",\"isPartOf\":{\"@id\":\"https:\/\/soclose.mx\/blog\/#website\"},\"primaryImageOfPage\":{\"@id\":\"https:\/\/soclose.mx\/blog\/news-feed\/destacan-el-valor-de-la-comunidad-afromexicana-a-traves-de-talleres-para-ninos\/#primaryimage\"},\"image\":{\"@id\":\"https:\/\/soclose.mx\/blog\/news-feed\/destacan-el-valor-de-la-comunidad-afromexicana-a-traves-de-talleres-para-ninos\/#primaryimage\"},\"thumbnailUrl\":\"https:\/\/i0.wp.com\/soclose.mx\/blog\/wp-content\/uploads\/2021\/06\/festival-afromexicano.jpeg?fit=1240%2C700&ssl=1\",\"datePublished\":\"2021-06-25T02:02:50+00:00\",\"description\":\"En la lucha por la Independencia, sobresalieron personajes nacionales y locales de ascendencia africana, destacando Pedro \u201cEl Negro\u201d Rojas.\",\"breadcrumb\":{\"@id\":\"https:\/\/soclose.mx\/blog\/news-feed\/destacan-el-valor-de-la-comunidad-afromexicana-a-traves-de-talleres-para-ninos\/#breadcrumb\"},\"inLanguage\":\"es\",\"potentialAction\":[{\"@type\":\"ReadAction\",\"target\":[\"https:\/\/soclose.mx\/blog\/news-feed\/destacan-el-valor-de-la-comunidad-afromexicana-a-traves-de-talleres-para-ninos\/\"]}]},{\"@type\":\"ImageObject\",\"inLanguage\":\"es\",\"@id\":\"https:\/\/soclose.mx\/blog\/news-feed\/destacan-el-valor-de-la-comunidad-afromexicana-a-traves-de-talleres-para-ninos\/#primaryimage\",\"url\":\"https:\/\/i0.wp.com\/soclose.mx\/blog\/wp-content\/uploads\/2021\/06\/festival-afromexicano.jpeg?fit=1240%2C700&ssl=1\",\"contentUrl\":\"https:\/\/i0.wp.com\/soclose.mx\/blog\/wp-content\/uploads\/2021\/06\/festival-afromexicano.jpeg?fit=1240%2C700&ssl=1\",\"width\":1240,\"height\":700},{\"@type\":\"BreadcrumbList\",\"@id\":\"https:\/\/soclose.mx\/blog\/news-feed\/destacan-el-valor-de-la-comunidad-afromexicana-a-traves-de-talleres-para-ninos\/#breadcrumb\",\"itemListElement\":[{\"@type\":\"ListItem\",\"position\":1,\"name\":\"Inicio\",\"item\":\"https:\/\/soclose.mx\/blog\/\"},{\"@type\":\"ListItem\",\"position\":2,\"name\":\"Destacan el valor de la comunidad afromexicana a trav\u00e9s de talleres para ni\u00f1os\"}]},{\"@type\":\"WebSite\",\"@id\":\"https:\/\/soclose.mx\/blog\/#website\",\"url\":\"https:\/\/soclose.mx\/blog\/\",\"name\":\"So Close\",\"description\":\"Hacemos contenidos de M\u00e9xico\",\"publisher\":{\"@id\":\"https:\/\/soclose.mx\/blog\/#organization\"},\"potentialAction\":[{\"@type\":\"SearchAction\",\"target\":{\"@type\":\"EntryPoint\",\"urlTemplate\":\"https:\/\/soclose.mx\/blog\/?s={search_term_string}\"},\"query-input\":{\"@type\":\"PropertyValueSpecification\",\"valueRequired\":true,\"valueName\":\"search_term_string\"}}],\"inLanguage\":\"es\"},{\"@type\":\"Organization\",\"@id\":\"https:\/\/soclose.mx\/blog\/#organization\",\"name\":\"So Close\",\"url\":\"https:\/\/soclose.mx\/blog\/\",\"logo\":{\"@type\":\"ImageObject\",\"inLanguage\":\"es\",\"@id\":\"https:\/\/soclose.mx\/blog\/#\/schema\/logo\/image\/\",\"url\":\"https:\/\/i0.wp.com\/soclose.mx\/blog\/wp-content\/uploads\/2020\/12\/LOGO_SOCLOSE_COLOR-e1608310133507.png?fit=2858%2C1264&ssl=1\",\"contentUrl\":\"https:\/\/i0.wp.com\/soclose.mx\/blog\/wp-content\/uploads\/2020\/12\/LOGO_SOCLOSE_COLOR-e1608310133507.png?fit=2858%2C1264&ssl=1\",\"width\":2858,\"height\":1264,\"caption\":\"So Close\"},\"image\":{\"@id\":\"https:\/\/soclose.mx\/blog\/#\/schema\/logo\/image\/\"}},{\"@type\":\"Person\",\"@id\":\"https:\/\/soclose.mx\/blog\/#\/schema\/person\/723eb117ab965b55c3e56b5d29751667\",\"name\":\"So Close\",\"image\":{\"@type\":\"ImageObject\",\"inLanguage\":\"es\",\"@id\":\"https:\/\/soclose.mx\/blog\/#\/schema\/person\/image\/\",\"url\":\"https:\/\/secure.gravatar.com\/avatar\/5a1d1d694eaf6d2c28f450f0984cbb34821b92dc49c1d088c0250fbc6a48efec?s=96&d=mm&r=g\",\"contentUrl\":\"https:\/\/secure.gravatar.com\/avatar\/5a1d1d694eaf6d2c28f450f0984cbb34821b92dc49c1d088c0250fbc6a48efec?s=96&d=mm&r=g\",\"caption\":\"So Close\"},\"sameAs\":[\"http:\/\/www.soclose.mx\",\"https:\/\/www.youtube.com\/@soclosemx\"],\"url\":\"https:\/\/soclose.mx\/blog\/author\/admin\/\"}]}<\/script>\n<!-- \/ Yoast SEO plugin. -->","yoast_head_json":{"title":"Destacan el valor de la comunidad afromexicana a trav\u00e9s de talleres para ni\u00f1os - So Close","description":"En la lucha por la Independencia, sobresalieron personajes nacionales y locales de ascendencia africana, destacando Pedro \u201cEl Negro\u201d Rojas.","robots":{"index":"index","follow":"follow","max-snippet":"max-snippet:-1","max-image-preview":"max-image-preview:large","max-video-preview":"max-video-preview:-1"},"canonical":"https:\/\/soclose.mx\/blog\/news-feed\/destacan-el-valor-de-la-comunidad-afromexicana-a-traves-de-talleres-para-ninos\/","og_locale":"es_MX","og_type":"article","og_title":"Destacan el valor de la comunidad afromexicana a trav\u00e9s de talleres para ni\u00f1os - So Close","og_description":"En la lucha por la Independencia, sobresalieron personajes nacionales y locales de ascendencia africana, destacando Pedro \u201cEl Negro\u201d Rojas.","og_url":"https:\/\/soclose.mx\/blog\/news-feed\/destacan-el-valor-de-la-comunidad-afromexicana-a-traves-de-talleres-para-ninos\/","og_site_name":"So Close","article_published_time":"2021-06-25T02:02:50+00:00","og_image":[{"width":1240,"height":700,"url":"https:\/\/soclose.mx\/blog\/wp-content\/uploads\/2021\/06\/festival-afromexicano.jpeg","type":"image\/jpeg"}],"author":"So Close","twitter_card":"summary_large_image","twitter_misc":{"Escrito por":"So Close","Tiempo de lectura":"3 minutos"},"schema":{"@context":"https:\/\/schema.org","@graph":[{"@type":"Article","@id":"https:\/\/soclose.mx\/blog\/news-feed\/destacan-el-valor-de-la-comunidad-afromexicana-a-traves-de-talleres-para-ninos\/#article","isPartOf":{"@id":"https:\/\/soclose.mx\/blog\/news-feed\/destacan-el-valor-de-la-comunidad-afromexicana-a-traves-de-talleres-para-ninos\/"},"author":{"name":"So Close","@id":"https:\/\/soclose.mx\/blog\/#\/schema\/person\/723eb117ab965b55c3e56b5d29751667"},"headline":"Destacan el valor de la comunidad afromexicana a trav\u00e9s de talleres para ni\u00f1os","datePublished":"2021-06-25T02:02:50+00:00","mainEntityOfPage":{"@id":"https:\/\/soclose.mx\/blog\/news-feed\/destacan-el-valor-de-la-comunidad-afromexicana-a-traves-de-talleres-para-ninos\/"},"wordCount":634,"commentCount":0,"publisher":{"@id":"https:\/\/soclose.mx\/blog\/#organization"},"image":{"@id":"https:\/\/soclose.mx\/blog\/news-feed\/destacan-el-valor-de-la-comunidad-afromexicana-a-traves-de-talleres-para-ninos\/#primaryimage"},"thumbnailUrl":"https:\/\/i0.wp.com\/soclose.mx\/blog\/wp-content\/uploads\/2021\/06\/festival-afromexicano.jpeg?fit=1240%2C700&ssl=1","keywords":["africa","afrodescendientes","afromexicanos","arte africano","Museo de El Carmen","talleres"],"articleSection":["News feed"],"inLanguage":"es","potentialAction":[{"@type":"CommentAction","name":"Comment","target":["https:\/\/soclose.mx\/blog\/news-feed\/destacan-el-valor-de-la-comunidad-afromexicana-a-traves-de-talleres-para-ninos\/#respond"]}]},{"@type":"WebPage","@id":"https:\/\/soclose.mx\/blog\/news-feed\/destacan-el-valor-de-la-comunidad-afromexicana-a-traves-de-talleres-para-ninos\/","url":"https:\/\/soclose.mx\/blog\/news-feed\/destacan-el-valor-de-la-comunidad-afromexicana-a-traves-de-talleres-para-ninos\/","name":"Destacan el valor de la comunidad afromexicana a trav\u00e9s de talleres para ni\u00f1os - So Close","isPartOf":{"@id":"https:\/\/soclose.mx\/blog\/#website"},"primaryImageOfPage":{"@id":"https:\/\/soclose.mx\/blog\/news-feed\/destacan-el-valor-de-la-comunidad-afromexicana-a-traves-de-talleres-para-ninos\/#primaryimage"},"image":{"@id":"https:\/\/soclose.mx\/blog\/news-feed\/destacan-el-valor-de-la-comunidad-afromexicana-a-traves-de-talleres-para-ninos\/#primaryimage"},"thumbnailUrl":"https:\/\/i0.wp.com\/soclose.mx\/blog\/wp-content\/uploads\/2021\/06\/festival-afromexicano.jpeg?fit=1240%2C700&ssl=1","datePublished":"2021-06-25T02:02:50+00:00","description":"En la lucha por la Independencia, sobresalieron personajes nacionales y locales de ascendencia africana, destacando Pedro \u201cEl Negro\u201d Rojas.","breadcrumb":{"@id":"https:\/\/soclose.mx\/blog\/news-feed\/destacan-el-valor-de-la-comunidad-afromexicana-a-traves-de-talleres-para-ninos\/#breadcrumb"},"inLanguage":"es","potentialAction":[{"@type":"ReadAction","target":["https:\/\/soclose.mx\/blog\/news-feed\/destacan-el-valor-de-la-comunidad-afromexicana-a-traves-de-talleres-para-ninos\/"]}]},{"@type":"ImageObject","inLanguage":"es","@id":"https:\/\/soclose.mx\/blog\/news-feed\/destacan-el-valor-de-la-comunidad-afromexicana-a-traves-de-talleres-para-ninos\/#primaryimage","url":"https:\/\/i0.wp.com\/soclose.mx\/blog\/wp-content\/uploads\/2021\/06\/festival-afromexicano.jpeg?fit=1240%2C700&ssl=1","contentUrl":"https:\/\/i0.wp.com\/soclose.mx\/blog\/wp-content\/uploads\/2021\/06\/festival-afromexicano.jpeg?fit=1240%2C700&ssl=1","width":1240,"height":700},{"@type":"BreadcrumbList","@id":"https:\/\/soclose.mx\/blog\/news-feed\/destacan-el-valor-de-la-comunidad-afromexicana-a-traves-de-talleres-para-ninos\/#breadcrumb","itemListElement":[{"@type":"ListItem","position":1,"name":"Inicio","item":"https:\/\/soclose.mx\/blog\/"},{"@type":"ListItem","position":2,"name":"Destacan el valor de la comunidad afromexicana a trav\u00e9s de talleres para ni\u00f1os"}]},{"@type":"WebSite","@id":"https:\/\/soclose.mx\/blog\/#website","url":"https:\/\/soclose.mx\/blog\/","name":"So Close","description":"Hacemos contenidos de M\u00e9xico","publisher":{"@id":"https:\/\/soclose.mx\/blog\/#organization"},"potentialAction":[{"@type":"SearchAction","target":{"@type":"EntryPoint","urlTemplate":"https:\/\/soclose.mx\/blog\/?s={search_term_string}"},"query-input":{"@type":"PropertyValueSpecification","valueRequired":true,"valueName":"search_term_string"}}],"inLanguage":"es"},{"@type":"Organization","@id":"https:\/\/soclose.mx\/blog\/#organization","name":"So Close","url":"https:\/\/soclose.mx\/blog\/","logo":{"@type":"ImageObject","inLanguage":"es","@id":"https:\/\/soclose.mx\/blog\/#\/schema\/logo\/image\/","url":"https:\/\/i0.wp.com\/soclose.mx\/blog\/wp-content\/uploads\/2020\/12\/LOGO_SOCLOSE_COLOR-e1608310133507.png?fit=2858%2C1264&ssl=1","contentUrl":"https:\/\/i0.wp.com\/soclose.mx\/blog\/wp-content\/uploads\/2020\/12\/LOGO_SOCLOSE_COLOR-e1608310133507.png?fit=2858%2C1264&ssl=1","width":2858,"height":1264,"caption":"So Close"},"image":{"@id":"https:\/\/soclose.mx\/blog\/#\/schema\/logo\/image\/"}},{"@type":"Person","@id":"https:\/\/soclose.mx\/blog\/#\/schema\/person\/723eb117ab965b55c3e56b5d29751667","name":"So Close","image":{"@type":"ImageObject","inLanguage":"es","@id":"https:\/\/soclose.mx\/blog\/#\/schema\/person\/image\/","url":"https:\/\/secure.gravatar.com\/avatar\/5a1d1d694eaf6d2c28f450f0984cbb34821b92dc49c1d088c0250fbc6a48efec?s=96&d=mm&r=g","contentUrl":"https:\/\/secure.gravatar.com\/avatar\/5a1d1d694eaf6d2c28f450f0984cbb34821b92dc49c1d088c0250fbc6a48efec?s=96&d=mm&r=g","caption":"So Close"},"sameAs":["http:\/\/www.soclose.mx","https:\/\/www.youtube.com\/@soclosemx"],"url":"https:\/\/soclose.mx\/blog\/author\/admin\/"}]}},"jetpack_featured_media_url":"https:\/\/i0.wp.com\/soclose.mx\/blog\/wp-content\/uploads\/2021\/06\/festival-afromexicano.jpeg?fit=1240%2C700&ssl=1","jetpack-related-posts":[{"id":6508,"url":"https:\/\/soclose.mx\/blog\/news-feed\/estos-son-los-talleres-de-verano-en-museos-y-zonas-arqueologicas-de-todo-mexico\/","url_meta":{"origin":6294,"position":0},"title":"Estos son los talleres de verano en museos y zonas arqueol\u00f3gicas de todo M\u00e9xico","author":"So Close","date":"12 julio, 2021","format":false,"excerpt":"El Instituto Nacional de Antropolog\u00eda e Historia (INAH) prepar\u00f3 una serie de actividades did\u00e1cticas y l\u00fadicas para este verano, en las modalidades virtual y presencial. En el marco de la campa\u00f1a \u201cContigo en la distancia\u201d, de la Secretar\u00eda de Cultura del Gobierno de M\u00e9xico, el Museo Casa de Carranza impartir\u00e1\u2026","rel":"","context":"En &quot;News feed&quot;","block_context":{"text":"News feed","link":"https:\/\/soclose.mx\/blog\/category\/news-feed\/"},"img":{"alt_text":"","src":"https:\/\/i0.wp.com\/soclose.mx\/blog\/wp-content\/uploads\/2021\/07\/Ex-Convento-de-Culhuacan.jpeg?fit=1200%2C677&ssl=1&resize=350%2C200","width":350,"height":200,"srcset":"https:\/\/i0.wp.com\/soclose.mx\/blog\/wp-content\/uploads\/2021\/07\/Ex-Convento-de-Culhuacan.jpeg?fit=1200%2C677&ssl=1&resize=350%2C200 1x, https:\/\/i0.wp.com\/soclose.mx\/blog\/wp-content\/uploads\/2021\/07\/Ex-Convento-de-Culhuacan.jpeg?fit=1200%2C677&ssl=1&resize=525%2C300 1.5x, https:\/\/i0.wp.com\/soclose.mx\/blog\/wp-content\/uploads\/2021\/07\/Ex-Convento-de-Culhuacan.jpeg?fit=1200%2C677&ssl=1&resize=700%2C400 2x, https:\/\/i0.wp.com\/soclose.mx\/blog\/wp-content\/uploads\/2021\/07\/Ex-Convento-de-Culhuacan.jpeg?fit=1200%2C677&ssl=1&resize=1050%2C600 3x"},"classes":[]},{"id":6679,"url":"https:\/\/soclose.mx\/blog\/news-feed\/animalia-la-fauna-en-el-arte-popular-mexicano-muestra-sobre-la-biodiversidad-llega-al-museo-nacional-de-culturas-populares\/","url_meta":{"origin":6294,"position":1},"title":"La muestra &#8220;Animalia. La fauna en el arte popular mexicano\u201d, llega al Museo Nacional de Culturas Populares","author":"So Close","date":"27 julio, 2021","format":false,"excerpt":"\u201cAnimalia. La fauna en el arte popular mexicano\u201d es un recorrido por el reino animal a trav\u00e9s de 48 piezas elaboradas por manos artesanas en barro, metal, madera, fibras vegetales, cart\u00f3n y otros materiales, que provienen de diversas comunidades de Guerrero, Puebla, Chiapas, Veracruz, Oaxaca, Michoac\u00e1n, Baja California, Sonora y\u2026","rel":"","context":"En &quot;News feed&quot;","block_context":{"text":"News feed","link":"https:\/\/soclose.mx\/blog\/category\/news-feed\/"},"img":{"alt_text":"","src":"https:\/\/i0.wp.com\/soclose.mx\/blog\/wp-content\/uploads\/2021\/07\/animalia-muestra-arte-popular.jpeg?fit=1200%2C677&ssl=1&resize=350%2C200","width":350,"height":200,"srcset":"https:\/\/i0.wp.com\/soclose.mx\/blog\/wp-content\/uploads\/2021\/07\/animalia-muestra-arte-popular.jpeg?fit=1200%2C677&ssl=1&resize=350%2C200 1x, https:\/\/i0.wp.com\/soclose.mx\/blog\/wp-content\/uploads\/2021\/07\/animalia-muestra-arte-popular.jpeg?fit=1200%2C677&ssl=1&resize=525%2C300 1.5x, https:\/\/i0.wp.com\/soclose.mx\/blog\/wp-content\/uploads\/2021\/07\/animalia-muestra-arte-popular.jpeg?fit=1200%2C677&ssl=1&resize=700%2C400 2x, https:\/\/i0.wp.com\/soclose.mx\/blog\/wp-content\/uploads\/2021\/07\/animalia-muestra-arte-popular.jpeg?fit=1200%2C677&ssl=1&resize=1050%2C600 3x"},"classes":[]},{"id":6556,"url":"https:\/\/soclose.mx\/blog\/news-feed\/abren-muestra-en-museo-del-carmen-como-homenaje-de-artesanas-y-artesanos-mexicanos\/","url_meta":{"origin":6294,"position":2},"title":"Abren muestra en Museo del Carmen como homenaje de artesanas y artesanos mexicanos","author":"So Close","date":"15 julio, 2021","format":false,"excerpt":"Como un homenaje a la labor de las artesanas y artesanos mexicanos, a partir de hoy, el Museo de El Carmen abri\u00f3 al p\u00fablico la exhibici\u00f3n Ensue\u00f1os en hilo de diez lenguas. Textiles del Gran Premio Fonart, la cual re\u00fane 47 creaciones reconocidas con este galard\u00f3n y piezas provenientes de\u2026","rel":"","context":"En &quot;News feed&quot;","block_context":{"text":"News feed","link":"https:\/\/soclose.mx\/blog\/category\/news-feed\/"},"img":{"alt_text":"","src":"https:\/\/i0.wp.com\/soclose.mx\/blog\/wp-content\/uploads\/2021\/07\/exposicion-Ensuenos-en-hilo-de-diez-lenguas.jpeg?fit=1200%2C677&ssl=1&resize=350%2C200","width":350,"height":200,"srcset":"https:\/\/i0.wp.com\/soclose.mx\/blog\/wp-content\/uploads\/2021\/07\/exposicion-Ensuenos-en-hilo-de-diez-lenguas.jpeg?fit=1200%2C677&ssl=1&resize=350%2C200 1x, https:\/\/i0.wp.com\/soclose.mx\/blog\/wp-content\/uploads\/2021\/07\/exposicion-Ensuenos-en-hilo-de-diez-lenguas.jpeg?fit=1200%2C677&ssl=1&resize=525%2C300 1.5x, https:\/\/i0.wp.com\/soclose.mx\/blog\/wp-content\/uploads\/2021\/07\/exposicion-Ensuenos-en-hilo-de-diez-lenguas.jpeg?fit=1200%2C677&ssl=1&resize=700%2C400 2x, https:\/\/i0.wp.com\/soclose.mx\/blog\/wp-content\/uploads\/2021\/07\/exposicion-Ensuenos-en-hilo-de-diez-lenguas.jpeg?fit=1200%2C677&ssl=1&resize=1050%2C600 3x"},"classes":[]},{"id":9174,"url":"https:\/\/soclose.mx\/blog\/para-todos\/regresan-las-actividades-presenciales-de-los-museos-de-la-cdmx\/","url_meta":{"origin":6294,"position":3},"title":"Regresan las actividades presenciales de los museos de la CDMX","author":"Miguel Angel Romero","date":"3 marzo, 2022","format":false,"excerpt":"La Secretar\u00eda de Cultura reabre algunos espacios muse\u00edsticos del Instituto Nacional de Antropolog\u00eda e Historia (INAH), los cuales reanudan actividades presenciales con una amplia oferta eventos. En el\u00a0Museo Nacional de Historia (MNH), Castillo de Chapultepec, la m\u00fasica regresa al Patio del Alc\u00e1zar con los conciertos a celebrarse los s\u00e1bados de\u2026","rel":"","context":"En &quot;Para todos&quot;","block_context":{"text":"Para todos","link":"https:\/\/soclose.mx\/blog\/category\/para-todos\/"},"img":{"alt_text":"","src":"https:\/\/i0.wp.com\/soclose.mx\/blog\/wp-content\/uploads\/2022\/03\/Copia-de-Principal-So-Close-blog-3.png?fit=1200%2C677&ssl=1&resize=350%2C200","width":350,"height":200,"srcset":"https:\/\/i0.wp.com\/soclose.mx\/blog\/wp-content\/uploads\/2022\/03\/Copia-de-Principal-So-Close-blog-3.png?fit=1200%2C677&ssl=1&resize=350%2C200 1x, https:\/\/i0.wp.com\/soclose.mx\/blog\/wp-content\/uploads\/2022\/03\/Copia-de-Principal-So-Close-blog-3.png?fit=1200%2C677&ssl=1&resize=525%2C300 1.5x, https:\/\/i0.wp.com\/soclose.mx\/blog\/wp-content\/uploads\/2022\/03\/Copia-de-Principal-So-Close-blog-3.png?fit=1200%2C677&ssl=1&resize=700%2C400 2x, https:\/\/i0.wp.com\/soclose.mx\/blog\/wp-content\/uploads\/2022\/03\/Copia-de-Principal-So-Close-blog-3.png?fit=1200%2C677&ssl=1&resize=1050%2C600 3x"},"classes":[]},{"id":6101,"url":"https:\/\/soclose.mx\/blog\/news-feed\/el-museo-de-el-carmen-en-la-ciudad-de-mexico-reabre-al-publico\/","url_meta":{"origin":6294,"position":4},"title":"El Museo de El Carmen, en la Ciudad de M\u00e9xico reabre al p\u00fablico","author":"So Close","date":"21 mayo, 2021","format":false,"excerpt":"Este s\u00e1bado 22 de mayo reabrir\u00e1 el Museo de El Carmen, ubicado en San \u00c1ngel, en la Ciudad de M\u00e9xico, bajo estrictos protocolos sanitarios. Podr\u00e1 visitarse de mi\u00e9rcoles a viernes, de 12:00 a 14:00 horas, y s\u00e1bados y domingos, de 11:00 a 14:00 horas; lunes y martes estar\u00e1 cerrado. El\u2026","rel":"","context":"En &quot;News feed&quot;","block_context":{"text":"News feed","link":"https:\/\/soclose.mx\/blog\/category\/news-feed\/"},"img":{"alt_text":"","src":"https:\/\/i0.wp.com\/soclose.mx\/blog\/wp-content\/uploads\/2021\/05\/museodelcarmen-cdmx.jpeg?fit=1200%2C677&ssl=1&resize=350%2C200","width":350,"height":200,"srcset":"https:\/\/i0.wp.com\/soclose.mx\/blog\/wp-content\/uploads\/2021\/05\/museodelcarmen-cdmx.jpeg?fit=1200%2C677&ssl=1&resize=350%2C200 1x, https:\/\/i0.wp.com\/soclose.mx\/blog\/wp-content\/uploads\/2021\/05\/museodelcarmen-cdmx.jpeg?fit=1200%2C677&ssl=1&resize=525%2C300 1.5x, https:\/\/i0.wp.com\/soclose.mx\/blog\/wp-content\/uploads\/2021\/05\/museodelcarmen-cdmx.jpeg?fit=1200%2C677&ssl=1&resize=700%2C400 2x, https:\/\/i0.wp.com\/soclose.mx\/blog\/wp-content\/uploads\/2021\/05\/museodelcarmen-cdmx.jpeg?fit=1200%2C677&ssl=1&resize=1050%2C600 3x"},"classes":[]},{"id":7852,"url":"https:\/\/soclose.mx\/blog\/news-feed\/el-enorme-mundo-de-mafalda-llega-a-interlomas\/","url_meta":{"origin":6294,"position":5},"title":"El (enorme) mundo de Mafalda llega a Interlomas","author":"Miguel Angel Romero","date":"11 noviembre, 2021","format":false,"excerpt":"S\u00ed, tal vez Mafalda no sea mexicana, pero la sentimos tan nuestra que, es imposible que cuando se habla de ella, no recordar todo lo que nos ha ense\u00f1ado con sus enormes palabras. El personaje creado en 1964 por el humorista gr\u00e1fico e historietista argentino\u00a0Joaqu\u00edn Salvador Lavado Tej\u00f3n, Quino (1932-2020),\u2026","rel":"","context":"En &quot;News feed&quot;","block_context":{"text":"News feed","link":"https:\/\/soclose.mx\/blog\/category\/news-feed\/"},"img":{"alt_text":"","src":"https:\/\/i0.wp.com\/soclose.mx\/blog\/wp-content\/uploads\/2021\/11\/Copia-de-Principal-So-Close-blog-2-5.png?fit=1200%2C677&ssl=1&resize=350%2C200","width":350,"height":200,"srcset":"https:\/\/i0.wp.com\/soclose.mx\/blog\/wp-content\/uploads\/2021\/11\/Copia-de-Principal-So-Close-blog-2-5.png?fit=1200%2C677&ssl=1&resize=350%2C200 1x, https:\/\/i0.wp.com\/soclose.mx\/blog\/wp-content\/uploads\/2021\/11\/Copia-de-Principal-So-Close-blog-2-5.png?fit=1200%2C677&ssl=1&resize=525%2C300 1.5x, https:\/\/i0.wp.com\/soclose.mx\/blog\/wp-content\/uploads\/2021\/11\/Copia-de-Principal-So-Close-blog-2-5.png?fit=1200%2C677&ssl=1&resize=700%2C400 2x, https:\/\/i0.wp.com\/soclose.mx\/blog\/wp-content\/uploads\/2021\/11\/Copia-de-Principal-So-Close-blog-2-5.png?fit=1200%2C677&ssl=1&resize=1050%2C600 3x"},"classes":[]}],"jetpack_sharing_enabled":true,"_links":{"self":[{"href":"https:\/\/soclose.mx\/blog\/wp-json\/wp\/v2\/posts\/6294","targetHints":{"allow":["GET"]}}],"collection":[{"href":"https:\/\/soclose.mx\/blog\/wp-json\/wp\/v2\/posts"}],"about":[{"href":"https:\/\/soclose.mx\/blog\/wp-json\/wp\/v2\/types\/post"}],"author":[{"embeddable":true,"href":"https:\/\/soclose.mx\/blog\/wp-json\/wp\/v2\/users\/1"}],"replies":[{"embeddable":true,"href":"https:\/\/soclose.mx\/blog\/wp-json\/wp\/v2\/comments?post=6294"}],"version-history":[{"count":0,"href":"https:\/\/soclose.mx\/blog\/wp-json\/wp\/v2\/posts\/6294\/revisions"}],"wp:featuredmedia":[{"embeddable":true,"href":"https:\/\/soclose.mx\/blog\/wp-json\/wp\/v2\/media\/6297"}],"wp:attachment":[{"href":"https:\/\/soclose.mx\/blog\/wp-json\/wp\/v2\/media?parent=6294"}],"wp:term":[{"taxonomy":"category","embeddable":true,"href":"https:\/\/soclose.mx\/blog\/wp-json\/wp\/v2\/categories?post=6294"},{"taxonomy":"post_tag","embeddable":true,"href":"https:\/\/soclose.mx\/blog\/wp-json\/wp\/v2\/tags?post=6294"}],"curies":[{"name":"wp","href":"https:\/\/api.w.org\/{rel}","templated":true}]}}