{"id":6316,"date":"2021-06-28T20:07:08","date_gmt":"2021-06-29T01:07:08","guid":{"rendered":"https:\/\/soclose.mx\/blog\/?p=6316"},"modified":"2021-06-28T20:11:23","modified_gmt":"2021-06-29T01:11:23","slug":"quien-es-el-mexicano-ramiro-gonzalez-que-va-a-harvard","status":"publish","type":"post","link":"https:\/\/soclose.mx\/blog\/ay-goeeee\/quien-es-el-mexicano-ramiro-gonzalez-que-va-a-harvard\/","title":{"rendered":"\u00bfQui\u00e9n es el mexicano Ramiro Gonz\u00e1lez que va a Harvard?"},"content":{"rendered":"<p>Hijo de un campesino y una ama de casa, el <strong>joven zapoteca<\/strong> <strong>Ramiro Gonz\u00e1lez<\/strong> Cruz naci\u00f3 el 14 de octubre de 1997.<\/p>\n<p>Cuando ten\u00eda 16 a\u00f1os se fue a la capital de <strong>Oaxaca<\/strong> para estudiar la secundaria, luego termin\u00f3 la preparatoria como T\u00e9cnico Superior Universitario en Desarrollo de Negocios en \u00c1rea de Mercadotecnia en la Universidad Tecnol\u00f3gica de los <strong><span class=\"Enhancement\"><span class=\"Enhancement-item\">Valles Centrales de Oaxaca<\/span><\/span><\/strong>\u00a0 y ah\u00ed mismo concluy\u00f3 la licenciatura en Innovaci\u00f3n en Negocios y Mercadotecnia.<\/p>\n<p>Ahora es parte de una beca que le otorg\u00f3 la <strong>Universidad de Harvard<\/strong> de<\/p>\n<p><img data-recalc-dims=\"1\" fetchpriority=\"high\" decoding=\"async\" class=\"wp-image-6323 alignleft\" src=\"https:\/\/i0.wp.com\/soclose.mx\/blog\/wp-content\/uploads\/2021\/06\/ramiro-en-google.png?resize=337%2C230&#038;ssl=1\" alt=\"\" width=\"337\" height=\"230\" srcset=\"https:\/\/i0.wp.com\/soclose.mx\/blog\/wp-content\/uploads\/2021\/06\/ramiro-en-google.png?w=600&amp;ssl=1 600w, https:\/\/i0.wp.com\/soclose.mx\/blog\/wp-content\/uploads\/2021\/06\/ramiro-en-google.png?resize=300%2C205&amp;ssl=1 300w, https:\/\/i0.wp.com\/soclose.mx\/blog\/wp-content\/uploads\/2021\/06\/ramiro-en-google.png?resize=16%2C12&amp;ssl=1 16w\" sizes=\"(max-width: 337px) 100vw, 337px\" \/><\/p>\n<p>Estados Unidos, a trav\u00e9s del Programa <strong>Encrucijada de L\u00edderes Emergentes 2021.<\/strong><\/p>\n<p>Ramiro es el primer profesionista de la comunidad ind\u00edgena <strong>San Isidro El Costoche,<\/strong> parte del municipio de <strong>San Francisco Logueche<\/strong>, en la <strong>Sierra Sur de Oaxaca.<\/strong><\/p>\n","protected":false},"excerpt":{"rendered":"<p>Hijo de un campesino y una ama de casa, el joven zapoteca Ramiro Gonz\u00e1lez Cruz naci\u00f3 el 14 de octubre de 1997. Cuando ten\u00eda 16 a\u00f1os se fue a la capital de Oaxaca para estudiar la secundaria, luego termin\u00f3 la preparatoria como T\u00e9cnico Superior Universitario en Desarrollo de Negocios en \u00c1rea de Mercadotecnia en la Universidad Tecnol\u00f3gica de los Valles Centrales de Oaxaca\u00a0 y ah\u00ed mismo concluy\u00f3 la licenciatura en Innovaci\u00f3n en Negocios y Mercadotecnia. Ahora es parte de una beca que le otorg\u00f3 la Universidad de Harvard de Estados Unidos, a trav\u00e9s del Programa Encrucijada de L\u00edderes Emergentes 2021.<\/p>\n","protected":false},"author":1,"featured_media":6325,"comment_status":"open","ping_status":"open","sticky":false,"template":"","format":"standard","meta":{"_jetpack_memberships_contains_paid_content":false,"footnotes":""},"categories":[1],"tags":[808,194,1025],"class_list":["post-6316","post","type-post","status-publish","format-standard","has-post-thumbnail","hentry","category-ay-goeeee","tag-harvard","tag-oaxaca","tag-ramiro-gonzalez"],"yoast_head":"<!-- This site is optimized with the Yoast SEO plugin v26.7 - https:\/\/yoast.com\/wordpress\/plugins\/seo\/ -->\n<title>\u00bfQui\u00e9n es el mexicano Ramiro Gonz\u00e1lez que va a Harvard? - So Close<\/title>\n<meta name=\"description\" content=\"Termin\u00f3 la preparatoria como T\u00e9cnico Superior Universitario en Desarrollo de Negocios en \u00c1rea de Mercadotecnia.\" \/>\n<meta name=\"robots\" content=\"index, follow, max-snippet:-1, max-image-preview:large, max-video-preview:-1\" \/>\n<link rel=\"canonical\" href=\"https:\/\/soclose.mx\/blog\/ay-goeeee\/quien-es-el-mexicano-ramiro-gonzalez-que-va-a-harvard\/\" \/>\n<meta property=\"og:locale\" content=\"es_MX\" \/>\n<meta property=\"og:type\" content=\"article\" \/>\n<meta property=\"og:title\" content=\"\u00bfQui\u00e9n es el mexicano Ramiro Gonz\u00e1lez que va a Harvard? - So Close\" \/>\n<meta property=\"og:description\" content=\"Termin\u00f3 la preparatoria como T\u00e9cnico Superior Universitario en Desarrollo de Negocios en \u00c1rea de Mercadotecnia.\" \/>\n<meta property=\"og:url\" content=\"https:\/\/soclose.mx\/blog\/ay-goeeee\/quien-es-el-mexicano-ramiro-gonzalez-que-va-a-harvard\/\" \/>\n<meta property=\"og:site_name\" content=\"So Close\" \/>\n<meta property=\"article:published_time\" content=\"2021-06-29T01:07:08+00:00\" \/>\n<meta property=\"article:modified_time\" content=\"2021-06-29T01:11:23+00:00\" \/>\n<meta property=\"og:image\" content=\"https:\/\/soclose.mx\/blog\/wp-content\/uploads\/2021\/06\/ramiro-gonzalez-harvard.jpeg\" \/>\n\t<meta property=\"og:image:width\" content=\"1240\" \/>\n\t<meta property=\"og:image:height\" content=\"700\" \/>\n\t<meta property=\"og:image:type\" content=\"image\/jpeg\" \/>\n<meta name=\"author\" content=\"So Close\" \/>\n<meta name=\"twitter:card\" content=\"summary_large_image\" \/>\n<meta name=\"twitter:label1\" content=\"Escrito por\" \/>\n\t<meta name=\"twitter:data1\" content=\"So Close\" \/>\n\t<meta name=\"twitter:label2\" content=\"Tiempo de lectura\" \/>\n\t<meta name=\"twitter:data2\" content=\"1 minuto\" \/>\n<script type=\"application\/ld+json\" class=\"yoast-schema-graph\">{\"@context\":\"https:\/\/schema.org\",\"@graph\":[{\"@type\":\"Article\",\"@id\":\"https:\/\/soclose.mx\/blog\/ay-goeeee\/quien-es-el-mexicano-ramiro-gonzalez-que-va-a-harvard\/#article\",\"isPartOf\":{\"@id\":\"https:\/\/soclose.mx\/blog\/ay-goeeee\/quien-es-el-mexicano-ramiro-gonzalez-que-va-a-harvard\/\"},\"author\":{\"name\":\"So Close\",\"@id\":\"https:\/\/soclose.mx\/blog\/#\/schema\/person\/723eb117ab965b55c3e56b5d29751667\"},\"headline\":\"\u00bfQui\u00e9n es el mexicano Ramiro Gonz\u00e1lez que va a Harvard?\",\"datePublished\":\"2021-06-29T01:07:08+00:00\",\"dateModified\":\"2021-06-29T01:11:23+00:00\",\"mainEntityOfPage\":{\"@id\":\"https:\/\/soclose.mx\/blog\/ay-goeeee\/quien-es-el-mexicano-ramiro-gonzalez-que-va-a-harvard\/\"},\"wordCount\":143,\"commentCount\":0,\"publisher\":{\"@id\":\"https:\/\/soclose.mx\/blog\/#organization\"},\"image\":{\"@id\":\"https:\/\/soclose.mx\/blog\/ay-goeeee\/quien-es-el-mexicano-ramiro-gonzalez-que-va-a-harvard\/#primaryimage\"},\"thumbnailUrl\":\"https:\/\/i0.wp.com\/soclose.mx\/blog\/wp-content\/uploads\/2021\/06\/ramiro-gonzalez-harvard.jpeg?fit=1240%2C700&ssl=1\",\"keywords\":[\"harvard\",\"oaxaca\",\"ramiro gonz\u00e1lez\"],\"articleSection\":[\"\u00a1Ay goeeee!\"],\"inLanguage\":\"es\",\"potentialAction\":[{\"@type\":\"CommentAction\",\"name\":\"Comment\",\"target\":[\"https:\/\/soclose.mx\/blog\/ay-goeeee\/quien-es-el-mexicano-ramiro-gonzalez-que-va-a-harvard\/#respond\"]}]},{\"@type\":\"WebPage\",\"@id\":\"https:\/\/soclose.mx\/blog\/ay-goeeee\/quien-es-el-mexicano-ramiro-gonzalez-que-va-a-harvard\/\",\"url\":\"https:\/\/soclose.mx\/blog\/ay-goeeee\/quien-es-el-mexicano-ramiro-gonzalez-que-va-a-harvard\/\",\"name\":\"\u00bfQui\u00e9n es el mexicano Ramiro Gonz\u00e1lez que va a Harvard? - So Close\",\"isPartOf\":{\"@id\":\"https:\/\/soclose.mx\/blog\/#website\"},\"primaryImageOfPage\":{\"@id\":\"https:\/\/soclose.mx\/blog\/ay-goeeee\/quien-es-el-mexicano-ramiro-gonzalez-que-va-a-harvard\/#primaryimage\"},\"image\":{\"@id\":\"https:\/\/soclose.mx\/blog\/ay-goeeee\/quien-es-el-mexicano-ramiro-gonzalez-que-va-a-harvard\/#primaryimage\"},\"thumbnailUrl\":\"https:\/\/i0.wp.com\/soclose.mx\/blog\/wp-content\/uploads\/2021\/06\/ramiro-gonzalez-harvard.jpeg?fit=1240%2C700&ssl=1\",\"datePublished\":\"2021-06-29T01:07:08+00:00\",\"dateModified\":\"2021-06-29T01:11:23+00:00\",\"description\":\"Termin\u00f3 la preparatoria como T\u00e9cnico Superior Universitario en Desarrollo de Negocios en \u00c1rea de Mercadotecnia.\",\"breadcrumb\":{\"@id\":\"https:\/\/soclose.mx\/blog\/ay-goeeee\/quien-es-el-mexicano-ramiro-gonzalez-que-va-a-harvard\/#breadcrumb\"},\"inLanguage\":\"es\",\"potentialAction\":[{\"@type\":\"ReadAction\",\"target\":[\"https:\/\/soclose.mx\/blog\/ay-goeeee\/quien-es-el-mexicano-ramiro-gonzalez-que-va-a-harvard\/\"]}]},{\"@type\":\"ImageObject\",\"inLanguage\":\"es\",\"@id\":\"https:\/\/soclose.mx\/blog\/ay-goeeee\/quien-es-el-mexicano-ramiro-gonzalez-que-va-a-harvard\/#primaryimage\",\"url\":\"https:\/\/i0.wp.com\/soclose.mx\/blog\/wp-content\/uploads\/2021\/06\/ramiro-gonzalez-harvard.jpeg?fit=1240%2C700&ssl=1\",\"contentUrl\":\"https:\/\/i0.wp.com\/soclose.mx\/blog\/wp-content\/uploads\/2021\/06\/ramiro-gonzalez-harvard.jpeg?fit=1240%2C700&ssl=1\",\"width\":1240,\"height\":700},{\"@type\":\"BreadcrumbList\",\"@id\":\"https:\/\/soclose.mx\/blog\/ay-goeeee\/quien-es-el-mexicano-ramiro-gonzalez-que-va-a-harvard\/#breadcrumb\",\"itemListElement\":[{\"@type\":\"ListItem\",\"position\":1,\"name\":\"Inicio\",\"item\":\"https:\/\/soclose.mx\/blog\/\"},{\"@type\":\"ListItem\",\"position\":2,\"name\":\"\u00bfQui\u00e9n es el mexicano Ramiro Gonz\u00e1lez que va a Harvard?\"}]},{\"@type\":\"WebSite\",\"@id\":\"https:\/\/soclose.mx\/blog\/#website\",\"url\":\"https:\/\/soclose.mx\/blog\/\",\"name\":\"So Close\",\"description\":\"Hacemos contenidos de M\u00e9xico\",\"publisher\":{\"@id\":\"https:\/\/soclose.mx\/blog\/#organization\"},\"potentialAction\":[{\"@type\":\"SearchAction\",\"target\":{\"@type\":\"EntryPoint\",\"urlTemplate\":\"https:\/\/soclose.mx\/blog\/?s={search_term_string}\"},\"query-input\":{\"@type\":\"PropertyValueSpecification\",\"valueRequired\":true,\"valueName\":\"search_term_string\"}}],\"inLanguage\":\"es\"},{\"@type\":\"Organization\",\"@id\":\"https:\/\/soclose.mx\/blog\/#organization\",\"name\":\"So Close\",\"url\":\"https:\/\/soclose.mx\/blog\/\",\"logo\":{\"@type\":\"ImageObject\",\"inLanguage\":\"es\",\"@id\":\"https:\/\/soclose.mx\/blog\/#\/schema\/logo\/image\/\",\"url\":\"https:\/\/i0.wp.com\/soclose.mx\/blog\/wp-content\/uploads\/2020\/12\/LOGO_SOCLOSE_COLOR-e1608310133507.png?fit=2858%2C1264&ssl=1\",\"contentUrl\":\"https:\/\/i0.wp.com\/soclose.mx\/blog\/wp-content\/uploads\/2020\/12\/LOGO_SOCLOSE_COLOR-e1608310133507.png?fit=2858%2C1264&ssl=1\",\"width\":2858,\"height\":1264,\"caption\":\"So Close\"},\"image\":{\"@id\":\"https:\/\/soclose.mx\/blog\/#\/schema\/logo\/image\/\"}},{\"@type\":\"Person\",\"@id\":\"https:\/\/soclose.mx\/blog\/#\/schema\/person\/723eb117ab965b55c3e56b5d29751667\",\"name\":\"So Close\",\"image\":{\"@type\":\"ImageObject\",\"inLanguage\":\"es\",\"@id\":\"https:\/\/soclose.mx\/blog\/#\/schema\/person\/image\/\",\"url\":\"https:\/\/secure.gravatar.com\/avatar\/5a1d1d694eaf6d2c28f450f0984cbb34821b92dc49c1d088c0250fbc6a48efec?s=96&d=mm&r=g\",\"contentUrl\":\"https:\/\/secure.gravatar.com\/avatar\/5a1d1d694eaf6d2c28f450f0984cbb34821b92dc49c1d088c0250fbc6a48efec?s=96&d=mm&r=g\",\"caption\":\"So Close\"},\"sameAs\":[\"http:\/\/www.soclose.mx\",\"https:\/\/www.youtube.com\/@soclosemx\"],\"url\":\"https:\/\/soclose.mx\/blog\/author\/admin\/\"}]}<\/script>\n<!-- \/ Yoast SEO plugin. -->","yoast_head_json":{"title":"\u00bfQui\u00e9n es el mexicano Ramiro Gonz\u00e1lez que va a Harvard? - So Close","description":"Termin\u00f3 la preparatoria como T\u00e9cnico Superior Universitario en Desarrollo de Negocios en \u00c1rea de Mercadotecnia.","robots":{"index":"index","follow":"follow","max-snippet":"max-snippet:-1","max-image-preview":"max-image-preview:large","max-video-preview":"max-video-preview:-1"},"canonical":"https:\/\/soclose.mx\/blog\/ay-goeeee\/quien-es-el-mexicano-ramiro-gonzalez-que-va-a-harvard\/","og_locale":"es_MX","og_type":"article","og_title":"\u00bfQui\u00e9n es el mexicano Ramiro Gonz\u00e1lez que va a Harvard? - So Close","og_description":"Termin\u00f3 la preparatoria como T\u00e9cnico Superior Universitario en Desarrollo de Negocios en \u00c1rea de Mercadotecnia.","og_url":"https:\/\/soclose.mx\/blog\/ay-goeeee\/quien-es-el-mexicano-ramiro-gonzalez-que-va-a-harvard\/","og_site_name":"So Close","article_published_time":"2021-06-29T01:07:08+00:00","article_modified_time":"2021-06-29T01:11:23+00:00","og_image":[{"width":1240,"height":700,"url":"https:\/\/soclose.mx\/blog\/wp-content\/uploads\/2021\/06\/ramiro-gonzalez-harvard.jpeg","type":"image\/jpeg"}],"author":"So Close","twitter_card":"summary_large_image","twitter_misc":{"Escrito por":"So Close","Tiempo de lectura":"1 minuto"},"schema":{"@context":"https:\/\/schema.org","@graph":[{"@type":"Article","@id":"https:\/\/soclose.mx\/blog\/ay-goeeee\/quien-es-el-mexicano-ramiro-gonzalez-que-va-a-harvard\/#article","isPartOf":{"@id":"https:\/\/soclose.mx\/blog\/ay-goeeee\/quien-es-el-mexicano-ramiro-gonzalez-que-va-a-harvard\/"},"author":{"name":"So Close","@id":"https:\/\/soclose.mx\/blog\/#\/schema\/person\/723eb117ab965b55c3e56b5d29751667"},"headline":"\u00bfQui\u00e9n es el mexicano Ramiro Gonz\u00e1lez que va a Harvard?","datePublished":"2021-06-29T01:07:08+00:00","dateModified":"2021-06-29T01:11:23+00:00","mainEntityOfPage":{"@id":"https:\/\/soclose.mx\/blog\/ay-goeeee\/quien-es-el-mexicano-ramiro-gonzalez-que-va-a-harvard\/"},"wordCount":143,"commentCount":0,"publisher":{"@id":"https:\/\/soclose.mx\/blog\/#organization"},"image":{"@id":"https:\/\/soclose.mx\/blog\/ay-goeeee\/quien-es-el-mexicano-ramiro-gonzalez-que-va-a-harvard\/#primaryimage"},"thumbnailUrl":"https:\/\/i0.wp.com\/soclose.mx\/blog\/wp-content\/uploads\/2021\/06\/ramiro-gonzalez-harvard.jpeg?fit=1240%2C700&ssl=1","keywords":["harvard","oaxaca","ramiro gonz\u00e1lez"],"articleSection":["\u00a1Ay goeeee!"],"inLanguage":"es","potentialAction":[{"@type":"CommentAction","name":"Comment","target":["https:\/\/soclose.mx\/blog\/ay-goeeee\/quien-es-el-mexicano-ramiro-gonzalez-que-va-a-harvard\/#respond"]}]},{"@type":"WebPage","@id":"https:\/\/soclose.mx\/blog\/ay-goeeee\/quien-es-el-mexicano-ramiro-gonzalez-que-va-a-harvard\/","url":"https:\/\/soclose.mx\/blog\/ay-goeeee\/quien-es-el-mexicano-ramiro-gonzalez-que-va-a-harvard\/","name":"\u00bfQui\u00e9n es el mexicano Ramiro Gonz\u00e1lez que va a Harvard? - So Close","isPartOf":{"@id":"https:\/\/soclose.mx\/blog\/#website"},"primaryImageOfPage":{"@id":"https:\/\/soclose.mx\/blog\/ay-goeeee\/quien-es-el-mexicano-ramiro-gonzalez-que-va-a-harvard\/#primaryimage"},"image":{"@id":"https:\/\/soclose.mx\/blog\/ay-goeeee\/quien-es-el-mexicano-ramiro-gonzalez-que-va-a-harvard\/#primaryimage"},"thumbnailUrl":"https:\/\/i0.wp.com\/soclose.mx\/blog\/wp-content\/uploads\/2021\/06\/ramiro-gonzalez-harvard.jpeg?fit=1240%2C700&ssl=1","datePublished":"2021-06-29T01:07:08+00:00","dateModified":"2021-06-29T01:11:23+00:00","description":"Termin\u00f3 la preparatoria como T\u00e9cnico Superior Universitario en Desarrollo de Negocios en \u00c1rea de Mercadotecnia.","breadcrumb":{"@id":"https:\/\/soclose.mx\/blog\/ay-goeeee\/quien-es-el-mexicano-ramiro-gonzalez-que-va-a-harvard\/#breadcrumb"},"inLanguage":"es","potentialAction":[{"@type":"ReadAction","target":["https:\/\/soclose.mx\/blog\/ay-goeeee\/quien-es-el-mexicano-ramiro-gonzalez-que-va-a-harvard\/"]}]},{"@type":"ImageObject","inLanguage":"es","@id":"https:\/\/soclose.mx\/blog\/ay-goeeee\/quien-es-el-mexicano-ramiro-gonzalez-que-va-a-harvard\/#primaryimage","url":"https:\/\/i0.wp.com\/soclose.mx\/blog\/wp-content\/uploads\/2021\/06\/ramiro-gonzalez-harvard.jpeg?fit=1240%2C700&ssl=1","contentUrl":"https:\/\/i0.wp.com\/soclose.mx\/blog\/wp-content\/uploads\/2021\/06\/ramiro-gonzalez-harvard.jpeg?fit=1240%2C700&ssl=1","width":1240,"height":700},{"@type":"BreadcrumbList","@id":"https:\/\/soclose.mx\/blog\/ay-goeeee\/quien-es-el-mexicano-ramiro-gonzalez-que-va-a-harvard\/#breadcrumb","itemListElement":[{"@type":"ListItem","position":1,"name":"Inicio","item":"https:\/\/soclose.mx\/blog\/"},{"@type":"ListItem","position":2,"name":"\u00bfQui\u00e9n es el mexicano Ramiro Gonz\u00e1lez que va a Harvard?"}]},{"@type":"WebSite","@id":"https:\/\/soclose.mx\/blog\/#website","url":"https:\/\/soclose.mx\/blog\/","name":"So Close","description":"Hacemos contenidos de M\u00e9xico","publisher":{"@id":"https:\/\/soclose.mx\/blog\/#organization"},"potentialAction":[{"@type":"SearchAction","target":{"@type":"EntryPoint","urlTemplate":"https:\/\/soclose.mx\/blog\/?s={search_term_string}"},"query-input":{"@type":"PropertyValueSpecification","valueRequired":true,"valueName":"search_term_string"}}],"inLanguage":"es"},{"@type":"Organization","@id":"https:\/\/soclose.mx\/blog\/#organization","name":"So Close","url":"https:\/\/soclose.mx\/blog\/","logo":{"@type":"ImageObject","inLanguage":"es","@id":"https:\/\/soclose.mx\/blog\/#\/schema\/logo\/image\/","url":"https:\/\/i0.wp.com\/soclose.mx\/blog\/wp-content\/uploads\/2020\/12\/LOGO_SOCLOSE_COLOR-e1608310133507.png?fit=2858%2C1264&ssl=1","contentUrl":"https:\/\/i0.wp.com\/soclose.mx\/blog\/wp-content\/uploads\/2020\/12\/LOGO_SOCLOSE_COLOR-e1608310133507.png?fit=2858%2C1264&ssl=1","width":2858,"height":1264,"caption":"So Close"},"image":{"@id":"https:\/\/soclose.mx\/blog\/#\/schema\/logo\/image\/"}},{"@type":"Person","@id":"https:\/\/soclose.mx\/blog\/#\/schema\/person\/723eb117ab965b55c3e56b5d29751667","name":"So Close","image":{"@type":"ImageObject","inLanguage":"es","@id":"https:\/\/soclose.mx\/blog\/#\/schema\/person\/image\/","url":"https:\/\/secure.gravatar.com\/avatar\/5a1d1d694eaf6d2c28f450f0984cbb34821b92dc49c1d088c0250fbc6a48efec?s=96&d=mm&r=g","contentUrl":"https:\/\/secure.gravatar.com\/avatar\/5a1d1d694eaf6d2c28f450f0984cbb34821b92dc49c1d088c0250fbc6a48efec?s=96&d=mm&r=g","caption":"So Close"},"sameAs":["http:\/\/www.soclose.mx","https:\/\/www.youtube.com\/@soclosemx"],"url":"https:\/\/soclose.mx\/blog\/author\/admin\/"}]}},"jetpack_featured_media_url":"https:\/\/i0.wp.com\/soclose.mx\/blog\/wp-content\/uploads\/2021\/06\/ramiro-gonzalez-harvard.jpeg?fit=1240%2C700&ssl=1","jetpack-related-posts":[{"id":3712,"url":"https:\/\/soclose.mx\/blog\/lugares\/que-es-un-pueblo-magico-en-mexico\/","url_meta":{"origin":6316,"position":0},"title":"Esto es un pueblo m\u00e1gico y la lista completa de M\u00e9xico","author":"So Close","date":"17 marzo, 2021","format":false,"excerpt":"En M\u00e9xico la variedad de lugares y diversos territorios han hecho que se les distinga debido a ciertas caracter\u00edsticas que hace de algunos, espacios que van m\u00e1s all\u00e1 del placer f\u00edsico, son los pueblos m\u00e1gicos. Un Pueblo M\u00e1gico es una localidad que tiene atributos \u00fanicos, simb\u00f3licos, historias aut\u00e9nticas, hechos trascendentes,\u2026","rel":"","context":"En &quot;Lugares&quot;","block_context":{"text":"Lugares","link":"https:\/\/soclose.mx\/blog\/category\/lugares\/"},"img":{"alt_text":"","src":"https:\/\/i0.wp.com\/soclose.mx\/blog\/wp-content\/uploads\/2021\/03\/aculco-estado-mexico.jpeg?fit=1200%2C677&ssl=1&resize=350%2C200","width":350,"height":200,"srcset":"https:\/\/i0.wp.com\/soclose.mx\/blog\/wp-content\/uploads\/2021\/03\/aculco-estado-mexico.jpeg?fit=1200%2C677&ssl=1&resize=350%2C200 1x, https:\/\/i0.wp.com\/soclose.mx\/blog\/wp-content\/uploads\/2021\/03\/aculco-estado-mexico.jpeg?fit=1200%2C677&ssl=1&resize=525%2C300 1.5x, https:\/\/i0.wp.com\/soclose.mx\/blog\/wp-content\/uploads\/2021\/03\/aculco-estado-mexico.jpeg?fit=1200%2C677&ssl=1&resize=700%2C400 2x, https:\/\/i0.wp.com\/soclose.mx\/blog\/wp-content\/uploads\/2021\/03\/aculco-estado-mexico.jpeg?fit=1200%2C677&ssl=1&resize=1050%2C600 3x"},"classes":[]},{"id":14788,"url":"https:\/\/soclose.mx\/blog\/news-feed\/nueva-enes-de-la-unam-donde-estara-y-que-carreras-tendra\/","url_meta":{"origin":6316,"position":1},"title":"Nueva ENES de la UNAM: \u00bfd\u00f3nde estar\u00e1 y qu\u00e9 carreras tendr\u00e1?","author":"So Close","date":"14 abril, 2025","format":false,"excerpt":"La Universidad Nacional Aut\u00f3noma de M\u00e9xico (UNAM) ha anunciado la creaci\u00f3n de una nueva Escuela Nacional de Estudios Superiores (ENES) en el estado de Oaxaca, con el objetivo de fortalecer la educaci\u00f3n superior en la regi\u00f3n sur-sureste del pa\u00eds. La Nueva ENES de la UNAM forma parte del Plan de\u2026","rel":"","context":"En &quot;News feed&quot;","block_context":{"text":"News feed","link":"https:\/\/soclose.mx\/blog\/category\/news-feed\/"},"img":{"alt_text":"ENES de la UNAM en Oaxaca","src":"https:\/\/i0.wp.com\/soclose.mx\/blog\/wp-content\/uploads\/2025\/04\/ENES-de-la-UNAM-en-Oaxaca.jpg?fit=1200%2C675&ssl=1&resize=350%2C200","width":350,"height":200,"srcset":"https:\/\/i0.wp.com\/soclose.mx\/blog\/wp-content\/uploads\/2025\/04\/ENES-de-la-UNAM-en-Oaxaca.jpg?fit=1200%2C675&ssl=1&resize=350%2C200 1x, https:\/\/i0.wp.com\/soclose.mx\/blog\/wp-content\/uploads\/2025\/04\/ENES-de-la-UNAM-en-Oaxaca.jpg?fit=1200%2C675&ssl=1&resize=525%2C300 1.5x, https:\/\/i0.wp.com\/soclose.mx\/blog\/wp-content\/uploads\/2025\/04\/ENES-de-la-UNAM-en-Oaxaca.jpg?fit=1200%2C675&ssl=1&resize=700%2C400 2x, https:\/\/i0.wp.com\/soclose.mx\/blog\/wp-content\/uploads\/2025\/04\/ENES-de-la-UNAM-en-Oaxaca.jpg?fit=1200%2C675&ssl=1&resize=1050%2C600 3x"},"classes":[]},{"id":5961,"url":"https:\/\/soclose.mx\/blog\/ay-goeeee\/quien-es-elizabeth-la-mexicana-becada-por-harvard\/","url_meta":{"origin":6316,"position":2},"title":"\u00bfQui\u00e9n es Elizabeth, la mexicana becada por Harvard?","author":"So Close","date":"20 abril, 2021","format":false,"excerpt":"Por Manolo RoCa Tener una mejor forma de vivir, un presente y un futuro que te impulsen d\u00eda con d\u00eda a sonre\u00edrle a la vida, s\u00ed es posible; un ejemplo de ello es lo que la joven mexicana, Elizabeth Esteban, de origen pur\u00e9pecha, logr\u00f3 al\u00a0obtener una beca completa para estudiar\u2026","rel":"","context":"En &quot;\u00a1Ay goeeee!&quot;","block_context":{"text":"\u00a1Ay goeeee!","link":"https:\/\/soclose.mx\/blog\/category\/ay-goeeee\/"},"img":{"alt_text":"","src":"https:\/\/i0.wp.com\/soclose.mx\/blog\/wp-content\/uploads\/2021\/04\/elizabeth-harvard.jpeg?fit=1200%2C677&ssl=1&resize=350%2C200","width":350,"height":200,"srcset":"https:\/\/i0.wp.com\/soclose.mx\/blog\/wp-content\/uploads\/2021\/04\/elizabeth-harvard.jpeg?fit=1200%2C677&ssl=1&resize=350%2C200 1x, https:\/\/i0.wp.com\/soclose.mx\/blog\/wp-content\/uploads\/2021\/04\/elizabeth-harvard.jpeg?fit=1200%2C677&ssl=1&resize=525%2C300 1.5x, https:\/\/i0.wp.com\/soclose.mx\/blog\/wp-content\/uploads\/2021\/04\/elizabeth-harvard.jpeg?fit=1200%2C677&ssl=1&resize=700%2C400 2x, https:\/\/i0.wp.com\/soclose.mx\/blog\/wp-content\/uploads\/2021\/04\/elizabeth-harvard.jpeg?fit=1200%2C677&ssl=1&resize=1050%2C600 3x"},"classes":[]},{"id":9862,"url":"https:\/\/soclose.mx\/blog\/news-feed\/gracias-a-cold-play-mexicano-estudiara-en-harvard\/","url_meta":{"origin":6316,"position":3},"title":"Gracias a Cold Play, mexicano estudiar\u00e1 en Harvard","author":"Daniel Ram\u00edrez","date":"14 mayo, 2022","format":false,"excerpt":"\u00bfCambiar\u00edas el sue\u00f1o de ver a tu banda favorita por estudiar en el extranjero? Un joven del s\u00e9ptimo semestre de medicina en la Universidad Aut\u00f3noma del Estado de M\u00e9xico ni lo pens\u00f3. Alejandro Miranda ten\u00eda cuatro boletos para asistir con su familia al concierto de Cold Play, la banda brit\u00e1nica\u2026","rel":"","context":"En &quot;News feed&quot;","block_context":{"text":"News feed","link":"https:\/\/soclose.mx\/blog\/category\/news-feed\/"},"img":{"alt_text":"","src":"https:\/\/i0.wp.com\/soclose.mx\/blog\/wp-content\/uploads\/2022\/05\/pexels-wendy-wei-1190297-scaled.jpg?fit=1200%2C800&ssl=1&resize=350%2C200","width":350,"height":200,"srcset":"https:\/\/i0.wp.com\/soclose.mx\/blog\/wp-content\/uploads\/2022\/05\/pexels-wendy-wei-1190297-scaled.jpg?fit=1200%2C800&ssl=1&resize=350%2C200 1x, https:\/\/i0.wp.com\/soclose.mx\/blog\/wp-content\/uploads\/2022\/05\/pexels-wendy-wei-1190297-scaled.jpg?fit=1200%2C800&ssl=1&resize=525%2C300 1.5x, https:\/\/i0.wp.com\/soclose.mx\/blog\/wp-content\/uploads\/2022\/05\/pexels-wendy-wei-1190297-scaled.jpg?fit=1200%2C800&ssl=1&resize=700%2C400 2x, https:\/\/i0.wp.com\/soclose.mx\/blog\/wp-content\/uploads\/2022\/05\/pexels-wendy-wei-1190297-scaled.jpg?fit=1200%2C800&ssl=1&resize=1050%2C600 3x"},"classes":[]},{"id":9473,"url":"https:\/\/soclose.mx\/blog\/ay-goeeee\/que-es-y-cuando-se-celebra-el-viernes-de-samaritana-en-oaxaca\/","url_meta":{"origin":6316,"position":4},"title":"\u00bfQu\u00e9 es y cu\u00e1ndo se celebra el Viernes de Samaritana en Oaxaca?","author":"Miguel Angel Romero","date":"24 marzo, 2022","format":false,"excerpt":"M\u00e9xico\u00a0est\u00e1 lleno de costumbres y\u00a0tradiciones y cuando hablamos de\u00a0Oaxaca,\u00a0no es la excepci\u00f3n;\u00a0en el estado existen algunas\u00a0fechas bastante especiales, como el Viernes de Samaritana. Esta celebraci\u00f3n se basa en un pasaje muy famoso del Evangelio de San Juan,\u00a0 el encuentro entre Jes\u00fas\u00a0con una mujer que,\u00a0al verlo, le ofreci\u00f3\u00a0agua, justo junto al\u2026","rel":"","context":"En &quot;\u00a1Ay goeeee!&quot;","block_context":{"text":"\u00a1Ay goeeee!","link":"https:\/\/soclose.mx\/blog\/category\/ay-goeeee\/"},"img":{"alt_text":"","src":"https:\/\/i0.wp.com\/soclose.mx\/blog\/wp-content\/uploads\/2022\/03\/Copia-de-Principal-So-Close-blog-1-17.png?fit=1200%2C677&ssl=1&resize=350%2C200","width":350,"height":200,"srcset":"https:\/\/i0.wp.com\/soclose.mx\/blog\/wp-content\/uploads\/2022\/03\/Copia-de-Principal-So-Close-blog-1-17.png?fit=1200%2C677&ssl=1&resize=350%2C200 1x, https:\/\/i0.wp.com\/soclose.mx\/blog\/wp-content\/uploads\/2022\/03\/Copia-de-Principal-So-Close-blog-1-17.png?fit=1200%2C677&ssl=1&resize=525%2C300 1.5x, https:\/\/i0.wp.com\/soclose.mx\/blog\/wp-content\/uploads\/2022\/03\/Copia-de-Principal-So-Close-blog-1-17.png?fit=1200%2C677&ssl=1&resize=700%2C400 2x, https:\/\/i0.wp.com\/soclose.mx\/blog\/wp-content\/uploads\/2022\/03\/Copia-de-Principal-So-Close-blog-1-17.png?fit=1200%2C677&ssl=1&resize=1050%2C600 3x"},"classes":[]},{"id":5580,"url":"https:\/\/soclose.mx\/blog\/lugares\/los-5-pueblos-magicos-de-oaxaca-que-debes-tener-en-tu-lista-de-viaje\/","url_meta":{"origin":6316,"position":5},"title":"Los 5 pueblos m\u00e1gicos de Oaxaca que debes tener en tu lista de viaje","author":"So Close","date":"4 enero, 2021","format":false,"excerpt":"Oaxaca es uno de los estados m\u00e1s ricos en cultura y tradiciones de todo M\u00e9xico, por ello es que si en tus planes est\u00e1 alg\u00fan d\u00eda visitarlo, esta lista de sus cinco pueblos m\u00e1gicos te ayudar\u00e1 mucho para no perder tiempo y llegar directo a lo que m\u00e1s te interese.\u2026","rel":"","context":"En &quot;Lugares&quot;","block_context":{"text":"Lugares","link":"https:\/\/soclose.mx\/blog\/category\/lugares\/"},"img":{"alt_text":"","src":"https:\/\/i0.wp.com\/soclose.mx\/blog\/wp-content\/uploads\/2021\/01\/Principal-So-Close-blog-1.jpg?fit=1200%2C677&ssl=1&resize=350%2C200","width":350,"height":200,"srcset":"https:\/\/i0.wp.com\/soclose.mx\/blog\/wp-content\/uploads\/2021\/01\/Principal-So-Close-blog-1.jpg?fit=1200%2C677&ssl=1&resize=350%2C200 1x, https:\/\/i0.wp.com\/soclose.mx\/blog\/wp-content\/uploads\/2021\/01\/Principal-So-Close-blog-1.jpg?fit=1200%2C677&ssl=1&resize=525%2C300 1.5x, https:\/\/i0.wp.com\/soclose.mx\/blog\/wp-content\/uploads\/2021\/01\/Principal-So-Close-blog-1.jpg?fit=1200%2C677&ssl=1&resize=700%2C400 2x, https:\/\/i0.wp.com\/soclose.mx\/blog\/wp-content\/uploads\/2021\/01\/Principal-So-Close-blog-1.jpg?fit=1200%2C677&ssl=1&resize=1050%2C600 3x"},"classes":[]}],"jetpack_sharing_enabled":true,"_links":{"self":[{"href":"https:\/\/soclose.mx\/blog\/wp-json\/wp\/v2\/posts\/6316","targetHints":{"allow":["GET"]}}],"collection":[{"href":"https:\/\/soclose.mx\/blog\/wp-json\/wp\/v2\/posts"}],"about":[{"href":"https:\/\/soclose.mx\/blog\/wp-json\/wp\/v2\/types\/post"}],"author":[{"embeddable":true,"href":"https:\/\/soclose.mx\/blog\/wp-json\/wp\/v2\/users\/1"}],"replies":[{"embeddable":true,"href":"https:\/\/soclose.mx\/blog\/wp-json\/wp\/v2\/comments?post=6316"}],"version-history":[{"count":0,"href":"https:\/\/soclose.mx\/blog\/wp-json\/wp\/v2\/posts\/6316\/revisions"}],"wp:featuredmedia":[{"embeddable":true,"href":"https:\/\/soclose.mx\/blog\/wp-json\/wp\/v2\/media\/6325"}],"wp:attachment":[{"href":"https:\/\/soclose.mx\/blog\/wp-json\/wp\/v2\/media?parent=6316"}],"wp:term":[{"taxonomy":"category","embeddable":true,"href":"https:\/\/soclose.mx\/blog\/wp-json\/wp\/v2\/categories?post=6316"},{"taxonomy":"post_tag","embeddable":true,"href":"https:\/\/soclose.mx\/blog\/wp-json\/wp\/v2\/tags?post=6316"}],"curies":[{"name":"wp","href":"https:\/\/api.w.org\/{rel}","templated":true}]}}